{"id":104467,"date":"2020-12-12T16:59:02","date_gmt":"2020-12-12T19:59:02","guid":{"rendered":"https:\/\/gay.blog.br\/?p=104467"},"modified":"2021-01-04T02:20:00","modified_gmt":"2021-01-04T05:20:00","slug":"portuguese-secretary-of-state-reveals-that-he-is-gay-to-help-fight-prejudice","status":"publish","type":"post","link":"https:\/\/gay.blog.br\/en\/news\/portuguese-secretary-of-state-reveals-that-he-is-gay-to-help-fight-prejudice\/","title":{"rendered":"Portuguese Secretary of State reveals that he is gay to help fight prejudice"},"content":{"rendered":"<p style=\"text-align: justify;\">The Secretary of State for the Presidency of the Council of Ministers of <a href=\"https:\/\/gay.blog.br\/drag\/valeria-vanini-a-transformista-mais-longeva-de-portugal\/\">Portugal<\/a>, <strong>Andr\u00e9 Moz Caldas<\/strong>, made a point of referring in an interview to the University of Lisbon magazine, where he is a guest assistant at the Faculty of Law, his homosexuality and the fact of being married to another man. The information is from the <a href=\"https:\/\/expresso.pt\/politica\/2020-12-12-Para-ajudar-a-combater-o-preconceito-secretario-de-Estado-torna-publico-que-e-casado-com-um-homem\">Expresso<\/a> newspaper.<\/p>\n<p style=\"text-align: justify;\"><em>&#8220;I am the first member of the government to be married to a person of the same sex and I do not make public fanfare, but I also do not feel that it is just one aspect of my personal life.&#8221;<\/em><\/p>\n<figure id=\"attachment_101322\" aria-describedby=\"caption-attachment-101322\" style=\"width: 2048px\" class=\"wp-caption alignnone\"><a href=\"http:\/\/www.instagram.com\/gayblogbr\"><img data-recalc-dims=\"1\" loading=\"lazy\" decoding=\"async\" class=\"size-full wp-image-101322\" src=\"https:\/\/i0.wp.com\/gay.blog.br\/wp-content\/uploads\/2020\/12\/caldas.jpg?resize=696%2C464&#038;ssl=1\" alt=\"\" width=\"696\" height=\"464\" srcset=\"https:\/\/i0.wp.com\/gay.blog.br\/wp-content\/uploads\/2020\/12\/caldas.jpg?w=2048&amp;ssl=1 2048w, https:\/\/i0.wp.com\/gay.blog.br\/wp-content\/uploads\/2020\/12\/caldas.jpg?resize=300%2C200&amp;ssl=1 300w, https:\/\/i0.wp.com\/gay.blog.br\/wp-content\/uploads\/2020\/12\/caldas.jpg?resize=1024%2C683&amp;ssl=1 1024w, https:\/\/i0.wp.com\/gay.blog.br\/wp-content\/uploads\/2020\/12\/caldas.jpg?resize=150%2C100&amp;ssl=1 150w, https:\/\/i0.wp.com\/gay.blog.br\/wp-content\/uploads\/2020\/12\/caldas.jpg?resize=768%2C512&amp;ssl=1 768w, https:\/\/i0.wp.com\/gay.blog.br\/wp-content\/uploads\/2020\/12\/caldas.jpg?resize=1536%2C1024&amp;ssl=1 1536w, https:\/\/i0.wp.com\/gay.blog.br\/wp-content\/uploads\/2020\/12\/caldas.jpg?resize=696%2C464&amp;ssl=1 696w, https:\/\/i0.wp.com\/gay.blog.br\/wp-content\/uploads\/2020\/12\/caldas.jpg?resize=1392%2C928&amp;ssl=1 1392w, https:\/\/i0.wp.com\/gay.blog.br\/wp-content\/uploads\/2020\/12\/caldas.jpg?resize=1068%2C712&amp;ssl=1 1068w, https:\/\/i0.wp.com\/gay.blog.br\/wp-content\/uploads\/2020\/12\/caldas.jpg?resize=1920%2C1280&amp;ssl=1 1920w, https:\/\/i0.wp.com\/gay.blog.br\/wp-content\/uploads\/2020\/12\/caldas.jpg?resize=630%2C420&amp;ssl=1 630w, https:\/\/i0.wp.com\/gay.blog.br\/wp-content\/uploads\/2020\/12\/caldas.jpg?resize=1260%2C840&amp;ssl=1 1260w\" sizes=\"auto, (max-width: 696px) 100vw, 696px\" \/><\/a><figcaption id=\"caption-attachment-101322\" class=\"wp-caption-text\">Reproduction<\/figcaption><\/figure>\n<p style=\"text-align: justify;\">And it is to help combat a prejudice that still exists &#8211; <em>&#8220;I don&#8217;t know why homophobia exists, it is a yoke from which society will be freed, but there is still some way to get there<\/em>&#8221; &#8211; which now shares its sexual orientation.<\/p>\n<p style=\"text-align: justify;\">Andr\u00e9 Moz Caldas hopes that his example can show other Portuguese young people that <em>\u201cthey are not condemned to ostracism\u201d<\/em>. <em>&#8220;If there is a young man who, by my example, can feel more free to live his sexual orientation openly, I would be very happy.&#8221;<\/em><\/p>\n<p style=\"text-align: justify;\">In the same interview, the Secretary of State admits that he never felt \u201cvictimized\u201d by his sexual orientation, but recognizes that the fact of living in a \u201cprogressive social and family context\u201d in Lisbon, made him not have had negative experiences by which other homosexuals pass. <em>\u201cWhoever belongs to a minority has to have a great deal of energy to give permanent respect to it<\/em>\u201d, he says.<\/p>\n<p style=\"text-align: justify;\">Andr\u00e9 Moz Caldas, master in law and dentistry at the University of Lisbon and former president of the parish council of Alvalade, is the second member of a Portuguese government to reveal his sexual orientation in an interview. Gra\u00e7a Fonseca &#8211; now Minister of Culture &#8211; also did so, in an interview with Di\u00e1rio de Not\u00edcias when she was Secretary of State.<\/p>\n","protected":false},"excerpt":{"rendered":"<p>&#8220;If there is a young man who, by my example, can feel more free to live his sexual orientation openly, I would be very happy&#8221;<\/p>\n","protected":false},"author":3039,"featured_media":101323,"comment_status":"open","ping_status":"open","sticky":false,"template":"","format":"standard","meta":{"googlesitekit_rrm_CAoiEBg-BXrJeACjO8p49SE4kTY:productID":"","tdm_status":"","tdm_grid_status":"","_jetpack_newsletter_access":"","_jetpack_dont_email_post_to_subs":false,"_jetpack_newsletter_tier_id":0,"_jetpack_memberships_contains_paywalled_content":false,"_jetpack_memberships_contains_paid_content":false,"footnotes":"","jetpack_publicize_message":"Portuguese Secretary of State reveals that he is gay to help fight prejudice","jetpack_publicize_feature_enabled":true,"jetpack_social_post_already_shared":true,"jetpack_social_options":{"image_generator_settings":{"template":"highway","default_image_id":0,"font":"","enabled":false},"version":2},"_wpas_customize_per_network":false,"jetpack_post_was_ever_published":false},"categories":[589932225],"tags":[589935888,589932201,589932765],"class_list":{"0":"post-104467","1":"post","2":"type-post","3":"status-publish","4":"format-standard","5":"has-post-thumbnail","7":"category-news","8":"tag-andre-moz-caldas-en","9":"tag-gay-en","10":"tag-portugal-en"},"yoast_head":"<!-- This site is optimized with the Yoast SEO plugin v27.4 - https:\/\/yoast.com\/product\/yoast-seo-wordpress\/ -->\n<title>Portuguese Secretary of State reveals that he is gay to help fight prejudice<\/title>\n<meta name=\"description\" content=\"&quot;If there is a young man who, by my example, can feel more free to live his sexual orientation openly, I would be very happy&quot;\" \/>\n<meta name=\"robots\" content=\"index, follow, max-snippet:-1, max-image-preview:large, max-video-preview:-1\" \/>\n<link rel=\"canonical\" href=\"https:\/\/gay.blog.br\/en\/news\/portuguese-secretary-of-state-reveals-that-he-is-gay-to-help-fight-prejudice\/\" \/>\n<meta property=\"og:locale\" content=\"en_US\" \/>\n<meta property=\"og:type\" content=\"article\" \/>\n<meta property=\"og:title\" content=\"Portuguese Secretary of State reveals that he is gay to help fight prejudice\" \/>\n<meta property=\"og:description\" content=\"&quot;If there is a young man who, by my example, can feel more free to live his sexual orientation openly, I would be very happy&quot;\" \/>\n<meta property=\"og:url\" content=\"https:\/\/gay.blog.br\/en\/news\/portuguese-secretary-of-state-reveals-that-he-is-gay-to-help-fight-prejudice\/\" \/>\n<meta property=\"og:site_name\" content=\"GAY BLOG BR @gayblogbr\" \/>\n<meta property=\"article:publisher\" content=\"https:\/\/facebook.com\/gayblogbr\" \/>\n<meta property=\"article:published_time\" content=\"2020-12-12T19:59:02+00:00\" \/>\n<meta property=\"article:modified_time\" content=\"2021-01-04T05:20:00+00:00\" \/>\n<meta property=\"og:image\" content=\"https:\/\/i1.wp.com\/gay.blog.br\/wp-content\/uploads\/2020\/12\/caldas.jpg?fit=2048%2C1365&ssl=1\" \/>\n\t<meta property=\"og:image:width\" content=\"2048\" \/>\n\t<meta property=\"og:image:height\" content=\"1365\" \/>\n\t<meta property=\"og:image:type\" content=\"image\/jpeg\" \/>\n<meta name=\"author\" content=\"Carlos Henrique Braga\" \/>\n<meta name=\"twitter:card\" content=\"summary_large_image\" \/>\n<meta name=\"twitter:creator\" content=\"@cahebraga\" \/>\n<meta name=\"twitter:site\" content=\"@gayblogbr\" \/>\n<meta name=\"twitter:label1\" content=\"Written by\" \/>\n\t<meta name=\"twitter:data1\" content=\"Carlos Henrique Braga\" \/>\n\t<meta name=\"twitter:label2\" content=\"Est. reading time\" \/>\n\t<meta name=\"twitter:data2\" content=\"2 minutes\" \/>\n<script type=\"application\/ld+json\" class=\"yoast-schema-graph\">{\"@context\":\"https:\\\/\\\/schema.org\",\"@graph\":[{\"@type\":\"Article\",\"@id\":\"https:\\\/\\\/gay.blog.br\\\/en\\\/news\\\/portuguese-secretary-of-state-reveals-that-he-is-gay-to-help-fight-prejudice\\\/#article\",\"isPartOf\":{\"@id\":\"https:\\\/\\\/gay.blog.br\\\/en\\\/news\\\/portuguese-secretary-of-state-reveals-that-he-is-gay-to-help-fight-prejudice\\\/\"},\"author\":{\"name\":\"Carlos Henrique Braga\",\"@id\":\"https:\\\/\\\/gay.blog.br\\\/en\\\/#\\\/schema\\\/person\\\/cd267ffff2d56e12768a81623718b979\"},\"headline\":\"Portuguese Secretary of State reveals that he is gay to help fight prejudice\",\"datePublished\":\"2020-12-12T19:59:02+00:00\",\"dateModified\":\"2021-01-04T05:20:00+00:00\",\"mainEntityOfPage\":{\"@id\":\"https:\\\/\\\/gay.blog.br\\\/en\\\/news\\\/portuguese-secretary-of-state-reveals-that-he-is-gay-to-help-fight-prejudice\\\/\"},\"wordCount\":344,\"commentCount\":0,\"publisher\":{\"@id\":\"https:\\\/\\\/gay.blog.br\\\/en\\\/#organization\"},\"image\":{\"@id\":\"https:\\\/\\\/gay.blog.br\\\/en\\\/news\\\/portuguese-secretary-of-state-reveals-that-he-is-gay-to-help-fight-prejudice\\\/#primaryimage\"},\"thumbnailUrl\":\"https:\\\/\\\/i0.wp.com\\\/gay.blog.br\\\/wp-content\\\/uploads\\\/2020\\\/12\\\/caldas.jpg?fit=2048%2C1365&ssl=1\",\"keywords\":[\"Andr\u00e9 Moz Caldas\",\"GAY\",\"Portugal\"],\"articleSection\":[\"NEWS\"],\"inLanguage\":\"en-US\",\"potentialAction\":[{\"@type\":\"CommentAction\",\"name\":\"Comment\",\"target\":[\"https:\\\/\\\/gay.blog.br\\\/en\\\/news\\\/portuguese-secretary-of-state-reveals-that-he-is-gay-to-help-fight-prejudice\\\/#respond\"]}]},{\"@type\":\"WebPage\",\"@id\":\"https:\\\/\\\/gay.blog.br\\\/en\\\/news\\\/portuguese-secretary-of-state-reveals-that-he-is-gay-to-help-fight-prejudice\\\/\",\"url\":\"https:\\\/\\\/gay.blog.br\\\/en\\\/news\\\/portuguese-secretary-of-state-reveals-that-he-is-gay-to-help-fight-prejudice\\\/\",\"name\":\"Portuguese Secretary of State reveals that he is gay to help fight prejudice\",\"isPartOf\":{\"@id\":\"https:\\\/\\\/gay.blog.br\\\/en\\\/#website\"},\"primaryImageOfPage\":{\"@id\":\"https:\\\/\\\/gay.blog.br\\\/en\\\/news\\\/portuguese-secretary-of-state-reveals-that-he-is-gay-to-help-fight-prejudice\\\/#primaryimage\"},\"image\":{\"@id\":\"https:\\\/\\\/gay.blog.br\\\/en\\\/news\\\/portuguese-secretary-of-state-reveals-that-he-is-gay-to-help-fight-prejudice\\\/#primaryimage\"},\"thumbnailUrl\":\"https:\\\/\\\/i0.wp.com\\\/gay.blog.br\\\/wp-content\\\/uploads\\\/2020\\\/12\\\/caldas.jpg?fit=2048%2C1365&ssl=1\",\"datePublished\":\"2020-12-12T19:59:02+00:00\",\"dateModified\":\"2021-01-04T05:20:00+00:00\",\"description\":\"\\\"If there is a young man who, by my example, can feel more free to live his sexual orientation openly, I would be very happy\\\"\",\"breadcrumb\":{\"@id\":\"https:\\\/\\\/gay.blog.br\\\/en\\\/news\\\/portuguese-secretary-of-state-reveals-that-he-is-gay-to-help-fight-prejudice\\\/#breadcrumb\"},\"inLanguage\":\"en-US\",\"potentialAction\":[{\"@type\":\"ReadAction\",\"target\":[\"https:\\\/\\\/gay.blog.br\\\/en\\\/news\\\/portuguese-secretary-of-state-reveals-that-he-is-gay-to-help-fight-prejudice\\\/\"]}]},{\"@type\":\"ImageObject\",\"inLanguage\":\"en-US\",\"@id\":\"https:\\\/\\\/gay.blog.br\\\/en\\\/news\\\/portuguese-secretary-of-state-reveals-that-he-is-gay-to-help-fight-prejudice\\\/#primaryimage\",\"url\":\"https:\\\/\\\/i0.wp.com\\\/gay.blog.br\\\/wp-content\\\/uploads\\\/2020\\\/12\\\/caldas.jpg?fit=2048%2C1365&ssl=1\",\"contentUrl\":\"https:\\\/\\\/i0.wp.com\\\/gay.blog.br\\\/wp-content\\\/uploads\\\/2020\\\/12\\\/caldas.jpg?fit=2048%2C1365&ssl=1\",\"width\":2048,\"height\":1365,\"caption\":\"Reprodu\u00e7\u00e3o\"},{\"@type\":\"BreadcrumbList\",\"@id\":\"https:\\\/\\\/gay.blog.br\\\/en\\\/news\\\/portuguese-secretary-of-state-reveals-that-he-is-gay-to-help-fight-prejudice\\\/#breadcrumb\",\"itemListElement\":[{\"@type\":\"ListItem\",\"position\":1,\"name\":\"In\u00edcio\",\"item\":\"https:\\\/\\\/gay.blog.br\\\/en\\\/\"},{\"@type\":\"ListItem\",\"position\":2,\"name\":\"Portuguese Secretary of State reveals that he is gay to help fight prejudice\"}]},{\"@type\":\"WebSite\",\"@id\":\"https:\\\/\\\/gay.blog.br\\\/en\\\/#website\",\"url\":\"https:\\\/\\\/gay.blog.br\\\/en\\\/\",\"name\":\"GAY BLOG BR @gayblogbr\",\"description\":\"Not\u00edcias que empoderam e\\\/ou entret\u00eam s\u00e3o especialidades da casa\",\"publisher\":{\"@id\":\"https:\\\/\\\/gay.blog.br\\\/en\\\/#organization\"},\"potentialAction\":[{\"@type\":\"SearchAction\",\"target\":{\"@type\":\"EntryPoint\",\"urlTemplate\":\"https:\\\/\\\/gay.blog.br\\\/en\\\/?s={search_term_string}\"},\"query-input\":{\"@type\":\"PropertyValueSpecification\",\"valueRequired\":true,\"valueName\":\"search_term_string\"}}],\"inLanguage\":\"en-US\"},{\"@type\":\"Organization\",\"@id\":\"https:\\\/\\\/gay.blog.br\\\/en\\\/#organization\",\"name\":\"GAY BLOG BR\",\"url\":\"https:\\\/\\\/gay.blog.br\\\/en\\\/\",\"logo\":{\"@type\":\"ImageObject\",\"inLanguage\":\"en-US\",\"@id\":\"https:\\\/\\\/gay.blog.br\\\/en\\\/#\\\/schema\\\/logo\\\/image\\\/\",\"url\":\"https:\\\/\\\/i0.wp.com\\\/gay.blog.br\\\/wp-content\\\/uploads\\\/2023\\\/08\\\/gay180px.png?fit=272%2C90&ssl=1\",\"contentUrl\":\"https:\\\/\\\/i0.wp.com\\\/gay.blog.br\\\/wp-content\\\/uploads\\\/2023\\\/08\\\/gay180px.png?fit=272%2C90&ssl=1\",\"width\":272,\"height\":90,\"caption\":\"GAY BLOG BR\"},\"image\":{\"@id\":\"https:\\\/\\\/gay.blog.br\\\/en\\\/#\\\/schema\\\/logo\\\/image\\\/\"},\"sameAs\":[\"https:\\\/\\\/facebook.com\\\/gayblogbr\",\"https:\\\/\\\/x.com\\\/gayblogbr\",\"https:\\\/\\\/instagram.com\\\/gayblogbr\",\"https:\\\/\\\/www.linkedin.com\\\/company\\\/gayblogbr\\\/\",\"https:\\\/\\\/br.pinterest.com\\\/gayblogbr\\\/\",\"https:\\\/\\\/www.youtube.com\\\/channel\\\/UCdEu3JXLOB-wvWAVUF4AIiA\",\"https:\\\/\\\/pt.wikipedia.org\\\/wiki\\\/Gay_Blog_Br\",\"https:\\\/\\\/www.threads.net\\\/@gayblogbr\"]},{\"@type\":\"Person\",\"@id\":\"https:\\\/\\\/gay.blog.br\\\/en\\\/#\\\/schema\\\/person\\\/cd267ffff2d56e12768a81623718b979\",\"name\":\"Carlos Henrique Braga\",\"image\":{\"@type\":\"ImageObject\",\"inLanguage\":\"en-US\",\"@id\":\"https:\\\/\\\/secure.gravatar.com\\\/avatar\\\/5b3e587a2c2062bba657f0e46352c11e0f9fd644f822214af015b5e192d0f016?s=96&d=mm&r=g\",\"url\":\"https:\\\/\\\/secure.gravatar.com\\\/avatar\\\/5b3e587a2c2062bba657f0e46352c11e0f9fd644f822214af015b5e192d0f016?s=96&d=mm&r=g\",\"contentUrl\":\"https:\\\/\\\/secure.gravatar.com\\\/avatar\\\/5b3e587a2c2062bba657f0e46352c11e0f9fd644f822214af015b5e192d0f016?s=96&d=mm&r=g\",\"caption\":\"Carlos Henrique Braga\"},\"description\":\"Jornalista pela Universidade Federal de MS, foi rep\u00f3rter de economia e hoje, al\u00e9m de colaborar para o Gay Blog Br, \u00e9 servidor p\u00fablico em Joinville (SC). Escreveu ''A Supremacia do Abandono'', livro dispon\u00edvel em amazon.com.br.\",\"sameAs\":[\"https:\\\/\\\/x.com\\\/@cahebraga\"],\"url\":\"https:\\\/\\\/gay.blog.br\\\/en\\\/author\\\/carloshenriquebraga\\\/\"}]}<\/script>\n<!-- \/ Yoast SEO plugin. -->","yoast_head_json":{"title":"Portuguese Secretary of State reveals that he is gay to help fight prejudice","description":"\"If there is a young man who, by my example, can feel more free to live his sexual orientation openly, I would be very happy\"","robots":{"index":"index","follow":"follow","max-snippet":"max-snippet:-1","max-image-preview":"max-image-preview:large","max-video-preview":"max-video-preview:-1"},"canonical":"https:\/\/gay.blog.br\/en\/news\/portuguese-secretary-of-state-reveals-that-he-is-gay-to-help-fight-prejudice\/","og_locale":"en_US","og_type":"article","og_title":"Portuguese Secretary of State reveals that he is gay to help fight prejudice","og_description":"\"If there is a young man who, by my example, can feel more free to live his sexual orientation openly, I would be very happy\"","og_url":"https:\/\/gay.blog.br\/en\/news\/portuguese-secretary-of-state-reveals-that-he-is-gay-to-help-fight-prejudice\/","og_site_name":"GAY BLOG BR @gayblogbr","article_publisher":"https:\/\/facebook.com\/gayblogbr","article_published_time":"2020-12-12T19:59:02+00:00","article_modified_time":"2021-01-04T05:20:00+00:00","og_image":[{"width":2048,"height":1365,"url":"https:\/\/i1.wp.com\/gay.blog.br\/wp-content\/uploads\/2020\/12\/caldas.jpg?fit=2048%2C1365&ssl=1","type":"image\/jpeg"}],"author":"Carlos Henrique Braga","twitter_card":"summary_large_image","twitter_creator":"@cahebraga","twitter_site":"@gayblogbr","twitter_misc":{"Written by":"Carlos Henrique Braga","Est. reading time":"2 minutes"},"schema":{"@context":"https:\/\/schema.org","@graph":[{"@type":"Article","@id":"https:\/\/gay.blog.br\/en\/news\/portuguese-secretary-of-state-reveals-that-he-is-gay-to-help-fight-prejudice\/#article","isPartOf":{"@id":"https:\/\/gay.blog.br\/en\/news\/portuguese-secretary-of-state-reveals-that-he-is-gay-to-help-fight-prejudice\/"},"author":{"name":"Carlos Henrique Braga","@id":"https:\/\/gay.blog.br\/en\/#\/schema\/person\/cd267ffff2d56e12768a81623718b979"},"headline":"Portuguese Secretary of State reveals that he is gay to help fight prejudice","datePublished":"2020-12-12T19:59:02+00:00","dateModified":"2021-01-04T05:20:00+00:00","mainEntityOfPage":{"@id":"https:\/\/gay.blog.br\/en\/news\/portuguese-secretary-of-state-reveals-that-he-is-gay-to-help-fight-prejudice\/"},"wordCount":344,"commentCount":0,"publisher":{"@id":"https:\/\/gay.blog.br\/en\/#organization"},"image":{"@id":"https:\/\/gay.blog.br\/en\/news\/portuguese-secretary-of-state-reveals-that-he-is-gay-to-help-fight-prejudice\/#primaryimage"},"thumbnailUrl":"https:\/\/i0.wp.com\/gay.blog.br\/wp-content\/uploads\/2020\/12\/caldas.jpg?fit=2048%2C1365&ssl=1","keywords":["Andr\u00e9 Moz Caldas","GAY","Portugal"],"articleSection":["NEWS"],"inLanguage":"en-US","potentialAction":[{"@type":"CommentAction","name":"Comment","target":["https:\/\/gay.blog.br\/en\/news\/portuguese-secretary-of-state-reveals-that-he-is-gay-to-help-fight-prejudice\/#respond"]}]},{"@type":"WebPage","@id":"https:\/\/gay.blog.br\/en\/news\/portuguese-secretary-of-state-reveals-that-he-is-gay-to-help-fight-prejudice\/","url":"https:\/\/gay.blog.br\/en\/news\/portuguese-secretary-of-state-reveals-that-he-is-gay-to-help-fight-prejudice\/","name":"Portuguese Secretary of State reveals that he is gay to help fight prejudice","isPartOf":{"@id":"https:\/\/gay.blog.br\/en\/#website"},"primaryImageOfPage":{"@id":"https:\/\/gay.blog.br\/en\/news\/portuguese-secretary-of-state-reveals-that-he-is-gay-to-help-fight-prejudice\/#primaryimage"},"image":{"@id":"https:\/\/gay.blog.br\/en\/news\/portuguese-secretary-of-state-reveals-that-he-is-gay-to-help-fight-prejudice\/#primaryimage"},"thumbnailUrl":"https:\/\/i0.wp.com\/gay.blog.br\/wp-content\/uploads\/2020\/12\/caldas.jpg?fit=2048%2C1365&ssl=1","datePublished":"2020-12-12T19:59:02+00:00","dateModified":"2021-01-04T05:20:00+00:00","description":"\"If there is a young man who, by my example, can feel more free to live his sexual orientation openly, I would be very happy\"","breadcrumb":{"@id":"https:\/\/gay.blog.br\/en\/news\/portuguese-secretary-of-state-reveals-that-he-is-gay-to-help-fight-prejudice\/#breadcrumb"},"inLanguage":"en-US","potentialAction":[{"@type":"ReadAction","target":["https:\/\/gay.blog.br\/en\/news\/portuguese-secretary-of-state-reveals-that-he-is-gay-to-help-fight-prejudice\/"]}]},{"@type":"ImageObject","inLanguage":"en-US","@id":"https:\/\/gay.blog.br\/en\/news\/portuguese-secretary-of-state-reveals-that-he-is-gay-to-help-fight-prejudice\/#primaryimage","url":"https:\/\/i0.wp.com\/gay.blog.br\/wp-content\/uploads\/2020\/12\/caldas.jpg?fit=2048%2C1365&ssl=1","contentUrl":"https:\/\/i0.wp.com\/gay.blog.br\/wp-content\/uploads\/2020\/12\/caldas.jpg?fit=2048%2C1365&ssl=1","width":2048,"height":1365,"caption":"Reprodu\u00e7\u00e3o"},{"@type":"BreadcrumbList","@id":"https:\/\/gay.blog.br\/en\/news\/portuguese-secretary-of-state-reveals-that-he-is-gay-to-help-fight-prejudice\/#breadcrumb","itemListElement":[{"@type":"ListItem","position":1,"name":"In\u00edcio","item":"https:\/\/gay.blog.br\/en\/"},{"@type":"ListItem","position":2,"name":"Portuguese Secretary of State reveals that he is gay to help fight prejudice"}]},{"@type":"WebSite","@id":"https:\/\/gay.blog.br\/en\/#website","url":"https:\/\/gay.blog.br\/en\/","name":"GAY BLOG BR @gayblogbr","description":"Not\u00edcias que empoderam e\/ou entret\u00eam s\u00e3o especialidades da casa","publisher":{"@id":"https:\/\/gay.blog.br\/en\/#organization"},"potentialAction":[{"@type":"SearchAction","target":{"@type":"EntryPoint","urlTemplate":"https:\/\/gay.blog.br\/en\/?s={search_term_string}"},"query-input":{"@type":"PropertyValueSpecification","valueRequired":true,"valueName":"search_term_string"}}],"inLanguage":"en-US"},{"@type":"Organization","@id":"https:\/\/gay.blog.br\/en\/#organization","name":"GAY BLOG BR","url":"https:\/\/gay.blog.br\/en\/","logo":{"@type":"ImageObject","inLanguage":"en-US","@id":"https:\/\/gay.blog.br\/en\/#\/schema\/logo\/image\/","url":"https:\/\/i0.wp.com\/gay.blog.br\/wp-content\/uploads\/2023\/08\/gay180px.png?fit=272%2C90&ssl=1","contentUrl":"https:\/\/i0.wp.com\/gay.blog.br\/wp-content\/uploads\/2023\/08\/gay180px.png?fit=272%2C90&ssl=1","width":272,"height":90,"caption":"GAY BLOG BR"},"image":{"@id":"https:\/\/gay.blog.br\/en\/#\/schema\/logo\/image\/"},"sameAs":["https:\/\/facebook.com\/gayblogbr","https:\/\/x.com\/gayblogbr","https:\/\/instagram.com\/gayblogbr","https:\/\/www.linkedin.com\/company\/gayblogbr\/","https:\/\/br.pinterest.com\/gayblogbr\/","https:\/\/www.youtube.com\/channel\/UCdEu3JXLOB-wvWAVUF4AIiA","https:\/\/pt.wikipedia.org\/wiki\/Gay_Blog_Br","https:\/\/www.threads.net\/@gayblogbr"]},{"@type":"Person","@id":"https:\/\/gay.blog.br\/en\/#\/schema\/person\/cd267ffff2d56e12768a81623718b979","name":"Carlos Henrique Braga","image":{"@type":"ImageObject","inLanguage":"en-US","@id":"https:\/\/secure.gravatar.com\/avatar\/5b3e587a2c2062bba657f0e46352c11e0f9fd644f822214af015b5e192d0f016?s=96&d=mm&r=g","url":"https:\/\/secure.gravatar.com\/avatar\/5b3e587a2c2062bba657f0e46352c11e0f9fd644f822214af015b5e192d0f016?s=96&d=mm&r=g","contentUrl":"https:\/\/secure.gravatar.com\/avatar\/5b3e587a2c2062bba657f0e46352c11e0f9fd644f822214af015b5e192d0f016?s=96&d=mm&r=g","caption":"Carlos Henrique Braga"},"description":"Jornalista pela Universidade Federal de MS, foi rep\u00f3rter de economia e hoje, al\u00e9m de colaborar para o Gay Blog Br, \u00e9 servidor p\u00fablico em Joinville (SC). Escreveu ''A Supremacia do Abandono'', livro dispon\u00edvel em amazon.com.br.","sameAs":["https:\/\/x.com\/@cahebraga"],"url":"https:\/\/gay.blog.br\/en\/author\/carloshenriquebraga\/"}]}},"jetpack_publicize_connections":[],"jetpack_featured_media_url":"https:\/\/i0.wp.com\/gay.blog.br\/wp-content\/uploads\/2020\/12\/caldas.jpg?fit=2048%2C1365&ssl=1","jetpack_sharing_enabled":true,"jetpack_shortlink":"https:\/\/wp.me\/p6klkK-raX","jetpack_likes_enabled":false,"amp_enabled":true,"_links":{"self":[{"href":"https:\/\/gay.blog.br\/en\/wp-json\/wp\/v2\/posts\/104467","targetHints":{"allow":["GET"]}}],"collection":[{"href":"https:\/\/gay.blog.br\/en\/wp-json\/wp\/v2\/posts"}],"about":[{"href":"https:\/\/gay.blog.br\/en\/wp-json\/wp\/v2\/types\/post"}],"author":[{"embeddable":true,"href":"https:\/\/gay.blog.br\/en\/wp-json\/wp\/v2\/users\/3039"}],"replies":[{"embeddable":true,"href":"https:\/\/gay.blog.br\/en\/wp-json\/wp\/v2\/comments?post=104467"}],"version-history":[{"count":0,"href":"https:\/\/gay.blog.br\/en\/wp-json\/wp\/v2\/posts\/104467\/revisions"}],"wp:featuredmedia":[{"embeddable":true,"href":"https:\/\/gay.blog.br\/en\/wp-json\/wp\/v2\/media\/101323"}],"wp:attachment":[{"href":"https:\/\/gay.blog.br\/en\/wp-json\/wp\/v2\/media?parent=104467"}],"wp:term":[{"taxonomy":"category","embeddable":true,"href":"https:\/\/gay.blog.br\/en\/wp-json\/wp\/v2\/categories?post=104467"},{"taxonomy":"post_tag","embeddable":true,"href":"https:\/\/gay.blog.br\/en\/wp-json\/wp\/v2\/tags?post=104467"}],"curies":[{"name":"wp","href":"https:\/\/api.w.org\/{rel}","templated":true}]}}