{"id":105427,"date":"2020-12-04T18:36:58","date_gmt":"2020-12-04T21:36:58","guid":{"rendered":"https:\/\/gay.blog.br\/?p=105427"},"modified":"2021-01-09T13:17:01","modified_gmt":"2021-01-09T16:17:01","slug":"rio-de-janeiros-nude-beach-reopens-with-masks","status":"publish","type":"post","link":"https:\/\/gay.blog.br\/en\/news\/rio-de-janeiros-nude-beach-reopens-with-masks\/","title":{"rendered":"Rio de Janeiro&#8217;s nude beach reopens with masks"},"content":{"rendered":"<p style=\"text-align: justify;\">Nude beach Abric\u00f3, in Rio de Janeiro, will reopen on December 5, starting at 11 am, but this time with measures to <strong>prevent covid-19<\/strong>, with the rules of social distance needing to be followed and the mandatory use of masks. The information came from the newspaper <a href=\"https:\/\/oglobo.globo.com\/rio\/bairros\/unica-praia-de-nudismo-do-rio-abrico-reabre-com-uso-de-mascaras-evento-de-boas-vindas-inclusive-para-nao-adeptos-24775546?utm_source=aplicativoOGlobo&amp;utm_medium=aplicativo&amp;utm_campaign=compartilhar&amp;fbclid=IwAR2jPJIKc095i5wbFEwI7eP94OhH2ou_xEhQ6RGQbUs-3Rv2lCvXhqtRXQA\">O GLOBO<\/a>. The date was chosen to be the eve of World Naturism Day &#8211; celebrated on December 6th.<\/p>\n<p style=\"text-align: justify;\">The Abric\u00f3 Naturist Association organized the <strong>&#8220;Welcome back, Abric\u00f3<\/strong>&#8220;, an event open to the public that will feature a conversation circle about naturism. Pedro Ribeiro, president of the Brazilian Federation of Naturism and secretary of the Naturist Association of Praia do Abric\u00f3, celebrates his return safely. According to him, every year, in December, the group holds the event &#8220;Welcome, summer&#8221;, but this time it will be &#8220;Welcome back, Abric\u00f3&#8221; with the right to a cake and congratulations to the birthdays.<\/p>\n<p style=\"text-align: justify;\"><em>&#8220;We are going to reflect on naturism through a great chat between the regulars, talking about what the movement is. Most of the visitors are not naturists, but follow the rules of nudity when going to the beach. , representatives of the association are always there to explain what our philosophy of life is &#8220;<\/em> &#8211; Ribeiro said.<\/p>\n<figure id=\"attachment_100257\" aria-describedby=\"caption-attachment-100257\" style=\"width: 986px\" class=\"wp-caption aligncenter\"><a href=\"http:\/\/www.instagram.com\/gayblogbr\"><img data-recalc-dims=\"1\" loading=\"lazy\" decoding=\"async\" class=\"size-full wp-image-100257\" src=\"https:\/\/i0.wp.com\/gay.blog.br\/wp-content\/uploads\/2020\/12\/abricocapa.jpg?resize=696%2C392&#038;ssl=1\" alt=\"Rio de Janeiro's nude beach reopens with masks\" width=\"696\" height=\"392\" srcset=\"https:\/\/i0.wp.com\/gay.blog.br\/wp-content\/uploads\/2020\/12\/abricocapa.jpg?w=986&amp;ssl=1 986w, https:\/\/i0.wp.com\/gay.blog.br\/wp-content\/uploads\/2020\/12\/abricocapa.jpg?resize=300%2C169&amp;ssl=1 300w, https:\/\/i0.wp.com\/gay.blog.br\/wp-content\/uploads\/2020\/12\/abricocapa.jpg?resize=150%2C84&amp;ssl=1 150w, https:\/\/i0.wp.com\/gay.blog.br\/wp-content\/uploads\/2020\/12\/abricocapa.jpg?resize=768%2C432&amp;ssl=1 768w, https:\/\/i0.wp.com\/gay.blog.br\/wp-content\/uploads\/2020\/12\/abricocapa.jpg?resize=696%2C392&amp;ssl=1 696w, https:\/\/i0.wp.com\/gay.blog.br\/wp-content\/uploads\/2020\/12\/abricocapa.jpg?resize=746%2C420&amp;ssl=1 746w\" sizes=\"auto, (max-width: 696px) 100vw, 696px\" \/><\/a><figcaption id=\"caption-attachment-100257\" class=\"wp-caption-text\">Reproduction<\/figcaption><\/figure>\n<p style=\"text-align: justify;\"><strong>Claudio Haliuc<\/strong> said that the event will be important to receive new supporters of nudism, in addition to spreading concepts of naturism. Before the pandemic, Abric\u00f3 received about 100 people daily on summer weekends.<\/p>\n<p style=\"text-align: justify;\"><em>&#8220;We usually receive many tourists and curious about naturism, it is very interesting. We hope that the pandemic will give a truce to stabilize us again, but always taking care&#8221;<\/em> &#8211; said Haliuc.<\/p>\n<div class=\"yue\">\n<p style=\"text-align: justify;\">Nude beach in Abric\u00f3 is the <strong>only naturist beach<\/strong> in the city of Rio de Janeiro, located inside the Municipal Park of Grumari, after Prainha and next to Grumari Beach. Officially released 17 years ago for practice, it extends over a small strip of 250 meters of sand. Visits must be made on Saturdays, Sundays and holidays, when representatives of the group are on site to ensure safety and monitor bathers&#8217; behavior, in addition to offering explanations about naturism.<\/p>\n<\/div>\n","protected":false},"excerpt":{"rendered":"<p>Abric\u00f3 Beach, in Rio de Janeiro, will reopen on December 5, starting at 11 am<\/p>\n","protected":false},"author":3515,"featured_media":100258,"comment_status":"open","ping_status":"open","sticky":false,"template":"","format":"standard","meta":{"googlesitekit_rrm_CAoiEBg-BXrJeACjO8p49SE4kTY:productID":"","tdm_status":"","tdm_grid_status":"","_jetpack_newsletter_access":"","_jetpack_dont_email_post_to_subs":false,"_jetpack_newsletter_tier_id":0,"_jetpack_memberships_contains_paywalled_content":false,"_jetpack_memberships_contains_paid_content":false,"footnotes":"","jetpack_publicize_message":"Rio de Janeiro's nude beach reopens with masks","jetpack_publicize_feature_enabled":true,"jetpack_social_post_already_shared":true,"jetpack_social_options":{"image_generator_settings":{"template":"highway","default_image_id":0,"font":"","enabled":false},"version":2},"_wpas_customize_per_network":false,"jetpack_post_was_ever_published":false},"categories":[589932225],"tags":[589936111,589932342],"class_list":{"0":"post-105427","1":"post","2":"type-post","3":"status-publish","4":"format-standard","5":"has-post-thumbnail","7":"category-news","8":"tag-abrico-beach-en","9":"tag-covid-19-en"},"yoast_head":"<!-- This site is optimized with the Yoast SEO plugin v27.5 - https:\/\/yoast.com\/product\/yoast-seo-wordpress\/ -->\n<title>Rio de Janeiro&#039;s nude beach reopens with masks<\/title>\n<meta name=\"description\" content=\"Nude beach, in Rio de Janeiro, will reopen on December 5, starting at 11 am, but this time with measures to prevent covid-19.\" \/>\n<meta name=\"robots\" content=\"index, follow, max-snippet:-1, max-image-preview:large, max-video-preview:-1\" \/>\n<link rel=\"canonical\" href=\"https:\/\/gay.blog.br\/en\/news\/rio-de-janeiros-nude-beach-reopens-with-masks\/\" \/>\n<meta property=\"og:locale\" content=\"en_US\" \/>\n<meta property=\"og:type\" content=\"article\" \/>\n<meta property=\"og:title\" content=\"Rio de Janeiro&#039;s nude beach reopens with masks\" \/>\n<meta property=\"og:description\" content=\"Nude beach, in Rio de Janeiro, will reopen on December 5, starting at 11 am, but this time with measures to prevent covid-19.\" \/>\n<meta property=\"og:url\" content=\"https:\/\/gay.blog.br\/en\/news\/rio-de-janeiros-nude-beach-reopens-with-masks\/\" \/>\n<meta property=\"og:site_name\" content=\"GAY BLOG BR @gayblogbr\" \/>\n<meta property=\"article:publisher\" content=\"https:\/\/facebook.com\/gayblogbr\" \/>\n<meta property=\"article:author\" content=\"https:\/\/www.facebook.com\/victormillerreal\" \/>\n<meta property=\"article:published_time\" content=\"2020-12-04T21:36:58+00:00\" \/>\n<meta property=\"article:modified_time\" content=\"2021-01-09T16:17:01+00:00\" \/>\n<meta property=\"og:image\" content=\"https:\/\/i0.wp.com\/gay.blog.br\/wp-content\/uploads\/2020\/12\/abricocapa.jpg?fit=986%2C555&ssl=1\" \/>\n\t<meta property=\"og:image:width\" content=\"986\" \/>\n\t<meta property=\"og:image:height\" content=\"555\" \/>\n\t<meta property=\"og:image:type\" content=\"image\/jpeg\" \/>\n<meta name=\"author\" content=\"Victor Miller\" \/>\n<meta name=\"twitter:card\" content=\"summary_large_image\" \/>\n<meta name=\"twitter:creator\" content=\"@https:\/\/twitter.com\/victor_miller\" \/>\n<meta name=\"twitter:site\" content=\"@gayblogbr\" \/>\n<meta name=\"twitter:label1\" content=\"Written by\" \/>\n\t<meta name=\"twitter:data1\" content=\"Victor Miller\" \/>\n\t<meta name=\"twitter:label2\" content=\"Est. reading time\" \/>\n\t<meta name=\"twitter:data2\" content=\"2 minutes\" \/>\n<script type=\"application\/ld+json\" class=\"yoast-schema-graph\">{\"@context\":\"https:\\\/\\\/schema.org\",\"@graph\":[{\"@type\":\"Article\",\"@id\":\"https:\\\/\\\/gay.blog.br\\\/en\\\/news\\\/rio-de-janeiros-nude-beach-reopens-with-masks\\\/#article\",\"isPartOf\":{\"@id\":\"https:\\\/\\\/gay.blog.br\\\/en\\\/news\\\/rio-de-janeiros-nude-beach-reopens-with-masks\\\/\"},\"author\":{\"name\":\"Victor Miller\",\"@id\":\"https:\\\/\\\/gay.blog.br\\\/en\\\/#\\\/schema\\\/person\\\/5e0cf06e5d5e166b6afeaefc7fc56d9d\"},\"headline\":\"Rio de Janeiro&#8217;s nude beach reopens with masks\",\"datePublished\":\"2020-12-04T21:36:58+00:00\",\"dateModified\":\"2021-01-09T16:17:01+00:00\",\"mainEntityOfPage\":{\"@id\":\"https:\\\/\\\/gay.blog.br\\\/en\\\/news\\\/rio-de-janeiros-nude-beach-reopens-with-masks\\\/\"},\"wordCount\":359,\"commentCount\":0,\"publisher\":{\"@id\":\"https:\\\/\\\/gay.blog.br\\\/en\\\/#organization\"},\"image\":{\"@id\":\"https:\\\/\\\/gay.blog.br\\\/en\\\/news\\\/rio-de-janeiros-nude-beach-reopens-with-masks\\\/#primaryimage\"},\"thumbnailUrl\":\"https:\\\/\\\/i0.wp.com\\\/gay.blog.br\\\/wp-content\\\/uploads\\\/2020\\\/12\\\/abricocapa.jpg?fit=986%2C555&ssl=1\",\"keywords\":[\"Abric\u00f3 Beach\",\"Covid-19\"],\"articleSection\":[\"NEWS\"],\"inLanguage\":\"en-US\",\"potentialAction\":[{\"@type\":\"CommentAction\",\"name\":\"Comment\",\"target\":[\"https:\\\/\\\/gay.blog.br\\\/en\\\/news\\\/rio-de-janeiros-nude-beach-reopens-with-masks\\\/#respond\"]}]},{\"@type\":\"WebPage\",\"@id\":\"https:\\\/\\\/gay.blog.br\\\/en\\\/news\\\/rio-de-janeiros-nude-beach-reopens-with-masks\\\/\",\"url\":\"https:\\\/\\\/gay.blog.br\\\/en\\\/news\\\/rio-de-janeiros-nude-beach-reopens-with-masks\\\/\",\"name\":\"Rio de Janeiro's nude beach reopens with masks\",\"isPartOf\":{\"@id\":\"https:\\\/\\\/gay.blog.br\\\/en\\\/#website\"},\"primaryImageOfPage\":{\"@id\":\"https:\\\/\\\/gay.blog.br\\\/en\\\/news\\\/rio-de-janeiros-nude-beach-reopens-with-masks\\\/#primaryimage\"},\"image\":{\"@id\":\"https:\\\/\\\/gay.blog.br\\\/en\\\/news\\\/rio-de-janeiros-nude-beach-reopens-with-masks\\\/#primaryimage\"},\"thumbnailUrl\":\"https:\\\/\\\/i0.wp.com\\\/gay.blog.br\\\/wp-content\\\/uploads\\\/2020\\\/12\\\/abricocapa.jpg?fit=986%2C555&ssl=1\",\"datePublished\":\"2020-12-04T21:36:58+00:00\",\"dateModified\":\"2021-01-09T16:17:01+00:00\",\"description\":\"Nude beach, in Rio de Janeiro, will reopen on December 5, starting at 11 am, but this time with measures to prevent covid-19.\",\"breadcrumb\":{\"@id\":\"https:\\\/\\\/gay.blog.br\\\/en\\\/news\\\/rio-de-janeiros-nude-beach-reopens-with-masks\\\/#breadcrumb\"},\"inLanguage\":\"en-US\",\"potentialAction\":[{\"@type\":\"ReadAction\",\"target\":[\"https:\\\/\\\/gay.blog.br\\\/en\\\/news\\\/rio-de-janeiros-nude-beach-reopens-with-masks\\\/\"]}]},{\"@type\":\"ImageObject\",\"inLanguage\":\"en-US\",\"@id\":\"https:\\\/\\\/gay.blog.br\\\/en\\\/news\\\/rio-de-janeiros-nude-beach-reopens-with-masks\\\/#primaryimage\",\"url\":\"https:\\\/\\\/i0.wp.com\\\/gay.blog.br\\\/wp-content\\\/uploads\\\/2020\\\/12\\\/abricocapa.jpg?fit=986%2C555&ssl=1\",\"contentUrl\":\"https:\\\/\\\/i0.wp.com\\\/gay.blog.br\\\/wp-content\\\/uploads\\\/2020\\\/12\\\/abricocapa.jpg?fit=986%2C555&ssl=1\",\"width\":986,\"height\":555,\"caption\":\"Reprodu\u00e7\u00e3o\"},{\"@type\":\"BreadcrumbList\",\"@id\":\"https:\\\/\\\/gay.blog.br\\\/en\\\/news\\\/rio-de-janeiros-nude-beach-reopens-with-masks\\\/#breadcrumb\",\"itemListElement\":[{\"@type\":\"ListItem\",\"position\":1,\"name\":\"In\u00edcio\",\"item\":\"https:\\\/\\\/gay.blog.br\\\/en\\\/\"},{\"@type\":\"ListItem\",\"position\":2,\"name\":\"Rio de Janeiro&#8217;s nude beach reopens with masks\"}]},{\"@type\":\"WebSite\",\"@id\":\"https:\\\/\\\/gay.blog.br\\\/en\\\/#website\",\"url\":\"https:\\\/\\\/gay.blog.br\\\/en\\\/\",\"name\":\"GAY BLOG BR @gayblogbr\",\"description\":\"Not\u00edcias que empoderam e\\\/ou entret\u00eam s\u00e3o especialidades da casa\",\"publisher\":{\"@id\":\"https:\\\/\\\/gay.blog.br\\\/en\\\/#organization\"},\"potentialAction\":[{\"@type\":\"SearchAction\",\"target\":{\"@type\":\"EntryPoint\",\"urlTemplate\":\"https:\\\/\\\/gay.blog.br\\\/en\\\/?s={search_term_string}\"},\"query-input\":{\"@type\":\"PropertyValueSpecification\",\"valueRequired\":true,\"valueName\":\"search_term_string\"}}],\"inLanguage\":\"en-US\"},{\"@type\":\"Organization\",\"@id\":\"https:\\\/\\\/gay.blog.br\\\/en\\\/#organization\",\"name\":\"GAY BLOG BR\",\"url\":\"https:\\\/\\\/gay.blog.br\\\/en\\\/\",\"logo\":{\"@type\":\"ImageObject\",\"inLanguage\":\"en-US\",\"@id\":\"https:\\\/\\\/gay.blog.br\\\/en\\\/#\\\/schema\\\/logo\\\/image\\\/\",\"url\":\"https:\\\/\\\/i0.wp.com\\\/gay.blog.br\\\/wp-content\\\/uploads\\\/2023\\\/08\\\/gay180px.png?fit=272%2C90&ssl=1\",\"contentUrl\":\"https:\\\/\\\/i0.wp.com\\\/gay.blog.br\\\/wp-content\\\/uploads\\\/2023\\\/08\\\/gay180px.png?fit=272%2C90&ssl=1\",\"width\":272,\"height\":90,\"caption\":\"GAY BLOG BR\"},\"image\":{\"@id\":\"https:\\\/\\\/gay.blog.br\\\/en\\\/#\\\/schema\\\/logo\\\/image\\\/\"},\"sameAs\":[\"https:\\\/\\\/facebook.com\\\/gayblogbr\",\"https:\\\/\\\/x.com\\\/gayblogbr\",\"https:\\\/\\\/instagram.com\\\/gayblogbr\",\"https:\\\/\\\/www.linkedin.com\\\/company\\\/gayblogbr\\\/\",\"https:\\\/\\\/br.pinterest.com\\\/gayblogbr\\\/\",\"https:\\\/\\\/www.youtube.com\\\/channel\\\/UCdEu3JXLOB-wvWAVUF4AIiA\",\"https:\\\/\\\/pt.wikipedia.org\\\/wiki\\\/Gay_Blog_Br\",\"https:\\\/\\\/www.threads.net\\\/@gayblogbr\"]},{\"@type\":\"Person\",\"@id\":\"https:\\\/\\\/gay.blog.br\\\/en\\\/#\\\/schema\\\/person\\\/5e0cf06e5d5e166b6afeaefc7fc56d9d\",\"name\":\"Victor Miller\",\"image\":{\"@type\":\"ImageObject\",\"inLanguage\":\"en-US\",\"@id\":\"https:\\\/\\\/secure.gravatar.com\\\/avatar\\\/7c1fad0dcba879f76a2e6b9189cea981c8fcb9c7e6f40d5903cf16ba29cb80b5?s=96&d=mm&r=g\",\"url\":\"https:\\\/\\\/secure.gravatar.com\\\/avatar\\\/7c1fad0dcba879f76a2e6b9189cea981c8fcb9c7e6f40d5903cf16ba29cb80b5?s=96&d=mm&r=g\",\"contentUrl\":\"https:\\\/\\\/secure.gravatar.com\\\/avatar\\\/7c1fad0dcba879f76a2e6b9189cea981c8fcb9c7e6f40d5903cf16ba29cb80b5?s=96&d=mm&r=g\",\"caption\":\"Victor Miller\"},\"description\":\"Jornalista formado pela PUC do Rio de Janeiro, dedicou sua vida a falar sobre cultura nerd\\\/geek. Gay desde que se entende por gente, sempre teve desejo de trabalhar com o p\u00fablico LGBT+ e cr\u00ea que a informa\u00e7\u00e3o \u00e9 a a melhor arma contra qualquer tipo de \\\"fobia\\\"\",\"sameAs\":[\"https:\\\/\\\/gay.blog.br\\\/author\\\/victormiller\\\/\",\"https:\\\/\\\/www.facebook.com\\\/victormillerreal\",\"https:\\\/\\\/instagram.com\\\/victormillermiranda\",\"https:\\\/\\\/www.linkedin.com\\\/in\\\/victor-miller-266b54a7\\\/\",\"https:\\\/\\\/x.com\\\/https:\\\/\\\/twitter.com\\\/victor_miller\",\"https:\\\/\\\/www.youtube.com\\\/user\\\/planetasonic\"],\"url\":\"https:\\\/\\\/gay.blog.br\\\/en\\\/author\\\/victormiller\\\/\"}]}<\/script>\n<!-- \/ Yoast SEO plugin. -->","yoast_head_json":{"title":"Rio de Janeiro's nude beach reopens with masks","description":"Nude beach, in Rio de Janeiro, will reopen on December 5, starting at 11 am, but this time with measures to prevent covid-19.","robots":{"index":"index","follow":"follow","max-snippet":"max-snippet:-1","max-image-preview":"max-image-preview:large","max-video-preview":"max-video-preview:-1"},"canonical":"https:\/\/gay.blog.br\/en\/news\/rio-de-janeiros-nude-beach-reopens-with-masks\/","og_locale":"en_US","og_type":"article","og_title":"Rio de Janeiro's nude beach reopens with masks","og_description":"Nude beach, in Rio de Janeiro, will reopen on December 5, starting at 11 am, but this time with measures to prevent covid-19.","og_url":"https:\/\/gay.blog.br\/en\/news\/rio-de-janeiros-nude-beach-reopens-with-masks\/","og_site_name":"GAY BLOG BR @gayblogbr","article_publisher":"https:\/\/facebook.com\/gayblogbr","article_author":"https:\/\/www.facebook.com\/victormillerreal","article_published_time":"2020-12-04T21:36:58+00:00","article_modified_time":"2021-01-09T16:17:01+00:00","og_image":[{"width":986,"height":555,"url":"https:\/\/i0.wp.com\/gay.blog.br\/wp-content\/uploads\/2020\/12\/abricocapa.jpg?fit=986%2C555&ssl=1","type":"image\/jpeg"}],"author":"Victor Miller","twitter_card":"summary_large_image","twitter_creator":"@https:\/\/twitter.com\/victor_miller","twitter_site":"@gayblogbr","twitter_misc":{"Written by":"Victor Miller","Est. reading time":"2 minutes"},"schema":{"@context":"https:\/\/schema.org","@graph":[{"@type":"Article","@id":"https:\/\/gay.blog.br\/en\/news\/rio-de-janeiros-nude-beach-reopens-with-masks\/#article","isPartOf":{"@id":"https:\/\/gay.blog.br\/en\/news\/rio-de-janeiros-nude-beach-reopens-with-masks\/"},"author":{"name":"Victor Miller","@id":"https:\/\/gay.blog.br\/en\/#\/schema\/person\/5e0cf06e5d5e166b6afeaefc7fc56d9d"},"headline":"Rio de Janeiro&#8217;s nude beach reopens with masks","datePublished":"2020-12-04T21:36:58+00:00","dateModified":"2021-01-09T16:17:01+00:00","mainEntityOfPage":{"@id":"https:\/\/gay.blog.br\/en\/news\/rio-de-janeiros-nude-beach-reopens-with-masks\/"},"wordCount":359,"commentCount":0,"publisher":{"@id":"https:\/\/gay.blog.br\/en\/#organization"},"image":{"@id":"https:\/\/gay.blog.br\/en\/news\/rio-de-janeiros-nude-beach-reopens-with-masks\/#primaryimage"},"thumbnailUrl":"https:\/\/i0.wp.com\/gay.blog.br\/wp-content\/uploads\/2020\/12\/abricocapa.jpg?fit=986%2C555&ssl=1","keywords":["Abric\u00f3 Beach","Covid-19"],"articleSection":["NEWS"],"inLanguage":"en-US","potentialAction":[{"@type":"CommentAction","name":"Comment","target":["https:\/\/gay.blog.br\/en\/news\/rio-de-janeiros-nude-beach-reopens-with-masks\/#respond"]}]},{"@type":"WebPage","@id":"https:\/\/gay.blog.br\/en\/news\/rio-de-janeiros-nude-beach-reopens-with-masks\/","url":"https:\/\/gay.blog.br\/en\/news\/rio-de-janeiros-nude-beach-reopens-with-masks\/","name":"Rio de Janeiro's nude beach reopens with masks","isPartOf":{"@id":"https:\/\/gay.blog.br\/en\/#website"},"primaryImageOfPage":{"@id":"https:\/\/gay.blog.br\/en\/news\/rio-de-janeiros-nude-beach-reopens-with-masks\/#primaryimage"},"image":{"@id":"https:\/\/gay.blog.br\/en\/news\/rio-de-janeiros-nude-beach-reopens-with-masks\/#primaryimage"},"thumbnailUrl":"https:\/\/i0.wp.com\/gay.blog.br\/wp-content\/uploads\/2020\/12\/abricocapa.jpg?fit=986%2C555&ssl=1","datePublished":"2020-12-04T21:36:58+00:00","dateModified":"2021-01-09T16:17:01+00:00","description":"Nude beach, in Rio de Janeiro, will reopen on December 5, starting at 11 am, but this time with measures to prevent covid-19.","breadcrumb":{"@id":"https:\/\/gay.blog.br\/en\/news\/rio-de-janeiros-nude-beach-reopens-with-masks\/#breadcrumb"},"inLanguage":"en-US","potentialAction":[{"@type":"ReadAction","target":["https:\/\/gay.blog.br\/en\/news\/rio-de-janeiros-nude-beach-reopens-with-masks\/"]}]},{"@type":"ImageObject","inLanguage":"en-US","@id":"https:\/\/gay.blog.br\/en\/news\/rio-de-janeiros-nude-beach-reopens-with-masks\/#primaryimage","url":"https:\/\/i0.wp.com\/gay.blog.br\/wp-content\/uploads\/2020\/12\/abricocapa.jpg?fit=986%2C555&ssl=1","contentUrl":"https:\/\/i0.wp.com\/gay.blog.br\/wp-content\/uploads\/2020\/12\/abricocapa.jpg?fit=986%2C555&ssl=1","width":986,"height":555,"caption":"Reprodu\u00e7\u00e3o"},{"@type":"BreadcrumbList","@id":"https:\/\/gay.blog.br\/en\/news\/rio-de-janeiros-nude-beach-reopens-with-masks\/#breadcrumb","itemListElement":[{"@type":"ListItem","position":1,"name":"In\u00edcio","item":"https:\/\/gay.blog.br\/en\/"},{"@type":"ListItem","position":2,"name":"Rio de Janeiro&#8217;s nude beach reopens with masks"}]},{"@type":"WebSite","@id":"https:\/\/gay.blog.br\/en\/#website","url":"https:\/\/gay.blog.br\/en\/","name":"GAY BLOG BR @gayblogbr","description":"Not\u00edcias que empoderam e\/ou entret\u00eam s\u00e3o especialidades da casa","publisher":{"@id":"https:\/\/gay.blog.br\/en\/#organization"},"potentialAction":[{"@type":"SearchAction","target":{"@type":"EntryPoint","urlTemplate":"https:\/\/gay.blog.br\/en\/?s={search_term_string}"},"query-input":{"@type":"PropertyValueSpecification","valueRequired":true,"valueName":"search_term_string"}}],"inLanguage":"en-US"},{"@type":"Organization","@id":"https:\/\/gay.blog.br\/en\/#organization","name":"GAY BLOG BR","url":"https:\/\/gay.blog.br\/en\/","logo":{"@type":"ImageObject","inLanguage":"en-US","@id":"https:\/\/gay.blog.br\/en\/#\/schema\/logo\/image\/","url":"https:\/\/i0.wp.com\/gay.blog.br\/wp-content\/uploads\/2023\/08\/gay180px.png?fit=272%2C90&ssl=1","contentUrl":"https:\/\/i0.wp.com\/gay.blog.br\/wp-content\/uploads\/2023\/08\/gay180px.png?fit=272%2C90&ssl=1","width":272,"height":90,"caption":"GAY BLOG BR"},"image":{"@id":"https:\/\/gay.blog.br\/en\/#\/schema\/logo\/image\/"},"sameAs":["https:\/\/facebook.com\/gayblogbr","https:\/\/x.com\/gayblogbr","https:\/\/instagram.com\/gayblogbr","https:\/\/www.linkedin.com\/company\/gayblogbr\/","https:\/\/br.pinterest.com\/gayblogbr\/","https:\/\/www.youtube.com\/channel\/UCdEu3JXLOB-wvWAVUF4AIiA","https:\/\/pt.wikipedia.org\/wiki\/Gay_Blog_Br","https:\/\/www.threads.net\/@gayblogbr"]},{"@type":"Person","@id":"https:\/\/gay.blog.br\/en\/#\/schema\/person\/5e0cf06e5d5e166b6afeaefc7fc56d9d","name":"Victor Miller","image":{"@type":"ImageObject","inLanguage":"en-US","@id":"https:\/\/secure.gravatar.com\/avatar\/7c1fad0dcba879f76a2e6b9189cea981c8fcb9c7e6f40d5903cf16ba29cb80b5?s=96&d=mm&r=g","url":"https:\/\/secure.gravatar.com\/avatar\/7c1fad0dcba879f76a2e6b9189cea981c8fcb9c7e6f40d5903cf16ba29cb80b5?s=96&d=mm&r=g","contentUrl":"https:\/\/secure.gravatar.com\/avatar\/7c1fad0dcba879f76a2e6b9189cea981c8fcb9c7e6f40d5903cf16ba29cb80b5?s=96&d=mm&r=g","caption":"Victor Miller"},"description":"Jornalista formado pela PUC do Rio de Janeiro, dedicou sua vida a falar sobre cultura nerd\/geek. Gay desde que se entende por gente, sempre teve desejo de trabalhar com o p\u00fablico LGBT+ e cr\u00ea que a informa\u00e7\u00e3o \u00e9 a a melhor arma contra qualquer tipo de \"fobia\"","sameAs":["https:\/\/gay.blog.br\/author\/victormiller\/","https:\/\/www.facebook.com\/victormillerreal","https:\/\/instagram.com\/victormillermiranda","https:\/\/www.linkedin.com\/in\/victor-miller-266b54a7\/","https:\/\/x.com\/https:\/\/twitter.com\/victor_miller","https:\/\/www.youtube.com\/user\/planetasonic"],"url":"https:\/\/gay.blog.br\/en\/author\/victormiller\/"}]}},"jetpack_publicize_connections":[],"jetpack_featured_media_url":"https:\/\/i0.wp.com\/gay.blog.br\/wp-content\/uploads\/2020\/12\/abricocapa.jpg?fit=986%2C555&ssl=1","jetpack_sharing_enabled":true,"jetpack_shortlink":"https:\/\/wp.me\/p6klkK-rqr","jetpack_likes_enabled":false,"amp_enabled":true,"_links":{"self":[{"href":"https:\/\/gay.blog.br\/en\/wp-json\/wp\/v2\/posts\/105427","targetHints":{"allow":["GET"]}}],"collection":[{"href":"https:\/\/gay.blog.br\/en\/wp-json\/wp\/v2\/posts"}],"about":[{"href":"https:\/\/gay.blog.br\/en\/wp-json\/wp\/v2\/types\/post"}],"author":[{"embeddable":true,"href":"https:\/\/gay.blog.br\/en\/wp-json\/wp\/v2\/users\/3515"}],"replies":[{"embeddable":true,"href":"https:\/\/gay.blog.br\/en\/wp-json\/wp\/v2\/comments?post=105427"}],"version-history":[{"count":0,"href":"https:\/\/gay.blog.br\/en\/wp-json\/wp\/v2\/posts\/105427\/revisions"}],"wp:featuredmedia":[{"embeddable":true,"href":"https:\/\/gay.blog.br\/en\/wp-json\/wp\/v2\/media\/100258"}],"wp:attachment":[{"href":"https:\/\/gay.blog.br\/en\/wp-json\/wp\/v2\/media?parent=105427"}],"wp:term":[{"taxonomy":"category","embeddable":true,"href":"https:\/\/gay.blog.br\/en\/wp-json\/wp\/v2\/categories?post=105427"},{"taxonomy":"post_tag","embeddable":true,"href":"https:\/\/gay.blog.br\/en\/wp-json\/wp\/v2\/tags?post=105427"}],"curies":[{"name":"wp","href":"https:\/\/api.w.org\/{rel}","templated":true}]}}