{"id":105445,"date":"2021-01-04T18:07:44","date_gmt":"2021-01-04T21:07:44","guid":{"rendered":"https:\/\/gay.blog.br\/?p=105445"},"modified":"2021-01-09T16:58:39","modified_gmt":"2021-01-09T19:58:39","slug":"fernando-collor-denies-romance-with-pierre-cardin","status":"publish","type":"post","link":"https:\/\/gay.blog.br\/en\/news\/fernando-collor-denies-romance-with-pierre-cardin\/","title":{"rendered":"Fernando Collor denies romance with Pierre Cardin"},"content":{"rendered":"<p style=\"text-align: justify;\">The former president<strong>Fernando Collor de Melo<\/strong> answered to <a href=\"https:\/\/twitter.com\/eliseuneto\">Eliseu Neto<\/a>&#8216;s tweet, legislative assessor of Cidadania party, and the columnist of GAY BLOG BR about a supposed romance with the stylist <strong>Pierre Cardin<\/strong>in the 70&#8217;s decade when Collor wanted to be a model.<\/p>\n<p style=\"text-align: justify;\">The rumor started when a <a href=\"https:\/\/www.facebook.com\/waldir.leite.7\/posts\/10221630332461045?__cft__%5B0%5D=AZV6jeeE0pXanu0VOpurumOd7VN_4ynp0uAnS0UacjhJQC1Y-lfyBE-y3HAxQse-ghUCgT3CJiH_PaND7C-DC2dpOW4ATW3mfXdOBQDronXSFa8tDYNuE3uSKmULiynrIb0&amp;__tn__=%2CO%2CP-R\">Facebook post<\/a> from the screenwriter <strong>Waldir Leite<\/strong> on December 29th, 2020, the day that the stylist died.<\/p>\n<blockquote class=\"twitter-tweet\" data-width=\"550\" data-dnt=\"true\">\n<p lang=\"pt\" dir=\"ltr\">Amigo, infelizmente para voc\u00ea, isso n\u00e3o passa de uma Fake News. N\u00e3o sou homosexual e nunca fui, mas com certeza o Pierre Cardin teria sido um \u00f3timo partido. Um forte abra\u00e7o.<\/p>\n<p>&mdash; Fernando Collor \u23f3 (@Collor) <a href=\"https:\/\/twitter.com\/Collor\/status\/1346190638941933574?ref_src=twsrc%5Etfw\">January 4, 2021<\/a><\/p><\/blockquote>\n<p><script async src=\"https:\/\/platform.twitter.com\/widgets.js\" charset=\"utf-8\"><\/script><\/p>\n<p style=\"text-align: justify;\"><em>&#8220;PIERRE CARDIN HAD AN AFFAIR WITH FERNANDO COLLOR &#8211; When Collor de Melo was elected president, Pierre Cardin, when he found a Brazilian friend in Paris, commented: &#8216;I&#8217;ve had a lot of sex with your new president&#8217;. It all happened in 1973, during the recordings of &#8220;French Joana&#8221;, in Alagoas. <\/em><em>At the time Cardin was married to the French big movie star Jeanne Moreau. Enchanted with Cinema Novo&#8217;s success, the actress accepted the invitation of the film-maker Cac\u00e1 Diegues to play a movie in Brasil Mais, precisely in Alagoas, the native land of the director. And the famous French stylist decided to produce Cac\u00e1&#8217;s movie, the history of a French madam that receives as her inheritance from one of her clients a cane mill in the state&#8217;s countryside. <\/em><em>The arrival in Alagoas of the great Pierre Cardin and the divine Jeanne Moreau provoked a true frisson in the local society. Everyone was dazzled by the presence of those international celebrities in the state. At the time Fernando Collor was a handsome 23-year-old man, a member of the rich and traditional Alagoas family. <\/em><em>Dazzled with the presence of the international jet-set stars, the young man wanted to participate in the movie production. And he was contracted as the producer&#8217;s personal assistant. When he saw that handsome boy, willing to do anything for the Brazilian cinema, Pierre Cardin chose him to be his personal assistant. Kind of the producer&#8217;s handyman. The young Collor was dazzled with this opportunity. After all, at that time, Cardin was a fashion icon. <\/em><em>An international griff. One of the young Collor&#8217;s attributions was to act as Cardin&#8217;s driver. It was him who took Cardin to get to know the cane fields in Alagoas that would be the location for the shootings. This way, when Jeanne Moreau filmed scenes and scenes with Cac\u00e1 Diegues, the stylist Cardin was enjoying love adventures with the young Fernando Collor in cane fields in Alagoas. This way, in the arms of that handsome native, it was Cardin that felt like he was &#8220;French Joana&#8221;. Cinema is the biggest fun&#8221;,<\/em> <strong>wrote Leite.<\/strong><\/p>\n<p>When he was mentioned in the replies, Collor said: <strong>&#8220;Buddy, unfortunately for you, it&#8217;s only fake news. I&#8217;m not a homosexual and I&#8217;ve never been, but Pierre Cardin would have been a great choice for sure. Best regards&#8221;<\/strong><\/p>\n<figure id=\"attachment_104637\" aria-describedby=\"caption-attachment-104637\" style=\"width: 1280px\" class=\"wp-caption aligncenter\"><a href=\"http:\/\/www.instagram.com\/gayblogbr\"><img data-recalc-dims=\"1\" loading=\"lazy\" decoding=\"async\" class=\"size-full wp-image-104637\" src=\"https:\/\/i0.wp.com\/gay.blog.br\/wp-content\/uploads\/2021\/01\/rsw_1280h_768i_truecg_trueft_cover.jpg?resize=696%2C418&#038;ssl=1\" alt=\"Fernando Collor denies romance with Pierre Cardin\" width=\"696\" height=\"418\" srcset=\"https:\/\/i0.wp.com\/gay.blog.br\/wp-content\/uploads\/2021\/01\/rsw_1280h_768i_truecg_trueft_cover.jpg?w=1280&amp;ssl=1 1280w, https:\/\/i0.wp.com\/gay.blog.br\/wp-content\/uploads\/2021\/01\/rsw_1280h_768i_truecg_trueft_cover.jpg?resize=300%2C180&amp;ssl=1 300w, https:\/\/i0.wp.com\/gay.blog.br\/wp-content\/uploads\/2021\/01\/rsw_1280h_768i_truecg_trueft_cover.jpg?resize=1024%2C614&amp;ssl=1 1024w, https:\/\/i0.wp.com\/gay.blog.br\/wp-content\/uploads\/2021\/01\/rsw_1280h_768i_truecg_trueft_cover.jpg?resize=150%2C90&amp;ssl=1 150w, https:\/\/i0.wp.com\/gay.blog.br\/wp-content\/uploads\/2021\/01\/rsw_1280h_768i_truecg_trueft_cover.jpg?resize=768%2C461&amp;ssl=1 768w, https:\/\/i0.wp.com\/gay.blog.br\/wp-content\/uploads\/2021\/01\/rsw_1280h_768i_truecg_trueft_cover.jpg?resize=696%2C418&amp;ssl=1 696w, https:\/\/i0.wp.com\/gay.blog.br\/wp-content\/uploads\/2021\/01\/rsw_1280h_768i_truecg_trueft_cover.jpg?resize=1068%2C641&amp;ssl=1 1068w, https:\/\/i0.wp.com\/gay.blog.br\/wp-content\/uploads\/2021\/01\/rsw_1280h_768i_truecg_trueft_cover.jpg?resize=700%2C420&amp;ssl=1 700w\" sizes=\"auto, (max-width: 696px) 100vw, 696px\" \/><\/a><figcaption id=\"caption-attachment-104637\" class=\"wp-caption-text\">Reproduction<\/figcaption><\/figure>\n<h3 style=\"text-align: justify;\"><strong>CARDIN IN ALAGOAS<\/strong><\/h3>\n<p style=\"text-align: justify;\">To the invitation of movie director Cac\u00e1 Diegues, Pierre Cardin came to Brazil to join the shooting of &#8216;Joana, the French&#8217;, a movie that was launched in 1973. During the recordings in Macei\u00f3, Cardin got to know Collor, student and model aspirant. According to GQ Brazil, Pierre stayed in Collor&#8217;s house and loved Brazil: &#8220;When he was a student, he wanted to be a model, we shooted in Macei\u00f3. I was in his house and later I found him in Japan and he was Brazil&#8217;s president&#8221;, said the stylist in an interview to Rede Globo, in 2011.<em>From mannequin to Brazil&#8217;s president It&#8217;s extraordinary!&#8221;<\/em>, said Pierre.<\/p>\n","protected":false},"excerpt":{"rendered":"<p>To the invitation of movie director Cac\u00e1 Diegues, Pierre Cardin came to Brazil in the 70&#8217;s to participate in the shootings of &#8220;Joana, the French&#8221;<\/p>\n","protected":false},"author":3515,"featured_media":104638,"comment_status":"open","ping_status":"open","sticky":false,"template":"","format":"standard","meta":{"googlesitekit_rrm_CAoiEBg-BXrJeACjO8p49SE4kTY:productID":"","jetpack_post_was_ever_published":false,"tdm_status":"","tdm_grid_status":"","_jetpack_newsletter_access":"","_jetpack_dont_email_post_to_subs":false,"_jetpack_newsletter_tier_id":0,"_jetpack_memberships_contains_paywalled_content":false,"_jetpack_memberships_contains_paid_content":false,"footnotes":"","jetpack_publicize_message":"Fernando Collor denies romance with Pierre Cardin @eliseuneto","jetpack_publicize_feature_enabled":true,"jetpack_social_post_already_shared":true,"jetpack_social_options":{"image_generator_settings":{"template":"highway","default_image_id":0,"font":"","enabled":false},"version":2},"_wpas_customize_per_network":false},"categories":[589932225,589932234],"tags":[589935980,589935981,589916963],"class_list":{"0":"post-105445","1":"post","2":"type-post","3":"status-publish","4":"format-standard","5":"has-post-thumbnail","7":"category-news","8":"category-politics-en","9":"tag-fernando-collor","10":"tag-pierre-cardin","11":"tag-romance"},"yoast_head":"<!-- This site is optimized with the Yoast SEO plugin v27.1.1 - https:\/\/yoast.com\/product\/yoast-seo-wordpress\/ -->\n<title>Fernando Collor denies romance with Pierre Cardin<\/title>\n<meta name=\"description\" content=\"The former president Fernando Collor de Melo answer a tweet about a supposed romance with the stylist Pierre Cardin\" \/>\n<meta name=\"robots\" content=\"index, follow, max-snippet:-1, max-image-preview:large, max-video-preview:-1\" \/>\n<link rel=\"canonical\" href=\"https:\/\/gay.blog.br\/en\/news\/fernando-collor-denies-romance-with-pierre-cardin\/\" \/>\n<meta property=\"og:locale\" content=\"en_US\" \/>\n<meta property=\"og:type\" content=\"article\" \/>\n<meta property=\"og:title\" content=\"Fernando Collor denies romance with Pierre Cardin\" \/>\n<meta property=\"og:description\" content=\"The former president Fernando Collor de Melo answer a tweet about a supposed romance with the stylist Pierre Cardin\" \/>\n<meta property=\"og:url\" content=\"https:\/\/gay.blog.br\/en\/news\/fernando-collor-denies-romance-with-pierre-cardin\/\" \/>\n<meta property=\"og:site_name\" content=\"GAY BLOG BR @gayblogbr\" \/>\n<meta property=\"article:publisher\" content=\"https:\/\/facebook.com\/gayblogbr\" \/>\n<meta property=\"article:author\" content=\"https:\/\/www.facebook.com\/victormillerreal\" \/>\n<meta property=\"article:published_time\" content=\"2021-01-04T21:07:44+00:00\" \/>\n<meta property=\"article:modified_time\" content=\"2021-01-09T19:58:39+00:00\" \/>\n<meta property=\"og:image\" content=\"https:\/\/i1.wp.com\/gay.blog.br\/wp-content\/uploads\/2021\/01\/rsw_1280h_768i_truecg_trueft_cover.jpg?fit=1280%2C768&ssl=1\" \/>\n\t<meta property=\"og:image:width\" content=\"1280\" \/>\n\t<meta property=\"og:image:height\" content=\"768\" \/>\n\t<meta property=\"og:image:type\" content=\"image\/jpeg\" \/>\n<meta name=\"author\" content=\"Victor Miller\" \/>\n<meta name=\"twitter:card\" content=\"summary_large_image\" \/>\n<meta name=\"twitter:creator\" content=\"@https:\/\/twitter.com\/victor_miller\" \/>\n<meta name=\"twitter:site\" content=\"@gayblogbr\" \/>\n<meta name=\"twitter:label1\" content=\"Written by\" \/>\n\t<meta name=\"twitter:data1\" content=\"Victor Miller\" \/>\n\t<meta name=\"twitter:label2\" content=\"Est. reading time\" \/>\n\t<meta name=\"twitter:data2\" content=\"3 minutes\" \/>\n<script type=\"application\/ld+json\" class=\"yoast-schema-graph\">{\"@context\":\"https:\/\/schema.org\",\"@graph\":[{\"@type\":\"Article\",\"@id\":\"https:\/\/gay.blog.br\/en\/news\/fernando-collor-denies-romance-with-pierre-cardin\/#article\",\"isPartOf\":{\"@id\":\"https:\/\/gay.blog.br\/en\/news\/fernando-collor-denies-romance-with-pierre-cardin\/\"},\"author\":{\"name\":\"Victor Miller\",\"@id\":\"https:\/\/gay.blog.br\/en\/#\/schema\/person\/5e0cf06e5d5e166b6afeaefc7fc56d9d\"},\"headline\":\"Fernando Collor denies romance with Pierre Cardin\",\"datePublished\":\"2021-01-04T21:07:44+00:00\",\"dateModified\":\"2021-01-09T19:58:39+00:00\",\"mainEntityOfPage\":{\"@id\":\"https:\/\/gay.blog.br\/en\/news\/fernando-collor-denies-romance-with-pierre-cardin\/\"},\"wordCount\":592,\"commentCount\":0,\"publisher\":{\"@id\":\"https:\/\/gay.blog.br\/en\/#organization\"},\"image\":{\"@id\":\"https:\/\/gay.blog.br\/en\/news\/fernando-collor-denies-romance-with-pierre-cardin\/#primaryimage\"},\"thumbnailUrl\":\"https:\/\/i0.wp.com\/gay.blog.br\/wp-content\/uploads\/2021\/01\/rsw_1280h_768i_truecg_trueft_cover.jpg?fit=1280%2C768&ssl=1\",\"keywords\":[\"Fernando Collor\",\"Pierre Cardin\",\"romance\"],\"articleSection\":[\"NEWS\",\"POLITICS\"],\"inLanguage\":\"en-US\",\"potentialAction\":[{\"@type\":\"CommentAction\",\"name\":\"Comment\",\"target\":[\"https:\/\/gay.blog.br\/en\/news\/fernando-collor-denies-romance-with-pierre-cardin\/#respond\"]}]},{\"@type\":\"WebPage\",\"@id\":\"https:\/\/gay.blog.br\/en\/news\/fernando-collor-denies-romance-with-pierre-cardin\/\",\"url\":\"https:\/\/gay.blog.br\/en\/news\/fernando-collor-denies-romance-with-pierre-cardin\/\",\"name\":\"Fernando Collor denies romance with Pierre Cardin\",\"isPartOf\":{\"@id\":\"https:\/\/gay.blog.br\/en\/#website\"},\"primaryImageOfPage\":{\"@id\":\"https:\/\/gay.blog.br\/en\/news\/fernando-collor-denies-romance-with-pierre-cardin\/#primaryimage\"},\"image\":{\"@id\":\"https:\/\/gay.blog.br\/en\/news\/fernando-collor-denies-romance-with-pierre-cardin\/#primaryimage\"},\"thumbnailUrl\":\"https:\/\/i0.wp.com\/gay.blog.br\/wp-content\/uploads\/2021\/01\/rsw_1280h_768i_truecg_trueft_cover.jpg?fit=1280%2C768&ssl=1\",\"datePublished\":\"2021-01-04T21:07:44+00:00\",\"dateModified\":\"2021-01-09T19:58:39+00:00\",\"description\":\"The former president Fernando Collor de Melo answer a tweet about a supposed romance with the stylist Pierre Cardin\",\"breadcrumb\":{\"@id\":\"https:\/\/gay.blog.br\/en\/news\/fernando-collor-denies-romance-with-pierre-cardin\/#breadcrumb\"},\"inLanguage\":\"en-US\",\"potentialAction\":[{\"@type\":\"ReadAction\",\"target\":[\"https:\/\/gay.blog.br\/en\/news\/fernando-collor-denies-romance-with-pierre-cardin\/\"]}]},{\"@type\":\"ImageObject\",\"inLanguage\":\"en-US\",\"@id\":\"https:\/\/gay.blog.br\/en\/news\/fernando-collor-denies-romance-with-pierre-cardin\/#primaryimage\",\"url\":\"https:\/\/i0.wp.com\/gay.blog.br\/wp-content\/uploads\/2021\/01\/rsw_1280h_768i_truecg_trueft_cover.jpg?fit=1280%2C768&ssl=1\",\"contentUrl\":\"https:\/\/i0.wp.com\/gay.blog.br\/wp-content\/uploads\/2021\/01\/rsw_1280h_768i_truecg_trueft_cover.jpg?fit=1280%2C768&ssl=1\",\"width\":1280,\"height\":768,\"caption\":\"Reprodu\u00e7\u00e3o\"},{\"@type\":\"BreadcrumbList\",\"@id\":\"https:\/\/gay.blog.br\/en\/news\/fernando-collor-denies-romance-with-pierre-cardin\/#breadcrumb\",\"itemListElement\":[{\"@type\":\"ListItem\",\"position\":1,\"name\":\"In\u00edcio\",\"item\":\"https:\/\/gay.blog.br\/en\/\"},{\"@type\":\"ListItem\",\"position\":2,\"name\":\"Fernando Collor denies romance with Pierre Cardin\"}]},{\"@type\":\"WebSite\",\"@id\":\"https:\/\/gay.blog.br\/en\/#website\",\"url\":\"https:\/\/gay.blog.br\/en\/\",\"name\":\"GAY BLOG BR @gayblogbr\",\"description\":\"Not\u00edcias que empoderam e\/ou entret\u00eam s\u00e3o especialidades da casa\",\"publisher\":{\"@id\":\"https:\/\/gay.blog.br\/en\/#organization\"},\"potentialAction\":[{\"@type\":\"SearchAction\",\"target\":{\"@type\":\"EntryPoint\",\"urlTemplate\":\"https:\/\/gay.blog.br\/en\/?s={search_term_string}\"},\"query-input\":{\"@type\":\"PropertyValueSpecification\",\"valueRequired\":true,\"valueName\":\"search_term_string\"}}],\"inLanguage\":\"en-US\"},{\"@type\":\"Organization\",\"@id\":\"https:\/\/gay.blog.br\/en\/#organization\",\"name\":\"GAY BLOG BR\",\"url\":\"https:\/\/gay.blog.br\/en\/\",\"logo\":{\"@type\":\"ImageObject\",\"inLanguage\":\"en-US\",\"@id\":\"https:\/\/gay.blog.br\/en\/#\/schema\/logo\/image\/\",\"url\":\"https:\/\/i0.wp.com\/gay.blog.br\/wp-content\/uploads\/2023\/08\/gay180px.png?fit=272%2C90&ssl=1\",\"contentUrl\":\"https:\/\/i0.wp.com\/gay.blog.br\/wp-content\/uploads\/2023\/08\/gay180px.png?fit=272%2C90&ssl=1\",\"width\":272,\"height\":90,\"caption\":\"GAY BLOG BR\"},\"image\":{\"@id\":\"https:\/\/gay.blog.br\/en\/#\/schema\/logo\/image\/\"},\"sameAs\":[\"https:\/\/facebook.com\/gayblogbr\",\"https:\/\/x.com\/gayblogbr\",\"https:\/\/instagram.com\/gayblogbr\",\"https:\/\/www.linkedin.com\/company\/gayblogbr\/\",\"https:\/\/br.pinterest.com\/gayblogbr\/\",\"https:\/\/www.youtube.com\/channel\/UCdEu3JXLOB-wvWAVUF4AIiA\",\"https:\/\/pt.wikipedia.org\/wiki\/Gay_Blog_Br\",\"https:\/\/www.threads.net\/@gayblogbr\"]},{\"@type\":\"Person\",\"@id\":\"https:\/\/gay.blog.br\/en\/#\/schema\/person\/5e0cf06e5d5e166b6afeaefc7fc56d9d\",\"name\":\"Victor Miller\",\"image\":{\"@type\":\"ImageObject\",\"inLanguage\":\"en-US\",\"@id\":\"https:\/\/gay.blog.br\/en\/#\/schema\/person\/image\/\",\"url\":\"https:\/\/secure.gravatar.com\/avatar\/7c1fad0dcba879f76a2e6b9189cea981c8fcb9c7e6f40d5903cf16ba29cb80b5?s=96&d=mm&r=g\",\"contentUrl\":\"https:\/\/secure.gravatar.com\/avatar\/7c1fad0dcba879f76a2e6b9189cea981c8fcb9c7e6f40d5903cf16ba29cb80b5?s=96&d=mm&r=g\",\"caption\":\"Victor Miller\"},\"description\":\"Jornalista formado pela PUC do Rio de Janeiro, dedicou sua vida a falar sobre cultura nerd\/geek. Gay desde que se entende por gente, sempre teve desejo de trabalhar com o p\u00fablico LGBT+ e cr\u00ea que a informa\u00e7\u00e3o \u00e9 a a melhor arma contra qualquer tipo de \\\"fobia\\\"\",\"sameAs\":[\"https:\/\/gay.blog.br\/author\/victormiller\/\",\"https:\/\/www.facebook.com\/victormillerreal\",\"https:\/\/instagram.com\/victormillermiranda\",\"https:\/\/www.linkedin.com\/in\/victor-miller-266b54a7\/\",\"https:\/\/x.com\/https:\/\/twitter.com\/victor_miller\",\"https:\/\/www.youtube.com\/user\/planetasonic\"],\"url\":\"https:\/\/gay.blog.br\/en\/author\/victormiller\/\"}]}<\/script>\n<!-- \/ Yoast SEO plugin. -->","yoast_head_json":{"title":"Fernando Collor denies romance with Pierre Cardin","description":"The former president Fernando Collor de Melo answer a tweet about a supposed romance with the stylist Pierre Cardin","robots":{"index":"index","follow":"follow","max-snippet":"max-snippet:-1","max-image-preview":"max-image-preview:large","max-video-preview":"max-video-preview:-1"},"canonical":"https:\/\/gay.blog.br\/en\/news\/fernando-collor-denies-romance-with-pierre-cardin\/","og_locale":"en_US","og_type":"article","og_title":"Fernando Collor denies romance with Pierre Cardin","og_description":"The former president Fernando Collor de Melo answer a tweet about a supposed romance with the stylist Pierre Cardin","og_url":"https:\/\/gay.blog.br\/en\/news\/fernando-collor-denies-romance-with-pierre-cardin\/","og_site_name":"GAY BLOG BR @gayblogbr","article_publisher":"https:\/\/facebook.com\/gayblogbr","article_author":"https:\/\/www.facebook.com\/victormillerreal","article_published_time":"2021-01-04T21:07:44+00:00","article_modified_time":"2021-01-09T19:58:39+00:00","og_image":[{"width":1280,"height":768,"url":"https:\/\/i1.wp.com\/gay.blog.br\/wp-content\/uploads\/2021\/01\/rsw_1280h_768i_truecg_trueft_cover.jpg?fit=1280%2C768&ssl=1","type":"image\/jpeg"}],"author":"Victor Miller","twitter_card":"summary_large_image","twitter_creator":"@https:\/\/twitter.com\/victor_miller","twitter_site":"@gayblogbr","twitter_misc":{"Written by":"Victor Miller","Est. reading time":"3 minutes"},"schema":{"@context":"https:\/\/schema.org","@graph":[{"@type":"Article","@id":"https:\/\/gay.blog.br\/en\/news\/fernando-collor-denies-romance-with-pierre-cardin\/#article","isPartOf":{"@id":"https:\/\/gay.blog.br\/en\/news\/fernando-collor-denies-romance-with-pierre-cardin\/"},"author":{"name":"Victor Miller","@id":"https:\/\/gay.blog.br\/en\/#\/schema\/person\/5e0cf06e5d5e166b6afeaefc7fc56d9d"},"headline":"Fernando Collor denies romance with Pierre Cardin","datePublished":"2021-01-04T21:07:44+00:00","dateModified":"2021-01-09T19:58:39+00:00","mainEntityOfPage":{"@id":"https:\/\/gay.blog.br\/en\/news\/fernando-collor-denies-romance-with-pierre-cardin\/"},"wordCount":592,"commentCount":0,"publisher":{"@id":"https:\/\/gay.blog.br\/en\/#organization"},"image":{"@id":"https:\/\/gay.blog.br\/en\/news\/fernando-collor-denies-romance-with-pierre-cardin\/#primaryimage"},"thumbnailUrl":"https:\/\/i0.wp.com\/gay.blog.br\/wp-content\/uploads\/2021\/01\/rsw_1280h_768i_truecg_trueft_cover.jpg?fit=1280%2C768&ssl=1","keywords":["Fernando Collor","Pierre Cardin","romance"],"articleSection":["NEWS","POLITICS"],"inLanguage":"en-US","potentialAction":[{"@type":"CommentAction","name":"Comment","target":["https:\/\/gay.blog.br\/en\/news\/fernando-collor-denies-romance-with-pierre-cardin\/#respond"]}]},{"@type":"WebPage","@id":"https:\/\/gay.blog.br\/en\/news\/fernando-collor-denies-romance-with-pierre-cardin\/","url":"https:\/\/gay.blog.br\/en\/news\/fernando-collor-denies-romance-with-pierre-cardin\/","name":"Fernando Collor denies romance with Pierre Cardin","isPartOf":{"@id":"https:\/\/gay.blog.br\/en\/#website"},"primaryImageOfPage":{"@id":"https:\/\/gay.blog.br\/en\/news\/fernando-collor-denies-romance-with-pierre-cardin\/#primaryimage"},"image":{"@id":"https:\/\/gay.blog.br\/en\/news\/fernando-collor-denies-romance-with-pierre-cardin\/#primaryimage"},"thumbnailUrl":"https:\/\/i0.wp.com\/gay.blog.br\/wp-content\/uploads\/2021\/01\/rsw_1280h_768i_truecg_trueft_cover.jpg?fit=1280%2C768&ssl=1","datePublished":"2021-01-04T21:07:44+00:00","dateModified":"2021-01-09T19:58:39+00:00","description":"The former president Fernando Collor de Melo answer a tweet about a supposed romance with the stylist Pierre Cardin","breadcrumb":{"@id":"https:\/\/gay.blog.br\/en\/news\/fernando-collor-denies-romance-with-pierre-cardin\/#breadcrumb"},"inLanguage":"en-US","potentialAction":[{"@type":"ReadAction","target":["https:\/\/gay.blog.br\/en\/news\/fernando-collor-denies-romance-with-pierre-cardin\/"]}]},{"@type":"ImageObject","inLanguage":"en-US","@id":"https:\/\/gay.blog.br\/en\/news\/fernando-collor-denies-romance-with-pierre-cardin\/#primaryimage","url":"https:\/\/i0.wp.com\/gay.blog.br\/wp-content\/uploads\/2021\/01\/rsw_1280h_768i_truecg_trueft_cover.jpg?fit=1280%2C768&ssl=1","contentUrl":"https:\/\/i0.wp.com\/gay.blog.br\/wp-content\/uploads\/2021\/01\/rsw_1280h_768i_truecg_trueft_cover.jpg?fit=1280%2C768&ssl=1","width":1280,"height":768,"caption":"Reprodu\u00e7\u00e3o"},{"@type":"BreadcrumbList","@id":"https:\/\/gay.blog.br\/en\/news\/fernando-collor-denies-romance-with-pierre-cardin\/#breadcrumb","itemListElement":[{"@type":"ListItem","position":1,"name":"In\u00edcio","item":"https:\/\/gay.blog.br\/en\/"},{"@type":"ListItem","position":2,"name":"Fernando Collor denies romance with Pierre Cardin"}]},{"@type":"WebSite","@id":"https:\/\/gay.blog.br\/en\/#website","url":"https:\/\/gay.blog.br\/en\/","name":"GAY BLOG BR @gayblogbr","description":"Not\u00edcias que empoderam e\/ou entret\u00eam s\u00e3o especialidades da casa","publisher":{"@id":"https:\/\/gay.blog.br\/en\/#organization"},"potentialAction":[{"@type":"SearchAction","target":{"@type":"EntryPoint","urlTemplate":"https:\/\/gay.blog.br\/en\/?s={search_term_string}"},"query-input":{"@type":"PropertyValueSpecification","valueRequired":true,"valueName":"search_term_string"}}],"inLanguage":"en-US"},{"@type":"Organization","@id":"https:\/\/gay.blog.br\/en\/#organization","name":"GAY BLOG BR","url":"https:\/\/gay.blog.br\/en\/","logo":{"@type":"ImageObject","inLanguage":"en-US","@id":"https:\/\/gay.blog.br\/en\/#\/schema\/logo\/image\/","url":"https:\/\/i0.wp.com\/gay.blog.br\/wp-content\/uploads\/2023\/08\/gay180px.png?fit=272%2C90&ssl=1","contentUrl":"https:\/\/i0.wp.com\/gay.blog.br\/wp-content\/uploads\/2023\/08\/gay180px.png?fit=272%2C90&ssl=1","width":272,"height":90,"caption":"GAY BLOG BR"},"image":{"@id":"https:\/\/gay.blog.br\/en\/#\/schema\/logo\/image\/"},"sameAs":["https:\/\/facebook.com\/gayblogbr","https:\/\/x.com\/gayblogbr","https:\/\/instagram.com\/gayblogbr","https:\/\/www.linkedin.com\/company\/gayblogbr\/","https:\/\/br.pinterest.com\/gayblogbr\/","https:\/\/www.youtube.com\/channel\/UCdEu3JXLOB-wvWAVUF4AIiA","https:\/\/pt.wikipedia.org\/wiki\/Gay_Blog_Br","https:\/\/www.threads.net\/@gayblogbr"]},{"@type":"Person","@id":"https:\/\/gay.blog.br\/en\/#\/schema\/person\/5e0cf06e5d5e166b6afeaefc7fc56d9d","name":"Victor Miller","image":{"@type":"ImageObject","inLanguage":"en-US","@id":"https:\/\/gay.blog.br\/en\/#\/schema\/person\/image\/","url":"https:\/\/secure.gravatar.com\/avatar\/7c1fad0dcba879f76a2e6b9189cea981c8fcb9c7e6f40d5903cf16ba29cb80b5?s=96&d=mm&r=g","contentUrl":"https:\/\/secure.gravatar.com\/avatar\/7c1fad0dcba879f76a2e6b9189cea981c8fcb9c7e6f40d5903cf16ba29cb80b5?s=96&d=mm&r=g","caption":"Victor Miller"},"description":"Jornalista formado pela PUC do Rio de Janeiro, dedicou sua vida a falar sobre cultura nerd\/geek. Gay desde que se entende por gente, sempre teve desejo de trabalhar com o p\u00fablico LGBT+ e cr\u00ea que a informa\u00e7\u00e3o \u00e9 a a melhor arma contra qualquer tipo de \"fobia\"","sameAs":["https:\/\/gay.blog.br\/author\/victormiller\/","https:\/\/www.facebook.com\/victormillerreal","https:\/\/instagram.com\/victormillermiranda","https:\/\/www.linkedin.com\/in\/victor-miller-266b54a7\/","https:\/\/x.com\/https:\/\/twitter.com\/victor_miller","https:\/\/www.youtube.com\/user\/planetasonic"],"url":"https:\/\/gay.blog.br\/en\/author\/victormiller\/"}]}},"jetpack_publicize_connections":[],"jetpack_featured_media_url":"https:\/\/i0.wp.com\/gay.blog.br\/wp-content\/uploads\/2021\/01\/rsw_1280h_768i_truecg_trueft_cover.jpg?fit=1280%2C768&ssl=1","jetpack_sharing_enabled":true,"jetpack_shortlink":"https:\/\/wp.me\/p6klkK-rqJ","jetpack_likes_enabled":false,"amp_enabled":true,"_links":{"self":[{"href":"https:\/\/gay.blog.br\/en\/wp-json\/wp\/v2\/posts\/105445","targetHints":{"allow":["GET"]}}],"collection":[{"href":"https:\/\/gay.blog.br\/en\/wp-json\/wp\/v2\/posts"}],"about":[{"href":"https:\/\/gay.blog.br\/en\/wp-json\/wp\/v2\/types\/post"}],"author":[{"embeddable":true,"href":"https:\/\/gay.blog.br\/en\/wp-json\/wp\/v2\/users\/3515"}],"replies":[{"embeddable":true,"href":"https:\/\/gay.blog.br\/en\/wp-json\/wp\/v2\/comments?post=105445"}],"version-history":[{"count":0,"href":"https:\/\/gay.blog.br\/en\/wp-json\/wp\/v2\/posts\/105445\/revisions"}],"wp:featuredmedia":[{"embeddable":true,"href":"https:\/\/gay.blog.br\/en\/wp-json\/wp\/v2\/media\/104638"}],"wp:attachment":[{"href":"https:\/\/gay.blog.br\/en\/wp-json\/wp\/v2\/media?parent=105445"}],"wp:term":[{"taxonomy":"category","embeddable":true,"href":"https:\/\/gay.blog.br\/en\/wp-json\/wp\/v2\/categories?post=105445"},{"taxonomy":"post_tag","embeddable":true,"href":"https:\/\/gay.blog.br\/en\/wp-json\/wp\/v2\/tags?post=105445"}],"curies":[{"name":"wp","href":"https:\/\/api.w.org\/{rel}","templated":true}]}}