{"id":108962,"date":"2021-01-17T12:50:55","date_gmt":"2021-01-17T15:50:55","guid":{"rendered":"https:\/\/gay.blog.br\/?p=108962"},"modified":"2021-01-29T23:32:39","modified_gmt":"2021-01-30T02:32:39","slug":"joe-biden-appoints-yet-another-openly-gay-member-to-his-government","status":"publish","type":"post","link":"https:\/\/gay.blog.br\/en\/gay-en\/joe-biden-appoints-yet-another-openly-gay-member-to-his-government\/","title":{"rendered":"Joe Biden appoints yet another openly gay member to his government"},"content":{"rendered":"<p style=\"text-align: justify;\">United States President-elect Joe Biden has appointed <strong>Jeff Marootian<\/strong> to serve as the President&#8217;s special assistant on climate and science. With the choice, Marootian becomes another gay man to compose the government. The information is from the <a href=\"https:\/\/en.armradio.am\/2021\/01\/17\/armenian-american-jeff-marootian-joins-joe-bidens-climate-team\/\">Public Radio of Armenia<\/a>.<\/p>\n<p style=\"text-align: justify;\"><strong>Marootian<\/strong> has served as Director of Transportation in Washington D.C since 2017, standing out for helping companies survive during the coronavirus pandemic. He is originally from New Jersey, and graduated from George Washington University.<\/p>\n<p style=\"text-align: justify;\"><em>&#8220;He worked tirelessly to make our roads and sidewalks safer and more efficient, and built a transportation network that not only meets our needs today, but will also serve in the future&#8221;<\/em> &#8211; Washington DC Mayor Muriel E.Bowser said in a statement (via <a href=\"https:\/\/www.washingtonpost.com\/local\/trafficandcommuting\/jeff-marootian-biden\/2021\/01\/14\/06220d4c-5672-11eb-a08b-f1381ef3d207_story.html\">Washington Post<\/a>).<\/p>\n<p style=\"text-align: justify;\"><strong>Bowser<\/strong> said in a statement that the replacement of Marootian will be made soon, and that his last day in the city will be on January 21, the day after Joe Biden&#8217;s <a href=\"https:\/\/gay.blog.br\/noticias\/lady-gaga-se-diz-honrada-por-cantar-hino-dos-eua-na-posse-de-biden\/\">inauguration ceremony<\/a>.<\/p>\n<figure id=\"attachment_106828\" aria-describedby=\"caption-attachment-106828\" style=\"width: 1280px\" class=\"wp-caption aligncenter\"><a href=\"http:\/\/www.instagram.com\/gayblogbr\"><img data-recalc-dims=\"1\" loading=\"lazy\" decoding=\"async\" class=\"size-full wp-image-106828\" src=\"https:\/\/i0.wp.com\/gay.blog.br\/wp-content\/uploads\/2021\/01\/Jeff_Marootian.jpg?resize=696%2C392&#038;ssl=1\" alt=\"Joe Biden appoints yet another openly gay member to his government\" width=\"696\" height=\"392\" srcset=\"https:\/\/i0.wp.com\/gay.blog.br\/wp-content\/uploads\/2021\/01\/Jeff_Marootian.jpg?w=1280&amp;ssl=1 1280w, https:\/\/i0.wp.com\/gay.blog.br\/wp-content\/uploads\/2021\/01\/Jeff_Marootian.jpg?resize=300%2C169&amp;ssl=1 300w, https:\/\/i0.wp.com\/gay.blog.br\/wp-content\/uploads\/2021\/01\/Jeff_Marootian.jpg?resize=1024%2C576&amp;ssl=1 1024w, https:\/\/i0.wp.com\/gay.blog.br\/wp-content\/uploads\/2021\/01\/Jeff_Marootian.jpg?resize=150%2C84&amp;ssl=1 150w, https:\/\/i0.wp.com\/gay.blog.br\/wp-content\/uploads\/2021\/01\/Jeff_Marootian.jpg?resize=768%2C432&amp;ssl=1 768w, https:\/\/i0.wp.com\/gay.blog.br\/wp-content\/uploads\/2021\/01\/Jeff_Marootian.jpg?resize=696%2C392&amp;ssl=1 696w, https:\/\/i0.wp.com\/gay.blog.br\/wp-content\/uploads\/2021\/01\/Jeff_Marootian.jpg?resize=1068%2C601&amp;ssl=1 1068w, https:\/\/i0.wp.com\/gay.blog.br\/wp-content\/uploads\/2021\/01\/Jeff_Marootian.jpg?resize=747%2C420&amp;ssl=1 747w\" sizes=\"auto, (max-width: 696px) 100vw, 696px\" \/><\/a><figcaption id=\"caption-attachment-106828\" class=\"wp-caption-text\">Reproduction<\/figcaption><\/figure>\n<h3 style=\"text-align: justify;\"><strong>PETE BUTTIEG IS APPOINTED FOR TRANSPORT SECRETARIAT<\/strong><\/h3>\n<p style=\"text-align: justify;\">In addition to Marootian, another openly homosexual politician, Joe Buttigieg, was invited by the elected president of the United States to be Secretary of Transport, being the first member of the LGBTQIA + community to be a minister of the United States.<\/p>\n<p style=\"text-align: justify;\"><em>&#8220;I am nominating Pete for the Secretariat of Transport because he is prepared to act on the challenges of the intersection between jobs, infrastructure, equity and climate&#8221;<\/em> &#8211; said Biden on the appointment of Buttigieg. Biden never made an explicit promise to name an openly LGBTQ member for his government, but in an interview with CNN last week, he acknowledged the importance of including marginalized communities in his government.<\/p>\n<p>Pete Buttigieg ruled the city of South Bend, with only 100,000 inhabitants, in the state of Indiana, from 2012 to 2020. Until then he was little known on the national scene, but ended up gaining visibility after his campaign invested in pro-Trump rural areas.<\/p>\n<p style=\"text-align: justify;\">\n","protected":false},"excerpt":{"rendered":"<p>Marootian has served as Director of Transportation in Washington D.C since 2017, standing out for helping companies survive during the coronavirus pandemic.<\/p>\n","protected":false},"author":3515,"featured_media":106829,"comment_status":"open","ping_status":"open","sticky":false,"template":"","format":"standard","meta":{"googlesitekit_rrm_CAoiEBg-BXrJeACjO8p49SE4kTY:productID":"","tdm_status":"","tdm_grid_status":"","_jetpack_newsletter_access":"","_jetpack_dont_email_post_to_subs":false,"_jetpack_newsletter_tier_id":0,"_jetpack_memberships_contains_paywalled_content":false,"_jetpack_memberships_contains_paid_content":false,"footnotes":"","jetpack_publicize_message":"Joe Biden appoints yet another openly gay member to his government","jetpack_publicize_feature_enabled":true,"jetpack_social_post_already_shared":true,"jetpack_social_options":{"image_generator_settings":{"template":"highway","default_image_id":0,"font":"","enabled":false},"version":2},"_wpas_customize_per_network":false,"jetpack_post_was_ever_published":false},"categories":[589932145,589932225,589932234],"tags":[589932201,589936813,589936130],"class_list":{"0":"post-108962","1":"post","2":"type-post","3":"status-publish","4":"format-standard","5":"has-post-thumbnail","7":"category-gay-en","8":"category-news","9":"category-politics-en","10":"tag-gay-en","11":"tag-jeff-marootian-en","12":"tag-joe-biden-en"},"yoast_head":"<!-- This site is optimized with the Yoast SEO plugin v27.4 - https:\/\/yoast.com\/product\/yoast-seo-wordpress\/ -->\n<title>Joe Biden appoints yet another openly gay member to his government<\/title>\n<meta name=\"description\" content=\"President-elect of the United States, Joe Biden, has appointed Jeff Marootian to serve as special assistant on climate and science.\" \/>\n<meta name=\"robots\" content=\"index, follow, max-snippet:-1, max-image-preview:large, max-video-preview:-1\" \/>\n<link rel=\"canonical\" href=\"https:\/\/gay.blog.br\/en\/gay-en\/joe-biden-appoints-yet-another-openly-gay-member-to-his-government\/\" \/>\n<meta property=\"og:locale\" content=\"en_US\" \/>\n<meta property=\"og:type\" content=\"article\" \/>\n<meta property=\"og:title\" content=\"Joe Biden appoints yet another openly gay member to his government\" \/>\n<meta property=\"og:description\" content=\"President-elect of the United States, Joe Biden, has appointed Jeff Marootian to serve as special assistant on climate and science.\" \/>\n<meta property=\"og:url\" content=\"https:\/\/gay.blog.br\/en\/gay-en\/joe-biden-appoints-yet-another-openly-gay-member-to-his-government\/\" \/>\n<meta property=\"og:site_name\" content=\"GAY BLOG BR @gayblogbr\" \/>\n<meta property=\"article:publisher\" content=\"https:\/\/facebook.com\/gayblogbr\" \/>\n<meta property=\"article:author\" content=\"https:\/\/www.facebook.com\/victormillerreal\" \/>\n<meta property=\"article:published_time\" content=\"2021-01-17T15:50:55+00:00\" \/>\n<meta property=\"article:modified_time\" content=\"2021-01-30T02:32:39+00:00\" \/>\n<meta property=\"og:image\" content=\"https:\/\/i0.wp.com\/gay.blog.br\/wp-content\/uploads\/2021\/01\/Jeff_Marootian.jpg?fit=1280%2C720&ssl=1\" \/>\n\t<meta property=\"og:image:width\" content=\"1280\" \/>\n\t<meta property=\"og:image:height\" content=\"720\" \/>\n\t<meta property=\"og:image:type\" content=\"image\/jpeg\" \/>\n<meta name=\"author\" content=\"Victor Miller\" \/>\n<meta name=\"twitter:card\" content=\"summary_large_image\" \/>\n<meta name=\"twitter:creator\" content=\"@https:\/\/twitter.com\/victor_miller\" \/>\n<meta name=\"twitter:site\" content=\"@gayblogbr\" \/>\n<meta name=\"twitter:label1\" content=\"Written by\" \/>\n\t<meta name=\"twitter:data1\" content=\"Victor Miller\" \/>\n\t<meta name=\"twitter:label2\" content=\"Est. reading time\" \/>\n\t<meta name=\"twitter:data2\" content=\"2 minutes\" \/>\n<script type=\"application\/ld+json\" class=\"yoast-schema-graph\">{\"@context\":\"https:\\\/\\\/schema.org\",\"@graph\":[{\"@type\":\"Article\",\"@id\":\"https:\\\/\\\/gay.blog.br\\\/en\\\/gay-en\\\/joe-biden-appoints-yet-another-openly-gay-member-to-his-government\\\/#article\",\"isPartOf\":{\"@id\":\"https:\\\/\\\/gay.blog.br\\\/en\\\/gay-en\\\/joe-biden-appoints-yet-another-openly-gay-member-to-his-government\\\/\"},\"author\":{\"name\":\"Victor Miller\",\"@id\":\"https:\\\/\\\/gay.blog.br\\\/en\\\/#\\\/schema\\\/person\\\/5e0cf06e5d5e166b6afeaefc7fc56d9d\"},\"headline\":\"Joe Biden appoints yet another openly gay member to his government\",\"datePublished\":\"2021-01-17T15:50:55+00:00\",\"dateModified\":\"2021-01-30T02:32:39+00:00\",\"mainEntityOfPage\":{\"@id\":\"https:\\\/\\\/gay.blog.br\\\/en\\\/gay-en\\\/joe-biden-appoints-yet-another-openly-gay-member-to-his-government\\\/\"},\"wordCount\":333,\"commentCount\":0,\"publisher\":{\"@id\":\"https:\\\/\\\/gay.blog.br\\\/en\\\/#organization\"},\"image\":{\"@id\":\"https:\\\/\\\/gay.blog.br\\\/en\\\/gay-en\\\/joe-biden-appoints-yet-another-openly-gay-member-to-his-government\\\/#primaryimage\"},\"thumbnailUrl\":\"https:\\\/\\\/i0.wp.com\\\/gay.blog.br\\\/wp-content\\\/uploads\\\/2021\\\/01\\\/Jeff_Marootian.jpg?fit=1280%2C720&ssl=1\",\"keywords\":[\"GAY\",\"Jeff Marootian\",\"joe biden\"],\"articleSection\":[\"GAY\",\"NEWS\",\"POLITICS\"],\"inLanguage\":\"en-US\",\"potentialAction\":[{\"@type\":\"CommentAction\",\"name\":\"Comment\",\"target\":[\"https:\\\/\\\/gay.blog.br\\\/en\\\/gay-en\\\/joe-biden-appoints-yet-another-openly-gay-member-to-his-government\\\/#respond\"]}]},{\"@type\":\"WebPage\",\"@id\":\"https:\\\/\\\/gay.blog.br\\\/en\\\/gay-en\\\/joe-biden-appoints-yet-another-openly-gay-member-to-his-government\\\/\",\"url\":\"https:\\\/\\\/gay.blog.br\\\/en\\\/gay-en\\\/joe-biden-appoints-yet-another-openly-gay-member-to-his-government\\\/\",\"name\":\"Joe Biden appoints yet another openly gay member to his government\",\"isPartOf\":{\"@id\":\"https:\\\/\\\/gay.blog.br\\\/en\\\/#website\"},\"primaryImageOfPage\":{\"@id\":\"https:\\\/\\\/gay.blog.br\\\/en\\\/gay-en\\\/joe-biden-appoints-yet-another-openly-gay-member-to-his-government\\\/#primaryimage\"},\"image\":{\"@id\":\"https:\\\/\\\/gay.blog.br\\\/en\\\/gay-en\\\/joe-biden-appoints-yet-another-openly-gay-member-to-his-government\\\/#primaryimage\"},\"thumbnailUrl\":\"https:\\\/\\\/i0.wp.com\\\/gay.blog.br\\\/wp-content\\\/uploads\\\/2021\\\/01\\\/Jeff_Marootian.jpg?fit=1280%2C720&ssl=1\",\"datePublished\":\"2021-01-17T15:50:55+00:00\",\"dateModified\":\"2021-01-30T02:32:39+00:00\",\"description\":\"President-elect of the United States, Joe Biden, has appointed Jeff Marootian to serve as special assistant on climate and science.\",\"breadcrumb\":{\"@id\":\"https:\\\/\\\/gay.blog.br\\\/en\\\/gay-en\\\/joe-biden-appoints-yet-another-openly-gay-member-to-his-government\\\/#breadcrumb\"},\"inLanguage\":\"en-US\",\"potentialAction\":[{\"@type\":\"ReadAction\",\"target\":[\"https:\\\/\\\/gay.blog.br\\\/en\\\/gay-en\\\/joe-biden-appoints-yet-another-openly-gay-member-to-his-government\\\/\"]}]},{\"@type\":\"ImageObject\",\"inLanguage\":\"en-US\",\"@id\":\"https:\\\/\\\/gay.blog.br\\\/en\\\/gay-en\\\/joe-biden-appoints-yet-another-openly-gay-member-to-his-government\\\/#primaryimage\",\"url\":\"https:\\\/\\\/i0.wp.com\\\/gay.blog.br\\\/wp-content\\\/uploads\\\/2021\\\/01\\\/Jeff_Marootian.jpg?fit=1280%2C720&ssl=1\",\"contentUrl\":\"https:\\\/\\\/i0.wp.com\\\/gay.blog.br\\\/wp-content\\\/uploads\\\/2021\\\/01\\\/Jeff_Marootian.jpg?fit=1280%2C720&ssl=1\",\"width\":1280,\"height\":720,\"caption\":\"Reprodu\u00e7\u00e3o\"},{\"@type\":\"BreadcrumbList\",\"@id\":\"https:\\\/\\\/gay.blog.br\\\/en\\\/gay-en\\\/joe-biden-appoints-yet-another-openly-gay-member-to-his-government\\\/#breadcrumb\",\"itemListElement\":[{\"@type\":\"ListItem\",\"position\":1,\"name\":\"In\u00edcio\",\"item\":\"https:\\\/\\\/gay.blog.br\\\/en\\\/\"},{\"@type\":\"ListItem\",\"position\":2,\"name\":\"Joe Biden appoints yet another openly gay member to his government\"}]},{\"@type\":\"WebSite\",\"@id\":\"https:\\\/\\\/gay.blog.br\\\/en\\\/#website\",\"url\":\"https:\\\/\\\/gay.blog.br\\\/en\\\/\",\"name\":\"GAY BLOG BR @gayblogbr\",\"description\":\"Not\u00edcias que empoderam e\\\/ou entret\u00eam s\u00e3o especialidades da casa\",\"publisher\":{\"@id\":\"https:\\\/\\\/gay.blog.br\\\/en\\\/#organization\"},\"potentialAction\":[{\"@type\":\"SearchAction\",\"target\":{\"@type\":\"EntryPoint\",\"urlTemplate\":\"https:\\\/\\\/gay.blog.br\\\/en\\\/?s={search_term_string}\"},\"query-input\":{\"@type\":\"PropertyValueSpecification\",\"valueRequired\":true,\"valueName\":\"search_term_string\"}}],\"inLanguage\":\"en-US\"},{\"@type\":\"Organization\",\"@id\":\"https:\\\/\\\/gay.blog.br\\\/en\\\/#organization\",\"name\":\"GAY BLOG BR\",\"url\":\"https:\\\/\\\/gay.blog.br\\\/en\\\/\",\"logo\":{\"@type\":\"ImageObject\",\"inLanguage\":\"en-US\",\"@id\":\"https:\\\/\\\/gay.blog.br\\\/en\\\/#\\\/schema\\\/logo\\\/image\\\/\",\"url\":\"https:\\\/\\\/i0.wp.com\\\/gay.blog.br\\\/wp-content\\\/uploads\\\/2023\\\/08\\\/gay180px.png?fit=272%2C90&ssl=1\",\"contentUrl\":\"https:\\\/\\\/i0.wp.com\\\/gay.blog.br\\\/wp-content\\\/uploads\\\/2023\\\/08\\\/gay180px.png?fit=272%2C90&ssl=1\",\"width\":272,\"height\":90,\"caption\":\"GAY BLOG BR\"},\"image\":{\"@id\":\"https:\\\/\\\/gay.blog.br\\\/en\\\/#\\\/schema\\\/logo\\\/image\\\/\"},\"sameAs\":[\"https:\\\/\\\/facebook.com\\\/gayblogbr\",\"https:\\\/\\\/x.com\\\/gayblogbr\",\"https:\\\/\\\/instagram.com\\\/gayblogbr\",\"https:\\\/\\\/www.linkedin.com\\\/company\\\/gayblogbr\\\/\",\"https:\\\/\\\/br.pinterest.com\\\/gayblogbr\\\/\",\"https:\\\/\\\/www.youtube.com\\\/channel\\\/UCdEu3JXLOB-wvWAVUF4AIiA\",\"https:\\\/\\\/pt.wikipedia.org\\\/wiki\\\/Gay_Blog_Br\",\"https:\\\/\\\/www.threads.net\\\/@gayblogbr\"]},{\"@type\":\"Person\",\"@id\":\"https:\\\/\\\/gay.blog.br\\\/en\\\/#\\\/schema\\\/person\\\/5e0cf06e5d5e166b6afeaefc7fc56d9d\",\"name\":\"Victor Miller\",\"image\":{\"@type\":\"ImageObject\",\"inLanguage\":\"en-US\",\"@id\":\"https:\\\/\\\/secure.gravatar.com\\\/avatar\\\/7c1fad0dcba879f76a2e6b9189cea981c8fcb9c7e6f40d5903cf16ba29cb80b5?s=96&d=mm&r=g\",\"url\":\"https:\\\/\\\/secure.gravatar.com\\\/avatar\\\/7c1fad0dcba879f76a2e6b9189cea981c8fcb9c7e6f40d5903cf16ba29cb80b5?s=96&d=mm&r=g\",\"contentUrl\":\"https:\\\/\\\/secure.gravatar.com\\\/avatar\\\/7c1fad0dcba879f76a2e6b9189cea981c8fcb9c7e6f40d5903cf16ba29cb80b5?s=96&d=mm&r=g\",\"caption\":\"Victor Miller\"},\"description\":\"Jornalista formado pela PUC do Rio de Janeiro, dedicou sua vida a falar sobre cultura nerd\\\/geek. Gay desde que se entende por gente, sempre teve desejo de trabalhar com o p\u00fablico LGBT+ e cr\u00ea que a informa\u00e7\u00e3o \u00e9 a a melhor arma contra qualquer tipo de \\\"fobia\\\"\",\"sameAs\":[\"https:\\\/\\\/gay.blog.br\\\/author\\\/victormiller\\\/\",\"https:\\\/\\\/www.facebook.com\\\/victormillerreal\",\"https:\\\/\\\/instagram.com\\\/victormillermiranda\",\"https:\\\/\\\/www.linkedin.com\\\/in\\\/victor-miller-266b54a7\\\/\",\"https:\\\/\\\/x.com\\\/https:\\\/\\\/twitter.com\\\/victor_miller\",\"https:\\\/\\\/www.youtube.com\\\/user\\\/planetasonic\"],\"url\":\"https:\\\/\\\/gay.blog.br\\\/en\\\/author\\\/victormiller\\\/\"}]}<\/script>\n<!-- \/ Yoast SEO plugin. -->","yoast_head_json":{"title":"Joe Biden appoints yet another openly gay member to his government","description":"President-elect of the United States, Joe Biden, has appointed Jeff Marootian to serve as special assistant on climate and science.","robots":{"index":"index","follow":"follow","max-snippet":"max-snippet:-1","max-image-preview":"max-image-preview:large","max-video-preview":"max-video-preview:-1"},"canonical":"https:\/\/gay.blog.br\/en\/gay-en\/joe-biden-appoints-yet-another-openly-gay-member-to-his-government\/","og_locale":"en_US","og_type":"article","og_title":"Joe Biden appoints yet another openly gay member to his government","og_description":"President-elect of the United States, Joe Biden, has appointed Jeff Marootian to serve as special assistant on climate and science.","og_url":"https:\/\/gay.blog.br\/en\/gay-en\/joe-biden-appoints-yet-another-openly-gay-member-to-his-government\/","og_site_name":"GAY BLOG BR @gayblogbr","article_publisher":"https:\/\/facebook.com\/gayblogbr","article_author":"https:\/\/www.facebook.com\/victormillerreal","article_published_time":"2021-01-17T15:50:55+00:00","article_modified_time":"2021-01-30T02:32:39+00:00","og_image":[{"width":1280,"height":720,"url":"https:\/\/i0.wp.com\/gay.blog.br\/wp-content\/uploads\/2021\/01\/Jeff_Marootian.jpg?fit=1280%2C720&ssl=1","type":"image\/jpeg"}],"author":"Victor Miller","twitter_card":"summary_large_image","twitter_creator":"@https:\/\/twitter.com\/victor_miller","twitter_site":"@gayblogbr","twitter_misc":{"Written by":"Victor Miller","Est. reading time":"2 minutes"},"schema":{"@context":"https:\/\/schema.org","@graph":[{"@type":"Article","@id":"https:\/\/gay.blog.br\/en\/gay-en\/joe-biden-appoints-yet-another-openly-gay-member-to-his-government\/#article","isPartOf":{"@id":"https:\/\/gay.blog.br\/en\/gay-en\/joe-biden-appoints-yet-another-openly-gay-member-to-his-government\/"},"author":{"name":"Victor Miller","@id":"https:\/\/gay.blog.br\/en\/#\/schema\/person\/5e0cf06e5d5e166b6afeaefc7fc56d9d"},"headline":"Joe Biden appoints yet another openly gay member to his government","datePublished":"2021-01-17T15:50:55+00:00","dateModified":"2021-01-30T02:32:39+00:00","mainEntityOfPage":{"@id":"https:\/\/gay.blog.br\/en\/gay-en\/joe-biden-appoints-yet-another-openly-gay-member-to-his-government\/"},"wordCount":333,"commentCount":0,"publisher":{"@id":"https:\/\/gay.blog.br\/en\/#organization"},"image":{"@id":"https:\/\/gay.blog.br\/en\/gay-en\/joe-biden-appoints-yet-another-openly-gay-member-to-his-government\/#primaryimage"},"thumbnailUrl":"https:\/\/i0.wp.com\/gay.blog.br\/wp-content\/uploads\/2021\/01\/Jeff_Marootian.jpg?fit=1280%2C720&ssl=1","keywords":["GAY","Jeff Marootian","joe biden"],"articleSection":["GAY","NEWS","POLITICS"],"inLanguage":"en-US","potentialAction":[{"@type":"CommentAction","name":"Comment","target":["https:\/\/gay.blog.br\/en\/gay-en\/joe-biden-appoints-yet-another-openly-gay-member-to-his-government\/#respond"]}]},{"@type":"WebPage","@id":"https:\/\/gay.blog.br\/en\/gay-en\/joe-biden-appoints-yet-another-openly-gay-member-to-his-government\/","url":"https:\/\/gay.blog.br\/en\/gay-en\/joe-biden-appoints-yet-another-openly-gay-member-to-his-government\/","name":"Joe Biden appoints yet another openly gay member to his government","isPartOf":{"@id":"https:\/\/gay.blog.br\/en\/#website"},"primaryImageOfPage":{"@id":"https:\/\/gay.blog.br\/en\/gay-en\/joe-biden-appoints-yet-another-openly-gay-member-to-his-government\/#primaryimage"},"image":{"@id":"https:\/\/gay.blog.br\/en\/gay-en\/joe-biden-appoints-yet-another-openly-gay-member-to-his-government\/#primaryimage"},"thumbnailUrl":"https:\/\/i0.wp.com\/gay.blog.br\/wp-content\/uploads\/2021\/01\/Jeff_Marootian.jpg?fit=1280%2C720&ssl=1","datePublished":"2021-01-17T15:50:55+00:00","dateModified":"2021-01-30T02:32:39+00:00","description":"President-elect of the United States, Joe Biden, has appointed Jeff Marootian to serve as special assistant on climate and science.","breadcrumb":{"@id":"https:\/\/gay.blog.br\/en\/gay-en\/joe-biden-appoints-yet-another-openly-gay-member-to-his-government\/#breadcrumb"},"inLanguage":"en-US","potentialAction":[{"@type":"ReadAction","target":["https:\/\/gay.blog.br\/en\/gay-en\/joe-biden-appoints-yet-another-openly-gay-member-to-his-government\/"]}]},{"@type":"ImageObject","inLanguage":"en-US","@id":"https:\/\/gay.blog.br\/en\/gay-en\/joe-biden-appoints-yet-another-openly-gay-member-to-his-government\/#primaryimage","url":"https:\/\/i0.wp.com\/gay.blog.br\/wp-content\/uploads\/2021\/01\/Jeff_Marootian.jpg?fit=1280%2C720&ssl=1","contentUrl":"https:\/\/i0.wp.com\/gay.blog.br\/wp-content\/uploads\/2021\/01\/Jeff_Marootian.jpg?fit=1280%2C720&ssl=1","width":1280,"height":720,"caption":"Reprodu\u00e7\u00e3o"},{"@type":"BreadcrumbList","@id":"https:\/\/gay.blog.br\/en\/gay-en\/joe-biden-appoints-yet-another-openly-gay-member-to-his-government\/#breadcrumb","itemListElement":[{"@type":"ListItem","position":1,"name":"In\u00edcio","item":"https:\/\/gay.blog.br\/en\/"},{"@type":"ListItem","position":2,"name":"Joe Biden appoints yet another openly gay member to his government"}]},{"@type":"WebSite","@id":"https:\/\/gay.blog.br\/en\/#website","url":"https:\/\/gay.blog.br\/en\/","name":"GAY BLOG BR @gayblogbr","description":"Not\u00edcias que empoderam e\/ou entret\u00eam s\u00e3o especialidades da casa","publisher":{"@id":"https:\/\/gay.blog.br\/en\/#organization"},"potentialAction":[{"@type":"SearchAction","target":{"@type":"EntryPoint","urlTemplate":"https:\/\/gay.blog.br\/en\/?s={search_term_string}"},"query-input":{"@type":"PropertyValueSpecification","valueRequired":true,"valueName":"search_term_string"}}],"inLanguage":"en-US"},{"@type":"Organization","@id":"https:\/\/gay.blog.br\/en\/#organization","name":"GAY BLOG BR","url":"https:\/\/gay.blog.br\/en\/","logo":{"@type":"ImageObject","inLanguage":"en-US","@id":"https:\/\/gay.blog.br\/en\/#\/schema\/logo\/image\/","url":"https:\/\/i0.wp.com\/gay.blog.br\/wp-content\/uploads\/2023\/08\/gay180px.png?fit=272%2C90&ssl=1","contentUrl":"https:\/\/i0.wp.com\/gay.blog.br\/wp-content\/uploads\/2023\/08\/gay180px.png?fit=272%2C90&ssl=1","width":272,"height":90,"caption":"GAY BLOG BR"},"image":{"@id":"https:\/\/gay.blog.br\/en\/#\/schema\/logo\/image\/"},"sameAs":["https:\/\/facebook.com\/gayblogbr","https:\/\/x.com\/gayblogbr","https:\/\/instagram.com\/gayblogbr","https:\/\/www.linkedin.com\/company\/gayblogbr\/","https:\/\/br.pinterest.com\/gayblogbr\/","https:\/\/www.youtube.com\/channel\/UCdEu3JXLOB-wvWAVUF4AIiA","https:\/\/pt.wikipedia.org\/wiki\/Gay_Blog_Br","https:\/\/www.threads.net\/@gayblogbr"]},{"@type":"Person","@id":"https:\/\/gay.blog.br\/en\/#\/schema\/person\/5e0cf06e5d5e166b6afeaefc7fc56d9d","name":"Victor Miller","image":{"@type":"ImageObject","inLanguage":"en-US","@id":"https:\/\/secure.gravatar.com\/avatar\/7c1fad0dcba879f76a2e6b9189cea981c8fcb9c7e6f40d5903cf16ba29cb80b5?s=96&d=mm&r=g","url":"https:\/\/secure.gravatar.com\/avatar\/7c1fad0dcba879f76a2e6b9189cea981c8fcb9c7e6f40d5903cf16ba29cb80b5?s=96&d=mm&r=g","contentUrl":"https:\/\/secure.gravatar.com\/avatar\/7c1fad0dcba879f76a2e6b9189cea981c8fcb9c7e6f40d5903cf16ba29cb80b5?s=96&d=mm&r=g","caption":"Victor Miller"},"description":"Jornalista formado pela PUC do Rio de Janeiro, dedicou sua vida a falar sobre cultura nerd\/geek. Gay desde que se entende por gente, sempre teve desejo de trabalhar com o p\u00fablico LGBT+ e cr\u00ea que a informa\u00e7\u00e3o \u00e9 a a melhor arma contra qualquer tipo de \"fobia\"","sameAs":["https:\/\/gay.blog.br\/author\/victormiller\/","https:\/\/www.facebook.com\/victormillerreal","https:\/\/instagram.com\/victormillermiranda","https:\/\/www.linkedin.com\/in\/victor-miller-266b54a7\/","https:\/\/x.com\/https:\/\/twitter.com\/victor_miller","https:\/\/www.youtube.com\/user\/planetasonic"],"url":"https:\/\/gay.blog.br\/en\/author\/victormiller\/"}]}},"jetpack_publicize_connections":[],"jetpack_featured_media_url":"https:\/\/i0.wp.com\/gay.blog.br\/wp-content\/uploads\/2021\/01\/Jeff_Marootian.jpg?fit=1280%2C720&ssl=1","jetpack_sharing_enabled":true,"jetpack_shortlink":"https:\/\/wp.me\/p6klkK-sls","jetpack_likes_enabled":false,"amp_enabled":true,"_links":{"self":[{"href":"https:\/\/gay.blog.br\/en\/wp-json\/wp\/v2\/posts\/108962","targetHints":{"allow":["GET"]}}],"collection":[{"href":"https:\/\/gay.blog.br\/en\/wp-json\/wp\/v2\/posts"}],"about":[{"href":"https:\/\/gay.blog.br\/en\/wp-json\/wp\/v2\/types\/post"}],"author":[{"embeddable":true,"href":"https:\/\/gay.blog.br\/en\/wp-json\/wp\/v2\/users\/3515"}],"replies":[{"embeddable":true,"href":"https:\/\/gay.blog.br\/en\/wp-json\/wp\/v2\/comments?post=108962"}],"version-history":[{"count":0,"href":"https:\/\/gay.blog.br\/en\/wp-json\/wp\/v2\/posts\/108962\/revisions"}],"wp:featuredmedia":[{"embeddable":true,"href":"https:\/\/gay.blog.br\/en\/wp-json\/wp\/v2\/media\/106829"}],"wp:attachment":[{"href":"https:\/\/gay.blog.br\/en\/wp-json\/wp\/v2\/media?parent=108962"}],"wp:term":[{"taxonomy":"category","embeddable":true,"href":"https:\/\/gay.blog.br\/en\/wp-json\/wp\/v2\/categories?post=108962"},{"taxonomy":"post_tag","embeddable":true,"href":"https:\/\/gay.blog.br\/en\/wp-json\/wp\/v2\/tags?post=108962"}],"curies":[{"name":"wp","href":"https:\/\/api.w.org\/{rel}","templated":true}]}}