{"id":112960,"date":"2020-11-09T16:00:41","date_gmt":"2020-11-09T19:00:41","guid":{"rendered":"https:\/\/gay.blog.br\/?p=112960"},"modified":"2021-02-22T23:10:51","modified_gmt":"2021-02-23T02:10:51","slug":"collective-candidacies-to-city-councils-attract-lgbtq-candidates","status":"publish","type":"post","link":"https:\/\/gay.blog.br\/en\/politics-en\/collective-candidacies-to-city-councils-attract-lgbtq-candidates\/","title":{"rendered":"Collective candidacies to city councils attract LGBTQ+ candidates"},"content":{"rendered":"<p style=\"text-align: justify;\">This year&#8217;s elections have already gone down in history due to the increase in candidacies from LGBTQ+ people. According to a <a href=\"https:\/\/antrabrasil.files.wordpress.com\/2020\/10\/lista-final-23out.pdf\">survey<\/a> by the National Association of Transsexuals and Transvestites (ANTRA), there are 285 in 25 states in the country. In addition to launching into politics in individual candidacies, LGBTQ+ are also adhering to <strong>collective mandates<\/strong>.<\/p>\n<p style=\"text-align: justify;\">This way of doing politics is not new and is growing every year. Collective mandates are groups of people who come together to compete for a cause or because they have affinities. Although everyone participates in the campaign and appears in advertising, only one candidate is official. That is how the electoral law determines, which does not provide for the collective model.<\/p>\n<p style=\"text-align: justify;\">An example is the psychoanalyst and activist for the rights of LGBTQ+ <a href=\"http:\/\/twitter.com\/eliseuneto\"><strong>Eliseu Neto<\/strong><\/a>, who has been articulating in politics with projects for the criminalization of homotransfbia and is one of the nine cocandidates of Bancada do Livro, a collective that competes for a place in the Rio de Janeiro City Council. The name of one of them &#8211; the official candidate &#8211; is Vanessa of the Book Bench.<\/p>\n<figure id=\"attachment_94399\" aria-describedby=\"caption-attachment-94399\" style=\"width: 1200px\" class=\"wp-caption aligncenter\"><img data-recalc-dims=\"1\" loading=\"lazy\" decoding=\"async\" class=\"size-full wp-image-94399\" src=\"https:\/\/i0.wp.com\/gay.blog.br\/wp-content\/uploads\/2020\/11\/eliseu.jpg?resize=696%2C522&#038;ssl=1\" alt=\"\" width=\"696\" height=\"522\" srcset=\"https:\/\/i0.wp.com\/gay.blog.br\/wp-content\/uploads\/2020\/11\/eliseu.jpg?w=1200&amp;ssl=1 1200w, https:\/\/i0.wp.com\/gay.blog.br\/wp-content\/uploads\/2020\/11\/eliseu.jpg?resize=300%2C225&amp;ssl=1 300w, https:\/\/i0.wp.com\/gay.blog.br\/wp-content\/uploads\/2020\/11\/eliseu.jpg?resize=1024%2C768&amp;ssl=1 1024w, https:\/\/i0.wp.com\/gay.blog.br\/wp-content\/uploads\/2020\/11\/eliseu.jpg?resize=150%2C113&amp;ssl=1 150w, https:\/\/i0.wp.com\/gay.blog.br\/wp-content\/uploads\/2020\/11\/eliseu.jpg?resize=768%2C576&amp;ssl=1 768w, https:\/\/i0.wp.com\/gay.blog.br\/wp-content\/uploads\/2020\/11\/eliseu.jpg?resize=696%2C522&amp;ssl=1 696w, https:\/\/i0.wp.com\/gay.blog.br\/wp-content\/uploads\/2020\/11\/eliseu.jpg?resize=1068%2C801&amp;ssl=1 1068w, https:\/\/i0.wp.com\/gay.blog.br\/wp-content\/uploads\/2020\/11\/eliseu.jpg?resize=560%2C420&amp;ssl=1 560w, https:\/\/i0.wp.com\/gay.blog.br\/wp-content\/uploads\/2020\/11\/eliseu.jpg?resize=1120%2C840&amp;ssl=1 1120w, https:\/\/i0.wp.com\/gay.blog.br\/wp-content\/uploads\/2020\/11\/eliseu.jpg?resize=80%2C60&amp;ssl=1 80w, https:\/\/i0.wp.com\/gay.blog.br\/wp-content\/uploads\/2020\/11\/eliseu.jpg?resize=160%2C120&amp;ssl=1 160w, https:\/\/i0.wp.com\/gay.blog.br\/wp-content\/uploads\/2020\/11\/eliseu.jpg?resize=265%2C198&amp;ssl=1 265w\" sizes=\"auto, (max-width: 696px) 100vw, 696px\" \/><figcaption id=\"caption-attachment-94399\" class=\"wp-caption-text\">Eliseu Neto (in green, in the center) is an activist and co-candidate in Rio (Photo: reproduction)<\/figcaption><\/figure>\n<figure id=\"attachment_94425\" aria-describedby=\"caption-attachment-94425\" style=\"width: 1280px\" class=\"wp-caption aligncenter\"><img data-recalc-dims=\"1\" loading=\"lazy\" decoding=\"async\" class=\"size-full wp-image-94425\" src=\"https:\/\/i0.wp.com\/gay.blog.br\/wp-content\/uploads\/2020\/11\/WhatsApp-Image-2020-11-09-at-16.37.02.jpeg?resize=696%2C522&#038;ssl=1\" alt=\"\" width=\"696\" height=\"522\" srcset=\"https:\/\/i0.wp.com\/gay.blog.br\/wp-content\/uploads\/2020\/11\/WhatsApp-Image-2020-11-09-at-16.37.02.jpeg?w=1280&amp;ssl=1 1280w, https:\/\/i0.wp.com\/gay.blog.br\/wp-content\/uploads\/2020\/11\/WhatsApp-Image-2020-11-09-at-16.37.02.jpeg?resize=300%2C225&amp;ssl=1 300w, https:\/\/i0.wp.com\/gay.blog.br\/wp-content\/uploads\/2020\/11\/WhatsApp-Image-2020-11-09-at-16.37.02.jpeg?resize=1024%2C768&amp;ssl=1 1024w, https:\/\/i0.wp.com\/gay.blog.br\/wp-content\/uploads\/2020\/11\/WhatsApp-Image-2020-11-09-at-16.37.02.jpeg?resize=150%2C113&amp;ssl=1 150w, https:\/\/i0.wp.com\/gay.blog.br\/wp-content\/uploads\/2020\/11\/WhatsApp-Image-2020-11-09-at-16.37.02.jpeg?resize=768%2C576&amp;ssl=1 768w, https:\/\/i0.wp.com\/gay.blog.br\/wp-content\/uploads\/2020\/11\/WhatsApp-Image-2020-11-09-at-16.37.02.jpeg?resize=696%2C522&amp;ssl=1 696w, https:\/\/i0.wp.com\/gay.blog.br\/wp-content\/uploads\/2020\/11\/WhatsApp-Image-2020-11-09-at-16.37.02.jpeg?resize=1068%2C801&amp;ssl=1 1068w, https:\/\/i0.wp.com\/gay.blog.br\/wp-content\/uploads\/2020\/11\/WhatsApp-Image-2020-11-09-at-16.37.02.jpeg?resize=560%2C420&amp;ssl=1 560w, https:\/\/i0.wp.com\/gay.blog.br\/wp-content\/uploads\/2020\/11\/WhatsApp-Image-2020-11-09-at-16.37.02.jpeg?resize=1120%2C840&amp;ssl=1 1120w, https:\/\/i0.wp.com\/gay.blog.br\/wp-content\/uploads\/2020\/11\/WhatsApp-Image-2020-11-09-at-16.37.02.jpeg?resize=80%2C60&amp;ssl=1 80w, https:\/\/i0.wp.com\/gay.blog.br\/wp-content\/uploads\/2020\/11\/WhatsApp-Image-2020-11-09-at-16.37.02.jpeg?resize=160%2C120&amp;ssl=1 160w, https:\/\/i0.wp.com\/gay.blog.br\/wp-content\/uploads\/2020\/11\/WhatsApp-Image-2020-11-09-at-16.37.02.jpeg?resize=265%2C198&amp;ssl=1 265w\" sizes=\"auto, (max-width: 696px) 100vw, 696px\" \/><figcaption id=\"caption-attachment-94425\" class=\"wp-caption-text\">Photo: reproduction<\/figcaption><\/figure>\n<p style=\"text-align: justify;\">According to the collective&#8217;s website, they intend to<em>&#8220;face the growing obscurantism that showed its most aggressive face at the Book Biennial, when the mayor of the city of Rio de Janeiro tried to censor a book with content that he deemed inappropriate&#8221;<\/em>.<\/p>\n<p style=\"text-align: justify;\">The case of the <a href=\"https:\/\/gay.blog.br\/noticias\/ministerio-publico-do-rj-abre-inquerito-contra-marcelo-crivella-por-censura\/\">censored book<\/a> reverberated throughout the country. The mayor and evangelical pastor <strong>Marcelo Crivella<\/strong> gave orders for inspectors to collect a publication for the young audience with a kiss between two characters on the cover. The society reacted to the mayor and the kiss ended on the front page of <em>Folha de S. Paulo<\/em>.<\/p>\n<figure id=\"attachment_94395\" aria-describedby=\"caption-attachment-94395\" style=\"width: 608px\" class=\"wp-caption aligncenter\"><img data-recalc-dims=\"1\" loading=\"lazy\" decoding=\"async\" class=\"size-full wp-image-94395\" src=\"https:\/\/i0.wp.com\/gay.blog.br\/wp-content\/uploads\/2020\/11\/beth.png?resize=608%2C731&#038;ssl=1\" alt=\"\" width=\"608\" height=\"731\" srcset=\"https:\/\/i0.wp.com\/gay.blog.br\/wp-content\/uploads\/2020\/11\/beth.png?w=608&amp;ssl=1 608w, https:\/\/i0.wp.com\/gay.blog.br\/wp-content\/uploads\/2020\/11\/beth.png?resize=250%2C300&amp;ssl=1 250w, https:\/\/i0.wp.com\/gay.blog.br\/wp-content\/uploads\/2020\/11\/beth.png?resize=125%2C150&amp;ssl=1 125w, https:\/\/i0.wp.com\/gay.blog.br\/wp-content\/uploads\/2020\/11\/beth.png?resize=349%2C420&amp;ssl=1 349w\" sizes=\"auto, (max-width: 608px) 100vw, 608px\" \/><figcaption id=\"caption-attachment-94395\" class=\"wp-caption-text\">Beth Caline, co-candidate in Goi\u00e2nia \/ Instagram<\/figcaption><\/figure>\n<p style=\"text-align: justify;\"><strong>Trans in collective<\/strong><\/p>\n<p style=\"text-align: justify;\">In Goi\u00e1s, at least <a href=\"https:\/\/gay.blog.br\/noticias\/vote-lgbtq-renan-quinalha-convida-bruna-benevides-para-falar-sobre-representatividade-trans-na-politica\/\">30 candidates are openly gay<\/a>, according to a survey by the Goiano Institute of Citizenship and Human Rights (IGCDH). In the capital, Goi\u00e2nia, <strong>Beth Caline<\/strong>, a 23-year-old trans woman, competes in the collective \u201cNow it&#8217;s up to them! Together and mixed \u201d.<\/p>\n<p>In Goiana politics, there are no names that represent the LGBT population in their basic demands, Beth Caline told the <a href=\"https:\/\/www.jornalopcao.com.br\/reportagens\/candidaturas-lgbt-emplacam-e-colorem-eleicoes-municipais-284125\/\">newspaper Op\u00e7\u00e3o<\/a>, about the motivation to run.<\/p>\n<p style=\"text-align: justify;\">The hairdresser competes for a place in the chamber alongside social scientist <strong>C\u00edntia Dias<\/strong>, 43, university professor <strong>Cristiane Lemos<\/strong>, 47, and pedagogue <strong>Val\u00e9ria da Congada<\/strong>, 49.<\/p>\n","protected":false},"excerpt":{"rendered":"<p>In the year that LGBTQ+ candidacies set records, collective mandates are also an alternative to conquer space in politics<\/p>\n","protected":false},"author":3039,"featured_media":94400,"comment_status":"open","ping_status":"open","sticky":false,"template":"","format":"standard","meta":{"googlesitekit_rrm_CAoiEBg-BXrJeACjO8p49SE4kTY:productID":"","tdm_status":"","tdm_grid_status":"","_jetpack_newsletter_access":"","_jetpack_dont_email_post_to_subs":false,"_jetpack_newsletter_tier_id":0,"_jetpack_memberships_contains_paywalled_content":false,"_jetpack_memberships_contains_paid_content":false,"footnotes":"","jetpack_publicize_message":"Collective candidacies to city councils attract LGBTQ+ candidates","jetpack_publicize_feature_enabled":true,"jetpack_social_post_already_shared":true,"jetpack_social_options":{"image_generator_settings":{"template":"highway","default_image_id":0,"font":"","enabled":false},"version":2},"_wpas_customize_per_network":false,"jetpack_post_was_ever_published":false},"categories":[589932234],"tags":[589934054,589918934,153955,798],"class_list":{"0":"post-112960","1":"post","2":"type-post","3":"status-publish","4":"format-standard","5":"has-post-thumbnail","7":"category-politics-en","8":"tag-mandatos-coletivos","9":"tag-eleicoes","10":"tag-lgbtq","11":"tag-politica"},"yoast_head":"<!-- This site is optimized with the Yoast SEO plugin v27.5 - https:\/\/yoast.com\/product\/yoast-seo-wordpress\/ -->\n<title>Collective candidacies to city councils attract LGBTQ+ candidates<\/title>\n<meta name=\"description\" content=\"In the year that LGBTQ+ candidates break records, collective candidacies are also an alternative to conquer space in politics\" \/>\n<meta name=\"robots\" content=\"index, follow, max-snippet:-1, max-image-preview:large, max-video-preview:-1\" \/>\n<link rel=\"canonical\" href=\"https:\/\/gay.blog.br\/en\/politics-en\/collective-candidacies-to-city-councils-attract-lgbtq-candidates\/\" \/>\n<meta property=\"og:locale\" content=\"en_US\" \/>\n<meta property=\"og:type\" content=\"article\" \/>\n<meta property=\"og:title\" content=\"Collective candidacies to city councils attract LGBTQ+ candidates\" \/>\n<meta property=\"og:description\" content=\"In the year that LGBTQ+ candidates break records, collective candidacies are also an alternative to conquer space in politics\" \/>\n<meta property=\"og:url\" content=\"https:\/\/gay.blog.br\/en\/politics-en\/collective-candidacies-to-city-councils-attract-lgbtq-candidates\/\" \/>\n<meta property=\"og:site_name\" content=\"GAY BLOG BR @gayblogbr\" \/>\n<meta property=\"article:publisher\" content=\"https:\/\/facebook.com\/gayblogbr\" \/>\n<meta property=\"article:published_time\" content=\"2020-11-09T19:00:41+00:00\" \/>\n<meta property=\"article:modified_time\" content=\"2021-02-23T02:10:51+00:00\" \/>\n<meta property=\"og:image\" content=\"https:\/\/i0.wp.com\/gay.blog.br\/wp-content\/uploads\/2020\/11\/eliseu.jpg?fit=1200%2C900&ssl=1\" \/>\n\t<meta property=\"og:image:width\" content=\"1200\" \/>\n\t<meta property=\"og:image:height\" content=\"900\" \/>\n\t<meta property=\"og:image:type\" content=\"image\/jpeg\" \/>\n<meta name=\"author\" content=\"Carlos Henrique Braga\" \/>\n<meta name=\"twitter:card\" content=\"summary_large_image\" \/>\n<meta name=\"twitter:creator\" content=\"@cahebraga\" \/>\n<meta name=\"twitter:site\" content=\"@gayblogbr\" \/>\n<meta name=\"twitter:label1\" content=\"Written by\" \/>\n\t<meta name=\"twitter:data1\" content=\"Carlos Henrique Braga\" \/>\n\t<meta name=\"twitter:label2\" content=\"Est. reading time\" \/>\n\t<meta name=\"twitter:data2\" content=\"2 minutes\" \/>\n<script type=\"application\/ld+json\" class=\"yoast-schema-graph\">{\"@context\":\"https:\\\/\\\/schema.org\",\"@graph\":[{\"@type\":\"Article\",\"@id\":\"https:\\\/\\\/gay.blog.br\\\/en\\\/politics-en\\\/collective-candidacies-to-city-councils-attract-lgbtq-candidates\\\/#article\",\"isPartOf\":{\"@id\":\"https:\\\/\\\/gay.blog.br\\\/en\\\/politics-en\\\/collective-candidacies-to-city-councils-attract-lgbtq-candidates\\\/\"},\"author\":{\"name\":\"Carlos Henrique Braga\",\"@id\":\"https:\\\/\\\/gay.blog.br\\\/en\\\/#\\\/schema\\\/person\\\/cd267ffff2d56e12768a81623718b979\"},\"headline\":\"Collective candidacies to city councils attract LGBTQ+ candidates\",\"datePublished\":\"2020-11-09T19:00:41+00:00\",\"dateModified\":\"2021-02-23T02:10:51+00:00\",\"mainEntityOfPage\":{\"@id\":\"https:\\\/\\\/gay.blog.br\\\/en\\\/politics-en\\\/collective-candidacies-to-city-councils-attract-lgbtq-candidates\\\/\"},\"wordCount\":444,\"commentCount\":0,\"publisher\":{\"@id\":\"https:\\\/\\\/gay.blog.br\\\/en\\\/#organization\"},\"image\":{\"@id\":\"https:\\\/\\\/gay.blog.br\\\/en\\\/politics-en\\\/collective-candidacies-to-city-councils-attract-lgbtq-candidates\\\/#primaryimage\"},\"thumbnailUrl\":\"https:\\\/\\\/i0.wp.com\\\/gay.blog.br\\\/wp-content\\\/uploads\\\/2020\\\/11\\\/eliseu.jpg?fit=1200%2C900&ssl=1\",\"keywords\":[\"mandatos coletivos\",\"elei\u00e7\u00f5es\",\"lgbtq\",\"pol\u00edtica\"],\"articleSection\":[\"POLITICS\"],\"inLanguage\":\"en-US\",\"potentialAction\":[{\"@type\":\"CommentAction\",\"name\":\"Comment\",\"target\":[\"https:\\\/\\\/gay.blog.br\\\/en\\\/politics-en\\\/collective-candidacies-to-city-councils-attract-lgbtq-candidates\\\/#respond\"]}]},{\"@type\":\"WebPage\",\"@id\":\"https:\\\/\\\/gay.blog.br\\\/en\\\/politics-en\\\/collective-candidacies-to-city-councils-attract-lgbtq-candidates\\\/\",\"url\":\"https:\\\/\\\/gay.blog.br\\\/en\\\/politics-en\\\/collective-candidacies-to-city-councils-attract-lgbtq-candidates\\\/\",\"name\":\"Collective candidacies to city councils attract LGBTQ+ candidates\",\"isPartOf\":{\"@id\":\"https:\\\/\\\/gay.blog.br\\\/en\\\/#website\"},\"primaryImageOfPage\":{\"@id\":\"https:\\\/\\\/gay.blog.br\\\/en\\\/politics-en\\\/collective-candidacies-to-city-councils-attract-lgbtq-candidates\\\/#primaryimage\"},\"image\":{\"@id\":\"https:\\\/\\\/gay.blog.br\\\/en\\\/politics-en\\\/collective-candidacies-to-city-councils-attract-lgbtq-candidates\\\/#primaryimage\"},\"thumbnailUrl\":\"https:\\\/\\\/i0.wp.com\\\/gay.blog.br\\\/wp-content\\\/uploads\\\/2020\\\/11\\\/eliseu.jpg?fit=1200%2C900&ssl=1\",\"datePublished\":\"2020-11-09T19:00:41+00:00\",\"dateModified\":\"2021-02-23T02:10:51+00:00\",\"description\":\"In the year that LGBTQ+ candidates break records, collective candidacies are also an alternative to conquer space in politics\",\"breadcrumb\":{\"@id\":\"https:\\\/\\\/gay.blog.br\\\/en\\\/politics-en\\\/collective-candidacies-to-city-councils-attract-lgbtq-candidates\\\/#breadcrumb\"},\"inLanguage\":\"en-US\",\"potentialAction\":[{\"@type\":\"ReadAction\",\"target\":[\"https:\\\/\\\/gay.blog.br\\\/en\\\/politics-en\\\/collective-candidacies-to-city-councils-attract-lgbtq-candidates\\\/\"]}]},{\"@type\":\"ImageObject\",\"inLanguage\":\"en-US\",\"@id\":\"https:\\\/\\\/gay.blog.br\\\/en\\\/politics-en\\\/collective-candidacies-to-city-councils-attract-lgbtq-candidates\\\/#primaryimage\",\"url\":\"https:\\\/\\\/i0.wp.com\\\/gay.blog.br\\\/wp-content\\\/uploads\\\/2020\\\/11\\\/eliseu.jpg?fit=1200%2C900&ssl=1\",\"contentUrl\":\"https:\\\/\\\/i0.wp.com\\\/gay.blog.br\\\/wp-content\\\/uploads\\\/2020\\\/11\\\/eliseu.jpg?fit=1200%2C900&ssl=1\",\"width\":1200,\"height\":900,\"caption\":\"Eliseu Neto (de verde, ao centro) \u00e9 ativista e co-candidato no Rio\\\/ Emais\"},{\"@type\":\"BreadcrumbList\",\"@id\":\"https:\\\/\\\/gay.blog.br\\\/en\\\/politics-en\\\/collective-candidacies-to-city-councils-attract-lgbtq-candidates\\\/#breadcrumb\",\"itemListElement\":[{\"@type\":\"ListItem\",\"position\":1,\"name\":\"In\u00edcio\",\"item\":\"https:\\\/\\\/gay.blog.br\\\/en\\\/\"},{\"@type\":\"ListItem\",\"position\":2,\"name\":\"Collective candidacies to city councils attract LGBTQ+ candidates\"}]},{\"@type\":\"WebSite\",\"@id\":\"https:\\\/\\\/gay.blog.br\\\/en\\\/#website\",\"url\":\"https:\\\/\\\/gay.blog.br\\\/en\\\/\",\"name\":\"GAY BLOG BR @gayblogbr\",\"description\":\"Not\u00edcias que empoderam e\\\/ou entret\u00eam s\u00e3o especialidades da casa\",\"publisher\":{\"@id\":\"https:\\\/\\\/gay.blog.br\\\/en\\\/#organization\"},\"potentialAction\":[{\"@type\":\"SearchAction\",\"target\":{\"@type\":\"EntryPoint\",\"urlTemplate\":\"https:\\\/\\\/gay.blog.br\\\/en\\\/?s={search_term_string}\"},\"query-input\":{\"@type\":\"PropertyValueSpecification\",\"valueRequired\":true,\"valueName\":\"search_term_string\"}}],\"inLanguage\":\"en-US\"},{\"@type\":\"Organization\",\"@id\":\"https:\\\/\\\/gay.blog.br\\\/en\\\/#organization\",\"name\":\"GAY BLOG BR\",\"url\":\"https:\\\/\\\/gay.blog.br\\\/en\\\/\",\"logo\":{\"@type\":\"ImageObject\",\"inLanguage\":\"en-US\",\"@id\":\"https:\\\/\\\/gay.blog.br\\\/en\\\/#\\\/schema\\\/logo\\\/image\\\/\",\"url\":\"https:\\\/\\\/i0.wp.com\\\/gay.blog.br\\\/wp-content\\\/uploads\\\/2023\\\/08\\\/gay180px.png?fit=272%2C90&ssl=1\",\"contentUrl\":\"https:\\\/\\\/i0.wp.com\\\/gay.blog.br\\\/wp-content\\\/uploads\\\/2023\\\/08\\\/gay180px.png?fit=272%2C90&ssl=1\",\"width\":272,\"height\":90,\"caption\":\"GAY BLOG BR\"},\"image\":{\"@id\":\"https:\\\/\\\/gay.blog.br\\\/en\\\/#\\\/schema\\\/logo\\\/image\\\/\"},\"sameAs\":[\"https:\\\/\\\/facebook.com\\\/gayblogbr\",\"https:\\\/\\\/x.com\\\/gayblogbr\",\"https:\\\/\\\/instagram.com\\\/gayblogbr\",\"https:\\\/\\\/www.linkedin.com\\\/company\\\/gayblogbr\\\/\",\"https:\\\/\\\/br.pinterest.com\\\/gayblogbr\\\/\",\"https:\\\/\\\/www.youtube.com\\\/channel\\\/UCdEu3JXLOB-wvWAVUF4AIiA\",\"https:\\\/\\\/pt.wikipedia.org\\\/wiki\\\/Gay_Blog_Br\",\"https:\\\/\\\/www.threads.net\\\/@gayblogbr\"]},{\"@type\":\"Person\",\"@id\":\"https:\\\/\\\/gay.blog.br\\\/en\\\/#\\\/schema\\\/person\\\/cd267ffff2d56e12768a81623718b979\",\"name\":\"Carlos Henrique Braga\",\"image\":{\"@type\":\"ImageObject\",\"inLanguage\":\"en-US\",\"@id\":\"https:\\\/\\\/secure.gravatar.com\\\/avatar\\\/5b3e587a2c2062bba657f0e46352c11e0f9fd644f822214af015b5e192d0f016?s=96&d=mm&r=g\",\"url\":\"https:\\\/\\\/secure.gravatar.com\\\/avatar\\\/5b3e587a2c2062bba657f0e46352c11e0f9fd644f822214af015b5e192d0f016?s=96&d=mm&r=g\",\"contentUrl\":\"https:\\\/\\\/secure.gravatar.com\\\/avatar\\\/5b3e587a2c2062bba657f0e46352c11e0f9fd644f822214af015b5e192d0f016?s=96&d=mm&r=g\",\"caption\":\"Carlos Henrique Braga\"},\"description\":\"Jornalista pela Universidade Federal de MS, foi rep\u00f3rter de economia e hoje, al\u00e9m de colaborar para o Gay Blog Br, \u00e9 servidor p\u00fablico em Joinville (SC). Escreveu ''A Supremacia do Abandono'', livro dispon\u00edvel em amazon.com.br.\",\"sameAs\":[\"https:\\\/\\\/x.com\\\/@cahebraga\"],\"url\":\"https:\\\/\\\/gay.blog.br\\\/en\\\/author\\\/carloshenriquebraga\\\/\"}]}<\/script>\n<!-- \/ Yoast SEO plugin. -->","yoast_head_json":{"title":"Collective candidacies to city councils attract LGBTQ+ candidates","description":"In the year that LGBTQ+ candidates break records, collective candidacies are also an alternative to conquer space in politics","robots":{"index":"index","follow":"follow","max-snippet":"max-snippet:-1","max-image-preview":"max-image-preview:large","max-video-preview":"max-video-preview:-1"},"canonical":"https:\/\/gay.blog.br\/en\/politics-en\/collective-candidacies-to-city-councils-attract-lgbtq-candidates\/","og_locale":"en_US","og_type":"article","og_title":"Collective candidacies to city councils attract LGBTQ+ candidates","og_description":"In the year that LGBTQ+ candidates break records, collective candidacies are also an alternative to conquer space in politics","og_url":"https:\/\/gay.blog.br\/en\/politics-en\/collective-candidacies-to-city-councils-attract-lgbtq-candidates\/","og_site_name":"GAY BLOG BR @gayblogbr","article_publisher":"https:\/\/facebook.com\/gayblogbr","article_published_time":"2020-11-09T19:00:41+00:00","article_modified_time":"2021-02-23T02:10:51+00:00","og_image":[{"width":1200,"height":900,"url":"https:\/\/i0.wp.com\/gay.blog.br\/wp-content\/uploads\/2020\/11\/eliseu.jpg?fit=1200%2C900&ssl=1","type":"image\/jpeg"}],"author":"Carlos Henrique Braga","twitter_card":"summary_large_image","twitter_creator":"@cahebraga","twitter_site":"@gayblogbr","twitter_misc":{"Written by":"Carlos Henrique Braga","Est. reading time":"2 minutes"},"schema":{"@context":"https:\/\/schema.org","@graph":[{"@type":"Article","@id":"https:\/\/gay.blog.br\/en\/politics-en\/collective-candidacies-to-city-councils-attract-lgbtq-candidates\/#article","isPartOf":{"@id":"https:\/\/gay.blog.br\/en\/politics-en\/collective-candidacies-to-city-councils-attract-lgbtq-candidates\/"},"author":{"name":"Carlos Henrique Braga","@id":"https:\/\/gay.blog.br\/en\/#\/schema\/person\/cd267ffff2d56e12768a81623718b979"},"headline":"Collective candidacies to city councils attract LGBTQ+ candidates","datePublished":"2020-11-09T19:00:41+00:00","dateModified":"2021-02-23T02:10:51+00:00","mainEntityOfPage":{"@id":"https:\/\/gay.blog.br\/en\/politics-en\/collective-candidacies-to-city-councils-attract-lgbtq-candidates\/"},"wordCount":444,"commentCount":0,"publisher":{"@id":"https:\/\/gay.blog.br\/en\/#organization"},"image":{"@id":"https:\/\/gay.blog.br\/en\/politics-en\/collective-candidacies-to-city-councils-attract-lgbtq-candidates\/#primaryimage"},"thumbnailUrl":"https:\/\/i0.wp.com\/gay.blog.br\/wp-content\/uploads\/2020\/11\/eliseu.jpg?fit=1200%2C900&ssl=1","keywords":["mandatos coletivos","elei\u00e7\u00f5es","lgbtq","pol\u00edtica"],"articleSection":["POLITICS"],"inLanguage":"en-US","potentialAction":[{"@type":"CommentAction","name":"Comment","target":["https:\/\/gay.blog.br\/en\/politics-en\/collective-candidacies-to-city-councils-attract-lgbtq-candidates\/#respond"]}]},{"@type":"WebPage","@id":"https:\/\/gay.blog.br\/en\/politics-en\/collective-candidacies-to-city-councils-attract-lgbtq-candidates\/","url":"https:\/\/gay.blog.br\/en\/politics-en\/collective-candidacies-to-city-councils-attract-lgbtq-candidates\/","name":"Collective candidacies to city councils attract LGBTQ+ candidates","isPartOf":{"@id":"https:\/\/gay.blog.br\/en\/#website"},"primaryImageOfPage":{"@id":"https:\/\/gay.blog.br\/en\/politics-en\/collective-candidacies-to-city-councils-attract-lgbtq-candidates\/#primaryimage"},"image":{"@id":"https:\/\/gay.blog.br\/en\/politics-en\/collective-candidacies-to-city-councils-attract-lgbtq-candidates\/#primaryimage"},"thumbnailUrl":"https:\/\/i0.wp.com\/gay.blog.br\/wp-content\/uploads\/2020\/11\/eliseu.jpg?fit=1200%2C900&ssl=1","datePublished":"2020-11-09T19:00:41+00:00","dateModified":"2021-02-23T02:10:51+00:00","description":"In the year that LGBTQ+ candidates break records, collective candidacies are also an alternative to conquer space in politics","breadcrumb":{"@id":"https:\/\/gay.blog.br\/en\/politics-en\/collective-candidacies-to-city-councils-attract-lgbtq-candidates\/#breadcrumb"},"inLanguage":"en-US","potentialAction":[{"@type":"ReadAction","target":["https:\/\/gay.blog.br\/en\/politics-en\/collective-candidacies-to-city-councils-attract-lgbtq-candidates\/"]}]},{"@type":"ImageObject","inLanguage":"en-US","@id":"https:\/\/gay.blog.br\/en\/politics-en\/collective-candidacies-to-city-councils-attract-lgbtq-candidates\/#primaryimage","url":"https:\/\/i0.wp.com\/gay.blog.br\/wp-content\/uploads\/2020\/11\/eliseu.jpg?fit=1200%2C900&ssl=1","contentUrl":"https:\/\/i0.wp.com\/gay.blog.br\/wp-content\/uploads\/2020\/11\/eliseu.jpg?fit=1200%2C900&ssl=1","width":1200,"height":900,"caption":"Eliseu Neto (de verde, ao centro) \u00e9 ativista e co-candidato no Rio\/ Emais"},{"@type":"BreadcrumbList","@id":"https:\/\/gay.blog.br\/en\/politics-en\/collective-candidacies-to-city-councils-attract-lgbtq-candidates\/#breadcrumb","itemListElement":[{"@type":"ListItem","position":1,"name":"In\u00edcio","item":"https:\/\/gay.blog.br\/en\/"},{"@type":"ListItem","position":2,"name":"Collective candidacies to city councils attract LGBTQ+ candidates"}]},{"@type":"WebSite","@id":"https:\/\/gay.blog.br\/en\/#website","url":"https:\/\/gay.blog.br\/en\/","name":"GAY BLOG BR @gayblogbr","description":"Not\u00edcias que empoderam e\/ou entret\u00eam s\u00e3o especialidades da casa","publisher":{"@id":"https:\/\/gay.blog.br\/en\/#organization"},"potentialAction":[{"@type":"SearchAction","target":{"@type":"EntryPoint","urlTemplate":"https:\/\/gay.blog.br\/en\/?s={search_term_string}"},"query-input":{"@type":"PropertyValueSpecification","valueRequired":true,"valueName":"search_term_string"}}],"inLanguage":"en-US"},{"@type":"Organization","@id":"https:\/\/gay.blog.br\/en\/#organization","name":"GAY BLOG BR","url":"https:\/\/gay.blog.br\/en\/","logo":{"@type":"ImageObject","inLanguage":"en-US","@id":"https:\/\/gay.blog.br\/en\/#\/schema\/logo\/image\/","url":"https:\/\/i0.wp.com\/gay.blog.br\/wp-content\/uploads\/2023\/08\/gay180px.png?fit=272%2C90&ssl=1","contentUrl":"https:\/\/i0.wp.com\/gay.blog.br\/wp-content\/uploads\/2023\/08\/gay180px.png?fit=272%2C90&ssl=1","width":272,"height":90,"caption":"GAY BLOG BR"},"image":{"@id":"https:\/\/gay.blog.br\/en\/#\/schema\/logo\/image\/"},"sameAs":["https:\/\/facebook.com\/gayblogbr","https:\/\/x.com\/gayblogbr","https:\/\/instagram.com\/gayblogbr","https:\/\/www.linkedin.com\/company\/gayblogbr\/","https:\/\/br.pinterest.com\/gayblogbr\/","https:\/\/www.youtube.com\/channel\/UCdEu3JXLOB-wvWAVUF4AIiA","https:\/\/pt.wikipedia.org\/wiki\/Gay_Blog_Br","https:\/\/www.threads.net\/@gayblogbr"]},{"@type":"Person","@id":"https:\/\/gay.blog.br\/en\/#\/schema\/person\/cd267ffff2d56e12768a81623718b979","name":"Carlos Henrique Braga","image":{"@type":"ImageObject","inLanguage":"en-US","@id":"https:\/\/secure.gravatar.com\/avatar\/5b3e587a2c2062bba657f0e46352c11e0f9fd644f822214af015b5e192d0f016?s=96&d=mm&r=g","url":"https:\/\/secure.gravatar.com\/avatar\/5b3e587a2c2062bba657f0e46352c11e0f9fd644f822214af015b5e192d0f016?s=96&d=mm&r=g","contentUrl":"https:\/\/secure.gravatar.com\/avatar\/5b3e587a2c2062bba657f0e46352c11e0f9fd644f822214af015b5e192d0f016?s=96&d=mm&r=g","caption":"Carlos Henrique Braga"},"description":"Jornalista pela Universidade Federal de MS, foi rep\u00f3rter de economia e hoje, al\u00e9m de colaborar para o Gay Blog Br, \u00e9 servidor p\u00fablico em Joinville (SC). Escreveu ''A Supremacia do Abandono'', livro dispon\u00edvel em amazon.com.br.","sameAs":["https:\/\/x.com\/@cahebraga"],"url":"https:\/\/gay.blog.br\/en\/author\/carloshenriquebraga\/"}]}},"jetpack_publicize_connections":[],"jetpack_featured_media_url":"https:\/\/i0.wp.com\/gay.blog.br\/wp-content\/uploads\/2020\/11\/eliseu.jpg?fit=1200%2C900&ssl=1","jetpack_sharing_enabled":true,"jetpack_shortlink":"https:\/\/wp.me\/p6klkK-tnW","jetpack_likes_enabled":false,"amp_enabled":true,"_links":{"self":[{"href":"https:\/\/gay.blog.br\/en\/wp-json\/wp\/v2\/posts\/112960","targetHints":{"allow":["GET"]}}],"collection":[{"href":"https:\/\/gay.blog.br\/en\/wp-json\/wp\/v2\/posts"}],"about":[{"href":"https:\/\/gay.blog.br\/en\/wp-json\/wp\/v2\/types\/post"}],"author":[{"embeddable":true,"href":"https:\/\/gay.blog.br\/en\/wp-json\/wp\/v2\/users\/3039"}],"replies":[{"embeddable":true,"href":"https:\/\/gay.blog.br\/en\/wp-json\/wp\/v2\/comments?post=112960"}],"version-history":[{"count":0,"href":"https:\/\/gay.blog.br\/en\/wp-json\/wp\/v2\/posts\/112960\/revisions"}],"wp:featuredmedia":[{"embeddable":true,"href":"https:\/\/gay.blog.br\/en\/wp-json\/wp\/v2\/media\/94400"}],"wp:attachment":[{"href":"https:\/\/gay.blog.br\/en\/wp-json\/wp\/v2\/media?parent=112960"}],"wp:term":[{"taxonomy":"category","embeddable":true,"href":"https:\/\/gay.blog.br\/en\/wp-json\/wp\/v2\/categories?post=112960"},{"taxonomy":"post_tag","embeddable":true,"href":"https:\/\/gay.blog.br\/en\/wp-json\/wp\/v2\/tags?post=112960"}],"curies":[{"name":"wp","href":"https:\/\/api.w.org\/{rel}","templated":true}]}}