{"id":113695,"date":"2020-11-04T17:48:18","date_gmt":"2020-11-04T20:48:18","guid":{"rendered":"https:\/\/gay.blog.br\/?p=113695"},"modified":"2021-02-27T21:18:41","modified_gmt":"2021-02-28T00:18:41","slug":"candidate-who-associated-coronavirus-vaccine-with-homosexuality-could-face-five-years-in-jail","status":"publish","type":"post","link":"https:\/\/gay.blog.br\/en\/news\/candidate-who-associated-coronavirus-vaccine-with-homosexuality-could-face-five-years-in-jail\/","title":{"rendered":"Candidate who associated coronavirus vaccine with &#8220;homosexuality&#8221; could face five years in jail"},"content":{"rendered":"<p style=\"text-align: justify;\">According to information from <a href=\"https:\/\/g1.globo.com\/sp\/ribeirao-preto-franca\/noticia\/2020\/11\/03\/mp-denuncia-candidato-a-prefeito-de-sao-simao-sp-por-associar-coronavac-a-homossexualidade.ghtml?utm_source=facebook&amp;utm_medium=social&amp;utm_campaign=g1\">G1<\/a>, the Public Ministry of S\u00e3o Paulo (MP-SP) denounced the candidate for the Municipality of S\u00e3o Sim\u00e3o (SP), <strong>Marcelo Fraz\u00e3o de Oliveira<\/strong> (Patriota), for associating the CoronaVac vaccine with &#8220;homosexuality&#8221;. The politician had an audio and a text published on social media in October this year, saying that he would not let his family be vaccinated saying that doses of the vaccine could make the person &#8220;change gender&#8221;.<\/p>\n<p style=\"text-align: justify;\"><em>&#8220;You will compromise the lives of your children and grandchildren&#8221;<\/em> &#8211; he said at the time &#8211;<em> &#8220;You will cause dangerous syndromes that will destroy your children and grandchildren, including in the sense of fertility, homosexuality (sic). So, if you want the good of your children, do not vaccinate your children (&#8230;) the boy can stop being a boy, will become a girl. The girl stops being a girl and becomes a boy, in that line &#8220;<\/em> &#8211; says the message.<\/p>\n<figure id=\"attachment_93512\" aria-describedby=\"caption-attachment-93512\" style=\"width: 640px\" class=\"wp-caption alignnone\"><img data-recalc-dims=\"1\" loading=\"lazy\" decoding=\"async\" class=\"size-full wp-image-93512\" src=\"https:\/\/i0.wp.com\/gay.blog.br\/wp-content\/uploads\/2020\/11\/marcelo-frazao.jpg?resize=640%2C401&#038;ssl=1\" alt=\"\" width=\"640\" height=\"401\" srcset=\"https:\/\/i0.wp.com\/gay.blog.br\/wp-content\/uploads\/2020\/11\/marcelo-frazao.jpg?w=640&amp;ssl=1 640w, https:\/\/i0.wp.com\/gay.blog.br\/wp-content\/uploads\/2020\/11\/marcelo-frazao.jpg?resize=300%2C188&amp;ssl=1 300w, https:\/\/i0.wp.com\/gay.blog.br\/wp-content\/uploads\/2020\/11\/marcelo-frazao.jpg?resize=150%2C94&amp;ssl=1 150w\" sizes=\"auto, (max-width: 640px) 100vw, 640px\" \/><figcaption id=\"caption-attachment-93512\" class=\"wp-caption-text\">Post by Marcelo Fraz\u00e3o, candidate for mayor in S\u00e3o Sim\u00e3o (SP), about CoronaVac &#8211; Photo: Reproduction \/ G1<\/figcaption><\/figure>\n<p style=\"text-align: justify;\">Prosecutor William Daniel In\u00e1cio said that Fraz\u00e3o&#8217;s speech is a clear example of <strong>homophobic and transphobic<\/strong> comment and that he will be judged normally, considering that the statements did not come during the election campaign.<\/p>\n<p style=\"text-align: justify;\"><em>&#8220;It was not an act practiced during the campaign and we understand that there is no connection with the Electoral Justice in the hypothesis&#8221;<\/em> &#8211; said the <strong>Promoter<\/strong>, adding that the fact that he uses the term &#8220;homosexuality&#8221; endorses homophobia for associating sexual orientation with a disease. Since 1990, the word has been replaced by homosexuality, when the World Health Organization (WHO) removed it from the list of mental disorders.<\/p>\n<figure id=\"attachment_93516\" aria-describedby=\"caption-attachment-93516\" style=\"width: 640px\" class=\"wp-caption aligncenter\"><img data-recalc-dims=\"1\" loading=\"lazy\" decoding=\"async\" class=\"wp-image-93516 size-full\" src=\"https:\/\/i0.wp.com\/gay.blog.br\/wp-content\/uploads\/2020\/11\/marcelo-frazao-capa.jpg?resize=640%2C401&#038;ssl=1\" alt=\"Candidate who associated coronavirus vaccine with \" width=\"640\" height=\"401\" srcset=\"https:\/\/i0.wp.com\/gay.blog.br\/wp-content\/uploads\/2020\/11\/marcelo-frazao-capa.jpg?w=640&amp;ssl=1 640w, https:\/\/i0.wp.com\/gay.blog.br\/wp-content\/uploads\/2020\/11\/marcelo-frazao-capa.jpg?resize=300%2C188&amp;ssl=1 300w, https:\/\/i0.wp.com\/gay.blog.br\/wp-content\/uploads\/2020\/11\/marcelo-frazao-capa.jpg?resize=150%2C94&amp;ssl=1 150w\" sizes=\"auto, (max-width: 640px) 100vw, 640px\" \/><figcaption id=\"caption-attachment-93516\" class=\"wp-caption-text\">Marcelo Fraz\u00e3o de Oliveira (Patriota) can face up to five years in prison for homophobic and transphobic statements (Photo: Reproduction)<\/figcaption><\/figure>\n<div class=\"mc-column content-text active-extra-styles\" style=\"text-align: justify;\" data-block-type=\"raw\" data-block-weight=\"52\" data-block-id=\"19\"><em>&#8220;This conduct of his we understand the crime of racism attributable because, first, there is no evidence that the vaccine causes any genetic mutation, but, when comparing diseases with homosexuality and with transsexuals, he showed extreme prejudice against homosexuals and transsexuals &#8220;<\/em>, explains the prosecutor.<\/div>\n<div data-block-type=\"raw\" data-block-weight=\"52\" data-block-id=\"19\"><\/div>\n<div class=\"mc-column content-text active-extra-styles\" style=\"text-align: justify;\" data-block-type=\"raw\" data-block-weight=\"52\" data-block-id=\"19\">In addition, Fraz\u00e3o is also denounced for saying that CoronaVac causes serious syndromes, brain damage, genetic changes and diseases such as cancer. If the Public Prosecutor condemns him, Fraz\u00e3o can face <strong>2 to 5 years in prison<\/strong> and pay indemnity for moral damages equivalent to 50 minimum wages.<\/div>\n<p style=\"text-align: justify;\">\n","protected":false},"excerpt":{"rendered":"<p>Prosecutor considered the speech as &#8220;extremely prejudiced&#8221;<\/p>\n","protected":false},"author":3515,"featured_media":93517,"comment_status":"open","ping_status":"open","sticky":false,"template":"","format":"standard","meta":{"googlesitekit_rrm_CAoiEBg-BXrJeACjO8p49SE4kTY:productID":"","tdm_status":"","tdm_grid_status":"","_jetpack_newsletter_access":"","_jetpack_dont_email_post_to_subs":false,"_jetpack_newsletter_tier_id":0,"_jetpack_memberships_contains_paywalled_content":false,"_jetpack_memberships_contains_paid_content":false,"footnotes":"","jetpack_publicize_message":"Candidate who associated coronavirus vaccine with \"homosexuality\" could face five years in jail","jetpack_publicize_feature_enabled":true,"jetpack_social_post_already_shared":true,"jetpack_social_options":{"image_generator_settings":{"template":"highway","default_image_id":0,"font":"","enabled":false},"version":2},"_wpas_customize_per_network":false,"jetpack_post_was_ever_published":false},"categories":[589932225,589932234],"tags":[589936105,589935770],"class_list":{"0":"post-113695","1":"post","2":"type-post","3":"status-publish","4":"format-standard","5":"has-post-thumbnail","7":"category-news","8":"category-politics-en","9":"tag-coronavac-en","10":"tag-homosexuality-en-2"},"yoast_head":"<!-- This site is optimized with the Yoast SEO plugin v27.5 - https:\/\/yoast.com\/product\/yoast-seo-wordpress\/ -->\n<title>Candidate who associated coronavirus vaccine with &quot;homosexuality&quot; could face five years in jail<\/title>\n<meta name=\"description\" content=\"The MP-SP denounced the candidate for the Municipality of S\u00e3o Sim\u00e3o (SP), Marcelo Fraz\u00e3o, for associating the CoronaVac vaccine with &quot;homosexuality&quot;\" \/>\n<meta name=\"robots\" content=\"index, follow, max-snippet:-1, max-image-preview:large, max-video-preview:-1\" \/>\n<link rel=\"canonical\" href=\"https:\/\/gay.blog.br\/en\/news\/candidate-who-associated-coronavirus-vaccine-with-homosexuality-could-face-five-years-in-jail\/\" \/>\n<meta property=\"og:locale\" content=\"en_US\" \/>\n<meta property=\"og:type\" content=\"article\" \/>\n<meta property=\"og:title\" content=\"Candidate who associated coronavirus vaccine with &quot;homosexuality&quot; could face five years in jail\" \/>\n<meta property=\"og:description\" content=\"The MP-SP denounced the candidate for the Municipality of S\u00e3o Sim\u00e3o (SP), Marcelo Fraz\u00e3o, for associating the CoronaVac vaccine with &quot;homosexuality&quot;\" \/>\n<meta property=\"og:url\" content=\"https:\/\/gay.blog.br\/en\/news\/candidate-who-associated-coronavirus-vaccine-with-homosexuality-could-face-five-years-in-jail\/\" \/>\n<meta property=\"og:site_name\" content=\"GAY BLOG BR @gayblogbr\" \/>\n<meta property=\"article:publisher\" content=\"https:\/\/facebook.com\/gayblogbr\" \/>\n<meta property=\"article:author\" content=\"https:\/\/www.facebook.com\/victormillerreal\" \/>\n<meta property=\"article:published_time\" content=\"2020-11-04T20:48:18+00:00\" \/>\n<meta property=\"article:modified_time\" content=\"2021-02-28T00:18:41+00:00\" \/>\n<meta property=\"og:image\" content=\"https:\/\/i0.wp.com\/gay.blog.br\/wp-content\/uploads\/2020\/11\/marcelo-frazao-capa.jpg?fit=640%2C401&ssl=1\" \/>\n\t<meta property=\"og:image:width\" content=\"640\" \/>\n\t<meta property=\"og:image:height\" content=\"401\" \/>\n\t<meta property=\"og:image:type\" content=\"image\/jpeg\" \/>\n<meta name=\"author\" content=\"Victor Miller\" \/>\n<meta name=\"twitter:card\" content=\"summary_large_image\" \/>\n<meta name=\"twitter:creator\" content=\"@https:\/\/twitter.com\/victor_miller\" \/>\n<meta name=\"twitter:site\" content=\"@gayblogbr\" \/>\n<meta name=\"twitter:label1\" content=\"Written by\" \/>\n\t<meta name=\"twitter:data1\" content=\"Victor Miller\" \/>\n\t<meta name=\"twitter:label2\" content=\"Est. reading time\" \/>\n\t<meta name=\"twitter:data2\" content=\"2 minutes\" \/>\n<script type=\"application\/ld+json\" class=\"yoast-schema-graph\">{\"@context\":\"https:\\\/\\\/schema.org\",\"@graph\":[{\"@type\":\"Article\",\"@id\":\"https:\\\/\\\/gay.blog.br\\\/en\\\/news\\\/candidate-who-associated-coronavirus-vaccine-with-homosexuality-could-face-five-years-in-jail\\\/#article\",\"isPartOf\":{\"@id\":\"https:\\\/\\\/gay.blog.br\\\/en\\\/news\\\/candidate-who-associated-coronavirus-vaccine-with-homosexuality-could-face-five-years-in-jail\\\/\"},\"author\":{\"name\":\"Victor Miller\",\"@id\":\"https:\\\/\\\/gay.blog.br\\\/en\\\/#\\\/schema\\\/person\\\/5e0cf06e5d5e166b6afeaefc7fc56d9d\"},\"headline\":\"Candidate who associated coronavirus vaccine with &#8220;homosexuality&#8221; could face five years in jail\",\"datePublished\":\"2020-11-04T20:48:18+00:00\",\"dateModified\":\"2021-02-28T00:18:41+00:00\",\"mainEntityOfPage\":{\"@id\":\"https:\\\/\\\/gay.blog.br\\\/en\\\/news\\\/candidate-who-associated-coronavirus-vaccine-with-homosexuality-could-face-five-years-in-jail\\\/\"},\"wordCount\":421,\"commentCount\":0,\"publisher\":{\"@id\":\"https:\\\/\\\/gay.blog.br\\\/en\\\/#organization\"},\"image\":{\"@id\":\"https:\\\/\\\/gay.blog.br\\\/en\\\/news\\\/candidate-who-associated-coronavirus-vaccine-with-homosexuality-could-face-five-years-in-jail\\\/#primaryimage\"},\"thumbnailUrl\":\"https:\\\/\\\/i0.wp.com\\\/gay.blog.br\\\/wp-content\\\/uploads\\\/2020\\\/11\\\/marcelo-frazao-capa.jpg?fit=640%2C401&ssl=1\",\"keywords\":[\"Coronavac\",\"homosexuality\"],\"articleSection\":[\"NEWS\",\"POLITICS\"],\"inLanguage\":\"en-US\",\"potentialAction\":[{\"@type\":\"CommentAction\",\"name\":\"Comment\",\"target\":[\"https:\\\/\\\/gay.blog.br\\\/en\\\/news\\\/candidate-who-associated-coronavirus-vaccine-with-homosexuality-could-face-five-years-in-jail\\\/#respond\"]}]},{\"@type\":\"WebPage\",\"@id\":\"https:\\\/\\\/gay.blog.br\\\/en\\\/news\\\/candidate-who-associated-coronavirus-vaccine-with-homosexuality-could-face-five-years-in-jail\\\/\",\"url\":\"https:\\\/\\\/gay.blog.br\\\/en\\\/news\\\/candidate-who-associated-coronavirus-vaccine-with-homosexuality-could-face-five-years-in-jail\\\/\",\"name\":\"Candidate who associated coronavirus vaccine with \\\"homosexuality\\\" could face five years in jail\",\"isPartOf\":{\"@id\":\"https:\\\/\\\/gay.blog.br\\\/en\\\/#website\"},\"primaryImageOfPage\":{\"@id\":\"https:\\\/\\\/gay.blog.br\\\/en\\\/news\\\/candidate-who-associated-coronavirus-vaccine-with-homosexuality-could-face-five-years-in-jail\\\/#primaryimage\"},\"image\":{\"@id\":\"https:\\\/\\\/gay.blog.br\\\/en\\\/news\\\/candidate-who-associated-coronavirus-vaccine-with-homosexuality-could-face-five-years-in-jail\\\/#primaryimage\"},\"thumbnailUrl\":\"https:\\\/\\\/i0.wp.com\\\/gay.blog.br\\\/wp-content\\\/uploads\\\/2020\\\/11\\\/marcelo-frazao-capa.jpg?fit=640%2C401&ssl=1\",\"datePublished\":\"2020-11-04T20:48:18+00:00\",\"dateModified\":\"2021-02-28T00:18:41+00:00\",\"description\":\"The MP-SP denounced the candidate for the Municipality of S\u00e3o Sim\u00e3o (SP), Marcelo Fraz\u00e3o, for associating the CoronaVac vaccine with \\\"homosexuality\\\"\",\"breadcrumb\":{\"@id\":\"https:\\\/\\\/gay.blog.br\\\/en\\\/news\\\/candidate-who-associated-coronavirus-vaccine-with-homosexuality-could-face-five-years-in-jail\\\/#breadcrumb\"},\"inLanguage\":\"en-US\",\"potentialAction\":[{\"@type\":\"ReadAction\",\"target\":[\"https:\\\/\\\/gay.blog.br\\\/en\\\/news\\\/candidate-who-associated-coronavirus-vaccine-with-homosexuality-could-face-five-years-in-jail\\\/\"]}]},{\"@type\":\"ImageObject\",\"inLanguage\":\"en-US\",\"@id\":\"https:\\\/\\\/gay.blog.br\\\/en\\\/news\\\/candidate-who-associated-coronavirus-vaccine-with-homosexuality-could-face-five-years-in-jail\\\/#primaryimage\",\"url\":\"https:\\\/\\\/i0.wp.com\\\/gay.blog.br\\\/wp-content\\\/uploads\\\/2020\\\/11\\\/marcelo-frazao-capa.jpg?fit=640%2C401&ssl=1\",\"contentUrl\":\"https:\\\/\\\/i0.wp.com\\\/gay.blog.br\\\/wp-content\\\/uploads\\\/2020\\\/11\\\/marcelo-frazao-capa.jpg?fit=640%2C401&ssl=1\",\"width\":640,\"height\":401,\"caption\":\"Candidato que associou vacina contra coronav\u00edrus \u00e0 \\\"homossexualismo\\\" pode pegar cinco anos de cadeia\"},{\"@type\":\"BreadcrumbList\",\"@id\":\"https:\\\/\\\/gay.blog.br\\\/en\\\/news\\\/candidate-who-associated-coronavirus-vaccine-with-homosexuality-could-face-five-years-in-jail\\\/#breadcrumb\",\"itemListElement\":[{\"@type\":\"ListItem\",\"position\":1,\"name\":\"In\u00edcio\",\"item\":\"https:\\\/\\\/gay.blog.br\\\/en\\\/\"},{\"@type\":\"ListItem\",\"position\":2,\"name\":\"Candidate who associated coronavirus vaccine with &#8220;homosexuality&#8221; could face five years in jail\"}]},{\"@type\":\"WebSite\",\"@id\":\"https:\\\/\\\/gay.blog.br\\\/en\\\/#website\",\"url\":\"https:\\\/\\\/gay.blog.br\\\/en\\\/\",\"name\":\"GAY BLOG BR @gayblogbr\",\"description\":\"Not\u00edcias que empoderam e\\\/ou entret\u00eam s\u00e3o especialidades da casa\",\"publisher\":{\"@id\":\"https:\\\/\\\/gay.blog.br\\\/en\\\/#organization\"},\"potentialAction\":[{\"@type\":\"SearchAction\",\"target\":{\"@type\":\"EntryPoint\",\"urlTemplate\":\"https:\\\/\\\/gay.blog.br\\\/en\\\/?s={search_term_string}\"},\"query-input\":{\"@type\":\"PropertyValueSpecification\",\"valueRequired\":true,\"valueName\":\"search_term_string\"}}],\"inLanguage\":\"en-US\"},{\"@type\":\"Organization\",\"@id\":\"https:\\\/\\\/gay.blog.br\\\/en\\\/#organization\",\"name\":\"GAY BLOG BR\",\"url\":\"https:\\\/\\\/gay.blog.br\\\/en\\\/\",\"logo\":{\"@type\":\"ImageObject\",\"inLanguage\":\"en-US\",\"@id\":\"https:\\\/\\\/gay.blog.br\\\/en\\\/#\\\/schema\\\/logo\\\/image\\\/\",\"url\":\"https:\\\/\\\/i0.wp.com\\\/gay.blog.br\\\/wp-content\\\/uploads\\\/2023\\\/08\\\/gay180px.png?fit=272%2C90&ssl=1\",\"contentUrl\":\"https:\\\/\\\/i0.wp.com\\\/gay.blog.br\\\/wp-content\\\/uploads\\\/2023\\\/08\\\/gay180px.png?fit=272%2C90&ssl=1\",\"width\":272,\"height\":90,\"caption\":\"GAY BLOG BR\"},\"image\":{\"@id\":\"https:\\\/\\\/gay.blog.br\\\/en\\\/#\\\/schema\\\/logo\\\/image\\\/\"},\"sameAs\":[\"https:\\\/\\\/facebook.com\\\/gayblogbr\",\"https:\\\/\\\/x.com\\\/gayblogbr\",\"https:\\\/\\\/instagram.com\\\/gayblogbr\",\"https:\\\/\\\/www.linkedin.com\\\/company\\\/gayblogbr\\\/\",\"https:\\\/\\\/br.pinterest.com\\\/gayblogbr\\\/\",\"https:\\\/\\\/www.youtube.com\\\/channel\\\/UCdEu3JXLOB-wvWAVUF4AIiA\",\"https:\\\/\\\/pt.wikipedia.org\\\/wiki\\\/Gay_Blog_Br\",\"https:\\\/\\\/www.threads.net\\\/@gayblogbr\"]},{\"@type\":\"Person\",\"@id\":\"https:\\\/\\\/gay.blog.br\\\/en\\\/#\\\/schema\\\/person\\\/5e0cf06e5d5e166b6afeaefc7fc56d9d\",\"name\":\"Victor Miller\",\"image\":{\"@type\":\"ImageObject\",\"inLanguage\":\"en-US\",\"@id\":\"https:\\\/\\\/secure.gravatar.com\\\/avatar\\\/7c1fad0dcba879f76a2e6b9189cea981c8fcb9c7e6f40d5903cf16ba29cb80b5?s=96&d=mm&r=g\",\"url\":\"https:\\\/\\\/secure.gravatar.com\\\/avatar\\\/7c1fad0dcba879f76a2e6b9189cea981c8fcb9c7e6f40d5903cf16ba29cb80b5?s=96&d=mm&r=g\",\"contentUrl\":\"https:\\\/\\\/secure.gravatar.com\\\/avatar\\\/7c1fad0dcba879f76a2e6b9189cea981c8fcb9c7e6f40d5903cf16ba29cb80b5?s=96&d=mm&r=g\",\"caption\":\"Victor Miller\"},\"description\":\"Jornalista formado pela PUC do Rio de Janeiro, dedicou sua vida a falar sobre cultura nerd\\\/geek. Gay desde que se entende por gente, sempre teve desejo de trabalhar com o p\u00fablico LGBT+ e cr\u00ea que a informa\u00e7\u00e3o \u00e9 a a melhor arma contra qualquer tipo de \\\"fobia\\\"\",\"sameAs\":[\"https:\\\/\\\/gay.blog.br\\\/author\\\/victormiller\\\/\",\"https:\\\/\\\/www.facebook.com\\\/victormillerreal\",\"https:\\\/\\\/instagram.com\\\/victormillermiranda\",\"https:\\\/\\\/www.linkedin.com\\\/in\\\/victor-miller-266b54a7\\\/\",\"https:\\\/\\\/x.com\\\/https:\\\/\\\/twitter.com\\\/victor_miller\",\"https:\\\/\\\/www.youtube.com\\\/user\\\/planetasonic\"],\"url\":\"https:\\\/\\\/gay.blog.br\\\/en\\\/author\\\/victormiller\\\/\"}]}<\/script>\n<!-- \/ Yoast SEO plugin. -->","yoast_head_json":{"title":"Candidate who associated coronavirus vaccine with \"homosexuality\" could face five years in jail","description":"The MP-SP denounced the candidate for the Municipality of S\u00e3o Sim\u00e3o (SP), Marcelo Fraz\u00e3o, for associating the CoronaVac vaccine with \"homosexuality\"","robots":{"index":"index","follow":"follow","max-snippet":"max-snippet:-1","max-image-preview":"max-image-preview:large","max-video-preview":"max-video-preview:-1"},"canonical":"https:\/\/gay.blog.br\/en\/news\/candidate-who-associated-coronavirus-vaccine-with-homosexuality-could-face-five-years-in-jail\/","og_locale":"en_US","og_type":"article","og_title":"Candidate who associated coronavirus vaccine with \"homosexuality\" could face five years in jail","og_description":"The MP-SP denounced the candidate for the Municipality of S\u00e3o Sim\u00e3o (SP), Marcelo Fraz\u00e3o, for associating the CoronaVac vaccine with \"homosexuality\"","og_url":"https:\/\/gay.blog.br\/en\/news\/candidate-who-associated-coronavirus-vaccine-with-homosexuality-could-face-five-years-in-jail\/","og_site_name":"GAY BLOG BR @gayblogbr","article_publisher":"https:\/\/facebook.com\/gayblogbr","article_author":"https:\/\/www.facebook.com\/victormillerreal","article_published_time":"2020-11-04T20:48:18+00:00","article_modified_time":"2021-02-28T00:18:41+00:00","og_image":[{"width":640,"height":401,"url":"https:\/\/i0.wp.com\/gay.blog.br\/wp-content\/uploads\/2020\/11\/marcelo-frazao-capa.jpg?fit=640%2C401&ssl=1","type":"image\/jpeg"}],"author":"Victor Miller","twitter_card":"summary_large_image","twitter_creator":"@https:\/\/twitter.com\/victor_miller","twitter_site":"@gayblogbr","twitter_misc":{"Written by":"Victor Miller","Est. reading time":"2 minutes"},"schema":{"@context":"https:\/\/schema.org","@graph":[{"@type":"Article","@id":"https:\/\/gay.blog.br\/en\/news\/candidate-who-associated-coronavirus-vaccine-with-homosexuality-could-face-five-years-in-jail\/#article","isPartOf":{"@id":"https:\/\/gay.blog.br\/en\/news\/candidate-who-associated-coronavirus-vaccine-with-homosexuality-could-face-five-years-in-jail\/"},"author":{"name":"Victor Miller","@id":"https:\/\/gay.blog.br\/en\/#\/schema\/person\/5e0cf06e5d5e166b6afeaefc7fc56d9d"},"headline":"Candidate who associated coronavirus vaccine with &#8220;homosexuality&#8221; could face five years in jail","datePublished":"2020-11-04T20:48:18+00:00","dateModified":"2021-02-28T00:18:41+00:00","mainEntityOfPage":{"@id":"https:\/\/gay.blog.br\/en\/news\/candidate-who-associated-coronavirus-vaccine-with-homosexuality-could-face-five-years-in-jail\/"},"wordCount":421,"commentCount":0,"publisher":{"@id":"https:\/\/gay.blog.br\/en\/#organization"},"image":{"@id":"https:\/\/gay.blog.br\/en\/news\/candidate-who-associated-coronavirus-vaccine-with-homosexuality-could-face-five-years-in-jail\/#primaryimage"},"thumbnailUrl":"https:\/\/i0.wp.com\/gay.blog.br\/wp-content\/uploads\/2020\/11\/marcelo-frazao-capa.jpg?fit=640%2C401&ssl=1","keywords":["Coronavac","homosexuality"],"articleSection":["NEWS","POLITICS"],"inLanguage":"en-US","potentialAction":[{"@type":"CommentAction","name":"Comment","target":["https:\/\/gay.blog.br\/en\/news\/candidate-who-associated-coronavirus-vaccine-with-homosexuality-could-face-five-years-in-jail\/#respond"]}]},{"@type":"WebPage","@id":"https:\/\/gay.blog.br\/en\/news\/candidate-who-associated-coronavirus-vaccine-with-homosexuality-could-face-five-years-in-jail\/","url":"https:\/\/gay.blog.br\/en\/news\/candidate-who-associated-coronavirus-vaccine-with-homosexuality-could-face-five-years-in-jail\/","name":"Candidate who associated coronavirus vaccine with \"homosexuality\" could face five years in jail","isPartOf":{"@id":"https:\/\/gay.blog.br\/en\/#website"},"primaryImageOfPage":{"@id":"https:\/\/gay.blog.br\/en\/news\/candidate-who-associated-coronavirus-vaccine-with-homosexuality-could-face-five-years-in-jail\/#primaryimage"},"image":{"@id":"https:\/\/gay.blog.br\/en\/news\/candidate-who-associated-coronavirus-vaccine-with-homosexuality-could-face-five-years-in-jail\/#primaryimage"},"thumbnailUrl":"https:\/\/i0.wp.com\/gay.blog.br\/wp-content\/uploads\/2020\/11\/marcelo-frazao-capa.jpg?fit=640%2C401&ssl=1","datePublished":"2020-11-04T20:48:18+00:00","dateModified":"2021-02-28T00:18:41+00:00","description":"The MP-SP denounced the candidate for the Municipality of S\u00e3o Sim\u00e3o (SP), Marcelo Fraz\u00e3o, for associating the CoronaVac vaccine with \"homosexuality\"","breadcrumb":{"@id":"https:\/\/gay.blog.br\/en\/news\/candidate-who-associated-coronavirus-vaccine-with-homosexuality-could-face-five-years-in-jail\/#breadcrumb"},"inLanguage":"en-US","potentialAction":[{"@type":"ReadAction","target":["https:\/\/gay.blog.br\/en\/news\/candidate-who-associated-coronavirus-vaccine-with-homosexuality-could-face-five-years-in-jail\/"]}]},{"@type":"ImageObject","inLanguage":"en-US","@id":"https:\/\/gay.blog.br\/en\/news\/candidate-who-associated-coronavirus-vaccine-with-homosexuality-could-face-five-years-in-jail\/#primaryimage","url":"https:\/\/i0.wp.com\/gay.blog.br\/wp-content\/uploads\/2020\/11\/marcelo-frazao-capa.jpg?fit=640%2C401&ssl=1","contentUrl":"https:\/\/i0.wp.com\/gay.blog.br\/wp-content\/uploads\/2020\/11\/marcelo-frazao-capa.jpg?fit=640%2C401&ssl=1","width":640,"height":401,"caption":"Candidato que associou vacina contra coronav\u00edrus \u00e0 \"homossexualismo\" pode pegar cinco anos de cadeia"},{"@type":"BreadcrumbList","@id":"https:\/\/gay.blog.br\/en\/news\/candidate-who-associated-coronavirus-vaccine-with-homosexuality-could-face-five-years-in-jail\/#breadcrumb","itemListElement":[{"@type":"ListItem","position":1,"name":"In\u00edcio","item":"https:\/\/gay.blog.br\/en\/"},{"@type":"ListItem","position":2,"name":"Candidate who associated coronavirus vaccine with &#8220;homosexuality&#8221; could face five years in jail"}]},{"@type":"WebSite","@id":"https:\/\/gay.blog.br\/en\/#website","url":"https:\/\/gay.blog.br\/en\/","name":"GAY BLOG BR @gayblogbr","description":"Not\u00edcias que empoderam e\/ou entret\u00eam s\u00e3o especialidades da casa","publisher":{"@id":"https:\/\/gay.blog.br\/en\/#organization"},"potentialAction":[{"@type":"SearchAction","target":{"@type":"EntryPoint","urlTemplate":"https:\/\/gay.blog.br\/en\/?s={search_term_string}"},"query-input":{"@type":"PropertyValueSpecification","valueRequired":true,"valueName":"search_term_string"}}],"inLanguage":"en-US"},{"@type":"Organization","@id":"https:\/\/gay.blog.br\/en\/#organization","name":"GAY BLOG BR","url":"https:\/\/gay.blog.br\/en\/","logo":{"@type":"ImageObject","inLanguage":"en-US","@id":"https:\/\/gay.blog.br\/en\/#\/schema\/logo\/image\/","url":"https:\/\/i0.wp.com\/gay.blog.br\/wp-content\/uploads\/2023\/08\/gay180px.png?fit=272%2C90&ssl=1","contentUrl":"https:\/\/i0.wp.com\/gay.blog.br\/wp-content\/uploads\/2023\/08\/gay180px.png?fit=272%2C90&ssl=1","width":272,"height":90,"caption":"GAY BLOG BR"},"image":{"@id":"https:\/\/gay.blog.br\/en\/#\/schema\/logo\/image\/"},"sameAs":["https:\/\/facebook.com\/gayblogbr","https:\/\/x.com\/gayblogbr","https:\/\/instagram.com\/gayblogbr","https:\/\/www.linkedin.com\/company\/gayblogbr\/","https:\/\/br.pinterest.com\/gayblogbr\/","https:\/\/www.youtube.com\/channel\/UCdEu3JXLOB-wvWAVUF4AIiA","https:\/\/pt.wikipedia.org\/wiki\/Gay_Blog_Br","https:\/\/www.threads.net\/@gayblogbr"]},{"@type":"Person","@id":"https:\/\/gay.blog.br\/en\/#\/schema\/person\/5e0cf06e5d5e166b6afeaefc7fc56d9d","name":"Victor Miller","image":{"@type":"ImageObject","inLanguage":"en-US","@id":"https:\/\/secure.gravatar.com\/avatar\/7c1fad0dcba879f76a2e6b9189cea981c8fcb9c7e6f40d5903cf16ba29cb80b5?s=96&d=mm&r=g","url":"https:\/\/secure.gravatar.com\/avatar\/7c1fad0dcba879f76a2e6b9189cea981c8fcb9c7e6f40d5903cf16ba29cb80b5?s=96&d=mm&r=g","contentUrl":"https:\/\/secure.gravatar.com\/avatar\/7c1fad0dcba879f76a2e6b9189cea981c8fcb9c7e6f40d5903cf16ba29cb80b5?s=96&d=mm&r=g","caption":"Victor Miller"},"description":"Jornalista formado pela PUC do Rio de Janeiro, dedicou sua vida a falar sobre cultura nerd\/geek. Gay desde que se entende por gente, sempre teve desejo de trabalhar com o p\u00fablico LGBT+ e cr\u00ea que a informa\u00e7\u00e3o \u00e9 a a melhor arma contra qualquer tipo de \"fobia\"","sameAs":["https:\/\/gay.blog.br\/author\/victormiller\/","https:\/\/www.facebook.com\/victormillerreal","https:\/\/instagram.com\/victormillermiranda","https:\/\/www.linkedin.com\/in\/victor-miller-266b54a7\/","https:\/\/x.com\/https:\/\/twitter.com\/victor_miller","https:\/\/www.youtube.com\/user\/planetasonic"],"url":"https:\/\/gay.blog.br\/en\/author\/victormiller\/"}]}},"jetpack_publicize_connections":[],"jetpack_featured_media_url":"https:\/\/i0.wp.com\/gay.blog.br\/wp-content\/uploads\/2020\/11\/marcelo-frazao-capa.jpg?fit=640%2C401&ssl=1","jetpack_sharing_enabled":true,"jetpack_shortlink":"https:\/\/wp.me\/p6klkK-tzN","jetpack_likes_enabled":false,"amp_enabled":true,"_links":{"self":[{"href":"https:\/\/gay.blog.br\/en\/wp-json\/wp\/v2\/posts\/113695","targetHints":{"allow":["GET"]}}],"collection":[{"href":"https:\/\/gay.blog.br\/en\/wp-json\/wp\/v2\/posts"}],"about":[{"href":"https:\/\/gay.blog.br\/en\/wp-json\/wp\/v2\/types\/post"}],"author":[{"embeddable":true,"href":"https:\/\/gay.blog.br\/en\/wp-json\/wp\/v2\/users\/3515"}],"replies":[{"embeddable":true,"href":"https:\/\/gay.blog.br\/en\/wp-json\/wp\/v2\/comments?post=113695"}],"version-history":[{"count":0,"href":"https:\/\/gay.blog.br\/en\/wp-json\/wp\/v2\/posts\/113695\/revisions"}],"wp:featuredmedia":[{"embeddable":true,"href":"https:\/\/gay.blog.br\/en\/wp-json\/wp\/v2\/media\/93517"}],"wp:attachment":[{"href":"https:\/\/gay.blog.br\/en\/wp-json\/wp\/v2\/media?parent=113695"}],"wp:term":[{"taxonomy":"category","embeddable":true,"href":"https:\/\/gay.blog.br\/en\/wp-json\/wp\/v2\/categories?post=113695"},{"taxonomy":"post_tag","embeddable":true,"href":"https:\/\/gay.blog.br\/en\/wp-json\/wp\/v2\/tags?post=113695"}],"curies":[{"name":"wp","href":"https:\/\/api.w.org\/{rel}","templated":true}]}}