{"id":114659,"date":"2021-03-05T17:39:46","date_gmt":"2021-03-05T20:39:46","guid":{"rendered":"https:\/\/gay.blog.br\/?p=114659"},"modified":"2021-03-08T22:45:24","modified_gmt":"2021-03-09T01:45:24","slug":"italian-gay-party-accuses-milan-striker-of-homophobia","status":"publish","type":"post","link":"https:\/\/gay.blog.br\/en\/sports\/italian-gay-party-accuses-milan-striker-of-homophobia\/","title":{"rendered":"Italian gay party accuses Milan striker of homophobia"},"content":{"rendered":"<p style=\"text-align: justify;\">Italy&#8217;s <strong>Gay Party<\/strong> spokesman <strong>Fabrizio Marrazzo<\/strong> accused Milan striker <strong>Zlatan Ibrahimovic<\/strong> of homophobia and discrimination after a joke in Sanremo. The information is from the <a href=\"https:\/\/www.football-italia.net\/167290\/gay-party-hits-out-zlatan\">Football Italia<\/a> website.<\/p>\n<p style=\"text-align: justify;\">The Swede is currently performing at the 71st edition of the annual Ligurian music festival, where host <strong>Amadeus<\/strong> asked the 39-year-old to imagine himself broadcasting the show from his home.<\/p>\n<p style=\"text-align: justify;\"><em>&#8220;Singers in the living room, girls with Zlatan&#8221;<\/em>, he replied. <em>&#8220;You in the kitchen making me coffee.&#8221;<\/em><\/p>\n<figure id=\"attachment_114398\" aria-describedby=\"caption-attachment-114398\" style=\"width: 1800px\" class=\"wp-caption alignnone\"><img data-recalc-dims=\"1\" loading=\"lazy\" decoding=\"async\" class=\"size-full wp-image-114398\" src=\"https:\/\/i0.wp.com\/gay.blog.br\/wp-content\/uploads\/2021\/03\/futebol.jpg?resize=696%2C464&#038;ssl=1\" alt=\"\" width=\"696\" height=\"464\" srcset=\"https:\/\/i0.wp.com\/gay.blog.br\/wp-content\/uploads\/2021\/03\/futebol.jpg?w=1800&amp;ssl=1 1800w, https:\/\/i0.wp.com\/gay.blog.br\/wp-content\/uploads\/2021\/03\/futebol.jpg?resize=300%2C200&amp;ssl=1 300w, https:\/\/i0.wp.com\/gay.blog.br\/wp-content\/uploads\/2021\/03\/futebol.jpg?resize=1024%2C683&amp;ssl=1 1024w, https:\/\/i0.wp.com\/gay.blog.br\/wp-content\/uploads\/2021\/03\/futebol.jpg?resize=150%2C100&amp;ssl=1 150w, https:\/\/i0.wp.com\/gay.blog.br\/wp-content\/uploads\/2021\/03\/futebol.jpg?resize=768%2C512&amp;ssl=1 768w, https:\/\/i0.wp.com\/gay.blog.br\/wp-content\/uploads\/2021\/03\/futebol.jpg?resize=1536%2C1024&amp;ssl=1 1536w, https:\/\/i0.wp.com\/gay.blog.br\/wp-content\/uploads\/2021\/03\/futebol.jpg?resize=696%2C464&amp;ssl=1 696w, https:\/\/i0.wp.com\/gay.blog.br\/wp-content\/uploads\/2021\/03\/futebol.jpg?resize=1392%2C928&amp;ssl=1 1392w, https:\/\/i0.wp.com\/gay.blog.br\/wp-content\/uploads\/2021\/03\/futebol.jpg?resize=1068%2C712&amp;ssl=1 1068w, https:\/\/i0.wp.com\/gay.blog.br\/wp-content\/uploads\/2021\/03\/futebol.jpg?resize=630%2C420&amp;ssl=1 630w, https:\/\/i0.wp.com\/gay.blog.br\/wp-content\/uploads\/2021\/03\/futebol.jpg?resize=1260%2C840&amp;ssl=1 1260w\" sizes=\"auto, (max-width: 696px) 100vw, 696px\" \/><figcaption id=\"caption-attachment-114398\" class=\"wp-caption-text\">Zlatan Ibrahimovic \/ Reproduction<\/figcaption><\/figure>\n<p style=\"text-align: justify;\">Amadeus then asked what singer <strong>Achille Lauro<\/strong> would do.<\/p>\n<p style=\"text-align: justify;\"><em>&#8220;We are going to put him in the garage to take care of the cars, the thieves are not going to come in and they are not going to steal anything because they are afraid of him.&#8221;<\/em><\/p>\n<p style=\"text-align: justify;\">The Gay Party spokesman explained to the newspaper <strong>La Repubblica<\/strong> that it was a &#8216;derogatory and sexist tone&#8217;<\/p>\n<p style=\"text-align: justify;\">Then he recalled: <em>\u201cIbrahimovic, already in Spain, in 2010, made a homophobic joke when a journalist asked if he was gay and he replied, &#8216;bring me your sister&#8217;\u201d.<\/em><\/p>\n<p style=\"text-align: justify;\">Marrazzo also pointed to the recent <em>&#8220;racist offenses against the mother of Inter striker Romelu Lukaku&#8221;.<\/em><\/p>\n","protected":false},"excerpt":{"rendered":"<p>Player Zlatan Ibrahimovic reportedly committed homophobia and discrimination by making a joke at the Sanremo Festival<\/p>\n","protected":false},"author":3039,"featured_media":114399,"comment_status":"open","ping_status":"open","sticky":false,"template":"","format":"standard","meta":{"googlesitekit_rrm_CAoiEBg-BXrJeACjO8p49SE4kTY:productID":"","tdm_status":"","tdm_grid_status":"","_jetpack_newsletter_access":"","_jetpack_dont_email_post_to_subs":false,"_jetpack_newsletter_tier_id":0,"_jetpack_memberships_contains_paywalled_content":false,"_jetpack_memberships_contains_paid_content":false,"footnotes":"","jetpack_publicize_message":"Italian gay party accuses Milan striker of homophobia","jetpack_publicize_feature_enabled":true,"jetpack_social_post_already_shared":true,"jetpack_social_options":{"image_generator_settings":{"template":"highway","default_image_id":0,"font":"","enabled":false},"version":2},"_wpas_customize_per_network":false,"jetpack_post_was_ever_published":false},"categories":[589932163],"tags":[589936297,589932802],"class_list":{"0":"post-114659","1":"post","2":"type-post","3":"status-publish","4":"format-standard","5":"has-post-thumbnail","7":"category-sports","8":"tag-gay-party","9":"tag-italy"},"yoast_head":"<!-- This site is optimized with the Yoast SEO plugin v27.5 - https:\/\/yoast.com\/product\/yoast-seo-wordpress\/ -->\n<title>Italian gay party accuses Milan striker of homophobia<\/title>\n<meta name=\"description\" content=\"Player Zlatan Ibrahimovic reportedly committed homophobia and discrimination by making a joke at the Sanremo Festival\" \/>\n<meta name=\"robots\" content=\"index, follow, max-snippet:-1, max-image-preview:large, max-video-preview:-1\" \/>\n<link rel=\"canonical\" href=\"https:\/\/gay.blog.br\/en\/sports\/italian-gay-party-accuses-milan-striker-of-homophobia\/\" \/>\n<meta property=\"og:locale\" content=\"en_US\" \/>\n<meta property=\"og:type\" content=\"article\" \/>\n<meta property=\"og:title\" content=\"Italian gay party accuses Milan striker of homophobia\" \/>\n<meta property=\"og:description\" content=\"Player Zlatan Ibrahimovic reportedly committed homophobia and discrimination by making a joke at the Sanremo Festival\" \/>\n<meta property=\"og:url\" content=\"https:\/\/gay.blog.br\/en\/sports\/italian-gay-party-accuses-milan-striker-of-homophobia\/\" \/>\n<meta property=\"og:site_name\" content=\"GAY BLOG BR @gayblogbr\" \/>\n<meta property=\"article:publisher\" content=\"https:\/\/facebook.com\/gayblogbr\" \/>\n<meta property=\"article:published_time\" content=\"2021-03-05T20:39:46+00:00\" \/>\n<meta property=\"article:modified_time\" content=\"2021-03-09T01:45:24+00:00\" \/>\n<meta property=\"og:image\" content=\"https:\/\/i0.wp.com\/gay.blog.br\/wp-content\/uploads\/2021\/03\/futebol.jpg?fit=1800%2C1200&ssl=1\" \/>\n\t<meta property=\"og:image:width\" content=\"1800\" \/>\n\t<meta property=\"og:image:height\" content=\"1200\" \/>\n\t<meta property=\"og:image:type\" content=\"image\/jpeg\" \/>\n<meta name=\"author\" content=\"Carlos Henrique Braga\" \/>\n<meta name=\"twitter:card\" content=\"summary_large_image\" \/>\n<meta name=\"twitter:creator\" content=\"@cahebraga\" \/>\n<meta name=\"twitter:site\" content=\"@gayblogbr\" \/>\n<meta name=\"twitter:label1\" content=\"Written by\" \/>\n\t<meta name=\"twitter:data1\" content=\"Carlos Henrique Braga\" \/>\n\t<meta name=\"twitter:label2\" content=\"Est. reading time\" \/>\n\t<meta name=\"twitter:data2\" content=\"1 minute\" \/>\n<script type=\"application\/ld+json\" class=\"yoast-schema-graph\">{\"@context\":\"https:\\\/\\\/schema.org\",\"@graph\":[{\"@type\":\"Article\",\"@id\":\"https:\\\/\\\/gay.blog.br\\\/en\\\/sports\\\/italian-gay-party-accuses-milan-striker-of-homophobia\\\/#article\",\"isPartOf\":{\"@id\":\"https:\\\/\\\/gay.blog.br\\\/en\\\/sports\\\/italian-gay-party-accuses-milan-striker-of-homophobia\\\/\"},\"author\":{\"name\":\"Carlos Henrique Braga\",\"@id\":\"https:\\\/\\\/gay.blog.br\\\/en\\\/#\\\/schema\\\/person\\\/cd267ffff2d56e12768a81623718b979\"},\"headline\":\"Italian gay party accuses Milan striker of homophobia\",\"datePublished\":\"2021-03-05T20:39:46+00:00\",\"dateModified\":\"2021-03-09T01:45:24+00:00\",\"mainEntityOfPage\":{\"@id\":\"https:\\\/\\\/gay.blog.br\\\/en\\\/sports\\\/italian-gay-party-accuses-milan-striker-of-homophobia\\\/\"},\"wordCount\":201,\"commentCount\":0,\"publisher\":{\"@id\":\"https:\\\/\\\/gay.blog.br\\\/en\\\/#organization\"},\"image\":{\"@id\":\"https:\\\/\\\/gay.blog.br\\\/en\\\/sports\\\/italian-gay-party-accuses-milan-striker-of-homophobia\\\/#primaryimage\"},\"thumbnailUrl\":\"https:\\\/\\\/i0.wp.com\\\/gay.blog.br\\\/wp-content\\\/uploads\\\/2021\\\/03\\\/futebol.jpg?fit=1800%2C1200&ssl=1\",\"keywords\":[\"gay party\",\"Italy\"],\"articleSection\":[\"SPORTS\"],\"inLanguage\":\"en-US\",\"potentialAction\":[{\"@type\":\"CommentAction\",\"name\":\"Comment\",\"target\":[\"https:\\\/\\\/gay.blog.br\\\/en\\\/sports\\\/italian-gay-party-accuses-milan-striker-of-homophobia\\\/#respond\"]}]},{\"@type\":\"WebPage\",\"@id\":\"https:\\\/\\\/gay.blog.br\\\/en\\\/sports\\\/italian-gay-party-accuses-milan-striker-of-homophobia\\\/\",\"url\":\"https:\\\/\\\/gay.blog.br\\\/en\\\/sports\\\/italian-gay-party-accuses-milan-striker-of-homophobia\\\/\",\"name\":\"Italian gay party accuses Milan striker of homophobia\",\"isPartOf\":{\"@id\":\"https:\\\/\\\/gay.blog.br\\\/en\\\/#website\"},\"primaryImageOfPage\":{\"@id\":\"https:\\\/\\\/gay.blog.br\\\/en\\\/sports\\\/italian-gay-party-accuses-milan-striker-of-homophobia\\\/#primaryimage\"},\"image\":{\"@id\":\"https:\\\/\\\/gay.blog.br\\\/en\\\/sports\\\/italian-gay-party-accuses-milan-striker-of-homophobia\\\/#primaryimage\"},\"thumbnailUrl\":\"https:\\\/\\\/i0.wp.com\\\/gay.blog.br\\\/wp-content\\\/uploads\\\/2021\\\/03\\\/futebol.jpg?fit=1800%2C1200&ssl=1\",\"datePublished\":\"2021-03-05T20:39:46+00:00\",\"dateModified\":\"2021-03-09T01:45:24+00:00\",\"description\":\"Player Zlatan Ibrahimovic reportedly committed homophobia and discrimination by making a joke at the Sanremo Festival\",\"breadcrumb\":{\"@id\":\"https:\\\/\\\/gay.blog.br\\\/en\\\/sports\\\/italian-gay-party-accuses-milan-striker-of-homophobia\\\/#breadcrumb\"},\"inLanguage\":\"en-US\",\"potentialAction\":[{\"@type\":\"ReadAction\",\"target\":[\"https:\\\/\\\/gay.blog.br\\\/en\\\/sports\\\/italian-gay-party-accuses-milan-striker-of-homophobia\\\/\"]}]},{\"@type\":\"ImageObject\",\"inLanguage\":\"en-US\",\"@id\":\"https:\\\/\\\/gay.blog.br\\\/en\\\/sports\\\/italian-gay-party-accuses-milan-striker-of-homophobia\\\/#primaryimage\",\"url\":\"https:\\\/\\\/i0.wp.com\\\/gay.blog.br\\\/wp-content\\\/uploads\\\/2021\\\/03\\\/futebol.jpg?fit=1800%2C1200&ssl=1\",\"contentUrl\":\"https:\\\/\\\/i0.wp.com\\\/gay.blog.br\\\/wp-content\\\/uploads\\\/2021\\\/03\\\/futebol.jpg?fit=1800%2C1200&ssl=1\",\"width\":1800,\"height\":1200,\"caption\":\"Zlatan Ibrahimovic\\\/ Reprodu\u00e7\u00e3o\"},{\"@type\":\"BreadcrumbList\",\"@id\":\"https:\\\/\\\/gay.blog.br\\\/en\\\/sports\\\/italian-gay-party-accuses-milan-striker-of-homophobia\\\/#breadcrumb\",\"itemListElement\":[{\"@type\":\"ListItem\",\"position\":1,\"name\":\"In\u00edcio\",\"item\":\"https:\\\/\\\/gay.blog.br\\\/en\\\/\"},{\"@type\":\"ListItem\",\"position\":2,\"name\":\"Italian gay party accuses Milan striker of homophobia\"}]},{\"@type\":\"WebSite\",\"@id\":\"https:\\\/\\\/gay.blog.br\\\/en\\\/#website\",\"url\":\"https:\\\/\\\/gay.blog.br\\\/en\\\/\",\"name\":\"GAY BLOG BR @gayblogbr\",\"description\":\"Not\u00edcias que empoderam e\\\/ou entret\u00eam s\u00e3o especialidades da casa\",\"publisher\":{\"@id\":\"https:\\\/\\\/gay.blog.br\\\/en\\\/#organization\"},\"potentialAction\":[{\"@type\":\"SearchAction\",\"target\":{\"@type\":\"EntryPoint\",\"urlTemplate\":\"https:\\\/\\\/gay.blog.br\\\/en\\\/?s={search_term_string}\"},\"query-input\":{\"@type\":\"PropertyValueSpecification\",\"valueRequired\":true,\"valueName\":\"search_term_string\"}}],\"inLanguage\":\"en-US\"},{\"@type\":\"Organization\",\"@id\":\"https:\\\/\\\/gay.blog.br\\\/en\\\/#organization\",\"name\":\"GAY BLOG BR\",\"url\":\"https:\\\/\\\/gay.blog.br\\\/en\\\/\",\"logo\":{\"@type\":\"ImageObject\",\"inLanguage\":\"en-US\",\"@id\":\"https:\\\/\\\/gay.blog.br\\\/en\\\/#\\\/schema\\\/logo\\\/image\\\/\",\"url\":\"https:\\\/\\\/i0.wp.com\\\/gay.blog.br\\\/wp-content\\\/uploads\\\/2023\\\/08\\\/gay180px.png?fit=272%2C90&ssl=1\",\"contentUrl\":\"https:\\\/\\\/i0.wp.com\\\/gay.blog.br\\\/wp-content\\\/uploads\\\/2023\\\/08\\\/gay180px.png?fit=272%2C90&ssl=1\",\"width\":272,\"height\":90,\"caption\":\"GAY BLOG BR\"},\"image\":{\"@id\":\"https:\\\/\\\/gay.blog.br\\\/en\\\/#\\\/schema\\\/logo\\\/image\\\/\"},\"sameAs\":[\"https:\\\/\\\/facebook.com\\\/gayblogbr\",\"https:\\\/\\\/x.com\\\/gayblogbr\",\"https:\\\/\\\/instagram.com\\\/gayblogbr\",\"https:\\\/\\\/www.linkedin.com\\\/company\\\/gayblogbr\\\/\",\"https:\\\/\\\/br.pinterest.com\\\/gayblogbr\\\/\",\"https:\\\/\\\/www.youtube.com\\\/channel\\\/UCdEu3JXLOB-wvWAVUF4AIiA\",\"https:\\\/\\\/pt.wikipedia.org\\\/wiki\\\/Gay_Blog_Br\",\"https:\\\/\\\/www.threads.net\\\/@gayblogbr\"]},{\"@type\":\"Person\",\"@id\":\"https:\\\/\\\/gay.blog.br\\\/en\\\/#\\\/schema\\\/person\\\/cd267ffff2d56e12768a81623718b979\",\"name\":\"Carlos Henrique Braga\",\"image\":{\"@type\":\"ImageObject\",\"inLanguage\":\"en-US\",\"@id\":\"https:\\\/\\\/secure.gravatar.com\\\/avatar\\\/5b3e587a2c2062bba657f0e46352c11e0f9fd644f822214af015b5e192d0f016?s=96&d=mm&r=g\",\"url\":\"https:\\\/\\\/secure.gravatar.com\\\/avatar\\\/5b3e587a2c2062bba657f0e46352c11e0f9fd644f822214af015b5e192d0f016?s=96&d=mm&r=g\",\"contentUrl\":\"https:\\\/\\\/secure.gravatar.com\\\/avatar\\\/5b3e587a2c2062bba657f0e46352c11e0f9fd644f822214af015b5e192d0f016?s=96&d=mm&r=g\",\"caption\":\"Carlos Henrique Braga\"},\"description\":\"Jornalista pela Universidade Federal de MS, foi rep\u00f3rter de economia e hoje, al\u00e9m de colaborar para o Gay Blog Br, \u00e9 servidor p\u00fablico em Joinville (SC). Escreveu ''A Supremacia do Abandono'', livro dispon\u00edvel em amazon.com.br.\",\"sameAs\":[\"https:\\\/\\\/x.com\\\/@cahebraga\"],\"url\":\"https:\\\/\\\/gay.blog.br\\\/en\\\/author\\\/carloshenriquebraga\\\/\"}]}<\/script>\n<!-- \/ Yoast SEO plugin. -->","yoast_head_json":{"title":"Italian gay party accuses Milan striker of homophobia","description":"Player Zlatan Ibrahimovic reportedly committed homophobia and discrimination by making a joke at the Sanremo Festival","robots":{"index":"index","follow":"follow","max-snippet":"max-snippet:-1","max-image-preview":"max-image-preview:large","max-video-preview":"max-video-preview:-1"},"canonical":"https:\/\/gay.blog.br\/en\/sports\/italian-gay-party-accuses-milan-striker-of-homophobia\/","og_locale":"en_US","og_type":"article","og_title":"Italian gay party accuses Milan striker of homophobia","og_description":"Player Zlatan Ibrahimovic reportedly committed homophobia and discrimination by making a joke at the Sanremo Festival","og_url":"https:\/\/gay.blog.br\/en\/sports\/italian-gay-party-accuses-milan-striker-of-homophobia\/","og_site_name":"GAY BLOG BR @gayblogbr","article_publisher":"https:\/\/facebook.com\/gayblogbr","article_published_time":"2021-03-05T20:39:46+00:00","article_modified_time":"2021-03-09T01:45:24+00:00","og_image":[{"width":1800,"height":1200,"url":"https:\/\/i0.wp.com\/gay.blog.br\/wp-content\/uploads\/2021\/03\/futebol.jpg?fit=1800%2C1200&ssl=1","type":"image\/jpeg"}],"author":"Carlos Henrique Braga","twitter_card":"summary_large_image","twitter_creator":"@cahebraga","twitter_site":"@gayblogbr","twitter_misc":{"Written by":"Carlos Henrique Braga","Est. reading time":"1 minute"},"schema":{"@context":"https:\/\/schema.org","@graph":[{"@type":"Article","@id":"https:\/\/gay.blog.br\/en\/sports\/italian-gay-party-accuses-milan-striker-of-homophobia\/#article","isPartOf":{"@id":"https:\/\/gay.blog.br\/en\/sports\/italian-gay-party-accuses-milan-striker-of-homophobia\/"},"author":{"name":"Carlos Henrique Braga","@id":"https:\/\/gay.blog.br\/en\/#\/schema\/person\/cd267ffff2d56e12768a81623718b979"},"headline":"Italian gay party accuses Milan striker of homophobia","datePublished":"2021-03-05T20:39:46+00:00","dateModified":"2021-03-09T01:45:24+00:00","mainEntityOfPage":{"@id":"https:\/\/gay.blog.br\/en\/sports\/italian-gay-party-accuses-milan-striker-of-homophobia\/"},"wordCount":201,"commentCount":0,"publisher":{"@id":"https:\/\/gay.blog.br\/en\/#organization"},"image":{"@id":"https:\/\/gay.blog.br\/en\/sports\/italian-gay-party-accuses-milan-striker-of-homophobia\/#primaryimage"},"thumbnailUrl":"https:\/\/i0.wp.com\/gay.blog.br\/wp-content\/uploads\/2021\/03\/futebol.jpg?fit=1800%2C1200&ssl=1","keywords":["gay party","Italy"],"articleSection":["SPORTS"],"inLanguage":"en-US","potentialAction":[{"@type":"CommentAction","name":"Comment","target":["https:\/\/gay.blog.br\/en\/sports\/italian-gay-party-accuses-milan-striker-of-homophobia\/#respond"]}]},{"@type":"WebPage","@id":"https:\/\/gay.blog.br\/en\/sports\/italian-gay-party-accuses-milan-striker-of-homophobia\/","url":"https:\/\/gay.blog.br\/en\/sports\/italian-gay-party-accuses-milan-striker-of-homophobia\/","name":"Italian gay party accuses Milan striker of homophobia","isPartOf":{"@id":"https:\/\/gay.blog.br\/en\/#website"},"primaryImageOfPage":{"@id":"https:\/\/gay.blog.br\/en\/sports\/italian-gay-party-accuses-milan-striker-of-homophobia\/#primaryimage"},"image":{"@id":"https:\/\/gay.blog.br\/en\/sports\/italian-gay-party-accuses-milan-striker-of-homophobia\/#primaryimage"},"thumbnailUrl":"https:\/\/i0.wp.com\/gay.blog.br\/wp-content\/uploads\/2021\/03\/futebol.jpg?fit=1800%2C1200&ssl=1","datePublished":"2021-03-05T20:39:46+00:00","dateModified":"2021-03-09T01:45:24+00:00","description":"Player Zlatan Ibrahimovic reportedly committed homophobia and discrimination by making a joke at the Sanremo Festival","breadcrumb":{"@id":"https:\/\/gay.blog.br\/en\/sports\/italian-gay-party-accuses-milan-striker-of-homophobia\/#breadcrumb"},"inLanguage":"en-US","potentialAction":[{"@type":"ReadAction","target":["https:\/\/gay.blog.br\/en\/sports\/italian-gay-party-accuses-milan-striker-of-homophobia\/"]}]},{"@type":"ImageObject","inLanguage":"en-US","@id":"https:\/\/gay.blog.br\/en\/sports\/italian-gay-party-accuses-milan-striker-of-homophobia\/#primaryimage","url":"https:\/\/i0.wp.com\/gay.blog.br\/wp-content\/uploads\/2021\/03\/futebol.jpg?fit=1800%2C1200&ssl=1","contentUrl":"https:\/\/i0.wp.com\/gay.blog.br\/wp-content\/uploads\/2021\/03\/futebol.jpg?fit=1800%2C1200&ssl=1","width":1800,"height":1200,"caption":"Zlatan Ibrahimovic\/ Reprodu\u00e7\u00e3o"},{"@type":"BreadcrumbList","@id":"https:\/\/gay.blog.br\/en\/sports\/italian-gay-party-accuses-milan-striker-of-homophobia\/#breadcrumb","itemListElement":[{"@type":"ListItem","position":1,"name":"In\u00edcio","item":"https:\/\/gay.blog.br\/en\/"},{"@type":"ListItem","position":2,"name":"Italian gay party accuses Milan striker of homophobia"}]},{"@type":"WebSite","@id":"https:\/\/gay.blog.br\/en\/#website","url":"https:\/\/gay.blog.br\/en\/","name":"GAY BLOG BR @gayblogbr","description":"Not\u00edcias que empoderam e\/ou entret\u00eam s\u00e3o especialidades da casa","publisher":{"@id":"https:\/\/gay.blog.br\/en\/#organization"},"potentialAction":[{"@type":"SearchAction","target":{"@type":"EntryPoint","urlTemplate":"https:\/\/gay.blog.br\/en\/?s={search_term_string}"},"query-input":{"@type":"PropertyValueSpecification","valueRequired":true,"valueName":"search_term_string"}}],"inLanguage":"en-US"},{"@type":"Organization","@id":"https:\/\/gay.blog.br\/en\/#organization","name":"GAY BLOG BR","url":"https:\/\/gay.blog.br\/en\/","logo":{"@type":"ImageObject","inLanguage":"en-US","@id":"https:\/\/gay.blog.br\/en\/#\/schema\/logo\/image\/","url":"https:\/\/i0.wp.com\/gay.blog.br\/wp-content\/uploads\/2023\/08\/gay180px.png?fit=272%2C90&ssl=1","contentUrl":"https:\/\/i0.wp.com\/gay.blog.br\/wp-content\/uploads\/2023\/08\/gay180px.png?fit=272%2C90&ssl=1","width":272,"height":90,"caption":"GAY BLOG BR"},"image":{"@id":"https:\/\/gay.blog.br\/en\/#\/schema\/logo\/image\/"},"sameAs":["https:\/\/facebook.com\/gayblogbr","https:\/\/x.com\/gayblogbr","https:\/\/instagram.com\/gayblogbr","https:\/\/www.linkedin.com\/company\/gayblogbr\/","https:\/\/br.pinterest.com\/gayblogbr\/","https:\/\/www.youtube.com\/channel\/UCdEu3JXLOB-wvWAVUF4AIiA","https:\/\/pt.wikipedia.org\/wiki\/Gay_Blog_Br","https:\/\/www.threads.net\/@gayblogbr"]},{"@type":"Person","@id":"https:\/\/gay.blog.br\/en\/#\/schema\/person\/cd267ffff2d56e12768a81623718b979","name":"Carlos Henrique Braga","image":{"@type":"ImageObject","inLanguage":"en-US","@id":"https:\/\/secure.gravatar.com\/avatar\/5b3e587a2c2062bba657f0e46352c11e0f9fd644f822214af015b5e192d0f016?s=96&d=mm&r=g","url":"https:\/\/secure.gravatar.com\/avatar\/5b3e587a2c2062bba657f0e46352c11e0f9fd644f822214af015b5e192d0f016?s=96&d=mm&r=g","contentUrl":"https:\/\/secure.gravatar.com\/avatar\/5b3e587a2c2062bba657f0e46352c11e0f9fd644f822214af015b5e192d0f016?s=96&d=mm&r=g","caption":"Carlos Henrique Braga"},"description":"Jornalista pela Universidade Federal de MS, foi rep\u00f3rter de economia e hoje, al\u00e9m de colaborar para o Gay Blog Br, \u00e9 servidor p\u00fablico em Joinville (SC). Escreveu ''A Supremacia do Abandono'', livro dispon\u00edvel em amazon.com.br.","sameAs":["https:\/\/x.com\/@cahebraga"],"url":"https:\/\/gay.blog.br\/en\/author\/carloshenriquebraga\/"}]}},"jetpack_publicize_connections":[],"jetpack_featured_media_url":"https:\/\/i0.wp.com\/gay.blog.br\/wp-content\/uploads\/2021\/03\/futebol.jpg?fit=1800%2C1200&ssl=1","jetpack_sharing_enabled":true,"jetpack_shortlink":"https:\/\/wp.me\/p6klkK-tPl","jetpack_likes_enabled":false,"amp_enabled":true,"_links":{"self":[{"href":"https:\/\/gay.blog.br\/en\/wp-json\/wp\/v2\/posts\/114659","targetHints":{"allow":["GET"]}}],"collection":[{"href":"https:\/\/gay.blog.br\/en\/wp-json\/wp\/v2\/posts"}],"about":[{"href":"https:\/\/gay.blog.br\/en\/wp-json\/wp\/v2\/types\/post"}],"author":[{"embeddable":true,"href":"https:\/\/gay.blog.br\/en\/wp-json\/wp\/v2\/users\/3039"}],"replies":[{"embeddable":true,"href":"https:\/\/gay.blog.br\/en\/wp-json\/wp\/v2\/comments?post=114659"}],"version-history":[{"count":0,"href":"https:\/\/gay.blog.br\/en\/wp-json\/wp\/v2\/posts\/114659\/revisions"}],"wp:featuredmedia":[{"embeddable":true,"href":"https:\/\/gay.blog.br\/en\/wp-json\/wp\/v2\/media\/114399"}],"wp:attachment":[{"href":"https:\/\/gay.blog.br\/en\/wp-json\/wp\/v2\/media?parent=114659"}],"wp:term":[{"taxonomy":"category","embeddable":true,"href":"https:\/\/gay.blog.br\/en\/wp-json\/wp\/v2\/categories?post=114659"},{"taxonomy":"post_tag","embeddable":true,"href":"https:\/\/gay.blog.br\/en\/wp-json\/wp\/v2\/tags?post=114659"}],"curies":[{"name":"wp","href":"https:\/\/api.w.org\/{rel}","templated":true}]}}