{"id":115218,"date":"2021-03-11T11:49:06","date_gmt":"2021-03-11T14:49:06","guid":{"rendered":"https:\/\/gay.blog.br\/?p=115218"},"modified":"2021-03-12T23:58:32","modified_gmt":"2021-03-13T02:58:32","slug":"bill-for-gay-marriage-in-serbia-is-presented","status":"publish","type":"post","link":"https:\/\/gay.blog.br\/en\/news\/bill-for-gay-marriage-in-serbia-is-presented\/","title":{"rendered":"Bill for gay marriage in Serbia is presented"},"content":{"rendered":"\r\n<p style=\"text-align: justify;\">A bill that recognizes the <strong>same-sex civil union<\/strong> in Serbia has been made official, which is considered a small step for the LGBTQIA+ community in the European country. The information is from <a href=\"https:\/\/noticias.uol.com.br\/ultimas-noticias\/afp\/2021\/03\/11\/servia-da-passo-adiante-para-legalizar-casamento-gay.htm\">UOL Not\u00edcias<\/a>.<\/p>\r\n\r\n\r\n\r\n<p style=\"text-align: justify;\">Prime Minister <strong>Ana Brnabic<\/strong> said in public that she is a lesbian in 2016, but as with many patriarchal Balkan societies, the community still cannot be free to express its affection and society is considered homotransphobic.<\/p>\r\n\r\n\r\n\r\n<p style=\"text-align: justify;\">According to a survey published in 2020 by human rights NGOs IDEAS and GLIC, almost 60% of LGBTQIA+ claim to have suffered physical, or emotional, <strong>violence<\/strong> over a 12-month period. In addition, only 24% of high school students consulted for a Helsinki committee survey say they support LGBT rights, such as adoption.<\/p>\r\n\r\n\r\n\r\n<p style=\"text-align: justify;\"><em>&#8220;The text did not cause much controversy, but until recently, the minimum advance of the gay community generated waves of violence, such as the attacks against the Gay Pride Parade in 2010, or the tense confrontations with the police in 2012 on the occasion of a photographic exhibition. In it, Jesus was represented as a transgender person. &#8220;<\/em> &#8211; says the story.<\/p>\r\n\r\n\r\n\r\n<p style=\"text-align: justify;\">In Serbia, the <strong>Serbian Orthodox Church<\/strong> has a great influence on society and they are opposed to LGBT issues, going so far as to classify Belgrade Pride as a &#8220;march of shame&#8221;. However, his new boss, Patriarch Porfirije, declared his empathy for LGBTQIA+, and is also considered another small step towards a change in society.<\/p>\r\n\r\n\r\n\r\n<p style=\"text-align: justify;\"><em>&#8220;I can understand people with this type of sexual orientation, their countless administrative problems, the challenges and pressures, and their need to regularize their situation&#8221;<\/em> &#8211; he explained recently.<\/p>\r\n<figure id=\"attachment_115138\" aria-describedby=\"caption-attachment-115138\" style=\"width: 960px\" class=\"wp-caption aligncenter\"><img data-recalc-dims=\"1\" loading=\"lazy\" decoding=\"async\" class=\"size-full wp-image-115138\" src=\"https:\/\/i0.wp.com\/gay.blog.br\/wp-content\/uploads\/2021\/03\/Lesbica-Ana-Brnabic-pode-ser-primeira-ministra-na-Servia.jpg?resize=696%2C348&#038;ssl=1\" alt=\"Projeto de lei para casamento gay na S\u00e9rvia \u00e9 apresentado\" width=\"696\" height=\"348\" srcset=\"https:\/\/i0.wp.com\/gay.blog.br\/wp-content\/uploads\/2021\/03\/Lesbica-Ana-Brnabic-pode-ser-primeira-ministra-na-Servia.jpg?w=960&amp;ssl=1 960w, https:\/\/i0.wp.com\/gay.blog.br\/wp-content\/uploads\/2021\/03\/Lesbica-Ana-Brnabic-pode-ser-primeira-ministra-na-Servia.jpg?resize=300%2C150&amp;ssl=1 300w, https:\/\/i0.wp.com\/gay.blog.br\/wp-content\/uploads\/2021\/03\/Lesbica-Ana-Brnabic-pode-ser-primeira-ministra-na-Servia.jpg?resize=150%2C75&amp;ssl=1 150w, https:\/\/i0.wp.com\/gay.blog.br\/wp-content\/uploads\/2021\/03\/Lesbica-Ana-Brnabic-pode-ser-primeira-ministra-na-Servia.jpg?resize=768%2C384&amp;ssl=1 768w, https:\/\/i0.wp.com\/gay.blog.br\/wp-content\/uploads\/2021\/03\/Lesbica-Ana-Brnabic-pode-ser-primeira-ministra-na-Servia.jpg?resize=696%2C348&amp;ssl=1 696w, https:\/\/i0.wp.com\/gay.blog.br\/wp-content\/uploads\/2021\/03\/Lesbica-Ana-Brnabic-pode-ser-primeira-ministra-na-Servia.jpg?resize=840%2C420&amp;ssl=1 840w\" sizes=\"auto, (max-width: 696px) 100vw, 696px\" \/><figcaption id=\"caption-attachment-115138\" class=\"wp-caption-text\">A primeira ministra da S\u00e9rvia exp\u00f4s sua homossexualidade em 2016 (Reprodu\u00e7\u00e3o)<\/figcaption><\/figure>\r\n\r\n\r\n\r\n<h3 style=\"text-align: justify;\"><strong>COMO \u00c9 SER LGBTQIA+ NA S\u00c9RVIA?<\/strong><\/h3>\r\n\r\n\r\n\r\n<p style=\"text-align: justify;\">There, there are laws that protect discrimination against LGBTI people since the 2000s, such as one in 2002 that prevented the media from promoting discrimination, hatred or violence against sexual orientation; another from 2005 that prohibited discrimination in the workplace; as well as laws that guarantee sex change operations by the public sector.<\/p>\r\n\r\n\r\n\r\n<p style=\"text-align: justify;\">Despite these advances, Serbia&#8217;s social conditions are not very favorable to LGBTQIA+, facing a lot of marginalization and harassment. For years, Belgrade&#8217;s LGBT pride parade has been canceled in the face of threats of violence.<\/p>\r\n","protected":false},"excerpt":{"rendered":"<p>Over there, almost 60% of LGBTQIA+ report suffering physical or mental violence<\/p>\n","protected":false},"author":3515,"featured_media":115139,"comment_status":"open","ping_status":"open","sticky":false,"template":"","format":"standard","meta":{"googlesitekit_rrm_CAoiEBg-BXrJeACjO8p49SE4kTY:productID":"","tdm_status":"","tdm_grid_status":"","_jetpack_newsletter_access":"","_jetpack_dont_email_post_to_subs":false,"_jetpack_newsletter_tier_id":0,"_jetpack_memberships_contains_paywalled_content":false,"_jetpack_memberships_contains_paid_content":false,"footnotes":"","jetpack_publicize_message":"Bill for gay marriage in Serbia is presented","jetpack_publicize_feature_enabled":true,"jetpack_social_post_already_shared":true,"jetpack_social_options":{"image_generator_settings":{"template":"highway","default_image_id":0,"font":"","enabled":false},"version":2},"_wpas_customize_per_network":false,"jetpack_post_was_ever_published":false},"categories":[589932225],"tags":[589937900,589937901],"class_list":{"0":"post-115218","1":"post","2":"type-post","3":"status-publish","4":"format-standard","5":"has-post-thumbnail","7":"category-news","8":"tag-lgbt-rights","9":"tag-serbia"},"yoast_head":"<!-- This site is optimized with the Yoast SEO plugin v27.4 - https:\/\/yoast.com\/product\/yoast-seo-wordpress\/ -->\n<title>Bill for gay marriage in Serbia is presented<\/title>\n<meta name=\"description\" content=\"A pL that recognizes the same-sex civil union in Serbia has been made official, which is considered a step for LGBTS in the country.\" \/>\n<meta name=\"robots\" content=\"index, follow, max-snippet:-1, max-image-preview:large, max-video-preview:-1\" \/>\n<link rel=\"canonical\" href=\"https:\/\/gay.blog.br\/en\/news\/bill-for-gay-marriage-in-serbia-is-presented\/\" \/>\n<meta property=\"og:locale\" content=\"en_US\" \/>\n<meta property=\"og:type\" content=\"article\" \/>\n<meta property=\"og:title\" content=\"Bill for gay marriage in Serbia is presented\" \/>\n<meta property=\"og:description\" content=\"A pL that recognizes the same-sex civil union in Serbia has been made official, which is considered a step for LGBTS in the country.\" \/>\n<meta property=\"og:url\" content=\"https:\/\/gay.blog.br\/en\/news\/bill-for-gay-marriage-in-serbia-is-presented\/\" \/>\n<meta property=\"og:site_name\" content=\"GAY BLOG BR @gayblogbr\" \/>\n<meta property=\"article:publisher\" content=\"https:\/\/facebook.com\/gayblogbr\" \/>\n<meta property=\"article:author\" content=\"https:\/\/www.facebook.com\/victormillerreal\" \/>\n<meta property=\"article:published_time\" content=\"2021-03-11T14:49:06+00:00\" \/>\n<meta property=\"article:modified_time\" content=\"2021-03-13T02:58:32+00:00\" \/>\n<meta property=\"og:image\" content=\"https:\/\/i0.wp.com\/gay.blog.br\/wp-content\/uploads\/2021\/03\/Lesbica-Ana-Brnabic-pode-ser-primeira-ministra-na-Servia.jpg?fit=960%2C480&ssl=1\" \/>\n\t<meta property=\"og:image:width\" content=\"960\" \/>\n\t<meta property=\"og:image:height\" content=\"480\" \/>\n\t<meta property=\"og:image:type\" content=\"image\/jpeg\" \/>\n<meta name=\"author\" content=\"Victor Miller\" \/>\n<meta name=\"twitter:card\" content=\"summary_large_image\" \/>\n<meta name=\"twitter:creator\" content=\"@https:\/\/twitter.com\/victor_miller\" \/>\n<meta name=\"twitter:site\" content=\"@gayblogbr\" \/>\n<meta name=\"twitter:label1\" content=\"Written by\" \/>\n\t<meta name=\"twitter:data1\" content=\"Victor Miller\" \/>\n\t<meta name=\"twitter:label2\" content=\"Est. reading time\" \/>\n\t<meta name=\"twitter:data2\" content=\"2 minutes\" \/>\n<script type=\"application\/ld+json\" class=\"yoast-schema-graph\">{\"@context\":\"https:\\\/\\\/schema.org\",\"@graph\":[{\"@type\":\"Article\",\"@id\":\"https:\\\/\\\/gay.blog.br\\\/en\\\/news\\\/bill-for-gay-marriage-in-serbia-is-presented\\\/#article\",\"isPartOf\":{\"@id\":\"https:\\\/\\\/gay.blog.br\\\/en\\\/news\\\/bill-for-gay-marriage-in-serbia-is-presented\\\/\"},\"author\":{\"name\":\"Victor Miller\",\"@id\":\"https:\\\/\\\/gay.blog.br\\\/en\\\/#\\\/schema\\\/person\\\/5e0cf06e5d5e166b6afeaefc7fc56d9d\"},\"headline\":\"Bill for gay marriage in Serbia is presented\",\"datePublished\":\"2021-03-11T14:49:06+00:00\",\"dateModified\":\"2021-03-13T02:58:32+00:00\",\"mainEntityOfPage\":{\"@id\":\"https:\\\/\\\/gay.blog.br\\\/en\\\/news\\\/bill-for-gay-marriage-in-serbia-is-presented\\\/\"},\"wordCount\":384,\"commentCount\":0,\"publisher\":{\"@id\":\"https:\\\/\\\/gay.blog.br\\\/en\\\/#organization\"},\"image\":{\"@id\":\"https:\\\/\\\/gay.blog.br\\\/en\\\/news\\\/bill-for-gay-marriage-in-serbia-is-presented\\\/#primaryimage\"},\"thumbnailUrl\":\"https:\\\/\\\/i0.wp.com\\\/gay.blog.br\\\/wp-content\\\/uploads\\\/2021\\\/03\\\/Lesbica-Ana-Brnabic-pode-ser-primeira-ministra-na-Servia.jpg?fit=960%2C480&ssl=1\",\"keywords\":[\"lgbt rights\",\"Serbia\"],\"articleSection\":[\"NEWS\"],\"inLanguage\":\"en-US\",\"potentialAction\":[{\"@type\":\"CommentAction\",\"name\":\"Comment\",\"target\":[\"https:\\\/\\\/gay.blog.br\\\/en\\\/news\\\/bill-for-gay-marriage-in-serbia-is-presented\\\/#respond\"]}]},{\"@type\":\"WebPage\",\"@id\":\"https:\\\/\\\/gay.blog.br\\\/en\\\/news\\\/bill-for-gay-marriage-in-serbia-is-presented\\\/\",\"url\":\"https:\\\/\\\/gay.blog.br\\\/en\\\/news\\\/bill-for-gay-marriage-in-serbia-is-presented\\\/\",\"name\":\"Bill for gay marriage in Serbia is presented\",\"isPartOf\":{\"@id\":\"https:\\\/\\\/gay.blog.br\\\/en\\\/#website\"},\"primaryImageOfPage\":{\"@id\":\"https:\\\/\\\/gay.blog.br\\\/en\\\/news\\\/bill-for-gay-marriage-in-serbia-is-presented\\\/#primaryimage\"},\"image\":{\"@id\":\"https:\\\/\\\/gay.blog.br\\\/en\\\/news\\\/bill-for-gay-marriage-in-serbia-is-presented\\\/#primaryimage\"},\"thumbnailUrl\":\"https:\\\/\\\/i0.wp.com\\\/gay.blog.br\\\/wp-content\\\/uploads\\\/2021\\\/03\\\/Lesbica-Ana-Brnabic-pode-ser-primeira-ministra-na-Servia.jpg?fit=960%2C480&ssl=1\",\"datePublished\":\"2021-03-11T14:49:06+00:00\",\"dateModified\":\"2021-03-13T02:58:32+00:00\",\"description\":\"A pL that recognizes the same-sex civil union in Serbia has been made official, which is considered a step for LGBTS in the country.\",\"breadcrumb\":{\"@id\":\"https:\\\/\\\/gay.blog.br\\\/en\\\/news\\\/bill-for-gay-marriage-in-serbia-is-presented\\\/#breadcrumb\"},\"inLanguage\":\"en-US\",\"potentialAction\":[{\"@type\":\"ReadAction\",\"target\":[\"https:\\\/\\\/gay.blog.br\\\/en\\\/news\\\/bill-for-gay-marriage-in-serbia-is-presented\\\/\"]}]},{\"@type\":\"ImageObject\",\"inLanguage\":\"en-US\",\"@id\":\"https:\\\/\\\/gay.blog.br\\\/en\\\/news\\\/bill-for-gay-marriage-in-serbia-is-presented\\\/#primaryimage\",\"url\":\"https:\\\/\\\/i0.wp.com\\\/gay.blog.br\\\/wp-content\\\/uploads\\\/2021\\\/03\\\/Lesbica-Ana-Brnabic-pode-ser-primeira-ministra-na-Servia.jpg?fit=960%2C480&ssl=1\",\"contentUrl\":\"https:\\\/\\\/i0.wp.com\\\/gay.blog.br\\\/wp-content\\\/uploads\\\/2021\\\/03\\\/Lesbica-Ana-Brnabic-pode-ser-primeira-ministra-na-Servia.jpg?fit=960%2C480&ssl=1\",\"width\":960,\"height\":480,\"caption\":\"A primeira ministra da S\u00e9rvia exp\u00f4s sua homosssexualidade em 2016 (Reprodu\u00e7\u00e3o)\"},{\"@type\":\"BreadcrumbList\",\"@id\":\"https:\\\/\\\/gay.blog.br\\\/en\\\/news\\\/bill-for-gay-marriage-in-serbia-is-presented\\\/#breadcrumb\",\"itemListElement\":[{\"@type\":\"ListItem\",\"position\":1,\"name\":\"In\u00edcio\",\"item\":\"https:\\\/\\\/gay.blog.br\\\/en\\\/\"},{\"@type\":\"ListItem\",\"position\":2,\"name\":\"Bill for gay marriage in Serbia is presented\"}]},{\"@type\":\"WebSite\",\"@id\":\"https:\\\/\\\/gay.blog.br\\\/en\\\/#website\",\"url\":\"https:\\\/\\\/gay.blog.br\\\/en\\\/\",\"name\":\"GAY BLOG BR @gayblogbr\",\"description\":\"Not\u00edcias que empoderam e\\\/ou entret\u00eam s\u00e3o especialidades da casa\",\"publisher\":{\"@id\":\"https:\\\/\\\/gay.blog.br\\\/en\\\/#organization\"},\"potentialAction\":[{\"@type\":\"SearchAction\",\"target\":{\"@type\":\"EntryPoint\",\"urlTemplate\":\"https:\\\/\\\/gay.blog.br\\\/en\\\/?s={search_term_string}\"},\"query-input\":{\"@type\":\"PropertyValueSpecification\",\"valueRequired\":true,\"valueName\":\"search_term_string\"}}],\"inLanguage\":\"en-US\"},{\"@type\":\"Organization\",\"@id\":\"https:\\\/\\\/gay.blog.br\\\/en\\\/#organization\",\"name\":\"GAY BLOG BR\",\"url\":\"https:\\\/\\\/gay.blog.br\\\/en\\\/\",\"logo\":{\"@type\":\"ImageObject\",\"inLanguage\":\"en-US\",\"@id\":\"https:\\\/\\\/gay.blog.br\\\/en\\\/#\\\/schema\\\/logo\\\/image\\\/\",\"url\":\"https:\\\/\\\/i0.wp.com\\\/gay.blog.br\\\/wp-content\\\/uploads\\\/2023\\\/08\\\/gay180px.png?fit=272%2C90&ssl=1\",\"contentUrl\":\"https:\\\/\\\/i0.wp.com\\\/gay.blog.br\\\/wp-content\\\/uploads\\\/2023\\\/08\\\/gay180px.png?fit=272%2C90&ssl=1\",\"width\":272,\"height\":90,\"caption\":\"GAY BLOG BR\"},\"image\":{\"@id\":\"https:\\\/\\\/gay.blog.br\\\/en\\\/#\\\/schema\\\/logo\\\/image\\\/\"},\"sameAs\":[\"https:\\\/\\\/facebook.com\\\/gayblogbr\",\"https:\\\/\\\/x.com\\\/gayblogbr\",\"https:\\\/\\\/instagram.com\\\/gayblogbr\",\"https:\\\/\\\/www.linkedin.com\\\/company\\\/gayblogbr\\\/\",\"https:\\\/\\\/br.pinterest.com\\\/gayblogbr\\\/\",\"https:\\\/\\\/www.youtube.com\\\/channel\\\/UCdEu3JXLOB-wvWAVUF4AIiA\",\"https:\\\/\\\/pt.wikipedia.org\\\/wiki\\\/Gay_Blog_Br\",\"https:\\\/\\\/www.threads.net\\\/@gayblogbr\"]},{\"@type\":\"Person\",\"@id\":\"https:\\\/\\\/gay.blog.br\\\/en\\\/#\\\/schema\\\/person\\\/5e0cf06e5d5e166b6afeaefc7fc56d9d\",\"name\":\"Victor Miller\",\"image\":{\"@type\":\"ImageObject\",\"inLanguage\":\"en-US\",\"@id\":\"https:\\\/\\\/secure.gravatar.com\\\/avatar\\\/7c1fad0dcba879f76a2e6b9189cea981c8fcb9c7e6f40d5903cf16ba29cb80b5?s=96&d=mm&r=g\",\"url\":\"https:\\\/\\\/secure.gravatar.com\\\/avatar\\\/7c1fad0dcba879f76a2e6b9189cea981c8fcb9c7e6f40d5903cf16ba29cb80b5?s=96&d=mm&r=g\",\"contentUrl\":\"https:\\\/\\\/secure.gravatar.com\\\/avatar\\\/7c1fad0dcba879f76a2e6b9189cea981c8fcb9c7e6f40d5903cf16ba29cb80b5?s=96&d=mm&r=g\",\"caption\":\"Victor Miller\"},\"description\":\"Jornalista formado pela PUC do Rio de Janeiro, dedicou sua vida a falar sobre cultura nerd\\\/geek. Gay desde que se entende por gente, sempre teve desejo de trabalhar com o p\u00fablico LGBT+ e cr\u00ea que a informa\u00e7\u00e3o \u00e9 a a melhor arma contra qualquer tipo de \\\"fobia\\\"\",\"sameAs\":[\"https:\\\/\\\/gay.blog.br\\\/author\\\/victormiller\\\/\",\"https:\\\/\\\/www.facebook.com\\\/victormillerreal\",\"https:\\\/\\\/instagram.com\\\/victormillermiranda\",\"https:\\\/\\\/www.linkedin.com\\\/in\\\/victor-miller-266b54a7\\\/\",\"https:\\\/\\\/x.com\\\/https:\\\/\\\/twitter.com\\\/victor_miller\",\"https:\\\/\\\/www.youtube.com\\\/user\\\/planetasonic\"],\"url\":\"https:\\\/\\\/gay.blog.br\\\/en\\\/author\\\/victormiller\\\/\"}]}<\/script>\n<!-- \/ Yoast SEO plugin. -->","yoast_head_json":{"title":"Bill for gay marriage in Serbia is presented","description":"A pL that recognizes the same-sex civil union in Serbia has been made official, which is considered a step for LGBTS in the country.","robots":{"index":"index","follow":"follow","max-snippet":"max-snippet:-1","max-image-preview":"max-image-preview:large","max-video-preview":"max-video-preview:-1"},"canonical":"https:\/\/gay.blog.br\/en\/news\/bill-for-gay-marriage-in-serbia-is-presented\/","og_locale":"en_US","og_type":"article","og_title":"Bill for gay marriage in Serbia is presented","og_description":"A pL that recognizes the same-sex civil union in Serbia has been made official, which is considered a step for LGBTS in the country.","og_url":"https:\/\/gay.blog.br\/en\/news\/bill-for-gay-marriage-in-serbia-is-presented\/","og_site_name":"GAY BLOG BR @gayblogbr","article_publisher":"https:\/\/facebook.com\/gayblogbr","article_author":"https:\/\/www.facebook.com\/victormillerreal","article_published_time":"2021-03-11T14:49:06+00:00","article_modified_time":"2021-03-13T02:58:32+00:00","og_image":[{"width":960,"height":480,"url":"https:\/\/i0.wp.com\/gay.blog.br\/wp-content\/uploads\/2021\/03\/Lesbica-Ana-Brnabic-pode-ser-primeira-ministra-na-Servia.jpg?fit=960%2C480&ssl=1","type":"image\/jpeg"}],"author":"Victor Miller","twitter_card":"summary_large_image","twitter_creator":"@https:\/\/twitter.com\/victor_miller","twitter_site":"@gayblogbr","twitter_misc":{"Written by":"Victor Miller","Est. reading time":"2 minutes"},"schema":{"@context":"https:\/\/schema.org","@graph":[{"@type":"Article","@id":"https:\/\/gay.blog.br\/en\/news\/bill-for-gay-marriage-in-serbia-is-presented\/#article","isPartOf":{"@id":"https:\/\/gay.blog.br\/en\/news\/bill-for-gay-marriage-in-serbia-is-presented\/"},"author":{"name":"Victor Miller","@id":"https:\/\/gay.blog.br\/en\/#\/schema\/person\/5e0cf06e5d5e166b6afeaefc7fc56d9d"},"headline":"Bill for gay marriage in Serbia is presented","datePublished":"2021-03-11T14:49:06+00:00","dateModified":"2021-03-13T02:58:32+00:00","mainEntityOfPage":{"@id":"https:\/\/gay.blog.br\/en\/news\/bill-for-gay-marriage-in-serbia-is-presented\/"},"wordCount":384,"commentCount":0,"publisher":{"@id":"https:\/\/gay.blog.br\/en\/#organization"},"image":{"@id":"https:\/\/gay.blog.br\/en\/news\/bill-for-gay-marriage-in-serbia-is-presented\/#primaryimage"},"thumbnailUrl":"https:\/\/i0.wp.com\/gay.blog.br\/wp-content\/uploads\/2021\/03\/Lesbica-Ana-Brnabic-pode-ser-primeira-ministra-na-Servia.jpg?fit=960%2C480&ssl=1","keywords":["lgbt rights","Serbia"],"articleSection":["NEWS"],"inLanguage":"en-US","potentialAction":[{"@type":"CommentAction","name":"Comment","target":["https:\/\/gay.blog.br\/en\/news\/bill-for-gay-marriage-in-serbia-is-presented\/#respond"]}]},{"@type":"WebPage","@id":"https:\/\/gay.blog.br\/en\/news\/bill-for-gay-marriage-in-serbia-is-presented\/","url":"https:\/\/gay.blog.br\/en\/news\/bill-for-gay-marriage-in-serbia-is-presented\/","name":"Bill for gay marriage in Serbia is presented","isPartOf":{"@id":"https:\/\/gay.blog.br\/en\/#website"},"primaryImageOfPage":{"@id":"https:\/\/gay.blog.br\/en\/news\/bill-for-gay-marriage-in-serbia-is-presented\/#primaryimage"},"image":{"@id":"https:\/\/gay.blog.br\/en\/news\/bill-for-gay-marriage-in-serbia-is-presented\/#primaryimage"},"thumbnailUrl":"https:\/\/i0.wp.com\/gay.blog.br\/wp-content\/uploads\/2021\/03\/Lesbica-Ana-Brnabic-pode-ser-primeira-ministra-na-Servia.jpg?fit=960%2C480&ssl=1","datePublished":"2021-03-11T14:49:06+00:00","dateModified":"2021-03-13T02:58:32+00:00","description":"A pL that recognizes the same-sex civil union in Serbia has been made official, which is considered a step for LGBTS in the country.","breadcrumb":{"@id":"https:\/\/gay.blog.br\/en\/news\/bill-for-gay-marriage-in-serbia-is-presented\/#breadcrumb"},"inLanguage":"en-US","potentialAction":[{"@type":"ReadAction","target":["https:\/\/gay.blog.br\/en\/news\/bill-for-gay-marriage-in-serbia-is-presented\/"]}]},{"@type":"ImageObject","inLanguage":"en-US","@id":"https:\/\/gay.blog.br\/en\/news\/bill-for-gay-marriage-in-serbia-is-presented\/#primaryimage","url":"https:\/\/i0.wp.com\/gay.blog.br\/wp-content\/uploads\/2021\/03\/Lesbica-Ana-Brnabic-pode-ser-primeira-ministra-na-Servia.jpg?fit=960%2C480&ssl=1","contentUrl":"https:\/\/i0.wp.com\/gay.blog.br\/wp-content\/uploads\/2021\/03\/Lesbica-Ana-Brnabic-pode-ser-primeira-ministra-na-Servia.jpg?fit=960%2C480&ssl=1","width":960,"height":480,"caption":"A primeira ministra da S\u00e9rvia exp\u00f4s sua homosssexualidade em 2016 (Reprodu\u00e7\u00e3o)"},{"@type":"BreadcrumbList","@id":"https:\/\/gay.blog.br\/en\/news\/bill-for-gay-marriage-in-serbia-is-presented\/#breadcrumb","itemListElement":[{"@type":"ListItem","position":1,"name":"In\u00edcio","item":"https:\/\/gay.blog.br\/en\/"},{"@type":"ListItem","position":2,"name":"Bill for gay marriage in Serbia is presented"}]},{"@type":"WebSite","@id":"https:\/\/gay.blog.br\/en\/#website","url":"https:\/\/gay.blog.br\/en\/","name":"GAY BLOG BR @gayblogbr","description":"Not\u00edcias que empoderam e\/ou entret\u00eam s\u00e3o especialidades da casa","publisher":{"@id":"https:\/\/gay.blog.br\/en\/#organization"},"potentialAction":[{"@type":"SearchAction","target":{"@type":"EntryPoint","urlTemplate":"https:\/\/gay.blog.br\/en\/?s={search_term_string}"},"query-input":{"@type":"PropertyValueSpecification","valueRequired":true,"valueName":"search_term_string"}}],"inLanguage":"en-US"},{"@type":"Organization","@id":"https:\/\/gay.blog.br\/en\/#organization","name":"GAY BLOG BR","url":"https:\/\/gay.blog.br\/en\/","logo":{"@type":"ImageObject","inLanguage":"en-US","@id":"https:\/\/gay.blog.br\/en\/#\/schema\/logo\/image\/","url":"https:\/\/i0.wp.com\/gay.blog.br\/wp-content\/uploads\/2023\/08\/gay180px.png?fit=272%2C90&ssl=1","contentUrl":"https:\/\/i0.wp.com\/gay.blog.br\/wp-content\/uploads\/2023\/08\/gay180px.png?fit=272%2C90&ssl=1","width":272,"height":90,"caption":"GAY BLOG BR"},"image":{"@id":"https:\/\/gay.blog.br\/en\/#\/schema\/logo\/image\/"},"sameAs":["https:\/\/facebook.com\/gayblogbr","https:\/\/x.com\/gayblogbr","https:\/\/instagram.com\/gayblogbr","https:\/\/www.linkedin.com\/company\/gayblogbr\/","https:\/\/br.pinterest.com\/gayblogbr\/","https:\/\/www.youtube.com\/channel\/UCdEu3JXLOB-wvWAVUF4AIiA","https:\/\/pt.wikipedia.org\/wiki\/Gay_Blog_Br","https:\/\/www.threads.net\/@gayblogbr"]},{"@type":"Person","@id":"https:\/\/gay.blog.br\/en\/#\/schema\/person\/5e0cf06e5d5e166b6afeaefc7fc56d9d","name":"Victor Miller","image":{"@type":"ImageObject","inLanguage":"en-US","@id":"https:\/\/secure.gravatar.com\/avatar\/7c1fad0dcba879f76a2e6b9189cea981c8fcb9c7e6f40d5903cf16ba29cb80b5?s=96&d=mm&r=g","url":"https:\/\/secure.gravatar.com\/avatar\/7c1fad0dcba879f76a2e6b9189cea981c8fcb9c7e6f40d5903cf16ba29cb80b5?s=96&d=mm&r=g","contentUrl":"https:\/\/secure.gravatar.com\/avatar\/7c1fad0dcba879f76a2e6b9189cea981c8fcb9c7e6f40d5903cf16ba29cb80b5?s=96&d=mm&r=g","caption":"Victor Miller"},"description":"Jornalista formado pela PUC do Rio de Janeiro, dedicou sua vida a falar sobre cultura nerd\/geek. Gay desde que se entende por gente, sempre teve desejo de trabalhar com o p\u00fablico LGBT+ e cr\u00ea que a informa\u00e7\u00e3o \u00e9 a a melhor arma contra qualquer tipo de \"fobia\"","sameAs":["https:\/\/gay.blog.br\/author\/victormiller\/","https:\/\/www.facebook.com\/victormillerreal","https:\/\/instagram.com\/victormillermiranda","https:\/\/www.linkedin.com\/in\/victor-miller-266b54a7\/","https:\/\/x.com\/https:\/\/twitter.com\/victor_miller","https:\/\/www.youtube.com\/user\/planetasonic"],"url":"https:\/\/gay.blog.br\/en\/author\/victormiller\/"}]}},"jetpack_publicize_connections":[],"jetpack_featured_media_url":"https:\/\/i0.wp.com\/gay.blog.br\/wp-content\/uploads\/2021\/03\/Lesbica-Ana-Brnabic-pode-ser-primeira-ministra-na-Servia.jpg?fit=960%2C480&ssl=1","jetpack_sharing_enabled":true,"jetpack_shortlink":"https:\/\/wp.me\/p6klkK-tYm","jetpack_likes_enabled":false,"amp_enabled":true,"_links":{"self":[{"href":"https:\/\/gay.blog.br\/en\/wp-json\/wp\/v2\/posts\/115218","targetHints":{"allow":["GET"]}}],"collection":[{"href":"https:\/\/gay.blog.br\/en\/wp-json\/wp\/v2\/posts"}],"about":[{"href":"https:\/\/gay.blog.br\/en\/wp-json\/wp\/v2\/types\/post"}],"author":[{"embeddable":true,"href":"https:\/\/gay.blog.br\/en\/wp-json\/wp\/v2\/users\/3515"}],"replies":[{"embeddable":true,"href":"https:\/\/gay.blog.br\/en\/wp-json\/wp\/v2\/comments?post=115218"}],"version-history":[{"count":0,"href":"https:\/\/gay.blog.br\/en\/wp-json\/wp\/v2\/posts\/115218\/revisions"}],"wp:featuredmedia":[{"embeddable":true,"href":"https:\/\/gay.blog.br\/en\/wp-json\/wp\/v2\/media\/115139"}],"wp:attachment":[{"href":"https:\/\/gay.blog.br\/en\/wp-json\/wp\/v2\/media?parent=115218"}],"wp:term":[{"taxonomy":"category","embeddable":true,"href":"https:\/\/gay.blog.br\/en\/wp-json\/wp\/v2\/categories?post=115218"},{"taxonomy":"post_tag","embeddable":true,"href":"https:\/\/gay.blog.br\/en\/wp-json\/wp\/v2\/tags?post=115218"}],"curies":[{"name":"wp","href":"https:\/\/api.w.org\/{rel}","templated":true}]}}