{"id":116783,"date":"2021-03-12T16:19:39","date_gmt":"2021-03-12T19:19:39","guid":{"rendered":"https:\/\/gay.blog.br\/?p=116783"},"modified":"2021-03-23T23:11:10","modified_gmt":"2021-03-24T02:11:10","slug":"european-union-becomes-an-area-of-freedom-for-lgbts-people","status":"publish","type":"post","link":"https:\/\/gay.blog.br\/en\/news\/european-union-becomes-an-area-of-freedom-for-lgbts-people\/","title":{"rendered":"European Union becomes an &#8220;area of freedom for LGBTs people&#8221;"},"content":{"rendered":"<p style=\"text-align: justify;\">The <strong>European Union<\/strong> is, as of March 11, &#8220;an area of freedom for LGBTQI people&#8221;. This statement came from the European Parliament itself in a resolution that strongly responds to the so-called &#8220;free zones of LGBTQI ideology&#8221; in Poland. The text had 492 votes in favor, 141 against and 46 abstentions. The information is from <a href=\"https:\/\/oglobo.globo.com\/mundo\/parlamento-declara-uniao-europeia-uma-area-de-liberdade-para-pessoas-lgbt-24921862\">O GLOBO<\/a>.<\/p>\n<p style=\"text-align: justify;\"><em>&#8220;This resolution is an impact message for the governments of the European Union: we will no longer tolerate its dangerous and deadly rhetoric that prevents millions of citizens from living freely. It is a promise of freedom that we make to all LGBTQI people in Europe: Parliament will support freedom &#8220;<\/em> defended the European deputy and author of the text, the French <strong>Pierre Karleskind<\/strong>.<\/p>\n<p style=\"text-align: justify;\">The <strong>European Commission<\/strong> has already refused to grant financial support to municipalities that are against LGBTQIA+. Even so, the European Parliament&#8217;s text goes beyond these issues, and calls for the implementation of the tools available to protect the rights of the community, including Article 7 of the Treaty on European Union, which allows sanctions for countries that violate basic European rights, and the regulation that was recently approved to protect the Community budget from fraud and violations of the rule of law.<\/p>\n<figure id=\"attachment_115284\" aria-describedby=\"caption-attachment-115284\" style=\"width: 1000px\" class=\"wp-caption aligncenter\"><a href=\"http:\/\/www.instagram.com\/gayblogbr\"><img data-recalc-dims=\"1\" loading=\"lazy\" decoding=\"async\" class=\"size-full wp-image-115284\" src=\"https:\/\/i0.wp.com\/gay.blog.br\/wp-content\/uploads\/2021\/03\/lgbtq.jpg?resize=696%2C418&#038;ssl=1\" alt=\"European Union becomes an \" width=\"696\" height=\"418\" srcset=\"https:\/\/i0.wp.com\/gay.blog.br\/wp-content\/uploads\/2021\/03\/lgbtq.jpg?w=1000&amp;ssl=1 1000w, https:\/\/i0.wp.com\/gay.blog.br\/wp-content\/uploads\/2021\/03\/lgbtq.jpg?resize=300%2C180&amp;ssl=1 300w, https:\/\/i0.wp.com\/gay.blog.br\/wp-content\/uploads\/2021\/03\/lgbtq.jpg?resize=150%2C90&amp;ssl=1 150w, https:\/\/i0.wp.com\/gay.blog.br\/wp-content\/uploads\/2021\/03\/lgbtq.jpg?resize=768%2C461&amp;ssl=1 768w, https:\/\/i0.wp.com\/gay.blog.br\/wp-content\/uploads\/2021\/03\/lgbtq.jpg?resize=696%2C418&amp;ssl=1 696w, https:\/\/i0.wp.com\/gay.blog.br\/wp-content\/uploads\/2021\/03\/lgbtq.jpg?resize=700%2C420&amp;ssl=1 700w\" sizes=\"auto, (max-width: 696px) 100vw, 696px\" \/><\/a><figcaption id=\"caption-attachment-115284\" class=\"wp-caption-text\">Reproduction<\/figcaption><\/figure>\n<p style=\"text-align: justify;\">The text also refers to the setback of rights that occurred in <strong>Hungary<\/strong>, when the city of Nagyk\u00e1ta approved a measure that prohibits the <em>&#8220;dissemination and promotion of LGBTQI propaganda&#8221;<\/em>, at the same time that the Hungarian Parliament approved a constitutional amendment that prevents same-sex couples from adopting children and denies the existence of trans or non-binary people by defining definitive sex as that of birth.<\/p>\n<p style=\"text-align: justify;\">Most of the <strong>European Parliament<\/strong>&#8216;s party groups supported the proposal, with the exception of the representatives of Identity and Democracy (ID) &#8211; where are the National Meeting of Marine Le Pen, the League of Matteo Salvini and the Alternative for Germany (AfD) &#8211; and the European Conservatives and Reformists, where are the Polish governing party Law and Justice (PiS) and the Spanish Vox.<\/p>\n","protected":false},"excerpt":{"rendered":"<p>&#8220;This resolution is an impact message for the governments of the European Union&#8221; &#8211; says the author of the text.<\/p>\n","protected":false},"author":3515,"featured_media":115285,"comment_status":"open","ping_status":"open","sticky":false,"template":"","format":"standard","meta":{"googlesitekit_rrm_CAoiEBg-BXrJeACjO8p49SE4kTY:productID":"","tdm_status":"","tdm_grid_status":"","_jetpack_newsletter_access":"","_jetpack_dont_email_post_to_subs":false,"_jetpack_newsletter_tier_id":0,"_jetpack_memberships_contains_paywalled_content":false,"_jetpack_memberships_contains_paid_content":false,"footnotes":"","jetpack_publicize_message":"European Union becomes an \"area of freedom for LGBTs people\"","jetpack_publicize_feature_enabled":true,"jetpack_social_post_already_shared":true,"jetpack_social_options":{"image_generator_settings":{"template":"highway","default_image_id":0,"font":"","enabled":false},"version":2},"_wpas_customize_per_network":false,"jetpack_post_was_ever_published":false},"categories":[589932225,589932234],"tags":[589938468],"class_list":{"0":"post-116783","1":"post","2":"type-post","3":"status-publish","4":"format-standard","5":"has-post-thumbnail","7":"category-news","8":"category-politics-en","9":"tag-european-union"},"yoast_head":"<!-- This site is optimized with the Yoast SEO plugin v27.4 - https:\/\/yoast.com\/product\/yoast-seo-wordpress\/ -->\n<title>European Union becomes an &quot;area of freedom for LGBTs people&quot;<\/title>\n<meta name=\"description\" content=\"The European Union is, as of March 11, &quot;an area of freedom for LGBTQI people&quot;, in a text voted by the majority of the deputies.\" \/>\n<meta name=\"robots\" content=\"index, follow, max-snippet:-1, max-image-preview:large, max-video-preview:-1\" \/>\n<link rel=\"canonical\" href=\"https:\/\/gay.blog.br\/en\/news\/european-union-becomes-an-area-of-freedom-for-lgbts-people\/\" \/>\n<meta property=\"og:locale\" content=\"en_US\" \/>\n<meta property=\"og:type\" content=\"article\" \/>\n<meta property=\"og:title\" content=\"European Union becomes an &quot;area of freedom for LGBTs people&quot;\" \/>\n<meta property=\"og:description\" content=\"The European Union is, as of March 11, &quot;an area of freedom for LGBTQI people&quot;, in a text voted by the majority of the deputies.\" \/>\n<meta property=\"og:url\" content=\"https:\/\/gay.blog.br\/en\/news\/european-union-becomes-an-area-of-freedom-for-lgbts-people\/\" \/>\n<meta property=\"og:site_name\" content=\"GAY BLOG BR @gayblogbr\" \/>\n<meta property=\"article:publisher\" content=\"https:\/\/facebook.com\/gayblogbr\" \/>\n<meta property=\"article:author\" content=\"https:\/\/www.facebook.com\/victormillerreal\" \/>\n<meta property=\"article:published_time\" content=\"2021-03-12T19:19:39+00:00\" \/>\n<meta property=\"article:modified_time\" content=\"2021-03-24T02:11:10+00:00\" \/>\n<meta property=\"og:image\" content=\"https:\/\/i0.wp.com\/gay.blog.br\/wp-content\/uploads\/2021\/03\/lgbtq.jpg?fit=1000%2C600&ssl=1\" \/>\n\t<meta property=\"og:image:width\" content=\"1000\" \/>\n\t<meta property=\"og:image:height\" content=\"600\" \/>\n\t<meta property=\"og:image:type\" content=\"image\/jpeg\" \/>\n<meta name=\"author\" content=\"Victor Miller\" \/>\n<meta name=\"twitter:card\" content=\"summary_large_image\" \/>\n<meta name=\"twitter:creator\" content=\"@https:\/\/twitter.com\/victor_miller\" \/>\n<meta name=\"twitter:site\" content=\"@gayblogbr\" \/>\n<meta name=\"twitter:label1\" content=\"Written by\" \/>\n\t<meta name=\"twitter:data1\" content=\"Victor Miller\" \/>\n\t<meta name=\"twitter:label2\" content=\"Est. reading time\" \/>\n\t<meta name=\"twitter:data2\" content=\"2 minutes\" \/>\n<script type=\"application\/ld+json\" class=\"yoast-schema-graph\">{\"@context\":\"https:\\\/\\\/schema.org\",\"@graph\":[{\"@type\":\"Article\",\"@id\":\"https:\\\/\\\/gay.blog.br\\\/en\\\/news\\\/european-union-becomes-an-area-of-freedom-for-lgbts-people\\\/#article\",\"isPartOf\":{\"@id\":\"https:\\\/\\\/gay.blog.br\\\/en\\\/news\\\/european-union-becomes-an-area-of-freedom-for-lgbts-people\\\/\"},\"author\":{\"name\":\"Victor Miller\",\"@id\":\"https:\\\/\\\/gay.blog.br\\\/en\\\/#\\\/schema\\\/person\\\/5e0cf06e5d5e166b6afeaefc7fc56d9d\"},\"headline\":\"European Union becomes an &#8220;area of freedom for LGBTs people&#8221;\",\"datePublished\":\"2021-03-12T19:19:39+00:00\",\"dateModified\":\"2021-03-24T02:11:10+00:00\",\"mainEntityOfPage\":{\"@id\":\"https:\\\/\\\/gay.blog.br\\\/en\\\/news\\\/european-union-becomes-an-area-of-freedom-for-lgbts-people\\\/\"},\"wordCount\":347,\"commentCount\":0,\"publisher\":{\"@id\":\"https:\\\/\\\/gay.blog.br\\\/en\\\/#organization\"},\"image\":{\"@id\":\"https:\\\/\\\/gay.blog.br\\\/en\\\/news\\\/european-union-becomes-an-area-of-freedom-for-lgbts-people\\\/#primaryimage\"},\"thumbnailUrl\":\"https:\\\/\\\/i0.wp.com\\\/gay.blog.br\\\/wp-content\\\/uploads\\\/2021\\\/03\\\/lgbtq.jpg?fit=1000%2C600&ssl=1\",\"keywords\":[\"European Union\"],\"articleSection\":[\"NEWS\",\"POLITICS\"],\"inLanguage\":\"en-US\",\"potentialAction\":[{\"@type\":\"CommentAction\",\"name\":\"Comment\",\"target\":[\"https:\\\/\\\/gay.blog.br\\\/en\\\/news\\\/european-union-becomes-an-area-of-freedom-for-lgbts-people\\\/#respond\"]}]},{\"@type\":\"WebPage\",\"@id\":\"https:\\\/\\\/gay.blog.br\\\/en\\\/news\\\/european-union-becomes-an-area-of-freedom-for-lgbts-people\\\/\",\"url\":\"https:\\\/\\\/gay.blog.br\\\/en\\\/news\\\/european-union-becomes-an-area-of-freedom-for-lgbts-people\\\/\",\"name\":\"European Union becomes an \\\"area of freedom for LGBTs people\\\"\",\"isPartOf\":{\"@id\":\"https:\\\/\\\/gay.blog.br\\\/en\\\/#website\"},\"primaryImageOfPage\":{\"@id\":\"https:\\\/\\\/gay.blog.br\\\/en\\\/news\\\/european-union-becomes-an-area-of-freedom-for-lgbts-people\\\/#primaryimage\"},\"image\":{\"@id\":\"https:\\\/\\\/gay.blog.br\\\/en\\\/news\\\/european-union-becomes-an-area-of-freedom-for-lgbts-people\\\/#primaryimage\"},\"thumbnailUrl\":\"https:\\\/\\\/i0.wp.com\\\/gay.blog.br\\\/wp-content\\\/uploads\\\/2021\\\/03\\\/lgbtq.jpg?fit=1000%2C600&ssl=1\",\"datePublished\":\"2021-03-12T19:19:39+00:00\",\"dateModified\":\"2021-03-24T02:11:10+00:00\",\"description\":\"The European Union is, as of March 11, \\\"an area of freedom for LGBTQI people\\\", in a text voted by the majority of the deputies.\",\"breadcrumb\":{\"@id\":\"https:\\\/\\\/gay.blog.br\\\/en\\\/news\\\/european-union-becomes-an-area-of-freedom-for-lgbts-people\\\/#breadcrumb\"},\"inLanguage\":\"en-US\",\"potentialAction\":[{\"@type\":\"ReadAction\",\"target\":[\"https:\\\/\\\/gay.blog.br\\\/en\\\/news\\\/european-union-becomes-an-area-of-freedom-for-lgbts-people\\\/\"]}]},{\"@type\":\"ImageObject\",\"inLanguage\":\"en-US\",\"@id\":\"https:\\\/\\\/gay.blog.br\\\/en\\\/news\\\/european-union-becomes-an-area-of-freedom-for-lgbts-people\\\/#primaryimage\",\"url\":\"https:\\\/\\\/i0.wp.com\\\/gay.blog.br\\\/wp-content\\\/uploads\\\/2021\\\/03\\\/lgbtq.jpg?fit=1000%2C600&ssl=1\",\"contentUrl\":\"https:\\\/\\\/i0.wp.com\\\/gay.blog.br\\\/wp-content\\\/uploads\\\/2021\\\/03\\\/lgbtq.jpg?fit=1000%2C600&ssl=1\",\"width\":1000,\"height\":600,\"caption\":\"Reprodu\u00e7\u00e3o\"},{\"@type\":\"BreadcrumbList\",\"@id\":\"https:\\\/\\\/gay.blog.br\\\/en\\\/news\\\/european-union-becomes-an-area-of-freedom-for-lgbts-people\\\/#breadcrumb\",\"itemListElement\":[{\"@type\":\"ListItem\",\"position\":1,\"name\":\"In\u00edcio\",\"item\":\"https:\\\/\\\/gay.blog.br\\\/en\\\/\"},{\"@type\":\"ListItem\",\"position\":2,\"name\":\"European Union becomes an &#8220;area of freedom for LGBTs people&#8221;\"}]},{\"@type\":\"WebSite\",\"@id\":\"https:\\\/\\\/gay.blog.br\\\/en\\\/#website\",\"url\":\"https:\\\/\\\/gay.blog.br\\\/en\\\/\",\"name\":\"GAY BLOG BR @gayblogbr\",\"description\":\"Not\u00edcias que empoderam e\\\/ou entret\u00eam s\u00e3o especialidades da casa\",\"publisher\":{\"@id\":\"https:\\\/\\\/gay.blog.br\\\/en\\\/#organization\"},\"potentialAction\":[{\"@type\":\"SearchAction\",\"target\":{\"@type\":\"EntryPoint\",\"urlTemplate\":\"https:\\\/\\\/gay.blog.br\\\/en\\\/?s={search_term_string}\"},\"query-input\":{\"@type\":\"PropertyValueSpecification\",\"valueRequired\":true,\"valueName\":\"search_term_string\"}}],\"inLanguage\":\"en-US\"},{\"@type\":\"Organization\",\"@id\":\"https:\\\/\\\/gay.blog.br\\\/en\\\/#organization\",\"name\":\"GAY BLOG BR\",\"url\":\"https:\\\/\\\/gay.blog.br\\\/en\\\/\",\"logo\":{\"@type\":\"ImageObject\",\"inLanguage\":\"en-US\",\"@id\":\"https:\\\/\\\/gay.blog.br\\\/en\\\/#\\\/schema\\\/logo\\\/image\\\/\",\"url\":\"https:\\\/\\\/i0.wp.com\\\/gay.blog.br\\\/wp-content\\\/uploads\\\/2023\\\/08\\\/gay180px.png?fit=272%2C90&ssl=1\",\"contentUrl\":\"https:\\\/\\\/i0.wp.com\\\/gay.blog.br\\\/wp-content\\\/uploads\\\/2023\\\/08\\\/gay180px.png?fit=272%2C90&ssl=1\",\"width\":272,\"height\":90,\"caption\":\"GAY BLOG BR\"},\"image\":{\"@id\":\"https:\\\/\\\/gay.blog.br\\\/en\\\/#\\\/schema\\\/logo\\\/image\\\/\"},\"sameAs\":[\"https:\\\/\\\/facebook.com\\\/gayblogbr\",\"https:\\\/\\\/x.com\\\/gayblogbr\",\"https:\\\/\\\/instagram.com\\\/gayblogbr\",\"https:\\\/\\\/www.linkedin.com\\\/company\\\/gayblogbr\\\/\",\"https:\\\/\\\/br.pinterest.com\\\/gayblogbr\\\/\",\"https:\\\/\\\/www.youtube.com\\\/channel\\\/UCdEu3JXLOB-wvWAVUF4AIiA\",\"https:\\\/\\\/pt.wikipedia.org\\\/wiki\\\/Gay_Blog_Br\",\"https:\\\/\\\/www.threads.net\\\/@gayblogbr\"]},{\"@type\":\"Person\",\"@id\":\"https:\\\/\\\/gay.blog.br\\\/en\\\/#\\\/schema\\\/person\\\/5e0cf06e5d5e166b6afeaefc7fc56d9d\",\"name\":\"Victor Miller\",\"image\":{\"@type\":\"ImageObject\",\"inLanguage\":\"en-US\",\"@id\":\"https:\\\/\\\/secure.gravatar.com\\\/avatar\\\/7c1fad0dcba879f76a2e6b9189cea981c8fcb9c7e6f40d5903cf16ba29cb80b5?s=96&d=mm&r=g\",\"url\":\"https:\\\/\\\/secure.gravatar.com\\\/avatar\\\/7c1fad0dcba879f76a2e6b9189cea981c8fcb9c7e6f40d5903cf16ba29cb80b5?s=96&d=mm&r=g\",\"contentUrl\":\"https:\\\/\\\/secure.gravatar.com\\\/avatar\\\/7c1fad0dcba879f76a2e6b9189cea981c8fcb9c7e6f40d5903cf16ba29cb80b5?s=96&d=mm&r=g\",\"caption\":\"Victor Miller\"},\"description\":\"Jornalista formado pela PUC do Rio de Janeiro, dedicou sua vida a falar sobre cultura nerd\\\/geek. Gay desde que se entende por gente, sempre teve desejo de trabalhar com o p\u00fablico LGBT+ e cr\u00ea que a informa\u00e7\u00e3o \u00e9 a a melhor arma contra qualquer tipo de \\\"fobia\\\"\",\"sameAs\":[\"https:\\\/\\\/gay.blog.br\\\/author\\\/victormiller\\\/\",\"https:\\\/\\\/www.facebook.com\\\/victormillerreal\",\"https:\\\/\\\/instagram.com\\\/victormillermiranda\",\"https:\\\/\\\/www.linkedin.com\\\/in\\\/victor-miller-266b54a7\\\/\",\"https:\\\/\\\/x.com\\\/https:\\\/\\\/twitter.com\\\/victor_miller\",\"https:\\\/\\\/www.youtube.com\\\/user\\\/planetasonic\"],\"url\":\"https:\\\/\\\/gay.blog.br\\\/en\\\/author\\\/victormiller\\\/\"}]}<\/script>\n<!-- \/ Yoast SEO plugin. -->","yoast_head_json":{"title":"European Union becomes an \"area of freedom for LGBTs people\"","description":"The European Union is, as of March 11, \"an area of freedom for LGBTQI people\", in a text voted by the majority of the deputies.","robots":{"index":"index","follow":"follow","max-snippet":"max-snippet:-1","max-image-preview":"max-image-preview:large","max-video-preview":"max-video-preview:-1"},"canonical":"https:\/\/gay.blog.br\/en\/news\/european-union-becomes-an-area-of-freedom-for-lgbts-people\/","og_locale":"en_US","og_type":"article","og_title":"European Union becomes an \"area of freedom for LGBTs people\"","og_description":"The European Union is, as of March 11, \"an area of freedom for LGBTQI people\", in a text voted by the majority of the deputies.","og_url":"https:\/\/gay.blog.br\/en\/news\/european-union-becomes-an-area-of-freedom-for-lgbts-people\/","og_site_name":"GAY BLOG BR @gayblogbr","article_publisher":"https:\/\/facebook.com\/gayblogbr","article_author":"https:\/\/www.facebook.com\/victormillerreal","article_published_time":"2021-03-12T19:19:39+00:00","article_modified_time":"2021-03-24T02:11:10+00:00","og_image":[{"width":1000,"height":600,"url":"https:\/\/i0.wp.com\/gay.blog.br\/wp-content\/uploads\/2021\/03\/lgbtq.jpg?fit=1000%2C600&ssl=1","type":"image\/jpeg"}],"author":"Victor Miller","twitter_card":"summary_large_image","twitter_creator":"@https:\/\/twitter.com\/victor_miller","twitter_site":"@gayblogbr","twitter_misc":{"Written by":"Victor Miller","Est. reading time":"2 minutes"},"schema":{"@context":"https:\/\/schema.org","@graph":[{"@type":"Article","@id":"https:\/\/gay.blog.br\/en\/news\/european-union-becomes-an-area-of-freedom-for-lgbts-people\/#article","isPartOf":{"@id":"https:\/\/gay.blog.br\/en\/news\/european-union-becomes-an-area-of-freedom-for-lgbts-people\/"},"author":{"name":"Victor Miller","@id":"https:\/\/gay.blog.br\/en\/#\/schema\/person\/5e0cf06e5d5e166b6afeaefc7fc56d9d"},"headline":"European Union becomes an &#8220;area of freedom for LGBTs people&#8221;","datePublished":"2021-03-12T19:19:39+00:00","dateModified":"2021-03-24T02:11:10+00:00","mainEntityOfPage":{"@id":"https:\/\/gay.blog.br\/en\/news\/european-union-becomes-an-area-of-freedom-for-lgbts-people\/"},"wordCount":347,"commentCount":0,"publisher":{"@id":"https:\/\/gay.blog.br\/en\/#organization"},"image":{"@id":"https:\/\/gay.blog.br\/en\/news\/european-union-becomes-an-area-of-freedom-for-lgbts-people\/#primaryimage"},"thumbnailUrl":"https:\/\/i0.wp.com\/gay.blog.br\/wp-content\/uploads\/2021\/03\/lgbtq.jpg?fit=1000%2C600&ssl=1","keywords":["European Union"],"articleSection":["NEWS","POLITICS"],"inLanguage":"en-US","potentialAction":[{"@type":"CommentAction","name":"Comment","target":["https:\/\/gay.blog.br\/en\/news\/european-union-becomes-an-area-of-freedom-for-lgbts-people\/#respond"]}]},{"@type":"WebPage","@id":"https:\/\/gay.blog.br\/en\/news\/european-union-becomes-an-area-of-freedom-for-lgbts-people\/","url":"https:\/\/gay.blog.br\/en\/news\/european-union-becomes-an-area-of-freedom-for-lgbts-people\/","name":"European Union becomes an \"area of freedom for LGBTs people\"","isPartOf":{"@id":"https:\/\/gay.blog.br\/en\/#website"},"primaryImageOfPage":{"@id":"https:\/\/gay.blog.br\/en\/news\/european-union-becomes-an-area-of-freedom-for-lgbts-people\/#primaryimage"},"image":{"@id":"https:\/\/gay.blog.br\/en\/news\/european-union-becomes-an-area-of-freedom-for-lgbts-people\/#primaryimage"},"thumbnailUrl":"https:\/\/i0.wp.com\/gay.blog.br\/wp-content\/uploads\/2021\/03\/lgbtq.jpg?fit=1000%2C600&ssl=1","datePublished":"2021-03-12T19:19:39+00:00","dateModified":"2021-03-24T02:11:10+00:00","description":"The European Union is, as of March 11, \"an area of freedom for LGBTQI people\", in a text voted by the majority of the deputies.","breadcrumb":{"@id":"https:\/\/gay.blog.br\/en\/news\/european-union-becomes-an-area-of-freedom-for-lgbts-people\/#breadcrumb"},"inLanguage":"en-US","potentialAction":[{"@type":"ReadAction","target":["https:\/\/gay.blog.br\/en\/news\/european-union-becomes-an-area-of-freedom-for-lgbts-people\/"]}]},{"@type":"ImageObject","inLanguage":"en-US","@id":"https:\/\/gay.blog.br\/en\/news\/european-union-becomes-an-area-of-freedom-for-lgbts-people\/#primaryimage","url":"https:\/\/i0.wp.com\/gay.blog.br\/wp-content\/uploads\/2021\/03\/lgbtq.jpg?fit=1000%2C600&ssl=1","contentUrl":"https:\/\/i0.wp.com\/gay.blog.br\/wp-content\/uploads\/2021\/03\/lgbtq.jpg?fit=1000%2C600&ssl=1","width":1000,"height":600,"caption":"Reprodu\u00e7\u00e3o"},{"@type":"BreadcrumbList","@id":"https:\/\/gay.blog.br\/en\/news\/european-union-becomes-an-area-of-freedom-for-lgbts-people\/#breadcrumb","itemListElement":[{"@type":"ListItem","position":1,"name":"In\u00edcio","item":"https:\/\/gay.blog.br\/en\/"},{"@type":"ListItem","position":2,"name":"European Union becomes an &#8220;area of freedom for LGBTs people&#8221;"}]},{"@type":"WebSite","@id":"https:\/\/gay.blog.br\/en\/#website","url":"https:\/\/gay.blog.br\/en\/","name":"GAY BLOG BR @gayblogbr","description":"Not\u00edcias que empoderam e\/ou entret\u00eam s\u00e3o especialidades da casa","publisher":{"@id":"https:\/\/gay.blog.br\/en\/#organization"},"potentialAction":[{"@type":"SearchAction","target":{"@type":"EntryPoint","urlTemplate":"https:\/\/gay.blog.br\/en\/?s={search_term_string}"},"query-input":{"@type":"PropertyValueSpecification","valueRequired":true,"valueName":"search_term_string"}}],"inLanguage":"en-US"},{"@type":"Organization","@id":"https:\/\/gay.blog.br\/en\/#organization","name":"GAY BLOG BR","url":"https:\/\/gay.blog.br\/en\/","logo":{"@type":"ImageObject","inLanguage":"en-US","@id":"https:\/\/gay.blog.br\/en\/#\/schema\/logo\/image\/","url":"https:\/\/i0.wp.com\/gay.blog.br\/wp-content\/uploads\/2023\/08\/gay180px.png?fit=272%2C90&ssl=1","contentUrl":"https:\/\/i0.wp.com\/gay.blog.br\/wp-content\/uploads\/2023\/08\/gay180px.png?fit=272%2C90&ssl=1","width":272,"height":90,"caption":"GAY BLOG BR"},"image":{"@id":"https:\/\/gay.blog.br\/en\/#\/schema\/logo\/image\/"},"sameAs":["https:\/\/facebook.com\/gayblogbr","https:\/\/x.com\/gayblogbr","https:\/\/instagram.com\/gayblogbr","https:\/\/www.linkedin.com\/company\/gayblogbr\/","https:\/\/br.pinterest.com\/gayblogbr\/","https:\/\/www.youtube.com\/channel\/UCdEu3JXLOB-wvWAVUF4AIiA","https:\/\/pt.wikipedia.org\/wiki\/Gay_Blog_Br","https:\/\/www.threads.net\/@gayblogbr"]},{"@type":"Person","@id":"https:\/\/gay.blog.br\/en\/#\/schema\/person\/5e0cf06e5d5e166b6afeaefc7fc56d9d","name":"Victor Miller","image":{"@type":"ImageObject","inLanguage":"en-US","@id":"https:\/\/secure.gravatar.com\/avatar\/7c1fad0dcba879f76a2e6b9189cea981c8fcb9c7e6f40d5903cf16ba29cb80b5?s=96&d=mm&r=g","url":"https:\/\/secure.gravatar.com\/avatar\/7c1fad0dcba879f76a2e6b9189cea981c8fcb9c7e6f40d5903cf16ba29cb80b5?s=96&d=mm&r=g","contentUrl":"https:\/\/secure.gravatar.com\/avatar\/7c1fad0dcba879f76a2e6b9189cea981c8fcb9c7e6f40d5903cf16ba29cb80b5?s=96&d=mm&r=g","caption":"Victor Miller"},"description":"Jornalista formado pela PUC do Rio de Janeiro, dedicou sua vida a falar sobre cultura nerd\/geek. Gay desde que se entende por gente, sempre teve desejo de trabalhar com o p\u00fablico LGBT+ e cr\u00ea que a informa\u00e7\u00e3o \u00e9 a a melhor arma contra qualquer tipo de \"fobia\"","sameAs":["https:\/\/gay.blog.br\/author\/victormiller\/","https:\/\/www.facebook.com\/victormillerreal","https:\/\/instagram.com\/victormillermiranda","https:\/\/www.linkedin.com\/in\/victor-miller-266b54a7\/","https:\/\/x.com\/https:\/\/twitter.com\/victor_miller","https:\/\/www.youtube.com\/user\/planetasonic"],"url":"https:\/\/gay.blog.br\/en\/author\/victormiller\/"}]}},"jetpack_publicize_connections":[],"jetpack_featured_media_url":"https:\/\/i0.wp.com\/gay.blog.br\/wp-content\/uploads\/2021\/03\/lgbtq.jpg?fit=1000%2C600&ssl=1","jetpack_sharing_enabled":true,"jetpack_shortlink":"https:\/\/wp.me\/p6klkK-unB","jetpack_likes_enabled":false,"amp_enabled":true,"_links":{"self":[{"href":"https:\/\/gay.blog.br\/en\/wp-json\/wp\/v2\/posts\/116783","targetHints":{"allow":["GET"]}}],"collection":[{"href":"https:\/\/gay.blog.br\/en\/wp-json\/wp\/v2\/posts"}],"about":[{"href":"https:\/\/gay.blog.br\/en\/wp-json\/wp\/v2\/types\/post"}],"author":[{"embeddable":true,"href":"https:\/\/gay.blog.br\/en\/wp-json\/wp\/v2\/users\/3515"}],"replies":[{"embeddable":true,"href":"https:\/\/gay.blog.br\/en\/wp-json\/wp\/v2\/comments?post=116783"}],"version-history":[{"count":0,"href":"https:\/\/gay.blog.br\/en\/wp-json\/wp\/v2\/posts\/116783\/revisions"}],"wp:featuredmedia":[{"embeddable":true,"href":"https:\/\/gay.blog.br\/en\/wp-json\/wp\/v2\/media\/115285"}],"wp:attachment":[{"href":"https:\/\/gay.blog.br\/en\/wp-json\/wp\/v2\/media?parent=116783"}],"wp:term":[{"taxonomy":"category","embeddable":true,"href":"https:\/\/gay.blog.br\/en\/wp-json\/wp\/v2\/categories?post=116783"},{"taxonomy":"post_tag","embeddable":true,"href":"https:\/\/gay.blog.br\/en\/wp-json\/wp\/v2\/tags?post=116783"}],"curies":[{"name":"wp","href":"https:\/\/api.w.org\/{rel}","templated":true}]}}