{"id":118823,"date":"2020-10-16T13:24:23","date_gmt":"2020-10-16T16:24:23","guid":{"rendered":"https:\/\/gay.blog.br\/?p=118823"},"modified":"2021-04-07T23:40:33","modified_gmt":"2021-04-08T02:40:33","slug":"establishments-that-discriminate-against-lgbtqia-in-salvador-will-pay-a-fine-of-up-to-r-100-thousand","status":"publish","type":"post","link":"https:\/\/gay.blog.br\/en\/news\/establishments-that-discriminate-against-lgbtqia-in-salvador-will-pay-a-fine-of-up-to-r-100-thousand\/","title":{"rendered":"Establishments that discriminate against LGBTQIA+ in Salvador will pay a fine of up to R$ 100 thousand"},"content":{"rendered":"<p style=\"text-align: justify;\">The mayor <strong>ACM Neto<\/strong> sanctioned, on the last 14th of October, the law n\u00ba 291\/17 that determines that the establishments that discriminate LGBTQIA+ people in Salvador are punished. The fine can vary from R$ 10,000 to R$ 100,000, and the license may be revoked.<\/p>\n<p style=\"text-align: justify;\">The bill is by city councilor <strong>Aladilce Souza<\/strong> (PCdoB) and was approved two years ago in the Chamber of Salvador. She also pays homage to the trans man Thadeu Nascimento, known as &#8220;Teu&#8221;, who was murdered at the age of 24 inside his home in Salvador.<\/p>\n<p style=\"text-align: justify;\"><em>&#8220;It is a great achievement of Salvador against LGBT+ phobia&#8221;<\/em> &#8211; celebrates <strong>Aladilce<\/strong> &#8211; <em>&#8220;After the project was presented, it was two years of a lot of struggle and debate, within the scope of the commissions and in the plenary, so that we could approve it. This victory was the result of the struggle with social movements like UNA LGBT&#8221;<\/em>, highlights the councilwoman.<\/p>\n<figure id=\"attachment_90053\" aria-describedby=\"caption-attachment-90053\" style=\"width: 1253px\" class=\"wp-caption alignnone\"><a href=\"http:\/\/www.instagram.com\/gayblogbr\"><img data-recalc-dims=\"1\" loading=\"lazy\" decoding=\"async\" class=\"size-full wp-image-90053\" src=\"https:\/\/i0.wp.com\/gay-blog.com\/wp-content\/uploads\/2020\/10\/casal_gay_capa.jpg?resize=696%2C464&#038;ssl=1\" alt=\"Establishments that discriminate against LGBTQIA+ in Salvador will pay a fine of up to R$ 100 thousand\" width=\"696\" height=\"464\" srcset=\"https:\/\/i0.wp.com\/gay.blog.br\/wp-content\/uploads\/2020\/10\/casal_gay_capa.jpg?w=1253&amp;ssl=1 1253w, https:\/\/i0.wp.com\/gay.blog.br\/wp-content\/uploads\/2020\/10\/casal_gay_capa.jpg?resize=300%2C200&amp;ssl=1 300w, https:\/\/i0.wp.com\/gay.blog.br\/wp-content\/uploads\/2020\/10\/casal_gay_capa.jpg?resize=1024%2C683&amp;ssl=1 1024w, https:\/\/i0.wp.com\/gay.blog.br\/wp-content\/uploads\/2020\/10\/casal_gay_capa.jpg?resize=150%2C100&amp;ssl=1 150w, https:\/\/i0.wp.com\/gay.blog.br\/wp-content\/uploads\/2020\/10\/casal_gay_capa.jpg?resize=768%2C512&amp;ssl=1 768w, https:\/\/i0.wp.com\/gay.blog.br\/wp-content\/uploads\/2020\/10\/casal_gay_capa.jpg?resize=696%2C464&amp;ssl=1 696w, https:\/\/i0.wp.com\/gay.blog.br\/wp-content\/uploads\/2020\/10\/casal_gay_capa.jpg?resize=1068%2C713&amp;ssl=1 1068w, https:\/\/i0.wp.com\/gay.blog.br\/wp-content\/uploads\/2020\/10\/casal_gay_capa.jpg?resize=629%2C420&amp;ssl=1 629w\" sizes=\"auto, (max-width: 696px) 100vw, 696px\" \/><\/a><figcaption id=\"caption-attachment-90053\" class=\"wp-caption-text\">Reproduction<\/figcaption><\/figure>\n<p style=\"text-align: justify;\"><em>&#8220;It was a year in the Constitution and Justice Commission, another year in the Budget and Inspection Commission, going through several amendments. An intense debate in the Chamber and in society, which was fully involved&#8221;<\/em>, recalls <strong>Aladilce<\/strong>, also saying that<em> &#8220;This is an important victory against prejudice, which speaks in favor of human rights and in favor of people. Each has their right to be and to exist. And we will closely monitor this achievement&#8221;. <\/em><\/p>\n<p style=\"text-align: justify;\">It is worth saying that the death of <strong>Thadeu Nascimento<\/strong> in 2017 caused great repercussions at the time. Two cis men were provisionally arrested on charges of killing him and, according to information, Thadeus was mistaken for an informant who denounced drug trafficking in the Cajazeiras neighborhood 3.<\/p>\n<p style=\"text-align: justify;\">The IML concluded that the body had several perforations caused by a firearm in the head and chest, in addition to signs of physical aggression, and the death was due to internal and external hemorrhage due to polytrauma by multiple firearm projectiles.<\/p>\n<blockquote class=\"td_quote_box td_box_center\">\n<p style=\"text-align: left;\"><strong>Also read:<\/strong> <a href=\"https:\/\/gay-blog.com\/direitos\/sao-paulo-podera-multar-e-ate-fechar-estabelecimentos-lgbtfobicos\/\">S\u00e3o Paulo sanctions law to fine and close LGBTfobic establishments<\/a><\/p>\n<\/blockquote>\n","protected":false},"excerpt":{"rendered":"<p>The establishment may have its license revoked<\/p>\n","protected":false},"author":3515,"featured_media":90054,"comment_status":"open","ping_status":"open","sticky":false,"template":"","format":"standard","meta":{"googlesitekit_rrm_CAoiEBg-BXrJeACjO8p49SE4kTY:productID":"","tdm_status":"","tdm_grid_status":"","_jetpack_newsletter_access":"","_jetpack_dont_email_post_to_subs":false,"_jetpack_newsletter_tier_id":0,"_jetpack_memberships_contains_paywalled_content":false,"_jetpack_memberships_contains_paid_content":false,"footnotes":"","jetpack_publicize_message":"Establishments that discriminate against LGBTQIA+ in Salvador will pay a fine of up to R$ 100 thousand","jetpack_publicize_feature_enabled":true,"jetpack_social_post_already_shared":true,"jetpack_social_options":{"image_generator_settings":{"template":"highway","default_image_id":0,"font":"","enabled":false},"version":2},"_wpas_customize_per_network":false,"jetpack_post_was_ever_published":false},"categories":[589932225,589932246],"tags":[589938752,589932519,589938753,589938751],"class_list":{"0":"post-118823","1":"post","2":"type-post","3":"status-publish","4":"format-standard","5":"has-post-thumbnail","7":"category-news","8":"category-rights","9":"tag-establishments","10":"tag-lgbt-en","11":"tag-protection","12":"tag-salvador-en"},"yoast_head":"<!-- This site is optimized with the Yoast SEO plugin v27.5 - https:\/\/yoast.com\/product\/yoast-seo-wordpress\/ -->\n<title>Establishments that discriminate against LGBTQIA+ in Salvador will pay a fine of up to R$ 100 thousand<\/title>\n<meta name=\"description\" content=\"Mayor ACM Neto signed a law that determines that establishments that discriminate against LGBTQIA+ people in Salvador are punished.\" \/>\n<meta name=\"robots\" content=\"index, follow, max-snippet:-1, max-image-preview:large, max-video-preview:-1\" \/>\n<link rel=\"canonical\" href=\"https:\/\/gay.blog.br\/en\/news\/establishments-that-discriminate-against-lgbtqia-in-salvador-will-pay-a-fine-of-up-to-r-100-thousand\/\" \/>\n<meta property=\"og:locale\" content=\"en_US\" \/>\n<meta property=\"og:type\" content=\"article\" \/>\n<meta property=\"og:title\" content=\"Establishments that discriminate against LGBTQIA+ in Salvador will pay a fine of up to R$ 100 thousand\" \/>\n<meta property=\"og:description\" content=\"Mayor ACM Neto signed a law that determines that establishments that discriminate against LGBTQIA+ people in Salvador are punished.\" \/>\n<meta property=\"og:url\" content=\"https:\/\/gay.blog.br\/en\/news\/establishments-that-discriminate-against-lgbtqia-in-salvador-will-pay-a-fine-of-up-to-r-100-thousand\/\" \/>\n<meta property=\"og:site_name\" content=\"GAY BLOG BR @gayblogbr\" \/>\n<meta property=\"article:publisher\" content=\"https:\/\/facebook.com\/gayblogbr\" \/>\n<meta property=\"article:author\" content=\"https:\/\/www.facebook.com\/victormillerreal\" \/>\n<meta property=\"article:published_time\" content=\"2020-10-16T16:24:23+00:00\" \/>\n<meta property=\"article:modified_time\" content=\"2021-04-08T02:40:33+00:00\" \/>\n<meta property=\"og:image\" content=\"https:\/\/i1.wp.com\/gay.blog.br\/wp-content\/uploads\/2020\/10\/casal_gay_capa.jpg?fit=1253%2C836&ssl=1\" \/>\n\t<meta property=\"og:image:width\" content=\"1253\" \/>\n\t<meta property=\"og:image:height\" content=\"836\" \/>\n\t<meta property=\"og:image:type\" content=\"image\/jpeg\" \/>\n<meta name=\"author\" content=\"Victor Miller\" \/>\n<meta name=\"twitter:card\" content=\"summary_large_image\" \/>\n<meta name=\"twitter:creator\" content=\"@https:\/\/twitter.com\/victor_miller\" \/>\n<meta name=\"twitter:site\" content=\"@gayblogbr\" \/>\n<meta name=\"twitter:label1\" content=\"Written by\" \/>\n\t<meta name=\"twitter:data1\" content=\"Victor Miller\" \/>\n\t<meta name=\"twitter:label2\" content=\"Est. reading time\" \/>\n\t<meta name=\"twitter:data2\" content=\"2 minutes\" \/>\n<script type=\"application\/ld+json\" class=\"yoast-schema-graph\">{\"@context\":\"https:\\\/\\\/schema.org\",\"@graph\":[{\"@type\":\"Article\",\"@id\":\"https:\\\/\\\/gay.blog.br\\\/en\\\/news\\\/establishments-that-discriminate-against-lgbtqia-in-salvador-will-pay-a-fine-of-up-to-r-100-thousand\\\/#article\",\"isPartOf\":{\"@id\":\"https:\\\/\\\/gay.blog.br\\\/en\\\/news\\\/establishments-that-discriminate-against-lgbtqia-in-salvador-will-pay-a-fine-of-up-to-r-100-thousand\\\/\"},\"author\":{\"name\":\"Victor Miller\",\"@id\":\"https:\\\/\\\/gay.blog.br\\\/en\\\/#\\\/schema\\\/person\\\/5e0cf06e5d5e166b6afeaefc7fc56d9d\"},\"headline\":\"Establishments that discriminate against LGBTQIA+ in Salvador will pay a fine of up to R$ 100 thousand\",\"datePublished\":\"2020-10-16T16:24:23+00:00\",\"dateModified\":\"2021-04-08T02:40:33+00:00\",\"mainEntityOfPage\":{\"@id\":\"https:\\\/\\\/gay.blog.br\\\/en\\\/news\\\/establishments-that-discriminate-against-lgbtqia-in-salvador-will-pay-a-fine-of-up-to-r-100-thousand\\\/\"},\"wordCount\":349,\"commentCount\":0,\"publisher\":{\"@id\":\"https:\\\/\\\/gay.blog.br\\\/en\\\/#organization\"},\"image\":{\"@id\":\"https:\\\/\\\/gay.blog.br\\\/en\\\/news\\\/establishments-that-discriminate-against-lgbtqia-in-salvador-will-pay-a-fine-of-up-to-r-100-thousand\\\/#primaryimage\"},\"thumbnailUrl\":\"https:\\\/\\\/i0.wp.com\\\/gay.blog.br\\\/wp-content\\\/uploads\\\/2020\\\/10\\\/casal_gay_capa.jpg?fit=1253%2C836&ssl=1\",\"keywords\":[\"Establishments\",\"lgbt\",\"Protection\",\"salvador\"],\"articleSection\":[\"NEWS\",\"RIGHTS\"],\"inLanguage\":\"en-US\",\"potentialAction\":[{\"@type\":\"CommentAction\",\"name\":\"Comment\",\"target\":[\"https:\\\/\\\/gay.blog.br\\\/en\\\/news\\\/establishments-that-discriminate-against-lgbtqia-in-salvador-will-pay-a-fine-of-up-to-r-100-thousand\\\/#respond\"]}]},{\"@type\":\"WebPage\",\"@id\":\"https:\\\/\\\/gay.blog.br\\\/en\\\/news\\\/establishments-that-discriminate-against-lgbtqia-in-salvador-will-pay-a-fine-of-up-to-r-100-thousand\\\/\",\"url\":\"https:\\\/\\\/gay.blog.br\\\/en\\\/news\\\/establishments-that-discriminate-against-lgbtqia-in-salvador-will-pay-a-fine-of-up-to-r-100-thousand\\\/\",\"name\":\"Establishments that discriminate against LGBTQIA+ in Salvador will pay a fine of up to R$ 100 thousand\",\"isPartOf\":{\"@id\":\"https:\\\/\\\/gay.blog.br\\\/en\\\/#website\"},\"primaryImageOfPage\":{\"@id\":\"https:\\\/\\\/gay.blog.br\\\/en\\\/news\\\/establishments-that-discriminate-against-lgbtqia-in-salvador-will-pay-a-fine-of-up-to-r-100-thousand\\\/#primaryimage\"},\"image\":{\"@id\":\"https:\\\/\\\/gay.blog.br\\\/en\\\/news\\\/establishments-that-discriminate-against-lgbtqia-in-salvador-will-pay-a-fine-of-up-to-r-100-thousand\\\/#primaryimage\"},\"thumbnailUrl\":\"https:\\\/\\\/i0.wp.com\\\/gay.blog.br\\\/wp-content\\\/uploads\\\/2020\\\/10\\\/casal_gay_capa.jpg?fit=1253%2C836&ssl=1\",\"datePublished\":\"2020-10-16T16:24:23+00:00\",\"dateModified\":\"2021-04-08T02:40:33+00:00\",\"description\":\"Mayor ACM Neto signed a law that determines that establishments that discriminate against LGBTQIA+ people in Salvador are punished.\",\"breadcrumb\":{\"@id\":\"https:\\\/\\\/gay.blog.br\\\/en\\\/news\\\/establishments-that-discriminate-against-lgbtqia-in-salvador-will-pay-a-fine-of-up-to-r-100-thousand\\\/#breadcrumb\"},\"inLanguage\":\"en-US\",\"potentialAction\":[{\"@type\":\"ReadAction\",\"target\":[\"https:\\\/\\\/gay.blog.br\\\/en\\\/news\\\/establishments-that-discriminate-against-lgbtqia-in-salvador-will-pay-a-fine-of-up-to-r-100-thousand\\\/\"]}]},{\"@type\":\"ImageObject\",\"inLanguage\":\"en-US\",\"@id\":\"https:\\\/\\\/gay.blog.br\\\/en\\\/news\\\/establishments-that-discriminate-against-lgbtqia-in-salvador-will-pay-a-fine-of-up-to-r-100-thousand\\\/#primaryimage\",\"url\":\"https:\\\/\\\/i0.wp.com\\\/gay.blog.br\\\/wp-content\\\/uploads\\\/2020\\\/10\\\/casal_gay_capa.jpg?fit=1253%2C836&ssl=1\",\"contentUrl\":\"https:\\\/\\\/i0.wp.com\\\/gay.blog.br\\\/wp-content\\\/uploads\\\/2020\\\/10\\\/casal_gay_capa.jpg?fit=1253%2C836&ssl=1\",\"width\":1253,\"height\":836,\"caption\":\"Reprodu\u00e7\u00e3o\"},{\"@type\":\"BreadcrumbList\",\"@id\":\"https:\\\/\\\/gay.blog.br\\\/en\\\/news\\\/establishments-that-discriminate-against-lgbtqia-in-salvador-will-pay-a-fine-of-up-to-r-100-thousand\\\/#breadcrumb\",\"itemListElement\":[{\"@type\":\"ListItem\",\"position\":1,\"name\":\"In\u00edcio\",\"item\":\"https:\\\/\\\/gay.blog.br\\\/en\\\/\"},{\"@type\":\"ListItem\",\"position\":2,\"name\":\"Establishments that discriminate against LGBTQIA+ in Salvador will pay a fine of up to R$ 100 thousand\"}]},{\"@type\":\"WebSite\",\"@id\":\"https:\\\/\\\/gay.blog.br\\\/en\\\/#website\",\"url\":\"https:\\\/\\\/gay.blog.br\\\/en\\\/\",\"name\":\"GAY BLOG BR @gayblogbr\",\"description\":\"Not\u00edcias que empoderam e\\\/ou entret\u00eam s\u00e3o especialidades da casa\",\"publisher\":{\"@id\":\"https:\\\/\\\/gay.blog.br\\\/en\\\/#organization\"},\"potentialAction\":[{\"@type\":\"SearchAction\",\"target\":{\"@type\":\"EntryPoint\",\"urlTemplate\":\"https:\\\/\\\/gay.blog.br\\\/en\\\/?s={search_term_string}\"},\"query-input\":{\"@type\":\"PropertyValueSpecification\",\"valueRequired\":true,\"valueName\":\"search_term_string\"}}],\"inLanguage\":\"en-US\"},{\"@type\":\"Organization\",\"@id\":\"https:\\\/\\\/gay.blog.br\\\/en\\\/#organization\",\"name\":\"GAY BLOG BR\",\"url\":\"https:\\\/\\\/gay.blog.br\\\/en\\\/\",\"logo\":{\"@type\":\"ImageObject\",\"inLanguage\":\"en-US\",\"@id\":\"https:\\\/\\\/gay.blog.br\\\/en\\\/#\\\/schema\\\/logo\\\/image\\\/\",\"url\":\"https:\\\/\\\/i0.wp.com\\\/gay.blog.br\\\/wp-content\\\/uploads\\\/2023\\\/08\\\/gay180px.png?fit=272%2C90&ssl=1\",\"contentUrl\":\"https:\\\/\\\/i0.wp.com\\\/gay.blog.br\\\/wp-content\\\/uploads\\\/2023\\\/08\\\/gay180px.png?fit=272%2C90&ssl=1\",\"width\":272,\"height\":90,\"caption\":\"GAY BLOG BR\"},\"image\":{\"@id\":\"https:\\\/\\\/gay.blog.br\\\/en\\\/#\\\/schema\\\/logo\\\/image\\\/\"},\"sameAs\":[\"https:\\\/\\\/facebook.com\\\/gayblogbr\",\"https:\\\/\\\/x.com\\\/gayblogbr\",\"https:\\\/\\\/instagram.com\\\/gayblogbr\",\"https:\\\/\\\/www.linkedin.com\\\/company\\\/gayblogbr\\\/\",\"https:\\\/\\\/br.pinterest.com\\\/gayblogbr\\\/\",\"https:\\\/\\\/www.youtube.com\\\/channel\\\/UCdEu3JXLOB-wvWAVUF4AIiA\",\"https:\\\/\\\/pt.wikipedia.org\\\/wiki\\\/Gay_Blog_Br\",\"https:\\\/\\\/www.threads.net\\\/@gayblogbr\"]},{\"@type\":\"Person\",\"@id\":\"https:\\\/\\\/gay.blog.br\\\/en\\\/#\\\/schema\\\/person\\\/5e0cf06e5d5e166b6afeaefc7fc56d9d\",\"name\":\"Victor Miller\",\"image\":{\"@type\":\"ImageObject\",\"inLanguage\":\"en-US\",\"@id\":\"https:\\\/\\\/secure.gravatar.com\\\/avatar\\\/7c1fad0dcba879f76a2e6b9189cea981c8fcb9c7e6f40d5903cf16ba29cb80b5?s=96&d=mm&r=g\",\"url\":\"https:\\\/\\\/secure.gravatar.com\\\/avatar\\\/7c1fad0dcba879f76a2e6b9189cea981c8fcb9c7e6f40d5903cf16ba29cb80b5?s=96&d=mm&r=g\",\"contentUrl\":\"https:\\\/\\\/secure.gravatar.com\\\/avatar\\\/7c1fad0dcba879f76a2e6b9189cea981c8fcb9c7e6f40d5903cf16ba29cb80b5?s=96&d=mm&r=g\",\"caption\":\"Victor Miller\"},\"description\":\"Jornalista formado pela PUC do Rio de Janeiro, dedicou sua vida a falar sobre cultura nerd\\\/geek. Gay desde que se entende por gente, sempre teve desejo de trabalhar com o p\u00fablico LGBT+ e cr\u00ea que a informa\u00e7\u00e3o \u00e9 a a melhor arma contra qualquer tipo de \\\"fobia\\\"\",\"sameAs\":[\"https:\\\/\\\/gay.blog.br\\\/author\\\/victormiller\\\/\",\"https:\\\/\\\/www.facebook.com\\\/victormillerreal\",\"https:\\\/\\\/instagram.com\\\/victormillermiranda\",\"https:\\\/\\\/www.linkedin.com\\\/in\\\/victor-miller-266b54a7\\\/\",\"https:\\\/\\\/x.com\\\/https:\\\/\\\/twitter.com\\\/victor_miller\",\"https:\\\/\\\/www.youtube.com\\\/user\\\/planetasonic\"],\"url\":\"https:\\\/\\\/gay.blog.br\\\/en\\\/author\\\/victormiller\\\/\"}]}<\/script>\n<!-- \/ Yoast SEO plugin. -->","yoast_head_json":{"title":"Establishments that discriminate against LGBTQIA+ in Salvador will pay a fine of up to R$ 100 thousand","description":"Mayor ACM Neto signed a law that determines that establishments that discriminate against LGBTQIA+ people in Salvador are punished.","robots":{"index":"index","follow":"follow","max-snippet":"max-snippet:-1","max-image-preview":"max-image-preview:large","max-video-preview":"max-video-preview:-1"},"canonical":"https:\/\/gay.blog.br\/en\/news\/establishments-that-discriminate-against-lgbtqia-in-salvador-will-pay-a-fine-of-up-to-r-100-thousand\/","og_locale":"en_US","og_type":"article","og_title":"Establishments that discriminate against LGBTQIA+ in Salvador will pay a fine of up to R$ 100 thousand","og_description":"Mayor ACM Neto signed a law that determines that establishments that discriminate against LGBTQIA+ people in Salvador are punished.","og_url":"https:\/\/gay.blog.br\/en\/news\/establishments-that-discriminate-against-lgbtqia-in-salvador-will-pay-a-fine-of-up-to-r-100-thousand\/","og_site_name":"GAY BLOG BR @gayblogbr","article_publisher":"https:\/\/facebook.com\/gayblogbr","article_author":"https:\/\/www.facebook.com\/victormillerreal","article_published_time":"2020-10-16T16:24:23+00:00","article_modified_time":"2021-04-08T02:40:33+00:00","og_image":[{"width":1253,"height":836,"url":"https:\/\/i1.wp.com\/gay.blog.br\/wp-content\/uploads\/2020\/10\/casal_gay_capa.jpg?fit=1253%2C836&ssl=1","type":"image\/jpeg"}],"author":"Victor Miller","twitter_card":"summary_large_image","twitter_creator":"@https:\/\/twitter.com\/victor_miller","twitter_site":"@gayblogbr","twitter_misc":{"Written by":"Victor Miller","Est. reading time":"2 minutes"},"schema":{"@context":"https:\/\/schema.org","@graph":[{"@type":"Article","@id":"https:\/\/gay.blog.br\/en\/news\/establishments-that-discriminate-against-lgbtqia-in-salvador-will-pay-a-fine-of-up-to-r-100-thousand\/#article","isPartOf":{"@id":"https:\/\/gay.blog.br\/en\/news\/establishments-that-discriminate-against-lgbtqia-in-salvador-will-pay-a-fine-of-up-to-r-100-thousand\/"},"author":{"name":"Victor Miller","@id":"https:\/\/gay.blog.br\/en\/#\/schema\/person\/5e0cf06e5d5e166b6afeaefc7fc56d9d"},"headline":"Establishments that discriminate against LGBTQIA+ in Salvador will pay a fine of up to R$ 100 thousand","datePublished":"2020-10-16T16:24:23+00:00","dateModified":"2021-04-08T02:40:33+00:00","mainEntityOfPage":{"@id":"https:\/\/gay.blog.br\/en\/news\/establishments-that-discriminate-against-lgbtqia-in-salvador-will-pay-a-fine-of-up-to-r-100-thousand\/"},"wordCount":349,"commentCount":0,"publisher":{"@id":"https:\/\/gay.blog.br\/en\/#organization"},"image":{"@id":"https:\/\/gay.blog.br\/en\/news\/establishments-that-discriminate-against-lgbtqia-in-salvador-will-pay-a-fine-of-up-to-r-100-thousand\/#primaryimage"},"thumbnailUrl":"https:\/\/i0.wp.com\/gay.blog.br\/wp-content\/uploads\/2020\/10\/casal_gay_capa.jpg?fit=1253%2C836&ssl=1","keywords":["Establishments","lgbt","Protection","salvador"],"articleSection":["NEWS","RIGHTS"],"inLanguage":"en-US","potentialAction":[{"@type":"CommentAction","name":"Comment","target":["https:\/\/gay.blog.br\/en\/news\/establishments-that-discriminate-against-lgbtqia-in-salvador-will-pay-a-fine-of-up-to-r-100-thousand\/#respond"]}]},{"@type":"WebPage","@id":"https:\/\/gay.blog.br\/en\/news\/establishments-that-discriminate-against-lgbtqia-in-salvador-will-pay-a-fine-of-up-to-r-100-thousand\/","url":"https:\/\/gay.blog.br\/en\/news\/establishments-that-discriminate-against-lgbtqia-in-salvador-will-pay-a-fine-of-up-to-r-100-thousand\/","name":"Establishments that discriminate against LGBTQIA+ in Salvador will pay a fine of up to R$ 100 thousand","isPartOf":{"@id":"https:\/\/gay.blog.br\/en\/#website"},"primaryImageOfPage":{"@id":"https:\/\/gay.blog.br\/en\/news\/establishments-that-discriminate-against-lgbtqia-in-salvador-will-pay-a-fine-of-up-to-r-100-thousand\/#primaryimage"},"image":{"@id":"https:\/\/gay.blog.br\/en\/news\/establishments-that-discriminate-against-lgbtqia-in-salvador-will-pay-a-fine-of-up-to-r-100-thousand\/#primaryimage"},"thumbnailUrl":"https:\/\/i0.wp.com\/gay.blog.br\/wp-content\/uploads\/2020\/10\/casal_gay_capa.jpg?fit=1253%2C836&ssl=1","datePublished":"2020-10-16T16:24:23+00:00","dateModified":"2021-04-08T02:40:33+00:00","description":"Mayor ACM Neto signed a law that determines that establishments that discriminate against LGBTQIA+ people in Salvador are punished.","breadcrumb":{"@id":"https:\/\/gay.blog.br\/en\/news\/establishments-that-discriminate-against-lgbtqia-in-salvador-will-pay-a-fine-of-up-to-r-100-thousand\/#breadcrumb"},"inLanguage":"en-US","potentialAction":[{"@type":"ReadAction","target":["https:\/\/gay.blog.br\/en\/news\/establishments-that-discriminate-against-lgbtqia-in-salvador-will-pay-a-fine-of-up-to-r-100-thousand\/"]}]},{"@type":"ImageObject","inLanguage":"en-US","@id":"https:\/\/gay.blog.br\/en\/news\/establishments-that-discriminate-against-lgbtqia-in-salvador-will-pay-a-fine-of-up-to-r-100-thousand\/#primaryimage","url":"https:\/\/i0.wp.com\/gay.blog.br\/wp-content\/uploads\/2020\/10\/casal_gay_capa.jpg?fit=1253%2C836&ssl=1","contentUrl":"https:\/\/i0.wp.com\/gay.blog.br\/wp-content\/uploads\/2020\/10\/casal_gay_capa.jpg?fit=1253%2C836&ssl=1","width":1253,"height":836,"caption":"Reprodu\u00e7\u00e3o"},{"@type":"BreadcrumbList","@id":"https:\/\/gay.blog.br\/en\/news\/establishments-that-discriminate-against-lgbtqia-in-salvador-will-pay-a-fine-of-up-to-r-100-thousand\/#breadcrumb","itemListElement":[{"@type":"ListItem","position":1,"name":"In\u00edcio","item":"https:\/\/gay.blog.br\/en\/"},{"@type":"ListItem","position":2,"name":"Establishments that discriminate against LGBTQIA+ in Salvador will pay a fine of up to R$ 100 thousand"}]},{"@type":"WebSite","@id":"https:\/\/gay.blog.br\/en\/#website","url":"https:\/\/gay.blog.br\/en\/","name":"GAY BLOG BR @gayblogbr","description":"Not\u00edcias que empoderam e\/ou entret\u00eam s\u00e3o especialidades da casa","publisher":{"@id":"https:\/\/gay.blog.br\/en\/#organization"},"potentialAction":[{"@type":"SearchAction","target":{"@type":"EntryPoint","urlTemplate":"https:\/\/gay.blog.br\/en\/?s={search_term_string}"},"query-input":{"@type":"PropertyValueSpecification","valueRequired":true,"valueName":"search_term_string"}}],"inLanguage":"en-US"},{"@type":"Organization","@id":"https:\/\/gay.blog.br\/en\/#organization","name":"GAY BLOG BR","url":"https:\/\/gay.blog.br\/en\/","logo":{"@type":"ImageObject","inLanguage":"en-US","@id":"https:\/\/gay.blog.br\/en\/#\/schema\/logo\/image\/","url":"https:\/\/i0.wp.com\/gay.blog.br\/wp-content\/uploads\/2023\/08\/gay180px.png?fit=272%2C90&ssl=1","contentUrl":"https:\/\/i0.wp.com\/gay.blog.br\/wp-content\/uploads\/2023\/08\/gay180px.png?fit=272%2C90&ssl=1","width":272,"height":90,"caption":"GAY BLOG BR"},"image":{"@id":"https:\/\/gay.blog.br\/en\/#\/schema\/logo\/image\/"},"sameAs":["https:\/\/facebook.com\/gayblogbr","https:\/\/x.com\/gayblogbr","https:\/\/instagram.com\/gayblogbr","https:\/\/www.linkedin.com\/company\/gayblogbr\/","https:\/\/br.pinterest.com\/gayblogbr\/","https:\/\/www.youtube.com\/channel\/UCdEu3JXLOB-wvWAVUF4AIiA","https:\/\/pt.wikipedia.org\/wiki\/Gay_Blog_Br","https:\/\/www.threads.net\/@gayblogbr"]},{"@type":"Person","@id":"https:\/\/gay.blog.br\/en\/#\/schema\/person\/5e0cf06e5d5e166b6afeaefc7fc56d9d","name":"Victor Miller","image":{"@type":"ImageObject","inLanguage":"en-US","@id":"https:\/\/secure.gravatar.com\/avatar\/7c1fad0dcba879f76a2e6b9189cea981c8fcb9c7e6f40d5903cf16ba29cb80b5?s=96&d=mm&r=g","url":"https:\/\/secure.gravatar.com\/avatar\/7c1fad0dcba879f76a2e6b9189cea981c8fcb9c7e6f40d5903cf16ba29cb80b5?s=96&d=mm&r=g","contentUrl":"https:\/\/secure.gravatar.com\/avatar\/7c1fad0dcba879f76a2e6b9189cea981c8fcb9c7e6f40d5903cf16ba29cb80b5?s=96&d=mm&r=g","caption":"Victor Miller"},"description":"Jornalista formado pela PUC do Rio de Janeiro, dedicou sua vida a falar sobre cultura nerd\/geek. Gay desde que se entende por gente, sempre teve desejo de trabalhar com o p\u00fablico LGBT+ e cr\u00ea que a informa\u00e7\u00e3o \u00e9 a a melhor arma contra qualquer tipo de \"fobia\"","sameAs":["https:\/\/gay.blog.br\/author\/victormiller\/","https:\/\/www.facebook.com\/victormillerreal","https:\/\/instagram.com\/victormillermiranda","https:\/\/www.linkedin.com\/in\/victor-miller-266b54a7\/","https:\/\/x.com\/https:\/\/twitter.com\/victor_miller","https:\/\/www.youtube.com\/user\/planetasonic"],"url":"https:\/\/gay.blog.br\/en\/author\/victormiller\/"}]}},"jetpack_publicize_connections":[],"jetpack_featured_media_url":"https:\/\/i0.wp.com\/gay.blog.br\/wp-content\/uploads\/2020\/10\/casal_gay_capa.jpg?fit=1253%2C836&ssl=1","jetpack_sharing_enabled":true,"jetpack_shortlink":"https:\/\/wp.me\/p6klkK-uUv","jetpack_likes_enabled":false,"amp_enabled":true,"_links":{"self":[{"href":"https:\/\/gay.blog.br\/en\/wp-json\/wp\/v2\/posts\/118823","targetHints":{"allow":["GET"]}}],"collection":[{"href":"https:\/\/gay.blog.br\/en\/wp-json\/wp\/v2\/posts"}],"about":[{"href":"https:\/\/gay.blog.br\/en\/wp-json\/wp\/v2\/types\/post"}],"author":[{"embeddable":true,"href":"https:\/\/gay.blog.br\/en\/wp-json\/wp\/v2\/users\/3515"}],"replies":[{"embeddable":true,"href":"https:\/\/gay.blog.br\/en\/wp-json\/wp\/v2\/comments?post=118823"}],"version-history":[{"count":0,"href":"https:\/\/gay.blog.br\/en\/wp-json\/wp\/v2\/posts\/118823\/revisions"}],"wp:featuredmedia":[{"embeddable":true,"href":"https:\/\/gay.blog.br\/en\/wp-json\/wp\/v2\/media\/90054"}],"wp:attachment":[{"href":"https:\/\/gay.blog.br\/en\/wp-json\/wp\/v2\/media?parent=118823"}],"wp:term":[{"taxonomy":"category","embeddable":true,"href":"https:\/\/gay.blog.br\/en\/wp-json\/wp\/v2\/categories?post=118823"},{"taxonomy":"post_tag","embeddable":true,"href":"https:\/\/gay.blog.br\/en\/wp-json\/wp\/v2\/tags?post=118823"}],"curies":[{"name":"wp","href":"https:\/\/api.w.org\/{rel}","templated":true}]}}