{"id":119269,"date":"2020-10-21T19:11:34","date_gmt":"2020-10-21T22:11:34","guid":{"rendered":"https:\/\/gay.blog.br\/?p=119269"},"modified":"2021-04-09T00:19:28","modified_gmt":"2021-04-09T03:19:28","slug":"basf-releases-booklet-of-diversity-and-inclusion-in-south-america-and-presents-program-of-allies-for-the-cause-lgbti","status":"publish","type":"post","link":"https:\/\/gay.blog.br\/en\/news\/basf-releases-booklet-of-diversity-and-inclusion-in-south-america-and-presents-program-of-allies-for-the-cause-lgbti\/","title":{"rendered":"BASF releases booklet of diversity and inclusion in South America and presents program of allies for the cause LGBTI+"},"content":{"rendered":"<div style=\"text-align: justify;\">\n<p>BASF released its \u2018<strong>Diversity &amp; Inclusion Primer<\/strong>\u2019 for the approximately 6,000 employees of the company in South America. Anyone who wants to read, just access <a href=\"http:\/\/www.i-mpr.com\/s\/1015\/4f.pdf\">this link<\/a>. The booklet was announced during Diversity and Inclusion Week, an event held from October 13th to 16th, with the aim of sharing the main achievements, challenges and next steps for promoting equity in the workplace. On the occasion, the creation of the &#8216;<strong>Aliados e Aliadas<\/strong>&#8216; program was also announced, an initiative that reinforces BASF&#8217;s position to value and include its LGBTI+ collaborators.<\/p>\n<\/div>\n<div style=\"text-align: justify;\">The focus of the booklet is to encourage a conversation about the topic with the teams, taking advantage of the opportunity for co-workers to combine or recombine everything that can improve the environment where they live. According to <strong>Karina Chaves<\/strong>, BASF&#8217;s Diversity and Inclusion manager in South America, the production of this content counted on the participation of several collaborators and partners, who were heard to define the themes and approaches.<\/div>\n<div><\/div>\n<div style=\"text-align: justify;\">\n<p><em>&#8220;This is another opportunity to reflect on the theme and contribute, in all places and relationships, so that diversity and inclusion are always present and producing positive impacts on our lives and on society&#8221;<\/em>, he comments.<\/p>\n<\/div>\n<div style=\"text-align: justify;\">Also during <strong>Diversity Week<\/strong>, the company raised the flag of the LGBTI+ movement in its factories in the region, in order to reinforce its commitment to sexual diversity. The theme is one of the four pillars of BASF&#8217;s Diversity and Inclusion strategy in South America, which has four affinity groups formed by volunteer employees.<\/div>\n<div><\/div>\n<div>\n<figure id=\"attachment_90916\" aria-describedby=\"caption-attachment-90916\" style=\"width: 640px\" class=\"wp-caption aligncenter\"><a href=\"http:\/\/www.instagram.com\/gayblogbr\"><img data-recalc-dims=\"1\" loading=\"lazy\" decoding=\"async\" class=\"size-full wp-image-90916\" src=\"https:\/\/i0.wp.com\/gay-blog.com\/wp-content\/uploads\/2020\/10\/bandeiralgbt.jpg?resize=640%2C480&#038;ssl=1\" alt=\"\" width=\"640\" height=\"480\" srcset=\"https:\/\/i0.wp.com\/gay.blog.br\/wp-content\/uploads\/2020\/10\/bandeiralgbt.jpg?w=640&amp;ssl=1 640w, https:\/\/i0.wp.com\/gay.blog.br\/wp-content\/uploads\/2020\/10\/bandeiralgbt.jpg?resize=300%2C225&amp;ssl=1 300w, https:\/\/i0.wp.com\/gay.blog.br\/wp-content\/uploads\/2020\/10\/bandeiralgbt.jpg?resize=150%2C113&amp;ssl=1 150w, https:\/\/i0.wp.com\/gay.blog.br\/wp-content\/uploads\/2020\/10\/bandeiralgbt.jpg?resize=560%2C420&amp;ssl=1 560w, https:\/\/i0.wp.com\/gay.blog.br\/wp-content\/uploads\/2020\/10\/bandeiralgbt.jpg?resize=80%2C60&amp;ssl=1 80w, https:\/\/i0.wp.com\/gay.blog.br\/wp-content\/uploads\/2020\/10\/bandeiralgbt.jpg?resize=160%2C120&amp;ssl=1 160w, https:\/\/i0.wp.com\/gay.blog.br\/wp-content\/uploads\/2020\/10\/bandeiralgbt.jpg?resize=265%2C198&amp;ssl=1 265w\" sizes=\"auto, (max-width: 640px) 100vw, 640px\" \/><\/a><figcaption id=\"caption-attachment-90916\" class=\"wp-caption-text\">Divulgation<\/figcaption><\/figure>\n<\/div>\n<div><span style=\"text-align: justify;\">The<\/span> <strong style=\"text-align: justify;\">Women in Business<\/strong> <span style=\"text-align: justify;\">(WIB), focused on gender equity; the<\/span> <strong style=\"text-align: justify;\">Black Inclusion Group<\/strong> <span style=\"text-align: justify;\">(BIG), focused on racial equality; the<\/span> <strong style=\"text-align: justify;\">Be Different<\/strong><span style=\"text-align: justify;\">, which discusses the inclusion of people with disabilities; and<\/span> <strong style=\"text-align: justify;\">Be Yourself<\/strong> <span style=\"text-align: justify;\">(BYou), focused on sexual diversity and which gained more reinforcement this year.<\/span><\/div>\n<div style=\"text-align: justify;\">The \u2018Aliados e Aliadas Program\u2019 will engage LGBTI+ employees or not to participate in BYou\u2019s activities at BASF. The goal is for allies to <strong>practice welcoming<\/strong> and to be a safe point to talk, to clarify doubts about LGBTI+ diversity and inclusion.<\/div>\n<div><\/div>\n<div style=\"text-align: justify;\">\n<p><strong>Henrique Campos<\/strong>, Senior Manager of Controlling and Marketing for Performance Chemicals at BASF South America and one of the creators of the initiative, says that the motivation to create the group arose from the desire to carry the message of respect and diversity into the daily lives of all people.<\/p>\n<\/div>\n<div style=\"text-align: justify;\">\n<p><em>&#8220;The role of the ally must be that of an ambassador against prejudice, to prevent and combat discrimination. Ambassadors can participate in the activities of the BYou group, publicly express their support and be a welcome point for LGBTI+ people<\/em>&#8220;, comments <strong>Henrique<\/strong>.<\/p>\n<\/div>\n<div style=\"text-align: justify;\">To reinforce, structure and expand its performance, <strong>BASF<\/strong> has made several public commitments, many of them global, in order to promote human rights, such as the UN Global Compact, including the Women&#8217;s Empowerment Principles, and the Brazilian Business Forum and LGBTI+ rights.<\/div>\n<div><\/div>\n<blockquote class=\"td_quote_box td_box_center\">\n<div style=\"text-align: left;\"><strong>Also read:<\/strong> <a href=\"https:\/\/gay-blog.com\/direitos\/fgv-lanca-cartilha-para-vitimas-de-discurso-de-odio\/\">FGV launches booklet for victims of hate speech<\/a><\/div>\n<\/blockquote>\n","protected":false},"excerpt":{"rendered":"<p>The booklet helps almost 6,000 employees and strengthen BASF&#8217;s position in relation to the experience and practice of valuing diversity and promoting inclusion in daily life;<\/p>\n","protected":false},"author":3515,"featured_media":90925,"comment_status":"open","ping_status":"open","sticky":false,"template":"","format":"standard","meta":{"googlesitekit_rrm_CAoiEBg-BXrJeACjO8p49SE4kTY:productID":"","tdm_status":"","tdm_grid_status":"","_jetpack_newsletter_access":"","_jetpack_dont_email_post_to_subs":false,"_jetpack_newsletter_tier_id":0,"_jetpack_memberships_contains_paywalled_content":false,"_jetpack_memberships_contains_paid_content":false,"footnotes":"","jetpack_publicize_message":"BASF releases booklet of diversity and inclusion in South America and presents program of allies for the cause LGBTI+","jetpack_publicize_feature_enabled":true,"jetpack_social_post_already_shared":true,"jetpack_social_options":{"image_generator_settings":{"template":"highway","default_image_id":0,"font":"","enabled":false},"version":2},"_wpas_customize_per_network":false,"jetpack_post_was_ever_published":false},"categories":[589932225],"tags":[589938853,589938852],"class_list":{"0":"post-119269","1":"post","2":"type-post","3":"status-publish","4":"format-standard","5":"has-post-thumbnail","7":"category-news","8":"tag-basf-en","9":"tag-booklet"},"yoast_head":"<!-- This site is optimized with the Yoast SEO plugin v27.5 - https:\/\/yoast.com\/product\/yoast-seo-wordpress\/ -->\n<title>BASF releases booklet of diversity and inclusion in South America and presents program of allies for the cause LGBTI+<\/title>\n<meta name=\"description\" content=\"To reaffirm its commitment to valuing plurality, BASF released its \u2018Diversity &amp; Inclusion Primer for its employees.\" \/>\n<meta name=\"robots\" content=\"index, follow, max-snippet:-1, max-image-preview:large, max-video-preview:-1\" \/>\n<link rel=\"canonical\" href=\"https:\/\/gay.blog.br\/en\/news\/basf-releases-booklet-of-diversity-and-inclusion-in-south-america-and-presents-program-of-allies-for-the-cause-lgbti\/\" \/>\n<meta property=\"og:locale\" content=\"en_US\" \/>\n<meta property=\"og:type\" content=\"article\" \/>\n<meta property=\"og:title\" content=\"BASF releases booklet of diversity and inclusion in South America and presents program of allies for the cause LGBTI+\" \/>\n<meta property=\"og:description\" content=\"To reaffirm its commitment to valuing plurality, BASF released its \u2018Diversity &amp; Inclusion Primer for its employees.\" \/>\n<meta property=\"og:url\" content=\"https:\/\/gay.blog.br\/en\/news\/basf-releases-booklet-of-diversity-and-inclusion-in-south-america-and-presents-program-of-allies-for-the-cause-lgbti\/\" \/>\n<meta property=\"og:site_name\" content=\"GAY BLOG BR @gayblogbr\" \/>\n<meta property=\"article:publisher\" content=\"https:\/\/facebook.com\/gayblogbr\" \/>\n<meta property=\"article:author\" content=\"https:\/\/www.facebook.com\/victormillerreal\" \/>\n<meta property=\"article:published_time\" content=\"2020-10-21T22:11:34+00:00\" \/>\n<meta property=\"article:modified_time\" content=\"2021-04-09T03:19:28+00:00\" \/>\n<meta property=\"og:image\" content=\"https:\/\/i2.wp.com\/gay.blog.br\/wp-content\/uploads\/2020\/10\/etai-basf-gay.png?fit=552%2C366&ssl=1\" \/>\n\t<meta property=\"og:image:width\" content=\"552\" \/>\n\t<meta property=\"og:image:height\" content=\"366\" \/>\n\t<meta property=\"og:image:type\" content=\"image\/png\" \/>\n<meta name=\"author\" content=\"Victor Miller\" \/>\n<meta name=\"twitter:card\" content=\"summary_large_image\" \/>\n<meta name=\"twitter:creator\" content=\"@https:\/\/twitter.com\/victor_miller\" \/>\n<meta name=\"twitter:site\" content=\"@gayblogbr\" \/>\n<meta name=\"twitter:label1\" content=\"Written by\" \/>\n\t<meta name=\"twitter:data1\" content=\"Victor Miller\" \/>\n\t<meta name=\"twitter:label2\" content=\"Est. reading time\" \/>\n\t<meta name=\"twitter:data2\" content=\"2 minutes\" \/>\n<script type=\"application\/ld+json\" class=\"yoast-schema-graph\">{\"@context\":\"https:\\\/\\\/schema.org\",\"@graph\":[{\"@type\":\"Article\",\"@id\":\"https:\\\/\\\/gay.blog.br\\\/en\\\/news\\\/basf-releases-booklet-of-diversity-and-inclusion-in-south-america-and-presents-program-of-allies-for-the-cause-lgbti\\\/#article\",\"isPartOf\":{\"@id\":\"https:\\\/\\\/gay.blog.br\\\/en\\\/news\\\/basf-releases-booklet-of-diversity-and-inclusion-in-south-america-and-presents-program-of-allies-for-the-cause-lgbti\\\/\"},\"author\":{\"name\":\"Victor Miller\",\"@id\":\"https:\\\/\\\/gay.blog.br\\\/en\\\/#\\\/schema\\\/person\\\/5e0cf06e5d5e166b6afeaefc7fc56d9d\"},\"headline\":\"BASF releases booklet of diversity and inclusion in South America and presents program of allies for the cause LGBTI+\",\"datePublished\":\"2020-10-21T22:11:34+00:00\",\"dateModified\":\"2021-04-09T03:19:28+00:00\",\"mainEntityOfPage\":{\"@id\":\"https:\\\/\\\/gay.blog.br\\\/en\\\/news\\\/basf-releases-booklet-of-diversity-and-inclusion-in-south-america-and-presents-program-of-allies-for-the-cause-lgbti\\\/\"},\"wordCount\":511,\"commentCount\":0,\"publisher\":{\"@id\":\"https:\\\/\\\/gay.blog.br\\\/en\\\/#organization\"},\"image\":{\"@id\":\"https:\\\/\\\/gay.blog.br\\\/en\\\/news\\\/basf-releases-booklet-of-diversity-and-inclusion-in-south-america-and-presents-program-of-allies-for-the-cause-lgbti\\\/#primaryimage\"},\"thumbnailUrl\":\"https:\\\/\\\/i0.wp.com\\\/gay.blog.br\\\/wp-content\\\/uploads\\\/2020\\\/10\\\/etai-basf-gay.png?fit=552%2C366&ssl=1\",\"keywords\":[\"BASF\",\"booklet\"],\"articleSection\":[\"NEWS\"],\"inLanguage\":\"en-US\",\"potentialAction\":[{\"@type\":\"CommentAction\",\"name\":\"Comment\",\"target\":[\"https:\\\/\\\/gay.blog.br\\\/en\\\/news\\\/basf-releases-booklet-of-diversity-and-inclusion-in-south-america-and-presents-program-of-allies-for-the-cause-lgbti\\\/#respond\"]}]},{\"@type\":\"WebPage\",\"@id\":\"https:\\\/\\\/gay.blog.br\\\/en\\\/news\\\/basf-releases-booklet-of-diversity-and-inclusion-in-south-america-and-presents-program-of-allies-for-the-cause-lgbti\\\/\",\"url\":\"https:\\\/\\\/gay.blog.br\\\/en\\\/news\\\/basf-releases-booklet-of-diversity-and-inclusion-in-south-america-and-presents-program-of-allies-for-the-cause-lgbti\\\/\",\"name\":\"BASF releases booklet of diversity and inclusion in South America and presents program of allies for the cause LGBTI+\",\"isPartOf\":{\"@id\":\"https:\\\/\\\/gay.blog.br\\\/en\\\/#website\"},\"primaryImageOfPage\":{\"@id\":\"https:\\\/\\\/gay.blog.br\\\/en\\\/news\\\/basf-releases-booklet-of-diversity-and-inclusion-in-south-america-and-presents-program-of-allies-for-the-cause-lgbti\\\/#primaryimage\"},\"image\":{\"@id\":\"https:\\\/\\\/gay.blog.br\\\/en\\\/news\\\/basf-releases-booklet-of-diversity-and-inclusion-in-south-america-and-presents-program-of-allies-for-the-cause-lgbti\\\/#primaryimage\"},\"thumbnailUrl\":\"https:\\\/\\\/i0.wp.com\\\/gay.blog.br\\\/wp-content\\\/uploads\\\/2020\\\/10\\\/etai-basf-gay.png?fit=552%2C366&ssl=1\",\"datePublished\":\"2020-10-21T22:11:34+00:00\",\"dateModified\":\"2021-04-09T03:19:28+00:00\",\"description\":\"To reaffirm its commitment to valuing plurality, BASF released its \u2018Diversity & Inclusion Primer for its employees.\",\"breadcrumb\":{\"@id\":\"https:\\\/\\\/gay.blog.br\\\/en\\\/news\\\/basf-releases-booklet-of-diversity-and-inclusion-in-south-america-and-presents-program-of-allies-for-the-cause-lgbti\\\/#breadcrumb\"},\"inLanguage\":\"en-US\",\"potentialAction\":[{\"@type\":\"ReadAction\",\"target\":[\"https:\\\/\\\/gay.blog.br\\\/en\\\/news\\\/basf-releases-booklet-of-diversity-and-inclusion-in-south-america-and-presents-program-of-allies-for-the-cause-lgbti\\\/\"]}]},{\"@type\":\"ImageObject\",\"inLanguage\":\"en-US\",\"@id\":\"https:\\\/\\\/gay.blog.br\\\/en\\\/news\\\/basf-releases-booklet-of-diversity-and-inclusion-in-south-america-and-presents-program-of-allies-for-the-cause-lgbti\\\/#primaryimage\",\"url\":\"https:\\\/\\\/i0.wp.com\\\/gay.blog.br\\\/wp-content\\\/uploads\\\/2020\\\/10\\\/etai-basf-gay.png?fit=552%2C366&ssl=1\",\"contentUrl\":\"https:\\\/\\\/i0.wp.com\\\/gay.blog.br\\\/wp-content\\\/uploads\\\/2020\\\/10\\\/etai-basf-gay.png?fit=552%2C366&ssl=1\",\"width\":552,\"height\":366},{\"@type\":\"BreadcrumbList\",\"@id\":\"https:\\\/\\\/gay.blog.br\\\/en\\\/news\\\/basf-releases-booklet-of-diversity-and-inclusion-in-south-america-and-presents-program-of-allies-for-the-cause-lgbti\\\/#breadcrumb\",\"itemListElement\":[{\"@type\":\"ListItem\",\"position\":1,\"name\":\"In\u00edcio\",\"item\":\"https:\\\/\\\/gay.blog.br\\\/en\\\/\"},{\"@type\":\"ListItem\",\"position\":2,\"name\":\"BASF releases booklet of diversity and inclusion in South America and presents program of allies for the cause LGBTI+\"}]},{\"@type\":\"WebSite\",\"@id\":\"https:\\\/\\\/gay.blog.br\\\/en\\\/#website\",\"url\":\"https:\\\/\\\/gay.blog.br\\\/en\\\/\",\"name\":\"GAY BLOG BR @gayblogbr\",\"description\":\"Not\u00edcias que empoderam e\\\/ou entret\u00eam s\u00e3o especialidades da casa\",\"publisher\":{\"@id\":\"https:\\\/\\\/gay.blog.br\\\/en\\\/#organization\"},\"potentialAction\":[{\"@type\":\"SearchAction\",\"target\":{\"@type\":\"EntryPoint\",\"urlTemplate\":\"https:\\\/\\\/gay.blog.br\\\/en\\\/?s={search_term_string}\"},\"query-input\":{\"@type\":\"PropertyValueSpecification\",\"valueRequired\":true,\"valueName\":\"search_term_string\"}}],\"inLanguage\":\"en-US\"},{\"@type\":\"Organization\",\"@id\":\"https:\\\/\\\/gay.blog.br\\\/en\\\/#organization\",\"name\":\"GAY BLOG BR\",\"url\":\"https:\\\/\\\/gay.blog.br\\\/en\\\/\",\"logo\":{\"@type\":\"ImageObject\",\"inLanguage\":\"en-US\",\"@id\":\"https:\\\/\\\/gay.blog.br\\\/en\\\/#\\\/schema\\\/logo\\\/image\\\/\",\"url\":\"https:\\\/\\\/i0.wp.com\\\/gay.blog.br\\\/wp-content\\\/uploads\\\/2023\\\/08\\\/gay180px.png?fit=272%2C90&ssl=1\",\"contentUrl\":\"https:\\\/\\\/i0.wp.com\\\/gay.blog.br\\\/wp-content\\\/uploads\\\/2023\\\/08\\\/gay180px.png?fit=272%2C90&ssl=1\",\"width\":272,\"height\":90,\"caption\":\"GAY BLOG BR\"},\"image\":{\"@id\":\"https:\\\/\\\/gay.blog.br\\\/en\\\/#\\\/schema\\\/logo\\\/image\\\/\"},\"sameAs\":[\"https:\\\/\\\/facebook.com\\\/gayblogbr\",\"https:\\\/\\\/x.com\\\/gayblogbr\",\"https:\\\/\\\/instagram.com\\\/gayblogbr\",\"https:\\\/\\\/www.linkedin.com\\\/company\\\/gayblogbr\\\/\",\"https:\\\/\\\/br.pinterest.com\\\/gayblogbr\\\/\",\"https:\\\/\\\/www.youtube.com\\\/channel\\\/UCdEu3JXLOB-wvWAVUF4AIiA\",\"https:\\\/\\\/pt.wikipedia.org\\\/wiki\\\/Gay_Blog_Br\",\"https:\\\/\\\/www.threads.net\\\/@gayblogbr\"]},{\"@type\":\"Person\",\"@id\":\"https:\\\/\\\/gay.blog.br\\\/en\\\/#\\\/schema\\\/person\\\/5e0cf06e5d5e166b6afeaefc7fc56d9d\",\"name\":\"Victor Miller\",\"image\":{\"@type\":\"ImageObject\",\"inLanguage\":\"en-US\",\"@id\":\"https:\\\/\\\/secure.gravatar.com\\\/avatar\\\/7c1fad0dcba879f76a2e6b9189cea981c8fcb9c7e6f40d5903cf16ba29cb80b5?s=96&d=mm&r=g\",\"url\":\"https:\\\/\\\/secure.gravatar.com\\\/avatar\\\/7c1fad0dcba879f76a2e6b9189cea981c8fcb9c7e6f40d5903cf16ba29cb80b5?s=96&d=mm&r=g\",\"contentUrl\":\"https:\\\/\\\/secure.gravatar.com\\\/avatar\\\/7c1fad0dcba879f76a2e6b9189cea981c8fcb9c7e6f40d5903cf16ba29cb80b5?s=96&d=mm&r=g\",\"caption\":\"Victor Miller\"},\"description\":\"Jornalista formado pela PUC do Rio de Janeiro, dedicou sua vida a falar sobre cultura nerd\\\/geek. Gay desde que se entende por gente, sempre teve desejo de trabalhar com o p\u00fablico LGBT+ e cr\u00ea que a informa\u00e7\u00e3o \u00e9 a a melhor arma contra qualquer tipo de \\\"fobia\\\"\",\"sameAs\":[\"https:\\\/\\\/gay.blog.br\\\/author\\\/victormiller\\\/\",\"https:\\\/\\\/www.facebook.com\\\/victormillerreal\",\"https:\\\/\\\/instagram.com\\\/victormillermiranda\",\"https:\\\/\\\/www.linkedin.com\\\/in\\\/victor-miller-266b54a7\\\/\",\"https:\\\/\\\/x.com\\\/https:\\\/\\\/twitter.com\\\/victor_miller\",\"https:\\\/\\\/www.youtube.com\\\/user\\\/planetasonic\"],\"url\":\"https:\\\/\\\/gay.blog.br\\\/en\\\/author\\\/victormiller\\\/\"}]}<\/script>\n<!-- \/ Yoast SEO plugin. -->","yoast_head_json":{"title":"BASF releases booklet of diversity and inclusion in South America and presents program of allies for the cause LGBTI+","description":"To reaffirm its commitment to valuing plurality, BASF released its \u2018Diversity & Inclusion Primer for its employees.","robots":{"index":"index","follow":"follow","max-snippet":"max-snippet:-1","max-image-preview":"max-image-preview:large","max-video-preview":"max-video-preview:-1"},"canonical":"https:\/\/gay.blog.br\/en\/news\/basf-releases-booklet-of-diversity-and-inclusion-in-south-america-and-presents-program-of-allies-for-the-cause-lgbti\/","og_locale":"en_US","og_type":"article","og_title":"BASF releases booklet of diversity and inclusion in South America and presents program of allies for the cause LGBTI+","og_description":"To reaffirm its commitment to valuing plurality, BASF released its \u2018Diversity & Inclusion Primer for its employees.","og_url":"https:\/\/gay.blog.br\/en\/news\/basf-releases-booklet-of-diversity-and-inclusion-in-south-america-and-presents-program-of-allies-for-the-cause-lgbti\/","og_site_name":"GAY BLOG BR @gayblogbr","article_publisher":"https:\/\/facebook.com\/gayblogbr","article_author":"https:\/\/www.facebook.com\/victormillerreal","article_published_time":"2020-10-21T22:11:34+00:00","article_modified_time":"2021-04-09T03:19:28+00:00","og_image":[{"width":552,"height":366,"url":"https:\/\/i2.wp.com\/gay.blog.br\/wp-content\/uploads\/2020\/10\/etai-basf-gay.png?fit=552%2C366&ssl=1","type":"image\/png"}],"author":"Victor Miller","twitter_card":"summary_large_image","twitter_creator":"@https:\/\/twitter.com\/victor_miller","twitter_site":"@gayblogbr","twitter_misc":{"Written by":"Victor Miller","Est. reading time":"2 minutes"},"schema":{"@context":"https:\/\/schema.org","@graph":[{"@type":"Article","@id":"https:\/\/gay.blog.br\/en\/news\/basf-releases-booklet-of-diversity-and-inclusion-in-south-america-and-presents-program-of-allies-for-the-cause-lgbti\/#article","isPartOf":{"@id":"https:\/\/gay.blog.br\/en\/news\/basf-releases-booklet-of-diversity-and-inclusion-in-south-america-and-presents-program-of-allies-for-the-cause-lgbti\/"},"author":{"name":"Victor Miller","@id":"https:\/\/gay.blog.br\/en\/#\/schema\/person\/5e0cf06e5d5e166b6afeaefc7fc56d9d"},"headline":"BASF releases booklet of diversity and inclusion in South America and presents program of allies for the cause LGBTI+","datePublished":"2020-10-21T22:11:34+00:00","dateModified":"2021-04-09T03:19:28+00:00","mainEntityOfPage":{"@id":"https:\/\/gay.blog.br\/en\/news\/basf-releases-booklet-of-diversity-and-inclusion-in-south-america-and-presents-program-of-allies-for-the-cause-lgbti\/"},"wordCount":511,"commentCount":0,"publisher":{"@id":"https:\/\/gay.blog.br\/en\/#organization"},"image":{"@id":"https:\/\/gay.blog.br\/en\/news\/basf-releases-booklet-of-diversity-and-inclusion-in-south-america-and-presents-program-of-allies-for-the-cause-lgbti\/#primaryimage"},"thumbnailUrl":"https:\/\/i0.wp.com\/gay.blog.br\/wp-content\/uploads\/2020\/10\/etai-basf-gay.png?fit=552%2C366&ssl=1","keywords":["BASF","booklet"],"articleSection":["NEWS"],"inLanguage":"en-US","potentialAction":[{"@type":"CommentAction","name":"Comment","target":["https:\/\/gay.blog.br\/en\/news\/basf-releases-booklet-of-diversity-and-inclusion-in-south-america-and-presents-program-of-allies-for-the-cause-lgbti\/#respond"]}]},{"@type":"WebPage","@id":"https:\/\/gay.blog.br\/en\/news\/basf-releases-booklet-of-diversity-and-inclusion-in-south-america-and-presents-program-of-allies-for-the-cause-lgbti\/","url":"https:\/\/gay.blog.br\/en\/news\/basf-releases-booklet-of-diversity-and-inclusion-in-south-america-and-presents-program-of-allies-for-the-cause-lgbti\/","name":"BASF releases booklet of diversity and inclusion in South America and presents program of allies for the cause LGBTI+","isPartOf":{"@id":"https:\/\/gay.blog.br\/en\/#website"},"primaryImageOfPage":{"@id":"https:\/\/gay.blog.br\/en\/news\/basf-releases-booklet-of-diversity-and-inclusion-in-south-america-and-presents-program-of-allies-for-the-cause-lgbti\/#primaryimage"},"image":{"@id":"https:\/\/gay.blog.br\/en\/news\/basf-releases-booklet-of-diversity-and-inclusion-in-south-america-and-presents-program-of-allies-for-the-cause-lgbti\/#primaryimage"},"thumbnailUrl":"https:\/\/i0.wp.com\/gay.blog.br\/wp-content\/uploads\/2020\/10\/etai-basf-gay.png?fit=552%2C366&ssl=1","datePublished":"2020-10-21T22:11:34+00:00","dateModified":"2021-04-09T03:19:28+00:00","description":"To reaffirm its commitment to valuing plurality, BASF released its \u2018Diversity & Inclusion Primer for its employees.","breadcrumb":{"@id":"https:\/\/gay.blog.br\/en\/news\/basf-releases-booklet-of-diversity-and-inclusion-in-south-america-and-presents-program-of-allies-for-the-cause-lgbti\/#breadcrumb"},"inLanguage":"en-US","potentialAction":[{"@type":"ReadAction","target":["https:\/\/gay.blog.br\/en\/news\/basf-releases-booklet-of-diversity-and-inclusion-in-south-america-and-presents-program-of-allies-for-the-cause-lgbti\/"]}]},{"@type":"ImageObject","inLanguage":"en-US","@id":"https:\/\/gay.blog.br\/en\/news\/basf-releases-booklet-of-diversity-and-inclusion-in-south-america-and-presents-program-of-allies-for-the-cause-lgbti\/#primaryimage","url":"https:\/\/i0.wp.com\/gay.blog.br\/wp-content\/uploads\/2020\/10\/etai-basf-gay.png?fit=552%2C366&ssl=1","contentUrl":"https:\/\/i0.wp.com\/gay.blog.br\/wp-content\/uploads\/2020\/10\/etai-basf-gay.png?fit=552%2C366&ssl=1","width":552,"height":366},{"@type":"BreadcrumbList","@id":"https:\/\/gay.blog.br\/en\/news\/basf-releases-booklet-of-diversity-and-inclusion-in-south-america-and-presents-program-of-allies-for-the-cause-lgbti\/#breadcrumb","itemListElement":[{"@type":"ListItem","position":1,"name":"In\u00edcio","item":"https:\/\/gay.blog.br\/en\/"},{"@type":"ListItem","position":2,"name":"BASF releases booklet of diversity and inclusion in South America and presents program of allies for the cause LGBTI+"}]},{"@type":"WebSite","@id":"https:\/\/gay.blog.br\/en\/#website","url":"https:\/\/gay.blog.br\/en\/","name":"GAY BLOG BR @gayblogbr","description":"Not\u00edcias que empoderam e\/ou entret\u00eam s\u00e3o especialidades da casa","publisher":{"@id":"https:\/\/gay.blog.br\/en\/#organization"},"potentialAction":[{"@type":"SearchAction","target":{"@type":"EntryPoint","urlTemplate":"https:\/\/gay.blog.br\/en\/?s={search_term_string}"},"query-input":{"@type":"PropertyValueSpecification","valueRequired":true,"valueName":"search_term_string"}}],"inLanguage":"en-US"},{"@type":"Organization","@id":"https:\/\/gay.blog.br\/en\/#organization","name":"GAY BLOG BR","url":"https:\/\/gay.blog.br\/en\/","logo":{"@type":"ImageObject","inLanguage":"en-US","@id":"https:\/\/gay.blog.br\/en\/#\/schema\/logo\/image\/","url":"https:\/\/i0.wp.com\/gay.blog.br\/wp-content\/uploads\/2023\/08\/gay180px.png?fit=272%2C90&ssl=1","contentUrl":"https:\/\/i0.wp.com\/gay.blog.br\/wp-content\/uploads\/2023\/08\/gay180px.png?fit=272%2C90&ssl=1","width":272,"height":90,"caption":"GAY BLOG BR"},"image":{"@id":"https:\/\/gay.blog.br\/en\/#\/schema\/logo\/image\/"},"sameAs":["https:\/\/facebook.com\/gayblogbr","https:\/\/x.com\/gayblogbr","https:\/\/instagram.com\/gayblogbr","https:\/\/www.linkedin.com\/company\/gayblogbr\/","https:\/\/br.pinterest.com\/gayblogbr\/","https:\/\/www.youtube.com\/channel\/UCdEu3JXLOB-wvWAVUF4AIiA","https:\/\/pt.wikipedia.org\/wiki\/Gay_Blog_Br","https:\/\/www.threads.net\/@gayblogbr"]},{"@type":"Person","@id":"https:\/\/gay.blog.br\/en\/#\/schema\/person\/5e0cf06e5d5e166b6afeaefc7fc56d9d","name":"Victor Miller","image":{"@type":"ImageObject","inLanguage":"en-US","@id":"https:\/\/secure.gravatar.com\/avatar\/7c1fad0dcba879f76a2e6b9189cea981c8fcb9c7e6f40d5903cf16ba29cb80b5?s=96&d=mm&r=g","url":"https:\/\/secure.gravatar.com\/avatar\/7c1fad0dcba879f76a2e6b9189cea981c8fcb9c7e6f40d5903cf16ba29cb80b5?s=96&d=mm&r=g","contentUrl":"https:\/\/secure.gravatar.com\/avatar\/7c1fad0dcba879f76a2e6b9189cea981c8fcb9c7e6f40d5903cf16ba29cb80b5?s=96&d=mm&r=g","caption":"Victor Miller"},"description":"Jornalista formado pela PUC do Rio de Janeiro, dedicou sua vida a falar sobre cultura nerd\/geek. Gay desde que se entende por gente, sempre teve desejo de trabalhar com o p\u00fablico LGBT+ e cr\u00ea que a informa\u00e7\u00e3o \u00e9 a a melhor arma contra qualquer tipo de \"fobia\"","sameAs":["https:\/\/gay.blog.br\/author\/victormiller\/","https:\/\/www.facebook.com\/victormillerreal","https:\/\/instagram.com\/victormillermiranda","https:\/\/www.linkedin.com\/in\/victor-miller-266b54a7\/","https:\/\/x.com\/https:\/\/twitter.com\/victor_miller","https:\/\/www.youtube.com\/user\/planetasonic"],"url":"https:\/\/gay.blog.br\/en\/author\/victormiller\/"}]}},"jetpack_publicize_connections":[],"jetpack_featured_media_url":"https:\/\/i0.wp.com\/gay.blog.br\/wp-content\/uploads\/2020\/10\/etai-basf-gay.png?fit=552%2C366&ssl=1","jetpack_sharing_enabled":true,"jetpack_shortlink":"https:\/\/wp.me\/p6klkK-v1H","jetpack_likes_enabled":false,"amp_enabled":true,"_links":{"self":[{"href":"https:\/\/gay.blog.br\/en\/wp-json\/wp\/v2\/posts\/119269","targetHints":{"allow":["GET"]}}],"collection":[{"href":"https:\/\/gay.blog.br\/en\/wp-json\/wp\/v2\/posts"}],"about":[{"href":"https:\/\/gay.blog.br\/en\/wp-json\/wp\/v2\/types\/post"}],"author":[{"embeddable":true,"href":"https:\/\/gay.blog.br\/en\/wp-json\/wp\/v2\/users\/3515"}],"replies":[{"embeddable":true,"href":"https:\/\/gay.blog.br\/en\/wp-json\/wp\/v2\/comments?post=119269"}],"version-history":[{"count":0,"href":"https:\/\/gay.blog.br\/en\/wp-json\/wp\/v2\/posts\/119269\/revisions"}],"wp:featuredmedia":[{"embeddable":true,"href":"https:\/\/gay.blog.br\/en\/wp-json\/wp\/v2\/media\/90925"}],"wp:attachment":[{"href":"https:\/\/gay.blog.br\/en\/wp-json\/wp\/v2\/media?parent=119269"}],"wp:term":[{"taxonomy":"category","embeddable":true,"href":"https:\/\/gay.blog.br\/en\/wp-json\/wp\/v2\/categories?post=119269"},{"taxonomy":"post_tag","embeddable":true,"href":"https:\/\/gay.blog.br\/en\/wp-json\/wp\/v2\/tags?post=119269"}],"curies":[{"name":"wp","href":"https:\/\/api.w.org\/{rel}","templated":true}]}}