{"id":151472,"date":"2021-10-01T20:39:50","date_gmt":"2021-10-01T23:39:50","guid":{"rendered":"https:\/\/gay.blog.br\/?p=151472"},"modified":"2021-12-20T18:04:25","modified_gmt":"2021-12-20T21:04:25","slug":"covid-proof-curacao-lgbtqia-pride-week-begins-on-caribbean-island","status":"publish","type":"post","link":"https:\/\/gay.blog.br\/en\/noticias\/covid-proof-curacao-lgbtqia-pride-week-begins-on-caribbean-island\/","title":{"rendered":"COVID-proof Cura\u00e7ao: LGBTQIA+ Pride Week begins on Caribbean island"},"content":{"rendered":"<p style=\"text-align: justify;\">The <strong>Cura\u00e7ao LGBTQIA+ Pride Week,<\/strong> on the Caribbean island, started on Thursday, September 30th and runs until October 3rd. In the 2021 edition, the activities on the Week&#8217;s agenda were included in the schedule that ended up being transformed into Pride Punda Vibes. To enter the island, visitors must check the official procedures on the website <a href=\"http:\/\/www.dicardcuracao.com\/\">www.dicardcuracao.com<\/a>.<\/p>\n<figure id=\"attachment_142571\" aria-describedby=\"caption-attachment-142571\" style=\"width: 640px\" class=\"wp-caption aligncenter\"><a href=\"https:\/\/gay.blog.br\/lazer\/turismo\/curacao-retorna-agenda-de-eventos-presenciais-com-parada-lgbt\/\"><img data-recalc-dims=\"1\" loading=\"lazy\" decoding=\"async\" class=\"size-full wp-image-142571\" src=\"https:\/\/i0.wp.com\/gay.blog.br\/wp-content\/uploads\/2021\/10\/Curacao-Pride-Coca-Cola.jpg?resize=640%2C518&#038;ssl=1\" alt=\"\" width=\"640\" height=\"518\" srcset=\"https:\/\/i0.wp.com\/gay.blog.br\/wp-content\/uploads\/2021\/10\/Curacao-Pride-Coca-Cola.jpg?w=640&amp;ssl=1 640w, https:\/\/i0.wp.com\/gay.blog.br\/wp-content\/uploads\/2021\/10\/Curacao-Pride-Coca-Cola.jpg?resize=300%2C243&amp;ssl=1 300w, https:\/\/i0.wp.com\/gay.blog.br\/wp-content\/uploads\/2021\/10\/Curacao-Pride-Coca-Cola.jpg?resize=150%2C121&amp;ssl=1 150w, https:\/\/i0.wp.com\/gay.blog.br\/wp-content\/uploads\/2021\/10\/Curacao-Pride-Coca-Cola.jpg?resize=519%2C420&amp;ssl=1 519w\" sizes=\"auto, (max-width: 640px) 100vw, 640px\" \/><\/a><figcaption id=\"caption-attachment-142571\" class=\"wp-caption-text\">Disclosure<\/figcaption><\/figure>\n<p style=\"text-align: justify;\">Due to COVID-19 protocols, events happen in a modified way. <em>&#8220;Appropriate social distance rules and a maximum number of visitors, as indicated by the government, are logically being taken into account&#8221;<\/em>, said the organizer <strong>Frank Holtslag<\/strong>.<\/p>\n<figure id=\"attachment_142574\" aria-describedby=\"caption-attachment-142574\" style=\"width: 552px\" class=\"wp-caption aligncenter\"><a href=\"https:\/\/gay.blog.br\/lazer\/turismo\/curacao-retorna-agenda-de-eventos-presenciais-com-parada-lgbt\/\"><img data-recalc-dims=\"1\" loading=\"lazy\" decoding=\"async\" class=\"size-full wp-image-142574\" src=\"https:\/\/i0.wp.com\/gay.blog.br\/wp-content\/uploads\/2021\/10\/Curacao-Pride-5-Aeroporto.jpg?resize=552%2C518&#038;ssl=1\" alt=\"\" width=\"552\" height=\"518\" srcset=\"https:\/\/i0.wp.com\/gay.blog.br\/wp-content\/uploads\/2021\/10\/Curacao-Pride-5-Aeroporto.jpg?w=552&amp;ssl=1 552w, https:\/\/i0.wp.com\/gay.blog.br\/wp-content\/uploads\/2021\/10\/Curacao-Pride-5-Aeroporto.jpg?resize=300%2C282&amp;ssl=1 300w, https:\/\/i0.wp.com\/gay.blog.br\/wp-content\/uploads\/2021\/10\/Curacao-Pride-5-Aeroporto.jpg?resize=150%2C141&amp;ssl=1 150w, https:\/\/i0.wp.com\/gay.blog.br\/wp-content\/uploads\/2021\/10\/Curacao-Pride-5-Aeroporto.jpg?resize=448%2C420&amp;ssl=1 448w\" sizes=\"auto, (max-width: 552px) 100vw, 552px\" \/><\/a><figcaption id=\"caption-attachment-142574\" class=\"wp-caption-text\">Disclosure<\/figcaption><\/figure>\n<p style=\"text-align: justify;\">The Cura\u00e7ao Pride Organization asks business owners, foundations and individuals to raise the rainbow flag during Pride Week or to express their support for <strong>Cura\u00e7ao Pride<\/strong> through the pages on social networks.<\/p>\n<figure id=\"attachment_142577\" aria-describedby=\"caption-attachment-142577\" style=\"width: 1440px\" class=\"wp-caption aligncenter\"><a href=\"https:\/\/gay.blog.br\/lazer\/turismo\/curacao-retorna-agenda-de-eventos-presenciais-com-parada-lgbt\/\"><img data-recalc-dims=\"1\" loading=\"lazy\" decoding=\"async\" class=\"size-full wp-image-142577\" src=\"https:\/\/i0.wp.com\/gay.blog.br\/wp-content\/uploads\/2021\/10\/Curacao-Pride-6.jpg?resize=696%2C696&#038;ssl=1\" alt=\"\" width=\"696\" height=\"696\" srcset=\"https:\/\/i0.wp.com\/gay.blog.br\/wp-content\/uploads\/2021\/10\/Curacao-Pride-6.jpg?w=1440&amp;ssl=1 1440w, https:\/\/i0.wp.com\/gay.blog.br\/wp-content\/uploads\/2021\/10\/Curacao-Pride-6.jpg?resize=300%2C300&amp;ssl=1 300w, https:\/\/i0.wp.com\/gay.blog.br\/wp-content\/uploads\/2021\/10\/Curacao-Pride-6.jpg?resize=1024%2C1024&amp;ssl=1 1024w, https:\/\/i0.wp.com\/gay.blog.br\/wp-content\/uploads\/2021\/10\/Curacao-Pride-6.jpg?resize=150%2C150&amp;ssl=1 150w, https:\/\/i0.wp.com\/gay.blog.br\/wp-content\/uploads\/2021\/10\/Curacao-Pride-6.jpg?resize=768%2C768&amp;ssl=1 768w, https:\/\/i0.wp.com\/gay.blog.br\/wp-content\/uploads\/2021\/10\/Curacao-Pride-6.jpg?resize=696%2C696&amp;ssl=1 696w, https:\/\/i0.wp.com\/gay.blog.br\/wp-content\/uploads\/2021\/10\/Curacao-Pride-6.jpg?resize=1392%2C1392&amp;ssl=1 1392w, https:\/\/i0.wp.com\/gay.blog.br\/wp-content\/uploads\/2021\/10\/Curacao-Pride-6.jpg?resize=1068%2C1068&amp;ssl=1 1068w, https:\/\/i0.wp.com\/gay.blog.br\/wp-content\/uploads\/2021\/10\/Curacao-Pride-6.jpg?resize=420%2C420&amp;ssl=1 420w, https:\/\/i0.wp.com\/gay.blog.br\/wp-content\/uploads\/2021\/10\/Curacao-Pride-6.jpg?resize=840%2C840&amp;ssl=1 840w, https:\/\/i0.wp.com\/gay.blog.br\/wp-content\/uploads\/2021\/10\/Curacao-Pride-6.jpg?resize=96%2C96&amp;ssl=1 96w\" sizes=\"auto, (max-width: 696px) 100vw, 696px\" \/><\/a><figcaption id=\"caption-attachment-142577\" class=\"wp-caption-text\">Disclosure<\/figcaption><\/figure>\n<p style=\"text-align: justify;\"><em>\u201cBy organizing the annual Cura\u00e7ao Pride and raising awareness in collaboration with other foundations on the island, we hope to bring about a change in acceptance and equality\u201d<\/em>, concludes Frank.<\/p>\n<figure id=\"attachment_142580\" aria-describedby=\"caption-attachment-142580\" style=\"width: 708px\" class=\"wp-caption aligncenter\"><a href=\"https:\/\/gay.blog.br\/lazer\/turismo\/curacao-retorna-agenda-de-eventos-presenciais-com-parada-lgbt\/\"><img data-recalc-dims=\"1\" loading=\"lazy\" decoding=\"async\" class=\"wp-image-142580 size-full\" src=\"https:\/\/i0.wp.com\/gay.blog.br\/wp-content\/uploads\/2021\/10\/Curacao-Pride-7-CTB.jpg?resize=696%2C697&#038;ssl=1\" alt=\"\" width=\"696\" height=\"697\" srcset=\"https:\/\/i0.wp.com\/gay.blog.br\/wp-content\/uploads\/2021\/10\/Curacao-Pride-7-CTB.jpg?w=708&amp;ssl=1 708w, https:\/\/i0.wp.com\/gay.blog.br\/wp-content\/uploads\/2021\/10\/Curacao-Pride-7-CTB.jpg?resize=300%2C300&amp;ssl=1 300w, https:\/\/i0.wp.com\/gay.blog.br\/wp-content\/uploads\/2021\/10\/Curacao-Pride-7-CTB.jpg?resize=150%2C150&amp;ssl=1 150w, https:\/\/i0.wp.com\/gay.blog.br\/wp-content\/uploads\/2021\/10\/Curacao-Pride-7-CTB.jpg?resize=696%2C697&amp;ssl=1 696w, https:\/\/i0.wp.com\/gay.blog.br\/wp-content\/uploads\/2021\/10\/Curacao-Pride-7-CTB.jpg?resize=419%2C420&amp;ssl=1 419w, https:\/\/i0.wp.com\/gay.blog.br\/wp-content\/uploads\/2021\/10\/Curacao-Pride-7-CTB.jpg?resize=96%2C96&amp;ssl=1 96w\" sizes=\"auto, (max-width: 696px) 100vw, 696px\" \/><\/a><figcaption id=\"caption-attachment-142580\" class=\"wp-caption-text\">Disclosure<\/figcaption><\/figure>\n<p style=\"text-align: justify;\">The full agenda of the <strong><a href=\"http:\/\/www.curacaopride.com\/\">Cura\u00e7ao PRIDE 2021<\/a><\/strong> can be found on the official event page, or on the <a href=\"http:\/\/www.facebook.com\/curacaopride.\">fanpage of Facebook<\/a>.<\/p>\n<p style=\"text-align: justify;\">It is worth mentioning that on September 13, 2021, the Willemstad Court of First Instance judge ruled that the current provision that marriage can only be entered into between a man and a woman is <strong>contrary to the principle of equality<\/strong> and prohibition of discrimination.<\/p>\n<figure id=\"attachment_142583\" aria-describedby=\"caption-attachment-142583\" style=\"width: 600px\" class=\"wp-caption aligncenter\"><a href=\"https:\/\/gay.blog.br\/lazer\/turismo\/curacao-retorna-agenda-de-eventos-presenciais-com-parada-lgbt\/\"><img data-recalc-dims=\"1\" loading=\"lazy\" decoding=\"async\" class=\"wp-image-142583 size-full\" src=\"https:\/\/i0.wp.com\/gay.blog.br\/wp-content\/uploads\/2021\/10\/Curacao-Pride-8-Avis.jpg?resize=600%2C500&#038;ssl=1\" alt=\"\" width=\"600\" height=\"500\" srcset=\"https:\/\/i0.wp.com\/gay.blog.br\/wp-content\/uploads\/2021\/10\/Curacao-Pride-8-Avis.jpg?w=600&amp;ssl=1 600w, https:\/\/i0.wp.com\/gay.blog.br\/wp-content\/uploads\/2021\/10\/Curacao-Pride-8-Avis.jpg?resize=300%2C250&amp;ssl=1 300w, https:\/\/i0.wp.com\/gay.blog.br\/wp-content\/uploads\/2021\/10\/Curacao-Pride-8-Avis.jpg?resize=150%2C125&amp;ssl=1 150w, https:\/\/i0.wp.com\/gay.blog.br\/wp-content\/uploads\/2021\/10\/Curacao-Pride-8-Avis.jpg?resize=504%2C420&amp;ssl=1 504w\" sizes=\"auto, (max-width: 600px) 100vw, 600px\" \/><\/a><figcaption id=\"caption-attachment-142583\" class=\"wp-caption-text\">Disclosure<\/figcaption><\/figure>\n<p style=\"text-align: justify;\">The decision was made in an open case filed by the human rights organization Human Rights Caribbean on behalf of two women who want to get married. The prohibition on same-sex marriage has been a topic of discussion on the island for some time. In the recent decision of the Court of First Instance were discussed <strong>legal regulations <\/strong>and developments with the Kingdom of the Netherlands, the region and the world with regard to the theme.<\/p>\n<h3 style=\"text-align: justify;\"><strong>CURA\u00c7AO PRIDE 2021 SERVICE<\/strong><\/h3>\n<ul style=\"text-align: justify;\">\n<li><strong>Thursday, September 30, 2021<\/strong><br \/>\n05:30 PM Pride Punda Vibes | Willemstad, Punda<\/li>\n<li><strong>Friday, October 1, 2021<\/strong><br \/>\n06:00 PM Rainbow Lounge XL | Landhuis Bona Vista<\/li>\n<li><strong>Saturday, October 2, 2021<\/strong><br \/>\n07:00 PM All in White Gathering, best dress contest | Landhuis Bona Vista<\/li>\n<li><strong>Sunday, October 3, 2021<\/strong><br \/>\n11:00 AM The Queer Brunch | Restaurant Kome<br \/>\n12:00 PM Navigation Sea Parade | Black &amp; White Super Catamaran<\/li>\n<\/ul>\n<blockquote class=\"wp-embedded-content\" data-secret=\"20Y3OEow14\"><p><a href=\"https:\/\/gay.blog.br\/en\/?p=151471\">Cura\u00e7ao retoma agenda de eventos presenciais com programa\u00e7\u00e3o especial para LGBTs<\/a><\/p><\/blockquote>\n<p><iframe loading=\"lazy\" class=\"wp-embedded-content\" sandbox=\"allow-scripts\" security=\"restricted\" style=\"position: absolute; clip: rect(1px, 1px, 1px, 1px);\" title=\"&#8220;Cura\u00e7ao retoma agenda de eventos presenciais com programa\u00e7\u00e3o especial para LGBTs&#8221; &#8212; GAY BLOG BR @gayblogbr\" src=\"https:\/\/gay.blog.br\/en\/embed\/?p=151471#?secret=20Y3OEow14\" data-secret=\"20Y3OEow14\" width=\"600\" height=\"338\" frameborder=\"0\" marginwidth=\"0\" marginheight=\"0\" scrolling=\"no\"><\/iframe><\/p>\n<div class=\"mceTemp\"><\/div>\n","protected":false},"excerpt":{"rendered":"<p>In the 2021 edition, the activities of the Week&#8217;s agenda were included in the schedule that ended up being transformed into Pride Punda Vibes<\/p>\n","protected":false},"author":3515,"featured_media":142572,"comment_status":"open","ping_status":"open","sticky":false,"template":"","format":"standard","meta":{"googlesitekit_rrm_CAoiEBg-BXrJeACjO8p49SE4kTY:productID":"","tdm_status":"","tdm_grid_status":"","_jetpack_newsletter_access":"","_jetpack_dont_email_post_to_subs":false,"_jetpack_newsletter_tier_id":0,"_jetpack_memberships_contains_paywalled_content":false,"_jetpack_memberships_contains_paid_content":false,"footnotes":"","jetpack_publicize_message":"COVID-proof Cura\u00e7ao: LGBTQIA+ Pride Week begins on Caribbean island","jetpack_publicize_feature_enabled":true,"jetpack_social_post_already_shared":true,"jetpack_social_options":{"image_generator_settings":{"template":"highway","default_image_id":0,"font":"","enabled":false},"version":2},"_wpas_customize_per_network":false,"jetpack_post_was_ever_published":false},"categories":[775,589929491,88228],"tags":[589918070,589940707,589940861],"class_list":{"0":"post-151472","1":"post","2":"type-post","3":"status-publish","4":"format-standard","5":"has-post-thumbnail","7":"category-noticias","8":"category-paradas","9":"category-turismo","10":"tag-caribe","11":"tag-curacao-pride","12":"tag-semana-do-orgulho-lgbtqia"},"yoast_head":"<!-- This site is optimized with the Yoast SEO plugin v27.4 - https:\/\/yoast.com\/product\/yoast-seo-wordpress\/ -->\n<title>COVID-proof Cura\u00e7ao: LGBTQIA+ Pride Week begins on Caribbean island<\/title>\n<meta name=\"description\" content=\"The Cura\u00e7ao LGBTQIA+ Pride Week, on the Caribbean island, started on Thursday, September 30th and runs until October 3rd.\" \/>\n<meta name=\"robots\" content=\"index, follow, max-snippet:-1, max-image-preview:large, max-video-preview:-1\" \/>\n<link rel=\"canonical\" href=\"https:\/\/gay.blog.br\/en\/noticias\/covid-proof-curacao-lgbtqia-pride-week-begins-on-caribbean-island\/\" \/>\n<meta property=\"og:locale\" content=\"en_US\" \/>\n<meta property=\"og:type\" content=\"article\" \/>\n<meta property=\"og:title\" content=\"COVID-proof Cura\u00e7ao: LGBTQIA+ Pride Week begins on Caribbean island\" \/>\n<meta property=\"og:description\" content=\"The Cura\u00e7ao LGBTQIA+ Pride Week, on the Caribbean island, started on Thursday, September 30th and runs until October 3rd.\" \/>\n<meta property=\"og:url\" content=\"https:\/\/gay.blog.br\/en\/noticias\/covid-proof-curacao-lgbtqia-pride-week-begins-on-caribbean-island\/\" \/>\n<meta property=\"og:site_name\" content=\"GAY BLOG BR @gayblogbr\" \/>\n<meta property=\"article:publisher\" content=\"https:\/\/facebook.com\/gayblogbr\" \/>\n<meta property=\"article:author\" content=\"https:\/\/www.facebook.com\/victormillerreal\" \/>\n<meta property=\"article:published_time\" content=\"2021-10-01T23:39:50+00:00\" \/>\n<meta property=\"article:modified_time\" content=\"2021-12-20T21:04:25+00:00\" \/>\n<meta property=\"og:image\" content=\"https:\/\/gay.blog.br\/wp-content\/uploads\/2021\/10\/Curacao-Pride-Coca-Cola.jpg\" \/>\n\t<meta property=\"og:image:width\" content=\"640\" \/>\n\t<meta property=\"og:image:height\" content=\"518\" \/>\n\t<meta property=\"og:image:type\" content=\"image\/jpeg\" \/>\n<meta name=\"author\" content=\"Victor Miller\" \/>\n<meta name=\"twitter:card\" content=\"summary_large_image\" \/>\n<meta name=\"twitter:creator\" content=\"@https:\/\/twitter.com\/victor_miller\" \/>\n<meta name=\"twitter:site\" content=\"@gayblogbr\" \/>\n<meta name=\"twitter:label1\" content=\"Written by\" \/>\n\t<meta name=\"twitter:data1\" content=\"Victor Miller\" \/>\n\t<meta name=\"twitter:label2\" content=\"Est. reading time\" \/>\n\t<meta name=\"twitter:data2\" content=\"2 minutes\" \/>\n<script type=\"application\/ld+json\" class=\"yoast-schema-graph\">{\"@context\":\"https:\\\/\\\/schema.org\",\"@graph\":[{\"@type\":\"Article\",\"@id\":\"https:\\\/\\\/gay.blog.br\\\/en\\\/noticias\\\/covid-proof-curacao-lgbtqia-pride-week-begins-on-caribbean-island\\\/#article\",\"isPartOf\":{\"@id\":\"https:\\\/\\\/gay.blog.br\\\/en\\\/noticias\\\/covid-proof-curacao-lgbtqia-pride-week-begins-on-caribbean-island\\\/\"},\"author\":{\"name\":\"Victor Miller\",\"@id\":\"https:\\\/\\\/gay.blog.br\\\/en\\\/#\\\/schema\\\/person\\\/5e0cf06e5d5e166b6afeaefc7fc56d9d\"},\"headline\":\"COVID-proof Cura\u00e7ao: LGBTQIA+ Pride Week begins on Caribbean island\",\"datePublished\":\"2021-10-01T23:39:50+00:00\",\"dateModified\":\"2021-12-20T21:04:25+00:00\",\"mainEntityOfPage\":{\"@id\":\"https:\\\/\\\/gay.blog.br\\\/en\\\/noticias\\\/covid-proof-curacao-lgbtqia-pride-week-begins-on-caribbean-island\\\/\"},\"wordCount\":410,\"commentCount\":0,\"publisher\":{\"@id\":\"https:\\\/\\\/gay.blog.br\\\/en\\\/#organization\"},\"image\":{\"@id\":\"https:\\\/\\\/gay.blog.br\\\/en\\\/noticias\\\/covid-proof-curacao-lgbtqia-pride-week-begins-on-caribbean-island\\\/#primaryimage\"},\"thumbnailUrl\":\"https:\\\/\\\/i0.wp.com\\\/gay.blog.br\\\/wp-content\\\/uploads\\\/2021\\\/10\\\/Curacao-Pride-Coca-Cola.jpg?fit=640%2C518&ssl=1\",\"keywords\":[\"caribe\",\"Cura\u00e7ao Pride\",\"Semana do Orgulho LGBTQIA+\"],\"articleSection\":[\"NOT\u00cdCIAS\",\"PARADAS\",\"TURISMO\"],\"inLanguage\":\"en-US\",\"potentialAction\":[{\"@type\":\"CommentAction\",\"name\":\"Comment\",\"target\":[\"https:\\\/\\\/gay.blog.br\\\/en\\\/noticias\\\/covid-proof-curacao-lgbtqia-pride-week-begins-on-caribbean-island\\\/#respond\"]}]},{\"@type\":\"WebPage\",\"@id\":\"https:\\\/\\\/gay.blog.br\\\/en\\\/noticias\\\/covid-proof-curacao-lgbtqia-pride-week-begins-on-caribbean-island\\\/\",\"url\":\"https:\\\/\\\/gay.blog.br\\\/en\\\/noticias\\\/covid-proof-curacao-lgbtqia-pride-week-begins-on-caribbean-island\\\/\",\"name\":\"COVID-proof Cura\u00e7ao: LGBTQIA+ Pride Week begins on Caribbean island\",\"isPartOf\":{\"@id\":\"https:\\\/\\\/gay.blog.br\\\/en\\\/#website\"},\"primaryImageOfPage\":{\"@id\":\"https:\\\/\\\/gay.blog.br\\\/en\\\/noticias\\\/covid-proof-curacao-lgbtqia-pride-week-begins-on-caribbean-island\\\/#primaryimage\"},\"image\":{\"@id\":\"https:\\\/\\\/gay.blog.br\\\/en\\\/noticias\\\/covid-proof-curacao-lgbtqia-pride-week-begins-on-caribbean-island\\\/#primaryimage\"},\"thumbnailUrl\":\"https:\\\/\\\/i0.wp.com\\\/gay.blog.br\\\/wp-content\\\/uploads\\\/2021\\\/10\\\/Curacao-Pride-Coca-Cola.jpg?fit=640%2C518&ssl=1\",\"datePublished\":\"2021-10-01T23:39:50+00:00\",\"dateModified\":\"2021-12-20T21:04:25+00:00\",\"description\":\"The Cura\u00e7ao LGBTQIA+ Pride Week, on the Caribbean island, started on Thursday, September 30th and runs until October 3rd.\",\"breadcrumb\":{\"@id\":\"https:\\\/\\\/gay.blog.br\\\/en\\\/noticias\\\/covid-proof-curacao-lgbtqia-pride-week-begins-on-caribbean-island\\\/#breadcrumb\"},\"inLanguage\":\"en-US\",\"potentialAction\":[{\"@type\":\"ReadAction\",\"target\":[\"https:\\\/\\\/gay.blog.br\\\/en\\\/noticias\\\/covid-proof-curacao-lgbtqia-pride-week-begins-on-caribbean-island\\\/\"]}]},{\"@type\":\"ImageObject\",\"inLanguage\":\"en-US\",\"@id\":\"https:\\\/\\\/gay.blog.br\\\/en\\\/noticias\\\/covid-proof-curacao-lgbtqia-pride-week-begins-on-caribbean-island\\\/#primaryimage\",\"url\":\"https:\\\/\\\/i0.wp.com\\\/gay.blog.br\\\/wp-content\\\/uploads\\\/2021\\\/10\\\/Curacao-Pride-Coca-Cola.jpg?fit=640%2C518&ssl=1\",\"contentUrl\":\"https:\\\/\\\/i0.wp.com\\\/gay.blog.br\\\/wp-content\\\/uploads\\\/2021\\\/10\\\/Curacao-Pride-Coca-Cola.jpg?fit=640%2C518&ssl=1\",\"width\":640,\"height\":518,\"caption\":\"Divulga\u00e7\u00e3o\"},{\"@type\":\"BreadcrumbList\",\"@id\":\"https:\\\/\\\/gay.blog.br\\\/en\\\/noticias\\\/covid-proof-curacao-lgbtqia-pride-week-begins-on-caribbean-island\\\/#breadcrumb\",\"itemListElement\":[{\"@type\":\"ListItem\",\"position\":1,\"name\":\"In\u00edcio\",\"item\":\"https:\\\/\\\/gay.blog.br\\\/en\\\/\"},{\"@type\":\"ListItem\",\"position\":2,\"name\":\"COVID-proof Cura\u00e7ao: LGBTQIA+ Pride Week begins on Caribbean island\"}]},{\"@type\":\"WebSite\",\"@id\":\"https:\\\/\\\/gay.blog.br\\\/en\\\/#website\",\"url\":\"https:\\\/\\\/gay.blog.br\\\/en\\\/\",\"name\":\"GAY BLOG BR @gayblogbr\",\"description\":\"Not\u00edcias que empoderam e\\\/ou entret\u00eam s\u00e3o especialidades da casa\",\"publisher\":{\"@id\":\"https:\\\/\\\/gay.blog.br\\\/en\\\/#organization\"},\"potentialAction\":[{\"@type\":\"SearchAction\",\"target\":{\"@type\":\"EntryPoint\",\"urlTemplate\":\"https:\\\/\\\/gay.blog.br\\\/en\\\/?s={search_term_string}\"},\"query-input\":{\"@type\":\"PropertyValueSpecification\",\"valueRequired\":true,\"valueName\":\"search_term_string\"}}],\"inLanguage\":\"en-US\"},{\"@type\":\"Organization\",\"@id\":\"https:\\\/\\\/gay.blog.br\\\/en\\\/#organization\",\"name\":\"GAY BLOG BR\",\"url\":\"https:\\\/\\\/gay.blog.br\\\/en\\\/\",\"logo\":{\"@type\":\"ImageObject\",\"inLanguage\":\"en-US\",\"@id\":\"https:\\\/\\\/gay.blog.br\\\/en\\\/#\\\/schema\\\/logo\\\/image\\\/\",\"url\":\"https:\\\/\\\/i0.wp.com\\\/gay.blog.br\\\/wp-content\\\/uploads\\\/2023\\\/08\\\/gay180px.png?fit=272%2C90&ssl=1\",\"contentUrl\":\"https:\\\/\\\/i0.wp.com\\\/gay.blog.br\\\/wp-content\\\/uploads\\\/2023\\\/08\\\/gay180px.png?fit=272%2C90&ssl=1\",\"width\":272,\"height\":90,\"caption\":\"GAY BLOG BR\"},\"image\":{\"@id\":\"https:\\\/\\\/gay.blog.br\\\/en\\\/#\\\/schema\\\/logo\\\/image\\\/\"},\"sameAs\":[\"https:\\\/\\\/facebook.com\\\/gayblogbr\",\"https:\\\/\\\/x.com\\\/gayblogbr\",\"https:\\\/\\\/instagram.com\\\/gayblogbr\",\"https:\\\/\\\/www.linkedin.com\\\/company\\\/gayblogbr\\\/\",\"https:\\\/\\\/br.pinterest.com\\\/gayblogbr\\\/\",\"https:\\\/\\\/www.youtube.com\\\/channel\\\/UCdEu3JXLOB-wvWAVUF4AIiA\",\"https:\\\/\\\/pt.wikipedia.org\\\/wiki\\\/Gay_Blog_Br\",\"https:\\\/\\\/www.threads.net\\\/@gayblogbr\"]},{\"@type\":\"Person\",\"@id\":\"https:\\\/\\\/gay.blog.br\\\/en\\\/#\\\/schema\\\/person\\\/5e0cf06e5d5e166b6afeaefc7fc56d9d\",\"name\":\"Victor Miller\",\"image\":{\"@type\":\"ImageObject\",\"inLanguage\":\"en-US\",\"@id\":\"https:\\\/\\\/secure.gravatar.com\\\/avatar\\\/7c1fad0dcba879f76a2e6b9189cea981c8fcb9c7e6f40d5903cf16ba29cb80b5?s=96&d=mm&r=g\",\"url\":\"https:\\\/\\\/secure.gravatar.com\\\/avatar\\\/7c1fad0dcba879f76a2e6b9189cea981c8fcb9c7e6f40d5903cf16ba29cb80b5?s=96&d=mm&r=g\",\"contentUrl\":\"https:\\\/\\\/secure.gravatar.com\\\/avatar\\\/7c1fad0dcba879f76a2e6b9189cea981c8fcb9c7e6f40d5903cf16ba29cb80b5?s=96&d=mm&r=g\",\"caption\":\"Victor Miller\"},\"description\":\"Jornalista formado pela PUC do Rio de Janeiro, dedicou sua vida a falar sobre cultura nerd\\\/geek. Gay desde que se entende por gente, sempre teve desejo de trabalhar com o p\u00fablico LGBT+ e cr\u00ea que a informa\u00e7\u00e3o \u00e9 a a melhor arma contra qualquer tipo de \\\"fobia\\\"\",\"sameAs\":[\"https:\\\/\\\/gay.blog.br\\\/author\\\/victormiller\\\/\",\"https:\\\/\\\/www.facebook.com\\\/victormillerreal\",\"https:\\\/\\\/instagram.com\\\/victormillermiranda\",\"https:\\\/\\\/www.linkedin.com\\\/in\\\/victor-miller-266b54a7\\\/\",\"https:\\\/\\\/x.com\\\/https:\\\/\\\/twitter.com\\\/victor_miller\",\"https:\\\/\\\/www.youtube.com\\\/user\\\/planetasonic\"],\"url\":\"https:\\\/\\\/gay.blog.br\\\/en\\\/author\\\/victormiller\\\/\"}]}<\/script>\n<!-- \/ Yoast SEO plugin. -->","yoast_head_json":{"title":"COVID-proof Cura\u00e7ao: LGBTQIA+ Pride Week begins on Caribbean island","description":"The Cura\u00e7ao LGBTQIA+ Pride Week, on the Caribbean island, started on Thursday, September 30th and runs until October 3rd.","robots":{"index":"index","follow":"follow","max-snippet":"max-snippet:-1","max-image-preview":"max-image-preview:large","max-video-preview":"max-video-preview:-1"},"canonical":"https:\/\/gay.blog.br\/en\/noticias\/covid-proof-curacao-lgbtqia-pride-week-begins-on-caribbean-island\/","og_locale":"en_US","og_type":"article","og_title":"COVID-proof Cura\u00e7ao: LGBTQIA+ Pride Week begins on Caribbean island","og_description":"The Cura\u00e7ao LGBTQIA+ Pride Week, on the Caribbean island, started on Thursday, September 30th and runs until October 3rd.","og_url":"https:\/\/gay.blog.br\/en\/noticias\/covid-proof-curacao-lgbtqia-pride-week-begins-on-caribbean-island\/","og_site_name":"GAY BLOG BR @gayblogbr","article_publisher":"https:\/\/facebook.com\/gayblogbr","article_author":"https:\/\/www.facebook.com\/victormillerreal","article_published_time":"2021-10-01T23:39:50+00:00","article_modified_time":"2021-12-20T21:04:25+00:00","og_image":[{"width":640,"height":518,"url":"https:\/\/gay.blog.br\/wp-content\/uploads\/2021\/10\/Curacao-Pride-Coca-Cola.jpg","type":"image\/jpeg"}],"author":"Victor Miller","twitter_card":"summary_large_image","twitter_creator":"@https:\/\/twitter.com\/victor_miller","twitter_site":"@gayblogbr","twitter_misc":{"Written by":"Victor Miller","Est. reading time":"2 minutes"},"schema":{"@context":"https:\/\/schema.org","@graph":[{"@type":"Article","@id":"https:\/\/gay.blog.br\/en\/noticias\/covid-proof-curacao-lgbtqia-pride-week-begins-on-caribbean-island\/#article","isPartOf":{"@id":"https:\/\/gay.blog.br\/en\/noticias\/covid-proof-curacao-lgbtqia-pride-week-begins-on-caribbean-island\/"},"author":{"name":"Victor Miller","@id":"https:\/\/gay.blog.br\/en\/#\/schema\/person\/5e0cf06e5d5e166b6afeaefc7fc56d9d"},"headline":"COVID-proof Cura\u00e7ao: LGBTQIA+ Pride Week begins on Caribbean island","datePublished":"2021-10-01T23:39:50+00:00","dateModified":"2021-12-20T21:04:25+00:00","mainEntityOfPage":{"@id":"https:\/\/gay.blog.br\/en\/noticias\/covid-proof-curacao-lgbtqia-pride-week-begins-on-caribbean-island\/"},"wordCount":410,"commentCount":0,"publisher":{"@id":"https:\/\/gay.blog.br\/en\/#organization"},"image":{"@id":"https:\/\/gay.blog.br\/en\/noticias\/covid-proof-curacao-lgbtqia-pride-week-begins-on-caribbean-island\/#primaryimage"},"thumbnailUrl":"https:\/\/i0.wp.com\/gay.blog.br\/wp-content\/uploads\/2021\/10\/Curacao-Pride-Coca-Cola.jpg?fit=640%2C518&ssl=1","keywords":["caribe","Cura\u00e7ao Pride","Semana do Orgulho LGBTQIA+"],"articleSection":["NOT\u00cdCIAS","PARADAS","TURISMO"],"inLanguage":"en-US","potentialAction":[{"@type":"CommentAction","name":"Comment","target":["https:\/\/gay.blog.br\/en\/noticias\/covid-proof-curacao-lgbtqia-pride-week-begins-on-caribbean-island\/#respond"]}]},{"@type":"WebPage","@id":"https:\/\/gay.blog.br\/en\/noticias\/covid-proof-curacao-lgbtqia-pride-week-begins-on-caribbean-island\/","url":"https:\/\/gay.blog.br\/en\/noticias\/covid-proof-curacao-lgbtqia-pride-week-begins-on-caribbean-island\/","name":"COVID-proof Cura\u00e7ao: LGBTQIA+ Pride Week begins on Caribbean island","isPartOf":{"@id":"https:\/\/gay.blog.br\/en\/#website"},"primaryImageOfPage":{"@id":"https:\/\/gay.blog.br\/en\/noticias\/covid-proof-curacao-lgbtqia-pride-week-begins-on-caribbean-island\/#primaryimage"},"image":{"@id":"https:\/\/gay.blog.br\/en\/noticias\/covid-proof-curacao-lgbtqia-pride-week-begins-on-caribbean-island\/#primaryimage"},"thumbnailUrl":"https:\/\/i0.wp.com\/gay.blog.br\/wp-content\/uploads\/2021\/10\/Curacao-Pride-Coca-Cola.jpg?fit=640%2C518&ssl=1","datePublished":"2021-10-01T23:39:50+00:00","dateModified":"2021-12-20T21:04:25+00:00","description":"The Cura\u00e7ao LGBTQIA+ Pride Week, on the Caribbean island, started on Thursday, September 30th and runs until October 3rd.","breadcrumb":{"@id":"https:\/\/gay.blog.br\/en\/noticias\/covid-proof-curacao-lgbtqia-pride-week-begins-on-caribbean-island\/#breadcrumb"},"inLanguage":"en-US","potentialAction":[{"@type":"ReadAction","target":["https:\/\/gay.blog.br\/en\/noticias\/covid-proof-curacao-lgbtqia-pride-week-begins-on-caribbean-island\/"]}]},{"@type":"ImageObject","inLanguage":"en-US","@id":"https:\/\/gay.blog.br\/en\/noticias\/covid-proof-curacao-lgbtqia-pride-week-begins-on-caribbean-island\/#primaryimage","url":"https:\/\/i0.wp.com\/gay.blog.br\/wp-content\/uploads\/2021\/10\/Curacao-Pride-Coca-Cola.jpg?fit=640%2C518&ssl=1","contentUrl":"https:\/\/i0.wp.com\/gay.blog.br\/wp-content\/uploads\/2021\/10\/Curacao-Pride-Coca-Cola.jpg?fit=640%2C518&ssl=1","width":640,"height":518,"caption":"Divulga\u00e7\u00e3o"},{"@type":"BreadcrumbList","@id":"https:\/\/gay.blog.br\/en\/noticias\/covid-proof-curacao-lgbtqia-pride-week-begins-on-caribbean-island\/#breadcrumb","itemListElement":[{"@type":"ListItem","position":1,"name":"In\u00edcio","item":"https:\/\/gay.blog.br\/en\/"},{"@type":"ListItem","position":2,"name":"COVID-proof Cura\u00e7ao: LGBTQIA+ Pride Week begins on Caribbean island"}]},{"@type":"WebSite","@id":"https:\/\/gay.blog.br\/en\/#website","url":"https:\/\/gay.blog.br\/en\/","name":"GAY BLOG BR @gayblogbr","description":"Not\u00edcias que empoderam e\/ou entret\u00eam s\u00e3o especialidades da casa","publisher":{"@id":"https:\/\/gay.blog.br\/en\/#organization"},"potentialAction":[{"@type":"SearchAction","target":{"@type":"EntryPoint","urlTemplate":"https:\/\/gay.blog.br\/en\/?s={search_term_string}"},"query-input":{"@type":"PropertyValueSpecification","valueRequired":true,"valueName":"search_term_string"}}],"inLanguage":"en-US"},{"@type":"Organization","@id":"https:\/\/gay.blog.br\/en\/#organization","name":"GAY BLOG BR","url":"https:\/\/gay.blog.br\/en\/","logo":{"@type":"ImageObject","inLanguage":"en-US","@id":"https:\/\/gay.blog.br\/en\/#\/schema\/logo\/image\/","url":"https:\/\/i0.wp.com\/gay.blog.br\/wp-content\/uploads\/2023\/08\/gay180px.png?fit=272%2C90&ssl=1","contentUrl":"https:\/\/i0.wp.com\/gay.blog.br\/wp-content\/uploads\/2023\/08\/gay180px.png?fit=272%2C90&ssl=1","width":272,"height":90,"caption":"GAY BLOG BR"},"image":{"@id":"https:\/\/gay.blog.br\/en\/#\/schema\/logo\/image\/"},"sameAs":["https:\/\/facebook.com\/gayblogbr","https:\/\/x.com\/gayblogbr","https:\/\/instagram.com\/gayblogbr","https:\/\/www.linkedin.com\/company\/gayblogbr\/","https:\/\/br.pinterest.com\/gayblogbr\/","https:\/\/www.youtube.com\/channel\/UCdEu3JXLOB-wvWAVUF4AIiA","https:\/\/pt.wikipedia.org\/wiki\/Gay_Blog_Br","https:\/\/www.threads.net\/@gayblogbr"]},{"@type":"Person","@id":"https:\/\/gay.blog.br\/en\/#\/schema\/person\/5e0cf06e5d5e166b6afeaefc7fc56d9d","name":"Victor Miller","image":{"@type":"ImageObject","inLanguage":"en-US","@id":"https:\/\/secure.gravatar.com\/avatar\/7c1fad0dcba879f76a2e6b9189cea981c8fcb9c7e6f40d5903cf16ba29cb80b5?s=96&d=mm&r=g","url":"https:\/\/secure.gravatar.com\/avatar\/7c1fad0dcba879f76a2e6b9189cea981c8fcb9c7e6f40d5903cf16ba29cb80b5?s=96&d=mm&r=g","contentUrl":"https:\/\/secure.gravatar.com\/avatar\/7c1fad0dcba879f76a2e6b9189cea981c8fcb9c7e6f40d5903cf16ba29cb80b5?s=96&d=mm&r=g","caption":"Victor Miller"},"description":"Jornalista formado pela PUC do Rio de Janeiro, dedicou sua vida a falar sobre cultura nerd\/geek. Gay desde que se entende por gente, sempre teve desejo de trabalhar com o p\u00fablico LGBT+ e cr\u00ea que a informa\u00e7\u00e3o \u00e9 a a melhor arma contra qualquer tipo de \"fobia\"","sameAs":["https:\/\/gay.blog.br\/author\/victormiller\/","https:\/\/www.facebook.com\/victormillerreal","https:\/\/instagram.com\/victormillermiranda","https:\/\/www.linkedin.com\/in\/victor-miller-266b54a7\/","https:\/\/x.com\/https:\/\/twitter.com\/victor_miller","https:\/\/www.youtube.com\/user\/planetasonic"],"url":"https:\/\/gay.blog.br\/en\/author\/victormiller\/"}]}},"jetpack_publicize_connections":[],"jetpack_featured_media_url":"https:\/\/i0.wp.com\/gay.blog.br\/wp-content\/uploads\/2021\/10\/Curacao-Pride-Coca-Cola.jpg?fit=640%2C518&ssl=1","jetpack_sharing_enabled":true,"jetpack_shortlink":"https:\/\/wp.me\/p6klkK-Dp6","jetpack_likes_enabled":false,"amp_enabled":true,"_links":{"self":[{"href":"https:\/\/gay.blog.br\/en\/wp-json\/wp\/v2\/posts\/151472","targetHints":{"allow":["GET"]}}],"collection":[{"href":"https:\/\/gay.blog.br\/en\/wp-json\/wp\/v2\/posts"}],"about":[{"href":"https:\/\/gay.blog.br\/en\/wp-json\/wp\/v2\/types\/post"}],"author":[{"embeddable":true,"href":"https:\/\/gay.blog.br\/en\/wp-json\/wp\/v2\/users\/3515"}],"replies":[{"embeddable":true,"href":"https:\/\/gay.blog.br\/en\/wp-json\/wp\/v2\/comments?post=151472"}],"version-history":[{"count":1,"href":"https:\/\/gay.blog.br\/en\/wp-json\/wp\/v2\/posts\/151472\/revisions"}],"predecessor-version":[{"id":151732,"href":"https:\/\/gay.blog.br\/en\/wp-json\/wp\/v2\/posts\/151472\/revisions\/151732"}],"wp:featuredmedia":[{"embeddable":true,"href":"https:\/\/gay.blog.br\/en\/wp-json\/wp\/v2\/media\/142572"}],"wp:attachment":[{"href":"https:\/\/gay.blog.br\/en\/wp-json\/wp\/v2\/media?parent=151472"}],"wp:term":[{"taxonomy":"category","embeddable":true,"href":"https:\/\/gay.blog.br\/en\/wp-json\/wp\/v2\/categories?post=151472"},{"taxonomy":"post_tag","embeddable":true,"href":"https:\/\/gay.blog.br\/en\/wp-json\/wp\/v2\/tags?post=151472"}],"curies":[{"name":"wp","href":"https:\/\/api.w.org\/{rel}","templated":true}]}}