{"id":162102,"date":"2022-03-23T14:52:22","date_gmt":"2022-03-23T17:52:22","guid":{"rendered":"https:\/\/gay.blog.br\/?p=162102"},"modified":"2022-04-12T19:39:26","modified_gmt":"2022-04-12T22:39:26","slug":"focusing-on-queer-production-from-brazil-latin-america-and-the-caribbean-3rd-risco-festival-takes-place-in-sp","status":"publish","type":"post","link":"https:\/\/gay.blog.br\/en\/noticias\/focusing-on-queer-production-from-brazil-latin-america-and-the-caribbean-3rd-risco-festival-takes-place-in-sp\/","title":{"rendered":"Focusing on queer production from Brazil, Latin America and the Caribbean, 3rd RISCO Festival takes place in SP"},"content":{"rendered":"<p style=\"text-align: justify;\"><span style=\"font-weight: 400;\">From March 31 to April 3, takes place the third edition of<\/span> <b>RISCO Festival<\/b>.<span style=\"font-weight: 400;\">. Conceived by multi-artist and curator<\/span> <b>Natalia Mallo<\/b><span style=\"font-weight: 400;\">, the initiative occupies several spaces in the city of<\/span> <b>S\u00e3o Paulo<\/b> <span style=\"font-weight: 400;\">with a focus on artistic risk and dissident art.<\/span><\/p>\n<figure id=\"attachment_160425\" aria-describedby=\"caption-attachment-160425\" style=\"width: 1029px\" class=\"wp-caption aligncenter\"><img data-recalc-dims=\"1\" loading=\"lazy\" decoding=\"async\" class=\"size-full wp-image-160425\" src=\"https:\/\/i0.wp.com\/gay.blog.br\/wp-content\/uploads\/2022\/03\/WhatsApp-Image-2022-03-23-at-14.14.39.jpeg?resize=696%2C463&#038;ssl=1\" alt=\"\" width=\"696\" height=\"463\" srcset=\"https:\/\/i0.wp.com\/gay.blog.br\/wp-content\/uploads\/2022\/03\/WhatsApp-Image-2022-03-23-at-14.14.39.jpeg?w=1029&amp;ssl=1 1029w, https:\/\/i0.wp.com\/gay.blog.br\/wp-content\/uploads\/2022\/03\/WhatsApp-Image-2022-03-23-at-14.14.39.jpeg?resize=300%2C199&amp;ssl=1 300w, https:\/\/i0.wp.com\/gay.blog.br\/wp-content\/uploads\/2022\/03\/WhatsApp-Image-2022-03-23-at-14.14.39.jpeg?resize=1024%2C681&amp;ssl=1 1024w, https:\/\/i0.wp.com\/gay.blog.br\/wp-content\/uploads\/2022\/03\/WhatsApp-Image-2022-03-23-at-14.14.39.jpeg?resize=150%2C100&amp;ssl=1 150w, https:\/\/i0.wp.com\/gay.blog.br\/wp-content\/uploads\/2022\/03\/WhatsApp-Image-2022-03-23-at-14.14.39.jpeg?resize=768%2C511&amp;ssl=1 768w, https:\/\/i0.wp.com\/gay.blog.br\/wp-content\/uploads\/2022\/03\/WhatsApp-Image-2022-03-23-at-14.14.39.jpeg?resize=696%2C463&amp;ssl=1 696w, https:\/\/i0.wp.com\/gay.blog.br\/wp-content\/uploads\/2022\/03\/WhatsApp-Image-2022-03-23-at-14.14.39.jpeg?resize=632%2C420&amp;ssl=1 632w\" sizes=\"auto, (max-width: 696px) 100vw, 696px\" \/><figcaption id=\"caption-attachment-160425\" class=\"wp-caption-text\">Kat\u00fa Mirim is one of the highlights of the 3rd RISCO Festival (Photo: Reproduction)<\/figcaption><\/figure>\n<p style=\"text-align: justify;\"><span style=\"font-weight: 400;\">According to the organization, RISCO will be an opportunity for people to have contact with daring, challenging and inspiring artistic productions. The entire program is free, except for the party at <\/span><b>Studio SP<\/b> <span style=\"font-weight: 400;\">and the closing show, which will have tickets sold at popular prices.<\/span><\/p>\n<p style=\"text-align: justify;\"><span style=\"font-weight: 400;\">Among the festival&#8217;s highlights are the Argentine performance duo<\/span> <b>Lolo y Lauti<\/b><span style=\"font-weight: 400;\">, who have been touring the most important visual arts events in Latin America and the world. The duo presents the film \u201c<\/span><b>Carmen<\/b><span style=\"font-weight: 400;\">\u201d, a recreation of Bizet&#8217;s opera with a cast of trans women and Latin drag queens. In addition to the film, the artists will perform the \u201c<\/span><b>iSEXY<\/b><span style=\"font-weight: 400;\">\u201d performance, in which they discuss sex, intimacy and virtual reality.<\/span><\/p>\n<figure id=\"attachment_160430\" aria-describedby=\"caption-attachment-160430\" style=\"width: 1280px\" class=\"wp-caption aligncenter\"><a href=\"http:\/\/instagram.com\/gayblogbr\"><img data-recalc-dims=\"1\" loading=\"lazy\" decoding=\"async\" class=\"wp-image-160430 size-full\" src=\"https:\/\/i0.wp.com\/gay.blog.br\/wp-content\/uploads\/2022\/03\/WhatsApp-Image-2022-03-23-at-14.24.10.jpeg?resize=696%2C392&#038;ssl=1\" alt=\"\" width=\"696\" height=\"392\" srcset=\"https:\/\/i0.wp.com\/gay.blog.br\/wp-content\/uploads\/2022\/03\/WhatsApp-Image-2022-03-23-at-14.24.10.jpeg?w=1280&amp;ssl=1 1280w, https:\/\/i0.wp.com\/gay.blog.br\/wp-content\/uploads\/2022\/03\/WhatsApp-Image-2022-03-23-at-14.24.10.jpeg?resize=300%2C169&amp;ssl=1 300w, https:\/\/i0.wp.com\/gay.blog.br\/wp-content\/uploads\/2022\/03\/WhatsApp-Image-2022-03-23-at-14.24.10.jpeg?resize=1024%2C576&amp;ssl=1 1024w, https:\/\/i0.wp.com\/gay.blog.br\/wp-content\/uploads\/2022\/03\/WhatsApp-Image-2022-03-23-at-14.24.10.jpeg?resize=150%2C84&amp;ssl=1 150w, https:\/\/i0.wp.com\/gay.blog.br\/wp-content\/uploads\/2022\/03\/WhatsApp-Image-2022-03-23-at-14.24.10.jpeg?resize=768%2C432&amp;ssl=1 768w, https:\/\/i0.wp.com\/gay.blog.br\/wp-content\/uploads\/2022\/03\/WhatsApp-Image-2022-03-23-at-14.24.10.jpeg?resize=696%2C392&amp;ssl=1 696w, https:\/\/i0.wp.com\/gay.blog.br\/wp-content\/uploads\/2022\/03\/WhatsApp-Image-2022-03-23-at-14.24.10.jpeg?resize=1068%2C601&amp;ssl=1 1068w, https:\/\/i0.wp.com\/gay.blog.br\/wp-content\/uploads\/2022\/03\/WhatsApp-Image-2022-03-23-at-14.24.10.jpeg?resize=747%2C420&amp;ssl=1 747w\" sizes=\"auto, (max-width: 696px) 100vw, 696px\" \/><\/a><figcaption id=\"caption-attachment-160430\" class=\"wp-caption-text\">The film &#8220;Carmem&#8221; will be presented on Friday (4\/03) (Photo: Reproduction)<\/figcaption><\/figure>\n<p style=\"text-align: justify;\"><span style=\"font-weight: 400;\">RISCO also holds two international events focusing on queer art, the<\/span> <b>6th International Queer Art Meeting<\/b><span style=\"font-weight: 400;\">, with artists from different countries, and the<\/span> <b>QUEER LAB curatorship<\/b><span style=\"font-weight: 400;\">, focusing on the internationalization of dissident artists from Brazil.<\/span><\/p>\n<p style=\"text-align: justify;\"><span style=\"font-weight: 400;\">The public will be able to actively participate in the urban intervention to be held on Saturday (4\/02), with a meeting point at<\/span> <b>Parque Augusta.<\/b><span style=\"font-weight: 400;\">. In this action, lambe-lambes will be distributed throughout the city center with images produced by the Jamaican stylist and trans activist <\/span><b>Emani Edwards<\/b><span style=\"font-weight: 400;\">.<\/span><\/p>\n<p style=\"text-align: justify;\"><span style=\"font-weight: 400;\">In the musical shows,<\/span> <b>Fifi Real<\/b><span style=\"font-weight: 400;\">, Argentine Tango Queer singer, will share the night with<\/span> <b><a href=\"https:\/\/gay.blog.br\/?s=marina+mathey\">Marina Mathey<\/a>.<\/b> <span style=\"font-weight: 400;\">The official party of the festival, on Friday (4\/01), will have a show by the<\/span> <b>Brazilian Orchestra of Jamaican Music<\/b><span style=\"font-weight: 400;\"> at Studio SP on Rua Augusta. Saturday night (4\/02) will be rocked by the <\/span><b>DJ Evelyn<\/b> <span style=\"font-weight: 400;\">and the show Glitch by the multi-artist<\/span> <b>ALI<\/b><span style=\"font-weight: 400;\">. Another highlight is the indigenous rapper <\/span><a href=\"https:\/\/gay.blog.br\/?s=katu+mirim\"><b>Kat\u00fa Mirim<\/b><\/a><span style=\"font-weight: 400;\">, who performs at the closing of the festival with the carnival group<\/span> <b>Explode Cora\u00e7\u00e3o<\/b><span style=\"font-weight: 400;\">, which honors Maria Beth\u00e2nia.<\/span><\/p>\n<p style=\"text-align: justify;\"><span style=\"font-weight: 400;\">The online programming features French-Chilean rapper <\/span><b>Ana Tijoux<\/b><span style=\"font-weight: 400;\"> with content produced especially for the festival and a conversation with Kat\u00fa Mirim, who is also part of the in-person programming. \u201c<\/span><i><span style=\"font-weight: 400;\">RISCO is a festival of dissent, of risk in the artistic sense \u2013 we bring artists who can be uncomfortable, but who also have a relationship with pleasure in their art<\/span><\/i><span style=\"font-weight: 400;\">&#8220;, points out Natalia Mallo.<\/span><\/p>\n<figure id=\"attachment_160435\" aria-describedby=\"caption-attachment-160435\" style=\"width: 981px\" class=\"wp-caption aligncenter\"><a href=\"http:\/\/instagram.com\/gayblogbr\"><img data-recalc-dims=\"1\" loading=\"lazy\" decoding=\"async\" class=\"wp-image-160435 size-full\" src=\"https:\/\/i0.wp.com\/gay.blog.br\/wp-content\/uploads\/2022\/03\/WhatsApp-Image-2022-03-23-at-14.26.03.jpeg?resize=696%2C399&#038;ssl=1\" alt=\"\" width=\"696\" height=\"399\" srcset=\"https:\/\/i0.wp.com\/gay.blog.br\/wp-content\/uploads\/2022\/03\/WhatsApp-Image-2022-03-23-at-14.26.03.jpeg?w=981&amp;ssl=1 981w, https:\/\/i0.wp.com\/gay.blog.br\/wp-content\/uploads\/2022\/03\/WhatsApp-Image-2022-03-23-at-14.26.03.jpeg?resize=300%2C172&amp;ssl=1 300w, https:\/\/i0.wp.com\/gay.blog.br\/wp-content\/uploads\/2022\/03\/WhatsApp-Image-2022-03-23-at-14.26.03.jpeg?resize=150%2C86&amp;ssl=1 150w, https:\/\/i0.wp.com\/gay.blog.br\/wp-content\/uploads\/2022\/03\/WhatsApp-Image-2022-03-23-at-14.26.03.jpeg?resize=768%2C441&amp;ssl=1 768w, https:\/\/i0.wp.com\/gay.blog.br\/wp-content\/uploads\/2022\/03\/WhatsApp-Image-2022-03-23-at-14.26.03.jpeg?resize=696%2C399&amp;ssl=1 696w, https:\/\/i0.wp.com\/gay.blog.br\/wp-content\/uploads\/2022\/03\/WhatsApp-Image-2022-03-23-at-14.26.03.jpeg?resize=732%2C420&amp;ssl=1 732w\" sizes=\"auto, (max-width: 696px) 100vw, 696px\" \/><\/a><figcaption id=\"caption-attachment-160435\" class=\"wp-caption-text\">Images produced by Emani Edwards will be distributed on Saturday (4\/02) (Photo: Reproduction)<\/figcaption><\/figure>\n<h3 style=\"text-align: justify;\"><strong>Service<\/strong><\/h3>\n<p style=\"text-align: justify;\"><em><strong>RISCO Festival 2022<\/strong><\/em><\/p>\n<ul>\n<li style=\"text-align: justify;\"><span style=\"font-weight: 400;\">From March 31 to April 3, Thursday to Sunday<\/span><\/li>\n<\/ul>\n<p style=\"text-align: justify;\"><strong>Location<\/strong><\/p>\n<ul>\n<li style=\"text-align: justify;\"><span style=\"font-weight: 400;\">Oficina Cultural Oswald de Andrade (Rua Tr\u00eas Rios, 363 \u2013 Bom Retiro, S\u00e3o Paulo)<\/span><\/li>\n<li style=\"text-align: justify;\"><span style=\"font-weight: 400;\">Studio SP (Rua Augusta 591 \u2013 Consola\u00e7\u00e3o \u2013 S\u00e3o Paulo)<\/span><\/li>\n<li style=\"text-align: justify;\"><span style=\"font-weight: 400;\">Parque Augusta (R. Augusta, 200 \u2013 Consola\u00e7\u00e3o, S\u00e3o Paulo)<\/span><\/li>\n<li style=\"text-align: justify;\"><span style=\"font-weight: 400;\">Galeria540 (Rua Mourato Coelho 540 \u2013 Vila Madalena \u2013 S\u00e3o Paulo)<\/span><\/li>\n<li style=\"text-align: justify;\"><span style=\"font-weight: 400;\">Cervejaria Tarantino (R. Miguel Nelson Bechara, 316 \u2013 Zip Code 02712-130, Lim\u00e3o, S\u00e3o Paulo)<\/span><\/li>\n<\/ul>\n<p style=\"text-align: justify;\"><strong>Complete programming in: <a href=\"https:\/\/gmail.us4.list-manage.com\/track\/click?u=72df3b7384a7738a919659162&amp;id=1b0984dcbe&amp;e=4cf04434a6\">www.riscofestival.me<\/a><\/strong><\/p>\n","protected":false},"excerpt":{"rendered":"<p>The 3rd RISCO Festival takes place from March 31 to April 3 at Oficina Cultural Oswald de Andrade, Studio SP, Parque Augusta, Galeria540 and Cervejaria Tarantino, in addition to online programming<\/p>\n","protected":false},"author":3549,"featured_media":160436,"comment_status":"open","ping_status":"open","sticky":false,"template":"","format":"standard","meta":{"googlesitekit_rrm_CAoiEBg-BXrJeACjO8p49SE4kTY:productID":"","tdm_status":"","tdm_grid_status":"","_jetpack_newsletter_access":"","_jetpack_dont_email_post_to_subs":false,"_jetpack_newsletter_tier_id":0,"_jetpack_memberships_contains_paywalled_content":false,"_jetpack_memberships_contains_paid_content":false,"footnotes":"","jetpack_publicize_message":"Focusing on queer production from Brazil, Latin America and the Caribbean, 3rd RISCO Festival takes place in SP","jetpack_publicize_feature_enabled":true,"jetpack_social_post_already_shared":true,"jetpack_social_options":{"image_generator_settings":{"template":"highway","default_image_id":0,"font":"","enabled":false},"version":2},"_wpas_customize_per_network":false,"jetpack_post_was_ever_published":false},"categories":[2367,775],"tags":[589942593,589933759,589942592,27782],"class_list":{"0":"post-162102","1":"post","2":"type-post","3":"status-publish","4":"format-standard","5":"has-post-thumbnail","7":"category-cultura","8":"category-noticias","9":"tag-katu-mirim","10":"tag-marina-mathey","11":"tag-risco-festival","12":"tag-sao-paulo"},"yoast_head":"<!-- This site is optimized with the Yoast SEO plugin v27.5 - https:\/\/yoast.com\/product\/yoast-seo-wordpress\/ -->\n<title>Focusing on queer production from Brazil, Latin America and the Caribbean, 3rd RISCO Festival takes place in SP<\/title>\n<meta name=\"description\" content=\"The 3rd RISCO Festival takes place from March 31 to April 3 at Oficina Cultural Oswald de Andrade, Studio SP, Parque Augusta, Galeria540 and Cervejaria Tarantino, in addition to online programming\" \/>\n<meta name=\"robots\" content=\"index, follow, max-snippet:-1, max-image-preview:large, max-video-preview:-1\" \/>\n<link rel=\"canonical\" href=\"https:\/\/gay.blog.br\/en\/noticias\/focusing-on-queer-production-from-brazil-latin-america-and-the-caribbean-3rd-risco-festival-takes-place-in-sp\/\" \/>\n<meta property=\"og:locale\" content=\"en_US\" \/>\n<meta property=\"og:type\" content=\"article\" \/>\n<meta property=\"og:title\" content=\"Focusing on queer production from Brazil, Latin America and the Caribbean, 3rd RISCO Festival takes place in SP\" \/>\n<meta property=\"og:description\" content=\"The 3rd RISCO Festival takes place from March 31 to April 3 at Oficina Cultural Oswald de Andrade, Studio SP, Parque Augusta, Galeria540 and Cervejaria Tarantino, in addition to online programming\" \/>\n<meta property=\"og:url\" content=\"https:\/\/gay.blog.br\/en\/noticias\/focusing-on-queer-production-from-brazil-latin-america-and-the-caribbean-3rd-risco-festival-takes-place-in-sp\/\" \/>\n<meta property=\"og:site_name\" content=\"GAY BLOG BR @gayblogbr\" \/>\n<meta property=\"article:publisher\" content=\"https:\/\/facebook.com\/gayblogbr\" \/>\n<meta property=\"article:published_time\" content=\"2022-03-23T17:52:22+00:00\" \/>\n<meta property=\"article:modified_time\" content=\"2022-04-12T22:39:26+00:00\" \/>\n<meta property=\"og:image\" content=\"https:\/\/gay.blog.br\/wp-content\/uploads\/2022\/03\/WhatsApp-Image-2022-03-23-at-14.26.03.jpeg\" \/>\n\t<meta property=\"og:image:width\" content=\"981\" \/>\n\t<meta property=\"og:image:height\" content=\"563\" \/>\n\t<meta property=\"og:image:type\" content=\"image\/jpeg\" \/>\n<meta name=\"author\" content=\"Deivid Pazatto\" \/>\n<meta name=\"twitter:card\" content=\"summary_large_image\" \/>\n<meta name=\"twitter:creator\" content=\"@gayblogbr\" \/>\n<meta name=\"twitter:site\" content=\"@gayblogbr\" \/>\n<meta name=\"twitter:label1\" content=\"Written by\" \/>\n\t<meta name=\"twitter:data1\" content=\"Deivid Pazatto\" \/>\n\t<meta name=\"twitter:label2\" content=\"Est. reading time\" \/>\n\t<meta name=\"twitter:data2\" content=\"3 minutes\" \/>\n<script type=\"application\/ld+json\" class=\"yoast-schema-graph\">{\"@context\":\"https:\\\/\\\/schema.org\",\"@graph\":[{\"@type\":\"Article\",\"@id\":\"https:\\\/\\\/gay.blog.br\\\/en\\\/noticias\\\/focusing-on-queer-production-from-brazil-latin-america-and-the-caribbean-3rd-risco-festival-takes-place-in-sp\\\/#article\",\"isPartOf\":{\"@id\":\"https:\\\/\\\/gay.blog.br\\\/en\\\/noticias\\\/focusing-on-queer-production-from-brazil-latin-america-and-the-caribbean-3rd-risco-festival-takes-place-in-sp\\\/\"},\"author\":{\"name\":\"Deivid Pazatto\",\"@id\":\"https:\\\/\\\/gay.blog.br\\\/en\\\/#\\\/schema\\\/person\\\/03d1eb656e2ee43a49b0a80aff06cbbc\"},\"headline\":\"Focusing on queer production from Brazil, Latin America and the Caribbean, 3rd RISCO Festival takes place in SP\",\"datePublished\":\"2022-03-23T17:52:22+00:00\",\"dateModified\":\"2022-04-12T22:39:26+00:00\",\"mainEntityOfPage\":{\"@id\":\"https:\\\/\\\/gay.blog.br\\\/en\\\/noticias\\\/focusing-on-queer-production-from-brazil-latin-america-and-the-caribbean-3rd-risco-festival-takes-place-in-sp\\\/\"},\"wordCount\":536,\"commentCount\":0,\"publisher\":{\"@id\":\"https:\\\/\\\/gay.blog.br\\\/en\\\/#organization\"},\"image\":{\"@id\":\"https:\\\/\\\/gay.blog.br\\\/en\\\/noticias\\\/focusing-on-queer-production-from-brazil-latin-america-and-the-caribbean-3rd-risco-festival-takes-place-in-sp\\\/#primaryimage\"},\"thumbnailUrl\":\"https:\\\/\\\/i0.wp.com\\\/gay.blog.br\\\/wp-content\\\/uploads\\\/2022\\\/03\\\/WhatsApp-Image-2022-03-23-at-14.26.03.jpeg?fit=981%2C563&ssl=1\",\"keywords\":[\"Kat\u00fa Mirim\",\"Marina Mathey\",\"RISCO Festival\",\"s\u00e3o paulo\"],\"articleSection\":[\"CULTURA\",\"NOT\u00cdCIAS\"],\"inLanguage\":\"en-US\",\"potentialAction\":[{\"@type\":\"CommentAction\",\"name\":\"Comment\",\"target\":[\"https:\\\/\\\/gay.blog.br\\\/en\\\/noticias\\\/focusing-on-queer-production-from-brazil-latin-america-and-the-caribbean-3rd-risco-festival-takes-place-in-sp\\\/#respond\"]}]},{\"@type\":\"WebPage\",\"@id\":\"https:\\\/\\\/gay.blog.br\\\/en\\\/noticias\\\/focusing-on-queer-production-from-brazil-latin-america-and-the-caribbean-3rd-risco-festival-takes-place-in-sp\\\/\",\"url\":\"https:\\\/\\\/gay.blog.br\\\/en\\\/noticias\\\/focusing-on-queer-production-from-brazil-latin-america-and-the-caribbean-3rd-risco-festival-takes-place-in-sp\\\/\",\"name\":\"Focusing on queer production from Brazil, Latin America and the Caribbean, 3rd RISCO Festival takes place in SP\",\"isPartOf\":{\"@id\":\"https:\\\/\\\/gay.blog.br\\\/en\\\/#website\"},\"primaryImageOfPage\":{\"@id\":\"https:\\\/\\\/gay.blog.br\\\/en\\\/noticias\\\/focusing-on-queer-production-from-brazil-latin-america-and-the-caribbean-3rd-risco-festival-takes-place-in-sp\\\/#primaryimage\"},\"image\":{\"@id\":\"https:\\\/\\\/gay.blog.br\\\/en\\\/noticias\\\/focusing-on-queer-production-from-brazil-latin-america-and-the-caribbean-3rd-risco-festival-takes-place-in-sp\\\/#primaryimage\"},\"thumbnailUrl\":\"https:\\\/\\\/i0.wp.com\\\/gay.blog.br\\\/wp-content\\\/uploads\\\/2022\\\/03\\\/WhatsApp-Image-2022-03-23-at-14.26.03.jpeg?fit=981%2C563&ssl=1\",\"datePublished\":\"2022-03-23T17:52:22+00:00\",\"dateModified\":\"2022-04-12T22:39:26+00:00\",\"description\":\"The 3rd RISCO Festival takes place from March 31 to April 3 at Oficina Cultural Oswald de Andrade, Studio SP, Parque Augusta, Galeria540 and Cervejaria Tarantino, in addition to online programming\",\"breadcrumb\":{\"@id\":\"https:\\\/\\\/gay.blog.br\\\/en\\\/noticias\\\/focusing-on-queer-production-from-brazil-latin-america-and-the-caribbean-3rd-risco-festival-takes-place-in-sp\\\/#breadcrumb\"},\"inLanguage\":\"en-US\",\"potentialAction\":[{\"@type\":\"ReadAction\",\"target\":[\"https:\\\/\\\/gay.blog.br\\\/en\\\/noticias\\\/focusing-on-queer-production-from-brazil-latin-america-and-the-caribbean-3rd-risco-festival-takes-place-in-sp\\\/\"]}]},{\"@type\":\"ImageObject\",\"inLanguage\":\"en-US\",\"@id\":\"https:\\\/\\\/gay.blog.br\\\/en\\\/noticias\\\/focusing-on-queer-production-from-brazil-latin-america-and-the-caribbean-3rd-risco-festival-takes-place-in-sp\\\/#primaryimage\",\"url\":\"https:\\\/\\\/i0.wp.com\\\/gay.blog.br\\\/wp-content\\\/uploads\\\/2022\\\/03\\\/WhatsApp-Image-2022-03-23-at-14.26.03.jpeg?fit=981%2C563&ssl=1\",\"contentUrl\":\"https:\\\/\\\/i0.wp.com\\\/gay.blog.br\\\/wp-content\\\/uploads\\\/2022\\\/03\\\/WhatsApp-Image-2022-03-23-at-14.26.03.jpeg?fit=981%2C563&ssl=1\",\"width\":981,\"height\":563},{\"@type\":\"BreadcrumbList\",\"@id\":\"https:\\\/\\\/gay.blog.br\\\/en\\\/noticias\\\/focusing-on-queer-production-from-brazil-latin-america-and-the-caribbean-3rd-risco-festival-takes-place-in-sp\\\/#breadcrumb\",\"itemListElement\":[{\"@type\":\"ListItem\",\"position\":1,\"name\":\"In\u00edcio\",\"item\":\"https:\\\/\\\/gay.blog.br\\\/en\\\/\"},{\"@type\":\"ListItem\",\"position\":2,\"name\":\"Focusing on queer production from Brazil, Latin America and the Caribbean, 3rd RISCO Festival takes place in SP\"}]},{\"@type\":\"WebSite\",\"@id\":\"https:\\\/\\\/gay.blog.br\\\/en\\\/#website\",\"url\":\"https:\\\/\\\/gay.blog.br\\\/en\\\/\",\"name\":\"GAY BLOG BR @gayblogbr\",\"description\":\"Not\u00edcias que empoderam e\\\/ou entret\u00eam s\u00e3o especialidades da casa\",\"publisher\":{\"@id\":\"https:\\\/\\\/gay.blog.br\\\/en\\\/#organization\"},\"potentialAction\":[{\"@type\":\"SearchAction\",\"target\":{\"@type\":\"EntryPoint\",\"urlTemplate\":\"https:\\\/\\\/gay.blog.br\\\/en\\\/?s={search_term_string}\"},\"query-input\":{\"@type\":\"PropertyValueSpecification\",\"valueRequired\":true,\"valueName\":\"search_term_string\"}}],\"inLanguage\":\"en-US\"},{\"@type\":\"Organization\",\"@id\":\"https:\\\/\\\/gay.blog.br\\\/en\\\/#organization\",\"name\":\"GAY BLOG BR\",\"url\":\"https:\\\/\\\/gay.blog.br\\\/en\\\/\",\"logo\":{\"@type\":\"ImageObject\",\"inLanguage\":\"en-US\",\"@id\":\"https:\\\/\\\/gay.blog.br\\\/en\\\/#\\\/schema\\\/logo\\\/image\\\/\",\"url\":\"https:\\\/\\\/i0.wp.com\\\/gay.blog.br\\\/wp-content\\\/uploads\\\/2023\\\/08\\\/gay180px.png?fit=272%2C90&ssl=1\",\"contentUrl\":\"https:\\\/\\\/i0.wp.com\\\/gay.blog.br\\\/wp-content\\\/uploads\\\/2023\\\/08\\\/gay180px.png?fit=272%2C90&ssl=1\",\"width\":272,\"height\":90,\"caption\":\"GAY BLOG BR\"},\"image\":{\"@id\":\"https:\\\/\\\/gay.blog.br\\\/en\\\/#\\\/schema\\\/logo\\\/image\\\/\"},\"sameAs\":[\"https:\\\/\\\/facebook.com\\\/gayblogbr\",\"https:\\\/\\\/x.com\\\/gayblogbr\",\"https:\\\/\\\/instagram.com\\\/gayblogbr\",\"https:\\\/\\\/www.linkedin.com\\\/company\\\/gayblogbr\\\/\",\"https:\\\/\\\/br.pinterest.com\\\/gayblogbr\\\/\",\"https:\\\/\\\/www.youtube.com\\\/channel\\\/UCdEu3JXLOB-wvWAVUF4AIiA\",\"https:\\\/\\\/pt.wikipedia.org\\\/wiki\\\/Gay_Blog_Br\",\"https:\\\/\\\/www.threads.net\\\/@gayblogbr\"]},{\"@type\":\"Person\",\"@id\":\"https:\\\/\\\/gay.blog.br\\\/en\\\/#\\\/schema\\\/person\\\/03d1eb656e2ee43a49b0a80aff06cbbc\",\"name\":\"Deivid Pazatto\",\"image\":{\"@type\":\"ImageObject\",\"inLanguage\":\"en-US\",\"@id\":\"https:\\\/\\\/secure.gravatar.com\\\/avatar\\\/0609f635ccb120e06bb25c76a4a1c7bab8749cc81c3a425fd808f36a4d668fdd?s=96&d=mm&r=g\",\"url\":\"https:\\\/\\\/secure.gravatar.com\\\/avatar\\\/0609f635ccb120e06bb25c76a4a1c7bab8749cc81c3a425fd808f36a4d668fdd?s=96&d=mm&r=g\",\"contentUrl\":\"https:\\\/\\\/secure.gravatar.com\\\/avatar\\\/0609f635ccb120e06bb25c76a4a1c7bab8749cc81c3a425fd808f36a4d668fdd?s=96&d=mm&r=g\",\"caption\":\"Deivid Pazatto\"},\"description\":\"Jornalista ga\u00facho formado na Universidade Franciscana (UFN) e Especialista em Estudos de G\u00eanero pela Universidade Federal de Santa Maria (UFSM)\",\"url\":\"https:\\\/\\\/gay.blog.br\\\/en\\\/author\\\/deividpazatto\\\/\"}]}<\/script>\n<!-- \/ Yoast SEO plugin. -->","yoast_head_json":{"title":"Focusing on queer production from Brazil, Latin America and the Caribbean, 3rd RISCO Festival takes place in SP","description":"The 3rd RISCO Festival takes place from March 31 to April 3 at Oficina Cultural Oswald de Andrade, Studio SP, Parque Augusta, Galeria540 and Cervejaria Tarantino, in addition to online programming","robots":{"index":"index","follow":"follow","max-snippet":"max-snippet:-1","max-image-preview":"max-image-preview:large","max-video-preview":"max-video-preview:-1"},"canonical":"https:\/\/gay.blog.br\/en\/noticias\/focusing-on-queer-production-from-brazil-latin-america-and-the-caribbean-3rd-risco-festival-takes-place-in-sp\/","og_locale":"en_US","og_type":"article","og_title":"Focusing on queer production from Brazil, Latin America and the Caribbean, 3rd RISCO Festival takes place in SP","og_description":"The 3rd RISCO Festival takes place from March 31 to April 3 at Oficina Cultural Oswald de Andrade, Studio SP, Parque Augusta, Galeria540 and Cervejaria Tarantino, in addition to online programming","og_url":"https:\/\/gay.blog.br\/en\/noticias\/focusing-on-queer-production-from-brazil-latin-america-and-the-caribbean-3rd-risco-festival-takes-place-in-sp\/","og_site_name":"GAY BLOG BR @gayblogbr","article_publisher":"https:\/\/facebook.com\/gayblogbr","article_published_time":"2022-03-23T17:52:22+00:00","article_modified_time":"2022-04-12T22:39:26+00:00","og_image":[{"width":981,"height":563,"url":"https:\/\/gay.blog.br\/wp-content\/uploads\/2022\/03\/WhatsApp-Image-2022-03-23-at-14.26.03.jpeg","type":"image\/jpeg"}],"author":"Deivid Pazatto","twitter_card":"summary_large_image","twitter_creator":"@gayblogbr","twitter_site":"@gayblogbr","twitter_misc":{"Written by":"Deivid Pazatto","Est. reading time":"3 minutes"},"schema":{"@context":"https:\/\/schema.org","@graph":[{"@type":"Article","@id":"https:\/\/gay.blog.br\/en\/noticias\/focusing-on-queer-production-from-brazil-latin-america-and-the-caribbean-3rd-risco-festival-takes-place-in-sp\/#article","isPartOf":{"@id":"https:\/\/gay.blog.br\/en\/noticias\/focusing-on-queer-production-from-brazil-latin-america-and-the-caribbean-3rd-risco-festival-takes-place-in-sp\/"},"author":{"name":"Deivid Pazatto","@id":"https:\/\/gay.blog.br\/en\/#\/schema\/person\/03d1eb656e2ee43a49b0a80aff06cbbc"},"headline":"Focusing on queer production from Brazil, Latin America and the Caribbean, 3rd RISCO Festival takes place in SP","datePublished":"2022-03-23T17:52:22+00:00","dateModified":"2022-04-12T22:39:26+00:00","mainEntityOfPage":{"@id":"https:\/\/gay.blog.br\/en\/noticias\/focusing-on-queer-production-from-brazil-latin-america-and-the-caribbean-3rd-risco-festival-takes-place-in-sp\/"},"wordCount":536,"commentCount":0,"publisher":{"@id":"https:\/\/gay.blog.br\/en\/#organization"},"image":{"@id":"https:\/\/gay.blog.br\/en\/noticias\/focusing-on-queer-production-from-brazil-latin-america-and-the-caribbean-3rd-risco-festival-takes-place-in-sp\/#primaryimage"},"thumbnailUrl":"https:\/\/i0.wp.com\/gay.blog.br\/wp-content\/uploads\/2022\/03\/WhatsApp-Image-2022-03-23-at-14.26.03.jpeg?fit=981%2C563&ssl=1","keywords":["Kat\u00fa Mirim","Marina Mathey","RISCO Festival","s\u00e3o paulo"],"articleSection":["CULTURA","NOT\u00cdCIAS"],"inLanguage":"en-US","potentialAction":[{"@type":"CommentAction","name":"Comment","target":["https:\/\/gay.blog.br\/en\/noticias\/focusing-on-queer-production-from-brazil-latin-america-and-the-caribbean-3rd-risco-festival-takes-place-in-sp\/#respond"]}]},{"@type":"WebPage","@id":"https:\/\/gay.blog.br\/en\/noticias\/focusing-on-queer-production-from-brazil-latin-america-and-the-caribbean-3rd-risco-festival-takes-place-in-sp\/","url":"https:\/\/gay.blog.br\/en\/noticias\/focusing-on-queer-production-from-brazil-latin-america-and-the-caribbean-3rd-risco-festival-takes-place-in-sp\/","name":"Focusing on queer production from Brazil, Latin America and the Caribbean, 3rd RISCO Festival takes place in SP","isPartOf":{"@id":"https:\/\/gay.blog.br\/en\/#website"},"primaryImageOfPage":{"@id":"https:\/\/gay.blog.br\/en\/noticias\/focusing-on-queer-production-from-brazil-latin-america-and-the-caribbean-3rd-risco-festival-takes-place-in-sp\/#primaryimage"},"image":{"@id":"https:\/\/gay.blog.br\/en\/noticias\/focusing-on-queer-production-from-brazil-latin-america-and-the-caribbean-3rd-risco-festival-takes-place-in-sp\/#primaryimage"},"thumbnailUrl":"https:\/\/i0.wp.com\/gay.blog.br\/wp-content\/uploads\/2022\/03\/WhatsApp-Image-2022-03-23-at-14.26.03.jpeg?fit=981%2C563&ssl=1","datePublished":"2022-03-23T17:52:22+00:00","dateModified":"2022-04-12T22:39:26+00:00","description":"The 3rd RISCO Festival takes place from March 31 to April 3 at Oficina Cultural Oswald de Andrade, Studio SP, Parque Augusta, Galeria540 and Cervejaria Tarantino, in addition to online programming","breadcrumb":{"@id":"https:\/\/gay.blog.br\/en\/noticias\/focusing-on-queer-production-from-brazil-latin-america-and-the-caribbean-3rd-risco-festival-takes-place-in-sp\/#breadcrumb"},"inLanguage":"en-US","potentialAction":[{"@type":"ReadAction","target":["https:\/\/gay.blog.br\/en\/noticias\/focusing-on-queer-production-from-brazil-latin-america-and-the-caribbean-3rd-risco-festival-takes-place-in-sp\/"]}]},{"@type":"ImageObject","inLanguage":"en-US","@id":"https:\/\/gay.blog.br\/en\/noticias\/focusing-on-queer-production-from-brazil-latin-america-and-the-caribbean-3rd-risco-festival-takes-place-in-sp\/#primaryimage","url":"https:\/\/i0.wp.com\/gay.blog.br\/wp-content\/uploads\/2022\/03\/WhatsApp-Image-2022-03-23-at-14.26.03.jpeg?fit=981%2C563&ssl=1","contentUrl":"https:\/\/i0.wp.com\/gay.blog.br\/wp-content\/uploads\/2022\/03\/WhatsApp-Image-2022-03-23-at-14.26.03.jpeg?fit=981%2C563&ssl=1","width":981,"height":563},{"@type":"BreadcrumbList","@id":"https:\/\/gay.blog.br\/en\/noticias\/focusing-on-queer-production-from-brazil-latin-america-and-the-caribbean-3rd-risco-festival-takes-place-in-sp\/#breadcrumb","itemListElement":[{"@type":"ListItem","position":1,"name":"In\u00edcio","item":"https:\/\/gay.blog.br\/en\/"},{"@type":"ListItem","position":2,"name":"Focusing on queer production from Brazil, Latin America and the Caribbean, 3rd RISCO Festival takes place in SP"}]},{"@type":"WebSite","@id":"https:\/\/gay.blog.br\/en\/#website","url":"https:\/\/gay.blog.br\/en\/","name":"GAY BLOG BR @gayblogbr","description":"Not\u00edcias que empoderam e\/ou entret\u00eam s\u00e3o especialidades da casa","publisher":{"@id":"https:\/\/gay.blog.br\/en\/#organization"},"potentialAction":[{"@type":"SearchAction","target":{"@type":"EntryPoint","urlTemplate":"https:\/\/gay.blog.br\/en\/?s={search_term_string}"},"query-input":{"@type":"PropertyValueSpecification","valueRequired":true,"valueName":"search_term_string"}}],"inLanguage":"en-US"},{"@type":"Organization","@id":"https:\/\/gay.blog.br\/en\/#organization","name":"GAY BLOG BR","url":"https:\/\/gay.blog.br\/en\/","logo":{"@type":"ImageObject","inLanguage":"en-US","@id":"https:\/\/gay.blog.br\/en\/#\/schema\/logo\/image\/","url":"https:\/\/i0.wp.com\/gay.blog.br\/wp-content\/uploads\/2023\/08\/gay180px.png?fit=272%2C90&ssl=1","contentUrl":"https:\/\/i0.wp.com\/gay.blog.br\/wp-content\/uploads\/2023\/08\/gay180px.png?fit=272%2C90&ssl=1","width":272,"height":90,"caption":"GAY BLOG BR"},"image":{"@id":"https:\/\/gay.blog.br\/en\/#\/schema\/logo\/image\/"},"sameAs":["https:\/\/facebook.com\/gayblogbr","https:\/\/x.com\/gayblogbr","https:\/\/instagram.com\/gayblogbr","https:\/\/www.linkedin.com\/company\/gayblogbr\/","https:\/\/br.pinterest.com\/gayblogbr\/","https:\/\/www.youtube.com\/channel\/UCdEu3JXLOB-wvWAVUF4AIiA","https:\/\/pt.wikipedia.org\/wiki\/Gay_Blog_Br","https:\/\/www.threads.net\/@gayblogbr"]},{"@type":"Person","@id":"https:\/\/gay.blog.br\/en\/#\/schema\/person\/03d1eb656e2ee43a49b0a80aff06cbbc","name":"Deivid Pazatto","image":{"@type":"ImageObject","inLanguage":"en-US","@id":"https:\/\/secure.gravatar.com\/avatar\/0609f635ccb120e06bb25c76a4a1c7bab8749cc81c3a425fd808f36a4d668fdd?s=96&d=mm&r=g","url":"https:\/\/secure.gravatar.com\/avatar\/0609f635ccb120e06bb25c76a4a1c7bab8749cc81c3a425fd808f36a4d668fdd?s=96&d=mm&r=g","contentUrl":"https:\/\/secure.gravatar.com\/avatar\/0609f635ccb120e06bb25c76a4a1c7bab8749cc81c3a425fd808f36a4d668fdd?s=96&d=mm&r=g","caption":"Deivid Pazatto"},"description":"Jornalista ga\u00facho formado na Universidade Franciscana (UFN) e Especialista em Estudos de G\u00eanero pela Universidade Federal de Santa Maria (UFSM)","url":"https:\/\/gay.blog.br\/en\/author\/deividpazatto\/"}]}},"jetpack_publicize_connections":[],"jetpack_featured_media_url":"https:\/\/i0.wp.com\/gay.blog.br\/wp-content\/uploads\/2022\/03\/WhatsApp-Image-2022-03-23-at-14.26.03.jpeg?fit=981%2C563&ssl=1","jetpack_sharing_enabled":true,"jetpack_shortlink":"https:\/\/wp.me\/p6klkK-Gay","jetpack_likes_enabled":false,"amp_enabled":true,"_links":{"self":[{"href":"https:\/\/gay.blog.br\/en\/wp-json\/wp\/v2\/posts\/162102","targetHints":{"allow":["GET"]}}],"collection":[{"href":"https:\/\/gay.blog.br\/en\/wp-json\/wp\/v2\/posts"}],"about":[{"href":"https:\/\/gay.blog.br\/en\/wp-json\/wp\/v2\/types\/post"}],"author":[{"embeddable":true,"href":"https:\/\/gay.blog.br\/en\/wp-json\/wp\/v2\/users\/3549"}],"replies":[{"embeddable":true,"href":"https:\/\/gay.blog.br\/en\/wp-json\/wp\/v2\/comments?post=162102"}],"version-history":[{"count":1,"href":"https:\/\/gay.blog.br\/en\/wp-json\/wp\/v2\/posts\/162102\/revisions"}],"predecessor-version":[{"id":162110,"href":"https:\/\/gay.blog.br\/en\/wp-json\/wp\/v2\/posts\/162102\/revisions\/162110"}],"wp:featuredmedia":[{"embeddable":true,"href":"https:\/\/gay.blog.br\/en\/wp-json\/wp\/v2\/media\/160436"}],"wp:attachment":[{"href":"https:\/\/gay.blog.br\/en\/wp-json\/wp\/v2\/media?parent=162102"}],"wp:term":[{"taxonomy":"category","embeddable":true,"href":"https:\/\/gay.blog.br\/en\/wp-json\/wp\/v2\/categories?post=162102"},{"taxonomy":"post_tag","embeddable":true,"href":"https:\/\/gay.blog.br\/en\/wp-json\/wp\/v2\/tags?post=162102"}],"curies":[{"name":"wp","href":"https:\/\/api.w.org\/{rel}","templated":true}]}}