{"id":218371,"date":"2024-04-28T16:05:16","date_gmt":"2024-04-28T19:05:16","guid":{"rendered":"https:\/\/gay.blog.br\/?p=218371"},"modified":"2024-05-05T17:08:23","modified_gmt":"2024-05-05T20:08:23","slug":"micareta-sao-paulo-festival-announces-2024-edition-with-gloria-groove-and-pedro-sampaio","status":"publish","type":"post","link":"https:\/\/gay.blog.br\/en\/leisure\/concerts\/micareta-sao-paulo-festival-announces-2024-edition-with-gloria-groove-and-pedro-sampaio\/","title":{"rendered":"&#8216;Micareta S\u00e3o Paulo&#8217; festival announces 2024 edition with Gloria Groove and Pedro Sampaio"},"content":{"rendered":"<p style=\"text-align: justify;\">The <a href=\"https:\/\/gay.blog.br\/?s=Micareta+S%C3%A3o+Paulo\"><strong>Micareta S\u00e3o Paulo<\/strong><\/a>, an off-season <a href=\"https:\/\/gay.blog.br\/?s=Carnaval\"><strong>Carnival<\/strong><\/a> event, has announced two new attractions: <a href=\"https:\/\/gay.blog.br\/?s=Gloria+Groove\"><strong>Gloria Groove<\/strong><\/a> and <a href=\"https:\/\/gay.blog.br\/?s=Dennis+DJ\"><strong>Dennis DJ<\/strong><\/a>. They join the <em>line-up<\/em> with <a href=\"https:\/\/gay.blog.br\/?s=Claudia+Leitte\"><strong>Claudia Leitte<\/strong><\/a>, who participated in all previous editions, along <strong><a href=\"https:\/\/gay.blog.br\/?s=Pedro+Sampaio\">Pedro Sampaio<\/a><\/strong>, <a href=\"https:\/\/gay.blog.br\/?s=Alinne+Rosa\"><strong>Alinne Rosa<\/strong><\/a> and <a href=\"https:\/\/gay.blog.br\/?s=%C3%89+O+Tchan\"><strong>\u00c9 O Tchan<\/strong><\/a>. Additionally, <strong><a href=\"https:\/\/gay.blog.br\/?s=Joelma\">Joelma<\/a><\/strong> and <a href=\"https:\/\/gay.blog.br\/?s=Solange+Almeida\"><strong>Solange Almeida <\/strong><\/a>will debut at the event. The edition also features more than 20 DJs, including Israeli DJ <a href=\"https:\/\/gay.blog.br\/?s=Solange+Almeida\">Aron<\/a>.<\/p>\n<p style=\"text-align: justify;\">The event is organized by the <a href=\"https:\/\/gay.blog.br\/direitos\/parada-de-sp-anuncia-data-e-tema-da-edicao-de-2024\/\"><strong>San Sebastian Group<\/strong><\/a> and will take place at a new location: <strong>Arena Pinheiros<\/strong>, on <strong>May 30 and 31<\/strong>, the same weekend as the <a href=\"https:\/\/gay.blog.br\/direitos\/parada-de-sp-anuncia-data-e-tema-da-edicao-de-2024\/\"><strong>28th S\u00e3o Paulo LGBT+ Pride Parade<\/strong><\/a> Tickets can be purchased through the <a href=\"https:\/\/www.micaretasdasan.com\/\">official website<\/a>.<\/p>\n<figure id=\"attachment_217593\" aria-describedby=\"caption-attachment-217593\" style=\"width: 1280px\" class=\"wp-caption aligncenter\"><a href=\"https:\/\/whatsapp.com\/channel\/0029Va4yRqK0VycH9flDa83A\"><img data-recalc-dims=\"1\" loading=\"lazy\" decoding=\"async\" class=\"size-full wp-image-217593\" src=\"https:\/\/i0.wp.com\/gay.blog.br\/wp-content\/uploads\/2024\/04\/micareta-sao-paulo-foto-gay-blog-br-1.jpeg?resize=696%2C452&#038;ssl=1\" alt=\"'Micareta S\u00e3o Paulo' - Photo: Victor Miller\" width=\"696\" height=\"452\" srcset=\"https:\/\/i0.wp.com\/gay.blog.br\/wp-content\/uploads\/2024\/04\/micareta-sao-paulo-foto-gay-blog-br-1.jpeg?w=1280&amp;ssl=1 1280w, https:\/\/i0.wp.com\/gay.blog.br\/wp-content\/uploads\/2024\/04\/micareta-sao-paulo-foto-gay-blog-br-1.jpeg?resize=300%2C195&amp;ssl=1 300w, https:\/\/i0.wp.com\/gay.blog.br\/wp-content\/uploads\/2024\/04\/micareta-sao-paulo-foto-gay-blog-br-1.jpeg?resize=1024%2C666&amp;ssl=1 1024w, https:\/\/i0.wp.com\/gay.blog.br\/wp-content\/uploads\/2024\/04\/micareta-sao-paulo-foto-gay-blog-br-1.jpeg?resize=150%2C98&amp;ssl=1 150w, https:\/\/i0.wp.com\/gay.blog.br\/wp-content\/uploads\/2024\/04\/micareta-sao-paulo-foto-gay-blog-br-1.jpeg?resize=768%2C499&amp;ssl=1 768w, https:\/\/i0.wp.com\/gay.blog.br\/wp-content\/uploads\/2024\/04\/micareta-sao-paulo-foto-gay-blog-br-1.jpeg?resize=646%2C420&amp;ssl=1 646w, https:\/\/i0.wp.com\/gay.blog.br\/wp-content\/uploads\/2024\/04\/micareta-sao-paulo-foto-gay-blog-br-1.jpeg?resize=696%2C452&amp;ssl=1 696w, https:\/\/i0.wp.com\/gay.blog.br\/wp-content\/uploads\/2024\/04\/micareta-sao-paulo-foto-gay-blog-br-1.jpeg?resize=1068%2C694&amp;ssl=1 1068w\" sizes=\"auto, (max-width: 696px) 100vw, 696px\" \/><\/a><figcaption id=\"caption-attachment-217593\" class=\"wp-caption-text\">&#8216;Micareta S\u00e3o Paulo&#8217; &#8211; Photo: Victor Miller<\/figcaption><\/figure>\n<p style=\"text-align: justify;\">Partygoers will have different package options to enjoy the event. The <em>Abad\u00e1 <\/em> (t-shirt) guarantees access to the <em>Total Circuit<\/em>, while the <em>Popline\/Ch\u00e1 da Alice<\/em> space offers an exclusive experience with access to the amusement park with a view of the shows on the trio and the stage, in addition to the electronic party.<\/p>\n<figure id=\"attachment_217596\" aria-describedby=\"caption-attachment-217596\" style=\"width: 957px\" class=\"wp-caption aligncenter\"><a href=\"https:\/\/www.instagram.com\/viniciusyamada\/\"><img data-recalc-dims=\"1\" loading=\"lazy\" decoding=\"async\" class=\"size-full wp-image-217596\" src=\"https:\/\/i0.wp.com\/gay.blog.br\/wp-content\/uploads\/2024\/04\/micareta-sao-paulo-foto-gay-blog-br-4.jpeg?resize=696%2C447&#038;ssl=1\" alt=\"'Micareta S\u00e3o Paulo' - Photo: Victor Miller\" width=\"696\" height=\"447\" srcset=\"https:\/\/i0.wp.com\/gay.blog.br\/wp-content\/uploads\/2024\/04\/micareta-sao-paulo-foto-gay-blog-br-4.jpeg?w=957&amp;ssl=1 957w, https:\/\/i0.wp.com\/gay.blog.br\/wp-content\/uploads\/2024\/04\/micareta-sao-paulo-foto-gay-blog-br-4.jpeg?resize=300%2C192&amp;ssl=1 300w, https:\/\/i0.wp.com\/gay.blog.br\/wp-content\/uploads\/2024\/04\/micareta-sao-paulo-foto-gay-blog-br-4.jpeg?resize=150%2C96&amp;ssl=1 150w, https:\/\/i0.wp.com\/gay.blog.br\/wp-content\/uploads\/2024\/04\/micareta-sao-paulo-foto-gay-blog-br-4.jpeg?resize=768%2C493&amp;ssl=1 768w, https:\/\/i0.wp.com\/gay.blog.br\/wp-content\/uploads\/2024\/04\/micareta-sao-paulo-foto-gay-blog-br-4.jpeg?resize=655%2C420&amp;ssl=1 655w, https:\/\/i0.wp.com\/gay.blog.br\/wp-content\/uploads\/2024\/04\/micareta-sao-paulo-foto-gay-blog-br-4.jpeg?resize=696%2C447&amp;ssl=1 696w\" sizes=\"auto, (max-width: 696px) 100vw, 696px\" \/><\/a><figcaption id=\"caption-attachment-217596\" class=\"wp-caption-text\">Vin\u00edcius Yamada at Micareta S\u00e3o Paulo 2023 &#8211; Photo: Victor Miller<\/figcaption><\/figure>\n<h3 style=\"text-align: left;\">Micareta S\u00e3o Paulo 2023<\/h3>\n<p style=\"text-align: justify;\"><a href=\"https:\/\/gay.blog.br\/lazer\/shows\/micareta-sao-paulo-anuncia-edicao-em-junho-com-ivete-sangalo-pabllo-vittar-daniela-mercury-e-gloria-groove\/\">Last year, in 2023, the <strong>Micareta S\u00e3o Paulo<\/strong><\/a> took place at the <strong>Anhembi Sambadrome<\/strong>, from June 8 to 10. On the first day, <a href=\"https:\/\/gay.blog.br\/?s=Ivete+Sangalo\"><strong>Ivete Sangalo<\/strong><\/a> and <strong>Claudia Leitte<\/strong> were the opening attractions of the party, which coincided with the <em>Corpus Christi<\/em> holiday. In the following days, <a href=\"https:\/\/gay.blog.br\/?s=Daniela+Mercury\"><strong>Daniela Mercury<\/strong><\/a>, <strong>Gloria Groove<\/strong>, <strong>Alinne Rosa<\/strong> and other artists performed. The closing of the event was handled by <a href=\"https:\/\/gay.blog.br\/?s=Pabllo+Vittar\"><strong>Pabllo Vittar<\/strong><\/a>, <a href=\"https:\/\/gay.blog.br\/?s=Lexa\"><strong>Lexa<\/strong><\/a>, <a href=\"https:\/\/gay.blog.br\/?s=Timbalada\"><strong>Timbalada<\/strong><\/a> and <strong>Claudia Leitte<\/strong> once again.<\/p>\n<h1 style=\"text-align: left;\"><strong>Service<\/strong><\/h1>\n<p><b>Micareta S\u00e3o Paulo 2024<br \/>\n<\/b>May 30 and 31, 2024<br \/>\nLOCATION: <strong>Arena Pinheiros<\/strong><br \/>\n<a href=\"https:\/\/maps.app.goo.gl\/453xjejb3u6TTZ5M6\">Av. Eng. Billings, 2300 &#8211; Jaguar\u00e9, S\u00e3o Paulo &#8211; SP, 02675-031<\/a><\/p>\n<ul>\n<li><strong>Thursday (30th):<\/strong> Gloria Groove, \u00c9 O Tchan, Dennis DJ, Solange Almeida, Alinne Rosa and DJs<\/li>\n<li><strong>Friday (31):<\/strong> Pedro Sampaio, Claudia Leitte, Joelma and DJs<\/li>\n<\/ul>\n<p>During the two days of the event, the party will start at 3 PM and end at 8 AM.<\/p>\n<p><strong>Tickets:<\/strong> <a href=\"http:\/\/www.micaretasdasan.com\/\" target=\"_blank\" rel=\"noopener\" data-saferedirecturl=\"https:\/\/www.google.com\/url?q=http:\/\/www.micaretasdasan.com\/&amp;source=gmail&amp;ust=1714132113278000&amp;usg=AOvVaw2be0Ppw2x46tfD3JBEeDkP\">www.micaretasdasan.com<\/a><\/p>\n<blockquote class=\"wp-embedded-content\" data-secret=\"OsPNqpFRbZ\"><p><a href=\"https:\/\/gay.blog.br\/en\/news\/sao-paulo-pride-parade-announces-date-and-theme-for-2024-edition\/\">Parada de SP anuncia data e tema da edi\u00e7\u00e3o de 2024<\/a><\/p><\/blockquote>\n<p><iframe loading=\"lazy\" class=\"wp-embedded-content\" sandbox=\"allow-scripts\" security=\"restricted\" style=\"position: absolute; clip: rect(1px, 1px, 1px, 1px);\" title=\"&#8220;Parada de SP anuncia data e tema da edi\u00e7\u00e3o de 2024&#8221; &#8212; GAY BLOG BR @gayblogbr\" src=\"https:\/\/gay.blog.br\/en\/news\/sao-paulo-pride-parade-announces-date-and-theme-for-2024-edition\/embed\/#?secret=H02Gi971Yw#?secret=OsPNqpFRbZ\" data-secret=\"OsPNqpFRbZ\" width=\"600\" height=\"338\" frameborder=\"0\" marginwidth=\"0\" marginheight=\"0\" scrolling=\"no\"><\/iframe><\/p>\n","protected":false},"excerpt":{"rendered":"<p>Gloria Groove, \u00c9 O Tchan, Joelma, Solange Almeida, Dennis DJ, Claudia Leitte, Pedro Sampaio, and Alinne Rosa are in the 2024 edition, which takes place on the eve of the S\u00e3o Paulo Parade<\/p>\n","protected":false},"author":3757,"featured_media":217597,"comment_status":"open","ping_status":"open","sticky":false,"template":"","format":"standard","meta":{"googlesitekit_rrm_CAoiEBg-BXrJeACjO8p49SE4kTY:productID":"","tdm_status":"","tdm_grid_status":"","_jetpack_newsletter_access":"","_jetpack_dont_email_post_to_subs":false,"_jetpack_newsletter_tier_id":0,"_jetpack_memberships_contains_paywalled_content":false,"_jetpack_memberships_contains_paid_content":false,"footnotes":"","jetpack_publicize_message":"'Micareta S\u00e3o Paulo' festival announces 2024 edition with Gloria Groove and Pedro Sampaio","jetpack_publicize_feature_enabled":true,"jetpack_social_post_already_shared":true,"jetpack_social_options":{"image_generator_settings":{"template":"highway","default_image_id":0,"font":"","enabled":false},"version":2},"_wpas_customize_per_network":false,"jetpack_post_was_ever_published":false},"categories":[589932251,589932250],"tags":[589950472,589950462,589950477,589950476,589950459,589950460,589950461,589950463,589932879,589938264,589932839,589937327,589950471,589950467,589950482,589950479,589950481,589935791,589950465,589950466,589950469,589932311,589950430,589950474,589942769],"class_list":{"0":"post-218371","1":"post","2":"type-post","3":"status-publish","4":"format-standard","5":"has-post-thumbnail","7":"category-concerts","8":"category-leisure","9":"tag-micareta-sao-paulo-festival","10":"tag-alinne-rosa-en","11":"tag-arena-pinheiros-en","12":"tag-aron-en-2","13":"tag-axe-en","14":"tag-e-o-tchan-en","15":"tag-claudia-leitte-en","16":"tag-dennis-dj-en","17":"tag-event","18":"tag-festival-en","19":"tag-gloria-groove-en","20":"tag-joelma-en","21":"tag-lgbtqia-parade-en","22":"tag-micareta-en","23":"tag-micareta-sp-en","24":"tag-micaretas-en-2","25":"tag-micaretas-da-san-en-2","26":"tag-party","27":"tag-pedro-sampaio-en","28":"tag-san-sebastian-en","29":"tag-san-sebastian-group-en","30":"tag-sao-paulo-en","31":"tag-sao-paulo-parade","32":"tag-solange-almeida-en-2","33":"tag-sp-parade"},"yoast_head":"<!-- This site is optimized with the Yoast SEO plugin v27.4 - https:\/\/yoast.com\/product\/yoast-seo-wordpress\/ -->\n<title>&#039;Micareta S\u00e3o Paulo&#039; festival announces 2024 edition with Gloria Groove and Pedro Sampaio<\/title>\n<meta name=\"description\" content=\"Gloria Groove, \u00c9 O Tchan, Joelma, Solange Almeida, Dennis DJ, Claudia Leitte, Pedro Sampaio, and Alinne Rosa are in the 2024 edition, which takes place on the eve of the S\u00e3o Paulo Parade\" \/>\n<meta name=\"robots\" content=\"index, follow, max-snippet:-1, max-image-preview:large, max-video-preview:-1\" \/>\n<link rel=\"canonical\" href=\"https:\/\/gay.blog.br\/en\/leisure\/concerts\/micareta-sao-paulo-festival-announces-2024-edition-with-gloria-groove-and-pedro-sampaio\/\" \/>\n<meta property=\"og:locale\" content=\"en_US\" \/>\n<meta property=\"og:type\" content=\"article\" \/>\n<meta property=\"og:title\" content=\"&#039;Micareta S\u00e3o Paulo&#039; festival announces 2024 edition with Gloria Groove and Pedro Sampaio\" \/>\n<meta property=\"og:description\" content=\"Gloria Groove, \u00c9 O Tchan, Joelma, Solange Almeida, Dennis DJ, Claudia Leitte, Pedro Sampaio, and Alinne Rosa are in the 2024 edition, which takes place on the eve of the S\u00e3o Paulo Parade\" \/>\n<meta property=\"og:url\" content=\"https:\/\/gay.blog.br\/en\/leisure\/concerts\/micareta-sao-paulo-festival-announces-2024-edition-with-gloria-groove-and-pedro-sampaio\/\" \/>\n<meta property=\"og:site_name\" content=\"GAY BLOG BR @gayblogbr\" \/>\n<meta property=\"article:publisher\" content=\"https:\/\/facebook.com\/gayblogbr\" \/>\n<meta property=\"article:author\" content=\"https:\/\/facebook.com\/gayblogbr\" \/>\n<meta property=\"article:published_time\" content=\"2024-04-28T19:05:16+00:00\" \/>\n<meta property=\"article:modified_time\" content=\"2024-05-05T20:08:23+00:00\" \/>\n<meta property=\"og:image\" content=\"https:\/\/gay.blog.br\/wp-content\/uploads\/2024\/04\/micareta-sao-paulo-foto-gay-blog-br-4.jpeg\" \/>\n\t<meta property=\"og:image:width\" content=\"957\" \/>\n\t<meta property=\"og:image:height\" content=\"614\" \/>\n\t<meta property=\"og:image:type\" content=\"image\/jpeg\" \/>\n<meta name=\"author\" content=\"Tailane Santos\" \/>\n<meta name=\"twitter:card\" content=\"summary_large_image\" \/>\n<meta name=\"twitter:creator\" content=\"@http:\/\/twitter.com\/gayblogbr\" \/>\n<meta name=\"twitter:site\" content=\"@gayblogbr\" \/>\n<meta name=\"twitter:label1\" content=\"Written by\" \/>\n\t<meta name=\"twitter:data1\" content=\"Tailane Santos\" \/>\n\t<meta name=\"twitter:label2\" content=\"Est. reading time\" \/>\n\t<meta name=\"twitter:data2\" content=\"3 minutes\" \/>\n<script type=\"application\/ld+json\" class=\"yoast-schema-graph\">{\"@context\":\"https:\\\/\\\/schema.org\",\"@graph\":[{\"@type\":\"Article\",\"@id\":\"https:\\\/\\\/gay.blog.br\\\/en\\\/leisure\\\/concerts\\\/micareta-sao-paulo-festival-announces-2024-edition-with-gloria-groove-and-pedro-sampaio\\\/#article\",\"isPartOf\":{\"@id\":\"https:\\\/\\\/gay.blog.br\\\/en\\\/leisure\\\/concerts\\\/micareta-sao-paulo-festival-announces-2024-edition-with-gloria-groove-and-pedro-sampaio\\\/\"},\"author\":{\"name\":\"Tailane Santos\",\"@id\":\"https:\\\/\\\/gay.blog.br\\\/en\\\/#\\\/schema\\\/person\\\/e0fca12cd80b5bbe6906c6053a688b8d\"},\"headline\":\"&#8216;Micareta S\u00e3o Paulo&#8217; festival announces 2024 edition with Gloria Groove and Pedro Sampaio\",\"datePublished\":\"2024-04-28T19:05:16+00:00\",\"dateModified\":\"2024-05-05T20:08:23+00:00\",\"mainEntityOfPage\":{\"@id\":\"https:\\\/\\\/gay.blog.br\\\/en\\\/leisure\\\/concerts\\\/micareta-sao-paulo-festival-announces-2024-edition-with-gloria-groove-and-pedro-sampaio\\\/\"},\"wordCount\":349,\"commentCount\":0,\"publisher\":{\"@id\":\"https:\\\/\\\/gay.blog.br\\\/en\\\/#organization\"},\"image\":{\"@id\":\"https:\\\/\\\/gay.blog.br\\\/en\\\/leisure\\\/concerts\\\/micareta-sao-paulo-festival-announces-2024-edition-with-gloria-groove-and-pedro-sampaio\\\/#primaryimage\"},\"thumbnailUrl\":\"https:\\\/\\\/i0.wp.com\\\/gay.blog.br\\\/wp-content\\\/uploads\\\/2024\\\/04\\\/micareta-sao-paulo-foto-gay-blog-br-4.jpeg?fit=957%2C614&ssl=1\",\"keywords\":[\"\\\"Micareta S\u00e3o Paulo\\\" festival\",\"Alinne Rosa\",\"Arena Pinheiros\",\"Aron\",\"ax\u00e9\",\"\u00e9 o tchan\",\"cl\u00e1udia leitte\",\"Dennis DJ\",\"event\",\"festival\",\"Gloria Groove\",\"Joelma\",\"lgbtqia+ parade\",\"Micareta\",\"micareta sp\",\"micaretas\",\"micaretas da san\",\"party\",\"Pedro Sampaio\",\"San Sebastian\",\"San Sebastian Group\",\"s\u00e3o paulo\",\"s\u00e3o paulo parade\",\"Solange Almeida\",\"sp parade\"],\"articleSection\":[\"CONCERTS\",\"LEISURE\"],\"inLanguage\":\"en-US\",\"potentialAction\":[{\"@type\":\"CommentAction\",\"name\":\"Comment\",\"target\":[\"https:\\\/\\\/gay.blog.br\\\/en\\\/leisure\\\/concerts\\\/micareta-sao-paulo-festival-announces-2024-edition-with-gloria-groove-and-pedro-sampaio\\\/#respond\"]}]},{\"@type\":\"WebPage\",\"@id\":\"https:\\\/\\\/gay.blog.br\\\/en\\\/leisure\\\/concerts\\\/micareta-sao-paulo-festival-announces-2024-edition-with-gloria-groove-and-pedro-sampaio\\\/\",\"url\":\"https:\\\/\\\/gay.blog.br\\\/en\\\/leisure\\\/concerts\\\/micareta-sao-paulo-festival-announces-2024-edition-with-gloria-groove-and-pedro-sampaio\\\/\",\"name\":\"'Micareta S\u00e3o Paulo' festival announces 2024 edition with Gloria Groove and Pedro Sampaio\",\"isPartOf\":{\"@id\":\"https:\\\/\\\/gay.blog.br\\\/en\\\/#website\"},\"primaryImageOfPage\":{\"@id\":\"https:\\\/\\\/gay.blog.br\\\/en\\\/leisure\\\/concerts\\\/micareta-sao-paulo-festival-announces-2024-edition-with-gloria-groove-and-pedro-sampaio\\\/#primaryimage\"},\"image\":{\"@id\":\"https:\\\/\\\/gay.blog.br\\\/en\\\/leisure\\\/concerts\\\/micareta-sao-paulo-festival-announces-2024-edition-with-gloria-groove-and-pedro-sampaio\\\/#primaryimage\"},\"thumbnailUrl\":\"https:\\\/\\\/i0.wp.com\\\/gay.blog.br\\\/wp-content\\\/uploads\\\/2024\\\/04\\\/micareta-sao-paulo-foto-gay-blog-br-4.jpeg?fit=957%2C614&ssl=1\",\"datePublished\":\"2024-04-28T19:05:16+00:00\",\"dateModified\":\"2024-05-05T20:08:23+00:00\",\"description\":\"Gloria Groove, \u00c9 O Tchan, Joelma, Solange Almeida, Dennis DJ, Claudia Leitte, Pedro Sampaio, and Alinne Rosa are in the 2024 edition, which takes place on the eve of the S\u00e3o Paulo Parade\",\"breadcrumb\":{\"@id\":\"https:\\\/\\\/gay.blog.br\\\/en\\\/leisure\\\/concerts\\\/micareta-sao-paulo-festival-announces-2024-edition-with-gloria-groove-and-pedro-sampaio\\\/#breadcrumb\"},\"inLanguage\":\"en-US\",\"potentialAction\":[{\"@type\":\"ReadAction\",\"target\":[\"https:\\\/\\\/gay.blog.br\\\/en\\\/leisure\\\/concerts\\\/micareta-sao-paulo-festival-announces-2024-edition-with-gloria-groove-and-pedro-sampaio\\\/\"]}]},{\"@type\":\"ImageObject\",\"inLanguage\":\"en-US\",\"@id\":\"https:\\\/\\\/gay.blog.br\\\/en\\\/leisure\\\/concerts\\\/micareta-sao-paulo-festival-announces-2024-edition-with-gloria-groove-and-pedro-sampaio\\\/#primaryimage\",\"url\":\"https:\\\/\\\/i0.wp.com\\\/gay.blog.br\\\/wp-content\\\/uploads\\\/2024\\\/04\\\/micareta-sao-paulo-foto-gay-blog-br-4.jpeg?fit=957%2C614&ssl=1\",\"contentUrl\":\"https:\\\/\\\/i0.wp.com\\\/gay.blog.br\\\/wp-content\\\/uploads\\\/2024\\\/04\\\/micareta-sao-paulo-foto-gay-blog-br-4.jpeg?fit=957%2C614&ssl=1\",\"width\":957,\"height\":614,\"caption\":\"'Micareta S\u00e3o Paulo' - Foto: Victor Miller\"},{\"@type\":\"BreadcrumbList\",\"@id\":\"https:\\\/\\\/gay.blog.br\\\/en\\\/leisure\\\/concerts\\\/micareta-sao-paulo-festival-announces-2024-edition-with-gloria-groove-and-pedro-sampaio\\\/#breadcrumb\",\"itemListElement\":[{\"@type\":\"ListItem\",\"position\":1,\"name\":\"In\u00edcio\",\"item\":\"https:\\\/\\\/gay.blog.br\\\/en\\\/\"},{\"@type\":\"ListItem\",\"position\":2,\"name\":\"&#8216;Micareta S\u00e3o Paulo&#8217; festival announces 2024 edition with Gloria Groove and Pedro Sampaio\"}]},{\"@type\":\"WebSite\",\"@id\":\"https:\\\/\\\/gay.blog.br\\\/en\\\/#website\",\"url\":\"https:\\\/\\\/gay.blog.br\\\/en\\\/\",\"name\":\"GAY BLOG BR @gayblogbr\",\"description\":\"Not\u00edcias que empoderam e\\\/ou entret\u00eam s\u00e3o especialidades da casa\",\"publisher\":{\"@id\":\"https:\\\/\\\/gay.blog.br\\\/en\\\/#organization\"},\"potentialAction\":[{\"@type\":\"SearchAction\",\"target\":{\"@type\":\"EntryPoint\",\"urlTemplate\":\"https:\\\/\\\/gay.blog.br\\\/en\\\/?s={search_term_string}\"},\"query-input\":{\"@type\":\"PropertyValueSpecification\",\"valueRequired\":true,\"valueName\":\"search_term_string\"}}],\"inLanguage\":\"en-US\"},{\"@type\":\"Organization\",\"@id\":\"https:\\\/\\\/gay.blog.br\\\/en\\\/#organization\",\"name\":\"GAY BLOG BR\",\"url\":\"https:\\\/\\\/gay.blog.br\\\/en\\\/\",\"logo\":{\"@type\":\"ImageObject\",\"inLanguage\":\"en-US\",\"@id\":\"https:\\\/\\\/gay.blog.br\\\/en\\\/#\\\/schema\\\/logo\\\/image\\\/\",\"url\":\"https:\\\/\\\/i0.wp.com\\\/gay.blog.br\\\/wp-content\\\/uploads\\\/2023\\\/08\\\/gay180px.png?fit=272%2C90&ssl=1\",\"contentUrl\":\"https:\\\/\\\/i0.wp.com\\\/gay.blog.br\\\/wp-content\\\/uploads\\\/2023\\\/08\\\/gay180px.png?fit=272%2C90&ssl=1\",\"width\":272,\"height\":90,\"caption\":\"GAY BLOG BR\"},\"image\":{\"@id\":\"https:\\\/\\\/gay.blog.br\\\/en\\\/#\\\/schema\\\/logo\\\/image\\\/\"},\"sameAs\":[\"https:\\\/\\\/facebook.com\\\/gayblogbr\",\"https:\\\/\\\/x.com\\\/gayblogbr\",\"https:\\\/\\\/instagram.com\\\/gayblogbr\",\"https:\\\/\\\/www.linkedin.com\\\/company\\\/gayblogbr\\\/\",\"https:\\\/\\\/br.pinterest.com\\\/gayblogbr\\\/\",\"https:\\\/\\\/www.youtube.com\\\/channel\\\/UCdEu3JXLOB-wvWAVUF4AIiA\",\"https:\\\/\\\/pt.wikipedia.org\\\/wiki\\\/Gay_Blog_Br\",\"https:\\\/\\\/www.threads.net\\\/@gayblogbr\"]},{\"@type\":\"Person\",\"@id\":\"https:\\\/\\\/gay.blog.br\\\/en\\\/#\\\/schema\\\/person\\\/e0fca12cd80b5bbe6906c6053a688b8d\",\"name\":\"Tailane Santos\",\"image\":{\"@type\":\"ImageObject\",\"inLanguage\":\"en-US\",\"@id\":\"https:\\\/\\\/secure.gravatar.com\\\/avatar\\\/91f7f6be799f1c9d8ed3565c1642b4ce01fbc229bfdea97f4177fd0d6049cbfe?s=96&d=mm&r=g\",\"url\":\"https:\\\/\\\/secure.gravatar.com\\\/avatar\\\/91f7f6be799f1c9d8ed3565c1642b4ce01fbc229bfdea97f4177fd0d6049cbfe?s=96&d=mm&r=g\",\"contentUrl\":\"https:\\\/\\\/secure.gravatar.com\\\/avatar\\\/91f7f6be799f1c9d8ed3565c1642b4ce01fbc229bfdea97f4177fd0d6049cbfe?s=96&d=mm&r=g\",\"caption\":\"Tailane Santos\"},\"sameAs\":[\"http:\\\/\\\/wwww.gay.blog.br\",\"https:\\\/\\\/facebook.com\\\/gayblogbr\",\"https:\\\/\\\/instagram.com\\\/gayblogbr\",\"https:\\\/\\\/www.linkedin.com\\\/company\\\/gayblogbr\\\/\",\"http:\\\/\\\/pinterest.com\\\/gayblogbr\\\/\",\"https:\\\/\\\/x.com\\\/http:\\\/\\\/twitter.com\\\/gayblogbr\",\"https:\\\/\\\/www.youtube.com\\\/channel\\\/UCdEu3JXLOB-wvWAVUF4AIiA\"],\"url\":\"https:\\\/\\\/gay.blog.br\\\/en\\\/author\\\/tailane\\\/\"}]}<\/script>\n<!-- \/ Yoast SEO plugin. -->","yoast_head_json":{"title":"'Micareta S\u00e3o Paulo' festival announces 2024 edition with Gloria Groove and Pedro Sampaio","description":"Gloria Groove, \u00c9 O Tchan, Joelma, Solange Almeida, Dennis DJ, Claudia Leitte, Pedro Sampaio, and Alinne Rosa are in the 2024 edition, which takes place on the eve of the S\u00e3o Paulo Parade","robots":{"index":"index","follow":"follow","max-snippet":"max-snippet:-1","max-image-preview":"max-image-preview:large","max-video-preview":"max-video-preview:-1"},"canonical":"https:\/\/gay.blog.br\/en\/leisure\/concerts\/micareta-sao-paulo-festival-announces-2024-edition-with-gloria-groove-and-pedro-sampaio\/","og_locale":"en_US","og_type":"article","og_title":"'Micareta S\u00e3o Paulo' festival announces 2024 edition with Gloria Groove and Pedro Sampaio","og_description":"Gloria Groove, \u00c9 O Tchan, Joelma, Solange Almeida, Dennis DJ, Claudia Leitte, Pedro Sampaio, and Alinne Rosa are in the 2024 edition, which takes place on the eve of the S\u00e3o Paulo Parade","og_url":"https:\/\/gay.blog.br\/en\/leisure\/concerts\/micareta-sao-paulo-festival-announces-2024-edition-with-gloria-groove-and-pedro-sampaio\/","og_site_name":"GAY BLOG BR @gayblogbr","article_publisher":"https:\/\/facebook.com\/gayblogbr","article_author":"https:\/\/facebook.com\/gayblogbr","article_published_time":"2024-04-28T19:05:16+00:00","article_modified_time":"2024-05-05T20:08:23+00:00","og_image":[{"width":957,"height":614,"url":"https:\/\/gay.blog.br\/wp-content\/uploads\/2024\/04\/micareta-sao-paulo-foto-gay-blog-br-4.jpeg","type":"image\/jpeg"}],"author":"Tailane Santos","twitter_card":"summary_large_image","twitter_creator":"@http:\/\/twitter.com\/gayblogbr","twitter_site":"@gayblogbr","twitter_misc":{"Written by":"Tailane Santos","Est. reading time":"3 minutes"},"schema":{"@context":"https:\/\/schema.org","@graph":[{"@type":"Article","@id":"https:\/\/gay.blog.br\/en\/leisure\/concerts\/micareta-sao-paulo-festival-announces-2024-edition-with-gloria-groove-and-pedro-sampaio\/#article","isPartOf":{"@id":"https:\/\/gay.blog.br\/en\/leisure\/concerts\/micareta-sao-paulo-festival-announces-2024-edition-with-gloria-groove-and-pedro-sampaio\/"},"author":{"name":"Tailane Santos","@id":"https:\/\/gay.blog.br\/en\/#\/schema\/person\/e0fca12cd80b5bbe6906c6053a688b8d"},"headline":"&#8216;Micareta S\u00e3o Paulo&#8217; festival announces 2024 edition with Gloria Groove and Pedro Sampaio","datePublished":"2024-04-28T19:05:16+00:00","dateModified":"2024-05-05T20:08:23+00:00","mainEntityOfPage":{"@id":"https:\/\/gay.blog.br\/en\/leisure\/concerts\/micareta-sao-paulo-festival-announces-2024-edition-with-gloria-groove-and-pedro-sampaio\/"},"wordCount":349,"commentCount":0,"publisher":{"@id":"https:\/\/gay.blog.br\/en\/#organization"},"image":{"@id":"https:\/\/gay.blog.br\/en\/leisure\/concerts\/micareta-sao-paulo-festival-announces-2024-edition-with-gloria-groove-and-pedro-sampaio\/#primaryimage"},"thumbnailUrl":"https:\/\/i0.wp.com\/gay.blog.br\/wp-content\/uploads\/2024\/04\/micareta-sao-paulo-foto-gay-blog-br-4.jpeg?fit=957%2C614&ssl=1","keywords":["\"Micareta S\u00e3o Paulo\" festival","Alinne Rosa","Arena Pinheiros","Aron","ax\u00e9","\u00e9 o tchan","cl\u00e1udia leitte","Dennis DJ","event","festival","Gloria Groove","Joelma","lgbtqia+ parade","Micareta","micareta sp","micaretas","micaretas da san","party","Pedro Sampaio","San Sebastian","San Sebastian Group","s\u00e3o paulo","s\u00e3o paulo parade","Solange Almeida","sp parade"],"articleSection":["CONCERTS","LEISURE"],"inLanguage":"en-US","potentialAction":[{"@type":"CommentAction","name":"Comment","target":["https:\/\/gay.blog.br\/en\/leisure\/concerts\/micareta-sao-paulo-festival-announces-2024-edition-with-gloria-groove-and-pedro-sampaio\/#respond"]}]},{"@type":"WebPage","@id":"https:\/\/gay.blog.br\/en\/leisure\/concerts\/micareta-sao-paulo-festival-announces-2024-edition-with-gloria-groove-and-pedro-sampaio\/","url":"https:\/\/gay.blog.br\/en\/leisure\/concerts\/micareta-sao-paulo-festival-announces-2024-edition-with-gloria-groove-and-pedro-sampaio\/","name":"'Micareta S\u00e3o Paulo' festival announces 2024 edition with Gloria Groove and Pedro Sampaio","isPartOf":{"@id":"https:\/\/gay.blog.br\/en\/#website"},"primaryImageOfPage":{"@id":"https:\/\/gay.blog.br\/en\/leisure\/concerts\/micareta-sao-paulo-festival-announces-2024-edition-with-gloria-groove-and-pedro-sampaio\/#primaryimage"},"image":{"@id":"https:\/\/gay.blog.br\/en\/leisure\/concerts\/micareta-sao-paulo-festival-announces-2024-edition-with-gloria-groove-and-pedro-sampaio\/#primaryimage"},"thumbnailUrl":"https:\/\/i0.wp.com\/gay.blog.br\/wp-content\/uploads\/2024\/04\/micareta-sao-paulo-foto-gay-blog-br-4.jpeg?fit=957%2C614&ssl=1","datePublished":"2024-04-28T19:05:16+00:00","dateModified":"2024-05-05T20:08:23+00:00","description":"Gloria Groove, \u00c9 O Tchan, Joelma, Solange Almeida, Dennis DJ, Claudia Leitte, Pedro Sampaio, and Alinne Rosa are in the 2024 edition, which takes place on the eve of the S\u00e3o Paulo Parade","breadcrumb":{"@id":"https:\/\/gay.blog.br\/en\/leisure\/concerts\/micareta-sao-paulo-festival-announces-2024-edition-with-gloria-groove-and-pedro-sampaio\/#breadcrumb"},"inLanguage":"en-US","potentialAction":[{"@type":"ReadAction","target":["https:\/\/gay.blog.br\/en\/leisure\/concerts\/micareta-sao-paulo-festival-announces-2024-edition-with-gloria-groove-and-pedro-sampaio\/"]}]},{"@type":"ImageObject","inLanguage":"en-US","@id":"https:\/\/gay.blog.br\/en\/leisure\/concerts\/micareta-sao-paulo-festival-announces-2024-edition-with-gloria-groove-and-pedro-sampaio\/#primaryimage","url":"https:\/\/i0.wp.com\/gay.blog.br\/wp-content\/uploads\/2024\/04\/micareta-sao-paulo-foto-gay-blog-br-4.jpeg?fit=957%2C614&ssl=1","contentUrl":"https:\/\/i0.wp.com\/gay.blog.br\/wp-content\/uploads\/2024\/04\/micareta-sao-paulo-foto-gay-blog-br-4.jpeg?fit=957%2C614&ssl=1","width":957,"height":614,"caption":"'Micareta S\u00e3o Paulo' - Foto: Victor Miller"},{"@type":"BreadcrumbList","@id":"https:\/\/gay.blog.br\/en\/leisure\/concerts\/micareta-sao-paulo-festival-announces-2024-edition-with-gloria-groove-and-pedro-sampaio\/#breadcrumb","itemListElement":[{"@type":"ListItem","position":1,"name":"In\u00edcio","item":"https:\/\/gay.blog.br\/en\/"},{"@type":"ListItem","position":2,"name":"&#8216;Micareta S\u00e3o Paulo&#8217; festival announces 2024 edition with Gloria Groove and Pedro Sampaio"}]},{"@type":"WebSite","@id":"https:\/\/gay.blog.br\/en\/#website","url":"https:\/\/gay.blog.br\/en\/","name":"GAY BLOG BR @gayblogbr","description":"Not\u00edcias que empoderam e\/ou entret\u00eam s\u00e3o especialidades da casa","publisher":{"@id":"https:\/\/gay.blog.br\/en\/#organization"},"potentialAction":[{"@type":"SearchAction","target":{"@type":"EntryPoint","urlTemplate":"https:\/\/gay.blog.br\/en\/?s={search_term_string}"},"query-input":{"@type":"PropertyValueSpecification","valueRequired":true,"valueName":"search_term_string"}}],"inLanguage":"en-US"},{"@type":"Organization","@id":"https:\/\/gay.blog.br\/en\/#organization","name":"GAY BLOG BR","url":"https:\/\/gay.blog.br\/en\/","logo":{"@type":"ImageObject","inLanguage":"en-US","@id":"https:\/\/gay.blog.br\/en\/#\/schema\/logo\/image\/","url":"https:\/\/i0.wp.com\/gay.blog.br\/wp-content\/uploads\/2023\/08\/gay180px.png?fit=272%2C90&ssl=1","contentUrl":"https:\/\/i0.wp.com\/gay.blog.br\/wp-content\/uploads\/2023\/08\/gay180px.png?fit=272%2C90&ssl=1","width":272,"height":90,"caption":"GAY BLOG BR"},"image":{"@id":"https:\/\/gay.blog.br\/en\/#\/schema\/logo\/image\/"},"sameAs":["https:\/\/facebook.com\/gayblogbr","https:\/\/x.com\/gayblogbr","https:\/\/instagram.com\/gayblogbr","https:\/\/www.linkedin.com\/company\/gayblogbr\/","https:\/\/br.pinterest.com\/gayblogbr\/","https:\/\/www.youtube.com\/channel\/UCdEu3JXLOB-wvWAVUF4AIiA","https:\/\/pt.wikipedia.org\/wiki\/Gay_Blog_Br","https:\/\/www.threads.net\/@gayblogbr"]},{"@type":"Person","@id":"https:\/\/gay.blog.br\/en\/#\/schema\/person\/e0fca12cd80b5bbe6906c6053a688b8d","name":"Tailane Santos","image":{"@type":"ImageObject","inLanguage":"en-US","@id":"https:\/\/secure.gravatar.com\/avatar\/91f7f6be799f1c9d8ed3565c1642b4ce01fbc229bfdea97f4177fd0d6049cbfe?s=96&d=mm&r=g","url":"https:\/\/secure.gravatar.com\/avatar\/91f7f6be799f1c9d8ed3565c1642b4ce01fbc229bfdea97f4177fd0d6049cbfe?s=96&d=mm&r=g","contentUrl":"https:\/\/secure.gravatar.com\/avatar\/91f7f6be799f1c9d8ed3565c1642b4ce01fbc229bfdea97f4177fd0d6049cbfe?s=96&d=mm&r=g","caption":"Tailane Santos"},"sameAs":["http:\/\/wwww.gay.blog.br","https:\/\/facebook.com\/gayblogbr","https:\/\/instagram.com\/gayblogbr","https:\/\/www.linkedin.com\/company\/gayblogbr\/","http:\/\/pinterest.com\/gayblogbr\/","https:\/\/x.com\/http:\/\/twitter.com\/gayblogbr","https:\/\/www.youtube.com\/channel\/UCdEu3JXLOB-wvWAVUF4AIiA"],"url":"https:\/\/gay.blog.br\/en\/author\/tailane\/"}]}},"jetpack_publicize_connections":[],"jetpack_featured_media_url":"https:\/\/i0.wp.com\/gay.blog.br\/wp-content\/uploads\/2024\/04\/micareta-sao-paulo-foto-gay-blog-br-4.jpeg?fit=957%2C614&ssl=1","jetpack_sharing_enabled":true,"jetpack_shortlink":"https:\/\/wp.me\/p6klkK-UO7","jetpack_likes_enabled":false,"amp_enabled":true,"_links":{"self":[{"href":"https:\/\/gay.blog.br\/en\/wp-json\/wp\/v2\/posts\/218371","targetHints":{"allow":["GET"]}}],"collection":[{"href":"https:\/\/gay.blog.br\/en\/wp-json\/wp\/v2\/posts"}],"about":[{"href":"https:\/\/gay.blog.br\/en\/wp-json\/wp\/v2\/types\/post"}],"author":[{"embeddable":true,"href":"https:\/\/gay.blog.br\/en\/wp-json\/wp\/v2\/users\/3757"}],"replies":[{"embeddable":true,"href":"https:\/\/gay.blog.br\/en\/wp-json\/wp\/v2\/comments?post=218371"}],"version-history":[{"count":3,"href":"https:\/\/gay.blog.br\/en\/wp-json\/wp\/v2\/posts\/218371\/revisions"}],"predecessor-version":[{"id":218383,"href":"https:\/\/gay.blog.br\/en\/wp-json\/wp\/v2\/posts\/218371\/revisions\/218383"}],"wp:featuredmedia":[{"embeddable":true,"href":"https:\/\/gay.blog.br\/en\/wp-json\/wp\/v2\/media\/217597"}],"wp:attachment":[{"href":"https:\/\/gay.blog.br\/en\/wp-json\/wp\/v2\/media?parent=218371"}],"wp:term":[{"taxonomy":"category","embeddable":true,"href":"https:\/\/gay.blog.br\/en\/wp-json\/wp\/v2\/categories?post=218371"},{"taxonomy":"post_tag","embeddable":true,"href":"https:\/\/gay.blog.br\/en\/wp-json\/wp\/v2\/tags?post=218371"}],"curies":[{"name":"wp","href":"https:\/\/api.w.org\/{rel}","templated":true}]}}