{"id":85674,"date":"2019-09-22T16:37:58","date_gmt":"2019-09-22T19:37:58","guid":{"rendered":"https:\/\/gay.blog.br\/?p=85674"},"modified":"2020-09-21T08:35:20","modified_gmt":"2020-09-21T11:35:20","slug":"to-kiss-in-public-which-is-what-we-are-able-to-do-within-the-law-is-a-political-act-eliseu-neto","status":"publish","type":"post","link":"https:\/\/gay.blog.br\/en\/columnists\/to-kiss-in-public-which-is-what-we-are-able-to-do-within-the-law-is-a-political-act-eliseu-neto\/","title":{"rendered":"To kiss in public (which is what we are able to do within the law) is a political act | Eliseu Neto"},"content":{"rendered":"<p style=\"text-align: justify;\">Every year we follow the same discussion, in which a good part of gay people claim that they won&#8217;t go to Rio&#8217;s Diversity Parade because &#8220;it has become a mess&#8221;, &#8220;it&#8217;s always the same dirty stuff&#8221;, etc. And we, woke people, keep trying to convince who thinks in such a way that the Parade is indeed relevant, since a good part of the people who attend it is fighting for visibility through it.<\/p>\n<p style=\"text-align: justify;\">On this Sunday, as it happens only once a year, we will have in Copacabana, from the buff barbies and transsexuals (who are in their fight for real visibility and rights) up to the oldest generation, that started in the 60&#8217;s, with the Ok crew from downtown. In addition to that, there is also the public power, the Non-Governmental Organizations, the Mothers for Diversity (formed by a group of moms proud of their gay children) and even the samba school Mangueira (no pun intended), which has social projects in which students have classes about citizenship and respect to sexual and religious diversity.<\/p>\n<p style=\"text-align: justify;\">Is it hard to understand that, within this huge spectrum of differences that we are, a gay kiss, in public, has a tremendous power as a political act? For us, who grew up and evolved as men and women inside a hidden and restrict space most of the time, to go out and kiss someone you love (or even someone you met the same day, no judgement!) is a beautiful cry of freedom and visibility.<\/p>\n<p style=\"text-align: justify;\">Incidentally, I dare say: if the Brazilian law would allow, I believe that even sex on the streets (meeting some parameters, of course, such as days, time and places) would be a similar act, a force against the political and moral oppression over our bodies, sexualities, sexual orientation and freedom itself.<\/p>\n<p style=\"text-align: justify;\">The internal fight between many gay groups about subjects like the Parade&#8217;s importance shows how sexism, shame and guilt are still ingrained in us (besides the matter of some people&#8217;s ego overtaking the Parade&#8217;s real necessities, but I won&#8217;t go into this in too much detail because this article is already controversial enough as it is).<\/p>\n<p style=\"text-align: justify;\">If, on one hand, we ask for more visibility and rights, on the other hand, &#8220;some would prefer&#8221; that this was made, for example, while transsexuals are wearing bras (the same which, when burned down, were a symbol of the feminine rebellion against sexism), with gays that wouldn&#8217;t drink too much or that would &#8220;behave&#8221;.<\/p>\n<p style=\"text-align: justify;\">A &#8220;behaved&#8221; gay person is a fantastic idea. I keep wondering who could regulate this, what intensity of the kiss would be allowed in public or up to what point the manifestation of sexuality could happen in certain spaces.<\/p>\n<p style=\"text-align: justify;\">I remember Paulo Freire&#8217;s words, an icon that, to those who don&#8217;t know him, is as important to the Brazilian education as Madonna is to music. He declared that &#8220;when education is not liberating, the dream of the oppressed is to become the oppressor&#8221;. The psychoanalyst Jacques Lacan suggested, in his words, that the only thing we must not give up, that we must not cede, is to follow our desire.<\/p>\n<p style=\"text-align: justify;\">Let&#8217;s go to Rio&#8217;s DIVERSITY Parade to fight together the oppression against homosexuals, transsexuals, lesbians, bisexuals; any form of oppression against sexuality and freedom! Let&#8217;s go sort this mess out and fight for what is really important.<\/p>\n<p style=\"text-align: justify;\">And if there are still laws that interfere with our sexuality and our experiences with it, shall we remember that they are a product of the collective and of culture; and that they can and must be changed. In Berlin, in Germany, and in Amsterdam, in The Netherlands, for example, there are squares in which collective sex is a common experience (accepted according to certain times and places).<\/p>\n<p style=\"text-align: justify;\">And here we are, wasting our precious time still complaining about what happens under the flag or at dawn in the beach.<\/p>\n","protected":false},"excerpt":{"rendered":"<p>The psychoanalyst Eliseu Neto addresses the disagreement of ideas within the LGBT+ community itself and the importance of exercising the right to kiss in public<\/p>\n","protected":false},"author":2814,"featured_media":74731,"comment_status":"open","ping_status":"open","sticky":false,"template":"","format":"standard","meta":{"googlesitekit_rrm_CAoiEBg-BXrJeACjO8p49SE4kTY:productID":"","tdm_status":"","tdm_grid_status":"","_jetpack_newsletter_access":"","_jetpack_dont_email_post_to_subs":false,"_jetpack_newsletter_tier_id":0,"_jetpack_memberships_contains_paywalled_content":false,"_jetpack_memberships_contains_paid_content":false,"footnotes":"","jetpack_publicize_message":"To kiss in public (which is what we are able to do within the law) is a political act | Eliseu Neto @eliseuneto","jetpack_publicize_feature_enabled":true,"jetpack_social_post_already_shared":true,"jetpack_social_options":{"image_generator_settings":{"template":"highway","default_image_id":0,"font":"","enabled":false},"version":2},"_wpas_customize_per_network":false,"jetpack_post_was_ever_published":false},"categories":[589932240],"tags":[589932432,589932434,589932438,589932437,589932439,589932340],"class_list":{"0":"post-85674","1":"post","2":"type-post","3":"status-publish","4":"format-standard","5":"has-post-thumbnail","7":"category-columnists","8":"tag-eliseu-neto-en","9":"tag-jacques-lacan-en","10":"tag-mothers-for-diversity","11":"tag-paulo-freire-en","12":"tag-political-act","13":"tag-rio-de-janeiro-en"},"yoast_head":"<!-- This site is optimized with the Yoast SEO plugin v27.5 - https:\/\/yoast.com\/product\/yoast-seo-wordpress\/ -->\n<title>To kiss in public (which is what we are able to do within the law) is a political act | Eliseu Neto<\/title>\n<meta name=\"description\" content=\"The psychoanalyst Eliseu Neto addresses the disagreement of ideas within the LGBT+ community itself and the importance of exercising the right to kiss in public\" \/>\n<meta name=\"robots\" content=\"index, follow, max-snippet:-1, max-image-preview:large, max-video-preview:-1\" \/>\n<link rel=\"canonical\" href=\"https:\/\/gay.blog.br\/en\/columnists\/to-kiss-in-public-which-is-what-we-are-able-to-do-within-the-law-is-a-political-act-eliseu-neto\/\" \/>\n<meta property=\"og:locale\" content=\"en_US\" \/>\n<meta property=\"og:type\" content=\"article\" \/>\n<meta property=\"og:title\" content=\"To kiss in public (which is what we are able to do within the law) is a political act | Eliseu Neto\" \/>\n<meta property=\"og:description\" content=\"The psychoanalyst Eliseu Neto addresses the disagreement of ideas within the LGBT+ community itself and the importance of exercising the right to kiss in public\" \/>\n<meta property=\"og:url\" content=\"https:\/\/gay.blog.br\/en\/columnists\/to-kiss-in-public-which-is-what-we-are-able-to-do-within-the-law-is-a-political-act-eliseu-neto\/\" \/>\n<meta property=\"og:site_name\" content=\"GAY BLOG BR @gayblogbr\" \/>\n<meta property=\"article:publisher\" content=\"https:\/\/facebook.com\/gayblogbr\" \/>\n<meta property=\"article:author\" content=\"https:\/\/www.facebook.com\/profeliseuneto\" \/>\n<meta property=\"article:published_time\" content=\"2019-09-22T19:37:58+00:00\" \/>\n<meta property=\"article:modified_time\" content=\"2020-09-21T11:35:20+00:00\" \/>\n<meta property=\"og:image\" content=\"https:\/\/i0.wp.com\/gay.blog.br\/wp-content\/uploads\/2019\/09\/x73065211_Revellers-kiss-during-the-22nd-annual-Gay-Pride-parade-in-Copacabana-Rio-de-Janeiro-Bra.jpg.pagespeed.ic_.kdIVInthYI-1.jpg?fit=1086%2C652&ssl=1\" \/>\n\t<meta property=\"og:image:width\" content=\"1086\" \/>\n\t<meta property=\"og:image:height\" content=\"652\" \/>\n\t<meta property=\"og:image:type\" content=\"image\/jpeg\" \/>\n<meta name=\"author\" content=\"Eliseu Neto\" \/>\n<meta name=\"twitter:card\" content=\"summary_large_image\" \/>\n<meta name=\"twitter:creator\" content=\"@https:\/\/twitter.com\/eliseuneto\" \/>\n<meta name=\"twitter:site\" content=\"@gayblogbr\" \/>\n<meta name=\"twitter:label1\" content=\"Written by\" \/>\n\t<meta name=\"twitter:data1\" content=\"Eliseu Neto\" \/>\n\t<meta name=\"twitter:label2\" content=\"Est. reading time\" \/>\n\t<meta name=\"twitter:data2\" content=\"3 minutes\" \/>\n<script type=\"application\/ld+json\" class=\"yoast-schema-graph\">{\"@context\":\"https:\\\/\\\/schema.org\",\"@graph\":[{\"@type\":\"Article\",\"@id\":\"https:\\\/\\\/gay.blog.br\\\/en\\\/columnists\\\/to-kiss-in-public-which-is-what-we-are-able-to-do-within-the-law-is-a-political-act-eliseu-neto\\\/#article\",\"isPartOf\":{\"@id\":\"https:\\\/\\\/gay.blog.br\\\/en\\\/columnists\\\/to-kiss-in-public-which-is-what-we-are-able-to-do-within-the-law-is-a-political-act-eliseu-neto\\\/\"},\"author\":{\"name\":\"Eliseu Neto\",\"@id\":\"https:\\\/\\\/gay.blog.br\\\/en\\\/#\\\/schema\\\/person\\\/3ad3491b91ae0a051a563ed706e66961\"},\"headline\":\"To kiss in public (which is what we are able to do within the law) is a political act | Eliseu Neto\",\"datePublished\":\"2019-09-22T19:37:58+00:00\",\"dateModified\":\"2020-09-21T11:35:20+00:00\",\"mainEntityOfPage\":{\"@id\":\"https:\\\/\\\/gay.blog.br\\\/en\\\/columnists\\\/to-kiss-in-public-which-is-what-we-are-able-to-do-within-the-law-is-a-political-act-eliseu-neto\\\/\"},\"wordCount\":683,\"commentCount\":0,\"publisher\":{\"@id\":\"https:\\\/\\\/gay.blog.br\\\/en\\\/#organization\"},\"image\":{\"@id\":\"https:\\\/\\\/gay.blog.br\\\/en\\\/columnists\\\/to-kiss-in-public-which-is-what-we-are-able-to-do-within-the-law-is-a-political-act-eliseu-neto\\\/#primaryimage\"},\"thumbnailUrl\":\"https:\\\/\\\/i0.wp.com\\\/gay.blog.br\\\/wp-content\\\/uploads\\\/2019\\\/09\\\/x73065211_Revellers-kiss-during-the-22nd-annual-Gay-Pride-parade-in-Copacabana-Rio-de-Janeiro-Bra.jpg.pagespeed.ic_.kdIVInthYI-1.jpg?fit=1086%2C652&ssl=1\",\"keywords\":[\"eliseu neto\",\"Jacques Lacan\",\"Mothers for Diversity\",\"Paulo Freire\",\"Political act\",\"rio de janeiro\"],\"articleSection\":[\"COLUMNISTS\"],\"inLanguage\":\"en-US\",\"potentialAction\":[{\"@type\":\"CommentAction\",\"name\":\"Comment\",\"target\":[\"https:\\\/\\\/gay.blog.br\\\/en\\\/columnists\\\/to-kiss-in-public-which-is-what-we-are-able-to-do-within-the-law-is-a-political-act-eliseu-neto\\\/#respond\"]}]},{\"@type\":\"WebPage\",\"@id\":\"https:\\\/\\\/gay.blog.br\\\/en\\\/columnists\\\/to-kiss-in-public-which-is-what-we-are-able-to-do-within-the-law-is-a-political-act-eliseu-neto\\\/\",\"url\":\"https:\\\/\\\/gay.blog.br\\\/en\\\/columnists\\\/to-kiss-in-public-which-is-what-we-are-able-to-do-within-the-law-is-a-political-act-eliseu-neto\\\/\",\"name\":\"To kiss in public (which is what we are able to do within the law) is a political act | Eliseu Neto\",\"isPartOf\":{\"@id\":\"https:\\\/\\\/gay.blog.br\\\/en\\\/#website\"},\"primaryImageOfPage\":{\"@id\":\"https:\\\/\\\/gay.blog.br\\\/en\\\/columnists\\\/to-kiss-in-public-which-is-what-we-are-able-to-do-within-the-law-is-a-political-act-eliseu-neto\\\/#primaryimage\"},\"image\":{\"@id\":\"https:\\\/\\\/gay.blog.br\\\/en\\\/columnists\\\/to-kiss-in-public-which-is-what-we-are-able-to-do-within-the-law-is-a-political-act-eliseu-neto\\\/#primaryimage\"},\"thumbnailUrl\":\"https:\\\/\\\/i0.wp.com\\\/gay.blog.br\\\/wp-content\\\/uploads\\\/2019\\\/09\\\/x73065211_Revellers-kiss-during-the-22nd-annual-Gay-Pride-parade-in-Copacabana-Rio-de-Janeiro-Bra.jpg.pagespeed.ic_.kdIVInthYI-1.jpg?fit=1086%2C652&ssl=1\",\"datePublished\":\"2019-09-22T19:37:58+00:00\",\"dateModified\":\"2020-09-21T11:35:20+00:00\",\"description\":\"The psychoanalyst Eliseu Neto addresses the disagreement of ideas within the LGBT+ community itself and the importance of exercising the right to kiss in public\",\"breadcrumb\":{\"@id\":\"https:\\\/\\\/gay.blog.br\\\/en\\\/columnists\\\/to-kiss-in-public-which-is-what-we-are-able-to-do-within-the-law-is-a-political-act-eliseu-neto\\\/#breadcrumb\"},\"inLanguage\":\"en-US\",\"potentialAction\":[{\"@type\":\"ReadAction\",\"target\":[\"https:\\\/\\\/gay.blog.br\\\/en\\\/columnists\\\/to-kiss-in-public-which-is-what-we-are-able-to-do-within-the-law-is-a-political-act-eliseu-neto\\\/\"]}]},{\"@type\":\"ImageObject\",\"inLanguage\":\"en-US\",\"@id\":\"https:\\\/\\\/gay.blog.br\\\/en\\\/columnists\\\/to-kiss-in-public-which-is-what-we-are-able-to-do-within-the-law-is-a-political-act-eliseu-neto\\\/#primaryimage\",\"url\":\"https:\\\/\\\/i0.wp.com\\\/gay.blog.br\\\/wp-content\\\/uploads\\\/2019\\\/09\\\/x73065211_Revellers-kiss-during-the-22nd-annual-Gay-Pride-parade-in-Copacabana-Rio-de-Janeiro-Bra.jpg.pagespeed.ic_.kdIVInthYI-1.jpg?fit=1086%2C652&ssl=1\",\"contentUrl\":\"https:\\\/\\\/i0.wp.com\\\/gay.blog.br\\\/wp-content\\\/uploads\\\/2019\\\/09\\\/x73065211_Revellers-kiss-during-the-22nd-annual-Gay-Pride-parade-in-Copacabana-Rio-de-Janeiro-Bra.jpg.pagespeed.ic_.kdIVInthYI-1.jpg?fit=1086%2C652&ssl=1\",\"width\":1086,\"height\":652,\"caption\":\"Pride Copacabana Foto: CARL DE SOUZA \\\/ AFP\"},{\"@type\":\"BreadcrumbList\",\"@id\":\"https:\\\/\\\/gay.blog.br\\\/en\\\/columnists\\\/to-kiss-in-public-which-is-what-we-are-able-to-do-within-the-law-is-a-political-act-eliseu-neto\\\/#breadcrumb\",\"itemListElement\":[{\"@type\":\"ListItem\",\"position\":1,\"name\":\"In\u00edcio\",\"item\":\"https:\\\/\\\/gay.blog.br\\\/en\\\/\"},{\"@type\":\"ListItem\",\"position\":2,\"name\":\"To kiss in public (which is what we are able to do within the law) is a political act | Eliseu Neto\"}]},{\"@type\":\"WebSite\",\"@id\":\"https:\\\/\\\/gay.blog.br\\\/en\\\/#website\",\"url\":\"https:\\\/\\\/gay.blog.br\\\/en\\\/\",\"name\":\"GAY BLOG BR @gayblogbr\",\"description\":\"Not\u00edcias que empoderam e\\\/ou entret\u00eam s\u00e3o especialidades da casa\",\"publisher\":{\"@id\":\"https:\\\/\\\/gay.blog.br\\\/en\\\/#organization\"},\"potentialAction\":[{\"@type\":\"SearchAction\",\"target\":{\"@type\":\"EntryPoint\",\"urlTemplate\":\"https:\\\/\\\/gay.blog.br\\\/en\\\/?s={search_term_string}\"},\"query-input\":{\"@type\":\"PropertyValueSpecification\",\"valueRequired\":true,\"valueName\":\"search_term_string\"}}],\"inLanguage\":\"en-US\"},{\"@type\":\"Organization\",\"@id\":\"https:\\\/\\\/gay.blog.br\\\/en\\\/#organization\",\"name\":\"GAY BLOG BR\",\"url\":\"https:\\\/\\\/gay.blog.br\\\/en\\\/\",\"logo\":{\"@type\":\"ImageObject\",\"inLanguage\":\"en-US\",\"@id\":\"https:\\\/\\\/gay.blog.br\\\/en\\\/#\\\/schema\\\/logo\\\/image\\\/\",\"url\":\"https:\\\/\\\/i0.wp.com\\\/gay.blog.br\\\/wp-content\\\/uploads\\\/2023\\\/08\\\/gay180px.png?fit=272%2C90&ssl=1\",\"contentUrl\":\"https:\\\/\\\/i0.wp.com\\\/gay.blog.br\\\/wp-content\\\/uploads\\\/2023\\\/08\\\/gay180px.png?fit=272%2C90&ssl=1\",\"width\":272,\"height\":90,\"caption\":\"GAY BLOG BR\"},\"image\":{\"@id\":\"https:\\\/\\\/gay.blog.br\\\/en\\\/#\\\/schema\\\/logo\\\/image\\\/\"},\"sameAs\":[\"https:\\\/\\\/facebook.com\\\/gayblogbr\",\"https:\\\/\\\/x.com\\\/gayblogbr\",\"https:\\\/\\\/instagram.com\\\/gayblogbr\",\"https:\\\/\\\/www.linkedin.com\\\/company\\\/gayblogbr\\\/\",\"https:\\\/\\\/br.pinterest.com\\\/gayblogbr\\\/\",\"https:\\\/\\\/www.youtube.com\\\/channel\\\/UCdEu3JXLOB-wvWAVUF4AIiA\",\"https:\\\/\\\/pt.wikipedia.org\\\/wiki\\\/Gay_Blog_Br\",\"https:\\\/\\\/www.threads.net\\\/@gayblogbr\"]},{\"@type\":\"Person\",\"@id\":\"https:\\\/\\\/gay.blog.br\\\/en\\\/#\\\/schema\\\/person\\\/3ad3491b91ae0a051a563ed706e66961\",\"name\":\"Eliseu Neto\",\"image\":{\"@type\":\"ImageObject\",\"inLanguage\":\"en-US\",\"@id\":\"https:\\\/\\\/secure.gravatar.com\\\/avatar\\\/0472ef5479c705bf5abead3cb05b9a862e95100460ab433aabc55fc953fdfd8a?s=96&d=mm&r=g\",\"url\":\"https:\\\/\\\/secure.gravatar.com\\\/avatar\\\/0472ef5479c705bf5abead3cb05b9a862e95100460ab433aabc55fc953fdfd8a?s=96&d=mm&r=g\",\"contentUrl\":\"https:\\\/\\\/secure.gravatar.com\\\/avatar\\\/0472ef5479c705bf5abead3cb05b9a862e95100460ab433aabc55fc953fdfd8a?s=96&d=mm&r=g\",\"caption\":\"Eliseu Neto\"},\"description\":\"Psicanalista, psic\u00f3logo, ativista e psicopedagogo. Defensor dos direitos da diversidade e respons\u00e1vel pela criminaliza\u00e7\u00e3o da LGBTIfobia\",\"sameAs\":[\"https:\\\/\\\/gay.blog.br\\\/author\\\/eliseuneto\",\"https:\\\/\\\/www.facebook.com\\\/profeliseuneto\",\"https:\\\/\\\/www.instagram.com\\\/eliseuoneto\\\/\",\"https:\\\/\\\/x.com\\\/https:\\\/\\\/twitter.com\\\/eliseuneto\",\"https:\\\/\\\/www.youtube.com\\\/user\\\/profeliseuneto\"],\"url\":\"https:\\\/\\\/gay.blog.br\\\/en\\\/author\\\/eliseuneto\\\/\"}]}<\/script>\n<!-- \/ Yoast SEO plugin. -->","yoast_head_json":{"title":"To kiss in public (which is what we are able to do within the law) is a political act | Eliseu Neto","description":"The psychoanalyst Eliseu Neto addresses the disagreement of ideas within the LGBT+ community itself and the importance of exercising the right to kiss in public","robots":{"index":"index","follow":"follow","max-snippet":"max-snippet:-1","max-image-preview":"max-image-preview:large","max-video-preview":"max-video-preview:-1"},"canonical":"https:\/\/gay.blog.br\/en\/columnists\/to-kiss-in-public-which-is-what-we-are-able-to-do-within-the-law-is-a-political-act-eliseu-neto\/","og_locale":"en_US","og_type":"article","og_title":"To kiss in public (which is what we are able to do within the law) is a political act | Eliseu Neto","og_description":"The psychoanalyst Eliseu Neto addresses the disagreement of ideas within the LGBT+ community itself and the importance of exercising the right to kiss in public","og_url":"https:\/\/gay.blog.br\/en\/columnists\/to-kiss-in-public-which-is-what-we-are-able-to-do-within-the-law-is-a-political-act-eliseu-neto\/","og_site_name":"GAY BLOG BR @gayblogbr","article_publisher":"https:\/\/facebook.com\/gayblogbr","article_author":"https:\/\/www.facebook.com\/profeliseuneto","article_published_time":"2019-09-22T19:37:58+00:00","article_modified_time":"2020-09-21T11:35:20+00:00","og_image":[{"width":1086,"height":652,"url":"https:\/\/i0.wp.com\/gay.blog.br\/wp-content\/uploads\/2019\/09\/x73065211_Revellers-kiss-during-the-22nd-annual-Gay-Pride-parade-in-Copacabana-Rio-de-Janeiro-Bra.jpg.pagespeed.ic_.kdIVInthYI-1.jpg?fit=1086%2C652&ssl=1","type":"image\/jpeg"}],"author":"Eliseu Neto","twitter_card":"summary_large_image","twitter_creator":"@https:\/\/twitter.com\/eliseuneto","twitter_site":"@gayblogbr","twitter_misc":{"Written by":"Eliseu Neto","Est. reading time":"3 minutes"},"schema":{"@context":"https:\/\/schema.org","@graph":[{"@type":"Article","@id":"https:\/\/gay.blog.br\/en\/columnists\/to-kiss-in-public-which-is-what-we-are-able-to-do-within-the-law-is-a-political-act-eliseu-neto\/#article","isPartOf":{"@id":"https:\/\/gay.blog.br\/en\/columnists\/to-kiss-in-public-which-is-what-we-are-able-to-do-within-the-law-is-a-political-act-eliseu-neto\/"},"author":{"name":"Eliseu Neto","@id":"https:\/\/gay.blog.br\/en\/#\/schema\/person\/3ad3491b91ae0a051a563ed706e66961"},"headline":"To kiss in public (which is what we are able to do within the law) is a political act | Eliseu Neto","datePublished":"2019-09-22T19:37:58+00:00","dateModified":"2020-09-21T11:35:20+00:00","mainEntityOfPage":{"@id":"https:\/\/gay.blog.br\/en\/columnists\/to-kiss-in-public-which-is-what-we-are-able-to-do-within-the-law-is-a-political-act-eliseu-neto\/"},"wordCount":683,"commentCount":0,"publisher":{"@id":"https:\/\/gay.blog.br\/en\/#organization"},"image":{"@id":"https:\/\/gay.blog.br\/en\/columnists\/to-kiss-in-public-which-is-what-we-are-able-to-do-within-the-law-is-a-political-act-eliseu-neto\/#primaryimage"},"thumbnailUrl":"https:\/\/i0.wp.com\/gay.blog.br\/wp-content\/uploads\/2019\/09\/x73065211_Revellers-kiss-during-the-22nd-annual-Gay-Pride-parade-in-Copacabana-Rio-de-Janeiro-Bra.jpg.pagespeed.ic_.kdIVInthYI-1.jpg?fit=1086%2C652&ssl=1","keywords":["eliseu neto","Jacques Lacan","Mothers for Diversity","Paulo Freire","Political act","rio de janeiro"],"articleSection":["COLUMNISTS"],"inLanguage":"en-US","potentialAction":[{"@type":"CommentAction","name":"Comment","target":["https:\/\/gay.blog.br\/en\/columnists\/to-kiss-in-public-which-is-what-we-are-able-to-do-within-the-law-is-a-political-act-eliseu-neto\/#respond"]}]},{"@type":"WebPage","@id":"https:\/\/gay.blog.br\/en\/columnists\/to-kiss-in-public-which-is-what-we-are-able-to-do-within-the-law-is-a-political-act-eliseu-neto\/","url":"https:\/\/gay.blog.br\/en\/columnists\/to-kiss-in-public-which-is-what-we-are-able-to-do-within-the-law-is-a-political-act-eliseu-neto\/","name":"To kiss in public (which is what we are able to do within the law) is a political act | Eliseu Neto","isPartOf":{"@id":"https:\/\/gay.blog.br\/en\/#website"},"primaryImageOfPage":{"@id":"https:\/\/gay.blog.br\/en\/columnists\/to-kiss-in-public-which-is-what-we-are-able-to-do-within-the-law-is-a-political-act-eliseu-neto\/#primaryimage"},"image":{"@id":"https:\/\/gay.blog.br\/en\/columnists\/to-kiss-in-public-which-is-what-we-are-able-to-do-within-the-law-is-a-political-act-eliseu-neto\/#primaryimage"},"thumbnailUrl":"https:\/\/i0.wp.com\/gay.blog.br\/wp-content\/uploads\/2019\/09\/x73065211_Revellers-kiss-during-the-22nd-annual-Gay-Pride-parade-in-Copacabana-Rio-de-Janeiro-Bra.jpg.pagespeed.ic_.kdIVInthYI-1.jpg?fit=1086%2C652&ssl=1","datePublished":"2019-09-22T19:37:58+00:00","dateModified":"2020-09-21T11:35:20+00:00","description":"The psychoanalyst Eliseu Neto addresses the disagreement of ideas within the LGBT+ community itself and the importance of exercising the right to kiss in public","breadcrumb":{"@id":"https:\/\/gay.blog.br\/en\/columnists\/to-kiss-in-public-which-is-what-we-are-able-to-do-within-the-law-is-a-political-act-eliseu-neto\/#breadcrumb"},"inLanguage":"en-US","potentialAction":[{"@type":"ReadAction","target":["https:\/\/gay.blog.br\/en\/columnists\/to-kiss-in-public-which-is-what-we-are-able-to-do-within-the-law-is-a-political-act-eliseu-neto\/"]}]},{"@type":"ImageObject","inLanguage":"en-US","@id":"https:\/\/gay.blog.br\/en\/columnists\/to-kiss-in-public-which-is-what-we-are-able-to-do-within-the-law-is-a-political-act-eliseu-neto\/#primaryimage","url":"https:\/\/i0.wp.com\/gay.blog.br\/wp-content\/uploads\/2019\/09\/x73065211_Revellers-kiss-during-the-22nd-annual-Gay-Pride-parade-in-Copacabana-Rio-de-Janeiro-Bra.jpg.pagespeed.ic_.kdIVInthYI-1.jpg?fit=1086%2C652&ssl=1","contentUrl":"https:\/\/i0.wp.com\/gay.blog.br\/wp-content\/uploads\/2019\/09\/x73065211_Revellers-kiss-during-the-22nd-annual-Gay-Pride-parade-in-Copacabana-Rio-de-Janeiro-Bra.jpg.pagespeed.ic_.kdIVInthYI-1.jpg?fit=1086%2C652&ssl=1","width":1086,"height":652,"caption":"Pride Copacabana Foto: CARL DE SOUZA \/ AFP"},{"@type":"BreadcrumbList","@id":"https:\/\/gay.blog.br\/en\/columnists\/to-kiss-in-public-which-is-what-we-are-able-to-do-within-the-law-is-a-political-act-eliseu-neto\/#breadcrumb","itemListElement":[{"@type":"ListItem","position":1,"name":"In\u00edcio","item":"https:\/\/gay.blog.br\/en\/"},{"@type":"ListItem","position":2,"name":"To kiss in public (which is what we are able to do within the law) is a political act | Eliseu Neto"}]},{"@type":"WebSite","@id":"https:\/\/gay.blog.br\/en\/#website","url":"https:\/\/gay.blog.br\/en\/","name":"GAY BLOG BR @gayblogbr","description":"Not\u00edcias que empoderam e\/ou entret\u00eam s\u00e3o especialidades da casa","publisher":{"@id":"https:\/\/gay.blog.br\/en\/#organization"},"potentialAction":[{"@type":"SearchAction","target":{"@type":"EntryPoint","urlTemplate":"https:\/\/gay.blog.br\/en\/?s={search_term_string}"},"query-input":{"@type":"PropertyValueSpecification","valueRequired":true,"valueName":"search_term_string"}}],"inLanguage":"en-US"},{"@type":"Organization","@id":"https:\/\/gay.blog.br\/en\/#organization","name":"GAY BLOG BR","url":"https:\/\/gay.blog.br\/en\/","logo":{"@type":"ImageObject","inLanguage":"en-US","@id":"https:\/\/gay.blog.br\/en\/#\/schema\/logo\/image\/","url":"https:\/\/i0.wp.com\/gay.blog.br\/wp-content\/uploads\/2023\/08\/gay180px.png?fit=272%2C90&ssl=1","contentUrl":"https:\/\/i0.wp.com\/gay.blog.br\/wp-content\/uploads\/2023\/08\/gay180px.png?fit=272%2C90&ssl=1","width":272,"height":90,"caption":"GAY BLOG BR"},"image":{"@id":"https:\/\/gay.blog.br\/en\/#\/schema\/logo\/image\/"},"sameAs":["https:\/\/facebook.com\/gayblogbr","https:\/\/x.com\/gayblogbr","https:\/\/instagram.com\/gayblogbr","https:\/\/www.linkedin.com\/company\/gayblogbr\/","https:\/\/br.pinterest.com\/gayblogbr\/","https:\/\/www.youtube.com\/channel\/UCdEu3JXLOB-wvWAVUF4AIiA","https:\/\/pt.wikipedia.org\/wiki\/Gay_Blog_Br","https:\/\/www.threads.net\/@gayblogbr"]},{"@type":"Person","@id":"https:\/\/gay.blog.br\/en\/#\/schema\/person\/3ad3491b91ae0a051a563ed706e66961","name":"Eliseu Neto","image":{"@type":"ImageObject","inLanguage":"en-US","@id":"https:\/\/secure.gravatar.com\/avatar\/0472ef5479c705bf5abead3cb05b9a862e95100460ab433aabc55fc953fdfd8a?s=96&d=mm&r=g","url":"https:\/\/secure.gravatar.com\/avatar\/0472ef5479c705bf5abead3cb05b9a862e95100460ab433aabc55fc953fdfd8a?s=96&d=mm&r=g","contentUrl":"https:\/\/secure.gravatar.com\/avatar\/0472ef5479c705bf5abead3cb05b9a862e95100460ab433aabc55fc953fdfd8a?s=96&d=mm&r=g","caption":"Eliseu Neto"},"description":"Psicanalista, psic\u00f3logo, ativista e psicopedagogo. Defensor dos direitos da diversidade e respons\u00e1vel pela criminaliza\u00e7\u00e3o da LGBTIfobia","sameAs":["https:\/\/gay.blog.br\/author\/eliseuneto","https:\/\/www.facebook.com\/profeliseuneto","https:\/\/www.instagram.com\/eliseuoneto\/","https:\/\/x.com\/https:\/\/twitter.com\/eliseuneto","https:\/\/www.youtube.com\/user\/profeliseuneto"],"url":"https:\/\/gay.blog.br\/en\/author\/eliseuneto\/"}]}},"jetpack_publicize_connections":[],"jetpack_featured_media_url":"https:\/\/i0.wp.com\/gay.blog.br\/wp-content\/uploads\/2019\/09\/x73065211_Revellers-kiss-during-the-22nd-annual-Gay-Pride-parade-in-Copacabana-Rio-de-Janeiro-Bra.jpg.pagespeed.ic_.kdIVInthYI-1.jpg?fit=1086%2C652&ssl=1","jetpack_sharing_enabled":true,"jetpack_shortlink":"https:\/\/wp.me\/p6klkK-mhQ","jetpack_likes_enabled":false,"amp_enabled":true,"_links":{"self":[{"href":"https:\/\/gay.blog.br\/en\/wp-json\/wp\/v2\/posts\/85674","targetHints":{"allow":["GET"]}}],"collection":[{"href":"https:\/\/gay.blog.br\/en\/wp-json\/wp\/v2\/posts"}],"about":[{"href":"https:\/\/gay.blog.br\/en\/wp-json\/wp\/v2\/types\/post"}],"author":[{"embeddable":true,"href":"https:\/\/gay.blog.br\/en\/wp-json\/wp\/v2\/users\/2814"}],"replies":[{"embeddable":true,"href":"https:\/\/gay.blog.br\/en\/wp-json\/wp\/v2\/comments?post=85674"}],"version-history":[{"count":0,"href":"https:\/\/gay.blog.br\/en\/wp-json\/wp\/v2\/posts\/85674\/revisions"}],"wp:featuredmedia":[{"embeddable":true,"href":"https:\/\/gay.blog.br\/en\/wp-json\/wp\/v2\/media\/74731"}],"wp:attachment":[{"href":"https:\/\/gay.blog.br\/en\/wp-json\/wp\/v2\/media?parent=85674"}],"wp:term":[{"taxonomy":"category","embeddable":true,"href":"https:\/\/gay.blog.br\/en\/wp-json\/wp\/v2\/categories?post=85674"},{"taxonomy":"post_tag","embeddable":true,"href":"https:\/\/gay.blog.br\/en\/wp-json\/wp\/v2\/tags?post=85674"}],"curies":[{"name":"wp","href":"https:\/\/api.w.org\/{rel}","templated":true}]}}