{"id":100229,"date":"2020-08-20T17:35:30","date_gmt":"2020-08-20T20:35:30","guid":{"rendered":"https:\/\/gay.blog.br\/?p=100229"},"modified":"2020-12-04T11:21:08","modified_gmt":"2020-12-04T14:21:08","slug":"max-fivelinha-el-primer-vj-gay-de-mtv-brasil-cuenta-su-vida-agroboy-en-el-interior-de-minas-gerais","status":"publish","type":"post","link":"https:\/\/gay.blog.br\/es\/entrevistas-es\/max-fivelinha-el-primer-vj-gay-de-mtv-brasil-cuenta-su-vida-agroboy-en-el-interior-de-minas-gerais\/","title":{"rendered":"Max Fivelinha, el primer VJ gay de MTV Brasil, cuenta su vida agroboy en el interior de Minas Gerais"},"content":{"rendered":"<p style=\"text-align: justify;\"><span style=\"font-weight: 400;\">El ex VJ <a href=\"https:\/\/www.instagram.com\/maxfivelinha\"><strong>Max Fivelinha<\/strong><\/a> lleva actualmente una vida tranquila en compa\u00f1\u00eda de perros y gallinas en una granja en el interior de Minas Gerais. En el pasado, Max ven\u00eda a presentar varios programas en la <strong>MTV<\/strong> brasile\u00f1a y en ocasiones era necesario ser escoltado por guardias de seguridad, tanto por el acoso p\u00fablico en los programas grabados en las playas.<\/span><\/p>\n<p style=\"text-align: justify;\"><span style=\"font-weight: 400;\">A sus 58 a\u00f1os, Max sigue siendo alegre y muy comunicativo. En una entrevista exclusiva para <strong>GAY BLOG BR<\/strong>, el ex presentador habl\u00f3 sobre innumerables temas con una dosis de nostalgia y con los pies en la tierra. <\/span><\/p>\n<figure id=\"attachment_51594\" aria-describedby=\"caption-attachment-51594\" style=\"width: 1080px\" class=\"wp-caption aligncenter\"><a href=\"https:\/\/www.instagram.com\/maxfivelinha\"><img data-recalc-dims=\"1\" loading=\"lazy\" decoding=\"async\" class=\"size-full wp-image-51594\" src=\"https:\/\/i0.wp.com\/gay.blog.br\/wp-content\/uploads\/2020\/08\/max-fivelinha-1592855410156_v2_1080x1350.jpg?resize=696%2C870&#038;ssl=1\" alt=\"max fivelinha\" width=\"696\" height=\"870\" srcset=\"https:\/\/i0.wp.com\/gay.blog.br\/wp-content\/uploads\/2020\/08\/max-fivelinha-1592855410156_v2_1080x1350.jpg?w=1080&amp;ssl=1 1080w, https:\/\/i0.wp.com\/gay.blog.br\/wp-content\/uploads\/2020\/08\/max-fivelinha-1592855410156_v2_1080x1350.jpg?resize=240%2C300&amp;ssl=1 240w, https:\/\/i0.wp.com\/gay.blog.br\/wp-content\/uploads\/2020\/08\/max-fivelinha-1592855410156_v2_1080x1350.jpg?resize=819%2C1024&amp;ssl=1 819w, https:\/\/i0.wp.com\/gay.blog.br\/wp-content\/uploads\/2020\/08\/max-fivelinha-1592855410156_v2_1080x1350.jpg?resize=120%2C150&amp;ssl=1 120w, https:\/\/i0.wp.com\/gay.blog.br\/wp-content\/uploads\/2020\/08\/max-fivelinha-1592855410156_v2_1080x1350.jpg?resize=768%2C960&amp;ssl=1 768w, https:\/\/i0.wp.com\/gay.blog.br\/wp-content\/uploads\/2020\/08\/max-fivelinha-1592855410156_v2_1080x1350.jpg?resize=696%2C870&amp;ssl=1 696w, https:\/\/i0.wp.com\/gay.blog.br\/wp-content\/uploads\/2020\/08\/max-fivelinha-1592855410156_v2_1080x1350.jpg?resize=1068%2C1335&amp;ssl=1 1068w, https:\/\/i0.wp.com\/gay.blog.br\/wp-content\/uploads\/2020\/08\/max-fivelinha-1592855410156_v2_1080x1350.jpg?resize=336%2C420&amp;ssl=1 336w, https:\/\/i0.wp.com\/gay.blog.br\/wp-content\/uploads\/2020\/08\/max-fivelinha-1592855410156_v2_1080x1350.jpg?resize=672%2C840&amp;ssl=1 672w\" sizes=\"auto, (max-width: 696px) 100vw, 696px\" \/><\/a><figcaption id=\"caption-attachment-51594\" class=\"wp-caption-text\">Reproducci\u00f3n\/Instagram<\/figcaption><\/figure>\n<p style=\"text-align: justify;\"><b>Naciste en una ciudad con un nombre muy curioso: &#8216;Ipanema&#8217;, en el interior de Minas Gerais.<\/b><\/p>\n<p style=\"text-align: justify;\"><span style=\"font-weight: 400;\">Realmente nac\u00ed en Ipanema, dicen que hoy el pueblo tiene 25.000 habitantes. Sal\u00ed de all\u00ed cuando ten\u00eda 12 a\u00f1os. Nac\u00ed en esas fincas centenarias de pau-a-pique (t\u00e9cnica de construcci\u00f3n antigua) que ten\u00edan un porche, un patio para juegos, una cascada enorme con un bosque&#8230; algo muy hermoso. Mi padre ten\u00eda ganado, esas cosas agr\u00edcolas. Tuve una infancia muy feliz, hab\u00eda muchos primos que viv\u00edan cerca, hab\u00eda una escuela, una iglesia, era casi una comunidad, un lugar hermoso. A los diez a\u00f1os me mud\u00e9 de la finca a la ciudad (Ipanema) y a los 13 ya estaba en San Pablo trabajando en una empresa. Cr\u00e9ame, tuve mi primer trabajo formal a los 13 a\u00f1os. Pero mi infancia fue una infancia feliz. Si todos los ni\u00f1os pudieran jugar como yo lo hice, creo que todos los ni\u00f1os ser\u00edan m\u00e1s felices, sin estar atrapados en el apartamento. Hoy en d\u00eda no hay forma, la gran ciudad lo pide. Yo soy de una familia numerosa, con siete hermanos, y nos llevamos muy bien. De vez en cuando voy a Ipanema, que est\u00e1 cerca de Caratinga, tierra de Ziraldo y Agnaldo Tim\u00f3teo. Creo que me ha salpicado una vena art\u00edstica. <\/span><\/p>\n<p style=\"text-align: justify;\"><b>Eras la primera generaci\u00f3n de empleados de MTV y fuiste contratado como maquillador, \u00bfverdad?<\/b><\/p>\n<p style=\"text-align: justify;\"><span style=\"font-weight: 400;\">Me un\u00ed a MTV cuando estuvo al aire durante una semana, al principio. Fue all\u00ed en Largo da Batata, creo que fue en la calle del Instituto Tomie Ohtake. Y el estudio estaba hecho de amianto, un calor. Empec\u00e9 el 5 de noviembre de 1990. Los estudios ni siquiera ten\u00edan ac\u00fastica. Junto a \u00e9l hab\u00eda un perro que ladraba, y cuando ladraba ten\u00eda que dejar de grabar y eso retrasar\u00eda la grabaci\u00f3n. Y los VJ tardaron mucho en grabar las &#8216;cabezas&#8217; de presentaci\u00f3n del videoclip. Pero fue un momento muy feliz, todos se reunieron, ten\u00edan un sal\u00f3n grande y ten\u00edan un banco de madera con una gran televisi\u00f3n de pantalla plana para presentar los nuevos videoclips que llegaban. El mayor aliento fue el d\u00eda en que lleg\u00f3 el videoclip \u00ab<\/span><i><span style=\"font-weight: 400;\">Justify My Love\u00bb<\/span><\/i><span style=\"font-weight: 400;\"> de Madonna, en blanco y negro, en la que besaba a una modelo en el video musical. Eso fue un revuelo durante varias horas del d\u00eda, cada hora musical comenzaba con Madonna \u00ab<\/span><i><span style=\"font-weight: 400;\">Justify My Love\u00bb<\/span><\/i><span style=\"font-weight: 400;\">. <\/span><\/p>\n<p style=\"text-align: justify;\"><span style=\"font-weight: 400;\">Estaba muy feliz como maquillador, tuve una carrera mete\u00f3rica. Comenc\u00e9 all\u00ed como asistente para quitar el brillo en el estudio, pasar un polvo al presentador. Y me convert\u00ed en un conocido maquillador; Hice muchas portadas de revistas, muchas editoriales, mucha publicidad, porque adem\u00e1s de MTV trabaj\u00e9 mucho en publicidad. Casi no hab\u00eda fin de semana, era un trabajo que me gustaba mucho, estaba muy feliz como maquillador. Aprend\u00ed mirando, nunca hice un curso y lo hice muy bien en las dos: peinado y maquillaje. No soy peluquero de cortar el pelo, no ten\u00eda la pretensi\u00f3n, pero preparaba los cabellos muy bien y maquillaba muy bien. Tuve una carrera muy exitosa aprendiendo en MTV. <\/span><\/p>\n<p style=\"text-align: justify;\"><b>\u00bfRecuerdas qui\u00e9n fue la primera persona que maquillaste en MTV?<\/b><\/p>\n<p style=\"text-align: justify;\"><span style=\"font-weight: 400;\">La primera persona que invent\u00e9 en MTV fue Maria Paula y fue un desastre. Us\u00e9 una sombra de ojos de color verde oscuro y le cay\u00f3 en la parte inferior del ojo, era un tono brillante, ella quer\u00eda usarlo de todos modos. Mar\u00eda Paula, de muy buen humor, se ech\u00f3 a re\u00edr y nos divertimos, fue mi primer desaf\u00edo de verdad como maquillador. Creo que por eso tengo muy buen recuerdo de Mar\u00eda Paula. Nos llevamos muy bien hasta el d\u00eda de hoy, incluso alguien nos pregunt\u00f3 si somos hermanos o parientes por el cuello, los dos tenemos el cuello largo.<\/span><\/p>\n<figure id=\"attachment_51589\" aria-describedby=\"caption-attachment-51589\" style=\"width: 800px\" class=\"wp-caption aligncenter\"><a href=\"https:\/\/www.instagram.com\/maxfivelinha\"><img data-recalc-dims=\"1\" loading=\"lazy\" decoding=\"async\" class=\"wp-image-51589 size-full\" src=\"https:\/\/i0.wp.com\/gay.blog.br\/wp-content\/uploads\/2020\/08\/60681a44-6b96-4e9c-9896-a4400001e9df.jpg?resize=696%2C364&#038;ssl=1\" alt=\"\" width=\"696\" height=\"364\" srcset=\"https:\/\/i0.wp.com\/gay.blog.br\/wp-content\/uploads\/2020\/08\/60681a44-6b96-4e9c-9896-a4400001e9df.jpg?w=800&amp;ssl=1 800w, https:\/\/i0.wp.com\/gay.blog.br\/wp-content\/uploads\/2020\/08\/60681a44-6b96-4e9c-9896-a4400001e9df.jpg?resize=300%2C157&amp;ssl=1 300w, https:\/\/i0.wp.com\/gay.blog.br\/wp-content\/uploads\/2020\/08\/60681a44-6b96-4e9c-9896-a4400001e9df.jpg?resize=150%2C78&amp;ssl=1 150w, https:\/\/i0.wp.com\/gay.blog.br\/wp-content\/uploads\/2020\/08\/60681a44-6b96-4e9c-9896-a4400001e9df.jpg?resize=768%2C401&amp;ssl=1 768w, https:\/\/i0.wp.com\/gay.blog.br\/wp-content\/uploads\/2020\/08\/60681a44-6b96-4e9c-9896-a4400001e9df.jpg?resize=696%2C364&amp;ssl=1 696w\" sizes=\"auto, (max-width: 696px) 100vw, 696px\" \/><\/a><figcaption id=\"caption-attachment-51589\" class=\"wp-caption-text\">Reproducci\u00f3n<\/figcaption><\/figure>\n<p style=\"text-align: justify;\"><b>\u00bfY c\u00f3mo te conviertes en VJ?<\/b><\/p>\n<p style=\"text-align: justify;\"><span style=\"font-weight: 400;\">Mira&#8230; Me volv\u00ed pr\u00e1cticamente presionado VJ. Porque cada a\u00f1o, cuando hab\u00eda muchas pruebas con millones de personas&#8230; modelos, gente com\u00fan, todos me ped\u00edan que lo hiciera. [o teste para VJ]. Ten\u00eda mucha amistad con los c\u00e1maras, los iluminadores, la \u00abgente del estudio\u00bb, como se llama, que son las personas por las que tenemos que tener el mayor respeto y que tenemos que llevarnos muy bien, porque entienden todo. Cuando dicen que alguien va a tener \u00e9xito, lo hacen. Cuando dijeron \u00abno\u00bb, es muy dif\u00edcil que realmente suceda. Entonces todos preguntaron, especialmente \u00c9lcio, que es uno de los primeros c\u00e1maras con las que me hice amigo all\u00ed y era de mas edad que los dem\u00e1s. Siempre me preguntaba por qu\u00e9 no hac\u00eda la prueba. Y mi respuesta fue: \u00abNo lo voy a hacer porque no quiero ser el hazmerre\u00edr de nadie\u00bb. <\/span><span style=\"font-weight: 400;\">Y luego Caz\u00e9 [Pe\u00e7anha] tambi\u00e9n insisti\u00f3, incluso hice algunas apariciones cuando era maquillador en algunos programas de Caz\u00e9. Y cuando escribi\u00f3 con su equipo el <\/span><i><span style=\"font-weight: 400;\">\u00abVJ por 1 d\u00eda\u00bb, <\/span><\/i><span style=\"font-weight: 400;\">Yo aparec\u00eda maquillando, porque era un programa de verano, hab\u00eda ocho programas que ten\u00edamos que grabar dos fines de semana en tiempo r\u00e9cord en la playa, donde los VJ eran la gente del p\u00fablico, la audiencia de MTV, la gente que ve\u00eda el MTV fue all\u00ed para hacer una audici\u00f3n. Se probaron cuatro personas y al final una persona fue considerada VJ por 1 d\u00eda, luego present\u00f3 el videoclip al final del programa. <\/span><span style=\"font-weight: 400;\">Entonces esto se hizo en la playa, mi silla estaba all\u00ed en la playa. Estaba la chica de la indumentaria que hac\u00eda junto, que era Adriana Yoshida, ella dio los consejos de indumentaria y yo di consejos de maquillaje. Parecer\u00eda comentar sobre esto, pero no estaba destinado a ser as\u00ed. Caz\u00e9 empez\u00f3 a pedirme que diera mi opini\u00f3n y luego me puse muy \u00e1spero, porque no quer\u00eda hablar, me daba verg\u00fcenza. Y era una tonter\u00eda, no hab\u00eda texto. Yo sol\u00eda decir: \u00abMira, me gust\u00f3 el cabello de este chico, lo voy a votar por eso\u00bb o de lo contrario dec\u00eda: \u00abYo pensaba que estaba tan mal en el texto, nunca ser\u00e1 presentador, por eso me gust\u00f3\u00bb. . Este programa fue el mayor \u00e9xito de ese verano del 99, sali\u00f3 al aire sin patrocinio y se adopt\u00f3 a los dos meses para que la parrilla ya tuviera una temporada de 1 a\u00f1o apenas. Caz\u00e9, quien fue el presentador de cabello largo en este programa de playa, ya debut\u00f3 con cabello corto cuando el programa vino a ser anual. Quer\u00eda raparse y yo le afeit\u00e9 la cabeza. Y luego se puso los elegantes trajes de Hugo Boss, luego se convirti\u00f3 en otro presentador, otro chico. Y luego Caz\u00e9, en menos de un a\u00f1o, conquist\u00f3 Globo, se convirti\u00f3 en la persona del momento, la VJ del momento, la m\u00e1s querida, la m\u00e1s adorada por todos, el programa se convirti\u00f3 en un mega \u00e9xito. <\/span><span style=\"font-weight: 400;\">Bueno, entonces me peg\u00f3 el equipo t\u00e9cnico del programa, ten\u00eda que seguir haci\u00e9ndolo, me crearon una participaci\u00f3n especial y no hubo prueba, fui pronto. Quer\u00edan que hiciera [o programa] y cre\u00e9 ese personaje. Yo vengo del teatro, que era m\u00e1s de un personaje, estudi\u00e9 teatro, mi base es teatro, estudi\u00e9 cinco a\u00f1os, tengo una formaci\u00f3n teatral muy chula, muy rigurosa, muy respetada, nunca la hab\u00eda usado y nunca pens\u00e9 que iba a usar. Y luego hice teatro puro, incluso dir\u00eda que Caz\u00e9 y yo hicimos stand-up, eso fue stand up, &#8216;<\/span><i><span style=\"font-weight: 400;\">VJ por 1 d\u00eda&#8217;,<\/span><\/i><span style=\"font-weight: 400;\">estuvo de pie todo el tiempo para los candidatos VJ del programa.<\/span> <span style=\"font-weight: 400;\">No ten\u00edamos un texto escrito previamente editado, ten\u00edamos una cita, ten\u00edamos un gui\u00f3n, pero dijimos lo que quer\u00edamos y la mayor\u00eda de lo que dijimos no fue editado, todo fue muy espont\u00e1neo, tuve la libertad de hablar lo que quisiera, usar la indumentaria que quer\u00eda. Y us\u00e9 objetos esc\u00e9nicos, revistas, bolsos&#8230; De todas formas; Estaba muy ataviado, las ideas eran todas m\u00edas. La direcci\u00f3n del programa y Caz\u00e9 compraron todo y luego el programa se convirti\u00f3 en un \u00e9xito. El primer a\u00f1o fue con Caz\u00e9, se fue a Globo y la segunda temporada, que fue un a\u00f1o m\u00e1s, fue con Thunderbird&#8230; Y as\u00ed fue.<\/span><\/p>\n<figure id=\"attachment_51596\" aria-describedby=\"caption-attachment-51596\" style=\"width: 1352px\" class=\"wp-caption aligncenter\"><a href=\"https:\/\/www.instagram.com\/maxfivelinha\"><img data-recalc-dims=\"1\" loading=\"lazy\" decoding=\"async\" class=\"wp-image-51596 size-full\" src=\"https:\/\/i0.wp.com\/gay.blog.br\/wp-content\/uploads\/2020\/08\/publicpreview.jpg?resize=696%2C464&#038;ssl=1\" alt=\"\" width=\"696\" height=\"464\" srcset=\"https:\/\/i0.wp.com\/gay.blog.br\/wp-content\/uploads\/2020\/08\/publicpreview.jpg?w=1352&amp;ssl=1 1352w, https:\/\/i0.wp.com\/gay.blog.br\/wp-content\/uploads\/2020\/08\/publicpreview.jpg?resize=300%2C200&amp;ssl=1 300w, https:\/\/i0.wp.com\/gay.blog.br\/wp-content\/uploads\/2020\/08\/publicpreview.jpg?resize=1024%2C682&amp;ssl=1 1024w, https:\/\/i0.wp.com\/gay.blog.br\/wp-content\/uploads\/2020\/08\/publicpreview.jpg?resize=150%2C100&amp;ssl=1 150w, https:\/\/i0.wp.com\/gay.blog.br\/wp-content\/uploads\/2020\/08\/publicpreview.jpg?resize=768%2C512&amp;ssl=1 768w, https:\/\/i0.wp.com\/gay.blog.br\/wp-content\/uploads\/2020\/08\/publicpreview.jpg?resize=696%2C464&amp;ssl=1 696w, https:\/\/i0.wp.com\/gay.blog.br\/wp-content\/uploads\/2020\/08\/publicpreview.jpg?resize=1068%2C712&amp;ssl=1 1068w, https:\/\/i0.wp.com\/gay.blog.br\/wp-content\/uploads\/2020\/08\/publicpreview.jpg?resize=630%2C420&amp;ssl=1 630w, https:\/\/i0.wp.com\/gay.blog.br\/wp-content\/uploads\/2020\/08\/publicpreview.jpg?resize=1260%2C840&amp;ssl=1 1260w\" sizes=\"auto, (max-width: 696px) 100vw, 696px\" \/><\/a><figcaption id=\"caption-attachment-51596\" class=\"wp-caption-text\">Max, Edgard Piccoli y Sabrina Parlatore en el programa de F\u00e1bio Porchat &#8211; Reproducci\u00f3n<\/figcaption><\/figure>\n<p style=\"text-align: justify;\"><b>\u00bfCu\u00e1ntos programas hiciste en MTV?<\/b><\/p>\n<p style=\"text-align: justify;\"><span style=\"font-weight: 400;\">Hice ocho \u00abVer\u00f5es\u00bb seguidos en MTV, todos \u00abVer\u00f5es\u00bb desde el momento en que debut\u00e9 en 1999. Grab\u00e9 1998 el<\/span><i><span style=\"font-weight: 400;\"> VJ por 1 d\u00eda<\/span><\/i><span style=\"font-weight: 400;\"> para que debutaran en 1999 y, desde entonces, particip\u00e9 todos los Ver\u00f5es hasta 2004. Hice un tr\u00edo con Edgard y Sabrina, me asoci\u00e9 con Edgard&#8230; Y Sarah [Oliveira] y Tatiane Mancini, quienes presentaron <\/span><i><span style=\"font-weight: 400;\">&#8216;Er\u00f3tica&#8217;<\/span><\/i><span style=\"font-weight: 400;\">&#8230; De todos modos, trabaj\u00e9 mucho en parejas, en tr\u00edo y durante los Ver\u00f5es.<\/span><span style=\"font-weight: 400;\"><br \/>\n<\/span><span style=\"font-weight: 400;\"><br \/>\n<\/span><b>\u00bfY &#8216;Ilha das Fivelas&#8217; e &#8216;Em Busca da Fama&#8217; como eran?<\/b><\/p>\n<p style=\"text-align: justify;\"><span style=\"font-weight: 400;\">Era el programa de verano de 2001, \u00e9ramos siete VJ y cada uno ten\u00eda su propio personal. Y <a href=\"https:\/\/www.instagram.com\/juliopiconi\">Julio Piconi<\/a> lo hizo por m\u00ed; era el director del programa de verano de todos, con un gran equipo, era el equipo m\u00e1s grande en un programa de verano porque hab\u00eda siete VJ. Creo que viajaban 45 personas juntas; fue mucho equipo para hacer ese verano en las playas. J\u00falio me escribi\u00f3 <\/span><i><span style=\"font-weight: 400;\">Ilha das Fivelas.<\/span><\/i><span style=\"font-weight: 400;\"> En una charla con nosotros, me entrevist\u00f3 y me pregunt\u00f3 qu\u00e9 pensaba de la isla de Caras. Dije todo lo que pensaba sobre la isla y llegamos al artificio de la comedia. <\/span><span style=\"font-weight: 400;\">Siempre he hecho muy bien este lado de la comedia porque creo que es as\u00ed: o eres gracioso o no lo eres o sabes contar un chiste. Nunca dir\u00eda un chiste, realmente me iba a morir de hambre. No cuento un chiste y no uso malas palabras. Entonces, hay dos cosas que no uso, pero us\u00e9 mi mal humor, mi estado de \u00e1nimo de todo tipo en <\/span><i><span style=\"font-weight: 400;\">Ilha de Fivelas<\/span><\/i><span style=\"font-weight: 400;\">. Me cambi\u00e9 de ropa delante de la gente porque era tan r\u00e1pido que ten\u00eda que aprovechar el tiempo del p\u00fablico para tener audiencia, era una multitud. All\u00ed fue mi gran \u00e9xito. La primera semana que sali\u00f3 al aire grabamos en Salvador en Lauro de Freitas. Grabamos en esta playa de Bah\u00eda durante seis a\u00f1os seguidos y siempre hicimos esta plaza (que era como la llamaban por el patrocinador). De todos modos, fue un verano en el que fue un verano de siete personas juntas. Hab\u00eda una hora para grabar cinco shows, diez shows, todo estaba muy ocupado, muy laborioso porque todos ten\u00edan que grabar todos los d\u00edas. Ten\u00edamos una agenda que cumplir para partir para el pr\u00f3ximo viaje que podr\u00eda ser\u2026 No recuerdo si era R\u00edo, San Pablo, Rio Grande do Sul o Santa Catarina o en el Nordeste nuevamente, Fortaleza, Natal. De todos modos, est\u00e1bamos en las playas y as\u00ed <\/span><i><span style=\"font-weight: 400;\">Ilha de Fivelas<\/span><\/i><span style=\"font-weight: 400;\"> fue mi mayor \u00e9xito. Grab\u00e9 con la mayor inseguridad, todo lo que hice mal, todas mis tonter\u00edas, mis gilipolleces, las historias que cont\u00e9 salieron al aire, pr\u00e1cticamente no tuvieron edici\u00f3n. Fue un cuadro de 10 minutos que aument\u00f3 a 15, hice una entrada y se convirti\u00f3 en dos desde la segunda semana&#8230; Fue la \u00e9poca en la que m\u00e1s trabaj\u00e9. <\/span><span style=\"font-weight: 400;\">Trabaj\u00e9 mucho, mucho, mucho &#8230; Trabaj\u00e9 mucho adem\u00e1s de hacer la<\/span><i><span style=\"font-weight: 400;\">Ilha de Fivelas<\/span><\/i><span style=\"font-weight: 400;\"> que era mi cuadro, yo particip\u00e9 en el cuadro de todos los dem\u00e1s presentadores y as\u00ed fue\u2026 Todos participaron unos de otros para que la cosa pudiera estar m\u00e1s viva como MTV. Yo era una apuesta porque ven\u00eda del \u00e9xito de <\/span><i><span style=\"font-weight: 400;\">VJ por 1 d\u00eda<\/span><\/i><span style=\"font-weight: 400;\"> dos a\u00f1os seguidos y quer\u00edan darme un programa. Cuando termin\u00f3 <\/span><i><span style=\"font-weight: 400;\">Ilha de fivelas<\/span><\/i><span style=\"font-weight: 400;\"> pusimos a prueba el programa de la red de inmediato. La <\/span><i><span style=\"font-weight: 400;\">Ilha<\/span><\/i><span style=\"font-weight: 400;\"> en realidad era mi pasaporte al \u00e9xito. Despu\u00e9s de la segunda semana en la playa, siempre tuve que caminar con seguridad, esto no es una man\u00eda por la grandeza, no tengo eso para nada, pensar que soy mejor que nadie. Pero era casi imposible moverse en la playa. Pero era una pasi\u00f3n que nunca imagin\u00e9 que la gente tuviera por m\u00ed &#8230; Ni\u00f1os peque\u00f1os, ancianos, se\u00f1oras. Llegu\u00e9 a la playa y hab\u00eda una multitud detr\u00e1s de m\u00ed, era absurdo, no lo pod\u00eda creer. \u00ab\u00bfPor qu\u00e9 eso?\u00bb, Me preguntaba. Eso del \u00e9xito no lo mides, en fin, no hay forma de que sepas c\u00f3mo ser\u00e1, no s\u00e9 si es posible programar o no. <\/span><span style=\"font-weight: 400;\">Luego gan\u00e9 el<\/span><i><span style=\"font-weight: 400;\">Em Busca da Fama<\/span><\/i><span style=\"font-weight: 400;\">, fue un programa de dos horas el domingo. Levy y yo lo hicimos, yo lo interpret\u00e9 y \u00e9l lo hizo, pero yo siempre digo que &#8216;lo hicimos juntos&#8217;. Al principio tuve a Chris Nicklas, creo que despu\u00e9s de un mes se fue. Este programa, de hecho, dur\u00f3 solo 10 meses, porque regresamos del verano y los pilotos ya estaban comenzando. No hay explicaci\u00f3n, fue as\u00ed en MTV, lleg\u00f3 a fin de a\u00f1o, todo cambi\u00f3&#8230; Las parejas cambiaron, todo cambi\u00f3. No tengo una explicaci\u00f3n de por qu\u00e9 se cay\u00f3 el programa, nunca pregunt\u00e9, nunca supe cu\u00e1nto le di a la audiencia, no particip\u00e9 en \u00e9l. Me preocupaba hacerlo bien y siempre me preocupaba mucho. No me miro, por ejemplo, hasta hoy. No suelo mirar lo que hago, lo hago por la gente. Creo que ese mismo a\u00f1o comenc\u00e9 a hacer <\/span><i><span style=\"font-weight: 400;\">Gordo a Go-Go<\/span><\/i><span style=\"font-weight: 400;\"><a href=\"https:\/\/gay.blog.br\/noticias\/joao-gordo-prepara-almoco-para-mulheres-trans-acolhidas-em-ong\/\">Jo\u00e3o Gordo<\/a> y al final del a\u00f1o el programa ya estaba fuera del aire, era un programa muy grande, muy dif\u00edcil de hacer, muy complicado, con mucha edici\u00f3n, con un horario programado&#8230; con todo demarcado.<\/span><\/p>\n<figure id=\"attachment_51590\" aria-describedby=\"caption-attachment-51590\" style=\"width: 1425px\" class=\"wp-caption aligncenter\"><a href=\"https:\/\/www.instagram.com\/maxfivelinha\"><img data-recalc-dims=\"1\" loading=\"lazy\" decoding=\"async\" class=\"wp-image-51590 size-full\" src=\"https:\/\/i0.wp.com\/gay.blog.br\/wp-content\/uploads\/2020\/08\/max_fivelinha_mtv.jpg?resize=696%2C328&#038;ssl=1\" alt=\"\" width=\"696\" height=\"328\" srcset=\"https:\/\/i0.wp.com\/gay.blog.br\/wp-content\/uploads\/2020\/08\/max_fivelinha_mtv.jpg?w=1425&amp;ssl=1 1425w, https:\/\/i0.wp.com\/gay.blog.br\/wp-content\/uploads\/2020\/08\/max_fivelinha_mtv.jpg?resize=300%2C141&amp;ssl=1 300w, https:\/\/i0.wp.com\/gay.blog.br\/wp-content\/uploads\/2020\/08\/max_fivelinha_mtv.jpg?resize=1024%2C482&amp;ssl=1 1024w, https:\/\/i0.wp.com\/gay.blog.br\/wp-content\/uploads\/2020\/08\/max_fivelinha_mtv.jpg?resize=150%2C71&amp;ssl=1 150w, https:\/\/i0.wp.com\/gay.blog.br\/wp-content\/uploads\/2020\/08\/max_fivelinha_mtv.jpg?resize=768%2C362&amp;ssl=1 768w, https:\/\/i0.wp.com\/gay.blog.br\/wp-content\/uploads\/2020\/08\/max_fivelinha_mtv.jpg?resize=696%2C328&amp;ssl=1 696w, https:\/\/i0.wp.com\/gay.blog.br\/wp-content\/uploads\/2020\/08\/max_fivelinha_mtv.jpg?resize=1392%2C655&amp;ssl=1 1392w, https:\/\/i0.wp.com\/gay.blog.br\/wp-content\/uploads\/2020\/08\/max_fivelinha_mtv.jpg?resize=1068%2C503&amp;ssl=1 1068w, https:\/\/i0.wp.com\/gay.blog.br\/wp-content\/uploads\/2020\/08\/max_fivelinha_mtv.jpg?resize=892%2C420&amp;ssl=1 892w\" sizes=\"auto, (max-width: 696px) 100vw, 696px\" \/><\/a><figcaption id=\"caption-attachment-51590\" class=\"wp-caption-text\">Reproducci\u00f3n<\/figcaption><\/figure>\n<p style=\"text-align: justify;\"><b><\/b><b>\u00bfCu\u00e1nto tiempo estuviste en MTV? <\/b><\/p>\n<p style=\"text-align: justify;\"><span style=\"font-weight: 400;\">Estuve en MTV desde 1990 hasta 2004, comenc\u00e9 a hacer televisi\u00f3n con Caz\u00e9 en<\/span> <i><span style=\"font-weight: 400;\"> VJ durante 1 d\u00eda,<\/span><\/i><span style=\"font-weight: 400;\"> Cerr\u00e9 mi ciclo de MTV por accidente. Debe ser el destino, porque Caz\u00e9 regres\u00f3 a MTV. Cerr\u00e9 mi ciclo con Caz\u00e9 en <\/span><i><span style=\"font-weight: 400;\">Neur\u00f4nio<\/span><\/i><span style=\"font-weight: 400;\">, que era un juego con dos grupos en el que Caz\u00e9 preguntaba a la gente para qu\u00e9 artista musical iba a aparecer vestido. Me un\u00ed a Supla, Tina Turner, Kelly Key, Madonna, de todos modos &#8230; La gente ten\u00eda que adivinar de qui\u00e9n vendr\u00eda vestido. De hecho, este programa dio lugar a la <\/span><i><span style=\"font-weight: 400;\">Ding Dong<\/span><\/i> <span style=\"font-weight: 400;\">de Faust\u00e3o hace unos a\u00f1os, porque el director era el mismo, Cac\u00e1 Marcondes, que era el director<\/span><i><span style=\"font-weight: 400;\">Neur\u00f4nio<\/span><\/i> <span style=\"font-weight: 400;\">eso se hizo en 2004. Una idea que de hecho cambiaron y que ahora la gente tiene que hacer bien la canci\u00f3n. Pero, de todos modos, era el mismo director.<\/span><\/p>\n<p style=\"text-align: justify;\"><b>\u00bfHubo VJs que pensaron que eran estrellas o quedaron deslumbrados por la fama?<\/b><\/p>\n<p style=\"text-align: justify;\"><span style=\"font-weight: 400;\">Por supuesto que s\u00ed, no dir\u00e9 nombres porque nos pueden demandar. Obvio. No tiene sentido en esta historia \u00aboh, \u00bfpor qu\u00e9 no escribes un libro?\u00bb porque de nada sirve escribir un libro si no puedes decir nombres (risas). Pero hab\u00eda. Vaya, \u00bfqu\u00e9 televisi\u00f3n no tiene? Por cierto, \u00bfno hay televisi\u00f3n si no hay estrella? La fama nunca se me subi\u00f3 a la cabeza porque me prepar\u00e9 psicol\u00f3gicamente. No esperaba para nada ese \u00e9xito que hice y, por suerte, ten\u00eda una carrera, logr\u00e9 quedarme ininterrumpido durante 19 a\u00f1os, haciendo&#8230; viviendo en una profesi\u00f3n de verdad.<\/span><\/p>\n<p style=\"text-align: justify;\"><b>\u00bfQu\u00e9 hiciste despu\u00e9s de MTV?<\/b><\/p>\n<p style=\"text-align: justify;\"><span style=\"font-weight: 400;\">Cuando tuve \u00e9xito en MTV, R\u00e1dio Mix me invit\u00f3. Y recib\u00ed una invitaci\u00f3n de otras dos estaciones de radio en la misma semana. Cuando pas\u00e9 la puerta del Mix dije \u00abaqu\u00ed es donde me quedar\u00e9\u00bb. Se les ocurri\u00f3 el programa que dec\u00eda \u201cmira, este es el esqueleto del programa que queremos que presentes\u201d. Se trataba de relaciones, recib\u00ed dudas sobre relaciones de todo tipo: en relaci\u00f3n con las relaciones de ni\u00f1os, adolescentes, personas mayores, parejas; era un programa para toda la familia, todo estaba hecho de buen humor. Ten\u00eda un locutor, yo era el presentador y ten\u00eda un invitado. <\/span><span style=\"font-weight: 400;\">Estaba muy feliz haciendo radio. Con \u00e9xitos y aciertos pas\u00e9 14 a\u00f1os en Mix, porque en 2001 empec\u00e9 a hacer radio (paralelo a MTV) y cuando dej\u00e9 MTV yo me qued\u00e9 en Mix. No imaginaba que la radio tuviera tanto \u00e9xito y que me enamorara tanto. Ten\u00eda todos los invitados que me gustar\u00eda tener, creo que faltaban algunas personas. Tuve a Zez\u00e9 Polessa que estuvo en el programa tres veces, ella pidi\u00f3 ir cada vez que ten\u00eda teatro. Ten\u00eda a Bibi Ferreira, que la producci\u00f3n de su obra llamaba pidi\u00e9ndole que lo hiciera y yo no lo pod\u00eda creer. Ella fue lo m\u00e1s incre\u00edble que pude imaginar&#8230; cari\u00f1osa, amigable, participativa. No todo el mundo ten\u00eda a Bibi Ferreira como invitada. Tuve un ataque de risa en medio del programa debido a una mierda de la que hablamos la locutora y yo, ella ley\u00f3 un correo electr\u00f3nico de un oyente en el lugar y respondi\u00f3 que no pod\u00edamos volver y se divirti\u00f3 con eso. Ten\u00eda a Beth Coelho, que es una actriz fabulosa, ah&#8230; todas las bandas&#8230; Charlie Brown Jr, que fue un mill\u00f3n de veces. El poseedor del r\u00e9cord de participaci\u00f3n fue NX Zero.<\/span><\/p>\n<blockquote class=\"instagram-media\" data-instgrm-captioned data-instgrm-permalink=\"https:\/\/www.instagram.com\/p\/BuYgnYhgBdN\/?utm_source=ig_embed&amp;utm_campaign=loading\" data-instgrm-version=\"13\" style=\" background:#FFF; border:0; border-radius:3px; box-shadow:0 0 1px 0 rgba(0,0,0,0.5),0 1px 10px 0 rgba(0,0,0,0.15); margin: 1px; max-width:658px; min-width:326px; padding:0; width:99.375%; width:-webkit-calc(100% - 2px); width:calc(100% - 2px);\">\n<div style=\"padding:16px;\"> <a href=\"https:\/\/www.instagram.com\/p\/BuYgnYhgBdN\/?utm_source=ig_embed&amp;utm_campaign=loading\" style=\" background:#FFFFFF; line-height:0; padding:0 0; text-align:center; text-decoration:none; width:100%;\" target=\"_blank\"> <\/p>\n<div style=\" display: flex; flex-direction: row; align-items: center;\">\n<div style=\"background-color: #F4F4F4; border-radius: 50%; flex-grow: 0; height: 40px; margin-right: 14px; width: 40px;\"><\/div>\n<div style=\"display: flex; flex-direction: column; flex-grow: 1; justify-content: center;\">\n<div style=\" background-color: #F4F4F4; border-radius: 4px; flex-grow: 0; height: 14px; margin-bottom: 6px; width: 100px;\"><\/div>\n<div style=\" background-color: #F4F4F4; border-radius: 4px; flex-grow: 0; height: 14px; width: 60px;\"><\/div>\n<\/div>\n<\/div>\n<div style=\"padding: 19% 0;\"><\/div>\n<div style=\"display:block; height:50px; margin:0 auto 12px; width:50px;\"><svg width=\"50px\" height=\"50px\" viewBox=\"0 0 60 60\" version=\"1.1\" xmlns=\"https:\/\/www.w3.org\/2000\/svg\" xmlns:xlink=\"https:\/\/www.w3.org\/1999\/xlink\"><g stroke=\"none\" stroke-width=\"1\" fill=\"none\" fill-rule=\"evenodd\"><g transform=\"translate(-511.000000, -20.000000)\" fill=\"#000000\"><g><path d=\"M556.869,30.41 C554.814,30.41 553.148,32.076 553.148,34.131 C553.148,36.186 554.814,37.852 556.869,37.852 C558.924,37.852 560.59,36.186 560.59,34.131 C560.59,32.076 558.924,30.41 556.869,30.41 M541,60.657 C535.114,60.657 530.342,55.887 530.342,50 C530.342,44.114 535.114,39.342 541,39.342 C546.887,39.342 551.658,44.114 551.658,50 C551.658,55.887 546.887,60.657 541,60.657 M541,33.886 C532.1,33.886 524.886,41.1 524.886,50 C524.886,58.899 532.1,66.113 541,66.113 C549.9,66.113 557.115,58.899 557.115,50 C557.115,41.1 549.9,33.886 541,33.886 M565.378,62.101 C565.244,65.022 564.756,66.606 564.346,67.663 C563.803,69.06 563.154,70.057 562.106,71.106 C561.058,72.155 560.06,72.803 558.662,73.347 C557.607,73.757 556.021,74.244 553.102,74.378 C549.944,74.521 548.997,74.552 541,74.552 C533.003,74.552 532.056,74.521 528.898,74.378 C525.979,74.244 524.393,73.757 523.338,73.347 C521.94,72.803 520.942,72.155 519.894,71.106 C518.846,70.057 518.197,69.06 517.654,67.663 C517.244,66.606 516.755,65.022 516.623,62.101 C516.479,58.943 516.448,57.996 516.448,50 C516.448,42.003 516.479,41.056 516.623,37.899 C516.755,34.978 517.244,33.391 517.654,32.338 C518.197,30.938 518.846,29.942 519.894,28.894 C520.942,27.846 521.94,27.196 523.338,26.654 C524.393,26.244 525.979,25.756 528.898,25.623 C532.057,25.479 533.004,25.448 541,25.448 C548.997,25.448 549.943,25.479 553.102,25.623 C556.021,25.756 557.607,26.244 558.662,26.654 C560.06,27.196 561.058,27.846 562.106,28.894 C563.154,29.942 563.803,30.938 564.346,32.338 C564.756,33.391 565.244,34.978 565.378,37.899 C565.522,41.056 565.552,42.003 565.552,50 C565.552,57.996 565.522,58.943 565.378,62.101 M570.82,37.631 C570.674,34.438 570.167,32.258 569.425,30.349 C568.659,28.377 567.633,26.702 565.965,25.035 C564.297,23.368 562.623,22.342 560.652,21.575 C558.743,20.834 556.562,20.326 553.369,20.18 C550.169,20.033 549.148,20 541,20 C532.853,20 531.831,20.033 528.631,20.18 C525.438,20.326 523.257,20.834 521.349,21.575 C519.376,22.342 517.703,23.368 516.035,25.035 C514.368,26.702 513.342,28.377 512.574,30.349 C511.834,32.258 511.326,34.438 511.181,37.631 C511.035,40.831 511,41.851 511,50 C511,58.147 511.035,59.17 511.181,62.369 C511.326,65.562 511.834,67.743 512.574,69.651 C513.342,71.625 514.368,73.296 516.035,74.965 C517.703,76.634 519.376,77.658 521.349,78.425 C523.257,79.167 525.438,79.673 528.631,79.82 C531.831,79.965 532.853,80.001 541,80.001 C549.148,80.001 550.169,79.965 553.369,79.82 C556.562,79.673 558.743,79.167 560.652,78.425 C562.623,77.658 564.297,76.634 565.965,74.965 C567.633,73.296 568.659,71.625 569.425,69.651 C570.167,67.743 570.674,65.562 570.82,62.369 C570.966,59.17 571,58.147 571,50 C571,41.851 570.966,40.831 570.82,37.631\"><\/path><\/g><\/g><\/g><\/svg><\/div>\n<div style=\"padding-top: 8px;\">\n<div style=\" color:#3897f0; font-family:Arial,sans-serif; font-size:14px; font-style:normal; font-weight:550; line-height:18px;\"> View this post on Instagram<\/div>\n<\/div>\n<div style=\"padding: 12.5% 0;\"><\/div>\n<div style=\"display: flex; flex-direction: row; margin-bottom: 14px; align-items: center;\">\n<div>\n<div style=\"background-color: #F4F4F4; border-radius: 50%; height: 12.5px; width: 12.5px; transform: translateX(0px) translateY(7px);\"><\/div>\n<div style=\"background-color: #F4F4F4; height: 12.5px; transform: rotate(-45deg) translateX(3px) translateY(1px); width: 12.5px; flex-grow: 0; margin-right: 14px; margin-left: 2px;\"><\/div>\n<div style=\"background-color: #F4F4F4; border-radius: 50%; height: 12.5px; width: 12.5px; transform: translateX(9px) translateY(-18px);\"><\/div>\n<\/div>\n<div style=\"margin-left: 8px;\">\n<div style=\" background-color: #F4F4F4; border-radius: 50%; flex-grow: 0; height: 20px; width: 20px;\"><\/div>\n<div style=\" width: 0; height: 0; border-top: 2px solid transparent; border-left: 6px solid #f4f4f4; border-bottom: 2px solid transparent; transform: translateX(16px) translateY(-4px) rotate(30deg)\"><\/div>\n<\/div>\n<div style=\"margin-left: auto;\">\n<div style=\" width: 0px; border-top: 8px solid #F4F4F4; border-right: 8px solid transparent; transform: translateY(16px);\"><\/div>\n<div style=\" background-color: #F4F4F4; flex-grow: 0; height: 12px; width: 16px; transform: translateY(-4px);\"><\/div>\n<div style=\" width: 0; height: 0; border-top: 8px solid #F4F4F4; border-left: 8px solid transparent; transform: translateY(-4px) translateX(8px);\"><\/div>\n<\/div>\n<\/div>\n<div style=\"display: flex; flex-direction: column; flex-grow: 1; justify-content: center; margin-bottom: 24px;\">\n<div style=\" background-color: #F4F4F4; border-radius: 4px; flex-grow: 0; height: 14px; margin-bottom: 6px; width: 224px;\"><\/div>\n<div style=\" background-color: #F4F4F4; border-radius: 4px; flex-grow: 0; height: 14px; width: 144px;\"><\/div>\n<\/div>\n<p><\/a><\/p>\n<p style=\" color:#c9c8cd; font-family:Arial,sans-serif; font-size:14px; line-height:17px; margin-bottom:0; margin-top:8px; overflow:hidden; padding:8px 0 7px; text-align:center; text-overflow:ellipsis; white-space:nowrap;\"><a href=\"https:\/\/www.instagram.com\/p\/BuYgnYhgBdN\/?utm_source=ig_embed&amp;utm_campaign=loading\" style=\" color:#c9c8cd; font-family:Arial,sans-serif; font-size:14px; font-style:normal; font-weight:normal; line-height:17px; text-decoration:none;\" target=\"_blank\">A post shared by Max Fivelinha Oficial (@maxfivelinha)<\/a><\/p>\n<\/div>\n<\/blockquote>\n<p><script async src=\"\/\/platform.instagram.com\/en_US\/embeds.js\"><\/script><\/p>\n<p style=\"text-align: justify;\"><b>Hiciste una telenovela en SBT, \u00bfc\u00f3mo fue esa experiencia de actuar?<\/b><\/p>\n<p style=\"text-align: justify;\"><span style=\"font-weight: 400;\">Me invitaron a hacer la prueba de SBT. Fui a la audici\u00f3n, que fue [um personagem] rom\u00e1ntica. El texto fue enorme y fui a hacerlo con una chica. Era una pareja y hab\u00eda que besarla; y luego me olvid\u00e9 de todo el texto, que es com\u00fan en m\u00ed, porque siempre hice todo de antemano y olvid\u00e9 el texto. Ensayamos y nos besamos; luego me volv\u00ed hacia la direcci\u00f3n cuando termin\u00e9 de hacer la prueba, me disculp\u00e9 por la producci\u00f3n y dije \u201clo siento gente, estuve muy mal en la prueba, pero tambi\u00e9n chicos, este personaje creo que no es para m\u00ed, para m\u00ed ten\u00eda que ser un algo m\u00e1s en la l\u00ednea de la comedia \u201dy me ech\u00e9 a re\u00edr. Y dijeron \u00abla prueba estuvo genial, y te equivocaste y fue el mejor beso hasta ahora\u00bb (risas). Despu\u00e9s de un rato, recib\u00ed la invitaci\u00f3n para participar. Mira, fue muy dif\u00edcil, porque ten\u00eda el texto para memorizar, eran dos actrices veteranas. Y todo est\u00e1 programado, hice mucha improvisaci\u00f3n en MTV y ah\u00ed ten\u00eda una l\u00ednea que ten\u00eda que caminar, porque no pod\u00eda salirme de la luz, no pod\u00eda dejar el marco donde estaba y ten\u00eda que recordar que ten\u00eda dos personas que ten\u00eda que mirar. \u00bfSabes que funcion\u00f3 super? Estaba muy bien preparado, llegu\u00e9 con el texto en la punta de la lengua y luego las actrices incluso me elogiaron. <\/span><span style=\"font-weight: 400;\">Hice mucho en SBT, mucha participaci\u00f3n, es un canal que me gusta. Me gusta ir a SBT, fui a todos los canales, incluso a Globo. Hice <\/span><i><span style=\"font-weight: 400;\">Casseta e Planeta<\/span><\/i> <span style=\"font-weight: 400;\">ah\u00ed para<\/span><i><span style=\"font-weight: 400;\">Fant\u00e1stico<\/span><\/i> <span style=\"font-weight: 400;\">con Marcelo Madureira y Hubert, estuvo muy bien; Creo que hice pr\u00e1cticamente todo lo que un artista podr\u00eda querer hacer, todav\u00eda quiero hacer m\u00e1s, no tengo prisa.<\/span><\/p>\n<figure id=\"attachment_51592\" aria-describedby=\"caption-attachment-51592\" style=\"width: 1656px\" class=\"wp-caption aligncenter\"><a href=\"https:\/\/www.instagram.com\/maxfivelinha\"><img data-recalc-dims=\"1\" loading=\"lazy\" decoding=\"async\" class=\"wp-image-51592 size-full\" src=\"https:\/\/i0.wp.com\/gay.blog.br\/wp-content\/uploads\/2020\/08\/max-fivelinha-1.jpg?resize=696%2C695&#038;ssl=1\" alt=\"\" width=\"696\" height=\"695\" srcset=\"https:\/\/i0.wp.com\/gay.blog.br\/wp-content\/uploads\/2020\/08\/max-fivelinha-1.jpg?w=1656&amp;ssl=1 1656w, https:\/\/i0.wp.com\/gay.blog.br\/wp-content\/uploads\/2020\/08\/max-fivelinha-1.jpg?resize=300%2C300&amp;ssl=1 300w, https:\/\/i0.wp.com\/gay.blog.br\/wp-content\/uploads\/2020\/08\/max-fivelinha-1.jpg?resize=1024%2C1024&amp;ssl=1 1024w, https:\/\/i0.wp.com\/gay.blog.br\/wp-content\/uploads\/2020\/08\/max-fivelinha-1.jpg?resize=150%2C150&amp;ssl=1 150w, https:\/\/i0.wp.com\/gay.blog.br\/wp-content\/uploads\/2020\/08\/max-fivelinha-1.jpg?resize=768%2C767&amp;ssl=1 768w, https:\/\/i0.wp.com\/gay.blog.br\/wp-content\/uploads\/2020\/08\/max-fivelinha-1.jpg?resize=1536%2C1534&amp;ssl=1 1536w, https:\/\/i0.wp.com\/gay.blog.br\/wp-content\/uploads\/2020\/08\/max-fivelinha-1.jpg?resize=696%2C695&amp;ssl=1 696w, https:\/\/i0.wp.com\/gay.blog.br\/wp-content\/uploads\/2020\/08\/max-fivelinha-1.jpg?resize=1392%2C1390&amp;ssl=1 1392w, https:\/\/i0.wp.com\/gay.blog.br\/wp-content\/uploads\/2020\/08\/max-fivelinha-1.jpg?resize=1068%2C1067&amp;ssl=1 1068w, https:\/\/i0.wp.com\/gay.blog.br\/wp-content\/uploads\/2020\/08\/max-fivelinha-1.jpg?resize=421%2C420&amp;ssl=1 421w, https:\/\/i0.wp.com\/gay.blog.br\/wp-content\/uploads\/2020\/08\/max-fivelinha-1.jpg?resize=841%2C840&amp;ssl=1 841w\" sizes=\"auto, (max-width: 696px) 100vw, 696px\" \/><\/a><figcaption id=\"caption-attachment-51592\" class=\"wp-caption-text\">Reproducci\u00f3n<\/figcaption><\/figure>\n<p style=\"text-align: justify;\"><b>\u00bfSigues en contacto con MTV VJs? <\/b><\/p>\n<p style=\"text-align: justify;\"><span style=\"font-weight: 400;\">Hablo mucho con Sabrina Parlatore, la adoro. Puse a Sabrina, luego me convert\u00ed en presentadora y trabaj\u00e9 con ella. Es una persona muy correcta y siempre nos llevamos muy bien, amo a Sabrina. Jo\u00e3o Gordo hablo con \u00e9l de vez en cuando, fui a su programa no hace mucho, fui al Panela\u00e7o Central para encontrarme con conhecer [restaurante de propriedade do Gordo], le llev\u00e9 muchas cosas de mi jard\u00edn. Hablo con Cris Nicklas, que viv\u00eda en Portugal. Hablo con ella de vez en cuando, con los dem\u00e1s no hablo. Me gustan las cosas de algunos en Internet, pero no he hablado en muchos a\u00f1os. Caz\u00e9 con el que ten\u00eda mucha amistad&#8230; no hablo&#8230; no s\u00e9, hace como unos cinco a\u00f1os. De hecho, nos conocimos en la fiesta de cumplea\u00f1os n\u00famero 25 de MTV, que est\u00e1 cumpliendo 30. Y Edgar, dije hace poco, est\u00e1bamos all\u00ed en el programa Porchat de Record. Pero mi mayor amistad es con Sabrina. Y creo que puedo decirlo con Jo\u00e3o Gordo.<br \/>\n<\/span><b><br \/>\n<\/b><b>\u00bfConsideras el \u00e9xito perjudicial? <\/b><\/p>\n<p style=\"text-align: justify;\"><span style=\"font-weight: 400;\">No creo que el \u00e9xito sea perjudicial, creo que t\u00fa, como presentador o como actor, que trabajas todo el tiempo pensando que trabajas para una empresa y que ese es tu trabajo y que das servicio. El \u00e9xito es algo que puede acompa\u00f1ar al trabajo bien hecho. Parece una tonter\u00eda decir eso, pero tienes que trabajar en tu psicolog\u00eda todo el tiempo, si miras todo el tiempo, miras dentro y sabes que esto es un trabajo. La persona que hace la limpieza, hace un trabajo. Mi trabajo como presentador muchas veces no me gust\u00f3, siempre sal\u00eda pensando que no se hac\u00eda bien, pero siempre trat\u00e9 de hacerlo muy bien, siempre mir\u00e9 mi trabajo como un trabajo en una empresa, como una persona que brinda servicio y que me ven en televisi\u00f3n. Nunca me emocion\u00e9, nunca pens\u00e9 que era m\u00e1s que un presentador de televisi\u00f3n y que ese era mi trabajo. No veo otra funci\u00f3n en eso, nunca fui una estrella, nunca quise serlo, nunca fui una persona emocionada. Era mi trabajo, eso es todo.<br \/>\n<\/span><b><br \/>\n<\/b><b>\u00bfEs cierto que ganaste mucho m\u00e1s dinero como maquillador que como presentador? <\/b><\/p>\n<p style=\"text-align: justify;\"><span style=\"font-weight: 400;\">Esta historia de ganar poco fue tergiversada no hace mucho. Esto ya lo hab\u00eda dicho hace 18 a\u00f1os, la dificultad que tuve para dejar de ser maquilladora, entre ellos, era muy t\u00edmida, ten\u00eda mucha verg\u00fcenza, y luego no sab\u00eda si iba a ser presentadora, tanto que estuve un a\u00f1o haciendo <\/span><i><span style=\"font-weight: 400;\">\u201cVj por 1 d\u00eda<\/span><\/i><span style=\"font-weight: 400;\">\u201d, Que fue un \u00e9xito. No dej\u00e9 de ser maquillador hasta el a\u00f1o siguiente, un a\u00f1o despu\u00e9s. Yo sol\u00eda hacer mucha publicidad, en mi \u00e9poca en los 90, los maquilladores, ten\u00edamos un grupo que trabajaba mucho, ten\u00eda mucho trabajo, hab\u00eda mucho trabajo. As\u00ed que ganamos por hacer mucho. Y luego, cuando dej\u00e9 de ser maquilladora en MTV, la televisi\u00f3n exigi\u00f3 que me despidieran como empleada y me contrataran como artista. Decid\u00ed pasar esa p\u00e1gina, le di todo mi material de trabajo a los dos maquilladores que me reemplazaron, porque otro maquillador acababa de irse. Les di el material y esta p\u00e1gina la paso aqu\u00ed. <\/span><span style=\"font-weight: 400;\">Porque normalmente la gente no entiende mucho cuando haces dos cosas, ya me imaginaba que si me quedo como maquillador y como presentador, confundir\u00eda la mente de la gente, dir\u00e1n que no soy ni lo uno ni lo otro. Y cuando asum\u00ed ser presentador, realmente era en cuerpo y alma; Entonces, dej\u00e9 una demanda de trabajo muy grande para un programa, gan\u00e9 muy poco y la televisi\u00f3n est\u00e1 llena, la televisi\u00f3n no es tanto. Hay cinco o seis personas que ganan mucho dinero y un mill\u00f3n de personas en la televisi\u00f3n ganan muy poco dinero. Esta ilusi\u00f3n de que todo el mundo piensa que dijiste \u201cHola\u201d en la tele te hizo millonario, \u00a1no es eso! <\/span><span style=\"font-weight: 400;\">La televisi\u00f3n tiene una escala salarial para las personas. El primer a\u00f1o fue terrible, en mi segundo a\u00f1o ya estaba haciendo merchandising, viajaba para poder hacer cosas para famosos, mi trabajo ya ha aumentado\u2026 volv\u00ed a firmar mi contrato. Se renov\u00f3 anualmente y en MTV todo el mundo era as\u00ed, se renov\u00f3 anualmente, no hab\u00eda nadie con contrato vitalicio. En el segundo a\u00f1o vino y lo expliqu\u00e9, pero hay gente que quiere hacer pol\u00e9mica, pero yo no respondo pol\u00e9mica para nada, solo te estoy explicando por qu\u00e9 creo que te mereces una explicaci\u00f3n, pero de verdad empec\u00e9 como presentador ganando como diez veces menos de lo que ganaba como maquillador, porque era maquillador por mi nombre, pero era porque ten\u00eda una demanda muy alta de trabajo. Te imaginas cuando gana un peluquero como Marco Ant\u00f4nio de Biaggi, Celso Kamura, \u00bfverdad? As\u00ed que imag\u00ednense, solo para mencionar la diferencia, pero de todos modos, sobreviv\u00ed y luego&#8230; por supuesto que las cosas cambiaron, despu\u00e9s de un a\u00f1o estuve en MTV como presentadora, ocho a\u00f1os y algunos a\u00f1os m\u00e1s en Mix TV\/radio. Y luego las cosas cambian. De todos modos, solo para aclararlo.<\/span><\/p>\n<figure id=\"attachment_51593\" aria-describedby=\"caption-attachment-51593\" style=\"width: 630px\" class=\"wp-caption aligncenter\"><a href=\"https:\/\/www.instagram.com\/maxfivelinha\"><img data-recalc-dims=\"1\" loading=\"lazy\" decoding=\"async\" class=\"wp-image-51593 size-full\" src=\"https:\/\/i0.wp.com\/gay.blog.br\/wp-content\/uploads\/2020\/08\/mtv6_1.jpg?resize=630%2C408&#038;ssl=1\" alt=\"\" width=\"630\" height=\"408\" srcset=\"https:\/\/i0.wp.com\/gay.blog.br\/wp-content\/uploads\/2020\/08\/mtv6_1.jpg?w=630&amp;ssl=1 630w, https:\/\/i0.wp.com\/gay.blog.br\/wp-content\/uploads\/2020\/08\/mtv6_1.jpg?resize=300%2C194&amp;ssl=1 300w, https:\/\/i0.wp.com\/gay.blog.br\/wp-content\/uploads\/2020\/08\/mtv6_1.jpg?resize=150%2C97&amp;ssl=1 150w\" sizes=\"auto, (max-width: 630px) 100vw, 630px\" \/><\/a><figcaption id=\"caption-attachment-51593\" class=\"wp-caption-text\">Reproducci\u00f3n<\/figcaption><\/figure>\n<p style=\"text-align: justify;\"><b>\u00bfPor qu\u00e9 cambi\u00f3 San Pablo para vivir en una finca en Camanducaia, Minas Gerais?<\/b><\/p>\n<p style=\"text-align: justify;\"><span style=\"font-weight: 400;\">Siempre tuve un lugar aqu\u00ed en Minas Gerais, luego lo compr\u00e9 en Ipanema junto con mi padre. En el sur de MG, en Camanducaia, ten\u00eda una casa cuando trabajaba en MTV. Ten\u00eda una casa aqu\u00ed que se convirti\u00f3 en un lugar peque\u00f1o y luego se convirti\u00f3 en un lugar m\u00e1s grande en 2010. Y desde 2016 vivo aqu\u00ed para siempre, porque est\u00e1 muy cerca, est\u00e1 a 140 km de San Pablo. A veces hago algo en SP y vuelvo el mismo d\u00eda, siempre devuelvo el golpe y cuando tengo que ir. Tengo a alguien con quien dejar a mis perros y gallinas; hoy en d\u00eda son mis empresas en tiempos de pandemia. Llevo cuatro meses renovando mi casa y estoy muy feliz aqu\u00ed en el sur de Minas. Me gusta mucho estar aqu\u00ed, la gente, la ciudad&#8230; Aunque me he estado quejando porque el invierno aqu\u00ed me ha parecido un poco largo, en mayo helaba mucho porque no hac\u00eda mucho tiempo. <\/span><\/p>\n<p style=\"text-align: justify;\"><b>\u00bfEst\u00e1 enamorado? \u00bfSoltero?<\/b><\/p>\n<p style=\"text-align: justify;\"><span style=\"font-weight: 400;\">Vivo solo y estoy solo desde 2005, pero en realidad es as\u00ed, nunca dije que sal\u00ed, nunca estuve casado, no tengo ninguna pretensi\u00f3n, creo que nunca me casar\u00e9, pero tal vez eso cambie alg\u00fan d\u00eda en mi vida. No s\u00e9 si alguien me querr\u00e1 alguna vez, pero \u00abalgo tengo\u00bb, despu\u00e9s de todo, estoy muy vivo. Tengo una vida que mantengo una rutina aunque me quedo en una granja, voy a un gimnasio todos los d\u00edas. Mis grandes compa\u00f1eros son mis cuatro perros, dos grandes y dos peque\u00f1os. Y est\u00e1n las gallinas, porque me encanta el canto del gallo al amanecer. Y d\u2019angolas, tengo su compa\u00f1\u00eda. Incluso tengo un huerto, hago una plantaci\u00f3n org\u00e1nica, tengo algunos \u00e1rboles frutales y tengo vecinos a un lado, me llevo bien con ellos, les gusto, la gente se para a hablarme, yo me paro a hablar con ellos, de todos modos, yo llevo la vida de una persona com\u00fan.<\/span><span style=\"font-weight: 400;\"><br \/>\n<\/span><span style=\"font-weight: 400;\"><br \/>\n<\/span><b>\u00bfNo te sientes solo?<\/b><\/p>\n<p style=\"text-align: justify;\"><span style=\"font-weight: 400;\">Hace poco vinieron dos amigos de San Pablo, son amigos y no se ven desde hace cinco meses y no los veo desde hace casi un a\u00f1o. Hablamos casi todos los d\u00edas, pero ellos en SP y yo aqu\u00ed. Vinieron y pasaron 15 d\u00edas aqu\u00ed en casa y me ayudaron mucho en mi jard\u00edn. Entonces as\u00ed es, tengo mis actividades. Nunca me quedo quieto, leo mucho, tengo muchos libros, tengo mis CD que escuch\u00e9 de nuevo, organic\u00e9 las revistas. De todos modos, no estoy atrapado en la pandemia.<\/span><\/p>\n<p style=\"text-align: justify;\"><b>\u00bfPodemos decir que eres una persona feliz y realizada?<\/b><\/p>\n<p style=\"text-align: justify;\"><span style=\"font-weight: 400;\">Creo que me siento como una persona muy lograda. Tengo muchas ganas de volver a la televisi\u00f3n, qui\u00e9n sabe hacer radio. Estoy programando algo para YouTube del pr\u00f3ximo a\u00f1o, si Dios quiere. Se supon\u00eda que iba a ser este a\u00f1o, que fue una especie de comedia. Habr\u00e1 un poema, habr\u00e1 un viaje, tal vez habr\u00e1 m\u00fasica, todo lo que estoy haciendo, alg\u00fan personaje, pero creo que se quedar\u00e1 para el a\u00f1o que viene. Esta pandemia me quit\u00f3 muchas ganas de hacer cosas y todav\u00eda perd\u00ed a mi madre en abril, no fue por Covid, fue por otras cosas con las que ella ya estaba lidiando. Mi madre iba a cumplir 81 a\u00f1os en mayo, perd\u00ed a mi padre el a\u00f1o pasado. Pas\u00e9 por una etapa muy dura el a\u00f1o pasado, estuve muy triste por un tiempo, pero pas\u00e9 mucho tiempo con mi pap\u00e1 y mi mam\u00e1, realmente los disfrut\u00e9. Tengo una familia muy numerosa y lo que queda son muy buenos recuerdos. Y la tristeza, disminuye porque hay que tocar la vida, vivir el d\u00eda a d\u00eda. <\/span><\/p>\n<blockquote class=\"instagram-media\" data-instgrm-captioned data-instgrm-permalink=\"https:\/\/www.instagram.com\/p\/BsVLpeCHDp1\/?utm_source=ig_embed&amp;utm_campaign=loading\" data-instgrm-version=\"13\" style=\" background:#FFF; border:0; border-radius:3px; box-shadow:0 0 1px 0 rgba(0,0,0,0.5),0 1px 10px 0 rgba(0,0,0,0.15); margin: 1px; max-width:658px; min-width:326px; padding:0; width:99.375%; width:-webkit-calc(100% - 2px); width:calc(100% - 2px);\">\n<div style=\"padding:16px;\"> <a href=\"https:\/\/www.instagram.com\/p\/BsVLpeCHDp1\/?utm_source=ig_embed&amp;utm_campaign=loading\" style=\" background:#FFFFFF; line-height:0; padding:0 0; text-align:center; text-decoration:none; width:100%;\" target=\"_blank\"> <\/p>\n<div style=\" display: flex; flex-direction: row; align-items: center;\">\n<div style=\"background-color: #F4F4F4; border-radius: 50%; flex-grow: 0; height: 40px; margin-right: 14px; width: 40px;\"><\/div>\n<div style=\"display: flex; flex-direction: column; flex-grow: 1; justify-content: center;\">\n<div style=\" background-color: #F4F4F4; border-radius: 4px; flex-grow: 0; height: 14px; margin-bottom: 6px; width: 100px;\"><\/div>\n<div style=\" background-color: #F4F4F4; border-radius: 4px; flex-grow: 0; height: 14px; width: 60px;\"><\/div>\n<\/div>\n<\/div>\n<div style=\"padding: 19% 0;\"><\/div>\n<div style=\"display:block; height:50px; margin:0 auto 12px; width:50px;\"><svg width=\"50px\" height=\"50px\" viewBox=\"0 0 60 60\" version=\"1.1\" xmlns=\"https:\/\/www.w3.org\/2000\/svg\" xmlns:xlink=\"https:\/\/www.w3.org\/1999\/xlink\"><g stroke=\"none\" stroke-width=\"1\" fill=\"none\" fill-rule=\"evenodd\"><g transform=\"translate(-511.000000, -20.000000)\" fill=\"#000000\"><g><path d=\"M556.869,30.41 C554.814,30.41 553.148,32.076 553.148,34.131 C553.148,36.186 554.814,37.852 556.869,37.852 C558.924,37.852 560.59,36.186 560.59,34.131 C560.59,32.076 558.924,30.41 556.869,30.41 M541,60.657 C535.114,60.657 530.342,55.887 530.342,50 C530.342,44.114 535.114,39.342 541,39.342 C546.887,39.342 551.658,44.114 551.658,50 C551.658,55.887 546.887,60.657 541,60.657 M541,33.886 C532.1,33.886 524.886,41.1 524.886,50 C524.886,58.899 532.1,66.113 541,66.113 C549.9,66.113 557.115,58.899 557.115,50 C557.115,41.1 549.9,33.886 541,33.886 M565.378,62.101 C565.244,65.022 564.756,66.606 564.346,67.663 C563.803,69.06 563.154,70.057 562.106,71.106 C561.058,72.155 560.06,72.803 558.662,73.347 C557.607,73.757 556.021,74.244 553.102,74.378 C549.944,74.521 548.997,74.552 541,74.552 C533.003,74.552 532.056,74.521 528.898,74.378 C525.979,74.244 524.393,73.757 523.338,73.347 C521.94,72.803 520.942,72.155 519.894,71.106 C518.846,70.057 518.197,69.06 517.654,67.663 C517.244,66.606 516.755,65.022 516.623,62.101 C516.479,58.943 516.448,57.996 516.448,50 C516.448,42.003 516.479,41.056 516.623,37.899 C516.755,34.978 517.244,33.391 517.654,32.338 C518.197,30.938 518.846,29.942 519.894,28.894 C520.942,27.846 521.94,27.196 523.338,26.654 C524.393,26.244 525.979,25.756 528.898,25.623 C532.057,25.479 533.004,25.448 541,25.448 C548.997,25.448 549.943,25.479 553.102,25.623 C556.021,25.756 557.607,26.244 558.662,26.654 C560.06,27.196 561.058,27.846 562.106,28.894 C563.154,29.942 563.803,30.938 564.346,32.338 C564.756,33.391 565.244,34.978 565.378,37.899 C565.522,41.056 565.552,42.003 565.552,50 C565.552,57.996 565.522,58.943 565.378,62.101 M570.82,37.631 C570.674,34.438 570.167,32.258 569.425,30.349 C568.659,28.377 567.633,26.702 565.965,25.035 C564.297,23.368 562.623,22.342 560.652,21.575 C558.743,20.834 556.562,20.326 553.369,20.18 C550.169,20.033 549.148,20 541,20 C532.853,20 531.831,20.033 528.631,20.18 C525.438,20.326 523.257,20.834 521.349,21.575 C519.376,22.342 517.703,23.368 516.035,25.035 C514.368,26.702 513.342,28.377 512.574,30.349 C511.834,32.258 511.326,34.438 511.181,37.631 C511.035,40.831 511,41.851 511,50 C511,58.147 511.035,59.17 511.181,62.369 C511.326,65.562 511.834,67.743 512.574,69.651 C513.342,71.625 514.368,73.296 516.035,74.965 C517.703,76.634 519.376,77.658 521.349,78.425 C523.257,79.167 525.438,79.673 528.631,79.82 C531.831,79.965 532.853,80.001 541,80.001 C549.148,80.001 550.169,79.965 553.369,79.82 C556.562,79.673 558.743,79.167 560.652,78.425 C562.623,77.658 564.297,76.634 565.965,74.965 C567.633,73.296 568.659,71.625 569.425,69.651 C570.167,67.743 570.674,65.562 570.82,62.369 C570.966,59.17 571,58.147 571,50 C571,41.851 570.966,40.831 570.82,37.631\"><\/path><\/g><\/g><\/g><\/svg><\/div>\n<div style=\"padding-top: 8px;\">\n<div style=\" color:#3897f0; font-family:Arial,sans-serif; font-size:14px; font-style:normal; font-weight:550; line-height:18px;\"> View this post on Instagram<\/div>\n<\/div>\n<div style=\"padding: 12.5% 0;\"><\/div>\n<div style=\"display: flex; flex-direction: row; margin-bottom: 14px; align-items: center;\">\n<div>\n<div style=\"background-color: #F4F4F4; border-radius: 50%; height: 12.5px; width: 12.5px; transform: translateX(0px) translateY(7px);\"><\/div>\n<div style=\"background-color: #F4F4F4; height: 12.5px; transform: rotate(-45deg) translateX(3px) translateY(1px); width: 12.5px; flex-grow: 0; margin-right: 14px; margin-left: 2px;\"><\/div>\n<div style=\"background-color: #F4F4F4; border-radius: 50%; height: 12.5px; width: 12.5px; transform: translateX(9px) translateY(-18px);\"><\/div>\n<\/div>\n<div style=\"margin-left: 8px;\">\n<div style=\" background-color: #F4F4F4; border-radius: 50%; flex-grow: 0; height: 20px; width: 20px;\"><\/div>\n<div style=\" width: 0; height: 0; border-top: 2px solid transparent; border-left: 6px solid #f4f4f4; border-bottom: 2px solid transparent; transform: translateX(16px) translateY(-4px) rotate(30deg)\"><\/div>\n<\/div>\n<div style=\"margin-left: auto;\">\n<div style=\" width: 0px; border-top: 8px solid #F4F4F4; border-right: 8px solid transparent; transform: translateY(16px);\"><\/div>\n<div style=\" background-color: #F4F4F4; flex-grow: 0; height: 12px; width: 16px; transform: translateY(-4px);\"><\/div>\n<div style=\" width: 0; height: 0; border-top: 8px solid #F4F4F4; border-left: 8px solid transparent; transform: translateY(-4px) translateX(8px);\"><\/div>\n<\/div>\n<\/div>\n<div style=\"display: flex; flex-direction: column; flex-grow: 1; justify-content: center; margin-bottom: 24px;\">\n<div style=\" background-color: #F4F4F4; border-radius: 4px; flex-grow: 0; height: 14px; margin-bottom: 6px; width: 224px;\"><\/div>\n<div style=\" background-color: #F4F4F4; border-radius: 4px; flex-grow: 0; height: 14px; width: 144px;\"><\/div>\n<\/div>\n<p><\/a><\/p>\n<p style=\" color:#c9c8cd; font-family:Arial,sans-serif; font-size:14px; line-height:17px; margin-bottom:0; margin-top:8px; overflow:hidden; padding:8px 0 7px; text-align:center; text-overflow:ellipsis; white-space:nowrap;\"><a href=\"https:\/\/www.instagram.com\/p\/BsVLpeCHDp1\/?utm_source=ig_embed&amp;utm_campaign=loading\" style=\" color:#c9c8cd; font-family:Arial,sans-serif; font-size:14px; font-style:normal; font-weight:normal; line-height:17px; text-decoration:none;\" target=\"_blank\">A post shared by Max Fivelinha Oficial (@maxfivelinha)<\/a><\/p>\n<\/div>\n<\/blockquote>\n<p><script async src=\"\/\/platform.instagram.com\/en_US\/embeds.js\"><\/script><\/p>\n","protected":false},"excerpt":{"rendered":"<p>De maquillador a presentador, aprend\u00ed sobre la fama y el \u00e9xito en la locutora que hablaba el idioma de los j\u00f3venes.<\/p>\n","protected":false},"author":3482,"featured_media":84708,"comment_status":"open","ping_status":"open","sticky":false,"template":"","format":"standard","meta":{"googlesitekit_rrm_CAoiEBg-BXrJeACjO8p49SE4kTY:productID":"","tdm_status":"","tdm_grid_status":"","_jetpack_newsletter_access":"","_jetpack_dont_email_post_to_subs":false,"_jetpack_newsletter_tier_id":0,"_jetpack_memberships_contains_paywalled_content":false,"_jetpack_memberships_contains_paid_content":false,"footnotes":"","jetpack_publicize_message":"Max Fivelinha, el primer VJ gay de MTV Brasil, cuenta su vida agroboy en el interior de Minas Gerais","jetpack_publicize_feature_enabled":true,"jetpack_social_post_already_shared":true,"jetpack_social_options":{"image_generator_settings":{"template":"highway","default_image_id":0,"font":"","enabled":false},"version":2},"_wpas_customize_per_network":false,"jetpack_post_was_ever_published":false},"categories":[589932375,589932144],"tags":[589931682,589931683,589931677,9508,589931684],"class_list":{"0":"post-100229","1":"post","2":"type-post","3":"status-publish","4":"format-standard","5":"has-post-thumbnail","7":"category-entrevistas-es","8":"category-gay-es","9":"tag-caze-pecanha","10":"tag-edgard-piccoli","11":"tag-max-fivelinha","12":"tag-mtv","13":"tag-sabrina-parlatore"},"yoast_head":"<!-- This site is optimized with the Yoast SEO plugin v27.4 - https:\/\/yoast.com\/product\/yoast-seo-wordpress\/ -->\n<title>Max Fivelinha, el primer VJ gay de MTV Brasil, cuenta su vida agroboy en el interior de Minas Gerais<\/title>\n<meta name=\"description\" content=\"De maquillador a presentador, Max Fivelinha descubri\u00f3 la fama y el \u00e9xito en la estaci\u00f3n que hablaba el idioma de los j\u00f3venes.\" \/>\n<meta name=\"robots\" content=\"index, follow, max-snippet:-1, max-image-preview:large, max-video-preview:-1\" \/>\n<link rel=\"canonical\" href=\"https:\/\/gay.blog.br\/es\/entrevistas-es\/max-fivelinha-el-primer-vj-gay-de-mtv-brasil-cuenta-su-vida-agroboy-en-el-interior-de-minas-gerais\/\" \/>\n<meta property=\"og:locale\" content=\"es_ES\" \/>\n<meta property=\"og:type\" content=\"article\" \/>\n<meta property=\"og:title\" content=\"Max Fivelinha, el primer VJ gay de MTV Brasil, cuenta su vida agroboy en el interior de Minas Gerais\" \/>\n<meta property=\"og:description\" content=\"De maquillador a presentador, Max Fivelinha descubri\u00f3 la fama y el \u00e9xito en la estaci\u00f3n que hablaba el idioma de los j\u00f3venes.\" \/>\n<meta property=\"og:url\" content=\"https:\/\/gay.blog.br\/es\/entrevistas-es\/max-fivelinha-el-primer-vj-gay-de-mtv-brasil-cuenta-su-vida-agroboy-en-el-interior-de-minas-gerais\/\" \/>\n<meta property=\"og:site_name\" content=\"GAY BLOG BR @gayblogbr\" \/>\n<meta property=\"article:publisher\" content=\"https:\/\/facebook.com\/gayblogbr\" \/>\n<meta property=\"article:author\" content=\"https:\/\/facebook.com\/gayblogbr\" \/>\n<meta property=\"article:published_time\" content=\"2020-08-20T20:35:30+00:00\" \/>\n<meta property=\"article:modified_time\" content=\"2020-12-04T14:21:08+00:00\" \/>\n<meta property=\"og:image\" content=\"https:\/\/i0.wp.com\/gay.blog.br\/wp-content\/uploads\/2020\/08\/maxfivelinha_26069167_179518332799896_963089855703678976_n-Copia.jpg?fit=1080%2C669&ssl=1\" \/>\n\t<meta property=\"og:image:width\" content=\"1080\" \/>\n\t<meta property=\"og:image:height\" content=\"669\" \/>\n\t<meta property=\"og:image:type\" content=\"image\/jpeg\" \/>\n<meta name=\"author\" content=\"Andr\u00e9 Aram\" \/>\n<meta name=\"twitter:card\" content=\"summary_large_image\" \/>\n<meta name=\"twitter:creator\" content=\"@https:\/\/twittercom\/gayblogbr\" \/>\n<meta name=\"twitter:site\" content=\"@gayblogbr\" \/>\n<meta name=\"twitter:label1\" content=\"Escrito por\" \/>\n\t<meta name=\"twitter:data1\" content=\"Andr\u00e9 Aram\" \/>\n\t<meta name=\"twitter:label2\" content=\"Tiempo de lectura\" \/>\n\t<meta name=\"twitter:data2\" content=\"25 minutos\" \/>\n<script type=\"application\/ld+json\" class=\"yoast-schema-graph\">{\"@context\":\"https:\\\/\\\/schema.org\",\"@graph\":[{\"@type\":\"Article\",\"@id\":\"https:\\\/\\\/gay.blog.br\\\/es\\\/entrevistas-es\\\/max-fivelinha-el-primer-vj-gay-de-mtv-brasil-cuenta-su-vida-agroboy-en-el-interior-de-minas-gerais\\\/#article\",\"isPartOf\":{\"@id\":\"https:\\\/\\\/gay.blog.br\\\/es\\\/entrevistas-es\\\/max-fivelinha-el-primer-vj-gay-de-mtv-brasil-cuenta-su-vida-agroboy-en-el-interior-de-minas-gerais\\\/\"},\"author\":{\"name\":\"Andr\u00e9 Aram\",\"@id\":\"https:\\\/\\\/gay.blog.br\\\/es\\\/#\\\/schema\\\/person\\\/59a4471c2fa312ae207122b509537a87\"},\"headline\":\"Max Fivelinha, el primer VJ gay de MTV Brasil, cuenta su vida agroboy en el interior de Minas Gerais\",\"datePublished\":\"2020-08-20T20:35:30+00:00\",\"dateModified\":\"2020-12-04T14:21:08+00:00\",\"mainEntityOfPage\":{\"@id\":\"https:\\\/\\\/gay.blog.br\\\/es\\\/entrevistas-es\\\/max-fivelinha-el-primer-vj-gay-de-mtv-brasil-cuenta-su-vida-agroboy-en-el-interior-de-minas-gerais\\\/\"},\"wordCount\":4959,\"commentCount\":0,\"publisher\":{\"@id\":\"https:\\\/\\\/gay.blog.br\\\/es\\\/#organization\"},\"image\":{\"@id\":\"https:\\\/\\\/gay.blog.br\\\/es\\\/entrevistas-es\\\/max-fivelinha-el-primer-vj-gay-de-mtv-brasil-cuenta-su-vida-agroboy-en-el-interior-de-minas-gerais\\\/#primaryimage\"},\"thumbnailUrl\":\"https:\\\/\\\/i0.wp.com\\\/gay.blog.br\\\/wp-content\\\/uploads\\\/2020\\\/08\\\/maxfivelinha_26069167_179518332799896_963089855703678976_n-Copia.jpg?fit=1080%2C669&ssl=1\",\"keywords\":[\"Caz\u00e9 pe\u00e7anha\",\"Edgard Piccoli\",\"max fivelinha\",\"mtv\",\"Sabrina Parlatore\"],\"articleSection\":[\"ENTREVISTAS\",\"GAY\"],\"inLanguage\":\"es\",\"potentialAction\":[{\"@type\":\"CommentAction\",\"name\":\"Comment\",\"target\":[\"https:\\\/\\\/gay.blog.br\\\/es\\\/entrevistas-es\\\/max-fivelinha-el-primer-vj-gay-de-mtv-brasil-cuenta-su-vida-agroboy-en-el-interior-de-minas-gerais\\\/#respond\"]}]},{\"@type\":\"WebPage\",\"@id\":\"https:\\\/\\\/gay.blog.br\\\/es\\\/entrevistas-es\\\/max-fivelinha-el-primer-vj-gay-de-mtv-brasil-cuenta-su-vida-agroboy-en-el-interior-de-minas-gerais\\\/\",\"url\":\"https:\\\/\\\/gay.blog.br\\\/es\\\/entrevistas-es\\\/max-fivelinha-el-primer-vj-gay-de-mtv-brasil-cuenta-su-vida-agroboy-en-el-interior-de-minas-gerais\\\/\",\"name\":\"Max Fivelinha, el primer VJ gay de MTV Brasil, cuenta su vida agroboy en el interior de Minas Gerais\",\"isPartOf\":{\"@id\":\"https:\\\/\\\/gay.blog.br\\\/es\\\/#website\"},\"primaryImageOfPage\":{\"@id\":\"https:\\\/\\\/gay.blog.br\\\/es\\\/entrevistas-es\\\/max-fivelinha-el-primer-vj-gay-de-mtv-brasil-cuenta-su-vida-agroboy-en-el-interior-de-minas-gerais\\\/#primaryimage\"},\"image\":{\"@id\":\"https:\\\/\\\/gay.blog.br\\\/es\\\/entrevistas-es\\\/max-fivelinha-el-primer-vj-gay-de-mtv-brasil-cuenta-su-vida-agroboy-en-el-interior-de-minas-gerais\\\/#primaryimage\"},\"thumbnailUrl\":\"https:\\\/\\\/i0.wp.com\\\/gay.blog.br\\\/wp-content\\\/uploads\\\/2020\\\/08\\\/maxfivelinha_26069167_179518332799896_963089855703678976_n-Copia.jpg?fit=1080%2C669&ssl=1\",\"datePublished\":\"2020-08-20T20:35:30+00:00\",\"dateModified\":\"2020-12-04T14:21:08+00:00\",\"description\":\"De maquillador a presentador, Max Fivelinha descubri\u00f3 la fama y el \u00e9xito en la estaci\u00f3n que hablaba el idioma de los j\u00f3venes.\",\"breadcrumb\":{\"@id\":\"https:\\\/\\\/gay.blog.br\\\/es\\\/entrevistas-es\\\/max-fivelinha-el-primer-vj-gay-de-mtv-brasil-cuenta-su-vida-agroboy-en-el-interior-de-minas-gerais\\\/#breadcrumb\"},\"inLanguage\":\"es\",\"potentialAction\":[{\"@type\":\"ReadAction\",\"target\":[\"https:\\\/\\\/gay.blog.br\\\/es\\\/entrevistas-es\\\/max-fivelinha-el-primer-vj-gay-de-mtv-brasil-cuenta-su-vida-agroboy-en-el-interior-de-minas-gerais\\\/\"]}]},{\"@type\":\"ImageObject\",\"inLanguage\":\"es\",\"@id\":\"https:\\\/\\\/gay.blog.br\\\/es\\\/entrevistas-es\\\/max-fivelinha-el-primer-vj-gay-de-mtv-brasil-cuenta-su-vida-agroboy-en-el-interior-de-minas-gerais\\\/#primaryimage\",\"url\":\"https:\\\/\\\/i0.wp.com\\\/gay.blog.br\\\/wp-content\\\/uploads\\\/2020\\\/08\\\/maxfivelinha_26069167_179518332799896_963089855703678976_n-Copia.jpg?fit=1080%2C669&ssl=1\",\"contentUrl\":\"https:\\\/\\\/i0.wp.com\\\/gay.blog.br\\\/wp-content\\\/uploads\\\/2020\\\/08\\\/maxfivelinha_26069167_179518332799896_963089855703678976_n-Copia.jpg?fit=1080%2C669&ssl=1\",\"width\":1080,\"height\":669},{\"@type\":\"BreadcrumbList\",\"@id\":\"https:\\\/\\\/gay.blog.br\\\/es\\\/entrevistas-es\\\/max-fivelinha-el-primer-vj-gay-de-mtv-brasil-cuenta-su-vida-agroboy-en-el-interior-de-minas-gerais\\\/#breadcrumb\",\"itemListElement\":[{\"@type\":\"ListItem\",\"position\":1,\"name\":\"In\u00edcio\",\"item\":\"https:\\\/\\\/gay.blog.br\\\/es\\\/\"},{\"@type\":\"ListItem\",\"position\":2,\"name\":\"Max Fivelinha, el primer VJ gay de MTV Brasil, cuenta su vida agroboy en el interior de Minas Gerais\"}]},{\"@type\":\"WebSite\",\"@id\":\"https:\\\/\\\/gay.blog.br\\\/es\\\/#website\",\"url\":\"https:\\\/\\\/gay.blog.br\\\/es\\\/\",\"name\":\"GAY BLOG BR @gayblogbr\",\"description\":\"Not\u00edcias que empoderam e\\\/ou entret\u00eam s\u00e3o especialidades da casa\",\"publisher\":{\"@id\":\"https:\\\/\\\/gay.blog.br\\\/es\\\/#organization\"},\"potentialAction\":[{\"@type\":\"SearchAction\",\"target\":{\"@type\":\"EntryPoint\",\"urlTemplate\":\"https:\\\/\\\/gay.blog.br\\\/es\\\/?s={search_term_string}\"},\"query-input\":{\"@type\":\"PropertyValueSpecification\",\"valueRequired\":true,\"valueName\":\"search_term_string\"}}],\"inLanguage\":\"es\"},{\"@type\":\"Organization\",\"@id\":\"https:\\\/\\\/gay.blog.br\\\/es\\\/#organization\",\"name\":\"GAY BLOG BR\",\"url\":\"https:\\\/\\\/gay.blog.br\\\/es\\\/\",\"logo\":{\"@type\":\"ImageObject\",\"inLanguage\":\"es\",\"@id\":\"https:\\\/\\\/gay.blog.br\\\/es\\\/#\\\/schema\\\/logo\\\/image\\\/\",\"url\":\"https:\\\/\\\/i0.wp.com\\\/gay.blog.br\\\/wp-content\\\/uploads\\\/2023\\\/08\\\/gay180px.png?fit=272%2C90&ssl=1\",\"contentUrl\":\"https:\\\/\\\/i0.wp.com\\\/gay.blog.br\\\/wp-content\\\/uploads\\\/2023\\\/08\\\/gay180px.png?fit=272%2C90&ssl=1\",\"width\":272,\"height\":90,\"caption\":\"GAY BLOG BR\"},\"image\":{\"@id\":\"https:\\\/\\\/gay.blog.br\\\/es\\\/#\\\/schema\\\/logo\\\/image\\\/\"},\"sameAs\":[\"https:\\\/\\\/facebook.com\\\/gayblogbr\",\"https:\\\/\\\/x.com\\\/gayblogbr\",\"https:\\\/\\\/instagram.com\\\/gayblogbr\",\"https:\\\/\\\/www.linkedin.com\\\/company\\\/gayblogbr\\\/\",\"https:\\\/\\\/br.pinterest.com\\\/gayblogbr\\\/\",\"https:\\\/\\\/www.youtube.com\\\/channel\\\/UCdEu3JXLOB-wvWAVUF4AIiA\",\"https:\\\/\\\/pt.wikipedia.org\\\/wiki\\\/Gay_Blog_Br\",\"https:\\\/\\\/www.threads.net\\\/@gayblogbr\"]},{\"@type\":\"Person\",\"@id\":\"https:\\\/\\\/gay.blog.br\\\/es\\\/#\\\/schema\\\/person\\\/59a4471c2fa312ae207122b509537a87\",\"name\":\"Andr\u00e9 Aram\",\"image\":{\"@type\":\"ImageObject\",\"inLanguage\":\"es\",\"@id\":\"https:\\\/\\\/secure.gravatar.com\\\/avatar\\\/2c85547dbbd1358696029970d8cb1ad363b94b546b682c26b5db210aee9eada8?s=96&d=mm&r=g\",\"url\":\"https:\\\/\\\/secure.gravatar.com\\\/avatar\\\/2c85547dbbd1358696029970d8cb1ad363b94b546b682c26b5db210aee9eada8?s=96&d=mm&r=g\",\"contentUrl\":\"https:\\\/\\\/secure.gravatar.com\\\/avatar\\\/2c85547dbbd1358696029970d8cb1ad363b94b546b682c26b5db210aee9eada8?s=96&d=mm&r=g\",\"caption\":\"Andr\u00e9 Aram\"},\"sameAs\":[\"https:\\\/\\\/gay.blog.br\\\/author\\\/andrearam\",\"https:\\\/\\\/facebook.com\\\/gayblogbr\",\"https:\\\/\\\/instagram.com\\\/gayblogbr\",\"https:\\\/\\\/x.com\\\/https:\\\/\\\/twittercom\\\/gayblogbr\"],\"url\":\"https:\\\/\\\/gay.blog.br\\\/es\\\/author\\\/andrearam\\\/\"}]}<\/script>\n<!-- \/ Yoast SEO plugin. -->","yoast_head_json":{"title":"Max Fivelinha, el primer VJ gay de MTV Brasil, cuenta su vida agroboy en el interior de Minas Gerais","description":"De maquillador a presentador, Max Fivelinha descubri\u00f3 la fama y el \u00e9xito en la estaci\u00f3n que hablaba el idioma de los j\u00f3venes.","robots":{"index":"index","follow":"follow","max-snippet":"max-snippet:-1","max-image-preview":"max-image-preview:large","max-video-preview":"max-video-preview:-1"},"canonical":"https:\/\/gay.blog.br\/es\/entrevistas-es\/max-fivelinha-el-primer-vj-gay-de-mtv-brasil-cuenta-su-vida-agroboy-en-el-interior-de-minas-gerais\/","og_locale":"es_ES","og_type":"article","og_title":"Max Fivelinha, el primer VJ gay de MTV Brasil, cuenta su vida agroboy en el interior de Minas Gerais","og_description":"De maquillador a presentador, Max Fivelinha descubri\u00f3 la fama y el \u00e9xito en la estaci\u00f3n que hablaba el idioma de los j\u00f3venes.","og_url":"https:\/\/gay.blog.br\/es\/entrevistas-es\/max-fivelinha-el-primer-vj-gay-de-mtv-brasil-cuenta-su-vida-agroboy-en-el-interior-de-minas-gerais\/","og_site_name":"GAY BLOG BR @gayblogbr","article_publisher":"https:\/\/facebook.com\/gayblogbr","article_author":"https:\/\/facebook.com\/gayblogbr","article_published_time":"2020-08-20T20:35:30+00:00","article_modified_time":"2020-12-04T14:21:08+00:00","og_image":[{"width":1080,"height":669,"url":"https:\/\/i0.wp.com\/gay.blog.br\/wp-content\/uploads\/2020\/08\/maxfivelinha_26069167_179518332799896_963089855703678976_n-Copia.jpg?fit=1080%2C669&ssl=1","type":"image\/jpeg"}],"author":"Andr\u00e9 Aram","twitter_card":"summary_large_image","twitter_creator":"@https:\/\/twittercom\/gayblogbr","twitter_site":"@gayblogbr","twitter_misc":{"Escrito por":"Andr\u00e9 Aram","Tiempo de lectura":"25 minutos"},"schema":{"@context":"https:\/\/schema.org","@graph":[{"@type":"Article","@id":"https:\/\/gay.blog.br\/es\/entrevistas-es\/max-fivelinha-el-primer-vj-gay-de-mtv-brasil-cuenta-su-vida-agroboy-en-el-interior-de-minas-gerais\/#article","isPartOf":{"@id":"https:\/\/gay.blog.br\/es\/entrevistas-es\/max-fivelinha-el-primer-vj-gay-de-mtv-brasil-cuenta-su-vida-agroboy-en-el-interior-de-minas-gerais\/"},"author":{"name":"Andr\u00e9 Aram","@id":"https:\/\/gay.blog.br\/es\/#\/schema\/person\/59a4471c2fa312ae207122b509537a87"},"headline":"Max Fivelinha, el primer VJ gay de MTV Brasil, cuenta su vida agroboy en el interior de Minas Gerais","datePublished":"2020-08-20T20:35:30+00:00","dateModified":"2020-12-04T14:21:08+00:00","mainEntityOfPage":{"@id":"https:\/\/gay.blog.br\/es\/entrevistas-es\/max-fivelinha-el-primer-vj-gay-de-mtv-brasil-cuenta-su-vida-agroboy-en-el-interior-de-minas-gerais\/"},"wordCount":4959,"commentCount":0,"publisher":{"@id":"https:\/\/gay.blog.br\/es\/#organization"},"image":{"@id":"https:\/\/gay.blog.br\/es\/entrevistas-es\/max-fivelinha-el-primer-vj-gay-de-mtv-brasil-cuenta-su-vida-agroboy-en-el-interior-de-minas-gerais\/#primaryimage"},"thumbnailUrl":"https:\/\/i0.wp.com\/gay.blog.br\/wp-content\/uploads\/2020\/08\/maxfivelinha_26069167_179518332799896_963089855703678976_n-Copia.jpg?fit=1080%2C669&ssl=1","keywords":["Caz\u00e9 pe\u00e7anha","Edgard Piccoli","max fivelinha","mtv","Sabrina Parlatore"],"articleSection":["ENTREVISTAS","GAY"],"inLanguage":"es","potentialAction":[{"@type":"CommentAction","name":"Comment","target":["https:\/\/gay.blog.br\/es\/entrevistas-es\/max-fivelinha-el-primer-vj-gay-de-mtv-brasil-cuenta-su-vida-agroboy-en-el-interior-de-minas-gerais\/#respond"]}]},{"@type":"WebPage","@id":"https:\/\/gay.blog.br\/es\/entrevistas-es\/max-fivelinha-el-primer-vj-gay-de-mtv-brasil-cuenta-su-vida-agroboy-en-el-interior-de-minas-gerais\/","url":"https:\/\/gay.blog.br\/es\/entrevistas-es\/max-fivelinha-el-primer-vj-gay-de-mtv-brasil-cuenta-su-vida-agroboy-en-el-interior-de-minas-gerais\/","name":"Max Fivelinha, el primer VJ gay de MTV Brasil, cuenta su vida agroboy en el interior de Minas Gerais","isPartOf":{"@id":"https:\/\/gay.blog.br\/es\/#website"},"primaryImageOfPage":{"@id":"https:\/\/gay.blog.br\/es\/entrevistas-es\/max-fivelinha-el-primer-vj-gay-de-mtv-brasil-cuenta-su-vida-agroboy-en-el-interior-de-minas-gerais\/#primaryimage"},"image":{"@id":"https:\/\/gay.blog.br\/es\/entrevistas-es\/max-fivelinha-el-primer-vj-gay-de-mtv-brasil-cuenta-su-vida-agroboy-en-el-interior-de-minas-gerais\/#primaryimage"},"thumbnailUrl":"https:\/\/i0.wp.com\/gay.blog.br\/wp-content\/uploads\/2020\/08\/maxfivelinha_26069167_179518332799896_963089855703678976_n-Copia.jpg?fit=1080%2C669&ssl=1","datePublished":"2020-08-20T20:35:30+00:00","dateModified":"2020-12-04T14:21:08+00:00","description":"De maquillador a presentador, Max Fivelinha descubri\u00f3 la fama y el \u00e9xito en la estaci\u00f3n que hablaba el idioma de los j\u00f3venes.","breadcrumb":{"@id":"https:\/\/gay.blog.br\/es\/entrevistas-es\/max-fivelinha-el-primer-vj-gay-de-mtv-brasil-cuenta-su-vida-agroboy-en-el-interior-de-minas-gerais\/#breadcrumb"},"inLanguage":"es","potentialAction":[{"@type":"ReadAction","target":["https:\/\/gay.blog.br\/es\/entrevistas-es\/max-fivelinha-el-primer-vj-gay-de-mtv-brasil-cuenta-su-vida-agroboy-en-el-interior-de-minas-gerais\/"]}]},{"@type":"ImageObject","inLanguage":"es","@id":"https:\/\/gay.blog.br\/es\/entrevistas-es\/max-fivelinha-el-primer-vj-gay-de-mtv-brasil-cuenta-su-vida-agroboy-en-el-interior-de-minas-gerais\/#primaryimage","url":"https:\/\/i0.wp.com\/gay.blog.br\/wp-content\/uploads\/2020\/08\/maxfivelinha_26069167_179518332799896_963089855703678976_n-Copia.jpg?fit=1080%2C669&ssl=1","contentUrl":"https:\/\/i0.wp.com\/gay.blog.br\/wp-content\/uploads\/2020\/08\/maxfivelinha_26069167_179518332799896_963089855703678976_n-Copia.jpg?fit=1080%2C669&ssl=1","width":1080,"height":669},{"@type":"BreadcrumbList","@id":"https:\/\/gay.blog.br\/es\/entrevistas-es\/max-fivelinha-el-primer-vj-gay-de-mtv-brasil-cuenta-su-vida-agroboy-en-el-interior-de-minas-gerais\/#breadcrumb","itemListElement":[{"@type":"ListItem","position":1,"name":"In\u00edcio","item":"https:\/\/gay.blog.br\/es\/"},{"@type":"ListItem","position":2,"name":"Max Fivelinha, el primer VJ gay de MTV Brasil, cuenta su vida agroboy en el interior de Minas Gerais"}]},{"@type":"WebSite","@id":"https:\/\/gay.blog.br\/es\/#website","url":"https:\/\/gay.blog.br\/es\/","name":"GAY BLOG BR @gayblogbr","description":"Not\u00edcias que empoderam e\/ou entret\u00eam s\u00e3o especialidades da casa","publisher":{"@id":"https:\/\/gay.blog.br\/es\/#organization"},"potentialAction":[{"@type":"SearchAction","target":{"@type":"EntryPoint","urlTemplate":"https:\/\/gay.blog.br\/es\/?s={search_term_string}"},"query-input":{"@type":"PropertyValueSpecification","valueRequired":true,"valueName":"search_term_string"}}],"inLanguage":"es"},{"@type":"Organization","@id":"https:\/\/gay.blog.br\/es\/#organization","name":"GAY BLOG BR","url":"https:\/\/gay.blog.br\/es\/","logo":{"@type":"ImageObject","inLanguage":"es","@id":"https:\/\/gay.blog.br\/es\/#\/schema\/logo\/image\/","url":"https:\/\/i0.wp.com\/gay.blog.br\/wp-content\/uploads\/2023\/08\/gay180px.png?fit=272%2C90&ssl=1","contentUrl":"https:\/\/i0.wp.com\/gay.blog.br\/wp-content\/uploads\/2023\/08\/gay180px.png?fit=272%2C90&ssl=1","width":272,"height":90,"caption":"GAY BLOG BR"},"image":{"@id":"https:\/\/gay.blog.br\/es\/#\/schema\/logo\/image\/"},"sameAs":["https:\/\/facebook.com\/gayblogbr","https:\/\/x.com\/gayblogbr","https:\/\/instagram.com\/gayblogbr","https:\/\/www.linkedin.com\/company\/gayblogbr\/","https:\/\/br.pinterest.com\/gayblogbr\/","https:\/\/www.youtube.com\/channel\/UCdEu3JXLOB-wvWAVUF4AIiA","https:\/\/pt.wikipedia.org\/wiki\/Gay_Blog_Br","https:\/\/www.threads.net\/@gayblogbr"]},{"@type":"Person","@id":"https:\/\/gay.blog.br\/es\/#\/schema\/person\/59a4471c2fa312ae207122b509537a87","name":"Andr\u00e9 Aram","image":{"@type":"ImageObject","inLanguage":"es","@id":"https:\/\/secure.gravatar.com\/avatar\/2c85547dbbd1358696029970d8cb1ad363b94b546b682c26b5db210aee9eada8?s=96&d=mm&r=g","url":"https:\/\/secure.gravatar.com\/avatar\/2c85547dbbd1358696029970d8cb1ad363b94b546b682c26b5db210aee9eada8?s=96&d=mm&r=g","contentUrl":"https:\/\/secure.gravatar.com\/avatar\/2c85547dbbd1358696029970d8cb1ad363b94b546b682c26b5db210aee9eada8?s=96&d=mm&r=g","caption":"Andr\u00e9 Aram"},"sameAs":["https:\/\/gay.blog.br\/author\/andrearam","https:\/\/facebook.com\/gayblogbr","https:\/\/instagram.com\/gayblogbr","https:\/\/x.com\/https:\/\/twittercom\/gayblogbr"],"url":"https:\/\/gay.blog.br\/es\/author\/andrearam\/"}]}},"jetpack_publicize_connections":[],"jetpack_featured_media_url":"https:\/\/i0.wp.com\/gay.blog.br\/wp-content\/uploads\/2020\/08\/maxfivelinha_26069167_179518332799896_963089855703678976_n-Copia.jpg?fit=1080%2C669&ssl=1","jetpack_sharing_enabled":true,"jetpack_shortlink":"https:\/\/wp.me\/p6klkK-q4B","jetpack_likes_enabled":false,"amp_enabled":true,"_links":{"self":[{"href":"https:\/\/gay.blog.br\/es\/wp-json\/wp\/v2\/posts\/100229","targetHints":{"allow":["GET"]}}],"collection":[{"href":"https:\/\/gay.blog.br\/es\/wp-json\/wp\/v2\/posts"}],"about":[{"href":"https:\/\/gay.blog.br\/es\/wp-json\/wp\/v2\/types\/post"}],"author":[{"embeddable":true,"href":"https:\/\/gay.blog.br\/es\/wp-json\/wp\/v2\/users\/3482"}],"replies":[{"embeddable":true,"href":"https:\/\/gay.blog.br\/es\/wp-json\/wp\/v2\/comments?post=100229"}],"version-history":[{"count":0,"href":"https:\/\/gay.blog.br\/es\/wp-json\/wp\/v2\/posts\/100229\/revisions"}],"wp:featuredmedia":[{"embeddable":true,"href":"https:\/\/gay.blog.br\/es\/wp-json\/wp\/v2\/media\/84708"}],"wp:attachment":[{"href":"https:\/\/gay.blog.br\/es\/wp-json\/wp\/v2\/media?parent=100229"}],"wp:term":[{"taxonomy":"category","embeddable":true,"href":"https:\/\/gay.blog.br\/es\/wp-json\/wp\/v2\/categories?post=100229"},{"taxonomy":"post_tag","embeddable":true,"href":"https:\/\/gay.blog.br\/es\/wp-json\/wp\/v2\/tags?post=100229"}],"curies":[{"name":"wp","href":"https:\/\/api.w.org\/{rel}","templated":true}]}}