{"id":100434,"date":"2020-08-08T16:09:58","date_gmt":"2020-08-08T19:09:58","guid":{"rendered":"https:\/\/gay.blog.br\/?p=100434"},"modified":"2021-01-29T21:19:49","modified_gmt":"2021-01-30T00:19:49","slug":"hablamos-con-gala-la-cantante-italiana-que-domino-las-pistas-en-los-90","status":"publish","type":"post","link":"https:\/\/gay.blog.br\/es\/entrevistas-es\/hablamos-con-gala-la-cantante-italiana-que-domino-las-pistas-en-los-90\/","title":{"rendered":"Hablamos con Gala, la cantante italiana que domin\u00f3 las pistas en los 90"},"content":{"rendered":"<p style=\"text-align: justify;\"><span style=\"font-weight: 400;\">Nacida en Mil\u00e1n, Italia, la cantante y compositora <a href=\"https:\/\/www.galaofficial.com\/\"><strong>Gala<\/strong><\/a> alcanz\u00f3 la fama y el \u00e9xito a los 22 a\u00f1os, cuando lanz\u00f3 su primer \u00e1lbum en 1997. Pronto entr\u00f3 en las <em>listas<\/em> mundiales con los \u00e9xitos <em><strong>Come into my Life<\/strong>, <strong>Freed from Desire<\/strong><\/em> y <strong><em>Let a Boy Cry<\/em><\/strong>.<\/span><\/p>\n<p style=\"text-align: justify;\"><span style=\"font-weight: 400;\">Inteligente, talentosa y decidida, la cantante se mud\u00f3 a Estados Unidos a los 16 a\u00f1os en busca de nuevas experiencias culturales. Mientras estudiaba artes, la italiana comenz\u00f3 a dedicarse a la m\u00fasica, componiendo todo lo que sabemos bien. En la d\u00e9cada del 2000, <a href=\"https:\/\/www.galaofficial.com\/\">Gala Rizzatto<\/a> comenz\u00f3 a dedicarse a proyectos de autor a trav\u00e9s de su sello independiente <strong>Matriarch<\/strong> y, por supuesto, a hacer shows, principalmente en Europa.<\/span><\/p>\n<p style=\"text-align: justify;\"><span style=\"font-weight: 400;\">En una entrevista exclusiva con <strong>GAY BLOG BR<\/strong>, Gala record\u00f3 con cari\u00f1o al p\u00fablico brasile\u00f1o las dos veces que estuvo en el pa\u00eds y se\u00f1al\u00f3 otros temas que involucran a la comunidad LGBTQ+.<\/span><\/p>\n<figure id=\"attachment_50498\" aria-describedby=\"caption-attachment-50498\" style=\"width: 1200px\" class=\"wp-caption aligncenter\"><a href=\"https:\/\/www.instagram.com\/galaofficialpage\/\"><img data-recalc-dims=\"1\" loading=\"lazy\" decoding=\"async\" class=\"wp-image-50498 size-full\" src=\"https:\/\/i0.wp.com\/gay.blog.br\/wp-content\/uploads\/2020\/08\/Gala_Portrait_by_Juan_Valentin.tif.png?resize=696%2C654&#038;ssl=1\" alt=\"\" width=\"696\" height=\"654\" srcset=\"https:\/\/i0.wp.com\/gay.blog.br\/wp-content\/uploads\/2020\/08\/Gala_Portrait_by_Juan_Valentin.tif.png?w=1200&amp;ssl=1 1200w, https:\/\/i0.wp.com\/gay.blog.br\/wp-content\/uploads\/2020\/08\/Gala_Portrait_by_Juan_Valentin.tif.png?resize=300%2C282&amp;ssl=1 300w, https:\/\/i0.wp.com\/gay.blog.br\/wp-content\/uploads\/2020\/08\/Gala_Portrait_by_Juan_Valentin.tif.png?resize=1024%2C963&amp;ssl=1 1024w, https:\/\/i0.wp.com\/gay.blog.br\/wp-content\/uploads\/2020\/08\/Gala_Portrait_by_Juan_Valentin.tif.png?resize=150%2C141&amp;ssl=1 150w, https:\/\/i0.wp.com\/gay.blog.br\/wp-content\/uploads\/2020\/08\/Gala_Portrait_by_Juan_Valentin.tif.png?resize=768%2C722&amp;ssl=1 768w, https:\/\/i0.wp.com\/gay.blog.br\/wp-content\/uploads\/2020\/08\/Gala_Portrait_by_Juan_Valentin.tif.png?resize=696%2C654&amp;ssl=1 696w, https:\/\/i0.wp.com\/gay.blog.br\/wp-content\/uploads\/2020\/08\/Gala_Portrait_by_Juan_Valentin.tif.png?resize=1068%2C1004&amp;ssl=1 1068w, https:\/\/i0.wp.com\/gay.blog.br\/wp-content\/uploads\/2020\/08\/Gala_Portrait_by_Juan_Valentin.tif.png?resize=447%2C420&amp;ssl=1 447w, https:\/\/i0.wp.com\/gay.blog.br\/wp-content\/uploads\/2020\/08\/Gala_Portrait_by_Juan_Valentin.tif.png?resize=894%2C840&amp;ssl=1 894w\" sizes=\"auto, (max-width: 696px) 100vw, 696px\" \/><\/a><figcaption id=\"caption-attachment-50498\" class=\"wp-caption-text\">Gala &#8211; reproducci\u00f3n<\/figcaption><\/figure>\n<p style=\"text-align: justify;\"><b>En primer lugar, es un placer para nosotros en GAY BLOG BR entrevistarte. Su canci\u00f3n <em>\u00abCome into My life\u00bb<\/em> fue lanzada hace 23 a\u00f1os y fue un gran \u00e9xito en todo el mundo, especialmente en Brasil. \u00bfNo te parece incre\u00edble que despu\u00e9s de m\u00e1s de 20 a\u00f1os la gente todav\u00eda recuerde y disfrute esta canci\u00f3n?<\/b><\/p>\n<p style=\"text-align: justify;\"><span style=\"font-weight: 400;\">Esto significa mucho para mi. Mientras le\u00eda su pregunta, me sorprendi\u00f3 saber que han pasado 23 a\u00f1os. S\u00e9 que racionalmente es as\u00ed, pero no entiendo el tiempo como la mayor\u00eda de la gente. Fue ayer para m\u00ed. No solo porque el tiempo pasa r\u00e1pido y c\u00f3mo se sienten todos, sino que particularmente siento que vivo en un mundo atemporal. No veo el tiempo como una flecha disparada hacia adelante, pero veo el tiempo como dando vueltas. Cuando ten\u00eda 16 a\u00f1os, comprend\u00ed bien los problemas de las personas mayores y me sent\u00ed m\u00e1s cerca de los problemas profundos de la vida y la muerte. A medida que envejezco, me vuelvo m\u00e1s ligero y m\u00e1s joven de esp\u00edritu. Yo era un alma sabia en un cuerpo joven y ahora siento que tengo el alma de un ni\u00f1o, pero soy una mujer adulta.<\/span><\/p>\n<p style=\"text-align: justify;\"><b>Otras canciones que tuvieron mucho \u00e9xito fueron \u00ab<em>Freed from Desire<\/em>\u00bb y \u00ab<em>Let a Boy cry<\/em>\u00ab, esta \u00faltima ten\u00eda un video con un ambiente LGBT+, \u00bfno?<\/b><\/p>\n<p style=\"text-align: justify;\"><span style=\"font-weight: 400;\">No puedo decirlo, pero muchos periodistas han estado hablando de LET A BOY CRY como un video pionero en el concepto \u00abqueer\u00bb. En la canci\u00f3n, habl\u00e9 sobre c\u00f3mo no me identificaba personalmente ni con las ni\u00f1as ni con los ni\u00f1os, pero me sent\u00eda como un ser \u00fanico al que no se le puede poner una caja azul o una rosa, \u00abyo era un pirata, navegaba libre\u00bb .<\/span><\/p>\n<p><span class=\"embed-youtube\" style=\"text-align:center; display: block;\"><iframe loading=\"lazy\" class=\"youtube-player\" width=\"696\" height=\"392\" src=\"https:\/\/www.youtube.com\/embed\/_bxaDvSTGl0?version=3&#038;rel=1&#038;showsearch=0&#038;showinfo=1&#038;iv_load_policy=1&#038;fs=1&#038;hl=es-ES&#038;autohide=2&#038;wmode=transparent\" allowfullscreen=\"true\" style=\"border:0;\" sandbox=\"allow-scripts allow-same-origin allow-popups allow-presentation allow-popups-to-escape-sandbox\"><\/iframe><\/span><\/p>\n<p style=\"text-align: justify;\"><span style=\"font-weight: 400;\">A principios de los 90, estudiaba Fotograf\u00eda en Nueva York y aprend\u00ed sobre \u00abestudios de g\u00e9nero\u00bb. Estaba muy bien informada sobre temas que la gente negra de mi edad en Europa no conoc\u00eda. Leo libros sobre feminismo, psicolog\u00eda masculina, roles de g\u00e9nero, etc. Desde <em>\u00abEl mito de la belleza<\/em>\u00ab, de Naomi Wolves, hasta libros como<em>\u00abLa vida de los hombres<\/em>\u00ab, estos eran requisitos en mi curso de estudios de g\u00e9nero. Tambi\u00e9n fui criada por una madre muy feminista en un pa\u00eds muy machista, lo que me hizo dudar desde joven de la vigencia de los roles de g\u00e9nero. \u00bfPor qu\u00e9 una mujer no puede jugar al f\u00fatbol y un hombre no puede amar el ballet sin ser gay? Ahora bien, este parece ser un ejemplo tonto en estos d\u00edas, pero se sorprender\u00eda de lo fuertes que todav\u00eda son estos prejuicios.<\/span><\/p>\n<figure id=\"attachment_50501\" aria-describedby=\"caption-attachment-50501\" style=\"width: 2000px\" class=\"wp-caption aligncenter\"><a href=\"https:\/\/www.instagram.com\/galaofficialpage\/\"><img data-recalc-dims=\"1\" loading=\"lazy\" decoding=\"async\" class=\"wp-image-50501 size-full\" src=\"https:\/\/i0.wp.com\/gay.blog.br\/wp-content\/uploads\/2020\/08\/1-1-ofn8mmp2kedplujd7pmij8hv3j6q3my1io71in8e1e.jpg?resize=696%2C464&#038;ssl=1\" alt=\"\" width=\"696\" height=\"464\" srcset=\"https:\/\/i0.wp.com\/gay.blog.br\/wp-content\/uploads\/2020\/08\/1-1-ofn8mmp2kedplujd7pmij8hv3j6q3my1io71in8e1e.jpg?w=2000&amp;ssl=1 2000w, https:\/\/i0.wp.com\/gay.blog.br\/wp-content\/uploads\/2020\/08\/1-1-ofn8mmp2kedplujd7pmij8hv3j6q3my1io71in8e1e.jpg?resize=300%2C200&amp;ssl=1 300w, https:\/\/i0.wp.com\/gay.blog.br\/wp-content\/uploads\/2020\/08\/1-1-ofn8mmp2kedplujd7pmij8hv3j6q3my1io71in8e1e.jpg?resize=1024%2C682&amp;ssl=1 1024w, https:\/\/i0.wp.com\/gay.blog.br\/wp-content\/uploads\/2020\/08\/1-1-ofn8mmp2kedplujd7pmij8hv3j6q3my1io71in8e1e.jpg?resize=150%2C100&amp;ssl=1 150w, https:\/\/i0.wp.com\/gay.blog.br\/wp-content\/uploads\/2020\/08\/1-1-ofn8mmp2kedplujd7pmij8hv3j6q3my1io71in8e1e.jpg?resize=768%2C512&amp;ssl=1 768w, https:\/\/i0.wp.com\/gay.blog.br\/wp-content\/uploads\/2020\/08\/1-1-ofn8mmp2kedplujd7pmij8hv3j6q3my1io71in8e1e.jpg?resize=1536%2C1024&amp;ssl=1 1536w, https:\/\/i0.wp.com\/gay.blog.br\/wp-content\/uploads\/2020\/08\/1-1-ofn8mmp2kedplujd7pmij8hv3j6q3my1io71in8e1e.jpg?resize=696%2C464&amp;ssl=1 696w, https:\/\/i0.wp.com\/gay.blog.br\/wp-content\/uploads\/2020\/08\/1-1-ofn8mmp2kedplujd7pmij8hv3j6q3my1io71in8e1e.jpg?resize=1392%2C928&amp;ssl=1 1392w, https:\/\/i0.wp.com\/gay.blog.br\/wp-content\/uploads\/2020\/08\/1-1-ofn8mmp2kedplujd7pmij8hv3j6q3my1io71in8e1e.jpg?resize=1068%2C712&amp;ssl=1 1068w, https:\/\/i0.wp.com\/gay.blog.br\/wp-content\/uploads\/2020\/08\/1-1-ofn8mmp2kedplujd7pmij8hv3j6q3my1io71in8e1e.jpg?resize=1920%2C1280&amp;ssl=1 1920w, https:\/\/i0.wp.com\/gay.blog.br\/wp-content\/uploads\/2020\/08\/1-1-ofn8mmp2kedplujd7pmij8hv3j6q3my1io71in8e1e.jpg?resize=630%2C420&amp;ssl=1 630w, https:\/\/i0.wp.com\/gay.blog.br\/wp-content\/uploads\/2020\/08\/1-1-ofn8mmp2kedplujd7pmij8hv3j6q3my1io71in8e1e.jpg?resize=1260%2C840&amp;ssl=1 1260w\" sizes=\"auto, (max-width: 696px) 100vw, 696px\" \/><\/a><figcaption id=\"caption-attachment-50501\" class=\"wp-caption-text\">reproducci\u00f3n<\/figcaption><\/figure>\n<p style=\"text-align: justify;\"><span style=\"font-weight: 400;\">Le ped\u00ed a la compa\u00f1\u00eda discogr\u00e1fica propietaria de los videos que publicara este video en alta calidad en l\u00ednea, porque en los 90 lo hice a prop\u00f3sito en 35 mil\u00edmetros, pensando en el futuro, que alg\u00fan d\u00eda este nivel de calidad de imagen ser\u00eda importante, pero la compa\u00f1\u00eda discogr\u00e1fica a\u00fan no lo hace. Present\u00e9 una versi\u00f3n en alta calidad que realmente me rompe el coraz\u00f3n. <\/span><span style=\"font-weight: 400;\">Grab\u00e9 este video con mi amigo Philippe Antonello y el incre\u00edble ganador del<em>Oscar<\/em> Luca Bigazzi (\u00ab<em>The Great Beauty<\/em>\u00bb &#8211; 2013). Eleg\u00ed a todos los ni\u00f1os y ni\u00f1as que ves en el video. Conoc\u00ed a los ni\u00f1os en las calles de Italia. Uno de ellos se convirti\u00f3 en actor y ahora vive en Los \u00c1ngeles.<\/span><\/p>\n<p style=\"text-align: justify;\"><b>Naciste en Italia, \u00bfpor qu\u00e9 decidiste vivir en Nueva York?<\/b><\/p>\n<p style=\"text-align: justify;\"><span style=\"font-weight: 400;\">A los 16 me sent\u00eda muy limitada en mi pa\u00eds. Italia, en la d\u00e9cada de 1980, era un pa\u00eds machista. Tambi\u00e9n pas\u00e9 momentos dif\u00edciles en casa, sent\u00ed la necesidad de ir a alg\u00fan lado y buscar algo m\u00e1s que el mundo que conoc\u00eda. <\/span><span style=\"font-weight: 400;\">Pens\u00e9 en la mejor ciudad: Madrid ten\u00eda Flamenco, que era un tipo de m\u00fasica y baile que me fascinaba, Londres estaba m\u00e1s cerca y hablan ingl\u00e9s, que es un idioma que amo y conozco bien, Par\u00eds ten\u00eda una gran escuela de cine y estaba interesado en las pel\u00edculas. Pero Nueva York lo ten\u00eda todo. Es mi ciudad favorita del mundo. No es Am\u00e9rica\/Estados Unidos, es Nueva York.<\/span><\/p>\n<p style=\"text-align: justify;\"><b>Empezaste tu carrera muy joven, \u00bfsiempre quisiste ser cantante? Porque s\u00e9 que estudiaste Artes\/Fotograf\u00eda.<\/b><\/p>\n<p style=\"text-align: justify;\"><span style=\"font-weight: 400;\">Quer\u00eda ser bailarina. A los 13 me dijeron que no pod\u00eda bailar porque ten\u00eda un problema de espalda. Fue traum\u00e1tico, como si fuera el dolor del duelo. Era mi vocaci\u00f3n, mi pasi\u00f3n, mi raz\u00f3n de ser, mi destino; y sent\u00ed que me lo quitaron de la noche a la ma\u00f1ana. Mi vida es un baile en torno a mi b\u00fasqueda de baile&#8230; Cantar tambi\u00e9n ha sido parte de m\u00ed desde que era una ni\u00f1a, pero no como los ni\u00f1os estadounidenses, donde una vez que tienen una pasi\u00f3n, tienen un sistema que apoya esa pasi\u00f3n desde la escuela secundaria y la universidad, donde a menudo tienen la posibilidad de asistir a clases de danza\/m\u00fasica. Cuando era ni\u00f1a en Italia, no ten\u00edamos nada de eso. En los Estados Unidos tambi\u00e9n existe una cultura del entretenimiento, por lo que una vez que un ni\u00f1o tiene talento en algo, hay una manera de perseguir sus sue\u00f1os.<\/span><\/p>\n<p><span class=\"embed-youtube\" style=\"text-align:center; display: block;\"><iframe loading=\"lazy\" class=\"youtube-player\" width=\"696\" height=\"392\" src=\"https:\/\/www.youtube.com\/embed\/-ZceGbbSgos?version=3&#038;rel=1&#038;showsearch=0&#038;showinfo=1&#038;iv_load_policy=1&#038;fs=1&#038;hl=es-ES&#038;autohide=2&#038;wmode=transparent\" allowfullscreen=\"true\" style=\"border:0;\" sandbox=\"allow-scripts allow-same-origin allow-popups allow-presentation allow-popups-to-escape-sandbox\"><\/iframe><\/span><\/p>\n<p style=\"text-align: justify;\"><b>Como compositora, \u00bfqu\u00e9 te inspira?<\/b><\/p>\n<p style=\"text-align: justify;\"><span style=\"font-weight: 400;\">Amo escribir canciones y poes\u00eda. La m\u00fasica puede ser limitante hoy en d\u00eda para m\u00ed, porque siento que la manera perfecta de expresarme ser\u00eda elaborar una peque\u00f1a tesis de un concepto. Por ejemplo, el otro d\u00eda estaba caminando y me di cuenta de que la \u00fanica forma de ver el sol es gracias a las nubes. Nunca podr\u00eda mirar directamente al sol, ser\u00eda ciega, as\u00ed que la forma en que puedo disfrutar del sol en el cielo es mirando su reflejo dorado en las nubes. Escrib\u00ed una p\u00e1gina al respecto y luego, si necesito encajar un concepto en una canci\u00f3n, puede volverse m\u00e1s poderoso gracias a la canci\u00f3n, pero tambi\u00e9n menos claro porque no hay suficiente espacio para explicar todos los pensamientos que ten\u00eda al respecto y todas las ramificaciones que ese simple pensamiento ten\u00eda en mi mente&#8230; <\/span><span style=\"font-weight: 400;\">Las canciones pop (en comparaci\u00f3n con, digamos, las baladas folcl\u00f3ricas) pueden ser muy limitantes para expresar todo lo que quiero expresar. Pero hago todo lo posible para tomar algo m\u00e1s complejo y luego ponerlo en forma pop, que generalmente tiene dos l\u00edneas, un pre y un coro.<\/span><\/p>\n<p style=\"text-align: justify;\"><b>Estuvo en Brasil en 2010 y 2011, \u00bfqu\u00e9 recuerdos tiene del pa\u00eds?<\/b><\/p>\n<p style=\"text-align: justify;\"><span style=\"font-weight: 400;\">Las mejores. <\/span><span style=\"font-weight: 400;\">En todas las conversaciones que tengo sobre los programas que hice, cuento que la mejor audiencia que tuve fue en Brasil. La gente no juega all\u00ed cuando se trata de diversi\u00f3n. Ellos sudan, gritan, bailan, viven. Les encanta. <\/span><span style=\"font-weight: 400;\">Recuerdo que en R\u00edo, en una peque\u00f1a discoteca, y en San Pablo, en el Samb\u00f3dromo, la gente se sab\u00eda todas las letras de mis canciones y gritaba de buena gana, sin verg\u00fcenza. Odio ese tipo de audiencia que no se divierte y se preocupa por c\u00f3mo se ve la gente a su alrededor. Me gusta cuando la gente pierde el control, en el buen sentido. La vida es corta. La m\u00fasica es una celebraci\u00f3n. Brasil lo sabe.<\/span><\/p>\n<figure id=\"attachment_50514\" aria-describedby=\"caption-attachment-50514\" style=\"width: 770px\" class=\"wp-caption aligncenter\"><a href=\"https:\/\/www.instagram.com\/galaofficialpage\/\"><img data-recalc-dims=\"1\" loading=\"lazy\" decoding=\"async\" class=\"wp-image-50514 size-full\" src=\"https:\/\/i0.wp.com\/gay.blog.br\/wp-content\/uploads\/2020\/08\/05c7a1fd6431429dc2ca992ac62d938b.jpg?resize=696%2C1044&#038;ssl=1\" alt=\"\" width=\"696\" height=\"1044\" srcset=\"https:\/\/i0.wp.com\/gay.blog.br\/wp-content\/uploads\/2020\/08\/05c7a1fd6431429dc2ca992ac62d938b.jpg?w=770&amp;ssl=1 770w, https:\/\/i0.wp.com\/gay.blog.br\/wp-content\/uploads\/2020\/08\/05c7a1fd6431429dc2ca992ac62d938b.jpg?resize=200%2C300&amp;ssl=1 200w, https:\/\/i0.wp.com\/gay.blog.br\/wp-content\/uploads\/2020\/08\/05c7a1fd6431429dc2ca992ac62d938b.jpg?resize=683%2C1024&amp;ssl=1 683w, https:\/\/i0.wp.com\/gay.blog.br\/wp-content\/uploads\/2020\/08\/05c7a1fd6431429dc2ca992ac62d938b.jpg?resize=100%2C150&amp;ssl=1 100w, https:\/\/i0.wp.com\/gay.blog.br\/wp-content\/uploads\/2020\/08\/05c7a1fd6431429dc2ca992ac62d938b.jpg?resize=768%2C1152&amp;ssl=1 768w, https:\/\/i0.wp.com\/gay.blog.br\/wp-content\/uploads\/2020\/08\/05c7a1fd6431429dc2ca992ac62d938b.jpg?resize=696%2C1044&amp;ssl=1 696w, https:\/\/i0.wp.com\/gay.blog.br\/wp-content\/uploads\/2020\/08\/05c7a1fd6431429dc2ca992ac62d938b.jpg?resize=280%2C420&amp;ssl=1 280w, https:\/\/i0.wp.com\/gay.blog.br\/wp-content\/uploads\/2020\/08\/05c7a1fd6431429dc2ca992ac62d938b.jpg?resize=560%2C840&amp;ssl=1 560w\" sizes=\"auto, (max-width: 696px) 100vw, 696px\" \/><\/a><figcaption id=\"caption-attachment-50514\" class=\"wp-caption-text\">Reproducci\u00f3n<\/figcaption><\/figure>\n<p style=\"text-align: justify;\"><b>\u00bfConoce la m\u00fasica brasile\u00f1a?<\/b><\/p>\n<p style=\"text-align: justify;\"><span style=\"font-weight: 400;\">S\u00ed, algo. Es hermosa, relajante y apasionada al mismo tiempo. Feliz y melanc\u00f3lica, como las personas.<\/span><\/p>\n<p style=\"text-align: justify;\"><b>\u00bfDefines su estilo musical como Eurodance?<\/b><\/p>\n<p style=\"text-align: justify;\"><span style=\"font-weight: 400;\">No me identifico con este g\u00e9nero. Y no conozco ese g\u00e9nero, en realidad. <\/span><span style=\"font-weight: 400;\">Algunas personas me ponen en esta caja, pero mis fans m\u00e1s cercanos no. Siempre he sido una excepci\u00f3n en este sentido, puedo ubicarme en estas definiciones, pero no me identifico con eso. Quiz\u00e1s los DJs que remezclaron mis canciones, pero las compuse inspirado en el blues, pop, rock, new wave, etc.<\/span><\/p>\n<p style=\"text-align: justify;\"><b>En 2013, grab\u00f3 un video sobre violencia\/homofobia gay. Recuerdo que en ese momento hab\u00eda muchos casos de bullying escolar.<\/b><\/p>\n<p style=\"text-align: justify;\"><span style=\"font-weight: 400;\">Recib\u00ed una notificaci\u00f3n de un comentario publicado en el cuadro de comentarios de un video. Dije algo como: \u00abdOrty gay\u00bb [<em>dOrty<\/em> es jerga para referirse a una persona promiscua]. <\/span><span style=\"font-weight: 400;\">No puedo creer lo horrible que puede ser la gente. Pero me mostr\u00f3 lo importante que es para m\u00ed hablar, incluso si estaba en peligro de ser insultada. <\/span><span style=\"font-weight: 400;\">Sobre todo, siempre defender\u00e9 a la comunidad LGBTQ+.<\/span><\/p>\n<p><span class=\"embed-youtube\" style=\"text-align:center; display: block;\"><iframe loading=\"lazy\" class=\"youtube-player\" width=\"696\" height=\"392\" src=\"https:\/\/www.youtube.com\/embed\/bXtvk5p1XSg?version=3&#038;rel=1&#038;showsearch=0&#038;showinfo=1&#038;iv_load_policy=1&#038;fs=1&#038;hl=es-ES&#038;autohide=2&#038;wmode=transparent\" allowfullscreen=\"true\" style=\"border:0;\" sandbox=\"allow-scripts allow-same-origin allow-popups allow-presentation allow-popups-to-escape-sandbox\"><\/iframe><\/span><\/p>\n<p style=\"text-align: justify;\"><b>A lo largo de tu carrera has participado en algunos <em>Prides<\/em> en Europa, principalmente en Espa\u00f1a, \u00bfc\u00f3mo fue esa experiencia?<\/b><\/p>\n<p style=\"text-align: justify;\"><span style=\"font-weight: 400;\">Fue fant\u00e1stico. Especialmente el Desfile Gay de Madrid y Barcelona en la Plaza de Espa\u00f1a. Me encantar\u00eda que me invitaran a un desfile LGBT en Brasil. Un sue\u00f1o. Simplemente la mejor audiencia de todas: LGBTQ+ y en Brasil. Lo mejor. \u00a1Estaba orgullosa no solo de cantar, sino tambi\u00e9n de actuar!<\/span><\/p>\n<p><span class=\"embed-youtube\" style=\"text-align:center; display: block;\"><iframe loading=\"lazy\" class=\"youtube-player\" width=\"696\" height=\"392\" src=\"https:\/\/www.youtube.com\/embed\/iBXXvCwMDsQ?version=3&#038;rel=1&#038;showsearch=0&#038;showinfo=1&#038;iv_load_policy=1&#038;fs=1&#038;hl=es-ES&#038;autohide=2&#038;wmode=transparent\" allowfullscreen=\"true\" style=\"border:0;\" sandbox=\"allow-scripts allow-same-origin allow-popups allow-presentation allow-popups-to-escape-sandbox\"><\/iframe><\/span><\/p>\n<p style=\"text-align: justify;\"><b>\u00bfCu\u00e1les son sus pr\u00f3ximos proyectos cuando termine la pandemia?<\/b><\/p>\n<p style=\"text-align: justify;\"><span style=\"font-weight: 400;\">He escrito mucho en los \u00faltimos a\u00f1os. He estado guardando m\u00fasica incre\u00edble. Mi computadora tiene poes\u00eda, m\u00fasica, ritmos, ideas y singles listos. El problema es encontrar un equipo y tener el dinero para hacer un disco, hacer la producci\u00f3n, mezcla, masterizaci\u00f3n, videoclips, promoci\u00f3n, car\u00e1tula de CD&#8230; Un disco requiere un trabajo serio y algo de dinero. <\/span><span style=\"font-weight: 400;\">S\u00e9 que la gente que no vive entre bastidores puede entender eso. No todas las personas tienen el privilegio y la suerte de tener un equipo o dinero disponible para invertir en su propio arte. Hay muchos poetas, m\u00fasicos, pintores, bailarines, artistas que sue\u00f1an con expresarse, pero est\u00e1n limitados por condiciones econ\u00f3micas. <\/span><span style=\"font-weight: 400;\">Todos piensan que porque escrib\u00ed \u00e9xitos, gan\u00e9 millones y por eso puedo producir un disco cada pocos a\u00f1os, como Beyonc\u00e9, pero ese no es el caso. Mi ex discogr\u00e1fica tiene ese tipo de poder, yo no. Porque siendo un artista joven e ingenua, firm\u00e9 un contrato que no me daba control sobre mis propias creaciones, al que deber\u00eda tener derecho. Explicar\u00e9 esto m\u00e1s adelante.<\/span><\/p>\n<figure id=\"attachment_50526\" aria-describedby=\"caption-attachment-50526\" style=\"width: 1024px\" class=\"wp-caption aligncenter\"><a href=\"https:\/\/www.instagram.com\/galaofficialpage\/\"><img data-recalc-dims=\"1\" loading=\"lazy\" decoding=\"async\" class=\"wp-image-50526 size-full\" src=\"https:\/\/i0.wp.com\/gay.blog.br\/wp-content\/uploads\/2020\/08\/Gala_Rizzatto.jpg?resize=696%2C696&#038;ssl=1\" alt=\"\" width=\"696\" height=\"696\" srcset=\"https:\/\/i0.wp.com\/gay.blog.br\/wp-content\/uploads\/2020\/08\/Gala_Rizzatto.jpg?w=1024&amp;ssl=1 1024w, https:\/\/i0.wp.com\/gay.blog.br\/wp-content\/uploads\/2020\/08\/Gala_Rizzatto.jpg?resize=300%2C300&amp;ssl=1 300w, https:\/\/i0.wp.com\/gay.blog.br\/wp-content\/uploads\/2020\/08\/Gala_Rizzatto.jpg?resize=150%2C150&amp;ssl=1 150w, https:\/\/i0.wp.com\/gay.blog.br\/wp-content\/uploads\/2020\/08\/Gala_Rizzatto.jpg?resize=768%2C768&amp;ssl=1 768w, https:\/\/i0.wp.com\/gay.blog.br\/wp-content\/uploads\/2020\/08\/Gala_Rizzatto.jpg?resize=696%2C696&amp;ssl=1 696w, https:\/\/i0.wp.com\/gay.blog.br\/wp-content\/uploads\/2020\/08\/Gala_Rizzatto.jpg?resize=420%2C420&amp;ssl=1 420w, https:\/\/i0.wp.com\/gay.blog.br\/wp-content\/uploads\/2020\/08\/Gala_Rizzatto.jpg?resize=840%2C840&amp;ssl=1 840w\" sizes=\"auto, (max-width: 696px) 100vw, 696px\" \/><\/a><figcaption id=\"caption-attachment-50526\" class=\"wp-caption-text\">KONICA MINOLTA DIGITAL CAMERA<\/figcaption><\/figure>\n<p style=\"text-align: justify;\"><span style=\"font-weight: 400;\">Durante los \u00faltimos cinco a\u00f1os, he analizado todos los principales lanzamientos de m\u00fasica pop de cantantes. Y la mayor\u00eda de los grandes artistas pop ten\u00edan alrededor del 85% de colaboradores masculinos. Por lo general, la cantante es una mujer, pero cuando se trata de producci\u00f3n, compositores, m\u00fasicos, ingenieros de grabaci\u00f3n, ingenieros de mezcla, ingenieros de masterizaci\u00f3n, directores de video, personal de gira, empresarios, directores de video, core\u00f3grafos, fot\u00f3grafos, etc. son principalmente hombres. Entonces, incluso si la chica del cartel de la banda es una mujer, la industria de la m\u00fasica siempre est\u00e1 dando trabajo y dinero a una cantidad absurda de hombres, en comparaci\u00f3n con las mujeres. As\u00ed que imagina a una mujer despu\u00e9s de los 30-40&#8230; A menos que tengas dinero o un empresario\/grabadora unida contigo, es dif\u00edcil conseguir el apoyo de una discogr\u00e1fica. <\/span><span style=\"font-weight: 400;\">L\u00e1stima, porque hoy soy mucho mejor compositora, cantante, artista y letrista; y tengo mucho que compartir y ense\u00f1ar, y eso me apasiona. <\/span><span style=\"font-weight: 400;\">Las discogr\u00e1ficas de hoy no est\u00e1n invirtiendo. Y todo lo que miran es el n\u00famero de seguidores. A veces act\u00fao en grandes lugares; el a\u00f1o pasado <a href=\"https:\/\/www.youtube.com\/watch?v=Pw-9qu4gcWI\">hice un show en un estadio de f\u00fatbol<\/a>, \u200b\u200bpero un estadio abarrotado no es diferente a la cantidad de seguidores que tienes en una red social&#8230; Entonces, las compa\u00f1\u00edas discogr\u00e1ficas tienen una idea falsa de c\u00f3mo un artista impacta a las personas. Los seguidores online no siempre representan el afecto o la conexi\u00f3n real que un artista puede tener con su audiencia. <\/span><span style=\"font-weight: 400;\">Tengo una fuerte conexi\u00f3n con mi audiencia a trav\u00e9s de mis canciones, que todav\u00eda suenan despu\u00e9s de 20 a\u00f1os. Esta es mi conexi\u00f3n, mi m\u00fasica. <\/span><span style=\"font-weight: 400;\">Por cierto, escrib\u00ed una canci\u00f3n llamada \u00abEL D\u00cdA M\u00c1S FELIZ DE MI VIDA\u00bb, que habla de salir del armario como gay, salir de la depresi\u00f3n, salir de una vida que odias por una vida que amas. Esta canci\u00f3n fue parte de la pel\u00edcula <em>FAVOLA<\/em>, de Sebastiano Mauri, con el actor Filippo Timi y Lucia Mascino. <\/span><span style=\"font-weight: 400;\">La pel\u00edcula habla de un transexual en los a\u00f1os 50, debes buscarla en iTunes y verla, es una pel\u00edcula <em>independiente<\/em> \u00fanica. Si no puede encontrarlo en Brasil, busque la canci\u00f3n<a href=\"https:\/\/open.spotify.com\/album\/5GWM8oAn6BriJmbcPVcLrh\">HAPPIEST DAY OF MY LIFE en mi cuenta de SPOTIFY<\/a>, \u00a1est\u00e1 ah\u00ed!<\/span><\/p>\n<p><span class=\"embed-youtube\" style=\"text-align:center; display: block;\"><iframe loading=\"lazy\" class=\"youtube-player\" width=\"696\" height=\"392\" src=\"https:\/\/www.youtube.com\/embed\/1ddnou6RdMw?version=3&#038;rel=1&#038;showsearch=0&#038;showinfo=1&#038;iv_load_policy=1&#038;fs=1&#038;hl=es-ES&#038;autohide=2&#038;wmode=transparent\" allowfullscreen=\"true\" style=\"border:0;\" sandbox=\"allow-scripts allow-same-origin allow-popups allow-presentation allow-popups-to-escape-sandbox\"><\/iframe><\/span><\/p>\n<p style=\"text-align: justify;\"><span style=\"font-weight: 400;\">Lamentablemente, todav\u00eda no he tenido presupuesto para grabar un video de esta canci\u00f3n, pero esta canci\u00f3n es muy buena. Es la banda sonora de una pel\u00edcula, as\u00ed que no esperes una pista de baile de radio, pero es una gran canci\u00f3n universal que te har\u00e1 feliz si est\u00e1s triste. <\/span><span style=\"font-weight: 400;\">El mejor extracto es una de mis frases favoritas, ya que tambi\u00e9n conoc\u00eda la depresi\u00f3n:<\/span> <i><span style=\"font-weight: 400;\">\u201cSI NO HAY SOL, PINTAR\u00c9 UNO, EN UN CIELO AZUL BRILLANTE\u201d.<\/span><\/i> <span style=\"font-weight: 400;\">Significa que cuando todo est\u00e1 oscuro\/sombr\u00edo, debes levantarte y pintar tu propio sol. \u00a1Hazlo ahora! Cambia tus pensamientos, si son pensamientos negativos sobre ti, convi\u00e9rtelos en buenos pensamientos&#8230; es terriblemente dif\u00edcil&#8230; y sin embargo tan simple.<\/span><\/p>\n<figure id=\"attachment_50538\" aria-describedby=\"caption-attachment-50538\" style=\"width: 1920px\" class=\"wp-caption aligncenter\"><a href=\"https:\/\/www.instagram.com\/galaofficialpage\/\"><img data-recalc-dims=\"1\" loading=\"lazy\" decoding=\"async\" class=\"wp-image-50538 size-full\" src=\"https:\/\/i0.wp.com\/gay.blog.br\/wp-content\/uploads\/2020\/08\/65f9ea404cff7e511443c7d2d13139bf.jpg?resize=696%2C392&#038;ssl=1\" alt=\"\" width=\"696\" height=\"392\" srcset=\"https:\/\/i0.wp.com\/gay.blog.br\/wp-content\/uploads\/2020\/08\/65f9ea404cff7e511443c7d2d13139bf.jpg?w=1920&amp;ssl=1 1920w, https:\/\/i0.wp.com\/gay.blog.br\/wp-content\/uploads\/2020\/08\/65f9ea404cff7e511443c7d2d13139bf.jpg?resize=300%2C169&amp;ssl=1 300w, https:\/\/i0.wp.com\/gay.blog.br\/wp-content\/uploads\/2020\/08\/65f9ea404cff7e511443c7d2d13139bf.jpg?resize=1024%2C576&amp;ssl=1 1024w, https:\/\/i0.wp.com\/gay.blog.br\/wp-content\/uploads\/2020\/08\/65f9ea404cff7e511443c7d2d13139bf.jpg?resize=150%2C84&amp;ssl=1 150w, https:\/\/i0.wp.com\/gay.blog.br\/wp-content\/uploads\/2020\/08\/65f9ea404cff7e511443c7d2d13139bf.jpg?resize=768%2C432&amp;ssl=1 768w, https:\/\/i0.wp.com\/gay.blog.br\/wp-content\/uploads\/2020\/08\/65f9ea404cff7e511443c7d2d13139bf.jpg?resize=1536%2C864&amp;ssl=1 1536w, https:\/\/i0.wp.com\/gay.blog.br\/wp-content\/uploads\/2020\/08\/65f9ea404cff7e511443c7d2d13139bf.jpg?resize=696%2C392&amp;ssl=1 696w, https:\/\/i0.wp.com\/gay.blog.br\/wp-content\/uploads\/2020\/08\/65f9ea404cff7e511443c7d2d13139bf.jpg?resize=1392%2C783&amp;ssl=1 1392w, https:\/\/i0.wp.com\/gay.blog.br\/wp-content\/uploads\/2020\/08\/65f9ea404cff7e511443c7d2d13139bf.jpg?resize=1068%2C601&amp;ssl=1 1068w, https:\/\/i0.wp.com\/gay.blog.br\/wp-content\/uploads\/2020\/08\/65f9ea404cff7e511443c7d2d13139bf.jpg?resize=747%2C420&amp;ssl=1 747w, https:\/\/i0.wp.com\/gay.blog.br\/wp-content\/uploads\/2020\/08\/65f9ea404cff7e511443c7d2d13139bf.jpg?resize=1493%2C840&amp;ssl=1 1493w\" sizes=\"auto, (max-width: 696px) 100vw, 696px\" \/><\/a><figcaption id=\"caption-attachment-50538\" class=\"wp-caption-text\">Reproducci\u00f3n<\/figcaption><\/figure>\n<p style=\"text-align: justify;\"><b>Acerca de los premios&#8230; En 1996 fue elegida Mejor Cantante del A\u00f1o en Italia por la revista M\u00fasica e Dischi. En 1997 recibiste el premio Italiano de Danza como mejor artista pop dance del a\u00f1o. Ese mismo a\u00f1o, fuiste nominada como Mejor Artista de Danza en los Premios Mobo en el Reino Unido e incluso en 1997, ganaste un premio como Mejor Artista Extranjero del A\u00f1o en el Midem de Cannes, Francia. Lograste en tu primer \u00e1lbum lo que muchos artistas tardan a\u00f1os en lograr. \u00bfComo manejaste esto? \u00c9xito, fama, en fin&#8230;<\/b><\/p>\n<p style=\"text-align: justify;\"><span style=\"font-weight: 400;\">Fue un momento muy dif\u00edcil, Dios m\u00edo. Por un lado, cuando era joven, me di cuenta del poder de visualizar algo, creer en uno mismo y hacer que las cosas sucedan con fuerza de voluntad, pasi\u00f3n y la necesidad de transmitir algo valioso. Por otro lado, tambi\u00e9n llegu\u00e9 a conocer el \u00abmal\u00bb muy r\u00e1pidamente. Gente que me minti\u00f3, gente codiciosa y que me utiliz\u00f3. Yo era un alma muy pura&#8230; No crec\u00ed en una cuna familiarizada con showbizz y en ese momento no hab\u00eda forma de estar en l\u00ednea con Google, correos electr\u00f3nicos y toda esa informaci\u00f3n disponible ahora; as\u00ed que estaba sola en mi habitaci\u00f3n y sola con personas que dec\u00edan lo que quer\u00edan decirme. Y les cre\u00ed. No ten\u00eda un equipo para seguir mi carrera, ni un agente, ni un abogado en quien realmente pudiera confiar. Todos ve\u00edan sus propios intereses y yo era muy joven e inexperta. <\/span><span style=\"font-weight: 400;\">Entonces fue un momento muy dif\u00edcil. La raz\u00f3n por la que mi voz era tan baja en LET A BOY CRY es porque hab\u00eda perdido la voz debido al miedo y el estr\u00e9s. Tuve que trabajar para recuperar mi voz en una escuela especial, con ni\u00f1os peque\u00f1os que ten\u00edan problemas psicol\u00f3gicos y fisiol\u00f3gicos y que tambi\u00e9n hab\u00edan perdido la voz. Tan dulce (sobre ellas).<\/span><\/p>\n<figure id=\"attachment_50540\" aria-describedby=\"caption-attachment-50540\" style=\"width: 770px\" class=\"wp-caption aligncenter\"><a href=\"https:\/\/www.instagram.com\/galaofficialpage\/\"><img data-recalc-dims=\"1\" loading=\"lazy\" decoding=\"async\" class=\"wp-image-50540 size-full\" src=\"https:\/\/i0.wp.com\/gay.blog.br\/wp-content\/uploads\/2020\/08\/3abe7de5c31c4f3f9e6a1a182c7ca3be.jpg?resize=696%2C665&#038;ssl=1\" alt=\"\" width=\"696\" height=\"665\" srcset=\"https:\/\/i0.wp.com\/gay.blog.br\/wp-content\/uploads\/2020\/08\/3abe7de5c31c4f3f9e6a1a182c7ca3be.jpg?w=770&amp;ssl=1 770w, https:\/\/i0.wp.com\/gay.blog.br\/wp-content\/uploads\/2020\/08\/3abe7de5c31c4f3f9e6a1a182c7ca3be.jpg?resize=300%2C287&amp;ssl=1 300w, https:\/\/i0.wp.com\/gay.blog.br\/wp-content\/uploads\/2020\/08\/3abe7de5c31c4f3f9e6a1a182c7ca3be.jpg?resize=150%2C143&amp;ssl=1 150w, https:\/\/i0.wp.com\/gay.blog.br\/wp-content\/uploads\/2020\/08\/3abe7de5c31c4f3f9e6a1a182c7ca3be.jpg?resize=768%2C734&amp;ssl=1 768w, https:\/\/i0.wp.com\/gay.blog.br\/wp-content\/uploads\/2020\/08\/3abe7de5c31c4f3f9e6a1a182c7ca3be.jpg?resize=696%2C665&amp;ssl=1 696w, https:\/\/i0.wp.com\/gay.blog.br\/wp-content\/uploads\/2020\/08\/3abe7de5c31c4f3f9e6a1a182c7ca3be.jpg?resize=439%2C420&amp;ssl=1 439w\" sizes=\"auto, (max-width: 696px) 100vw, 696px\" \/><\/a><figcaption id=\"caption-attachment-50540\" class=\"wp-caption-text\">Reproducci\u00f3n<\/figcaption><\/figure>\n<p style=\"text-align: justify;\"><b>Para los lectores, \u00bfqu\u00e9 mensaje les dejas?<\/b><\/p>\n<p style=\"text-align: justify;\"><span style=\"font-weight: 400;\">S\u00c9 FELIZ, EST\u00c9 ORGULLOSO, ERES PERFECTO TAL COMO ERES. YO TE AMO. \u00a1PIDA A RADIOS, CLUBES Y FESTIVALES QUE NOS LLAMEN PARA IR ALL\u00cd! PARA QUE PUEDA ESCRIBIR: \u00a1NOS VEMOS PRONTO!<\/span><\/p>\n<p><span class=\"embed-youtube\" style=\"text-align:center; display: block;\"><iframe loading=\"lazy\" class=\"youtube-player\" width=\"696\" height=\"392\" src=\"https:\/\/www.youtube.com\/embed\/oRlVAIM0eps?version=3&#038;rel=1&#038;showsearch=0&#038;showinfo=1&#038;iv_load_policy=1&#038;fs=1&#038;hl=es-ES&#038;autohide=2&#038;wmode=transparent\" allowfullscreen=\"true\" style=\"border:0;\" sandbox=\"allow-scripts allow-same-origin allow-popups allow-presentation allow-popups-to-escape-sandbox\"><\/iframe><\/span><\/p>\n<p><strong>LINKS:<\/strong><\/p>\n<p><a href=\"http:\/\/instagram.com\/galaofficialpage\">Instagram.com<\/a> | <a href=\"http:\/\/Facebook.com\/galasound\">Facebook<\/a> | <a href=\"https:\/\/www.youtube.com\/channel\/UCB3MvIfz-o8Gp44DT8q8vSg\">Youtube<\/a> | <a href=\"https:\/\/twitter.com\/galasound\">Twitter<\/a><br \/>\n<a href=\"https:\/\/www.galaofficial.com\/\">galaofficial.com<\/a><\/p>\n","protected":false},"excerpt":{"rendered":"<p>En entrevista exclusiva con GAY BLOG BR, Gala Rizzatto habla sobre su carrera y el deseo de cantar en un Desfile LGBT en Brasil.<\/p>\n","protected":false},"author":3482,"featured_media":84256,"comment_status":"open","ping_status":"open","sticky":false,"template":"","format":"standard","meta":{"googlesitekit_rrm_CAoiEBg-BXrJeACjO8p49SE4kTY:productID":"","tdm_status":"","tdm_grid_status":"","_jetpack_newsletter_access":"","_jetpack_dont_email_post_to_subs":false,"_jetpack_newsletter_tier_id":0,"_jetpack_memberships_contains_paywalled_content":false,"_jetpack_memberships_contains_paid_content":false,"footnotes":"","jetpack_publicize_message":"Hablamos con Gala, la cantante italiana que domin\u00f3 las pistas en los 90","jetpack_publicize_feature_enabled":true,"jetpack_social_post_already_shared":true,"jetpack_social_options":{"image_generator_settings":{"template":"highway","default_image_id":0,"font":"","enabled":false},"version":2},"_wpas_customize_per_network":false,"jetpack_post_was_ever_published":false},"categories":[589932375,589932394],"tags":[589934271,589932739,589934742,589934743,589934128],"class_list":{"0":"post-100434","1":"post","2":"type-post","3":"status-publish","4":"format-standard","5":"has-post-thumbnail","7":"category-entrevistas-es","8":"category-musica-es","9":"tag-cantante-es-3","10":"tag-cantante-es","11":"tag-gala-es","12":"tag-gala-rizzatto-es","13":"tag-queer-es"},"yoast_head":"<!-- This site is optimized with the Yoast SEO plugin v27.4 - https:\/\/yoast.com\/product\/yoast-seo-wordpress\/ -->\n<title>Hablamos con Gala, la cantante italiana que domin\u00f3 las pistas en los 90<\/title>\n<meta name=\"description\" content=\"En entrevista exclusiva con GAY BLOG BR, Gala Rizzatto habla sobre su carrera y el deseo de cantar en un Desfile LGBT en Brasil.\" \/>\n<meta name=\"robots\" content=\"index, follow, max-snippet:-1, max-image-preview:large, max-video-preview:-1\" \/>\n<link rel=\"canonical\" href=\"https:\/\/gay.blog.br\/es\/entrevistas-es\/hablamos-con-gala-la-cantante-italiana-que-domino-las-pistas-en-los-90\/\" \/>\n<meta property=\"og:locale\" content=\"es_ES\" \/>\n<meta property=\"og:type\" content=\"article\" \/>\n<meta property=\"og:title\" content=\"Hablamos con Gala, la cantante italiana que domin\u00f3 las pistas en los 90\" \/>\n<meta property=\"og:description\" content=\"En entrevista exclusiva con GAY BLOG BR, Gala Rizzatto habla sobre su carrera y el deseo de cantar en un Desfile LGBT en Brasil.\" \/>\n<meta property=\"og:url\" content=\"https:\/\/gay.blog.br\/es\/entrevistas-es\/hablamos-con-gala-la-cantante-italiana-que-domino-las-pistas-en-los-90\/\" \/>\n<meta property=\"og:site_name\" content=\"GAY BLOG BR @gayblogbr\" \/>\n<meta property=\"article:publisher\" content=\"https:\/\/facebook.com\/gayblogbr\" \/>\n<meta property=\"article:author\" content=\"https:\/\/facebook.com\/gayblogbr\" \/>\n<meta property=\"article:published_time\" content=\"2020-08-08T19:09:58+00:00\" \/>\n<meta property=\"article:modified_time\" content=\"2021-01-30T00:19:49+00:00\" \/>\n<meta property=\"og:image\" content=\"https:\/\/i2.wp.com\/gay.blog.br\/wp-content\/uploads\/2020\/08\/gala-singer-8f9c86a2-21b5-4e99-8592-72aa7c53217-resize-750.jpeg?fit=750%2C422&ssl=1\" \/>\n\t<meta property=\"og:image:width\" content=\"750\" \/>\n\t<meta property=\"og:image:height\" content=\"422\" \/>\n\t<meta property=\"og:image:type\" content=\"image\/jpeg\" \/>\n<meta name=\"author\" content=\"Andr\u00e9 Aram\" \/>\n<meta name=\"twitter:card\" content=\"summary_large_image\" \/>\n<meta name=\"twitter:creator\" content=\"@https:\/\/twittercom\/gayblogbr\" \/>\n<meta name=\"twitter:site\" content=\"@gayblogbr\" \/>\n<meta name=\"twitter:label1\" content=\"Escrito por\" \/>\n\t<meta name=\"twitter:data1\" content=\"Andr\u00e9 Aram\" \/>\n\t<meta name=\"twitter:label2\" content=\"Tiempo de lectura\" \/>\n\t<meta name=\"twitter:data2\" content=\"15 minutos\" \/>\n<script type=\"application\/ld+json\" class=\"yoast-schema-graph\">{\"@context\":\"https:\\\/\\\/schema.org\",\"@graph\":[{\"@type\":\"Article\",\"@id\":\"https:\\\/\\\/gay.blog.br\\\/es\\\/entrevistas-es\\\/hablamos-con-gala-la-cantante-italiana-que-domino-las-pistas-en-los-90\\\/#article\",\"isPartOf\":{\"@id\":\"https:\\\/\\\/gay.blog.br\\\/es\\\/entrevistas-es\\\/hablamos-con-gala-la-cantante-italiana-que-domino-las-pistas-en-los-90\\\/\"},\"author\":{\"name\":\"Andr\u00e9 Aram\",\"@id\":\"https:\\\/\\\/gay.blog.br\\\/es\\\/#\\\/schema\\\/person\\\/59a4471c2fa312ae207122b509537a87\"},\"headline\":\"Hablamos con Gala, la cantante italiana que domin\u00f3 las pistas en los 90\",\"datePublished\":\"2020-08-08T19:09:58+00:00\",\"dateModified\":\"2021-01-30T00:19:49+00:00\",\"mainEntityOfPage\":{\"@id\":\"https:\\\/\\\/gay.blog.br\\\/es\\\/entrevistas-es\\\/hablamos-con-gala-la-cantante-italiana-que-domino-las-pistas-en-los-90\\\/\"},\"wordCount\":2915,\"commentCount\":0,\"publisher\":{\"@id\":\"https:\\\/\\\/gay.blog.br\\\/es\\\/#organization\"},\"image\":{\"@id\":\"https:\\\/\\\/gay.blog.br\\\/es\\\/entrevistas-es\\\/hablamos-con-gala-la-cantante-italiana-que-domino-las-pistas-en-los-90\\\/#primaryimage\"},\"thumbnailUrl\":\"https:\\\/\\\/i0.wp.com\\\/gay.blog.br\\\/wp-content\\\/uploads\\\/2020\\\/08\\\/gala-singer-8f9c86a2-21b5-4e99-8592-72aa7c53217-resize-750.jpeg?fit=750%2C422&ssl=1\",\"keywords\":[\"cantante\",\"cantante\",\"gala\",\"Gala Rizzatto\",\"queer\"],\"articleSection\":[\"ENTREVISTAS\",\"M\u00daSICA\"],\"inLanguage\":\"es\",\"potentialAction\":[{\"@type\":\"CommentAction\",\"name\":\"Comment\",\"target\":[\"https:\\\/\\\/gay.blog.br\\\/es\\\/entrevistas-es\\\/hablamos-con-gala-la-cantante-italiana-que-domino-las-pistas-en-los-90\\\/#respond\"]}]},{\"@type\":\"WebPage\",\"@id\":\"https:\\\/\\\/gay.blog.br\\\/es\\\/entrevistas-es\\\/hablamos-con-gala-la-cantante-italiana-que-domino-las-pistas-en-los-90\\\/\",\"url\":\"https:\\\/\\\/gay.blog.br\\\/es\\\/entrevistas-es\\\/hablamos-con-gala-la-cantante-italiana-que-domino-las-pistas-en-los-90\\\/\",\"name\":\"Hablamos con Gala, la cantante italiana que domin\u00f3 las pistas en los 90\",\"isPartOf\":{\"@id\":\"https:\\\/\\\/gay.blog.br\\\/es\\\/#website\"},\"primaryImageOfPage\":{\"@id\":\"https:\\\/\\\/gay.blog.br\\\/es\\\/entrevistas-es\\\/hablamos-con-gala-la-cantante-italiana-que-domino-las-pistas-en-los-90\\\/#primaryimage\"},\"image\":{\"@id\":\"https:\\\/\\\/gay.blog.br\\\/es\\\/entrevistas-es\\\/hablamos-con-gala-la-cantante-italiana-que-domino-las-pistas-en-los-90\\\/#primaryimage\"},\"thumbnailUrl\":\"https:\\\/\\\/i0.wp.com\\\/gay.blog.br\\\/wp-content\\\/uploads\\\/2020\\\/08\\\/gala-singer-8f9c86a2-21b5-4e99-8592-72aa7c53217-resize-750.jpeg?fit=750%2C422&ssl=1\",\"datePublished\":\"2020-08-08T19:09:58+00:00\",\"dateModified\":\"2021-01-30T00:19:49+00:00\",\"description\":\"En entrevista exclusiva con GAY BLOG BR, Gala Rizzatto habla sobre su carrera y el deseo de cantar en un Desfile LGBT en Brasil.\",\"breadcrumb\":{\"@id\":\"https:\\\/\\\/gay.blog.br\\\/es\\\/entrevistas-es\\\/hablamos-con-gala-la-cantante-italiana-que-domino-las-pistas-en-los-90\\\/#breadcrumb\"},\"inLanguage\":\"es\",\"potentialAction\":[{\"@type\":\"ReadAction\",\"target\":[\"https:\\\/\\\/gay.blog.br\\\/es\\\/entrevistas-es\\\/hablamos-con-gala-la-cantante-italiana-que-domino-las-pistas-en-los-90\\\/\"]}]},{\"@type\":\"ImageObject\",\"inLanguage\":\"es\",\"@id\":\"https:\\\/\\\/gay.blog.br\\\/es\\\/entrevistas-es\\\/hablamos-con-gala-la-cantante-italiana-que-domino-las-pistas-en-los-90\\\/#primaryimage\",\"url\":\"https:\\\/\\\/i0.wp.com\\\/gay.blog.br\\\/wp-content\\\/uploads\\\/2020\\\/08\\\/gala-singer-8f9c86a2-21b5-4e99-8592-72aa7c53217-resize-750.jpeg?fit=750%2C422&ssl=1\",\"contentUrl\":\"https:\\\/\\\/i0.wp.com\\\/gay.blog.br\\\/wp-content\\\/uploads\\\/2020\\\/08\\\/gala-singer-8f9c86a2-21b5-4e99-8592-72aa7c53217-resize-750.jpeg?fit=750%2C422&ssl=1\",\"width\":750,\"height\":422},{\"@type\":\"BreadcrumbList\",\"@id\":\"https:\\\/\\\/gay.blog.br\\\/es\\\/entrevistas-es\\\/hablamos-con-gala-la-cantante-italiana-que-domino-las-pistas-en-los-90\\\/#breadcrumb\",\"itemListElement\":[{\"@type\":\"ListItem\",\"position\":1,\"name\":\"In\u00edcio\",\"item\":\"https:\\\/\\\/gay.blog.br\\\/es\\\/\"},{\"@type\":\"ListItem\",\"position\":2,\"name\":\"Hablamos con Gala, la cantante italiana que domin\u00f3 las pistas en los 90\"}]},{\"@type\":\"WebSite\",\"@id\":\"https:\\\/\\\/gay.blog.br\\\/es\\\/#website\",\"url\":\"https:\\\/\\\/gay.blog.br\\\/es\\\/\",\"name\":\"GAY BLOG BR @gayblogbr\",\"description\":\"Not\u00edcias que empoderam e\\\/ou entret\u00eam s\u00e3o especialidades da casa\",\"publisher\":{\"@id\":\"https:\\\/\\\/gay.blog.br\\\/es\\\/#organization\"},\"potentialAction\":[{\"@type\":\"SearchAction\",\"target\":{\"@type\":\"EntryPoint\",\"urlTemplate\":\"https:\\\/\\\/gay.blog.br\\\/es\\\/?s={search_term_string}\"},\"query-input\":{\"@type\":\"PropertyValueSpecification\",\"valueRequired\":true,\"valueName\":\"search_term_string\"}}],\"inLanguage\":\"es\"},{\"@type\":\"Organization\",\"@id\":\"https:\\\/\\\/gay.blog.br\\\/es\\\/#organization\",\"name\":\"GAY BLOG BR\",\"url\":\"https:\\\/\\\/gay.blog.br\\\/es\\\/\",\"logo\":{\"@type\":\"ImageObject\",\"inLanguage\":\"es\",\"@id\":\"https:\\\/\\\/gay.blog.br\\\/es\\\/#\\\/schema\\\/logo\\\/image\\\/\",\"url\":\"https:\\\/\\\/i0.wp.com\\\/gay.blog.br\\\/wp-content\\\/uploads\\\/2023\\\/08\\\/gay180px.png?fit=272%2C90&ssl=1\",\"contentUrl\":\"https:\\\/\\\/i0.wp.com\\\/gay.blog.br\\\/wp-content\\\/uploads\\\/2023\\\/08\\\/gay180px.png?fit=272%2C90&ssl=1\",\"width\":272,\"height\":90,\"caption\":\"GAY BLOG BR\"},\"image\":{\"@id\":\"https:\\\/\\\/gay.blog.br\\\/es\\\/#\\\/schema\\\/logo\\\/image\\\/\"},\"sameAs\":[\"https:\\\/\\\/facebook.com\\\/gayblogbr\",\"https:\\\/\\\/x.com\\\/gayblogbr\",\"https:\\\/\\\/instagram.com\\\/gayblogbr\",\"https:\\\/\\\/www.linkedin.com\\\/company\\\/gayblogbr\\\/\",\"https:\\\/\\\/br.pinterest.com\\\/gayblogbr\\\/\",\"https:\\\/\\\/www.youtube.com\\\/channel\\\/UCdEu3JXLOB-wvWAVUF4AIiA\",\"https:\\\/\\\/pt.wikipedia.org\\\/wiki\\\/Gay_Blog_Br\",\"https:\\\/\\\/www.threads.net\\\/@gayblogbr\"]},{\"@type\":\"Person\",\"@id\":\"https:\\\/\\\/gay.blog.br\\\/es\\\/#\\\/schema\\\/person\\\/59a4471c2fa312ae207122b509537a87\",\"name\":\"Andr\u00e9 Aram\",\"image\":{\"@type\":\"ImageObject\",\"inLanguage\":\"es\",\"@id\":\"https:\\\/\\\/secure.gravatar.com\\\/avatar\\\/2c85547dbbd1358696029970d8cb1ad363b94b546b682c26b5db210aee9eada8?s=96&d=mm&r=g\",\"url\":\"https:\\\/\\\/secure.gravatar.com\\\/avatar\\\/2c85547dbbd1358696029970d8cb1ad363b94b546b682c26b5db210aee9eada8?s=96&d=mm&r=g\",\"contentUrl\":\"https:\\\/\\\/secure.gravatar.com\\\/avatar\\\/2c85547dbbd1358696029970d8cb1ad363b94b546b682c26b5db210aee9eada8?s=96&d=mm&r=g\",\"caption\":\"Andr\u00e9 Aram\"},\"sameAs\":[\"https:\\\/\\\/gay.blog.br\\\/author\\\/andrearam\",\"https:\\\/\\\/facebook.com\\\/gayblogbr\",\"https:\\\/\\\/instagram.com\\\/gayblogbr\",\"https:\\\/\\\/x.com\\\/https:\\\/\\\/twittercom\\\/gayblogbr\"],\"url\":\"https:\\\/\\\/gay.blog.br\\\/es\\\/author\\\/andrearam\\\/\"}]}<\/script>\n<!-- \/ Yoast SEO plugin. -->","yoast_head_json":{"title":"Hablamos con Gala, la cantante italiana que domin\u00f3 las pistas en los 90","description":"En entrevista exclusiva con GAY BLOG BR, Gala Rizzatto habla sobre su carrera y el deseo de cantar en un Desfile LGBT en Brasil.","robots":{"index":"index","follow":"follow","max-snippet":"max-snippet:-1","max-image-preview":"max-image-preview:large","max-video-preview":"max-video-preview:-1"},"canonical":"https:\/\/gay.blog.br\/es\/entrevistas-es\/hablamos-con-gala-la-cantante-italiana-que-domino-las-pistas-en-los-90\/","og_locale":"es_ES","og_type":"article","og_title":"Hablamos con Gala, la cantante italiana que domin\u00f3 las pistas en los 90","og_description":"En entrevista exclusiva con GAY BLOG BR, Gala Rizzatto habla sobre su carrera y el deseo de cantar en un Desfile LGBT en Brasil.","og_url":"https:\/\/gay.blog.br\/es\/entrevistas-es\/hablamos-con-gala-la-cantante-italiana-que-domino-las-pistas-en-los-90\/","og_site_name":"GAY BLOG BR @gayblogbr","article_publisher":"https:\/\/facebook.com\/gayblogbr","article_author":"https:\/\/facebook.com\/gayblogbr","article_published_time":"2020-08-08T19:09:58+00:00","article_modified_time":"2021-01-30T00:19:49+00:00","og_image":[{"width":750,"height":422,"url":"https:\/\/i2.wp.com\/gay.blog.br\/wp-content\/uploads\/2020\/08\/gala-singer-8f9c86a2-21b5-4e99-8592-72aa7c53217-resize-750.jpeg?fit=750%2C422&ssl=1","type":"image\/jpeg"}],"author":"Andr\u00e9 Aram","twitter_card":"summary_large_image","twitter_creator":"@https:\/\/twittercom\/gayblogbr","twitter_site":"@gayblogbr","twitter_misc":{"Escrito por":"Andr\u00e9 Aram","Tiempo de lectura":"15 minutos"},"schema":{"@context":"https:\/\/schema.org","@graph":[{"@type":"Article","@id":"https:\/\/gay.blog.br\/es\/entrevistas-es\/hablamos-con-gala-la-cantante-italiana-que-domino-las-pistas-en-los-90\/#article","isPartOf":{"@id":"https:\/\/gay.blog.br\/es\/entrevistas-es\/hablamos-con-gala-la-cantante-italiana-que-domino-las-pistas-en-los-90\/"},"author":{"name":"Andr\u00e9 Aram","@id":"https:\/\/gay.blog.br\/es\/#\/schema\/person\/59a4471c2fa312ae207122b509537a87"},"headline":"Hablamos con Gala, la cantante italiana que domin\u00f3 las pistas en los 90","datePublished":"2020-08-08T19:09:58+00:00","dateModified":"2021-01-30T00:19:49+00:00","mainEntityOfPage":{"@id":"https:\/\/gay.blog.br\/es\/entrevistas-es\/hablamos-con-gala-la-cantante-italiana-que-domino-las-pistas-en-los-90\/"},"wordCount":2915,"commentCount":0,"publisher":{"@id":"https:\/\/gay.blog.br\/es\/#organization"},"image":{"@id":"https:\/\/gay.blog.br\/es\/entrevistas-es\/hablamos-con-gala-la-cantante-italiana-que-domino-las-pistas-en-los-90\/#primaryimage"},"thumbnailUrl":"https:\/\/i0.wp.com\/gay.blog.br\/wp-content\/uploads\/2020\/08\/gala-singer-8f9c86a2-21b5-4e99-8592-72aa7c53217-resize-750.jpeg?fit=750%2C422&ssl=1","keywords":["cantante","cantante","gala","Gala Rizzatto","queer"],"articleSection":["ENTREVISTAS","M\u00daSICA"],"inLanguage":"es","potentialAction":[{"@type":"CommentAction","name":"Comment","target":["https:\/\/gay.blog.br\/es\/entrevistas-es\/hablamos-con-gala-la-cantante-italiana-que-domino-las-pistas-en-los-90\/#respond"]}]},{"@type":"WebPage","@id":"https:\/\/gay.blog.br\/es\/entrevistas-es\/hablamos-con-gala-la-cantante-italiana-que-domino-las-pistas-en-los-90\/","url":"https:\/\/gay.blog.br\/es\/entrevistas-es\/hablamos-con-gala-la-cantante-italiana-que-domino-las-pistas-en-los-90\/","name":"Hablamos con Gala, la cantante italiana que domin\u00f3 las pistas en los 90","isPartOf":{"@id":"https:\/\/gay.blog.br\/es\/#website"},"primaryImageOfPage":{"@id":"https:\/\/gay.blog.br\/es\/entrevistas-es\/hablamos-con-gala-la-cantante-italiana-que-domino-las-pistas-en-los-90\/#primaryimage"},"image":{"@id":"https:\/\/gay.blog.br\/es\/entrevistas-es\/hablamos-con-gala-la-cantante-italiana-que-domino-las-pistas-en-los-90\/#primaryimage"},"thumbnailUrl":"https:\/\/i0.wp.com\/gay.blog.br\/wp-content\/uploads\/2020\/08\/gala-singer-8f9c86a2-21b5-4e99-8592-72aa7c53217-resize-750.jpeg?fit=750%2C422&ssl=1","datePublished":"2020-08-08T19:09:58+00:00","dateModified":"2021-01-30T00:19:49+00:00","description":"En entrevista exclusiva con GAY BLOG BR, Gala Rizzatto habla sobre su carrera y el deseo de cantar en un Desfile LGBT en Brasil.","breadcrumb":{"@id":"https:\/\/gay.blog.br\/es\/entrevistas-es\/hablamos-con-gala-la-cantante-italiana-que-domino-las-pistas-en-los-90\/#breadcrumb"},"inLanguage":"es","potentialAction":[{"@type":"ReadAction","target":["https:\/\/gay.blog.br\/es\/entrevistas-es\/hablamos-con-gala-la-cantante-italiana-que-domino-las-pistas-en-los-90\/"]}]},{"@type":"ImageObject","inLanguage":"es","@id":"https:\/\/gay.blog.br\/es\/entrevistas-es\/hablamos-con-gala-la-cantante-italiana-que-domino-las-pistas-en-los-90\/#primaryimage","url":"https:\/\/i0.wp.com\/gay.blog.br\/wp-content\/uploads\/2020\/08\/gala-singer-8f9c86a2-21b5-4e99-8592-72aa7c53217-resize-750.jpeg?fit=750%2C422&ssl=1","contentUrl":"https:\/\/i0.wp.com\/gay.blog.br\/wp-content\/uploads\/2020\/08\/gala-singer-8f9c86a2-21b5-4e99-8592-72aa7c53217-resize-750.jpeg?fit=750%2C422&ssl=1","width":750,"height":422},{"@type":"BreadcrumbList","@id":"https:\/\/gay.blog.br\/es\/entrevistas-es\/hablamos-con-gala-la-cantante-italiana-que-domino-las-pistas-en-los-90\/#breadcrumb","itemListElement":[{"@type":"ListItem","position":1,"name":"In\u00edcio","item":"https:\/\/gay.blog.br\/es\/"},{"@type":"ListItem","position":2,"name":"Hablamos con Gala, la cantante italiana que domin\u00f3 las pistas en los 90"}]},{"@type":"WebSite","@id":"https:\/\/gay.blog.br\/es\/#website","url":"https:\/\/gay.blog.br\/es\/","name":"GAY BLOG BR @gayblogbr","description":"Not\u00edcias que empoderam e\/ou entret\u00eam s\u00e3o especialidades da casa","publisher":{"@id":"https:\/\/gay.blog.br\/es\/#organization"},"potentialAction":[{"@type":"SearchAction","target":{"@type":"EntryPoint","urlTemplate":"https:\/\/gay.blog.br\/es\/?s={search_term_string}"},"query-input":{"@type":"PropertyValueSpecification","valueRequired":true,"valueName":"search_term_string"}}],"inLanguage":"es"},{"@type":"Organization","@id":"https:\/\/gay.blog.br\/es\/#organization","name":"GAY BLOG BR","url":"https:\/\/gay.blog.br\/es\/","logo":{"@type":"ImageObject","inLanguage":"es","@id":"https:\/\/gay.blog.br\/es\/#\/schema\/logo\/image\/","url":"https:\/\/i0.wp.com\/gay.blog.br\/wp-content\/uploads\/2023\/08\/gay180px.png?fit=272%2C90&ssl=1","contentUrl":"https:\/\/i0.wp.com\/gay.blog.br\/wp-content\/uploads\/2023\/08\/gay180px.png?fit=272%2C90&ssl=1","width":272,"height":90,"caption":"GAY BLOG BR"},"image":{"@id":"https:\/\/gay.blog.br\/es\/#\/schema\/logo\/image\/"},"sameAs":["https:\/\/facebook.com\/gayblogbr","https:\/\/x.com\/gayblogbr","https:\/\/instagram.com\/gayblogbr","https:\/\/www.linkedin.com\/company\/gayblogbr\/","https:\/\/br.pinterest.com\/gayblogbr\/","https:\/\/www.youtube.com\/channel\/UCdEu3JXLOB-wvWAVUF4AIiA","https:\/\/pt.wikipedia.org\/wiki\/Gay_Blog_Br","https:\/\/www.threads.net\/@gayblogbr"]},{"@type":"Person","@id":"https:\/\/gay.blog.br\/es\/#\/schema\/person\/59a4471c2fa312ae207122b509537a87","name":"Andr\u00e9 Aram","image":{"@type":"ImageObject","inLanguage":"es","@id":"https:\/\/secure.gravatar.com\/avatar\/2c85547dbbd1358696029970d8cb1ad363b94b546b682c26b5db210aee9eada8?s=96&d=mm&r=g","url":"https:\/\/secure.gravatar.com\/avatar\/2c85547dbbd1358696029970d8cb1ad363b94b546b682c26b5db210aee9eada8?s=96&d=mm&r=g","contentUrl":"https:\/\/secure.gravatar.com\/avatar\/2c85547dbbd1358696029970d8cb1ad363b94b546b682c26b5db210aee9eada8?s=96&d=mm&r=g","caption":"Andr\u00e9 Aram"},"sameAs":["https:\/\/gay.blog.br\/author\/andrearam","https:\/\/facebook.com\/gayblogbr","https:\/\/instagram.com\/gayblogbr","https:\/\/x.com\/https:\/\/twittercom\/gayblogbr"],"url":"https:\/\/gay.blog.br\/es\/author\/andrearam\/"}]}},"jetpack_publicize_connections":[],"jetpack_featured_media_url":"https:\/\/i0.wp.com\/gay.blog.br\/wp-content\/uploads\/2020\/08\/gala-singer-8f9c86a2-21b5-4e99-8592-72aa7c53217-resize-750.jpeg?fit=750%2C422&ssl=1","jetpack_sharing_enabled":true,"jetpack_shortlink":"https:\/\/wp.me\/p6klkK-q7U","jetpack_likes_enabled":false,"amp_enabled":true,"_links":{"self":[{"href":"https:\/\/gay.blog.br\/es\/wp-json\/wp\/v2\/posts\/100434","targetHints":{"allow":["GET"]}}],"collection":[{"href":"https:\/\/gay.blog.br\/es\/wp-json\/wp\/v2\/posts"}],"about":[{"href":"https:\/\/gay.blog.br\/es\/wp-json\/wp\/v2\/types\/post"}],"author":[{"embeddable":true,"href":"https:\/\/gay.blog.br\/es\/wp-json\/wp\/v2\/users\/3482"}],"replies":[{"embeddable":true,"href":"https:\/\/gay.blog.br\/es\/wp-json\/wp\/v2\/comments?post=100434"}],"version-history":[{"count":0,"href":"https:\/\/gay.blog.br\/es\/wp-json\/wp\/v2\/posts\/100434\/revisions"}],"wp:featuredmedia":[{"embeddable":true,"href":"https:\/\/gay.blog.br\/es\/wp-json\/wp\/v2\/media\/84256"}],"wp:attachment":[{"href":"https:\/\/gay.blog.br\/es\/wp-json\/wp\/v2\/media?parent=100434"}],"wp:term":[{"taxonomy":"category","embeddable":true,"href":"https:\/\/gay.blog.br\/es\/wp-json\/wp\/v2\/categories?post=100434"},{"taxonomy":"post_tag","embeddable":true,"href":"https:\/\/gay.blog.br\/es\/wp-json\/wp\/v2\/tags?post=100434"}],"curies":[{"name":"wp","href":"https:\/\/api.w.org\/{rel}","templated":true}]}}