{"id":100635,"date":"2020-07-15T14:11:24","date_gmt":"2020-07-15T17:11:24","guid":{"rendered":"https:\/\/gay.blog.br\/?p=100635"},"modified":"2020-12-07T21:37:16","modified_gmt":"2020-12-08T00:37:16","slug":"adoptaron-a-tres-ninos-uno-de-los-cuales-era-trans-adopta-los-ninos-transforman-el-mundo","status":"publish","type":"post","link":"https:\/\/gay.blog.br\/es\/entrevistas-es\/adoptaron-a-tres-ninos-uno-de-los-cuales-era-trans-adopta-los-ninos-transforman-el-mundo\/","title":{"rendered":"Adoptaron a tres ni\u00f1os, uno de los cuales era trans: \u00abAdopta. Los ni\u00f1os transforman el mundo\u00bb"},"content":{"rendered":"<p style=\"text-align: justify;\"><span style=\"font-weight: 400;\"><strong>Cleber Reikdal<\/strong> y <strong>Gustavo Cavalcanti<\/strong> han estado juntos durante 13 a\u00f1os, ambos son empresarios y profesores de patinaje art\u00edstico, hielo y ruedas en <a href=\"http:\/\/gay.blog.br\/?s=curitiba\">Curitiba<\/a>. Cuando decidieron aumentar su familia, no eligieron un hijo, sino tres (en ese momento los hermanos ten\u00edan 8, 6 y 4 a\u00f1os). Los ni\u00f1os viv\u00edan en un albergue religioso en la ciudad y, despu\u00e9s de pasar por todos los tr\u00e1mites burocr\u00e1ticos relacionados con la adopci\u00f3n, los ni\u00f1os recibieron un nuevo hogar.<\/span><\/p>\n<p style=\"text-align: justify;\"><span style=\"font-weight: 400;\">Uno de los ni\u00f1os, el mayor, dio se\u00f1ales desde temprano de que ten\u00eda insatisfacci\u00f3n con su g\u00e9nero masculino, pidiendo a sus padres que usaran ropa y complementos femeninos, el nombre tambi\u00e9n fue cambiado a <strong>Mar\u00eda Joaquina,<\/strong> en honor al personaje de la telenovela <em>Carrusel<\/em> de SBT. A partir de ah\u00ed, Cleber y Gustavo le dieron todo el apoyo a la ni\u00f1a y tuvieron que aprender sobre lo que es tener una hija transg\u00e9nero en la infancia.<\/span><\/p>\n<p style=\"text-align: justify;\"><span style=\"font-weight: 400;\">Incluso pasando por algunos episodios motivados por el prejuicio (transfobia), siguen adelante sin miedo a ser felices.<\/span><\/p>\n<figure id=\"attachment_48818\" aria-describedby=\"caption-attachment-48818\" style=\"width: 960px\" class=\"wp-caption aligncenter\"><a href=\"http:\/\/instagram.com\/gayblogbr\"><img data-recalc-dims=\"1\" loading=\"lazy\" decoding=\"async\" class=\"wp-image-48818 size-full\" src=\"https:\/\/i0.wp.com\/gay.blog.br\/wp-content\/uploads\/2020\/07\/79217483_2604185759618254_3891589194534879232_o.jpg?resize=696%2C522&#038;ssl=1\" alt=\"Adoptaron a 3 hijos, uno de ellos transg\u00e9nero, descubriendo las maravillas y desaf\u00edos de la paternidad en la vida de la pareja Cleber y Gustavo\" width=\"696\" height=\"522\" srcset=\"https:\/\/i0.wp.com\/gay.blog.br\/wp-content\/uploads\/2020\/07\/79217483_2604185759618254_3891589194534879232_o.jpg?w=960&amp;ssl=1 960w, https:\/\/i0.wp.com\/gay.blog.br\/wp-content\/uploads\/2020\/07\/79217483_2604185759618254_3891589194534879232_o.jpg?resize=300%2C225&amp;ssl=1 300w, https:\/\/i0.wp.com\/gay.blog.br\/wp-content\/uploads\/2020\/07\/79217483_2604185759618254_3891589194534879232_o.jpg?resize=150%2C113&amp;ssl=1 150w, https:\/\/i0.wp.com\/gay.blog.br\/wp-content\/uploads\/2020\/07\/79217483_2604185759618254_3891589194534879232_o.jpg?resize=768%2C576&amp;ssl=1 768w, https:\/\/i0.wp.com\/gay.blog.br\/wp-content\/uploads\/2020\/07\/79217483_2604185759618254_3891589194534879232_o.jpg?resize=696%2C522&amp;ssl=1 696w, https:\/\/i0.wp.com\/gay.blog.br\/wp-content\/uploads\/2020\/07\/79217483_2604185759618254_3891589194534879232_o.jpg?resize=560%2C420&amp;ssl=1 560w, https:\/\/i0.wp.com\/gay.blog.br\/wp-content\/uploads\/2020\/07\/79217483_2604185759618254_3891589194534879232_o.jpg?resize=80%2C60&amp;ssl=1 80w, https:\/\/i0.wp.com\/gay.blog.br\/wp-content\/uploads\/2020\/07\/79217483_2604185759618254_3891589194534879232_o.jpg?resize=160%2C120&amp;ssl=1 160w, https:\/\/i0.wp.com\/gay.blog.br\/wp-content\/uploads\/2020\/07\/79217483_2604185759618254_3891589194534879232_o.jpg?resize=265%2C198&amp;ssl=1 265w\" sizes=\"auto, (max-width: 696px) 100vw, 696px\" \/><\/a><figcaption id=\"caption-attachment-48818\" class=\"wp-caption-text\">Archivo personal<\/figcaption><\/figure>\n<p style=\"text-align: justify;\"><b>\u00bfDespu\u00e9s de cu\u00e1nto tiempo surgi\u00f3 el inter\u00e9s en la adopci\u00f3n? \u00bfLa idea vino de ambos?<\/b><\/p>\n<p style=\"text-align: justify;\"><span style=\"font-weight: 400;\">No puedo decirte con seguridad. Siempre quisimos tener hijos, desde peque\u00f1os lo so\u00f1amos. Pero, primero, nos registramos y nos quedamos quietos. Dos a\u00f1os despu\u00e9s, exactamente el mismo d\u00eda, casualmente, volvimos a presentar el pedido. Y luego se concluy\u00f3 el proceso y quedamos habilitados. Treinta d\u00edas despu\u00e9s de la habilitaci\u00f3n, el Tribunal de la Ni\u00f1ez nos llam\u00f3 por los ni\u00f1os.<\/span><\/p>\n<p style=\"text-align: justify;\"><b>\u00bfY ya ten\u00edas planes de adoptar m\u00e1s de un ni\u00f1o o fue por casualidad?<\/b><\/p>\n<p style=\"text-align: justify;\"><span style=\"font-weight: 400;\">Dimos entrada a dos ni\u00f1os, pero en los \u00faltimos d\u00edas pasamos a tres.<\/span><\/p>\n<p style=\"text-align: justify;\"><b>En 2016, finalmente lograste adoptar a tres hijas hermanas (Mar\u00eda Joaquina, C* y T*) siendo la primera una ni\u00f1a trans, que actualmente tiene 12 a\u00f1os. A la edad de ocho a\u00f1os comenz\u00f3 a pedir usar ropa de mujer y no estaba satisfecha con la apariencia masculina. \u00bfC\u00f3mo reaccionaste?<\/b><\/p>\n<p style=\"text-align: justify;\">Al principio, no pude entender, porque ten\u00edamos nuestra experiencia de vida como la real en muchos casos. Comprend\u00ed siendo gay, pero no necesitaba usar ropa de ni\u00f1a. As\u00ed que llevamos tanto a Mar\u00eda como a nosotros mismos al psic\u00f3logo, lo que nos ayud\u00f3 a comprender que todas las personas son \u00fanicas. Mar\u00eda tambi\u00e9n logr\u00f3 entenderse mejor a s\u00ed misma. El proceso de adaptaci\u00f3n de Mar\u00eda como ni\u00f1a no fue tan complicado para nosotros, fue algo m\u00e1s fluido en comparaci\u00f3n con otros casos que vemos en HC de San Pablo, donde ella hace seguimiento. Pero tuvimos nuestras dificultades al principio hasta que entendimos que las personas no necesitan encajar en las \u00abcajas\u00bb preestablecidas por la sociedad.<\/p>\n<figure id=\"attachment_48820\" aria-describedby=\"caption-attachment-48820\" style=\"width: 853px\" class=\"wp-caption aligncenter\"><a href=\"http:\/\/instagram.com\/gayblogbr\"><img data-recalc-dims=\"1\" loading=\"lazy\" decoding=\"async\" class=\"wp-image-48820 size-full\" src=\"https:\/\/i0.wp.com\/gay.blog.br\/wp-content\/uploads\/2020\/07\/71483768_112349653518035_2513930077306093568_n.jpg?resize=696%2C689&#038;ssl=1\" alt=\"\" width=\"696\" height=\"689\" srcset=\"https:\/\/i0.wp.com\/gay.blog.br\/wp-content\/uploads\/2020\/07\/71483768_112349653518035_2513930077306093568_n.jpg?w=853&amp;ssl=1 853w, https:\/\/i0.wp.com\/gay.blog.br\/wp-content\/uploads\/2020\/07\/71483768_112349653518035_2513930077306093568_n.jpg?resize=300%2C297&amp;ssl=1 300w, https:\/\/i0.wp.com\/gay.blog.br\/wp-content\/uploads\/2020\/07\/71483768_112349653518035_2513930077306093568_n.jpg?resize=150%2C150&amp;ssl=1 150w, https:\/\/i0.wp.com\/gay.blog.br\/wp-content\/uploads\/2020\/07\/71483768_112349653518035_2513930077306093568_n.jpg?resize=768%2C761&amp;ssl=1 768w, https:\/\/i0.wp.com\/gay.blog.br\/wp-content\/uploads\/2020\/07\/71483768_112349653518035_2513930077306093568_n.jpg?resize=696%2C689&amp;ssl=1 696w, https:\/\/i0.wp.com\/gay.blog.br\/wp-content\/uploads\/2020\/07\/71483768_112349653518035_2513930077306093568_n.jpg?resize=424%2C420&amp;ssl=1 424w, https:\/\/i0.wp.com\/gay.blog.br\/wp-content\/uploads\/2020\/07\/71483768_112349653518035_2513930077306093568_n.jpg?resize=848%2C840&amp;ssl=1 848w\" sizes=\"auto, (max-width: 696px) 100vw, 696px\" \/><\/a><figcaption id=\"caption-attachment-48820\" class=\"wp-caption-text\">Maria Joaquina<\/figcaption><\/figure>\n<p style=\"text-align: justify;\"><b>\u00bfRecuerdas c\u00f3mo fue conocer a los tres hermanos por primera vez, cuando los conociste? Me imagino la ansiedad, el nerviosismo de poder conocer a las personas que se convertir\u00e1n en parte de tu vida. Incluso viv\u00edan en un hogar religioso, \u00bfverdad?<\/b><\/p>\n<p style=\"text-align: justify;\"><span style=\"font-weight: 400;\">Fue realmente sorprendente. No sabes que esperar. Tienes miedo de si te gustar\u00e1 y si les gustar\u00e1 a ellos. Es extra\u00f1o, pero al mismo tiempo maravilloso. El hogar, que es extremadamente religioso, siempre ha reforzado la identidad normativa cis de g\u00e9nero en todos los ni\u00f1os, aunque Mar\u00eda ya ten\u00eda el pelo largo, llevaba pendientes y ropa de mujer antes. Esto reforz\u00f3 toda una confusi\u00f3n en su cabeza, que luego fue deconstruida.<\/span><\/p>\n<p style=\"text-align: justify;\"><b>Son empresarios y profesores de patinaje en Curitiba, \u00bfsurgi\u00f3 el inter\u00e9s de Maria Joaquina por el patinaje tras la adopci\u00f3n?<\/b><\/p>\n<p style=\"text-align: justify;\"><span style=\"font-weight: 400;\">Si. Mar\u00eda no sab\u00eda patinar. En su primera clase se agarr\u00f3 a la barra y llor\u00f3 de miedo. Los hermanos ya salieron patinando. Luego aprendi\u00f3 y revel\u00f3 un talento para ser una de las mejores patinadoras que ha tenido Brasil.<\/span><\/p>\n<figure id=\"attachment_48828\" aria-describedby=\"caption-attachment-48828\" style=\"width: 714px\" class=\"wp-caption aligncenter\"><a href=\"http:\/\/instagram.com\/gayblogbr\"><img data-recalc-dims=\"1\" loading=\"lazy\" decoding=\"async\" class=\"wp-image-48828 size-full\" src=\"https:\/\/i0.wp.com\/gay.blog.br\/wp-content\/uploads\/2020\/07\/75242273_112335796852754_9144885164537544704_o.jpg?resize=696%2C936&#038;ssl=1\" alt=\"Maria e Isadora Williams en el Campeonato de Patinaje sobre Hielo\" width=\"696\" height=\"936\" srcset=\"https:\/\/i0.wp.com\/gay.blog.br\/wp-content\/uploads\/2020\/07\/75242273_112335796852754_9144885164537544704_o.jpg?w=714&amp;ssl=1 714w, https:\/\/i0.wp.com\/gay.blog.br\/wp-content\/uploads\/2020\/07\/75242273_112335796852754_9144885164537544704_o.jpg?resize=223%2C300&amp;ssl=1 223w, https:\/\/i0.wp.com\/gay.blog.br\/wp-content\/uploads\/2020\/07\/75242273_112335796852754_9144885164537544704_o.jpg?resize=112%2C150&amp;ssl=1 112w, https:\/\/i0.wp.com\/gay.blog.br\/wp-content\/uploads\/2020\/07\/75242273_112335796852754_9144885164537544704_o.jpg?resize=696%2C936&amp;ssl=1 696w, https:\/\/i0.wp.com\/gay.blog.br\/wp-content\/uploads\/2020\/07\/75242273_112335796852754_9144885164537544704_o.jpg?resize=312%2C420&amp;ssl=1 312w, https:\/\/i0.wp.com\/gay.blog.br\/wp-content\/uploads\/2020\/07\/75242273_112335796852754_9144885164537544704_o.jpg?resize=625%2C840&amp;ssl=1 625w\" sizes=\"auto, (max-width: 696px) 100vw, 696px\" \/><\/a><figcaption id=\"caption-attachment-48828\" class=\"wp-caption-text\">Maria Joaquina e Isadora Williams en el campeonato de patinaje sobre hielo &#8211; Archivo personal<\/figcaption><\/figure>\n<p style=\"text-align: justify;\"><b>\u00bfFue un desaf\u00edo para ti lidiar con la transexualidad de Mar\u00eda Joaquina, principalmente porque es una ni\u00f1a muy peque\u00f1a?<\/b><\/p>\n<p style=\"text-align: justify;\"><span style=\"font-weight: 400;\">Lidiar con su identidad de g\u00e9nero fue dif\u00edcil ya que todo era nuevo para nosotros. Aprendimos con el tiempo, a medida que surg\u00eda la demanda. Siempre nos ha acompa\u00f1ado la opini\u00f3n de profesionales, como su psic\u00f3loga e incluso el equipo multidisciplinario de HC de San Pablo. La gran ventaja es que las personas m\u00e1s j\u00f3venes pueden tomar un tratamiento hormonal, d\u00e1ndoles tiempo para madurar y seguir el caso.<\/span><\/p>\n<figure id=\"attachment_48822\" aria-describedby=\"caption-attachment-48822\" style=\"width: 488px\" class=\"wp-caption aligncenter\"><a href=\"http:\/\/instagram.com\/gayblogbr\"><img data-recalc-dims=\"1\" loading=\"lazy\" decoding=\"async\" class=\"wp-image-48822 size-full\" src=\"https:\/\/i0.wp.com\/gay.blog.br\/wp-content\/uploads\/2020\/07\/79814436_2624315277605302_7790360523576442880_n.jpg?resize=488%2C480&#038;ssl=1\" alt=\"\" width=\"488\" height=\"480\" srcset=\"https:\/\/i0.wp.com\/gay.blog.br\/wp-content\/uploads\/2020\/07\/79814436_2624315277605302_7790360523576442880_n.jpg?w=488&amp;ssl=1 488w, https:\/\/i0.wp.com\/gay.blog.br\/wp-content\/uploads\/2020\/07\/79814436_2624315277605302_7790360523576442880_n.jpg?resize=300%2C295&amp;ssl=1 300w, https:\/\/i0.wp.com\/gay.blog.br\/wp-content\/uploads\/2020\/07\/79814436_2624315277605302_7790360523576442880_n.jpg?resize=150%2C148&amp;ssl=1 150w, https:\/\/i0.wp.com\/gay.blog.br\/wp-content\/uploads\/2020\/07\/79814436_2624315277605302_7790360523576442880_n.jpg?resize=427%2C420&amp;ssl=1 427w\" sizes=\"auto, (max-width: 488px) 100vw, 488px\" \/><\/a><figcaption id=\"caption-attachment-48822\" class=\"wp-caption-text\">Cleber Reikdal<\/figcaption><\/figure>\n<p style=\"text-align: justify;\"><b>Cuando la llevaste al m\u00e9dico, le diagnosticaron disforia de g\u00e9nero, \u00bfcu\u00e1l ser\u00eda?<\/b><\/p>\n<p style=\"text-align: justify;\"><span style=\"font-weight: 400;\">En resumen, la disforia de g\u00e9nero es alguien que no se identifica con el g\u00e9nero biol\u00f3gico.<\/span><\/p>\n<p style=\"text-align: justify;\"><b>\u00bfSe han cambiado sus documentos para el sexo femenino? \u00bfPuede ya usar el nombre social en todas las esferas sociales?<\/b><\/p>\n<p style=\"text-align: justify;\"><span style=\"font-weight: 400;\">Ella usa el nombre social. Sin embargo, todo es cuesti\u00f3n de empat\u00eda. Por ejemplo, si quiero llamarte Jonas ahora, te llamar\u00e9 as\u00ed. Incluso si dices que es Andr\u00e9, todav\u00eda lo llamo Jonas. Esto parece una locura, pero hay gente que es as\u00ed&#8230; Dices el nombre social y ella no lo acepta. <\/span><span style=\"font-weight: 400;\">Quien tiene que aceptar el nombre social es la persona misma. Tiene una demanda para cambiar el nombre de la documentaci\u00f3n, pero estamos esperando la decisi\u00f3n del juez para hacerlo.<\/span><\/p>\n<figure id=\"attachment_48826\" aria-describedby=\"caption-attachment-48826\" style=\"width: 720px\" class=\"wp-caption aligncenter\"><a href=\"http:\/\/instagram.com\/gayblogbr\"><img data-recalc-dims=\"1\" loading=\"lazy\" decoding=\"async\" class=\"wp-image-48826 size-full\" src=\"https:\/\/i0.wp.com\/gay.blog.br\/wp-content\/uploads\/2020\/07\/89992006_2788641947839300_2311771636040204288_o.jpg?resize=696%2C928&#038;ssl=1\" alt=\"\" width=\"696\" height=\"928\" srcset=\"https:\/\/i0.wp.com\/gay.blog.br\/wp-content\/uploads\/2020\/07\/89992006_2788641947839300_2311771636040204288_o.jpg?w=720&amp;ssl=1 720w, https:\/\/i0.wp.com\/gay.blog.br\/wp-content\/uploads\/2020\/07\/89992006_2788641947839300_2311771636040204288_o.jpg?resize=225%2C300&amp;ssl=1 225w, https:\/\/i0.wp.com\/gay.blog.br\/wp-content\/uploads\/2020\/07\/89992006_2788641947839300_2311771636040204288_o.jpg?resize=113%2C150&amp;ssl=1 113w, https:\/\/i0.wp.com\/gay.blog.br\/wp-content\/uploads\/2020\/07\/89992006_2788641947839300_2311771636040204288_o.jpg?resize=696%2C928&amp;ssl=1 696w, https:\/\/i0.wp.com\/gay.blog.br\/wp-content\/uploads\/2020\/07\/89992006_2788641947839300_2311771636040204288_o.jpg?resize=315%2C420&amp;ssl=1 315w, https:\/\/i0.wp.com\/gay.blog.br\/wp-content\/uploads\/2020\/07\/89992006_2788641947839300_2311771636040204288_o.jpg?resize=630%2C840&amp;ssl=1 630w\" sizes=\"auto, (max-width: 696px) 100vw, 696px\" \/><\/a><figcaption id=\"caption-attachment-48826\" class=\"wp-caption-text\">Padres Gustavo y Cleber<\/figcaption><\/figure>\n<p style=\"text-align: justify;\"><b>\u00bfC\u00f3mo es su relaci\u00f3n en la escuela con otros ni\u00f1os? Sabemos que este entorno escolar a veces es bastante t\u00f3xico debido al acoso escolar.<\/b><\/p>\n<p style=\"text-align: justify;\"><span style=\"font-weight: 400;\">S\u00ed, la escuela es el peor lugar. Tambi\u00e9n hay intimidaci\u00f3n con algunos atletas de patinaje. Sin embargo, Mar\u00eda acude al psic\u00f3logo para poder empoderarse como la persona que es, permiti\u00e9ndole as\u00ed ser m\u00e1s fuerte.<\/span><\/p>\n<p style=\"text-align: justify;\"><b>En el pasado, hubo un problema que involucraba <\/b><b>la Confederaci\u00f3n Sudamericana de Patinaje, en la que unos d\u00edas antes de que se llevara a cabo la competencia, sab\u00edas que ella no pod\u00eda participar. En ese momento, la confederaci\u00f3n afirm\u00f3 que el registro solo se pod\u00eda hacer <\/b><b>categor\u00eda del g\u00e9nero de nacimiento, es decir, Mar\u00eda solo pod\u00eda participar si estaba inscrita en la categor\u00eda masculina, g\u00e9nero con el que no se identifica. En su opini\u00f3n, \u00bfhay todav\u00eda muchos prejuicios dentro del deporte en general?<\/b><\/p>\n<p style=\"text-align: justify;\"><span style=\"font-weight: 400;\">De hecho, la Confederaci\u00f3n no la acept\u00f3 ni en el masculino ni femenino. Incluso despu\u00e9s de la decisi\u00f3n del Tribunal de permitirle competir, entablaron una demanda contra la decisi\u00f3n del juez para que ella no compitiera en absoluto. <\/span><\/p>\n<p style=\"text-align: justify;\"><span style=\"font-weight: 400;\">Nunca fue un tema documental, sino una transfobia. El propio presidente concedi\u00f3 una entrevista a UOL en la que hizo muy transparente su posici\u00f3n. Incluso en el asunto de <\/span><i><span style=\"font-weight: 400;\">Fant\u00e1stico<\/span><\/i><span style=\"font-weight: 400;\">, hecho antes de la decisi\u00f3n final del supremo, dice que nunca tuvo y nunca tendr\u00e1 un caso as\u00ed compitiendo.<\/span><\/p>\n<p style=\"text-align: justify;\"><span style=\"font-weight: 400;\">Son varias las actitudes que promueven los gestores de ruedas, reforzando su no aceptaci\u00f3n en presencia de Mar\u00eda. El a\u00f1o pasado, tambi\u00e9n le impidieron usar el ba\u00f1o. Este a\u00f1o intentaron prohibir su participaci\u00f3n y el caso volvi\u00f3 a ser apreciado por la defensora p\u00fablica. No aceptaron su documentaci\u00f3n de control hormonal, aunque World Skate, el organismo de patinaje m\u00e1s importante del mundo, dijo que Mar\u00eda era elegible para competir de acuerdo con la documentaci\u00f3n presentada.<\/span><\/p>\n<p style=\"text-align: justify;\"><span style=\"font-weight: 400;\">Hay prejuicios en la gente. No generalizar\u00e9 al deporte. Puedo decir que sobre ruedas hay personas que apoyan a Mar\u00eda, siempre mandan mensajes de apoyo, pero los gerentes no aceptan su presencia. En cuanto al patinaje sobre hielo, existe una pol\u00edtica de aceptaci\u00f3n clara y transparente, no tenemos dificultades con los directivos, sin embargo somos conscientes de que hay padres de deportistas que no aceptan la condici\u00f3n de Mar\u00eda. Pero vemos mucha menos discriminaci\u00f3n en el hielo, casi un 0% de discriminaci\u00f3n, debido a la gesti\u00f3n.<\/span><\/p>\n<figure id=\"attachment_48824\" aria-describedby=\"caption-attachment-48824\" style=\"width: 960px\" class=\"wp-caption aligncenter\"><a href=\"http:\/\/instagram.com\/gayblogbr\"><img data-recalc-dims=\"1\" loading=\"lazy\" decoding=\"async\" class=\"wp-image-48824 size-full\" src=\"https:\/\/i0.wp.com\/gay.blog.br\/wp-content\/uploads\/2020\/07\/74525040_112343653518635_5941260107739299840_n.jpg?resize=696%2C463&#038;ssl=1\" alt=\"Maria Joaquina\" width=\"696\" height=\"463\" srcset=\"https:\/\/i0.wp.com\/gay.blog.br\/wp-content\/uploads\/2020\/07\/74525040_112343653518635_5941260107739299840_n.jpg?w=960&amp;ssl=1 960w, https:\/\/i0.wp.com\/gay.blog.br\/wp-content\/uploads\/2020\/07\/74525040_112343653518635_5941260107739299840_n.jpg?resize=300%2C199&amp;ssl=1 300w, https:\/\/i0.wp.com\/gay.blog.br\/wp-content\/uploads\/2020\/07\/74525040_112343653518635_5941260107739299840_n.jpg?resize=150%2C100&amp;ssl=1 150w, https:\/\/i0.wp.com\/gay.blog.br\/wp-content\/uploads\/2020\/07\/74525040_112343653518635_5941260107739299840_n.jpg?resize=768%2C510&amp;ssl=1 768w, https:\/\/i0.wp.com\/gay.blog.br\/wp-content\/uploads\/2020\/07\/74525040_112343653518635_5941260107739299840_n.jpg?resize=696%2C463&amp;ssl=1 696w, https:\/\/i0.wp.com\/gay.blog.br\/wp-content\/uploads\/2020\/07\/74525040_112343653518635_5941260107739299840_n.jpg?resize=632%2C420&amp;ssl=1 632w\" sizes=\"auto, (max-width: 696px) 100vw, 696px\" \/><\/a><figcaption id=\"caption-attachment-48824\" class=\"wp-caption-text\">Archivo personal<\/figcaption><\/figure>\n<p style=\"text-align: justify;\"><b>El caso tuvo muchas repercusiones y acab\u00f3<\/b> <b>siendo<\/b><b> Liberada para participar, pero esto sucedi\u00f3 menos de una hora antes del inicio de la presentaci\u00f3n, perjudicando a ella por no haber reconocido la pista, quedar fuera de la foto oficial y adem\u00e1s no recibir el souvenir ofrecido a los participantes. Ni siquiera el uniforme recibi\u00f3. <\/b><\/p>\n<p style=\"text-align: justify;\"><span style=\"font-weight: 400;\">Quedarse fuera de la foto oficial y no recibir un obsequio de participaci\u00f3n fue algo que la Confederaci\u00f3n hizo como castigo y enojo por la decisi\u00f3n judicial. Digo esto porque reforzaron en las redes sociales, junto con las fotos, que lo correcto era un deporte dentro de la ley.<\/span><\/p>\n<p style=\"text-align: justify;\"><span style=\"font-weight: 400;\">La falta de reconocimiento de la pista era su preocupaci\u00f3n por ganar. No quer\u00edan esto, incluso, ella ser\u00eda la \u00faltima en competir, seg\u00fan el orden de salida. Cuando comenz\u00f3 la competencia, la cambiaron para ser la primera. Para nosotros, incluida Mar\u00eda, lo importante fue estar ah\u00ed, fue su gran victoria poder competir en el g\u00e9nero con el que se identifica.<\/span><\/p>\n<p style=\"text-align: justify;\"><span style=\"font-weight: 400;\">Mucha gente habla de desigualdad de fuerza, pero estamos hablando de un ni\u00f1o que tiene la misma cantidad hormonal que todos los dem\u00e1s ni\u00f1os. De ni\u00f1o, sin importar el sexo, las hormonas de testosterona son similares.<\/span><\/p>\n<p style=\"text-align: justify;\"><span style=\"font-weight: 400;\">Cuando la acci\u00f3n hormonal comienza en el cuerpo, en la pubertad, entonces tiene la diferenciaci\u00f3n \u00abni\u00f1o\u00bb y \u00abni\u00f1a\u00bb. Sin embargo, olvidan que las chicas trans que se someten a un tratamiento hormonal, provocan un bloqueo y su producci\u00f3n hormonal de testosterona es 0, menor que la de cualquier chica. Por tanto, no existen las ventajas f\u00edsicas. Hay talento, esfuerzo y biotipo necesario en cualquier deporte.<\/span><\/p>\n<p style=\"text-align: justify;\"><b>\u00bfQu\u00e9 te ha ense\u00f1ado la adopci\u00f3n, o mejor dicho, la paternidad? <\/b><\/p>\n<p style=\"text-align: justify;\"><span style=\"font-weight: 400;\">Aprenda a lidiar con las diferencias. Especialmente no solo de Mar\u00eda, sino de todos los dem\u00e1s ni\u00f1os. Cada uno tiene su propia demanda y necesitamos el juego de la cintura para que todos podamos vivir felices juntos.<\/span><\/p>\n<p style=\"text-align: justify;\"><b>\u00bfTu relaci\u00f3n con tu esposo Gustavo tambi\u00e9n cambi\u00f3 despu\u00e9s de la adopci\u00f3n? En relaci\u00f3n a los v\u00ednculos afectivos.<\/b><\/p>\n<p style=\"text-align: justify;\"><span style=\"font-weight: 400;\">Mucho cambio. La vida cambia, nos juntamos m\u00e1s.<\/span><\/p>\n<figure id=\"attachment_48825\" aria-describedby=\"caption-attachment-48825\" style=\"width: 960px\" class=\"wp-caption aligncenter\"><a href=\"http:\/\/instagram.com\/gayblogbr\"><img data-recalc-dims=\"1\" loading=\"lazy\" decoding=\"async\" class=\"wp-image-48825 size-full\" src=\"https:\/\/i0.wp.com\/gay.blog.br\/wp-content\/uploads\/2020\/07\/74594780_112343543518646_754248496864821248_n.jpg?resize=696%2C696&#038;ssl=1\" alt=\"Maria Joaquina\" width=\"696\" height=\"696\" srcset=\"https:\/\/i0.wp.com\/gay.blog.br\/wp-content\/uploads\/2020\/07\/74594780_112343543518646_754248496864821248_n.jpg?w=960&amp;ssl=1 960w, https:\/\/i0.wp.com\/gay.blog.br\/wp-content\/uploads\/2020\/07\/74594780_112343543518646_754248496864821248_n.jpg?resize=300%2C300&amp;ssl=1 300w, https:\/\/i0.wp.com\/gay.blog.br\/wp-content\/uploads\/2020\/07\/74594780_112343543518646_754248496864821248_n.jpg?resize=150%2C150&amp;ssl=1 150w, https:\/\/i0.wp.com\/gay.blog.br\/wp-content\/uploads\/2020\/07\/74594780_112343543518646_754248496864821248_n.jpg?resize=768%2C768&amp;ssl=1 768w, https:\/\/i0.wp.com\/gay.blog.br\/wp-content\/uploads\/2020\/07\/74594780_112343543518646_754248496864821248_n.jpg?resize=696%2C696&amp;ssl=1 696w, https:\/\/i0.wp.com\/gay.blog.br\/wp-content\/uploads\/2020\/07\/74594780_112343543518646_754248496864821248_n.jpg?resize=420%2C420&amp;ssl=1 420w, https:\/\/i0.wp.com\/gay.blog.br\/wp-content\/uploads\/2020\/07\/74594780_112343543518646_754248496864821248_n.jpg?resize=840%2C840&amp;ssl=1 840w\" sizes=\"auto, (max-width: 696px) 100vw, 696px\" \/><\/a><figcaption id=\"caption-attachment-48825\" class=\"wp-caption-text\">Archivo personal<\/figcaption><\/figure>\n<p style=\"text-align: justify;\"><b>\u00bfC\u00f3mo era Cleber antes de la paternidad y hoy como padre? Hubo un cambio en su <em>\u00aby<\/em><\/b><b><i>u<\/i><\/b> <b>\u00ab?<\/b><\/p>\n<p style=\"text-align: justify;\"><span style=\"font-weight: 400;\">Si. Siempre digo que la vida est\u00e1 hecha de sue\u00f1os. Los sue\u00f1os cambian, antes eran mis sue\u00f1os y ahora son nuestros sue\u00f1os, los suyos.<\/span><\/p>\n<p style=\"text-align: justify;\"><b>\u00bfQu\u00e9 consejo le dar\u00eda a una pareja gay que planea adoptar un ni\u00f1o?<\/b><\/p>\n<p style=\"text-align: justify;\"><span style=\"font-weight: 400;\">Adoptar. El ni\u00f1o transforma el mundo.<\/span><\/p>\n","protected":false},"excerpt":{"rendered":"<p>En una entrevista con GAY BLOG BR, Cleber Reikdal revela su experiencia de adoptar un ni\u00f1o trans, aprendiendo sobre la transexualidad infantil y los desaf\u00edos de lidiar con una sociedad transf\u00f3bica.<\/p>\n","protected":false},"author":3482,"featured_media":0,"comment_status":"open","ping_status":"open","sticky":false,"template":"","format":"standard","meta":{"googlesitekit_rrm_CAoiEBg-BXrJeACjO8p49SE4kTY:productID":"","tdm_status":"","tdm_grid_status":"","_jetpack_newsletter_access":"","_jetpack_dont_email_post_to_subs":false,"_jetpack_newsletter_tier_id":0,"_jetpack_memberships_contains_paywalled_content":false,"_jetpack_memberships_contains_paid_content":false,"footnotes":"","jetpack_publicize_message":"Adoptaron a tres ni\u00f1os, uno de los cuales era trans: \"Adopta. Los ni\u00f1os transforman el mundo\"","jetpack_publicize_feature_enabled":true,"jetpack_social_post_already_shared":true,"jetpack_social_options":{"image_generator_settings":{"template":"highway","default_image_id":0,"font":"","enabled":false},"version":2},"_wpas_customize_per_network":false,"jetpack_post_was_ever_published":false},"categories":[589932375,589932399,589932279],"tags":[589931306,589931303,589931304,589931302,589931305,60800,77537,1426967],"class_list":{"0":"post-100635","1":"post","2":"type-post","3":"status-publish","4":"format-standard","6":"category-entrevistas-es","7":"category-lifestyle-es","8":"category-trans-es","9":"tag-carrosel","10":"tag-cleber-reikdal","11":"tag-disforia-de-genero","12":"tag-gustavo-cavalcanti","13":"tag-maria-joaquina","14":"tag-crianca","15":"tag-trans","16":"tag-transfobia"},"yoast_head":"<!-- This site is optimized with the Yoast SEO plugin v27.5 - https:\/\/yoast.com\/product\/yoast-seo-wordpress\/ -->\n<title>Adoptaron a tres ni\u00f1os, uno de los cuales era trans: &quot;Adopta. Los ni\u00f1os transforman el mundo&quot;<\/title>\n<meta name=\"description\" content=\"En una entrevista con GAY BLOG BR, Cleber Reikdal revela la experiencia de adoptar un ni\u00f1o trans, aprendiendo sobre la transexualidad infantil y los desaf\u00edos de lidiar con una sociedad que a\u00fan es transf\u00f3bica.\" \/>\n<meta name=\"robots\" content=\"index, follow, max-snippet:-1, max-image-preview:large, max-video-preview:-1\" \/>\n<link rel=\"canonical\" href=\"https:\/\/gay.blog.br\/es\/entrevistas-es\/adoptaron-a-tres-ninos-uno-de-los-cuales-era-trans-adopta-los-ninos-transforman-el-mundo\/\" \/>\n<meta property=\"og:locale\" content=\"es_ES\" \/>\n<meta property=\"og:type\" content=\"article\" \/>\n<meta property=\"og:title\" content=\"Adoptaron a tres ni\u00f1os, uno de los cuales era trans: &quot;Adopta. Los ni\u00f1os transforman el mundo&quot;\" \/>\n<meta property=\"og:description\" content=\"En una entrevista con GAY BLOG BR, Cleber Reikdal revela la experiencia de adoptar un ni\u00f1o trans, aprendiendo sobre la transexualidad infantil y los desaf\u00edos de lidiar con una sociedad que a\u00fan es transf\u00f3bica.\" \/>\n<meta property=\"og:url\" content=\"https:\/\/gay.blog.br\/es\/entrevistas-es\/adoptaron-a-tres-ninos-uno-de-los-cuales-era-trans-adopta-los-ninos-transforman-el-mundo\/\" \/>\n<meta property=\"og:site_name\" content=\"GAY BLOG BR @gayblogbr\" \/>\n<meta property=\"article:publisher\" content=\"https:\/\/facebook.com\/gayblogbr\" \/>\n<meta property=\"article:author\" content=\"https:\/\/facebook.com\/gayblogbr\" \/>\n<meta property=\"article:published_time\" content=\"2020-07-15T17:11:24+00:00\" \/>\n<meta property=\"article:modified_time\" content=\"2020-12-08T00:37:16+00:00\" \/>\n<meta property=\"og:image\" content=\"https:\/\/gay.blog.br\/wp-content\/uploads\/2020\/07\/79217483_2604185759618254_3891589194534879232_o.jpg\" \/>\n<meta name=\"author\" content=\"Andr\u00e9 Aram\" \/>\n<meta name=\"twitter:card\" content=\"summary_large_image\" \/>\n<meta name=\"twitter:creator\" content=\"@https:\/\/twittercom\/gayblogbr\" \/>\n<meta name=\"twitter:site\" content=\"@gayblogbr\" \/>\n<meta name=\"twitter:label1\" content=\"Escrito por\" \/>\n\t<meta name=\"twitter:data1\" content=\"Andr\u00e9 Aram\" \/>\n\t<meta name=\"twitter:label2\" content=\"Tiempo de lectura\" \/>\n\t<meta name=\"twitter:data2\" content=\"9 minutos\" \/>\n<script type=\"application\/ld+json\" class=\"yoast-schema-graph\">{\"@context\":\"https:\\\/\\\/schema.org\",\"@graph\":[{\"@type\":\"Article\",\"@id\":\"https:\\\/\\\/gay.blog.br\\\/es\\\/entrevistas-es\\\/adoptaron-a-tres-ninos-uno-de-los-cuales-era-trans-adopta-los-ninos-transforman-el-mundo\\\/#article\",\"isPartOf\":{\"@id\":\"https:\\\/\\\/gay.blog.br\\\/es\\\/entrevistas-es\\\/adoptaron-a-tres-ninos-uno-de-los-cuales-era-trans-adopta-los-ninos-transforman-el-mundo\\\/\"},\"author\":{\"name\":\"Andr\u00e9 Aram\",\"@id\":\"https:\\\/\\\/gay.blog.br\\\/es\\\/#\\\/schema\\\/person\\\/59a4471c2fa312ae207122b509537a87\"},\"headline\":\"Adoptaron a tres ni\u00f1os, uno de los cuales era trans: \u00abAdopta. Los ni\u00f1os transforman el mundo\u00bb\",\"datePublished\":\"2020-07-15T17:11:24+00:00\",\"dateModified\":\"2020-12-08T00:37:16+00:00\",\"mainEntityOfPage\":{\"@id\":\"https:\\\/\\\/gay.blog.br\\\/es\\\/entrevistas-es\\\/adoptaron-a-tres-ninos-uno-de-los-cuales-era-trans-adopta-los-ninos-transforman-el-mundo\\\/\"},\"wordCount\":1881,\"commentCount\":0,\"publisher\":{\"@id\":\"https:\\\/\\\/gay.blog.br\\\/es\\\/#organization\"},\"image\":{\"@id\":\"https:\\\/\\\/gay.blog.br\\\/es\\\/entrevistas-es\\\/adoptaron-a-tres-ninos-uno-de-los-cuales-era-trans-adopta-los-ninos-transforman-el-mundo\\\/#primaryimage\"},\"thumbnailUrl\":\"https:\\\/\\\/gay.blog.br\\\/wp-content\\\/uploads\\\/2020\\\/07\\\/79217483_2604185759618254_3891589194534879232_o.jpg\",\"keywords\":[\"carrosel\",\"Cleber Reikdal\",\"Disforia de G\u00eanero\",\"Gustavo Cavalcanti\",\"Maria Joaquina\",\"crian\u00e7a\",\"trans\",\"transfobia\"],\"articleSection\":[\"ENTREVISTAS\",\"LIFESTYLE\",\"TRANS\"],\"inLanguage\":\"es\",\"potentialAction\":[{\"@type\":\"CommentAction\",\"name\":\"Comment\",\"target\":[\"https:\\\/\\\/gay.blog.br\\\/es\\\/entrevistas-es\\\/adoptaron-a-tres-ninos-uno-de-los-cuales-era-trans-adopta-los-ninos-transforman-el-mundo\\\/#respond\"]}]},{\"@type\":\"WebPage\",\"@id\":\"https:\\\/\\\/gay.blog.br\\\/es\\\/entrevistas-es\\\/adoptaron-a-tres-ninos-uno-de-los-cuales-era-trans-adopta-los-ninos-transforman-el-mundo\\\/\",\"url\":\"https:\\\/\\\/gay.blog.br\\\/es\\\/entrevistas-es\\\/adoptaron-a-tres-ninos-uno-de-los-cuales-era-trans-adopta-los-ninos-transforman-el-mundo\\\/\",\"name\":\"Adoptaron a tres ni\u00f1os, uno de los cuales era trans: \\\"Adopta. Los ni\u00f1os transforman el mundo\\\"\",\"isPartOf\":{\"@id\":\"https:\\\/\\\/gay.blog.br\\\/es\\\/#website\"},\"primaryImageOfPage\":{\"@id\":\"https:\\\/\\\/gay.blog.br\\\/es\\\/entrevistas-es\\\/adoptaron-a-tres-ninos-uno-de-los-cuales-era-trans-adopta-los-ninos-transforman-el-mundo\\\/#primaryimage\"},\"image\":{\"@id\":\"https:\\\/\\\/gay.blog.br\\\/es\\\/entrevistas-es\\\/adoptaron-a-tres-ninos-uno-de-los-cuales-era-trans-adopta-los-ninos-transforman-el-mundo\\\/#primaryimage\"},\"thumbnailUrl\":\"https:\\\/\\\/gay.blog.br\\\/wp-content\\\/uploads\\\/2020\\\/07\\\/79217483_2604185759618254_3891589194534879232_o.jpg\",\"datePublished\":\"2020-07-15T17:11:24+00:00\",\"dateModified\":\"2020-12-08T00:37:16+00:00\",\"description\":\"En una entrevista con GAY BLOG BR, Cleber Reikdal revela la experiencia de adoptar un ni\u00f1o trans, aprendiendo sobre la transexualidad infantil y los desaf\u00edos de lidiar con una sociedad que a\u00fan es transf\u00f3bica.\",\"breadcrumb\":{\"@id\":\"https:\\\/\\\/gay.blog.br\\\/es\\\/entrevistas-es\\\/adoptaron-a-tres-ninos-uno-de-los-cuales-era-trans-adopta-los-ninos-transforman-el-mundo\\\/#breadcrumb\"},\"inLanguage\":\"es\",\"potentialAction\":[{\"@type\":\"ReadAction\",\"target\":[\"https:\\\/\\\/gay.blog.br\\\/es\\\/entrevistas-es\\\/adoptaron-a-tres-ninos-uno-de-los-cuales-era-trans-adopta-los-ninos-transforman-el-mundo\\\/\"]}]},{\"@type\":\"ImageObject\",\"inLanguage\":\"es\",\"@id\":\"https:\\\/\\\/gay.blog.br\\\/es\\\/entrevistas-es\\\/adoptaron-a-tres-ninos-uno-de-los-cuales-era-trans-adopta-los-ninos-transforman-el-mundo\\\/#primaryimage\",\"url\":\"https:\\\/\\\/gay.blog.br\\\/wp-content\\\/uploads\\\/2020\\\/07\\\/79217483_2604185759618254_3891589194534879232_o.jpg\",\"contentUrl\":\"https:\\\/\\\/gay.blog.br\\\/wp-content\\\/uploads\\\/2020\\\/07\\\/79217483_2604185759618254_3891589194534879232_o.jpg\"},{\"@type\":\"BreadcrumbList\",\"@id\":\"https:\\\/\\\/gay.blog.br\\\/es\\\/entrevistas-es\\\/adoptaron-a-tres-ninos-uno-de-los-cuales-era-trans-adopta-los-ninos-transforman-el-mundo\\\/#breadcrumb\",\"itemListElement\":[{\"@type\":\"ListItem\",\"position\":1,\"name\":\"In\u00edcio\",\"item\":\"https:\\\/\\\/gay.blog.br\\\/es\\\/\"},{\"@type\":\"ListItem\",\"position\":2,\"name\":\"Adoptaron a tres ni\u00f1os, uno de los cuales era trans: \u00abAdopta. Los ni\u00f1os transforman el mundo\u00bb\"}]},{\"@type\":\"WebSite\",\"@id\":\"https:\\\/\\\/gay.blog.br\\\/es\\\/#website\",\"url\":\"https:\\\/\\\/gay.blog.br\\\/es\\\/\",\"name\":\"GAY BLOG BR @gayblogbr\",\"description\":\"Not\u00edcias que empoderam e\\\/ou entret\u00eam s\u00e3o especialidades da casa\",\"publisher\":{\"@id\":\"https:\\\/\\\/gay.blog.br\\\/es\\\/#organization\"},\"potentialAction\":[{\"@type\":\"SearchAction\",\"target\":{\"@type\":\"EntryPoint\",\"urlTemplate\":\"https:\\\/\\\/gay.blog.br\\\/es\\\/?s={search_term_string}\"},\"query-input\":{\"@type\":\"PropertyValueSpecification\",\"valueRequired\":true,\"valueName\":\"search_term_string\"}}],\"inLanguage\":\"es\"},{\"@type\":\"Organization\",\"@id\":\"https:\\\/\\\/gay.blog.br\\\/es\\\/#organization\",\"name\":\"GAY BLOG BR\",\"url\":\"https:\\\/\\\/gay.blog.br\\\/es\\\/\",\"logo\":{\"@type\":\"ImageObject\",\"inLanguage\":\"es\",\"@id\":\"https:\\\/\\\/gay.blog.br\\\/es\\\/#\\\/schema\\\/logo\\\/image\\\/\",\"url\":\"https:\\\/\\\/i0.wp.com\\\/gay.blog.br\\\/wp-content\\\/uploads\\\/2023\\\/08\\\/gay180px.png?fit=272%2C90&ssl=1\",\"contentUrl\":\"https:\\\/\\\/i0.wp.com\\\/gay.blog.br\\\/wp-content\\\/uploads\\\/2023\\\/08\\\/gay180px.png?fit=272%2C90&ssl=1\",\"width\":272,\"height\":90,\"caption\":\"GAY BLOG BR\"},\"image\":{\"@id\":\"https:\\\/\\\/gay.blog.br\\\/es\\\/#\\\/schema\\\/logo\\\/image\\\/\"},\"sameAs\":[\"https:\\\/\\\/facebook.com\\\/gayblogbr\",\"https:\\\/\\\/x.com\\\/gayblogbr\",\"https:\\\/\\\/instagram.com\\\/gayblogbr\",\"https:\\\/\\\/www.linkedin.com\\\/company\\\/gayblogbr\\\/\",\"https:\\\/\\\/br.pinterest.com\\\/gayblogbr\\\/\",\"https:\\\/\\\/www.youtube.com\\\/channel\\\/UCdEu3JXLOB-wvWAVUF4AIiA\",\"https:\\\/\\\/pt.wikipedia.org\\\/wiki\\\/Gay_Blog_Br\",\"https:\\\/\\\/www.threads.net\\\/@gayblogbr\"]},{\"@type\":\"Person\",\"@id\":\"https:\\\/\\\/gay.blog.br\\\/es\\\/#\\\/schema\\\/person\\\/59a4471c2fa312ae207122b509537a87\",\"name\":\"Andr\u00e9 Aram\",\"image\":{\"@type\":\"ImageObject\",\"inLanguage\":\"es\",\"@id\":\"https:\\\/\\\/secure.gravatar.com\\\/avatar\\\/2c85547dbbd1358696029970d8cb1ad363b94b546b682c26b5db210aee9eada8?s=96&d=mm&r=g\",\"url\":\"https:\\\/\\\/secure.gravatar.com\\\/avatar\\\/2c85547dbbd1358696029970d8cb1ad363b94b546b682c26b5db210aee9eada8?s=96&d=mm&r=g\",\"contentUrl\":\"https:\\\/\\\/secure.gravatar.com\\\/avatar\\\/2c85547dbbd1358696029970d8cb1ad363b94b546b682c26b5db210aee9eada8?s=96&d=mm&r=g\",\"caption\":\"Andr\u00e9 Aram\"},\"sameAs\":[\"https:\\\/\\\/gay.blog.br\\\/author\\\/andrearam\",\"https:\\\/\\\/facebook.com\\\/gayblogbr\",\"https:\\\/\\\/instagram.com\\\/gayblogbr\",\"https:\\\/\\\/x.com\\\/https:\\\/\\\/twittercom\\\/gayblogbr\"],\"url\":\"https:\\\/\\\/gay.blog.br\\\/es\\\/author\\\/andrearam\\\/\"}]}<\/script>\n<!-- \/ Yoast SEO plugin. -->","yoast_head_json":{"title":"Adoptaron a tres ni\u00f1os, uno de los cuales era trans: \"Adopta. Los ni\u00f1os transforman el mundo\"","description":"En una entrevista con GAY BLOG BR, Cleber Reikdal revela la experiencia de adoptar un ni\u00f1o trans, aprendiendo sobre la transexualidad infantil y los desaf\u00edos de lidiar con una sociedad que a\u00fan es transf\u00f3bica.","robots":{"index":"index","follow":"follow","max-snippet":"max-snippet:-1","max-image-preview":"max-image-preview:large","max-video-preview":"max-video-preview:-1"},"canonical":"https:\/\/gay.blog.br\/es\/entrevistas-es\/adoptaron-a-tres-ninos-uno-de-los-cuales-era-trans-adopta-los-ninos-transforman-el-mundo\/","og_locale":"es_ES","og_type":"article","og_title":"Adoptaron a tres ni\u00f1os, uno de los cuales era trans: \"Adopta. Los ni\u00f1os transforman el mundo\"","og_description":"En una entrevista con GAY BLOG BR, Cleber Reikdal revela la experiencia de adoptar un ni\u00f1o trans, aprendiendo sobre la transexualidad infantil y los desaf\u00edos de lidiar con una sociedad que a\u00fan es transf\u00f3bica.","og_url":"https:\/\/gay.blog.br\/es\/entrevistas-es\/adoptaron-a-tres-ninos-uno-de-los-cuales-era-trans-adopta-los-ninos-transforman-el-mundo\/","og_site_name":"GAY BLOG BR @gayblogbr","article_publisher":"https:\/\/facebook.com\/gayblogbr","article_author":"https:\/\/facebook.com\/gayblogbr","article_published_time":"2020-07-15T17:11:24+00:00","article_modified_time":"2020-12-08T00:37:16+00:00","og_image":[{"url":"https:\/\/gay.blog.br\/wp-content\/uploads\/2020\/07\/79217483_2604185759618254_3891589194534879232_o.jpg","type":"","width":"","height":""}],"author":"Andr\u00e9 Aram","twitter_card":"summary_large_image","twitter_creator":"@https:\/\/twittercom\/gayblogbr","twitter_site":"@gayblogbr","twitter_misc":{"Escrito por":"Andr\u00e9 Aram","Tiempo de lectura":"9 minutos"},"schema":{"@context":"https:\/\/schema.org","@graph":[{"@type":"Article","@id":"https:\/\/gay.blog.br\/es\/entrevistas-es\/adoptaron-a-tres-ninos-uno-de-los-cuales-era-trans-adopta-los-ninos-transforman-el-mundo\/#article","isPartOf":{"@id":"https:\/\/gay.blog.br\/es\/entrevistas-es\/adoptaron-a-tres-ninos-uno-de-los-cuales-era-trans-adopta-los-ninos-transforman-el-mundo\/"},"author":{"name":"Andr\u00e9 Aram","@id":"https:\/\/gay.blog.br\/es\/#\/schema\/person\/59a4471c2fa312ae207122b509537a87"},"headline":"Adoptaron a tres ni\u00f1os, uno de los cuales era trans: \u00abAdopta. Los ni\u00f1os transforman el mundo\u00bb","datePublished":"2020-07-15T17:11:24+00:00","dateModified":"2020-12-08T00:37:16+00:00","mainEntityOfPage":{"@id":"https:\/\/gay.blog.br\/es\/entrevistas-es\/adoptaron-a-tres-ninos-uno-de-los-cuales-era-trans-adopta-los-ninos-transforman-el-mundo\/"},"wordCount":1881,"commentCount":0,"publisher":{"@id":"https:\/\/gay.blog.br\/es\/#organization"},"image":{"@id":"https:\/\/gay.blog.br\/es\/entrevistas-es\/adoptaron-a-tres-ninos-uno-de-los-cuales-era-trans-adopta-los-ninos-transforman-el-mundo\/#primaryimage"},"thumbnailUrl":"https:\/\/gay.blog.br\/wp-content\/uploads\/2020\/07\/79217483_2604185759618254_3891589194534879232_o.jpg","keywords":["carrosel","Cleber Reikdal","Disforia de G\u00eanero","Gustavo Cavalcanti","Maria Joaquina","crian\u00e7a","trans","transfobia"],"articleSection":["ENTREVISTAS","LIFESTYLE","TRANS"],"inLanguage":"es","potentialAction":[{"@type":"CommentAction","name":"Comment","target":["https:\/\/gay.blog.br\/es\/entrevistas-es\/adoptaron-a-tres-ninos-uno-de-los-cuales-era-trans-adopta-los-ninos-transforman-el-mundo\/#respond"]}]},{"@type":"WebPage","@id":"https:\/\/gay.blog.br\/es\/entrevistas-es\/adoptaron-a-tres-ninos-uno-de-los-cuales-era-trans-adopta-los-ninos-transforman-el-mundo\/","url":"https:\/\/gay.blog.br\/es\/entrevistas-es\/adoptaron-a-tres-ninos-uno-de-los-cuales-era-trans-adopta-los-ninos-transforman-el-mundo\/","name":"Adoptaron a tres ni\u00f1os, uno de los cuales era trans: \"Adopta. Los ni\u00f1os transforman el mundo\"","isPartOf":{"@id":"https:\/\/gay.blog.br\/es\/#website"},"primaryImageOfPage":{"@id":"https:\/\/gay.blog.br\/es\/entrevistas-es\/adoptaron-a-tres-ninos-uno-de-los-cuales-era-trans-adopta-los-ninos-transforman-el-mundo\/#primaryimage"},"image":{"@id":"https:\/\/gay.blog.br\/es\/entrevistas-es\/adoptaron-a-tres-ninos-uno-de-los-cuales-era-trans-adopta-los-ninos-transforman-el-mundo\/#primaryimage"},"thumbnailUrl":"https:\/\/gay.blog.br\/wp-content\/uploads\/2020\/07\/79217483_2604185759618254_3891589194534879232_o.jpg","datePublished":"2020-07-15T17:11:24+00:00","dateModified":"2020-12-08T00:37:16+00:00","description":"En una entrevista con GAY BLOG BR, Cleber Reikdal revela la experiencia de adoptar un ni\u00f1o trans, aprendiendo sobre la transexualidad infantil y los desaf\u00edos de lidiar con una sociedad que a\u00fan es transf\u00f3bica.","breadcrumb":{"@id":"https:\/\/gay.blog.br\/es\/entrevistas-es\/adoptaron-a-tres-ninos-uno-de-los-cuales-era-trans-adopta-los-ninos-transforman-el-mundo\/#breadcrumb"},"inLanguage":"es","potentialAction":[{"@type":"ReadAction","target":["https:\/\/gay.blog.br\/es\/entrevistas-es\/adoptaron-a-tres-ninos-uno-de-los-cuales-era-trans-adopta-los-ninos-transforman-el-mundo\/"]}]},{"@type":"ImageObject","inLanguage":"es","@id":"https:\/\/gay.blog.br\/es\/entrevistas-es\/adoptaron-a-tres-ninos-uno-de-los-cuales-era-trans-adopta-los-ninos-transforman-el-mundo\/#primaryimage","url":"https:\/\/gay.blog.br\/wp-content\/uploads\/2020\/07\/79217483_2604185759618254_3891589194534879232_o.jpg","contentUrl":"https:\/\/gay.blog.br\/wp-content\/uploads\/2020\/07\/79217483_2604185759618254_3891589194534879232_o.jpg"},{"@type":"BreadcrumbList","@id":"https:\/\/gay.blog.br\/es\/entrevistas-es\/adoptaron-a-tres-ninos-uno-de-los-cuales-era-trans-adopta-los-ninos-transforman-el-mundo\/#breadcrumb","itemListElement":[{"@type":"ListItem","position":1,"name":"In\u00edcio","item":"https:\/\/gay.blog.br\/es\/"},{"@type":"ListItem","position":2,"name":"Adoptaron a tres ni\u00f1os, uno de los cuales era trans: \u00abAdopta. Los ni\u00f1os transforman el mundo\u00bb"}]},{"@type":"WebSite","@id":"https:\/\/gay.blog.br\/es\/#website","url":"https:\/\/gay.blog.br\/es\/","name":"GAY BLOG BR @gayblogbr","description":"Not\u00edcias que empoderam e\/ou entret\u00eam s\u00e3o especialidades da casa","publisher":{"@id":"https:\/\/gay.blog.br\/es\/#organization"},"potentialAction":[{"@type":"SearchAction","target":{"@type":"EntryPoint","urlTemplate":"https:\/\/gay.blog.br\/es\/?s={search_term_string}"},"query-input":{"@type":"PropertyValueSpecification","valueRequired":true,"valueName":"search_term_string"}}],"inLanguage":"es"},{"@type":"Organization","@id":"https:\/\/gay.blog.br\/es\/#organization","name":"GAY BLOG BR","url":"https:\/\/gay.blog.br\/es\/","logo":{"@type":"ImageObject","inLanguage":"es","@id":"https:\/\/gay.blog.br\/es\/#\/schema\/logo\/image\/","url":"https:\/\/i0.wp.com\/gay.blog.br\/wp-content\/uploads\/2023\/08\/gay180px.png?fit=272%2C90&ssl=1","contentUrl":"https:\/\/i0.wp.com\/gay.blog.br\/wp-content\/uploads\/2023\/08\/gay180px.png?fit=272%2C90&ssl=1","width":272,"height":90,"caption":"GAY BLOG BR"},"image":{"@id":"https:\/\/gay.blog.br\/es\/#\/schema\/logo\/image\/"},"sameAs":["https:\/\/facebook.com\/gayblogbr","https:\/\/x.com\/gayblogbr","https:\/\/instagram.com\/gayblogbr","https:\/\/www.linkedin.com\/company\/gayblogbr\/","https:\/\/br.pinterest.com\/gayblogbr\/","https:\/\/www.youtube.com\/channel\/UCdEu3JXLOB-wvWAVUF4AIiA","https:\/\/pt.wikipedia.org\/wiki\/Gay_Blog_Br","https:\/\/www.threads.net\/@gayblogbr"]},{"@type":"Person","@id":"https:\/\/gay.blog.br\/es\/#\/schema\/person\/59a4471c2fa312ae207122b509537a87","name":"Andr\u00e9 Aram","image":{"@type":"ImageObject","inLanguage":"es","@id":"https:\/\/secure.gravatar.com\/avatar\/2c85547dbbd1358696029970d8cb1ad363b94b546b682c26b5db210aee9eada8?s=96&d=mm&r=g","url":"https:\/\/secure.gravatar.com\/avatar\/2c85547dbbd1358696029970d8cb1ad363b94b546b682c26b5db210aee9eada8?s=96&d=mm&r=g","contentUrl":"https:\/\/secure.gravatar.com\/avatar\/2c85547dbbd1358696029970d8cb1ad363b94b546b682c26b5db210aee9eada8?s=96&d=mm&r=g","caption":"Andr\u00e9 Aram"},"sameAs":["https:\/\/gay.blog.br\/author\/andrearam","https:\/\/facebook.com\/gayblogbr","https:\/\/instagram.com\/gayblogbr","https:\/\/x.com\/https:\/\/twittercom\/gayblogbr"],"url":"https:\/\/gay.blog.br\/es\/author\/andrearam\/"}]}},"jetpack_publicize_connections":[],"jetpack_featured_media_url":"","jetpack_sharing_enabled":true,"jetpack_shortlink":"https:\/\/wp.me\/p6klkK-qb9","jetpack_likes_enabled":false,"amp_enabled":true,"_links":{"self":[{"href":"https:\/\/gay.blog.br\/es\/wp-json\/wp\/v2\/posts\/100635","targetHints":{"allow":["GET"]}}],"collection":[{"href":"https:\/\/gay.blog.br\/es\/wp-json\/wp\/v2\/posts"}],"about":[{"href":"https:\/\/gay.blog.br\/es\/wp-json\/wp\/v2\/types\/post"}],"author":[{"embeddable":true,"href":"https:\/\/gay.blog.br\/es\/wp-json\/wp\/v2\/users\/3482"}],"replies":[{"embeddable":true,"href":"https:\/\/gay.blog.br\/es\/wp-json\/wp\/v2\/comments?post=100635"}],"version-history":[{"count":0,"href":"https:\/\/gay.blog.br\/es\/wp-json\/wp\/v2\/posts\/100635\/revisions"}],"wp:attachment":[{"href":"https:\/\/gay.blog.br\/es\/wp-json\/wp\/v2\/media?parent=100635"}],"wp:term":[{"taxonomy":"category","embeddable":true,"href":"https:\/\/gay.blog.br\/es\/wp-json\/wp\/v2\/categories?post=100635"},{"taxonomy":"post_tag","embeddable":true,"href":"https:\/\/gay.blog.br\/es\/wp-json\/wp\/v2\/tags?post=100635"}],"curies":[{"name":"wp","href":"https:\/\/api.w.org\/{rel}","templated":true}]}}