{"id":100796,"date":"2020-07-11T00:07:50","date_gmt":"2020-07-11T03:07:50","guid":{"rendered":"https:\/\/gay.blog.br\/?p=100796"},"modified":"2020-12-08T21:48:11","modified_gmt":"2020-12-09T00:48:11","slug":"fundador-de-parada-rj-dice-estar-perplejo-por-informacion-falsa-difundida-por-el-canal-poe-na-roda","status":"publish","type":"post","link":"https:\/\/gay.blog.br\/es\/noticias-es\/fundador-de-parada-rj-dice-estar-perplejo-por-informacion-falsa-difundida-por-el-canal-poe-na-roda\/","title":{"rendered":"Fundador de Parada RJ dice estar perplejo por informaci\u00f3n falsa difundida por el canal P\u00f5e na Roda"},"content":{"rendered":"<p style=\"text-align: justify;\"><em><span class=\"amp-wp-fe3f5cc\" data-amp-original-style=\"font-weight: 400;\">\u00abNo saben nada de nuestra historia, no saben el nombre de nadie, no saben qui\u00e9n es quien, <\/span><span class=\"amp-wp-fe3f5cc\" data-amp-original-style=\"font-weight: 400;\">ellos<\/span> <span class=\"amp-wp-fe3f5cc\" data-amp-original-style=\"font-weight: 400;\">estos youtubers ni siquiera son personas para m\u00ed. Ellos son <\/span><span class=\"amp-wp-fe3f5cc\" data-amp-original-style=\"font-weight: 400;\">likes<\/span>, <span class=\"amp-wp-fe3f5cc\" data-amp-original-style=\"font-weight: 400;\">son solo<\/span> <span class=\"amp-wp-fe3f5cc\" data-amp-original-style=\"font-weight: 400;\">likes<\/span><span class=\"amp-wp-fe3f5cc\" data-amp-original-style=\"font-weight: 400;\">, es por eso que no saben hablar. No dijo nada, solo hablaba <\/span><span class=\"amp-wp-fe3f5cc\" data-amp-original-style=\"font-weight: 400;\">&#8216;Lo hizo, mona, oh que lujo, que esc\u00e1ndalo, que par\u00f3 todo&#8217;<\/span><\/em><span class=\"amp-wp-fe3f5cc\" data-amp-original-style=\"font-weight: 400;\"><em>, \u00bfpor qu\u00e9? No saben hablar, no saben nada, no tienen una historia que contar, no tienen nada que decir, \u00bfentiendes? \u00ab<\/em>. Cr\u00edticas como esta, del veterano <strong><a href=\"https:\/\/gay.blog.br\/entrevistas\/kaka-di-polly-duvido-que-voces-publiquem-esta-entrevista-na-integra\">Kak\u00e1 di Polly<\/a><\/strong>, han cuestionado la credibilidad del <em>casting<\/em> de youtubers LGBT+ de <em>Dia Est\u00fadio<\/em> contratados para la realizaci\u00f3n del Desfile Virtual de San Pablo, que tuvo lugar a mediados de junio. <\/span><strong><a href=\"https:\/\/gay.blog.br\/noticias\/silvetty-montilla-se-pronuncia-e-confirma-nao-ter-sido-convidada-para-a-parada-sp\/\">Silvetty Montilla<\/a><\/strong> y <strong><a href=\"https:\/\/gay.blog.br\/noticias\/kaka-di-polly-silvetty-montilla-e-salete-campari-farao-live-para-celebrar-dia-do-orgulho\">Salete Campari<\/a><\/strong> tambi\u00e9n se hicieron p\u00fablicas para deplorar el borrado de hechos hist\u00f3ricos y figuras precursoras del movimiento LGBT+ de San Pablo.<\/p>\n<p style=\"text-align: justify;\">El d\u00eda 10, <strong>Cl\u00e1udio Nascimento<\/strong>, uno de los fundadores del <strong>Desfile del Orgullo LGBTI en R\u00edo de Janeiro<\/strong>, tambi\u00e9n vio la necesidad de repudiar p\u00fablicamente el desconocimiento de los youtubers sobre la historia del movimiento LGBT+ en Brasil. En una <a href=\"https:\/\/www.facebook.com\/photo.php?fbid=3651099941573922&amp;set=a.484494821567799&amp;type=3\">nota<\/a> dirigida al canal <em>P\u00f5e na Roda<\/em>, replicada en el <a href=\"http:\/\/paradasp.org.br\/nota-de-claudio-nascimento-ao-poe-na-roda\/\">sitio web de la Parada SP<\/a>, Nascimento dice estar \u00abperplejo\u00bb por la informaci\u00f3n falsa difundida por el canal de que el primer Desfile LGBT+ en Brasil habr\u00eda sido en San Pablo. La informaci\u00f3n, seg\u00fan \u00e9l, podr\u00eda haberse encontrado incluso con poca investigaci\u00f3n period\u00edstica.<\/p>\n<p style=\"text-align: justify;\">Bajo el t\u00edtulo de <strong>\u00ab\u00a1NO! \u00a1NO BORRES NUESTRA HISTORIA!\u00bb<\/strong>, la nota trae una foto de 1995 extra\u00edda de la tesis presentada al programa de posgrado en Historia de las Ciencias y la Salud de la Casa de Oswaldo Cruz\/Fundaci\u00f3n Oswaldo Cruz, en 2019, del requisito parcial para la obtenci\u00f3n del t\u00edtulo de Mag\u00edster de Ana Cl\u00e1udia Teixeira de Lima. La foto original fue publicada en el diario <em>Folha de S. Paulo<\/em>, en junio de 1995, y forma parte de la colecci\u00f3n ABIA (ICICT\/FioCruz).<\/p>\n<p style=\"text-align: justify;\"><img data-recalc-dims=\"1\" loading=\"lazy\" decoding=\"async\" class=\"aligncenter wp-image-48623 size-full\" src=\"https:\/\/i0.wp.com\/gay.blog.br\/wp-content\/uploads\/2020\/07\/claudio-nascimento-nota-rep%C3%BAdio-e1594612882364.jpg?resize=639%2C572&#038;ssl=1\" alt=\"Fundador de Parada RJ dice estar perplejo por informaci\u00f3n falsa difundida en youtube lgbt+\" width=\"639\" height=\"572\" \/><\/p>\n<p style=\"text-align: justify;\">Lea la nota de Cl\u00e1udio Nascimento en su totalidad:<\/p>\n<p style=\"text-align: justify;\"><em><strong>\u00ab\u00a1NO! \u00a1NO BORRES NUESTRA HISTORIA!<\/strong><\/em><\/p>\n<p style=\"text-align: justify;\"><em>El 9 de julio nos quedamos perplejos al tener contacto con su material de P\u00f5e na Roda informando que en 1997 naci\u00f3 el primer Desfile en Brasil, Parada de San Pablo. \u00a1No, esto no es cierto!<\/em><\/p>\n<p style=\"text-align: justify;\"><em>Con un poco de investigaci\u00f3n period\u00edstica, ciertamente podr\u00edan encontrar informaci\u00f3n que los llevara al hecho hist\u00f3rico. El primer Desfile del Orgullo LGBTI en Brasil tuvo lugar el 25 de junio de 1995 en R\u00edo de Janeiro. Fue un hermoso d\u00eda en la playa de Copacabana. Desfilamos de Posto 6 a 2. El evento fue organizado por el Grupo Arco-\u00cdris junto con el Grupo Atob\u00e1, 28 de junio, Rostros y Coronas, Movimiento DELLAS, Grupo Astral Unido, Grupo Tri\u00e1ngulo Rosa, NOSS, entre otros.<\/em><\/p>\n<p style=\"text-align: justify;\"><em>Fue el momento, entre el 18 y el 25 de junio de ese a\u00f1o, en el antiguo Hotel Rio Palace, en el Posto 6 de la playa de Copacabana, de la XVII Conferencia Mundial ILGA &#8211; Asociaci\u00f3n Internacional LGBTI+. Nesta confer\u00eancia participavam 1800 representantes de 40 pa\u00edses. Al final de esta conferencia, se realiz\u00f3 el Primer Desfile de Brasil, que cont\u00f3 con la participaci\u00f3n de activistas internacionales y brasile\u00f1os de varios estados que se unieron a los cariocas, reuniendo a 3 mil personas.<\/em><\/p>\n<p style=\"text-align: justify;\"><em>Entonces, no borres nuestra historia. \u00a1No apagues nuestra pelea!<\/em><\/p>\n<p style=\"text-align: justify;\"><em>Todo blog LGBT necesita estar muy atento a la informaci\u00f3n que transmite a su audiencia para no generar desinformaci\u00f3n y borrados graves.<\/em><\/p>\n<p style=\"text-align: justify;\"><em>Esta nota no puede ser tratada con tonter\u00edas entre R\u00edo y San Pablo. Pero se trata de restaurar la historia del Movimiento LGBTI brasile\u00f1o, que en las d\u00e9cadas anteriores sent\u00f3 las bases de los avances sociales, culturales, pol\u00edticos y civilizadores que tenemos hoy, a pesar de saber cu\u00e1nto nos falta todav\u00eda para avanzar hacia la ciudadan\u00eda plena en Brasil.<\/em><\/p>\n<p style=\"text-align: justify;\"><em>El Desfile del Orgullo LGBT de San Pablo es co-hermano de Parada do Rio y las organizaciones de estas manifestaciones han ido construyendo caminos para ampliar a\u00fan m\u00e1s el di\u00e1logo.<\/em><\/p>\n<p style=\"text-align: justify;\"><em>Cabe recordar tambi\u00e9n que en la primera en Brasil, el Desfile de R\u00edo de Janeiro en 1995, participaron varios militantes y drag queens del Estado de San Pablo, que irradiaron de la marcha movilizados para realizar un desfile paulista.<\/em><\/p>\n<p style=\"text-align: justify;\"><em>La gran bandera arco\u00edris que ahora tiene una presencia destacada en todas las principales paradas de Brasil, tambi\u00e9n fue insertada por primera vez en nuestro pa\u00eds en la Parada do Rio en 1995, cuando fue superrepresentada en varios art\u00edculos period\u00edsticos. Unos meses antes del Desfile de R\u00edo, nosotros del Grupo Arco-\u00cdris, invitamos a una se\u00f1ora, una costurera, a hacer esta primera gran bandera arco\u00edris, que en ese momento se convirti\u00f3 en la bandera m\u00e1s grande del mundo, 124 metros de largo por 10 metros de ancho.<\/em><\/p>\n<p style=\"text-align: justify;\"><em>Antes del Desfile de R\u00edo de 1995, intentamos en 1993 hacer algo similar, cuando en esta marcha reunimos a 30 personas en la playa de Copacabana. Cuando nos dimos cuenta de que a\u00fan no hab\u00eda en la poblaci\u00f3n LGBTI sentimiento de pertenencia a algo, de ser una comunidad, vimos que era necesario invertir esfuerzos para contribuir a la construcci\u00f3n de un imaginario colectivo, ser parte de un grupo social, por eso decidimos en 1994 llevar a cabo eventos sociales y culturales, teniendo como principal desenlace la Tarde de Convivencia por la Dignidad Homosexual, como acto conmemorativo del Orgullo, que logr\u00f3 reunir en el c\u00e9sped del Museo de Arte Moderno de R\u00edo, 600 personas LGBTI y aliados de la causa, quienes se dividieron entre discursos pol\u00edticos , juegos, performances, poes\u00eda, donde contamos con la presencia de varias personalidades.<\/em><\/p>\n<p style=\"text-align: justify;\"><em>En 1995, la semilla del Desfile ya estaba germinada y con la celebraci\u00f3n de la Conferencia Mundial en R\u00edo, era el momento perfecto para realizar el Primer Desfile en Brasil.<\/em><\/p>\n<p style=\"text-align: justify;\"><em>Por lo tanto, le pedimos que corrija este asunto para restaurar el historial que no se puede borrar. Es un legado estrat\u00e9gico de la historia de luchas y resistencias de la Comunidad LGBTI brasile\u00f1a, que a trav\u00e9s del Movimiento Organizado, estructur\u00f3 las luchas y paviment\u00f3 nuestros logros.<\/em><\/p>\n<p style=\"text-align: justify;\"><em>Tengo 49 a\u00f1os. 31 a\u00f1os dedicados al Movimiento LGBTI brasile\u00f1o. Estoy orgulloso y feliz de haber participado en la organizaci\u00f3n del primer Desfile en Brasil, en R\u00edo. En ese momento, junto a varias personas activistas, yo era un joven de apenas 23 a\u00f1os, lleno de sue\u00f1os y esperanzas, que siguen siendo mi base para seguir luchando por mejores d\u00edas.<\/em><\/p>\n<p style=\"text-align: justify;\"><em>\u00a1As\u00ed que no borres nuestra historia!<\/em><\/p>\n<p style=\"text-align: justify;\"><em>Cl\u00e1udio Nascimento<\/em><\/p>\n<p style=\"text-align: justify;\"><em>* Cl\u00e1udio Nascimento es uno de los fundadores del LGBTI Pride Parade Rio de Janeiro, el Primer Desfile de Brasil. Gay, negro y del nordeste. Tambi\u00e9n es coordinador ejecutivo del Grupo Arco-\u00cdris de Ciudadan\u00eda LGBTI y Coordinador del Desfile del Orgullo LGBTI Rio<a href=\"http:\/\/paradasp.org.br\/nota-de-claudio-nascimento-ao-poe-na-roda\/fabricioviana.com\" target=\"_blank\" rel=\"noopener noreferrer\">.<\/a> Ciudadano de Honor de la Ciudad de Rio de Janeiro\u201d.<\/em><\/p>\n<blockquote class=\"wp-embedded-content\" data-secret=\"tWmvnTgNot\"><p><a href=\"https:\/\/gay.blog.br\/noticias\/kaka-di-polly-faz-carta-aberta-a-comunidade-lgbtqia-par-alertar-sobre-fake-news-e-oportunismos\/\">Kak\u00e1 di Polly faz carta aberta \u00e0 comunidade LGBTQIA+ para alertar sobre fake news e oportunismos<\/a><\/p><\/blockquote>\n<p><iframe loading=\"lazy\" class=\"wp-embedded-content\" sandbox=\"allow-scripts\" security=\"restricted\" style=\"position: absolute; clip: rect(1px, 1px, 1px, 1px);\" title=\"&#8220;Kak\u00e1 di Polly faz carta aberta \u00e0 comunidade LGBTQIA+ para alertar sobre fake news e oportunismos&#8221; &#8212; GAY BLOG BR @gayblogbr\" src=\"https:\/\/gay.blog.br\/noticias\/kaka-di-polly-faz-carta-aberta-a-comunidade-lgbtqia-par-alertar-sobre-fake-news-e-oportunismos\/embed\/#?secret=tWmvnTgNot\" data-secret=\"tWmvnTgNot\" width=\"600\" height=\"338\" frameborder=\"0\" marginwidth=\"0\" marginheight=\"0\" scrolling=\"no\"><\/iframe><\/p>\n","protected":false},"excerpt":{"rendered":"<p>Cl\u00e1udio Nascimento refuta la informaci\u00f3n de que el primer Desfile en Brasil hab\u00eda sido en San Pablo y, en segundo lugar, tambi\u00e9n se pudo encontrar incluso con investigaci\u00f3n peri\u00f3dica.<\/p>\n","protected":false},"author":2,"featured_media":0,"comment_status":"open","ping_status":"open","sticky":false,"template":"","format":"standard","meta":{"googlesitekit_rrm_CAoiEBg-BXrJeACjO8p49SE4kTY:productID":"","tdm_status":"","tdm_grid_status":"","_jetpack_newsletter_access":"","_jetpack_dont_email_post_to_subs":false,"_jetpack_newsletter_tier_id":0,"_jetpack_memberships_contains_paywalled_content":false,"_jetpack_memberships_contains_paid_content":false,"footnotes":"","jetpack_publicize_message":"Fundador de Parada RJ dice estar perplejo por informaci\u00f3n falsa difundida por el canal P\u00f5e na Roda","jetpack_publicize_feature_enabled":true,"jetpack_social_post_already_shared":true,"jetpack_social_options":{"image_generator_settings":{"template":"highway","default_image_id":0,"font":"","enabled":false},"version":2},"_wpas_customize_per_network":false,"jetpack_post_was_ever_published":false},"categories":[589932231,589932409],"tags":[589934868,589934869,589934867,589934866,589934871,589932755,589933930,589934865,589934870,589932871,589934863],"class_list":{"0":"post-100796","1":"post","2":"type-post","3":"status-publish","4":"format-standard","6":"category-noticias-es","7":"category-orgullo","8":"tag-claudio-nascimento-es","9":"tag-dia-de-estudio","10":"tag-depresion-diva","11":"tag-fake-news-es","12":"tag-informacion-falsa","13":"tag-lgbt-es","14":"tag-parada-sp-es-2","15":"tag-poe-na-roda-es-2","16":"tag-primera-parada","17":"tag-youtube-es","18":"tag-youtubers-es-2"},"yoast_head":"<!-- This site is optimized with the Yoast SEO plugin v27.5 - https:\/\/yoast.com\/product\/yoast-seo-wordpress\/ -->\n<title>Fundador de Parada RJ dice estar perplejo por informaci\u00f3n falsa difundida por el canal P\u00f5e na Roda<\/title>\n<meta name=\"description\" content=\"Cl\u00e1udio Nascimento refuta la informaci\u00f3n de que el primer Desfile en Brasil habr\u00eda sido en San Pablo y, seg\u00fan \u00e9l, el hecho podr\u00eda haberse encontrado incluso con poca investigaci\u00f3n period\u00edstica.\" \/>\n<meta name=\"robots\" content=\"index, follow, max-snippet:-1, max-image-preview:large, max-video-preview:-1\" \/>\n<link rel=\"canonical\" href=\"https:\/\/gay.blog.br\/es\/noticias-es\/fundador-de-parada-rj-dice-estar-perplejo-por-informacion-falsa-difundida-por-el-canal-poe-na-roda\/\" \/>\n<meta property=\"og:locale\" content=\"es_ES\" \/>\n<meta property=\"og:type\" content=\"article\" \/>\n<meta property=\"og:title\" content=\"Fundador de Parada RJ dice estar perplejo por informaci\u00f3n falsa difundida por el canal P\u00f5e na Roda\" \/>\n<meta property=\"og:description\" content=\"Cl\u00e1udio Nascimento refuta la informaci\u00f3n de que el primer Desfile en Brasil habr\u00eda sido en San Pablo y, seg\u00fan \u00e9l, el hecho podr\u00eda haberse encontrado incluso con poca investigaci\u00f3n period\u00edstica.\" \/>\n<meta property=\"og:url\" content=\"https:\/\/gay.blog.br\/es\/noticias-es\/fundador-de-parada-rj-dice-estar-perplejo-por-informacion-falsa-difundida-por-el-canal-poe-na-roda\/\" \/>\n<meta property=\"og:site_name\" content=\"GAY BLOG BR @gayblogbr\" \/>\n<meta property=\"article:publisher\" content=\"https:\/\/facebook.com\/gayblogbr\" \/>\n<meta property=\"article:author\" content=\"https:\/\/facebook.com\/gayblogbr\" \/>\n<meta property=\"article:published_time\" content=\"2020-07-11T03:07:50+00:00\" \/>\n<meta property=\"article:modified_time\" content=\"2020-12-09T00:48:11+00:00\" \/>\n<meta property=\"og:image\" content=\"https:\/\/gay.blog.br\/wp-content\/uploads\/2020\/07\/claudio-nascimento-nota-rep%C3%BAdio-e1594612882364.jpg\" \/>\n<meta name=\"author\" content=\"www.gay.blog.br\" \/>\n<meta name=\"twitter:card\" content=\"summary_large_image\" \/>\n<meta name=\"twitter:creator\" content=\"@https:\/\/bsky.app\/profile\/gayblogbr.bsky.social\" \/>\n<meta name=\"twitter:site\" content=\"@gayblogbr\" \/>\n<meta name=\"twitter:label1\" content=\"Escrito por\" \/>\n\t<meta name=\"twitter:data1\" content=\"www.gay.blog.br\" \/>\n\t<meta name=\"twitter:label2\" content=\"Tiempo de lectura\" \/>\n\t<meta name=\"twitter:data2\" content=\"6 minutos\" \/>\n<script type=\"application\/ld+json\" class=\"yoast-schema-graph\">{\"@context\":\"https:\\\/\\\/schema.org\",\"@graph\":[{\"@type\":\"Article\",\"@id\":\"https:\\\/\\\/gay.blog.br\\\/es\\\/noticias-es\\\/fundador-de-parada-rj-dice-estar-perplejo-por-informacion-falsa-difundida-por-el-canal-poe-na-roda\\\/#article\",\"isPartOf\":{\"@id\":\"https:\\\/\\\/gay.blog.br\\\/es\\\/noticias-es\\\/fundador-de-parada-rj-dice-estar-perplejo-por-informacion-falsa-difundida-por-el-canal-poe-na-roda\\\/\"},\"author\":{\"name\":\"www.gay.blog.br\",\"@id\":\"https:\\\/\\\/gay.blog.br\\\/es\\\/#\\\/schema\\\/person\\\/ab4bce68ee54b8f4af5c174efe7472e5\"},\"headline\":\"Fundador de Parada RJ dice estar perplejo por informaci\u00f3n falsa difundida por el canal P\u00f5e na Roda\",\"datePublished\":\"2020-07-11T03:07:50+00:00\",\"dateModified\":\"2020-12-09T00:48:11+00:00\",\"mainEntityOfPage\":{\"@id\":\"https:\\\/\\\/gay.blog.br\\\/es\\\/noticias-es\\\/fundador-de-parada-rj-dice-estar-perplejo-por-informacion-falsa-difundida-por-el-canal-poe-na-roda\\\/\"},\"wordCount\":1199,\"commentCount\":0,\"publisher\":{\"@id\":\"https:\\\/\\\/gay.blog.br\\\/es\\\/#organization\"},\"image\":{\"@id\":\"https:\\\/\\\/gay.blog.br\\\/es\\\/noticias-es\\\/fundador-de-parada-rj-dice-estar-perplejo-por-informacion-falsa-difundida-por-el-canal-poe-na-roda\\\/#primaryimage\"},\"thumbnailUrl\":\"https:\\\/\\\/gay.blog.br\\\/wp-content\\\/uploads\\\/2020\\\/07\\\/claudio-nascimento-nota-rep%C3%BAdio-e1594612882364.jpg\",\"keywords\":[\"Cl\u00e1udio Nascimento\",\"d\u00eda de estudio\",\"depresi\u00f3n diva\",\"fake news\",\"informaci\u00f3n falsa\",\"lgbt\",\"parada sp\",\"p\u00f5e na roda\",\"primera parada\",\"youtube\",\"youtubers\"],\"articleSection\":[\"NOT\u00cdCIAS\",\"ORGULLO\"],\"inLanguage\":\"es\",\"potentialAction\":[{\"@type\":\"CommentAction\",\"name\":\"Comment\",\"target\":[\"https:\\\/\\\/gay.blog.br\\\/es\\\/noticias-es\\\/fundador-de-parada-rj-dice-estar-perplejo-por-informacion-falsa-difundida-por-el-canal-poe-na-roda\\\/#respond\"]}]},{\"@type\":\"WebPage\",\"@id\":\"https:\\\/\\\/gay.blog.br\\\/es\\\/noticias-es\\\/fundador-de-parada-rj-dice-estar-perplejo-por-informacion-falsa-difundida-por-el-canal-poe-na-roda\\\/\",\"url\":\"https:\\\/\\\/gay.blog.br\\\/es\\\/noticias-es\\\/fundador-de-parada-rj-dice-estar-perplejo-por-informacion-falsa-difundida-por-el-canal-poe-na-roda\\\/\",\"name\":\"Fundador de Parada RJ dice estar perplejo por informaci\u00f3n falsa difundida por el canal P\u00f5e na Roda\",\"isPartOf\":{\"@id\":\"https:\\\/\\\/gay.blog.br\\\/es\\\/#website\"},\"primaryImageOfPage\":{\"@id\":\"https:\\\/\\\/gay.blog.br\\\/es\\\/noticias-es\\\/fundador-de-parada-rj-dice-estar-perplejo-por-informacion-falsa-difundida-por-el-canal-poe-na-roda\\\/#primaryimage\"},\"image\":{\"@id\":\"https:\\\/\\\/gay.blog.br\\\/es\\\/noticias-es\\\/fundador-de-parada-rj-dice-estar-perplejo-por-informacion-falsa-difundida-por-el-canal-poe-na-roda\\\/#primaryimage\"},\"thumbnailUrl\":\"https:\\\/\\\/gay.blog.br\\\/wp-content\\\/uploads\\\/2020\\\/07\\\/claudio-nascimento-nota-rep%C3%BAdio-e1594612882364.jpg\",\"datePublished\":\"2020-07-11T03:07:50+00:00\",\"dateModified\":\"2020-12-09T00:48:11+00:00\",\"description\":\"Cl\u00e1udio Nascimento refuta la informaci\u00f3n de que el primer Desfile en Brasil habr\u00eda sido en San Pablo y, seg\u00fan \u00e9l, el hecho podr\u00eda haberse encontrado incluso con poca investigaci\u00f3n period\u00edstica.\",\"breadcrumb\":{\"@id\":\"https:\\\/\\\/gay.blog.br\\\/es\\\/noticias-es\\\/fundador-de-parada-rj-dice-estar-perplejo-por-informacion-falsa-difundida-por-el-canal-poe-na-roda\\\/#breadcrumb\"},\"inLanguage\":\"es\",\"potentialAction\":[{\"@type\":\"ReadAction\",\"target\":[\"https:\\\/\\\/gay.blog.br\\\/es\\\/noticias-es\\\/fundador-de-parada-rj-dice-estar-perplejo-por-informacion-falsa-difundida-por-el-canal-poe-na-roda\\\/\"]}]},{\"@type\":\"ImageObject\",\"inLanguage\":\"es\",\"@id\":\"https:\\\/\\\/gay.blog.br\\\/es\\\/noticias-es\\\/fundador-de-parada-rj-dice-estar-perplejo-por-informacion-falsa-difundida-por-el-canal-poe-na-roda\\\/#primaryimage\",\"url\":\"https:\\\/\\\/gay.blog.br\\\/wp-content\\\/uploads\\\/2020\\\/07\\\/claudio-nascimento-nota-rep%C3%BAdio-e1594612882364.jpg\",\"contentUrl\":\"https:\\\/\\\/gay.blog.br\\\/wp-content\\\/uploads\\\/2020\\\/07\\\/claudio-nascimento-nota-rep%C3%BAdio-e1594612882364.jpg\"},{\"@type\":\"BreadcrumbList\",\"@id\":\"https:\\\/\\\/gay.blog.br\\\/es\\\/noticias-es\\\/fundador-de-parada-rj-dice-estar-perplejo-por-informacion-falsa-difundida-por-el-canal-poe-na-roda\\\/#breadcrumb\",\"itemListElement\":[{\"@type\":\"ListItem\",\"position\":1,\"name\":\"In\u00edcio\",\"item\":\"https:\\\/\\\/gay.blog.br\\\/es\\\/\"},{\"@type\":\"ListItem\",\"position\":2,\"name\":\"Fundador de Parada RJ dice estar perplejo por informaci\u00f3n falsa difundida por el canal P\u00f5e na Roda\"}]},{\"@type\":\"WebSite\",\"@id\":\"https:\\\/\\\/gay.blog.br\\\/es\\\/#website\",\"url\":\"https:\\\/\\\/gay.blog.br\\\/es\\\/\",\"name\":\"GAY BLOG BR @gayblogbr\",\"description\":\"Not\u00edcias que empoderam e\\\/ou entret\u00eam s\u00e3o especialidades da casa\",\"publisher\":{\"@id\":\"https:\\\/\\\/gay.blog.br\\\/es\\\/#organization\"},\"potentialAction\":[{\"@type\":\"SearchAction\",\"target\":{\"@type\":\"EntryPoint\",\"urlTemplate\":\"https:\\\/\\\/gay.blog.br\\\/es\\\/?s={search_term_string}\"},\"query-input\":{\"@type\":\"PropertyValueSpecification\",\"valueRequired\":true,\"valueName\":\"search_term_string\"}}],\"inLanguage\":\"es\"},{\"@type\":\"Organization\",\"@id\":\"https:\\\/\\\/gay.blog.br\\\/es\\\/#organization\",\"name\":\"GAY BLOG BR\",\"url\":\"https:\\\/\\\/gay.blog.br\\\/es\\\/\",\"logo\":{\"@type\":\"ImageObject\",\"inLanguage\":\"es\",\"@id\":\"https:\\\/\\\/gay.blog.br\\\/es\\\/#\\\/schema\\\/logo\\\/image\\\/\",\"url\":\"https:\\\/\\\/i0.wp.com\\\/gay.blog.br\\\/wp-content\\\/uploads\\\/2023\\\/08\\\/gay180px.png?fit=272%2C90&ssl=1\",\"contentUrl\":\"https:\\\/\\\/i0.wp.com\\\/gay.blog.br\\\/wp-content\\\/uploads\\\/2023\\\/08\\\/gay180px.png?fit=272%2C90&ssl=1\",\"width\":272,\"height\":90,\"caption\":\"GAY BLOG BR\"},\"image\":{\"@id\":\"https:\\\/\\\/gay.blog.br\\\/es\\\/#\\\/schema\\\/logo\\\/image\\\/\"},\"sameAs\":[\"https:\\\/\\\/facebook.com\\\/gayblogbr\",\"https:\\\/\\\/x.com\\\/gayblogbr\",\"https:\\\/\\\/instagram.com\\\/gayblogbr\",\"https:\\\/\\\/www.linkedin.com\\\/company\\\/gayblogbr\\\/\",\"https:\\\/\\\/br.pinterest.com\\\/gayblogbr\\\/\",\"https:\\\/\\\/www.youtube.com\\\/channel\\\/UCdEu3JXLOB-wvWAVUF4AIiA\",\"https:\\\/\\\/pt.wikipedia.org\\\/wiki\\\/Gay_Blog_Br\",\"https:\\\/\\\/www.threads.net\\\/@gayblogbr\"]},{\"@type\":\"Person\",\"@id\":\"https:\\\/\\\/gay.blog.br\\\/es\\\/#\\\/schema\\\/person\\\/ab4bce68ee54b8f4af5c174efe7472e5\",\"name\":\"www.gay.blog.br\",\"image\":{\"@type\":\"ImageObject\",\"inLanguage\":\"es\",\"@id\":\"https:\\\/\\\/secure.gravatar.com\\\/avatar\\\/a6fb6bf5c84cdaa375389c43448e2bb88db4600d8fc5be6c42a410789075740f?s=96&d=mm&r=g\",\"url\":\"https:\\\/\\\/secure.gravatar.com\\\/avatar\\\/a6fb6bf5c84cdaa375389c43448e2bb88db4600d8fc5be6c42a410789075740f?s=96&d=mm&r=g\",\"contentUrl\":\"https:\\\/\\\/secure.gravatar.com\\\/avatar\\\/a6fb6bf5c84cdaa375389c43448e2bb88db4600d8fc5be6c42a410789075740f?s=96&d=mm&r=g\",\"caption\":\"www.gay.blog.br\"},\"description\":\"Receba as not\u00edcias pelo Telegram!\",\"sameAs\":[\"https:\\\/\\\/facebook.com\\\/gayblogbr\",\"https:\\\/\\\/instagram.com\\\/gayblogbr\",\"https:\\\/\\\/www.linkedin.com\\\/company\\\/gayblogbr\\\/\",\"https:\\\/\\\/pinterest.com\\\/gayblogbr\\\/\",\"https:\\\/\\\/x.com\\\/https:\\\/\\\/bsky.app\\\/profile\\\/gayblogbr.bsky.social\",\"https:\\\/\\\/www.youtube.com\\\/@GAYBLOGBR\",\"https:\\\/\\\/pt.wikipedia.org\\\/wiki\\\/Gay_Blog_Br\"],\"url\":\"https:\\\/\\\/gay.blog.br\\\/es\\\/author\\\/oaudaznavegante\\\/\"}]}<\/script>\n<!-- \/ Yoast SEO plugin. -->","yoast_head_json":{"title":"Fundador de Parada RJ dice estar perplejo por informaci\u00f3n falsa difundida por el canal P\u00f5e na Roda","description":"Cl\u00e1udio Nascimento refuta la informaci\u00f3n de que el primer Desfile en Brasil habr\u00eda sido en San Pablo y, seg\u00fan \u00e9l, el hecho podr\u00eda haberse encontrado incluso con poca investigaci\u00f3n period\u00edstica.","robots":{"index":"index","follow":"follow","max-snippet":"max-snippet:-1","max-image-preview":"max-image-preview:large","max-video-preview":"max-video-preview:-1"},"canonical":"https:\/\/gay.blog.br\/es\/noticias-es\/fundador-de-parada-rj-dice-estar-perplejo-por-informacion-falsa-difundida-por-el-canal-poe-na-roda\/","og_locale":"es_ES","og_type":"article","og_title":"Fundador de Parada RJ dice estar perplejo por informaci\u00f3n falsa difundida por el canal P\u00f5e na Roda","og_description":"Cl\u00e1udio Nascimento refuta la informaci\u00f3n de que el primer Desfile en Brasil habr\u00eda sido en San Pablo y, seg\u00fan \u00e9l, el hecho podr\u00eda haberse encontrado incluso con poca investigaci\u00f3n period\u00edstica.","og_url":"https:\/\/gay.blog.br\/es\/noticias-es\/fundador-de-parada-rj-dice-estar-perplejo-por-informacion-falsa-difundida-por-el-canal-poe-na-roda\/","og_site_name":"GAY BLOG BR @gayblogbr","article_publisher":"https:\/\/facebook.com\/gayblogbr","article_author":"https:\/\/facebook.com\/gayblogbr","article_published_time":"2020-07-11T03:07:50+00:00","article_modified_time":"2020-12-09T00:48:11+00:00","og_image":[{"url":"https:\/\/gay.blog.br\/wp-content\/uploads\/2020\/07\/claudio-nascimento-nota-rep%C3%BAdio-e1594612882364.jpg","type":"","width":"","height":""}],"author":"www.gay.blog.br","twitter_card":"summary_large_image","twitter_creator":"@https:\/\/bsky.app\/profile\/gayblogbr.bsky.social","twitter_site":"@gayblogbr","twitter_misc":{"Escrito por":"www.gay.blog.br","Tiempo de lectura":"6 minutos"},"schema":{"@context":"https:\/\/schema.org","@graph":[{"@type":"Article","@id":"https:\/\/gay.blog.br\/es\/noticias-es\/fundador-de-parada-rj-dice-estar-perplejo-por-informacion-falsa-difundida-por-el-canal-poe-na-roda\/#article","isPartOf":{"@id":"https:\/\/gay.blog.br\/es\/noticias-es\/fundador-de-parada-rj-dice-estar-perplejo-por-informacion-falsa-difundida-por-el-canal-poe-na-roda\/"},"author":{"name":"www.gay.blog.br","@id":"https:\/\/gay.blog.br\/es\/#\/schema\/person\/ab4bce68ee54b8f4af5c174efe7472e5"},"headline":"Fundador de Parada RJ dice estar perplejo por informaci\u00f3n falsa difundida por el canal P\u00f5e na Roda","datePublished":"2020-07-11T03:07:50+00:00","dateModified":"2020-12-09T00:48:11+00:00","mainEntityOfPage":{"@id":"https:\/\/gay.blog.br\/es\/noticias-es\/fundador-de-parada-rj-dice-estar-perplejo-por-informacion-falsa-difundida-por-el-canal-poe-na-roda\/"},"wordCount":1199,"commentCount":0,"publisher":{"@id":"https:\/\/gay.blog.br\/es\/#organization"},"image":{"@id":"https:\/\/gay.blog.br\/es\/noticias-es\/fundador-de-parada-rj-dice-estar-perplejo-por-informacion-falsa-difundida-por-el-canal-poe-na-roda\/#primaryimage"},"thumbnailUrl":"https:\/\/gay.blog.br\/wp-content\/uploads\/2020\/07\/claudio-nascimento-nota-rep%C3%BAdio-e1594612882364.jpg","keywords":["Cl\u00e1udio Nascimento","d\u00eda de estudio","depresi\u00f3n diva","fake news","informaci\u00f3n falsa","lgbt","parada sp","p\u00f5e na roda","primera parada","youtube","youtubers"],"articleSection":["NOT\u00cdCIAS","ORGULLO"],"inLanguage":"es","potentialAction":[{"@type":"CommentAction","name":"Comment","target":["https:\/\/gay.blog.br\/es\/noticias-es\/fundador-de-parada-rj-dice-estar-perplejo-por-informacion-falsa-difundida-por-el-canal-poe-na-roda\/#respond"]}]},{"@type":"WebPage","@id":"https:\/\/gay.blog.br\/es\/noticias-es\/fundador-de-parada-rj-dice-estar-perplejo-por-informacion-falsa-difundida-por-el-canal-poe-na-roda\/","url":"https:\/\/gay.blog.br\/es\/noticias-es\/fundador-de-parada-rj-dice-estar-perplejo-por-informacion-falsa-difundida-por-el-canal-poe-na-roda\/","name":"Fundador de Parada RJ dice estar perplejo por informaci\u00f3n falsa difundida por el canal P\u00f5e na Roda","isPartOf":{"@id":"https:\/\/gay.blog.br\/es\/#website"},"primaryImageOfPage":{"@id":"https:\/\/gay.blog.br\/es\/noticias-es\/fundador-de-parada-rj-dice-estar-perplejo-por-informacion-falsa-difundida-por-el-canal-poe-na-roda\/#primaryimage"},"image":{"@id":"https:\/\/gay.blog.br\/es\/noticias-es\/fundador-de-parada-rj-dice-estar-perplejo-por-informacion-falsa-difundida-por-el-canal-poe-na-roda\/#primaryimage"},"thumbnailUrl":"https:\/\/gay.blog.br\/wp-content\/uploads\/2020\/07\/claudio-nascimento-nota-rep%C3%BAdio-e1594612882364.jpg","datePublished":"2020-07-11T03:07:50+00:00","dateModified":"2020-12-09T00:48:11+00:00","description":"Cl\u00e1udio Nascimento refuta la informaci\u00f3n de que el primer Desfile en Brasil habr\u00eda sido en San Pablo y, seg\u00fan \u00e9l, el hecho podr\u00eda haberse encontrado incluso con poca investigaci\u00f3n period\u00edstica.","breadcrumb":{"@id":"https:\/\/gay.blog.br\/es\/noticias-es\/fundador-de-parada-rj-dice-estar-perplejo-por-informacion-falsa-difundida-por-el-canal-poe-na-roda\/#breadcrumb"},"inLanguage":"es","potentialAction":[{"@type":"ReadAction","target":["https:\/\/gay.blog.br\/es\/noticias-es\/fundador-de-parada-rj-dice-estar-perplejo-por-informacion-falsa-difundida-por-el-canal-poe-na-roda\/"]}]},{"@type":"ImageObject","inLanguage":"es","@id":"https:\/\/gay.blog.br\/es\/noticias-es\/fundador-de-parada-rj-dice-estar-perplejo-por-informacion-falsa-difundida-por-el-canal-poe-na-roda\/#primaryimage","url":"https:\/\/gay.blog.br\/wp-content\/uploads\/2020\/07\/claudio-nascimento-nota-rep%C3%BAdio-e1594612882364.jpg","contentUrl":"https:\/\/gay.blog.br\/wp-content\/uploads\/2020\/07\/claudio-nascimento-nota-rep%C3%BAdio-e1594612882364.jpg"},{"@type":"BreadcrumbList","@id":"https:\/\/gay.blog.br\/es\/noticias-es\/fundador-de-parada-rj-dice-estar-perplejo-por-informacion-falsa-difundida-por-el-canal-poe-na-roda\/#breadcrumb","itemListElement":[{"@type":"ListItem","position":1,"name":"In\u00edcio","item":"https:\/\/gay.blog.br\/es\/"},{"@type":"ListItem","position":2,"name":"Fundador de Parada RJ dice estar perplejo por informaci\u00f3n falsa difundida por el canal P\u00f5e na Roda"}]},{"@type":"WebSite","@id":"https:\/\/gay.blog.br\/es\/#website","url":"https:\/\/gay.blog.br\/es\/","name":"GAY BLOG BR @gayblogbr","description":"Not\u00edcias que empoderam e\/ou entret\u00eam s\u00e3o especialidades da casa","publisher":{"@id":"https:\/\/gay.blog.br\/es\/#organization"},"potentialAction":[{"@type":"SearchAction","target":{"@type":"EntryPoint","urlTemplate":"https:\/\/gay.blog.br\/es\/?s={search_term_string}"},"query-input":{"@type":"PropertyValueSpecification","valueRequired":true,"valueName":"search_term_string"}}],"inLanguage":"es"},{"@type":"Organization","@id":"https:\/\/gay.blog.br\/es\/#organization","name":"GAY BLOG BR","url":"https:\/\/gay.blog.br\/es\/","logo":{"@type":"ImageObject","inLanguage":"es","@id":"https:\/\/gay.blog.br\/es\/#\/schema\/logo\/image\/","url":"https:\/\/i0.wp.com\/gay.blog.br\/wp-content\/uploads\/2023\/08\/gay180px.png?fit=272%2C90&ssl=1","contentUrl":"https:\/\/i0.wp.com\/gay.blog.br\/wp-content\/uploads\/2023\/08\/gay180px.png?fit=272%2C90&ssl=1","width":272,"height":90,"caption":"GAY BLOG BR"},"image":{"@id":"https:\/\/gay.blog.br\/es\/#\/schema\/logo\/image\/"},"sameAs":["https:\/\/facebook.com\/gayblogbr","https:\/\/x.com\/gayblogbr","https:\/\/instagram.com\/gayblogbr","https:\/\/www.linkedin.com\/company\/gayblogbr\/","https:\/\/br.pinterest.com\/gayblogbr\/","https:\/\/www.youtube.com\/channel\/UCdEu3JXLOB-wvWAVUF4AIiA","https:\/\/pt.wikipedia.org\/wiki\/Gay_Blog_Br","https:\/\/www.threads.net\/@gayblogbr"]},{"@type":"Person","@id":"https:\/\/gay.blog.br\/es\/#\/schema\/person\/ab4bce68ee54b8f4af5c174efe7472e5","name":"www.gay.blog.br","image":{"@type":"ImageObject","inLanguage":"es","@id":"https:\/\/secure.gravatar.com\/avatar\/a6fb6bf5c84cdaa375389c43448e2bb88db4600d8fc5be6c42a410789075740f?s=96&d=mm&r=g","url":"https:\/\/secure.gravatar.com\/avatar\/a6fb6bf5c84cdaa375389c43448e2bb88db4600d8fc5be6c42a410789075740f?s=96&d=mm&r=g","contentUrl":"https:\/\/secure.gravatar.com\/avatar\/a6fb6bf5c84cdaa375389c43448e2bb88db4600d8fc5be6c42a410789075740f?s=96&d=mm&r=g","caption":"www.gay.blog.br"},"description":"Receba as not\u00edcias pelo Telegram!","sameAs":["https:\/\/facebook.com\/gayblogbr","https:\/\/instagram.com\/gayblogbr","https:\/\/www.linkedin.com\/company\/gayblogbr\/","https:\/\/pinterest.com\/gayblogbr\/","https:\/\/x.com\/https:\/\/bsky.app\/profile\/gayblogbr.bsky.social","https:\/\/www.youtube.com\/@GAYBLOGBR","https:\/\/pt.wikipedia.org\/wiki\/Gay_Blog_Br"],"url":"https:\/\/gay.blog.br\/es\/author\/oaudaznavegante\/"}]}},"jetpack_publicize_connections":[],"jetpack_featured_media_url":"","jetpack_sharing_enabled":true,"jetpack_shortlink":"https:\/\/wp.me\/p6klkK-qdK","jetpack_likes_enabled":false,"amp_enabled":true,"_links":{"self":[{"href":"https:\/\/gay.blog.br\/es\/wp-json\/wp\/v2\/posts\/100796","targetHints":{"allow":["GET"]}}],"collection":[{"href":"https:\/\/gay.blog.br\/es\/wp-json\/wp\/v2\/posts"}],"about":[{"href":"https:\/\/gay.blog.br\/es\/wp-json\/wp\/v2\/types\/post"}],"author":[{"embeddable":true,"href":"https:\/\/gay.blog.br\/es\/wp-json\/wp\/v2\/users\/2"}],"replies":[{"embeddable":true,"href":"https:\/\/gay.blog.br\/es\/wp-json\/wp\/v2\/comments?post=100796"}],"version-history":[{"count":0,"href":"https:\/\/gay.blog.br\/es\/wp-json\/wp\/v2\/posts\/100796\/revisions"}],"wp:attachment":[{"href":"https:\/\/gay.blog.br\/es\/wp-json\/wp\/v2\/media?parent=100796"}],"wp:term":[{"taxonomy":"category","embeddable":true,"href":"https:\/\/gay.blog.br\/es\/wp-json\/wp\/v2\/categories?post=100796"},{"taxonomy":"post_tag","embeddable":true,"href":"https:\/\/gay.blog.br\/es\/wp-json\/wp\/v2\/tags?post=100796"}],"curies":[{"name":"wp","href":"https:\/\/api.w.org\/{rel}","templated":true}]}}