{"id":100800,"date":"2020-12-07T17:33:13","date_gmt":"2020-12-07T20:33:13","guid":{"rendered":"https:\/\/gay.blog.br\/?p=100800"},"modified":"2020-12-08T21:47:36","modified_gmt":"2020-12-09T00:47:36","slug":"un-joven-acusa-al-sacerdote-de-san-pablo-de-promover-orgias-en-la-iglesia-y-lo-viola-dice-la-revista","status":"publish","type":"post","link":"https:\/\/gay.blog.br\/es\/noticias-es\/un-joven-acusa-al-sacerdote-de-san-pablo-de-promover-orgias-en-la-iglesia-y-lo-viola-dice-la-revista\/","title":{"rendered":"Un joven acusa al sacerdote de San Pablo de promover org\u00edas en la iglesia y lo viola, dice la revista"},"content":{"rendered":"<p style=\"text-align: justify;\">Informe exclusivo de la revista <a href=\"https:\/\/istoe.com.br\/as-orgias-do-padre-bartolomeu\/?fbclid=IwAR2o8zHm_QwWRM4AUrFPPrk5BryUxJQ2vXW8FvaRiLomw9WV_pHJ3qh1dao\">Isto\u00c9<\/a> revel\u00f3 que el espacio de la <strong>Parroquia Monte Serrat<\/strong>, en Largo da Batata, en el centro de San Pablo, fue utilizado para org\u00edas gay que tuvieron al padre <strong>Bartolomeu da Silva<\/strong> Paz como uno de los organizadores.<\/p>\n<p style=\"text-align: justify;\">Los detalles de las fiestas con sexo, m\u00fasica y bebidas alcoh\u00f3licas que invadieron la casa parroquial se recogen en el expediente de un proceso judicial que se adelanta desde mayo en el Juzgado de lo Civil del Estado de San Pablo, al que ten\u00eda acceso exclusivo Isto\u00c9.<\/p>\n<p style=\"text-align: justify;\">El autor, dice la revista, es <strong>Elissandro Dias Nazar\u00e9 de Siqueira<\/strong>, de 24 a\u00f1os, quien asegura haber sido violado por el cura en el local de la casa parroquial. Los abusos de los que el joven dice ser v\u00edctima, aun siendo menor de edad, tambi\u00e9n se habr\u00edan producido en la sede de la Asociaci\u00f3n Cultural y Ben\u00e9fica para el Bienestar de los Mayores, vinculada a la Parroquia de Monte Serrat y presidida por el p\u00e1rroco.<\/p>\n<figure id=\"attachment_100697\" aria-describedby=\"caption-attachment-100697\" style=\"width: 418px\" class=\"wp-caption alignnone\"><a href=\"http:\/\/www.instagram.com\/gayblogbr\"><img data-recalc-dims=\"1\" loading=\"lazy\" decoding=\"async\" class=\"size-full wp-image-100697\" src=\"https:\/\/i0.wp.com\/gay.blog.br\/wp-content\/uploads\/2020\/12\/bartolomeu.jpg?resize=418%2C235&#038;ssl=1\" alt=\"\" width=\"418\" height=\"235\" srcset=\"https:\/\/i0.wp.com\/gay.blog.br\/wp-content\/uploads\/2020\/12\/bartolomeu.jpg?w=418&amp;ssl=1 418w, https:\/\/i0.wp.com\/gay.blog.br\/wp-content\/uploads\/2020\/12\/bartolomeu.jpg?resize=300%2C169&amp;ssl=1 300w, https:\/\/i0.wp.com\/gay.blog.br\/wp-content\/uploads\/2020\/12\/bartolomeu.jpg?resize=150%2C84&amp;ssl=1 150w\" sizes=\"auto, (max-width: 418px) 100vw, 418px\" \/><\/a><figcaption id=\"caption-attachment-100697\" class=\"wp-caption-text\">Padre Bartolomeu\/ Reproducci\u00f3n<\/figcaption><\/figure>\n<p style=\"text-align: justify;\">All\u00ed, en el espacio que alberga a los ancianos, el cura tambi\u00e9n realizaba sus fiestas privadas. Los hombres que los religiosos invitaron a las fiestas, musculosos y muchos j\u00f3venes, incluso utilizaron la piscina local, como se muestra en las fotos adjuntas al expediente. Seg\u00fan el autor de la acci\u00f3n, fue en una de las salas de la Asociaci\u00f3n donde se despert\u00f3, una de las veces que dice que fue violado por el padre Bartolomeu, <em>\u201ccon dolor en la regi\u00f3n del ano y con ropa interior ensangrentada\u201d<\/em>. <strong>Isto\u00c9 busc\u00f3 a Bartolomeu, pero no respondi\u00f3 llamadas ni mensajes enviados.<\/strong><!--more--><\/p>\n<p style=\"text-align: justify;\">La demanda, seg\u00fan la revista, est\u00e1 firmada por los abogados <strong>Maristela Basso<\/strong> y <strong>Guilherme Dudus<\/strong>, y tiene m\u00e1s de 700 p\u00e1ginas. En \u00e9l, la v\u00edctima busca una indemnizaci\u00f3n de R$ 5 millones por el da\u00f1o moral que deber\u00e1 pagar el sacerdote y toda la c\u00fapula de la Iglesia Cat\u00f3lica en el Estado de San Pablo. Los imputados en la acci\u00f3n son, adem\u00e1s del Padre Bartolomeu, el Cardenal Dom <strong>Odilo Scherer<\/strong>, Arzobispo Metropolitano de San Pablo, Dom <strong>Eduardo Vieira dos Santos<\/strong>, Obispo Auxiliar de la Archidi\u00f3cesis de San Pablo, Dom <strong>Jos\u00e9 Roberto Fortes Palau<\/strong>, Obispo de Limeira y el Padre <strong>Adalton Pereira de Castro<\/strong>. Este \u00faltimo habr\u00eda intentado violar a Elissandro Siqueira, pero el acto no se complet\u00f3. El cardenal y los obispos, en cambio, supuestamente actuaron para proteger al padre Bartolomeu, seg\u00fan la v\u00edctima, quien los acusa de omisi\u00f3n. Dom Odilo niega todos los cargos en su nombre y en los representantes de la Arquidi\u00f3cesis.<\/p>\n<figure id=\"attachment_100700\" aria-describedby=\"caption-attachment-100700\" style=\"width: 1500px\" class=\"wp-caption alignnone\"><a href=\"http:\/\/www.instagram.com\/gayblogbr\"><img data-recalc-dims=\"1\" loading=\"lazy\" decoding=\"async\" class=\"wp-image-100700 size-full\" src=\"https:\/\/i0.wp.com\/gay.blog.br\/wp-content\/uploads\/2020\/12\/abuso-igreja.png?resize=696%2C464&#038;ssl=1\" alt=\"\" width=\"696\" height=\"464\" srcset=\"https:\/\/i0.wp.com\/gay.blog.br\/wp-content\/uploads\/2020\/12\/abuso-igreja.png?w=1500&amp;ssl=1 1500w, https:\/\/i0.wp.com\/gay.blog.br\/wp-content\/uploads\/2020\/12\/abuso-igreja.png?resize=300%2C200&amp;ssl=1 300w, https:\/\/i0.wp.com\/gay.blog.br\/wp-content\/uploads\/2020\/12\/abuso-igreja.png?resize=1024%2C683&amp;ssl=1 1024w, https:\/\/i0.wp.com\/gay.blog.br\/wp-content\/uploads\/2020\/12\/abuso-igreja.png?resize=150%2C100&amp;ssl=1 150w, https:\/\/i0.wp.com\/gay.blog.br\/wp-content\/uploads\/2020\/12\/abuso-igreja.png?resize=768%2C512&amp;ssl=1 768w, https:\/\/i0.wp.com\/gay.blog.br\/wp-content\/uploads\/2020\/12\/abuso-igreja.png?resize=696%2C464&amp;ssl=1 696w, https:\/\/i0.wp.com\/gay.blog.br\/wp-content\/uploads\/2020\/12\/abuso-igreja.png?resize=1392%2C928&amp;ssl=1 1392w, https:\/\/i0.wp.com\/gay.blog.br\/wp-content\/uploads\/2020\/12\/abuso-igreja.png?resize=1068%2C712&amp;ssl=1 1068w, https:\/\/i0.wp.com\/gay.blog.br\/wp-content\/uploads\/2020\/12\/abuso-igreja.png?resize=630%2C420&amp;ssl=1 630w, https:\/\/i0.wp.com\/gay.blog.br\/wp-content\/uploads\/2020\/12\/abuso-igreja.png?resize=1260%2C840&amp;ssl=1 1260w\" sizes=\"auto, (max-width: 696px) 100vw, 696px\" \/><\/a><figcaption id=\"caption-attachment-100700\" class=\"wp-caption-text\">Elissandro Siqueira\/ Reproducci\u00f3n<\/figcaption><\/figure>\n<p style=\"text-align: justify;\">Adem\u00e1s de amplios reportajes de c\u00f3mo ser\u00edan las org\u00edas en el recinto parroquial, la acci\u00f3n se compone de anexos con fotograf\u00edas del Padre Bartolomeu en las fiestas. Tambi\u00e9n se intercambian audios entre el sacerdote y la presunta v\u00edctima. En uno de los registros, del 25 de mayo a mayo de 2016, pocas horas despu\u00e9s de celebrar la \u00faltima misa del d\u00eda a los fieles en la parroquia de Monte Serrat, el padre Bartolomeu env\u00eda un mensaje al joven. Eran las 23:55 cuando el religioso le escribi\u00f3 a Siqueira: \u201cEstoy con el pene duro\u201d. Dos minutos despu\u00e9s, todav\u00eda sin respuesta, el cura agrega: \u201cLoco por comerte\u201d. A las 23:58, el p\u00e1rroco, todav\u00eda sin respuesta, vuelve a preguntar a Siqueira: \u201c\u00bfY est\u00e1s dispuesto a dar?\u201d. Un minuto despu\u00e9s el joven responde: \u00abNo\u00bb.<\/p>\n<p style=\"text-align: justify;\"><strong>El Vaticano sab\u00eda<\/strong><\/p>\n<p style=\"text-align: justify;\">A los ojos de la Iglesia cat\u00f3lica, el comportamiento homosexual \u00abcon esc\u00e1ndalo\u00bb no es \u00abcompatible con la dignidad del sacerdocio\u00bb y, por tanto, est\u00e1 sujeto a castigo. Desde el 2 de abril de 2018, el sacerdote tiene prohibido celebrar misas p\u00fablicas, pero puede actuar de manera reservada. Las denuncias sobre las org\u00edas y la violencia cometidas por el padre Bartolomeu son conocidas en el Vaticano desde 2019. En julio, el abogado de la v\u00edctima envi\u00f3 una carta al Papa Francisco, que no recibi\u00f3 respuesta. En la carta, adem\u00e1s de narrar el caso de Siqueira, Dudus narra un caso de violencia que \u00e9l mismo habr\u00eda sufrido en la misma parroquia de otro cura. El abogado, sin embargo, no present\u00f3 una demanda en su nombre contra la Iglesia. \u201cEste es un sistema muy injusto\u201d, justifica Dudus.<\/p>\n<p style=\"text-align: justify;\">Hace apenas unas semanas la defensa de Siqueira se enter\u00f3 de que la arquidi\u00f3cesis emiti\u00f3 un decreto en el que determinaba la suspensi\u00f3n del ministerio sacerdotal del padre Bartolomeu por un per\u00edodo de tres a\u00f1os. En la pr\u00e1ctica, no hay un nuevo castigo, ya que no ha celebrado misas desde que comenzaron los esc\u00e1ndalos sexuales. En el documento, firmado el 11 de marzo de 2020, Scherer afirma que no existieron \u201cdelitos de abuso sexual contra menores, ni delito cometido con amenazas o violencia\u201d cometidos por el sacerdote. \u201cHan sido probados [contra o padre] comportamientos y actos homosexuales e infidelidad a la promesa del celibato, con esc\u00e1ndalo, y no acorde con la dignidad del sacerdocio\u201d, dice el documento..<\/p>\n","protected":false},"excerpt":{"rendered":"<p>El padre Bartolomeu da Silva es acusado por Elissandro Siqueira, de 24 a\u00f1os, de violarlo cuando a\u00fan era un adolescente, en la casa parroquial, seg\u00fan Isto\u00c9<\/p>\n","protected":false},"author":3039,"featured_media":100705,"comment_status":"open","ping_status":"open","sticky":false,"template":"","format":"standard","meta":{"googlesitekit_rrm_CAoiEBg-BXrJeACjO8p49SE4kTY:productID":"","tdm_status":"","tdm_grid_status":"","_jetpack_newsletter_access":"","_jetpack_dont_email_post_to_subs":false,"_jetpack_newsletter_tier_id":0,"_jetpack_memberships_contains_paywalled_content":false,"_jetpack_memberships_contains_paid_content":false,"footnotes":"","jetpack_publicize_message":"Un joven acusa al sacerdote de San Pablo de promover org\u00edas en la iglesia y lo viola, dice la revista","jetpack_publicize_feature_enabled":true,"jetpack_social_post_already_shared":true,"jetpack_social_options":{"image_generator_settings":{"template":"highway","default_image_id":0,"font":"","enabled":false},"version":2},"_wpas_customize_per_network":false,"jetpack_post_was_ever_published":false},"categories":[589932231],"tags":[589934875,589934873,589934874],"class_list":{"0":"post-100800","1":"post","2":"type-post","3":"status-publish","4":"format-standard","5":"has-post-thumbnail","7":"category-noticias-es","8":"tag-iglesia-monte-serrat","9":"tag-padre-bartolomeu-da-silva-es","10":"tag-pedofilia-iglesia"},"yoast_head":"<!-- This site is optimized with the Yoast SEO plugin v27.5 - https:\/\/yoast.com\/product\/yoast-seo-wordpress\/ -->\n<title>Un joven acusa al sacerdote de San Pablo de promover org\u00edas en la iglesia y lo viola, dice la revista<\/title>\n<meta name=\"robots\" content=\"index, follow, max-snippet:-1, max-image-preview:large, max-video-preview:-1\" \/>\n<link rel=\"canonical\" href=\"https:\/\/gay.blog.br\/es\/noticias-es\/un-joven-acusa-al-sacerdote-de-san-pablo-de-promover-orgias-en-la-iglesia-y-lo-viola-dice-la-revista\/\" \/>\n<meta property=\"og:locale\" content=\"es_ES\" \/>\n<meta property=\"og:type\" content=\"article\" \/>\n<meta property=\"og:title\" content=\"Un joven acusa al sacerdote de San Pablo de promover org\u00edas en la iglesia y lo viola, dice la revista\" \/>\n<meta property=\"og:description\" content=\"El padre Bartolomeu da Silva es acusado por Elissandro Siqueira, de 24 a\u00f1os, de violarlo cuando a\u00fan era un adolescente, en la casa parroquial, seg\u00fan Isto\u00c9\" \/>\n<meta property=\"og:url\" content=\"https:\/\/gay.blog.br\/es\/noticias-es\/un-joven-acusa-al-sacerdote-de-san-pablo-de-promover-orgias-en-la-iglesia-y-lo-viola-dice-la-revista\/\" \/>\n<meta property=\"og:site_name\" content=\"GAY BLOG BR @gayblogbr\" \/>\n<meta property=\"article:publisher\" content=\"https:\/\/facebook.com\/gayblogbr\" \/>\n<meta property=\"article:published_time\" content=\"2020-12-07T20:33:13+00:00\" \/>\n<meta property=\"article:modified_time\" content=\"2020-12-09T00:47:36+00:00\" \/>\n<meta property=\"og:image\" content=\"https:\/\/i2.wp.com\/gay.blog.br\/wp-content\/uploads\/2020\/12\/igreja.jpg?fit=275%2C183&ssl=1\" \/>\n\t<meta property=\"og:image:width\" content=\"275\" \/>\n\t<meta property=\"og:image:height\" content=\"183\" \/>\n\t<meta property=\"og:image:type\" content=\"image\/jpeg\" \/>\n<meta name=\"author\" content=\"Carlos Henrique Braga\" \/>\n<meta name=\"twitter:card\" content=\"summary_large_image\" \/>\n<meta name=\"twitter:creator\" content=\"@cahebraga\" \/>\n<meta name=\"twitter:site\" content=\"@gayblogbr\" \/>\n<meta name=\"twitter:label1\" content=\"Escrito por\" \/>\n\t<meta name=\"twitter:data1\" content=\"Carlos Henrique Braga\" \/>\n\t<meta name=\"twitter:label2\" content=\"Tiempo de lectura\" \/>\n\t<meta name=\"twitter:data2\" content=\"4 minutos\" \/>\n<script type=\"application\/ld+json\" class=\"yoast-schema-graph\">{\"@context\":\"https:\\\/\\\/schema.org\",\"@graph\":[{\"@type\":\"Article\",\"@id\":\"https:\\\/\\\/gay.blog.br\\\/es\\\/noticias-es\\\/un-joven-acusa-al-sacerdote-de-san-pablo-de-promover-orgias-en-la-iglesia-y-lo-viola-dice-la-revista\\\/#article\",\"isPartOf\":{\"@id\":\"https:\\\/\\\/gay.blog.br\\\/es\\\/noticias-es\\\/un-joven-acusa-al-sacerdote-de-san-pablo-de-promover-orgias-en-la-iglesia-y-lo-viola-dice-la-revista\\\/\"},\"author\":{\"name\":\"Carlos Henrique Braga\",\"@id\":\"https:\\\/\\\/gay.blog.br\\\/es\\\/#\\\/schema\\\/person\\\/cd267ffff2d56e12768a81623718b979\"},\"headline\":\"Un joven acusa al sacerdote de San Pablo de promover org\u00edas en la iglesia y lo viola, dice la revista\",\"datePublished\":\"2020-12-07T20:33:13+00:00\",\"dateModified\":\"2020-12-09T00:47:36+00:00\",\"mainEntityOfPage\":{\"@id\":\"https:\\\/\\\/gay.blog.br\\\/es\\\/noticias-es\\\/un-joven-acusa-al-sacerdote-de-san-pablo-de-promover-orgias-en-la-iglesia-y-lo-viola-dice-la-revista\\\/\"},\"wordCount\":897,\"commentCount\":0,\"publisher\":{\"@id\":\"https:\\\/\\\/gay.blog.br\\\/es\\\/#organization\"},\"image\":{\"@id\":\"https:\\\/\\\/gay.blog.br\\\/es\\\/noticias-es\\\/un-joven-acusa-al-sacerdote-de-san-pablo-de-promover-orgias-en-la-iglesia-y-lo-viola-dice-la-revista\\\/#primaryimage\"},\"thumbnailUrl\":\"https:\\\/\\\/i0.wp.com\\\/gay.blog.br\\\/wp-content\\\/uploads\\\/2020\\\/12\\\/igreja.jpg?fit=275%2C183&ssl=1\",\"keywords\":[\"iglesia monte serrat\",\"padre bartolomeu da silva\",\"pedofilia iglesia\"],\"articleSection\":[\"NOT\u00cdCIAS\"],\"inLanguage\":\"es\",\"potentialAction\":[{\"@type\":\"CommentAction\",\"name\":\"Comment\",\"target\":[\"https:\\\/\\\/gay.blog.br\\\/es\\\/noticias-es\\\/un-joven-acusa-al-sacerdote-de-san-pablo-de-promover-orgias-en-la-iglesia-y-lo-viola-dice-la-revista\\\/#respond\"]}]},{\"@type\":\"WebPage\",\"@id\":\"https:\\\/\\\/gay.blog.br\\\/es\\\/noticias-es\\\/un-joven-acusa-al-sacerdote-de-san-pablo-de-promover-orgias-en-la-iglesia-y-lo-viola-dice-la-revista\\\/\",\"url\":\"https:\\\/\\\/gay.blog.br\\\/es\\\/noticias-es\\\/un-joven-acusa-al-sacerdote-de-san-pablo-de-promover-orgias-en-la-iglesia-y-lo-viola-dice-la-revista\\\/\",\"name\":\"Un joven acusa al sacerdote de San Pablo de promover org\u00edas en la iglesia y lo viola, dice la revista\",\"isPartOf\":{\"@id\":\"https:\\\/\\\/gay.blog.br\\\/es\\\/#website\"},\"primaryImageOfPage\":{\"@id\":\"https:\\\/\\\/gay.blog.br\\\/es\\\/noticias-es\\\/un-joven-acusa-al-sacerdote-de-san-pablo-de-promover-orgias-en-la-iglesia-y-lo-viola-dice-la-revista\\\/#primaryimage\"},\"image\":{\"@id\":\"https:\\\/\\\/gay.blog.br\\\/es\\\/noticias-es\\\/un-joven-acusa-al-sacerdote-de-san-pablo-de-promover-orgias-en-la-iglesia-y-lo-viola-dice-la-revista\\\/#primaryimage\"},\"thumbnailUrl\":\"https:\\\/\\\/i0.wp.com\\\/gay.blog.br\\\/wp-content\\\/uploads\\\/2020\\\/12\\\/igreja.jpg?fit=275%2C183&ssl=1\",\"datePublished\":\"2020-12-07T20:33:13+00:00\",\"dateModified\":\"2020-12-09T00:47:36+00:00\",\"breadcrumb\":{\"@id\":\"https:\\\/\\\/gay.blog.br\\\/es\\\/noticias-es\\\/un-joven-acusa-al-sacerdote-de-san-pablo-de-promover-orgias-en-la-iglesia-y-lo-viola-dice-la-revista\\\/#breadcrumb\"},\"inLanguage\":\"es\",\"potentialAction\":[{\"@type\":\"ReadAction\",\"target\":[\"https:\\\/\\\/gay.blog.br\\\/es\\\/noticias-es\\\/un-joven-acusa-al-sacerdote-de-san-pablo-de-promover-orgias-en-la-iglesia-y-lo-viola-dice-la-revista\\\/\"]}]},{\"@type\":\"ImageObject\",\"inLanguage\":\"es\",\"@id\":\"https:\\\/\\\/gay.blog.br\\\/es\\\/noticias-es\\\/un-joven-acusa-al-sacerdote-de-san-pablo-de-promover-orgias-en-la-iglesia-y-lo-viola-dice-la-revista\\\/#primaryimage\",\"url\":\"https:\\\/\\\/i0.wp.com\\\/gay.blog.br\\\/wp-content\\\/uploads\\\/2020\\\/12\\\/igreja.jpg?fit=275%2C183&ssl=1\",\"contentUrl\":\"https:\\\/\\\/i0.wp.com\\\/gay.blog.br\\\/wp-content\\\/uploads\\\/2020\\\/12\\\/igreja.jpg?fit=275%2C183&ssl=1\",\"width\":275,\"height\":183},{\"@type\":\"BreadcrumbList\",\"@id\":\"https:\\\/\\\/gay.blog.br\\\/es\\\/noticias-es\\\/un-joven-acusa-al-sacerdote-de-san-pablo-de-promover-orgias-en-la-iglesia-y-lo-viola-dice-la-revista\\\/#breadcrumb\",\"itemListElement\":[{\"@type\":\"ListItem\",\"position\":1,\"name\":\"In\u00edcio\",\"item\":\"https:\\\/\\\/gay.blog.br\\\/es\\\/\"},{\"@type\":\"ListItem\",\"position\":2,\"name\":\"Un joven acusa al sacerdote de San Pablo de promover org\u00edas en la iglesia y lo viola, dice la revista\"}]},{\"@type\":\"WebSite\",\"@id\":\"https:\\\/\\\/gay.blog.br\\\/es\\\/#website\",\"url\":\"https:\\\/\\\/gay.blog.br\\\/es\\\/\",\"name\":\"GAY BLOG BR @gayblogbr\",\"description\":\"Not\u00edcias que empoderam e\\\/ou entret\u00eam s\u00e3o especialidades da casa\",\"publisher\":{\"@id\":\"https:\\\/\\\/gay.blog.br\\\/es\\\/#organization\"},\"potentialAction\":[{\"@type\":\"SearchAction\",\"target\":{\"@type\":\"EntryPoint\",\"urlTemplate\":\"https:\\\/\\\/gay.blog.br\\\/es\\\/?s={search_term_string}\"},\"query-input\":{\"@type\":\"PropertyValueSpecification\",\"valueRequired\":true,\"valueName\":\"search_term_string\"}}],\"inLanguage\":\"es\"},{\"@type\":\"Organization\",\"@id\":\"https:\\\/\\\/gay.blog.br\\\/es\\\/#organization\",\"name\":\"GAY BLOG BR\",\"url\":\"https:\\\/\\\/gay.blog.br\\\/es\\\/\",\"logo\":{\"@type\":\"ImageObject\",\"inLanguage\":\"es\",\"@id\":\"https:\\\/\\\/gay.blog.br\\\/es\\\/#\\\/schema\\\/logo\\\/image\\\/\",\"url\":\"https:\\\/\\\/i0.wp.com\\\/gay.blog.br\\\/wp-content\\\/uploads\\\/2023\\\/08\\\/gay180px.png?fit=272%2C90&ssl=1\",\"contentUrl\":\"https:\\\/\\\/i0.wp.com\\\/gay.blog.br\\\/wp-content\\\/uploads\\\/2023\\\/08\\\/gay180px.png?fit=272%2C90&ssl=1\",\"width\":272,\"height\":90,\"caption\":\"GAY BLOG BR\"},\"image\":{\"@id\":\"https:\\\/\\\/gay.blog.br\\\/es\\\/#\\\/schema\\\/logo\\\/image\\\/\"},\"sameAs\":[\"https:\\\/\\\/facebook.com\\\/gayblogbr\",\"https:\\\/\\\/x.com\\\/gayblogbr\",\"https:\\\/\\\/instagram.com\\\/gayblogbr\",\"https:\\\/\\\/www.linkedin.com\\\/company\\\/gayblogbr\\\/\",\"https:\\\/\\\/br.pinterest.com\\\/gayblogbr\\\/\",\"https:\\\/\\\/www.youtube.com\\\/channel\\\/UCdEu3JXLOB-wvWAVUF4AIiA\",\"https:\\\/\\\/pt.wikipedia.org\\\/wiki\\\/Gay_Blog_Br\",\"https:\\\/\\\/www.threads.net\\\/@gayblogbr\"]},{\"@type\":\"Person\",\"@id\":\"https:\\\/\\\/gay.blog.br\\\/es\\\/#\\\/schema\\\/person\\\/cd267ffff2d56e12768a81623718b979\",\"name\":\"Carlos Henrique Braga\",\"image\":{\"@type\":\"ImageObject\",\"inLanguage\":\"es\",\"@id\":\"https:\\\/\\\/secure.gravatar.com\\\/avatar\\\/5b3e587a2c2062bba657f0e46352c11e0f9fd644f822214af015b5e192d0f016?s=96&d=mm&r=g\",\"url\":\"https:\\\/\\\/secure.gravatar.com\\\/avatar\\\/5b3e587a2c2062bba657f0e46352c11e0f9fd644f822214af015b5e192d0f016?s=96&d=mm&r=g\",\"contentUrl\":\"https:\\\/\\\/secure.gravatar.com\\\/avatar\\\/5b3e587a2c2062bba657f0e46352c11e0f9fd644f822214af015b5e192d0f016?s=96&d=mm&r=g\",\"caption\":\"Carlos Henrique Braga\"},\"description\":\"Jornalista pela Universidade Federal de MS, foi rep\u00f3rter de economia e hoje, al\u00e9m de colaborar para o Gay Blog Br, \u00e9 servidor p\u00fablico em Joinville (SC). Escreveu ''A Supremacia do Abandono'', livro dispon\u00edvel em amazon.com.br.\",\"sameAs\":[\"https:\\\/\\\/x.com\\\/@cahebraga\"],\"url\":\"https:\\\/\\\/gay.blog.br\\\/es\\\/author\\\/carloshenriquebraga\\\/\"}]}<\/script>\n<!-- \/ Yoast SEO plugin. -->","yoast_head_json":{"title":"Un joven acusa al sacerdote de San Pablo de promover org\u00edas en la iglesia y lo viola, dice la revista","robots":{"index":"index","follow":"follow","max-snippet":"max-snippet:-1","max-image-preview":"max-image-preview:large","max-video-preview":"max-video-preview:-1"},"canonical":"https:\/\/gay.blog.br\/es\/noticias-es\/un-joven-acusa-al-sacerdote-de-san-pablo-de-promover-orgias-en-la-iglesia-y-lo-viola-dice-la-revista\/","og_locale":"es_ES","og_type":"article","og_title":"Un joven acusa al sacerdote de San Pablo de promover org\u00edas en la iglesia y lo viola, dice la revista","og_description":"El padre Bartolomeu da Silva es acusado por Elissandro Siqueira, de 24 a\u00f1os, de violarlo cuando a\u00fan era un adolescente, en la casa parroquial, seg\u00fan Isto\u00c9","og_url":"https:\/\/gay.blog.br\/es\/noticias-es\/un-joven-acusa-al-sacerdote-de-san-pablo-de-promover-orgias-en-la-iglesia-y-lo-viola-dice-la-revista\/","og_site_name":"GAY BLOG BR @gayblogbr","article_publisher":"https:\/\/facebook.com\/gayblogbr","article_published_time":"2020-12-07T20:33:13+00:00","article_modified_time":"2020-12-09T00:47:36+00:00","og_image":[{"width":275,"height":183,"url":"https:\/\/i2.wp.com\/gay.blog.br\/wp-content\/uploads\/2020\/12\/igreja.jpg?fit=275%2C183&ssl=1","type":"image\/jpeg"}],"author":"Carlos Henrique Braga","twitter_card":"summary_large_image","twitter_creator":"@cahebraga","twitter_site":"@gayblogbr","twitter_misc":{"Escrito por":"Carlos Henrique Braga","Tiempo de lectura":"4 minutos"},"schema":{"@context":"https:\/\/schema.org","@graph":[{"@type":"Article","@id":"https:\/\/gay.blog.br\/es\/noticias-es\/un-joven-acusa-al-sacerdote-de-san-pablo-de-promover-orgias-en-la-iglesia-y-lo-viola-dice-la-revista\/#article","isPartOf":{"@id":"https:\/\/gay.blog.br\/es\/noticias-es\/un-joven-acusa-al-sacerdote-de-san-pablo-de-promover-orgias-en-la-iglesia-y-lo-viola-dice-la-revista\/"},"author":{"name":"Carlos Henrique Braga","@id":"https:\/\/gay.blog.br\/es\/#\/schema\/person\/cd267ffff2d56e12768a81623718b979"},"headline":"Un joven acusa al sacerdote de San Pablo de promover org\u00edas en la iglesia y lo viola, dice la revista","datePublished":"2020-12-07T20:33:13+00:00","dateModified":"2020-12-09T00:47:36+00:00","mainEntityOfPage":{"@id":"https:\/\/gay.blog.br\/es\/noticias-es\/un-joven-acusa-al-sacerdote-de-san-pablo-de-promover-orgias-en-la-iglesia-y-lo-viola-dice-la-revista\/"},"wordCount":897,"commentCount":0,"publisher":{"@id":"https:\/\/gay.blog.br\/es\/#organization"},"image":{"@id":"https:\/\/gay.blog.br\/es\/noticias-es\/un-joven-acusa-al-sacerdote-de-san-pablo-de-promover-orgias-en-la-iglesia-y-lo-viola-dice-la-revista\/#primaryimage"},"thumbnailUrl":"https:\/\/i0.wp.com\/gay.blog.br\/wp-content\/uploads\/2020\/12\/igreja.jpg?fit=275%2C183&ssl=1","keywords":["iglesia monte serrat","padre bartolomeu da silva","pedofilia iglesia"],"articleSection":["NOT\u00cdCIAS"],"inLanguage":"es","potentialAction":[{"@type":"CommentAction","name":"Comment","target":["https:\/\/gay.blog.br\/es\/noticias-es\/un-joven-acusa-al-sacerdote-de-san-pablo-de-promover-orgias-en-la-iglesia-y-lo-viola-dice-la-revista\/#respond"]}]},{"@type":"WebPage","@id":"https:\/\/gay.blog.br\/es\/noticias-es\/un-joven-acusa-al-sacerdote-de-san-pablo-de-promover-orgias-en-la-iglesia-y-lo-viola-dice-la-revista\/","url":"https:\/\/gay.blog.br\/es\/noticias-es\/un-joven-acusa-al-sacerdote-de-san-pablo-de-promover-orgias-en-la-iglesia-y-lo-viola-dice-la-revista\/","name":"Un joven acusa al sacerdote de San Pablo de promover org\u00edas en la iglesia y lo viola, dice la revista","isPartOf":{"@id":"https:\/\/gay.blog.br\/es\/#website"},"primaryImageOfPage":{"@id":"https:\/\/gay.blog.br\/es\/noticias-es\/un-joven-acusa-al-sacerdote-de-san-pablo-de-promover-orgias-en-la-iglesia-y-lo-viola-dice-la-revista\/#primaryimage"},"image":{"@id":"https:\/\/gay.blog.br\/es\/noticias-es\/un-joven-acusa-al-sacerdote-de-san-pablo-de-promover-orgias-en-la-iglesia-y-lo-viola-dice-la-revista\/#primaryimage"},"thumbnailUrl":"https:\/\/i0.wp.com\/gay.blog.br\/wp-content\/uploads\/2020\/12\/igreja.jpg?fit=275%2C183&ssl=1","datePublished":"2020-12-07T20:33:13+00:00","dateModified":"2020-12-09T00:47:36+00:00","breadcrumb":{"@id":"https:\/\/gay.blog.br\/es\/noticias-es\/un-joven-acusa-al-sacerdote-de-san-pablo-de-promover-orgias-en-la-iglesia-y-lo-viola-dice-la-revista\/#breadcrumb"},"inLanguage":"es","potentialAction":[{"@type":"ReadAction","target":["https:\/\/gay.blog.br\/es\/noticias-es\/un-joven-acusa-al-sacerdote-de-san-pablo-de-promover-orgias-en-la-iglesia-y-lo-viola-dice-la-revista\/"]}]},{"@type":"ImageObject","inLanguage":"es","@id":"https:\/\/gay.blog.br\/es\/noticias-es\/un-joven-acusa-al-sacerdote-de-san-pablo-de-promover-orgias-en-la-iglesia-y-lo-viola-dice-la-revista\/#primaryimage","url":"https:\/\/i0.wp.com\/gay.blog.br\/wp-content\/uploads\/2020\/12\/igreja.jpg?fit=275%2C183&ssl=1","contentUrl":"https:\/\/i0.wp.com\/gay.blog.br\/wp-content\/uploads\/2020\/12\/igreja.jpg?fit=275%2C183&ssl=1","width":275,"height":183},{"@type":"BreadcrumbList","@id":"https:\/\/gay.blog.br\/es\/noticias-es\/un-joven-acusa-al-sacerdote-de-san-pablo-de-promover-orgias-en-la-iglesia-y-lo-viola-dice-la-revista\/#breadcrumb","itemListElement":[{"@type":"ListItem","position":1,"name":"In\u00edcio","item":"https:\/\/gay.blog.br\/es\/"},{"@type":"ListItem","position":2,"name":"Un joven acusa al sacerdote de San Pablo de promover org\u00edas en la iglesia y lo viola, dice la revista"}]},{"@type":"WebSite","@id":"https:\/\/gay.blog.br\/es\/#website","url":"https:\/\/gay.blog.br\/es\/","name":"GAY BLOG BR @gayblogbr","description":"Not\u00edcias que empoderam e\/ou entret\u00eam s\u00e3o especialidades da casa","publisher":{"@id":"https:\/\/gay.blog.br\/es\/#organization"},"potentialAction":[{"@type":"SearchAction","target":{"@type":"EntryPoint","urlTemplate":"https:\/\/gay.blog.br\/es\/?s={search_term_string}"},"query-input":{"@type":"PropertyValueSpecification","valueRequired":true,"valueName":"search_term_string"}}],"inLanguage":"es"},{"@type":"Organization","@id":"https:\/\/gay.blog.br\/es\/#organization","name":"GAY BLOG BR","url":"https:\/\/gay.blog.br\/es\/","logo":{"@type":"ImageObject","inLanguage":"es","@id":"https:\/\/gay.blog.br\/es\/#\/schema\/logo\/image\/","url":"https:\/\/i0.wp.com\/gay.blog.br\/wp-content\/uploads\/2023\/08\/gay180px.png?fit=272%2C90&ssl=1","contentUrl":"https:\/\/i0.wp.com\/gay.blog.br\/wp-content\/uploads\/2023\/08\/gay180px.png?fit=272%2C90&ssl=1","width":272,"height":90,"caption":"GAY BLOG BR"},"image":{"@id":"https:\/\/gay.blog.br\/es\/#\/schema\/logo\/image\/"},"sameAs":["https:\/\/facebook.com\/gayblogbr","https:\/\/x.com\/gayblogbr","https:\/\/instagram.com\/gayblogbr","https:\/\/www.linkedin.com\/company\/gayblogbr\/","https:\/\/br.pinterest.com\/gayblogbr\/","https:\/\/www.youtube.com\/channel\/UCdEu3JXLOB-wvWAVUF4AIiA","https:\/\/pt.wikipedia.org\/wiki\/Gay_Blog_Br","https:\/\/www.threads.net\/@gayblogbr"]},{"@type":"Person","@id":"https:\/\/gay.blog.br\/es\/#\/schema\/person\/cd267ffff2d56e12768a81623718b979","name":"Carlos Henrique Braga","image":{"@type":"ImageObject","inLanguage":"es","@id":"https:\/\/secure.gravatar.com\/avatar\/5b3e587a2c2062bba657f0e46352c11e0f9fd644f822214af015b5e192d0f016?s=96&d=mm&r=g","url":"https:\/\/secure.gravatar.com\/avatar\/5b3e587a2c2062bba657f0e46352c11e0f9fd644f822214af015b5e192d0f016?s=96&d=mm&r=g","contentUrl":"https:\/\/secure.gravatar.com\/avatar\/5b3e587a2c2062bba657f0e46352c11e0f9fd644f822214af015b5e192d0f016?s=96&d=mm&r=g","caption":"Carlos Henrique Braga"},"description":"Jornalista pela Universidade Federal de MS, foi rep\u00f3rter de economia e hoje, al\u00e9m de colaborar para o Gay Blog Br, \u00e9 servidor p\u00fablico em Joinville (SC). Escreveu ''A Supremacia do Abandono'', livro dispon\u00edvel em amazon.com.br.","sameAs":["https:\/\/x.com\/@cahebraga"],"url":"https:\/\/gay.blog.br\/es\/author\/carloshenriquebraga\/"}]}},"jetpack_publicize_connections":[],"jetpack_featured_media_url":"https:\/\/i0.wp.com\/gay.blog.br\/wp-content\/uploads\/2020\/12\/igreja.jpg?fit=275%2C183&ssl=1","jetpack_sharing_enabled":true,"jetpack_shortlink":"https:\/\/wp.me\/p6klkK-qdO","jetpack_likes_enabled":false,"amp_enabled":true,"_links":{"self":[{"href":"https:\/\/gay.blog.br\/es\/wp-json\/wp\/v2\/posts\/100800","targetHints":{"allow":["GET"]}}],"collection":[{"href":"https:\/\/gay.blog.br\/es\/wp-json\/wp\/v2\/posts"}],"about":[{"href":"https:\/\/gay.blog.br\/es\/wp-json\/wp\/v2\/types\/post"}],"author":[{"embeddable":true,"href":"https:\/\/gay.blog.br\/es\/wp-json\/wp\/v2\/users\/3039"}],"replies":[{"embeddable":true,"href":"https:\/\/gay.blog.br\/es\/wp-json\/wp\/v2\/comments?post=100800"}],"version-history":[{"count":0,"href":"https:\/\/gay.blog.br\/es\/wp-json\/wp\/v2\/posts\/100800\/revisions"}],"wp:featuredmedia":[{"embeddable":true,"href":"https:\/\/gay.blog.br\/es\/wp-json\/wp\/v2\/media\/100705"}],"wp:attachment":[{"href":"https:\/\/gay.blog.br\/es\/wp-json\/wp\/v2\/media?parent=100800"}],"wp:term":[{"taxonomy":"category","embeddable":true,"href":"https:\/\/gay.blog.br\/es\/wp-json\/wp\/v2\/categories?post=100800"},{"taxonomy":"post_tag","embeddable":true,"href":"https:\/\/gay.blog.br\/es\/wp-json\/wp\/v2\/tags?post=100800"}],"curies":[{"name":"wp","href":"https:\/\/api.w.org\/{rel}","templated":true}]}}