{"id":101066,"date":"2020-07-10T16:31:06","date_gmt":"2020-07-10T19:31:06","guid":{"rendered":"https:\/\/gay.blog.br\/?p=101066"},"modified":"2020-12-10T23:54:05","modified_gmt":"2020-12-11T02:54:05","slug":"cnn-brasil-despide-al-comentarista-leandro-narloch-tras-discurso-homofobico","status":"publish","type":"post","link":"https:\/\/gay.blog.br\/es\/gay-es\/cnn-brasil-despide-al-comentarista-leandro-narloch-tras-discurso-homofobico\/","title":{"rendered":"CNN Brasil despide al comentarista Leandro Narloch tras discurso homof\u00f3bico"},"content":{"rendered":"<p style=\"text-align: justify;\">Seg\u00fan Fefito en su columna en <a href=\"https:\/\/tvefamosos.uol.com.br\/colunas\/fefito\/2020\/07\/10\/apos-comentarios-homofobicos-cnn-demite-leandro-narloch.htm\">TV y Famous<\/a> en UOL, el comentarista <strong>Leandro Narloch<\/strong> fue despedido de CNN Brasil en la tarde del viernes 10 de julio. El contrato se rescindi\u00f3 unilateralmente.<\/p>\n<p style=\"text-align: justify;\">Los comentarios de Narloch generaron grandes <a href=\"https:\/\/gay.blog.br\/gay\/jornalista-da-cnn-associa-homens-gays-a-promiscuidade-e-diz-que-tem-mais-chance-de-terem-aids\/\">repercusiones negativas<\/a> el \u00faltimo d\u00eda del 8 de julio al decir que los hombres gay <em>\u00abTienen muchas m\u00e1s posibilidades de tener sida\u00bb<\/em>, contrariamente a los datos del Ministerio de Salud, que se\u00f1alan que el 57,74% de los brasile\u00f1os que contraen el VIH a trav\u00e9s del sexo son heterosexuales. Adem\u00e1s, su discurso tambi\u00e9n gener\u00f3 pol\u00e9mica al decir <strong>\u00abopci\u00f3n sexual\u00bb<\/strong>, nomenclatura considerada incorrecta, ya que el derecho es <strong>\u00aborientaci\u00f3n sexual\u00bb<\/strong>.<\/p>\n<figure id=\"attachment_48443\" aria-describedby=\"caption-attachment-48443\" style=\"width: 1572px\" class=\"wp-caption aligncenter\"><a href=\"http:\/\/instagram.com\/gayblogbr\"><img data-recalc-dims=\"1\" loading=\"lazy\" decoding=\"async\" class=\"size-full wp-image-48443\" src=\"https:\/\/i0.wp.com\/gay.blog.br\/wp-content\/uploads\/2020\/07\/LN_demitido.jpg?resize=696%2C301&#038;ssl=1\" alt=\"\" width=\"696\" height=\"301\" srcset=\"https:\/\/i0.wp.com\/gay.blog.br\/wp-content\/uploads\/2020\/07\/LN_demitido.jpg?w=1572&amp;ssl=1 1572w, https:\/\/i0.wp.com\/gay.blog.br\/wp-content\/uploads\/2020\/07\/LN_demitido.jpg?resize=300%2C130&amp;ssl=1 300w, https:\/\/i0.wp.com\/gay.blog.br\/wp-content\/uploads\/2020\/07\/LN_demitido.jpg?resize=1024%2C442&amp;ssl=1 1024w, https:\/\/i0.wp.com\/gay.blog.br\/wp-content\/uploads\/2020\/07\/LN_demitido.jpg?resize=150%2C65&amp;ssl=1 150w, https:\/\/i0.wp.com\/gay.blog.br\/wp-content\/uploads\/2020\/07\/LN_demitido.jpg?resize=768%2C332&amp;ssl=1 768w, https:\/\/i0.wp.com\/gay.blog.br\/wp-content\/uploads\/2020\/07\/LN_demitido.jpg?resize=1536%2C663&amp;ssl=1 1536w, https:\/\/i0.wp.com\/gay.blog.br\/wp-content\/uploads\/2020\/07\/LN_demitido.jpg?resize=696%2C301&amp;ssl=1 696w, https:\/\/i0.wp.com\/gay.blog.br\/wp-content\/uploads\/2020\/07\/LN_demitido.jpg?resize=1392%2C601&amp;ssl=1 1392w, https:\/\/i0.wp.com\/gay.blog.br\/wp-content\/uploads\/2020\/07\/LN_demitido.jpg?resize=1068%2C461&amp;ssl=1 1068w, https:\/\/i0.wp.com\/gay.blog.br\/wp-content\/uploads\/2020\/07\/LN_demitido.jpg?resize=972%2C420&amp;ssl=1 972w\" sizes=\"auto, (max-width: 696px) 100vw, 696px\" \/><\/a><figcaption id=\"caption-attachment-48443\" class=\"wp-caption-text\">Reproducci\u00f3n<\/figcaption><\/figure>\n<p style=\"text-align: justify;\"><em>\u201cEl cambio es en realidad peque\u00f1o, restringir\u00e1 m\u00e1s la conducta y no el tipo de persona, la opci\u00f3n sexual (sic) del individuo. Toda esta pol\u00e9mica empez\u00f3 porque, no hay duda al respecto, los gays, los hombres gays, tienen muchas m\u00e1s posibilidades de tener sida, \u00bfverdad? En 2018, una encuesta mostr\u00f3 que el 25% de los hombres homosexuales en San Pablo ten\u00edan VIH. Incluso si este n\u00famero es exagerado, y de hecho parece exagerado, el hecho es que la probabilidad de [do homossexual ter VIH] es diez veces mayor que la de la poblaci\u00f3n general. La pregunta es que otros criterios de exclusi\u00f3n ya restringen a los homosexuales que tienen un comportamiento promiscuo, \u00bfverdad? \u201d<\/em><\/p>\n<p style=\"text-align: justify;\"><a href=\"https:\/\/gay.blog.br\/noticias\/jornalista-da-cnn-tenta-justificar-fala-homofobica-e-e-alvo-de-mais-criticas\/\">Esta ma\u00f1ana<\/a>, <strong>Narloch<\/strong> intent\u00f3 explicarse en Twitter, pero termin\u00f3 resultando a\u00fan m\u00e1s pol\u00e9mico, respaldando el discurso de que la prevalencia del VIH es mayor entre los gays y tambi\u00e9n diciendo que cree que hay personas que eligen ser gay o lesbiana. .<\/p>\n<p style=\"text-align: justify;\"><em>\u201cAlgunos se quejaron del t\u00e9rmino &#8216;opci\u00f3n&#8217; y no de &#8216;orientaci\u00f3n sexual&#8217;. Entonces no estoy de acuerdo. Creo que hay ambos: gays y lesbianas que son de orientaci\u00f3n y otros que han elegido. Pero no estoy seguro de eso, es una buena discusi\u00f3n para el futuro \u201d.<\/em><\/p>\n","protected":false},"excerpt":{"rendered":"<p>El contrato se rescindi\u00f3 unilateralmente. <\/p>\n","protected":false},"author":3515,"featured_media":82976,"comment_status":"open","ping_status":"open","sticky":false,"template":"","format":"standard","meta":{"googlesitekit_rrm_CAoiEBg-BXrJeACjO8p49SE4kTY:productID":"","tdm_status":"","tdm_grid_status":"","_jetpack_newsletter_access":"","_jetpack_dont_email_post_to_subs":false,"_jetpack_newsletter_tier_id":0,"_jetpack_memberships_contains_paywalled_content":false,"_jetpack_memberships_contains_paid_content":false,"footnotes":"","jetpack_publicize_message":"CNN Brasil despide al comentarista Leandro Narloch tras discurso homof\u00f3bico","jetpack_publicize_feature_enabled":true,"jetpack_social_post_already_shared":true,"jetpack_social_options":{"image_generator_settings":{"template":"highway","default_image_id":0,"font":"","enabled":false},"version":2},"_wpas_customize_per_network":false,"jetpack_post_was_ever_published":false},"categories":[589932144,589932231],"tags":[589934925,589934924,589934923],"class_list":{"0":"post-101066","1":"post","2":"type-post","3":"status-publish","4":"format-standard","5":"has-post-thumbnail","7":"category-gay-es","8":"category-noticias-es","9":"tag-cnn-brasil-es","10":"tag-leandro-narloch-es","11":"tag-resignacion"},"yoast_head":"<!-- This site is optimized with the Yoast SEO plugin v27.5 - https:\/\/yoast.com\/product\/yoast-seo-wordpress\/ -->\n<title>CNN Brasil despide al comentarista Leandro Narloch tras discurso homof\u00f3bico<\/title>\n<meta name=\"description\" content=\"El comentarista Leandro Narloch fue despedido de CNN Brasil en la tarde del viernes 10 de julio. El contrato se rescindi\u00f3 unilateralmente.\" \/>\n<meta name=\"robots\" content=\"index, follow, max-snippet:-1, max-image-preview:large, max-video-preview:-1\" \/>\n<link rel=\"canonical\" href=\"https:\/\/gay.blog.br\/es\/gay-es\/cnn-brasil-despide-al-comentarista-leandro-narloch-tras-discurso-homofobico\/\" \/>\n<meta property=\"og:locale\" content=\"es_ES\" \/>\n<meta property=\"og:type\" content=\"article\" \/>\n<meta property=\"og:title\" content=\"CNN Brasil despide al comentarista Leandro Narloch tras discurso homof\u00f3bico\" \/>\n<meta property=\"og:description\" content=\"El comentarista Leandro Narloch fue despedido de CNN Brasil en la tarde del viernes 10 de julio. El contrato se rescindi\u00f3 unilateralmente.\" \/>\n<meta property=\"og:url\" content=\"https:\/\/gay.blog.br\/es\/gay-es\/cnn-brasil-despide-al-comentarista-leandro-narloch-tras-discurso-homofobico\/\" \/>\n<meta property=\"og:site_name\" content=\"GAY BLOG BR @gayblogbr\" \/>\n<meta property=\"article:publisher\" content=\"https:\/\/facebook.com\/gayblogbr\" \/>\n<meta property=\"article:author\" content=\"https:\/\/www.facebook.com\/victormillerreal\" \/>\n<meta property=\"article:published_time\" content=\"2020-07-10T19:31:06+00:00\" \/>\n<meta property=\"article:modified_time\" content=\"2020-12-11T02:54:05+00:00\" \/>\n<meta property=\"og:image\" content=\"https:\/\/i2.wp.com\/gay.blog.br\/wp-content\/uploads\/2020\/07\/leandro_narloch-18128157.jpg?fit=1920%2C1280&ssl=1\" \/>\n\t<meta property=\"og:image:width\" content=\"1920\" \/>\n\t<meta property=\"og:image:height\" content=\"1280\" \/>\n\t<meta property=\"og:image:type\" content=\"image\/jpeg\" \/>\n<meta name=\"author\" content=\"Victor Miller\" \/>\n<meta name=\"twitter:card\" content=\"summary_large_image\" \/>\n<meta name=\"twitter:creator\" content=\"@https:\/\/twitter.com\/victor_miller\" \/>\n<meta name=\"twitter:site\" content=\"@gayblogbr\" \/>\n<meta name=\"twitter:label1\" content=\"Escrito por\" \/>\n\t<meta name=\"twitter:data1\" content=\"Victor Miller\" \/>\n\t<meta name=\"twitter:label2\" content=\"Tiempo de lectura\" \/>\n\t<meta name=\"twitter:data2\" content=\"2 minutos\" \/>\n<script type=\"application\/ld+json\" class=\"yoast-schema-graph\">{\"@context\":\"https:\\\/\\\/schema.org\",\"@graph\":[{\"@type\":\"Article\",\"@id\":\"https:\\\/\\\/gay.blog.br\\\/es\\\/gay-es\\\/cnn-brasil-despide-al-comentarista-leandro-narloch-tras-discurso-homofobico\\\/#article\",\"isPartOf\":{\"@id\":\"https:\\\/\\\/gay.blog.br\\\/es\\\/gay-es\\\/cnn-brasil-despide-al-comentarista-leandro-narloch-tras-discurso-homofobico\\\/\"},\"author\":{\"name\":\"Victor Miller\",\"@id\":\"https:\\\/\\\/gay.blog.br\\\/es\\\/#\\\/schema\\\/person\\\/5e0cf06e5d5e166b6afeaefc7fc56d9d\"},\"headline\":\"CNN Brasil despide al comentarista Leandro Narloch tras discurso homof\u00f3bico\",\"datePublished\":\"2020-07-10T19:31:06+00:00\",\"dateModified\":\"2020-12-11T02:54:05+00:00\",\"mainEntityOfPage\":{\"@id\":\"https:\\\/\\\/gay.blog.br\\\/es\\\/gay-es\\\/cnn-brasil-despide-al-comentarista-leandro-narloch-tras-discurso-homofobico\\\/\"},\"wordCount\":351,\"commentCount\":0,\"publisher\":{\"@id\":\"https:\\\/\\\/gay.blog.br\\\/es\\\/#organization\"},\"image\":{\"@id\":\"https:\\\/\\\/gay.blog.br\\\/es\\\/gay-es\\\/cnn-brasil-despide-al-comentarista-leandro-narloch-tras-discurso-homofobico\\\/#primaryimage\"},\"thumbnailUrl\":\"https:\\\/\\\/i0.wp.com\\\/gay.blog.br\\\/wp-content\\\/uploads\\\/2020\\\/07\\\/leandro_narloch-18128157.jpg?fit=1920%2C1280&ssl=1\",\"keywords\":[\"CNN Brasil\",\"Leandro Narloch\",\"resignaci\u00f3n\"],\"articleSection\":[\"GAY\",\"NOT\u00cdCIAS\"],\"inLanguage\":\"es\",\"potentialAction\":[{\"@type\":\"CommentAction\",\"name\":\"Comment\",\"target\":[\"https:\\\/\\\/gay.blog.br\\\/es\\\/gay-es\\\/cnn-brasil-despide-al-comentarista-leandro-narloch-tras-discurso-homofobico\\\/#respond\"]}]},{\"@type\":\"WebPage\",\"@id\":\"https:\\\/\\\/gay.blog.br\\\/es\\\/gay-es\\\/cnn-brasil-despide-al-comentarista-leandro-narloch-tras-discurso-homofobico\\\/\",\"url\":\"https:\\\/\\\/gay.blog.br\\\/es\\\/gay-es\\\/cnn-brasil-despide-al-comentarista-leandro-narloch-tras-discurso-homofobico\\\/\",\"name\":\"CNN Brasil despide al comentarista Leandro Narloch tras discurso homof\u00f3bico\",\"isPartOf\":{\"@id\":\"https:\\\/\\\/gay.blog.br\\\/es\\\/#website\"},\"primaryImageOfPage\":{\"@id\":\"https:\\\/\\\/gay.blog.br\\\/es\\\/gay-es\\\/cnn-brasil-despide-al-comentarista-leandro-narloch-tras-discurso-homofobico\\\/#primaryimage\"},\"image\":{\"@id\":\"https:\\\/\\\/gay.blog.br\\\/es\\\/gay-es\\\/cnn-brasil-despide-al-comentarista-leandro-narloch-tras-discurso-homofobico\\\/#primaryimage\"},\"thumbnailUrl\":\"https:\\\/\\\/i0.wp.com\\\/gay.blog.br\\\/wp-content\\\/uploads\\\/2020\\\/07\\\/leandro_narloch-18128157.jpg?fit=1920%2C1280&ssl=1\",\"datePublished\":\"2020-07-10T19:31:06+00:00\",\"dateModified\":\"2020-12-11T02:54:05+00:00\",\"description\":\"El comentarista Leandro Narloch fue despedido de CNN Brasil en la tarde del viernes 10 de julio. El contrato se rescindi\u00f3 unilateralmente.\",\"breadcrumb\":{\"@id\":\"https:\\\/\\\/gay.blog.br\\\/es\\\/gay-es\\\/cnn-brasil-despide-al-comentarista-leandro-narloch-tras-discurso-homofobico\\\/#breadcrumb\"},\"inLanguage\":\"es\",\"potentialAction\":[{\"@type\":\"ReadAction\",\"target\":[\"https:\\\/\\\/gay.blog.br\\\/es\\\/gay-es\\\/cnn-brasil-despide-al-comentarista-leandro-narloch-tras-discurso-homofobico\\\/\"]}]},{\"@type\":\"ImageObject\",\"inLanguage\":\"es\",\"@id\":\"https:\\\/\\\/gay.blog.br\\\/es\\\/gay-es\\\/cnn-brasil-despide-al-comentarista-leandro-narloch-tras-discurso-homofobico\\\/#primaryimage\",\"url\":\"https:\\\/\\\/i0.wp.com\\\/gay.blog.br\\\/wp-content\\\/uploads\\\/2020\\\/07\\\/leandro_narloch-18128157.jpg?fit=1920%2C1280&ssl=1\",\"contentUrl\":\"https:\\\/\\\/i0.wp.com\\\/gay.blog.br\\\/wp-content\\\/uploads\\\/2020\\\/07\\\/leandro_narloch-18128157.jpg?fit=1920%2C1280&ssl=1\",\"width\":1920,\"height\":1280,\"caption\":\"O comentarista Leandro Narloch foi demitido da CNN Brasil na tarde desta sexta-feira, dia 10 de julho. O contrato foi rescindido unilateralmente.\u00a0\"},{\"@type\":\"BreadcrumbList\",\"@id\":\"https:\\\/\\\/gay.blog.br\\\/es\\\/gay-es\\\/cnn-brasil-despide-al-comentarista-leandro-narloch-tras-discurso-homofobico\\\/#breadcrumb\",\"itemListElement\":[{\"@type\":\"ListItem\",\"position\":1,\"name\":\"In\u00edcio\",\"item\":\"https:\\\/\\\/gay.blog.br\\\/es\\\/\"},{\"@type\":\"ListItem\",\"position\":2,\"name\":\"CNN Brasil despide al comentarista Leandro Narloch tras discurso homof\u00f3bico\"}]},{\"@type\":\"WebSite\",\"@id\":\"https:\\\/\\\/gay.blog.br\\\/es\\\/#website\",\"url\":\"https:\\\/\\\/gay.blog.br\\\/es\\\/\",\"name\":\"GAY BLOG BR @gayblogbr\",\"description\":\"Not\u00edcias que empoderam e\\\/ou entret\u00eam s\u00e3o especialidades da casa\",\"publisher\":{\"@id\":\"https:\\\/\\\/gay.blog.br\\\/es\\\/#organization\"},\"potentialAction\":[{\"@type\":\"SearchAction\",\"target\":{\"@type\":\"EntryPoint\",\"urlTemplate\":\"https:\\\/\\\/gay.blog.br\\\/es\\\/?s={search_term_string}\"},\"query-input\":{\"@type\":\"PropertyValueSpecification\",\"valueRequired\":true,\"valueName\":\"search_term_string\"}}],\"inLanguage\":\"es\"},{\"@type\":\"Organization\",\"@id\":\"https:\\\/\\\/gay.blog.br\\\/es\\\/#organization\",\"name\":\"GAY BLOG BR\",\"url\":\"https:\\\/\\\/gay.blog.br\\\/es\\\/\",\"logo\":{\"@type\":\"ImageObject\",\"inLanguage\":\"es\",\"@id\":\"https:\\\/\\\/gay.blog.br\\\/es\\\/#\\\/schema\\\/logo\\\/image\\\/\",\"url\":\"https:\\\/\\\/i0.wp.com\\\/gay.blog.br\\\/wp-content\\\/uploads\\\/2023\\\/08\\\/gay180px.png?fit=272%2C90&ssl=1\",\"contentUrl\":\"https:\\\/\\\/i0.wp.com\\\/gay.blog.br\\\/wp-content\\\/uploads\\\/2023\\\/08\\\/gay180px.png?fit=272%2C90&ssl=1\",\"width\":272,\"height\":90,\"caption\":\"GAY BLOG BR\"},\"image\":{\"@id\":\"https:\\\/\\\/gay.blog.br\\\/es\\\/#\\\/schema\\\/logo\\\/image\\\/\"},\"sameAs\":[\"https:\\\/\\\/facebook.com\\\/gayblogbr\",\"https:\\\/\\\/x.com\\\/gayblogbr\",\"https:\\\/\\\/instagram.com\\\/gayblogbr\",\"https:\\\/\\\/www.linkedin.com\\\/company\\\/gayblogbr\\\/\",\"https:\\\/\\\/br.pinterest.com\\\/gayblogbr\\\/\",\"https:\\\/\\\/www.youtube.com\\\/channel\\\/UCdEu3JXLOB-wvWAVUF4AIiA\",\"https:\\\/\\\/pt.wikipedia.org\\\/wiki\\\/Gay_Blog_Br\",\"https:\\\/\\\/www.threads.net\\\/@gayblogbr\"]},{\"@type\":\"Person\",\"@id\":\"https:\\\/\\\/gay.blog.br\\\/es\\\/#\\\/schema\\\/person\\\/5e0cf06e5d5e166b6afeaefc7fc56d9d\",\"name\":\"Victor Miller\",\"image\":{\"@type\":\"ImageObject\",\"inLanguage\":\"es\",\"@id\":\"https:\\\/\\\/secure.gravatar.com\\\/avatar\\\/7c1fad0dcba879f76a2e6b9189cea981c8fcb9c7e6f40d5903cf16ba29cb80b5?s=96&d=mm&r=g\",\"url\":\"https:\\\/\\\/secure.gravatar.com\\\/avatar\\\/7c1fad0dcba879f76a2e6b9189cea981c8fcb9c7e6f40d5903cf16ba29cb80b5?s=96&d=mm&r=g\",\"contentUrl\":\"https:\\\/\\\/secure.gravatar.com\\\/avatar\\\/7c1fad0dcba879f76a2e6b9189cea981c8fcb9c7e6f40d5903cf16ba29cb80b5?s=96&d=mm&r=g\",\"caption\":\"Victor Miller\"},\"description\":\"Jornalista formado pela PUC do Rio de Janeiro, dedicou sua vida a falar sobre cultura nerd\\\/geek. Gay desde que se entende por gente, sempre teve desejo de trabalhar com o p\u00fablico LGBT+ e cr\u00ea que a informa\u00e7\u00e3o \u00e9 a a melhor arma contra qualquer tipo de \\\"fobia\\\"\",\"sameAs\":[\"https:\\\/\\\/gay.blog.br\\\/author\\\/victormiller\\\/\",\"https:\\\/\\\/www.facebook.com\\\/victormillerreal\",\"https:\\\/\\\/instagram.com\\\/victormillermiranda\",\"https:\\\/\\\/www.linkedin.com\\\/in\\\/victor-miller-266b54a7\\\/\",\"https:\\\/\\\/x.com\\\/https:\\\/\\\/twitter.com\\\/victor_miller\",\"https:\\\/\\\/www.youtube.com\\\/user\\\/planetasonic\"],\"url\":\"https:\\\/\\\/gay.blog.br\\\/es\\\/author\\\/victormiller\\\/\"}]}<\/script>\n<!-- \/ Yoast SEO plugin. -->","yoast_head_json":{"title":"CNN Brasil despide al comentarista Leandro Narloch tras discurso homof\u00f3bico","description":"El comentarista Leandro Narloch fue despedido de CNN Brasil en la tarde del viernes 10 de julio. El contrato se rescindi\u00f3 unilateralmente.","robots":{"index":"index","follow":"follow","max-snippet":"max-snippet:-1","max-image-preview":"max-image-preview:large","max-video-preview":"max-video-preview:-1"},"canonical":"https:\/\/gay.blog.br\/es\/gay-es\/cnn-brasil-despide-al-comentarista-leandro-narloch-tras-discurso-homofobico\/","og_locale":"es_ES","og_type":"article","og_title":"CNN Brasil despide al comentarista Leandro Narloch tras discurso homof\u00f3bico","og_description":"El comentarista Leandro Narloch fue despedido de CNN Brasil en la tarde del viernes 10 de julio. El contrato se rescindi\u00f3 unilateralmente.","og_url":"https:\/\/gay.blog.br\/es\/gay-es\/cnn-brasil-despide-al-comentarista-leandro-narloch-tras-discurso-homofobico\/","og_site_name":"GAY BLOG BR @gayblogbr","article_publisher":"https:\/\/facebook.com\/gayblogbr","article_author":"https:\/\/www.facebook.com\/victormillerreal","article_published_time":"2020-07-10T19:31:06+00:00","article_modified_time":"2020-12-11T02:54:05+00:00","og_image":[{"width":1920,"height":1280,"url":"https:\/\/i2.wp.com\/gay.blog.br\/wp-content\/uploads\/2020\/07\/leandro_narloch-18128157.jpg?fit=1920%2C1280&ssl=1","type":"image\/jpeg"}],"author":"Victor Miller","twitter_card":"summary_large_image","twitter_creator":"@https:\/\/twitter.com\/victor_miller","twitter_site":"@gayblogbr","twitter_misc":{"Escrito por":"Victor Miller","Tiempo de lectura":"2 minutos"},"schema":{"@context":"https:\/\/schema.org","@graph":[{"@type":"Article","@id":"https:\/\/gay.blog.br\/es\/gay-es\/cnn-brasil-despide-al-comentarista-leandro-narloch-tras-discurso-homofobico\/#article","isPartOf":{"@id":"https:\/\/gay.blog.br\/es\/gay-es\/cnn-brasil-despide-al-comentarista-leandro-narloch-tras-discurso-homofobico\/"},"author":{"name":"Victor Miller","@id":"https:\/\/gay.blog.br\/es\/#\/schema\/person\/5e0cf06e5d5e166b6afeaefc7fc56d9d"},"headline":"CNN Brasil despide al comentarista Leandro Narloch tras discurso homof\u00f3bico","datePublished":"2020-07-10T19:31:06+00:00","dateModified":"2020-12-11T02:54:05+00:00","mainEntityOfPage":{"@id":"https:\/\/gay.blog.br\/es\/gay-es\/cnn-brasil-despide-al-comentarista-leandro-narloch-tras-discurso-homofobico\/"},"wordCount":351,"commentCount":0,"publisher":{"@id":"https:\/\/gay.blog.br\/es\/#organization"},"image":{"@id":"https:\/\/gay.blog.br\/es\/gay-es\/cnn-brasil-despide-al-comentarista-leandro-narloch-tras-discurso-homofobico\/#primaryimage"},"thumbnailUrl":"https:\/\/i0.wp.com\/gay.blog.br\/wp-content\/uploads\/2020\/07\/leandro_narloch-18128157.jpg?fit=1920%2C1280&ssl=1","keywords":["CNN Brasil","Leandro Narloch","resignaci\u00f3n"],"articleSection":["GAY","NOT\u00cdCIAS"],"inLanguage":"es","potentialAction":[{"@type":"CommentAction","name":"Comment","target":["https:\/\/gay.blog.br\/es\/gay-es\/cnn-brasil-despide-al-comentarista-leandro-narloch-tras-discurso-homofobico\/#respond"]}]},{"@type":"WebPage","@id":"https:\/\/gay.blog.br\/es\/gay-es\/cnn-brasil-despide-al-comentarista-leandro-narloch-tras-discurso-homofobico\/","url":"https:\/\/gay.blog.br\/es\/gay-es\/cnn-brasil-despide-al-comentarista-leandro-narloch-tras-discurso-homofobico\/","name":"CNN Brasil despide al comentarista Leandro Narloch tras discurso homof\u00f3bico","isPartOf":{"@id":"https:\/\/gay.blog.br\/es\/#website"},"primaryImageOfPage":{"@id":"https:\/\/gay.blog.br\/es\/gay-es\/cnn-brasil-despide-al-comentarista-leandro-narloch-tras-discurso-homofobico\/#primaryimage"},"image":{"@id":"https:\/\/gay.blog.br\/es\/gay-es\/cnn-brasil-despide-al-comentarista-leandro-narloch-tras-discurso-homofobico\/#primaryimage"},"thumbnailUrl":"https:\/\/i0.wp.com\/gay.blog.br\/wp-content\/uploads\/2020\/07\/leandro_narloch-18128157.jpg?fit=1920%2C1280&ssl=1","datePublished":"2020-07-10T19:31:06+00:00","dateModified":"2020-12-11T02:54:05+00:00","description":"El comentarista Leandro Narloch fue despedido de CNN Brasil en la tarde del viernes 10 de julio. El contrato se rescindi\u00f3 unilateralmente.","breadcrumb":{"@id":"https:\/\/gay.blog.br\/es\/gay-es\/cnn-brasil-despide-al-comentarista-leandro-narloch-tras-discurso-homofobico\/#breadcrumb"},"inLanguage":"es","potentialAction":[{"@type":"ReadAction","target":["https:\/\/gay.blog.br\/es\/gay-es\/cnn-brasil-despide-al-comentarista-leandro-narloch-tras-discurso-homofobico\/"]}]},{"@type":"ImageObject","inLanguage":"es","@id":"https:\/\/gay.blog.br\/es\/gay-es\/cnn-brasil-despide-al-comentarista-leandro-narloch-tras-discurso-homofobico\/#primaryimage","url":"https:\/\/i0.wp.com\/gay.blog.br\/wp-content\/uploads\/2020\/07\/leandro_narloch-18128157.jpg?fit=1920%2C1280&ssl=1","contentUrl":"https:\/\/i0.wp.com\/gay.blog.br\/wp-content\/uploads\/2020\/07\/leandro_narloch-18128157.jpg?fit=1920%2C1280&ssl=1","width":1920,"height":1280,"caption":"O comentarista Leandro Narloch foi demitido da CNN Brasil na tarde desta sexta-feira, dia 10 de julho. O contrato foi rescindido unilateralmente.\u00a0"},{"@type":"BreadcrumbList","@id":"https:\/\/gay.blog.br\/es\/gay-es\/cnn-brasil-despide-al-comentarista-leandro-narloch-tras-discurso-homofobico\/#breadcrumb","itemListElement":[{"@type":"ListItem","position":1,"name":"In\u00edcio","item":"https:\/\/gay.blog.br\/es\/"},{"@type":"ListItem","position":2,"name":"CNN Brasil despide al comentarista Leandro Narloch tras discurso homof\u00f3bico"}]},{"@type":"WebSite","@id":"https:\/\/gay.blog.br\/es\/#website","url":"https:\/\/gay.blog.br\/es\/","name":"GAY BLOG BR @gayblogbr","description":"Not\u00edcias que empoderam e\/ou entret\u00eam s\u00e3o especialidades da casa","publisher":{"@id":"https:\/\/gay.blog.br\/es\/#organization"},"potentialAction":[{"@type":"SearchAction","target":{"@type":"EntryPoint","urlTemplate":"https:\/\/gay.blog.br\/es\/?s={search_term_string}"},"query-input":{"@type":"PropertyValueSpecification","valueRequired":true,"valueName":"search_term_string"}}],"inLanguage":"es"},{"@type":"Organization","@id":"https:\/\/gay.blog.br\/es\/#organization","name":"GAY BLOG BR","url":"https:\/\/gay.blog.br\/es\/","logo":{"@type":"ImageObject","inLanguage":"es","@id":"https:\/\/gay.blog.br\/es\/#\/schema\/logo\/image\/","url":"https:\/\/i0.wp.com\/gay.blog.br\/wp-content\/uploads\/2023\/08\/gay180px.png?fit=272%2C90&ssl=1","contentUrl":"https:\/\/i0.wp.com\/gay.blog.br\/wp-content\/uploads\/2023\/08\/gay180px.png?fit=272%2C90&ssl=1","width":272,"height":90,"caption":"GAY BLOG BR"},"image":{"@id":"https:\/\/gay.blog.br\/es\/#\/schema\/logo\/image\/"},"sameAs":["https:\/\/facebook.com\/gayblogbr","https:\/\/x.com\/gayblogbr","https:\/\/instagram.com\/gayblogbr","https:\/\/www.linkedin.com\/company\/gayblogbr\/","https:\/\/br.pinterest.com\/gayblogbr\/","https:\/\/www.youtube.com\/channel\/UCdEu3JXLOB-wvWAVUF4AIiA","https:\/\/pt.wikipedia.org\/wiki\/Gay_Blog_Br","https:\/\/www.threads.net\/@gayblogbr"]},{"@type":"Person","@id":"https:\/\/gay.blog.br\/es\/#\/schema\/person\/5e0cf06e5d5e166b6afeaefc7fc56d9d","name":"Victor Miller","image":{"@type":"ImageObject","inLanguage":"es","@id":"https:\/\/secure.gravatar.com\/avatar\/7c1fad0dcba879f76a2e6b9189cea981c8fcb9c7e6f40d5903cf16ba29cb80b5?s=96&d=mm&r=g","url":"https:\/\/secure.gravatar.com\/avatar\/7c1fad0dcba879f76a2e6b9189cea981c8fcb9c7e6f40d5903cf16ba29cb80b5?s=96&d=mm&r=g","contentUrl":"https:\/\/secure.gravatar.com\/avatar\/7c1fad0dcba879f76a2e6b9189cea981c8fcb9c7e6f40d5903cf16ba29cb80b5?s=96&d=mm&r=g","caption":"Victor Miller"},"description":"Jornalista formado pela PUC do Rio de Janeiro, dedicou sua vida a falar sobre cultura nerd\/geek. Gay desde que se entende por gente, sempre teve desejo de trabalhar com o p\u00fablico LGBT+ e cr\u00ea que a informa\u00e7\u00e3o \u00e9 a a melhor arma contra qualquer tipo de \"fobia\"","sameAs":["https:\/\/gay.blog.br\/author\/victormiller\/","https:\/\/www.facebook.com\/victormillerreal","https:\/\/instagram.com\/victormillermiranda","https:\/\/www.linkedin.com\/in\/victor-miller-266b54a7\/","https:\/\/x.com\/https:\/\/twitter.com\/victor_miller","https:\/\/www.youtube.com\/user\/planetasonic"],"url":"https:\/\/gay.blog.br\/es\/author\/victormiller\/"}]}},"jetpack_publicize_connections":[],"jetpack_featured_media_url":"https:\/\/i0.wp.com\/gay.blog.br\/wp-content\/uploads\/2020\/07\/leandro_narloch-18128157.jpg?fit=1920%2C1280&ssl=1","jetpack_sharing_enabled":true,"jetpack_shortlink":"https:\/\/wp.me\/p6klkK-qi6","jetpack_likes_enabled":false,"amp_enabled":true,"_links":{"self":[{"href":"https:\/\/gay.blog.br\/es\/wp-json\/wp\/v2\/posts\/101066","targetHints":{"allow":["GET"]}}],"collection":[{"href":"https:\/\/gay.blog.br\/es\/wp-json\/wp\/v2\/posts"}],"about":[{"href":"https:\/\/gay.blog.br\/es\/wp-json\/wp\/v2\/types\/post"}],"author":[{"embeddable":true,"href":"https:\/\/gay.blog.br\/es\/wp-json\/wp\/v2\/users\/3515"}],"replies":[{"embeddable":true,"href":"https:\/\/gay.blog.br\/es\/wp-json\/wp\/v2\/comments?post=101066"}],"version-history":[{"count":0,"href":"https:\/\/gay.blog.br\/es\/wp-json\/wp\/v2\/posts\/101066\/revisions"}],"wp:featuredmedia":[{"embeddable":true,"href":"https:\/\/gay.blog.br\/es\/wp-json\/wp\/v2\/media\/82976"}],"wp:attachment":[{"href":"https:\/\/gay.blog.br\/es\/wp-json\/wp\/v2\/media?parent=101066"}],"wp:term":[{"taxonomy":"category","embeddable":true,"href":"https:\/\/gay.blog.br\/es\/wp-json\/wp\/v2\/categories?post=101066"},{"taxonomy":"post_tag","embeddable":true,"href":"https:\/\/gay.blog.br\/es\/wp-json\/wp\/v2\/tags?post=101066"}],"curies":[{"name":"wp","href":"https:\/\/api.w.org\/{rel}","templated":true}]}}