{"id":101104,"date":"2020-07-06T12:16:14","date_gmt":"2020-07-06T15:16:14","guid":{"rendered":"https:\/\/gay.blog.br\/?p=101104"},"modified":"2020-12-11T19:08:00","modified_gmt":"2020-12-11T22:08:00","slug":"ya-no-estamos-atados-a-un-ritmo-o-estilo-especifico-para-tocar-en-tv-o-radio-dice-el-cantante-syhmom","status":"publish","type":"post","link":"https:\/\/gay.blog.br\/es\/gay-es\/ya-no-estamos-atados-a-un-ritmo-o-estilo-especifico-para-tocar-en-tv-o-radio-dice-el-cantante-syhmom\/","title":{"rendered":"\u00abYa no estamos atados a un ritmo o estilo espec\u00edfico para tocar en TV o Radio\u00bb, dice el cantante Syhmom."},"content":{"rendered":"<p style=\"text-align: justify;\">Nacido en San Pablo, el cantante <strong>Syhmom<\/strong> naci\u00f3 en una cuna art\u00edstica, sus padres y hermanos cantaban y tocaban en fiestas y festivales regionales y tambi\u00e9n en la iglesia. A los 13 a\u00f1os, ya estaba dirigiendo el coro de su escuela para un concierto importante en 2000. A partir de entonces, fue un salto para el joven cantante invertir en su carrera musical, incluyendo sus propias composiciones.<\/p>\n<figure id=\"attachment_47908\" aria-describedby=\"caption-attachment-47908\" style=\"width: 3120px\" class=\"wp-caption aligncenter\"><a href=\"https:\/\/www.youtube.com\/channel\/UCgV-hyhAROHnWn4R7QUxoTw\/featured\"><img data-recalc-dims=\"1\" loading=\"lazy\" decoding=\"async\" class=\"wp-image-47908 size-full\" src=\"https:\/\/i0.wp.com\/gay.blog.br\/wp-content\/uploads\/2020\/07\/IMG_8541.jpg?resize=696%2C464&#038;ssl=1\" alt=\"\" width=\"696\" height=\"464\" srcset=\"https:\/\/i0.wp.com\/gay.blog.br\/wp-content\/uploads\/2020\/07\/IMG_8541.jpg?w=2560&amp;ssl=1 2560w, https:\/\/i0.wp.com\/gay.blog.br\/wp-content\/uploads\/2020\/07\/IMG_8541.jpg?resize=300%2C200&amp;ssl=1 300w, https:\/\/i0.wp.com\/gay.blog.br\/wp-content\/uploads\/2020\/07\/IMG_8541.jpg?resize=1024%2C683&amp;ssl=1 1024w, https:\/\/i0.wp.com\/gay.blog.br\/wp-content\/uploads\/2020\/07\/IMG_8541.jpg?resize=150%2C100&amp;ssl=1 150w, https:\/\/i0.wp.com\/gay.blog.br\/wp-content\/uploads\/2020\/07\/IMG_8541.jpg?resize=768%2C512&amp;ssl=1 768w, https:\/\/i0.wp.com\/gay.blog.br\/wp-content\/uploads\/2020\/07\/IMG_8541.jpg?resize=1536%2C1024&amp;ssl=1 1536w, https:\/\/i0.wp.com\/gay.blog.br\/wp-content\/uploads\/2020\/07\/IMG_8541.jpg?resize=2048%2C1365&amp;ssl=1 2048w, https:\/\/i0.wp.com\/gay.blog.br\/wp-content\/uploads\/2020\/07\/IMG_8541.jpg?resize=696%2C464&amp;ssl=1 696w, https:\/\/i0.wp.com\/gay.blog.br\/wp-content\/uploads\/2020\/07\/IMG_8541.jpg?resize=1392%2C928&amp;ssl=1 1392w, https:\/\/i0.wp.com\/gay.blog.br\/wp-content\/uploads\/2020\/07\/IMG_8541.jpg?resize=1068%2C712&amp;ssl=1 1068w, https:\/\/i0.wp.com\/gay.blog.br\/wp-content\/uploads\/2020\/07\/IMG_8541.jpg?resize=1920%2C1280&amp;ssl=1 1920w, https:\/\/i0.wp.com\/gay.blog.br\/wp-content\/uploads\/2020\/07\/IMG_8541.jpg?resize=630%2C420&amp;ssl=1 630w, https:\/\/i0.wp.com\/gay.blog.br\/wp-content\/uploads\/2020\/07\/IMG_8541.jpg?resize=1260%2C840&amp;ssl=1 1260w\" sizes=\"auto, (max-width: 696px) 100vw, 696px\" \/><\/a><figcaption id=\"caption-attachment-47908\" class=\"wp-caption-text\">Divulgaci\u00f3n<\/figcaption><\/figure>\n<p style=\"text-align: justify;\"><strong>\u00bfC\u00f3mo surgi\u00f3 la m\u00fasica en tu vida?<\/strong><\/p>\n<p style=\"text-align: justify;\">Soy el hijo menor de cinco hermanos, mi padre y mis hermanos cantaban, tocaban la guitarra, participaban en eventos musicales y festivales de m\u00fasica. En casa, el sonido se encendi\u00f3 temprano. Nac\u00ed y crec\u00ed rodeado de m\u00fasica.<\/p>\n<p style=\"text-align: justify;\"><strong>\u00bfEs cierto que a los 13 a\u00f1os dirigi\u00f3 un coro para un evento importante en San Pablo? <\/strong><\/p>\n<p style=\"text-align: justify;\">S\u00ed, pero fue solo en los ensayos. Fui \u00abdescubierto\u00bb durante los ensayos por un entrenador vocal que me escuch\u00f3 cantar entre las m\u00e1s de trescientas voces de ese coro. Entonces, en todos los ensayos, me pidieron que subiera al escenario para ayudar a dirigir esas voces.<\/p>\n<p style=\"text-align: justify;\"><strong>Le\u00ed que en este evento estaban Elba Ramalho, Alceu Valen\u00e7a y Dominguinhos y que incluso tuviste la oportunidad de compartir escenario en una canci\u00f3n con Elba pero te negaste por timidez. Mirando hacia atr\u00e1s hoy, \u00bfte arrepientes de eso?<\/strong><\/p>\n<p style=\"text-align: justify;\">No entend\u00eda que ya era cantante. Entonces no me arrepiento. Probablemente, si tuviera que subir al escenario por obligaci\u00f3n ese d\u00eda, me desmayar\u00eda (risas).<\/p>\n<figure id=\"attachment_47911\" aria-describedby=\"caption-attachment-47911\" style=\"width: 1080px\" class=\"wp-caption aligncenter\"><a href=\"https:\/\/www.youtube.com\/channel\/UCgV-hyhAROHnWn4R7QUxoTw\/featured\"><img data-recalc-dims=\"1\" loading=\"lazy\" decoding=\"async\" class=\"wp-image-47911 size-full\" src=\"https:\/\/i0.wp.com\/gay.blog.br\/wp-content\/uploads\/2020\/07\/stories-divulgacao.png?resize=696%2C1237&#038;ssl=1\" alt=\"\" width=\"696\" height=\"1237\" srcset=\"https:\/\/i0.wp.com\/gay.blog.br\/wp-content\/uploads\/2020\/07\/stories-divulgacao.png?w=1080&amp;ssl=1 1080w, https:\/\/i0.wp.com\/gay.blog.br\/wp-content\/uploads\/2020\/07\/stories-divulgacao.png?resize=169%2C300&amp;ssl=1 169w, https:\/\/i0.wp.com\/gay.blog.br\/wp-content\/uploads\/2020\/07\/stories-divulgacao.png?resize=576%2C1024&amp;ssl=1 576w, https:\/\/i0.wp.com\/gay.blog.br\/wp-content\/uploads\/2020\/07\/stories-divulgacao.png?resize=84%2C150&amp;ssl=1 84w, https:\/\/i0.wp.com\/gay.blog.br\/wp-content\/uploads\/2020\/07\/stories-divulgacao.png?resize=768%2C1365&amp;ssl=1 768w, https:\/\/i0.wp.com\/gay.blog.br\/wp-content\/uploads\/2020\/07\/stories-divulgacao.png?resize=864%2C1536&amp;ssl=1 864w, https:\/\/i0.wp.com\/gay.blog.br\/wp-content\/uploads\/2020\/07\/stories-divulgacao.png?resize=696%2C1237&amp;ssl=1 696w, https:\/\/i0.wp.com\/gay.blog.br\/wp-content\/uploads\/2020\/07\/stories-divulgacao.png?resize=1068%2C1899&amp;ssl=1 1068w, https:\/\/i0.wp.com\/gay.blog.br\/wp-content\/uploads\/2020\/07\/stories-divulgacao.png?resize=236%2C420&amp;ssl=1 236w, https:\/\/i0.wp.com\/gay.blog.br\/wp-content\/uploads\/2020\/07\/stories-divulgacao.png?resize=473%2C840&amp;ssl=1 473w\" sizes=\"auto, (max-width: 696px) 100vw, 696px\" \/><\/a><figcaption id=\"caption-attachment-47911\" class=\"wp-caption-text\">Divulgaci\u00f3n<\/figcaption><\/figure>\n<p style=\"text-align: justify;\"><strong>\u00bfC\u00f3mo describe su estilo musical? <\/strong><\/p>\n<p style=\"text-align: justify;\">Pop\/ Mpb<\/p>\n<div dir=\"ltr\">\n<p style=\"text-align: justify;\"><strong>\u00bfQui\u00e9nes son tus inspiraciones musicales, con un gusto tan ecl\u00e9ctico que va desde MPB, Pop, Samba y Rap?<\/strong><\/p>\n<p style=\"text-align: justify;\">Djavan, Tim Maia, Sandra de S\u00e1, Patricia Marx, Fat Family, Destinys Child, Lauryn Hill, Mariah Carey&#8230; Estos son los que m\u00e1s escucho hasta hoy.<\/p>\n<p style=\"text-align: justify;\"><strong>Ya tuvo la oportunidad de escenificar importantes musicales como \u00abO Grande Circo M\u00edstico\u00bb y ya se ha presentado en lugares reconocidos como el Teatro Municipal de San Pablo. \u00bfC\u00f3mo fue esa experiencia?<\/strong><\/p>\n<p style=\"text-align: justify;\">Fue m\u00edstico (risas). Siempre hice cursos de teatro y clases de canto, ah\u00ed fue cuando vi la oportunidad de hacer ambas cosas en el escenario. Fueron ensayos exhaustivos, importante preparaci\u00f3n f\u00edsica, mental y musical, pero yo ten\u00eda un objetivo, que era aprender y vivir todo lo que pudiera, hasta el punto de afrontar una carrera en solitario en el escenario. Cuando me encontr\u00e9 pisando ese terreno sagrado del Teatro Municipal, comprend\u00ed que era hora de ir m\u00e1s lejos en mi vida art\u00edstica.<\/p>\n<figure id=\"attachment_47909\" aria-describedby=\"caption-attachment-47909\" style=\"width: 1400px\" class=\"wp-caption aligncenter\"><a href=\"https:\/\/www.youtube.com\/channel\/UCgV-hyhAROHnWn4R7QUxoTw\/featured\"><img data-recalc-dims=\"1\" loading=\"lazy\" decoding=\"async\" class=\"wp-image-47909 size-full\" src=\"https:\/\/i0.wp.com\/gay.blog.br\/wp-content\/uploads\/2020\/07\/feed-divulgacao-2.png?resize=696%2C696&#038;ssl=1\" alt=\"\" width=\"696\" height=\"696\" srcset=\"https:\/\/i0.wp.com\/gay.blog.br\/wp-content\/uploads\/2020\/07\/feed-divulgacao-2.png?w=1400&amp;ssl=1 1400w, https:\/\/i0.wp.com\/gay.blog.br\/wp-content\/uploads\/2020\/07\/feed-divulgacao-2.png?resize=300%2C300&amp;ssl=1 300w, https:\/\/i0.wp.com\/gay.blog.br\/wp-content\/uploads\/2020\/07\/feed-divulgacao-2.png?resize=1024%2C1024&amp;ssl=1 1024w, https:\/\/i0.wp.com\/gay.blog.br\/wp-content\/uploads\/2020\/07\/feed-divulgacao-2.png?resize=150%2C150&amp;ssl=1 150w, https:\/\/i0.wp.com\/gay.blog.br\/wp-content\/uploads\/2020\/07\/feed-divulgacao-2.png?resize=768%2C768&amp;ssl=1 768w, https:\/\/i0.wp.com\/gay.blog.br\/wp-content\/uploads\/2020\/07\/feed-divulgacao-2.png?resize=696%2C696&amp;ssl=1 696w, https:\/\/i0.wp.com\/gay.blog.br\/wp-content\/uploads\/2020\/07\/feed-divulgacao-2.png?resize=1392%2C1392&amp;ssl=1 1392w, https:\/\/i0.wp.com\/gay.blog.br\/wp-content\/uploads\/2020\/07\/feed-divulgacao-2.png?resize=1068%2C1068&amp;ssl=1 1068w, https:\/\/i0.wp.com\/gay.blog.br\/wp-content\/uploads\/2020\/07\/feed-divulgacao-2.png?resize=420%2C420&amp;ssl=1 420w, https:\/\/i0.wp.com\/gay.blog.br\/wp-content\/uploads\/2020\/07\/feed-divulgacao-2.png?resize=840%2C840&amp;ssl=1 840w\" sizes=\"auto, (max-width: 696px) 100vw, 696px\" \/><\/a><figcaption id=\"caption-attachment-47909\" class=\"wp-caption-text\">Divulgaci\u00f3n<\/figcaption><\/figure>\n<p style=\"text-align: justify;\"><strong>En 2016 editaste tu primera canci\u00f3n <a href=\"https:\/\/www.youtube.com\/watch?v=-223toqEdRI\">\u00abCora\u00e7\u00e3o Labirinto<\/a>\u00ab, de hecho tambi\u00e9n eres compositor, \u00bfqu\u00e9 te inspira a la hora de componer?<\/strong><\/p>\n<p style=\"text-align: justify;\">Mayormente buenas historias de relaciones amorosas. Si son dram\u00e1ticos, \u00a1incluso mejor! (risas).<\/p>\n<p><span class=\"embed-youtube\" style=\"text-align:center; display: block;\"><iframe loading=\"lazy\" class=\"youtube-player\" width=\"696\" height=\"392\" src=\"https:\/\/www.youtube.com\/embed\/e89vCMZNy48?version=3&#038;rel=1&#038;showsearch=0&#038;showinfo=1&#038;iv_load_policy=1&#038;fs=1&#038;hl=es-ES&#038;autohide=2&#038;wmode=transparent\" allowfullscreen=\"true\" style=\"border:0;\" sandbox=\"allow-scripts allow-same-origin allow-popups allow-presentation allow-popups-to-escape-sandbox\"><\/iframe><\/span><\/p>\n<div dir=\"ltr\">\n<p style=\"text-align: justify;\"><strong><span class=\"im\">Al a\u00f1o siguiente editaste el single \u00ab<a href=\"https:\/\/www.youtube.com\/watch?v=e89vCMZNy48\">Amanh\u00e3<\/a>\u00ab, \u00bfc\u00f3mo describir\u00edas ambas canciones, teniendo en cuenta que \u00abCora\u00e7\u00e3o Labirinto tiene<\/span> una pizca de jazz?\u00bb<br \/>\n<\/strong><\/p>\n<p style=\"text-align: justify;\">\u00abCora\u00e7\u00e3o Labirinto\u00bb es una canci\u00f3n propia, quer\u00eda probar los estilos y ritmos que me gustaba escuchar y que de alguna manera me identificaban. La canci\u00f3n \u00abAmanh\u00e3\u00bb me invitaron a interpretar, es un Pop muy vivo y agradable de cantar. Pronto, en mi pr\u00f3ximo \u00e1lbum, escuchar\u00e1n esta canci\u00f3n \u00abCora\u00e7\u00e3o Labirinto\u00bb con una nueva idea de ritmo y arreglo. De hecho, \u00abCora\u00e7\u00e3o Labirinto\u00bb ser\u00e1 el nombre de mi primer \u00e1lbum de autor.<\/p>\n<p><span class=\"embed-youtube\" style=\"text-align:center; display: block;\"><iframe loading=\"lazy\" class=\"youtube-player\" width=\"696\" height=\"392\" src=\"https:\/\/www.youtube.com\/embed\/XIePrsMMpVw?version=3&#038;rel=1&#038;showsearch=0&#038;showinfo=1&#038;iv_load_policy=1&#038;fs=1&#038;hl=es-ES&#038;autohide=2&#038;wmode=transparent\" allowfullscreen=\"true\" style=\"border:0;\" sandbox=\"allow-scripts allow-same-origin allow-popups allow-presentation allow-popups-to-escape-sandbox\"><\/iframe><\/span><\/p>\n<p style=\"text-align: justify;\"><strong>\u00bfY c\u00f3mo fue hacer un cover de la canci\u00f3n de 2002 <a href=\"https:\/\/www.youtube.com\/watch?v=XIePrsMMpVw\">\u00abBaba\u00bb<\/a> con un nuevo equipo de R&amp;B? \u00bfEs esa la canci\u00f3n de Kelly Key?<\/strong><\/p>\n<p style=\"text-align: justify;\">S\u00ed, es \u00abBaba baby baba\u00bb de Kelly Key. El R&amp;B es una delicia del ritmo, \u00bfverdad? La idea era hacer una reinterpretaci\u00f3n de un exitoso Pop brasile\u00f1o y darle un aire de sensualidad, \u00abvoz en el o\u00eddo\u00bb y utilizar elementos musicales que a\u00fan no hab\u00eda experimentado, como Samples y otros batidas electr\u00f3nicos. El resultado fue realmente genial. A la propia Kelly le encant\u00f3 y lo public\u00f3 en sus redes sociales.<\/p>\n<p style=\"text-align: justify;\"><strong>Este a\u00f1o lanzaste un sencillo autoral llamado \u00ab<a href=\"https:\/\/www.youtube.com\/watch?v=vHw5t_OyLH4\">Caf\u00e9\u00bb<\/a>, en el que haces una analog\u00eda entre un caf\u00e9 amargo con el fin de una relaci\u00f3n. \u00bfPodemos decir que esta canci\u00f3n se inspir\u00f3 en el final de su relaci\u00f3n?<\/strong><\/p>\n<p style=\"text-align: justify;\">Si y no. Muchos de nosotros hemos tenido una ruptura dram\u00e1tica o hemos escuchado historias como esa. Me gusta mezclar mis experiencias, adem\u00e1s de lo que escucho por ah\u00ed y dar mi toque de drama. Muchas de mis canciones hacen alg\u00fan tipo de analog\u00eda. As\u00ed hice \u00abCaf\u00e9\u00bb.<\/p>\n<figure id=\"attachment_47912\" aria-describedby=\"caption-attachment-47912\" style=\"width: 1400px\" class=\"wp-caption aligncenter\"><a href=\"https:\/\/www.youtube.com\/channel\/UCgV-hyhAROHnWn4R7QUxoTw\/featured\"><img data-recalc-dims=\"1\" loading=\"lazy\" decoding=\"async\" class=\"wp-image-47912 size-full\" src=\"https:\/\/i0.wp.com\/gay.blog.br\/wp-content\/uploads\/2020\/07\/feed-divulgacao.png?resize=696%2C696&#038;ssl=1\" alt=\"\" width=\"696\" height=\"696\" srcset=\"https:\/\/i0.wp.com\/gay.blog.br\/wp-content\/uploads\/2020\/07\/feed-divulgacao.png?w=1400&amp;ssl=1 1400w, https:\/\/i0.wp.com\/gay.blog.br\/wp-content\/uploads\/2020\/07\/feed-divulgacao.png?resize=300%2C300&amp;ssl=1 300w, https:\/\/i0.wp.com\/gay.blog.br\/wp-content\/uploads\/2020\/07\/feed-divulgacao.png?resize=1024%2C1024&amp;ssl=1 1024w, https:\/\/i0.wp.com\/gay.blog.br\/wp-content\/uploads\/2020\/07\/feed-divulgacao.png?resize=150%2C150&amp;ssl=1 150w, https:\/\/i0.wp.com\/gay.blog.br\/wp-content\/uploads\/2020\/07\/feed-divulgacao.png?resize=768%2C768&amp;ssl=1 768w, https:\/\/i0.wp.com\/gay.blog.br\/wp-content\/uploads\/2020\/07\/feed-divulgacao.png?resize=696%2C696&amp;ssl=1 696w, https:\/\/i0.wp.com\/gay.blog.br\/wp-content\/uploads\/2020\/07\/feed-divulgacao.png?resize=1392%2C1392&amp;ssl=1 1392w, https:\/\/i0.wp.com\/gay.blog.br\/wp-content\/uploads\/2020\/07\/feed-divulgacao.png?resize=1068%2C1068&amp;ssl=1 1068w, https:\/\/i0.wp.com\/gay.blog.br\/wp-content\/uploads\/2020\/07\/feed-divulgacao.png?resize=420%2C420&amp;ssl=1 420w, https:\/\/i0.wp.com\/gay.blog.br\/wp-content\/uploads\/2020\/07\/feed-divulgacao.png?resize=840%2C840&amp;ssl=1 840w\" sizes=\"auto, (max-width: 696px) 100vw, 696px\" \/><\/a><figcaption id=\"caption-attachment-47912\" class=\"wp-caption-text\">Divulgaci\u00f3n<\/figcaption><\/figure>\n<p style=\"text-align: justify;\"><strong>\u00abAos Poucos\u00bb se refiere a las baladas rom\u00e1nticas de su adolescencia, pero \u00bfqu\u00e9 escuch\u00f3 Syhmom cuando era m\u00e1s joven?<\/strong><\/p>\n<p style=\"text-align: justify;\">\u00bfServir\u00e1n Sandy y Junior? (risas).<\/p>\n<p style=\"text-align: justify;\"><strong>\u00bfC\u00f3mo eval\u00faas la escena musical actual? \u00bfNo parece que media docena de cantantes dominan el espacio medi\u00e1tico?<\/strong><\/p>\n<p style=\"text-align: justify;\">Esto es un hecho. Pero afortunadamente la forma de consumir m\u00fasica ha cambiado mucho. Hoy en d\u00eda, todo aquel que quiera grabar y publicar su m\u00fasica sin la intervenci\u00f3n de patrocinio, sello discogr\u00e1fico, etc., ya es posible. Yo mismo escucho mucha m\u00fasica de artistas independientes, v\u00eda Streaming. Y afortunadamente, hay m\u00fasica para todos los gustos. Ya no estamos apegados a un ritmo o estilo espec\u00edfico, porque se est\u00e1 reproduciendo en TV o Radio.<\/p>\n<figure id=\"attachment_47910\" aria-describedby=\"caption-attachment-47910\" style=\"width: 3162px\" class=\"wp-caption aligncenter\"><a href=\"https:\/\/www.youtube.com\/channel\/UCgV-hyhAROHnWn4R7QUxoTw\/featured\"><img data-recalc-dims=\"1\" loading=\"lazy\" decoding=\"async\" class=\"wp-image-47910 size-full\" src=\"https:\/\/i0.wp.com\/gay.blog.br\/wp-content\/uploads\/2020\/07\/SIMON-0010.jpg?resize=696%2C1044&#038;ssl=1\" alt=\"\" width=\"696\" height=\"1044\" srcset=\"https:\/\/i0.wp.com\/gay.blog.br\/wp-content\/uploads\/2020\/07\/SIMON-0010.jpg?w=1707&amp;ssl=1 1707w, https:\/\/i0.wp.com\/gay.blog.br\/wp-content\/uploads\/2020\/07\/SIMON-0010.jpg?resize=200%2C300&amp;ssl=1 200w, https:\/\/i0.wp.com\/gay.blog.br\/wp-content\/uploads\/2020\/07\/SIMON-0010.jpg?resize=683%2C1024&amp;ssl=1 683w, https:\/\/i0.wp.com\/gay.blog.br\/wp-content\/uploads\/2020\/07\/SIMON-0010.jpg?resize=100%2C150&amp;ssl=1 100w, https:\/\/i0.wp.com\/gay.blog.br\/wp-content\/uploads\/2020\/07\/SIMON-0010.jpg?resize=768%2C1152&amp;ssl=1 768w, https:\/\/i0.wp.com\/gay.blog.br\/wp-content\/uploads\/2020\/07\/SIMON-0010.jpg?resize=1024%2C1536&amp;ssl=1 1024w, https:\/\/i0.wp.com\/gay.blog.br\/wp-content\/uploads\/2020\/07\/SIMON-0010.jpg?resize=1365%2C2048&amp;ssl=1 1365w, https:\/\/i0.wp.com\/gay.blog.br\/wp-content\/uploads\/2020\/07\/SIMON-0010.jpg?resize=696%2C1044&amp;ssl=1 696w, https:\/\/i0.wp.com\/gay.blog.br\/wp-content\/uploads\/2020\/07\/SIMON-0010.jpg?resize=1392%2C2088&amp;ssl=1 1392w, https:\/\/i0.wp.com\/gay.blog.br\/wp-content\/uploads\/2020\/07\/SIMON-0010.jpg?resize=1068%2C1602&amp;ssl=1 1068w, https:\/\/i0.wp.com\/gay.blog.br\/wp-content\/uploads\/2020\/07\/SIMON-0010.jpg?resize=1920%2C2880&amp;ssl=1 1920w, https:\/\/i0.wp.com\/gay.blog.br\/wp-content\/uploads\/2020\/07\/SIMON-0010.jpg?resize=280%2C420&amp;ssl=1 280w, https:\/\/i0.wp.com\/gay.blog.br\/wp-content\/uploads\/2020\/07\/SIMON-0010.jpg?resize=560%2C840&amp;ssl=1 560w\" sizes=\"auto, (max-width: 696px) 100vw, 696px\" \/><\/a><figcaption id=\"caption-attachment-47910\" class=\"wp-caption-text\">Divulgaci\u00f3n<\/figcaption><\/figure>\n<p style=\"text-align: justify;\"><strong>\u00bfCu\u00e1l es su opini\u00f3n sobre programas como \u00abThe Voice\u00bb?<\/strong><\/p>\n<p style=\"text-align: justify;\">Es una gran ventana para promocionar a un cantante. El programa ha terminado, la ventana se cierra. Es un programa de entretenimiento. No garantiza el \u00e9xito del artista.<\/p>\n<p style=\"text-align: justify;\"><strong>\u00bfCon qui\u00e9n querr\u00eda Syhmom hacer un dueto?<\/strong><\/p>\n<p style=\"text-align: justify;\">Con Djavan.<\/p>\n<p style=\"text-align: justify;\"><strong>Su nombre art\u00edstico es bastante sonoro, incluso yo dir\u00eda f\u00e1cil de trabajar en una carrera internacional. \u00bfPlanes para eso?<\/strong><\/p>\n<p style=\"text-align: justify;\">No tengo ninguna pretensi\u00f3n. Me gusta aprovechar las buenas oportunidades, aqu\u00ed o en cualquier lugar.<\/p>\n<p style=\"text-align: justify;\"><strong>Siga al cantante Syhmom en las redes sociales: <a href=\"https:\/\/linktr.ee\/syhmomoficial\">https:\/\/linktr.ee\/syhmomoficial<\/a><\/strong><\/p>\n<p><span class=\"embed-youtube\" style=\"text-align:center; display: block;\"><iframe loading=\"lazy\" class=\"youtube-player\" width=\"696\" height=\"392\" src=\"https:\/\/www.youtube.com\/embed\/vHw5t_OyLH4?version=3&#038;rel=1&#038;showsearch=0&#038;showinfo=1&#038;iv_load_policy=1&#038;fs=1&#038;hl=es-ES&#038;autohide=2&#038;wmode=transparent\" allowfullscreen=\"true\" style=\"border:0;\" sandbox=\"allow-scripts allow-same-origin allow-popups allow-presentation allow-popups-to-escape-sandbox\"><\/iframe><\/span><\/p>\n<\/div>\n<\/div>\n","protected":false},"excerpt":{"rendered":"<p>Nacido en una familia de m\u00fasicos, el cantante Syhmom declara su preferencia por los estilos Pop y MPB. En entrevista exclusiva para GAY BLOG BR, relata su presentaci\u00f3n en el Teatro Municipal de San Pablo<\/p>\n","protected":false},"author":3482,"featured_media":82797,"comment_status":"open","ping_status":"open","sticky":false,"template":"","format":"standard","meta":{"googlesitekit_rrm_CAoiEBg-BXrJeACjO8p49SE4kTY:productID":"","tdm_status":"","tdm_grid_status":"","_jetpack_newsletter_access":"","_jetpack_dont_email_post_to_subs":false,"_jetpack_newsletter_tier_id":0,"_jetpack_memberships_contains_paywalled_content":false,"_jetpack_memberships_contains_paid_content":false,"footnotes":"","jetpack_publicize_message":"\"Ya no estamos atados a un ritmo o estilo espec\u00edfico para tocar en TV o Radio\", dice el cantante Syhmom.","jetpack_publicize_feature_enabled":true,"jetpack_social_post_already_shared":true,"jetpack_social_options":{"image_generator_settings":{"template":"highway","default_image_id":0,"font":"","enabled":false},"version":2},"_wpas_customize_per_network":false,"jetpack_post_was_ever_published":false},"categories":[589932375,589932144,589932394],"tags":[],"class_list":{"0":"post-101104","1":"post","2":"type-post","3":"status-publish","4":"format-standard","5":"has-post-thumbnail","7":"category-entrevistas-es","8":"category-gay-es","9":"category-musica-es"},"yoast_head":"<!-- This site is optimized with the Yoast SEO plugin v27.4 - https:\/\/yoast.com\/product\/yoast-seo-wordpress\/ -->\n<title>&quot;Ya no estamos atados a un ritmo o estilo espec\u00edfico para tocar en TV o Radio&quot;, dice el cantante Syhmom.<\/title>\n<meta name=\"description\" content=\"Nacido en una familia de m\u00fasicos, el cantante Syhmom declara su preferencia por los estilos Pop y MPB. En entrevista exclusiva para GAY BLOG BR, relata su presentaci\u00f3n en el Teatro Municipal de San Pablo\" \/>\n<meta name=\"robots\" content=\"index, follow, max-snippet:-1, max-image-preview:large, max-video-preview:-1\" \/>\n<link rel=\"canonical\" href=\"https:\/\/gay.blog.br\/es\/gay-es\/ya-no-estamos-atados-a-un-ritmo-o-estilo-especifico-para-tocar-en-tv-o-radio-dice-el-cantante-syhmom\/\" \/>\n<meta property=\"og:locale\" content=\"es_ES\" \/>\n<meta property=\"og:type\" content=\"article\" \/>\n<meta property=\"og:title\" content=\"&quot;Ya no estamos atados a un ritmo o estilo espec\u00edfico para tocar en TV o Radio&quot;, dice el cantante Syhmom.\" \/>\n<meta property=\"og:description\" content=\"Nacido en una familia de m\u00fasicos, el cantante Syhmom declara su preferencia por los estilos Pop y MPB. En entrevista exclusiva para GAY BLOG BR, relata su presentaci\u00f3n en el Teatro Municipal de San Pablo\" \/>\n<meta property=\"og:url\" content=\"https:\/\/gay.blog.br\/es\/gay-es\/ya-no-estamos-atados-a-un-ritmo-o-estilo-especifico-para-tocar-en-tv-o-radio-dice-el-cantante-syhmom\/\" \/>\n<meta property=\"og:site_name\" content=\"GAY BLOG BR @gayblogbr\" \/>\n<meta property=\"article:publisher\" content=\"https:\/\/facebook.com\/gayblogbr\" \/>\n<meta property=\"article:author\" content=\"https:\/\/facebook.com\/gayblogbr\" \/>\n<meta property=\"article:published_time\" content=\"2020-07-06T15:16:14+00:00\" \/>\n<meta property=\"article:modified_time\" content=\"2020-12-11T22:08:00+00:00\" \/>\n<meta property=\"og:image\" content=\"https:\/\/i0.wp.com\/gay.blog.br\/wp-content\/uploads\/2020\/07\/IMG_8541.jpg?fit=2560%2C1707&ssl=1\" \/>\n\t<meta property=\"og:image:width\" content=\"2560\" \/>\n\t<meta property=\"og:image:height\" content=\"1707\" \/>\n\t<meta property=\"og:image:type\" content=\"image\/jpeg\" \/>\n<meta name=\"author\" content=\"Andr\u00e9 Aram\" \/>\n<meta name=\"twitter:card\" content=\"summary_large_image\" \/>\n<meta name=\"twitter:creator\" content=\"@https:\/\/twittercom\/gayblogbr\" \/>\n<meta name=\"twitter:site\" content=\"@gayblogbr\" \/>\n<meta name=\"twitter:label1\" content=\"Escrito por\" \/>\n\t<meta name=\"twitter:data1\" content=\"Andr\u00e9 Aram\" \/>\n\t<meta name=\"twitter:label2\" content=\"Tiempo de lectura\" \/>\n\t<meta name=\"twitter:data2\" content=\"5 minutos\" \/>\n<script type=\"application\/ld+json\" class=\"yoast-schema-graph\">{\"@context\":\"https:\\\/\\\/schema.org\",\"@graph\":[{\"@type\":\"Article\",\"@id\":\"https:\\\/\\\/gay.blog.br\\\/es\\\/gay-es\\\/ya-no-estamos-atados-a-un-ritmo-o-estilo-especifico-para-tocar-en-tv-o-radio-dice-el-cantante-syhmom\\\/#article\",\"isPartOf\":{\"@id\":\"https:\\\/\\\/gay.blog.br\\\/es\\\/gay-es\\\/ya-no-estamos-atados-a-un-ritmo-o-estilo-especifico-para-tocar-en-tv-o-radio-dice-el-cantante-syhmom\\\/\"},\"author\":{\"name\":\"Andr\u00e9 Aram\",\"@id\":\"https:\\\/\\\/gay.blog.br\\\/es\\\/#\\\/schema\\\/person\\\/59a4471c2fa312ae207122b509537a87\"},\"headline\":\"\u00abYa no estamos atados a un ritmo o estilo espec\u00edfico para tocar en TV o Radio\u00bb, dice el cantante Syhmom.\",\"datePublished\":\"2020-07-06T15:16:14+00:00\",\"dateModified\":\"2020-12-11T22:08:00+00:00\",\"mainEntityOfPage\":{\"@id\":\"https:\\\/\\\/gay.blog.br\\\/es\\\/gay-es\\\/ya-no-estamos-atados-a-un-ritmo-o-estilo-especifico-para-tocar-en-tv-o-radio-dice-el-cantante-syhmom\\\/\"},\"wordCount\":1085,\"commentCount\":0,\"publisher\":{\"@id\":\"https:\\\/\\\/gay.blog.br\\\/es\\\/#organization\"},\"image\":{\"@id\":\"https:\\\/\\\/gay.blog.br\\\/es\\\/gay-es\\\/ya-no-estamos-atados-a-un-ritmo-o-estilo-especifico-para-tocar-en-tv-o-radio-dice-el-cantante-syhmom\\\/#primaryimage\"},\"thumbnailUrl\":\"https:\\\/\\\/i0.wp.com\\\/gay.blog.br\\\/wp-content\\\/uploads\\\/2020\\\/07\\\/IMG_8541.jpg?fit=2560%2C1707&ssl=1\",\"articleSection\":[\"ENTREVISTAS\",\"GAY\",\"M\u00daSICA\"],\"inLanguage\":\"es\",\"potentialAction\":[{\"@type\":\"CommentAction\",\"name\":\"Comment\",\"target\":[\"https:\\\/\\\/gay.blog.br\\\/es\\\/gay-es\\\/ya-no-estamos-atados-a-un-ritmo-o-estilo-especifico-para-tocar-en-tv-o-radio-dice-el-cantante-syhmom\\\/#respond\"]}]},{\"@type\":\"WebPage\",\"@id\":\"https:\\\/\\\/gay.blog.br\\\/es\\\/gay-es\\\/ya-no-estamos-atados-a-un-ritmo-o-estilo-especifico-para-tocar-en-tv-o-radio-dice-el-cantante-syhmom\\\/\",\"url\":\"https:\\\/\\\/gay.blog.br\\\/es\\\/gay-es\\\/ya-no-estamos-atados-a-un-ritmo-o-estilo-especifico-para-tocar-en-tv-o-radio-dice-el-cantante-syhmom\\\/\",\"name\":\"\\\"Ya no estamos atados a un ritmo o estilo espec\u00edfico para tocar en TV o Radio\\\", dice el cantante Syhmom.\",\"isPartOf\":{\"@id\":\"https:\\\/\\\/gay.blog.br\\\/es\\\/#website\"},\"primaryImageOfPage\":{\"@id\":\"https:\\\/\\\/gay.blog.br\\\/es\\\/gay-es\\\/ya-no-estamos-atados-a-un-ritmo-o-estilo-especifico-para-tocar-en-tv-o-radio-dice-el-cantante-syhmom\\\/#primaryimage\"},\"image\":{\"@id\":\"https:\\\/\\\/gay.blog.br\\\/es\\\/gay-es\\\/ya-no-estamos-atados-a-un-ritmo-o-estilo-especifico-para-tocar-en-tv-o-radio-dice-el-cantante-syhmom\\\/#primaryimage\"},\"thumbnailUrl\":\"https:\\\/\\\/i0.wp.com\\\/gay.blog.br\\\/wp-content\\\/uploads\\\/2020\\\/07\\\/IMG_8541.jpg?fit=2560%2C1707&ssl=1\",\"datePublished\":\"2020-07-06T15:16:14+00:00\",\"dateModified\":\"2020-12-11T22:08:00+00:00\",\"description\":\"Nacido en una familia de m\u00fasicos, el cantante Syhmom declara su preferencia por los estilos Pop y MPB. En entrevista exclusiva para GAY BLOG BR, relata su presentaci\u00f3n en el Teatro Municipal de San Pablo\",\"breadcrumb\":{\"@id\":\"https:\\\/\\\/gay.blog.br\\\/es\\\/gay-es\\\/ya-no-estamos-atados-a-un-ritmo-o-estilo-especifico-para-tocar-en-tv-o-radio-dice-el-cantante-syhmom\\\/#breadcrumb\"},\"inLanguage\":\"es\",\"potentialAction\":[{\"@type\":\"ReadAction\",\"target\":[\"https:\\\/\\\/gay.blog.br\\\/es\\\/gay-es\\\/ya-no-estamos-atados-a-un-ritmo-o-estilo-especifico-para-tocar-en-tv-o-radio-dice-el-cantante-syhmom\\\/\"]}]},{\"@type\":\"ImageObject\",\"inLanguage\":\"es\",\"@id\":\"https:\\\/\\\/gay.blog.br\\\/es\\\/gay-es\\\/ya-no-estamos-atados-a-un-ritmo-o-estilo-especifico-para-tocar-en-tv-o-radio-dice-el-cantante-syhmom\\\/#primaryimage\",\"url\":\"https:\\\/\\\/i0.wp.com\\\/gay.blog.br\\\/wp-content\\\/uploads\\\/2020\\\/07\\\/IMG_8541.jpg?fit=2560%2C1707&ssl=1\",\"contentUrl\":\"https:\\\/\\\/i0.wp.com\\\/gay.blog.br\\\/wp-content\\\/uploads\\\/2020\\\/07\\\/IMG_8541.jpg?fit=2560%2C1707&ssl=1\",\"width\":2560,\"height\":1707},{\"@type\":\"BreadcrumbList\",\"@id\":\"https:\\\/\\\/gay.blog.br\\\/es\\\/gay-es\\\/ya-no-estamos-atados-a-un-ritmo-o-estilo-especifico-para-tocar-en-tv-o-radio-dice-el-cantante-syhmom\\\/#breadcrumb\",\"itemListElement\":[{\"@type\":\"ListItem\",\"position\":1,\"name\":\"In\u00edcio\",\"item\":\"https:\\\/\\\/gay.blog.br\\\/es\\\/\"},{\"@type\":\"ListItem\",\"position\":2,\"name\":\"\u00abYa no estamos atados a un ritmo o estilo espec\u00edfico para tocar en TV o Radio\u00bb, dice el cantante Syhmom.\"}]},{\"@type\":\"WebSite\",\"@id\":\"https:\\\/\\\/gay.blog.br\\\/es\\\/#website\",\"url\":\"https:\\\/\\\/gay.blog.br\\\/es\\\/\",\"name\":\"GAY BLOG BR @gayblogbr\",\"description\":\"Not\u00edcias que empoderam e\\\/ou entret\u00eam s\u00e3o especialidades da casa\",\"publisher\":{\"@id\":\"https:\\\/\\\/gay.blog.br\\\/es\\\/#organization\"},\"potentialAction\":[{\"@type\":\"SearchAction\",\"target\":{\"@type\":\"EntryPoint\",\"urlTemplate\":\"https:\\\/\\\/gay.blog.br\\\/es\\\/?s={search_term_string}\"},\"query-input\":{\"@type\":\"PropertyValueSpecification\",\"valueRequired\":true,\"valueName\":\"search_term_string\"}}],\"inLanguage\":\"es\"},{\"@type\":\"Organization\",\"@id\":\"https:\\\/\\\/gay.blog.br\\\/es\\\/#organization\",\"name\":\"GAY BLOG BR\",\"url\":\"https:\\\/\\\/gay.blog.br\\\/es\\\/\",\"logo\":{\"@type\":\"ImageObject\",\"inLanguage\":\"es\",\"@id\":\"https:\\\/\\\/gay.blog.br\\\/es\\\/#\\\/schema\\\/logo\\\/image\\\/\",\"url\":\"https:\\\/\\\/i0.wp.com\\\/gay.blog.br\\\/wp-content\\\/uploads\\\/2023\\\/08\\\/gay180px.png?fit=272%2C90&ssl=1\",\"contentUrl\":\"https:\\\/\\\/i0.wp.com\\\/gay.blog.br\\\/wp-content\\\/uploads\\\/2023\\\/08\\\/gay180px.png?fit=272%2C90&ssl=1\",\"width\":272,\"height\":90,\"caption\":\"GAY BLOG BR\"},\"image\":{\"@id\":\"https:\\\/\\\/gay.blog.br\\\/es\\\/#\\\/schema\\\/logo\\\/image\\\/\"},\"sameAs\":[\"https:\\\/\\\/facebook.com\\\/gayblogbr\",\"https:\\\/\\\/x.com\\\/gayblogbr\",\"https:\\\/\\\/instagram.com\\\/gayblogbr\",\"https:\\\/\\\/www.linkedin.com\\\/company\\\/gayblogbr\\\/\",\"https:\\\/\\\/br.pinterest.com\\\/gayblogbr\\\/\",\"https:\\\/\\\/www.youtube.com\\\/channel\\\/UCdEu3JXLOB-wvWAVUF4AIiA\",\"https:\\\/\\\/pt.wikipedia.org\\\/wiki\\\/Gay_Blog_Br\",\"https:\\\/\\\/www.threads.net\\\/@gayblogbr\"]},{\"@type\":\"Person\",\"@id\":\"https:\\\/\\\/gay.blog.br\\\/es\\\/#\\\/schema\\\/person\\\/59a4471c2fa312ae207122b509537a87\",\"name\":\"Andr\u00e9 Aram\",\"image\":{\"@type\":\"ImageObject\",\"inLanguage\":\"es\",\"@id\":\"https:\\\/\\\/secure.gravatar.com\\\/avatar\\\/2c85547dbbd1358696029970d8cb1ad363b94b546b682c26b5db210aee9eada8?s=96&d=mm&r=g\",\"url\":\"https:\\\/\\\/secure.gravatar.com\\\/avatar\\\/2c85547dbbd1358696029970d8cb1ad363b94b546b682c26b5db210aee9eada8?s=96&d=mm&r=g\",\"contentUrl\":\"https:\\\/\\\/secure.gravatar.com\\\/avatar\\\/2c85547dbbd1358696029970d8cb1ad363b94b546b682c26b5db210aee9eada8?s=96&d=mm&r=g\",\"caption\":\"Andr\u00e9 Aram\"},\"sameAs\":[\"https:\\\/\\\/gay.blog.br\\\/author\\\/andrearam\",\"https:\\\/\\\/facebook.com\\\/gayblogbr\",\"https:\\\/\\\/instagram.com\\\/gayblogbr\",\"https:\\\/\\\/x.com\\\/https:\\\/\\\/twittercom\\\/gayblogbr\"],\"url\":\"https:\\\/\\\/gay.blog.br\\\/es\\\/author\\\/andrearam\\\/\"}]}<\/script>\n<!-- \/ Yoast SEO plugin. -->","yoast_head_json":{"title":"\"Ya no estamos atados a un ritmo o estilo espec\u00edfico para tocar en TV o Radio\", dice el cantante Syhmom.","description":"Nacido en una familia de m\u00fasicos, el cantante Syhmom declara su preferencia por los estilos Pop y MPB. En entrevista exclusiva para GAY BLOG BR, relata su presentaci\u00f3n en el Teatro Municipal de San Pablo","robots":{"index":"index","follow":"follow","max-snippet":"max-snippet:-1","max-image-preview":"max-image-preview:large","max-video-preview":"max-video-preview:-1"},"canonical":"https:\/\/gay.blog.br\/es\/gay-es\/ya-no-estamos-atados-a-un-ritmo-o-estilo-especifico-para-tocar-en-tv-o-radio-dice-el-cantante-syhmom\/","og_locale":"es_ES","og_type":"article","og_title":"\"Ya no estamos atados a un ritmo o estilo espec\u00edfico para tocar en TV o Radio\", dice el cantante Syhmom.","og_description":"Nacido en una familia de m\u00fasicos, el cantante Syhmom declara su preferencia por los estilos Pop y MPB. En entrevista exclusiva para GAY BLOG BR, relata su presentaci\u00f3n en el Teatro Municipal de San Pablo","og_url":"https:\/\/gay.blog.br\/es\/gay-es\/ya-no-estamos-atados-a-un-ritmo-o-estilo-especifico-para-tocar-en-tv-o-radio-dice-el-cantante-syhmom\/","og_site_name":"GAY BLOG BR @gayblogbr","article_publisher":"https:\/\/facebook.com\/gayblogbr","article_author":"https:\/\/facebook.com\/gayblogbr","article_published_time":"2020-07-06T15:16:14+00:00","article_modified_time":"2020-12-11T22:08:00+00:00","og_image":[{"width":2560,"height":1707,"url":"https:\/\/i0.wp.com\/gay.blog.br\/wp-content\/uploads\/2020\/07\/IMG_8541.jpg?fit=2560%2C1707&ssl=1","type":"image\/jpeg"}],"author":"Andr\u00e9 Aram","twitter_card":"summary_large_image","twitter_creator":"@https:\/\/twittercom\/gayblogbr","twitter_site":"@gayblogbr","twitter_misc":{"Escrito por":"Andr\u00e9 Aram","Tiempo de lectura":"5 minutos"},"schema":{"@context":"https:\/\/schema.org","@graph":[{"@type":"Article","@id":"https:\/\/gay.blog.br\/es\/gay-es\/ya-no-estamos-atados-a-un-ritmo-o-estilo-especifico-para-tocar-en-tv-o-radio-dice-el-cantante-syhmom\/#article","isPartOf":{"@id":"https:\/\/gay.blog.br\/es\/gay-es\/ya-no-estamos-atados-a-un-ritmo-o-estilo-especifico-para-tocar-en-tv-o-radio-dice-el-cantante-syhmom\/"},"author":{"name":"Andr\u00e9 Aram","@id":"https:\/\/gay.blog.br\/es\/#\/schema\/person\/59a4471c2fa312ae207122b509537a87"},"headline":"\u00abYa no estamos atados a un ritmo o estilo espec\u00edfico para tocar en TV o Radio\u00bb, dice el cantante Syhmom.","datePublished":"2020-07-06T15:16:14+00:00","dateModified":"2020-12-11T22:08:00+00:00","mainEntityOfPage":{"@id":"https:\/\/gay.blog.br\/es\/gay-es\/ya-no-estamos-atados-a-un-ritmo-o-estilo-especifico-para-tocar-en-tv-o-radio-dice-el-cantante-syhmom\/"},"wordCount":1085,"commentCount":0,"publisher":{"@id":"https:\/\/gay.blog.br\/es\/#organization"},"image":{"@id":"https:\/\/gay.blog.br\/es\/gay-es\/ya-no-estamos-atados-a-un-ritmo-o-estilo-especifico-para-tocar-en-tv-o-radio-dice-el-cantante-syhmom\/#primaryimage"},"thumbnailUrl":"https:\/\/i0.wp.com\/gay.blog.br\/wp-content\/uploads\/2020\/07\/IMG_8541.jpg?fit=2560%2C1707&ssl=1","articleSection":["ENTREVISTAS","GAY","M\u00daSICA"],"inLanguage":"es","potentialAction":[{"@type":"CommentAction","name":"Comment","target":["https:\/\/gay.blog.br\/es\/gay-es\/ya-no-estamos-atados-a-un-ritmo-o-estilo-especifico-para-tocar-en-tv-o-radio-dice-el-cantante-syhmom\/#respond"]}]},{"@type":"WebPage","@id":"https:\/\/gay.blog.br\/es\/gay-es\/ya-no-estamos-atados-a-un-ritmo-o-estilo-especifico-para-tocar-en-tv-o-radio-dice-el-cantante-syhmom\/","url":"https:\/\/gay.blog.br\/es\/gay-es\/ya-no-estamos-atados-a-un-ritmo-o-estilo-especifico-para-tocar-en-tv-o-radio-dice-el-cantante-syhmom\/","name":"\"Ya no estamos atados a un ritmo o estilo espec\u00edfico para tocar en TV o Radio\", dice el cantante Syhmom.","isPartOf":{"@id":"https:\/\/gay.blog.br\/es\/#website"},"primaryImageOfPage":{"@id":"https:\/\/gay.blog.br\/es\/gay-es\/ya-no-estamos-atados-a-un-ritmo-o-estilo-especifico-para-tocar-en-tv-o-radio-dice-el-cantante-syhmom\/#primaryimage"},"image":{"@id":"https:\/\/gay.blog.br\/es\/gay-es\/ya-no-estamos-atados-a-un-ritmo-o-estilo-especifico-para-tocar-en-tv-o-radio-dice-el-cantante-syhmom\/#primaryimage"},"thumbnailUrl":"https:\/\/i0.wp.com\/gay.blog.br\/wp-content\/uploads\/2020\/07\/IMG_8541.jpg?fit=2560%2C1707&ssl=1","datePublished":"2020-07-06T15:16:14+00:00","dateModified":"2020-12-11T22:08:00+00:00","description":"Nacido en una familia de m\u00fasicos, el cantante Syhmom declara su preferencia por los estilos Pop y MPB. En entrevista exclusiva para GAY BLOG BR, relata su presentaci\u00f3n en el Teatro Municipal de San Pablo","breadcrumb":{"@id":"https:\/\/gay.blog.br\/es\/gay-es\/ya-no-estamos-atados-a-un-ritmo-o-estilo-especifico-para-tocar-en-tv-o-radio-dice-el-cantante-syhmom\/#breadcrumb"},"inLanguage":"es","potentialAction":[{"@type":"ReadAction","target":["https:\/\/gay.blog.br\/es\/gay-es\/ya-no-estamos-atados-a-un-ritmo-o-estilo-especifico-para-tocar-en-tv-o-radio-dice-el-cantante-syhmom\/"]}]},{"@type":"ImageObject","inLanguage":"es","@id":"https:\/\/gay.blog.br\/es\/gay-es\/ya-no-estamos-atados-a-un-ritmo-o-estilo-especifico-para-tocar-en-tv-o-radio-dice-el-cantante-syhmom\/#primaryimage","url":"https:\/\/i0.wp.com\/gay.blog.br\/wp-content\/uploads\/2020\/07\/IMG_8541.jpg?fit=2560%2C1707&ssl=1","contentUrl":"https:\/\/i0.wp.com\/gay.blog.br\/wp-content\/uploads\/2020\/07\/IMG_8541.jpg?fit=2560%2C1707&ssl=1","width":2560,"height":1707},{"@type":"BreadcrumbList","@id":"https:\/\/gay.blog.br\/es\/gay-es\/ya-no-estamos-atados-a-un-ritmo-o-estilo-especifico-para-tocar-en-tv-o-radio-dice-el-cantante-syhmom\/#breadcrumb","itemListElement":[{"@type":"ListItem","position":1,"name":"In\u00edcio","item":"https:\/\/gay.blog.br\/es\/"},{"@type":"ListItem","position":2,"name":"\u00abYa no estamos atados a un ritmo o estilo espec\u00edfico para tocar en TV o Radio\u00bb, dice el cantante Syhmom."}]},{"@type":"WebSite","@id":"https:\/\/gay.blog.br\/es\/#website","url":"https:\/\/gay.blog.br\/es\/","name":"GAY BLOG BR @gayblogbr","description":"Not\u00edcias que empoderam e\/ou entret\u00eam s\u00e3o especialidades da casa","publisher":{"@id":"https:\/\/gay.blog.br\/es\/#organization"},"potentialAction":[{"@type":"SearchAction","target":{"@type":"EntryPoint","urlTemplate":"https:\/\/gay.blog.br\/es\/?s={search_term_string}"},"query-input":{"@type":"PropertyValueSpecification","valueRequired":true,"valueName":"search_term_string"}}],"inLanguage":"es"},{"@type":"Organization","@id":"https:\/\/gay.blog.br\/es\/#organization","name":"GAY BLOG BR","url":"https:\/\/gay.blog.br\/es\/","logo":{"@type":"ImageObject","inLanguage":"es","@id":"https:\/\/gay.blog.br\/es\/#\/schema\/logo\/image\/","url":"https:\/\/i0.wp.com\/gay.blog.br\/wp-content\/uploads\/2023\/08\/gay180px.png?fit=272%2C90&ssl=1","contentUrl":"https:\/\/i0.wp.com\/gay.blog.br\/wp-content\/uploads\/2023\/08\/gay180px.png?fit=272%2C90&ssl=1","width":272,"height":90,"caption":"GAY BLOG BR"},"image":{"@id":"https:\/\/gay.blog.br\/es\/#\/schema\/logo\/image\/"},"sameAs":["https:\/\/facebook.com\/gayblogbr","https:\/\/x.com\/gayblogbr","https:\/\/instagram.com\/gayblogbr","https:\/\/www.linkedin.com\/company\/gayblogbr\/","https:\/\/br.pinterest.com\/gayblogbr\/","https:\/\/www.youtube.com\/channel\/UCdEu3JXLOB-wvWAVUF4AIiA","https:\/\/pt.wikipedia.org\/wiki\/Gay_Blog_Br","https:\/\/www.threads.net\/@gayblogbr"]},{"@type":"Person","@id":"https:\/\/gay.blog.br\/es\/#\/schema\/person\/59a4471c2fa312ae207122b509537a87","name":"Andr\u00e9 Aram","image":{"@type":"ImageObject","inLanguage":"es","@id":"https:\/\/secure.gravatar.com\/avatar\/2c85547dbbd1358696029970d8cb1ad363b94b546b682c26b5db210aee9eada8?s=96&d=mm&r=g","url":"https:\/\/secure.gravatar.com\/avatar\/2c85547dbbd1358696029970d8cb1ad363b94b546b682c26b5db210aee9eada8?s=96&d=mm&r=g","contentUrl":"https:\/\/secure.gravatar.com\/avatar\/2c85547dbbd1358696029970d8cb1ad363b94b546b682c26b5db210aee9eada8?s=96&d=mm&r=g","caption":"Andr\u00e9 Aram"},"sameAs":["https:\/\/gay.blog.br\/author\/andrearam","https:\/\/facebook.com\/gayblogbr","https:\/\/instagram.com\/gayblogbr","https:\/\/x.com\/https:\/\/twittercom\/gayblogbr"],"url":"https:\/\/gay.blog.br\/es\/author\/andrearam\/"}]}},"jetpack_publicize_connections":[],"jetpack_featured_media_url":"https:\/\/i0.wp.com\/gay.blog.br\/wp-content\/uploads\/2020\/07\/IMG_8541.jpg?fit=2560%2C1707&ssl=1","jetpack_sharing_enabled":true,"jetpack_shortlink":"https:\/\/wp.me\/p6klkK-qiI","jetpack_likes_enabled":false,"amp_enabled":true,"_links":{"self":[{"href":"https:\/\/gay.blog.br\/es\/wp-json\/wp\/v2\/posts\/101104","targetHints":{"allow":["GET"]}}],"collection":[{"href":"https:\/\/gay.blog.br\/es\/wp-json\/wp\/v2\/posts"}],"about":[{"href":"https:\/\/gay.blog.br\/es\/wp-json\/wp\/v2\/types\/post"}],"author":[{"embeddable":true,"href":"https:\/\/gay.blog.br\/es\/wp-json\/wp\/v2\/users\/3482"}],"replies":[{"embeddable":true,"href":"https:\/\/gay.blog.br\/es\/wp-json\/wp\/v2\/comments?post=101104"}],"version-history":[{"count":0,"href":"https:\/\/gay.blog.br\/es\/wp-json\/wp\/v2\/posts\/101104\/revisions"}],"wp:featuredmedia":[{"embeddable":true,"href":"https:\/\/gay.blog.br\/es\/wp-json\/wp\/v2\/media\/82797"}],"wp:attachment":[{"href":"https:\/\/gay.blog.br\/es\/wp-json\/wp\/v2\/media?parent=101104"}],"wp:term":[{"taxonomy":"category","embeddable":true,"href":"https:\/\/gay.blog.br\/es\/wp-json\/wp\/v2\/categories?post=101104"},{"taxonomy":"post_tag","embeddable":true,"href":"https:\/\/gay.blog.br\/es\/wp-json\/wp\/v2\/tags?post=101104"}],"curies":[{"name":"wp","href":"https:\/\/api.w.org\/{rel}","templated":true}]}}