{"id":101326,"date":"2020-06-26T02:28:37","date_gmt":"2020-06-26T05:28:37","guid":{"rendered":"https:\/\/gay.blog.br\/?p=101326"},"modified":"2020-12-13T16:37:12","modified_gmt":"2020-12-13T19:37:12","slug":"en-una-entrevista-los-directores-recuerdan-los-desafios-del-documental-indianara","status":"publish","type":"post","link":"https:\/\/gay.blog.br\/es\/entrevistas-es\/en-una-entrevista-los-directores-recuerdan-los-desafios-del-documental-indianara\/","title":{"rendered":"En una entrevista, los directores recuerdan los desaf\u00edos del documental \u00abIndianara\u00bb"},"content":{"rendered":"<p style=\"text-align: justify;\"><span style=\"font-weight: 400;\">Despu\u00e9s de ser exhibido en el Festival de Cannes en 2019, el documental <strong>\u00abIndianara\u00bb<\/strong> fue seleccionado para 40 Festivales Internacionales y presentado en 15 pa\u00edses de Europa, Am\u00e9rica y Asia. <\/span><span style=\"font-weight: 400;\">Aqu\u00ed, en Brasil, se llev\u00f3 el <a href=\"https:\/\/gay.blog.br\/cultura\/filmes-tv-e-series\/indianara-vence-coelho-de-ouro-no-festival-mix-brasil\/\">Conejo de Oro a la Mejor Pel\u00edcula (Jurado) en el Festival MixBrasil<\/a> y debut\u00f3 el pasado jueves 25 en las plataformas de <em>iTunes, Google Play, NOW, Looke, Vivo Play y Amazon.<\/em> A partir del 5 de julio, m\u00e1s de 195 pa\u00edses tendr\u00e1n acceso a la obra a trav\u00e9s de MUBI. <\/span><\/p>\n<figure id=\"attachment_46878\" aria-describedby=\"caption-attachment-46878\" style=\"width: 3508px\" class=\"wp-caption aligncenter\"><a href=\"http:\/\/instagram.com\/gayblogbr\"><img data-recalc-dims=\"1\" loading=\"lazy\" decoding=\"async\" class=\"wp-image-46878 size-full\" src=\"https:\/\/i0.wp.com\/gay.blog.br\/wp-content\/uploads\/2020\/06\/INDIANARA_cartaz_brasil.jpg?resize=696%2C930&#038;ssl=1\" alt=\"\" width=\"696\" height=\"930\" srcset=\"https:\/\/i0.wp.com\/gay.blog.br\/wp-content\/uploads\/2020\/06\/INDIANARA_cartaz_brasil.jpg?w=1915&amp;ssl=1 1915w, https:\/\/i0.wp.com\/gay.blog.br\/wp-content\/uploads\/2020\/06\/INDIANARA_cartaz_brasil.jpg?resize=224%2C300&amp;ssl=1 224w, https:\/\/i0.wp.com\/gay.blog.br\/wp-content\/uploads\/2020\/06\/INDIANARA_cartaz_brasil.jpg?resize=766%2C1024&amp;ssl=1 766w, https:\/\/i0.wp.com\/gay.blog.br\/wp-content\/uploads\/2020\/06\/INDIANARA_cartaz_brasil.jpg?resize=112%2C150&amp;ssl=1 112w, https:\/\/i0.wp.com\/gay.blog.br\/wp-content\/uploads\/2020\/06\/INDIANARA_cartaz_brasil.jpg?resize=768%2C1027&amp;ssl=1 768w, https:\/\/i0.wp.com\/gay.blog.br\/wp-content\/uploads\/2020\/06\/INDIANARA_cartaz_brasil.jpg?resize=1149%2C1536&amp;ssl=1 1149w, https:\/\/i0.wp.com\/gay.blog.br\/wp-content\/uploads\/2020\/06\/INDIANARA_cartaz_brasil.jpg?resize=1532%2C2048&amp;ssl=1 1532w, https:\/\/i0.wp.com\/gay.blog.br\/wp-content\/uploads\/2020\/06\/INDIANARA_cartaz_brasil.jpg?resize=696%2C930&amp;ssl=1 696w, https:\/\/i0.wp.com\/gay.blog.br\/wp-content\/uploads\/2020\/06\/INDIANARA_cartaz_brasil.jpg?resize=1392%2C1861&amp;ssl=1 1392w, https:\/\/i0.wp.com\/gay.blog.br\/wp-content\/uploads\/2020\/06\/INDIANARA_cartaz_brasil.jpg?resize=1068%2C1428&amp;ssl=1 1068w, https:\/\/i0.wp.com\/gay.blog.br\/wp-content\/uploads\/2020\/06\/INDIANARA_cartaz_brasil.jpg?resize=1920%2C2566&amp;ssl=1 1920w, https:\/\/i0.wp.com\/gay.blog.br\/wp-content\/uploads\/2020\/06\/INDIANARA_cartaz_brasil.jpg?resize=314%2C420&amp;ssl=1 314w, https:\/\/i0.wp.com\/gay.blog.br\/wp-content\/uploads\/2020\/06\/INDIANARA_cartaz_brasil.jpg?resize=628%2C840&amp;ssl=1 628w\" sizes=\"auto, (max-width: 696px) 100vw, 696px\" \/><\/a><figcaption id=\"caption-attachment-46878\" class=\"wp-caption-text\">Divulgaci\u00f3n<\/figcaption><\/figure>\n<p style=\"text-align: justify;\"><span style=\"font-weight: 400;\">Vegana, anticapitalista y puta. Es as\u00ed como se define <strong>Indiana Siqueira<\/strong> en su pel\u00edcula biogr\u00e1fica. Siqueira milita no solo por la supervivencia de las personas LGBTI, sino tambi\u00e9n por los oprimidos de la sociedad en general<\/span><span style=\"font-weight: 400;\">. La pel\u00edcula retrata la vida cotidiana de Indianara ante la p\u00e9rdida de su compa\u00f1era de lucha, Marielle Franco, y el avance del totalitarismo en Brasil, buscando fuerzas para emprender un \u00faltimo acto de resistencia.<\/span><\/p>\n<p style=\"text-align: justify;\"><span style=\"font-weight: 400;\"><span style=\"font-weight: 400;\"><b>GAY BLOG BR<\/b> habl\u00f3 en exclusiva con los creadores de la obra, la francesa <strong>Aude Chevalier-Beaumel<\/strong> y el brasile\u00f1o <strong>Marcelo Barbosa.<\/strong><\/span><\/span><\/p>\n<p style=\"text-align: justify;\"><img data-recalc-dims=\"1\" loading=\"lazy\" decoding=\"async\" class=\"aligncenter wp-image-46879 size-full\" src=\"https:\/\/i0.wp.com\/gay.blog.br\/wp-content\/uploads\/2020\/06\/aude_marcelo_divulgacao.jpg?resize=696%2C502&#038;ssl=1\" alt=\"\" width=\"696\" height=\"502\" srcset=\"https:\/\/i0.wp.com\/gay.blog.br\/wp-content\/uploads\/2020\/06\/aude_marcelo_divulgacao.jpg?w=971&amp;ssl=1 971w, https:\/\/i0.wp.com\/gay.blog.br\/wp-content\/uploads\/2020\/06\/aude_marcelo_divulgacao.jpg?resize=300%2C216&amp;ssl=1 300w, https:\/\/i0.wp.com\/gay.blog.br\/wp-content\/uploads\/2020\/06\/aude_marcelo_divulgacao.jpg?resize=150%2C108&amp;ssl=1 150w, https:\/\/i0.wp.com\/gay.blog.br\/wp-content\/uploads\/2020\/06\/aude_marcelo_divulgacao.jpg?resize=768%2C554&amp;ssl=1 768w, https:\/\/i0.wp.com\/gay.blog.br\/wp-content\/uploads\/2020\/06\/aude_marcelo_divulgacao.jpg?resize=696%2C502&amp;ssl=1 696w, https:\/\/i0.wp.com\/gay.blog.br\/wp-content\/uploads\/2020\/06\/aude_marcelo_divulgacao.jpg?resize=583%2C420&amp;ssl=1 583w, https:\/\/i0.wp.com\/gay.blog.br\/wp-content\/uploads\/2020\/06\/aude_marcelo_divulgacao.jpg?resize=324%2C235&amp;ssl=1 324w\" sizes=\"auto, (max-width: 696px) 100vw, 696px\" \/><\/p>\n<p style=\"text-align: justify;\"><b>\u00bfC\u00f3mo se enter\u00f3 de la historia de Indianara? <\/b><\/p>\n<p style=\"text-align: justify;\"><b>Aude Chevalier-Beaumel &#8211;<\/b><span style=\"font-weight: 400;\"> Conoc\u00ed a Indianara en 2014, a trav\u00e9s de Rog\u00e9ria Peixinho, una activista feminista lesbiana negra. Estaba dirigiendo y grabando el documental \u00abSexo, predicaci\u00f3n y pol\u00edtica\u00bb, una pel\u00edcula sobre el avance de los evang\u00e9licos en la pol\u00edtica en Brasil y el retroceso de las libertades individuales. Esto durante las elecciones presidenciales de 2014 hasta el juicio pol\u00edtico de Dilma. Luego, me comuniqu\u00e9 con Indianara para una entrevista y ella hizo una cita conmigo el D\u00eda de la Memoria Trans, en la oficina del congresista Jean Wyllys, en el momento en que ella trabajaba con \u00e9l. Luego continuamos grabando en la plaza p\u00fablica, donde, en ese Trans Memory Day, realiz\u00f3 un acto en formato de <\/span><i><span style=\"font-weight: 400;\">happening <\/span><\/i><span style=\"font-weight: 400;\">(evento), como siempre. Puso sus pechos a la vista, un meg\u00e1fono en una mano y las banderas LGBTI y Trans en la otra, y as\u00ed enuncia los nombres de las personas trans asesinadas durante el a\u00f1o. El peque\u00f1o p\u00fablico respondi\u00f3 a cada nombre presente. Fue una imagen doblemente impactante para m\u00ed, primero, visualmente, parec\u00eda una Mariana de la revoluci\u00f3n francesa como en el cuadro de Delacroix. <\/span><i><span style=\"font-weight: 400;\">\u00abLa libert\u00e9 guidant le peuple\u00bb<\/span><\/i><span style=\"font-weight: 400;\">. \u00a1Una imagen de liberaci\u00f3n! Es notable por la cantidad de v\u00edctimas trans asesinadas en Brasil. A partir de entonces, la segu\u00ed con la idea de hacer una pel\u00edcula sobre ella. Ella tambi\u00e9n acompa\u00f1\u00f3 a la pel\u00edcula anterior, en los debates y nos acercamos. En 2017, volver\u00e9 ese mismo d\u00eda, de memoria trans, en Cinel\u00e2ndia, junto a Marcelo, para hacer nuestra primera grabaci\u00f3n.<\/span><\/p>\n<p style=\"text-align: justify;\"><b>Marcelo Barbosa &#8211;<\/b><span style=\"font-weight: 400;\"> Mi primer contacto fue en el mismo lugar, las escaleras del Ayuntamiento, en Cinel\u00e2ndia, que es tan simb\u00f3lico para las luchas en R\u00edo de Janeiro. Mientras esperaba que comenzara el acto, me arm\u00e9 de valor para ir a saludarla. Lo primero que me dijo fue: \u00abEstoy muerta de cansancio\u00bb. Esto fue m\u00e1s evidente en nuestras otras reuniones y este cierre del ciclo ya nos ha dado un arco en la historia. El arco de Indianara y Casa Nem, desde el principio, fueron un paralelo para los habitantes del arco Nueva Rep\u00fablica de Brasil. Pero era urgente actuar con rapidez, ya todo estaba pasando ante nuestros ojos. Al principio no hablamos tanto, profundizamos en la historia con la c\u00e1mara encendida, no hubo preparaci\u00f3n, salvo un cruce entre nuestros ideales y los de ella.<\/span><\/p>\n<figure id=\"attachment_46886\" aria-describedby=\"caption-attachment-46886\" style=\"width: 1920px\" class=\"wp-caption aligncenter\"><a href=\"http:\/\/instagram.com\/gayblogbr\"><img data-recalc-dims=\"1\" loading=\"lazy\" decoding=\"async\" class=\"wp-image-46886 size-full\" src=\"https:\/\/i0.wp.com\/gay.blog.br\/wp-content\/uploads\/2020\/06\/siririqueira.jpg?resize=696%2C392&#038;ssl=1\" alt=\"\" width=\"696\" height=\"392\" srcset=\"https:\/\/i0.wp.com\/gay.blog.br\/wp-content\/uploads\/2020\/06\/siririqueira.jpg?w=1920&amp;ssl=1 1920w, https:\/\/i0.wp.com\/gay.blog.br\/wp-content\/uploads\/2020\/06\/siririqueira.jpg?resize=300%2C169&amp;ssl=1 300w, https:\/\/i0.wp.com\/gay.blog.br\/wp-content\/uploads\/2020\/06\/siririqueira.jpg?resize=1024%2C576&amp;ssl=1 1024w, https:\/\/i0.wp.com\/gay.blog.br\/wp-content\/uploads\/2020\/06\/siririqueira.jpg?resize=150%2C84&amp;ssl=1 150w, https:\/\/i0.wp.com\/gay.blog.br\/wp-content\/uploads\/2020\/06\/siririqueira.jpg?resize=768%2C432&amp;ssl=1 768w, https:\/\/i0.wp.com\/gay.blog.br\/wp-content\/uploads\/2020\/06\/siririqueira.jpg?resize=1536%2C864&amp;ssl=1 1536w, https:\/\/i0.wp.com\/gay.blog.br\/wp-content\/uploads\/2020\/06\/siririqueira.jpg?resize=696%2C392&amp;ssl=1 696w, https:\/\/i0.wp.com\/gay.blog.br\/wp-content\/uploads\/2020\/06\/siririqueira.jpg?resize=1392%2C783&amp;ssl=1 1392w, https:\/\/i0.wp.com\/gay.blog.br\/wp-content\/uploads\/2020\/06\/siririqueira.jpg?resize=1068%2C601&amp;ssl=1 1068w, https:\/\/i0.wp.com\/gay.blog.br\/wp-content\/uploads\/2020\/06\/siririqueira.jpg?resize=747%2C420&amp;ssl=1 747w, https:\/\/i0.wp.com\/gay.blog.br\/wp-content\/uploads\/2020\/06\/siririqueira.jpg?resize=1493%2C840&amp;ssl=1 1493w\" sizes=\"auto, (max-width: 696px) 100vw, 696px\" \/><\/a><figcaption id=\"caption-attachment-46886\" class=\"wp-caption-text\">Divulgaci\u00f3n<\/figcaption><\/figure>\n<p style=\"text-align: justify;\"><b>Ante algunas figuras representativas del entorno LGBTI en Brasil. \u00bfPor qu\u00e9 Indianara? <\/b><\/p>\n<p style=\"text-align: justify;\"><b>Aude Chevalier-Beaumel &#8211;<\/b><span style=\"font-weight: 400;\"> No quer\u00edamos hacer una pel\u00edcula sobre una persona LGBTI y no ve\u00edamos a Indianara por su g\u00e9nero sino por la lucha por los derechos humanos y, sobre todo, vimos en Indianara a una persona a la vanguardia, avanzando en varios temas. Una persona que empodera a quienes la rodean. Una persona que vive en armon\u00eda con las ideas y tiene respuestas reales, concretas e incluso simb\u00f3licas a los problemas sociales. Pero, si queremos hablar del g\u00e9nero, creo que Indianara destaca por su no binariedad. Rompe todos los est\u00e1ndares, incluidos los est\u00e1ndares Trans y LGBTI. Hoy, por ejemplo, se deja crecer el bigote y es criticada por algunas personas trans, pero es libre, libre de cualquier est\u00e1ndar y eso es lo que creo que es su mensaje. Ella no quiere que la llamen mujer, hombre o persona trans, <\/span><span style=\"font-weight: 400;\">solo un ser humano con pecho y pene, y digo&#8230; \u00a1mucho m\u00e1s!<\/span><\/p>\n<p style=\"text-align: justify;\"><b>Marcelo Barbosa &#8211;<\/b><span style=\"font-weight: 400;\"> Definitivamente fue el hecho de que no es binario y no solo en el tema de g\u00e9nero, sino tambi\u00e9n en el tema pol\u00edtico y moral. Esto fue muy fuerte en m\u00ed, en un momento en que la sociedad y los argumentos est\u00e1n divididos. Vemos en Indianara una forma de hablar de la empat\u00eda sin ser melindroso y sin dictar reglas. La historia fue dise\u00f1ada para nosotros como una anatom\u00eda de la empat\u00eda, que es tan hablada y dif\u00edcil de aplicar. Aparte de eso, sab\u00edamos que su fuerza nos transformar\u00eda y quer\u00edamos registrar la transformaci\u00f3n de nuestros ojos, como testimonio de un posible cambio para todos. Y por \u00faltimo, es un ser cinematogr\u00e1fico, un personaje que pocas veces te encuentras en tu vida. Vea las escenas con el esposo, juntos tienen un tiempo que muchos actores luchan por tener. De todos modos, una historia que deber\u00eda contarse, si no para nosotros, para otro. De ah\u00ed que medimos la importancia de colocar en la pinacoteca el mito urbano que ya estaba en las calles.<\/span><\/p>\n<figure id=\"attachment_46880\" aria-describedby=\"caption-attachment-46880\" style=\"width: 1087px\" class=\"wp-caption aligncenter\"><a href=\"http:\/\/instagram.com\/gayblogbr\"><img data-recalc-dims=\"1\" loading=\"lazy\" decoding=\"async\" class=\"wp-image-46880 size-full\" src=\"https:\/\/i0.wp.com\/gay.blog.br\/wp-content\/uploads\/2020\/06\/Festival-de-Cannes.jpg?resize=696%2C869&#038;ssl=1\" alt=\"\" width=\"696\" height=\"869\" srcset=\"https:\/\/i0.wp.com\/gay.blog.br\/wp-content\/uploads\/2020\/06\/Festival-de-Cannes.jpg?w=1087&amp;ssl=1 1087w, https:\/\/i0.wp.com\/gay.blog.br\/wp-content\/uploads\/2020\/06\/Festival-de-Cannes.jpg?resize=240%2C300&amp;ssl=1 240w, https:\/\/i0.wp.com\/gay.blog.br\/wp-content\/uploads\/2020\/06\/Festival-de-Cannes.jpg?resize=820%2C1024&amp;ssl=1 820w, https:\/\/i0.wp.com\/gay.blog.br\/wp-content\/uploads\/2020\/06\/Festival-de-Cannes.jpg?resize=120%2C150&amp;ssl=1 120w, https:\/\/i0.wp.com\/gay.blog.br\/wp-content\/uploads\/2020\/06\/Festival-de-Cannes.jpg?resize=768%2C959&amp;ssl=1 768w, https:\/\/i0.wp.com\/gay.blog.br\/wp-content\/uploads\/2020\/06\/Festival-de-Cannes.jpg?resize=696%2C869&amp;ssl=1 696w, https:\/\/i0.wp.com\/gay.blog.br\/wp-content\/uploads\/2020\/06\/Festival-de-Cannes.jpg?resize=1068%2C1333&amp;ssl=1 1068w, https:\/\/i0.wp.com\/gay.blog.br\/wp-content\/uploads\/2020\/06\/Festival-de-Cannes.jpg?resize=336%2C420&amp;ssl=1 336w, https:\/\/i0.wp.com\/gay.blog.br\/wp-content\/uploads\/2020\/06\/Festival-de-Cannes.jpg?resize=673%2C840&amp;ssl=1 673w\" sizes=\"auto, (max-width: 696px) 100vw, 696px\" \/><\/a><figcaption id=\"caption-attachment-46880\" class=\"wp-caption-text\">Divulgaci\u00f3n<\/figcaption><\/figure>\n<p style=\"text-align: justify;\"><b>Interesante que en el documental \u00abIndianara\u00bb no hay esas declaraciones frente a la c\u00e1mara que son tan comunes en el lenguaje de los documentales, de hecho la c\u00e1mara sigue el d\u00eda a d\u00eda, su rutina (y la recepci\u00f3n) como si ella no estuviera all\u00ed. \u00bfC\u00f3mo lograste hacerla sentir tan c\u00f3moda con un equipo detr\u00e1s? <\/b><\/p>\n<p style=\"text-align: justify;\"><b>Aude Chevalier-Beaumel &#8211; <\/b><span style=\"font-weight: 400;\">El equipo eramos solo Marcelo y yo, en las grabaciones. Primero, por necesidad, porque no ten\u00edamos presupuesto, no ten\u00edamos personal para registrar y hab\u00eda una urgencia de registrar en ese momento, urgencia en la pol\u00edtica y la vida de Indianara, Casa Nem, el refugio y la vida de las minor\u00edas que representa. E Indianara nunca nos vio como un equipo de c\u00e1mara, ni siquiera le importaba la c\u00e1mara, pero nos hizo participar de su vida y de la comunidad como seres humanos. Por supuesto, ella estaba consciente y seg\u00fan el registro que hicimos. Ella es muy consciente del Registro, en la necesidad de inscribirse para las generaciones futuras, ese es el papel del documental. Sobre no tener una entrevista, incluso hicimos una entrevista larga con Indianara, al final de la grabaci\u00f3n, para mantener ese registro tambi\u00e9n. Pero personalmente sent\u00ed que la pel\u00edcula iba a existir sin entrevistas, creo que Marcelo tambi\u00e9n. Quer\u00edamos hacer una pel\u00edcula de cine, una pel\u00edcula popular, como una ficci\u00f3n, que pudiera llegar a la mayor cantidad de gente posible. Y la pel\u00edcula al final se mont\u00f3 as\u00ed, como una pel\u00edcula cl\u00e1sica, siguiendo las ense\u00f1anzas de los maestros en gui\u00f3n y construcciones narrativas. La gente se burla de la temporalidad de los hechos, al servicio de una narraci\u00f3n atractiva, contundente, con curvas y emociones. De todos modos, la entrevista no fue necesaria, los hechos y todo lo que vivimos y grabamos ya era demasiado para construir una pel\u00edcula.<\/span><\/p>\n<p style=\"text-align: justify;\"><b>Marcelo Barbosa &#8211; <\/b><span style=\"font-weight: 400;\">Ante el desaf\u00edo de mostrar lo que todos tenemos en com\u00fan en un mundo tan ins\u00f3lito como Casa Nem, la fluidez ha cobrado importancia. Lo discutimos mucho conmigo mismo, Aude y Quentin, nuestro editor. Al grabar situaciones cotidianas, la historia ingresa paulatinamente en capas m\u00e1s profundas, y cuando el espectador se da cuenta, ya es \u00edntimo con los personajes y es m\u00e1s dif\u00edcil escapar (risas). Era una apuesta, no sab\u00edamos si funcionar\u00eda. Ser solo dos ayud\u00f3 mucho, por supuesto. Pero, no necesit\u00e1bamos dejarla a voluntad, ya lo estaba, necesit\u00e1bamos vibrar en sinton\u00eda con los asuntos que se iban resolviendo, al principio como un espejo, intentando devolver lo que grabamos en el mismo tono. Pero, despu\u00e9s de ir m\u00e1s all\u00e1 del registro, quer\u00edamos \u201cser\u201d Indianara. Hasta el punto de utilizar im\u00e1genes muy cercanas y cerradas, donde su rostro apenas encajaba, con la idea de ya no acompa\u00f1arla ni perseguirla, sino ir literalmente con ella, \u00abadivinando\u00bb cada peque\u00f1o movimiento. La idea era tener la conexi\u00f3n m\u00e1s profunda posible, casi una meditaci\u00f3n en medio de la confusi\u00f3n. Cuando sucedi\u00f3 fue hermoso, pero las rodillas sufren.<\/span><\/p>\n<figure id=\"attachment_46881\" aria-describedby=\"caption-attachment-46881\" style=\"width: 1920px\" class=\"wp-caption aligncenter\"><a href=\"http:\/\/instagram.com\/gayblogbr\"><img data-recalc-dims=\"1\" loading=\"lazy\" decoding=\"async\" class=\"wp-image-46881 size-full\" src=\"https:\/\/i0.wp.com\/gay.blog.br\/wp-content\/uploads\/2020\/06\/piscina.jpg?resize=696%2C392&#038;ssl=1\" alt=\"\" width=\"696\" height=\"392\" srcset=\"https:\/\/i0.wp.com\/gay.blog.br\/wp-content\/uploads\/2020\/06\/piscina.jpg?w=1920&amp;ssl=1 1920w, https:\/\/i0.wp.com\/gay.blog.br\/wp-content\/uploads\/2020\/06\/piscina.jpg?resize=300%2C169&amp;ssl=1 300w, https:\/\/i0.wp.com\/gay.blog.br\/wp-content\/uploads\/2020\/06\/piscina.jpg?resize=1024%2C576&amp;ssl=1 1024w, https:\/\/i0.wp.com\/gay.blog.br\/wp-content\/uploads\/2020\/06\/piscina.jpg?resize=150%2C84&amp;ssl=1 150w, https:\/\/i0.wp.com\/gay.blog.br\/wp-content\/uploads\/2020\/06\/piscina.jpg?resize=768%2C432&amp;ssl=1 768w, https:\/\/i0.wp.com\/gay.blog.br\/wp-content\/uploads\/2020\/06\/piscina.jpg?resize=1536%2C864&amp;ssl=1 1536w, https:\/\/i0.wp.com\/gay.blog.br\/wp-content\/uploads\/2020\/06\/piscina.jpg?resize=696%2C392&amp;ssl=1 696w, https:\/\/i0.wp.com\/gay.blog.br\/wp-content\/uploads\/2020\/06\/piscina.jpg?resize=1392%2C783&amp;ssl=1 1392w, https:\/\/i0.wp.com\/gay.blog.br\/wp-content\/uploads\/2020\/06\/piscina.jpg?resize=1068%2C601&amp;ssl=1 1068w, https:\/\/i0.wp.com\/gay.blog.br\/wp-content\/uploads\/2020\/06\/piscina.jpg?resize=747%2C420&amp;ssl=1 747w, https:\/\/i0.wp.com\/gay.blog.br\/wp-content\/uploads\/2020\/06\/piscina.jpg?resize=1493%2C840&amp;ssl=1 1493w\" sizes=\"auto, (max-width: 696px) 100vw, 696px\" \/><\/a><figcaption id=\"caption-attachment-46881\" class=\"wp-caption-text\">Reproducci\u00f3n<\/figcaption><\/figure>\n<p style=\"text-align: justify;\"><b>El documental sigue algunos momentos importantes, principalmente en el \u00e1mbito pol\u00edtico: la victoria de Bolsonaro, \u00abFora Temer\u00bb, etc. \u00bfFue intencionada la grabaci\u00f3n de estos pasajes en diferentes momentos o se debi\u00f3 a un retraso en el horario de rodaje? \u00bfCu\u00e1nto duraron las grabaciones?<\/b><\/p>\n<p style=\"text-align: justify;\"><b>Marcelo Barbosa &#8211; <\/b><span style=\"font-weight: 400;\">Con la pel\u00edcula lista es m\u00e1s f\u00e1cil hablar, pero a la vez es un poco intuitivo. Pero s\u00ed, tengo un poco m\u00e1s de dificultad para poner fin a estas cosas, para decir que est\u00e1 listo. Intentamos en medio del proceso hacer una primera edici\u00f3n que result\u00f3 frustrante y nuestro editor nos pidi\u00f3 que reconsider\u00e1ramos la historia. Entonces pens\u00e9 que el arco de Indianara y el pa\u00eds a\u00fan no estaba terminado, as\u00ed que me obligu\u00e9 un poco a estirar las filmaciones. Desafortunadamente o afortunadamente tengo la obsesi\u00f3n como estilo, me gustar\u00eda ser m\u00e1s r\u00e1pido. Aparte de eso, desde que vivo en Brasilia, tengo una fascinaci\u00f3n por las manifestaciones pol\u00edticas, por la gente reunida, por la confusi\u00f3n, no s\u00e9 por qu\u00e9. Fui a todos, incluso a los de la derecha, fui a la posesi\u00f3n de todos los presidentes. As\u00ed que la filmaci\u00f3n tom\u00f3 dos a\u00f1os, con lagunas, por supuesto.<\/span><\/p>\n<figure id=\"attachment_46885\" aria-describedby=\"caption-attachment-46885\" style=\"width: 1920px\" class=\"wp-caption aligncenter\"><a href=\"http:\/\/instagram.com\/gayblogbr\"><img data-recalc-dims=\"1\" loading=\"lazy\" decoding=\"async\" class=\"wp-image-46885 size-full\" src=\"https:\/\/i0.wp.com\/gay.blog.br\/wp-content\/uploads\/2020\/06\/resistir.jpg?resize=696%2C392&#038;ssl=1\" alt=\"\" width=\"696\" height=\"392\" srcset=\"https:\/\/i0.wp.com\/gay.blog.br\/wp-content\/uploads\/2020\/06\/resistir.jpg?w=1920&amp;ssl=1 1920w, https:\/\/i0.wp.com\/gay.blog.br\/wp-content\/uploads\/2020\/06\/resistir.jpg?resize=300%2C169&amp;ssl=1 300w, https:\/\/i0.wp.com\/gay.blog.br\/wp-content\/uploads\/2020\/06\/resistir.jpg?resize=1024%2C576&amp;ssl=1 1024w, https:\/\/i0.wp.com\/gay.blog.br\/wp-content\/uploads\/2020\/06\/resistir.jpg?resize=150%2C84&amp;ssl=1 150w, https:\/\/i0.wp.com\/gay.blog.br\/wp-content\/uploads\/2020\/06\/resistir.jpg?resize=768%2C432&amp;ssl=1 768w, https:\/\/i0.wp.com\/gay.blog.br\/wp-content\/uploads\/2020\/06\/resistir.jpg?resize=1536%2C864&amp;ssl=1 1536w, https:\/\/i0.wp.com\/gay.blog.br\/wp-content\/uploads\/2020\/06\/resistir.jpg?resize=696%2C392&amp;ssl=1 696w, https:\/\/i0.wp.com\/gay.blog.br\/wp-content\/uploads\/2020\/06\/resistir.jpg?resize=1392%2C783&amp;ssl=1 1392w, https:\/\/i0.wp.com\/gay.blog.br\/wp-content\/uploads\/2020\/06\/resistir.jpg?resize=1068%2C601&amp;ssl=1 1068w, https:\/\/i0.wp.com\/gay.blog.br\/wp-content\/uploads\/2020\/06\/resistir.jpg?resize=747%2C420&amp;ssl=1 747w, https:\/\/i0.wp.com\/gay.blog.br\/wp-content\/uploads\/2020\/06\/resistir.jpg?resize=1493%2C840&amp;ssl=1 1493w\" sizes=\"auto, (max-width: 696px) 100vw, 696px\" \/><\/a><figcaption id=\"caption-attachment-46885\" class=\"wp-caption-text\">Reproducci\u00f3n<\/figcaption><\/figure>\n<p style=\"text-align: justify;\"><b>En determinado momento, el espectador se enfrenta a la informaci\u00f3n de que Indianara estaba estancada en Europa, sin embargo esta se revela de manera muy sucinta, sin ahondar en el tema. \u00bfPor qu\u00e9 el documental no revel\u00f3 los motivos de esta detenci\u00f3n en Francia? Hay una curiosidad sobre esto por parte de quienes miran. <\/b><\/p>\n<p style=\"text-align: justify;\"><b>Aude Chevalier-Beaumel &#8211; <\/b><span style=\"font-weight: 400;\">En alg\u00fan momento pensamos en contar la historia de Indianara, que no es poca cosa, pensamos en muchos lenguajes, incluso en la ficci\u00f3n documental para retratar escenas del pasado. Pero hab\u00eda muchas cosas y nos \u00edbamos a perder. Sobre todo, quer\u00edamos mostrar la Indianara del presente y en relaci\u00f3n al presente, con lo que viv\u00edamos en Brasil en ese momento, principalmente en pol\u00edtica. As\u00ed que el regalo fue nuestra respuesta. Luego repasamos brevemente algunos eventos, importantes para nosotros, pero sin profundizar. Espero que otras personas puedan hacer esta pel\u00edcula, tiene muchas historias que contar. Pero nos aferramos al presente, que ya era muy pleno, muy turbulento y complejo de entender y describir. <\/span><\/p>\n<p style=\"text-align: justify;\"><b>Marcelo Barbosa &#8211;<\/b><span style=\"font-weight: 400;\"> Lo que realmente nos gui\u00f3 fue la idea de hacer un retrato en el sentido de las artes pl\u00e1sticas, la pintura. No s\u00e9 si tiene que ver con nuestra formaci\u00f3n, probablemente. Fue un compromiso t\u00e1cito entre nosotros de creer en la imagen, que la apariencia, la piel y los movimientos de Indianara podr\u00edan responder y ahorrar mucha saliva sobre su origen. Pero hay historias incre\u00edbles como la de un sacerdote franc\u00e9s con el que intercambi\u00f3 cartas en la c\u00e1rcel, que pensamos perseguir, fue una tentaci\u00f3n. Al final, eliminamos todo lo que parec\u00eda ex\u00f3tico por lo ex\u00f3tico. Y, por supuesto, la filmaci\u00f3n discontinua en s\u00ed misma no te deja cerrar todos los temas. La forma era abrir estos bordes de par en par, dejarlos abiertos. Lo que parece haber tenido un efecto inesperado <\/span> <span style=\"font-weight: 400;\">que al llenar los vac\u00edos, el p\u00fablico no puede imponer una moral que est\u00e1 lista de antemano. Una breve suspensi\u00f3n del juicio que me parece \u00fatil para hablar de temas tan cargados de prejuicios como la ca\u00edda del sistema actual, la libertad de cuerpos o la prostituci\u00f3n.<\/span><\/p>\n<figure id=\"attachment_46882\" aria-describedby=\"caption-attachment-46882\" style=\"width: 1920px\" class=\"wp-caption aligncenter\"><a href=\"http:\/\/instagram.com\/gayblogbr\"><img data-recalc-dims=\"1\" loading=\"lazy\" decoding=\"async\" class=\"wp-image-46882 size-full\" src=\"https:\/\/i0.wp.com\/gay.blog.br\/wp-content\/uploads\/2020\/06\/acolhimento.jpg?resize=696%2C392&#038;ssl=1\" alt=\"\" width=\"696\" height=\"392\" srcset=\"https:\/\/i0.wp.com\/gay.blog.br\/wp-content\/uploads\/2020\/06\/acolhimento.jpg?w=1920&amp;ssl=1 1920w, https:\/\/i0.wp.com\/gay.blog.br\/wp-content\/uploads\/2020\/06\/acolhimento.jpg?resize=300%2C169&amp;ssl=1 300w, https:\/\/i0.wp.com\/gay.blog.br\/wp-content\/uploads\/2020\/06\/acolhimento.jpg?resize=1024%2C576&amp;ssl=1 1024w, https:\/\/i0.wp.com\/gay.blog.br\/wp-content\/uploads\/2020\/06\/acolhimento.jpg?resize=150%2C84&amp;ssl=1 150w, https:\/\/i0.wp.com\/gay.blog.br\/wp-content\/uploads\/2020\/06\/acolhimento.jpg?resize=768%2C432&amp;ssl=1 768w, https:\/\/i0.wp.com\/gay.blog.br\/wp-content\/uploads\/2020\/06\/acolhimento.jpg?resize=1536%2C864&amp;ssl=1 1536w, https:\/\/i0.wp.com\/gay.blog.br\/wp-content\/uploads\/2020\/06\/acolhimento.jpg?resize=696%2C392&amp;ssl=1 696w, https:\/\/i0.wp.com\/gay.blog.br\/wp-content\/uploads\/2020\/06\/acolhimento.jpg?resize=1392%2C783&amp;ssl=1 1392w, https:\/\/i0.wp.com\/gay.blog.br\/wp-content\/uploads\/2020\/06\/acolhimento.jpg?resize=1068%2C601&amp;ssl=1 1068w, https:\/\/i0.wp.com\/gay.blog.br\/wp-content\/uploads\/2020\/06\/acolhimento.jpg?resize=747%2C420&amp;ssl=1 747w, https:\/\/i0.wp.com\/gay.blog.br\/wp-content\/uploads\/2020\/06\/acolhimento.jpg?resize=1493%2C840&amp;ssl=1 1493w\" sizes=\"auto, (max-width: 696px) 100vw, 696px\" \/><\/a><figcaption id=\"caption-attachment-46882\" class=\"wp-caption-text\">Reproducci\u00f3n<\/figcaption><\/figure>\n<p style=\"text-align: justify;\"><b>\u00bfQu\u00e9 te sorprendi\u00f3 m\u00e1s de la historia de Indianara? <\/b><\/p>\n<p style=\"text-align: justify;\"><b>Aude Chevalier-Beaumel &#8211; <\/b><span style=\"font-weight: 400;\">\u00a1Yo, como franc\u00e9s, amo sus aventuras en Francia! Pero como dije, es otra pel\u00edcula. Pero Indianara sorprende todo el tiempo, tiene respuestas a los eventos, que solo ella tiene. A menudo con provocaci\u00f3n y mucho humor. Con un nuevo lenguaje a cada momento, deconstruy\u00e9ndose a cada momento. Adem\u00e1s de activista, Indianara es artista, es artista y el museo al mismo tiempo. Su cuerpo es un museo abierto a todos, que expone la lucha, las heridas y el orgullo de muchas personas y de ella misma. Un museo con exposiciones permanentes y temporales, ef\u00edmeras. \u00a1Por supuesto, ella tambi\u00e9n es la curadora de este museo!<\/span><\/p>\n<p style=\"text-align: justify;\"><b>Marcelo Barbosa &#8211; <\/b><span style=\"font-weight: 400;\">Tantas cosas, tal vez el hecho de que pas\u00e9 por tantas luchas, pero no tener resentimiento como marca, todo lo contrario. No importa lo fuerte que sea, siempre la vi lista para el debate, por supuesto con iron\u00eda, humor y actitud.<\/span><\/p>\n<p style=\"text-align: justify;\"><a href=\"http:\/\/instagram.com\/gayblogbr\"><img data-recalc-dims=\"1\" loading=\"lazy\" decoding=\"async\" class=\"aligncenter wp-image-46884 size-full\" src=\"https:\/\/i0.wp.com\/gay.blog.br\/wp-content\/uploads\/2020\/06\/enterro.jpg?resize=696%2C392&#038;ssl=1\" alt=\"\" width=\"696\" height=\"392\" srcset=\"https:\/\/i0.wp.com\/gay.blog.br\/wp-content\/uploads\/2020\/06\/enterro.jpg?w=1920&amp;ssl=1 1920w, https:\/\/i0.wp.com\/gay.blog.br\/wp-content\/uploads\/2020\/06\/enterro.jpg?resize=300%2C169&amp;ssl=1 300w, https:\/\/i0.wp.com\/gay.blog.br\/wp-content\/uploads\/2020\/06\/enterro.jpg?resize=1024%2C576&amp;ssl=1 1024w, https:\/\/i0.wp.com\/gay.blog.br\/wp-content\/uploads\/2020\/06\/enterro.jpg?resize=150%2C84&amp;ssl=1 150w, https:\/\/i0.wp.com\/gay.blog.br\/wp-content\/uploads\/2020\/06\/enterro.jpg?resize=768%2C432&amp;ssl=1 768w, https:\/\/i0.wp.com\/gay.blog.br\/wp-content\/uploads\/2020\/06\/enterro.jpg?resize=1536%2C864&amp;ssl=1 1536w, https:\/\/i0.wp.com\/gay.blog.br\/wp-content\/uploads\/2020\/06\/enterro.jpg?resize=696%2C392&amp;ssl=1 696w, https:\/\/i0.wp.com\/gay.blog.br\/wp-content\/uploads\/2020\/06\/enterro.jpg?resize=1392%2C783&amp;ssl=1 1392w, https:\/\/i0.wp.com\/gay.blog.br\/wp-content\/uploads\/2020\/06\/enterro.jpg?resize=1068%2C601&amp;ssl=1 1068w, https:\/\/i0.wp.com\/gay.blog.br\/wp-content\/uploads\/2020\/06\/enterro.jpg?resize=747%2C420&amp;ssl=1 747w, https:\/\/i0.wp.com\/gay.blog.br\/wp-content\/uploads\/2020\/06\/enterro.jpg?resize=1493%2C840&amp;ssl=1 1493w\" sizes=\"auto, (max-width: 696px) 100vw, 696px\" \/><\/a><\/p>\n<p style=\"text-align: justify;\"><b>En los \u00faltimos a\u00f1os hemos tenido algunos documentales brasile\u00f1os sobre personalidades de la comunidad LGBTQI+, como Lorna Washington, Luana Muniz y otras. En su opini\u00f3n, \u00bfcu\u00e1l es el motivo de este inter\u00e9s por registrar la historia y trayectoria de figuras de la comunidad LGBT? <\/b><\/p>\n<p style=\"text-align: justify;\"><b>Aude Chevalier-Beaumel &#8211; <\/b><span style=\"font-weight: 400;\">Estas personas pueden tener diferentes soluciones a los problemas. Son revolucionarios porque se deshicieron del g\u00e9nero, eso que se ha impuesto desde que naci\u00f3. Se convierten en l\u00edderes, ejemplos s\u00f3lidos y empoderadores. Todo es posible para ellos, si han cambiado de g\u00e9nero, todo es posible para deshacerse de las barreras y vivir mejor juntos. Esto se aplica a todos los dominios, desde los m\u00e1s \u00edntimos hasta los m\u00e1s p\u00fablicos.<\/span><\/p>\n<p style=\"text-align: justify;\"><b>Marcelo Barbosa &#8211;<\/b><span style=\"font-weight: 400;\"> A\u00fan entendemos c\u00f3mo las pautas de estas \u201cminor\u00edas de identidad\u201d pueden influir en nosotros. Lo que parece claro es que la noticia no vendr\u00e1 de quienes siempre han dictado comportamientos. Los documentales, el arte en su conjunto podr\u00eda y podr\u00e1 dar forma a este dise\u00f1o de una nueva sociedad. Beber este conocimiento es nuestro camino. Vivir una vida solo dentro de nuestros preceptos nos disminuye demasiado. Creo que las mayores habilidades humanas son colectivas.<\/span><\/p>\n<p><span class=\"embed-youtube\" style=\"text-align:center; display: block;\"><iframe loading=\"lazy\" class=\"youtube-player\" width=\"696\" height=\"392\" src=\"https:\/\/www.youtube.com\/embed\/x9E7OMS-krw?version=3&#038;rel=1&#038;showsearch=0&#038;showinfo=1&#038;iv_load_policy=1&#038;fs=1&#038;hl=es-ES&#038;autohide=2&#038;wmode=transparent\" allowfullscreen=\"true\" style=\"border:0;\" sandbox=\"allow-scripts allow-same-origin allow-popups allow-presentation allow-popups-to-escape-sandbox\"><\/iframe><\/span><\/p>\n","protected":false},"excerpt":{"rendered":"<p>El documental \u201cIndianara\u201d revela la intimidad y lucha de Indianara Siqueira, matriarca y fundadora de Casa Nem, un albergue en el centro hist\u00f3rico de R\u00edo de Janeiro dirigido a personas LGBTI en situaci\u00f3n de vulnerabilidad social. <\/p>\n","protected":false},"author":3482,"featured_media":82415,"comment_status":"open","ping_status":"open","sticky":false,"template":"","format":"standard","meta":{"googlesitekit_rrm_CAoiEBg-BXrJeACjO8p49SE4kTY:productID":"","tdm_status":"","tdm_grid_status":"","_jetpack_newsletter_access":"","_jetpack_dont_email_post_to_subs":false,"_jetpack_newsletter_tier_id":0,"_jetpack_memberships_contains_paywalled_content":false,"_jetpack_memberships_contains_paid_content":false,"footnotes":"","jetpack_publicize_message":"En una entrevista, los directores recuerdan los desaf\u00edos del documental \"Indianara\"","jetpack_publicize_feature_enabled":true,"jetpack_social_post_already_shared":true,"jetpack_social_options":{"image_generator_settings":{"template":"highway","default_image_id":0,"font":"","enabled":false},"version":2},"_wpas_customize_per_network":false,"jetpack_post_was_ever_published":false},"categories":[589932375,589932230,589932279],"tags":[589935030,589933031,589935027,589935026,589935024,589935028,589934292],"class_list":{"0":"post-101326","1":"post","2":"type-post","3":"status-publish","4":"format-standard","5":"has-post-thumbnail","7":"category-entrevistas-es","8":"category-peliculas-tv-y-series","9":"category-trans-es","10":"tag-aude-chevalier-beaumel-es-2","11":"tag-casa-nem-es","12":"tag-indiana-siqueira-es","13":"tag-indianara-es-2","14":"tag-jean-wyllys-es","15":"tag-marcelo-barbosa-es","16":"tag-marielle-franco-es"},"yoast_head":"<!-- This site is optimized with the Yoast SEO plugin v27.4 - https:\/\/yoast.com\/product\/yoast-seo-wordpress\/ -->\n<title>En una entrevista, los directores recuerdan los desaf\u00edos del documental &quot;Indianara&quot;<\/title>\n<meta name=\"description\" content=\"El documental \u201cIndianara\u201d revela la intimidad y lucha de Indianara Siqueira, matriarca y fundadora de Casa Nem, un albergue en el centro hist\u00f3rico de R\u00edo de Janeiro dirigido a personas LGBTI en situaci\u00f3n de vulnerabilidad social.\" \/>\n<meta name=\"robots\" content=\"index, follow, max-snippet:-1, max-image-preview:large, max-video-preview:-1\" \/>\n<link rel=\"canonical\" href=\"https:\/\/gay.blog.br\/es\/entrevistas-es\/en-una-entrevista-los-directores-recuerdan-los-desafios-del-documental-indianara\/\" \/>\n<meta property=\"og:locale\" content=\"es_ES\" \/>\n<meta property=\"og:type\" content=\"article\" \/>\n<meta property=\"og:title\" content=\"En una entrevista, los directores recuerdan los desaf\u00edos del documental &quot;Indianara&quot;\" \/>\n<meta property=\"og:description\" content=\"El documental \u201cIndianara\u201d revela la intimidad y lucha de Indianara Siqueira, matriarca y fundadora de Casa Nem, un albergue en el centro hist\u00f3rico de R\u00edo de Janeiro dirigido a personas LGBTI en situaci\u00f3n de vulnerabilidad social.\" \/>\n<meta property=\"og:url\" content=\"https:\/\/gay.blog.br\/es\/entrevistas-es\/en-una-entrevista-los-directores-recuerdan-los-desafios-del-documental-indianara\/\" \/>\n<meta property=\"og:site_name\" content=\"GAY BLOG BR @gayblogbr\" \/>\n<meta property=\"article:publisher\" content=\"https:\/\/facebook.com\/gayblogbr\" \/>\n<meta property=\"article:author\" content=\"https:\/\/facebook.com\/gayblogbr\" \/>\n<meta property=\"article:published_time\" content=\"2020-06-26T05:28:37+00:00\" \/>\n<meta property=\"article:modified_time\" content=\"2020-12-13T19:37:12+00:00\" \/>\n<meta property=\"og:image\" content=\"https:\/\/i0.wp.com\/gay.blog.br\/wp-content\/uploads\/2020\/06\/piscina.jpg?fit=1920%2C1080&ssl=1\" \/>\n\t<meta property=\"og:image:width\" content=\"1920\" \/>\n\t<meta property=\"og:image:height\" content=\"1080\" \/>\n\t<meta property=\"og:image:type\" content=\"image\/jpeg\" \/>\n<meta name=\"author\" content=\"Andr\u00e9 Aram\" \/>\n<meta name=\"twitter:card\" content=\"summary_large_image\" \/>\n<meta name=\"twitter:creator\" content=\"@https:\/\/twittercom\/gayblogbr\" \/>\n<meta name=\"twitter:site\" content=\"@gayblogbr\" \/>\n<meta name=\"twitter:label1\" content=\"Escrito por\" \/>\n\t<meta name=\"twitter:data1\" content=\"Andr\u00e9 Aram\" \/>\n\t<meta name=\"twitter:label2\" content=\"Tiempo de lectura\" \/>\n\t<meta name=\"twitter:data2\" content=\"13 minutos\" \/>\n<script type=\"application\/ld+json\" class=\"yoast-schema-graph\">{\"@context\":\"https:\\\/\\\/schema.org\",\"@graph\":[{\"@type\":\"Article\",\"@id\":\"https:\\\/\\\/gay.blog.br\\\/es\\\/entrevistas-es\\\/en-una-entrevista-los-directores-recuerdan-los-desafios-del-documental-indianara\\\/#article\",\"isPartOf\":{\"@id\":\"https:\\\/\\\/gay.blog.br\\\/es\\\/entrevistas-es\\\/en-una-entrevista-los-directores-recuerdan-los-desafios-del-documental-indianara\\\/\"},\"author\":{\"name\":\"Andr\u00e9 Aram\",\"@id\":\"https:\\\/\\\/gay.blog.br\\\/es\\\/#\\\/schema\\\/person\\\/59a4471c2fa312ae207122b509537a87\"},\"headline\":\"En una entrevista, los directores recuerdan los desaf\u00edos del documental \u00abIndianara\u00bb\",\"datePublished\":\"2020-06-26T05:28:37+00:00\",\"dateModified\":\"2020-12-13T19:37:12+00:00\",\"mainEntityOfPage\":{\"@id\":\"https:\\\/\\\/gay.blog.br\\\/es\\\/entrevistas-es\\\/en-una-entrevista-los-directores-recuerdan-los-desafios-del-documental-indianara\\\/\"},\"wordCount\":2553,\"commentCount\":0,\"publisher\":{\"@id\":\"https:\\\/\\\/gay.blog.br\\\/es\\\/#organization\"},\"image\":{\"@id\":\"https:\\\/\\\/gay.blog.br\\\/es\\\/entrevistas-es\\\/en-una-entrevista-los-directores-recuerdan-los-desafios-del-documental-indianara\\\/#primaryimage\"},\"thumbnailUrl\":\"https:\\\/\\\/i0.wp.com\\\/gay.blog.br\\\/wp-content\\\/uploads\\\/2020\\\/06\\\/piscina.jpg?fit=1920%2C1080&ssl=1\",\"keywords\":[\"Aude Chevalier-Beaumel\",\"Casa Nem\",\"indiana siqueira\",\"indianara\",\"Jean Wyllys\",\"Marcelo Barbosa\",\"Marielle Franco\"],\"articleSection\":[\"ENTREVISTAS\",\"PEL\u00cdCULAS, TV y SERIES\",\"TRANS\"],\"inLanguage\":\"es\",\"potentialAction\":[{\"@type\":\"CommentAction\",\"name\":\"Comment\",\"target\":[\"https:\\\/\\\/gay.blog.br\\\/es\\\/entrevistas-es\\\/en-una-entrevista-los-directores-recuerdan-los-desafios-del-documental-indianara\\\/#respond\"]}]},{\"@type\":\"WebPage\",\"@id\":\"https:\\\/\\\/gay.blog.br\\\/es\\\/entrevistas-es\\\/en-una-entrevista-los-directores-recuerdan-los-desafios-del-documental-indianara\\\/\",\"url\":\"https:\\\/\\\/gay.blog.br\\\/es\\\/entrevistas-es\\\/en-una-entrevista-los-directores-recuerdan-los-desafios-del-documental-indianara\\\/\",\"name\":\"En una entrevista, los directores recuerdan los desaf\u00edos del documental \\\"Indianara\\\"\",\"isPartOf\":{\"@id\":\"https:\\\/\\\/gay.blog.br\\\/es\\\/#website\"},\"primaryImageOfPage\":{\"@id\":\"https:\\\/\\\/gay.blog.br\\\/es\\\/entrevistas-es\\\/en-una-entrevista-los-directores-recuerdan-los-desafios-del-documental-indianara\\\/#primaryimage\"},\"image\":{\"@id\":\"https:\\\/\\\/gay.blog.br\\\/es\\\/entrevistas-es\\\/en-una-entrevista-los-directores-recuerdan-los-desafios-del-documental-indianara\\\/#primaryimage\"},\"thumbnailUrl\":\"https:\\\/\\\/i0.wp.com\\\/gay.blog.br\\\/wp-content\\\/uploads\\\/2020\\\/06\\\/piscina.jpg?fit=1920%2C1080&ssl=1\",\"datePublished\":\"2020-06-26T05:28:37+00:00\",\"dateModified\":\"2020-12-13T19:37:12+00:00\",\"description\":\"El documental \u201cIndianara\u201d revela la intimidad y lucha de Indianara Siqueira, matriarca y fundadora de Casa Nem, un albergue en el centro hist\u00f3rico de R\u00edo de Janeiro dirigido a personas LGBTI en situaci\u00f3n de vulnerabilidad social.\",\"breadcrumb\":{\"@id\":\"https:\\\/\\\/gay.blog.br\\\/es\\\/entrevistas-es\\\/en-una-entrevista-los-directores-recuerdan-los-desafios-del-documental-indianara\\\/#breadcrumb\"},\"inLanguage\":\"es\",\"potentialAction\":[{\"@type\":\"ReadAction\",\"target\":[\"https:\\\/\\\/gay.blog.br\\\/es\\\/entrevistas-es\\\/en-una-entrevista-los-directores-recuerdan-los-desafios-del-documental-indianara\\\/\"]}]},{\"@type\":\"ImageObject\",\"inLanguage\":\"es\",\"@id\":\"https:\\\/\\\/gay.blog.br\\\/es\\\/entrevistas-es\\\/en-una-entrevista-los-directores-recuerdan-los-desafios-del-documental-indianara\\\/#primaryimage\",\"url\":\"https:\\\/\\\/i0.wp.com\\\/gay.blog.br\\\/wp-content\\\/uploads\\\/2020\\\/06\\\/piscina.jpg?fit=1920%2C1080&ssl=1\",\"contentUrl\":\"https:\\\/\\\/i0.wp.com\\\/gay.blog.br\\\/wp-content\\\/uploads\\\/2020\\\/06\\\/piscina.jpg?fit=1920%2C1080&ssl=1\",\"width\":1920,\"height\":1080},{\"@type\":\"BreadcrumbList\",\"@id\":\"https:\\\/\\\/gay.blog.br\\\/es\\\/entrevistas-es\\\/en-una-entrevista-los-directores-recuerdan-los-desafios-del-documental-indianara\\\/#breadcrumb\",\"itemListElement\":[{\"@type\":\"ListItem\",\"position\":1,\"name\":\"In\u00edcio\",\"item\":\"https:\\\/\\\/gay.blog.br\\\/es\\\/\"},{\"@type\":\"ListItem\",\"position\":2,\"name\":\"En una entrevista, los directores recuerdan los desaf\u00edos del documental \u00abIndianara\u00bb\"}]},{\"@type\":\"WebSite\",\"@id\":\"https:\\\/\\\/gay.blog.br\\\/es\\\/#website\",\"url\":\"https:\\\/\\\/gay.blog.br\\\/es\\\/\",\"name\":\"GAY BLOG BR @gayblogbr\",\"description\":\"Not\u00edcias que empoderam e\\\/ou entret\u00eam s\u00e3o especialidades da casa\",\"publisher\":{\"@id\":\"https:\\\/\\\/gay.blog.br\\\/es\\\/#organization\"},\"potentialAction\":[{\"@type\":\"SearchAction\",\"target\":{\"@type\":\"EntryPoint\",\"urlTemplate\":\"https:\\\/\\\/gay.blog.br\\\/es\\\/?s={search_term_string}\"},\"query-input\":{\"@type\":\"PropertyValueSpecification\",\"valueRequired\":true,\"valueName\":\"search_term_string\"}}],\"inLanguage\":\"es\"},{\"@type\":\"Organization\",\"@id\":\"https:\\\/\\\/gay.blog.br\\\/es\\\/#organization\",\"name\":\"GAY BLOG BR\",\"url\":\"https:\\\/\\\/gay.blog.br\\\/es\\\/\",\"logo\":{\"@type\":\"ImageObject\",\"inLanguage\":\"es\",\"@id\":\"https:\\\/\\\/gay.blog.br\\\/es\\\/#\\\/schema\\\/logo\\\/image\\\/\",\"url\":\"https:\\\/\\\/i0.wp.com\\\/gay.blog.br\\\/wp-content\\\/uploads\\\/2023\\\/08\\\/gay180px.png?fit=272%2C90&ssl=1\",\"contentUrl\":\"https:\\\/\\\/i0.wp.com\\\/gay.blog.br\\\/wp-content\\\/uploads\\\/2023\\\/08\\\/gay180px.png?fit=272%2C90&ssl=1\",\"width\":272,\"height\":90,\"caption\":\"GAY BLOG BR\"},\"image\":{\"@id\":\"https:\\\/\\\/gay.blog.br\\\/es\\\/#\\\/schema\\\/logo\\\/image\\\/\"},\"sameAs\":[\"https:\\\/\\\/facebook.com\\\/gayblogbr\",\"https:\\\/\\\/x.com\\\/gayblogbr\",\"https:\\\/\\\/instagram.com\\\/gayblogbr\",\"https:\\\/\\\/www.linkedin.com\\\/company\\\/gayblogbr\\\/\",\"https:\\\/\\\/br.pinterest.com\\\/gayblogbr\\\/\",\"https:\\\/\\\/www.youtube.com\\\/channel\\\/UCdEu3JXLOB-wvWAVUF4AIiA\",\"https:\\\/\\\/pt.wikipedia.org\\\/wiki\\\/Gay_Blog_Br\",\"https:\\\/\\\/www.threads.net\\\/@gayblogbr\"]},{\"@type\":\"Person\",\"@id\":\"https:\\\/\\\/gay.blog.br\\\/es\\\/#\\\/schema\\\/person\\\/59a4471c2fa312ae207122b509537a87\",\"name\":\"Andr\u00e9 Aram\",\"image\":{\"@type\":\"ImageObject\",\"inLanguage\":\"es\",\"@id\":\"https:\\\/\\\/secure.gravatar.com\\\/avatar\\\/2c85547dbbd1358696029970d8cb1ad363b94b546b682c26b5db210aee9eada8?s=96&d=mm&r=g\",\"url\":\"https:\\\/\\\/secure.gravatar.com\\\/avatar\\\/2c85547dbbd1358696029970d8cb1ad363b94b546b682c26b5db210aee9eada8?s=96&d=mm&r=g\",\"contentUrl\":\"https:\\\/\\\/secure.gravatar.com\\\/avatar\\\/2c85547dbbd1358696029970d8cb1ad363b94b546b682c26b5db210aee9eada8?s=96&d=mm&r=g\",\"caption\":\"Andr\u00e9 Aram\"},\"sameAs\":[\"https:\\\/\\\/gay.blog.br\\\/author\\\/andrearam\",\"https:\\\/\\\/facebook.com\\\/gayblogbr\",\"https:\\\/\\\/instagram.com\\\/gayblogbr\",\"https:\\\/\\\/x.com\\\/https:\\\/\\\/twittercom\\\/gayblogbr\"],\"url\":\"https:\\\/\\\/gay.blog.br\\\/es\\\/author\\\/andrearam\\\/\"}]}<\/script>\n<!-- \/ Yoast SEO plugin. -->","yoast_head_json":{"title":"En una entrevista, los directores recuerdan los desaf\u00edos del documental \"Indianara\"","description":"El documental \u201cIndianara\u201d revela la intimidad y lucha de Indianara Siqueira, matriarca y fundadora de Casa Nem, un albergue en el centro hist\u00f3rico de R\u00edo de Janeiro dirigido a personas LGBTI en situaci\u00f3n de vulnerabilidad social.","robots":{"index":"index","follow":"follow","max-snippet":"max-snippet:-1","max-image-preview":"max-image-preview:large","max-video-preview":"max-video-preview:-1"},"canonical":"https:\/\/gay.blog.br\/es\/entrevistas-es\/en-una-entrevista-los-directores-recuerdan-los-desafios-del-documental-indianara\/","og_locale":"es_ES","og_type":"article","og_title":"En una entrevista, los directores recuerdan los desaf\u00edos del documental \"Indianara\"","og_description":"El documental \u201cIndianara\u201d revela la intimidad y lucha de Indianara Siqueira, matriarca y fundadora de Casa Nem, un albergue en el centro hist\u00f3rico de R\u00edo de Janeiro dirigido a personas LGBTI en situaci\u00f3n de vulnerabilidad social.","og_url":"https:\/\/gay.blog.br\/es\/entrevistas-es\/en-una-entrevista-los-directores-recuerdan-los-desafios-del-documental-indianara\/","og_site_name":"GAY BLOG BR @gayblogbr","article_publisher":"https:\/\/facebook.com\/gayblogbr","article_author":"https:\/\/facebook.com\/gayblogbr","article_published_time":"2020-06-26T05:28:37+00:00","article_modified_time":"2020-12-13T19:37:12+00:00","og_image":[{"width":1920,"height":1080,"url":"https:\/\/i0.wp.com\/gay.blog.br\/wp-content\/uploads\/2020\/06\/piscina.jpg?fit=1920%2C1080&ssl=1","type":"image\/jpeg"}],"author":"Andr\u00e9 Aram","twitter_card":"summary_large_image","twitter_creator":"@https:\/\/twittercom\/gayblogbr","twitter_site":"@gayblogbr","twitter_misc":{"Escrito por":"Andr\u00e9 Aram","Tiempo de lectura":"13 minutos"},"schema":{"@context":"https:\/\/schema.org","@graph":[{"@type":"Article","@id":"https:\/\/gay.blog.br\/es\/entrevistas-es\/en-una-entrevista-los-directores-recuerdan-los-desafios-del-documental-indianara\/#article","isPartOf":{"@id":"https:\/\/gay.blog.br\/es\/entrevistas-es\/en-una-entrevista-los-directores-recuerdan-los-desafios-del-documental-indianara\/"},"author":{"name":"Andr\u00e9 Aram","@id":"https:\/\/gay.blog.br\/es\/#\/schema\/person\/59a4471c2fa312ae207122b509537a87"},"headline":"En una entrevista, los directores recuerdan los desaf\u00edos del documental \u00abIndianara\u00bb","datePublished":"2020-06-26T05:28:37+00:00","dateModified":"2020-12-13T19:37:12+00:00","mainEntityOfPage":{"@id":"https:\/\/gay.blog.br\/es\/entrevistas-es\/en-una-entrevista-los-directores-recuerdan-los-desafios-del-documental-indianara\/"},"wordCount":2553,"commentCount":0,"publisher":{"@id":"https:\/\/gay.blog.br\/es\/#organization"},"image":{"@id":"https:\/\/gay.blog.br\/es\/entrevistas-es\/en-una-entrevista-los-directores-recuerdan-los-desafios-del-documental-indianara\/#primaryimage"},"thumbnailUrl":"https:\/\/i0.wp.com\/gay.blog.br\/wp-content\/uploads\/2020\/06\/piscina.jpg?fit=1920%2C1080&ssl=1","keywords":["Aude Chevalier-Beaumel","Casa Nem","indiana siqueira","indianara","Jean Wyllys","Marcelo Barbosa","Marielle Franco"],"articleSection":["ENTREVISTAS","PEL\u00cdCULAS, TV y SERIES","TRANS"],"inLanguage":"es","potentialAction":[{"@type":"CommentAction","name":"Comment","target":["https:\/\/gay.blog.br\/es\/entrevistas-es\/en-una-entrevista-los-directores-recuerdan-los-desafios-del-documental-indianara\/#respond"]}]},{"@type":"WebPage","@id":"https:\/\/gay.blog.br\/es\/entrevistas-es\/en-una-entrevista-los-directores-recuerdan-los-desafios-del-documental-indianara\/","url":"https:\/\/gay.blog.br\/es\/entrevistas-es\/en-una-entrevista-los-directores-recuerdan-los-desafios-del-documental-indianara\/","name":"En una entrevista, los directores recuerdan los desaf\u00edos del documental \"Indianara\"","isPartOf":{"@id":"https:\/\/gay.blog.br\/es\/#website"},"primaryImageOfPage":{"@id":"https:\/\/gay.blog.br\/es\/entrevistas-es\/en-una-entrevista-los-directores-recuerdan-los-desafios-del-documental-indianara\/#primaryimage"},"image":{"@id":"https:\/\/gay.blog.br\/es\/entrevistas-es\/en-una-entrevista-los-directores-recuerdan-los-desafios-del-documental-indianara\/#primaryimage"},"thumbnailUrl":"https:\/\/i0.wp.com\/gay.blog.br\/wp-content\/uploads\/2020\/06\/piscina.jpg?fit=1920%2C1080&ssl=1","datePublished":"2020-06-26T05:28:37+00:00","dateModified":"2020-12-13T19:37:12+00:00","description":"El documental \u201cIndianara\u201d revela la intimidad y lucha de Indianara Siqueira, matriarca y fundadora de Casa Nem, un albergue en el centro hist\u00f3rico de R\u00edo de Janeiro dirigido a personas LGBTI en situaci\u00f3n de vulnerabilidad social.","breadcrumb":{"@id":"https:\/\/gay.blog.br\/es\/entrevistas-es\/en-una-entrevista-los-directores-recuerdan-los-desafios-del-documental-indianara\/#breadcrumb"},"inLanguage":"es","potentialAction":[{"@type":"ReadAction","target":["https:\/\/gay.blog.br\/es\/entrevistas-es\/en-una-entrevista-los-directores-recuerdan-los-desafios-del-documental-indianara\/"]}]},{"@type":"ImageObject","inLanguage":"es","@id":"https:\/\/gay.blog.br\/es\/entrevistas-es\/en-una-entrevista-los-directores-recuerdan-los-desafios-del-documental-indianara\/#primaryimage","url":"https:\/\/i0.wp.com\/gay.blog.br\/wp-content\/uploads\/2020\/06\/piscina.jpg?fit=1920%2C1080&ssl=1","contentUrl":"https:\/\/i0.wp.com\/gay.blog.br\/wp-content\/uploads\/2020\/06\/piscina.jpg?fit=1920%2C1080&ssl=1","width":1920,"height":1080},{"@type":"BreadcrumbList","@id":"https:\/\/gay.blog.br\/es\/entrevistas-es\/en-una-entrevista-los-directores-recuerdan-los-desafios-del-documental-indianara\/#breadcrumb","itemListElement":[{"@type":"ListItem","position":1,"name":"In\u00edcio","item":"https:\/\/gay.blog.br\/es\/"},{"@type":"ListItem","position":2,"name":"En una entrevista, los directores recuerdan los desaf\u00edos del documental \u00abIndianara\u00bb"}]},{"@type":"WebSite","@id":"https:\/\/gay.blog.br\/es\/#website","url":"https:\/\/gay.blog.br\/es\/","name":"GAY BLOG BR @gayblogbr","description":"Not\u00edcias que empoderam e\/ou entret\u00eam s\u00e3o especialidades da casa","publisher":{"@id":"https:\/\/gay.blog.br\/es\/#organization"},"potentialAction":[{"@type":"SearchAction","target":{"@type":"EntryPoint","urlTemplate":"https:\/\/gay.blog.br\/es\/?s={search_term_string}"},"query-input":{"@type":"PropertyValueSpecification","valueRequired":true,"valueName":"search_term_string"}}],"inLanguage":"es"},{"@type":"Organization","@id":"https:\/\/gay.blog.br\/es\/#organization","name":"GAY BLOG BR","url":"https:\/\/gay.blog.br\/es\/","logo":{"@type":"ImageObject","inLanguage":"es","@id":"https:\/\/gay.blog.br\/es\/#\/schema\/logo\/image\/","url":"https:\/\/i0.wp.com\/gay.blog.br\/wp-content\/uploads\/2023\/08\/gay180px.png?fit=272%2C90&ssl=1","contentUrl":"https:\/\/i0.wp.com\/gay.blog.br\/wp-content\/uploads\/2023\/08\/gay180px.png?fit=272%2C90&ssl=1","width":272,"height":90,"caption":"GAY BLOG BR"},"image":{"@id":"https:\/\/gay.blog.br\/es\/#\/schema\/logo\/image\/"},"sameAs":["https:\/\/facebook.com\/gayblogbr","https:\/\/x.com\/gayblogbr","https:\/\/instagram.com\/gayblogbr","https:\/\/www.linkedin.com\/company\/gayblogbr\/","https:\/\/br.pinterest.com\/gayblogbr\/","https:\/\/www.youtube.com\/channel\/UCdEu3JXLOB-wvWAVUF4AIiA","https:\/\/pt.wikipedia.org\/wiki\/Gay_Blog_Br","https:\/\/www.threads.net\/@gayblogbr"]},{"@type":"Person","@id":"https:\/\/gay.blog.br\/es\/#\/schema\/person\/59a4471c2fa312ae207122b509537a87","name":"Andr\u00e9 Aram","image":{"@type":"ImageObject","inLanguage":"es","@id":"https:\/\/secure.gravatar.com\/avatar\/2c85547dbbd1358696029970d8cb1ad363b94b546b682c26b5db210aee9eada8?s=96&d=mm&r=g","url":"https:\/\/secure.gravatar.com\/avatar\/2c85547dbbd1358696029970d8cb1ad363b94b546b682c26b5db210aee9eada8?s=96&d=mm&r=g","contentUrl":"https:\/\/secure.gravatar.com\/avatar\/2c85547dbbd1358696029970d8cb1ad363b94b546b682c26b5db210aee9eada8?s=96&d=mm&r=g","caption":"Andr\u00e9 Aram"},"sameAs":["https:\/\/gay.blog.br\/author\/andrearam","https:\/\/facebook.com\/gayblogbr","https:\/\/instagram.com\/gayblogbr","https:\/\/x.com\/https:\/\/twittercom\/gayblogbr"],"url":"https:\/\/gay.blog.br\/es\/author\/andrearam\/"}]}},"jetpack_publicize_connections":[],"jetpack_featured_media_url":"https:\/\/i0.wp.com\/gay.blog.br\/wp-content\/uploads\/2020\/06\/piscina.jpg?fit=1920%2C1080&ssl=1","jetpack_sharing_enabled":true,"jetpack_shortlink":"https:\/\/wp.me\/p6klkK-qmi","jetpack_likes_enabled":false,"amp_enabled":true,"_links":{"self":[{"href":"https:\/\/gay.blog.br\/es\/wp-json\/wp\/v2\/posts\/101326","targetHints":{"allow":["GET"]}}],"collection":[{"href":"https:\/\/gay.blog.br\/es\/wp-json\/wp\/v2\/posts"}],"about":[{"href":"https:\/\/gay.blog.br\/es\/wp-json\/wp\/v2\/types\/post"}],"author":[{"embeddable":true,"href":"https:\/\/gay.blog.br\/es\/wp-json\/wp\/v2\/users\/3482"}],"replies":[{"embeddable":true,"href":"https:\/\/gay.blog.br\/es\/wp-json\/wp\/v2\/comments?post=101326"}],"version-history":[{"count":0,"href":"https:\/\/gay.blog.br\/es\/wp-json\/wp\/v2\/posts\/101326\/revisions"}],"wp:featuredmedia":[{"embeddable":true,"href":"https:\/\/gay.blog.br\/es\/wp-json\/wp\/v2\/media\/82415"}],"wp:attachment":[{"href":"https:\/\/gay.blog.br\/es\/wp-json\/wp\/v2\/media?parent=101326"}],"wp:term":[{"taxonomy":"category","embeddable":true,"href":"https:\/\/gay.blog.br\/es\/wp-json\/wp\/v2\/categories?post=101326"},{"taxonomy":"post_tag","embeddable":true,"href":"https:\/\/gay.blog.br\/es\/wp-json\/wp\/v2\/tags?post=101326"}],"curies":[{"name":"wp","href":"https:\/\/api.w.org\/{rel}","templated":true}]}}