{"id":101371,"date":"2020-06-24T21:33:11","date_gmt":"2020-06-25T00:33:11","guid":{"rendered":"https:\/\/gay.blog.br\/?p=101371"},"modified":"2020-12-13T16:39:26","modified_gmt":"2020-12-13T19:39:26","slug":"en-entrevista-iran-giusti-habla-del-desfile-de-san-pablo-representatividad-y-por-supuesto-casa-1","status":"publish","type":"post","link":"https:\/\/gay.blog.br\/es\/entrevistas-es\/en-entrevista-iran-giusti-habla-del-desfile-de-san-pablo-representatividad-y-por-supuesto-casa-1\/","title":{"rendered":"En entrevista, Iran Giusti habla del Desfile de San Pablo, representatividad y, por supuesto, Casa 1"},"content":{"rendered":"<p style=\"text-align: justify;\"><strong>Iran Giusti<\/strong> es un nombre frecuente cuando se trata de emprendimiento social LGBT+. Luego de pasar por canales como iGay, del Portal IG, y BuzzFeed Brasil, Giusti se dedica a <strong>Casa 1<\/strong>, un proyecto social sin fines de lucro que acoge a personas en situaci\u00f3n de vulnerabilidad.<\/p>\n<blockquote class=\"instagram-media\" data-instgrm-captioned data-instgrm-permalink=\"https:\/\/www.instagram.com\/p\/BrUgqR1nJ3W\/?utm_source=ig_embed&amp;utm_campaign=loading\" data-instgrm-version=\"13\" style=\" background:#FFF; border:0; border-radius:3px; box-shadow:0 0 1px 0 rgba(0,0,0,0.5),0 1px 10px 0 rgba(0,0,0,0.15); margin: 1px; max-width:658px; min-width:326px; padding:0; width:99.375%; width:-webkit-calc(100% - 2px); width:calc(100% - 2px);\">\n<div style=\"padding:16px;\"> <a href=\"https:\/\/www.instagram.com\/p\/BrUgqR1nJ3W\/?utm_source=ig_embed&amp;utm_campaign=loading\" style=\" background:#FFFFFF; line-height:0; padding:0 0; text-align:center; text-decoration:none; width:100%;\" target=\"_blank\"> <\/p>\n<div style=\" display: flex; flex-direction: row; align-items: center;\">\n<div style=\"background-color: #F4F4F4; border-radius: 50%; flex-grow: 0; height: 40px; margin-right: 14px; width: 40px;\"><\/div>\n<div style=\"display: flex; flex-direction: column; flex-grow: 1; justify-content: center;\">\n<div style=\" background-color: #F4F4F4; border-radius: 4px; flex-grow: 0; height: 14px; margin-bottom: 6px; width: 100px;\"><\/div>\n<div style=\" background-color: #F4F4F4; border-radius: 4px; flex-grow: 0; height: 14px; width: 60px;\"><\/div>\n<\/div>\n<\/div>\n<div style=\"padding: 19% 0;\"><\/div>\n<div style=\"display:block; height:50px; margin:0 auto 12px; width:50px;\"><svg width=\"50px\" height=\"50px\" viewBox=\"0 0 60 60\" version=\"1.1\" xmlns=\"https:\/\/www.w3.org\/2000\/svg\" xmlns:xlink=\"https:\/\/www.w3.org\/1999\/xlink\"><g stroke=\"none\" stroke-width=\"1\" fill=\"none\" fill-rule=\"evenodd\"><g transform=\"translate(-511.000000, -20.000000)\" fill=\"#000000\"><g><path d=\"M556.869,30.41 C554.814,30.41 553.148,32.076 553.148,34.131 C553.148,36.186 554.814,37.852 556.869,37.852 C558.924,37.852 560.59,36.186 560.59,34.131 C560.59,32.076 558.924,30.41 556.869,30.41 M541,60.657 C535.114,60.657 530.342,55.887 530.342,50 C530.342,44.114 535.114,39.342 541,39.342 C546.887,39.342 551.658,44.114 551.658,50 C551.658,55.887 546.887,60.657 541,60.657 M541,33.886 C532.1,33.886 524.886,41.1 524.886,50 C524.886,58.899 532.1,66.113 541,66.113 C549.9,66.113 557.115,58.899 557.115,50 C557.115,41.1 549.9,33.886 541,33.886 M565.378,62.101 C565.244,65.022 564.756,66.606 564.346,67.663 C563.803,69.06 563.154,70.057 562.106,71.106 C561.058,72.155 560.06,72.803 558.662,73.347 C557.607,73.757 556.021,74.244 553.102,74.378 C549.944,74.521 548.997,74.552 541,74.552 C533.003,74.552 532.056,74.521 528.898,74.378 C525.979,74.244 524.393,73.757 523.338,73.347 C521.94,72.803 520.942,72.155 519.894,71.106 C518.846,70.057 518.197,69.06 517.654,67.663 C517.244,66.606 516.755,65.022 516.623,62.101 C516.479,58.943 516.448,57.996 516.448,50 C516.448,42.003 516.479,41.056 516.623,37.899 C516.755,34.978 517.244,33.391 517.654,32.338 C518.197,30.938 518.846,29.942 519.894,28.894 C520.942,27.846 521.94,27.196 523.338,26.654 C524.393,26.244 525.979,25.756 528.898,25.623 C532.057,25.479 533.004,25.448 541,25.448 C548.997,25.448 549.943,25.479 553.102,25.623 C556.021,25.756 557.607,26.244 558.662,26.654 C560.06,27.196 561.058,27.846 562.106,28.894 C563.154,29.942 563.803,30.938 564.346,32.338 C564.756,33.391 565.244,34.978 565.378,37.899 C565.522,41.056 565.552,42.003 565.552,50 C565.552,57.996 565.522,58.943 565.378,62.101 M570.82,37.631 C570.674,34.438 570.167,32.258 569.425,30.349 C568.659,28.377 567.633,26.702 565.965,25.035 C564.297,23.368 562.623,22.342 560.652,21.575 C558.743,20.834 556.562,20.326 553.369,20.18 C550.169,20.033 549.148,20 541,20 C532.853,20 531.831,20.033 528.631,20.18 C525.438,20.326 523.257,20.834 521.349,21.575 C519.376,22.342 517.703,23.368 516.035,25.035 C514.368,26.702 513.342,28.377 512.574,30.349 C511.834,32.258 511.326,34.438 511.181,37.631 C511.035,40.831 511,41.851 511,50 C511,58.147 511.035,59.17 511.181,62.369 C511.326,65.562 511.834,67.743 512.574,69.651 C513.342,71.625 514.368,73.296 516.035,74.965 C517.703,76.634 519.376,77.658 521.349,78.425 C523.257,79.167 525.438,79.673 528.631,79.82 C531.831,79.965 532.853,80.001 541,80.001 C549.148,80.001 550.169,79.965 553.369,79.82 C556.562,79.673 558.743,79.167 560.652,78.425 C562.623,77.658 564.297,76.634 565.965,74.965 C567.633,73.296 568.659,71.625 569.425,69.651 C570.167,67.743 570.674,65.562 570.82,62.369 C570.966,59.17 571,58.147 571,50 C571,41.851 570.966,40.831 570.82,37.631\"><\/path><\/g><\/g><\/g><\/svg><\/div>\n<div style=\"padding-top: 8px;\">\n<div style=\" color:#3897f0; font-family:Arial,sans-serif; font-size:14px; font-style:normal; font-weight:550; line-height:18px;\"> View this post on Instagram<\/div>\n<\/div>\n<div style=\"padding: 12.5% 0;\"><\/div>\n<div style=\"display: flex; flex-direction: row; margin-bottom: 14px; align-items: center;\">\n<div>\n<div style=\"background-color: #F4F4F4; border-radius: 50%; height: 12.5px; width: 12.5px; transform: translateX(0px) translateY(7px);\"><\/div>\n<div style=\"background-color: #F4F4F4; height: 12.5px; transform: rotate(-45deg) translateX(3px) translateY(1px); width: 12.5px; flex-grow: 0; margin-right: 14px; margin-left: 2px;\"><\/div>\n<div style=\"background-color: #F4F4F4; border-radius: 50%; height: 12.5px; width: 12.5px; transform: translateX(9px) translateY(-18px);\"><\/div>\n<\/div>\n<div style=\"margin-left: 8px;\">\n<div style=\" background-color: #F4F4F4; border-radius: 50%; flex-grow: 0; height: 20px; width: 20px;\"><\/div>\n<div style=\" width: 0; height: 0; border-top: 2px solid transparent; border-left: 6px solid #f4f4f4; border-bottom: 2px solid transparent; transform: translateX(16px) translateY(-4px) rotate(30deg)\"><\/div>\n<\/div>\n<div style=\"margin-left: auto;\">\n<div style=\" width: 0px; border-top: 8px solid #F4F4F4; border-right: 8px solid transparent; transform: translateY(16px);\"><\/div>\n<div style=\" background-color: #F4F4F4; flex-grow: 0; height: 12px; width: 16px; transform: translateY(-4px);\"><\/div>\n<div style=\" width: 0; height: 0; border-top: 8px solid #F4F4F4; border-left: 8px solid transparent; transform: translateY(-4px) translateX(8px);\"><\/div>\n<\/div>\n<\/div>\n<div style=\"display: flex; flex-direction: column; flex-grow: 1; justify-content: center; margin-bottom: 24px;\">\n<div style=\" background-color: #F4F4F4; border-radius: 4px; flex-grow: 0; height: 14px; margin-bottom: 6px; width: 224px;\"><\/div>\n<div style=\" background-color: #F4F4F4; border-radius: 4px; flex-grow: 0; height: 14px; width: 144px;\"><\/div>\n<\/div>\n<p><\/a><\/p>\n<p style=\" color:#c9c8cd; font-family:Arial,sans-serif; font-size:14px; line-height:17px; margin-bottom:0; margin-top:8px; overflow:hidden; padding:8px 0 7px; text-align:center; text-overflow:ellipsis; white-space:nowrap;\"><a href=\"https:\/\/www.instagram.com\/p\/BrUgqR1nJ3W\/?utm_source=ig_embed&amp;utm_campaign=loading\" style=\" color:#c9c8cd; font-family:Arial,sans-serif; font-size:14px; font-style:normal; font-weight:normal; line-height:17px; text-decoration:none;\" target=\"_blank\">A post shared by Iran Giusti (@irangiusti)<\/a><\/p>\n<\/div>\n<\/blockquote>\n<p><script async src=\"\/\/platform.instagram.com\/en_US\/embeds.js\"><\/script><\/p>\n<p style=\"text-align: justify;\"><strong>Eres el fundador de <\/strong><a href=\"http:\/\/www.casaum.org\/\" target=\"_blank\" rel=\"noopener noreferrer\" data-saferedirecturl=\"https:\/\/www.google.com\/url?q=http:\/\/www.casaum.org\/&amp;source=gmail&amp;ust=1593119599495000&amp;usg=AFQjCNHrTo02FQlulERLHqBgQO4R0I5Oqw\"><strong>Casa 1<\/strong><\/a><strong>, un centro de cultura y acogida dirigido a la poblaci\u00f3n LGBT. \u00bfCu\u00e1les son los principales desaf\u00edos a los que se ha enfrentado Casa 1 en este momento de pandemia y aislamiento social?<\/strong><\/p>\n<p style=\"text-align: justify;\">Creo que, como todos los dem\u00e1s, los desaf\u00edos son: dinero e incertidumbres en materia de salud. Al inicio de la pandemia, todos los avisos p\u00fablicos que hab\u00edamos solicitado fueron cancelados y tambi\u00e9n cesaron todas las acciones relacionadas con el mes del orgullo, ahora en junio, que comenzaban a articularse, tambi\u00e9n se paralizaron. Afortunadamente, perdimos pocos donantes de nuestro crowdfunding recurrente e incluso ganamos algunos nuevos. Las marcas entendieron un poco el panorama general y est\u00e1n corriendo para realizar acciones que nos ayudar\u00e1n mucho en el mantenimiento del proyecto.<\/p>\n<p style=\"text-align: justify;\">Todo este tema del dinero es muy complicado, porque adem\u00e1s de mantener tres espacios f\u00edsicos: centro de recepci\u00f3n, centro cultural (Galp\u00f3n Casa 1) y cl\u00ednica social, contamos con 21 profesionales contratados y contratadas, adem\u00e1s de las demandas que se han incrementado seg\u00fan ejemplo de canastas de alimentos b\u00e1sicos, que ahora suman 887 en junio (30% de ellas para personas LGBT).<\/p>\n<p style=\"text-align: justify;\">Ahora, en relaci\u00f3n a las incertidumbres en relaci\u00f3n a la salud, es algo que lamentablemente no hemos avanzado mucho: tanto el gobierno municipal como el estatal han entrado en el \u00edmpetu del gobierno federal e incluso las muertes en la ciudad y en el creciente estado est\u00e1n en reapertura. Justo al comienzo de la pandemia, suspendimos a los reci\u00e9n llegados y a los 12 residentes que permanecieron en total aislamiento. Hoy se quedaron cuatro (los dem\u00e1s terminaron yendo a casa de amigos o familiares o pudieron alquilar habitaciones). Este lugar ha sido muy dif\u00edcil para nosotros: por un lado, hay j\u00f3venes que necesitan ser acogidos, y por otro, no podemos poner tambi\u00e9n en riesgo la salud de quienes ya est\u00e1n acompa\u00f1ados por el proyecto. En los casos m\u00e1s graves de solicitudes de recepci\u00f3n, las discutimos individualmente y hacemos posibles derivaciones.<\/p>\n<p style=\"text-align: justify;\">En este punto, es importante se\u00f1alar que no hay recepci\u00f3n, para asistencia y apoyo, brindamos profesionales de salud mental para escuchar, abogados para ayudar a solicitar asistencia de emergencia y nos articulamos con otros centros p\u00fablicos de recepci\u00f3n para tratar de encontrar vacantes.<\/p>\n<p style=\"text-align: justify;\"><strong>\u00bfViste el 1er Desfile Virtual del Orgullo LGBT+ en San Pablo? \u00bfY c\u00f3mo ve la elecci\u00f3n de presentadores?<\/strong><strong><br \/>\n<\/strong><\/p>\n<p style=\"text-align: justify;\">Confieso que vi muy poco y no tiene nada que ver con ser el Desfile, sino porque realmente casi no consumo videos y lives con normalidad y ahora con este proceso de aislamiento estos formatos incluso han aumentado en la programaci\u00f3n de Casa 1 as\u00ed que estoy un poco sobrecargado.<\/p>\n<p style=\"text-align: justify;\">En cuanto a lo que vi y luego le\u00ed en las cr\u00edticas, entend\u00ed completamente tanto lo que motiv\u00f3 a la Asociaci\u00f3n del Desfile a hacer como las cr\u00edticas que sufrieron.<\/p>\n<p style=\"text-align: justify;\">Primero, hay que tener en cuenta que fue un momento peculiar y fue necesario adaptarse muy r\u00e1pidamente para el evento, por lo que parec\u00eda bastante l\u00f3gico buscar personas que ya tuvieran contacto con el formato de producci\u00f3n de video e incluso estructura para la realizaci\u00f3n, esto sumado a las pr\u00e1cticas del mercado publicitario (que patrocin\u00f3 el evento) que siempre busca nombres con gran n\u00famero y culmin\u00f3 en la lista de presentadores elegidos.<\/p>\n<p style=\"text-align: justify;\">Esto no significa que no se haya podido seleccionar a personas m\u00e1s plurales, sobre todo en el grupo de edad o incluso un mayor esfuerzo para traer al menos informes de las personas que integran el movimiento en la ciudad y en el estado. Si perdieran en calidad t\u00e9cnica de la transmisi\u00f3n, ganar\u00edan en contenido.<\/p>\n<p style=\"text-align: justify;\">Tambi\u00e9n se debe tener cuidado de no descalificar el trabajo de los m\u00e1s j\u00f3venes que estuvieron all\u00ed. Ellos y ellas producen mucho contenido y ayudan a que los debates comunitarios contin\u00faen constantemente, a veces de una manera que yo, <span class=\"il\">Ir\u00e1n,<\/span> no har\u00eda y no hago. Pero teniendo en cuenta la cantidad de cosas que ellos y ellas producen, creo que es completamente normal tener errores en el camino.<\/p>\n<p style=\"text-align: justify;\">Adem\u00e1s, las actuaciones musicales estuvieron bien ejecutadas, pero tambi\u00e9n muy centradas en grandes nombres, algo que es dif\u00edcil de aceptar dado que el festival <em>Marsha,<\/em> por ejemplo, quien hizo la edici\u00f3n <em>\u00abEnter the Room\u00bb<\/em> a principios de abril y trajo a internet a una decena de artistas trans y travestis con una alt\u00edsima calidad t\u00e9cnica de producci\u00f3n sin que nadie tenga que salir de casa.<strong><br \/>\n<\/strong><\/p>\n<p style=\"text-align: justify;\"><strong>El a\u00f1o pasado, escribiste una<\/strong> <a href=\"https:\/\/www.facebook.com\/iran.giusti\/posts\/10219231095071165\" target=\"_blank\" rel=\"noopener noreferrer\" data-saferedirecturl=\"https:\/\/www.google.com\/url?q=https:\/\/www.facebook.com\/iran.giusti\/posts\/10219231095071165&amp;source=gmail&amp;ust=1593119599495000&amp;usg=AFQjCNGOAL7o15TdHdLffm4250jBPPfxVA\"><strong>publicaci\u00f3n en Facebook.<\/strong><\/a> <strong>en el que criticaba la gesti\u00f3n del Desfile de San Pablo, incluso hubo denuncias de corrupci\u00f3n reportadas por algunos medios de la \u00e9poca. \u00bfHubo cambios despu\u00e9s de estas controversias? \u00bfIntentaste contactar con ellos este a\u00f1o? <\/strong><\/p>\n<p style=\"text-align: justify;\">Hab\u00eda algunas preguntas de los miembros de la Asociaci\u00f3n del Desfile en el propio post, pero no ten\u00edan ni el t\u00edtulo de aclaraci\u00f3n ni la b\u00fasqueda de di\u00e1logo; entonces, no hubo respuesta de mi lado. Adem\u00e1s, somos conscientes de que algunas personas buscan sistem\u00e1ticamente algo para \u00abdemandar a la Casa 1\u00bb, pero nada de esto se ha formalizado ni nos ha llegado directamente.<\/p>\n<p style=\"text-align: justify;\">Otro grupo de personas dialoga mucho con nosotros, y hasta nos pidieron que envi\u00e1ramos un video explicando sobre Casa 1 para pasar durante el evento, pero no tuvimos tiempo suficiente para producirlo. Este tambi\u00e9n es un punto importante, as\u00ed como Casa 1 no es <span class=\"il\">Iran<\/span> Giusti, Asociaci\u00f3n del Desfile no es una sola persona sino un colectivo y hay todo tipo de articulaciones en su interior.<\/p>\n<p style=\"text-align: justify;\"><strong>A partir de esta cr\u00edtica a la publicaci\u00f3n que hizo el a\u00f1o pasado, dio a entender que el Desfile LGBT en San Pablo ha pasado del activismo a un negocio con intereses propios. \u00bfSer\u00eda eso?<\/strong><\/p>\n<p style=\"text-align: justify;\">Si no me equivoco, lo que critiqu\u00e9 en el post fueron dos puntos: la falta de contenido pol\u00edtico y la falta de transparencia en la gesti\u00f3n de los recursos. No puedo decirte si el Desfile se ha convertido en un negocio de su propio inter\u00e9s como dices porque no tenemos acceso a los datos y valores que se generan con el patrocinio.<\/p>\n<p style=\"text-align: justify;\">La justificaci\u00f3n de la Asociaci\u00f3n es que la gente no entender\u00eda particularmente por qu\u00e9 recaudan tanto dinero durante el desfile y mantienen la organizaci\u00f3n durante todo el a\u00f1o. Para m\u00ed esta es una l\u00f3gica muy f\u00e1cil de entender, Casa 1 hace esto, decimos todo el tiempo que junio es nuestra Navidad, que es cuando recolectamos el dinero que nos sustente el resto del a\u00f1o.<\/p>\n<p style=\"text-align: justify;\">Adem\u00e1s, realmente no creo que los contratos con marcas y empresas sean tan millonarios como la gente piensa exactamente porque hablamos mucho con estas empresas. Pero hay algo de dinero y la pregunta es a d\u00f3nde va, teniendo en cuenta que la mayor\u00eda de los tr\u00edos, as\u00ed como toda la estructura es financiada por el municipio, as\u00ed como la sede de la asociaci\u00f3n la da el gobierno y las personas que trabajan en el evento son todas voluntarias.<\/p>\n<p style=\"text-align: justify;\">Mis cr\u00edticas en relaci\u00f3n al dinero son porque s\u00e9 lo dif\u00edcil que es cerrar la cuenta, porque s\u00e9 que en el imaginario popular las ONG son ricas solo porque recibieron dinero de empresas o porque tienen contrato con el Estado. Y no es as\u00ed, que insistimos en rendir cuentas todo el tiempo.<\/p>\n<p style=\"text-align: justify;\"><strong>A\u00fan sobre este tema, \u00bfcree que el Desfile es un evento pol\u00edtico organizado por una ONG?<\/strong><\/p>\n<p style=\"text-align: justify;\">Desde el momento en que el Desfile necesit\u00f3 contar con el apoyo estructural del Ayuntamiento, tuvo que ser muy educado en las agendas pol\u00edticas y eso es un problema. Nunca tuve problemas con la \u00abParada ser Micareta\u00bb, para m\u00ed tiene que ser muy micareta y muy carnaval, hacia arriba, vivaz, esta es nuestra forma de vida: aunque estemos pasando por muchos problemas, estamos ah\u00ed en la niebla. Pero creo que se puede tener de todo, el colectivo <em>Revolta da<\/em><em>L\u00e2mpada <\/em> lo demuestra con el lema <em>\u00abFervo tambi\u00e9n es Lucha\u00bb.<\/em> Necesitamos pistas, necesitamos actuaciones cr\u00edticas, necesitamos tener temas efectivos y no gen\u00e9ricos como \u00abDemocracia\u00bb. \u00bfQu\u00e9 es la democracia al final? \u00bfPuede una comunidad que depende del poder judicial para tener alg\u00fan derecho reclamar vivir en un estado democr\u00e1tico y tener que usar su evento principal para defender un sistema pol\u00edtico que ignora sistem\u00e1ticamente nuestras demandas?<\/p>\n<p style=\"text-align: justify;\"><strong>\u00bfPor qu\u00e9, en su opini\u00f3n, se us\u00f3 mal el tr\u00edo el\u00e9ctrico del Desfile LGBT?<\/strong><\/p>\n<p style=\"text-align: justify;\">A m\u00ed, <span class=\"il\">Ir\u00e1n,<\/span> no me gustan los tr\u00edos, ya me han invitado para irme del Desfile, en tr\u00edos en el carnaval, etc., pero siempre me negu\u00e9 porque creo que el tr\u00edo estratifica el evento que ocurre en un pa\u00eds tan estratificado, lo mismo ocurre para los camarotes. Solo estoy en esos lugares en los que necesito estar por trabajo cuando, por ejemplo, tuvimos un tr\u00edo en una manifestaci\u00f3n en el Parque do Bixiga en 2018 o bien en un Desfile donde sub\u00ed a hacer una historia para iGay, un veh\u00edculo que funcion\u00f3 como reportero y en este caso incluso sub\u00ed. Hice lo que ten\u00eda que hacer y baj\u00e9, pas\u00e9 10 minutos all\u00ed arriba.<\/p>\n<p style=\"text-align: justify;\">Ahora, teniendo en cuenta el tama\u00f1o y las necesidades t\u00e9cnicas del desfile, entiendo al tr\u00edo como una necesidad, as\u00ed que lo usamos con fines pol\u00edticos y de actuaci\u00f3n.<\/p>\n<p style=\"text-align: justify;\">En la configuraci\u00f3n actual, el primer tr\u00edo viene con los pol\u00edticos y el presentador, que en los \u00faltimos a\u00f1os ha sido Tchaka, y realmente tiene m\u00e1s l\u00edneas pol\u00edticas, sin embargo esta pr\u00e1ctica tiene que estar en todos los autos. Prohibir pancartas y carteles en la parte superior del autom\u00f3vil es otro problema: si est\u00e1 bien organizado con contenido previamente aprobado, \u00bfpor qu\u00e9 no? Entiendo que no se puede abrir, despu\u00e9s de todo hemos visto muchos casos como el de S\u00e9rgio Camargo, un negro que est\u00e1 al frente de una instituci\u00f3n que debe velar por los derechos de la poblaci\u00f3n negra con actitudes extremadamente racistas, algo que podr\u00eda pasar con las bandas, pero con el di\u00e1logo y las reglas no habr\u00eda problema.<\/p>\n<p style=\"text-align: justify;\">Finalmente, los tr\u00edos no pueden ni deben ser camarotes, con gente que se despide desde all\u00e1 arriba: se est\u00e1 haciendo mucho arte, hay much\u00edsimos buenos int\u00e9rpretes en la ciudad, hay muchas formas de enviar mensajes y decir lo que necesitamos a trav\u00e9s del arte.<\/p>\n<blockquote class=\"instagram-media\" data-instgrm-captioned data-instgrm-permalink=\"https:\/\/www.instagram.com\/p\/BpvSrcknuv6\/?utm_source=ig_embed&amp;utm_campaign=loading\" data-instgrm-version=\"13\" style=\" background:#FFF; border:0; border-radius:3px; box-shadow:0 0 1px 0 rgba(0,0,0,0.5),0 1px 10px 0 rgba(0,0,0,0.15); margin: 1px; max-width:658px; min-width:326px; padding:0; width:99.375%; width:-webkit-calc(100% - 2px); width:calc(100% - 2px);\">\n<div style=\"padding:16px;\"> <a href=\"https:\/\/www.instagram.com\/p\/BpvSrcknuv6\/?utm_source=ig_embed&amp;utm_campaign=loading\" style=\" background:#FFFFFF; line-height:0; padding:0 0; text-align:center; text-decoration:none; width:100%;\" target=\"_blank\"> <\/p>\n<div style=\" display: flex; flex-direction: row; align-items: center;\">\n<div style=\"background-color: #F4F4F4; border-radius: 50%; flex-grow: 0; height: 40px; margin-right: 14px; width: 40px;\"><\/div>\n<div style=\"display: flex; flex-direction: column; flex-grow: 1; justify-content: center;\">\n<div style=\" background-color: #F4F4F4; border-radius: 4px; flex-grow: 0; height: 14px; margin-bottom: 6px; width: 100px;\"><\/div>\n<div style=\" background-color: #F4F4F4; border-radius: 4px; flex-grow: 0; height: 14px; width: 60px;\"><\/div>\n<\/div>\n<\/div>\n<div style=\"padding: 19% 0;\"><\/div>\n<div style=\"display:block; height:50px; margin:0 auto 12px; width:50px;\"><svg width=\"50px\" height=\"50px\" viewBox=\"0 0 60 60\" version=\"1.1\" xmlns=\"https:\/\/www.w3.org\/2000\/svg\" xmlns:xlink=\"https:\/\/www.w3.org\/1999\/xlink\"><g stroke=\"none\" stroke-width=\"1\" fill=\"none\" fill-rule=\"evenodd\"><g transform=\"translate(-511.000000, -20.000000)\" fill=\"#000000\"><g><path d=\"M556.869,30.41 C554.814,30.41 553.148,32.076 553.148,34.131 C553.148,36.186 554.814,37.852 556.869,37.852 C558.924,37.852 560.59,36.186 560.59,34.131 C560.59,32.076 558.924,30.41 556.869,30.41 M541,60.657 C535.114,60.657 530.342,55.887 530.342,50 C530.342,44.114 535.114,39.342 541,39.342 C546.887,39.342 551.658,44.114 551.658,50 C551.658,55.887 546.887,60.657 541,60.657 M541,33.886 C532.1,33.886 524.886,41.1 524.886,50 C524.886,58.899 532.1,66.113 541,66.113 C549.9,66.113 557.115,58.899 557.115,50 C557.115,41.1 549.9,33.886 541,33.886 M565.378,62.101 C565.244,65.022 564.756,66.606 564.346,67.663 C563.803,69.06 563.154,70.057 562.106,71.106 C561.058,72.155 560.06,72.803 558.662,73.347 C557.607,73.757 556.021,74.244 553.102,74.378 C549.944,74.521 548.997,74.552 541,74.552 C533.003,74.552 532.056,74.521 528.898,74.378 C525.979,74.244 524.393,73.757 523.338,73.347 C521.94,72.803 520.942,72.155 519.894,71.106 C518.846,70.057 518.197,69.06 517.654,67.663 C517.244,66.606 516.755,65.022 516.623,62.101 C516.479,58.943 516.448,57.996 516.448,50 C516.448,42.003 516.479,41.056 516.623,37.899 C516.755,34.978 517.244,33.391 517.654,32.338 C518.197,30.938 518.846,29.942 519.894,28.894 C520.942,27.846 521.94,27.196 523.338,26.654 C524.393,26.244 525.979,25.756 528.898,25.623 C532.057,25.479 533.004,25.448 541,25.448 C548.997,25.448 549.943,25.479 553.102,25.623 C556.021,25.756 557.607,26.244 558.662,26.654 C560.06,27.196 561.058,27.846 562.106,28.894 C563.154,29.942 563.803,30.938 564.346,32.338 C564.756,33.391 565.244,34.978 565.378,37.899 C565.522,41.056 565.552,42.003 565.552,50 C565.552,57.996 565.522,58.943 565.378,62.101 M570.82,37.631 C570.674,34.438 570.167,32.258 569.425,30.349 C568.659,28.377 567.633,26.702 565.965,25.035 C564.297,23.368 562.623,22.342 560.652,21.575 C558.743,20.834 556.562,20.326 553.369,20.18 C550.169,20.033 549.148,20 541,20 C532.853,20 531.831,20.033 528.631,20.18 C525.438,20.326 523.257,20.834 521.349,21.575 C519.376,22.342 517.703,23.368 516.035,25.035 C514.368,26.702 513.342,28.377 512.574,30.349 C511.834,32.258 511.326,34.438 511.181,37.631 C511.035,40.831 511,41.851 511,50 C511,58.147 511.035,59.17 511.181,62.369 C511.326,65.562 511.834,67.743 512.574,69.651 C513.342,71.625 514.368,73.296 516.035,74.965 C517.703,76.634 519.376,77.658 521.349,78.425 C523.257,79.167 525.438,79.673 528.631,79.82 C531.831,79.965 532.853,80.001 541,80.001 C549.148,80.001 550.169,79.965 553.369,79.82 C556.562,79.673 558.743,79.167 560.652,78.425 C562.623,77.658 564.297,76.634 565.965,74.965 C567.633,73.296 568.659,71.625 569.425,69.651 C570.167,67.743 570.674,65.562 570.82,62.369 C570.966,59.17 571,58.147 571,50 C571,41.851 570.966,40.831 570.82,37.631\"><\/path><\/g><\/g><\/g><\/svg><\/div>\n<div style=\"padding-top: 8px;\">\n<div style=\" color:#3897f0; font-family:Arial,sans-serif; font-size:14px; font-style:normal; font-weight:550; line-height:18px;\"> View this post on Instagram<\/div>\n<\/div>\n<div style=\"padding: 12.5% 0;\"><\/div>\n<div style=\"display: flex; flex-direction: row; margin-bottom: 14px; align-items: center;\">\n<div>\n<div style=\"background-color: #F4F4F4; border-radius: 50%; height: 12.5px; width: 12.5px; transform: translateX(0px) translateY(7px);\"><\/div>\n<div style=\"background-color: #F4F4F4; height: 12.5px; transform: rotate(-45deg) translateX(3px) translateY(1px); width: 12.5px; flex-grow: 0; margin-right: 14px; margin-left: 2px;\"><\/div>\n<div style=\"background-color: #F4F4F4; border-radius: 50%; height: 12.5px; width: 12.5px; transform: translateX(9px) translateY(-18px);\"><\/div>\n<\/div>\n<div style=\"margin-left: 8px;\">\n<div style=\" background-color: #F4F4F4; border-radius: 50%; flex-grow: 0; height: 20px; width: 20px;\"><\/div>\n<div style=\" width: 0; height: 0; border-top: 2px solid transparent; border-left: 6px solid #f4f4f4; border-bottom: 2px solid transparent; transform: translateX(16px) translateY(-4px) rotate(30deg)\"><\/div>\n<\/div>\n<div style=\"margin-left: auto;\">\n<div style=\" width: 0px; border-top: 8px solid #F4F4F4; border-right: 8px solid transparent; transform: translateY(16px);\"><\/div>\n<div style=\" background-color: #F4F4F4; flex-grow: 0; height: 12px; width: 16px; transform: translateY(-4px);\"><\/div>\n<div style=\" width: 0; height: 0; border-top: 8px solid #F4F4F4; border-left: 8px solid transparent; transform: translateY(-4px) translateX(8px);\"><\/div>\n<\/div>\n<\/div>\n<div style=\"display: flex; flex-direction: column; flex-grow: 1; justify-content: center; margin-bottom: 24px;\">\n<div style=\" background-color: #F4F4F4; border-radius: 4px; flex-grow: 0; height: 14px; margin-bottom: 6px; width: 224px;\"><\/div>\n<div style=\" background-color: #F4F4F4; border-radius: 4px; flex-grow: 0; height: 14px; width: 144px;\"><\/div>\n<\/div>\n<p><\/a><\/p>\n<p style=\" color:#c9c8cd; font-family:Arial,sans-serif; font-size:14px; line-height:17px; margin-bottom:0; margin-top:8px; overflow:hidden; padding:8px 0 7px; text-align:center; text-overflow:ellipsis; white-space:nowrap;\"><a href=\"https:\/\/www.instagram.com\/p\/BpvSrcknuv6\/?utm_source=ig_embed&amp;utm_campaign=loading\" style=\" color:#c9c8cd; font-family:Arial,sans-serif; font-size:14px; font-style:normal; font-weight:normal; line-height:17px; text-decoration:none;\" target=\"_blank\">A post shared by Iran Giusti (@irangiusti)<\/a><\/p>\n<\/div>\n<\/blockquote>\n<p><script async src=\"\/\/platform.instagram.com\/en_US\/embeds.js\"><\/script><\/p>\n<p style=\"text-align: justify;\"><strong>El a\u00f1o pasado te pusiste en contacto con el Desfile para hacer un tr\u00edo de Casa 1, con el objetivo de acercar la cultura LGBT (performances, teatro, etc.) y alegaste que te ped\u00edan 1 mill\u00f3n de reales. \u00bfQui\u00e9n te pidi\u00f3 esa cantidad surrealista? \u00bfY c\u00f3mo reaccionaste ya que Casa 1 es un espacio que depende de donaciones y ser\u00eda una forma de dar a conocer la labor social que haces por la comunidad LGBT que son v\u00edctimas de prejuicios?<\/strong><\/p>\n<p style=\"text-align: justify;\">Quien pas\u00f3 el valor fue el contacto indicado por el tr\u00edo de negociaciones en el Desfile y honestamente no recuerdo el nombre y creo que tampoco vale la pena decirlo en vista de que representaba un cargo del Desfile.<\/p>\n<p style=\"text-align: justify;\">En mi opini\u00f3n, hubo dos preguntas que pesaron esta cantidad, la primera es la justificaci\u00f3n de que toda organizaci\u00f3n quiere tener un tr\u00edo en el desfile y eso ser\u00eda inviable, por lo que incluso los autos tienen temas (hombres trans, mujeres trans, personas que viven con VIH) y re\u00fanen a personas de diferentes organizaciones. Cuando yo era m\u00e1s joven y la ciudad no ced\u00eda los autos, los que financiaban eran los bailes y cada uno ten\u00eda su propio tr\u00edo. Para evitar esta hinchaz\u00f3n y desgaste del tipo \u00abpero fulano tiene un tr\u00edo y yo no\u00bb pongo este piso de muy alto valor para hacer inviable a todos.<\/p>\n<p style=\"text-align: justify;\">Particularmente, creo que ninguna de las dos configuraciones (ayuntamiento o bailes) me parece acertada, porque restringen por completo las posibilidades del evento. Primero, creo que se debe fomentar la creaci\u00f3n de bloques, como sucede en los desfiles militares o en los desfiles de las escuelas de samba: todos representando sus luchas, sus posiciones, abriendo la diversidad y pluralidad del movimiento y los tr\u00edos vendr\u00edan como alas abiertas con atracciones alineadas con esos bloques.<\/p>\n<p style=\"text-align: justify;\">Otro punto es este imaginario de que Casa 1 es un proyecto rico debido a las muchas asociaciones que tenemos y, s\u00ed, hoy tenemos una condici\u00f3n financiera mucho m\u00e1s segura que la mayor\u00eda de los otros proyectos sociales, pero estamos muy lejos de ser ricos y nuestro fondo de caja, por ejemplo, apoya el proyecto con tres meses de antelaci\u00f3n, es decir, si no entra ning\u00fan proyecto de marca y si dejamos de recibir donaciones, estamos abiertos solo por tres meses.<\/p>\n<p style=\"text-align: justify;\">A partir de este imaginario, Asociaci\u00f3n del Desfile estableci\u00f3 el valor predeterminado. Les explicamos que s\u00ed ten\u00edamos patrocinadores (la idea era reunir a varios y tambi\u00e9n financiar colectivamente al tr\u00edo) y dijeron que solo ser\u00eda posible si este patrocinador cerraba directamente con ellos, algo que negamos. La idea del tr\u00edo era, adem\u00e1s de intentar hacer algo diferente en el Desfile, mucho m\u00e1s pol\u00edtico y art\u00edstico, tambi\u00e9n retribuir a todos los involucrados en el tr\u00edo Casa 1, porque aunque es un evento pol\u00edtico y de entretenimiento, sigue siendo trabajo.<\/p>\n<p style=\"text-align: justify;\"><strong>\u00bfEn su opini\u00f3n, fue el representante del desfile del Orgullo LGBT virtual de este a\u00f1o?<\/strong><\/p>\n<p style=\"text-align: justify;\">El debate sobre la representatividad ha recibido merecidamente el espacio que necesita, pero hay que tener cuidado con puntuar ciertas cosas: por ejemplo, faltaban nombres hist\u00f3ricos y este es un problema muy grande, pero no podemos menospreciar el hecho de que ten\u00edamos un equipo de presentadoras con mujeres lesbianas, negros y trans, todos hist\u00f3ricamente invisibles dentro del movimiento.<\/p>\n<p style=\"text-align: justify;\">Adem\u00e1s, tuvimos a Pepita y Liniker actuando, artistas trans muy prominentes, as\u00ed como una mujer lesbiana y negra, Ellen Ol\u00e9ria, abriendo el evento.<\/p>\n<p style=\"text-align: justify;\">Dicho esto, creo que es m\u00e1s correcto decir que hubo menos representatividad de la que era posible tener.<\/p>\n<blockquote class=\"instagram-media\" data-instgrm-captioned data-instgrm-permalink=\"https:\/\/www.instagram.com\/p\/BmlbhGNBAYH\/?utm_source=ig_embed&amp;utm_campaign=loading\" data-instgrm-version=\"13\" style=\" background:#FFF; border:0; border-radius:3px; box-shadow:0 0 1px 0 rgba(0,0,0,0.5),0 1px 10px 0 rgba(0,0,0,0.15); margin: 1px; max-width:658px; min-width:326px; padding:0; width:99.375%; width:-webkit-calc(100% - 2px); width:calc(100% - 2px);\">\n<div style=\"padding:16px;\"> <a href=\"https:\/\/www.instagram.com\/p\/BmlbhGNBAYH\/?utm_source=ig_embed&amp;utm_campaign=loading\" style=\" background:#FFFFFF; line-height:0; padding:0 0; text-align:center; text-decoration:none; width:100%;\" target=\"_blank\"> <\/p>\n<div style=\" display: flex; flex-direction: row; align-items: center;\">\n<div style=\"background-color: #F4F4F4; border-radius: 50%; flex-grow: 0; height: 40px; margin-right: 14px; width: 40px;\"><\/div>\n<div style=\"display: flex; flex-direction: column; flex-grow: 1; justify-content: center;\">\n<div style=\" background-color: #F4F4F4; border-radius: 4px; flex-grow: 0; height: 14px; margin-bottom: 6px; width: 100px;\"><\/div>\n<div style=\" background-color: #F4F4F4; border-radius: 4px; flex-grow: 0; height: 14px; width: 60px;\"><\/div>\n<\/div>\n<\/div>\n<div style=\"padding: 19% 0;\"><\/div>\n<div style=\"display:block; height:50px; margin:0 auto 12px; width:50px;\"><svg width=\"50px\" height=\"50px\" viewBox=\"0 0 60 60\" version=\"1.1\" xmlns=\"https:\/\/www.w3.org\/2000\/svg\" xmlns:xlink=\"https:\/\/www.w3.org\/1999\/xlink\"><g stroke=\"none\" stroke-width=\"1\" fill=\"none\" fill-rule=\"evenodd\"><g transform=\"translate(-511.000000, -20.000000)\" fill=\"#000000\"><g><path d=\"M556.869,30.41 C554.814,30.41 553.148,32.076 553.148,34.131 C553.148,36.186 554.814,37.852 556.869,37.852 C558.924,37.852 560.59,36.186 560.59,34.131 C560.59,32.076 558.924,30.41 556.869,30.41 M541,60.657 C535.114,60.657 530.342,55.887 530.342,50 C530.342,44.114 535.114,39.342 541,39.342 C546.887,39.342 551.658,44.114 551.658,50 C551.658,55.887 546.887,60.657 541,60.657 M541,33.886 C532.1,33.886 524.886,41.1 524.886,50 C524.886,58.899 532.1,66.113 541,66.113 C549.9,66.113 557.115,58.899 557.115,50 C557.115,41.1 549.9,33.886 541,33.886 M565.378,62.101 C565.244,65.022 564.756,66.606 564.346,67.663 C563.803,69.06 563.154,70.057 562.106,71.106 C561.058,72.155 560.06,72.803 558.662,73.347 C557.607,73.757 556.021,74.244 553.102,74.378 C549.944,74.521 548.997,74.552 541,74.552 C533.003,74.552 532.056,74.521 528.898,74.378 C525.979,74.244 524.393,73.757 523.338,73.347 C521.94,72.803 520.942,72.155 519.894,71.106 C518.846,70.057 518.197,69.06 517.654,67.663 C517.244,66.606 516.755,65.022 516.623,62.101 C516.479,58.943 516.448,57.996 516.448,50 C516.448,42.003 516.479,41.056 516.623,37.899 C516.755,34.978 517.244,33.391 517.654,32.338 C518.197,30.938 518.846,29.942 519.894,28.894 C520.942,27.846 521.94,27.196 523.338,26.654 C524.393,26.244 525.979,25.756 528.898,25.623 C532.057,25.479 533.004,25.448 541,25.448 C548.997,25.448 549.943,25.479 553.102,25.623 C556.021,25.756 557.607,26.244 558.662,26.654 C560.06,27.196 561.058,27.846 562.106,28.894 C563.154,29.942 563.803,30.938 564.346,32.338 C564.756,33.391 565.244,34.978 565.378,37.899 C565.522,41.056 565.552,42.003 565.552,50 C565.552,57.996 565.522,58.943 565.378,62.101 M570.82,37.631 C570.674,34.438 570.167,32.258 569.425,30.349 C568.659,28.377 567.633,26.702 565.965,25.035 C564.297,23.368 562.623,22.342 560.652,21.575 C558.743,20.834 556.562,20.326 553.369,20.18 C550.169,20.033 549.148,20 541,20 C532.853,20 531.831,20.033 528.631,20.18 C525.438,20.326 523.257,20.834 521.349,21.575 C519.376,22.342 517.703,23.368 516.035,25.035 C514.368,26.702 513.342,28.377 512.574,30.349 C511.834,32.258 511.326,34.438 511.181,37.631 C511.035,40.831 511,41.851 511,50 C511,58.147 511.035,59.17 511.181,62.369 C511.326,65.562 511.834,67.743 512.574,69.651 C513.342,71.625 514.368,73.296 516.035,74.965 C517.703,76.634 519.376,77.658 521.349,78.425 C523.257,79.167 525.438,79.673 528.631,79.82 C531.831,79.965 532.853,80.001 541,80.001 C549.148,80.001 550.169,79.965 553.369,79.82 C556.562,79.673 558.743,79.167 560.652,78.425 C562.623,77.658 564.297,76.634 565.965,74.965 C567.633,73.296 568.659,71.625 569.425,69.651 C570.167,67.743 570.674,65.562 570.82,62.369 C570.966,59.17 571,58.147 571,50 C571,41.851 570.966,40.831 570.82,37.631\"><\/path><\/g><\/g><\/g><\/svg><\/div>\n<div style=\"padding-top: 8px;\">\n<div style=\" color:#3897f0; font-family:Arial,sans-serif; font-size:14px; font-style:normal; font-weight:550; line-height:18px;\"> View this post on Instagram<\/div>\n<\/div>\n<div style=\"padding: 12.5% 0;\"><\/div>\n<div style=\"display: flex; flex-direction: row; margin-bottom: 14px; align-items: center;\">\n<div>\n<div style=\"background-color: #F4F4F4; border-radius: 50%; height: 12.5px; width: 12.5px; transform: translateX(0px) translateY(7px);\"><\/div>\n<div style=\"background-color: #F4F4F4; height: 12.5px; transform: rotate(-45deg) translateX(3px) translateY(1px); width: 12.5px; flex-grow: 0; margin-right: 14px; margin-left: 2px;\"><\/div>\n<div style=\"background-color: #F4F4F4; border-radius: 50%; height: 12.5px; width: 12.5px; transform: translateX(9px) translateY(-18px);\"><\/div>\n<\/div>\n<div style=\"margin-left: 8px;\">\n<div style=\" background-color: #F4F4F4; border-radius: 50%; flex-grow: 0; height: 20px; width: 20px;\"><\/div>\n<div style=\" width: 0; height: 0; border-top: 2px solid transparent; border-left: 6px solid #f4f4f4; border-bottom: 2px solid transparent; transform: translateX(16px) translateY(-4px) rotate(30deg)\"><\/div>\n<\/div>\n<div style=\"margin-left: auto;\">\n<div style=\" width: 0px; border-top: 8px solid #F4F4F4; border-right: 8px solid transparent; transform: translateY(16px);\"><\/div>\n<div style=\" background-color: #F4F4F4; flex-grow: 0; height: 12px; width: 16px; transform: translateY(-4px);\"><\/div>\n<div style=\" width: 0; height: 0; border-top: 8px solid #F4F4F4; border-left: 8px solid transparent; transform: translateY(-4px) translateX(8px);\"><\/div>\n<\/div>\n<\/div>\n<div style=\"display: flex; flex-direction: column; flex-grow: 1; justify-content: center; margin-bottom: 24px;\">\n<div style=\" background-color: #F4F4F4; border-radius: 4px; flex-grow: 0; height: 14px; margin-bottom: 6px; width: 224px;\"><\/div>\n<div style=\" background-color: #F4F4F4; border-radius: 4px; flex-grow: 0; height: 14px; width: 144px;\"><\/div>\n<\/div>\n<p><\/a><\/p>\n<p style=\" color:#c9c8cd; font-family:Arial,sans-serif; font-size:14px; line-height:17px; margin-bottom:0; margin-top:8px; overflow:hidden; padding:8px 0 7px; text-align:center; text-overflow:ellipsis; white-space:nowrap;\"><a href=\"https:\/\/www.instagram.com\/p\/BmlbhGNBAYH\/?utm_source=ig_embed&amp;utm_campaign=loading\" style=\" color:#c9c8cd; font-family:Arial,sans-serif; font-size:14px; font-style:normal; font-weight:normal; line-height:17px; text-decoration:none;\" target=\"_blank\">A post shared by Iran Giusti (@irangiusti)<\/a><\/p>\n<\/div>\n<\/blockquote>\n<p><script async src=\"\/\/platform.instagram.com\/en_US\/embeds.js\"><\/script><\/p>\n<p style=\"text-align: justify;\"><strong>Y hablando de representatividad, posaste desnudo para el proyecto fotogr\u00e1fico<\/strong><a href=\"https:\/\/www.chicos.cc\/los-chicos\/iran\/\" target=\"_blank\" rel=\"noopener noreferrer\" data-saferedirecturl=\"https:\/\/www.google.com\/url?q=https:\/\/www.chicos.cc\/los-chicos\/iran\/&amp;source=gmail&amp;ust=1593119599495000&amp;usg=AFQjCNH07GilWcsBa87APxjGeoZ9IaBGVg\"><strong>Chicos<\/strong><\/a> <strong>que retrata la pluralidad de cuerpos. \u00bfC\u00f3mo fue esta experiencia de romper los est\u00e1ndares est\u00e9ticos que estamos acostumbrados a ver en las sesiones de fotos en general (cuerpo definido \/ curado y sin pelo)?<\/strong><\/p>\n<p style=\"text-align: justify;\"><em>Chicos<\/em> no fue el primer proyecto de desnudo que plante\u00e9, de hecho, el primero fue antes de esta ola y que cre\u00e9, llamado <em>Nenhuma Nudez Ser\u00e1 Castigada,<\/em> all\u00e1 por 2013, que ten\u00eda el prop\u00f3sito de explorar cuerpos m\u00e1s plurales. Y fue muy hermoso. Adem\u00e1s de <em>Chicos<\/em>, tambi\u00e9n hice una prueba con F\u00e1bio da Motta, quien, como <em>Chicos<\/em>, tiene una cantidad mucho mayor de los llamados modelos de cuerpo est\u00e1ndar.<\/p>\n<p style=\"text-align: justify;\">La gran pregunta de esta estandarizaci\u00f3n en estos proyectos viene dada primero por la presi\u00f3n y estandarizaci\u00f3n del mundo: no podemos solo acusar a F\u00e1bio y Rodrigo de <em>Chicos<\/em> y Fabio da Motta que solo fotograf\u00edan patrones, si la gran mayor\u00eda de modelos que se sienten c\u00f3modos con la desnudez tienen este cuerpo est\u00e1ndar. Recuerdo mucho que cuando habl\u00e9 con Fabio da Motta y se emocion\u00f3 mucho cuando le dije que estar\u00eda bien que publicara mi foto en <em>Instagram<\/em> porque hace pruebas con personas gordas pero no autorizan la publicaci\u00f3n.<\/p>\n<p style=\"text-align: justify;\">Particularmente, no creo que haya roto nada e hice una publicaci\u00f3n realmente importante en mi medio sobre este tema de la desnudez, que para m\u00ed me ayud\u00f3 espec\u00edficamente como un ejercicio para comprender mi propio cuerpo y sentirme c\u00f3modo con \u00e9l, pero este es un debate s\u00faper complejo y que implica muchas capas que el movimiento <em>body positive<\/em> ha estado explorando con mucha fuerza (y, lamentablemente, en ocasiones ha generado presi\u00f3n desde el lado opuesto).<\/p>\n<p style=\"text-align: justify;\"><strong>\u00bfQui\u00e9n es la figura LGBT m\u00e1s representativa del pa\u00eds en la actualidad?<\/strong><\/p>\n<p style=\"text-align: justify;\">Creo que hay muchos hombres gay haciendo trabajos muy importantes, sin embargo siento que en el campo de la lucha contra la LGBTfobia en su conjunto y en el campo de la representaci\u00f3n son las personas trans las que han representado y menciono aqu\u00ed a tres entre tantas: Jaqueline Gomes de Jesus, Erika Hilton y Erica Malunguinho.<\/p>\n<p style=\"text-align: justify;\"><strong>\u00bfPueden visitarlo personas de San Pablo que quieran conocer el trabajo realizado por Casa 1? Y en relaci\u00f3n con el voluntariado, \u00bfc\u00f3mo deben proceder?<\/strong><\/p>\n<p style=\"text-align: justify;\">En un principio, la reapertura de Galp\u00e3o Casa 1 y Cl\u00ednica Social Casa 1, los dos espacios de acceso p\u00fablico se llevar\u00e1 a cabo parcialmente en agosto, en caso de que tengamos un avance en relaci\u00f3n al control del coronavirus en San Pablo. Hasta entonces, puedes seguir el trabajo de Casa 1 a trav\u00e9s de nuestras redes: <em><a href=\"https:\/\/www.facebook.com\/casaum\/\">Facebook<\/a>, <a href=\"https:\/\/www.instagram.com\/casa1\/\">Instagram,<\/a> <a href=\"https:\/\/twitter.com\/centrocasaum\">Twitter<\/a>, <a href=\"https:\/\/open.spotify.com\/user\/rru3cspruvhhw9avi7glk9jqd?si=tBD2G44RQ1-vedtRJBkCqw\">Spotify<\/a>, Youtube<\/em> y <em><a href=\"http:\/\/www.casaum.org\/blog\/\">Blog<\/a><\/em>. En nuestro sitio web tenemos un <a href=\"http:\/\/www.casaum.org\/voluntariado\/\">registro de voluntarios<\/a> que pueden actuar desde la formaci\u00f3n de voluntariado que debe realizarse desde septiembre.<\/p>\n","protected":false},"excerpt":{"rendered":"<p>Iran Giusti, fundador de la ONG Casa 1, charla exclusiva con GAY BLOG BR<\/p>\n","protected":false},"author":3482,"featured_media":82311,"comment_status":"open","ping_status":"open","sticky":false,"template":"","format":"standard","meta":{"googlesitekit_rrm_CAoiEBg-BXrJeACjO8p49SE4kTY:productID":"","tdm_status":"","tdm_grid_status":"","_jetpack_newsletter_access":"","_jetpack_dont_email_post_to_subs":false,"_jetpack_newsletter_tier_id":0,"_jetpack_memberships_contains_paywalled_content":false,"_jetpack_memberships_contains_paid_content":false,"footnotes":"","jetpack_publicize_message":"En entrevista, Iran Giusti habla del Desfile de San Pablo, representatividad y, por supuesto, Casa 1 @irangiusti","jetpack_publicize_feature_enabled":true,"jetpack_social_post_already_shared":false,"jetpack_social_options":{"image_generator_settings":{"template":"highway","default_image_id":0,"font":"","enabled":false},"version":2},"_wpas_customize_per_network":false,"jetpack_post_was_ever_published":false},"categories":[589932375,589932144],"tags":[16274209,257589,52342,589921308,589929897,589931020,589927968,589927971,589931021,10257,44306,146581,761531,7238041,589931019],"class_list":{"0":"post-101371","1":"post","2":"type-post","3":"status-publish","4":"format-standard","5":"has-post-thumbnail","7":"category-entrevistas-es","8":"category-gay-es","9":"tag-casa-1","10":"tag-democracia","11":"tag-entrevista","12":"tag-erica-malunguinho","13":"tag-erika-hilton","14":"tag-fabio-da-motta","15":"tag-igay","16":"tag-iran-giusti","17":"tag-jaqueline-gomes-de-jesus","18":"tag-lgbt","19":"tag-marcas","20":"tag-ong","21":"tag-orgulho","22":"tag-parada-sp","23":"tag-sergio-camargo"},"yoast_head":"<!-- This site is optimized with the Yoast SEO plugin v27.4 - https:\/\/yoast.com\/product\/yoast-seo-wordpress\/ -->\n<title>En entrevista, Iran Giusti habla del Desfile de San Pablo, representatividad y, por supuesto, Casa 1<\/title>\n<meta name=\"description\" content=\"Iran Giusti, fundador de la ONG Casa 1, habl\u00f3 en exclusiva con GAY BLOG BR\" \/>\n<meta name=\"robots\" content=\"index, follow, max-snippet:-1, max-image-preview:large, max-video-preview:-1\" \/>\n<link rel=\"canonical\" href=\"https:\/\/gay.blog.br\/es\/entrevistas-es\/en-entrevista-iran-giusti-habla-del-desfile-de-san-pablo-representatividad-y-por-supuesto-casa-1\/\" \/>\n<meta property=\"og:locale\" content=\"es_ES\" \/>\n<meta property=\"og:type\" content=\"article\" \/>\n<meta property=\"og:title\" content=\"En entrevista, Iran Giusti habla del Desfile de San Pablo, representatividad y, por supuesto, Casa 1\" \/>\n<meta property=\"og:description\" content=\"Iran Giusti, fundador de la ONG Casa 1, habl\u00f3 en exclusiva con GAY BLOG BR\" \/>\n<meta property=\"og:url\" content=\"https:\/\/gay.blog.br\/es\/entrevistas-es\/en-entrevista-iran-giusti-habla-del-desfile-de-san-pablo-representatividad-y-por-supuesto-casa-1\/\" \/>\n<meta property=\"og:site_name\" content=\"GAY BLOG BR @gayblogbr\" \/>\n<meta property=\"article:publisher\" content=\"https:\/\/facebook.com\/gayblogbr\" \/>\n<meta property=\"article:author\" content=\"https:\/\/facebook.com\/gayblogbr\" \/>\n<meta property=\"article:published_time\" content=\"2020-06-25T00:33:11+00:00\" \/>\n<meta property=\"article:modified_time\" content=\"2020-12-13T19:39:26+00:00\" \/>\n<meta property=\"og:image\" content=\"https:\/\/i1.wp.com\/gay.blog.br\/wp-content\/uploads\/2020\/06\/DA_2843.jpg-1.jpg?fit=1800%2C1177&ssl=1\" \/>\n\t<meta property=\"og:image:width\" content=\"1800\" \/>\n\t<meta property=\"og:image:height\" content=\"1177\" \/>\n\t<meta property=\"og:image:type\" content=\"image\/jpeg\" \/>\n<meta name=\"author\" content=\"Andr\u00e9 Aram\" \/>\n<meta name=\"twitter:card\" content=\"summary_large_image\" \/>\n<meta name=\"twitter:creator\" content=\"@https:\/\/twittercom\/gayblogbr\" \/>\n<meta name=\"twitter:site\" content=\"@gayblogbr\" \/>\n<meta name=\"twitter:label1\" content=\"Escrito por\" \/>\n\t<meta name=\"twitter:data1\" content=\"Andr\u00e9 Aram\" \/>\n\t<meta name=\"twitter:label2\" content=\"Tiempo de lectura\" \/>\n\t<meta name=\"twitter:data2\" content=\"15 minutos\" \/>\n<script type=\"application\/ld+json\" class=\"yoast-schema-graph\">{\"@context\":\"https:\\\/\\\/schema.org\",\"@graph\":[{\"@type\":\"Article\",\"@id\":\"https:\\\/\\\/gay.blog.br\\\/es\\\/entrevistas-es\\\/en-entrevista-iran-giusti-habla-del-desfile-de-san-pablo-representatividad-y-por-supuesto-casa-1\\\/#article\",\"isPartOf\":{\"@id\":\"https:\\\/\\\/gay.blog.br\\\/es\\\/entrevistas-es\\\/en-entrevista-iran-giusti-habla-del-desfile-de-san-pablo-representatividad-y-por-supuesto-casa-1\\\/\"},\"author\":{\"name\":\"Andr\u00e9 Aram\",\"@id\":\"https:\\\/\\\/gay.blog.br\\\/es\\\/#\\\/schema\\\/person\\\/59a4471c2fa312ae207122b509537a87\"},\"headline\":\"En entrevista, Iran Giusti habla del Desfile de San Pablo, representatividad y, por supuesto, Casa 1\",\"datePublished\":\"2020-06-25T00:33:11+00:00\",\"dateModified\":\"2020-12-13T19:39:26+00:00\",\"mainEntityOfPage\":{\"@id\":\"https:\\\/\\\/gay.blog.br\\\/es\\\/entrevistas-es\\\/en-entrevista-iran-giusti-habla-del-desfile-de-san-pablo-representatividad-y-por-supuesto-casa-1\\\/\"},\"wordCount\":3008,\"commentCount\":0,\"publisher\":{\"@id\":\"https:\\\/\\\/gay.blog.br\\\/es\\\/#organization\"},\"image\":{\"@id\":\"https:\\\/\\\/gay.blog.br\\\/es\\\/entrevistas-es\\\/en-entrevista-iran-giusti-habla-del-desfile-de-san-pablo-representatividad-y-por-supuesto-casa-1\\\/#primaryimage\"},\"thumbnailUrl\":\"https:\\\/\\\/i0.wp.com\\\/gay.blog.br\\\/wp-content\\\/uploads\\\/2020\\\/06\\\/DA_2843.jpg-1.jpg?fit=1800%2C1177&ssl=1\",\"keywords\":[\"casa 1\",\"democracia\",\"entrevista\",\"Erica Malunguinho\",\"Erika Hilton\",\"F\u00e1bio da Motta\",\"iGay\",\"Iran Giusti\",\"Jaqueline Gomes de Jesus\",\"lgbt\",\"marcas\",\"ong\",\"orgulho\",\"parada sp\",\"S\u00e9rgio Camargo\"],\"articleSection\":[\"ENTREVISTAS\",\"GAY\"],\"inLanguage\":\"es\",\"potentialAction\":[{\"@type\":\"CommentAction\",\"name\":\"Comment\",\"target\":[\"https:\\\/\\\/gay.blog.br\\\/es\\\/entrevistas-es\\\/en-entrevista-iran-giusti-habla-del-desfile-de-san-pablo-representatividad-y-por-supuesto-casa-1\\\/#respond\"]}]},{\"@type\":\"WebPage\",\"@id\":\"https:\\\/\\\/gay.blog.br\\\/es\\\/entrevistas-es\\\/en-entrevista-iran-giusti-habla-del-desfile-de-san-pablo-representatividad-y-por-supuesto-casa-1\\\/\",\"url\":\"https:\\\/\\\/gay.blog.br\\\/es\\\/entrevistas-es\\\/en-entrevista-iran-giusti-habla-del-desfile-de-san-pablo-representatividad-y-por-supuesto-casa-1\\\/\",\"name\":\"En entrevista, Iran Giusti habla del Desfile de San Pablo, representatividad y, por supuesto, Casa 1\",\"isPartOf\":{\"@id\":\"https:\\\/\\\/gay.blog.br\\\/es\\\/#website\"},\"primaryImageOfPage\":{\"@id\":\"https:\\\/\\\/gay.blog.br\\\/es\\\/entrevistas-es\\\/en-entrevista-iran-giusti-habla-del-desfile-de-san-pablo-representatividad-y-por-supuesto-casa-1\\\/#primaryimage\"},\"image\":{\"@id\":\"https:\\\/\\\/gay.blog.br\\\/es\\\/entrevistas-es\\\/en-entrevista-iran-giusti-habla-del-desfile-de-san-pablo-representatividad-y-por-supuesto-casa-1\\\/#primaryimage\"},\"thumbnailUrl\":\"https:\\\/\\\/i0.wp.com\\\/gay.blog.br\\\/wp-content\\\/uploads\\\/2020\\\/06\\\/DA_2843.jpg-1.jpg?fit=1800%2C1177&ssl=1\",\"datePublished\":\"2020-06-25T00:33:11+00:00\",\"dateModified\":\"2020-12-13T19:39:26+00:00\",\"description\":\"Iran Giusti, fundador de la ONG Casa 1, habl\u00f3 en exclusiva con GAY BLOG BR\",\"breadcrumb\":{\"@id\":\"https:\\\/\\\/gay.blog.br\\\/es\\\/entrevistas-es\\\/en-entrevista-iran-giusti-habla-del-desfile-de-san-pablo-representatividad-y-por-supuesto-casa-1\\\/#breadcrumb\"},\"inLanguage\":\"es\",\"potentialAction\":[{\"@type\":\"ReadAction\",\"target\":[\"https:\\\/\\\/gay.blog.br\\\/es\\\/entrevistas-es\\\/en-entrevista-iran-giusti-habla-del-desfile-de-san-pablo-representatividad-y-por-supuesto-casa-1\\\/\"]}]},{\"@type\":\"ImageObject\",\"inLanguage\":\"es\",\"@id\":\"https:\\\/\\\/gay.blog.br\\\/es\\\/entrevistas-es\\\/en-entrevista-iran-giusti-habla-del-desfile-de-san-pablo-representatividad-y-por-supuesto-casa-1\\\/#primaryimage\",\"url\":\"https:\\\/\\\/i0.wp.com\\\/gay.blog.br\\\/wp-content\\\/uploads\\\/2020\\\/06\\\/DA_2843.jpg-1.jpg?fit=1800%2C1177&ssl=1\",\"contentUrl\":\"https:\\\/\\\/i0.wp.com\\\/gay.blog.br\\\/wp-content\\\/uploads\\\/2020\\\/06\\\/DA_2843.jpg-1.jpg?fit=1800%2C1177&ssl=1\",\"width\":1800,\"height\":1177,\"caption\":\"Iran Giusti - Reprodu\u00e7\u00e3o\"},{\"@type\":\"BreadcrumbList\",\"@id\":\"https:\\\/\\\/gay.blog.br\\\/es\\\/entrevistas-es\\\/en-entrevista-iran-giusti-habla-del-desfile-de-san-pablo-representatividad-y-por-supuesto-casa-1\\\/#breadcrumb\",\"itemListElement\":[{\"@type\":\"ListItem\",\"position\":1,\"name\":\"In\u00edcio\",\"item\":\"https:\\\/\\\/gay.blog.br\\\/es\\\/\"},{\"@type\":\"ListItem\",\"position\":2,\"name\":\"En entrevista, Iran Giusti habla del Desfile de San Pablo, representatividad y, por supuesto, Casa 1\"}]},{\"@type\":\"WebSite\",\"@id\":\"https:\\\/\\\/gay.blog.br\\\/es\\\/#website\",\"url\":\"https:\\\/\\\/gay.blog.br\\\/es\\\/\",\"name\":\"GAY BLOG BR @gayblogbr\",\"description\":\"Not\u00edcias que empoderam e\\\/ou entret\u00eam s\u00e3o especialidades da casa\",\"publisher\":{\"@id\":\"https:\\\/\\\/gay.blog.br\\\/es\\\/#organization\"},\"potentialAction\":[{\"@type\":\"SearchAction\",\"target\":{\"@type\":\"EntryPoint\",\"urlTemplate\":\"https:\\\/\\\/gay.blog.br\\\/es\\\/?s={search_term_string}\"},\"query-input\":{\"@type\":\"PropertyValueSpecification\",\"valueRequired\":true,\"valueName\":\"search_term_string\"}}],\"inLanguage\":\"es\"},{\"@type\":\"Organization\",\"@id\":\"https:\\\/\\\/gay.blog.br\\\/es\\\/#organization\",\"name\":\"GAY BLOG BR\",\"url\":\"https:\\\/\\\/gay.blog.br\\\/es\\\/\",\"logo\":{\"@type\":\"ImageObject\",\"inLanguage\":\"es\",\"@id\":\"https:\\\/\\\/gay.blog.br\\\/es\\\/#\\\/schema\\\/logo\\\/image\\\/\",\"url\":\"https:\\\/\\\/i0.wp.com\\\/gay.blog.br\\\/wp-content\\\/uploads\\\/2023\\\/08\\\/gay180px.png?fit=272%2C90&ssl=1\",\"contentUrl\":\"https:\\\/\\\/i0.wp.com\\\/gay.blog.br\\\/wp-content\\\/uploads\\\/2023\\\/08\\\/gay180px.png?fit=272%2C90&ssl=1\",\"width\":272,\"height\":90,\"caption\":\"GAY BLOG BR\"},\"image\":{\"@id\":\"https:\\\/\\\/gay.blog.br\\\/es\\\/#\\\/schema\\\/logo\\\/image\\\/\"},\"sameAs\":[\"https:\\\/\\\/facebook.com\\\/gayblogbr\",\"https:\\\/\\\/x.com\\\/gayblogbr\",\"https:\\\/\\\/instagram.com\\\/gayblogbr\",\"https:\\\/\\\/www.linkedin.com\\\/company\\\/gayblogbr\\\/\",\"https:\\\/\\\/br.pinterest.com\\\/gayblogbr\\\/\",\"https:\\\/\\\/www.youtube.com\\\/channel\\\/UCdEu3JXLOB-wvWAVUF4AIiA\",\"https:\\\/\\\/pt.wikipedia.org\\\/wiki\\\/Gay_Blog_Br\",\"https:\\\/\\\/www.threads.net\\\/@gayblogbr\"]},{\"@type\":\"Person\",\"@id\":\"https:\\\/\\\/gay.blog.br\\\/es\\\/#\\\/schema\\\/person\\\/59a4471c2fa312ae207122b509537a87\",\"name\":\"Andr\u00e9 Aram\",\"image\":{\"@type\":\"ImageObject\",\"inLanguage\":\"es\",\"@id\":\"https:\\\/\\\/secure.gravatar.com\\\/avatar\\\/2c85547dbbd1358696029970d8cb1ad363b94b546b682c26b5db210aee9eada8?s=96&d=mm&r=g\",\"url\":\"https:\\\/\\\/secure.gravatar.com\\\/avatar\\\/2c85547dbbd1358696029970d8cb1ad363b94b546b682c26b5db210aee9eada8?s=96&d=mm&r=g\",\"contentUrl\":\"https:\\\/\\\/secure.gravatar.com\\\/avatar\\\/2c85547dbbd1358696029970d8cb1ad363b94b546b682c26b5db210aee9eada8?s=96&d=mm&r=g\",\"caption\":\"Andr\u00e9 Aram\"},\"sameAs\":[\"https:\\\/\\\/gay.blog.br\\\/author\\\/andrearam\",\"https:\\\/\\\/facebook.com\\\/gayblogbr\",\"https:\\\/\\\/instagram.com\\\/gayblogbr\",\"https:\\\/\\\/x.com\\\/https:\\\/\\\/twittercom\\\/gayblogbr\"],\"url\":\"https:\\\/\\\/gay.blog.br\\\/es\\\/author\\\/andrearam\\\/\"}]}<\/script>\n<!-- \/ Yoast SEO plugin. -->","yoast_head_json":{"title":"En entrevista, Iran Giusti habla del Desfile de San Pablo, representatividad y, por supuesto, Casa 1","description":"Iran Giusti, fundador de la ONG Casa 1, habl\u00f3 en exclusiva con GAY BLOG BR","robots":{"index":"index","follow":"follow","max-snippet":"max-snippet:-1","max-image-preview":"max-image-preview:large","max-video-preview":"max-video-preview:-1"},"canonical":"https:\/\/gay.blog.br\/es\/entrevistas-es\/en-entrevista-iran-giusti-habla-del-desfile-de-san-pablo-representatividad-y-por-supuesto-casa-1\/","og_locale":"es_ES","og_type":"article","og_title":"En entrevista, Iran Giusti habla del Desfile de San Pablo, representatividad y, por supuesto, Casa 1","og_description":"Iran Giusti, fundador de la ONG Casa 1, habl\u00f3 en exclusiva con GAY BLOG BR","og_url":"https:\/\/gay.blog.br\/es\/entrevistas-es\/en-entrevista-iran-giusti-habla-del-desfile-de-san-pablo-representatividad-y-por-supuesto-casa-1\/","og_site_name":"GAY BLOG BR @gayblogbr","article_publisher":"https:\/\/facebook.com\/gayblogbr","article_author":"https:\/\/facebook.com\/gayblogbr","article_published_time":"2020-06-25T00:33:11+00:00","article_modified_time":"2020-12-13T19:39:26+00:00","og_image":[{"width":1800,"height":1177,"url":"https:\/\/i1.wp.com\/gay.blog.br\/wp-content\/uploads\/2020\/06\/DA_2843.jpg-1.jpg?fit=1800%2C1177&ssl=1","type":"image\/jpeg"}],"author":"Andr\u00e9 Aram","twitter_card":"summary_large_image","twitter_creator":"@https:\/\/twittercom\/gayblogbr","twitter_site":"@gayblogbr","twitter_misc":{"Escrito por":"Andr\u00e9 Aram","Tiempo de lectura":"15 minutos"},"schema":{"@context":"https:\/\/schema.org","@graph":[{"@type":"Article","@id":"https:\/\/gay.blog.br\/es\/entrevistas-es\/en-entrevista-iran-giusti-habla-del-desfile-de-san-pablo-representatividad-y-por-supuesto-casa-1\/#article","isPartOf":{"@id":"https:\/\/gay.blog.br\/es\/entrevistas-es\/en-entrevista-iran-giusti-habla-del-desfile-de-san-pablo-representatividad-y-por-supuesto-casa-1\/"},"author":{"name":"Andr\u00e9 Aram","@id":"https:\/\/gay.blog.br\/es\/#\/schema\/person\/59a4471c2fa312ae207122b509537a87"},"headline":"En entrevista, Iran Giusti habla del Desfile de San Pablo, representatividad y, por supuesto, Casa 1","datePublished":"2020-06-25T00:33:11+00:00","dateModified":"2020-12-13T19:39:26+00:00","mainEntityOfPage":{"@id":"https:\/\/gay.blog.br\/es\/entrevistas-es\/en-entrevista-iran-giusti-habla-del-desfile-de-san-pablo-representatividad-y-por-supuesto-casa-1\/"},"wordCount":3008,"commentCount":0,"publisher":{"@id":"https:\/\/gay.blog.br\/es\/#organization"},"image":{"@id":"https:\/\/gay.blog.br\/es\/entrevistas-es\/en-entrevista-iran-giusti-habla-del-desfile-de-san-pablo-representatividad-y-por-supuesto-casa-1\/#primaryimage"},"thumbnailUrl":"https:\/\/i0.wp.com\/gay.blog.br\/wp-content\/uploads\/2020\/06\/DA_2843.jpg-1.jpg?fit=1800%2C1177&ssl=1","keywords":["casa 1","democracia","entrevista","Erica Malunguinho","Erika Hilton","F\u00e1bio da Motta","iGay","Iran Giusti","Jaqueline Gomes de Jesus","lgbt","marcas","ong","orgulho","parada sp","S\u00e9rgio Camargo"],"articleSection":["ENTREVISTAS","GAY"],"inLanguage":"es","potentialAction":[{"@type":"CommentAction","name":"Comment","target":["https:\/\/gay.blog.br\/es\/entrevistas-es\/en-entrevista-iran-giusti-habla-del-desfile-de-san-pablo-representatividad-y-por-supuesto-casa-1\/#respond"]}]},{"@type":"WebPage","@id":"https:\/\/gay.blog.br\/es\/entrevistas-es\/en-entrevista-iran-giusti-habla-del-desfile-de-san-pablo-representatividad-y-por-supuesto-casa-1\/","url":"https:\/\/gay.blog.br\/es\/entrevistas-es\/en-entrevista-iran-giusti-habla-del-desfile-de-san-pablo-representatividad-y-por-supuesto-casa-1\/","name":"En entrevista, Iran Giusti habla del Desfile de San Pablo, representatividad y, por supuesto, Casa 1","isPartOf":{"@id":"https:\/\/gay.blog.br\/es\/#website"},"primaryImageOfPage":{"@id":"https:\/\/gay.blog.br\/es\/entrevistas-es\/en-entrevista-iran-giusti-habla-del-desfile-de-san-pablo-representatividad-y-por-supuesto-casa-1\/#primaryimage"},"image":{"@id":"https:\/\/gay.blog.br\/es\/entrevistas-es\/en-entrevista-iran-giusti-habla-del-desfile-de-san-pablo-representatividad-y-por-supuesto-casa-1\/#primaryimage"},"thumbnailUrl":"https:\/\/i0.wp.com\/gay.blog.br\/wp-content\/uploads\/2020\/06\/DA_2843.jpg-1.jpg?fit=1800%2C1177&ssl=1","datePublished":"2020-06-25T00:33:11+00:00","dateModified":"2020-12-13T19:39:26+00:00","description":"Iran Giusti, fundador de la ONG Casa 1, habl\u00f3 en exclusiva con GAY BLOG BR","breadcrumb":{"@id":"https:\/\/gay.blog.br\/es\/entrevistas-es\/en-entrevista-iran-giusti-habla-del-desfile-de-san-pablo-representatividad-y-por-supuesto-casa-1\/#breadcrumb"},"inLanguage":"es","potentialAction":[{"@type":"ReadAction","target":["https:\/\/gay.blog.br\/es\/entrevistas-es\/en-entrevista-iran-giusti-habla-del-desfile-de-san-pablo-representatividad-y-por-supuesto-casa-1\/"]}]},{"@type":"ImageObject","inLanguage":"es","@id":"https:\/\/gay.blog.br\/es\/entrevistas-es\/en-entrevista-iran-giusti-habla-del-desfile-de-san-pablo-representatividad-y-por-supuesto-casa-1\/#primaryimage","url":"https:\/\/i0.wp.com\/gay.blog.br\/wp-content\/uploads\/2020\/06\/DA_2843.jpg-1.jpg?fit=1800%2C1177&ssl=1","contentUrl":"https:\/\/i0.wp.com\/gay.blog.br\/wp-content\/uploads\/2020\/06\/DA_2843.jpg-1.jpg?fit=1800%2C1177&ssl=1","width":1800,"height":1177,"caption":"Iran Giusti - Reprodu\u00e7\u00e3o"},{"@type":"BreadcrumbList","@id":"https:\/\/gay.blog.br\/es\/entrevistas-es\/en-entrevista-iran-giusti-habla-del-desfile-de-san-pablo-representatividad-y-por-supuesto-casa-1\/#breadcrumb","itemListElement":[{"@type":"ListItem","position":1,"name":"In\u00edcio","item":"https:\/\/gay.blog.br\/es\/"},{"@type":"ListItem","position":2,"name":"En entrevista, Iran Giusti habla del Desfile de San Pablo, representatividad y, por supuesto, Casa 1"}]},{"@type":"WebSite","@id":"https:\/\/gay.blog.br\/es\/#website","url":"https:\/\/gay.blog.br\/es\/","name":"GAY BLOG BR @gayblogbr","description":"Not\u00edcias que empoderam e\/ou entret\u00eam s\u00e3o especialidades da casa","publisher":{"@id":"https:\/\/gay.blog.br\/es\/#organization"},"potentialAction":[{"@type":"SearchAction","target":{"@type":"EntryPoint","urlTemplate":"https:\/\/gay.blog.br\/es\/?s={search_term_string}"},"query-input":{"@type":"PropertyValueSpecification","valueRequired":true,"valueName":"search_term_string"}}],"inLanguage":"es"},{"@type":"Organization","@id":"https:\/\/gay.blog.br\/es\/#organization","name":"GAY BLOG BR","url":"https:\/\/gay.blog.br\/es\/","logo":{"@type":"ImageObject","inLanguage":"es","@id":"https:\/\/gay.blog.br\/es\/#\/schema\/logo\/image\/","url":"https:\/\/i0.wp.com\/gay.blog.br\/wp-content\/uploads\/2023\/08\/gay180px.png?fit=272%2C90&ssl=1","contentUrl":"https:\/\/i0.wp.com\/gay.blog.br\/wp-content\/uploads\/2023\/08\/gay180px.png?fit=272%2C90&ssl=1","width":272,"height":90,"caption":"GAY BLOG BR"},"image":{"@id":"https:\/\/gay.blog.br\/es\/#\/schema\/logo\/image\/"},"sameAs":["https:\/\/facebook.com\/gayblogbr","https:\/\/x.com\/gayblogbr","https:\/\/instagram.com\/gayblogbr","https:\/\/www.linkedin.com\/company\/gayblogbr\/","https:\/\/br.pinterest.com\/gayblogbr\/","https:\/\/www.youtube.com\/channel\/UCdEu3JXLOB-wvWAVUF4AIiA","https:\/\/pt.wikipedia.org\/wiki\/Gay_Blog_Br","https:\/\/www.threads.net\/@gayblogbr"]},{"@type":"Person","@id":"https:\/\/gay.blog.br\/es\/#\/schema\/person\/59a4471c2fa312ae207122b509537a87","name":"Andr\u00e9 Aram","image":{"@type":"ImageObject","inLanguage":"es","@id":"https:\/\/secure.gravatar.com\/avatar\/2c85547dbbd1358696029970d8cb1ad363b94b546b682c26b5db210aee9eada8?s=96&d=mm&r=g","url":"https:\/\/secure.gravatar.com\/avatar\/2c85547dbbd1358696029970d8cb1ad363b94b546b682c26b5db210aee9eada8?s=96&d=mm&r=g","contentUrl":"https:\/\/secure.gravatar.com\/avatar\/2c85547dbbd1358696029970d8cb1ad363b94b546b682c26b5db210aee9eada8?s=96&d=mm&r=g","caption":"Andr\u00e9 Aram"},"sameAs":["https:\/\/gay.blog.br\/author\/andrearam","https:\/\/facebook.com\/gayblogbr","https:\/\/instagram.com\/gayblogbr","https:\/\/x.com\/https:\/\/twittercom\/gayblogbr"],"url":"https:\/\/gay.blog.br\/es\/author\/andrearam\/"}]}},"jetpack_publicize_connections":[],"jetpack_featured_media_url":"https:\/\/i0.wp.com\/gay.blog.br\/wp-content\/uploads\/2020\/06\/DA_2843.jpg-1.jpg?fit=1800%2C1177&ssl=1","jetpack_sharing_enabled":true,"jetpack_shortlink":"https:\/\/wp.me\/p6klkK-qn1","jetpack_likes_enabled":false,"amp_enabled":true,"_links":{"self":[{"href":"https:\/\/gay.blog.br\/es\/wp-json\/wp\/v2\/posts\/101371","targetHints":{"allow":["GET"]}}],"collection":[{"href":"https:\/\/gay.blog.br\/es\/wp-json\/wp\/v2\/posts"}],"about":[{"href":"https:\/\/gay.blog.br\/es\/wp-json\/wp\/v2\/types\/post"}],"author":[{"embeddable":true,"href":"https:\/\/gay.blog.br\/es\/wp-json\/wp\/v2\/users\/3482"}],"replies":[{"embeddable":true,"href":"https:\/\/gay.blog.br\/es\/wp-json\/wp\/v2\/comments?post=101371"}],"version-history":[{"count":0,"href":"https:\/\/gay.blog.br\/es\/wp-json\/wp\/v2\/posts\/101371\/revisions"}],"wp:featuredmedia":[{"embeddable":true,"href":"https:\/\/gay.blog.br\/es\/wp-json\/wp\/v2\/media\/82311"}],"wp:attachment":[{"href":"https:\/\/gay.blog.br\/es\/wp-json\/wp\/v2\/media?parent=101371"}],"wp:term":[{"taxonomy":"category","embeddable":true,"href":"https:\/\/gay.blog.br\/es\/wp-json\/wp\/v2\/categories?post=101371"},{"taxonomy":"post_tag","embeddable":true,"href":"https:\/\/gay.blog.br\/es\/wp-json\/wp\/v2\/tags?post=101371"}],"curies":[{"name":"wp","href":"https:\/\/api.w.org\/{rel}","templated":true}]}}