{"id":101579,"date":"2020-06-17T18:40:15","date_gmt":"2020-06-17T21:40:15","guid":{"rendered":"https:\/\/gay.blog.br\/?p=101579"},"modified":"2026-01-17T12:47:46","modified_gmt":"2026-01-17T15:47:46","slug":"felipeh-campos-habla-de-politica-egos-en-el-mundo-artistico-y-a-fazenda","status":"publish","type":"post","link":"https:\/\/gay.blog.br\/es\/entrevistas-es\/felipeh-campos-habla-de-politica-egos-en-el-mundo-artistico-y-a-fazenda\/","title":{"rendered":"Felipeh Campos habla de pol\u00edtica, egos en el mundo art\u00edstico y A Fazenda"},"content":{"rendered":"<p style=\"text-align: justify;\"><span style=\"font-weight: 400;\">El periodista <strong>Felipeh Campos<\/strong> es un veterano en televisi\u00f3n. Comenz\u00f3 en 1999 en el programa <\/span><i><span style=\"font-weight: 400;\">Cual es la M\u00fasica<\/span><\/i><span style=\"font-weight: 400;\">como actor de doblaje musical, en 2011 particip\u00f3 en el programa<\/span> <i><span style=\"font-weight: 400;\">Quem Convence Ganha Mais<\/span><\/i>,<span style=\"font-weight: 400;\">poco despu\u00e9s present\u00f3 una pintura en el programa<\/span> <i><span style=\"font-weight: 400;\">Mulheres<\/span><\/i> <span style=\"font-weight: 400;\">de la Gazeta.<\/span><\/p>\n<p style=\"text-align: justify;\"><span style=\"font-weight: 400;\">En 2014, fue uno de los participantes m\u00e1s controvertidos del reality show<\/span><i><span style=\"font-weight: 400;\">A Fazenda<\/span><\/i>, <span style=\"font-weight: 400;\">y desde 2015 act\u00faa diariamente como columnista del programa<\/span><i><span style=\"font-weight: 400;\">A Tarde \u00e9 Sua.<\/span><\/i><span style=\"font-weight: 400;\">, sin miedo a expresar sus opiniones con un toque de humor \u00e1cido. Atento, no solo estuvo en la televisi\u00f3n y en las redes sociales Felipeh tiene una legi\u00f3n de fan\u00e1ticos que siguen su vida con asiduidad. <\/span><\/p>\n<figure id=\"attachment_45806\" aria-describedby=\"caption-attachment-45806\" style=\"width: 1920px\" class=\"wp-caption aligncenter\"><img data-recalc-dims=\"1\" loading=\"lazy\" decoding=\"async\" class=\"wp-image-45806 size-full\" src=\"https:\/\/i0.wp.com\/gay.blog.br\/wp-content\/uploads\/2020\/06\/na_5b76d477a1c6b.jpg?resize=696%2C363&#038;ssl=1\" alt=\"Felipeh campos\" width=\"696\" height=\"363\" srcset=\"https:\/\/i0.wp.com\/gay.blog.br\/wp-content\/uploads\/2020\/06\/na_5b76d477a1c6b.jpg?w=1920&amp;ssl=1 1920w, https:\/\/i0.wp.com\/gay.blog.br\/wp-content\/uploads\/2020\/06\/na_5b76d477a1c6b.jpg?resize=300%2C156&amp;ssl=1 300w, https:\/\/i0.wp.com\/gay.blog.br\/wp-content\/uploads\/2020\/06\/na_5b76d477a1c6b.jpg?resize=1024%2C533&amp;ssl=1 1024w, https:\/\/i0.wp.com\/gay.blog.br\/wp-content\/uploads\/2020\/06\/na_5b76d477a1c6b.jpg?resize=150%2C78&amp;ssl=1 150w, https:\/\/i0.wp.com\/gay.blog.br\/wp-content\/uploads\/2020\/06\/na_5b76d477a1c6b.jpg?resize=768%2C400&amp;ssl=1 768w, https:\/\/i0.wp.com\/gay.blog.br\/wp-content\/uploads\/2020\/06\/na_5b76d477a1c6b.jpg?resize=1536%2C800&amp;ssl=1 1536w, https:\/\/i0.wp.com\/gay.blog.br\/wp-content\/uploads\/2020\/06\/na_5b76d477a1c6b.jpg?resize=696%2C363&amp;ssl=1 696w, https:\/\/i0.wp.com\/gay.blog.br\/wp-content\/uploads\/2020\/06\/na_5b76d477a1c6b.jpg?resize=1392%2C725&amp;ssl=1 1392w, https:\/\/i0.wp.com\/gay.blog.br\/wp-content\/uploads\/2020\/06\/na_5b76d477a1c6b.jpg?resize=1068%2C556&amp;ssl=1 1068w, https:\/\/i0.wp.com\/gay.blog.br\/wp-content\/uploads\/2020\/06\/na_5b76d477a1c6b.jpg?resize=806%2C420&amp;ssl=1 806w, https:\/\/i0.wp.com\/gay.blog.br\/wp-content\/uploads\/2020\/06\/na_5b76d477a1c6b.jpg?resize=1613%2C840&amp;ssl=1 1613w\" sizes=\"auto, (max-width: 696px) 100vw, 696px\" \/><figcaption id=\"caption-attachment-45806\" class=\"wp-caption-text\">Reproducci\u00f3n<\/figcaption><\/figure>\n<p style=\"text-align: justify;\"><b>Sobre la pandemia y el aislamiento social, usted es una de las pocas personas que no est\u00e1 haciendo la oficina en casa, \u00bfc\u00f3mo ha sido salir de casa e ir a trabajar a diario? \u00bfAlg\u00fan temor\/miedo?<\/b><\/p>\n<p style=\"text-align: justify;\"><span style=\"font-weight: 400;\">En el programa estamos cumpliendo con todas las normas de desinfecci\u00f3n, tom\u00e1ndonos en serio las mascarillas, el alcohol en gel en las manos y la distancia social establecida por la OMS. Voy a trabajar con veh\u00edculo propio y, saliendo del estudio, vuelvo directo a casa, voy directo al ba\u00f1o y en casa estamos siguiendo todo el protocolo. Mi casa siempre ha estado extremadamente limpia y, en ese momento, aumentamos la higiene. <\/span><\/p>\n<p style=\"text-align: justify;\"><b>\u00bfQu\u00e9 te ha ense\u00f1ado el aislamiento social?<\/b><\/p>\n<p style=\"text-align: justify;\"><b><\/b><span style=\"font-weight: 400;\">Estoy entendiendo mejor la relaci\u00f3n que quiero establecer con otras personas. Algunos se quedar\u00e1n, otros, ya ni me acuerdo. El aislamiento est\u00e1 siendo genial, nunca me gust\u00f3 la aglomeraci\u00f3n. <\/span><\/p>\n<blockquote><p><i><span style=\"font-weight: 400;\">Tener<\/span><\/i> <i><span style=\"font-weight: 400;\">una opini\u00f3n fuerte y una personalidad llamativa trae afecto y desafecto, pero no me importa \u201d<\/span><\/i><\/p><\/blockquote>\n<p style=\"text-align: justify;\"><b>Entre los comentaristas de <\/b><b><i>A Tarde \u00e9 Sua<\/i><\/b><b>, eres el m\u00e1s destacado por no ocultar nunca tus opiniones y cr\u00edticas. \u00bfDecir lo que crees ya te ha causado problemas?<\/b><\/p>\n<p style=\"text-align: justify;\"><span style=\"font-weight: 400;\">\u00bfDestacados? Lo m\u00e1s destacado es el presentador, es de S\u00f4nia. S\u00f4nia es la mejor comunicadora de la televisi\u00f3n y desde los 14 est\u00e1 a cargo de A TARDE \u00c9 SUA! Trabajar con S\u00f4nia dar\u00e1 visibilidad a cualquier periodista, ella misma es la firma del tema. <\/span><span style=\"font-weight: 400;\">Tener<\/span><span style=\"font-weight: 400;\">una opini\u00f3n fuerte y una personalidad llamativa trae afecto y disgusto, pero no me importa, mi percepci\u00f3n del mundo o del trabajo nunca cambiar\u00e1, siempre estar\u00e9 listo para una buena discusi\u00f3n.<\/span><\/p>\n<p style=\"text-align: justify;\"><b>\u00bfTe llevas bien con otros periodistas de chismes como <a href=\"https:\/\/gay.blog.br\/gay\/leo-dias-fala-sobre-novo-projeto-haters-e-ego-de-celebridades\/\">Leo Dias<\/a>, <a href=\"https:\/\/gay.blog.br\/gay\/entrevista-fefito-a-gente-tem-transformado-muita-gente-estupida-em-gente-famosa-nas-redes-sociais-acho-isso-assustador\/\">Fefito<\/a>, Le\u00e3o Lobo y Erlan Bastos?<\/b><\/p>\n<p style=\"text-align: justify;\"><span style=\"font-weight: 400;\">No tengo problemas con ninguno de ellos, \u00a1no los tengo! Respeto el trabajo de todos, cada uno con su propio perfil, cada uno con su propia historia. Todos somos periodistas en busca de nuestro pan de cada d\u00eda. <\/span><\/p>\n<figure id=\"attachment_45808\" aria-describedby=\"caption-attachment-45808\" style=\"width: 1400px\" class=\"wp-caption aligncenter\"><img data-recalc-dims=\"1\" loading=\"lazy\" decoding=\"async\" class=\"wp-image-45808 size-full\" src=\"https:\/\/i0.wp.com\/gay.blog.br\/wp-content\/uploads\/2020\/06\/ace6a74d9e50df22155569d432739048.jpg?resize=696%2C398&#038;ssl=1\" alt=\"\" width=\"696\" height=\"398\" srcset=\"https:\/\/i0.wp.com\/gay.blog.br\/wp-content\/uploads\/2020\/06\/ace6a74d9e50df22155569d432739048.jpg?w=1400&amp;ssl=1 1400w, https:\/\/i0.wp.com\/gay.blog.br\/wp-content\/uploads\/2020\/06\/ace6a74d9e50df22155569d432739048.jpg?resize=300%2C171&amp;ssl=1 300w, https:\/\/i0.wp.com\/gay.blog.br\/wp-content\/uploads\/2020\/06\/ace6a74d9e50df22155569d432739048.jpg?resize=1024%2C585&amp;ssl=1 1024w, https:\/\/i0.wp.com\/gay.blog.br\/wp-content\/uploads\/2020\/06\/ace6a74d9e50df22155569d432739048.jpg?resize=150%2C86&amp;ssl=1 150w, https:\/\/i0.wp.com\/gay.blog.br\/wp-content\/uploads\/2020\/06\/ace6a74d9e50df22155569d432739048.jpg?resize=768%2C439&amp;ssl=1 768w, https:\/\/i0.wp.com\/gay.blog.br\/wp-content\/uploads\/2020\/06\/ace6a74d9e50df22155569d432739048.jpg?resize=696%2C398&amp;ssl=1 696w, https:\/\/i0.wp.com\/gay.blog.br\/wp-content\/uploads\/2020\/06\/ace6a74d9e50df22155569d432739048.jpg?resize=1392%2C795&amp;ssl=1 1392w, https:\/\/i0.wp.com\/gay.blog.br\/wp-content\/uploads\/2020\/06\/ace6a74d9e50df22155569d432739048.jpg?resize=1068%2C610&amp;ssl=1 1068w, https:\/\/i0.wp.com\/gay.blog.br\/wp-content\/uploads\/2020\/06\/ace6a74d9e50df22155569d432739048.jpg?resize=735%2C420&amp;ssl=1 735w\" sizes=\"auto, (max-width: 696px) 100vw, 696px\" \/><figcaption id=\"caption-attachment-45808\" class=\"wp-caption-text\">Reproducci\u00f3n<\/figcaption><\/figure>\n<p style=\"text-align: justify;\"><b>Sobre chismes, habr\u00e1 una edici\u00f3n de<\/b> <b><i>A Fazenda<\/i><\/b><b> \u00bfeste a\u00f1o? \u00bfQuieres volver a participar?<\/b><\/p>\n<p style=\"text-align: justify;\"><span style=\"font-weight: 400;\">Habr\u00e1, nunca volver\u00eda a participar en ning\u00fan encierro, nunca m\u00e1s. <\/span><\/p>\n<p style=\"text-align: justify;\"><b>Hablando de<\/b><b><i>A Fazenda<\/i><\/b><b>, la \u00faltima edici\u00f3n fue un fiasco por el \u00abelenco\u00bb borrado, \u00bfcu\u00e1les ser\u00edan en tu opini\u00f3n los participantes ideales para el reality rural?<\/b><\/p>\n<p style=\"text-align: justify;\"><span style=\"font-weight: 400;\">Ya no ve\u00eda el<\/span><i><span style=\"font-weight: 400;\">reality<\/span><\/i><span style=\"font-weight: 400;\">, solo unos pocos cap\u00edtulos cuando est\u00e1n en la agenda. Acerca de los personajes, no podr\u00eda elegir un elenco, pero, un nombre espec\u00edfico que me gustar\u00eda ver \u00abD\u00f3ris Giesse\u00bb, ser\u00eda genial, ser\u00eda un gran personaje para el encierro. <\/span><\/p>\n<figure id=\"attachment_45809\" aria-describedby=\"caption-attachment-45809\" style=\"width: 1280px\" class=\"wp-caption aligncenter\"><img data-recalc-dims=\"1\" loading=\"lazy\" decoding=\"async\" class=\"wp-image-45809 size-full\" src=\"https:\/\/i0.wp.com\/gay.blog.br\/wp-content\/uploads\/2020\/06\/post3-1280x720-1.jpg?resize=696%2C392&#038;ssl=1\" alt=\"\" width=\"696\" height=\"392\" srcset=\"https:\/\/i0.wp.com\/gay.blog.br\/wp-content\/uploads\/2020\/06\/post3-1280x720-1.jpg?w=1280&amp;ssl=1 1280w, https:\/\/i0.wp.com\/gay.blog.br\/wp-content\/uploads\/2020\/06\/post3-1280x720-1.jpg?resize=300%2C169&amp;ssl=1 300w, https:\/\/i0.wp.com\/gay.blog.br\/wp-content\/uploads\/2020\/06\/post3-1280x720-1.jpg?resize=1024%2C576&amp;ssl=1 1024w, https:\/\/i0.wp.com\/gay.blog.br\/wp-content\/uploads\/2020\/06\/post3-1280x720-1.jpg?resize=150%2C84&amp;ssl=1 150w, https:\/\/i0.wp.com\/gay.blog.br\/wp-content\/uploads\/2020\/06\/post3-1280x720-1.jpg?resize=768%2C432&amp;ssl=1 768w, https:\/\/i0.wp.com\/gay.blog.br\/wp-content\/uploads\/2020\/06\/post3-1280x720-1.jpg?resize=696%2C392&amp;ssl=1 696w, https:\/\/i0.wp.com\/gay.blog.br\/wp-content\/uploads\/2020\/06\/post3-1280x720-1.jpg?resize=1068%2C601&amp;ssl=1 1068w, https:\/\/i0.wp.com\/gay.blog.br\/wp-content\/uploads\/2020\/06\/post3-1280x720-1.jpg?resize=747%2C420&amp;ssl=1 747w\" sizes=\"auto, (max-width: 696px) 100vw, 696px\" \/><figcaption id=\"caption-attachment-45809\" class=\"wp-caption-text\">D\u00f3ris Giesse &#8211; Reproducci\u00f3n<\/figcaption><\/figure>\n<p style=\"text-align: justify;\"><b>\u00bfQui\u00e9n es el gay m\u00e1s inteligente de Brasil?<\/b><\/p>\n<p style=\"text-align: justify;\"><span style=\"font-weight: 400;\">Ten\u00edamos Clodovil. \u00a1El gay m\u00e1s inteligente de Brasil es el que se levanta temprano todos los d\u00edas y se enfrenta a la dura jornada laboral! En evidencia, no tenemos ninguno. <\/span><\/p>\n<p style=\"text-align: justify;\"><b>Ya ten\u00edas desafecciones con algunos famosos como Roberta Miranda (ya reconciliada), Britto Jr, Cristina Mort\u00e1gua etc. \u00bfEs posible tener amistades en el mundo art\u00edstico como periodista de chismes?<\/b><\/p>\n<p style=\"text-align: justify;\"><span style=\"font-weight: 400;\">Hoy amo a Roberta, es una gran amiga. Quiero distancia de Brito Jr. \u00a1Y los problemas con Mort\u00e1gua estaban en Itu! No tengo la costumbre de entablar amistad con celebridades. <\/span><\/p>\n<p style=\"text-align: justify;\"><b>\u00bfDeber\u00eda un artista gay salir del armario incluso fuera de la consideraci\u00f3n p\u00fablica?<\/b><b><br \/>\n<\/b><b><br \/>\n<\/b><span style=\"font-weight: 400;\">Este tema es personal, independientemente del trabajo o p\u00fablico, es personal y debe ser respetado. Este problema debe abordarse en la terapia con asesoramiento psicol\u00f3gico. <\/span><\/p>\n<p style=\"text-align: justify;\"><b>Recientemente, empezaste a hacer lives, \u00bfc\u00f3mo ha sido esa experiencia? \u00bfNo crees que \u00faltimamente ha habido una sobredosis de ellos principalmente por shows?<\/b><\/p>\n<p style=\"text-align: justify;\"><span style=\"font-weight: 400;\">Mira, no vigilo esta sobredosis, comenc\u00e9 a hacer lives para abastecer mi canal de<\/span> <a href=\"https:\/\/www.youtube.com\/channel\/UCfbRiwvQlNSoUWaapkrJxTg\/featured\"><span style=\"font-weight: 400;\">YouTube,<\/span><\/a><span style=\"font-weight: 400;\">\u00a1que incluso est\u00e1 en auge!<\/span><\/p>\n<blockquote><p><i>Mi<\/i> <i>madre fue una mujer visionaria y adelantada a los tiempos\u201d<\/i><\/p><\/blockquote>\n<p style=\"text-align: justify;\"><b>\u00bfLa televisi\u00f3n abierta tiene futuro? Los canales de Internet y <em>streaming<\/em> han robado una gran parte de la audiencia de los televisores abiertos.<\/b><\/p>\n<p style=\"text-align: justify;\"><span style=\"font-weight: 400;\">Son audiencias completamente diferentes. No creo que la audiencia de Internet consuma mucha televisi\u00f3n, pero la audiencia de televisi\u00f3n consume Internet. Es demasiado pronto para hablar de estos cambios. <\/span><\/p>\n<p style=\"text-align: justify;\"><b>\u00bfEs cierto que su madre fue la primera persona en San Pablo en tener una discoteca dedicada al p\u00fablico LGBT? <\/b><\/p>\n<p style=\"text-align: justify;\"><span style=\"font-weight: 400;\">si<\/span>, <span style=\"font-weight: 400;\">Mi<\/span> <span style=\"font-weight: 400;\">madre abri\u00f3 el primer bar gay en San Pablo, en 1970, el <em>Aquarius Bar.<\/em> Fue un \u00e9xito hasta 1986. Una historia hermosa y exitosa y muchas historias. <\/span><span style=\"font-weight: 400;\">Mi<\/span> <span style=\"font-weight: 400;\">madre fue una mujer visionaria y adelantada.<\/span><\/p>\n<p style=\"text-align: justify;\"><b>Siendo un experto en TV y celebridades, \u00bfqui\u00e9n es el famoso m\u00e1s cool y a qui\u00e9n consideras m\u00e1s maleta?<\/b><\/p>\n<p style=\"text-align: justify;\"><span style=\"font-weight: 400;\">\u00bfEl m\u00e1s genial? Hummm, mira, hay fases, no hay m\u00e1s cool ni maleta, son f\u00e1ses. Habiendo estado en el mercado de las celebridades durante 22 a\u00f1os, \u00a1vi c\u00f3mo suced\u00edan muchos fen\u00f3menos y sucumb\u00edan con el tiempo! Estoy en una fase de amigos como: Eduardo Costa, Roberta Miranda y los dem\u00e1s, \u00a1son los otros! <\/span><\/p>\n<p style=\"text-align: justify;\"><b>\u00bfPor qu\u00e9 crees que la mayor\u00eda de las celebridades tienen un ego m\u00e1s grande que su propio talento? \u00bfY qu\u00e9 famoso ser\u00eda un ejemplo de eso?<\/b><\/p>\n<p style=\"text-align: justify;\"><span style=\"font-weight: 400;\">Hay tantos, si menciono uno aqu\u00ed, los dem\u00e1s estar\u00e1n tristes\u2026 (risas)<\/span><\/p>\n<blockquote><p><i>\u201cNo estoy de acuerdo con los artistas en pol\u00edtica, no me gusta\u201d (sobre Mario Fr\u00edas) <\/i><\/p><\/blockquote>\n<p style=\"text-align: justify;\"><b>Hace a\u00f1os diste una entrevista en la que dec\u00eda que le gustar\u00eda tener un programa de televisi\u00f3n, \u00bfese deseo a\u00fan existe? \u00bfY c\u00f3mo ser\u00eda?<\/b><\/p>\n<p style=\"text-align: justify;\"><span style=\"font-weight: 400;\"> Mis <\/span><i><span style=\"font-weight: 400;\">lives <\/span><\/i><span style=\"font-weight: 400;\"> y mi canal en <\/span><i><span style=\"font-weight: 400;\"><a href=\"http:\/\/Felipeh%20Campos%20Oficial\">YouTube<\/a><\/span><\/i><span style=\"font-weight: 400;\"> ya es mi programa . <\/span><\/p>\n<p style=\"text-align: justify;\"><b>Sobre las redes sociales, \u00bfsueles usar m\u00e1s?<\/b> <b><i>Twitter<\/i><\/b><b>,<\/b><b><i>Instagram<\/i><\/b> <b>o<\/b> <b><i>Facebook<\/i><\/b><b>? \u00bfC\u00f3mo se maneja la cr\u00edtica o m\u00e1s bien con <\/b><b><i>haters<\/i><\/b><b>? <\/b><\/p>\n<p style=\"text-align: justify;\"><span style=\"font-weight: 400;\">No me gusta<\/span><i><span style=\"font-weight: 400;\">twitter<\/span><\/i><span style=\"font-weight: 400;\">, \u00a1no me gusta! Sobre los haters, tengo casi 800 mil seguidores y la mayor\u00eda de los malvados no llegan a mil. No puedo darle importancia a una cantidad muy peque\u00f1a, despu\u00e9s de todo, tengo casi 800 mil para dar valor.<\/span><\/p>\n<figure id=\"attachment_45811\" aria-describedby=\"caption-attachment-45811\" style=\"width: 1200px\" class=\"wp-caption aligncenter\"><img data-recalc-dims=\"1\" loading=\"lazy\" decoding=\"async\" class=\"wp-image-45811 size-full\" src=\"https:\/\/i0.wp.com\/gay.blog.br\/wp-content\/uploads\/2020\/06\/felipeh-campos.jpg?resize=696%2C580&#038;ssl=1\" alt=\"\" width=\"696\" height=\"580\" srcset=\"https:\/\/i0.wp.com\/gay.blog.br\/wp-content\/uploads\/2020\/06\/felipeh-campos.jpg?w=1200&amp;ssl=1 1200w, https:\/\/i0.wp.com\/gay.blog.br\/wp-content\/uploads\/2020\/06\/felipeh-campos.jpg?resize=300%2C250&amp;ssl=1 300w, https:\/\/i0.wp.com\/gay.blog.br\/wp-content\/uploads\/2020\/06\/felipeh-campos.jpg?resize=1024%2C853&amp;ssl=1 1024w, https:\/\/i0.wp.com\/gay.blog.br\/wp-content\/uploads\/2020\/06\/felipeh-campos.jpg?resize=150%2C125&amp;ssl=1 150w, https:\/\/i0.wp.com\/gay.blog.br\/wp-content\/uploads\/2020\/06\/felipeh-campos.jpg?resize=768%2C640&amp;ssl=1 768w, https:\/\/i0.wp.com\/gay.blog.br\/wp-content\/uploads\/2020\/06\/felipeh-campos.jpg?resize=696%2C580&amp;ssl=1 696w, https:\/\/i0.wp.com\/gay.blog.br\/wp-content\/uploads\/2020\/06\/felipeh-campos.jpg?resize=1068%2C890&amp;ssl=1 1068w, https:\/\/i0.wp.com\/gay.blog.br\/wp-content\/uploads\/2020\/06\/felipeh-campos.jpg?resize=504%2C420&amp;ssl=1 504w, https:\/\/i0.wp.com\/gay.blog.br\/wp-content\/uploads\/2020\/06\/felipeh-campos.jpg?resize=1008%2C840&amp;ssl=1 1008w\" sizes=\"auto, (max-width: 696px) 100vw, 696px\" \/><figcaption id=\"caption-attachment-45811\" class=\"wp-caption-text\">Reproducci\u00f3n<\/figcaption><\/figure>\n<p style=\"text-align: justify;\"><b>\u00bfNo crees que faltan programas de televisi\u00f3n abiertos dedicados a la comunidad LGBT? Por ejemplo, no ser\u00eda interesante <\/b><b><i>Power<\/i><\/b> <b><i>Couple<\/i><\/b><b>solo con parejas homosexuales?<\/b><\/p>\n<p style=\"text-align: justify;\"><span style=\"font-weight: 400;\">Que ser\u00eda genial.<\/span><\/p>\n<p style=\"text-align: justify;\"><b>\u00bfQu\u00e9 opina de que el actor M\u00e1rio Frias sea el principal citado a la Secretar\u00eda de Cultura? <\/b><\/p>\n<p style=\"text-align: justify;\"><span style=\"font-weight: 400;\">No estoy de acuerdo con los artistas en pol\u00edtica, no me gusta. <\/span><\/p>\n<p style=\"text-align: justify;\"><b>Deje un mensaje para los lectores de GAY BLOG BR ;-)<\/b><\/p>\n<p style=\"text-align: justify;\"><span style=\"font-weight: 400;\">Sea feliz con sus elecciones. No sufras por tonter\u00edas y no te preocupes por los envidiosos, adelante. \u00a1Cada uno conoce el dolor y el placer de ser lo que es! <\/span><\/p>\n<p style=\"text-align: justify;\"><span style=\"font-weight: 400;\">Para seguir en Youtube:<\/span><a href=\"https:\/\/www.youtube.com\/channel\/UCfbRiwvQlNSoUWaapkrJxTg\"><span style=\"font-weight: 400;\">Felipeh Campos Oficial.<\/span><\/a> En <span style=\"font-weight: 400;\">Instagram: <a href=\"https:\/\/www.instagram.com\/felipehcampos\/\">@felipehcampos <\/a><\/span><\/p>\n<p style=\"text-align: justify;\">\n","protected":false},"excerpt":{"rendered":"<p>Enardece las tardes todos los d\u00edas con sus chismes y opiniones grandilocuentes en el programa \u00abA Tarde \u00e9 Sua\u00bb de Rede TV.<\/p>\n","protected":false},"author":3482,"featured_media":82049,"comment_status":"open","ping_status":"open","sticky":false,"template":"","format":"standard","meta":{"googlesitekit_rrm_CAoiEBg-BXrJeACjO8p49SE4kTY:productID":"","tdm_status":"","tdm_grid_status":"","_jetpack_newsletter_access":"","_jetpack_dont_email_post_to_subs":false,"_jetpack_newsletter_tier_id":0,"_jetpack_memberships_contains_paywalled_content":false,"_jetpack_memberships_contains_paid_content":false,"footnotes":"","jetpack_publicize_message":"Felipeh Campos habla de pol\u00edtica, egos en el mundo art\u00edstico y A Fazenda","jetpack_publicize_feature_enabled":true,"jetpack_social_post_already_shared":true,"jetpack_social_options":{"image_generator_settings":{"template":"highway","default_image_id":0,"font":"","enabled":false},"version":2},"_wpas_customize_per_network":false,"jetpack_post_was_ever_published":false},"categories":[589932375,589932144],"tags":[589935132,589935133,589935130,589933203,589935134],"class_list":{"0":"post-101579","1":"post","2":"type-post","3":"status-publish","4":"format-standard","5":"has-post-thumbnail","7":"category-entrevistas-es","8":"category-gay-es","9":"tag-aquarius-bar-es-2","10":"tag-eduardo-costa-es","11":"tag-felipeh-campos-es-2","12":"tag-la-fazenda","13":"tag-roberta-miranda-es"},"yoast_head":"<!-- This site is optimized with the Yoast SEO plugin v27.5 - https:\/\/yoast.com\/product\/yoast-seo-wordpress\/ -->\n<title>Felipeh Campos habla de pol\u00edtica, egos en el mundo art\u00edstico y A Fazenda<\/title>\n<meta name=\"description\" content=\"Felipeh Campos enardece sus tardes a diario con sus chismes y opiniones grandilocuentes en el programa &quot;A Tarde \u00e9 Sua&quot; de Rede TV\" \/>\n<meta name=\"robots\" content=\"index, follow, max-snippet:-1, max-image-preview:large, max-video-preview:-1\" \/>\n<link rel=\"canonical\" href=\"https:\/\/gay.blog.br\/es\/entrevistas-es\/felipeh-campos-habla-de-politica-egos-en-el-mundo-artistico-y-a-fazenda\/\" \/>\n<meta property=\"og:locale\" content=\"es_ES\" \/>\n<meta property=\"og:type\" content=\"article\" \/>\n<meta property=\"og:title\" content=\"Felipeh Campos habla de pol\u00edtica, egos en el mundo art\u00edstico y A Fazenda\" \/>\n<meta property=\"og:description\" content=\"Felipeh Campos enardece sus tardes a diario con sus chismes y opiniones grandilocuentes en el programa &quot;A Tarde \u00e9 Sua&quot; de Rede TV\" \/>\n<meta property=\"og:url\" content=\"https:\/\/gay.blog.br\/es\/entrevistas-es\/felipeh-campos-habla-de-politica-egos-en-el-mundo-artistico-y-a-fazenda\/\" \/>\n<meta property=\"og:site_name\" content=\"GAY BLOG BR @gayblogbr\" \/>\n<meta property=\"article:publisher\" content=\"https:\/\/facebook.com\/gayblogbr\" \/>\n<meta property=\"article:author\" content=\"https:\/\/facebook.com\/gayblogbr\" \/>\n<meta property=\"article:published_time\" content=\"2020-06-17T21:40:15+00:00\" \/>\n<meta property=\"article:modified_time\" content=\"2026-01-17T15:47:46+00:00\" \/>\n<meta property=\"og:image\" content=\"https:\/\/gay.blog.br\/wp-content\/uploads\/2020\/06\/na_5b76d477a1c6b.jpg\" \/>\n\t<meta property=\"og:image:width\" content=\"1920\" \/>\n\t<meta property=\"og:image:height\" content=\"1000\" \/>\n\t<meta property=\"og:image:type\" content=\"image\/jpeg\" \/>\n<meta name=\"author\" content=\"Andr\u00e9 Aram\" \/>\n<meta name=\"twitter:card\" content=\"summary_large_image\" \/>\n<meta name=\"twitter:creator\" content=\"@https:\/\/twittercom\/gayblogbr\" \/>\n<meta name=\"twitter:site\" content=\"@gayblogbr\" \/>\n<meta name=\"twitter:label1\" content=\"Escrito por\" \/>\n\t<meta name=\"twitter:data1\" content=\"Andr\u00e9 Aram\" \/>\n\t<meta name=\"twitter:label2\" content=\"Tiempo de lectura\" \/>\n\t<meta name=\"twitter:data2\" content=\"8 minutos\" \/>\n<script type=\"application\/ld+json\" class=\"yoast-schema-graph\">{\"@context\":\"https:\\\/\\\/schema.org\",\"@graph\":[{\"@type\":\"Article\",\"@id\":\"https:\\\/\\\/gay.blog.br\\\/es\\\/entrevistas-es\\\/felipeh-campos-habla-de-politica-egos-en-el-mundo-artistico-y-a-fazenda\\\/#article\",\"isPartOf\":{\"@id\":\"https:\\\/\\\/gay.blog.br\\\/es\\\/entrevistas-es\\\/felipeh-campos-habla-de-politica-egos-en-el-mundo-artistico-y-a-fazenda\\\/\"},\"author\":{\"name\":\"Andr\u00e9 Aram\",\"@id\":\"https:\\\/\\\/gay.blog.br\\\/es\\\/#\\\/schema\\\/person\\\/59a4471c2fa312ae207122b509537a87\"},\"headline\":\"Felipeh Campos habla de pol\u00edtica, egos en el mundo art\u00edstico y A Fazenda\",\"datePublished\":\"2020-06-17T21:40:15+00:00\",\"dateModified\":\"2026-01-17T15:47:46+00:00\",\"mainEntityOfPage\":{\"@id\":\"https:\\\/\\\/gay.blog.br\\\/es\\\/entrevistas-es\\\/felipeh-campos-habla-de-politica-egos-en-el-mundo-artistico-y-a-fazenda\\\/\"},\"wordCount\":1301,\"commentCount\":0,\"publisher\":{\"@id\":\"https:\\\/\\\/gay.blog.br\\\/es\\\/#organization\"},\"image\":{\"@id\":\"https:\\\/\\\/gay.blog.br\\\/es\\\/entrevistas-es\\\/felipeh-campos-habla-de-politica-egos-en-el-mundo-artistico-y-a-fazenda\\\/#primaryimage\"},\"thumbnailUrl\":\"https:\\\/\\\/i0.wp.com\\\/gay.blog.br\\\/wp-content\\\/uploads\\\/2020\\\/06\\\/na_5b76d477a1c6b.jpg?fit=1920%2C1000&ssl=1\",\"keywords\":[\"Aquarius Bar\",\"Eduardo Costa\",\"Felipeh Campos\",\"La Fazenda\",\"Roberta Miranda\"],\"articleSection\":[\"ENTREVISTAS\",\"GAY\"],\"inLanguage\":\"es\",\"potentialAction\":[{\"@type\":\"CommentAction\",\"name\":\"Comment\",\"target\":[\"https:\\\/\\\/gay.blog.br\\\/es\\\/entrevistas-es\\\/felipeh-campos-habla-de-politica-egos-en-el-mundo-artistico-y-a-fazenda\\\/#respond\"]}]},{\"@type\":\"WebPage\",\"@id\":\"https:\\\/\\\/gay.blog.br\\\/es\\\/entrevistas-es\\\/felipeh-campos-habla-de-politica-egos-en-el-mundo-artistico-y-a-fazenda\\\/\",\"url\":\"https:\\\/\\\/gay.blog.br\\\/es\\\/entrevistas-es\\\/felipeh-campos-habla-de-politica-egos-en-el-mundo-artistico-y-a-fazenda\\\/\",\"name\":\"Felipeh Campos habla de pol\u00edtica, egos en el mundo art\u00edstico y A Fazenda\",\"isPartOf\":{\"@id\":\"https:\\\/\\\/gay.blog.br\\\/es\\\/#website\"},\"primaryImageOfPage\":{\"@id\":\"https:\\\/\\\/gay.blog.br\\\/es\\\/entrevistas-es\\\/felipeh-campos-habla-de-politica-egos-en-el-mundo-artistico-y-a-fazenda\\\/#primaryimage\"},\"image\":{\"@id\":\"https:\\\/\\\/gay.blog.br\\\/es\\\/entrevistas-es\\\/felipeh-campos-habla-de-politica-egos-en-el-mundo-artistico-y-a-fazenda\\\/#primaryimage\"},\"thumbnailUrl\":\"https:\\\/\\\/i0.wp.com\\\/gay.blog.br\\\/wp-content\\\/uploads\\\/2020\\\/06\\\/na_5b76d477a1c6b.jpg?fit=1920%2C1000&ssl=1\",\"datePublished\":\"2020-06-17T21:40:15+00:00\",\"dateModified\":\"2026-01-17T15:47:46+00:00\",\"description\":\"Felipeh Campos enardece sus tardes a diario con sus chismes y opiniones grandilocuentes en el programa \\\"A Tarde \u00e9 Sua\\\" de Rede TV\",\"breadcrumb\":{\"@id\":\"https:\\\/\\\/gay.blog.br\\\/es\\\/entrevistas-es\\\/felipeh-campos-habla-de-politica-egos-en-el-mundo-artistico-y-a-fazenda\\\/#breadcrumb\"},\"inLanguage\":\"es\",\"potentialAction\":[{\"@type\":\"ReadAction\",\"target\":[\"https:\\\/\\\/gay.blog.br\\\/es\\\/entrevistas-es\\\/felipeh-campos-habla-de-politica-egos-en-el-mundo-artistico-y-a-fazenda\\\/\"]}]},{\"@type\":\"ImageObject\",\"inLanguage\":\"es\",\"@id\":\"https:\\\/\\\/gay.blog.br\\\/es\\\/entrevistas-es\\\/felipeh-campos-habla-de-politica-egos-en-el-mundo-artistico-y-a-fazenda\\\/#primaryimage\",\"url\":\"https:\\\/\\\/i0.wp.com\\\/gay.blog.br\\\/wp-content\\\/uploads\\\/2020\\\/06\\\/na_5b76d477a1c6b.jpg?fit=1920%2C1000&ssl=1\",\"contentUrl\":\"https:\\\/\\\/i0.wp.com\\\/gay.blog.br\\\/wp-content\\\/uploads\\\/2020\\\/06\\\/na_5b76d477a1c6b.jpg?fit=1920%2C1000&ssl=1\",\"width\":1920,\"height\":1000,\"caption\":\"Reprodu\u00e7\u00e3o\"},{\"@type\":\"BreadcrumbList\",\"@id\":\"https:\\\/\\\/gay.blog.br\\\/es\\\/entrevistas-es\\\/felipeh-campos-habla-de-politica-egos-en-el-mundo-artistico-y-a-fazenda\\\/#breadcrumb\",\"itemListElement\":[{\"@type\":\"ListItem\",\"position\":1,\"name\":\"In\u00edcio\",\"item\":\"https:\\\/\\\/gay.blog.br\\\/es\\\/\"},{\"@type\":\"ListItem\",\"position\":2,\"name\":\"Felipeh Campos habla de pol\u00edtica, egos en el mundo art\u00edstico y A Fazenda\"}]},{\"@type\":\"WebSite\",\"@id\":\"https:\\\/\\\/gay.blog.br\\\/es\\\/#website\",\"url\":\"https:\\\/\\\/gay.blog.br\\\/es\\\/\",\"name\":\"GAY BLOG BR @gayblogbr\",\"description\":\"Not\u00edcias que empoderam e\\\/ou entret\u00eam s\u00e3o especialidades da casa\",\"publisher\":{\"@id\":\"https:\\\/\\\/gay.blog.br\\\/es\\\/#organization\"},\"potentialAction\":[{\"@type\":\"SearchAction\",\"target\":{\"@type\":\"EntryPoint\",\"urlTemplate\":\"https:\\\/\\\/gay.blog.br\\\/es\\\/?s={search_term_string}\"},\"query-input\":{\"@type\":\"PropertyValueSpecification\",\"valueRequired\":true,\"valueName\":\"search_term_string\"}}],\"inLanguage\":\"es\"},{\"@type\":\"Organization\",\"@id\":\"https:\\\/\\\/gay.blog.br\\\/es\\\/#organization\",\"name\":\"GAY BLOG BR\",\"url\":\"https:\\\/\\\/gay.blog.br\\\/es\\\/\",\"logo\":{\"@type\":\"ImageObject\",\"inLanguage\":\"es\",\"@id\":\"https:\\\/\\\/gay.blog.br\\\/es\\\/#\\\/schema\\\/logo\\\/image\\\/\",\"url\":\"https:\\\/\\\/i0.wp.com\\\/gay.blog.br\\\/wp-content\\\/uploads\\\/2023\\\/08\\\/gay180px.png?fit=272%2C90&ssl=1\",\"contentUrl\":\"https:\\\/\\\/i0.wp.com\\\/gay.blog.br\\\/wp-content\\\/uploads\\\/2023\\\/08\\\/gay180px.png?fit=272%2C90&ssl=1\",\"width\":272,\"height\":90,\"caption\":\"GAY BLOG BR\"},\"image\":{\"@id\":\"https:\\\/\\\/gay.blog.br\\\/es\\\/#\\\/schema\\\/logo\\\/image\\\/\"},\"sameAs\":[\"https:\\\/\\\/facebook.com\\\/gayblogbr\",\"https:\\\/\\\/x.com\\\/gayblogbr\",\"https:\\\/\\\/instagram.com\\\/gayblogbr\",\"https:\\\/\\\/www.linkedin.com\\\/company\\\/gayblogbr\\\/\",\"https:\\\/\\\/br.pinterest.com\\\/gayblogbr\\\/\",\"https:\\\/\\\/www.youtube.com\\\/channel\\\/UCdEu3JXLOB-wvWAVUF4AIiA\",\"https:\\\/\\\/pt.wikipedia.org\\\/wiki\\\/Gay_Blog_Br\",\"https:\\\/\\\/www.threads.net\\\/@gayblogbr\"]},{\"@type\":\"Person\",\"@id\":\"https:\\\/\\\/gay.blog.br\\\/es\\\/#\\\/schema\\\/person\\\/59a4471c2fa312ae207122b509537a87\",\"name\":\"Andr\u00e9 Aram\",\"image\":{\"@type\":\"ImageObject\",\"inLanguage\":\"es\",\"@id\":\"https:\\\/\\\/secure.gravatar.com\\\/avatar\\\/2c85547dbbd1358696029970d8cb1ad363b94b546b682c26b5db210aee9eada8?s=96&d=mm&r=g\",\"url\":\"https:\\\/\\\/secure.gravatar.com\\\/avatar\\\/2c85547dbbd1358696029970d8cb1ad363b94b546b682c26b5db210aee9eada8?s=96&d=mm&r=g\",\"contentUrl\":\"https:\\\/\\\/secure.gravatar.com\\\/avatar\\\/2c85547dbbd1358696029970d8cb1ad363b94b546b682c26b5db210aee9eada8?s=96&d=mm&r=g\",\"caption\":\"Andr\u00e9 Aram\"},\"sameAs\":[\"https:\\\/\\\/gay.blog.br\\\/author\\\/andrearam\",\"https:\\\/\\\/facebook.com\\\/gayblogbr\",\"https:\\\/\\\/instagram.com\\\/gayblogbr\",\"https:\\\/\\\/x.com\\\/https:\\\/\\\/twittercom\\\/gayblogbr\"],\"url\":\"https:\\\/\\\/gay.blog.br\\\/es\\\/author\\\/andrearam\\\/\"}]}<\/script>\n<!-- \/ Yoast SEO plugin. -->","yoast_head_json":{"title":"Felipeh Campos habla de pol\u00edtica, egos en el mundo art\u00edstico y A Fazenda","description":"Felipeh Campos enardece sus tardes a diario con sus chismes y opiniones grandilocuentes en el programa \"A Tarde \u00e9 Sua\" de Rede TV","robots":{"index":"index","follow":"follow","max-snippet":"max-snippet:-1","max-image-preview":"max-image-preview:large","max-video-preview":"max-video-preview:-1"},"canonical":"https:\/\/gay.blog.br\/es\/entrevistas-es\/felipeh-campos-habla-de-politica-egos-en-el-mundo-artistico-y-a-fazenda\/","og_locale":"es_ES","og_type":"article","og_title":"Felipeh Campos habla de pol\u00edtica, egos en el mundo art\u00edstico y A Fazenda","og_description":"Felipeh Campos enardece sus tardes a diario con sus chismes y opiniones grandilocuentes en el programa \"A Tarde \u00e9 Sua\" de Rede TV","og_url":"https:\/\/gay.blog.br\/es\/entrevistas-es\/felipeh-campos-habla-de-politica-egos-en-el-mundo-artistico-y-a-fazenda\/","og_site_name":"GAY BLOG BR @gayblogbr","article_publisher":"https:\/\/facebook.com\/gayblogbr","article_author":"https:\/\/facebook.com\/gayblogbr","article_published_time":"2020-06-17T21:40:15+00:00","article_modified_time":"2026-01-17T15:47:46+00:00","og_image":[{"width":1920,"height":1000,"url":"https:\/\/gay.blog.br\/wp-content\/uploads\/2020\/06\/na_5b76d477a1c6b.jpg","type":"image\/jpeg"}],"author":"Andr\u00e9 Aram","twitter_card":"summary_large_image","twitter_creator":"@https:\/\/twittercom\/gayblogbr","twitter_site":"@gayblogbr","twitter_misc":{"Escrito por":"Andr\u00e9 Aram","Tiempo de lectura":"8 minutos"},"schema":{"@context":"https:\/\/schema.org","@graph":[{"@type":"Article","@id":"https:\/\/gay.blog.br\/es\/entrevistas-es\/felipeh-campos-habla-de-politica-egos-en-el-mundo-artistico-y-a-fazenda\/#article","isPartOf":{"@id":"https:\/\/gay.blog.br\/es\/entrevistas-es\/felipeh-campos-habla-de-politica-egos-en-el-mundo-artistico-y-a-fazenda\/"},"author":{"name":"Andr\u00e9 Aram","@id":"https:\/\/gay.blog.br\/es\/#\/schema\/person\/59a4471c2fa312ae207122b509537a87"},"headline":"Felipeh Campos habla de pol\u00edtica, egos en el mundo art\u00edstico y A Fazenda","datePublished":"2020-06-17T21:40:15+00:00","dateModified":"2026-01-17T15:47:46+00:00","mainEntityOfPage":{"@id":"https:\/\/gay.blog.br\/es\/entrevistas-es\/felipeh-campos-habla-de-politica-egos-en-el-mundo-artistico-y-a-fazenda\/"},"wordCount":1301,"commentCount":0,"publisher":{"@id":"https:\/\/gay.blog.br\/es\/#organization"},"image":{"@id":"https:\/\/gay.blog.br\/es\/entrevistas-es\/felipeh-campos-habla-de-politica-egos-en-el-mundo-artistico-y-a-fazenda\/#primaryimage"},"thumbnailUrl":"https:\/\/i0.wp.com\/gay.blog.br\/wp-content\/uploads\/2020\/06\/na_5b76d477a1c6b.jpg?fit=1920%2C1000&ssl=1","keywords":["Aquarius Bar","Eduardo Costa","Felipeh Campos","La Fazenda","Roberta Miranda"],"articleSection":["ENTREVISTAS","GAY"],"inLanguage":"es","potentialAction":[{"@type":"CommentAction","name":"Comment","target":["https:\/\/gay.blog.br\/es\/entrevistas-es\/felipeh-campos-habla-de-politica-egos-en-el-mundo-artistico-y-a-fazenda\/#respond"]}]},{"@type":"WebPage","@id":"https:\/\/gay.blog.br\/es\/entrevistas-es\/felipeh-campos-habla-de-politica-egos-en-el-mundo-artistico-y-a-fazenda\/","url":"https:\/\/gay.blog.br\/es\/entrevistas-es\/felipeh-campos-habla-de-politica-egos-en-el-mundo-artistico-y-a-fazenda\/","name":"Felipeh Campos habla de pol\u00edtica, egos en el mundo art\u00edstico y A Fazenda","isPartOf":{"@id":"https:\/\/gay.blog.br\/es\/#website"},"primaryImageOfPage":{"@id":"https:\/\/gay.blog.br\/es\/entrevistas-es\/felipeh-campos-habla-de-politica-egos-en-el-mundo-artistico-y-a-fazenda\/#primaryimage"},"image":{"@id":"https:\/\/gay.blog.br\/es\/entrevistas-es\/felipeh-campos-habla-de-politica-egos-en-el-mundo-artistico-y-a-fazenda\/#primaryimage"},"thumbnailUrl":"https:\/\/i0.wp.com\/gay.blog.br\/wp-content\/uploads\/2020\/06\/na_5b76d477a1c6b.jpg?fit=1920%2C1000&ssl=1","datePublished":"2020-06-17T21:40:15+00:00","dateModified":"2026-01-17T15:47:46+00:00","description":"Felipeh Campos enardece sus tardes a diario con sus chismes y opiniones grandilocuentes en el programa \"A Tarde \u00e9 Sua\" de Rede TV","breadcrumb":{"@id":"https:\/\/gay.blog.br\/es\/entrevistas-es\/felipeh-campos-habla-de-politica-egos-en-el-mundo-artistico-y-a-fazenda\/#breadcrumb"},"inLanguage":"es","potentialAction":[{"@type":"ReadAction","target":["https:\/\/gay.blog.br\/es\/entrevistas-es\/felipeh-campos-habla-de-politica-egos-en-el-mundo-artistico-y-a-fazenda\/"]}]},{"@type":"ImageObject","inLanguage":"es","@id":"https:\/\/gay.blog.br\/es\/entrevistas-es\/felipeh-campos-habla-de-politica-egos-en-el-mundo-artistico-y-a-fazenda\/#primaryimage","url":"https:\/\/i0.wp.com\/gay.blog.br\/wp-content\/uploads\/2020\/06\/na_5b76d477a1c6b.jpg?fit=1920%2C1000&ssl=1","contentUrl":"https:\/\/i0.wp.com\/gay.blog.br\/wp-content\/uploads\/2020\/06\/na_5b76d477a1c6b.jpg?fit=1920%2C1000&ssl=1","width":1920,"height":1000,"caption":"Reprodu\u00e7\u00e3o"},{"@type":"BreadcrumbList","@id":"https:\/\/gay.blog.br\/es\/entrevistas-es\/felipeh-campos-habla-de-politica-egos-en-el-mundo-artistico-y-a-fazenda\/#breadcrumb","itemListElement":[{"@type":"ListItem","position":1,"name":"In\u00edcio","item":"https:\/\/gay.blog.br\/es\/"},{"@type":"ListItem","position":2,"name":"Felipeh Campos habla de pol\u00edtica, egos en el mundo art\u00edstico y A Fazenda"}]},{"@type":"WebSite","@id":"https:\/\/gay.blog.br\/es\/#website","url":"https:\/\/gay.blog.br\/es\/","name":"GAY BLOG BR @gayblogbr","description":"Not\u00edcias que empoderam e\/ou entret\u00eam s\u00e3o especialidades da casa","publisher":{"@id":"https:\/\/gay.blog.br\/es\/#organization"},"potentialAction":[{"@type":"SearchAction","target":{"@type":"EntryPoint","urlTemplate":"https:\/\/gay.blog.br\/es\/?s={search_term_string}"},"query-input":{"@type":"PropertyValueSpecification","valueRequired":true,"valueName":"search_term_string"}}],"inLanguage":"es"},{"@type":"Organization","@id":"https:\/\/gay.blog.br\/es\/#organization","name":"GAY BLOG BR","url":"https:\/\/gay.blog.br\/es\/","logo":{"@type":"ImageObject","inLanguage":"es","@id":"https:\/\/gay.blog.br\/es\/#\/schema\/logo\/image\/","url":"https:\/\/i0.wp.com\/gay.blog.br\/wp-content\/uploads\/2023\/08\/gay180px.png?fit=272%2C90&ssl=1","contentUrl":"https:\/\/i0.wp.com\/gay.blog.br\/wp-content\/uploads\/2023\/08\/gay180px.png?fit=272%2C90&ssl=1","width":272,"height":90,"caption":"GAY BLOG BR"},"image":{"@id":"https:\/\/gay.blog.br\/es\/#\/schema\/logo\/image\/"},"sameAs":["https:\/\/facebook.com\/gayblogbr","https:\/\/x.com\/gayblogbr","https:\/\/instagram.com\/gayblogbr","https:\/\/www.linkedin.com\/company\/gayblogbr\/","https:\/\/br.pinterest.com\/gayblogbr\/","https:\/\/www.youtube.com\/channel\/UCdEu3JXLOB-wvWAVUF4AIiA","https:\/\/pt.wikipedia.org\/wiki\/Gay_Blog_Br","https:\/\/www.threads.net\/@gayblogbr"]},{"@type":"Person","@id":"https:\/\/gay.blog.br\/es\/#\/schema\/person\/59a4471c2fa312ae207122b509537a87","name":"Andr\u00e9 Aram","image":{"@type":"ImageObject","inLanguage":"es","@id":"https:\/\/secure.gravatar.com\/avatar\/2c85547dbbd1358696029970d8cb1ad363b94b546b682c26b5db210aee9eada8?s=96&d=mm&r=g","url":"https:\/\/secure.gravatar.com\/avatar\/2c85547dbbd1358696029970d8cb1ad363b94b546b682c26b5db210aee9eada8?s=96&d=mm&r=g","contentUrl":"https:\/\/secure.gravatar.com\/avatar\/2c85547dbbd1358696029970d8cb1ad363b94b546b682c26b5db210aee9eada8?s=96&d=mm&r=g","caption":"Andr\u00e9 Aram"},"sameAs":["https:\/\/gay.blog.br\/author\/andrearam","https:\/\/facebook.com\/gayblogbr","https:\/\/instagram.com\/gayblogbr","https:\/\/x.com\/https:\/\/twittercom\/gayblogbr"],"url":"https:\/\/gay.blog.br\/es\/author\/andrearam\/"}]}},"jetpack_publicize_connections":[],"jetpack_featured_media_url":"https:\/\/i0.wp.com\/gay.blog.br\/wp-content\/uploads\/2020\/06\/na_5b76d477a1c6b.jpg?fit=1920%2C1000&ssl=1","jetpack_sharing_enabled":true,"jetpack_shortlink":"https:\/\/wp.me\/p6klkK-qqn","jetpack_likes_enabled":false,"amp_enabled":true,"_links":{"self":[{"href":"https:\/\/gay.blog.br\/es\/wp-json\/wp\/v2\/posts\/101579","targetHints":{"allow":["GET"]}}],"collection":[{"href":"https:\/\/gay.blog.br\/es\/wp-json\/wp\/v2\/posts"}],"about":[{"href":"https:\/\/gay.blog.br\/es\/wp-json\/wp\/v2\/types\/post"}],"author":[{"embeddable":true,"href":"https:\/\/gay.blog.br\/es\/wp-json\/wp\/v2\/users\/3482"}],"replies":[{"embeddable":true,"href":"https:\/\/gay.blog.br\/es\/wp-json\/wp\/v2\/comments?post=101579"}],"version-history":[{"count":1,"href":"https:\/\/gay.blog.br\/es\/wp-json\/wp\/v2\/posts\/101579\/revisions"}],"predecessor-version":[{"id":261762,"href":"https:\/\/gay.blog.br\/es\/wp-json\/wp\/v2\/posts\/101579\/revisions\/261762"}],"wp:featuredmedia":[{"embeddable":true,"href":"https:\/\/gay.blog.br\/es\/wp-json\/wp\/v2\/media\/82049"}],"wp:attachment":[{"href":"https:\/\/gay.blog.br\/es\/wp-json\/wp\/v2\/media?parent=101579"}],"wp:term":[{"taxonomy":"category","embeddable":true,"href":"https:\/\/gay.blog.br\/es\/wp-json\/wp\/v2\/categories?post=101579"},{"taxonomy":"post_tag","embeddable":true,"href":"https:\/\/gay.blog.br\/es\/wp-json\/wp\/v2\/tags?post=101579"}],"curies":[{"name":"wp","href":"https:\/\/api.w.org\/{rel}","templated":true}]}}