{"id":103466,"date":"2020-05-15T17:33:04","date_gmt":"2020-05-15T20:33:04","guid":{"rendered":"https:\/\/gay.blog.br\/?p=103466"},"modified":"2020-12-25T21:23:03","modified_gmt":"2020-12-26T00:23:03","slug":"gae-actua-en-el-festival-de-musicos-brasilenos-pocs-este-sabado-16","status":"publish","type":"post","link":"https:\/\/gay.blog.br\/es\/recreacion\/conciertos\/gae-actua-en-el-festival-de-musicos-brasilenos-pocs-este-sabado-16\/","title":{"rendered":"Ga\u00ea act\u00faa en el Festival de M\u00fasicos Brasile\u00f1os Pocs este s\u00e1bado, 16"},"content":{"rendered":"<p style=\"text-align: justify;\">Este s\u00e1bado 16 de mayo, a las 4 pm, la cantante <strong>Ga\u00ea<\/strong> se presentar\u00e1 en vivo en el <a href=\"https:\/\/gay.blog.br\/noticias\/festival-de-musicos-pocs-brasileiros-mpb-comeca-nesta-quinta-07-de-maio\/\">Festival de M\u00fasicos Brasile\u00f1os Pocs<\/a> que se transmitir\u00e1 en <a href=\"https:\/\/www.instagram.com\/gayblogbr\/\">Instagram,<\/a> <a href=\"https:\/\/www.facebook.com\/gayblogbr\/\">Facebook<\/a> y <a href=\"https:\/\/www.youtube.com\/channel\/UCdEu3JXLOB-wvWAVUF4AIiA\">Youtube<\/a> de <strong>GAY BLOG BR.<\/strong><\/p>\n<p style=\"text-align: justify;\">Durante la presentaci\u00f3n, <strong>Ga\u00ea<\/strong> interpretar\u00e1 los temas <strong>Ip\u00ea Amarelo<\/strong> y <strong>Peda\u00e7o (de Sonho de Mayra Clara)<\/strong>, ambos propios, y tambi\u00e9n el tema Logradouro, de Rafael Alt\u00e9rio y Kl\u00e9ber Albuquerque.<\/p>\n<p><span class=\"embed-youtube\" style=\"text-align:center; display: block;\"><iframe loading=\"lazy\" class=\"youtube-player\" width=\"696\" height=\"392\" src=\"https:\/\/www.youtube.com\/embed\/PN-UT7epQJI?version=3&#038;rel=1&#038;showsearch=0&#038;showinfo=1&#038;iv_load_policy=1&#038;fs=1&#038;hl=es-ES&#038;autohide=2&#038;wmode=transparent\" allowfullscreen=\"true\" style=\"border:0;\" sandbox=\"allow-scripts allow-same-origin allow-popups allow-presentation allow-popups-to-escape-sandbox\"><\/iframe><\/span><\/p>\n<p><strong>Seguir a Gay en Spotify:<\/strong> <a href=\"https:\/\/bit.ly\/cantorgae\"><strong>https:\/\/bit.ly\/cantorgae<\/strong><\/a><\/p>\n<p style=\"text-align: justify;\">Originario de Brasilia, Ga\u00ea recientemente puso a disposici\u00f3n en su canal de YouTube la canci\u00f3n \u00abOnde Est\u00e1 a Estrela?\u00bb, Escrita por su padre, Ant\u00f4nio Umberto de Souza Jr, y cantada en sociedad con Bemti, m\u00fasico que ya particip\u00f3 en el Festival de M\u00fasicos Brasile\u00f1os Pocs .<\/p>\n<p style=\"text-align: justify;\">El clip fue filmado en Fazenda Santa Esther, una antigua finca cafetera renovada en Amparo, en el interior de San Pablo. El ambiente buc\u00f3lico e hist\u00f3rico de la finca sirve de tel\u00f3n de fondo para la historia de dos hombres que necesitan esconder su amor a principios del siglo XIX.<\/p>\n<p style=\"text-align: justify;\">Adem\u00e1s, el artista tambi\u00e9n lanz\u00f3 el documental web \u00abAmor y tiempo\u00bb, que cuenta con el apoyo de la ONG Eternamente Sou, con entrevistas a LGBT que cuentan historias de su juventud.<\/p>\n<p style=\"text-align: justify;\"><em>\u201cPor muy v\u00e1lida que sea la referencia a cualquier tema de las artes, hay que cuidar de garantizar la representatividad en las pautas, dando espacio a las personas que lo experimentan para expresarse, si no en el arte, al menos con el arte. En este webdocumental quer\u00eda traer al tema una mirada no solo romantizada en el arte &#8211; porque siempre es ficticia &#8211; sino tambi\u00e9n una mirada m\u00e1s documental a la realidad de estas personas para ayudar a crear un panorama a\u00fan m\u00e1s diverso sobre el tema\u201d<\/em>, cuenta Ga\u00ea.<\/p>\n<p><span class=\"embed-youtube\" style=\"text-align:center; display: block;\"><iframe loading=\"lazy\" class=\"youtube-player\" width=\"696\" height=\"392\" src=\"https:\/\/www.youtube.com\/embed\/R7MLAWse7pc?version=3&#038;rel=1&#038;showsearch=0&#038;showinfo=1&#038;iv_load_policy=1&#038;fs=1&#038;hl=es-ES&#038;autohide=2&#038;wmode=transparent\" allowfullscreen=\"true\" style=\"border:0;\" sandbox=\"allow-scripts allow-same-origin allow-popups allow-presentation allow-popups-to-escape-sandbox\"><\/iframe><\/span><\/p>\n<blockquote class=\"wp-embedded-content\" data-secret=\"ASnFIEHAAM\"><p><a href=\"https:\/\/gay.blog.br\/lazer\/shows\/festival-de-musicos-pocs-brasileiros-mpb-comeca-nesta-quinta-07-de-maio\/\">Festival de M\u00fasicos Pocs Brasileiros (MPB)<\/a><\/p><\/blockquote>\n<p><iframe loading=\"lazy\" class=\"wp-embedded-content\" sandbox=\"allow-scripts\" security=\"restricted\" style=\"position: absolute; clip: rect(1px, 1px, 1px, 1px);\" title=\"&#8220;Festival de M\u00fasicos Pocs Brasileiros (MPB)&#8221; &#8212; GAY BLOG BR @gayblogbr\" src=\"https:\/\/gay.blog.br\/lazer\/shows\/festival-de-musicos-pocs-brasileiros-mpb-comeca-nesta-quinta-07-de-maio\/embed\/#?secret=ASnFIEHAAM\" data-secret=\"ASnFIEHAAM\" width=\"600\" height=\"338\" frameborder=\"0\" marginwidth=\"0\" marginheight=\"0\" scrolling=\"no\"><\/iframe><\/p>\n<h4 style=\"text-align: justify;\"><strong>SERVICIO<\/strong><\/h4>\n<p style=\"text-align: justify;\"><strong>FESTIVAL DE M\u00daSICOS BRASILE\u00d1OS DE POCS<\/strong><br \/>\n<strong>Hasta el 18 de mayo<\/strong>, siempre a las <strong>16h<\/strong><\/p>\n<p style=\"text-align: justify;\"><strong>Lugares de exposici\u00f3n:<\/strong> <a href=\"https:\/\/www.instagram.com\/gayblogbr\/\">Instagram<\/a>, <a href=\"https:\/\/www.facebook.com\/gayblogbr\/\">Facebook<\/a> e <a href=\"https:\/\/www.youtube.com\/channel\/UCdEu3JXLOB-wvWAVUF4AIiA\">Youtube<\/a> <a href=\"https:\/\/www.instagram.com\/gayblogbr\/\">@gayblogbr<\/a><br \/>\nEvento de Facebook <a href=\"https:\/\/www.facebook.com\/events\/875619192953333\/\"><strong>neste link<\/strong><\/a>.<\/p>\n<p style=\"text-align: justify;\">S\u00e1bado, 16 \u2013 Ga\u00ea (DF) @somdegae<br \/>\nDomingo, 17 \u2013 Cais (SP) @caismusica<br \/>\nlunes, 18 \u2013 Rafael Vieira (SP) @rafavieiravoz<\/p>\n<p style=\"text-align: justify;\">En el Festival de M\u00fasicos Pocs ya han actuado el cantante <a href=\"https:\/\/gay.blog.br\/cultura\/musica\/assista-na-integra-ao-show-de-renato-enoch-no-festival-de-musicos-pocs-brasileiros\/\">Renato Enoch<\/a>, <a href=\"https:\/\/gay.blog.br\/noticias\/gabeu-toca-raul-e-quebra-a-internet-assista-ao-show-na-integra\/\">Gabeu<\/a>, <a href=\"https:\/\/gay.blog.br\/lazer\/shows\/ge-de-lima-anima-festival-de-musicos-pocs-brasileiros-com-classicos-assista-ao-show-na-integra\/\">G\u00ea de Lima<\/a>, <a href=\"https:\/\/gay.blog.br\/lazer\/shows\/beni-falcone-serve-hits-no-festival-de-musicos-pocs-brasileiros-assista-ao-show-na-integra\/\">Beni Falcone<\/a>, <a href=\"https:\/\/gay.blog.br\/lazer\/shows\/rodrigo-massa-performa-sin-mirar-atras-pela-primeira-vez-no-festival-de-musicos-pocs-brasileiros\/\">Rodrigo Massa,<\/a> <a href=\"https:\/\/gay.blog.br\/lazer\/shows\/dan-stump-performa-voz-e-violao-no-festival-de-musicos-pocs-brasileiros-assista-ao-show-na-integra\/\">Dan Stump<\/a>, <a href=\"https:\/\/gay.blog.br\/cultura\/musica\/daniel-peixoto-se-apresenta-no-festival-de-musicos-pocs-brasileiros-assista-ao-show-na-integra\/\">Daniel Peixoto<\/a>, <a href=\"https:\/\/gay.blog.br\/lazer\/shows\/maranhense-yhago-sebaz-se-apresenta-no-festival-de-musicos-pocs-brasileiros-nesta-quinta-feira\/\">Yhago Sebaz<\/a> y <a href=\"https:\/\/gay.blog.br\/lazer\/bemti-se-apresenta-no-festival-de-musicos-pocs-brasileiros-nesta-sexta-feira-15\/\">Bemti<\/a>.<\/p>\n","protected":false},"excerpt":{"rendered":"<p>Autora del documental web \u00abAmor e o Tempo\u00bb que retrata la homosexualidad en la vejez, la cantante Ga\u00ea actuar\u00e1 en el festival MPB el d\u00eda 16. <\/p>\n","protected":false},"author":3515,"featured_media":81079,"comment_status":"open","ping_status":"open","sticky":false,"template":"","format":"standard","meta":{"googlesitekit_rrm_CAoiEBg-BXrJeACjO8p49SE4kTY:productID":"","tdm_status":"","tdm_grid_status":"","_jetpack_newsletter_access":"","_jetpack_dont_email_post_to_subs":false,"_jetpack_newsletter_tier_id":0,"_jetpack_memberships_contains_paywalled_content":false,"_jetpack_memberships_contains_paid_content":false,"footnotes":"","jetpack_publicize_message":"Ga\u00ea act\u00faa en el Festival de M\u00fasicos Brasile\u00f1os Pocs este s\u00e1bado, 16","jetpack_publicize_feature_enabled":true,"jetpack_social_post_already_shared":true,"jetpack_social_options":{"image_generator_settings":{"template":"highway","default_image_id":0,"font":"","enabled":false},"version":2},"_wpas_customize_per_network":false,"jetpack_post_was_ever_published":false},"categories":[589932400,589932385],"tags":[589933418,589935461,589935462],"class_list":{"0":"post-103466","1":"post","2":"type-post","3":"status-publish","4":"format-standard","5":"has-post-thumbnail","7":"category-conciertos","8":"category-recreacion","9":"tag-festival-es","10":"tag-gae-es","11":"tag-mpb-es"},"yoast_head":"<!-- This site is optimized with the Yoast SEO plugin v27.4 - https:\/\/yoast.com\/product\/yoast-seo-wordpress\/ -->\n<title>Ga\u00ea act\u00faa en el Festival de M\u00fasicos Brasile\u00f1os Pocs este s\u00e1bado, 16<\/title>\n<meta name=\"description\" content=\"Este s\u00e1bado 16 de mayo, a las 4 pm, el canto Ga\u00ea se presentar\u00e1 en vivo en el Festival de M\u00fasicos Brasile\u00f1os Pocs by GAY BLOG BR\" \/>\n<meta name=\"robots\" content=\"index, follow, max-snippet:-1, max-image-preview:large, max-video-preview:-1\" \/>\n<link rel=\"canonical\" href=\"https:\/\/gay.blog.br\/es\/recreacion\/conciertos\/gae-actua-en-el-festival-de-musicos-brasilenos-pocs-este-sabado-16\/\" \/>\n<meta property=\"og:locale\" content=\"es_ES\" \/>\n<meta property=\"og:type\" content=\"article\" \/>\n<meta property=\"og:title\" content=\"Ga\u00ea act\u00faa en el Festival de M\u00fasicos Brasile\u00f1os Pocs este s\u00e1bado, 16\" \/>\n<meta property=\"og:description\" content=\"Este s\u00e1bado 16 de mayo, a las 4 pm, el canto Ga\u00ea se presentar\u00e1 en vivo en el Festival de M\u00fasicos Brasile\u00f1os Pocs by GAY BLOG BR\" \/>\n<meta property=\"og:url\" content=\"https:\/\/gay.blog.br\/es\/recreacion\/conciertos\/gae-actua-en-el-festival-de-musicos-brasilenos-pocs-este-sabado-16\/\" \/>\n<meta property=\"og:site_name\" content=\"GAY BLOG BR @gayblogbr\" \/>\n<meta property=\"article:publisher\" content=\"https:\/\/facebook.com\/gayblogbr\" \/>\n<meta property=\"article:author\" content=\"https:\/\/www.facebook.com\/victormillerreal\" \/>\n<meta property=\"article:published_time\" content=\"2020-05-15T20:33:04+00:00\" \/>\n<meta property=\"article:modified_time\" content=\"2020-12-26T00:23:03+00:00\" \/>\n<meta property=\"og:image\" content=\"https:\/\/i0.wp.com\/gay.blog.br\/wp-content\/uploads\/2020\/05\/somdegae_67633710_552663272183386_9109267769432036665_n.jpg?fit=823%2C533&ssl=1\" \/>\n\t<meta property=\"og:image:width\" content=\"823\" \/>\n\t<meta property=\"og:image:height\" content=\"533\" \/>\n\t<meta property=\"og:image:type\" content=\"image\/jpeg\" \/>\n<meta name=\"author\" content=\"Victor Miller\" \/>\n<meta name=\"twitter:card\" content=\"summary_large_image\" \/>\n<meta name=\"twitter:creator\" content=\"@https:\/\/twitter.com\/victor_miller\" \/>\n<meta name=\"twitter:site\" content=\"@gayblogbr\" \/>\n<meta name=\"twitter:label1\" content=\"Escrito por\" \/>\n\t<meta name=\"twitter:data1\" content=\"Victor Miller\" \/>\n\t<meta name=\"twitter:label2\" content=\"Tiempo de lectura\" \/>\n\t<meta name=\"twitter:data2\" content=\"2 minutos\" \/>\n<script type=\"application\/ld+json\" class=\"yoast-schema-graph\">{\"@context\":\"https:\\\/\\\/schema.org\",\"@graph\":[{\"@type\":\"Article\",\"@id\":\"https:\\\/\\\/gay.blog.br\\\/es\\\/recreacion\\\/conciertos\\\/gae-actua-en-el-festival-de-musicos-brasilenos-pocs-este-sabado-16\\\/#article\",\"isPartOf\":{\"@id\":\"https:\\\/\\\/gay.blog.br\\\/es\\\/recreacion\\\/conciertos\\\/gae-actua-en-el-festival-de-musicos-brasilenos-pocs-este-sabado-16\\\/\"},\"author\":{\"name\":\"Victor Miller\",\"@id\":\"https:\\\/\\\/gay.blog.br\\\/es\\\/#\\\/schema\\\/person\\\/5e0cf06e5d5e166b6afeaefc7fc56d9d\"},\"headline\":\"Ga\u00ea act\u00faa en el Festival de M\u00fasicos Brasile\u00f1os Pocs este s\u00e1bado, 16\",\"datePublished\":\"2020-05-15T20:33:04+00:00\",\"dateModified\":\"2020-12-26T00:23:03+00:00\",\"mainEntityOfPage\":{\"@id\":\"https:\\\/\\\/gay.blog.br\\\/es\\\/recreacion\\\/conciertos\\\/gae-actua-en-el-festival-de-musicos-brasilenos-pocs-este-sabado-16\\\/\"},\"wordCount\":426,\"commentCount\":0,\"publisher\":{\"@id\":\"https:\\\/\\\/gay.blog.br\\\/es\\\/#organization\"},\"image\":{\"@id\":\"https:\\\/\\\/gay.blog.br\\\/es\\\/recreacion\\\/conciertos\\\/gae-actua-en-el-festival-de-musicos-brasilenos-pocs-este-sabado-16\\\/#primaryimage\"},\"thumbnailUrl\":\"https:\\\/\\\/i0.wp.com\\\/gay.blog.br\\\/wp-content\\\/uploads\\\/2020\\\/05\\\/somdegae_67633710_552663272183386_9109267769432036665_n.jpg?fit=823%2C533&ssl=1\",\"keywords\":[\"festival\",\"ga\u00ea\",\"mpb\"],\"articleSection\":[\"CONCIERTOS\",\"RECREACI\u00d3N\"],\"inLanguage\":\"es\",\"potentialAction\":[{\"@type\":\"CommentAction\",\"name\":\"Comment\",\"target\":[\"https:\\\/\\\/gay.blog.br\\\/es\\\/recreacion\\\/conciertos\\\/gae-actua-en-el-festival-de-musicos-brasilenos-pocs-este-sabado-16\\\/#respond\"]}]},{\"@type\":\"WebPage\",\"@id\":\"https:\\\/\\\/gay.blog.br\\\/es\\\/recreacion\\\/conciertos\\\/gae-actua-en-el-festival-de-musicos-brasilenos-pocs-este-sabado-16\\\/\",\"url\":\"https:\\\/\\\/gay.blog.br\\\/es\\\/recreacion\\\/conciertos\\\/gae-actua-en-el-festival-de-musicos-brasilenos-pocs-este-sabado-16\\\/\",\"name\":\"Ga\u00ea act\u00faa en el Festival de M\u00fasicos Brasile\u00f1os Pocs este s\u00e1bado, 16\",\"isPartOf\":{\"@id\":\"https:\\\/\\\/gay.blog.br\\\/es\\\/#website\"},\"primaryImageOfPage\":{\"@id\":\"https:\\\/\\\/gay.blog.br\\\/es\\\/recreacion\\\/conciertos\\\/gae-actua-en-el-festival-de-musicos-brasilenos-pocs-este-sabado-16\\\/#primaryimage\"},\"image\":{\"@id\":\"https:\\\/\\\/gay.blog.br\\\/es\\\/recreacion\\\/conciertos\\\/gae-actua-en-el-festival-de-musicos-brasilenos-pocs-este-sabado-16\\\/#primaryimage\"},\"thumbnailUrl\":\"https:\\\/\\\/i0.wp.com\\\/gay.blog.br\\\/wp-content\\\/uploads\\\/2020\\\/05\\\/somdegae_67633710_552663272183386_9109267769432036665_n.jpg?fit=823%2C533&ssl=1\",\"datePublished\":\"2020-05-15T20:33:04+00:00\",\"dateModified\":\"2020-12-26T00:23:03+00:00\",\"description\":\"Este s\u00e1bado 16 de mayo, a las 4 pm, el canto Ga\u00ea se presentar\u00e1 en vivo en el Festival de M\u00fasicos Brasile\u00f1os Pocs by GAY BLOG BR\",\"breadcrumb\":{\"@id\":\"https:\\\/\\\/gay.blog.br\\\/es\\\/recreacion\\\/conciertos\\\/gae-actua-en-el-festival-de-musicos-brasilenos-pocs-este-sabado-16\\\/#breadcrumb\"},\"inLanguage\":\"es\",\"potentialAction\":[{\"@type\":\"ReadAction\",\"target\":[\"https:\\\/\\\/gay.blog.br\\\/es\\\/recreacion\\\/conciertos\\\/gae-actua-en-el-festival-de-musicos-brasilenos-pocs-este-sabado-16\\\/\"]}]},{\"@type\":\"ImageObject\",\"inLanguage\":\"es\",\"@id\":\"https:\\\/\\\/gay.blog.br\\\/es\\\/recreacion\\\/conciertos\\\/gae-actua-en-el-festival-de-musicos-brasilenos-pocs-este-sabado-16\\\/#primaryimage\",\"url\":\"https:\\\/\\\/i0.wp.com\\\/gay.blog.br\\\/wp-content\\\/uploads\\\/2020\\\/05\\\/somdegae_67633710_552663272183386_9109267769432036665_n.jpg?fit=823%2C533&ssl=1\",\"contentUrl\":\"https:\\\/\\\/i0.wp.com\\\/gay.blog.br\\\/wp-content\\\/uploads\\\/2020\\\/05\\\/somdegae_67633710_552663272183386_9109267769432036665_n.jpg?fit=823%2C533&ssl=1\",\"width\":823,\"height\":533},{\"@type\":\"BreadcrumbList\",\"@id\":\"https:\\\/\\\/gay.blog.br\\\/es\\\/recreacion\\\/conciertos\\\/gae-actua-en-el-festival-de-musicos-brasilenos-pocs-este-sabado-16\\\/#breadcrumb\",\"itemListElement\":[{\"@type\":\"ListItem\",\"position\":1,\"name\":\"In\u00edcio\",\"item\":\"https:\\\/\\\/gay.blog.br\\\/es\\\/\"},{\"@type\":\"ListItem\",\"position\":2,\"name\":\"Ga\u00ea act\u00faa en el Festival de M\u00fasicos Brasile\u00f1os Pocs este s\u00e1bado, 16\"}]},{\"@type\":\"WebSite\",\"@id\":\"https:\\\/\\\/gay.blog.br\\\/es\\\/#website\",\"url\":\"https:\\\/\\\/gay.blog.br\\\/es\\\/\",\"name\":\"GAY BLOG BR @gayblogbr\",\"description\":\"Not\u00edcias que empoderam e\\\/ou entret\u00eam s\u00e3o especialidades da casa\",\"publisher\":{\"@id\":\"https:\\\/\\\/gay.blog.br\\\/es\\\/#organization\"},\"potentialAction\":[{\"@type\":\"SearchAction\",\"target\":{\"@type\":\"EntryPoint\",\"urlTemplate\":\"https:\\\/\\\/gay.blog.br\\\/es\\\/?s={search_term_string}\"},\"query-input\":{\"@type\":\"PropertyValueSpecification\",\"valueRequired\":true,\"valueName\":\"search_term_string\"}}],\"inLanguage\":\"es\"},{\"@type\":\"Organization\",\"@id\":\"https:\\\/\\\/gay.blog.br\\\/es\\\/#organization\",\"name\":\"GAY BLOG BR\",\"url\":\"https:\\\/\\\/gay.blog.br\\\/es\\\/\",\"logo\":{\"@type\":\"ImageObject\",\"inLanguage\":\"es\",\"@id\":\"https:\\\/\\\/gay.blog.br\\\/es\\\/#\\\/schema\\\/logo\\\/image\\\/\",\"url\":\"https:\\\/\\\/i0.wp.com\\\/gay.blog.br\\\/wp-content\\\/uploads\\\/2023\\\/08\\\/gay180px.png?fit=272%2C90&ssl=1\",\"contentUrl\":\"https:\\\/\\\/i0.wp.com\\\/gay.blog.br\\\/wp-content\\\/uploads\\\/2023\\\/08\\\/gay180px.png?fit=272%2C90&ssl=1\",\"width\":272,\"height\":90,\"caption\":\"GAY BLOG BR\"},\"image\":{\"@id\":\"https:\\\/\\\/gay.blog.br\\\/es\\\/#\\\/schema\\\/logo\\\/image\\\/\"},\"sameAs\":[\"https:\\\/\\\/facebook.com\\\/gayblogbr\",\"https:\\\/\\\/x.com\\\/gayblogbr\",\"https:\\\/\\\/instagram.com\\\/gayblogbr\",\"https:\\\/\\\/www.linkedin.com\\\/company\\\/gayblogbr\\\/\",\"https:\\\/\\\/br.pinterest.com\\\/gayblogbr\\\/\",\"https:\\\/\\\/www.youtube.com\\\/channel\\\/UCdEu3JXLOB-wvWAVUF4AIiA\",\"https:\\\/\\\/pt.wikipedia.org\\\/wiki\\\/Gay_Blog_Br\",\"https:\\\/\\\/www.threads.net\\\/@gayblogbr\"]},{\"@type\":\"Person\",\"@id\":\"https:\\\/\\\/gay.blog.br\\\/es\\\/#\\\/schema\\\/person\\\/5e0cf06e5d5e166b6afeaefc7fc56d9d\",\"name\":\"Victor Miller\",\"image\":{\"@type\":\"ImageObject\",\"inLanguage\":\"es\",\"@id\":\"https:\\\/\\\/secure.gravatar.com\\\/avatar\\\/7c1fad0dcba879f76a2e6b9189cea981c8fcb9c7e6f40d5903cf16ba29cb80b5?s=96&d=mm&r=g\",\"url\":\"https:\\\/\\\/secure.gravatar.com\\\/avatar\\\/7c1fad0dcba879f76a2e6b9189cea981c8fcb9c7e6f40d5903cf16ba29cb80b5?s=96&d=mm&r=g\",\"contentUrl\":\"https:\\\/\\\/secure.gravatar.com\\\/avatar\\\/7c1fad0dcba879f76a2e6b9189cea981c8fcb9c7e6f40d5903cf16ba29cb80b5?s=96&d=mm&r=g\",\"caption\":\"Victor Miller\"},\"description\":\"Jornalista formado pela PUC do Rio de Janeiro, dedicou sua vida a falar sobre cultura nerd\\\/geek. Gay desde que se entende por gente, sempre teve desejo de trabalhar com o p\u00fablico LGBT+ e cr\u00ea que a informa\u00e7\u00e3o \u00e9 a a melhor arma contra qualquer tipo de \\\"fobia\\\"\",\"sameAs\":[\"https:\\\/\\\/gay.blog.br\\\/author\\\/victormiller\\\/\",\"https:\\\/\\\/www.facebook.com\\\/victormillerreal\",\"https:\\\/\\\/instagram.com\\\/victormillermiranda\",\"https:\\\/\\\/www.linkedin.com\\\/in\\\/victor-miller-266b54a7\\\/\",\"https:\\\/\\\/x.com\\\/https:\\\/\\\/twitter.com\\\/victor_miller\",\"https:\\\/\\\/www.youtube.com\\\/user\\\/planetasonic\"],\"url\":\"https:\\\/\\\/gay.blog.br\\\/es\\\/author\\\/victormiller\\\/\"}]}<\/script>\n<!-- \/ Yoast SEO plugin. -->","yoast_head_json":{"title":"Ga\u00ea act\u00faa en el Festival de M\u00fasicos Brasile\u00f1os Pocs este s\u00e1bado, 16","description":"Este s\u00e1bado 16 de mayo, a las 4 pm, el canto Ga\u00ea se presentar\u00e1 en vivo en el Festival de M\u00fasicos Brasile\u00f1os Pocs by GAY BLOG BR","robots":{"index":"index","follow":"follow","max-snippet":"max-snippet:-1","max-image-preview":"max-image-preview:large","max-video-preview":"max-video-preview:-1"},"canonical":"https:\/\/gay.blog.br\/es\/recreacion\/conciertos\/gae-actua-en-el-festival-de-musicos-brasilenos-pocs-este-sabado-16\/","og_locale":"es_ES","og_type":"article","og_title":"Ga\u00ea act\u00faa en el Festival de M\u00fasicos Brasile\u00f1os Pocs este s\u00e1bado, 16","og_description":"Este s\u00e1bado 16 de mayo, a las 4 pm, el canto Ga\u00ea se presentar\u00e1 en vivo en el Festival de M\u00fasicos Brasile\u00f1os Pocs by GAY BLOG BR","og_url":"https:\/\/gay.blog.br\/es\/recreacion\/conciertos\/gae-actua-en-el-festival-de-musicos-brasilenos-pocs-este-sabado-16\/","og_site_name":"GAY BLOG BR @gayblogbr","article_publisher":"https:\/\/facebook.com\/gayblogbr","article_author":"https:\/\/www.facebook.com\/victormillerreal","article_published_time":"2020-05-15T20:33:04+00:00","article_modified_time":"2020-12-26T00:23:03+00:00","og_image":[{"width":823,"height":533,"url":"https:\/\/i0.wp.com\/gay.blog.br\/wp-content\/uploads\/2020\/05\/somdegae_67633710_552663272183386_9109267769432036665_n.jpg?fit=823%2C533&ssl=1","type":"image\/jpeg"}],"author":"Victor Miller","twitter_card":"summary_large_image","twitter_creator":"@https:\/\/twitter.com\/victor_miller","twitter_site":"@gayblogbr","twitter_misc":{"Escrito por":"Victor Miller","Tiempo de lectura":"2 minutos"},"schema":{"@context":"https:\/\/schema.org","@graph":[{"@type":"Article","@id":"https:\/\/gay.blog.br\/es\/recreacion\/conciertos\/gae-actua-en-el-festival-de-musicos-brasilenos-pocs-este-sabado-16\/#article","isPartOf":{"@id":"https:\/\/gay.blog.br\/es\/recreacion\/conciertos\/gae-actua-en-el-festival-de-musicos-brasilenos-pocs-este-sabado-16\/"},"author":{"name":"Victor Miller","@id":"https:\/\/gay.blog.br\/es\/#\/schema\/person\/5e0cf06e5d5e166b6afeaefc7fc56d9d"},"headline":"Ga\u00ea act\u00faa en el Festival de M\u00fasicos Brasile\u00f1os Pocs este s\u00e1bado, 16","datePublished":"2020-05-15T20:33:04+00:00","dateModified":"2020-12-26T00:23:03+00:00","mainEntityOfPage":{"@id":"https:\/\/gay.blog.br\/es\/recreacion\/conciertos\/gae-actua-en-el-festival-de-musicos-brasilenos-pocs-este-sabado-16\/"},"wordCount":426,"commentCount":0,"publisher":{"@id":"https:\/\/gay.blog.br\/es\/#organization"},"image":{"@id":"https:\/\/gay.blog.br\/es\/recreacion\/conciertos\/gae-actua-en-el-festival-de-musicos-brasilenos-pocs-este-sabado-16\/#primaryimage"},"thumbnailUrl":"https:\/\/i0.wp.com\/gay.blog.br\/wp-content\/uploads\/2020\/05\/somdegae_67633710_552663272183386_9109267769432036665_n.jpg?fit=823%2C533&ssl=1","keywords":["festival","ga\u00ea","mpb"],"articleSection":["CONCIERTOS","RECREACI\u00d3N"],"inLanguage":"es","potentialAction":[{"@type":"CommentAction","name":"Comment","target":["https:\/\/gay.blog.br\/es\/recreacion\/conciertos\/gae-actua-en-el-festival-de-musicos-brasilenos-pocs-este-sabado-16\/#respond"]}]},{"@type":"WebPage","@id":"https:\/\/gay.blog.br\/es\/recreacion\/conciertos\/gae-actua-en-el-festival-de-musicos-brasilenos-pocs-este-sabado-16\/","url":"https:\/\/gay.blog.br\/es\/recreacion\/conciertos\/gae-actua-en-el-festival-de-musicos-brasilenos-pocs-este-sabado-16\/","name":"Ga\u00ea act\u00faa en el Festival de M\u00fasicos Brasile\u00f1os Pocs este s\u00e1bado, 16","isPartOf":{"@id":"https:\/\/gay.blog.br\/es\/#website"},"primaryImageOfPage":{"@id":"https:\/\/gay.blog.br\/es\/recreacion\/conciertos\/gae-actua-en-el-festival-de-musicos-brasilenos-pocs-este-sabado-16\/#primaryimage"},"image":{"@id":"https:\/\/gay.blog.br\/es\/recreacion\/conciertos\/gae-actua-en-el-festival-de-musicos-brasilenos-pocs-este-sabado-16\/#primaryimage"},"thumbnailUrl":"https:\/\/i0.wp.com\/gay.blog.br\/wp-content\/uploads\/2020\/05\/somdegae_67633710_552663272183386_9109267769432036665_n.jpg?fit=823%2C533&ssl=1","datePublished":"2020-05-15T20:33:04+00:00","dateModified":"2020-12-26T00:23:03+00:00","description":"Este s\u00e1bado 16 de mayo, a las 4 pm, el canto Ga\u00ea se presentar\u00e1 en vivo en el Festival de M\u00fasicos Brasile\u00f1os Pocs by GAY BLOG BR","breadcrumb":{"@id":"https:\/\/gay.blog.br\/es\/recreacion\/conciertos\/gae-actua-en-el-festival-de-musicos-brasilenos-pocs-este-sabado-16\/#breadcrumb"},"inLanguage":"es","potentialAction":[{"@type":"ReadAction","target":["https:\/\/gay.blog.br\/es\/recreacion\/conciertos\/gae-actua-en-el-festival-de-musicos-brasilenos-pocs-este-sabado-16\/"]}]},{"@type":"ImageObject","inLanguage":"es","@id":"https:\/\/gay.blog.br\/es\/recreacion\/conciertos\/gae-actua-en-el-festival-de-musicos-brasilenos-pocs-este-sabado-16\/#primaryimage","url":"https:\/\/i0.wp.com\/gay.blog.br\/wp-content\/uploads\/2020\/05\/somdegae_67633710_552663272183386_9109267769432036665_n.jpg?fit=823%2C533&ssl=1","contentUrl":"https:\/\/i0.wp.com\/gay.blog.br\/wp-content\/uploads\/2020\/05\/somdegae_67633710_552663272183386_9109267769432036665_n.jpg?fit=823%2C533&ssl=1","width":823,"height":533},{"@type":"BreadcrumbList","@id":"https:\/\/gay.blog.br\/es\/recreacion\/conciertos\/gae-actua-en-el-festival-de-musicos-brasilenos-pocs-este-sabado-16\/#breadcrumb","itemListElement":[{"@type":"ListItem","position":1,"name":"In\u00edcio","item":"https:\/\/gay.blog.br\/es\/"},{"@type":"ListItem","position":2,"name":"Ga\u00ea act\u00faa en el Festival de M\u00fasicos Brasile\u00f1os Pocs este s\u00e1bado, 16"}]},{"@type":"WebSite","@id":"https:\/\/gay.blog.br\/es\/#website","url":"https:\/\/gay.blog.br\/es\/","name":"GAY BLOG BR @gayblogbr","description":"Not\u00edcias que empoderam e\/ou entret\u00eam s\u00e3o especialidades da casa","publisher":{"@id":"https:\/\/gay.blog.br\/es\/#organization"},"potentialAction":[{"@type":"SearchAction","target":{"@type":"EntryPoint","urlTemplate":"https:\/\/gay.blog.br\/es\/?s={search_term_string}"},"query-input":{"@type":"PropertyValueSpecification","valueRequired":true,"valueName":"search_term_string"}}],"inLanguage":"es"},{"@type":"Organization","@id":"https:\/\/gay.blog.br\/es\/#organization","name":"GAY BLOG BR","url":"https:\/\/gay.blog.br\/es\/","logo":{"@type":"ImageObject","inLanguage":"es","@id":"https:\/\/gay.blog.br\/es\/#\/schema\/logo\/image\/","url":"https:\/\/i0.wp.com\/gay.blog.br\/wp-content\/uploads\/2023\/08\/gay180px.png?fit=272%2C90&ssl=1","contentUrl":"https:\/\/i0.wp.com\/gay.blog.br\/wp-content\/uploads\/2023\/08\/gay180px.png?fit=272%2C90&ssl=1","width":272,"height":90,"caption":"GAY BLOG BR"},"image":{"@id":"https:\/\/gay.blog.br\/es\/#\/schema\/logo\/image\/"},"sameAs":["https:\/\/facebook.com\/gayblogbr","https:\/\/x.com\/gayblogbr","https:\/\/instagram.com\/gayblogbr","https:\/\/www.linkedin.com\/company\/gayblogbr\/","https:\/\/br.pinterest.com\/gayblogbr\/","https:\/\/www.youtube.com\/channel\/UCdEu3JXLOB-wvWAVUF4AIiA","https:\/\/pt.wikipedia.org\/wiki\/Gay_Blog_Br","https:\/\/www.threads.net\/@gayblogbr"]},{"@type":"Person","@id":"https:\/\/gay.blog.br\/es\/#\/schema\/person\/5e0cf06e5d5e166b6afeaefc7fc56d9d","name":"Victor Miller","image":{"@type":"ImageObject","inLanguage":"es","@id":"https:\/\/secure.gravatar.com\/avatar\/7c1fad0dcba879f76a2e6b9189cea981c8fcb9c7e6f40d5903cf16ba29cb80b5?s=96&d=mm&r=g","url":"https:\/\/secure.gravatar.com\/avatar\/7c1fad0dcba879f76a2e6b9189cea981c8fcb9c7e6f40d5903cf16ba29cb80b5?s=96&d=mm&r=g","contentUrl":"https:\/\/secure.gravatar.com\/avatar\/7c1fad0dcba879f76a2e6b9189cea981c8fcb9c7e6f40d5903cf16ba29cb80b5?s=96&d=mm&r=g","caption":"Victor Miller"},"description":"Jornalista formado pela PUC do Rio de Janeiro, dedicou sua vida a falar sobre cultura nerd\/geek. Gay desde que se entende por gente, sempre teve desejo de trabalhar com o p\u00fablico LGBT+ e cr\u00ea que a informa\u00e7\u00e3o \u00e9 a a melhor arma contra qualquer tipo de \"fobia\"","sameAs":["https:\/\/gay.blog.br\/author\/victormiller\/","https:\/\/www.facebook.com\/victormillerreal","https:\/\/instagram.com\/victormillermiranda","https:\/\/www.linkedin.com\/in\/victor-miller-266b54a7\/","https:\/\/x.com\/https:\/\/twitter.com\/victor_miller","https:\/\/www.youtube.com\/user\/planetasonic"],"url":"https:\/\/gay.blog.br\/es\/author\/victormiller\/"}]}},"jetpack_publicize_connections":[],"jetpack_featured_media_url":"https:\/\/i0.wp.com\/gay.blog.br\/wp-content\/uploads\/2020\/05\/somdegae_67633710_552663272183386_9109267769432036665_n.jpg?fit=823%2C533&ssl=1","jetpack_sharing_enabled":true,"jetpack_shortlink":"https:\/\/wp.me\/p6klkK-qUO","jetpack_likes_enabled":false,"amp_enabled":true,"_links":{"self":[{"href":"https:\/\/gay.blog.br\/es\/wp-json\/wp\/v2\/posts\/103466","targetHints":{"allow":["GET"]}}],"collection":[{"href":"https:\/\/gay.blog.br\/es\/wp-json\/wp\/v2\/posts"}],"about":[{"href":"https:\/\/gay.blog.br\/es\/wp-json\/wp\/v2\/types\/post"}],"author":[{"embeddable":true,"href":"https:\/\/gay.blog.br\/es\/wp-json\/wp\/v2\/users\/3515"}],"replies":[{"embeddable":true,"href":"https:\/\/gay.blog.br\/es\/wp-json\/wp\/v2\/comments?post=103466"}],"version-history":[{"count":0,"href":"https:\/\/gay.blog.br\/es\/wp-json\/wp\/v2\/posts\/103466\/revisions"}],"wp:featuredmedia":[{"embeddable":true,"href":"https:\/\/gay.blog.br\/es\/wp-json\/wp\/v2\/media\/81079"}],"wp:attachment":[{"href":"https:\/\/gay.blog.br\/es\/wp-json\/wp\/v2\/media?parent=103466"}],"wp:term":[{"taxonomy":"category","embeddable":true,"href":"https:\/\/gay.blog.br\/es\/wp-json\/wp\/v2\/categories?post=103466"},{"taxonomy":"post_tag","embeddable":true,"href":"https:\/\/gay.blog.br\/es\/wp-json\/wp\/v2\/tags?post=103466"}],"curies":[{"name":"wp","href":"https:\/\/api.w.org\/{rel}","templated":true}]}}