{"id":103474,"date":"2020-05-11T23:11:38","date_gmt":"2020-05-12T02:11:38","guid":{"rendered":"https:\/\/gay.blog.br\/?p=103474"},"modified":"2020-12-25T21:53:35","modified_gmt":"2020-12-26T00:53:35","slug":"amazonense-dan-stump-se-presenta-en-el-festival-de-musicos-brasilenos-pocs-este-martes","status":"publish","type":"post","link":"https:\/\/gay.blog.br\/es\/gay-es\/amazonense-dan-stump-se-presenta-en-el-festival-de-musicos-brasilenos-pocs-este-martes\/","title":{"rendered":"Amazonense Dan Stump se presenta en el Festival de M\u00fasicos Brasile\u00f1os Pocs este martes"},"content":{"rendered":"<p style=\"text-align: justify;\">Cantante, compositor y artista visual, <strong>Dan Stump<\/strong> es el invitado de la sexta jornada del <a href=\"https:\/\/gay.blog.br\/noticias\/festival-de-musicos-pocs-brasileiros-mpb-comeca-nesta-quinta-07-de-maio\/\">Festival de M\u00fasicos Brasile\u00f1os Pocs<\/a>, que se realiza este martes 12 de mayo a las 4pm, en <a href=\"https:\/\/www.instagram.com\/gayblogbr\/\">Instagram<\/a>, <a href=\"https:\/\/www.facebook.com\/gayblogbr\/\">Facebook<\/a> y <a href=\"https:\/\/www.youtube.com\/channel\/UCdEu3JXLOB-wvWAVUF4AIiA\">Youtube<\/a> de <strong>GAY BLOG BR.<\/strong><\/p>\n<p><span class=\"embed-youtube\" style=\"text-align:center; display: block;\"><iframe loading=\"lazy\" class=\"youtube-player\" width=\"696\" height=\"392\" src=\"https:\/\/www.youtube.com\/embed\/_LAZi-x1qEs?version=3&#038;rel=1&#038;showsearch=0&#038;showinfo=1&#038;iv_load_policy=1&#038;fs=1&#038;hl=es-ES&#038;autohide=2&#038;wmode=transparent\" allowfullscreen=\"true\" style=\"border:0;\" sandbox=\"allow-scripts allow-same-origin allow-popups allow-presentation allow-popups-to-escape-sandbox\"><\/iframe><\/span><\/p>\n<p style=\"text-align: justify;\">Dan tiene 24 a\u00f1os y naci\u00f3 en <strong>Amazonas<\/strong>, donde creci\u00f3 en un ambiente musical ecl\u00e9ctico, con \u00e9nfasis en samba, bossa nova, m\u00fasica internacional. Activista en causas humanitarias y medioambientales, Dan desarrolla su obra musical y otros movimientos en di\u00e1logo con la escena art\u00edstica de Manaus.<\/p>\n<p><span class=\"embed-youtube\" style=\"text-align:center; display: block;\"><iframe loading=\"lazy\" class=\"youtube-player\" width=\"696\" height=\"392\" src=\"https:\/\/www.youtube.com\/embed\/w4qPYcYELGI?version=3&#038;rel=1&#038;showsearch=0&#038;showinfo=1&#038;iv_load_policy=1&#038;fs=1&#038;hl=es-ES&#038;autohide=2&#038;wmode=transparent\" allowfullscreen=\"true\" style=\"border:0;\" sandbox=\"allow-scripts allow-same-origin allow-popups allow-presentation allow-popups-to-escape-sandbox\"><\/iframe><\/span><\/p>\n<p style=\"text-align: justify;\">Dan se encontr\u00f3 dentro de MPB aportando una mezcla de experimentalismo folkl\u00f3rico y regional y se convirti\u00f3 en uno de los artistas locales de Manauara m\u00e1s escuchados en las plataformas de transmisi\u00f3n. Actualmente, Stump tiene el disco <a href=\"https:\/\/sl.onerpm.com\/1510306910?_ga=2.236956801.1869860480.1587967953-659228842.1584108800\">&#8216;Todo lo que creo que son palabras perdidas que intento organizar&#8217;<\/a>, que tuvo su lanzamiento oficial el 15 de noviembre de 2019.<\/p>\n<p style=\"text-align: justify;\">Para seguir al cantante en Spotify: <strong><a href=\"https:\/\/bit.ly\/danstump\">https:\/\/bit.ly\/danstump<\/a><\/strong><\/p>\n<h4 style=\"text-align: justify;\"><strong>SERVICIO<\/strong><\/h4>\n<p style=\"text-align: justify;\"><strong>FESTIVAL DE M\u00daSICOS BRASILE\u00d1OS DE POCS<\/strong><br \/>\n<strong>Hasta el 18 de mayo<\/strong>, siempre a las <strong>16h<\/strong><\/p>\n<p style=\"text-align: justify;\"><strong>Lugares de exposici\u00f3n:<\/strong> <a href=\"https:\/\/www.instagram.com\/gayblogbr\/\">Instagram<\/a>, <a href=\"https:\/\/www.facebook.com\/gayblogbr\/\">Facebook<\/a> y <a href=\"https:\/\/www.youtube.com\/channel\/UCdEu3JXLOB-wvWAVUF4AIiA\">Youtube<\/a> <a href=\"https:\/\/www.instagram.com\/gayblogbr\/\">@gayblogbr<\/a><br \/>\nEvento en Facebook <a href=\"https:\/\/www.facebook.com\/events\/875619192953333\/\"><strong>en este enlace<\/strong><\/a>.<\/p>\n<p style=\"text-align: justify;\">Martes, 12 &#8211; Dan Stump (AM) @odanstump<br \/>\nMi\u00e9rcoles 13 &#8211; Daniel Peixoto (CE) @danielpeixotodp<br \/>\nJueves 14 &#8211; Yhago Sebaz (MA) @yhagosebaz<br \/>\nViernes 15 &#8211; Bemti (MG) @bemtii<br \/>\nS\u00e1bado, 16 \u2013 Ga\u00ea (DF) @somdegae<br \/>\nDomingo, 17 \u2013 Cais (SP) @caismusica<br \/>\nLunes 18 &#8211; Rafael Vieira (SP) @rafavieiravoz<\/p>\n<p style=\"text-align: justify;\">En el Festival de M\u00fasicos de Pocs, la cantante ya actu\u00f3 <a href=\"https:\/\/gay.blog.br\/cultura\/musica\/assista-na-integra-ao-show-de-renato-enoch-no-festival-de-musicos-pocs-brasileiros\/\">Renato Enoch<\/a>, <a href=\"https:\/\/gay.blog.br\/noticias\/gabeu-toca-raul-e-quebra-a-internet-assista-ao-show-na-integra\/\">Gabeu<\/a>, <a href=\"https:\/\/gay.blog.br\/lazer\/shows\/ge-de-lima-anima-festival-de-musicos-pocs-brasileiros-com-classicos-assista-ao-show-na-integra\/\">G\u00ea de Lima,<\/a> <a href=\"https:\/\/gay.blog.br\/lazer\/shows\/beni-falcone-serve-hits-no-festival-de-musicos-pocs-brasileiros-assista-ao-show-na-integra\/\">Beni Falcone<\/a> y <a href=\"https:\/\/gay.blog.br\/lazer\/shows\/rodrigo-massa-performa-sin-mirar-atras-pela-primeira-vez-no-festival-de-musicos-pocs-brasileiros\/\">Rodrigo Massa<\/a>.<\/p>\n<p>&nbsp;<\/p>\n","protected":false},"excerpt":{"rendered":"<p>Dan tiene 24 a\u00f1os y naci\u00f3 en Amazonas, donde creci\u00f3 en un ambiente musical ecl\u00e9ctico, con \u00e9nfasis en samba, bossa nova, m\u00fasica internacional.<\/p>\n","protected":false},"author":2,"featured_media":81025,"comment_status":"open","ping_status":"open","sticky":false,"template":"","format":"standard","meta":{"googlesitekit_rrm_CAoiEBg-BXrJeACjO8p49SE4kTY:productID":"","tdm_status":"","tdm_grid_status":"","_jetpack_newsletter_access":"","_jetpack_dont_email_post_to_subs":false,"_jetpack_newsletter_tier_id":0,"_jetpack_memberships_contains_paywalled_content":false,"_jetpack_memberships_contains_paid_content":false,"footnotes":"","jetpack_publicize_message":"Amazonense Dan Stump se presenta en el Festival de M\u00fasicos Brasile\u00f1os Pocs este martes","jetpack_publicize_feature_enabled":true,"jetpack_social_post_already_shared":true,"jetpack_social_options":{"image_generator_settings":{"template":"highway","default_image_id":0,"font":"","enabled":false},"version":2},"_wpas_customize_per_network":false,"jetpack_post_was_ever_published":false},"categories":[589932400,589932144,589932231],"tags":[208530,414781,589930672,589916797,589917435,589930143],"class_list":{"0":"post-103474","1":"post","2":"type-post","3":"status-publish","4":"format-standard","5":"has-post-thumbnail","7":"category-conciertos","8":"category-gay-es","9":"category-noticias-es","10":"tag-amazonas","11":"tag-cantor","12":"tag-dan-stump","13":"tag-gay","14":"tag-manaus","15":"tag-mpb"},"yoast_head":"<!-- This site is optimized with the Yoast SEO plugin v27.5 - https:\/\/yoast.com\/product\/yoast-seo-wordpress\/ -->\n<title>Amazonense Dan Stump se presenta en el Festival de M\u00fasicos Brasile\u00f1os Pocs este martes<\/title>\n<meta name=\"description\" content=\"Dan Stump tiene 24 a\u00f1os y naci\u00f3 en Amazonas, donde creci\u00f3 en un ambiente musical ecl\u00e9ctico, con \u00e9nfasis en samba, bossa nova, m\u00fasica internacional.\" \/>\n<meta name=\"robots\" content=\"index, follow, max-snippet:-1, max-image-preview:large, max-video-preview:-1\" \/>\n<link rel=\"canonical\" href=\"https:\/\/gay.blog.br\/es\/gay-es\/amazonense-dan-stump-se-presenta-en-el-festival-de-musicos-brasilenos-pocs-este-martes\/\" \/>\n<meta property=\"og:locale\" content=\"es_ES\" \/>\n<meta property=\"og:type\" content=\"article\" \/>\n<meta property=\"og:title\" content=\"Amazonense Dan Stump se presenta en el Festival de M\u00fasicos Brasile\u00f1os Pocs este martes\" \/>\n<meta property=\"og:description\" content=\"Dan Stump tiene 24 a\u00f1os y naci\u00f3 en Amazonas, donde creci\u00f3 en un ambiente musical ecl\u00e9ctico, con \u00e9nfasis en samba, bossa nova, m\u00fasica internacional.\" \/>\n<meta property=\"og:url\" content=\"https:\/\/gay.blog.br\/es\/gay-es\/amazonense-dan-stump-se-presenta-en-el-festival-de-musicos-brasilenos-pocs-este-martes\/\" \/>\n<meta property=\"og:site_name\" content=\"GAY BLOG BR @gayblogbr\" \/>\n<meta property=\"article:publisher\" content=\"https:\/\/facebook.com\/gayblogbr\" \/>\n<meta property=\"article:author\" content=\"https:\/\/facebook.com\/gayblogbr\" \/>\n<meta property=\"article:published_time\" content=\"2020-05-12T02:11:38+00:00\" \/>\n<meta property=\"article:modified_time\" content=\"2020-12-26T00:53:35+00:00\" \/>\n<meta property=\"og:image\" content=\"https:\/\/i0.wp.com\/gay.blog.br\/wp-content\/uploads\/2020\/05\/Dan-Stump_00110931_0.jpg?fit=853%2C533&ssl=1\" \/>\n\t<meta property=\"og:image:width\" content=\"853\" \/>\n\t<meta property=\"og:image:height\" content=\"533\" \/>\n\t<meta property=\"og:image:type\" content=\"image\/jpeg\" \/>\n<meta name=\"author\" content=\"www.gay.blog.br\" \/>\n<meta name=\"twitter:card\" content=\"summary_large_image\" \/>\n<meta name=\"twitter:creator\" content=\"@https:\/\/bsky.app\/profile\/gayblogbr.bsky.social\" \/>\n<meta name=\"twitter:site\" content=\"@gayblogbr\" \/>\n<meta name=\"twitter:label1\" content=\"Escrito por\" \/>\n\t<meta name=\"twitter:data1\" content=\"www.gay.blog.br\" \/>\n\t<meta name=\"twitter:label2\" content=\"Tiempo de lectura\" \/>\n\t<meta name=\"twitter:data2\" content=\"1 minuto\" \/>\n<script type=\"application\/ld+json\" class=\"yoast-schema-graph\">{\"@context\":\"https:\\\/\\\/schema.org\",\"@graph\":[{\"@type\":\"Article\",\"@id\":\"https:\\\/\\\/gay.blog.br\\\/es\\\/gay-es\\\/amazonense-dan-stump-se-presenta-en-el-festival-de-musicos-brasilenos-pocs-este-martes\\\/#article\",\"isPartOf\":{\"@id\":\"https:\\\/\\\/gay.blog.br\\\/es\\\/gay-es\\\/amazonense-dan-stump-se-presenta-en-el-festival-de-musicos-brasilenos-pocs-este-martes\\\/\"},\"author\":{\"name\":\"www.gay.blog.br\",\"@id\":\"https:\\\/\\\/gay.blog.br\\\/es\\\/#\\\/schema\\\/person\\\/ab4bce68ee54b8f4af5c174efe7472e5\"},\"headline\":\"Amazonense Dan Stump se presenta en el Festival de M\u00fasicos Brasile\u00f1os Pocs este martes\",\"datePublished\":\"2020-05-12T02:11:38+00:00\",\"dateModified\":\"2020-12-26T00:53:35+00:00\",\"mainEntityOfPage\":{\"@id\":\"https:\\\/\\\/gay.blog.br\\\/es\\\/gay-es\\\/amazonense-dan-stump-se-presenta-en-el-festival-de-musicos-brasilenos-pocs-este-martes\\\/\"},\"wordCount\":287,\"commentCount\":0,\"publisher\":{\"@id\":\"https:\\\/\\\/gay.blog.br\\\/es\\\/#organization\"},\"image\":{\"@id\":\"https:\\\/\\\/gay.blog.br\\\/es\\\/gay-es\\\/amazonense-dan-stump-se-presenta-en-el-festival-de-musicos-brasilenos-pocs-este-martes\\\/#primaryimage\"},\"thumbnailUrl\":\"https:\\\/\\\/i0.wp.com\\\/gay.blog.br\\\/wp-content\\\/uploads\\\/2020\\\/05\\\/Dan-Stump_00110931_0.jpg?fit=853%2C533&ssl=1\",\"keywords\":[\"Amazonas\",\"cantor\",\"Dan Stump\",\"GAY\",\"manaus\",\"mpb\"],\"articleSection\":[\"CONCIERTOS\",\"GAY\",\"NOT\u00cdCIAS\"],\"inLanguage\":\"es\",\"potentialAction\":[{\"@type\":\"CommentAction\",\"name\":\"Comment\",\"target\":[\"https:\\\/\\\/gay.blog.br\\\/es\\\/gay-es\\\/amazonense-dan-stump-se-presenta-en-el-festival-de-musicos-brasilenos-pocs-este-martes\\\/#respond\"]}]},{\"@type\":\"WebPage\",\"@id\":\"https:\\\/\\\/gay.blog.br\\\/es\\\/gay-es\\\/amazonense-dan-stump-se-presenta-en-el-festival-de-musicos-brasilenos-pocs-este-martes\\\/\",\"url\":\"https:\\\/\\\/gay.blog.br\\\/es\\\/gay-es\\\/amazonense-dan-stump-se-presenta-en-el-festival-de-musicos-brasilenos-pocs-este-martes\\\/\",\"name\":\"Amazonense Dan Stump se presenta en el Festival de M\u00fasicos Brasile\u00f1os Pocs este martes\",\"isPartOf\":{\"@id\":\"https:\\\/\\\/gay.blog.br\\\/es\\\/#website\"},\"primaryImageOfPage\":{\"@id\":\"https:\\\/\\\/gay.blog.br\\\/es\\\/gay-es\\\/amazonense-dan-stump-se-presenta-en-el-festival-de-musicos-brasilenos-pocs-este-martes\\\/#primaryimage\"},\"image\":{\"@id\":\"https:\\\/\\\/gay.blog.br\\\/es\\\/gay-es\\\/amazonense-dan-stump-se-presenta-en-el-festival-de-musicos-brasilenos-pocs-este-martes\\\/#primaryimage\"},\"thumbnailUrl\":\"https:\\\/\\\/i0.wp.com\\\/gay.blog.br\\\/wp-content\\\/uploads\\\/2020\\\/05\\\/Dan-Stump_00110931_0.jpg?fit=853%2C533&ssl=1\",\"datePublished\":\"2020-05-12T02:11:38+00:00\",\"dateModified\":\"2020-12-26T00:53:35+00:00\",\"description\":\"Dan Stump tiene 24 a\u00f1os y naci\u00f3 en Amazonas, donde creci\u00f3 en un ambiente musical ecl\u00e9ctico, con \u00e9nfasis en samba, bossa nova, m\u00fasica internacional.\",\"breadcrumb\":{\"@id\":\"https:\\\/\\\/gay.blog.br\\\/es\\\/gay-es\\\/amazonense-dan-stump-se-presenta-en-el-festival-de-musicos-brasilenos-pocs-este-martes\\\/#breadcrumb\"},\"inLanguage\":\"es\",\"potentialAction\":[{\"@type\":\"ReadAction\",\"target\":[\"https:\\\/\\\/gay.blog.br\\\/es\\\/gay-es\\\/amazonense-dan-stump-se-presenta-en-el-festival-de-musicos-brasilenos-pocs-este-martes\\\/\"]}]},{\"@type\":\"ImageObject\",\"inLanguage\":\"es\",\"@id\":\"https:\\\/\\\/gay.blog.br\\\/es\\\/gay-es\\\/amazonense-dan-stump-se-presenta-en-el-festival-de-musicos-brasilenos-pocs-este-martes\\\/#primaryimage\",\"url\":\"https:\\\/\\\/i0.wp.com\\\/gay.blog.br\\\/wp-content\\\/uploads\\\/2020\\\/05\\\/Dan-Stump_00110931_0.jpg?fit=853%2C533&ssl=1\",\"contentUrl\":\"https:\\\/\\\/i0.wp.com\\\/gay.blog.br\\\/wp-content\\\/uploads\\\/2020\\\/05\\\/Dan-Stump_00110931_0.jpg?fit=853%2C533&ssl=1\",\"width\":853,\"height\":533},{\"@type\":\"BreadcrumbList\",\"@id\":\"https:\\\/\\\/gay.blog.br\\\/es\\\/gay-es\\\/amazonense-dan-stump-se-presenta-en-el-festival-de-musicos-brasilenos-pocs-este-martes\\\/#breadcrumb\",\"itemListElement\":[{\"@type\":\"ListItem\",\"position\":1,\"name\":\"In\u00edcio\",\"item\":\"https:\\\/\\\/gay.blog.br\\\/es\\\/\"},{\"@type\":\"ListItem\",\"position\":2,\"name\":\"Amazonense Dan Stump se presenta en el Festival de M\u00fasicos Brasile\u00f1os Pocs este martes\"}]},{\"@type\":\"WebSite\",\"@id\":\"https:\\\/\\\/gay.blog.br\\\/es\\\/#website\",\"url\":\"https:\\\/\\\/gay.blog.br\\\/es\\\/\",\"name\":\"GAY BLOG BR @gayblogbr\",\"description\":\"Not\u00edcias que empoderam e\\\/ou entret\u00eam s\u00e3o especialidades da casa\",\"publisher\":{\"@id\":\"https:\\\/\\\/gay.blog.br\\\/es\\\/#organization\"},\"potentialAction\":[{\"@type\":\"SearchAction\",\"target\":{\"@type\":\"EntryPoint\",\"urlTemplate\":\"https:\\\/\\\/gay.blog.br\\\/es\\\/?s={search_term_string}\"},\"query-input\":{\"@type\":\"PropertyValueSpecification\",\"valueRequired\":true,\"valueName\":\"search_term_string\"}}],\"inLanguage\":\"es\"},{\"@type\":\"Organization\",\"@id\":\"https:\\\/\\\/gay.blog.br\\\/es\\\/#organization\",\"name\":\"GAY BLOG BR\",\"url\":\"https:\\\/\\\/gay.blog.br\\\/es\\\/\",\"logo\":{\"@type\":\"ImageObject\",\"inLanguage\":\"es\",\"@id\":\"https:\\\/\\\/gay.blog.br\\\/es\\\/#\\\/schema\\\/logo\\\/image\\\/\",\"url\":\"https:\\\/\\\/i0.wp.com\\\/gay.blog.br\\\/wp-content\\\/uploads\\\/2023\\\/08\\\/gay180px.png?fit=272%2C90&ssl=1\",\"contentUrl\":\"https:\\\/\\\/i0.wp.com\\\/gay.blog.br\\\/wp-content\\\/uploads\\\/2023\\\/08\\\/gay180px.png?fit=272%2C90&ssl=1\",\"width\":272,\"height\":90,\"caption\":\"GAY BLOG BR\"},\"image\":{\"@id\":\"https:\\\/\\\/gay.blog.br\\\/es\\\/#\\\/schema\\\/logo\\\/image\\\/\"},\"sameAs\":[\"https:\\\/\\\/facebook.com\\\/gayblogbr\",\"https:\\\/\\\/x.com\\\/gayblogbr\",\"https:\\\/\\\/instagram.com\\\/gayblogbr\",\"https:\\\/\\\/www.linkedin.com\\\/company\\\/gayblogbr\\\/\",\"https:\\\/\\\/br.pinterest.com\\\/gayblogbr\\\/\",\"https:\\\/\\\/www.youtube.com\\\/channel\\\/UCdEu3JXLOB-wvWAVUF4AIiA\",\"https:\\\/\\\/pt.wikipedia.org\\\/wiki\\\/Gay_Blog_Br\",\"https:\\\/\\\/www.threads.net\\\/@gayblogbr\"]},{\"@type\":\"Person\",\"@id\":\"https:\\\/\\\/gay.blog.br\\\/es\\\/#\\\/schema\\\/person\\\/ab4bce68ee54b8f4af5c174efe7472e5\",\"name\":\"www.gay.blog.br\",\"image\":{\"@type\":\"ImageObject\",\"inLanguage\":\"es\",\"@id\":\"https:\\\/\\\/secure.gravatar.com\\\/avatar\\\/a6fb6bf5c84cdaa375389c43448e2bb88db4600d8fc5be6c42a410789075740f?s=96&d=mm&r=g\",\"url\":\"https:\\\/\\\/secure.gravatar.com\\\/avatar\\\/a6fb6bf5c84cdaa375389c43448e2bb88db4600d8fc5be6c42a410789075740f?s=96&d=mm&r=g\",\"contentUrl\":\"https:\\\/\\\/secure.gravatar.com\\\/avatar\\\/a6fb6bf5c84cdaa375389c43448e2bb88db4600d8fc5be6c42a410789075740f?s=96&d=mm&r=g\",\"caption\":\"www.gay.blog.br\"},\"description\":\"Receba as not\u00edcias pelo Telegram!\",\"sameAs\":[\"https:\\\/\\\/facebook.com\\\/gayblogbr\",\"https:\\\/\\\/instagram.com\\\/gayblogbr\",\"https:\\\/\\\/www.linkedin.com\\\/company\\\/gayblogbr\\\/\",\"https:\\\/\\\/pinterest.com\\\/gayblogbr\\\/\",\"https:\\\/\\\/x.com\\\/https:\\\/\\\/bsky.app\\\/profile\\\/gayblogbr.bsky.social\",\"https:\\\/\\\/www.youtube.com\\\/@GAYBLOGBR\",\"https:\\\/\\\/pt.wikipedia.org\\\/wiki\\\/Gay_Blog_Br\"],\"url\":\"https:\\\/\\\/gay.blog.br\\\/es\\\/author\\\/oaudaznavegante\\\/\"}]}<\/script>\n<!-- \/ Yoast SEO plugin. -->","yoast_head_json":{"title":"Amazonense Dan Stump se presenta en el Festival de M\u00fasicos Brasile\u00f1os Pocs este martes","description":"Dan Stump tiene 24 a\u00f1os y naci\u00f3 en Amazonas, donde creci\u00f3 en un ambiente musical ecl\u00e9ctico, con \u00e9nfasis en samba, bossa nova, m\u00fasica internacional.","robots":{"index":"index","follow":"follow","max-snippet":"max-snippet:-1","max-image-preview":"max-image-preview:large","max-video-preview":"max-video-preview:-1"},"canonical":"https:\/\/gay.blog.br\/es\/gay-es\/amazonense-dan-stump-se-presenta-en-el-festival-de-musicos-brasilenos-pocs-este-martes\/","og_locale":"es_ES","og_type":"article","og_title":"Amazonense Dan Stump se presenta en el Festival de M\u00fasicos Brasile\u00f1os Pocs este martes","og_description":"Dan Stump tiene 24 a\u00f1os y naci\u00f3 en Amazonas, donde creci\u00f3 en un ambiente musical ecl\u00e9ctico, con \u00e9nfasis en samba, bossa nova, m\u00fasica internacional.","og_url":"https:\/\/gay.blog.br\/es\/gay-es\/amazonense-dan-stump-se-presenta-en-el-festival-de-musicos-brasilenos-pocs-este-martes\/","og_site_name":"GAY BLOG BR @gayblogbr","article_publisher":"https:\/\/facebook.com\/gayblogbr","article_author":"https:\/\/facebook.com\/gayblogbr","article_published_time":"2020-05-12T02:11:38+00:00","article_modified_time":"2020-12-26T00:53:35+00:00","og_image":[{"width":853,"height":533,"url":"https:\/\/i0.wp.com\/gay.blog.br\/wp-content\/uploads\/2020\/05\/Dan-Stump_00110931_0.jpg?fit=853%2C533&ssl=1","type":"image\/jpeg"}],"author":"www.gay.blog.br","twitter_card":"summary_large_image","twitter_creator":"@https:\/\/bsky.app\/profile\/gayblogbr.bsky.social","twitter_site":"@gayblogbr","twitter_misc":{"Escrito por":"www.gay.blog.br","Tiempo de lectura":"1 minuto"},"schema":{"@context":"https:\/\/schema.org","@graph":[{"@type":"Article","@id":"https:\/\/gay.blog.br\/es\/gay-es\/amazonense-dan-stump-se-presenta-en-el-festival-de-musicos-brasilenos-pocs-este-martes\/#article","isPartOf":{"@id":"https:\/\/gay.blog.br\/es\/gay-es\/amazonense-dan-stump-se-presenta-en-el-festival-de-musicos-brasilenos-pocs-este-martes\/"},"author":{"name":"www.gay.blog.br","@id":"https:\/\/gay.blog.br\/es\/#\/schema\/person\/ab4bce68ee54b8f4af5c174efe7472e5"},"headline":"Amazonense Dan Stump se presenta en el Festival de M\u00fasicos Brasile\u00f1os Pocs este martes","datePublished":"2020-05-12T02:11:38+00:00","dateModified":"2020-12-26T00:53:35+00:00","mainEntityOfPage":{"@id":"https:\/\/gay.blog.br\/es\/gay-es\/amazonense-dan-stump-se-presenta-en-el-festival-de-musicos-brasilenos-pocs-este-martes\/"},"wordCount":287,"commentCount":0,"publisher":{"@id":"https:\/\/gay.blog.br\/es\/#organization"},"image":{"@id":"https:\/\/gay.blog.br\/es\/gay-es\/amazonense-dan-stump-se-presenta-en-el-festival-de-musicos-brasilenos-pocs-este-martes\/#primaryimage"},"thumbnailUrl":"https:\/\/i0.wp.com\/gay.blog.br\/wp-content\/uploads\/2020\/05\/Dan-Stump_00110931_0.jpg?fit=853%2C533&ssl=1","keywords":["Amazonas","cantor","Dan Stump","GAY","manaus","mpb"],"articleSection":["CONCIERTOS","GAY","NOT\u00cdCIAS"],"inLanguage":"es","potentialAction":[{"@type":"CommentAction","name":"Comment","target":["https:\/\/gay.blog.br\/es\/gay-es\/amazonense-dan-stump-se-presenta-en-el-festival-de-musicos-brasilenos-pocs-este-martes\/#respond"]}]},{"@type":"WebPage","@id":"https:\/\/gay.blog.br\/es\/gay-es\/amazonense-dan-stump-se-presenta-en-el-festival-de-musicos-brasilenos-pocs-este-martes\/","url":"https:\/\/gay.blog.br\/es\/gay-es\/amazonense-dan-stump-se-presenta-en-el-festival-de-musicos-brasilenos-pocs-este-martes\/","name":"Amazonense Dan Stump se presenta en el Festival de M\u00fasicos Brasile\u00f1os Pocs este martes","isPartOf":{"@id":"https:\/\/gay.blog.br\/es\/#website"},"primaryImageOfPage":{"@id":"https:\/\/gay.blog.br\/es\/gay-es\/amazonense-dan-stump-se-presenta-en-el-festival-de-musicos-brasilenos-pocs-este-martes\/#primaryimage"},"image":{"@id":"https:\/\/gay.blog.br\/es\/gay-es\/amazonense-dan-stump-se-presenta-en-el-festival-de-musicos-brasilenos-pocs-este-martes\/#primaryimage"},"thumbnailUrl":"https:\/\/i0.wp.com\/gay.blog.br\/wp-content\/uploads\/2020\/05\/Dan-Stump_00110931_0.jpg?fit=853%2C533&ssl=1","datePublished":"2020-05-12T02:11:38+00:00","dateModified":"2020-12-26T00:53:35+00:00","description":"Dan Stump tiene 24 a\u00f1os y naci\u00f3 en Amazonas, donde creci\u00f3 en un ambiente musical ecl\u00e9ctico, con \u00e9nfasis en samba, bossa nova, m\u00fasica internacional.","breadcrumb":{"@id":"https:\/\/gay.blog.br\/es\/gay-es\/amazonense-dan-stump-se-presenta-en-el-festival-de-musicos-brasilenos-pocs-este-martes\/#breadcrumb"},"inLanguage":"es","potentialAction":[{"@type":"ReadAction","target":["https:\/\/gay.blog.br\/es\/gay-es\/amazonense-dan-stump-se-presenta-en-el-festival-de-musicos-brasilenos-pocs-este-martes\/"]}]},{"@type":"ImageObject","inLanguage":"es","@id":"https:\/\/gay.blog.br\/es\/gay-es\/amazonense-dan-stump-se-presenta-en-el-festival-de-musicos-brasilenos-pocs-este-martes\/#primaryimage","url":"https:\/\/i0.wp.com\/gay.blog.br\/wp-content\/uploads\/2020\/05\/Dan-Stump_00110931_0.jpg?fit=853%2C533&ssl=1","contentUrl":"https:\/\/i0.wp.com\/gay.blog.br\/wp-content\/uploads\/2020\/05\/Dan-Stump_00110931_0.jpg?fit=853%2C533&ssl=1","width":853,"height":533},{"@type":"BreadcrumbList","@id":"https:\/\/gay.blog.br\/es\/gay-es\/amazonense-dan-stump-se-presenta-en-el-festival-de-musicos-brasilenos-pocs-este-martes\/#breadcrumb","itemListElement":[{"@type":"ListItem","position":1,"name":"In\u00edcio","item":"https:\/\/gay.blog.br\/es\/"},{"@type":"ListItem","position":2,"name":"Amazonense Dan Stump se presenta en el Festival de M\u00fasicos Brasile\u00f1os Pocs este martes"}]},{"@type":"WebSite","@id":"https:\/\/gay.blog.br\/es\/#website","url":"https:\/\/gay.blog.br\/es\/","name":"GAY BLOG BR @gayblogbr","description":"Not\u00edcias que empoderam e\/ou entret\u00eam s\u00e3o especialidades da casa","publisher":{"@id":"https:\/\/gay.blog.br\/es\/#organization"},"potentialAction":[{"@type":"SearchAction","target":{"@type":"EntryPoint","urlTemplate":"https:\/\/gay.blog.br\/es\/?s={search_term_string}"},"query-input":{"@type":"PropertyValueSpecification","valueRequired":true,"valueName":"search_term_string"}}],"inLanguage":"es"},{"@type":"Organization","@id":"https:\/\/gay.blog.br\/es\/#organization","name":"GAY BLOG BR","url":"https:\/\/gay.blog.br\/es\/","logo":{"@type":"ImageObject","inLanguage":"es","@id":"https:\/\/gay.blog.br\/es\/#\/schema\/logo\/image\/","url":"https:\/\/i0.wp.com\/gay.blog.br\/wp-content\/uploads\/2023\/08\/gay180px.png?fit=272%2C90&ssl=1","contentUrl":"https:\/\/i0.wp.com\/gay.blog.br\/wp-content\/uploads\/2023\/08\/gay180px.png?fit=272%2C90&ssl=1","width":272,"height":90,"caption":"GAY BLOG BR"},"image":{"@id":"https:\/\/gay.blog.br\/es\/#\/schema\/logo\/image\/"},"sameAs":["https:\/\/facebook.com\/gayblogbr","https:\/\/x.com\/gayblogbr","https:\/\/instagram.com\/gayblogbr","https:\/\/www.linkedin.com\/company\/gayblogbr\/","https:\/\/br.pinterest.com\/gayblogbr\/","https:\/\/www.youtube.com\/channel\/UCdEu3JXLOB-wvWAVUF4AIiA","https:\/\/pt.wikipedia.org\/wiki\/Gay_Blog_Br","https:\/\/www.threads.net\/@gayblogbr"]},{"@type":"Person","@id":"https:\/\/gay.blog.br\/es\/#\/schema\/person\/ab4bce68ee54b8f4af5c174efe7472e5","name":"www.gay.blog.br","image":{"@type":"ImageObject","inLanguage":"es","@id":"https:\/\/secure.gravatar.com\/avatar\/a6fb6bf5c84cdaa375389c43448e2bb88db4600d8fc5be6c42a410789075740f?s=96&d=mm&r=g","url":"https:\/\/secure.gravatar.com\/avatar\/a6fb6bf5c84cdaa375389c43448e2bb88db4600d8fc5be6c42a410789075740f?s=96&d=mm&r=g","contentUrl":"https:\/\/secure.gravatar.com\/avatar\/a6fb6bf5c84cdaa375389c43448e2bb88db4600d8fc5be6c42a410789075740f?s=96&d=mm&r=g","caption":"www.gay.blog.br"},"description":"Receba as not\u00edcias pelo Telegram!","sameAs":["https:\/\/facebook.com\/gayblogbr","https:\/\/instagram.com\/gayblogbr","https:\/\/www.linkedin.com\/company\/gayblogbr\/","https:\/\/pinterest.com\/gayblogbr\/","https:\/\/x.com\/https:\/\/bsky.app\/profile\/gayblogbr.bsky.social","https:\/\/www.youtube.com\/@GAYBLOGBR","https:\/\/pt.wikipedia.org\/wiki\/Gay_Blog_Br"],"url":"https:\/\/gay.blog.br\/es\/author\/oaudaznavegante\/"}]}},"jetpack_publicize_connections":[],"jetpack_featured_media_url":"https:\/\/i0.wp.com\/gay.blog.br\/wp-content\/uploads\/2020\/05\/Dan-Stump_00110931_0.jpg?fit=853%2C533&ssl=1","jetpack_sharing_enabled":true,"jetpack_shortlink":"https:\/\/wp.me\/p6klkK-qUW","jetpack_likes_enabled":false,"amp_enabled":true,"_links":{"self":[{"href":"https:\/\/gay.blog.br\/es\/wp-json\/wp\/v2\/posts\/103474","targetHints":{"allow":["GET"]}}],"collection":[{"href":"https:\/\/gay.blog.br\/es\/wp-json\/wp\/v2\/posts"}],"about":[{"href":"https:\/\/gay.blog.br\/es\/wp-json\/wp\/v2\/types\/post"}],"author":[{"embeddable":true,"href":"https:\/\/gay.blog.br\/es\/wp-json\/wp\/v2\/users\/2"}],"replies":[{"embeddable":true,"href":"https:\/\/gay.blog.br\/es\/wp-json\/wp\/v2\/comments?post=103474"}],"version-history":[{"count":0,"href":"https:\/\/gay.blog.br\/es\/wp-json\/wp\/v2\/posts\/103474\/revisions"}],"wp:featuredmedia":[{"embeddable":true,"href":"https:\/\/gay.blog.br\/es\/wp-json\/wp\/v2\/media\/81025"}],"wp:attachment":[{"href":"https:\/\/gay.blog.br\/es\/wp-json\/wp\/v2\/media?parent=103474"}],"wp:term":[{"taxonomy":"category","embeddable":true,"href":"https:\/\/gay.blog.br\/es\/wp-json\/wp\/v2\/categories?post=103474"},{"taxonomy":"post_tag","embeddable":true,"href":"https:\/\/gay.blog.br\/es\/wp-json\/wp\/v2\/tags?post=103474"}],"curies":[{"name":"wp","href":"https:\/\/api.w.org\/{rel}","templated":true}]}}