{"id":103475,"date":"2019-02-22T20:28:01","date_gmt":"2019-02-22T23:28:01","guid":{"rendered":"https:\/\/gay.blog.br\/?p=103475"},"modified":"2020-12-25T22:01:30","modified_gmt":"2020-12-26T01:01:30","slug":"carlos-bolsonaro-es-apodado-hello-kitty-por-sus-companeros-de-camara-personaje-infantil-sin-boca","status":"publish","type":"post","link":"https:\/\/gay.blog.br\/es\/noticias-es\/carlos-bolsonaro-es-apodado-hello-kitty-por-sus-companeros-de-camara-personaje-infantil-sin-boca\/","title":{"rendered":"Carlos Bolsonaro es apodado Hello Kitty por sus compa\u00f1eros de C\u00e1mara: \u00abpersonaje infantil sin boca\u00bb"},"content":{"rendered":"<p style=\"text-align: justify;\"><strong>Carlos Bolsonaro<\/strong>, hijo del presidente de la Rep\u00fablica, Jair Bolsonaro, es llamado por sus colegas del Ayuntamiento de R\u00edo de Janeiro\u00bb de <strong>Hello Kitty\u00bb.<\/strong> La informaci\u00f3n proviene de la <a href=\"https:\/\/blogs.oglobo.globo.com\/lauro-jardim\/post\/carlos-bolsonaro-e-hello-kitty.html\">columna<\/a> de Lauro Jardim, de O Globo.<\/p>\n<p style=\"text-align: justify;\"><em>Por su escasa participaci\u00f3n en el pleno, se le considera uno de los integrantes del &#8216;banquillo de Hello Kitty&#8217;, una alusi\u00f3n a un personaje infantil que no tiene boca \u201d.<\/em><\/p>\n<p style=\"text-align: justify;\">El \u00faltimo discurso del pol\u00edtico fue el 12 de septiembre de 2017, cuando decidi\u00f3 criticar al concejal Leonel Brizola Neto, del PSOL, contra uno de sus proyectos de ley. Neto dijo que el proyecto no deber\u00eda tener m\u00e9rito porque <strong>no distingu\u00eda pintada del arte del graffiti.<\/strong> En la ocasi\u00f3n, Carlos Bolsonaro hizo duras cr\u00edticas a su oponente pol\u00edtico.<\/p>\n<p style=\"text-align: justify;\"><em>\u00abConcejal Leonel Brizola, no lo llamar\u00e9 Su Excelencia, porque Su Excelencia el Se\u00f1or no lo es. Es un chaval\u00bb.<\/em><\/p>\n<figure id=\"attachment_42629\" aria-describedby=\"caption-attachment-42629\" style=\"width: 2958px\" class=\"wp-caption aligncenter\"><a href=\"http:\/\/instagram.com\/gayblogbr\"><img data-recalc-dims=\"1\" loading=\"lazy\" decoding=\"async\" class=\"size-full wp-image-42629\" src=\"https:\/\/i0.wp.com\/gay.blog.br\/wp-content\/uploads\/2020\/05\/Hello-Kitty.jpg?resize=696%2C456&#038;ssl=1\" alt=\"El apodo de Hello Kitty se debe a su baja participaci\u00f3n en el Ayuntamiento de R\u00edo de Janeiro (Foto: Reproducci\u00f3n)\" width=\"696\" height=\"456\" srcset=\"https:\/\/i0.wp.com\/gay.blog.br\/wp-content\/uploads\/2020\/05\/Hello-Kitty.jpg?w=2958&amp;ssl=1 2958w, https:\/\/i0.wp.com\/gay.blog.br\/wp-content\/uploads\/2020\/05\/Hello-Kitty.jpg?resize=300%2C197&amp;ssl=1 300w, https:\/\/i0.wp.com\/gay.blog.br\/wp-content\/uploads\/2020\/05\/Hello-Kitty.jpg?resize=1024%2C671&amp;ssl=1 1024w, https:\/\/i0.wp.com\/gay.blog.br\/wp-content\/uploads\/2020\/05\/Hello-Kitty.jpg?resize=150%2C98&amp;ssl=1 150w, https:\/\/i0.wp.com\/gay.blog.br\/wp-content\/uploads\/2020\/05\/Hello-Kitty.jpg?resize=768%2C503&amp;ssl=1 768w, https:\/\/i0.wp.com\/gay.blog.br\/wp-content\/uploads\/2020\/05\/Hello-Kitty.jpg?resize=1536%2C1006&amp;ssl=1 1536w, https:\/\/i0.wp.com\/gay.blog.br\/wp-content\/uploads\/2020\/05\/Hello-Kitty.jpg?resize=2048%2C1342&amp;ssl=1 2048w, https:\/\/i0.wp.com\/gay.blog.br\/wp-content\/uploads\/2020\/05\/Hello-Kitty.jpg?resize=696%2C456&amp;ssl=1 696w, https:\/\/i0.wp.com\/gay.blog.br\/wp-content\/uploads\/2020\/05\/Hello-Kitty.jpg?resize=1392%2C912&amp;ssl=1 1392w, https:\/\/i0.wp.com\/gay.blog.br\/wp-content\/uploads\/2020\/05\/Hello-Kitty.jpg?resize=1068%2C700&amp;ssl=1 1068w, https:\/\/i0.wp.com\/gay.blog.br\/wp-content\/uploads\/2020\/05\/Hello-Kitty.jpg?resize=1920%2C1258&amp;ssl=1 1920w, https:\/\/i0.wp.com\/gay.blog.br\/wp-content\/uploads\/2020\/05\/Hello-Kitty.jpg?resize=641%2C420&amp;ssl=1 641w, https:\/\/i0.wp.com\/gay.blog.br\/wp-content\/uploads\/2020\/05\/Hello-Kitty.jpg?resize=1282%2C840&amp;ssl=1 1282w, https:\/\/i0.wp.com\/gay.blog.br\/wp-content\/uploads\/2020\/05\/Hello-Kitty.jpg?resize=741%2C486&amp;ssl=1 741w, https:\/\/i0.wp.com\/gay.blog.br\/wp-content\/uploads\/2020\/05\/Hello-Kitty.jpg?resize=1482%2C972&amp;ssl=1 1482w\" sizes=\"auto, (max-width: 696px) 100vw, 696px\" \/><\/a><figcaption id=\"caption-attachment-42629\" class=\"wp-caption-text\">El apodo de Hello Kitty se debe a su baja participaci\u00f3n en la C\u00e1mara de Concejales de R\u00edo de Janeiro (Foto: Reproducci\u00f3n)<\/figcaption><\/figure>\n<p style=\"text-align: justify;\">Un art\u00edculo de <a href=\"https:\/\/www1.folha.uol.com.br\/poder\/2018\/12\/retraido-carlos-bolsonaro-se-torna-pitbull-do-pai-nas-redes-sociais.shtml\">Folha de S\u00e3o Paulo<\/a> dice que, <strong>en las pocas ocasiones en que habla,<\/strong> es para defender a su padre o para hablar de los mismos temas, como \u00abideolog\u00eda de g\u00e9nero\u00bb, o para criticar a la oposici\u00f3n, especialmente a los parlamentarios del PSOL.<\/p>\n<p style=\"text-align: justify;\">Ahora la revista \u00c9poca (v\u00eda <a href=\"https:\/\/catracalivre.com.br\/dimenstein\/globo-explica-por-que-o-apelido-de-carlos-bolsonaro-e-hello-kitty\/\">Catraca Livre<\/a>), dijo que el concejal tiene otro apodo en Brasilia: <strong>Tonho da Lua<\/strong>, siendo una referencia al personaje de Marcos Frota en la telenovela \u00abMulheres de Areia\u00bb, un cl\u00e1sico de la telenovela de los a\u00f1os sesenta de los noventa. La comparaci\u00f3n se produjo despu\u00e9s de que Bebianno (exministro de la Secretar\u00eda General de la Presidencia) fuera destituido de su cargo tras ser vinculado a sospechas de uso de candidatos naranjas en el partido y ser llamado mentiroso por Carlos.<\/p>\n<p style=\"text-align: justify;\">La publicaci\u00f3n tambi\u00e9n dice que el apodo se debe a que, seg\u00fan algunos parlamentarios, <strong>Carlos Bolsonaro<\/strong> tiene una gran \u00abincapacidad para mantener un di\u00e1logo lineal y por sus arrebatos de ira\u00bb.<\/p>\n<p style=\"text-align: justify;\">Cabe mencionar que el congresista es el autor del proyecto para incluir el \u00abD\u00eda del Orgullo Heterosexual\u00bb en el calendario oficial de las fechas conmemorativas de R\u00edo de Janeiro, que solo firm\u00f3 \u00e9l.<\/p>\n<blockquote class=\"wp-embedded-content\" data-secret=\"fysmEV7hxI\"><p><a href=\"https:\/\/gay.blog.br\/noticias\/tenho-gay-na-familia-diz-flavio-bolsonaro-em-entrevista\/\">&#8216;Tenho gay na fam\u00edlia\u2019, diz Fl\u00e1vio Bolsonaro em entrevista<\/a><\/p><\/blockquote>\n<p><iframe loading=\"lazy\" class=\"wp-embedded-content\" sandbox=\"allow-scripts\" security=\"restricted\" style=\"position: absolute; clip: rect(1px, 1px, 1px, 1px);\" title=\"&#8220;&#8216;Tenho gay na fam\u00edlia\u2019, diz Fl\u00e1vio Bolsonaro em entrevista&#8221; &#8212; GAY BLOG BR @gayblogbr\" src=\"https:\/\/gay.blog.br\/noticias\/tenho-gay-na-familia-diz-flavio-bolsonaro-em-entrevista\/embed\/#?secret=fysmEV7hxI\" data-secret=\"fysmEV7hxI\" width=\"600\" height=\"338\" frameborder=\"0\" marginwidth=\"0\" marginheight=\"0\" scrolling=\"no\"><\/iframe><\/p>\n<p style=\"text-align: justify;\">\n","protected":false},"excerpt":{"rendered":"<p>El apodo es muy diferente al que le dio su padre: \u00abPitbull\u00bb <\/p>\n","protected":false},"author":3515,"featured_media":81003,"comment_status":"open","ping_status":"open","sticky":false,"template":"","format":"standard","meta":{"googlesitekit_rrm_CAoiEBg-BXrJeACjO8p49SE4kTY:productID":"","tdm_status":"","tdm_grid_status":"","_jetpack_newsletter_access":"","_jetpack_dont_email_post_to_subs":false,"_jetpack_newsletter_tier_id":0,"_jetpack_memberships_contains_paywalled_content":false,"_jetpack_memberships_contains_paid_content":false,"footnotes":"","jetpack_publicize_message":"Carlos Bolsonaro es apodado Hello Kitty por sus compa\u00f1eros de C\u00e1mara: \"personaje infantil sin boca\"","jetpack_publicize_feature_enabled":true,"jetpack_social_post_already_shared":true,"jetpack_social_options":{"image_generator_settings":{"template":"highway","default_image_id":0,"font":"","enabled":false},"version":2},"_wpas_customize_per_network":false,"jetpack_post_was_ever_published":false},"categories":[589932231],"tags":[589921123,589930667,589928146],"class_list":{"0":"post-103475","1":"post","2":"type-post","3":"status-publish","4":"format-standard","5":"has-post-thumbnail","7":"category-noticias-es","8":"tag-carlos-bolsonaro","9":"tag-hello-kitty","10":"tag-psol"},"yoast_head":"<!-- This site is optimized with the Yoast SEO plugin v27.4 - https:\/\/yoast.com\/product\/yoast-seo-wordpress\/ -->\n<title>Carlos Bolsonaro es apodado Hello Kitty por sus compa\u00f1eros de C\u00e1mara: &quot;personaje infantil sin boca&quot;<\/title>\n<meta name=\"description\" content=\"Carlos Bolsonaro, hijo del presidente de la Rep\u00fablica, Jair Bolsonaro, es llamado por sus colegas en la C\u00e1mara de Concejales de R\u00edo de Janeiro de &quot;Hello Kitty&quot;\" \/>\n<meta name=\"robots\" content=\"index, follow, max-snippet:-1, max-image-preview:large, max-video-preview:-1\" \/>\n<link rel=\"canonical\" href=\"https:\/\/gay.blog.br\/es\/noticias-es\/carlos-bolsonaro-es-apodado-hello-kitty-por-sus-companeros-de-camara-personaje-infantil-sin-boca\/\" \/>\n<meta property=\"og:locale\" content=\"es_ES\" \/>\n<meta property=\"og:type\" content=\"article\" \/>\n<meta property=\"og:title\" content=\"Carlos Bolsonaro es apodado Hello Kitty por sus compa\u00f1eros de C\u00e1mara: &quot;personaje infantil sin boca&quot;\" \/>\n<meta property=\"og:description\" content=\"Carlos Bolsonaro, hijo del presidente de la Rep\u00fablica, Jair Bolsonaro, es llamado por sus colegas en la C\u00e1mara de Concejales de R\u00edo de Janeiro de &quot;Hello Kitty&quot;\" \/>\n<meta property=\"og:url\" content=\"https:\/\/gay.blog.br\/es\/noticias-es\/carlos-bolsonaro-es-apodado-hello-kitty-por-sus-companeros-de-camara-personaje-infantil-sin-boca\/\" \/>\n<meta property=\"og:site_name\" content=\"GAY BLOG BR @gayblogbr\" \/>\n<meta property=\"article:publisher\" content=\"https:\/\/facebook.com\/gayblogbr\" \/>\n<meta property=\"article:author\" content=\"https:\/\/www.facebook.com\/victormillerreal\" \/>\n<meta property=\"article:published_time\" content=\"2019-02-22T23:28:01+00:00\" \/>\n<meta property=\"article:modified_time\" content=\"2020-12-26T01:01:30+00:00\" \/>\n<meta property=\"og:image\" content=\"https:\/\/i0.wp.com\/gay.blog.br\/wp-content\/uploads\/2019\/02\/Carlos-Bolsonaro-3.jpg?fit=1280%2C853&ssl=1\" \/>\n\t<meta property=\"og:image:width\" content=\"1280\" \/>\n\t<meta property=\"og:image:height\" content=\"853\" \/>\n\t<meta property=\"og:image:type\" content=\"image\/jpeg\" \/>\n<meta name=\"author\" content=\"Victor Miller\" \/>\n<meta name=\"twitter:card\" content=\"summary_large_image\" \/>\n<meta name=\"twitter:creator\" content=\"@https:\/\/twitter.com\/victor_miller\" \/>\n<meta name=\"twitter:site\" content=\"@gayblogbr\" \/>\n<meta name=\"twitter:label1\" content=\"Escrito por\" \/>\n\t<meta name=\"twitter:data1\" content=\"Victor Miller\" \/>\n\t<meta name=\"twitter:label2\" content=\"Tiempo de lectura\" \/>\n\t<meta name=\"twitter:data2\" content=\"2 minutos\" \/>\n<script type=\"application\/ld+json\" class=\"yoast-schema-graph\">{\"@context\":\"https:\\\/\\\/schema.org\",\"@graph\":[{\"@type\":\"Article\",\"@id\":\"https:\\\/\\\/gay.blog.br\\\/es\\\/noticias-es\\\/carlos-bolsonaro-es-apodado-hello-kitty-por-sus-companeros-de-camara-personaje-infantil-sin-boca\\\/#article\",\"isPartOf\":{\"@id\":\"https:\\\/\\\/gay.blog.br\\\/es\\\/noticias-es\\\/carlos-bolsonaro-es-apodado-hello-kitty-por-sus-companeros-de-camara-personaje-infantil-sin-boca\\\/\"},\"author\":{\"name\":\"Victor Miller\",\"@id\":\"https:\\\/\\\/gay.blog.br\\\/es\\\/#\\\/schema\\\/person\\\/5e0cf06e5d5e166b6afeaefc7fc56d9d\"},\"headline\":\"Carlos Bolsonaro es apodado Hello Kitty por sus compa\u00f1eros de C\u00e1mara: \u00abpersonaje infantil sin boca\u00bb\",\"datePublished\":\"2019-02-22T23:28:01+00:00\",\"dateModified\":\"2020-12-26T01:01:30+00:00\",\"mainEntityOfPage\":{\"@id\":\"https:\\\/\\\/gay.blog.br\\\/es\\\/noticias-es\\\/carlos-bolsonaro-es-apodado-hello-kitty-por-sus-companeros-de-camara-personaje-infantil-sin-boca\\\/\"},\"wordCount\":420,\"commentCount\":0,\"publisher\":{\"@id\":\"https:\\\/\\\/gay.blog.br\\\/es\\\/#organization\"},\"image\":{\"@id\":\"https:\\\/\\\/gay.blog.br\\\/es\\\/noticias-es\\\/carlos-bolsonaro-es-apodado-hello-kitty-por-sus-companeros-de-camara-personaje-infantil-sin-boca\\\/#primaryimage\"},\"thumbnailUrl\":\"https:\\\/\\\/i0.wp.com\\\/gay.blog.br\\\/wp-content\\\/uploads\\\/2019\\\/02\\\/Carlos-Bolsonaro-3.jpg?fit=1280%2C853&ssl=1\",\"keywords\":[\"carlos bolsonaro\",\"Hello Kitty\",\"psol\"],\"articleSection\":[\"NOT\u00cdCIAS\"],\"inLanguage\":\"es\",\"potentialAction\":[{\"@type\":\"CommentAction\",\"name\":\"Comment\",\"target\":[\"https:\\\/\\\/gay.blog.br\\\/es\\\/noticias-es\\\/carlos-bolsonaro-es-apodado-hello-kitty-por-sus-companeros-de-camara-personaje-infantil-sin-boca\\\/#respond\"]}]},{\"@type\":\"WebPage\",\"@id\":\"https:\\\/\\\/gay.blog.br\\\/es\\\/noticias-es\\\/carlos-bolsonaro-es-apodado-hello-kitty-por-sus-companeros-de-camara-personaje-infantil-sin-boca\\\/\",\"url\":\"https:\\\/\\\/gay.blog.br\\\/es\\\/noticias-es\\\/carlos-bolsonaro-es-apodado-hello-kitty-por-sus-companeros-de-camara-personaje-infantil-sin-boca\\\/\",\"name\":\"Carlos Bolsonaro es apodado Hello Kitty por sus compa\u00f1eros de C\u00e1mara: \\\"personaje infantil sin boca\\\"\",\"isPartOf\":{\"@id\":\"https:\\\/\\\/gay.blog.br\\\/es\\\/#website\"},\"primaryImageOfPage\":{\"@id\":\"https:\\\/\\\/gay.blog.br\\\/es\\\/noticias-es\\\/carlos-bolsonaro-es-apodado-hello-kitty-por-sus-companeros-de-camara-personaje-infantil-sin-boca\\\/#primaryimage\"},\"image\":{\"@id\":\"https:\\\/\\\/gay.blog.br\\\/es\\\/noticias-es\\\/carlos-bolsonaro-es-apodado-hello-kitty-por-sus-companeros-de-camara-personaje-infantil-sin-boca\\\/#primaryimage\"},\"thumbnailUrl\":\"https:\\\/\\\/i0.wp.com\\\/gay.blog.br\\\/wp-content\\\/uploads\\\/2019\\\/02\\\/Carlos-Bolsonaro-3.jpg?fit=1280%2C853&ssl=1\",\"datePublished\":\"2019-02-22T23:28:01+00:00\",\"dateModified\":\"2020-12-26T01:01:30+00:00\",\"description\":\"Carlos Bolsonaro, hijo del presidente de la Rep\u00fablica, Jair Bolsonaro, es llamado por sus colegas en la C\u00e1mara de Concejales de R\u00edo de Janeiro de \\\"Hello Kitty\\\"\",\"breadcrumb\":{\"@id\":\"https:\\\/\\\/gay.blog.br\\\/es\\\/noticias-es\\\/carlos-bolsonaro-es-apodado-hello-kitty-por-sus-companeros-de-camara-personaje-infantil-sin-boca\\\/#breadcrumb\"},\"inLanguage\":\"es\",\"potentialAction\":[{\"@type\":\"ReadAction\",\"target\":[\"https:\\\/\\\/gay.blog.br\\\/es\\\/noticias-es\\\/carlos-bolsonaro-es-apodado-hello-kitty-por-sus-companeros-de-camara-personaje-infantil-sin-boca\\\/\"]}]},{\"@type\":\"ImageObject\",\"inLanguage\":\"es\",\"@id\":\"https:\\\/\\\/gay.blog.br\\\/es\\\/noticias-es\\\/carlos-bolsonaro-es-apodado-hello-kitty-por-sus-companeros-de-camara-personaje-infantil-sin-boca\\\/#primaryimage\",\"url\":\"https:\\\/\\\/i0.wp.com\\\/gay.blog.br\\\/wp-content\\\/uploads\\\/2019\\\/02\\\/Carlos-Bolsonaro-3.jpg?fit=1280%2C853&ssl=1\",\"contentUrl\":\"https:\\\/\\\/i0.wp.com\\\/gay.blog.br\\\/wp-content\\\/uploads\\\/2019\\\/02\\\/Carlos-Bolsonaro-3.jpg?fit=1280%2C853&ssl=1\",\"width\":1280,\"height\":853},{\"@type\":\"BreadcrumbList\",\"@id\":\"https:\\\/\\\/gay.blog.br\\\/es\\\/noticias-es\\\/carlos-bolsonaro-es-apodado-hello-kitty-por-sus-companeros-de-camara-personaje-infantil-sin-boca\\\/#breadcrumb\",\"itemListElement\":[{\"@type\":\"ListItem\",\"position\":1,\"name\":\"In\u00edcio\",\"item\":\"https:\\\/\\\/gay.blog.br\\\/es\\\/\"},{\"@type\":\"ListItem\",\"position\":2,\"name\":\"Carlos Bolsonaro es apodado Hello Kitty por sus compa\u00f1eros de C\u00e1mara: \u00abpersonaje infantil sin boca\u00bb\"}]},{\"@type\":\"WebSite\",\"@id\":\"https:\\\/\\\/gay.blog.br\\\/es\\\/#website\",\"url\":\"https:\\\/\\\/gay.blog.br\\\/es\\\/\",\"name\":\"GAY BLOG BR @gayblogbr\",\"description\":\"Not\u00edcias que empoderam e\\\/ou entret\u00eam s\u00e3o especialidades da casa\",\"publisher\":{\"@id\":\"https:\\\/\\\/gay.blog.br\\\/es\\\/#organization\"},\"potentialAction\":[{\"@type\":\"SearchAction\",\"target\":{\"@type\":\"EntryPoint\",\"urlTemplate\":\"https:\\\/\\\/gay.blog.br\\\/es\\\/?s={search_term_string}\"},\"query-input\":{\"@type\":\"PropertyValueSpecification\",\"valueRequired\":true,\"valueName\":\"search_term_string\"}}],\"inLanguage\":\"es\"},{\"@type\":\"Organization\",\"@id\":\"https:\\\/\\\/gay.blog.br\\\/es\\\/#organization\",\"name\":\"GAY BLOG BR\",\"url\":\"https:\\\/\\\/gay.blog.br\\\/es\\\/\",\"logo\":{\"@type\":\"ImageObject\",\"inLanguage\":\"es\",\"@id\":\"https:\\\/\\\/gay.blog.br\\\/es\\\/#\\\/schema\\\/logo\\\/image\\\/\",\"url\":\"https:\\\/\\\/i0.wp.com\\\/gay.blog.br\\\/wp-content\\\/uploads\\\/2023\\\/08\\\/gay180px.png?fit=272%2C90&ssl=1\",\"contentUrl\":\"https:\\\/\\\/i0.wp.com\\\/gay.blog.br\\\/wp-content\\\/uploads\\\/2023\\\/08\\\/gay180px.png?fit=272%2C90&ssl=1\",\"width\":272,\"height\":90,\"caption\":\"GAY BLOG BR\"},\"image\":{\"@id\":\"https:\\\/\\\/gay.blog.br\\\/es\\\/#\\\/schema\\\/logo\\\/image\\\/\"},\"sameAs\":[\"https:\\\/\\\/facebook.com\\\/gayblogbr\",\"https:\\\/\\\/x.com\\\/gayblogbr\",\"https:\\\/\\\/instagram.com\\\/gayblogbr\",\"https:\\\/\\\/www.linkedin.com\\\/company\\\/gayblogbr\\\/\",\"https:\\\/\\\/br.pinterest.com\\\/gayblogbr\\\/\",\"https:\\\/\\\/www.youtube.com\\\/channel\\\/UCdEu3JXLOB-wvWAVUF4AIiA\",\"https:\\\/\\\/pt.wikipedia.org\\\/wiki\\\/Gay_Blog_Br\",\"https:\\\/\\\/www.threads.net\\\/@gayblogbr\"]},{\"@type\":\"Person\",\"@id\":\"https:\\\/\\\/gay.blog.br\\\/es\\\/#\\\/schema\\\/person\\\/5e0cf06e5d5e166b6afeaefc7fc56d9d\",\"name\":\"Victor Miller\",\"image\":{\"@type\":\"ImageObject\",\"inLanguage\":\"es\",\"@id\":\"https:\\\/\\\/secure.gravatar.com\\\/avatar\\\/7c1fad0dcba879f76a2e6b9189cea981c8fcb9c7e6f40d5903cf16ba29cb80b5?s=96&d=mm&r=g\",\"url\":\"https:\\\/\\\/secure.gravatar.com\\\/avatar\\\/7c1fad0dcba879f76a2e6b9189cea981c8fcb9c7e6f40d5903cf16ba29cb80b5?s=96&d=mm&r=g\",\"contentUrl\":\"https:\\\/\\\/secure.gravatar.com\\\/avatar\\\/7c1fad0dcba879f76a2e6b9189cea981c8fcb9c7e6f40d5903cf16ba29cb80b5?s=96&d=mm&r=g\",\"caption\":\"Victor Miller\"},\"description\":\"Jornalista formado pela PUC do Rio de Janeiro, dedicou sua vida a falar sobre cultura nerd\\\/geek. Gay desde que se entende por gente, sempre teve desejo de trabalhar com o p\u00fablico LGBT+ e cr\u00ea que a informa\u00e7\u00e3o \u00e9 a a melhor arma contra qualquer tipo de \\\"fobia\\\"\",\"sameAs\":[\"https:\\\/\\\/gay.blog.br\\\/author\\\/victormiller\\\/\",\"https:\\\/\\\/www.facebook.com\\\/victormillerreal\",\"https:\\\/\\\/instagram.com\\\/victormillermiranda\",\"https:\\\/\\\/www.linkedin.com\\\/in\\\/victor-miller-266b54a7\\\/\",\"https:\\\/\\\/x.com\\\/https:\\\/\\\/twitter.com\\\/victor_miller\",\"https:\\\/\\\/www.youtube.com\\\/user\\\/planetasonic\"],\"url\":\"https:\\\/\\\/gay.blog.br\\\/es\\\/author\\\/victormiller\\\/\"}]}<\/script>\n<!-- \/ Yoast SEO plugin. -->","yoast_head_json":{"title":"Carlos Bolsonaro es apodado Hello Kitty por sus compa\u00f1eros de C\u00e1mara: \"personaje infantil sin boca\"","description":"Carlos Bolsonaro, hijo del presidente de la Rep\u00fablica, Jair Bolsonaro, es llamado por sus colegas en la C\u00e1mara de Concejales de R\u00edo de Janeiro de \"Hello Kitty\"","robots":{"index":"index","follow":"follow","max-snippet":"max-snippet:-1","max-image-preview":"max-image-preview:large","max-video-preview":"max-video-preview:-1"},"canonical":"https:\/\/gay.blog.br\/es\/noticias-es\/carlos-bolsonaro-es-apodado-hello-kitty-por-sus-companeros-de-camara-personaje-infantil-sin-boca\/","og_locale":"es_ES","og_type":"article","og_title":"Carlos Bolsonaro es apodado Hello Kitty por sus compa\u00f1eros de C\u00e1mara: \"personaje infantil sin boca\"","og_description":"Carlos Bolsonaro, hijo del presidente de la Rep\u00fablica, Jair Bolsonaro, es llamado por sus colegas en la C\u00e1mara de Concejales de R\u00edo de Janeiro de \"Hello Kitty\"","og_url":"https:\/\/gay.blog.br\/es\/noticias-es\/carlos-bolsonaro-es-apodado-hello-kitty-por-sus-companeros-de-camara-personaje-infantil-sin-boca\/","og_site_name":"GAY BLOG BR @gayblogbr","article_publisher":"https:\/\/facebook.com\/gayblogbr","article_author":"https:\/\/www.facebook.com\/victormillerreal","article_published_time":"2019-02-22T23:28:01+00:00","article_modified_time":"2020-12-26T01:01:30+00:00","og_image":[{"width":1280,"height":853,"url":"https:\/\/i0.wp.com\/gay.blog.br\/wp-content\/uploads\/2019\/02\/Carlos-Bolsonaro-3.jpg?fit=1280%2C853&ssl=1","type":"image\/jpeg"}],"author":"Victor Miller","twitter_card":"summary_large_image","twitter_creator":"@https:\/\/twitter.com\/victor_miller","twitter_site":"@gayblogbr","twitter_misc":{"Escrito por":"Victor Miller","Tiempo de lectura":"2 minutos"},"schema":{"@context":"https:\/\/schema.org","@graph":[{"@type":"Article","@id":"https:\/\/gay.blog.br\/es\/noticias-es\/carlos-bolsonaro-es-apodado-hello-kitty-por-sus-companeros-de-camara-personaje-infantil-sin-boca\/#article","isPartOf":{"@id":"https:\/\/gay.blog.br\/es\/noticias-es\/carlos-bolsonaro-es-apodado-hello-kitty-por-sus-companeros-de-camara-personaje-infantil-sin-boca\/"},"author":{"name":"Victor Miller","@id":"https:\/\/gay.blog.br\/es\/#\/schema\/person\/5e0cf06e5d5e166b6afeaefc7fc56d9d"},"headline":"Carlos Bolsonaro es apodado Hello Kitty por sus compa\u00f1eros de C\u00e1mara: \u00abpersonaje infantil sin boca\u00bb","datePublished":"2019-02-22T23:28:01+00:00","dateModified":"2020-12-26T01:01:30+00:00","mainEntityOfPage":{"@id":"https:\/\/gay.blog.br\/es\/noticias-es\/carlos-bolsonaro-es-apodado-hello-kitty-por-sus-companeros-de-camara-personaje-infantil-sin-boca\/"},"wordCount":420,"commentCount":0,"publisher":{"@id":"https:\/\/gay.blog.br\/es\/#organization"},"image":{"@id":"https:\/\/gay.blog.br\/es\/noticias-es\/carlos-bolsonaro-es-apodado-hello-kitty-por-sus-companeros-de-camara-personaje-infantil-sin-boca\/#primaryimage"},"thumbnailUrl":"https:\/\/i0.wp.com\/gay.blog.br\/wp-content\/uploads\/2019\/02\/Carlos-Bolsonaro-3.jpg?fit=1280%2C853&ssl=1","keywords":["carlos bolsonaro","Hello Kitty","psol"],"articleSection":["NOT\u00cdCIAS"],"inLanguage":"es","potentialAction":[{"@type":"CommentAction","name":"Comment","target":["https:\/\/gay.blog.br\/es\/noticias-es\/carlos-bolsonaro-es-apodado-hello-kitty-por-sus-companeros-de-camara-personaje-infantil-sin-boca\/#respond"]}]},{"@type":"WebPage","@id":"https:\/\/gay.blog.br\/es\/noticias-es\/carlos-bolsonaro-es-apodado-hello-kitty-por-sus-companeros-de-camara-personaje-infantil-sin-boca\/","url":"https:\/\/gay.blog.br\/es\/noticias-es\/carlos-bolsonaro-es-apodado-hello-kitty-por-sus-companeros-de-camara-personaje-infantil-sin-boca\/","name":"Carlos Bolsonaro es apodado Hello Kitty por sus compa\u00f1eros de C\u00e1mara: \"personaje infantil sin boca\"","isPartOf":{"@id":"https:\/\/gay.blog.br\/es\/#website"},"primaryImageOfPage":{"@id":"https:\/\/gay.blog.br\/es\/noticias-es\/carlos-bolsonaro-es-apodado-hello-kitty-por-sus-companeros-de-camara-personaje-infantil-sin-boca\/#primaryimage"},"image":{"@id":"https:\/\/gay.blog.br\/es\/noticias-es\/carlos-bolsonaro-es-apodado-hello-kitty-por-sus-companeros-de-camara-personaje-infantil-sin-boca\/#primaryimage"},"thumbnailUrl":"https:\/\/i0.wp.com\/gay.blog.br\/wp-content\/uploads\/2019\/02\/Carlos-Bolsonaro-3.jpg?fit=1280%2C853&ssl=1","datePublished":"2019-02-22T23:28:01+00:00","dateModified":"2020-12-26T01:01:30+00:00","description":"Carlos Bolsonaro, hijo del presidente de la Rep\u00fablica, Jair Bolsonaro, es llamado por sus colegas en la C\u00e1mara de Concejales de R\u00edo de Janeiro de \"Hello Kitty\"","breadcrumb":{"@id":"https:\/\/gay.blog.br\/es\/noticias-es\/carlos-bolsonaro-es-apodado-hello-kitty-por-sus-companeros-de-camara-personaje-infantil-sin-boca\/#breadcrumb"},"inLanguage":"es","potentialAction":[{"@type":"ReadAction","target":["https:\/\/gay.blog.br\/es\/noticias-es\/carlos-bolsonaro-es-apodado-hello-kitty-por-sus-companeros-de-camara-personaje-infantil-sin-boca\/"]}]},{"@type":"ImageObject","inLanguage":"es","@id":"https:\/\/gay.blog.br\/es\/noticias-es\/carlos-bolsonaro-es-apodado-hello-kitty-por-sus-companeros-de-camara-personaje-infantil-sin-boca\/#primaryimage","url":"https:\/\/i0.wp.com\/gay.blog.br\/wp-content\/uploads\/2019\/02\/Carlos-Bolsonaro-3.jpg?fit=1280%2C853&ssl=1","contentUrl":"https:\/\/i0.wp.com\/gay.blog.br\/wp-content\/uploads\/2019\/02\/Carlos-Bolsonaro-3.jpg?fit=1280%2C853&ssl=1","width":1280,"height":853},{"@type":"BreadcrumbList","@id":"https:\/\/gay.blog.br\/es\/noticias-es\/carlos-bolsonaro-es-apodado-hello-kitty-por-sus-companeros-de-camara-personaje-infantil-sin-boca\/#breadcrumb","itemListElement":[{"@type":"ListItem","position":1,"name":"In\u00edcio","item":"https:\/\/gay.blog.br\/es\/"},{"@type":"ListItem","position":2,"name":"Carlos Bolsonaro es apodado Hello Kitty por sus compa\u00f1eros de C\u00e1mara: \u00abpersonaje infantil sin boca\u00bb"}]},{"@type":"WebSite","@id":"https:\/\/gay.blog.br\/es\/#website","url":"https:\/\/gay.blog.br\/es\/","name":"GAY BLOG BR @gayblogbr","description":"Not\u00edcias que empoderam e\/ou entret\u00eam s\u00e3o especialidades da casa","publisher":{"@id":"https:\/\/gay.blog.br\/es\/#organization"},"potentialAction":[{"@type":"SearchAction","target":{"@type":"EntryPoint","urlTemplate":"https:\/\/gay.blog.br\/es\/?s={search_term_string}"},"query-input":{"@type":"PropertyValueSpecification","valueRequired":true,"valueName":"search_term_string"}}],"inLanguage":"es"},{"@type":"Organization","@id":"https:\/\/gay.blog.br\/es\/#organization","name":"GAY BLOG BR","url":"https:\/\/gay.blog.br\/es\/","logo":{"@type":"ImageObject","inLanguage":"es","@id":"https:\/\/gay.blog.br\/es\/#\/schema\/logo\/image\/","url":"https:\/\/i0.wp.com\/gay.blog.br\/wp-content\/uploads\/2023\/08\/gay180px.png?fit=272%2C90&ssl=1","contentUrl":"https:\/\/i0.wp.com\/gay.blog.br\/wp-content\/uploads\/2023\/08\/gay180px.png?fit=272%2C90&ssl=1","width":272,"height":90,"caption":"GAY BLOG BR"},"image":{"@id":"https:\/\/gay.blog.br\/es\/#\/schema\/logo\/image\/"},"sameAs":["https:\/\/facebook.com\/gayblogbr","https:\/\/x.com\/gayblogbr","https:\/\/instagram.com\/gayblogbr","https:\/\/www.linkedin.com\/company\/gayblogbr\/","https:\/\/br.pinterest.com\/gayblogbr\/","https:\/\/www.youtube.com\/channel\/UCdEu3JXLOB-wvWAVUF4AIiA","https:\/\/pt.wikipedia.org\/wiki\/Gay_Blog_Br","https:\/\/www.threads.net\/@gayblogbr"]},{"@type":"Person","@id":"https:\/\/gay.blog.br\/es\/#\/schema\/person\/5e0cf06e5d5e166b6afeaefc7fc56d9d","name":"Victor Miller","image":{"@type":"ImageObject","inLanguage":"es","@id":"https:\/\/secure.gravatar.com\/avatar\/7c1fad0dcba879f76a2e6b9189cea981c8fcb9c7e6f40d5903cf16ba29cb80b5?s=96&d=mm&r=g","url":"https:\/\/secure.gravatar.com\/avatar\/7c1fad0dcba879f76a2e6b9189cea981c8fcb9c7e6f40d5903cf16ba29cb80b5?s=96&d=mm&r=g","contentUrl":"https:\/\/secure.gravatar.com\/avatar\/7c1fad0dcba879f76a2e6b9189cea981c8fcb9c7e6f40d5903cf16ba29cb80b5?s=96&d=mm&r=g","caption":"Victor Miller"},"description":"Jornalista formado pela PUC do Rio de Janeiro, dedicou sua vida a falar sobre cultura nerd\/geek. Gay desde que se entende por gente, sempre teve desejo de trabalhar com o p\u00fablico LGBT+ e cr\u00ea que a informa\u00e7\u00e3o \u00e9 a a melhor arma contra qualquer tipo de \"fobia\"","sameAs":["https:\/\/gay.blog.br\/author\/victormiller\/","https:\/\/www.facebook.com\/victormillerreal","https:\/\/instagram.com\/victormillermiranda","https:\/\/www.linkedin.com\/in\/victor-miller-266b54a7\/","https:\/\/x.com\/https:\/\/twitter.com\/victor_miller","https:\/\/www.youtube.com\/user\/planetasonic"],"url":"https:\/\/gay.blog.br\/es\/author\/victormiller\/"}]}},"jetpack_publicize_connections":[],"jetpack_featured_media_url":"https:\/\/i0.wp.com\/gay.blog.br\/wp-content\/uploads\/2019\/02\/Carlos-Bolsonaro-3.jpg?fit=1280%2C853&ssl=1","jetpack_sharing_enabled":true,"jetpack_shortlink":"https:\/\/wp.me\/p6klkK-qUX","jetpack_likes_enabled":false,"amp_enabled":true,"_links":{"self":[{"href":"https:\/\/gay.blog.br\/es\/wp-json\/wp\/v2\/posts\/103475","targetHints":{"allow":["GET"]}}],"collection":[{"href":"https:\/\/gay.blog.br\/es\/wp-json\/wp\/v2\/posts"}],"about":[{"href":"https:\/\/gay.blog.br\/es\/wp-json\/wp\/v2\/types\/post"}],"author":[{"embeddable":true,"href":"https:\/\/gay.blog.br\/es\/wp-json\/wp\/v2\/users\/3515"}],"replies":[{"embeddable":true,"href":"https:\/\/gay.blog.br\/es\/wp-json\/wp\/v2\/comments?post=103475"}],"version-history":[{"count":0,"href":"https:\/\/gay.blog.br\/es\/wp-json\/wp\/v2\/posts\/103475\/revisions"}],"wp:featuredmedia":[{"embeddable":true,"href":"https:\/\/gay.blog.br\/es\/wp-json\/wp\/v2\/media\/81003"}],"wp:attachment":[{"href":"https:\/\/gay.blog.br\/es\/wp-json\/wp\/v2\/media?parent=103475"}],"wp:term":[{"taxonomy":"category","embeddable":true,"href":"https:\/\/gay.blog.br\/es\/wp-json\/wp\/v2\/categories?post=103475"},{"taxonomy":"post_tag","embeddable":true,"href":"https:\/\/gay.blog.br\/es\/wp-json\/wp\/v2\/tags?post=103475"}],"curies":[{"name":"wp","href":"https:\/\/api.w.org\/{rel}","templated":true}]}}