{"id":103477,"date":"2020-05-11T18:37:40","date_gmt":"2020-05-11T21:37:40","guid":{"rendered":"https:\/\/gay.blog.br\/?p=103477"},"modified":"2020-12-25T21:58:54","modified_gmt":"2020-12-26T00:58:54","slug":"la-madre-de-cazuza-les-prohibe-usar-las-canciones-del-cantante-en-manifestaciones-pro-bolsonaro","status":"publish","type":"post","link":"https:\/\/gay.blog.br\/es\/gay-es\/la-madre-de-cazuza-les-prohibe-usar-las-canciones-del-cantante-en-manifestaciones-pro-bolsonaro\/","title":{"rendered":"La madre de Cazuza les proh\u00edbe usar las canciones del cantante en manifestaciones pro-Bolsonaro"},"content":{"rendered":"<p style=\"text-align: justify;\">Seg\u00fan la columna de Ancelmo G\u00f3is en <a href=\"https:\/\/blogs.oglobo.globo.com\/ancelmo\/post\/fundacao-viva-cazuza-proibe-uso-de-cancoes-do-musico-em-manifestacoes-antidemocraticas.html\">O Globo<\/a>, <strong>Lucinha Ara\u00fajo<\/strong>, la madre de Cazuza, decidi\u00f3 posicionarse a trav\u00e9s de la <strong>ONG Viva Cazuza<\/strong> para que las canciones de su hijo no sean utilizadas en manifestaciones a favor de Jair Bolsonaro.<\/p>\n<p style=\"text-align: justify;\"><em>\u00abCon base en las prerrogativas que otorga el art\u00edculo 29 de la Ley de Propiedad Intelectual (Ley 9610\/98), Viva Cazuza hace p\u00fablica de inmediato la prohibici\u00f3n de ejecuci\u00f3n de cualquier obra o interpretaci\u00f3n por parte de Cazuza en cualquier evento y\/o manifestaci\u00f3n de esta naturaleza, Todo aquel que no respete esta prohibici\u00f3n con sujeci\u00f3n a la aplicaci\u00f3n de las sanciones civiles y penales aplicables por violar los derechos de autor. Apoyamos la democracia y no las actitudes violentas\u00bb,<\/em> dice la nota difundida por Viva Cazuza y firmada por la madre del cantante y tambi\u00e9n por los compositores George Israel y Nilo Romero.<\/p>\n<div class=\"fb-post\" data-href=\"https:\/\/www.facebook.com\/vivacazuza\/posts\/2944500688920631\" data-width=\"552\" style=\"background-color: #fff; display: inline-block;\"><\/div>\n<p style=\"text-align: justify;\">La nota tambi\u00e9n advierte a las personas que sigan las <strong>medidas de aislamiento social<\/strong>, reforzando las pautas de la OMS para que la poblaci\u00f3n se quede en casa.<\/p>\n<p style=\"text-align: justify;\">El posicionamiento se debe a que la canci\u00f3n \u00abBrasil\u00bb, que forma parte del disco Ideologia lanzado en 1988, termin\u00f3 convirti\u00e9ndose en una especie de <strong>tema<\/strong> para las manifestaciones pro-Bolsonaro.<\/p>\n<p><span class=\"embed-youtube\" style=\"text-align:center; display: block;\"><iframe loading=\"lazy\" class=\"youtube-player\" width=\"696\" height=\"392\" src=\"https:\/\/www.youtube.com\/embed\/PP1ceTYUk4E?version=3&#038;rel=1&#038;showsearch=0&#038;showinfo=1&#038;iv_load_policy=1&#038;fs=1&#038;hl=es-ES&#038;autohide=2&#038;wmode=transparent\" allowfullscreen=\"true\" style=\"border:0;\" sandbox=\"allow-scripts allow-same-origin allow-popups allow-presentation allow-popups-to-escape-sandbox\"><\/iframe><\/span><\/p>\n<h3 style=\"text-align: justify;\"><strong>30 A\u00d1OS DE LA MUERTE DE CAZUZA<\/strong><\/h3>\n<p style=\"text-align: justify;\">El cantante, nacido <strong>Agenor de Miranda Ara\u00fajo Neto<\/strong>, falleci\u00f3 a causa de un shock s\u00e9ptico provocado por el <a href=\"https:\/\/gay.blog.br\/noticias\/estima-se-que-135-mil-brasileiros-nao-sabem-que-estao-com-virus-hiv\/\">SIDA<\/a> el 7 de julio de 1990, a la edad de 32 a\u00f1os. El diagn\u00f3stico lleg\u00f3 en 1987, durante la \u00e9poca de la promoci\u00f3n de su segundo disco en solitario, S\u00f3 se for a Dois.<\/p>\n<p style=\"text-align: justify;\">Despu\u00e9s de que <strong>Cazuza<\/strong> descubri\u00f3 que ten\u00eda el virus del VIH, dijo que \u00abdej\u00f3 de mirar su propio ombligo y comenz\u00f3 a cantar a su pa\u00eds\u00bb, seg\u00fan su madre.<\/p>\n<p style=\"text-align: justify;\">La <strong>Sociedad Viva Cazuza<\/strong> se fund\u00f3 a fines de la d\u00e9cada de 1990 con el objetivo de ayudar a los pacientes con VIH\/SIDA. En 1994, la ONG comenz\u00f3 a dedicar sus esfuerzos especialmente a los ni\u00f1os y adolescentes abandonados por sus familias por ser seropositivos. Adem\u00e1s de ellos, tambi\u00e9n hay trabajo para pacientes adultos que en su mayor\u00eda son analfabetos.<\/p>\n<blockquote class=\"wp-embedded-content\" data-secret=\"ePWyNpzp1l\"><p><a href=\"https:\/\/gay.blog.br\/saude\/hiv-e-aids-sao-coisas-diferentes\/\">HIV e AIDS s\u00e3o coisas diferentes<\/a><\/p><\/blockquote>\n<p><iframe loading=\"lazy\" class=\"wp-embedded-content\" sandbox=\"allow-scripts\" security=\"restricted\" style=\"position: absolute; clip: rect(1px, 1px, 1px, 1px);\" title=\"&#8220;HIV e AIDS s\u00e3o coisas diferentes&#8221; &#8212; GAY BLOG BR @gayblogbr\" src=\"https:\/\/gay.blog.br\/saude\/hiv-e-aids-sao-coisas-diferentes\/embed\/#?secret=ePWyNpzp1l\" data-secret=\"ePWyNpzp1l\" width=\"600\" height=\"338\" frameborder=\"0\" marginwidth=\"0\" marginheight=\"0\" scrolling=\"no\"><\/iframe><\/p>\n","protected":false},"excerpt":{"rendered":"<p>La canci\u00f3n \u00abBrasil\u00bb se convirti\u00f3 en una especie de tema para las manifestaciones en apoyo del actual presidente de la rep\u00fablica.<\/p>\n","protected":false},"author":3515,"featured_media":80983,"comment_status":"open","ping_status":"open","sticky":false,"template":"","format":"standard","meta":{"googlesitekit_rrm_CAoiEBg-BXrJeACjO8p49SE4kTY:productID":"","tdm_status":"","tdm_grid_status":"","_jetpack_newsletter_access":"","_jetpack_dont_email_post_to_subs":false,"_jetpack_newsletter_tier_id":0,"_jetpack_memberships_contains_paywalled_content":false,"_jetpack_memberships_contains_paid_content":false,"footnotes":"","jetpack_publicize_message":"La madre de Cazuza les proh\u00edbe usar las canciones del cantante en manifestaciones pro-Bolsonaro","jetpack_publicize_feature_enabled":true,"jetpack_social_post_already_shared":true,"jetpack_social_options":{"image_generator_settings":{"template":"highway","default_image_id":0,"font":"","enabled":false},"version":2},"_wpas_customize_per_network":false,"jetpack_post_was_ever_published":false},"categories":[589932374,589932144,589932231],"tags":[38185,992333,589919701,589928624,146581],"class_list":{"0":"post-103477","1":"post","2":"type-post","3":"status-publish","4":"format-standard","5":"has-post-thumbnail","7":"category-derechos","8":"category-gay-es","9":"category-noticias-es","10":"tag-brasil","11":"tag-cazuza","12":"tag-jair-bolsonaro","13":"tag-lucinha-araujo","14":"tag-ong"},"yoast_head":"<!-- This site is optimized with the Yoast SEO plugin v27.4 - https:\/\/yoast.com\/product\/yoast-seo-wordpress\/ -->\n<title>La madre de Cazuza les proh\u00edbe usar las canciones del cantante en manifestaciones pro-Bolsonaro<\/title>\n<meta name=\"description\" content=\"Lucinha Ara\u00fajo, la madre de Cazuza, public\u00f3 que no quiere que la m\u00fasica de su hijo se use en manifestaciones pro Bolsonaro.\" \/>\n<meta name=\"robots\" content=\"index, follow, max-snippet:-1, max-image-preview:large, max-video-preview:-1\" \/>\n<link rel=\"canonical\" href=\"https:\/\/gay.blog.br\/es\/gay-es\/la-madre-de-cazuza-les-prohibe-usar-las-canciones-del-cantante-en-manifestaciones-pro-bolsonaro\/\" \/>\n<meta property=\"og:locale\" content=\"es_ES\" \/>\n<meta property=\"og:type\" content=\"article\" \/>\n<meta property=\"og:title\" content=\"La madre de Cazuza les proh\u00edbe usar las canciones del cantante en manifestaciones pro-Bolsonaro\" \/>\n<meta property=\"og:description\" content=\"Lucinha Ara\u00fajo, la madre de Cazuza, public\u00f3 que no quiere que la m\u00fasica de su hijo se use en manifestaciones pro Bolsonaro.\" \/>\n<meta property=\"og:url\" content=\"https:\/\/gay.blog.br\/es\/gay-es\/la-madre-de-cazuza-les-prohibe-usar-las-canciones-del-cantante-en-manifestaciones-pro-bolsonaro\/\" \/>\n<meta property=\"og:site_name\" content=\"GAY BLOG BR @gayblogbr\" \/>\n<meta property=\"article:publisher\" content=\"https:\/\/facebook.com\/gayblogbr\" \/>\n<meta property=\"article:author\" content=\"https:\/\/www.facebook.com\/victormillerreal\" \/>\n<meta property=\"article:published_time\" content=\"2020-05-11T21:37:40+00:00\" \/>\n<meta property=\"article:modified_time\" content=\"2020-12-26T00:58:54+00:00\" \/>\n<meta property=\"og:image\" content=\"https:\/\/i1.wp.com\/gay.blog.br\/wp-content\/uploads\/2020\/05\/Lucinha-Ara\u00fajo-e-Cazuza.jpg?fit=940%2C585&ssl=1\" \/>\n\t<meta property=\"og:image:width\" content=\"940\" \/>\n\t<meta property=\"og:image:height\" content=\"585\" \/>\n\t<meta property=\"og:image:type\" content=\"image\/jpeg\" \/>\n<meta name=\"author\" content=\"Victor Miller\" \/>\n<meta name=\"twitter:card\" content=\"summary_large_image\" \/>\n<meta name=\"twitter:creator\" content=\"@https:\/\/twitter.com\/victor_miller\" \/>\n<meta name=\"twitter:site\" content=\"@gayblogbr\" \/>\n<meta name=\"twitter:label1\" content=\"Escrito por\" \/>\n\t<meta name=\"twitter:data1\" content=\"Victor Miller\" \/>\n\t<meta name=\"twitter:label2\" content=\"Tiempo de lectura\" \/>\n\t<meta name=\"twitter:data2\" content=\"2 minutos\" \/>\n<script type=\"application\/ld+json\" class=\"yoast-schema-graph\">{\"@context\":\"https:\\\/\\\/schema.org\",\"@graph\":[{\"@type\":\"Article\",\"@id\":\"https:\\\/\\\/gay.blog.br\\\/es\\\/gay-es\\\/la-madre-de-cazuza-les-prohibe-usar-las-canciones-del-cantante-en-manifestaciones-pro-bolsonaro\\\/#article\",\"isPartOf\":{\"@id\":\"https:\\\/\\\/gay.blog.br\\\/es\\\/gay-es\\\/la-madre-de-cazuza-les-prohibe-usar-las-canciones-del-cantante-en-manifestaciones-pro-bolsonaro\\\/\"},\"author\":{\"name\":\"Victor Miller\",\"@id\":\"https:\\\/\\\/gay.blog.br\\\/es\\\/#\\\/schema\\\/person\\\/5e0cf06e5d5e166b6afeaefc7fc56d9d\"},\"headline\":\"La madre de Cazuza les proh\u00edbe usar las canciones del cantante en manifestaciones pro-Bolsonaro\",\"datePublished\":\"2020-05-11T21:37:40+00:00\",\"dateModified\":\"2020-12-26T00:58:54+00:00\",\"mainEntityOfPage\":{\"@id\":\"https:\\\/\\\/gay.blog.br\\\/es\\\/gay-es\\\/la-madre-de-cazuza-les-prohibe-usar-las-canciones-del-cantante-en-manifestaciones-pro-bolsonaro\\\/\"},\"wordCount\":410,\"commentCount\":0,\"publisher\":{\"@id\":\"https:\\\/\\\/gay.blog.br\\\/es\\\/#organization\"},\"image\":{\"@id\":\"https:\\\/\\\/gay.blog.br\\\/es\\\/gay-es\\\/la-madre-de-cazuza-les-prohibe-usar-las-canciones-del-cantante-en-manifestaciones-pro-bolsonaro\\\/#primaryimage\"},\"thumbnailUrl\":\"https:\\\/\\\/i0.wp.com\\\/gay.blog.br\\\/wp-content\\\/uploads\\\/2020\\\/05\\\/Lucinha-Ara%C3%BAjo-e-Cazuza.jpg?fit=940%2C585&ssl=1\",\"keywords\":[\"brasil\",\"cazuza\",\"jair bolsonaro\",\"Lucinha Ara\u00fajo\",\"ong\"],\"articleSection\":[\"DERECHOS\",\"GAY\",\"NOT\u00cdCIAS\"],\"inLanguage\":\"es\",\"potentialAction\":[{\"@type\":\"CommentAction\",\"name\":\"Comment\",\"target\":[\"https:\\\/\\\/gay.blog.br\\\/es\\\/gay-es\\\/la-madre-de-cazuza-les-prohibe-usar-las-canciones-del-cantante-en-manifestaciones-pro-bolsonaro\\\/#respond\"]}]},{\"@type\":\"WebPage\",\"@id\":\"https:\\\/\\\/gay.blog.br\\\/es\\\/gay-es\\\/la-madre-de-cazuza-les-prohibe-usar-las-canciones-del-cantante-en-manifestaciones-pro-bolsonaro\\\/\",\"url\":\"https:\\\/\\\/gay.blog.br\\\/es\\\/gay-es\\\/la-madre-de-cazuza-les-prohibe-usar-las-canciones-del-cantante-en-manifestaciones-pro-bolsonaro\\\/\",\"name\":\"La madre de Cazuza les proh\u00edbe usar las canciones del cantante en manifestaciones pro-Bolsonaro\",\"isPartOf\":{\"@id\":\"https:\\\/\\\/gay.blog.br\\\/es\\\/#website\"},\"primaryImageOfPage\":{\"@id\":\"https:\\\/\\\/gay.blog.br\\\/es\\\/gay-es\\\/la-madre-de-cazuza-les-prohibe-usar-las-canciones-del-cantante-en-manifestaciones-pro-bolsonaro\\\/#primaryimage\"},\"image\":{\"@id\":\"https:\\\/\\\/gay.blog.br\\\/es\\\/gay-es\\\/la-madre-de-cazuza-les-prohibe-usar-las-canciones-del-cantante-en-manifestaciones-pro-bolsonaro\\\/#primaryimage\"},\"thumbnailUrl\":\"https:\\\/\\\/i0.wp.com\\\/gay.blog.br\\\/wp-content\\\/uploads\\\/2020\\\/05\\\/Lucinha-Ara%C3%BAjo-e-Cazuza.jpg?fit=940%2C585&ssl=1\",\"datePublished\":\"2020-05-11T21:37:40+00:00\",\"dateModified\":\"2020-12-26T00:58:54+00:00\",\"description\":\"Lucinha Ara\u00fajo, la madre de Cazuza, public\u00f3 que no quiere que la m\u00fasica de su hijo se use en manifestaciones pro Bolsonaro.\",\"breadcrumb\":{\"@id\":\"https:\\\/\\\/gay.blog.br\\\/es\\\/gay-es\\\/la-madre-de-cazuza-les-prohibe-usar-las-canciones-del-cantante-en-manifestaciones-pro-bolsonaro\\\/#breadcrumb\"},\"inLanguage\":\"es\",\"potentialAction\":[{\"@type\":\"ReadAction\",\"target\":[\"https:\\\/\\\/gay.blog.br\\\/es\\\/gay-es\\\/la-madre-de-cazuza-les-prohibe-usar-las-canciones-del-cantante-en-manifestaciones-pro-bolsonaro\\\/\"]}]},{\"@type\":\"ImageObject\",\"inLanguage\":\"es\",\"@id\":\"https:\\\/\\\/gay.blog.br\\\/es\\\/gay-es\\\/la-madre-de-cazuza-les-prohibe-usar-las-canciones-del-cantante-en-manifestaciones-pro-bolsonaro\\\/#primaryimage\",\"url\":\"https:\\\/\\\/i0.wp.com\\\/gay.blog.br\\\/wp-content\\\/uploads\\\/2020\\\/05\\\/Lucinha-Ara%C3%BAjo-e-Cazuza.jpg?fit=940%2C585&ssl=1\",\"contentUrl\":\"https:\\\/\\\/i0.wp.com\\\/gay.blog.br\\\/wp-content\\\/uploads\\\/2020\\\/05\\\/Lucinha-Ara%C3%BAjo-e-Cazuza.jpg?fit=940%2C585&ssl=1\",\"width\":940,\"height\":585,\"caption\":\"Foto: Reprodu\u00e7\u00e3o\"},{\"@type\":\"BreadcrumbList\",\"@id\":\"https:\\\/\\\/gay.blog.br\\\/es\\\/gay-es\\\/la-madre-de-cazuza-les-prohibe-usar-las-canciones-del-cantante-en-manifestaciones-pro-bolsonaro\\\/#breadcrumb\",\"itemListElement\":[{\"@type\":\"ListItem\",\"position\":1,\"name\":\"In\u00edcio\",\"item\":\"https:\\\/\\\/gay.blog.br\\\/es\\\/\"},{\"@type\":\"ListItem\",\"position\":2,\"name\":\"La madre de Cazuza les proh\u00edbe usar las canciones del cantante en manifestaciones pro-Bolsonaro\"}]},{\"@type\":\"WebSite\",\"@id\":\"https:\\\/\\\/gay.blog.br\\\/es\\\/#website\",\"url\":\"https:\\\/\\\/gay.blog.br\\\/es\\\/\",\"name\":\"GAY BLOG BR @gayblogbr\",\"description\":\"Not\u00edcias que empoderam e\\\/ou entret\u00eam s\u00e3o especialidades da casa\",\"publisher\":{\"@id\":\"https:\\\/\\\/gay.blog.br\\\/es\\\/#organization\"},\"potentialAction\":[{\"@type\":\"SearchAction\",\"target\":{\"@type\":\"EntryPoint\",\"urlTemplate\":\"https:\\\/\\\/gay.blog.br\\\/es\\\/?s={search_term_string}\"},\"query-input\":{\"@type\":\"PropertyValueSpecification\",\"valueRequired\":true,\"valueName\":\"search_term_string\"}}],\"inLanguage\":\"es\"},{\"@type\":\"Organization\",\"@id\":\"https:\\\/\\\/gay.blog.br\\\/es\\\/#organization\",\"name\":\"GAY BLOG BR\",\"url\":\"https:\\\/\\\/gay.blog.br\\\/es\\\/\",\"logo\":{\"@type\":\"ImageObject\",\"inLanguage\":\"es\",\"@id\":\"https:\\\/\\\/gay.blog.br\\\/es\\\/#\\\/schema\\\/logo\\\/image\\\/\",\"url\":\"https:\\\/\\\/i0.wp.com\\\/gay.blog.br\\\/wp-content\\\/uploads\\\/2023\\\/08\\\/gay180px.png?fit=272%2C90&ssl=1\",\"contentUrl\":\"https:\\\/\\\/i0.wp.com\\\/gay.blog.br\\\/wp-content\\\/uploads\\\/2023\\\/08\\\/gay180px.png?fit=272%2C90&ssl=1\",\"width\":272,\"height\":90,\"caption\":\"GAY BLOG BR\"},\"image\":{\"@id\":\"https:\\\/\\\/gay.blog.br\\\/es\\\/#\\\/schema\\\/logo\\\/image\\\/\"},\"sameAs\":[\"https:\\\/\\\/facebook.com\\\/gayblogbr\",\"https:\\\/\\\/x.com\\\/gayblogbr\",\"https:\\\/\\\/instagram.com\\\/gayblogbr\",\"https:\\\/\\\/www.linkedin.com\\\/company\\\/gayblogbr\\\/\",\"https:\\\/\\\/br.pinterest.com\\\/gayblogbr\\\/\",\"https:\\\/\\\/www.youtube.com\\\/channel\\\/UCdEu3JXLOB-wvWAVUF4AIiA\",\"https:\\\/\\\/pt.wikipedia.org\\\/wiki\\\/Gay_Blog_Br\",\"https:\\\/\\\/www.threads.net\\\/@gayblogbr\"]},{\"@type\":\"Person\",\"@id\":\"https:\\\/\\\/gay.blog.br\\\/es\\\/#\\\/schema\\\/person\\\/5e0cf06e5d5e166b6afeaefc7fc56d9d\",\"name\":\"Victor Miller\",\"image\":{\"@type\":\"ImageObject\",\"inLanguage\":\"es\",\"@id\":\"https:\\\/\\\/secure.gravatar.com\\\/avatar\\\/7c1fad0dcba879f76a2e6b9189cea981c8fcb9c7e6f40d5903cf16ba29cb80b5?s=96&d=mm&r=g\",\"url\":\"https:\\\/\\\/secure.gravatar.com\\\/avatar\\\/7c1fad0dcba879f76a2e6b9189cea981c8fcb9c7e6f40d5903cf16ba29cb80b5?s=96&d=mm&r=g\",\"contentUrl\":\"https:\\\/\\\/secure.gravatar.com\\\/avatar\\\/7c1fad0dcba879f76a2e6b9189cea981c8fcb9c7e6f40d5903cf16ba29cb80b5?s=96&d=mm&r=g\",\"caption\":\"Victor Miller\"},\"description\":\"Jornalista formado pela PUC do Rio de Janeiro, dedicou sua vida a falar sobre cultura nerd\\\/geek. Gay desde que se entende por gente, sempre teve desejo de trabalhar com o p\u00fablico LGBT+ e cr\u00ea que a informa\u00e7\u00e3o \u00e9 a a melhor arma contra qualquer tipo de \\\"fobia\\\"\",\"sameAs\":[\"https:\\\/\\\/gay.blog.br\\\/author\\\/victormiller\\\/\",\"https:\\\/\\\/www.facebook.com\\\/victormillerreal\",\"https:\\\/\\\/instagram.com\\\/victormillermiranda\",\"https:\\\/\\\/www.linkedin.com\\\/in\\\/victor-miller-266b54a7\\\/\",\"https:\\\/\\\/x.com\\\/https:\\\/\\\/twitter.com\\\/victor_miller\",\"https:\\\/\\\/www.youtube.com\\\/user\\\/planetasonic\"],\"url\":\"https:\\\/\\\/gay.blog.br\\\/es\\\/author\\\/victormiller\\\/\"}]}<\/script>\n<!-- \/ Yoast SEO plugin. -->","yoast_head_json":{"title":"La madre de Cazuza les proh\u00edbe usar las canciones del cantante en manifestaciones pro-Bolsonaro","description":"Lucinha Ara\u00fajo, la madre de Cazuza, public\u00f3 que no quiere que la m\u00fasica de su hijo se use en manifestaciones pro Bolsonaro.","robots":{"index":"index","follow":"follow","max-snippet":"max-snippet:-1","max-image-preview":"max-image-preview:large","max-video-preview":"max-video-preview:-1"},"canonical":"https:\/\/gay.blog.br\/es\/gay-es\/la-madre-de-cazuza-les-prohibe-usar-las-canciones-del-cantante-en-manifestaciones-pro-bolsonaro\/","og_locale":"es_ES","og_type":"article","og_title":"La madre de Cazuza les proh\u00edbe usar las canciones del cantante en manifestaciones pro-Bolsonaro","og_description":"Lucinha Ara\u00fajo, la madre de Cazuza, public\u00f3 que no quiere que la m\u00fasica de su hijo se use en manifestaciones pro Bolsonaro.","og_url":"https:\/\/gay.blog.br\/es\/gay-es\/la-madre-de-cazuza-les-prohibe-usar-las-canciones-del-cantante-en-manifestaciones-pro-bolsonaro\/","og_site_name":"GAY BLOG BR @gayblogbr","article_publisher":"https:\/\/facebook.com\/gayblogbr","article_author":"https:\/\/www.facebook.com\/victormillerreal","article_published_time":"2020-05-11T21:37:40+00:00","article_modified_time":"2020-12-26T00:58:54+00:00","og_image":[{"width":940,"height":585,"url":"https:\/\/i1.wp.com\/gay.blog.br\/wp-content\/uploads\/2020\/05\/Lucinha-Ara\u00fajo-e-Cazuza.jpg?fit=940%2C585&ssl=1","type":"image\/jpeg"}],"author":"Victor Miller","twitter_card":"summary_large_image","twitter_creator":"@https:\/\/twitter.com\/victor_miller","twitter_site":"@gayblogbr","twitter_misc":{"Escrito por":"Victor Miller","Tiempo de lectura":"2 minutos"},"schema":{"@context":"https:\/\/schema.org","@graph":[{"@type":"Article","@id":"https:\/\/gay.blog.br\/es\/gay-es\/la-madre-de-cazuza-les-prohibe-usar-las-canciones-del-cantante-en-manifestaciones-pro-bolsonaro\/#article","isPartOf":{"@id":"https:\/\/gay.blog.br\/es\/gay-es\/la-madre-de-cazuza-les-prohibe-usar-las-canciones-del-cantante-en-manifestaciones-pro-bolsonaro\/"},"author":{"name":"Victor Miller","@id":"https:\/\/gay.blog.br\/es\/#\/schema\/person\/5e0cf06e5d5e166b6afeaefc7fc56d9d"},"headline":"La madre de Cazuza les proh\u00edbe usar las canciones del cantante en manifestaciones pro-Bolsonaro","datePublished":"2020-05-11T21:37:40+00:00","dateModified":"2020-12-26T00:58:54+00:00","mainEntityOfPage":{"@id":"https:\/\/gay.blog.br\/es\/gay-es\/la-madre-de-cazuza-les-prohibe-usar-las-canciones-del-cantante-en-manifestaciones-pro-bolsonaro\/"},"wordCount":410,"commentCount":0,"publisher":{"@id":"https:\/\/gay.blog.br\/es\/#organization"},"image":{"@id":"https:\/\/gay.blog.br\/es\/gay-es\/la-madre-de-cazuza-les-prohibe-usar-las-canciones-del-cantante-en-manifestaciones-pro-bolsonaro\/#primaryimage"},"thumbnailUrl":"https:\/\/i0.wp.com\/gay.blog.br\/wp-content\/uploads\/2020\/05\/Lucinha-Ara%C3%BAjo-e-Cazuza.jpg?fit=940%2C585&ssl=1","keywords":["brasil","cazuza","jair bolsonaro","Lucinha Ara\u00fajo","ong"],"articleSection":["DERECHOS","GAY","NOT\u00cdCIAS"],"inLanguage":"es","potentialAction":[{"@type":"CommentAction","name":"Comment","target":["https:\/\/gay.blog.br\/es\/gay-es\/la-madre-de-cazuza-les-prohibe-usar-las-canciones-del-cantante-en-manifestaciones-pro-bolsonaro\/#respond"]}]},{"@type":"WebPage","@id":"https:\/\/gay.blog.br\/es\/gay-es\/la-madre-de-cazuza-les-prohibe-usar-las-canciones-del-cantante-en-manifestaciones-pro-bolsonaro\/","url":"https:\/\/gay.blog.br\/es\/gay-es\/la-madre-de-cazuza-les-prohibe-usar-las-canciones-del-cantante-en-manifestaciones-pro-bolsonaro\/","name":"La madre de Cazuza les proh\u00edbe usar las canciones del cantante en manifestaciones pro-Bolsonaro","isPartOf":{"@id":"https:\/\/gay.blog.br\/es\/#website"},"primaryImageOfPage":{"@id":"https:\/\/gay.blog.br\/es\/gay-es\/la-madre-de-cazuza-les-prohibe-usar-las-canciones-del-cantante-en-manifestaciones-pro-bolsonaro\/#primaryimage"},"image":{"@id":"https:\/\/gay.blog.br\/es\/gay-es\/la-madre-de-cazuza-les-prohibe-usar-las-canciones-del-cantante-en-manifestaciones-pro-bolsonaro\/#primaryimage"},"thumbnailUrl":"https:\/\/i0.wp.com\/gay.blog.br\/wp-content\/uploads\/2020\/05\/Lucinha-Ara%C3%BAjo-e-Cazuza.jpg?fit=940%2C585&ssl=1","datePublished":"2020-05-11T21:37:40+00:00","dateModified":"2020-12-26T00:58:54+00:00","description":"Lucinha Ara\u00fajo, la madre de Cazuza, public\u00f3 que no quiere que la m\u00fasica de su hijo se use en manifestaciones pro Bolsonaro.","breadcrumb":{"@id":"https:\/\/gay.blog.br\/es\/gay-es\/la-madre-de-cazuza-les-prohibe-usar-las-canciones-del-cantante-en-manifestaciones-pro-bolsonaro\/#breadcrumb"},"inLanguage":"es","potentialAction":[{"@type":"ReadAction","target":["https:\/\/gay.blog.br\/es\/gay-es\/la-madre-de-cazuza-les-prohibe-usar-las-canciones-del-cantante-en-manifestaciones-pro-bolsonaro\/"]}]},{"@type":"ImageObject","inLanguage":"es","@id":"https:\/\/gay.blog.br\/es\/gay-es\/la-madre-de-cazuza-les-prohibe-usar-las-canciones-del-cantante-en-manifestaciones-pro-bolsonaro\/#primaryimage","url":"https:\/\/i0.wp.com\/gay.blog.br\/wp-content\/uploads\/2020\/05\/Lucinha-Ara%C3%BAjo-e-Cazuza.jpg?fit=940%2C585&ssl=1","contentUrl":"https:\/\/i0.wp.com\/gay.blog.br\/wp-content\/uploads\/2020\/05\/Lucinha-Ara%C3%BAjo-e-Cazuza.jpg?fit=940%2C585&ssl=1","width":940,"height":585,"caption":"Foto: Reprodu\u00e7\u00e3o"},{"@type":"BreadcrumbList","@id":"https:\/\/gay.blog.br\/es\/gay-es\/la-madre-de-cazuza-les-prohibe-usar-las-canciones-del-cantante-en-manifestaciones-pro-bolsonaro\/#breadcrumb","itemListElement":[{"@type":"ListItem","position":1,"name":"In\u00edcio","item":"https:\/\/gay.blog.br\/es\/"},{"@type":"ListItem","position":2,"name":"La madre de Cazuza les proh\u00edbe usar las canciones del cantante en manifestaciones pro-Bolsonaro"}]},{"@type":"WebSite","@id":"https:\/\/gay.blog.br\/es\/#website","url":"https:\/\/gay.blog.br\/es\/","name":"GAY BLOG BR @gayblogbr","description":"Not\u00edcias que empoderam e\/ou entret\u00eam s\u00e3o especialidades da casa","publisher":{"@id":"https:\/\/gay.blog.br\/es\/#organization"},"potentialAction":[{"@type":"SearchAction","target":{"@type":"EntryPoint","urlTemplate":"https:\/\/gay.blog.br\/es\/?s={search_term_string}"},"query-input":{"@type":"PropertyValueSpecification","valueRequired":true,"valueName":"search_term_string"}}],"inLanguage":"es"},{"@type":"Organization","@id":"https:\/\/gay.blog.br\/es\/#organization","name":"GAY BLOG BR","url":"https:\/\/gay.blog.br\/es\/","logo":{"@type":"ImageObject","inLanguage":"es","@id":"https:\/\/gay.blog.br\/es\/#\/schema\/logo\/image\/","url":"https:\/\/i0.wp.com\/gay.blog.br\/wp-content\/uploads\/2023\/08\/gay180px.png?fit=272%2C90&ssl=1","contentUrl":"https:\/\/i0.wp.com\/gay.blog.br\/wp-content\/uploads\/2023\/08\/gay180px.png?fit=272%2C90&ssl=1","width":272,"height":90,"caption":"GAY BLOG BR"},"image":{"@id":"https:\/\/gay.blog.br\/es\/#\/schema\/logo\/image\/"},"sameAs":["https:\/\/facebook.com\/gayblogbr","https:\/\/x.com\/gayblogbr","https:\/\/instagram.com\/gayblogbr","https:\/\/www.linkedin.com\/company\/gayblogbr\/","https:\/\/br.pinterest.com\/gayblogbr\/","https:\/\/www.youtube.com\/channel\/UCdEu3JXLOB-wvWAVUF4AIiA","https:\/\/pt.wikipedia.org\/wiki\/Gay_Blog_Br","https:\/\/www.threads.net\/@gayblogbr"]},{"@type":"Person","@id":"https:\/\/gay.blog.br\/es\/#\/schema\/person\/5e0cf06e5d5e166b6afeaefc7fc56d9d","name":"Victor Miller","image":{"@type":"ImageObject","inLanguage":"es","@id":"https:\/\/secure.gravatar.com\/avatar\/7c1fad0dcba879f76a2e6b9189cea981c8fcb9c7e6f40d5903cf16ba29cb80b5?s=96&d=mm&r=g","url":"https:\/\/secure.gravatar.com\/avatar\/7c1fad0dcba879f76a2e6b9189cea981c8fcb9c7e6f40d5903cf16ba29cb80b5?s=96&d=mm&r=g","contentUrl":"https:\/\/secure.gravatar.com\/avatar\/7c1fad0dcba879f76a2e6b9189cea981c8fcb9c7e6f40d5903cf16ba29cb80b5?s=96&d=mm&r=g","caption":"Victor Miller"},"description":"Jornalista formado pela PUC do Rio de Janeiro, dedicou sua vida a falar sobre cultura nerd\/geek. Gay desde que se entende por gente, sempre teve desejo de trabalhar com o p\u00fablico LGBT+ e cr\u00ea que a informa\u00e7\u00e3o \u00e9 a a melhor arma contra qualquer tipo de \"fobia\"","sameAs":["https:\/\/gay.blog.br\/author\/victormiller\/","https:\/\/www.facebook.com\/victormillerreal","https:\/\/instagram.com\/victormillermiranda","https:\/\/www.linkedin.com\/in\/victor-miller-266b54a7\/","https:\/\/x.com\/https:\/\/twitter.com\/victor_miller","https:\/\/www.youtube.com\/user\/planetasonic"],"url":"https:\/\/gay.blog.br\/es\/author\/victormiller\/"}]}},"jetpack_publicize_connections":[],"jetpack_featured_media_url":"https:\/\/i0.wp.com\/gay.blog.br\/wp-content\/uploads\/2020\/05\/Lucinha-Ara%C3%BAjo-e-Cazuza.jpg?fit=940%2C585&ssl=1","jetpack_sharing_enabled":true,"jetpack_shortlink":"https:\/\/wp.me\/p6klkK-qUZ","jetpack_likes_enabled":false,"amp_enabled":true,"_links":{"self":[{"href":"https:\/\/gay.blog.br\/es\/wp-json\/wp\/v2\/posts\/103477","targetHints":{"allow":["GET"]}}],"collection":[{"href":"https:\/\/gay.blog.br\/es\/wp-json\/wp\/v2\/posts"}],"about":[{"href":"https:\/\/gay.blog.br\/es\/wp-json\/wp\/v2\/types\/post"}],"author":[{"embeddable":true,"href":"https:\/\/gay.blog.br\/es\/wp-json\/wp\/v2\/users\/3515"}],"replies":[{"embeddable":true,"href":"https:\/\/gay.blog.br\/es\/wp-json\/wp\/v2\/comments?post=103477"}],"version-history":[{"count":0,"href":"https:\/\/gay.blog.br\/es\/wp-json\/wp\/v2\/posts\/103477\/revisions"}],"wp:featuredmedia":[{"embeddable":true,"href":"https:\/\/gay.blog.br\/es\/wp-json\/wp\/v2\/media\/80983"}],"wp:attachment":[{"href":"https:\/\/gay.blog.br\/es\/wp-json\/wp\/v2\/media?parent=103477"}],"wp:term":[{"taxonomy":"category","embeddable":true,"href":"https:\/\/gay.blog.br\/es\/wp-json\/wp\/v2\/categories?post=103477"},{"taxonomy":"post_tag","embeddable":true,"href":"https:\/\/gay.blog.br\/es\/wp-json\/wp\/v2\/tags?post=103477"}],"curies":[{"name":"wp","href":"https:\/\/api.w.org\/{rel}","templated":true}]}}