{"id":103481,"date":"2020-05-09T18:39:20","date_gmt":"2020-05-09T21:39:20","guid":{"rendered":"https:\/\/gay.blog.br\/?p=103481"},"modified":"2020-12-25T21:56:55","modified_gmt":"2020-12-26T00:56:55","slug":"ge-de-lima-anima-festival-de-musicos-pocs-brasilenos-con-clasicos-mira-el-espectaculo-en-su-totalidad","status":"publish","type":"post","link":"https:\/\/gay.blog.br\/es\/recreacion\/conciertos\/ge-de-lima-anima-festival-de-musicos-pocs-brasilenos-con-clasicos-mira-el-espectaculo-en-su-totalidad\/","title":{"rendered":"G\u00ea de Lima anima Festival de M\u00fasicos Pocs Brasile\u00f1os con cl\u00e1sicos, mira el espect\u00e1culo en su totalidad"},"content":{"rendered":"<p style=\"text-align: justify;\"><strong>G\u00ea de Lima<\/strong> lanz\u00f3 su primer trabajo, \u201cMinha Conduta\u201d, en 2014, y desde entonces sigue llevando la m\u00fasica negra m\u00e1s all\u00e1 de los l\u00edmites de la periferia. Al tratar con cuestiones raciales y de g\u00e9nero, el artista plantea cuestiones urgentes a su arte.<\/p>\n<p style=\"text-align: justify;\">En el tercer d\u00eda del <a href=\"https:\/\/gay.blog.br\/noticias\/festival-de-musicos-pocs-brasileiros-mpb-comeca-nesta-quinta-07-de-maio\/\">Festival de M\u00fasicos Brasile\u00f1os Pocs<\/a>, G\u00ea de Lima interpret\u00f3 tres cl\u00e1sicos de MPB: <em>Z\u00e9 do Caro\u00e7o, Maneiras<\/em> y <em>Flor de Lis.<\/em> Mira el programa completo:<\/p>\n<div class=\"fb-video\" data-allowfullscreen=\"true\" data-href=\"https:\/\/www.facebook.com\/gayblogbr\/videos\/3164614770269437\" style=\"background-color: #fff; display: inline-block;\"><\/div>\n<p style=\"text-align: justify;\">Siga G\u00ea en Spotify: <a href=\"https:\/\/bit.ly\/gedelima\">https:\/\/bit.ly\/gedelima<\/a><\/p>\n<h3 style=\"text-align: justify;\"><strong>TEXTURA<\/strong><\/h3>\n<p style=\"text-align: justify;\">El clip \u201c<strong>Textura\u201d<\/strong>, que lanz\u00f3 G\u00ea de Lima en 2018, surge de la necesidad de construir un di\u00e1logo m\u00e1s directo con personas que construyen im\u00e1genes equivocadas sobre l\u00edneas negras y cuerpos. \u201cDentro del proceso de aceptaci\u00f3n de la identidad negra, la est\u00e9tica es parte fundamental del reconocimiento de la negritud, pero gana otra lectura cuando es expresada por personas no negras\u201d. La m\u00fasica trae en sus beats elementos de afrobeat, reggaeton, afox\u00e9 y tambores de candombl\u00e9, transform\u00e1ndose en una mezcla de ritmos bailables que nos transportan a una experiencia energ\u00e9tica y ancestral.<\/p>\n<p style=\"text-align: justify;\">\u201cEncuentro a trav\u00e9s de la m\u00fasica, el poder de transformar el dolor en esperanza y hacer que el di\u00e1logo est\u00e9 presente en todos los espacios\u201d, dice el cantante.<\/p>\n<p><span class=\"embed-youtube\" style=\"text-align:center; display: block;\"><iframe loading=\"lazy\" class=\"youtube-player\" width=\"696\" height=\"392\" src=\"https:\/\/www.youtube.com\/embed\/tiHF3SPLOPU?version=3&#038;rel=1&#038;showsearch=0&#038;showinfo=1&#038;iv_load_policy=1&#038;fs=1&#038;hl=es-ES&#038;autohide=2&#038;wmode=transparent\" allowfullscreen=\"true\" style=\"border:0;\" sandbox=\"allow-scripts allow-same-origin allow-popups allow-presentation allow-popups-to-escape-sandbox\"><\/iframe><\/span><\/p>\n<p style=\"text-align: justify;\">Y el festival contin\u00faa:<\/p>\n<h4 style=\"text-align: justify;\"><strong>SERVICIO<\/strong><\/h4>\n<p style=\"text-align: justify;\"><strong>FESTIVAL DE M\u00daSICOS BRASILE\u00d1OS DE POCS<\/strong><br \/>\n<strong>7 al 18 de mayo<\/strong>, siempre a las <strong>16h<\/strong><\/p>\n<p style=\"text-align: justify;\"><strong>Lugares de exposici\u00f3n:<\/strong> <a href=\"https:\/\/www.instagram.com\/gayblogbr\/\">Instagram<\/a>, <a href=\"https:\/\/www.facebook.com\/gayblogbr\/\">Facebook<\/a> y <a href=\"https:\/\/www.youtube.com\/channel\/UCdEu3JXLOB-wvWAVUF4AIiA\">Youtube<\/a> <a href=\"https:\/\/www.instagram.com\/gayblogbr\/\">@gayblogbr<\/a><br \/>\nEvento en Facebook <a href=\"https:\/\/www.facebook.com\/events\/875619192953333\/\"><strong>en este enlace. <\/strong><\/a><\/p>\n<p style=\"text-align: justify;\">Domingo, 10 \u2013 Beni Falcone (RJ) @benifalcone<br \/>\nLunes, 11 \u2013 Rodrigo Massa (SP\/M\u00e9xico) @soyrodrigomassa<br \/>\nMartes, 12 \u2013 Dan Stump (AM) @odanstump<br \/>\nMi\u00e9rcules, 13 \u2013 Daniel Peixoto (CE) @danielpeixotodp<br \/>\nJueves, 14 \u2013 Yhago Sebaz (MA) @yhagosebaz<br \/>\nViernes, 15 \u2013 Bemti (MG) @bemtii<br \/>\nS\u00e1bado, 16 \u2013 Ga\u00ea (DF) @somdegae<br \/>\nDomingo, 17 \u2013 Cais (SP) @caismusica<br \/>\nLunes, 18 \u2013 Rafael Vieira (SP) @rafavieiravoz<\/p>\n<p style=\"text-align: justify;\">El festival trajo al cantante <a href=\"https:\/\/gay.blog.br\/cultura\/musica\/assista-na-integra-ao-show-de-renato-enoch-no-festival-de-musicos-pocs-brasileiros\/\">Renato Enoch, el jueves<\/a>, y <a href=\"https:\/\/gay.blog.br\/noticias\/gabeu-toca-raul-e-quebra-a-internet-assista-ao-show-na-integra\/\">Gabeu, el viernes<\/a>.<\/p>\n","protected":false},"excerpt":{"rendered":"<p>En el tercer d\u00eda del Festival de M\u00fasicos Brasile\u00f1os de Pocs, G\u00ea de Lima interpret\u00f3 tres cl\u00e1sicos de MPB: Z\u00e9 do Caro\u00e7o, Maneiras y Flor de Lis<\/p>\n","protected":false},"author":2,"featured_media":80969,"comment_status":"open","ping_status":"open","sticky":false,"template":"","format":"standard","meta":{"googlesitekit_rrm_CAoiEBg-BXrJeACjO8p49SE4kTY:productID":"","tdm_status":"","tdm_grid_status":"","_jetpack_newsletter_access":"","_jetpack_dont_email_post_to_subs":false,"_jetpack_newsletter_tier_id":0,"_jetpack_memberships_contains_paywalled_content":false,"_jetpack_memberships_contains_paid_content":false,"footnotes":"","jetpack_publicize_message":"G\u00ea de Lima anima Festival de M\u00fasicos Pocs Brasile\u00f1os con cl\u00e1sicos, mira el espect\u00e1culo en su totalidad","jetpack_publicize_feature_enabled":true,"jetpack_social_post_already_shared":true,"jetpack_social_options":{"image_generator_settings":{"template":"highway","default_image_id":0,"font":"","enabled":false},"version":2},"_wpas_customize_per_network":false,"jetpack_post_was_ever_published":false},"categories":[589932400],"tags":[589935346,589935487,589935259,589935486,589933056,589935485],"class_list":{"0":"post-103481","1":"post","2":"type-post","3":"status-publish","4":"format-standard","5":"has-post-thumbnail","7":"category-conciertos","8":"tag-festival-de-musicos-pocs-brasilenos","9":"tag-flor-de-lis-es","10":"tag-ge-de-lima-es","11":"tag-maneiras-es","12":"tag-show-es","13":"tag-ze-do-caroco-es"},"yoast_head":"<!-- This site is optimized with the Yoast SEO plugin v27.5 - https:\/\/yoast.com\/product\/yoast-seo-wordpress\/ -->\n<title>G\u00ea de Lima anima Festival de M\u00fasicos Pocs Brasile\u00f1os con cl\u00e1sicos, mira el espect\u00e1culo en su totalidad<\/title>\n<meta name=\"description\" content=\"En el tercer d\u00eda del Festival de M\u00fasicos Brasile\u00f1os de Pocs, G\u00ea de Lima interpret\u00f3 tres cl\u00e1sicos de MPB: Z\u00e9 do Caro\u00e7o, Maneiras y Flor de Lis\" \/>\n<meta name=\"robots\" content=\"index, follow, max-snippet:-1, max-image-preview:large, max-video-preview:-1\" \/>\n<link rel=\"canonical\" href=\"https:\/\/gay.blog.br\/es\/recreacion\/conciertos\/ge-de-lima-anima-festival-de-musicos-pocs-brasilenos-con-clasicos-mira-el-espectaculo-en-su-totalidad\/\" \/>\n<meta property=\"og:locale\" content=\"es_ES\" \/>\n<meta property=\"og:type\" content=\"article\" \/>\n<meta property=\"og:title\" content=\"G\u00ea de Lima anima Festival de M\u00fasicos Pocs Brasile\u00f1os con cl\u00e1sicos, mira el espect\u00e1culo en su totalidad\" \/>\n<meta property=\"og:description\" content=\"En el tercer d\u00eda del Festival de M\u00fasicos Brasile\u00f1os de Pocs, G\u00ea de Lima interpret\u00f3 tres cl\u00e1sicos de MPB: Z\u00e9 do Caro\u00e7o, Maneiras y Flor de Lis\" \/>\n<meta property=\"og:url\" content=\"https:\/\/gay.blog.br\/es\/recreacion\/conciertos\/ge-de-lima-anima-festival-de-musicos-pocs-brasilenos-con-clasicos-mira-el-espectaculo-en-su-totalidad\/\" \/>\n<meta property=\"og:site_name\" content=\"GAY BLOG BR @gayblogbr\" \/>\n<meta property=\"article:publisher\" content=\"https:\/\/facebook.com\/gayblogbr\" \/>\n<meta property=\"article:author\" content=\"https:\/\/facebook.com\/gayblogbr\" \/>\n<meta property=\"article:published_time\" content=\"2020-05-09T21:39:20+00:00\" \/>\n<meta property=\"article:modified_time\" content=\"2020-12-26T00:56:55+00:00\" \/>\n<meta property=\"og:image\" content=\"https:\/\/i1.wp.com\/gay.blog.br\/wp-content\/uploads\/2020\/05\/unnamed-3.jpg?fit=1242%2C780&ssl=1\" \/>\n\t<meta property=\"og:image:width\" content=\"1242\" \/>\n\t<meta property=\"og:image:height\" content=\"780\" \/>\n\t<meta property=\"og:image:type\" content=\"image\/jpeg\" \/>\n<meta name=\"author\" content=\"www.gay.blog.br\" \/>\n<meta name=\"twitter:card\" content=\"summary_large_image\" \/>\n<meta name=\"twitter:creator\" content=\"@https:\/\/bsky.app\/profile\/gayblogbr.bsky.social\" \/>\n<meta name=\"twitter:site\" content=\"@gayblogbr\" \/>\n<meta name=\"twitter:label1\" content=\"Escrito por\" \/>\n\t<meta name=\"twitter:data1\" content=\"www.gay.blog.br\" \/>\n\t<meta name=\"twitter:label2\" content=\"Tiempo de lectura\" \/>\n\t<meta name=\"twitter:data2\" content=\"2 minutos\" \/>\n<script type=\"application\/ld+json\" class=\"yoast-schema-graph\">{\"@context\":\"https:\\\/\\\/schema.org\",\"@graph\":[{\"@type\":\"Article\",\"@id\":\"https:\\\/\\\/gay.blog.br\\\/es\\\/recreacion\\\/conciertos\\\/ge-de-lima-anima-festival-de-musicos-pocs-brasilenos-con-clasicos-mira-el-espectaculo-en-su-totalidad\\\/#article\",\"isPartOf\":{\"@id\":\"https:\\\/\\\/gay.blog.br\\\/es\\\/recreacion\\\/conciertos\\\/ge-de-lima-anima-festival-de-musicos-pocs-brasilenos-con-clasicos-mira-el-espectaculo-en-su-totalidad\\\/\"},\"author\":{\"name\":\"www.gay.blog.br\",\"@id\":\"https:\\\/\\\/gay.blog.br\\\/es\\\/#\\\/schema\\\/person\\\/ab4bce68ee54b8f4af5c174efe7472e5\"},\"headline\":\"G\u00ea de Lima anima Festival de M\u00fasicos Pocs Brasile\u00f1os con cl\u00e1sicos, mira el espect\u00e1culo en su totalidad\",\"datePublished\":\"2020-05-09T21:39:20+00:00\",\"dateModified\":\"2020-12-26T00:56:55+00:00\",\"mainEntityOfPage\":{\"@id\":\"https:\\\/\\\/gay.blog.br\\\/es\\\/recreacion\\\/conciertos\\\/ge-de-lima-anima-festival-de-musicos-pocs-brasilenos-con-clasicos-mira-el-espectaculo-en-su-totalidad\\\/\"},\"wordCount\":355,\"commentCount\":0,\"publisher\":{\"@id\":\"https:\\\/\\\/gay.blog.br\\\/es\\\/#organization\"},\"image\":{\"@id\":\"https:\\\/\\\/gay.blog.br\\\/es\\\/recreacion\\\/conciertos\\\/ge-de-lima-anima-festival-de-musicos-pocs-brasilenos-con-clasicos-mira-el-espectaculo-en-su-totalidad\\\/#primaryimage\"},\"thumbnailUrl\":\"https:\\\/\\\/i0.wp.com\\\/gay.blog.br\\\/wp-content\\\/uploads\\\/2020\\\/05\\\/unnamed-3.jpg?fit=1242%2C780&ssl=1\",\"keywords\":[\"festival de m\u00fasicos pocs brasile\u00f1os\",\"Flor de Lis\",\"g\u00ea de lima\",\"Maneiras\",\"show\",\"Z\u00e9 do Caro\u00e7o\"],\"articleSection\":[\"CONCIERTOS\"],\"inLanguage\":\"es\",\"potentialAction\":[{\"@type\":\"CommentAction\",\"name\":\"Comment\",\"target\":[\"https:\\\/\\\/gay.blog.br\\\/es\\\/recreacion\\\/conciertos\\\/ge-de-lima-anima-festival-de-musicos-pocs-brasilenos-con-clasicos-mira-el-espectaculo-en-su-totalidad\\\/#respond\"]}]},{\"@type\":\"WebPage\",\"@id\":\"https:\\\/\\\/gay.blog.br\\\/es\\\/recreacion\\\/conciertos\\\/ge-de-lima-anima-festival-de-musicos-pocs-brasilenos-con-clasicos-mira-el-espectaculo-en-su-totalidad\\\/\",\"url\":\"https:\\\/\\\/gay.blog.br\\\/es\\\/recreacion\\\/conciertos\\\/ge-de-lima-anima-festival-de-musicos-pocs-brasilenos-con-clasicos-mira-el-espectaculo-en-su-totalidad\\\/\",\"name\":\"G\u00ea de Lima anima Festival de M\u00fasicos Pocs Brasile\u00f1os con cl\u00e1sicos, mira el espect\u00e1culo en su totalidad\",\"isPartOf\":{\"@id\":\"https:\\\/\\\/gay.blog.br\\\/es\\\/#website\"},\"primaryImageOfPage\":{\"@id\":\"https:\\\/\\\/gay.blog.br\\\/es\\\/recreacion\\\/conciertos\\\/ge-de-lima-anima-festival-de-musicos-pocs-brasilenos-con-clasicos-mira-el-espectaculo-en-su-totalidad\\\/#primaryimage\"},\"image\":{\"@id\":\"https:\\\/\\\/gay.blog.br\\\/es\\\/recreacion\\\/conciertos\\\/ge-de-lima-anima-festival-de-musicos-pocs-brasilenos-con-clasicos-mira-el-espectaculo-en-su-totalidad\\\/#primaryimage\"},\"thumbnailUrl\":\"https:\\\/\\\/i0.wp.com\\\/gay.blog.br\\\/wp-content\\\/uploads\\\/2020\\\/05\\\/unnamed-3.jpg?fit=1242%2C780&ssl=1\",\"datePublished\":\"2020-05-09T21:39:20+00:00\",\"dateModified\":\"2020-12-26T00:56:55+00:00\",\"description\":\"En el tercer d\u00eda del Festival de M\u00fasicos Brasile\u00f1os de Pocs, G\u00ea de Lima interpret\u00f3 tres cl\u00e1sicos de MPB: Z\u00e9 do Caro\u00e7o, Maneiras y Flor de Lis\",\"breadcrumb\":{\"@id\":\"https:\\\/\\\/gay.blog.br\\\/es\\\/recreacion\\\/conciertos\\\/ge-de-lima-anima-festival-de-musicos-pocs-brasilenos-con-clasicos-mira-el-espectaculo-en-su-totalidad\\\/#breadcrumb\"},\"inLanguage\":\"es\",\"potentialAction\":[{\"@type\":\"ReadAction\",\"target\":[\"https:\\\/\\\/gay.blog.br\\\/es\\\/recreacion\\\/conciertos\\\/ge-de-lima-anima-festival-de-musicos-pocs-brasilenos-con-clasicos-mira-el-espectaculo-en-su-totalidad\\\/\"]}]},{\"@type\":\"ImageObject\",\"inLanguage\":\"es\",\"@id\":\"https:\\\/\\\/gay.blog.br\\\/es\\\/recreacion\\\/conciertos\\\/ge-de-lima-anima-festival-de-musicos-pocs-brasilenos-con-clasicos-mira-el-espectaculo-en-su-totalidad\\\/#primaryimage\",\"url\":\"https:\\\/\\\/i0.wp.com\\\/gay.blog.br\\\/wp-content\\\/uploads\\\/2020\\\/05\\\/unnamed-3.jpg?fit=1242%2C780&ssl=1\",\"contentUrl\":\"https:\\\/\\\/i0.wp.com\\\/gay.blog.br\\\/wp-content\\\/uploads\\\/2020\\\/05\\\/unnamed-3.jpg?fit=1242%2C780&ssl=1\",\"width\":1242,\"height\":780},{\"@type\":\"BreadcrumbList\",\"@id\":\"https:\\\/\\\/gay.blog.br\\\/es\\\/recreacion\\\/conciertos\\\/ge-de-lima-anima-festival-de-musicos-pocs-brasilenos-con-clasicos-mira-el-espectaculo-en-su-totalidad\\\/#breadcrumb\",\"itemListElement\":[{\"@type\":\"ListItem\",\"position\":1,\"name\":\"In\u00edcio\",\"item\":\"https:\\\/\\\/gay.blog.br\\\/es\\\/\"},{\"@type\":\"ListItem\",\"position\":2,\"name\":\"G\u00ea de Lima anima Festival de M\u00fasicos Pocs Brasile\u00f1os con cl\u00e1sicos, mira el espect\u00e1culo en su totalidad\"}]},{\"@type\":\"WebSite\",\"@id\":\"https:\\\/\\\/gay.blog.br\\\/es\\\/#website\",\"url\":\"https:\\\/\\\/gay.blog.br\\\/es\\\/\",\"name\":\"GAY BLOG BR @gayblogbr\",\"description\":\"Not\u00edcias que empoderam e\\\/ou entret\u00eam s\u00e3o especialidades da casa\",\"publisher\":{\"@id\":\"https:\\\/\\\/gay.blog.br\\\/es\\\/#organization\"},\"potentialAction\":[{\"@type\":\"SearchAction\",\"target\":{\"@type\":\"EntryPoint\",\"urlTemplate\":\"https:\\\/\\\/gay.blog.br\\\/es\\\/?s={search_term_string}\"},\"query-input\":{\"@type\":\"PropertyValueSpecification\",\"valueRequired\":true,\"valueName\":\"search_term_string\"}}],\"inLanguage\":\"es\"},{\"@type\":\"Organization\",\"@id\":\"https:\\\/\\\/gay.blog.br\\\/es\\\/#organization\",\"name\":\"GAY BLOG BR\",\"url\":\"https:\\\/\\\/gay.blog.br\\\/es\\\/\",\"logo\":{\"@type\":\"ImageObject\",\"inLanguage\":\"es\",\"@id\":\"https:\\\/\\\/gay.blog.br\\\/es\\\/#\\\/schema\\\/logo\\\/image\\\/\",\"url\":\"https:\\\/\\\/i0.wp.com\\\/gay.blog.br\\\/wp-content\\\/uploads\\\/2023\\\/08\\\/gay180px.png?fit=272%2C90&ssl=1\",\"contentUrl\":\"https:\\\/\\\/i0.wp.com\\\/gay.blog.br\\\/wp-content\\\/uploads\\\/2023\\\/08\\\/gay180px.png?fit=272%2C90&ssl=1\",\"width\":272,\"height\":90,\"caption\":\"GAY BLOG BR\"},\"image\":{\"@id\":\"https:\\\/\\\/gay.blog.br\\\/es\\\/#\\\/schema\\\/logo\\\/image\\\/\"},\"sameAs\":[\"https:\\\/\\\/facebook.com\\\/gayblogbr\",\"https:\\\/\\\/x.com\\\/gayblogbr\",\"https:\\\/\\\/instagram.com\\\/gayblogbr\",\"https:\\\/\\\/www.linkedin.com\\\/company\\\/gayblogbr\\\/\",\"https:\\\/\\\/br.pinterest.com\\\/gayblogbr\\\/\",\"https:\\\/\\\/www.youtube.com\\\/channel\\\/UCdEu3JXLOB-wvWAVUF4AIiA\",\"https:\\\/\\\/pt.wikipedia.org\\\/wiki\\\/Gay_Blog_Br\",\"https:\\\/\\\/www.threads.net\\\/@gayblogbr\"]},{\"@type\":\"Person\",\"@id\":\"https:\\\/\\\/gay.blog.br\\\/es\\\/#\\\/schema\\\/person\\\/ab4bce68ee54b8f4af5c174efe7472e5\",\"name\":\"www.gay.blog.br\",\"image\":{\"@type\":\"ImageObject\",\"inLanguage\":\"es\",\"@id\":\"https:\\\/\\\/secure.gravatar.com\\\/avatar\\\/a6fb6bf5c84cdaa375389c43448e2bb88db4600d8fc5be6c42a410789075740f?s=96&d=mm&r=g\",\"url\":\"https:\\\/\\\/secure.gravatar.com\\\/avatar\\\/a6fb6bf5c84cdaa375389c43448e2bb88db4600d8fc5be6c42a410789075740f?s=96&d=mm&r=g\",\"contentUrl\":\"https:\\\/\\\/secure.gravatar.com\\\/avatar\\\/a6fb6bf5c84cdaa375389c43448e2bb88db4600d8fc5be6c42a410789075740f?s=96&d=mm&r=g\",\"caption\":\"www.gay.blog.br\"},\"description\":\"Receba as not\u00edcias pelo Telegram!\",\"sameAs\":[\"https:\\\/\\\/facebook.com\\\/gayblogbr\",\"https:\\\/\\\/instagram.com\\\/gayblogbr\",\"https:\\\/\\\/www.linkedin.com\\\/company\\\/gayblogbr\\\/\",\"https:\\\/\\\/pinterest.com\\\/gayblogbr\\\/\",\"https:\\\/\\\/x.com\\\/https:\\\/\\\/bsky.app\\\/profile\\\/gayblogbr.bsky.social\",\"https:\\\/\\\/www.youtube.com\\\/@GAYBLOGBR\",\"https:\\\/\\\/pt.wikipedia.org\\\/wiki\\\/Gay_Blog_Br\"],\"url\":\"https:\\\/\\\/gay.blog.br\\\/es\\\/author\\\/oaudaznavegante\\\/\"}]}<\/script>\n<!-- \/ Yoast SEO plugin. -->","yoast_head_json":{"title":"G\u00ea de Lima anima Festival de M\u00fasicos Pocs Brasile\u00f1os con cl\u00e1sicos, mira el espect\u00e1culo en su totalidad","description":"En el tercer d\u00eda del Festival de M\u00fasicos Brasile\u00f1os de Pocs, G\u00ea de Lima interpret\u00f3 tres cl\u00e1sicos de MPB: Z\u00e9 do Caro\u00e7o, Maneiras y Flor de Lis","robots":{"index":"index","follow":"follow","max-snippet":"max-snippet:-1","max-image-preview":"max-image-preview:large","max-video-preview":"max-video-preview:-1"},"canonical":"https:\/\/gay.blog.br\/es\/recreacion\/conciertos\/ge-de-lima-anima-festival-de-musicos-pocs-brasilenos-con-clasicos-mira-el-espectaculo-en-su-totalidad\/","og_locale":"es_ES","og_type":"article","og_title":"G\u00ea de Lima anima Festival de M\u00fasicos Pocs Brasile\u00f1os con cl\u00e1sicos, mira el espect\u00e1culo en su totalidad","og_description":"En el tercer d\u00eda del Festival de M\u00fasicos Brasile\u00f1os de Pocs, G\u00ea de Lima interpret\u00f3 tres cl\u00e1sicos de MPB: Z\u00e9 do Caro\u00e7o, Maneiras y Flor de Lis","og_url":"https:\/\/gay.blog.br\/es\/recreacion\/conciertos\/ge-de-lima-anima-festival-de-musicos-pocs-brasilenos-con-clasicos-mira-el-espectaculo-en-su-totalidad\/","og_site_name":"GAY BLOG BR @gayblogbr","article_publisher":"https:\/\/facebook.com\/gayblogbr","article_author":"https:\/\/facebook.com\/gayblogbr","article_published_time":"2020-05-09T21:39:20+00:00","article_modified_time":"2020-12-26T00:56:55+00:00","og_image":[{"width":1242,"height":780,"url":"https:\/\/i1.wp.com\/gay.blog.br\/wp-content\/uploads\/2020\/05\/unnamed-3.jpg?fit=1242%2C780&ssl=1","type":"image\/jpeg"}],"author":"www.gay.blog.br","twitter_card":"summary_large_image","twitter_creator":"@https:\/\/bsky.app\/profile\/gayblogbr.bsky.social","twitter_site":"@gayblogbr","twitter_misc":{"Escrito por":"www.gay.blog.br","Tiempo de lectura":"2 minutos"},"schema":{"@context":"https:\/\/schema.org","@graph":[{"@type":"Article","@id":"https:\/\/gay.blog.br\/es\/recreacion\/conciertos\/ge-de-lima-anima-festival-de-musicos-pocs-brasilenos-con-clasicos-mira-el-espectaculo-en-su-totalidad\/#article","isPartOf":{"@id":"https:\/\/gay.blog.br\/es\/recreacion\/conciertos\/ge-de-lima-anima-festival-de-musicos-pocs-brasilenos-con-clasicos-mira-el-espectaculo-en-su-totalidad\/"},"author":{"name":"www.gay.blog.br","@id":"https:\/\/gay.blog.br\/es\/#\/schema\/person\/ab4bce68ee54b8f4af5c174efe7472e5"},"headline":"G\u00ea de Lima anima Festival de M\u00fasicos Pocs Brasile\u00f1os con cl\u00e1sicos, mira el espect\u00e1culo en su totalidad","datePublished":"2020-05-09T21:39:20+00:00","dateModified":"2020-12-26T00:56:55+00:00","mainEntityOfPage":{"@id":"https:\/\/gay.blog.br\/es\/recreacion\/conciertos\/ge-de-lima-anima-festival-de-musicos-pocs-brasilenos-con-clasicos-mira-el-espectaculo-en-su-totalidad\/"},"wordCount":355,"commentCount":0,"publisher":{"@id":"https:\/\/gay.blog.br\/es\/#organization"},"image":{"@id":"https:\/\/gay.blog.br\/es\/recreacion\/conciertos\/ge-de-lima-anima-festival-de-musicos-pocs-brasilenos-con-clasicos-mira-el-espectaculo-en-su-totalidad\/#primaryimage"},"thumbnailUrl":"https:\/\/i0.wp.com\/gay.blog.br\/wp-content\/uploads\/2020\/05\/unnamed-3.jpg?fit=1242%2C780&ssl=1","keywords":["festival de m\u00fasicos pocs brasile\u00f1os","Flor de Lis","g\u00ea de lima","Maneiras","show","Z\u00e9 do Caro\u00e7o"],"articleSection":["CONCIERTOS"],"inLanguage":"es","potentialAction":[{"@type":"CommentAction","name":"Comment","target":["https:\/\/gay.blog.br\/es\/recreacion\/conciertos\/ge-de-lima-anima-festival-de-musicos-pocs-brasilenos-con-clasicos-mira-el-espectaculo-en-su-totalidad\/#respond"]}]},{"@type":"WebPage","@id":"https:\/\/gay.blog.br\/es\/recreacion\/conciertos\/ge-de-lima-anima-festival-de-musicos-pocs-brasilenos-con-clasicos-mira-el-espectaculo-en-su-totalidad\/","url":"https:\/\/gay.blog.br\/es\/recreacion\/conciertos\/ge-de-lima-anima-festival-de-musicos-pocs-brasilenos-con-clasicos-mira-el-espectaculo-en-su-totalidad\/","name":"G\u00ea de Lima anima Festival de M\u00fasicos Pocs Brasile\u00f1os con cl\u00e1sicos, mira el espect\u00e1culo en su totalidad","isPartOf":{"@id":"https:\/\/gay.blog.br\/es\/#website"},"primaryImageOfPage":{"@id":"https:\/\/gay.blog.br\/es\/recreacion\/conciertos\/ge-de-lima-anima-festival-de-musicos-pocs-brasilenos-con-clasicos-mira-el-espectaculo-en-su-totalidad\/#primaryimage"},"image":{"@id":"https:\/\/gay.blog.br\/es\/recreacion\/conciertos\/ge-de-lima-anima-festival-de-musicos-pocs-brasilenos-con-clasicos-mira-el-espectaculo-en-su-totalidad\/#primaryimage"},"thumbnailUrl":"https:\/\/i0.wp.com\/gay.blog.br\/wp-content\/uploads\/2020\/05\/unnamed-3.jpg?fit=1242%2C780&ssl=1","datePublished":"2020-05-09T21:39:20+00:00","dateModified":"2020-12-26T00:56:55+00:00","description":"En el tercer d\u00eda del Festival de M\u00fasicos Brasile\u00f1os de Pocs, G\u00ea de Lima interpret\u00f3 tres cl\u00e1sicos de MPB: Z\u00e9 do Caro\u00e7o, Maneiras y Flor de Lis","breadcrumb":{"@id":"https:\/\/gay.blog.br\/es\/recreacion\/conciertos\/ge-de-lima-anima-festival-de-musicos-pocs-brasilenos-con-clasicos-mira-el-espectaculo-en-su-totalidad\/#breadcrumb"},"inLanguage":"es","potentialAction":[{"@type":"ReadAction","target":["https:\/\/gay.blog.br\/es\/recreacion\/conciertos\/ge-de-lima-anima-festival-de-musicos-pocs-brasilenos-con-clasicos-mira-el-espectaculo-en-su-totalidad\/"]}]},{"@type":"ImageObject","inLanguage":"es","@id":"https:\/\/gay.blog.br\/es\/recreacion\/conciertos\/ge-de-lima-anima-festival-de-musicos-pocs-brasilenos-con-clasicos-mira-el-espectaculo-en-su-totalidad\/#primaryimage","url":"https:\/\/i0.wp.com\/gay.blog.br\/wp-content\/uploads\/2020\/05\/unnamed-3.jpg?fit=1242%2C780&ssl=1","contentUrl":"https:\/\/i0.wp.com\/gay.blog.br\/wp-content\/uploads\/2020\/05\/unnamed-3.jpg?fit=1242%2C780&ssl=1","width":1242,"height":780},{"@type":"BreadcrumbList","@id":"https:\/\/gay.blog.br\/es\/recreacion\/conciertos\/ge-de-lima-anima-festival-de-musicos-pocs-brasilenos-con-clasicos-mira-el-espectaculo-en-su-totalidad\/#breadcrumb","itemListElement":[{"@type":"ListItem","position":1,"name":"In\u00edcio","item":"https:\/\/gay.blog.br\/es\/"},{"@type":"ListItem","position":2,"name":"G\u00ea de Lima anima Festival de M\u00fasicos Pocs Brasile\u00f1os con cl\u00e1sicos, mira el espect\u00e1culo en su totalidad"}]},{"@type":"WebSite","@id":"https:\/\/gay.blog.br\/es\/#website","url":"https:\/\/gay.blog.br\/es\/","name":"GAY BLOG BR @gayblogbr","description":"Not\u00edcias que empoderam e\/ou entret\u00eam s\u00e3o especialidades da casa","publisher":{"@id":"https:\/\/gay.blog.br\/es\/#organization"},"potentialAction":[{"@type":"SearchAction","target":{"@type":"EntryPoint","urlTemplate":"https:\/\/gay.blog.br\/es\/?s={search_term_string}"},"query-input":{"@type":"PropertyValueSpecification","valueRequired":true,"valueName":"search_term_string"}}],"inLanguage":"es"},{"@type":"Organization","@id":"https:\/\/gay.blog.br\/es\/#organization","name":"GAY BLOG BR","url":"https:\/\/gay.blog.br\/es\/","logo":{"@type":"ImageObject","inLanguage":"es","@id":"https:\/\/gay.blog.br\/es\/#\/schema\/logo\/image\/","url":"https:\/\/i0.wp.com\/gay.blog.br\/wp-content\/uploads\/2023\/08\/gay180px.png?fit=272%2C90&ssl=1","contentUrl":"https:\/\/i0.wp.com\/gay.blog.br\/wp-content\/uploads\/2023\/08\/gay180px.png?fit=272%2C90&ssl=1","width":272,"height":90,"caption":"GAY BLOG BR"},"image":{"@id":"https:\/\/gay.blog.br\/es\/#\/schema\/logo\/image\/"},"sameAs":["https:\/\/facebook.com\/gayblogbr","https:\/\/x.com\/gayblogbr","https:\/\/instagram.com\/gayblogbr","https:\/\/www.linkedin.com\/company\/gayblogbr\/","https:\/\/br.pinterest.com\/gayblogbr\/","https:\/\/www.youtube.com\/channel\/UCdEu3JXLOB-wvWAVUF4AIiA","https:\/\/pt.wikipedia.org\/wiki\/Gay_Blog_Br","https:\/\/www.threads.net\/@gayblogbr"]},{"@type":"Person","@id":"https:\/\/gay.blog.br\/es\/#\/schema\/person\/ab4bce68ee54b8f4af5c174efe7472e5","name":"www.gay.blog.br","image":{"@type":"ImageObject","inLanguage":"es","@id":"https:\/\/secure.gravatar.com\/avatar\/a6fb6bf5c84cdaa375389c43448e2bb88db4600d8fc5be6c42a410789075740f?s=96&d=mm&r=g","url":"https:\/\/secure.gravatar.com\/avatar\/a6fb6bf5c84cdaa375389c43448e2bb88db4600d8fc5be6c42a410789075740f?s=96&d=mm&r=g","contentUrl":"https:\/\/secure.gravatar.com\/avatar\/a6fb6bf5c84cdaa375389c43448e2bb88db4600d8fc5be6c42a410789075740f?s=96&d=mm&r=g","caption":"www.gay.blog.br"},"description":"Receba as not\u00edcias pelo Telegram!","sameAs":["https:\/\/facebook.com\/gayblogbr","https:\/\/instagram.com\/gayblogbr","https:\/\/www.linkedin.com\/company\/gayblogbr\/","https:\/\/pinterest.com\/gayblogbr\/","https:\/\/x.com\/https:\/\/bsky.app\/profile\/gayblogbr.bsky.social","https:\/\/www.youtube.com\/@GAYBLOGBR","https:\/\/pt.wikipedia.org\/wiki\/Gay_Blog_Br"],"url":"https:\/\/gay.blog.br\/es\/author\/oaudaznavegante\/"}]}},"jetpack_publicize_connections":[],"jetpack_featured_media_url":"https:\/\/i0.wp.com\/gay.blog.br\/wp-content\/uploads\/2020\/05\/unnamed-3.jpg?fit=1242%2C780&ssl=1","jetpack_sharing_enabled":true,"jetpack_shortlink":"https:\/\/wp.me\/p6klkK-qV3","jetpack_likes_enabled":false,"amp_enabled":true,"_links":{"self":[{"href":"https:\/\/gay.blog.br\/es\/wp-json\/wp\/v2\/posts\/103481","targetHints":{"allow":["GET"]}}],"collection":[{"href":"https:\/\/gay.blog.br\/es\/wp-json\/wp\/v2\/posts"}],"about":[{"href":"https:\/\/gay.blog.br\/es\/wp-json\/wp\/v2\/types\/post"}],"author":[{"embeddable":true,"href":"https:\/\/gay.blog.br\/es\/wp-json\/wp\/v2\/users\/2"}],"replies":[{"embeddable":true,"href":"https:\/\/gay.blog.br\/es\/wp-json\/wp\/v2\/comments?post=103481"}],"version-history":[{"count":0,"href":"https:\/\/gay.blog.br\/es\/wp-json\/wp\/v2\/posts\/103481\/revisions"}],"wp:featuredmedia":[{"embeddable":true,"href":"https:\/\/gay.blog.br\/es\/wp-json\/wp\/v2\/media\/80969"}],"wp:attachment":[{"href":"https:\/\/gay.blog.br\/es\/wp-json\/wp\/v2\/media?parent=103481"}],"wp:term":[{"taxonomy":"category","embeddable":true,"href":"https:\/\/gay.blog.br\/es\/wp-json\/wp\/v2\/categories?post=103481"},{"taxonomy":"post_tag","embeddable":true,"href":"https:\/\/gay.blog.br\/es\/wp-json\/wp\/v2\/tags?post=103481"}],"curies":[{"name":"wp","href":"https:\/\/api.w.org\/{rel}","templated":true}]}}