{"id":104217,"date":"2020-04-17T01:17:13","date_gmt":"2020-04-17T04:17:13","guid":{"rendered":"https:\/\/gay.blog.br\/?p=104217"},"modified":"2021-01-01T00:35:57","modified_gmt":"2021-01-01T03:35:57","slug":"la-cantante-de-majur-se-lleva-el-trofeo-poc-awards-en-la-categoria-que-hino-por-su-hazana-en-amarelo","status":"publish","type":"post","link":"https:\/\/gay.blog.br\/es\/poc-awards-es\/la-cantante-de-majur-se-lleva-el-trofeo-poc-awards-en-la-categoria-que-hino-por-su-hazana-en-amarelo\/","title":{"rendered":"La cantante de Majur se lleva el trofeo POC AWARDS en la categor\u00eda \u00abQue Hino\u00bb por su haza\u00f1a en \u00abAmarElo\u00bb"},"content":{"rendered":"<p style=\"text-align: justify;\">La canci\u00f3n <strong>AmarElo<\/strong>, cantada por <strong>Majur, Emicida<\/strong> y <strong><a href=\"https:\/\/gay.blog.br\/poc-awards\/pabllo-vittar-vence-poc-awards-2019-em-duas-categorias\/\">Pabllo Vittar<\/a><\/strong> gan\u00f3 el premio del p\u00fablico en la categor\u00eda <strong>Que Hino<\/strong> en los <a href=\"http:\/\/bit.ly\/pocawards2019\"><strong>POCS AWARDS 2019<\/strong><\/a>. El tr\u00edo present\u00f3 la canci\u00f3n en vivo por primera vez en la segunda edici\u00f3n de <strong>MTV MIAW<\/strong> y el video musical ya cuenta con m\u00e1s de 6 millones de visitas en <a href=\"https:\/\/youtu.be\/PTDgP3BDPIU\">YouTube<\/a>.<\/p>\n<figure id=\"attachment_101826\" aria-describedby=\"caption-attachment-101826\" style=\"width: 1152px\" class=\"wp-caption aligncenter\"><a href=\"http:\/\/instagram.com\/gayblogbr\"><img data-recalc-dims=\"1\" loading=\"lazy\" decoding=\"async\" class=\"size-full wp-image-101826\" src=\"https:\/\/i0.wp.com\/gay.blog.br\/wp-content\/uploads\/2020\/04\/majur-poc-awards.png?resize=696%2C1237&#038;ssl=1\" alt=\"\" width=\"696\" height=\"1237\" srcset=\"https:\/\/i0.wp.com\/gay.blog.br\/wp-content\/uploads\/2020\/04\/majur-poc-awards.png?w=1152&amp;ssl=1 1152w, https:\/\/i0.wp.com\/gay.blog.br\/wp-content\/uploads\/2020\/04\/majur-poc-awards.png?resize=169%2C300&amp;ssl=1 169w, https:\/\/i0.wp.com\/gay.blog.br\/wp-content\/uploads\/2020\/04\/majur-poc-awards.png?resize=576%2C1024&amp;ssl=1 576w, https:\/\/i0.wp.com\/gay.blog.br\/wp-content\/uploads\/2020\/04\/majur-poc-awards.png?resize=84%2C150&amp;ssl=1 84w, https:\/\/i0.wp.com\/gay.blog.br\/wp-content\/uploads\/2020\/04\/majur-poc-awards.png?resize=768%2C1365&amp;ssl=1 768w, https:\/\/i0.wp.com\/gay.blog.br\/wp-content\/uploads\/2020\/04\/majur-poc-awards.png?resize=864%2C1536&amp;ssl=1 864w, https:\/\/i0.wp.com\/gay.blog.br\/wp-content\/uploads\/2020\/04\/majur-poc-awards.png?resize=696%2C1237&amp;ssl=1 696w, https:\/\/i0.wp.com\/gay.blog.br\/wp-content\/uploads\/2020\/04\/majur-poc-awards.png?resize=1068%2C1899&amp;ssl=1 1068w, https:\/\/i0.wp.com\/gay.blog.br\/wp-content\/uploads\/2020\/04\/majur-poc-awards.png?resize=236%2C420&amp;ssl=1 236w, https:\/\/i0.wp.com\/gay.blog.br\/wp-content\/uploads\/2020\/04\/majur-poc-awards.png?resize=473%2C840&amp;ssl=1 473w\" sizes=\"auto, (max-width: 696px) 100vw, 696px\" \/><\/a><figcaption id=\"caption-attachment-101826\" class=\"wp-caption-text\">Majur con el trofeo de los premios Poc<\/figcaption><\/figure>\n<p style=\"text-align: justify;\">Nacida en Salvador el 21 de octubre de 1996, <strong>Majur do Santos Concei\u00e7\u00e3o<\/strong> es una cantante y compositora brasile\u00f1a que utiliza su arte para hablar sobre las relaciones afectivas y el empoderamiento. En una entrevista con <a href=\"https:\/\/extra.globo.com\/famosos\/queridinha-de-caetano-gadu-junior-lima-cantora-trans-majur-desponta-quero-ser-popular-23875217.html\">Extra<\/a>, dijo que es una persona trans no binaria, lo que significa que los <strong>pronombres masculinos o femeninos no importan<\/strong>.<\/p>\n<blockquote class=\"td_quote_box td_box_center\">\n<p style=\"text-align: justify;\"><em>\u00abTransito muy bien entre los universos masculino y femenino. Reconozco ambos en m\u00ed y los necesito\u00bb<\/em><\/p>\n<\/blockquote>\n<p style=\"text-align: justify;\">En cuanto al diario <a href=\"https:\/\/oglobo.globo.com\/rio\/bairros\/majur-homem-ou-mulher-se-houver-uma-atracao-eu-estou-dentro-23959939\">O Globo<\/a>, <strong>Majur<\/strong> declara que, en la m\u00fasica, evita en lo posible las <strong>relaciones de g\u00e9nero<\/strong>, ya que su objetivo es que todas las personas se sientan representadas en las letras.<\/p>\n<p style=\"text-align: justify;\">Reforzando este discurso, <strong>Majur<\/strong> declar\u00f3 a <a href=\"https:\/\/vogue.globo.com\/lifestyle\/cultura\/noticia\/2019\/03\/12-fatos-que-voce-precisa-saber-sobre-majur-nova-voz-da-musica-baiana.html\">Vogue<\/a> que no le gusta que la encajen en un \u00abrotulo\u00bb, llevando esta filosof\u00eda tanto por las canciones como por su posicionamiento p\u00fablico.<\/p>\n<figure id=\"attachment_40245\" aria-describedby=\"caption-attachment-40245\" style=\"width: 1204px\" class=\"wp-caption aligncenter\"><img data-recalc-dims=\"1\" loading=\"lazy\" decoding=\"async\" class=\"size-full wp-image-40245\" src=\"https:\/\/i0.wp.com\/gay.blog.br\/wp-content\/uploads\/2020\/04\/majur.png?resize=696%2C456&#038;ssl=1\" alt=\"\" width=\"696\" height=\"456\" \/><figcaption id=\"caption-attachment-40245\" class=\"wp-caption-text\">Foto: Reproducci\u00f3n<\/figcaption><\/figure>\n<h3 style=\"text-align: justify;\"><strong>TRAYECTORIA DE MAJUR<\/strong><\/h3>\n<p style=\"text-align: justify;\">Comenzando su carrera a los 5 a\u00f1os en el coro de la <strong>Orquesta Sinf\u00f3nica Juvenil de Salvador<\/strong>, la m\u00fasica siempre ha estado presente en su vida. En 2016, a la edad de 20 a\u00f1os, form\u00f3 una banda con otros cinco m\u00fasicos, actuando en famosos bares de Barra, en Salvador, y tambi\u00e9n publicando varios videos en YouTube.<\/p>\n<p style=\"text-align: justify;\">Finalmente, su trabajo llam\u00f3 la atenci\u00f3n del productor musical <strong>Jaguar Andrade<\/strong>, famoso por haber trabajado con <strong>Ivete Sangalo, Daniela Mercury<\/strong> y <strong>Carlinhos Brown<\/strong>, quien la invit\u00f3 a producir su primer EP, \u00ab<em>Coloring<\/em>\u00ab, en 2018. Gracias a este trabajo, <strong>Majur<\/strong> se dio a conocer no solo en Bah\u00eda, sino tambi\u00e9n en todo Brasil.<\/p>\n<p><span class=\"embed-youtube\" style=\"text-align:center; display: block;\"><iframe loading=\"lazy\" class=\"youtube-player\" width=\"696\" height=\"392\" src=\"https:\/\/www.youtube.com\/embed\/dG32CC8YdOM?version=3&#038;rel=1&#038;showsearch=0&#038;showinfo=1&#038;iv_load_policy=1&#038;fs=1&#038;hl=es-ES&#038;autohide=2&#038;wmode=transparent\" allowfullscreen=\"true\" style=\"border:0;\" sandbox=\"allow-scripts allow-same-origin allow-popups allow-presentation allow-popups-to-escape-sandbox\"><\/iframe><\/span><\/p>\n<p style=\"text-align: justify;\">Inmediatamente despu\u00e9s lleg\u00f3 la invitaci\u00f3n para interpretar la canci\u00f3n ganadora de los <strong>POC AWARDS 2019<\/strong>, \u00abAmarElo\u00bb y, en agosto del mismo a\u00f1o, la cantante lanz\u00f3 el primer sencillo en solitario llamado \u00ab<strong>20ver<\/strong>\u00ab, con m\u00e1s de 1 mill\u00f3n de visitas en YouTube, y luego el segundo, \u00ab<strong>N\u00e1ufrago<\/strong>\u00ab, con m\u00e1s de 400 mil.<\/p>\n<p><span class=\"embed-youtube\" style=\"text-align:center; display: block;\"><iframe loading=\"lazy\" class=\"youtube-player\" width=\"696\" height=\"392\" src=\"https:\/\/www.youtube.com\/embed\/uNkhL9COjAk?version=3&#038;rel=1&#038;showsearch=0&#038;showinfo=1&#038;iv_load_policy=1&#038;fs=1&#038;hl=es-ES&#038;autohide=2&#038;wmode=transparent\" allowfullscreen=\"true\" style=\"border:0;\" sandbox=\"allow-scripts allow-same-origin allow-popups allow-presentation allow-popups-to-escape-sandbox\"><\/iframe><\/span><\/p>\n<p style=\"text-align: justify;\">Curiosamente, antes de establecer su \u00e9xito como cantante, <strong>Majur<\/strong> estudi\u00f3 Dise\u00f1o Visual con \u00c9nfasis en Medios Digitales en la Universidade Salvador.<\/p>\n<blockquote class=\"td_quote_box td_box_center\">\n<p style=\"text-align: justify;\"><em>\u00abCuando eres pobre, la m\u00fasica es solo un sue\u00f1o, no es una profesi\u00f3n. Entonces quer\u00eda hacer la universidad y la m\u00fasica en paralelo, como si fuera un hobby\u00bb<\/em><\/p>\n<\/blockquote>\n<blockquote class=\"wp-embedded-content\" data-secret=\"pvOE49aSge\"><p><a href=\"https:\/\/gay.blog.br\/poc-awards\/vencedores-do-poc-awards-2019\/\">Os vencedores do POC AWARDS 2019!<\/a><\/p><\/blockquote>\n<p><iframe loading=\"lazy\" class=\"wp-embedded-content\" sandbox=\"allow-scripts\" security=\"restricted\" style=\"position: absolute; clip: rect(1px, 1px, 1px, 1px);\" title=\"&#8220;Os vencedores do POC AWARDS 2019!&#8221; &#8212; GAY BLOG BR @gayblogbr\" src=\"https:\/\/gay.blog.br\/poc-awards\/vencedores-do-poc-awards-2019\/embed\/#?secret=pvOE49aSge\" data-secret=\"pvOE49aSge\" width=\"600\" height=\"338\" frameborder=\"0\" marginwidth=\"0\" marginheight=\"0\" scrolling=\"no\"><\/iframe><\/p>\n<p>Vea a los ganadores a continuaci\u00f3n (alternativamente, vea la lista en la revista <a href=\"https:\/\/exame.abril.com.br\/negocios\/dino_old\/os-vencedores-do-poc-awards-2019-a-premiacao-da-comunidade-lgbt\/\"><strong>Exame<\/strong><\/a> o <strong><a href=\"https:\/\/www.terra.com.br\/noticias\/dino\/os-vencedores-do-poc-awards-2019-a-premiacao-da-comunidade-lgbt,d2fc32658283a2019723497199525b69jua3b5dz.html\">Terra<\/a><\/strong>).<\/p>\n<p><strong>Premio del Jurado &#8211; POC AWARDS 2019<\/strong><\/p>\n<p>POC DEL A\u00d1O: <strong><a href=\"https:\/\/gay.blog.br\/gay\/jornalista-tarcis-duarte-rebate-comentario-homofobico-ao-vivaco\/\">Tarcis Duarte<\/a><\/strong><br \/>\nACTIVISTA DEL A\u00d1O:<strong><a href=\"https:\/\/www.instagram.com\/renatacarvalhoteatro\/\">Renata Carvalho<\/a><\/strong><br \/>\nBOY MAGIA: <strong><a href=\"https:\/\/gay.blog.br\/50-tons-de-boy-magia\/wanrley\/\">Wanrley Cardoso, para 48 horas<\/a><\/strong><br \/>\nQUE HIMNO: <strong><a href=\"https:\/\/gay.blog.br\/cultura\/musica\/daniela-mercury-caetano-axe-carnaval\/\">\u201cProibido o Carnaval\u201d \u2013 Daniela Mercury Y Caetano Veloso<\/a><\/strong><br \/>\nM\u00daSICO POC BRASILE\u00d1O: <strong><a href=\"https:\/\/gay.blog.br\/cultura\/musica\/em-tom-contemporaneo-renato-enoch-lanca-ep-de-classicos-nacionais\/\">Renato Enoch, por \u201cRecortes {b}\u201d<\/a><\/strong><br \/>\nPEGUE MEU DINHEIRO (publicidade):<strong><a href=\"https:\/\/gay.blog.br\/marketing\/shell-promove-campanha-com-caminhoneira-trans\/\">Shell \u2013 \u201cDe Causo em Causo\u201d<\/a><br \/>\n<\/strong>UNIC\u00d3RNIO (startup): <a href=\"https:\/\/gay.blog.br\/gay\/apos-golpe-trisal-decide-abrir-oficina-mecanica-especializada-no-atendimento-a-lgbt\/\"><strong>Jow Centro Automotivo<\/strong><\/a><br \/>\nACTIVO 19 (iniciativa): <strong>Coordinaci\u00f3n de Pol\u00edticas para LGBTI del Municipio de SP<\/strong><\/p>\n<p><strong>Menciones Honor\u00edficas \u2013 POC AWARDS 2019<br \/>\n<\/strong><br \/>\nMANDA VIDEO: <a href=\"https:\/\/www.youtube.com\/watch?v=oOOuU1Z3o9c\"><strong>Inritado, por Porta dos Fundos<\/strong><\/a><br \/>\nGRANDE DIA: <a href=\"https:\/\/gay.blog.br\/noticias\/direitos\/e-oficial-stf-decidiu-por-8-votos-a-3-que-homofobia-e-crime\/\"><strong>Criminaliza\u00e7\u00e3o da homotransfobia<\/strong><\/a><br \/>\nELLAS QUE LUCHAN (activismo): <a href=\"https:\/\/gay.blog.br\/noticias\/direitos\/deputado-entra-na-pgr-contra-bolsonaro-por-homofobia\/\"><strong>F\u00e1bio Felix<\/strong><\/a><\/p>\n<p><strong>Premio del p\u00fablico \u2013 POC AWARDS 2019<\/strong><\/p>\n<p>POC DEL A\u00d1O: <strong><a href=\"https:\/\/gay.blog.br\/gay\/jesuita-barbosa-se-for-em-funcao-da-comunidade-pode-escrever-ai-por-favor-sou-viado\/\">Jesu\u00edta Barbosa<\/a><\/strong><br \/>\nCANCELACI\u00d3N: <strong>\u201c\u00c9 a uni\u00e3o de dois caras\u201d<\/strong><br \/>\nFANFIC (la peor trama de ficci\u00f3n):<strong><a href=\"https:\/\/gay.blog.br\/noticias\/em-nova-fanfic-de-damares-alves-princesa-elsa-seria-lesbica-por-viver-sozinha\/\">Damares com \u201cFrozer\u201d<\/a><\/strong><br \/>\nTHE BOSH: <strong><a href=\"https:\/\/gay.blog.br\/humor\/ao-vivo-titi-muller-faz-sarcasmo-ao-exibir-vaias-a-bolsonaro-a-galera-ta-pedindo-anitta-demais\/\">Titi M\u00fcller com \u201ca galera t\u00e1 pedindo Anitta demais\u201d<\/a><\/strong><br \/>\nMEJOR ACCI\u00d3N PUBLICITARIA: <strong><a href=\"https:\/\/gay.blog.br\/noticias\/como-crivella-se-tornou-o-maior-difusor-da-literatura-lgbt-no-brasil\/\">Crivella promocionando literatura LGBT+<\/a><\/strong><br \/>\nGRANDE DIA:<strong><a href=\"https:\/\/gay.blog.br\/noticias\/apos-comentario-homofobico-radialista-recebe-nota-de-repudio-e-demitido-e-sera-processado\/\">Locutor Luiz Gama despedido por comentario homof\u00f3bico<\/a><\/strong><br \/>\nTIENE UBICACI\u00d3N (turismo): <strong><a href=\"https:\/\/gay.blog.br\/viagem\/san-francisco-nao-apenas-reconhece-a-diversidade-mas-tambem-comemora-e-a-defende-diz-presidente-da-sftravel\/\">San Francisco, promovido por SFTravel<\/a><\/strong><br \/>\nEL AUGE: <strong><a href=\"https:\/\/gay.blog.br\/noticias\/em-transmissao-ao-vivo-pabllo-vittar-da-bronca-em-pocs-colocadas-em-salvador\/\">Pabllo Vittar rega\u00f1ando a las colocados en Salvador<\/a><\/strong><br \/>\nARTIVISTA: <strong>Laerte<\/strong><br \/>\nBOY MAGIA:<strong><a href=\"https:\/\/gay.blog.br\/50-tons-de-boy-magia\/max-souza-namorado-prefeito-interior-sp-mister\/\">Max Souza, Mister Lins 2019<\/a><\/strong><br \/>\nQUE HIMNO <strong>\u201c<a href=\"https:\/\/gay.blog.br\/cultura\/musica\/emicida-majur-e-pabllo-vittar-se-apresentam-no-mtv-miaw-2019\/\">AmarElo\u201d \u2013 Emicida, Majur y Pabllo Vittar<\/a><\/strong><br \/>\nCHACOTA DEL A\u00d1O: <strong>Eu mereci<\/strong><br \/>\nMANDA VIDEO (cine):<a href=\"https:\/\/gay.blog.br\/cultura\/filmes-tv-e-series\/bixa-travesty-documentario-de-linn-da-quebrada-estreia-em-21-de-novembto\/\"><strong> Bixa Travesty, por Linn da Quebrada, Kiko Goifman y Claudia Priscilla<\/strong><\/a><br \/>\nM\u00daSICO POC BRASILE\u00d1O: <strong>J\u00e3o<\/strong><br \/>\nTOMA MI DINERO (campa\u00f1a):<strong><a href=\"https:\/\/gay.blog.br\/marketing\/governo-da-bahia-se-posiciona-contra-censura-com-video-a-favor-da-diversidade\/\">Gobierno de Bahia \u2013 \u201cAqu\u00ed est\u00e1 Bah\u00eda, aqu\u00ed hay respeto\u201d<\/a><\/strong><br \/>\nINSULTOS DEL A\u00d1O: <strong>Cidad\u00e3o de bem<\/strong><br \/>\nUNICORNIO (startup): <strong><a href=\"https:\/\/gay.blog.br\/noticias\/direitos\/startup-bicha-da-justica-oferece-assessoria-juridica-para-a-comunidade-lgbti\/\">Bicha da Justi\u00e7a<\/a><\/strong><br \/>\nELLAS QUE LUCHAN (activismo): <strong>David Miranda<\/strong><br \/>\nARTISTA DEL A\u00d1O: <strong><a href=\"https:\/\/gay.blog.br\/cultura\/musica\/viralizou-mulher-canta-hit-de-gloria-groove-no-metro\/\">Tabatha Aquino cantando Gloria Groove no metr\u00f4<\/a><\/strong><br \/>\nACTIVO 19 (iniciativa del a\u00f1o): <strong>Felipe Neto<\/strong><br \/>\nCONTATINHO (plataforma de relacionamento): <strong>Grindr<\/strong><br \/>\nAVANT GARDE (emprendedorismo): <strong>Suruba Beneficente, de Dedalos Bar<\/strong><br \/>\nPERSONALIDAD DE LOS MEDIOS:<strong><a href=\"https:\/\/www.instagram.com\/kaiquebritor\/\">Ka\u00edque Brito<\/a><\/strong><br \/>\nKIT GAY (la mayor amenaza que se convierte heteros en gay):<strong> Rodrigo Hilbert<\/strong><\/p>\n","protected":false},"excerpt":{"rendered":"<p>La canci\u00f3n AmarElo, cantada por Majur, Emicida y Pabllo Vittar se llev\u00f3 el trofeo en la categor\u00eda \u00abQue Himno\u00bb por votaci\u00f3n popular.<\/p>\n","protected":false},"author":3515,"featured_media":101824,"comment_status":"open","ping_status":"open","sticky":false,"template":"","format":"standard","meta":{"googlesitekit_rrm_CAoiEBg-BXrJeACjO8p49SE4kTY:productID":"","tdm_status":"","tdm_grid_status":"","_jetpack_newsletter_access":"","_jetpack_dont_email_post_to_subs":false,"_jetpack_newsletter_tier_id":0,"_jetpack_memberships_contains_paywalled_content":false,"_jetpack_memberships_contains_paid_content":false,"footnotes":"","jetpack_publicize_message":"La cantante de Majur se lleva el trofeo POC AWARDS en la categor\u00eda \"Que Hino\" por su haza\u00f1a en \"AmarElo\"","jetpack_publicize_feature_enabled":true,"jetpack_social_post_already_shared":true,"jetpack_social_options":{"image_generator_settings":{"template":"highway","default_image_id":0,"font":"","enabled":false},"version":2},"_wpas_customize_per_network":false,"jetpack_post_was_ever_published":false},"categories":[589932271],"tags":[589933003,589935732,589935731],"class_list":{"0":"post-104217","1":"post","2":"type-post","3":"status-publish","4":"format-standard","5":"has-post-thumbnail","7":"category-poc-awards-es","8":"tag-majur-es","9":"tag-poc-awards-2019-es","10":"tag-que-himno"},"yoast_head":"<!-- This site is optimized with the Yoast SEO plugin v27.5 - https:\/\/yoast.com\/product\/yoast-seo-wordpress\/ -->\n<title>La cantante de Majur se lleva el trofeo POC AWARDS en la categor\u00eda &quot;Que Hino&quot; por su haza\u00f1a en &quot;AmarElo&quot;<\/title>\n<meta name=\"description\" content=\"La canci\u00f3n AmarElo, cantada por Majur, Emicida y Pabllo Vittar se llev\u00f3 el trofeo en la categor\u00eda &quot;Que Hino&quot; por votaci\u00f3n popular.\" \/>\n<meta name=\"robots\" content=\"index, follow, max-snippet:-1, max-image-preview:large, max-video-preview:-1\" \/>\n<link rel=\"canonical\" href=\"https:\/\/gay.blog.br\/es\/poc-awards-es\/la-cantante-de-majur-se-lleva-el-trofeo-poc-awards-en-la-categoria-que-hino-por-su-hazana-en-amarelo\/\" \/>\n<meta property=\"og:locale\" content=\"es_ES\" \/>\n<meta property=\"og:type\" content=\"article\" \/>\n<meta property=\"og:title\" content=\"La cantante de Majur se lleva el trofeo POC AWARDS en la categor\u00eda &quot;Que Hino&quot; por su haza\u00f1a en &quot;AmarElo&quot;\" \/>\n<meta property=\"og:description\" content=\"La canci\u00f3n AmarElo, cantada por Majur, Emicida y Pabllo Vittar se llev\u00f3 el trofeo en la categor\u00eda &quot;Que Hino&quot; por votaci\u00f3n popular.\" \/>\n<meta property=\"og:url\" content=\"https:\/\/gay.blog.br\/es\/poc-awards-es\/la-cantante-de-majur-se-lleva-el-trofeo-poc-awards-en-la-categoria-que-hino-por-su-hazana-en-amarelo\/\" \/>\n<meta property=\"og:site_name\" content=\"GAY BLOG BR @gayblogbr\" \/>\n<meta property=\"article:publisher\" content=\"https:\/\/facebook.com\/gayblogbr\" \/>\n<meta property=\"article:author\" content=\"https:\/\/www.facebook.com\/victormillerreal\" \/>\n<meta property=\"article:published_time\" content=\"2020-04-17T04:17:13+00:00\" \/>\n<meta property=\"article:modified_time\" content=\"2021-01-01T03:35:57+00:00\" \/>\n<meta property=\"og:image\" content=\"https:\/\/gay.blog.br\/wp-content\/uploads\/2020\/04\/maju-poc-1024x716.png\" \/>\n\t<meta property=\"og:image:width\" content=\"1024\" \/>\n\t<meta property=\"og:image:height\" content=\"716\" \/>\n\t<meta property=\"og:image:type\" content=\"image\/png\" \/>\n<meta name=\"author\" content=\"Victor Miller\" \/>\n<meta name=\"twitter:card\" content=\"summary_large_image\" \/>\n<meta name=\"twitter:creator\" content=\"@https:\/\/twitter.com\/victor_miller\" \/>\n<meta name=\"twitter:site\" content=\"@gayblogbr\" \/>\n<meta name=\"twitter:label1\" content=\"Escrito por\" \/>\n\t<meta name=\"twitter:data1\" content=\"Victor Miller\" \/>\n\t<meta name=\"twitter:label2\" content=\"Tiempo de lectura\" \/>\n\t<meta name=\"twitter:data2\" content=\"4 minutos\" \/>\n<script type=\"application\/ld+json\" class=\"yoast-schema-graph\">{\"@context\":\"https:\\\/\\\/schema.org\",\"@graph\":[{\"@type\":\"Article\",\"@id\":\"https:\\\/\\\/gay.blog.br\\\/es\\\/poc-awards-es\\\/la-cantante-de-majur-se-lleva-el-trofeo-poc-awards-en-la-categoria-que-hino-por-su-hazana-en-amarelo\\\/#article\",\"isPartOf\":{\"@id\":\"https:\\\/\\\/gay.blog.br\\\/es\\\/poc-awards-es\\\/la-cantante-de-majur-se-lleva-el-trofeo-poc-awards-en-la-categoria-que-hino-por-su-hazana-en-amarelo\\\/\"},\"author\":{\"name\":\"Victor Miller\",\"@id\":\"https:\\\/\\\/gay.blog.br\\\/es\\\/#\\\/schema\\\/person\\\/5e0cf06e5d5e166b6afeaefc7fc56d9d\"},\"headline\":\"La cantante de Majur se lleva el trofeo POC AWARDS en la categor\u00eda \u00abQue Hino\u00bb por su haza\u00f1a en \u00abAmarElo\u00bb\",\"datePublished\":\"2020-04-17T04:17:13+00:00\",\"dateModified\":\"2021-01-01T03:35:57+00:00\",\"mainEntityOfPage\":{\"@id\":\"https:\\\/\\\/gay.blog.br\\\/es\\\/poc-awards-es\\\/la-cantante-de-majur-se-lleva-el-trofeo-poc-awards-en-la-categoria-que-hino-por-su-hazana-en-amarelo\\\/\"},\"wordCount\":820,\"commentCount\":0,\"publisher\":{\"@id\":\"https:\\\/\\\/gay.blog.br\\\/es\\\/#organization\"},\"image\":{\"@id\":\"https:\\\/\\\/gay.blog.br\\\/es\\\/poc-awards-es\\\/la-cantante-de-majur-se-lleva-el-trofeo-poc-awards-en-la-categoria-que-hino-por-su-hazana-en-amarelo\\\/#primaryimage\"},\"thumbnailUrl\":\"https:\\\/\\\/i0.wp.com\\\/gay.blog.br\\\/wp-content\\\/uploads\\\/2020\\\/04\\\/maju-poc.png?fit=1152%2C806&ssl=1\",\"keywords\":[\"Majur\",\"Poc Awards 2019\",\"que himno\"],\"articleSection\":[\"POC AWARDS\"],\"inLanguage\":\"es\",\"potentialAction\":[{\"@type\":\"CommentAction\",\"name\":\"Comment\",\"target\":[\"https:\\\/\\\/gay.blog.br\\\/es\\\/poc-awards-es\\\/la-cantante-de-majur-se-lleva-el-trofeo-poc-awards-en-la-categoria-que-hino-por-su-hazana-en-amarelo\\\/#respond\"]}]},{\"@type\":\"WebPage\",\"@id\":\"https:\\\/\\\/gay.blog.br\\\/es\\\/poc-awards-es\\\/la-cantante-de-majur-se-lleva-el-trofeo-poc-awards-en-la-categoria-que-hino-por-su-hazana-en-amarelo\\\/\",\"url\":\"https:\\\/\\\/gay.blog.br\\\/es\\\/poc-awards-es\\\/la-cantante-de-majur-se-lleva-el-trofeo-poc-awards-en-la-categoria-que-hino-por-su-hazana-en-amarelo\\\/\",\"name\":\"La cantante de Majur se lleva el trofeo POC AWARDS en la categor\u00eda \\\"Que Hino\\\" por su haza\u00f1a en \\\"AmarElo\\\"\",\"isPartOf\":{\"@id\":\"https:\\\/\\\/gay.blog.br\\\/es\\\/#website\"},\"primaryImageOfPage\":{\"@id\":\"https:\\\/\\\/gay.blog.br\\\/es\\\/poc-awards-es\\\/la-cantante-de-majur-se-lleva-el-trofeo-poc-awards-en-la-categoria-que-hino-por-su-hazana-en-amarelo\\\/#primaryimage\"},\"image\":{\"@id\":\"https:\\\/\\\/gay.blog.br\\\/es\\\/poc-awards-es\\\/la-cantante-de-majur-se-lleva-el-trofeo-poc-awards-en-la-categoria-que-hino-por-su-hazana-en-amarelo\\\/#primaryimage\"},\"thumbnailUrl\":\"https:\\\/\\\/i0.wp.com\\\/gay.blog.br\\\/wp-content\\\/uploads\\\/2020\\\/04\\\/maju-poc.png?fit=1152%2C806&ssl=1\",\"datePublished\":\"2020-04-17T04:17:13+00:00\",\"dateModified\":\"2021-01-01T03:35:57+00:00\",\"description\":\"La canci\u00f3n AmarElo, cantada por Majur, Emicida y Pabllo Vittar se llev\u00f3 el trofeo en la categor\u00eda \\\"Que Hino\\\" por votaci\u00f3n popular.\",\"breadcrumb\":{\"@id\":\"https:\\\/\\\/gay.blog.br\\\/es\\\/poc-awards-es\\\/la-cantante-de-majur-se-lleva-el-trofeo-poc-awards-en-la-categoria-que-hino-por-su-hazana-en-amarelo\\\/#breadcrumb\"},\"inLanguage\":\"es\",\"potentialAction\":[{\"@type\":\"ReadAction\",\"target\":[\"https:\\\/\\\/gay.blog.br\\\/es\\\/poc-awards-es\\\/la-cantante-de-majur-se-lleva-el-trofeo-poc-awards-en-la-categoria-que-hino-por-su-hazana-en-amarelo\\\/\"]}]},{\"@type\":\"ImageObject\",\"inLanguage\":\"es\",\"@id\":\"https:\\\/\\\/gay.blog.br\\\/es\\\/poc-awards-es\\\/la-cantante-de-majur-se-lleva-el-trofeo-poc-awards-en-la-categoria-que-hino-por-su-hazana-en-amarelo\\\/#primaryimage\",\"url\":\"https:\\\/\\\/i0.wp.com\\\/gay.blog.br\\\/wp-content\\\/uploads\\\/2020\\\/04\\\/maju-poc.png?fit=1152%2C806&ssl=1\",\"contentUrl\":\"https:\\\/\\\/i0.wp.com\\\/gay.blog.br\\\/wp-content\\\/uploads\\\/2020\\\/04\\\/maju-poc.png?fit=1152%2C806&ssl=1\",\"width\":1152,\"height\":806},{\"@type\":\"BreadcrumbList\",\"@id\":\"https:\\\/\\\/gay.blog.br\\\/es\\\/poc-awards-es\\\/la-cantante-de-majur-se-lleva-el-trofeo-poc-awards-en-la-categoria-que-hino-por-su-hazana-en-amarelo\\\/#breadcrumb\",\"itemListElement\":[{\"@type\":\"ListItem\",\"position\":1,\"name\":\"In\u00edcio\",\"item\":\"https:\\\/\\\/gay.blog.br\\\/es\\\/\"},{\"@type\":\"ListItem\",\"position\":2,\"name\":\"La cantante de Majur se lleva el trofeo POC AWARDS en la categor\u00eda \u00abQue Hino\u00bb por su haza\u00f1a en \u00abAmarElo\u00bb\"}]},{\"@type\":\"WebSite\",\"@id\":\"https:\\\/\\\/gay.blog.br\\\/es\\\/#website\",\"url\":\"https:\\\/\\\/gay.blog.br\\\/es\\\/\",\"name\":\"GAY BLOG BR @gayblogbr\",\"description\":\"Not\u00edcias que empoderam e\\\/ou entret\u00eam s\u00e3o especialidades da casa\",\"publisher\":{\"@id\":\"https:\\\/\\\/gay.blog.br\\\/es\\\/#organization\"},\"potentialAction\":[{\"@type\":\"SearchAction\",\"target\":{\"@type\":\"EntryPoint\",\"urlTemplate\":\"https:\\\/\\\/gay.blog.br\\\/es\\\/?s={search_term_string}\"},\"query-input\":{\"@type\":\"PropertyValueSpecification\",\"valueRequired\":true,\"valueName\":\"search_term_string\"}}],\"inLanguage\":\"es\"},{\"@type\":\"Organization\",\"@id\":\"https:\\\/\\\/gay.blog.br\\\/es\\\/#organization\",\"name\":\"GAY BLOG BR\",\"url\":\"https:\\\/\\\/gay.blog.br\\\/es\\\/\",\"logo\":{\"@type\":\"ImageObject\",\"inLanguage\":\"es\",\"@id\":\"https:\\\/\\\/gay.blog.br\\\/es\\\/#\\\/schema\\\/logo\\\/image\\\/\",\"url\":\"https:\\\/\\\/i0.wp.com\\\/gay.blog.br\\\/wp-content\\\/uploads\\\/2023\\\/08\\\/gay180px.png?fit=272%2C90&ssl=1\",\"contentUrl\":\"https:\\\/\\\/i0.wp.com\\\/gay.blog.br\\\/wp-content\\\/uploads\\\/2023\\\/08\\\/gay180px.png?fit=272%2C90&ssl=1\",\"width\":272,\"height\":90,\"caption\":\"GAY BLOG BR\"},\"image\":{\"@id\":\"https:\\\/\\\/gay.blog.br\\\/es\\\/#\\\/schema\\\/logo\\\/image\\\/\"},\"sameAs\":[\"https:\\\/\\\/facebook.com\\\/gayblogbr\",\"https:\\\/\\\/x.com\\\/gayblogbr\",\"https:\\\/\\\/instagram.com\\\/gayblogbr\",\"https:\\\/\\\/www.linkedin.com\\\/company\\\/gayblogbr\\\/\",\"https:\\\/\\\/br.pinterest.com\\\/gayblogbr\\\/\",\"https:\\\/\\\/www.youtube.com\\\/channel\\\/UCdEu3JXLOB-wvWAVUF4AIiA\",\"https:\\\/\\\/pt.wikipedia.org\\\/wiki\\\/Gay_Blog_Br\",\"https:\\\/\\\/www.threads.net\\\/@gayblogbr\"]},{\"@type\":\"Person\",\"@id\":\"https:\\\/\\\/gay.blog.br\\\/es\\\/#\\\/schema\\\/person\\\/5e0cf06e5d5e166b6afeaefc7fc56d9d\",\"name\":\"Victor Miller\",\"image\":{\"@type\":\"ImageObject\",\"inLanguage\":\"es\",\"@id\":\"https:\\\/\\\/secure.gravatar.com\\\/avatar\\\/7c1fad0dcba879f76a2e6b9189cea981c8fcb9c7e6f40d5903cf16ba29cb80b5?s=96&d=mm&r=g\",\"url\":\"https:\\\/\\\/secure.gravatar.com\\\/avatar\\\/7c1fad0dcba879f76a2e6b9189cea981c8fcb9c7e6f40d5903cf16ba29cb80b5?s=96&d=mm&r=g\",\"contentUrl\":\"https:\\\/\\\/secure.gravatar.com\\\/avatar\\\/7c1fad0dcba879f76a2e6b9189cea981c8fcb9c7e6f40d5903cf16ba29cb80b5?s=96&d=mm&r=g\",\"caption\":\"Victor Miller\"},\"description\":\"Jornalista formado pela PUC do Rio de Janeiro, dedicou sua vida a falar sobre cultura nerd\\\/geek. Gay desde que se entende por gente, sempre teve desejo de trabalhar com o p\u00fablico LGBT+ e cr\u00ea que a informa\u00e7\u00e3o \u00e9 a a melhor arma contra qualquer tipo de \\\"fobia\\\"\",\"sameAs\":[\"https:\\\/\\\/gay.blog.br\\\/author\\\/victormiller\\\/\",\"https:\\\/\\\/www.facebook.com\\\/victormillerreal\",\"https:\\\/\\\/instagram.com\\\/victormillermiranda\",\"https:\\\/\\\/www.linkedin.com\\\/in\\\/victor-miller-266b54a7\\\/\",\"https:\\\/\\\/x.com\\\/https:\\\/\\\/twitter.com\\\/victor_miller\",\"https:\\\/\\\/www.youtube.com\\\/user\\\/planetasonic\"],\"url\":\"https:\\\/\\\/gay.blog.br\\\/es\\\/author\\\/victormiller\\\/\"}]}<\/script>\n<!-- \/ Yoast SEO plugin. -->","yoast_head_json":{"title":"La cantante de Majur se lleva el trofeo POC AWARDS en la categor\u00eda \"Que Hino\" por su haza\u00f1a en \"AmarElo\"","description":"La canci\u00f3n AmarElo, cantada por Majur, Emicida y Pabllo Vittar se llev\u00f3 el trofeo en la categor\u00eda \"Que Hino\" por votaci\u00f3n popular.","robots":{"index":"index","follow":"follow","max-snippet":"max-snippet:-1","max-image-preview":"max-image-preview:large","max-video-preview":"max-video-preview:-1"},"canonical":"https:\/\/gay.blog.br\/es\/poc-awards-es\/la-cantante-de-majur-se-lleva-el-trofeo-poc-awards-en-la-categoria-que-hino-por-su-hazana-en-amarelo\/","og_locale":"es_ES","og_type":"article","og_title":"La cantante de Majur se lleva el trofeo POC AWARDS en la categor\u00eda \"Que Hino\" por su haza\u00f1a en \"AmarElo\"","og_description":"La canci\u00f3n AmarElo, cantada por Majur, Emicida y Pabllo Vittar se llev\u00f3 el trofeo en la categor\u00eda \"Que Hino\" por votaci\u00f3n popular.","og_url":"https:\/\/gay.blog.br\/es\/poc-awards-es\/la-cantante-de-majur-se-lleva-el-trofeo-poc-awards-en-la-categoria-que-hino-por-su-hazana-en-amarelo\/","og_site_name":"GAY BLOG BR @gayblogbr","article_publisher":"https:\/\/facebook.com\/gayblogbr","article_author":"https:\/\/www.facebook.com\/victormillerreal","article_published_time":"2020-04-17T04:17:13+00:00","article_modified_time":"2021-01-01T03:35:57+00:00","og_image":[{"width":1024,"height":716,"url":"https:\/\/gay.blog.br\/wp-content\/uploads\/2020\/04\/maju-poc-1024x716.png","type":"image\/png"}],"author":"Victor Miller","twitter_card":"summary_large_image","twitter_creator":"@https:\/\/twitter.com\/victor_miller","twitter_site":"@gayblogbr","twitter_misc":{"Escrito por":"Victor Miller","Tiempo de lectura":"4 minutos"},"schema":{"@context":"https:\/\/schema.org","@graph":[{"@type":"Article","@id":"https:\/\/gay.blog.br\/es\/poc-awards-es\/la-cantante-de-majur-se-lleva-el-trofeo-poc-awards-en-la-categoria-que-hino-por-su-hazana-en-amarelo\/#article","isPartOf":{"@id":"https:\/\/gay.blog.br\/es\/poc-awards-es\/la-cantante-de-majur-se-lleva-el-trofeo-poc-awards-en-la-categoria-que-hino-por-su-hazana-en-amarelo\/"},"author":{"name":"Victor Miller","@id":"https:\/\/gay.blog.br\/es\/#\/schema\/person\/5e0cf06e5d5e166b6afeaefc7fc56d9d"},"headline":"La cantante de Majur se lleva el trofeo POC AWARDS en la categor\u00eda \u00abQue Hino\u00bb por su haza\u00f1a en \u00abAmarElo\u00bb","datePublished":"2020-04-17T04:17:13+00:00","dateModified":"2021-01-01T03:35:57+00:00","mainEntityOfPage":{"@id":"https:\/\/gay.blog.br\/es\/poc-awards-es\/la-cantante-de-majur-se-lleva-el-trofeo-poc-awards-en-la-categoria-que-hino-por-su-hazana-en-amarelo\/"},"wordCount":820,"commentCount":0,"publisher":{"@id":"https:\/\/gay.blog.br\/es\/#organization"},"image":{"@id":"https:\/\/gay.blog.br\/es\/poc-awards-es\/la-cantante-de-majur-se-lleva-el-trofeo-poc-awards-en-la-categoria-que-hino-por-su-hazana-en-amarelo\/#primaryimage"},"thumbnailUrl":"https:\/\/i0.wp.com\/gay.blog.br\/wp-content\/uploads\/2020\/04\/maju-poc.png?fit=1152%2C806&ssl=1","keywords":["Majur","Poc Awards 2019","que himno"],"articleSection":["POC AWARDS"],"inLanguage":"es","potentialAction":[{"@type":"CommentAction","name":"Comment","target":["https:\/\/gay.blog.br\/es\/poc-awards-es\/la-cantante-de-majur-se-lleva-el-trofeo-poc-awards-en-la-categoria-que-hino-por-su-hazana-en-amarelo\/#respond"]}]},{"@type":"WebPage","@id":"https:\/\/gay.blog.br\/es\/poc-awards-es\/la-cantante-de-majur-se-lleva-el-trofeo-poc-awards-en-la-categoria-que-hino-por-su-hazana-en-amarelo\/","url":"https:\/\/gay.blog.br\/es\/poc-awards-es\/la-cantante-de-majur-se-lleva-el-trofeo-poc-awards-en-la-categoria-que-hino-por-su-hazana-en-amarelo\/","name":"La cantante de Majur se lleva el trofeo POC AWARDS en la categor\u00eda \"Que Hino\" por su haza\u00f1a en \"AmarElo\"","isPartOf":{"@id":"https:\/\/gay.blog.br\/es\/#website"},"primaryImageOfPage":{"@id":"https:\/\/gay.blog.br\/es\/poc-awards-es\/la-cantante-de-majur-se-lleva-el-trofeo-poc-awards-en-la-categoria-que-hino-por-su-hazana-en-amarelo\/#primaryimage"},"image":{"@id":"https:\/\/gay.blog.br\/es\/poc-awards-es\/la-cantante-de-majur-se-lleva-el-trofeo-poc-awards-en-la-categoria-que-hino-por-su-hazana-en-amarelo\/#primaryimage"},"thumbnailUrl":"https:\/\/i0.wp.com\/gay.blog.br\/wp-content\/uploads\/2020\/04\/maju-poc.png?fit=1152%2C806&ssl=1","datePublished":"2020-04-17T04:17:13+00:00","dateModified":"2021-01-01T03:35:57+00:00","description":"La canci\u00f3n AmarElo, cantada por Majur, Emicida y Pabllo Vittar se llev\u00f3 el trofeo en la categor\u00eda \"Que Hino\" por votaci\u00f3n popular.","breadcrumb":{"@id":"https:\/\/gay.blog.br\/es\/poc-awards-es\/la-cantante-de-majur-se-lleva-el-trofeo-poc-awards-en-la-categoria-que-hino-por-su-hazana-en-amarelo\/#breadcrumb"},"inLanguage":"es","potentialAction":[{"@type":"ReadAction","target":["https:\/\/gay.blog.br\/es\/poc-awards-es\/la-cantante-de-majur-se-lleva-el-trofeo-poc-awards-en-la-categoria-que-hino-por-su-hazana-en-amarelo\/"]}]},{"@type":"ImageObject","inLanguage":"es","@id":"https:\/\/gay.blog.br\/es\/poc-awards-es\/la-cantante-de-majur-se-lleva-el-trofeo-poc-awards-en-la-categoria-que-hino-por-su-hazana-en-amarelo\/#primaryimage","url":"https:\/\/i0.wp.com\/gay.blog.br\/wp-content\/uploads\/2020\/04\/maju-poc.png?fit=1152%2C806&ssl=1","contentUrl":"https:\/\/i0.wp.com\/gay.blog.br\/wp-content\/uploads\/2020\/04\/maju-poc.png?fit=1152%2C806&ssl=1","width":1152,"height":806},{"@type":"BreadcrumbList","@id":"https:\/\/gay.blog.br\/es\/poc-awards-es\/la-cantante-de-majur-se-lleva-el-trofeo-poc-awards-en-la-categoria-que-hino-por-su-hazana-en-amarelo\/#breadcrumb","itemListElement":[{"@type":"ListItem","position":1,"name":"In\u00edcio","item":"https:\/\/gay.blog.br\/es\/"},{"@type":"ListItem","position":2,"name":"La cantante de Majur se lleva el trofeo POC AWARDS en la categor\u00eda \u00abQue Hino\u00bb por su haza\u00f1a en \u00abAmarElo\u00bb"}]},{"@type":"WebSite","@id":"https:\/\/gay.blog.br\/es\/#website","url":"https:\/\/gay.blog.br\/es\/","name":"GAY BLOG BR @gayblogbr","description":"Not\u00edcias que empoderam e\/ou entret\u00eam s\u00e3o especialidades da casa","publisher":{"@id":"https:\/\/gay.blog.br\/es\/#organization"},"potentialAction":[{"@type":"SearchAction","target":{"@type":"EntryPoint","urlTemplate":"https:\/\/gay.blog.br\/es\/?s={search_term_string}"},"query-input":{"@type":"PropertyValueSpecification","valueRequired":true,"valueName":"search_term_string"}}],"inLanguage":"es"},{"@type":"Organization","@id":"https:\/\/gay.blog.br\/es\/#organization","name":"GAY BLOG BR","url":"https:\/\/gay.blog.br\/es\/","logo":{"@type":"ImageObject","inLanguage":"es","@id":"https:\/\/gay.blog.br\/es\/#\/schema\/logo\/image\/","url":"https:\/\/i0.wp.com\/gay.blog.br\/wp-content\/uploads\/2023\/08\/gay180px.png?fit=272%2C90&ssl=1","contentUrl":"https:\/\/i0.wp.com\/gay.blog.br\/wp-content\/uploads\/2023\/08\/gay180px.png?fit=272%2C90&ssl=1","width":272,"height":90,"caption":"GAY BLOG BR"},"image":{"@id":"https:\/\/gay.blog.br\/es\/#\/schema\/logo\/image\/"},"sameAs":["https:\/\/facebook.com\/gayblogbr","https:\/\/x.com\/gayblogbr","https:\/\/instagram.com\/gayblogbr","https:\/\/www.linkedin.com\/company\/gayblogbr\/","https:\/\/br.pinterest.com\/gayblogbr\/","https:\/\/www.youtube.com\/channel\/UCdEu3JXLOB-wvWAVUF4AIiA","https:\/\/pt.wikipedia.org\/wiki\/Gay_Blog_Br","https:\/\/www.threads.net\/@gayblogbr"]},{"@type":"Person","@id":"https:\/\/gay.blog.br\/es\/#\/schema\/person\/5e0cf06e5d5e166b6afeaefc7fc56d9d","name":"Victor Miller","image":{"@type":"ImageObject","inLanguage":"es","@id":"https:\/\/secure.gravatar.com\/avatar\/7c1fad0dcba879f76a2e6b9189cea981c8fcb9c7e6f40d5903cf16ba29cb80b5?s=96&d=mm&r=g","url":"https:\/\/secure.gravatar.com\/avatar\/7c1fad0dcba879f76a2e6b9189cea981c8fcb9c7e6f40d5903cf16ba29cb80b5?s=96&d=mm&r=g","contentUrl":"https:\/\/secure.gravatar.com\/avatar\/7c1fad0dcba879f76a2e6b9189cea981c8fcb9c7e6f40d5903cf16ba29cb80b5?s=96&d=mm&r=g","caption":"Victor Miller"},"description":"Jornalista formado pela PUC do Rio de Janeiro, dedicou sua vida a falar sobre cultura nerd\/geek. Gay desde que se entende por gente, sempre teve desejo de trabalhar com o p\u00fablico LGBT+ e cr\u00ea que a informa\u00e7\u00e3o \u00e9 a a melhor arma contra qualquer tipo de \"fobia\"","sameAs":["https:\/\/gay.blog.br\/author\/victormiller\/","https:\/\/www.facebook.com\/victormillerreal","https:\/\/instagram.com\/victormillermiranda","https:\/\/www.linkedin.com\/in\/victor-miller-266b54a7\/","https:\/\/x.com\/https:\/\/twitter.com\/victor_miller","https:\/\/www.youtube.com\/user\/planetasonic"],"url":"https:\/\/gay.blog.br\/es\/author\/victormiller\/"}]}},"jetpack_publicize_connections":[],"jetpack_featured_media_url":"https:\/\/i0.wp.com\/gay.blog.br\/wp-content\/uploads\/2020\/04\/maju-poc.png?fit=1152%2C806&ssl=1","jetpack_sharing_enabled":true,"jetpack_shortlink":"https:\/\/wp.me\/p6klkK-r6V","jetpack_likes_enabled":false,"amp_enabled":true,"_links":{"self":[{"href":"https:\/\/gay.blog.br\/es\/wp-json\/wp\/v2\/posts\/104217","targetHints":{"allow":["GET"]}}],"collection":[{"href":"https:\/\/gay.blog.br\/es\/wp-json\/wp\/v2\/posts"}],"about":[{"href":"https:\/\/gay.blog.br\/es\/wp-json\/wp\/v2\/types\/post"}],"author":[{"embeddable":true,"href":"https:\/\/gay.blog.br\/es\/wp-json\/wp\/v2\/users\/3515"}],"replies":[{"embeddable":true,"href":"https:\/\/gay.blog.br\/es\/wp-json\/wp\/v2\/comments?post=104217"}],"version-history":[{"count":0,"href":"https:\/\/gay.blog.br\/es\/wp-json\/wp\/v2\/posts\/104217\/revisions"}],"wp:featuredmedia":[{"embeddable":true,"href":"https:\/\/gay.blog.br\/es\/wp-json\/wp\/v2\/media\/101824"}],"wp:attachment":[{"href":"https:\/\/gay.blog.br\/es\/wp-json\/wp\/v2\/media?parent=104217"}],"wp:term":[{"taxonomy":"category","embeddable":true,"href":"https:\/\/gay.blog.br\/es\/wp-json\/wp\/v2\/categories?post=104217"},{"taxonomy":"post_tag","embeddable":true,"href":"https:\/\/gay.blog.br\/es\/wp-json\/wp\/v2\/tags?post=104217"}],"curies":[{"name":"wp","href":"https:\/\/api.w.org\/{rel}","templated":true}]}}