{"id":104580,"date":"2020-04-03T19:53:00","date_gmt":"2020-04-03T22:53:00","guid":{"rendered":"https:\/\/gay.blog.br\/?p=104580"},"modified":"2021-01-04T21:25:56","modified_gmt":"2021-01-05T00:25:56","slug":"kaique-brito-gana-poc-awards-en-la-categoria-personalidad-de-los-medios","status":"publish","type":"post","link":"https:\/\/gay.blog.br\/es\/poc-awards-es\/kaique-brito-gana-poc-awards-en-la-categoria-personalidad-de-los-medios\/","title":{"rendered":"Kaique Brito gana POC AWARDS en la categor\u00eda \u00abPersonalidad de los medios\u00bb"},"content":{"rendered":"<p style=\"text-align: justify;\">En la categor\u00eda \u00ab<strong>Personalidad de los Medios<\/strong>\u00bb de los <a href=\"https:\/\/gay.blog.br\/nao-e-gay-se\/vencedores-do-poc-awards-2019\/\"><strong>POC AWARDS 2019,<\/strong><\/a> el joven <strong>Kaique Brito<\/strong>, de tan solo 15 a\u00f1os, fue el ganador del voto popular. El trofeo fue disputado por influencers que entretuvieron y se convirtieron en memes de la comunidad LGBT+ durante el a\u00f1o, como <a href=\"https:\/\/twitter.com\/benozzatiarthur\"><strong>Masculin (Arthur Benozzati)<\/strong><\/a> y la trans <a href=\"https:\/\/twitter.com\/BiancarealAlves\"><strong>Bianca Alves<\/strong><\/a>.<\/p>\n<p style=\"text-align: justify;\">Kaique era conocido por crear videos c\u00f3micos haciendo <em>lipsyncs<\/em> de labios con discursos absurdos que abordaban temas sociales y pol\u00edticos.<\/p>\n<blockquote class=\"twitter-tweet\" data-width=\"550\" data-dnt=\"true\">\n<p lang=\"pt\" dir=\"ltr\">voc\u00eas t\u00e3o fazendo com que o branco sofra racismo!!! <a href=\"https:\/\/t.co\/BftC8MVbC2\">pic.twitter.com\/BftC8MVbC2<\/a><\/p>\n<p>&mdash; kaique (@kaiquebritor) <a href=\"https:\/\/twitter.com\/kaiquebritor\/status\/1144011913300344832?ref_src=twsrc%5Etfw\">June 26, 2019<\/a><\/p><\/blockquote>\n<p><script async src=\"https:\/\/platform.twitter.com\/widgets.js\" charset=\"utf-8\"><\/script><\/p>\n<p style=\"text-align: justify;\">Seg\u00fan una entrevista con <strong>Kaique<\/strong> en el canal <a href=\"https:\/\/eurio.com.br\/noticia\/12562\/com-irreverencia-e-bom-humor-kaique-brito-conquista-fas-nas-redes-sociais.html\">Eu, Rio!<\/a> La respuesta del p\u00fablico siempre ha sido muy positiva y no esperaba mucho compromiso.<\/p>\n<p style=\"text-align: justify;\"><em>\u00abEn 2014, comenc\u00e9 a grabar videos en las aplicaciones, pero estaban doblando con un tema diferente. Por lo general, doblaba canciones. Cuando grab\u00e9 en el estilo que hago hoy, funcion\u00f3 muy bien\u00bb<\/em>, dijo.<\/p>\n<p style=\"text-align: justify;\">Tambi\u00e9n dice que aunque todav\u00eda no tiene una ideolog\u00eda pol\u00edtica, tiene una posici\u00f3n muy clara sobre lo que no aprueba.<\/p>\n<p style=\"text-align: justify;\"><em>\u201cNo entiendo mucho de ciertos temas que involucran econom\u00eda o gesti\u00f3n p\u00fablica, pero estoy en contra de lo que creo que est\u00e1 mal, como el machismo y la homofobia. Nuestro presidente, por ejemplo, representa bien todo esto. Incluso cuando veo a alguien diciendo algo est\u00fapido relacionado con estos temas, me inspiro para hacer un video. Ya tengo ganas de grabar<\/em>\u00ab, revel\u00f3.<\/p>\n<blockquote class=\"twitter-tweet\" data-width=\"550\" data-dnt=\"true\">\n<p lang=\"und\" dir=\"ltr\"><a href=\"https:\/\/t.co\/AeD0f9iyfu\">https:\/\/t.co\/AeD0f9iyfu<\/a> <a href=\"https:\/\/t.co\/tQ2YoscQ08\">https:\/\/t.co\/tQ2YoscQ08<\/a><\/p>\n<p>&mdash; kaique (@kaiquebritor) <a href=\"https:\/\/twitter.com\/kaiquebritor\/status\/1243307706112454656?ref_src=twsrc%5Etfw\">March 26, 2020<\/a><\/p><\/blockquote>\n<p><script async src=\"https:\/\/platform.twitter.com\/widgets.js\" charset=\"utf-8\"><\/script><\/p>\n<p style=\"text-align: justify;\"><strong>Brito<\/strong> tambi\u00e9n dice que trata de no sentirse presionado para hacer cierto tipo de videos, tratando de mantener su creatividad habitual.<\/p>\n<p style=\"text-align: justify;\"><em>\u00abProduzco porque al p\u00fablico le gusta y yo tambi\u00e9n. Sigo grabando videos m\u00e1s ligeros. Me parece incre\u00edble ver que la gente que siempre he admirado, ahora, tambi\u00e9n me admiran. Estoy feliz y motivado. <\/em><\/p>\n<p style=\"text-align: justify;\"><em>Es por ellos y pensando en el p\u00fablico con este perfil que quiero seguir mostrando mis ideas. Sin embargo, evito cargarme, incluso he estado un poco neur\u00f3tico pensando en producir m\u00e1s cosas, pero hoy lo dejo fluir. Todo sucede de forma natural \u00ab.<\/em><\/p>\n<p style=\"text-align: justify;\">Influenciadores como <strong>Felipe Neto<\/strong> y <strong>Nil Moretto<\/strong> ya han salido a elogiar la actuaci\u00f3n de Kaique Brito.<\/p>\n<blockquote class=\"twitter-tweet\" data-width=\"550\" data-dnt=\"true\">\n<p lang=\"pt\" dir=\"ltr\">HAHAHHAHHAHAHAHHAHAHAHAHAHHAHAHHHHAHHHAHAHHAHAHAHHAHHAHAHHAHAHAHHAHA<\/p>\n<p>Eu acho q esse \u00e9 um dos discursos mais bostas da hist\u00f3ria da internet NO MUNDO. Ficou genial.<\/p>\n<p>&mdash; Felipe Neto #TheTrator25 (@felipeneto) <a href=\"https:\/\/twitter.com\/felipeneto\/status\/1144848552860033024?ref_src=twsrc%5Etfw\">June 29, 2019<\/a><\/p><\/blockquote>\n<p><script async src=\"https:\/\/platform.twitter.com\/widgets.js\" charset=\"utf-8\"><\/script><\/p>\n<p style=\"text-align: justify;\">\n","protected":false},"excerpt":{"rendered":"<p>Brito satiriza temas serios al sincronizar los labios con discursos pol\u00edticos y virales en Internet<\/p>\n","protected":false},"author":3515,"featured_media":79600,"comment_status":"open","ping_status":"open","sticky":false,"template":"","format":"standard","meta":{"googlesitekit_rrm_CAoiEBg-BXrJeACjO8p49SE4kTY:productID":"","tdm_status":"","tdm_grid_status":"","_jetpack_newsletter_access":"","_jetpack_dont_email_post_to_subs":false,"_jetpack_newsletter_tier_id":0,"_jetpack_memberships_contains_paywalled_content":false,"_jetpack_memberships_contains_paid_content":false,"footnotes":"","jetpack_publicize_message":"Kaique Brito gana POC AWARDS en la categor\u00eda \"Personalidad de los medios\"","jetpack_publicize_feature_enabled":true,"jetpack_social_post_already_shared":true,"jetpack_social_options":{"image_generator_settings":{"template":"highway","default_image_id":0,"font":"","enabled":false},"version":2},"_wpas_customize_per_network":false,"jetpack_post_was_ever_published":false},"categories":[589932271],"tags":[589935943,589935944,589935732,589935945],"class_list":{"0":"post-104580","1":"post","2":"type-post","3":"status-publish","4":"format-standard","5":"has-post-thumbnail","7":"category-poc-awards-es","8":"tag-humor","9":"tag-kaique-brito-es","10":"tag-poc-awards-2019-es","11":"tag-tik-tok-es"},"yoast_head":"<!-- This site is optimized with the Yoast SEO plugin v27.5 - https:\/\/yoast.com\/product\/yoast-seo-wordpress\/ -->\n<title>Kaique Brito gana POC AWARDS en la categor\u00eda &quot;Personalidad de los medios&quot;<\/title>\n<meta name=\"description\" content=\"En la categor\u00eda Personalidad medi\u00e1tica, el joven Ka\u00edque Brito, de tan solo 15 a\u00f1os, fue el ganador de los POC AWARDS 2019 por votaci\u00f3n popular.\" \/>\n<meta name=\"robots\" content=\"index, follow, max-snippet:-1, max-image-preview:large, max-video-preview:-1\" \/>\n<link rel=\"canonical\" href=\"https:\/\/gay.blog.br\/es\/poc-awards-es\/kaique-brito-gana-poc-awards-en-la-categoria-personalidad-de-los-medios\/\" \/>\n<meta property=\"og:locale\" content=\"es_ES\" \/>\n<meta property=\"og:type\" content=\"article\" \/>\n<meta property=\"og:title\" content=\"Kaique Brito gana POC AWARDS en la categor\u00eda &quot;Personalidad de los medios&quot;\" \/>\n<meta property=\"og:description\" content=\"En la categor\u00eda Personalidad medi\u00e1tica, el joven Ka\u00edque Brito, de tan solo 15 a\u00f1os, fue el ganador de los POC AWARDS 2019 por votaci\u00f3n popular.\" \/>\n<meta property=\"og:url\" content=\"https:\/\/gay.blog.br\/es\/poc-awards-es\/kaique-brito-gana-poc-awards-en-la-categoria-personalidad-de-los-medios\/\" \/>\n<meta property=\"og:site_name\" content=\"GAY BLOG BR @gayblogbr\" \/>\n<meta property=\"article:publisher\" content=\"https:\/\/facebook.com\/gayblogbr\" \/>\n<meta property=\"article:author\" content=\"https:\/\/www.facebook.com\/victormillerreal\" \/>\n<meta property=\"article:published_time\" content=\"2020-04-03T22:53:00+00:00\" \/>\n<meta property=\"article:modified_time\" content=\"2021-01-05T00:25:56+00:00\" \/>\n<meta property=\"og:image\" content=\"https:\/\/i0.wp.com\/gay.blog.br\/wp-content\/uploads\/2020\/04\/kaique.jpg?fit=750%2C546&ssl=1\" \/>\n\t<meta property=\"og:image:width\" content=\"750\" \/>\n\t<meta property=\"og:image:height\" content=\"546\" \/>\n\t<meta property=\"og:image:type\" content=\"image\/jpeg\" \/>\n<meta name=\"author\" content=\"Victor Miller\" \/>\n<meta name=\"twitter:card\" content=\"summary_large_image\" \/>\n<meta name=\"twitter:creator\" content=\"@https:\/\/twitter.com\/victor_miller\" \/>\n<meta name=\"twitter:site\" content=\"@gayblogbr\" \/>\n<meta name=\"twitter:label1\" content=\"Escrito por\" \/>\n\t<meta name=\"twitter:data1\" content=\"Victor Miller\" \/>\n\t<meta name=\"twitter:label2\" content=\"Tiempo de lectura\" \/>\n\t<meta name=\"twitter:data2\" content=\"2 minutos\" \/>\n<script type=\"application\/ld+json\" class=\"yoast-schema-graph\">{\"@context\":\"https:\\\/\\\/schema.org\",\"@graph\":[{\"@type\":\"Article\",\"@id\":\"https:\\\/\\\/gay.blog.br\\\/es\\\/poc-awards-es\\\/kaique-brito-gana-poc-awards-en-la-categoria-personalidad-de-los-medios\\\/#article\",\"isPartOf\":{\"@id\":\"https:\\\/\\\/gay.blog.br\\\/es\\\/poc-awards-es\\\/kaique-brito-gana-poc-awards-en-la-categoria-personalidad-de-los-medios\\\/\"},\"author\":{\"name\":\"Victor Miller\",\"@id\":\"https:\\\/\\\/gay.blog.br\\\/es\\\/#\\\/schema\\\/person\\\/5e0cf06e5d5e166b6afeaefc7fc56d9d\"},\"headline\":\"Kaique Brito gana POC AWARDS en la categor\u00eda \u00abPersonalidad de los medios\u00bb\",\"datePublished\":\"2020-04-03T22:53:00+00:00\",\"dateModified\":\"2021-01-05T00:25:56+00:00\",\"mainEntityOfPage\":{\"@id\":\"https:\\\/\\\/gay.blog.br\\\/es\\\/poc-awards-es\\\/kaique-brito-gana-poc-awards-en-la-categoria-personalidad-de-los-medios\\\/\"},\"wordCount\":378,\"commentCount\":0,\"publisher\":{\"@id\":\"https:\\\/\\\/gay.blog.br\\\/es\\\/#organization\"},\"image\":{\"@id\":\"https:\\\/\\\/gay.blog.br\\\/es\\\/poc-awards-es\\\/kaique-brito-gana-poc-awards-en-la-categoria-personalidad-de-los-medios\\\/#primaryimage\"},\"thumbnailUrl\":\"https:\\\/\\\/i0.wp.com\\\/gay.blog.br\\\/wp-content\\\/uploads\\\/2020\\\/04\\\/kaique.jpg?fit=750%2C546&ssl=1\",\"keywords\":[\"humor\",\"kaique brito\",\"Poc Awards 2019\",\"Tik Tok\"],\"articleSection\":[\"POC AWARDS\"],\"inLanguage\":\"es\",\"potentialAction\":[{\"@type\":\"CommentAction\",\"name\":\"Comment\",\"target\":[\"https:\\\/\\\/gay.blog.br\\\/es\\\/poc-awards-es\\\/kaique-brito-gana-poc-awards-en-la-categoria-personalidad-de-los-medios\\\/#respond\"]}]},{\"@type\":\"WebPage\",\"@id\":\"https:\\\/\\\/gay.blog.br\\\/es\\\/poc-awards-es\\\/kaique-brito-gana-poc-awards-en-la-categoria-personalidad-de-los-medios\\\/\",\"url\":\"https:\\\/\\\/gay.blog.br\\\/es\\\/poc-awards-es\\\/kaique-brito-gana-poc-awards-en-la-categoria-personalidad-de-los-medios\\\/\",\"name\":\"Kaique Brito gana POC AWARDS en la categor\u00eda \\\"Personalidad de los medios\\\"\",\"isPartOf\":{\"@id\":\"https:\\\/\\\/gay.blog.br\\\/es\\\/#website\"},\"primaryImageOfPage\":{\"@id\":\"https:\\\/\\\/gay.blog.br\\\/es\\\/poc-awards-es\\\/kaique-brito-gana-poc-awards-en-la-categoria-personalidad-de-los-medios\\\/#primaryimage\"},\"image\":{\"@id\":\"https:\\\/\\\/gay.blog.br\\\/es\\\/poc-awards-es\\\/kaique-brito-gana-poc-awards-en-la-categoria-personalidad-de-los-medios\\\/#primaryimage\"},\"thumbnailUrl\":\"https:\\\/\\\/i0.wp.com\\\/gay.blog.br\\\/wp-content\\\/uploads\\\/2020\\\/04\\\/kaique.jpg?fit=750%2C546&ssl=1\",\"datePublished\":\"2020-04-03T22:53:00+00:00\",\"dateModified\":\"2021-01-05T00:25:56+00:00\",\"description\":\"En la categor\u00eda Personalidad medi\u00e1tica, el joven Ka\u00edque Brito, de tan solo 15 a\u00f1os, fue el ganador de los POC AWARDS 2019 por votaci\u00f3n popular.\",\"breadcrumb\":{\"@id\":\"https:\\\/\\\/gay.blog.br\\\/es\\\/poc-awards-es\\\/kaique-brito-gana-poc-awards-en-la-categoria-personalidad-de-los-medios\\\/#breadcrumb\"},\"inLanguage\":\"es\",\"potentialAction\":[{\"@type\":\"ReadAction\",\"target\":[\"https:\\\/\\\/gay.blog.br\\\/es\\\/poc-awards-es\\\/kaique-brito-gana-poc-awards-en-la-categoria-personalidad-de-los-medios\\\/\"]}]},{\"@type\":\"ImageObject\",\"inLanguage\":\"es\",\"@id\":\"https:\\\/\\\/gay.blog.br\\\/es\\\/poc-awards-es\\\/kaique-brito-gana-poc-awards-en-la-categoria-personalidad-de-los-medios\\\/#primaryimage\",\"url\":\"https:\\\/\\\/i0.wp.com\\\/gay.blog.br\\\/wp-content\\\/uploads\\\/2020\\\/04\\\/kaique.jpg?fit=750%2C546&ssl=1\",\"contentUrl\":\"https:\\\/\\\/i0.wp.com\\\/gay.blog.br\\\/wp-content\\\/uploads\\\/2020\\\/04\\\/kaique.jpg?fit=750%2C546&ssl=1\",\"width\":750,\"height\":546,\"caption\":\"Foto: Arquivo Pessoal\"},{\"@type\":\"BreadcrumbList\",\"@id\":\"https:\\\/\\\/gay.blog.br\\\/es\\\/poc-awards-es\\\/kaique-brito-gana-poc-awards-en-la-categoria-personalidad-de-los-medios\\\/#breadcrumb\",\"itemListElement\":[{\"@type\":\"ListItem\",\"position\":1,\"name\":\"In\u00edcio\",\"item\":\"https:\\\/\\\/gay.blog.br\\\/es\\\/\"},{\"@type\":\"ListItem\",\"position\":2,\"name\":\"Kaique Brito gana POC AWARDS en la categor\u00eda \u00abPersonalidad de los medios\u00bb\"}]},{\"@type\":\"WebSite\",\"@id\":\"https:\\\/\\\/gay.blog.br\\\/es\\\/#website\",\"url\":\"https:\\\/\\\/gay.blog.br\\\/es\\\/\",\"name\":\"GAY BLOG BR @gayblogbr\",\"description\":\"Not\u00edcias que empoderam e\\\/ou entret\u00eam s\u00e3o especialidades da casa\",\"publisher\":{\"@id\":\"https:\\\/\\\/gay.blog.br\\\/es\\\/#organization\"},\"potentialAction\":[{\"@type\":\"SearchAction\",\"target\":{\"@type\":\"EntryPoint\",\"urlTemplate\":\"https:\\\/\\\/gay.blog.br\\\/es\\\/?s={search_term_string}\"},\"query-input\":{\"@type\":\"PropertyValueSpecification\",\"valueRequired\":true,\"valueName\":\"search_term_string\"}}],\"inLanguage\":\"es\"},{\"@type\":\"Organization\",\"@id\":\"https:\\\/\\\/gay.blog.br\\\/es\\\/#organization\",\"name\":\"GAY BLOG BR\",\"url\":\"https:\\\/\\\/gay.blog.br\\\/es\\\/\",\"logo\":{\"@type\":\"ImageObject\",\"inLanguage\":\"es\",\"@id\":\"https:\\\/\\\/gay.blog.br\\\/es\\\/#\\\/schema\\\/logo\\\/image\\\/\",\"url\":\"https:\\\/\\\/i0.wp.com\\\/gay.blog.br\\\/wp-content\\\/uploads\\\/2023\\\/08\\\/gay180px.png?fit=272%2C90&ssl=1\",\"contentUrl\":\"https:\\\/\\\/i0.wp.com\\\/gay.blog.br\\\/wp-content\\\/uploads\\\/2023\\\/08\\\/gay180px.png?fit=272%2C90&ssl=1\",\"width\":272,\"height\":90,\"caption\":\"GAY BLOG BR\"},\"image\":{\"@id\":\"https:\\\/\\\/gay.blog.br\\\/es\\\/#\\\/schema\\\/logo\\\/image\\\/\"},\"sameAs\":[\"https:\\\/\\\/facebook.com\\\/gayblogbr\",\"https:\\\/\\\/x.com\\\/gayblogbr\",\"https:\\\/\\\/instagram.com\\\/gayblogbr\",\"https:\\\/\\\/www.linkedin.com\\\/company\\\/gayblogbr\\\/\",\"https:\\\/\\\/br.pinterest.com\\\/gayblogbr\\\/\",\"https:\\\/\\\/www.youtube.com\\\/channel\\\/UCdEu3JXLOB-wvWAVUF4AIiA\",\"https:\\\/\\\/pt.wikipedia.org\\\/wiki\\\/Gay_Blog_Br\",\"https:\\\/\\\/www.threads.net\\\/@gayblogbr\"]},{\"@type\":\"Person\",\"@id\":\"https:\\\/\\\/gay.blog.br\\\/es\\\/#\\\/schema\\\/person\\\/5e0cf06e5d5e166b6afeaefc7fc56d9d\",\"name\":\"Victor Miller\",\"image\":{\"@type\":\"ImageObject\",\"inLanguage\":\"es\",\"@id\":\"https:\\\/\\\/secure.gravatar.com\\\/avatar\\\/7c1fad0dcba879f76a2e6b9189cea981c8fcb9c7e6f40d5903cf16ba29cb80b5?s=96&d=mm&r=g\",\"url\":\"https:\\\/\\\/secure.gravatar.com\\\/avatar\\\/7c1fad0dcba879f76a2e6b9189cea981c8fcb9c7e6f40d5903cf16ba29cb80b5?s=96&d=mm&r=g\",\"contentUrl\":\"https:\\\/\\\/secure.gravatar.com\\\/avatar\\\/7c1fad0dcba879f76a2e6b9189cea981c8fcb9c7e6f40d5903cf16ba29cb80b5?s=96&d=mm&r=g\",\"caption\":\"Victor Miller\"},\"description\":\"Jornalista formado pela PUC do Rio de Janeiro, dedicou sua vida a falar sobre cultura nerd\\\/geek. Gay desde que se entende por gente, sempre teve desejo de trabalhar com o p\u00fablico LGBT+ e cr\u00ea que a informa\u00e7\u00e3o \u00e9 a a melhor arma contra qualquer tipo de \\\"fobia\\\"\",\"sameAs\":[\"https:\\\/\\\/gay.blog.br\\\/author\\\/victormiller\\\/\",\"https:\\\/\\\/www.facebook.com\\\/victormillerreal\",\"https:\\\/\\\/instagram.com\\\/victormillermiranda\",\"https:\\\/\\\/www.linkedin.com\\\/in\\\/victor-miller-266b54a7\\\/\",\"https:\\\/\\\/x.com\\\/https:\\\/\\\/twitter.com\\\/victor_miller\",\"https:\\\/\\\/www.youtube.com\\\/user\\\/planetasonic\"],\"url\":\"https:\\\/\\\/gay.blog.br\\\/es\\\/author\\\/victormiller\\\/\"}]}<\/script>\n<!-- \/ Yoast SEO plugin. -->","yoast_head_json":{"title":"Kaique Brito gana POC AWARDS en la categor\u00eda \"Personalidad de los medios\"","description":"En la categor\u00eda Personalidad medi\u00e1tica, el joven Ka\u00edque Brito, de tan solo 15 a\u00f1os, fue el ganador de los POC AWARDS 2019 por votaci\u00f3n popular.","robots":{"index":"index","follow":"follow","max-snippet":"max-snippet:-1","max-image-preview":"max-image-preview:large","max-video-preview":"max-video-preview:-1"},"canonical":"https:\/\/gay.blog.br\/es\/poc-awards-es\/kaique-brito-gana-poc-awards-en-la-categoria-personalidad-de-los-medios\/","og_locale":"es_ES","og_type":"article","og_title":"Kaique Brito gana POC AWARDS en la categor\u00eda \"Personalidad de los medios\"","og_description":"En la categor\u00eda Personalidad medi\u00e1tica, el joven Ka\u00edque Brito, de tan solo 15 a\u00f1os, fue el ganador de los POC AWARDS 2019 por votaci\u00f3n popular.","og_url":"https:\/\/gay.blog.br\/es\/poc-awards-es\/kaique-brito-gana-poc-awards-en-la-categoria-personalidad-de-los-medios\/","og_site_name":"GAY BLOG BR @gayblogbr","article_publisher":"https:\/\/facebook.com\/gayblogbr","article_author":"https:\/\/www.facebook.com\/victormillerreal","article_published_time":"2020-04-03T22:53:00+00:00","article_modified_time":"2021-01-05T00:25:56+00:00","og_image":[{"width":750,"height":546,"url":"https:\/\/i0.wp.com\/gay.blog.br\/wp-content\/uploads\/2020\/04\/kaique.jpg?fit=750%2C546&ssl=1","type":"image\/jpeg"}],"author":"Victor Miller","twitter_card":"summary_large_image","twitter_creator":"@https:\/\/twitter.com\/victor_miller","twitter_site":"@gayblogbr","twitter_misc":{"Escrito por":"Victor Miller","Tiempo de lectura":"2 minutos"},"schema":{"@context":"https:\/\/schema.org","@graph":[{"@type":"Article","@id":"https:\/\/gay.blog.br\/es\/poc-awards-es\/kaique-brito-gana-poc-awards-en-la-categoria-personalidad-de-los-medios\/#article","isPartOf":{"@id":"https:\/\/gay.blog.br\/es\/poc-awards-es\/kaique-brito-gana-poc-awards-en-la-categoria-personalidad-de-los-medios\/"},"author":{"name":"Victor Miller","@id":"https:\/\/gay.blog.br\/es\/#\/schema\/person\/5e0cf06e5d5e166b6afeaefc7fc56d9d"},"headline":"Kaique Brito gana POC AWARDS en la categor\u00eda \u00abPersonalidad de los medios\u00bb","datePublished":"2020-04-03T22:53:00+00:00","dateModified":"2021-01-05T00:25:56+00:00","mainEntityOfPage":{"@id":"https:\/\/gay.blog.br\/es\/poc-awards-es\/kaique-brito-gana-poc-awards-en-la-categoria-personalidad-de-los-medios\/"},"wordCount":378,"commentCount":0,"publisher":{"@id":"https:\/\/gay.blog.br\/es\/#organization"},"image":{"@id":"https:\/\/gay.blog.br\/es\/poc-awards-es\/kaique-brito-gana-poc-awards-en-la-categoria-personalidad-de-los-medios\/#primaryimage"},"thumbnailUrl":"https:\/\/i0.wp.com\/gay.blog.br\/wp-content\/uploads\/2020\/04\/kaique.jpg?fit=750%2C546&ssl=1","keywords":["humor","kaique brito","Poc Awards 2019","Tik Tok"],"articleSection":["POC AWARDS"],"inLanguage":"es","potentialAction":[{"@type":"CommentAction","name":"Comment","target":["https:\/\/gay.blog.br\/es\/poc-awards-es\/kaique-brito-gana-poc-awards-en-la-categoria-personalidad-de-los-medios\/#respond"]}]},{"@type":"WebPage","@id":"https:\/\/gay.blog.br\/es\/poc-awards-es\/kaique-brito-gana-poc-awards-en-la-categoria-personalidad-de-los-medios\/","url":"https:\/\/gay.blog.br\/es\/poc-awards-es\/kaique-brito-gana-poc-awards-en-la-categoria-personalidad-de-los-medios\/","name":"Kaique Brito gana POC AWARDS en la categor\u00eda \"Personalidad de los medios\"","isPartOf":{"@id":"https:\/\/gay.blog.br\/es\/#website"},"primaryImageOfPage":{"@id":"https:\/\/gay.blog.br\/es\/poc-awards-es\/kaique-brito-gana-poc-awards-en-la-categoria-personalidad-de-los-medios\/#primaryimage"},"image":{"@id":"https:\/\/gay.blog.br\/es\/poc-awards-es\/kaique-brito-gana-poc-awards-en-la-categoria-personalidad-de-los-medios\/#primaryimage"},"thumbnailUrl":"https:\/\/i0.wp.com\/gay.blog.br\/wp-content\/uploads\/2020\/04\/kaique.jpg?fit=750%2C546&ssl=1","datePublished":"2020-04-03T22:53:00+00:00","dateModified":"2021-01-05T00:25:56+00:00","description":"En la categor\u00eda Personalidad medi\u00e1tica, el joven Ka\u00edque Brito, de tan solo 15 a\u00f1os, fue el ganador de los POC AWARDS 2019 por votaci\u00f3n popular.","breadcrumb":{"@id":"https:\/\/gay.blog.br\/es\/poc-awards-es\/kaique-brito-gana-poc-awards-en-la-categoria-personalidad-de-los-medios\/#breadcrumb"},"inLanguage":"es","potentialAction":[{"@type":"ReadAction","target":["https:\/\/gay.blog.br\/es\/poc-awards-es\/kaique-brito-gana-poc-awards-en-la-categoria-personalidad-de-los-medios\/"]}]},{"@type":"ImageObject","inLanguage":"es","@id":"https:\/\/gay.blog.br\/es\/poc-awards-es\/kaique-brito-gana-poc-awards-en-la-categoria-personalidad-de-los-medios\/#primaryimage","url":"https:\/\/i0.wp.com\/gay.blog.br\/wp-content\/uploads\/2020\/04\/kaique.jpg?fit=750%2C546&ssl=1","contentUrl":"https:\/\/i0.wp.com\/gay.blog.br\/wp-content\/uploads\/2020\/04\/kaique.jpg?fit=750%2C546&ssl=1","width":750,"height":546,"caption":"Foto: Arquivo Pessoal"},{"@type":"BreadcrumbList","@id":"https:\/\/gay.blog.br\/es\/poc-awards-es\/kaique-brito-gana-poc-awards-en-la-categoria-personalidad-de-los-medios\/#breadcrumb","itemListElement":[{"@type":"ListItem","position":1,"name":"In\u00edcio","item":"https:\/\/gay.blog.br\/es\/"},{"@type":"ListItem","position":2,"name":"Kaique Brito gana POC AWARDS en la categor\u00eda \u00abPersonalidad de los medios\u00bb"}]},{"@type":"WebSite","@id":"https:\/\/gay.blog.br\/es\/#website","url":"https:\/\/gay.blog.br\/es\/","name":"GAY BLOG BR @gayblogbr","description":"Not\u00edcias que empoderam e\/ou entret\u00eam s\u00e3o especialidades da casa","publisher":{"@id":"https:\/\/gay.blog.br\/es\/#organization"},"potentialAction":[{"@type":"SearchAction","target":{"@type":"EntryPoint","urlTemplate":"https:\/\/gay.blog.br\/es\/?s={search_term_string}"},"query-input":{"@type":"PropertyValueSpecification","valueRequired":true,"valueName":"search_term_string"}}],"inLanguage":"es"},{"@type":"Organization","@id":"https:\/\/gay.blog.br\/es\/#organization","name":"GAY BLOG BR","url":"https:\/\/gay.blog.br\/es\/","logo":{"@type":"ImageObject","inLanguage":"es","@id":"https:\/\/gay.blog.br\/es\/#\/schema\/logo\/image\/","url":"https:\/\/i0.wp.com\/gay.blog.br\/wp-content\/uploads\/2023\/08\/gay180px.png?fit=272%2C90&ssl=1","contentUrl":"https:\/\/i0.wp.com\/gay.blog.br\/wp-content\/uploads\/2023\/08\/gay180px.png?fit=272%2C90&ssl=1","width":272,"height":90,"caption":"GAY BLOG BR"},"image":{"@id":"https:\/\/gay.blog.br\/es\/#\/schema\/logo\/image\/"},"sameAs":["https:\/\/facebook.com\/gayblogbr","https:\/\/x.com\/gayblogbr","https:\/\/instagram.com\/gayblogbr","https:\/\/www.linkedin.com\/company\/gayblogbr\/","https:\/\/br.pinterest.com\/gayblogbr\/","https:\/\/www.youtube.com\/channel\/UCdEu3JXLOB-wvWAVUF4AIiA","https:\/\/pt.wikipedia.org\/wiki\/Gay_Blog_Br","https:\/\/www.threads.net\/@gayblogbr"]},{"@type":"Person","@id":"https:\/\/gay.blog.br\/es\/#\/schema\/person\/5e0cf06e5d5e166b6afeaefc7fc56d9d","name":"Victor Miller","image":{"@type":"ImageObject","inLanguage":"es","@id":"https:\/\/secure.gravatar.com\/avatar\/7c1fad0dcba879f76a2e6b9189cea981c8fcb9c7e6f40d5903cf16ba29cb80b5?s=96&d=mm&r=g","url":"https:\/\/secure.gravatar.com\/avatar\/7c1fad0dcba879f76a2e6b9189cea981c8fcb9c7e6f40d5903cf16ba29cb80b5?s=96&d=mm&r=g","contentUrl":"https:\/\/secure.gravatar.com\/avatar\/7c1fad0dcba879f76a2e6b9189cea981c8fcb9c7e6f40d5903cf16ba29cb80b5?s=96&d=mm&r=g","caption":"Victor Miller"},"description":"Jornalista formado pela PUC do Rio de Janeiro, dedicou sua vida a falar sobre cultura nerd\/geek. Gay desde que se entende por gente, sempre teve desejo de trabalhar com o p\u00fablico LGBT+ e cr\u00ea que a informa\u00e7\u00e3o \u00e9 a a melhor arma contra qualquer tipo de \"fobia\"","sameAs":["https:\/\/gay.blog.br\/author\/victormiller\/","https:\/\/www.facebook.com\/victormillerreal","https:\/\/instagram.com\/victormillermiranda","https:\/\/www.linkedin.com\/in\/victor-miller-266b54a7\/","https:\/\/x.com\/https:\/\/twitter.com\/victor_miller","https:\/\/www.youtube.com\/user\/planetasonic"],"url":"https:\/\/gay.blog.br\/es\/author\/victormiller\/"}]}},"jetpack_publicize_connections":[],"jetpack_featured_media_url":"https:\/\/i0.wp.com\/gay.blog.br\/wp-content\/uploads\/2020\/04\/kaique.jpg?fit=750%2C546&ssl=1","jetpack_sharing_enabled":true,"jetpack_shortlink":"https:\/\/wp.me\/p6klkK-rcM","jetpack_likes_enabled":false,"amp_enabled":true,"_links":{"self":[{"href":"https:\/\/gay.blog.br\/es\/wp-json\/wp\/v2\/posts\/104580","targetHints":{"allow":["GET"]}}],"collection":[{"href":"https:\/\/gay.blog.br\/es\/wp-json\/wp\/v2\/posts"}],"about":[{"href":"https:\/\/gay.blog.br\/es\/wp-json\/wp\/v2\/types\/post"}],"author":[{"embeddable":true,"href":"https:\/\/gay.blog.br\/es\/wp-json\/wp\/v2\/users\/3515"}],"replies":[{"embeddable":true,"href":"https:\/\/gay.blog.br\/es\/wp-json\/wp\/v2\/comments?post=104580"}],"version-history":[{"count":0,"href":"https:\/\/gay.blog.br\/es\/wp-json\/wp\/v2\/posts\/104580\/revisions"}],"wp:featuredmedia":[{"embeddable":true,"href":"https:\/\/gay.blog.br\/es\/wp-json\/wp\/v2\/media\/79600"}],"wp:attachment":[{"href":"https:\/\/gay.blog.br\/es\/wp-json\/wp\/v2\/media?parent=104580"}],"wp:term":[{"taxonomy":"category","embeddable":true,"href":"https:\/\/gay.blog.br\/es\/wp-json\/wp\/v2\/categories?post=104580"},{"taxonomy":"post_tag","embeddable":true,"href":"https:\/\/gay.blog.br\/es\/wp-json\/wp\/v2\/tags?post=104580"}],"curies":[{"name":"wp","href":"https:\/\/api.w.org\/{rel}","templated":true}]}}