{"id":107537,"date":"2021-01-18T14:32:09","date_gmt":"2021-01-18T17:32:09","guid":{"rendered":"https:\/\/gay.blog.br\/?p=107537"},"modified":"2021-01-23T18:17:46","modified_gmt":"2021-01-23T21:17:46","slug":"temido-por-bandidos-y-policias-travesti-nororiental-cintura-fina-gana-biografia","status":"publish","type":"post","link":"https:\/\/gay.blog.br\/es\/trans-es\/temido-por-bandidos-y-policias-travesti-nororiental-cintura-fina-gana-biografia\/","title":{"rendered":"Temida por bandidos y polic\u00edas, travesti brasile\u00f1a Cintura Fina gana biograf\u00eda"},"content":{"rendered":"<p style=\"text-align: justify;\"><em>\u00abMarilyn Monroe de los detenidos, anormal, viciado y habituado en el uso de la navaja. Brib\u00f3n refinado, pederasta, sinverg\u00fcenza. Ladr\u00f3n, invertido sexual. Travesti fam\u00e9lica\u00bb<\/em>, estos eran los apodos que usaba la prensa para referirse a <strong>Cintura Fina<\/strong>, la travesti que marc\u00f3 una \u00e9poca en la provincia de Belo Horizonte de los a\u00f1os cincuenta. Nacida en Cear\u00e1 y residente en Minas Gerais, Cintura Fina no pas\u00f3 desapercibida. Sobre todo en las inmediaciones del barrio bohemio de Bonfim y Lagoinha, luch\u00f3 con unos, defendi\u00f3 a otros.<\/p>\n<p style=\"text-align: justify;\">En la regi\u00f3n, tambi\u00e9n fue detenida varias veces. Su identidad, que pasaba entre lo que se consideraba masculino y femenino, caus\u00f3 malestar en dicha sociedad. As\u00ed, entre conflictos y afectos, entr\u00f3 en la memoria de la ciudad. Ahora, finalmente tiene retratada su ajetreada vida en el libro <strong>\u00abLivro Se dobla, pero no se rompe: Cintura Fina en Belo Horizonte\u00bb<\/strong>, escrito por el investigador <strong>Luiz Morando<\/strong>, especialista en memoria LGBTQIA+. Publicado por la editorial <em>El Sexo de la Palabra<\/em>, la obra ya est\u00e1 a la venta en la <a href=\"http:\/\/www.osexodapalavra.com\">web oficial.<\/a><\/p>\n<figure id=\"attachment_106968\" aria-describedby=\"caption-attachment-106968\" style=\"width: 480px\" class=\"wp-caption aligncenter\"><img data-recalc-dims=\"1\" loading=\"lazy\" decoding=\"async\" class=\"wp-image-106968 size-full\" src=\"https:\/\/i0.wp.com\/gay.blog.br\/wp-content\/uploads\/2021\/01\/Cintura-Fina-1-JM-08-08-1972_acervo.jpg?resize=480%2C640&#038;ssl=1\" alt=\"\" width=\"480\" height=\"640\" srcset=\"https:\/\/i0.wp.com\/gay.blog.br\/wp-content\/uploads\/2021\/01\/Cintura-Fina-1-JM-08-08-1972_acervo.jpg?w=480&amp;ssl=1 480w, https:\/\/i0.wp.com\/gay.blog.br\/wp-content\/uploads\/2021\/01\/Cintura-Fina-1-JM-08-08-1972_acervo.jpg?resize=225%2C300&amp;ssl=1 225w, https:\/\/i0.wp.com\/gay.blog.br\/wp-content\/uploads\/2021\/01\/Cintura-Fina-1-JM-08-08-1972_acervo.jpg?resize=113%2C150&amp;ssl=1 113w, https:\/\/i0.wp.com\/gay.blog.br\/wp-content\/uploads\/2021\/01\/Cintura-Fina-1-JM-08-08-1972_acervo.jpg?resize=315%2C420&amp;ssl=1 315w\" sizes=\"auto, (max-width: 480px) 100vw, 480px\" \/><figcaption id=\"caption-attachment-106968\" class=\"wp-caption-text\">Cintura Fina &#8211; JM 08-08-1972 \/ Reproducci\u00f3n<\/figcaption><\/figure>\n<h3 style=\"text-align: justify;\"><strong>La navaja para defender tu identidad<\/strong><\/h3>\n<p style=\"text-align: justify;\">Cintura Fina hab\u00eda aparecido tangencialmente durante la miniserie Hilda Furac\u00e3o, realizada por TV Globo en la d\u00e9cada de los noventa. En la obra, adaptada del libro del mismo nombre del escritor Roberto Drummond, su personaje fue encarnado por el actor Matheus Nachtergaele. Su presencia en la memoria colectiva se debe a que Cintura Fina tambi\u00e9n fue retratada ampliamente por las noticias de Belo Horizonte entre las d\u00e9cadas de 1950 y 1980.<\/p>\n<p style=\"text-align: justify;\">Una mujer negra de 1,78 m de altura, Cintura Fina era imponente. Blanco de constantes agresiones por parte de la polic\u00eda, era una presencia continua en las comisar\u00edas por su h\u00e1bito de no aceptar los abusos, en un momento en el que los prejuicios eran a\u00fan m\u00e1s frecuentes en la sociedad. Para defenderse, us\u00f3 h\u00e1bilmente una navaja, lo que le vali\u00f3 11 investigaciones policiales por robo y lesiones personales. Incluso dio clases sobre c\u00f3mo manejar el artefacto.<\/p>\n<p style=\"text-align: justify;\">Por otro lado, existen varios relatos de la \u00e9poca que muestran la solidaridad y generosidad de la travesti, siempre dedicada a la soluci\u00f3n de problemas sociales y al enfrentamiento con la poblaci\u00f3n m\u00e1s vulnerable, especialmente entre las prostitutas.<\/p>\n<p style=\"text-align: justify;\">Seg\u00fan el autor, el entendimiento que Cintura Fina ten\u00eda sobre su identidad sexual se adelant\u00f3 a su tiempo.<em> \u201cEn 1953, en su primera detenci\u00f3n policial en la ciudad, fue llevada a la comisar\u00eda vestida con atuendo femenino, maquillaje, cejas depiladas, u\u00f1as esmaltadas, corte de pelo a la manera femenina. Esta ha sido una constante en estas dos d\u00e9cadas. Fue lo suficientemente audaz a los ojos de la poblaci\u00f3n y la prensa, quienes vieron esto como una excentricidad y una ruptura de las reglas sociales \u201d<\/em>, contextualiza.<\/p>\n<p style=\"text-align: justify;\">Como ocurre con la gran mayor\u00eda de la poblaci\u00f3n travesti, Cintura Fina no encontr\u00f3 otra posibilidad de ingresos que la prostituci\u00f3n. A\u00f1os m\u00e1s tarde, aprendi\u00f3 el oficio como sastre. Vivi\u00f3 en medio de la bohemia de Belo Horizonte y su nombre acab\u00f3 ganando protagonismo entre polic\u00edas, bribones, borrachos y prostitutas.<\/p>\n<p style=\"text-align: justify;\">Audaz para el momento, Cintura Fina no acept\u00f3 que nadie cuestionara su identidad sexual. Tener la apariencia que combinaba rasgos femeninos y masculinos caus\u00f3 extra\u00f1eza en la sociedad. La prensa fue cruel en el uso de t\u00e9rminos para referirse a la comunidad LGBT. Los travestis eran \u00ablos monstruos de la ciudad\u00bb, las lesbianas eran llamadas \u00abtrogloditas\u00bb, mientras que \u00abinvertido\u00bb era el t\u00e9rmino destinado a los gays.<\/p>\n<p style=\"text-align: justify;\">Nacida en 1934, Cintura Fina muri\u00f3 a los 62 a\u00f1os, en el pueblo minero de Uberaba, donde pas\u00f3 los \u00faltimos 15 a\u00f1os de su vida.<\/p>\n<figure id=\"attachment_106971\" aria-describedby=\"caption-attachment-106971\" style=\"width: 930px\" class=\"wp-caption aligncenter\"><img data-recalc-dims=\"1\" loading=\"lazy\" decoding=\"async\" class=\"wp-image-106971 size-full\" src=\"https:\/\/i0.wp.com\/gay.blog.br\/wp-content\/uploads\/2021\/01\/Cintura-Fina-e-Nana-2-14-05-1977_acervo.jpg?resize=696%2C958&#038;ssl=1\" alt=\"Cintura Fina\" width=\"696\" height=\"958\" srcset=\"https:\/\/i0.wp.com\/gay.blog.br\/wp-content\/uploads\/2021\/01\/Cintura-Fina-e-Nana-2-14-05-1977_acervo.jpg?w=930&amp;ssl=1 930w, https:\/\/i0.wp.com\/gay.blog.br\/wp-content\/uploads\/2021\/01\/Cintura-Fina-e-Nana-2-14-05-1977_acervo.jpg?resize=218%2C300&amp;ssl=1 218w, https:\/\/i0.wp.com\/gay.blog.br\/wp-content\/uploads\/2021\/01\/Cintura-Fina-e-Nana-2-14-05-1977_acervo.jpg?resize=744%2C1024&amp;ssl=1 744w, https:\/\/i0.wp.com\/gay.blog.br\/wp-content\/uploads\/2021\/01\/Cintura-Fina-e-Nana-2-14-05-1977_acervo.jpg?resize=109%2C150&amp;ssl=1 109w, https:\/\/i0.wp.com\/gay.blog.br\/wp-content\/uploads\/2021\/01\/Cintura-Fina-e-Nana-2-14-05-1977_acervo.jpg?resize=768%2C1057&amp;ssl=1 768w, https:\/\/i0.wp.com\/gay.blog.br\/wp-content\/uploads\/2021\/01\/Cintura-Fina-e-Nana-2-14-05-1977_acervo.jpg?resize=696%2C958&amp;ssl=1 696w, https:\/\/i0.wp.com\/gay.blog.br\/wp-content\/uploads\/2021\/01\/Cintura-Fina-e-Nana-2-14-05-1977_acervo.jpg?resize=305%2C420&amp;ssl=1 305w, https:\/\/i0.wp.com\/gay.blog.br\/wp-content\/uploads\/2021\/01\/Cintura-Fina-e-Nana-2-14-05-1977_acervo.jpg?resize=610%2C840&amp;ssl=1 610w\" sizes=\"auto, (max-width: 696px) 100vw, 696px\" \/><figcaption id=\"caption-attachment-106971\" class=\"wp-caption-text\">Cintura Fina y Nana &#8211; 14\/05\/1977 \/ Colecci\u00f3n<\/figcaption><\/figure>\n<h3 style=\"text-align: justify;\"><strong>Conversaci\u00f3n con el autor Luiz Morando<\/strong><\/h3>\n<p style=\"text-align: justify;\"><strong>\u00bfPor qu\u00e9 elegiste escribir un libro sobre Thin Waist?<\/strong><\/p>\n<p style=\"text-align: justify;\">Inmediatamente puedo se\u00f1alar tres razones: primero, porque es parte de un proyecto personal m\u00e1s grande que tengo que recuperar la memoria de la poblaci\u00f3n LGBTQIA+ en Belo Horizonte, sus formas de construir sociabilidad y convivencia. Pero dentro de este proyecto, gana autonom\u00eda y relevancia por sus caracter\u00edsticas.<\/p>\n<p style=\"text-align: justify;\">En segundo lugar, porque fue la primera travesti (salvo algunas especificidades que tiene este t\u00e9rmino en d\u00e9cadas anteriores a 1970) en ganar notoriedad en Belo Horizonte, instal\u00e1ndose abiertamente en la ciudad por la forma en que realizaba su travestibilidad. En tercer lugar, porque era necesario reposicionar su imagen, removiendo los elementos m\u00edticos \/ legendarios que le superpusieron varios discursos (policiales, de prensa, legales, legales, populares) y humanizando a\u00fan m\u00e1s su figura.<\/p>\n<p style=\"text-align: justify;\"><strong>\u00bfQu\u00e9 es lo que m\u00e1s te sorprende de su personalidad?<\/strong><\/p>\n<p style=\"text-align: justify;\">Dos elementos centrales me llaman m\u00e1s la atenci\u00f3n en la personalidad de Cintura Fina:<\/p>\n<p style=\"text-align: justify;\">1. Solidaridad con las mujeres m\u00e1s vulnerables, en situaci\u00f3n de inferioridad con sus parejas sexuales, especialmente trabajadoras sexuales, en la oferta de ayuda y protecci\u00f3n frente a<br \/>\nsus socios;<\/p>\n<p style=\"text-align: justify;\">2. Una \u00e9tica de vida fundada en la exigencia de respetar su forma de ser: no acept\u00f3 injurias o insultos a su forma de manifestar y realizar la expresi\u00f3n de su sexualidad.<\/p>\n<p style=\"text-align: justify;\"><strong>Parece que ella era bastante valiente. \u00bfQu\u00e9 hecho atrevido sobre ella destacar\u00eda en su investigaci\u00f3n?<\/strong><\/p>\n<p style=\"text-align: justify;\">Creo que para la \u00e9poca, especialmente en las d\u00e9cadas de 1950 y 1960, su atrevimiento fue realizar una imagen femenina a plena luz del d\u00eda, en la calle. Esta no fue una haza\u00f1a peque\u00f1a para la \u00e9poca. En 1953, en su primera detenci\u00f3n policial en la ciudad, fue llevada a la comisar\u00eda vestida con atuendo femenino, maquillaje, cejas recortadas, u\u00f1as esmaltadas, corte de cabello a la manera femenina. Esta ha sido una constante en estas dos d\u00e9cadas. Fue lo suficientemente audaz a los ojos de la poblaci\u00f3n y la prensa, quienes vieron esto como una excentricidad y una ruptura de las reglas sociales. Y estaba la valent\u00eda de ser muy h\u00e1bil en el manejo de la navaja y usar esta arma de hoja solo para defenderse de los ataques.<\/p>\n<p style=\"text-align: justify;\"><strong>Durante a\u00f1os se ha dedicado a la investigaci\u00f3n sobre la memoria LGBT. Cu\u00e1l es el problema <\/strong><strong>de este trabajo, en su evaluaci\u00f3n?<\/strong><\/p>\n<p style=\"text-align: justify;\">Brasil no tiene una tradici\u00f3n de preservar y cuidar la memoria de los grupos sociales. El segmento LGBTQIA+ siempre ha estado fuera de ese foco, borrado por una perspectiva hegem\u00f3nica que lo considera marginal y subordinado. Sin embargo, tenemos representantes que hicieron grandes aportes a lo largo de la construcci\u00f3n de la identidad cultural brasile\u00f1a y que tienen esta faceta de su imagen disuelta por la cultura hegem\u00f3nica.<\/p>\n<p style=\"text-align: justify;\">Belo Horizonte no escapa a esto, con el agravante de que, en comparaci\u00f3n con R\u00edo de Janeiro y San Pablo, no tiene un gran grupo de personas interesadas e involucradas en el desarrollo del proceso de recuperaci\u00f3n de esta memoria. Ejecutar este proyecto ayuda a naturalizar la percepci\u00f3n de que siempre existimos, siempre hemos estado presentes, siempre intentamos organizarnos socialmente, que no estamos solos, incapaces o minoritarios como siempre ha representado esa perspectiva.<\/p>\n<figure id=\"attachment_106974\" aria-describedby=\"caption-attachment-106974\" style=\"width: 2171px\" class=\"wp-caption aligncenter\"><a href=\"http:\/\/instagram.com\/gayblogbr\"><img data-recalc-dims=\"1\" loading=\"lazy\" decoding=\"async\" class=\"size-full wp-image-106974\" src=\"https:\/\/i0.wp.com\/gay.blog.br\/wp-content\/uploads\/2021\/01\/LUIZMORANDO11_credito_Lucas-Avila.jpg?resize=696%2C591&#038;ssl=1\" alt=\"Luiz Morando - Foto: Lucas Avila\" width=\"696\" height=\"591\" srcset=\"https:\/\/i0.wp.com\/gay.blog.br\/wp-content\/uploads\/2021\/01\/LUIZMORANDO11_credito_Lucas-Avila.jpg?w=2171&amp;ssl=1 2171w, https:\/\/i0.wp.com\/gay.blog.br\/wp-content\/uploads\/2021\/01\/LUIZMORANDO11_credito_Lucas-Avila.jpg?resize=300%2C255&amp;ssl=1 300w, https:\/\/i0.wp.com\/gay.blog.br\/wp-content\/uploads\/2021\/01\/LUIZMORANDO11_credito_Lucas-Avila.jpg?resize=1024%2C869&amp;ssl=1 1024w, https:\/\/i0.wp.com\/gay.blog.br\/wp-content\/uploads\/2021\/01\/LUIZMORANDO11_credito_Lucas-Avila.jpg?resize=150%2C127&amp;ssl=1 150w, https:\/\/i0.wp.com\/gay.blog.br\/wp-content\/uploads\/2021\/01\/LUIZMORANDO11_credito_Lucas-Avila.jpg?resize=768%2C652&amp;ssl=1 768w, https:\/\/i0.wp.com\/gay.blog.br\/wp-content\/uploads\/2021\/01\/LUIZMORANDO11_credito_Lucas-Avila.jpg?resize=1536%2C1303&amp;ssl=1 1536w, https:\/\/i0.wp.com\/gay.blog.br\/wp-content\/uploads\/2021\/01\/LUIZMORANDO11_credito_Lucas-Avila.jpg?resize=2048%2C1738&amp;ssl=1 2048w, https:\/\/i0.wp.com\/gay.blog.br\/wp-content\/uploads\/2021\/01\/LUIZMORANDO11_credito_Lucas-Avila.jpg?resize=696%2C591&amp;ssl=1 696w, https:\/\/i0.wp.com\/gay.blog.br\/wp-content\/uploads\/2021\/01\/LUIZMORANDO11_credito_Lucas-Avila.jpg?resize=1392%2C1181&amp;ssl=1 1392w, https:\/\/i0.wp.com\/gay.blog.br\/wp-content\/uploads\/2021\/01\/LUIZMORANDO11_credito_Lucas-Avila.jpg?resize=1068%2C906&amp;ssl=1 1068w, https:\/\/i0.wp.com\/gay.blog.br\/wp-content\/uploads\/2021\/01\/LUIZMORANDO11_credito_Lucas-Avila.jpg?resize=1920%2C1629&amp;ssl=1 1920w, https:\/\/i0.wp.com\/gay.blog.br\/wp-content\/uploads\/2021\/01\/LUIZMORANDO11_credito_Lucas-Avila.jpg?resize=495%2C420&amp;ssl=1 495w, https:\/\/i0.wp.com\/gay.blog.br\/wp-content\/uploads\/2021\/01\/LUIZMORANDO11_credito_Lucas-Avila.jpg?resize=990%2C840&amp;ssl=1 990w\" sizes=\"auto, (max-width: 696px) 100vw, 696px\" \/><\/a><figcaption id=\"caption-attachment-106974\" class=\"wp-caption-text\">Luiz Morando &#8211; Foto: Lucas Avila<\/figcaption><\/figure>\n<p style=\"text-align: justify;\"><strong>\u00bfC\u00f3mo retrat\u00f3 la prensa a Cintura Fina y a las personas LGBT en ese momento?<\/strong><\/p>\n<p style=\"text-align: justify;\">Siempre con un tono negativo y peyorativo, degradante y subordinado, cuyo origen ven\u00eda de las ciencias m\u00e9dicas y recorr\u00eda el discurso jur\u00eddico, policial y religioso. T\u00e9rminos como anormal, invertido, pederasta, pervertido, afeminado se usaban espec\u00edficamente para referirse a hombres homosexuales, lesbianas y travestis.<\/p>\n<p style=\"text-align: justify;\">En particular, Cintura Fina se cubri\u00f3 con todos estos t\u00e9rminos, adem\u00e1s de los que pretend\u00edan indicar los territorios por los que pasaba: marginal, delincuente, desordenado, vagabundo, sinverg\u00fcenza. En este sentido, la prensa encarn\u00f3 diversas combinaciones de esos dos paradigmas, acentuando su aparente peligro para la poblaci\u00f3n. Esto acaba creando una aparente paradoja, ya que buena parte de la poblaci\u00f3n tambi\u00e9n la consideraba buena, solidaria, amable, caritativa, protectora, acogedora.<\/p>\n<p style=\"text-align: justify;\"><strong>\u00bfY c\u00f3mo fue el trato de la sociedad con Cintura Fina?<\/strong><\/p>\n<p style=\"text-align: justify;\">Una parte de la sociedad reflej\u00f3 la representaci\u00f3n forjada por la prensa, retroalimentando esa visi\u00f3n. Otro partido reconoci\u00f3 en Cintura Fina una convivencia arm\u00f3nica siempre y cuando nadie la acosara o, ante su acoso, supiera rechazarlo respetuosamente. Hay varios informes de quienes la conocieron en la zona bohemia que confirman una interacci\u00f3n pac\u00edfica.<\/p>\n<p style=\"text-align: justify;\"><strong>\u00bfQu\u00e9 resumen har\u00edas sobre la vida de Cintura Fina? \u00bfFue una existencia de lucha o una vida triste marcada por los prejuicios?<\/strong><\/p>\n<p style=\"text-align: justify;\">Intento marcar en mi libro un proceso paulatino en el que Cintura Fina pasa de una existencia de lucha, de confrontaci\u00f3n a un patr\u00f3n que insiste en verlo como marginal y peligroso por un per\u00edodo en el que intenta desprenderse de ese nombre, ya saturado de esos \u00edndices de rebeli\u00f3n social y marginalidad, y adoptar una vida m\u00e1s pac\u00edfica. Este proceso es paralelo a la trayectoria de decadencia y deterioro del territorio bohemio y de prostituci\u00f3n en las regiones centrales, Lagoinha y Bonfim en Belo Horizonte. Entonces, desde la d\u00e9cada de 1950 hasta la de 1980 es posible ver el deterioro f\u00edsico de estas dos instituciones (sin exagerar): la zona bohemia y Cintura Fina.<\/p>\n<figure id=\"attachment_106965\" aria-describedby=\"caption-attachment-106965\" style=\"width: 705px\" class=\"wp-caption aligncenter\"><a href=\"http:\/\/instagram.com\/gayblogbr\"><img data-recalc-dims=\"1\" loading=\"lazy\" decoding=\"async\" class=\"size-full wp-image-106965\" src=\"https:\/\/i0.wp.com\/gay.blog.br\/wp-content\/uploads\/2021\/01\/capa-Enverga.png?resize=696%2C1031&#038;ssl=1\" alt=\"\" width=\"696\" height=\"1031\" srcset=\"https:\/\/i0.wp.com\/gay.blog.br\/wp-content\/uploads\/2021\/01\/capa-Enverga.png?w=705&amp;ssl=1 705w, https:\/\/i0.wp.com\/gay.blog.br\/wp-content\/uploads\/2021\/01\/capa-Enverga.png?resize=203%2C300&amp;ssl=1 203w, https:\/\/i0.wp.com\/gay.blog.br\/wp-content\/uploads\/2021\/01\/capa-Enverga.png?resize=691%2C1024&amp;ssl=1 691w, https:\/\/i0.wp.com\/gay.blog.br\/wp-content\/uploads\/2021\/01\/capa-Enverga.png?resize=101%2C150&amp;ssl=1 101w, https:\/\/i0.wp.com\/gay.blog.br\/wp-content\/uploads\/2021\/01\/capa-Enverga.png?resize=696%2C1031&amp;ssl=1 696w, https:\/\/i0.wp.com\/gay.blog.br\/wp-content\/uploads\/2021\/01\/capa-Enverga.png?resize=284%2C420&amp;ssl=1 284w, https:\/\/i0.wp.com\/gay.blog.br\/wp-content\/uploads\/2021\/01\/capa-Enverga.png?resize=567%2C840&amp;ssl=1 567w\" sizes=\"auto, (max-width: 696px) 100vw, 696px\" \/><\/a><figcaption id=\"caption-attachment-106965\" class=\"wp-caption-text\">Reproducci\u00f3n<\/figcaption><\/figure>\n<h3 style=\"text-align: justify;\"><strong>Servicio:<\/strong><\/h3>\n<p style=\"text-align: justify;\"><strong>Libro \u00abSe dobla, pero no se rompe: Cintura Fina en Belo Horizonte\u00bb<\/strong><br \/>\nEditorial: El sexo de la palabra<br \/>\n340 p\u00e1ginas; R$ 58,00<br \/>\nA la venta en <a href=\"http:\/\/www.osexodapalavra.com\">www.osexodapalavra.com<\/a><\/p>\n","protected":false},"excerpt":{"rendered":"<p>Cintura Fina, la travesti que marc\u00f3 una \u00e9poca en el estado de Belo Horizonte de la d\u00e9cada de 1950, obtiene una biograf\u00eda titulada \u00abSe dobla, pero no se rompe\u00bb<\/p>\n","protected":false},"author":3515,"featured_media":106990,"comment_status":"open","ping_status":"open","sticky":false,"template":"","format":"standard","meta":{"googlesitekit_rrm_CAoiEBg-BXrJeACjO8p49SE4kTY:productID":"","tdm_status":"","tdm_grid_status":"","_jetpack_newsletter_access":"","_jetpack_dont_email_post_to_subs":false,"_jetpack_newsletter_tier_id":0,"_jetpack_memberships_contains_paywalled_content":false,"_jetpack_memberships_contains_paid_content":false,"footnotes":"","jetpack_publicize_message":"Temido por bandidos y polic\u00edas, travesti nororiental Cintura Fina gana biograf\u00eda","jetpack_publicize_feature_enabled":true,"jetpack_social_post_already_shared":true,"jetpack_social_options":{"image_generator_settings":{"template":"highway","default_image_id":0,"font":"","enabled":false},"version":2},"_wpas_customize_per_network":false,"jetpack_post_was_ever_published":false},"categories":[589932372,589932279],"tags":[589936559],"class_list":{"0":"post-107537","1":"post","2":"type-post","3":"status-publish","4":"format-standard","5":"has-post-thumbnail","7":"category-literatura-es","8":"category-trans-es","9":"tag-hilda-furacao"},"yoast_head":"<!-- This site is optimized with the Yoast SEO plugin v27.5 - https:\/\/yoast.com\/product\/yoast-seo-wordpress\/ -->\n<title>Temida por bandidos y polic\u00edas, travesti brasile\u00f1a Cintura Fina gana biograf\u00eda<\/title>\n<meta name=\"description\" content=\"Cintura Fina, la travesti que marc\u00f3 una \u00e9poca en la provincia de Belo Horizonte de la d\u00e9cada de 1950, obtiene una biograf\u00eda titulada &quot;Se dobla, pero no se rompe&quot;\" \/>\n<meta name=\"robots\" content=\"index, follow, max-snippet:-1, max-image-preview:large, max-video-preview:-1\" \/>\n<link rel=\"canonical\" href=\"https:\/\/gay.blog.br\/es\/trans-es\/temido-por-bandidos-y-policias-travesti-nororiental-cintura-fina-gana-biografia\/\" \/>\n<meta property=\"og:locale\" content=\"es_ES\" \/>\n<meta property=\"og:type\" content=\"article\" \/>\n<meta property=\"og:title\" content=\"Temida por bandidos y polic\u00edas, travesti brasile\u00f1a Cintura Fina gana biograf\u00eda\" \/>\n<meta property=\"og:description\" content=\"Cintura Fina, la travesti que marc\u00f3 una \u00e9poca en la provincia de Belo Horizonte de la d\u00e9cada de 1950, obtiene una biograf\u00eda titulada &quot;Se dobla, pero no se rompe&quot;\" \/>\n<meta property=\"og:url\" content=\"https:\/\/gay.blog.br\/es\/trans-es\/temido-por-bandidos-y-policias-travesti-nororiental-cintura-fina-gana-biografia\/\" \/>\n<meta property=\"og:site_name\" content=\"GAY BLOG BR @gayblogbr\" \/>\n<meta property=\"article:publisher\" content=\"https:\/\/facebook.com\/gayblogbr\" \/>\n<meta property=\"article:author\" content=\"https:\/\/www.facebook.com\/victormillerreal\" \/>\n<meta property=\"article:published_time\" content=\"2021-01-18T17:32:09+00:00\" \/>\n<meta property=\"article:modified_time\" content=\"2021-01-23T21:17:46+00:00\" \/>\n<meta property=\"og:image\" content=\"https:\/\/i1.wp.com\/gay.blog.br\/wp-content\/uploads\/2021\/01\/cintura.jpeg?fit=930%2C566&ssl=1\" \/>\n\t<meta property=\"og:image:width\" content=\"930\" \/>\n\t<meta property=\"og:image:height\" content=\"566\" \/>\n\t<meta property=\"og:image:type\" content=\"image\/jpeg\" \/>\n<meta name=\"author\" content=\"Victor Miller\" \/>\n<meta name=\"twitter:card\" content=\"summary_large_image\" \/>\n<meta name=\"twitter:creator\" content=\"@https:\/\/twitter.com\/victor_miller\" \/>\n<meta name=\"twitter:site\" content=\"@gayblogbr\" \/>\n<meta name=\"twitter:label1\" content=\"Escrito por\" \/>\n\t<meta name=\"twitter:data1\" content=\"Victor Miller\" \/>\n\t<meta name=\"twitter:label2\" content=\"Tiempo de lectura\" \/>\n\t<meta name=\"twitter:data2\" content=\"8 minutos\" \/>\n<script type=\"application\/ld+json\" class=\"yoast-schema-graph\">{\"@context\":\"https:\\\/\\\/schema.org\",\"@graph\":[{\"@type\":\"Article\",\"@id\":\"https:\\\/\\\/gay.blog.br\\\/es\\\/trans-es\\\/temido-por-bandidos-y-policias-travesti-nororiental-cintura-fina-gana-biografia\\\/#article\",\"isPartOf\":{\"@id\":\"https:\\\/\\\/gay.blog.br\\\/es\\\/trans-es\\\/temido-por-bandidos-y-policias-travesti-nororiental-cintura-fina-gana-biografia\\\/\"},\"author\":{\"name\":\"Victor Miller\",\"@id\":\"https:\\\/\\\/gay.blog.br\\\/es\\\/#\\\/schema\\\/person\\\/5e0cf06e5d5e166b6afeaefc7fc56d9d\"},\"headline\":\"Temida por bandidos y polic\u00edas, travesti brasile\u00f1a Cintura Fina gana biograf\u00eda\",\"datePublished\":\"2021-01-18T17:32:09+00:00\",\"dateModified\":\"2021-01-23T21:17:46+00:00\",\"mainEntityOfPage\":{\"@id\":\"https:\\\/\\\/gay.blog.br\\\/es\\\/trans-es\\\/temido-por-bandidos-y-policias-travesti-nororiental-cintura-fina-gana-biografia\\\/\"},\"wordCount\":1634,\"commentCount\":0,\"publisher\":{\"@id\":\"https:\\\/\\\/gay.blog.br\\\/es\\\/#organization\"},\"image\":{\"@id\":\"https:\\\/\\\/gay.blog.br\\\/es\\\/trans-es\\\/temido-por-bandidos-y-policias-travesti-nororiental-cintura-fina-gana-biografia\\\/#primaryimage\"},\"thumbnailUrl\":\"https:\\\/\\\/i0.wp.com\\\/gay.blog.br\\\/wp-content\\\/uploads\\\/2021\\\/01\\\/cintura.jpeg?fit=930%2C566&ssl=1\",\"keywords\":[\"Hilda Furac\u00e3o\"],\"articleSection\":[\"LITERATURA\",\"TRANS\"],\"inLanguage\":\"es\",\"potentialAction\":[{\"@type\":\"CommentAction\",\"name\":\"Comment\",\"target\":[\"https:\\\/\\\/gay.blog.br\\\/es\\\/trans-es\\\/temido-por-bandidos-y-policias-travesti-nororiental-cintura-fina-gana-biografia\\\/#respond\"]}]},{\"@type\":\"WebPage\",\"@id\":\"https:\\\/\\\/gay.blog.br\\\/es\\\/trans-es\\\/temido-por-bandidos-y-policias-travesti-nororiental-cintura-fina-gana-biografia\\\/\",\"url\":\"https:\\\/\\\/gay.blog.br\\\/es\\\/trans-es\\\/temido-por-bandidos-y-policias-travesti-nororiental-cintura-fina-gana-biografia\\\/\",\"name\":\"Temida por bandidos y polic\u00edas, travesti brasile\u00f1a Cintura Fina gana biograf\u00eda\",\"isPartOf\":{\"@id\":\"https:\\\/\\\/gay.blog.br\\\/es\\\/#website\"},\"primaryImageOfPage\":{\"@id\":\"https:\\\/\\\/gay.blog.br\\\/es\\\/trans-es\\\/temido-por-bandidos-y-policias-travesti-nororiental-cintura-fina-gana-biografia\\\/#primaryimage\"},\"image\":{\"@id\":\"https:\\\/\\\/gay.blog.br\\\/es\\\/trans-es\\\/temido-por-bandidos-y-policias-travesti-nororiental-cintura-fina-gana-biografia\\\/#primaryimage\"},\"thumbnailUrl\":\"https:\\\/\\\/i0.wp.com\\\/gay.blog.br\\\/wp-content\\\/uploads\\\/2021\\\/01\\\/cintura.jpeg?fit=930%2C566&ssl=1\",\"datePublished\":\"2021-01-18T17:32:09+00:00\",\"dateModified\":\"2021-01-23T21:17:46+00:00\",\"description\":\"Cintura Fina, la travesti que marc\u00f3 una \u00e9poca en la provincia de Belo Horizonte de la d\u00e9cada de 1950, obtiene una biograf\u00eda titulada \\\"Se dobla, pero no se rompe\\\"\",\"breadcrumb\":{\"@id\":\"https:\\\/\\\/gay.blog.br\\\/es\\\/trans-es\\\/temido-por-bandidos-y-policias-travesti-nororiental-cintura-fina-gana-biografia\\\/#breadcrumb\"},\"inLanguage\":\"es\",\"potentialAction\":[{\"@type\":\"ReadAction\",\"target\":[\"https:\\\/\\\/gay.blog.br\\\/es\\\/trans-es\\\/temido-por-bandidos-y-policias-travesti-nororiental-cintura-fina-gana-biografia\\\/\"]}]},{\"@type\":\"ImageObject\",\"inLanguage\":\"es\",\"@id\":\"https:\\\/\\\/gay.blog.br\\\/es\\\/trans-es\\\/temido-por-bandidos-y-policias-travesti-nororiental-cintura-fina-gana-biografia\\\/#primaryimage\",\"url\":\"https:\\\/\\\/i0.wp.com\\\/gay.blog.br\\\/wp-content\\\/uploads\\\/2021\\\/01\\\/cintura.jpeg?fit=930%2C566&ssl=1\",\"contentUrl\":\"https:\\\/\\\/i0.wp.com\\\/gay.blog.br\\\/wp-content\\\/uploads\\\/2021\\\/01\\\/cintura.jpeg?fit=930%2C566&ssl=1\",\"width\":930,\"height\":566,\"caption\":\"Travesti Cintura Fina ganha biografia\"},{\"@type\":\"BreadcrumbList\",\"@id\":\"https:\\\/\\\/gay.blog.br\\\/es\\\/trans-es\\\/temido-por-bandidos-y-policias-travesti-nororiental-cintura-fina-gana-biografia\\\/#breadcrumb\",\"itemListElement\":[{\"@type\":\"ListItem\",\"position\":1,\"name\":\"In\u00edcio\",\"item\":\"https:\\\/\\\/gay.blog.br\\\/es\\\/\"},{\"@type\":\"ListItem\",\"position\":2,\"name\":\"Temida por bandidos y polic\u00edas, travesti brasile\u00f1a Cintura Fina gana biograf\u00eda\"}]},{\"@type\":\"WebSite\",\"@id\":\"https:\\\/\\\/gay.blog.br\\\/es\\\/#website\",\"url\":\"https:\\\/\\\/gay.blog.br\\\/es\\\/\",\"name\":\"GAY BLOG BR @gayblogbr\",\"description\":\"Not\u00edcias que empoderam e\\\/ou entret\u00eam s\u00e3o especialidades da casa\",\"publisher\":{\"@id\":\"https:\\\/\\\/gay.blog.br\\\/es\\\/#organization\"},\"potentialAction\":[{\"@type\":\"SearchAction\",\"target\":{\"@type\":\"EntryPoint\",\"urlTemplate\":\"https:\\\/\\\/gay.blog.br\\\/es\\\/?s={search_term_string}\"},\"query-input\":{\"@type\":\"PropertyValueSpecification\",\"valueRequired\":true,\"valueName\":\"search_term_string\"}}],\"inLanguage\":\"es\"},{\"@type\":\"Organization\",\"@id\":\"https:\\\/\\\/gay.blog.br\\\/es\\\/#organization\",\"name\":\"GAY BLOG BR\",\"url\":\"https:\\\/\\\/gay.blog.br\\\/es\\\/\",\"logo\":{\"@type\":\"ImageObject\",\"inLanguage\":\"es\",\"@id\":\"https:\\\/\\\/gay.blog.br\\\/es\\\/#\\\/schema\\\/logo\\\/image\\\/\",\"url\":\"https:\\\/\\\/i0.wp.com\\\/gay.blog.br\\\/wp-content\\\/uploads\\\/2023\\\/08\\\/gay180px.png?fit=272%2C90&ssl=1\",\"contentUrl\":\"https:\\\/\\\/i0.wp.com\\\/gay.blog.br\\\/wp-content\\\/uploads\\\/2023\\\/08\\\/gay180px.png?fit=272%2C90&ssl=1\",\"width\":272,\"height\":90,\"caption\":\"GAY BLOG BR\"},\"image\":{\"@id\":\"https:\\\/\\\/gay.blog.br\\\/es\\\/#\\\/schema\\\/logo\\\/image\\\/\"},\"sameAs\":[\"https:\\\/\\\/facebook.com\\\/gayblogbr\",\"https:\\\/\\\/x.com\\\/gayblogbr\",\"https:\\\/\\\/instagram.com\\\/gayblogbr\",\"https:\\\/\\\/www.linkedin.com\\\/company\\\/gayblogbr\\\/\",\"https:\\\/\\\/br.pinterest.com\\\/gayblogbr\\\/\",\"https:\\\/\\\/www.youtube.com\\\/channel\\\/UCdEu3JXLOB-wvWAVUF4AIiA\",\"https:\\\/\\\/pt.wikipedia.org\\\/wiki\\\/Gay_Blog_Br\",\"https:\\\/\\\/www.threads.net\\\/@gayblogbr\"]},{\"@type\":\"Person\",\"@id\":\"https:\\\/\\\/gay.blog.br\\\/es\\\/#\\\/schema\\\/person\\\/5e0cf06e5d5e166b6afeaefc7fc56d9d\",\"name\":\"Victor Miller\",\"image\":{\"@type\":\"ImageObject\",\"inLanguage\":\"es\",\"@id\":\"https:\\\/\\\/secure.gravatar.com\\\/avatar\\\/7c1fad0dcba879f76a2e6b9189cea981c8fcb9c7e6f40d5903cf16ba29cb80b5?s=96&d=mm&r=g\",\"url\":\"https:\\\/\\\/secure.gravatar.com\\\/avatar\\\/7c1fad0dcba879f76a2e6b9189cea981c8fcb9c7e6f40d5903cf16ba29cb80b5?s=96&d=mm&r=g\",\"contentUrl\":\"https:\\\/\\\/secure.gravatar.com\\\/avatar\\\/7c1fad0dcba879f76a2e6b9189cea981c8fcb9c7e6f40d5903cf16ba29cb80b5?s=96&d=mm&r=g\",\"caption\":\"Victor Miller\"},\"description\":\"Jornalista formado pela PUC do Rio de Janeiro, dedicou sua vida a falar sobre cultura nerd\\\/geek. Gay desde que se entende por gente, sempre teve desejo de trabalhar com o p\u00fablico LGBT+ e cr\u00ea que a informa\u00e7\u00e3o \u00e9 a a melhor arma contra qualquer tipo de \\\"fobia\\\"\",\"sameAs\":[\"https:\\\/\\\/gay.blog.br\\\/author\\\/victormiller\\\/\",\"https:\\\/\\\/www.facebook.com\\\/victormillerreal\",\"https:\\\/\\\/instagram.com\\\/victormillermiranda\",\"https:\\\/\\\/www.linkedin.com\\\/in\\\/victor-miller-266b54a7\\\/\",\"https:\\\/\\\/x.com\\\/https:\\\/\\\/twitter.com\\\/victor_miller\",\"https:\\\/\\\/www.youtube.com\\\/user\\\/planetasonic\"],\"url\":\"https:\\\/\\\/gay.blog.br\\\/es\\\/author\\\/victormiller\\\/\"}]}<\/script>\n<!-- \/ Yoast SEO plugin. -->","yoast_head_json":{"title":"Temida por bandidos y polic\u00edas, travesti brasile\u00f1a Cintura Fina gana biograf\u00eda","description":"Cintura Fina, la travesti que marc\u00f3 una \u00e9poca en la provincia de Belo Horizonte de la d\u00e9cada de 1950, obtiene una biograf\u00eda titulada \"Se dobla, pero no se rompe\"","robots":{"index":"index","follow":"follow","max-snippet":"max-snippet:-1","max-image-preview":"max-image-preview:large","max-video-preview":"max-video-preview:-1"},"canonical":"https:\/\/gay.blog.br\/es\/trans-es\/temido-por-bandidos-y-policias-travesti-nororiental-cintura-fina-gana-biografia\/","og_locale":"es_ES","og_type":"article","og_title":"Temida por bandidos y polic\u00edas, travesti brasile\u00f1a Cintura Fina gana biograf\u00eda","og_description":"Cintura Fina, la travesti que marc\u00f3 una \u00e9poca en la provincia de Belo Horizonte de la d\u00e9cada de 1950, obtiene una biograf\u00eda titulada \"Se dobla, pero no se rompe\"","og_url":"https:\/\/gay.blog.br\/es\/trans-es\/temido-por-bandidos-y-policias-travesti-nororiental-cintura-fina-gana-biografia\/","og_site_name":"GAY BLOG BR @gayblogbr","article_publisher":"https:\/\/facebook.com\/gayblogbr","article_author":"https:\/\/www.facebook.com\/victormillerreal","article_published_time":"2021-01-18T17:32:09+00:00","article_modified_time":"2021-01-23T21:17:46+00:00","og_image":[{"width":930,"height":566,"url":"https:\/\/i1.wp.com\/gay.blog.br\/wp-content\/uploads\/2021\/01\/cintura.jpeg?fit=930%2C566&ssl=1","type":"image\/jpeg"}],"author":"Victor Miller","twitter_card":"summary_large_image","twitter_creator":"@https:\/\/twitter.com\/victor_miller","twitter_site":"@gayblogbr","twitter_misc":{"Escrito por":"Victor Miller","Tiempo de lectura":"8 minutos"},"schema":{"@context":"https:\/\/schema.org","@graph":[{"@type":"Article","@id":"https:\/\/gay.blog.br\/es\/trans-es\/temido-por-bandidos-y-policias-travesti-nororiental-cintura-fina-gana-biografia\/#article","isPartOf":{"@id":"https:\/\/gay.blog.br\/es\/trans-es\/temido-por-bandidos-y-policias-travesti-nororiental-cintura-fina-gana-biografia\/"},"author":{"name":"Victor Miller","@id":"https:\/\/gay.blog.br\/es\/#\/schema\/person\/5e0cf06e5d5e166b6afeaefc7fc56d9d"},"headline":"Temida por bandidos y polic\u00edas, travesti brasile\u00f1a Cintura Fina gana biograf\u00eda","datePublished":"2021-01-18T17:32:09+00:00","dateModified":"2021-01-23T21:17:46+00:00","mainEntityOfPage":{"@id":"https:\/\/gay.blog.br\/es\/trans-es\/temido-por-bandidos-y-policias-travesti-nororiental-cintura-fina-gana-biografia\/"},"wordCount":1634,"commentCount":0,"publisher":{"@id":"https:\/\/gay.blog.br\/es\/#organization"},"image":{"@id":"https:\/\/gay.blog.br\/es\/trans-es\/temido-por-bandidos-y-policias-travesti-nororiental-cintura-fina-gana-biografia\/#primaryimage"},"thumbnailUrl":"https:\/\/i0.wp.com\/gay.blog.br\/wp-content\/uploads\/2021\/01\/cintura.jpeg?fit=930%2C566&ssl=1","keywords":["Hilda Furac\u00e3o"],"articleSection":["LITERATURA","TRANS"],"inLanguage":"es","potentialAction":[{"@type":"CommentAction","name":"Comment","target":["https:\/\/gay.blog.br\/es\/trans-es\/temido-por-bandidos-y-policias-travesti-nororiental-cintura-fina-gana-biografia\/#respond"]}]},{"@type":"WebPage","@id":"https:\/\/gay.blog.br\/es\/trans-es\/temido-por-bandidos-y-policias-travesti-nororiental-cintura-fina-gana-biografia\/","url":"https:\/\/gay.blog.br\/es\/trans-es\/temido-por-bandidos-y-policias-travesti-nororiental-cintura-fina-gana-biografia\/","name":"Temida por bandidos y polic\u00edas, travesti brasile\u00f1a Cintura Fina gana biograf\u00eda","isPartOf":{"@id":"https:\/\/gay.blog.br\/es\/#website"},"primaryImageOfPage":{"@id":"https:\/\/gay.blog.br\/es\/trans-es\/temido-por-bandidos-y-policias-travesti-nororiental-cintura-fina-gana-biografia\/#primaryimage"},"image":{"@id":"https:\/\/gay.blog.br\/es\/trans-es\/temido-por-bandidos-y-policias-travesti-nororiental-cintura-fina-gana-biografia\/#primaryimage"},"thumbnailUrl":"https:\/\/i0.wp.com\/gay.blog.br\/wp-content\/uploads\/2021\/01\/cintura.jpeg?fit=930%2C566&ssl=1","datePublished":"2021-01-18T17:32:09+00:00","dateModified":"2021-01-23T21:17:46+00:00","description":"Cintura Fina, la travesti que marc\u00f3 una \u00e9poca en la provincia de Belo Horizonte de la d\u00e9cada de 1950, obtiene una biograf\u00eda titulada \"Se dobla, pero no se rompe\"","breadcrumb":{"@id":"https:\/\/gay.blog.br\/es\/trans-es\/temido-por-bandidos-y-policias-travesti-nororiental-cintura-fina-gana-biografia\/#breadcrumb"},"inLanguage":"es","potentialAction":[{"@type":"ReadAction","target":["https:\/\/gay.blog.br\/es\/trans-es\/temido-por-bandidos-y-policias-travesti-nororiental-cintura-fina-gana-biografia\/"]}]},{"@type":"ImageObject","inLanguage":"es","@id":"https:\/\/gay.blog.br\/es\/trans-es\/temido-por-bandidos-y-policias-travesti-nororiental-cintura-fina-gana-biografia\/#primaryimage","url":"https:\/\/i0.wp.com\/gay.blog.br\/wp-content\/uploads\/2021\/01\/cintura.jpeg?fit=930%2C566&ssl=1","contentUrl":"https:\/\/i0.wp.com\/gay.blog.br\/wp-content\/uploads\/2021\/01\/cintura.jpeg?fit=930%2C566&ssl=1","width":930,"height":566,"caption":"Travesti Cintura Fina ganha biografia"},{"@type":"BreadcrumbList","@id":"https:\/\/gay.blog.br\/es\/trans-es\/temido-por-bandidos-y-policias-travesti-nororiental-cintura-fina-gana-biografia\/#breadcrumb","itemListElement":[{"@type":"ListItem","position":1,"name":"In\u00edcio","item":"https:\/\/gay.blog.br\/es\/"},{"@type":"ListItem","position":2,"name":"Temida por bandidos y polic\u00edas, travesti brasile\u00f1a Cintura Fina gana biograf\u00eda"}]},{"@type":"WebSite","@id":"https:\/\/gay.blog.br\/es\/#website","url":"https:\/\/gay.blog.br\/es\/","name":"GAY BLOG BR @gayblogbr","description":"Not\u00edcias que empoderam e\/ou entret\u00eam s\u00e3o especialidades da casa","publisher":{"@id":"https:\/\/gay.blog.br\/es\/#organization"},"potentialAction":[{"@type":"SearchAction","target":{"@type":"EntryPoint","urlTemplate":"https:\/\/gay.blog.br\/es\/?s={search_term_string}"},"query-input":{"@type":"PropertyValueSpecification","valueRequired":true,"valueName":"search_term_string"}}],"inLanguage":"es"},{"@type":"Organization","@id":"https:\/\/gay.blog.br\/es\/#organization","name":"GAY BLOG BR","url":"https:\/\/gay.blog.br\/es\/","logo":{"@type":"ImageObject","inLanguage":"es","@id":"https:\/\/gay.blog.br\/es\/#\/schema\/logo\/image\/","url":"https:\/\/i0.wp.com\/gay.blog.br\/wp-content\/uploads\/2023\/08\/gay180px.png?fit=272%2C90&ssl=1","contentUrl":"https:\/\/i0.wp.com\/gay.blog.br\/wp-content\/uploads\/2023\/08\/gay180px.png?fit=272%2C90&ssl=1","width":272,"height":90,"caption":"GAY BLOG BR"},"image":{"@id":"https:\/\/gay.blog.br\/es\/#\/schema\/logo\/image\/"},"sameAs":["https:\/\/facebook.com\/gayblogbr","https:\/\/x.com\/gayblogbr","https:\/\/instagram.com\/gayblogbr","https:\/\/www.linkedin.com\/company\/gayblogbr\/","https:\/\/br.pinterest.com\/gayblogbr\/","https:\/\/www.youtube.com\/channel\/UCdEu3JXLOB-wvWAVUF4AIiA","https:\/\/pt.wikipedia.org\/wiki\/Gay_Blog_Br","https:\/\/www.threads.net\/@gayblogbr"]},{"@type":"Person","@id":"https:\/\/gay.blog.br\/es\/#\/schema\/person\/5e0cf06e5d5e166b6afeaefc7fc56d9d","name":"Victor Miller","image":{"@type":"ImageObject","inLanguage":"es","@id":"https:\/\/secure.gravatar.com\/avatar\/7c1fad0dcba879f76a2e6b9189cea981c8fcb9c7e6f40d5903cf16ba29cb80b5?s=96&d=mm&r=g","url":"https:\/\/secure.gravatar.com\/avatar\/7c1fad0dcba879f76a2e6b9189cea981c8fcb9c7e6f40d5903cf16ba29cb80b5?s=96&d=mm&r=g","contentUrl":"https:\/\/secure.gravatar.com\/avatar\/7c1fad0dcba879f76a2e6b9189cea981c8fcb9c7e6f40d5903cf16ba29cb80b5?s=96&d=mm&r=g","caption":"Victor Miller"},"description":"Jornalista formado pela PUC do Rio de Janeiro, dedicou sua vida a falar sobre cultura nerd\/geek. Gay desde que se entende por gente, sempre teve desejo de trabalhar com o p\u00fablico LGBT+ e cr\u00ea que a informa\u00e7\u00e3o \u00e9 a a melhor arma contra qualquer tipo de \"fobia\"","sameAs":["https:\/\/gay.blog.br\/author\/victormiller\/","https:\/\/www.facebook.com\/victormillerreal","https:\/\/instagram.com\/victormillermiranda","https:\/\/www.linkedin.com\/in\/victor-miller-266b54a7\/","https:\/\/x.com\/https:\/\/twitter.com\/victor_miller","https:\/\/www.youtube.com\/user\/planetasonic"],"url":"https:\/\/gay.blog.br\/es\/author\/victormiller\/"}]}},"jetpack_publicize_connections":[],"jetpack_featured_media_url":"https:\/\/i0.wp.com\/gay.blog.br\/wp-content\/uploads\/2021\/01\/cintura.jpeg?fit=930%2C566&ssl=1","jetpack_sharing_enabled":true,"jetpack_shortlink":"https:\/\/wp.me\/p6klkK-rYt","jetpack_likes_enabled":false,"amp_enabled":true,"_links":{"self":[{"href":"https:\/\/gay.blog.br\/es\/wp-json\/wp\/v2\/posts\/107537","targetHints":{"allow":["GET"]}}],"collection":[{"href":"https:\/\/gay.blog.br\/es\/wp-json\/wp\/v2\/posts"}],"about":[{"href":"https:\/\/gay.blog.br\/es\/wp-json\/wp\/v2\/types\/post"}],"author":[{"embeddable":true,"href":"https:\/\/gay.blog.br\/es\/wp-json\/wp\/v2\/users\/3515"}],"replies":[{"embeddable":true,"href":"https:\/\/gay.blog.br\/es\/wp-json\/wp\/v2\/comments?post=107537"}],"version-history":[{"count":0,"href":"https:\/\/gay.blog.br\/es\/wp-json\/wp\/v2\/posts\/107537\/revisions"}],"wp:featuredmedia":[{"embeddable":true,"href":"https:\/\/gay.blog.br\/es\/wp-json\/wp\/v2\/media\/106990"}],"wp:attachment":[{"href":"https:\/\/gay.blog.br\/es\/wp-json\/wp\/v2\/media?parent=107537"}],"wp:term":[{"taxonomy":"category","embeddable":true,"href":"https:\/\/gay.blog.br\/es\/wp-json\/wp\/v2\/categories?post=107537"},{"taxonomy":"post_tag","embeddable":true,"href":"https:\/\/gay.blog.br\/es\/wp-json\/wp\/v2\/tags?post=107537"}],"curies":[{"name":"wp","href":"https:\/\/api.w.org\/{rel}","templated":true}]}}