{"id":107788,"date":"2021-01-20T13:30:26","date_gmt":"2021-01-20T16:30:26","guid":{"rendered":"https:\/\/gay.blog.br\/?p=107788"},"modified":"2021-01-22T22:00:19","modified_gmt":"2021-01-23T01:00:19","slug":"brasil-inmuniza-a-la-primera-mujer-trans-contra-el-covid-19","status":"publish","type":"post","link":"https:\/\/gay.blog.br\/es\/noticias-es\/brasil-inmuniza-a-la-primera-mujer-trans-contra-el-covid-19\/","title":{"rendered":"Brasil inmuniza a la primera mujer trans contra el covid-19"},"content":{"rendered":"<p style=\"text-align: justify;\">La enfermera <strong>Geanne Greggio<\/strong> (44) fue la primera trans en ser vacunada contra el covid-19. Vive en Embu das Artes, en el gran San Pablo, y es responsable de los programas de concientizaci\u00f3n y combate contra las ITS\/ETI en su municipio.<\/p>\n<p style=\"text-align: justify;\"><em>\u00abCreo que soy la primera mujer transexual en Brasil en recibir la vacuna. Embu est\u00e1 siendo pionero. Solo tengo que agradecerles en nombre de todas las personas que represento.\u00bb<\/em> &#8211; dijo, de acuerdo con el <a href=\"https:\/\/www.jornalnanet.com.br\/noticias\/23289\/em-noite-historica-embu-vacina-5-mulheres-servidoras-da-rede-publica-municipal-de-saude\">Jornal na Net<\/a>.<\/p>\n<p style=\"text-align: justify;\">\u00ab<em>Esta vacuna llega con esperanza y expectativa<\/em>\u00bb &#8211; dijo el alcalde <strong>Ney Santos<\/strong> &#8211; \u201c<em>El mundo la est\u00e1 esperando. La vacuna trae esperanza para mejores d\u00edas para todos. Vamos a empezar a vacunar a los profesionales de la salud, pero el sue\u00f1o es vacunar al 100% de la poblaci\u00f3n de la ciudad. Hoy es motivo de celebraci\u00f3n para toda la ciudad<\/em>\u201d. &#8211; complet\u00f3.<\/p>\n<p style=\"text-align: justify;\">Embu das Artes recibi\u00f3 1.800 dosis de <a href=\"https:\/\/gay.blog.br\/gay\/lider-religioso-diz-que-vacina-tornara-as-pessoas-gays\/\">CoronaVac<\/a>. Adem\u00e1s de <strong>Greggio<\/strong>, la vacuna tambi\u00e9n se aplic\u00f3 a Rita dos Santos, quien ha trabajado durante 33 a\u00f1os en la ciudad de Embu; Do\u00f1a Silvia, empleada municipal por m\u00e1s de 40 a\u00f1os; adem\u00e1s de dos mujeres llamadas Rejane y Alda, tambi\u00e9n del \u00e1rea de salud.<\/p>\n<p style=\"text-align: justify;\">La inmunizaci\u00f3n fue en el <strong>Centro de Combate de Coronavirus<\/strong>, en Vazame.<\/p>\n<figure id=\"attachment_107370\" aria-describedby=\"caption-attachment-107370\" style=\"width: 900px\" class=\"wp-caption aligncenter\"><a href=\"http:\/\/www.instagram.com\/gayblogbr\"><img data-recalc-dims=\"1\" loading=\"lazy\" decoding=\"async\" data-attachment-id=\"107370\" data-permalink=\"https:\/\/gay.blog.br\/es\/geanne_greggio\/\" data-orig-file=\"https:\/\/i0.wp.com\/gay.blog.br\/wp-content\/uploads\/2021\/01\/geanne_greggio.jpg?fit=900%2C475&amp;ssl=1\" data-orig-size=\"900,475\" data-comments-opened=\"1\" data-image-meta=\"{&quot;aperture&quot;:&quot;0&quot;,&quot;credit&quot;:&quot;&quot;,&quot;camera&quot;:&quot;&quot;,&quot;caption&quot;:&quot;&quot;,&quot;created_timestamp&quot;:&quot;0&quot;,&quot;copyright&quot;:&quot;&quot;,&quot;focal_length&quot;:&quot;0&quot;,&quot;iso&quot;:&quot;0&quot;,&quot;shutter_speed&quot;:&quot;0&quot;,&quot;title&quot;:&quot;&quot;,&quot;orientation&quot;:&quot;0&quot;}\" data-image-title=\"geanne_greggio\" data-image-description=\"\" data-image-caption=\"&lt;p&gt;Reprodu\u00e7\u00e3o&lt;\/p&gt;\n\" data-large-file=\"https:\/\/i0.wp.com\/gay.blog.br\/wp-content\/uploads\/2021\/01\/geanne_greggio.jpg?fit=696%2C367&amp;ssl=1\" class=\"size-full wp-image-107370\" src=\"https:\/\/i0.wp.com\/gay.blog.br\/wp-content\/uploads\/2021\/01\/geanne_greggio.jpg?resize=696%2C367&#038;ssl=1\" alt=\"Brasil inmuniza a la primera mujer trans contra el covid-19\" width=\"696\" height=\"367\" srcset=\"https:\/\/i0.wp.com\/gay.blog.br\/wp-content\/uploads\/2021\/01\/geanne_greggio.jpg?w=900&amp;ssl=1 900w, https:\/\/i0.wp.com\/gay.blog.br\/wp-content\/uploads\/2021\/01\/geanne_greggio.jpg?resize=300%2C158&amp;ssl=1 300w, https:\/\/i0.wp.com\/gay.blog.br\/wp-content\/uploads\/2021\/01\/geanne_greggio.jpg?resize=150%2C79&amp;ssl=1 150w, https:\/\/i0.wp.com\/gay.blog.br\/wp-content\/uploads\/2021\/01\/geanne_greggio.jpg?resize=768%2C405&amp;ssl=1 768w, https:\/\/i0.wp.com\/gay.blog.br\/wp-content\/uploads\/2021\/01\/geanne_greggio.jpg?resize=696%2C367&amp;ssl=1 696w, https:\/\/i0.wp.com\/gay.blog.br\/wp-content\/uploads\/2021\/01\/geanne_greggio.jpg?resize=796%2C420&amp;ssl=1 796w\" sizes=\"auto, (max-width: 696px) 100vw, 696px\" \/><\/a><figcaption id=\"caption-attachment-107370\" class=\"wp-caption-text\">Reproducci\u00f3n<\/figcaption><\/figure>\n<h3 style=\"text-align: justify;\"><strong>LA VACUNA PFIZER PROTEGE CONTRA LA VARIANTE DEL CORONAVIRUS<\/strong><\/h3>\n<p style=\"text-align: justify;\">Seg\u00fan informaci\u00f3n obtenida por el <a href=\"https:\/\/www.correiobraziliense.com.br\/brasil\/2021\/01\/4901485-vacina-da-pfizer-protege-contra-variante-britanica-do-coronavirus-diz-estudo.html\">Correio Braziliense<\/a>, la vacuna covid-19 desarrollada por Pfizer y BioNTech protege contra la variante de coronavirus identificada en Reino Unido, seg\u00fan un art\u00edculo publicado por cient\u00edficos de las dos farmac\u00e9uticas el pasado 19 de enero.<\/p>\n<p>El documento reafirma los hallazgos publicados a principios de este mes en otro art\u00edculo escrito por cient\u00edficos de Pfizer, que tambi\u00e9n indic\u00f3 la protecci\u00f3n del inmunizador contra la nueva cepa. Si bien el estudio anterior prob\u00f3 un virus creado en el laboratorio que ten\u00eda una mutaci\u00f3n clave presente en la variante del Reino Unido, la nueva investigaci\u00f3n prob\u00f3 un virus creado en el laboratorio con todas las mutaciones.<\/p>\n","protected":false},"excerpt":{"rendered":"<p>Vive en Embu das Artes, en el gran San Pablo, y es responsable de los programas de concientizaci\u00f3n y combate contra las ITS\/ETI en su municipio.<\/p>\n","protected":false},"author":3515,"featured_media":107370,"comment_status":"open","ping_status":"open","sticky":false,"template":"","format":"standard","meta":{"googlesitekit_rrm_CAoiEBg-BXrJeACjO8p49SE4kTY:productID":"","tdm_status":"","tdm_grid_status":"","_jetpack_newsletter_access":"","_jetpack_dont_email_post_to_subs":false,"_jetpack_newsletter_tier_id":0,"_jetpack_memberships_contains_paywalled_content":false,"_jetpack_memberships_contains_paid_content":false,"footnotes":"","jetpack_publicize_message":"Brasil inmuniza a la primera mujer trans contra el covid-19","jetpack_publicize_feature_enabled":true,"jetpack_social_post_already_shared":true,"jetpack_social_options":{"image_generator_settings":{"template":"highway","default_image_id":0,"font":"","enabled":false},"version":2},"_wpas_customize_per_network":false,"jetpack_post_was_ever_published":false},"categories":[589932231,589932380,589932279],"tags":[589934012,589934355,589936583,589932541,589934472],"class_list":{"0":"post-107788","1":"post","2":"type-post","3":"status-publish","4":"format-standard","5":"has-post-thumbnail","7":"category-noticias-es","8":"category-salud","9":"category-trans-es","10":"tag-coronavac-es","11":"tag-covid-19-es","12":"tag-embu-das-artes-es","13":"tag-trans-es","14":"tag-vacuna"},"yoast_head":"<!-- This site is optimized with the Yoast SEO plugin v27.5 - https:\/\/yoast.com\/product\/yoast-seo-wordpress\/ -->\n<title>Brasil inmuniza a la primera mujer trans contra el covid-19<\/title>\n<meta name=\"description\" content=\"La enfermera Geanne Greggio (44) fue la primera mujer trans en ser vacunada contra el covid-19. La vacunaci\u00f3n se llev\u00f3 a cabo en Embu das Artes.\" \/>\n<meta name=\"robots\" content=\"index, follow, max-snippet:-1, max-image-preview:large, max-video-preview:-1\" \/>\n<link rel=\"canonical\" href=\"https:\/\/gay.blog.br\/es\/noticias-es\/brasil-inmuniza-a-la-primera-mujer-trans-contra-el-covid-19\/\" \/>\n<meta property=\"og:locale\" content=\"es_ES\" \/>\n<meta property=\"og:type\" content=\"article\" \/>\n<meta property=\"og:title\" content=\"Brasil inmuniza a la primera mujer trans contra el covid-19\" \/>\n<meta property=\"og:description\" content=\"La enfermera Geanne Greggio (44) fue la primera mujer trans en ser vacunada contra el covid-19. La vacunaci\u00f3n se llev\u00f3 a cabo en Embu das Artes.\" \/>\n<meta property=\"og:url\" content=\"https:\/\/gay.blog.br\/es\/noticias-es\/brasil-inmuniza-a-la-primera-mujer-trans-contra-el-covid-19\/\" \/>\n<meta property=\"og:site_name\" content=\"GAY BLOG BR @gayblogbr\" \/>\n<meta property=\"article:publisher\" content=\"https:\/\/facebook.com\/gayblogbr\" \/>\n<meta property=\"article:author\" content=\"https:\/\/www.facebook.com\/victormillerreal\" \/>\n<meta property=\"article:published_time\" content=\"2021-01-20T16:30:26+00:00\" \/>\n<meta property=\"article:modified_time\" content=\"2021-01-23T01:00:19+00:00\" \/>\n<meta property=\"og:image\" content=\"https:\/\/i2.wp.com\/gay.blog.br\/wp-content\/uploads\/2021\/01\/geanne_greggio.jpg?fit=900%2C475&ssl=1\" \/>\n\t<meta property=\"og:image:width\" content=\"900\" \/>\n\t<meta property=\"og:image:height\" content=\"475\" \/>\n\t<meta property=\"og:image:type\" content=\"image\/jpeg\" \/>\n<meta name=\"author\" content=\"Victor Miller\" \/>\n<meta name=\"twitter:card\" content=\"summary_large_image\" \/>\n<meta name=\"twitter:creator\" content=\"@https:\/\/twitter.com\/victor_miller\" \/>\n<meta name=\"twitter:site\" content=\"@gayblogbr\" \/>\n<meta name=\"twitter:label1\" content=\"Escrito por\" \/>\n\t<meta name=\"twitter:data1\" content=\"Victor Miller\" \/>\n\t<meta name=\"twitter:label2\" content=\"Tiempo de lectura\" \/>\n\t<meta name=\"twitter:data2\" content=\"2 minutos\" \/>\n<script type=\"application\/ld+json\" class=\"yoast-schema-graph\">{\"@context\":\"https:\\\/\\\/schema.org\",\"@graph\":[{\"@type\":\"Article\",\"@id\":\"https:\\\/\\\/gay.blog.br\\\/es\\\/noticias-es\\\/brasil-inmuniza-a-la-primera-mujer-trans-contra-el-covid-19\\\/#article\",\"isPartOf\":{\"@id\":\"https:\\\/\\\/gay.blog.br\\\/es\\\/noticias-es\\\/brasil-inmuniza-a-la-primera-mujer-trans-contra-el-covid-19\\\/\"},\"author\":{\"name\":\"Victor Miller\",\"@id\":\"https:\\\/\\\/gay.blog.br\\\/es\\\/#\\\/schema\\\/person\\\/5e0cf06e5d5e166b6afeaefc7fc56d9d\"},\"headline\":\"Brasil inmuniza a la primera mujer trans contra el covid-19\",\"datePublished\":\"2021-01-20T16:30:26+00:00\",\"dateModified\":\"2021-01-23T01:00:19+00:00\",\"mainEntityOfPage\":{\"@id\":\"https:\\\/\\\/gay.blog.br\\\/es\\\/noticias-es\\\/brasil-inmuniza-a-la-primera-mujer-trans-contra-el-covid-19\\\/\"},\"wordCount\":365,\"commentCount\":0,\"publisher\":{\"@id\":\"https:\\\/\\\/gay.blog.br\\\/es\\\/#organization\"},\"image\":{\"@id\":\"https:\\\/\\\/gay.blog.br\\\/es\\\/noticias-es\\\/brasil-inmuniza-a-la-primera-mujer-trans-contra-el-covid-19\\\/#primaryimage\"},\"thumbnailUrl\":\"https:\\\/\\\/i0.wp.com\\\/gay.blog.br\\\/wp-content\\\/uploads\\\/2021\\\/01\\\/geanne_greggio.jpg?fit=900%2C475&ssl=1\",\"keywords\":[\"Coronavac\",\"Covid-19\",\"embu das artes\",\"trans\",\"vacuna\"],\"articleSection\":[\"NOT\u00cdCIAS\",\"SALUD\",\"TRANS\"],\"inLanguage\":\"es\",\"potentialAction\":[{\"@type\":\"CommentAction\",\"name\":\"Comment\",\"target\":[\"https:\\\/\\\/gay.blog.br\\\/es\\\/noticias-es\\\/brasil-inmuniza-a-la-primera-mujer-trans-contra-el-covid-19\\\/#respond\"]}]},{\"@type\":\"WebPage\",\"@id\":\"https:\\\/\\\/gay.blog.br\\\/es\\\/noticias-es\\\/brasil-inmuniza-a-la-primera-mujer-trans-contra-el-covid-19\\\/\",\"url\":\"https:\\\/\\\/gay.blog.br\\\/es\\\/noticias-es\\\/brasil-inmuniza-a-la-primera-mujer-trans-contra-el-covid-19\\\/\",\"name\":\"Brasil inmuniza a la primera mujer trans contra el covid-19\",\"isPartOf\":{\"@id\":\"https:\\\/\\\/gay.blog.br\\\/es\\\/#website\"},\"primaryImageOfPage\":{\"@id\":\"https:\\\/\\\/gay.blog.br\\\/es\\\/noticias-es\\\/brasil-inmuniza-a-la-primera-mujer-trans-contra-el-covid-19\\\/#primaryimage\"},\"image\":{\"@id\":\"https:\\\/\\\/gay.blog.br\\\/es\\\/noticias-es\\\/brasil-inmuniza-a-la-primera-mujer-trans-contra-el-covid-19\\\/#primaryimage\"},\"thumbnailUrl\":\"https:\\\/\\\/i0.wp.com\\\/gay.blog.br\\\/wp-content\\\/uploads\\\/2021\\\/01\\\/geanne_greggio.jpg?fit=900%2C475&ssl=1\",\"datePublished\":\"2021-01-20T16:30:26+00:00\",\"dateModified\":\"2021-01-23T01:00:19+00:00\",\"description\":\"La enfermera Geanne Greggio (44) fue la primera mujer trans en ser vacunada contra el covid-19. La vacunaci\u00f3n se llev\u00f3 a cabo en Embu das Artes.\",\"breadcrumb\":{\"@id\":\"https:\\\/\\\/gay.blog.br\\\/es\\\/noticias-es\\\/brasil-inmuniza-a-la-primera-mujer-trans-contra-el-covid-19\\\/#breadcrumb\"},\"inLanguage\":\"es\",\"potentialAction\":[{\"@type\":\"ReadAction\",\"target\":[\"https:\\\/\\\/gay.blog.br\\\/es\\\/noticias-es\\\/brasil-inmuniza-a-la-primera-mujer-trans-contra-el-covid-19\\\/\"]}]},{\"@type\":\"ImageObject\",\"inLanguage\":\"es\",\"@id\":\"https:\\\/\\\/gay.blog.br\\\/es\\\/noticias-es\\\/brasil-inmuniza-a-la-primera-mujer-trans-contra-el-covid-19\\\/#primaryimage\",\"url\":\"https:\\\/\\\/i0.wp.com\\\/gay.blog.br\\\/wp-content\\\/uploads\\\/2021\\\/01\\\/geanne_greggio.jpg?fit=900%2C475&ssl=1\",\"contentUrl\":\"https:\\\/\\\/i0.wp.com\\\/gay.blog.br\\\/wp-content\\\/uploads\\\/2021\\\/01\\\/geanne_greggio.jpg?fit=900%2C475&ssl=1\",\"width\":900,\"height\":475,\"caption\":\"Reprodu\u00e7\u00e3o\"},{\"@type\":\"BreadcrumbList\",\"@id\":\"https:\\\/\\\/gay.blog.br\\\/es\\\/noticias-es\\\/brasil-inmuniza-a-la-primera-mujer-trans-contra-el-covid-19\\\/#breadcrumb\",\"itemListElement\":[{\"@type\":\"ListItem\",\"position\":1,\"name\":\"In\u00edcio\",\"item\":\"https:\\\/\\\/gay.blog.br\\\/es\\\/\"},{\"@type\":\"ListItem\",\"position\":2,\"name\":\"Brasil inmuniza a la primera mujer trans contra el covid-19\"}]},{\"@type\":\"WebSite\",\"@id\":\"https:\\\/\\\/gay.blog.br\\\/es\\\/#website\",\"url\":\"https:\\\/\\\/gay.blog.br\\\/es\\\/\",\"name\":\"GAY BLOG BR @gayblogbr\",\"description\":\"Not\u00edcias que empoderam e\\\/ou entret\u00eam s\u00e3o especialidades da casa\",\"publisher\":{\"@id\":\"https:\\\/\\\/gay.blog.br\\\/es\\\/#organization\"},\"potentialAction\":[{\"@type\":\"SearchAction\",\"target\":{\"@type\":\"EntryPoint\",\"urlTemplate\":\"https:\\\/\\\/gay.blog.br\\\/es\\\/?s={search_term_string}\"},\"query-input\":{\"@type\":\"PropertyValueSpecification\",\"valueRequired\":true,\"valueName\":\"search_term_string\"}}],\"inLanguage\":\"es\"},{\"@type\":\"Organization\",\"@id\":\"https:\\\/\\\/gay.blog.br\\\/es\\\/#organization\",\"name\":\"GAY BLOG BR\",\"url\":\"https:\\\/\\\/gay.blog.br\\\/es\\\/\",\"logo\":{\"@type\":\"ImageObject\",\"inLanguage\":\"es\",\"@id\":\"https:\\\/\\\/gay.blog.br\\\/es\\\/#\\\/schema\\\/logo\\\/image\\\/\",\"url\":\"https:\\\/\\\/i0.wp.com\\\/gay.blog.br\\\/wp-content\\\/uploads\\\/2023\\\/08\\\/gay180px.png?fit=272%2C90&ssl=1\",\"contentUrl\":\"https:\\\/\\\/i0.wp.com\\\/gay.blog.br\\\/wp-content\\\/uploads\\\/2023\\\/08\\\/gay180px.png?fit=272%2C90&ssl=1\",\"width\":272,\"height\":90,\"caption\":\"GAY BLOG BR\"},\"image\":{\"@id\":\"https:\\\/\\\/gay.blog.br\\\/es\\\/#\\\/schema\\\/logo\\\/image\\\/\"},\"sameAs\":[\"https:\\\/\\\/facebook.com\\\/gayblogbr\",\"https:\\\/\\\/x.com\\\/gayblogbr\",\"https:\\\/\\\/instagram.com\\\/gayblogbr\",\"https:\\\/\\\/www.linkedin.com\\\/company\\\/gayblogbr\\\/\",\"https:\\\/\\\/br.pinterest.com\\\/gayblogbr\\\/\",\"https:\\\/\\\/www.youtube.com\\\/channel\\\/UCdEu3JXLOB-wvWAVUF4AIiA\",\"https:\\\/\\\/pt.wikipedia.org\\\/wiki\\\/Gay_Blog_Br\",\"https:\\\/\\\/www.threads.net\\\/@gayblogbr\"]},{\"@type\":\"Person\",\"@id\":\"https:\\\/\\\/gay.blog.br\\\/es\\\/#\\\/schema\\\/person\\\/5e0cf06e5d5e166b6afeaefc7fc56d9d\",\"name\":\"Victor Miller\",\"image\":{\"@type\":\"ImageObject\",\"inLanguage\":\"es\",\"@id\":\"https:\\\/\\\/secure.gravatar.com\\\/avatar\\\/7c1fad0dcba879f76a2e6b9189cea981c8fcb9c7e6f40d5903cf16ba29cb80b5?s=96&d=mm&r=g\",\"url\":\"https:\\\/\\\/secure.gravatar.com\\\/avatar\\\/7c1fad0dcba879f76a2e6b9189cea981c8fcb9c7e6f40d5903cf16ba29cb80b5?s=96&d=mm&r=g\",\"contentUrl\":\"https:\\\/\\\/secure.gravatar.com\\\/avatar\\\/7c1fad0dcba879f76a2e6b9189cea981c8fcb9c7e6f40d5903cf16ba29cb80b5?s=96&d=mm&r=g\",\"caption\":\"Victor Miller\"},\"description\":\"Jornalista formado pela PUC do Rio de Janeiro, dedicou sua vida a falar sobre cultura nerd\\\/geek. Gay desde que se entende por gente, sempre teve desejo de trabalhar com o p\u00fablico LGBT+ e cr\u00ea que a informa\u00e7\u00e3o \u00e9 a a melhor arma contra qualquer tipo de \\\"fobia\\\"\",\"sameAs\":[\"https:\\\/\\\/gay.blog.br\\\/author\\\/victormiller\\\/\",\"https:\\\/\\\/www.facebook.com\\\/victormillerreal\",\"https:\\\/\\\/instagram.com\\\/victormillermiranda\",\"https:\\\/\\\/www.linkedin.com\\\/in\\\/victor-miller-266b54a7\\\/\",\"https:\\\/\\\/x.com\\\/https:\\\/\\\/twitter.com\\\/victor_miller\",\"https:\\\/\\\/www.youtube.com\\\/user\\\/planetasonic\"],\"url\":\"https:\\\/\\\/gay.blog.br\\\/es\\\/author\\\/victormiller\\\/\"}]}<\/script>\n<!-- \/ Yoast SEO plugin. -->","yoast_head_json":{"title":"Brasil inmuniza a la primera mujer trans contra el covid-19","description":"La enfermera Geanne Greggio (44) fue la primera mujer trans en ser vacunada contra el covid-19. La vacunaci\u00f3n se llev\u00f3 a cabo en Embu das Artes.","robots":{"index":"index","follow":"follow","max-snippet":"max-snippet:-1","max-image-preview":"max-image-preview:large","max-video-preview":"max-video-preview:-1"},"canonical":"https:\/\/gay.blog.br\/es\/noticias-es\/brasil-inmuniza-a-la-primera-mujer-trans-contra-el-covid-19\/","og_locale":"es_ES","og_type":"article","og_title":"Brasil inmuniza a la primera mujer trans contra el covid-19","og_description":"La enfermera Geanne Greggio (44) fue la primera mujer trans en ser vacunada contra el covid-19. La vacunaci\u00f3n se llev\u00f3 a cabo en Embu das Artes.","og_url":"https:\/\/gay.blog.br\/es\/noticias-es\/brasil-inmuniza-a-la-primera-mujer-trans-contra-el-covid-19\/","og_site_name":"GAY BLOG BR @gayblogbr","article_publisher":"https:\/\/facebook.com\/gayblogbr","article_author":"https:\/\/www.facebook.com\/victormillerreal","article_published_time":"2021-01-20T16:30:26+00:00","article_modified_time":"2021-01-23T01:00:19+00:00","og_image":[{"width":900,"height":475,"url":"https:\/\/i2.wp.com\/gay.blog.br\/wp-content\/uploads\/2021\/01\/geanne_greggio.jpg?fit=900%2C475&ssl=1","type":"image\/jpeg"}],"author":"Victor Miller","twitter_card":"summary_large_image","twitter_creator":"@https:\/\/twitter.com\/victor_miller","twitter_site":"@gayblogbr","twitter_misc":{"Escrito por":"Victor Miller","Tiempo de lectura":"2 minutos"},"schema":{"@context":"https:\/\/schema.org","@graph":[{"@type":"Article","@id":"https:\/\/gay.blog.br\/es\/noticias-es\/brasil-inmuniza-a-la-primera-mujer-trans-contra-el-covid-19\/#article","isPartOf":{"@id":"https:\/\/gay.blog.br\/es\/noticias-es\/brasil-inmuniza-a-la-primera-mujer-trans-contra-el-covid-19\/"},"author":{"name":"Victor Miller","@id":"https:\/\/gay.blog.br\/es\/#\/schema\/person\/5e0cf06e5d5e166b6afeaefc7fc56d9d"},"headline":"Brasil inmuniza a la primera mujer trans contra el covid-19","datePublished":"2021-01-20T16:30:26+00:00","dateModified":"2021-01-23T01:00:19+00:00","mainEntityOfPage":{"@id":"https:\/\/gay.blog.br\/es\/noticias-es\/brasil-inmuniza-a-la-primera-mujer-trans-contra-el-covid-19\/"},"wordCount":365,"commentCount":0,"publisher":{"@id":"https:\/\/gay.blog.br\/es\/#organization"},"image":{"@id":"https:\/\/gay.blog.br\/es\/noticias-es\/brasil-inmuniza-a-la-primera-mujer-trans-contra-el-covid-19\/#primaryimage"},"thumbnailUrl":"https:\/\/i0.wp.com\/gay.blog.br\/wp-content\/uploads\/2021\/01\/geanne_greggio.jpg?fit=900%2C475&ssl=1","keywords":["Coronavac","Covid-19","embu das artes","trans","vacuna"],"articleSection":["NOT\u00cdCIAS","SALUD","TRANS"],"inLanguage":"es","potentialAction":[{"@type":"CommentAction","name":"Comment","target":["https:\/\/gay.blog.br\/es\/noticias-es\/brasil-inmuniza-a-la-primera-mujer-trans-contra-el-covid-19\/#respond"]}]},{"@type":"WebPage","@id":"https:\/\/gay.blog.br\/es\/noticias-es\/brasil-inmuniza-a-la-primera-mujer-trans-contra-el-covid-19\/","url":"https:\/\/gay.blog.br\/es\/noticias-es\/brasil-inmuniza-a-la-primera-mujer-trans-contra-el-covid-19\/","name":"Brasil inmuniza a la primera mujer trans contra el covid-19","isPartOf":{"@id":"https:\/\/gay.blog.br\/es\/#website"},"primaryImageOfPage":{"@id":"https:\/\/gay.blog.br\/es\/noticias-es\/brasil-inmuniza-a-la-primera-mujer-trans-contra-el-covid-19\/#primaryimage"},"image":{"@id":"https:\/\/gay.blog.br\/es\/noticias-es\/brasil-inmuniza-a-la-primera-mujer-trans-contra-el-covid-19\/#primaryimage"},"thumbnailUrl":"https:\/\/i0.wp.com\/gay.blog.br\/wp-content\/uploads\/2021\/01\/geanne_greggio.jpg?fit=900%2C475&ssl=1","datePublished":"2021-01-20T16:30:26+00:00","dateModified":"2021-01-23T01:00:19+00:00","description":"La enfermera Geanne Greggio (44) fue la primera mujer trans en ser vacunada contra el covid-19. La vacunaci\u00f3n se llev\u00f3 a cabo en Embu das Artes.","breadcrumb":{"@id":"https:\/\/gay.blog.br\/es\/noticias-es\/brasil-inmuniza-a-la-primera-mujer-trans-contra-el-covid-19\/#breadcrumb"},"inLanguage":"es","potentialAction":[{"@type":"ReadAction","target":["https:\/\/gay.blog.br\/es\/noticias-es\/brasil-inmuniza-a-la-primera-mujer-trans-contra-el-covid-19\/"]}]},{"@type":"ImageObject","inLanguage":"es","@id":"https:\/\/gay.blog.br\/es\/noticias-es\/brasil-inmuniza-a-la-primera-mujer-trans-contra-el-covid-19\/#primaryimage","url":"https:\/\/i0.wp.com\/gay.blog.br\/wp-content\/uploads\/2021\/01\/geanne_greggio.jpg?fit=900%2C475&ssl=1","contentUrl":"https:\/\/i0.wp.com\/gay.blog.br\/wp-content\/uploads\/2021\/01\/geanne_greggio.jpg?fit=900%2C475&ssl=1","width":900,"height":475,"caption":"Reprodu\u00e7\u00e3o"},{"@type":"BreadcrumbList","@id":"https:\/\/gay.blog.br\/es\/noticias-es\/brasil-inmuniza-a-la-primera-mujer-trans-contra-el-covid-19\/#breadcrumb","itemListElement":[{"@type":"ListItem","position":1,"name":"In\u00edcio","item":"https:\/\/gay.blog.br\/es\/"},{"@type":"ListItem","position":2,"name":"Brasil inmuniza a la primera mujer trans contra el covid-19"}]},{"@type":"WebSite","@id":"https:\/\/gay.blog.br\/es\/#website","url":"https:\/\/gay.blog.br\/es\/","name":"GAY BLOG BR @gayblogbr","description":"Not\u00edcias que empoderam e\/ou entret\u00eam s\u00e3o especialidades da casa","publisher":{"@id":"https:\/\/gay.blog.br\/es\/#organization"},"potentialAction":[{"@type":"SearchAction","target":{"@type":"EntryPoint","urlTemplate":"https:\/\/gay.blog.br\/es\/?s={search_term_string}"},"query-input":{"@type":"PropertyValueSpecification","valueRequired":true,"valueName":"search_term_string"}}],"inLanguage":"es"},{"@type":"Organization","@id":"https:\/\/gay.blog.br\/es\/#organization","name":"GAY BLOG BR","url":"https:\/\/gay.blog.br\/es\/","logo":{"@type":"ImageObject","inLanguage":"es","@id":"https:\/\/gay.blog.br\/es\/#\/schema\/logo\/image\/","url":"https:\/\/i0.wp.com\/gay.blog.br\/wp-content\/uploads\/2023\/08\/gay180px.png?fit=272%2C90&ssl=1","contentUrl":"https:\/\/i0.wp.com\/gay.blog.br\/wp-content\/uploads\/2023\/08\/gay180px.png?fit=272%2C90&ssl=1","width":272,"height":90,"caption":"GAY BLOG BR"},"image":{"@id":"https:\/\/gay.blog.br\/es\/#\/schema\/logo\/image\/"},"sameAs":["https:\/\/facebook.com\/gayblogbr","https:\/\/x.com\/gayblogbr","https:\/\/instagram.com\/gayblogbr","https:\/\/www.linkedin.com\/company\/gayblogbr\/","https:\/\/br.pinterest.com\/gayblogbr\/","https:\/\/www.youtube.com\/channel\/UCdEu3JXLOB-wvWAVUF4AIiA","https:\/\/pt.wikipedia.org\/wiki\/Gay_Blog_Br","https:\/\/www.threads.net\/@gayblogbr"]},{"@type":"Person","@id":"https:\/\/gay.blog.br\/es\/#\/schema\/person\/5e0cf06e5d5e166b6afeaefc7fc56d9d","name":"Victor Miller","image":{"@type":"ImageObject","inLanguage":"es","@id":"https:\/\/secure.gravatar.com\/avatar\/7c1fad0dcba879f76a2e6b9189cea981c8fcb9c7e6f40d5903cf16ba29cb80b5?s=96&d=mm&r=g","url":"https:\/\/secure.gravatar.com\/avatar\/7c1fad0dcba879f76a2e6b9189cea981c8fcb9c7e6f40d5903cf16ba29cb80b5?s=96&d=mm&r=g","contentUrl":"https:\/\/secure.gravatar.com\/avatar\/7c1fad0dcba879f76a2e6b9189cea981c8fcb9c7e6f40d5903cf16ba29cb80b5?s=96&d=mm&r=g","caption":"Victor Miller"},"description":"Jornalista formado pela PUC do Rio de Janeiro, dedicou sua vida a falar sobre cultura nerd\/geek. Gay desde que se entende por gente, sempre teve desejo de trabalhar com o p\u00fablico LGBT+ e cr\u00ea que a informa\u00e7\u00e3o \u00e9 a a melhor arma contra qualquer tipo de \"fobia\"","sameAs":["https:\/\/gay.blog.br\/author\/victormiller\/","https:\/\/www.facebook.com\/victormillerreal","https:\/\/instagram.com\/victormillermiranda","https:\/\/www.linkedin.com\/in\/victor-miller-266b54a7\/","https:\/\/x.com\/https:\/\/twitter.com\/victor_miller","https:\/\/www.youtube.com\/user\/planetasonic"],"url":"https:\/\/gay.blog.br\/es\/author\/victormiller\/"}]}},"jetpack_publicize_connections":[],"jetpack_featured_media_url":"https:\/\/i0.wp.com\/gay.blog.br\/wp-content\/uploads\/2021\/01\/geanne_greggio.jpg?fit=900%2C475&ssl=1","jetpack_sharing_enabled":true,"jetpack_shortlink":"https:\/\/wp.me\/p6klkK-s2w","jetpack_likes_enabled":false,"amp_enabled":true,"_links":{"self":[{"href":"https:\/\/gay.blog.br\/es\/wp-json\/wp\/v2\/posts\/107788","targetHints":{"allow":["GET"]}}],"collection":[{"href":"https:\/\/gay.blog.br\/es\/wp-json\/wp\/v2\/posts"}],"about":[{"href":"https:\/\/gay.blog.br\/es\/wp-json\/wp\/v2\/types\/post"}],"author":[{"embeddable":true,"href":"https:\/\/gay.blog.br\/es\/wp-json\/wp\/v2\/users\/3515"}],"replies":[{"embeddable":true,"href":"https:\/\/gay.blog.br\/es\/wp-json\/wp\/v2\/comments?post=107788"}],"version-history":[{"count":0,"href":"https:\/\/gay.blog.br\/es\/wp-json\/wp\/v2\/posts\/107788\/revisions"}],"wp:featuredmedia":[{"embeddable":true,"href":"https:\/\/gay.blog.br\/es\/wp-json\/wp\/v2\/media\/107370"}],"wp:attachment":[{"href":"https:\/\/gay.blog.br\/es\/wp-json\/wp\/v2\/media?parent=107788"}],"wp:term":[{"taxonomy":"category","embeddable":true,"href":"https:\/\/gay.blog.br\/es\/wp-json\/wp\/v2\/categories?post=107788"},{"taxonomy":"post_tag","embeddable":true,"href":"https:\/\/gay.blog.br\/es\/wp-json\/wp\/v2\/tags?post=107788"}],"curies":[{"name":"wp","href":"https:\/\/api.w.org\/{rel}","templated":true}]}}