{"id":107895,"date":"2020-02-07T15:58:45","date_gmt":"2020-02-07T18:58:45","guid":{"rendered":"https:\/\/gay.blog.br\/?p=107895"},"modified":"2021-01-22T21:55:18","modified_gmt":"2021-01-23T00:55:18","slug":"pabllo-vittar-realiza-un-espectaculo-filantropico-precarnaval-en-bauru-sp","status":"publish","type":"post","link":"https:\/\/gay.blog.br\/es\/recreacion\/noche\/pabllo-vittar-realiza-un-espectaculo-filantropico-precarnaval-en-bauru-sp\/","title":{"rendered":"Pabllo Vittar realiza un espect\u00e1culo filantr\u00f3pico precarnaval en Bauru (SP)"},"content":{"rendered":"<p style=\"text-align: justify;\">La drag queen <strong><a href=\"http:\/\/gay.blog.br\/?s=pabllo\">Pabllo Vittar<\/a><\/strong> tem est\u00e1 programada para presentarse en <strong>Bauru<\/strong> (SP) el <strong>15 de febrero<\/strong>, s\u00e1bado, a partir de las <strong>3 pm<\/strong>, en el <strong>Recinto Mello Moraes<\/strong>. En el set list precarnaval se confirman \u00e9xitos como <em>Amor de Que<\/em>, <em>Corpo Sensual<\/em>, <em>Felicitaciones<\/em>.<\/p>\n<p style=\"text-align: justify;\">El <strong>\u00abCarnaPabllo\u00bb<\/strong> es una producci\u00f3n de Lab Produ\u00e7\u00f5es y tiene un car\u00e1cter social; la organizaci\u00f3n del partido cre\u00f3 la mitad de precio solidario para todos los que donaran 1 kg de comida o pienso. Todos los ingresos se destinar\u00e1n al Fondo de Solidaridad Social de Bauru, que distribuir\u00e1 a las organizaciones ben\u00e9ficas de la ciudad.<\/p>\n<figure id=\"attachment_34743\" aria-describedby=\"caption-attachment-34743\" style=\"width: 813px\" class=\"wp-caption aligncenter\"><img data-recalc-dims=\"1\" loading=\"lazy\" decoding=\"async\" class=\"size-full wp-image-34743\" src=\"https:\/\/i0.wp.com\/gay.blog.br\/wp-content\/uploads\/2020\/02\/Pabllo-Vittar.jpg?resize=696%2C427&#038;ssl=1\" alt=\"\" width=\"696\" height=\"427\" srcset=\"https:\/\/i0.wp.com\/gay.blog.br\/wp-content\/uploads\/2020\/02\/Pabllo-Vittar.jpg?w=813&amp;ssl=1 813w, https:\/\/i0.wp.com\/gay.blog.br\/wp-content\/uploads\/2020\/02\/Pabllo-Vittar.jpg?resize=300%2C184&amp;ssl=1 300w, https:\/\/i0.wp.com\/gay.blog.br\/wp-content\/uploads\/2020\/02\/Pabllo-Vittar.jpg?resize=150%2C92&amp;ssl=1 150w, https:\/\/i0.wp.com\/gay.blog.br\/wp-content\/uploads\/2020\/02\/Pabllo-Vittar.jpg?resize=768%2C471&amp;ssl=1 768w, https:\/\/i0.wp.com\/gay.blog.br\/wp-content\/uploads\/2020\/02\/Pabllo-Vittar.jpg?resize=696%2C427&amp;ssl=1 696w, https:\/\/i0.wp.com\/gay.blog.br\/wp-content\/uploads\/2020\/02\/Pabllo-Vittar.jpg?resize=684%2C420&amp;ssl=1 684w, https:\/\/i0.wp.com\/gay.blog.br\/wp-content\/uploads\/2020\/02\/Pabllo-Vittar.jpg?resize=356%2C220&amp;ssl=1 356w\" sizes=\"auto, (max-width: 696px) 100vw, 696px\" \/><figcaption id=\"caption-attachment-34743\" class=\"wp-caption-text\">Foto: Reproducci\u00f3n<\/figcaption><\/figure>\n<p style=\"text-align: justify;\">\u00abVamos a alimentar a cientos de personas, perros y gatos con este espect\u00e1culo. Un\u00e1monos el entretenimiento con la solidaridad \u201d, comenta Markinho Souza, socio de Lab Produ\u00e7\u00f5es.<\/p>\n<p style=\"text-align: justify;\">Adem\u00e1s, el evento contar\u00e1 con un <strong>concurso<\/strong>con los mejores disfraces, cuyo premio es conocer al cantante en el camerino.<\/p>\n<p style=\"text-align: justify;\"><strong>Invitaciones a la venta<\/strong><\/p>\n<p style=\"text-align: justify;\">La fiesta tiene dos opciones de lugar para disfrutar del espect\u00e1culo: el \u00e1rea VIP, frente al escenario, y la pista de baile, algunos lotes ya se agotaron, y la organizaci\u00f3n a\u00fan enfatiza que ya est\u00e1n confirmados m\u00e1s de 20 giras, provenientes de diferentes ciudades de la regi\u00f3n.<\/p>\n<figure id=\"attachment_34740\" aria-describedby=\"caption-attachment-34740\" style=\"width: 914px\" class=\"wp-caption aligncenter\"><a href=\"https:\/\/www.facebook.com\/events\/750331922135606\/\"><img data-recalc-dims=\"1\" loading=\"lazy\" decoding=\"async\" class=\"size-full wp-image-34740\" src=\"https:\/\/i0.wp.com\/gay.blog.br\/wp-content\/uploads\/2020\/02\/WhatsApp-Image-2020-02-06-at-14.56.34.jpeg?resize=696%2C975&#038;ssl=1\" alt=\"Pabllo Vittar realiza un espect\u00e1culo filantr\u00f3pico precarnaval en Bauru \" width=\"696\" height=\"975\" srcset=\"https:\/\/i0.wp.com\/gay.blog.br\/wp-content\/uploads\/2020\/02\/WhatsApp-Image-2020-02-06-at-14.56.34.jpeg?w=914&amp;ssl=1 914w, https:\/\/i0.wp.com\/gay.blog.br\/wp-content\/uploads\/2020\/02\/WhatsApp-Image-2020-02-06-at-14.56.34.jpeg?resize=214%2C300&amp;ssl=1 214w, https:\/\/i0.wp.com\/gay.blog.br\/wp-content\/uploads\/2020\/02\/WhatsApp-Image-2020-02-06-at-14.56.34.jpeg?resize=731%2C1024&amp;ssl=1 731w, https:\/\/i0.wp.com\/gay.blog.br\/wp-content\/uploads\/2020\/02\/WhatsApp-Image-2020-02-06-at-14.56.34.jpeg?resize=107%2C150&amp;ssl=1 107w, https:\/\/i0.wp.com\/gay.blog.br\/wp-content\/uploads\/2020\/02\/WhatsApp-Image-2020-02-06-at-14.56.34.jpeg?resize=768%2C1076&amp;ssl=1 768w, https:\/\/i0.wp.com\/gay.blog.br\/wp-content\/uploads\/2020\/02\/WhatsApp-Image-2020-02-06-at-14.56.34.jpeg?resize=696%2C975&amp;ssl=1 696w, https:\/\/i0.wp.com\/gay.blog.br\/wp-content\/uploads\/2020\/02\/WhatsApp-Image-2020-02-06-at-14.56.34.jpeg?resize=300%2C420&amp;ssl=1 300w, https:\/\/i0.wp.com\/gay.blog.br\/wp-content\/uploads\/2020\/02\/WhatsApp-Image-2020-02-06-at-14.56.34.jpeg?resize=600%2C840&amp;ssl=1 600w\" sizes=\"auto, (max-width: 696px) 100vw, 696px\" \/><\/a><figcaption id=\"caption-attachment-34740\" class=\"wp-caption-text\">Divulgaci\u00f3n<\/figcaption><\/figure>\n<h3 style=\"text-align: justify;\"><strong>Servicio:<\/strong><\/h3>\n<p style=\"text-align: justify;\"><strong>\u201cCarna Pabllo\u201d<br \/>\n<\/strong><strong>LOCAL:<\/strong> Recinto Mello Moraes\/ Bauru, SP<br \/>\n<strong>HORARIO:<\/strong> A partir de las 15h<br \/>\n<a href=\"https:\/\/www.facebook.com\/events\/750331922135606\/\">Evento de Facebook<\/a><\/p>\n<p style=\"text-align: justify;\"><strong>PUNTOS DE VENTA:<\/strong> <strong>Churros Oba Oba<\/strong> (Plaza de la Paz);<br \/>\n<strong>Tienda Havaianas<\/strong>: Boulevard Shopping Bauru;<br \/>\n<strong>Minute Frame Shop<\/strong>: Bauru Shopping<br \/>\n<strong>Fantas\u00edas de encantamiento<\/strong>: Cal\u00e7ad\u00e3o da Batista de Carvalho;<br \/>\n<strong>Labirinthus:<\/strong> Av. Odilon Braga, 2-12<\/p>\n<p style=\"text-align: justify;\"><strong>Sector Pista: <\/strong><\/p>\n<p style=\"text-align: justify;\"><strong>Promocional: R$ 35 (media) R$70 (entera) &#8211; AGOTADO<\/strong><strong><br \/>\n<\/strong>1\u00ba lote: R$40 (media) y R$80 (entera)<br \/>\n2\u00ba lote: R$50 (media) y R$100 (entera)<br \/>\n3\u00ba lote: R$60 (media) e R$120 (entera)<\/p>\n<p style=\"text-align: justify;\"><strong>\u00c1rea VIP (sector en frente al palco) <\/strong><br \/>\n<strong>Promocional:<\/strong> R$ 50 (media) R $ 100 (entera) &#8211; AGOTADO<\/p>\n<p style=\"text-align: justify;\"><strong>2\u00ba LOTE:<\/strong> R$70 (media) R$140 (entera)<br \/>\n<strong>3\u00ba LOTE:<\/strong> R$80 (meia) R$160 (inteira)<\/p>\n<p style=\"text-align: justify;\">\n","protected":false},"excerpt":{"rendered":"<p>CarnaPabllo tambi\u00e9n hab\u00eda premiado a los vittarlovers con los trajes m\u00e1s originales; los ganadores podr\u00e1n encontrarse con Pabllo en el vestuario<\/p>\n","protected":false},"author":2,"featured_media":78341,"comment_status":"open","ping_status":"open","sticky":false,"template":"","format":"standard","meta":{"googlesitekit_rrm_CAoiEBg-BXrJeACjO8p49SE4kTY:productID":"","tdm_status":"","tdm_grid_status":"","_jetpack_newsletter_access":"","_jetpack_dont_email_post_to_subs":false,"_jetpack_newsletter_tier_id":0,"_jetpack_memberships_contains_paywalled_content":false,"_jetpack_memberships_contains_paid_content":false,"footnotes":"","jetpack_publicize_message":"Pabllo Vittar realiza un espect\u00e1culo filantr\u00f3pico precarnaval en Bauru (SP)","jetpack_publicize_feature_enabled":true,"jetpack_social_post_already_shared":true,"jetpack_social_options":{"image_generator_settings":{"template":"highway","default_image_id":0,"font":"","enabled":false},"version":2},"_wpas_customize_per_network":false,"jetpack_post_was_ever_published":false},"categories":[589932400,589932402,589932385],"tags":[589936648,589936649,589936650,589932815,589936651,589933056],"class_list":{"0":"post-107895","1":"post","2":"type-post","3":"status-publish","4":"format-standard","5":"has-post-thumbnail","7":"category-conciertos","8":"category-noche","9":"category-recreacion","10":"tag-bauru-es","11":"tag-carna-pabllo-es","12":"tag-carnapabllo-es","13":"tag-pabllo-vittar-es","14":"tag-producciones-de-laboratorio","15":"tag-show-es"},"yoast_head":"<!-- This site is optimized with the Yoast SEO plugin v27.4 - https:\/\/yoast.com\/product\/yoast-seo-wordpress\/ -->\n<title>Pabllo Vittar realiza un espect\u00e1culo filantr\u00f3pico precarnaval en Bauru (SP)<\/title>\n<meta name=\"description\" content=\"CarnaPabllo tambi\u00e9n hab\u00eda premiado a los vittarlovers con los trajes m\u00e1s originales; los ganadores podr\u00e1n encontrarse con Pabllo en el vestuario\" \/>\n<meta name=\"robots\" content=\"index, follow, max-snippet:-1, max-image-preview:large, max-video-preview:-1\" \/>\n<link rel=\"canonical\" href=\"https:\/\/gay.blog.br\/es\/recreacion\/noche\/pabllo-vittar-realiza-un-espectaculo-filantropico-precarnaval-en-bauru-sp\/\" \/>\n<meta property=\"og:locale\" content=\"es_ES\" \/>\n<meta property=\"og:type\" content=\"article\" \/>\n<meta property=\"og:title\" content=\"Pabllo Vittar realiza un espect\u00e1culo filantr\u00f3pico precarnaval en Bauru (SP)\" \/>\n<meta property=\"og:description\" content=\"CarnaPabllo tambi\u00e9n hab\u00eda premiado a los vittarlovers con los trajes m\u00e1s originales; los ganadores podr\u00e1n encontrarse con Pabllo en el vestuario\" \/>\n<meta property=\"og:url\" content=\"https:\/\/gay.blog.br\/es\/recreacion\/noche\/pabllo-vittar-realiza-un-espectaculo-filantropico-precarnaval-en-bauru-sp\/\" \/>\n<meta property=\"og:site_name\" content=\"GAY BLOG BR @gayblogbr\" \/>\n<meta property=\"article:publisher\" content=\"https:\/\/facebook.com\/gayblogbr\" \/>\n<meta property=\"article:author\" content=\"https:\/\/facebook.com\/gayblogbr\" \/>\n<meta property=\"article:published_time\" content=\"2020-02-07T18:58:45+00:00\" \/>\n<meta property=\"article:modified_time\" content=\"2021-01-23T00:55:18+00:00\" \/>\n<meta property=\"og:image\" content=\"https:\/\/i2.wp.com\/gay.blog.br\/wp-content\/uploads\/2020\/02\/Pabllo-Vittar.jpg?fit=813%2C499&ssl=1\" \/>\n\t<meta property=\"og:image:width\" content=\"813\" \/>\n\t<meta property=\"og:image:height\" content=\"499\" \/>\n\t<meta property=\"og:image:type\" content=\"image\/jpeg\" \/>\n<meta name=\"author\" content=\"www.gay.blog.br\" \/>\n<meta name=\"twitter:card\" content=\"summary_large_image\" \/>\n<meta name=\"twitter:creator\" content=\"@https:\/\/bsky.app\/profile\/gayblogbr.bsky.social\" \/>\n<meta name=\"twitter:site\" content=\"@gayblogbr\" \/>\n<meta name=\"twitter:label1\" content=\"Escrito por\" \/>\n\t<meta name=\"twitter:data1\" content=\"www.gay.blog.br\" \/>\n\t<meta name=\"twitter:label2\" content=\"Tiempo de lectura\" \/>\n\t<meta name=\"twitter:data2\" content=\"2 minutos\" \/>\n<script type=\"application\/ld+json\" class=\"yoast-schema-graph\">{\"@context\":\"https:\\\/\\\/schema.org\",\"@graph\":[{\"@type\":\"Article\",\"@id\":\"https:\\\/\\\/gay.blog.br\\\/es\\\/recreacion\\\/noche\\\/pabllo-vittar-realiza-un-espectaculo-filantropico-precarnaval-en-bauru-sp\\\/#article\",\"isPartOf\":{\"@id\":\"https:\\\/\\\/gay.blog.br\\\/es\\\/recreacion\\\/noche\\\/pabllo-vittar-realiza-un-espectaculo-filantropico-precarnaval-en-bauru-sp\\\/\"},\"author\":{\"name\":\"www.gay.blog.br\",\"@id\":\"https:\\\/\\\/gay.blog.br\\\/es\\\/#\\\/schema\\\/person\\\/ab4bce68ee54b8f4af5c174efe7472e5\"},\"headline\":\"Pabllo Vittar realiza un espect\u00e1culo filantr\u00f3pico precarnaval en Bauru (SP)\",\"datePublished\":\"2020-02-07T18:58:45+00:00\",\"dateModified\":\"2021-01-23T00:55:18+00:00\",\"mainEntityOfPage\":{\"@id\":\"https:\\\/\\\/gay.blog.br\\\/es\\\/recreacion\\\/noche\\\/pabllo-vittar-realiza-un-espectaculo-filantropico-precarnaval-en-bauru-sp\\\/\"},\"wordCount\":344,\"commentCount\":0,\"publisher\":{\"@id\":\"https:\\\/\\\/gay.blog.br\\\/es\\\/#organization\"},\"image\":{\"@id\":\"https:\\\/\\\/gay.blog.br\\\/es\\\/recreacion\\\/noche\\\/pabllo-vittar-realiza-un-espectaculo-filantropico-precarnaval-en-bauru-sp\\\/#primaryimage\"},\"thumbnailUrl\":\"https:\\\/\\\/i0.wp.com\\\/gay.blog.br\\\/wp-content\\\/uploads\\\/2020\\\/02\\\/Pabllo-Vittar.jpg?fit=813%2C499&ssl=1\",\"keywords\":[\"bauru\",\"Carna Pabllo\",\"CarnaPabllo\",\"pabllo vittar\",\"Producciones de laboratorio\",\"show\"],\"articleSection\":[\"CONCIERTOS\",\"NOCHE\",\"RECREACI\u00d3N\"],\"inLanguage\":\"es\",\"potentialAction\":[{\"@type\":\"CommentAction\",\"name\":\"Comment\",\"target\":[\"https:\\\/\\\/gay.blog.br\\\/es\\\/recreacion\\\/noche\\\/pabllo-vittar-realiza-un-espectaculo-filantropico-precarnaval-en-bauru-sp\\\/#respond\"]}]},{\"@type\":\"WebPage\",\"@id\":\"https:\\\/\\\/gay.blog.br\\\/es\\\/recreacion\\\/noche\\\/pabllo-vittar-realiza-un-espectaculo-filantropico-precarnaval-en-bauru-sp\\\/\",\"url\":\"https:\\\/\\\/gay.blog.br\\\/es\\\/recreacion\\\/noche\\\/pabllo-vittar-realiza-un-espectaculo-filantropico-precarnaval-en-bauru-sp\\\/\",\"name\":\"Pabllo Vittar realiza un espect\u00e1culo filantr\u00f3pico precarnaval en Bauru (SP)\",\"isPartOf\":{\"@id\":\"https:\\\/\\\/gay.blog.br\\\/es\\\/#website\"},\"primaryImageOfPage\":{\"@id\":\"https:\\\/\\\/gay.blog.br\\\/es\\\/recreacion\\\/noche\\\/pabllo-vittar-realiza-un-espectaculo-filantropico-precarnaval-en-bauru-sp\\\/#primaryimage\"},\"image\":{\"@id\":\"https:\\\/\\\/gay.blog.br\\\/es\\\/recreacion\\\/noche\\\/pabllo-vittar-realiza-un-espectaculo-filantropico-precarnaval-en-bauru-sp\\\/#primaryimage\"},\"thumbnailUrl\":\"https:\\\/\\\/i0.wp.com\\\/gay.blog.br\\\/wp-content\\\/uploads\\\/2020\\\/02\\\/Pabllo-Vittar.jpg?fit=813%2C499&ssl=1\",\"datePublished\":\"2020-02-07T18:58:45+00:00\",\"dateModified\":\"2021-01-23T00:55:18+00:00\",\"description\":\"CarnaPabllo tambi\u00e9n hab\u00eda premiado a los vittarlovers con los trajes m\u00e1s originales; los ganadores podr\u00e1n encontrarse con Pabllo en el vestuario\",\"breadcrumb\":{\"@id\":\"https:\\\/\\\/gay.blog.br\\\/es\\\/recreacion\\\/noche\\\/pabllo-vittar-realiza-un-espectaculo-filantropico-precarnaval-en-bauru-sp\\\/#breadcrumb\"},\"inLanguage\":\"es\",\"potentialAction\":[{\"@type\":\"ReadAction\",\"target\":[\"https:\\\/\\\/gay.blog.br\\\/es\\\/recreacion\\\/noche\\\/pabllo-vittar-realiza-un-espectaculo-filantropico-precarnaval-en-bauru-sp\\\/\"]}]},{\"@type\":\"ImageObject\",\"inLanguage\":\"es\",\"@id\":\"https:\\\/\\\/gay.blog.br\\\/es\\\/recreacion\\\/noche\\\/pabllo-vittar-realiza-un-espectaculo-filantropico-precarnaval-en-bauru-sp\\\/#primaryimage\",\"url\":\"https:\\\/\\\/i0.wp.com\\\/gay.blog.br\\\/wp-content\\\/uploads\\\/2020\\\/02\\\/Pabllo-Vittar.jpg?fit=813%2C499&ssl=1\",\"contentUrl\":\"https:\\\/\\\/i0.wp.com\\\/gay.blog.br\\\/wp-content\\\/uploads\\\/2020\\\/02\\\/Pabllo-Vittar.jpg?fit=813%2C499&ssl=1\",\"width\":813,\"height\":499,\"caption\":\"Foto: Reprodu\u00e7\u00e3o\"},{\"@type\":\"BreadcrumbList\",\"@id\":\"https:\\\/\\\/gay.blog.br\\\/es\\\/recreacion\\\/noche\\\/pabllo-vittar-realiza-un-espectaculo-filantropico-precarnaval-en-bauru-sp\\\/#breadcrumb\",\"itemListElement\":[{\"@type\":\"ListItem\",\"position\":1,\"name\":\"In\u00edcio\",\"item\":\"https:\\\/\\\/gay.blog.br\\\/es\\\/\"},{\"@type\":\"ListItem\",\"position\":2,\"name\":\"Pabllo Vittar realiza un espect\u00e1culo filantr\u00f3pico precarnaval en Bauru (SP)\"}]},{\"@type\":\"WebSite\",\"@id\":\"https:\\\/\\\/gay.blog.br\\\/es\\\/#website\",\"url\":\"https:\\\/\\\/gay.blog.br\\\/es\\\/\",\"name\":\"GAY BLOG BR @gayblogbr\",\"description\":\"Not\u00edcias que empoderam e\\\/ou entret\u00eam s\u00e3o especialidades da casa\",\"publisher\":{\"@id\":\"https:\\\/\\\/gay.blog.br\\\/es\\\/#organization\"},\"potentialAction\":[{\"@type\":\"SearchAction\",\"target\":{\"@type\":\"EntryPoint\",\"urlTemplate\":\"https:\\\/\\\/gay.blog.br\\\/es\\\/?s={search_term_string}\"},\"query-input\":{\"@type\":\"PropertyValueSpecification\",\"valueRequired\":true,\"valueName\":\"search_term_string\"}}],\"inLanguage\":\"es\"},{\"@type\":\"Organization\",\"@id\":\"https:\\\/\\\/gay.blog.br\\\/es\\\/#organization\",\"name\":\"GAY BLOG BR\",\"url\":\"https:\\\/\\\/gay.blog.br\\\/es\\\/\",\"logo\":{\"@type\":\"ImageObject\",\"inLanguage\":\"es\",\"@id\":\"https:\\\/\\\/gay.blog.br\\\/es\\\/#\\\/schema\\\/logo\\\/image\\\/\",\"url\":\"https:\\\/\\\/i0.wp.com\\\/gay.blog.br\\\/wp-content\\\/uploads\\\/2023\\\/08\\\/gay180px.png?fit=272%2C90&ssl=1\",\"contentUrl\":\"https:\\\/\\\/i0.wp.com\\\/gay.blog.br\\\/wp-content\\\/uploads\\\/2023\\\/08\\\/gay180px.png?fit=272%2C90&ssl=1\",\"width\":272,\"height\":90,\"caption\":\"GAY BLOG BR\"},\"image\":{\"@id\":\"https:\\\/\\\/gay.blog.br\\\/es\\\/#\\\/schema\\\/logo\\\/image\\\/\"},\"sameAs\":[\"https:\\\/\\\/facebook.com\\\/gayblogbr\",\"https:\\\/\\\/x.com\\\/gayblogbr\",\"https:\\\/\\\/instagram.com\\\/gayblogbr\",\"https:\\\/\\\/www.linkedin.com\\\/company\\\/gayblogbr\\\/\",\"https:\\\/\\\/br.pinterest.com\\\/gayblogbr\\\/\",\"https:\\\/\\\/www.youtube.com\\\/channel\\\/UCdEu3JXLOB-wvWAVUF4AIiA\",\"https:\\\/\\\/pt.wikipedia.org\\\/wiki\\\/Gay_Blog_Br\",\"https:\\\/\\\/www.threads.net\\\/@gayblogbr\"]},{\"@type\":\"Person\",\"@id\":\"https:\\\/\\\/gay.blog.br\\\/es\\\/#\\\/schema\\\/person\\\/ab4bce68ee54b8f4af5c174efe7472e5\",\"name\":\"www.gay.blog.br\",\"image\":{\"@type\":\"ImageObject\",\"inLanguage\":\"es\",\"@id\":\"https:\\\/\\\/secure.gravatar.com\\\/avatar\\\/a6fb6bf5c84cdaa375389c43448e2bb88db4600d8fc5be6c42a410789075740f?s=96&d=mm&r=g\",\"url\":\"https:\\\/\\\/secure.gravatar.com\\\/avatar\\\/a6fb6bf5c84cdaa375389c43448e2bb88db4600d8fc5be6c42a410789075740f?s=96&d=mm&r=g\",\"contentUrl\":\"https:\\\/\\\/secure.gravatar.com\\\/avatar\\\/a6fb6bf5c84cdaa375389c43448e2bb88db4600d8fc5be6c42a410789075740f?s=96&d=mm&r=g\",\"caption\":\"www.gay.blog.br\"},\"description\":\"Receba as not\u00edcias pelo Telegram!\",\"sameAs\":[\"https:\\\/\\\/facebook.com\\\/gayblogbr\",\"https:\\\/\\\/instagram.com\\\/gayblogbr\",\"https:\\\/\\\/www.linkedin.com\\\/company\\\/gayblogbr\\\/\",\"https:\\\/\\\/pinterest.com\\\/gayblogbr\\\/\",\"https:\\\/\\\/x.com\\\/https:\\\/\\\/bsky.app\\\/profile\\\/gayblogbr.bsky.social\",\"https:\\\/\\\/www.youtube.com\\\/@GAYBLOGBR\",\"https:\\\/\\\/pt.wikipedia.org\\\/wiki\\\/Gay_Blog_Br\"],\"url\":\"https:\\\/\\\/gay.blog.br\\\/es\\\/author\\\/oaudaznavegante\\\/\"}]}<\/script>\n<!-- \/ Yoast SEO plugin. -->","yoast_head_json":{"title":"Pabllo Vittar realiza un espect\u00e1culo filantr\u00f3pico precarnaval en Bauru (SP)","description":"CarnaPabllo tambi\u00e9n hab\u00eda premiado a los vittarlovers con los trajes m\u00e1s originales; los ganadores podr\u00e1n encontrarse con Pabllo en el vestuario","robots":{"index":"index","follow":"follow","max-snippet":"max-snippet:-1","max-image-preview":"max-image-preview:large","max-video-preview":"max-video-preview:-1"},"canonical":"https:\/\/gay.blog.br\/es\/recreacion\/noche\/pabllo-vittar-realiza-un-espectaculo-filantropico-precarnaval-en-bauru-sp\/","og_locale":"es_ES","og_type":"article","og_title":"Pabllo Vittar realiza un espect\u00e1culo filantr\u00f3pico precarnaval en Bauru (SP)","og_description":"CarnaPabllo tambi\u00e9n hab\u00eda premiado a los vittarlovers con los trajes m\u00e1s originales; los ganadores podr\u00e1n encontrarse con Pabllo en el vestuario","og_url":"https:\/\/gay.blog.br\/es\/recreacion\/noche\/pabllo-vittar-realiza-un-espectaculo-filantropico-precarnaval-en-bauru-sp\/","og_site_name":"GAY BLOG BR @gayblogbr","article_publisher":"https:\/\/facebook.com\/gayblogbr","article_author":"https:\/\/facebook.com\/gayblogbr","article_published_time":"2020-02-07T18:58:45+00:00","article_modified_time":"2021-01-23T00:55:18+00:00","og_image":[{"width":813,"height":499,"url":"https:\/\/i2.wp.com\/gay.blog.br\/wp-content\/uploads\/2020\/02\/Pabllo-Vittar.jpg?fit=813%2C499&ssl=1","type":"image\/jpeg"}],"author":"www.gay.blog.br","twitter_card":"summary_large_image","twitter_creator":"@https:\/\/bsky.app\/profile\/gayblogbr.bsky.social","twitter_site":"@gayblogbr","twitter_misc":{"Escrito por":"www.gay.blog.br","Tiempo de lectura":"2 minutos"},"schema":{"@context":"https:\/\/schema.org","@graph":[{"@type":"Article","@id":"https:\/\/gay.blog.br\/es\/recreacion\/noche\/pabllo-vittar-realiza-un-espectaculo-filantropico-precarnaval-en-bauru-sp\/#article","isPartOf":{"@id":"https:\/\/gay.blog.br\/es\/recreacion\/noche\/pabllo-vittar-realiza-un-espectaculo-filantropico-precarnaval-en-bauru-sp\/"},"author":{"name":"www.gay.blog.br","@id":"https:\/\/gay.blog.br\/es\/#\/schema\/person\/ab4bce68ee54b8f4af5c174efe7472e5"},"headline":"Pabllo Vittar realiza un espect\u00e1culo filantr\u00f3pico precarnaval en Bauru (SP)","datePublished":"2020-02-07T18:58:45+00:00","dateModified":"2021-01-23T00:55:18+00:00","mainEntityOfPage":{"@id":"https:\/\/gay.blog.br\/es\/recreacion\/noche\/pabllo-vittar-realiza-un-espectaculo-filantropico-precarnaval-en-bauru-sp\/"},"wordCount":344,"commentCount":0,"publisher":{"@id":"https:\/\/gay.blog.br\/es\/#organization"},"image":{"@id":"https:\/\/gay.blog.br\/es\/recreacion\/noche\/pabllo-vittar-realiza-un-espectaculo-filantropico-precarnaval-en-bauru-sp\/#primaryimage"},"thumbnailUrl":"https:\/\/i0.wp.com\/gay.blog.br\/wp-content\/uploads\/2020\/02\/Pabllo-Vittar.jpg?fit=813%2C499&ssl=1","keywords":["bauru","Carna Pabllo","CarnaPabllo","pabllo vittar","Producciones de laboratorio","show"],"articleSection":["CONCIERTOS","NOCHE","RECREACI\u00d3N"],"inLanguage":"es","potentialAction":[{"@type":"CommentAction","name":"Comment","target":["https:\/\/gay.blog.br\/es\/recreacion\/noche\/pabllo-vittar-realiza-un-espectaculo-filantropico-precarnaval-en-bauru-sp\/#respond"]}]},{"@type":"WebPage","@id":"https:\/\/gay.blog.br\/es\/recreacion\/noche\/pabllo-vittar-realiza-un-espectaculo-filantropico-precarnaval-en-bauru-sp\/","url":"https:\/\/gay.blog.br\/es\/recreacion\/noche\/pabllo-vittar-realiza-un-espectaculo-filantropico-precarnaval-en-bauru-sp\/","name":"Pabllo Vittar realiza un espect\u00e1culo filantr\u00f3pico precarnaval en Bauru (SP)","isPartOf":{"@id":"https:\/\/gay.blog.br\/es\/#website"},"primaryImageOfPage":{"@id":"https:\/\/gay.blog.br\/es\/recreacion\/noche\/pabllo-vittar-realiza-un-espectaculo-filantropico-precarnaval-en-bauru-sp\/#primaryimage"},"image":{"@id":"https:\/\/gay.blog.br\/es\/recreacion\/noche\/pabllo-vittar-realiza-un-espectaculo-filantropico-precarnaval-en-bauru-sp\/#primaryimage"},"thumbnailUrl":"https:\/\/i0.wp.com\/gay.blog.br\/wp-content\/uploads\/2020\/02\/Pabllo-Vittar.jpg?fit=813%2C499&ssl=1","datePublished":"2020-02-07T18:58:45+00:00","dateModified":"2021-01-23T00:55:18+00:00","description":"CarnaPabllo tambi\u00e9n hab\u00eda premiado a los vittarlovers con los trajes m\u00e1s originales; los ganadores podr\u00e1n encontrarse con Pabllo en el vestuario","breadcrumb":{"@id":"https:\/\/gay.blog.br\/es\/recreacion\/noche\/pabllo-vittar-realiza-un-espectaculo-filantropico-precarnaval-en-bauru-sp\/#breadcrumb"},"inLanguage":"es","potentialAction":[{"@type":"ReadAction","target":["https:\/\/gay.blog.br\/es\/recreacion\/noche\/pabllo-vittar-realiza-un-espectaculo-filantropico-precarnaval-en-bauru-sp\/"]}]},{"@type":"ImageObject","inLanguage":"es","@id":"https:\/\/gay.blog.br\/es\/recreacion\/noche\/pabllo-vittar-realiza-un-espectaculo-filantropico-precarnaval-en-bauru-sp\/#primaryimage","url":"https:\/\/i0.wp.com\/gay.blog.br\/wp-content\/uploads\/2020\/02\/Pabllo-Vittar.jpg?fit=813%2C499&ssl=1","contentUrl":"https:\/\/i0.wp.com\/gay.blog.br\/wp-content\/uploads\/2020\/02\/Pabllo-Vittar.jpg?fit=813%2C499&ssl=1","width":813,"height":499,"caption":"Foto: Reprodu\u00e7\u00e3o"},{"@type":"BreadcrumbList","@id":"https:\/\/gay.blog.br\/es\/recreacion\/noche\/pabllo-vittar-realiza-un-espectaculo-filantropico-precarnaval-en-bauru-sp\/#breadcrumb","itemListElement":[{"@type":"ListItem","position":1,"name":"In\u00edcio","item":"https:\/\/gay.blog.br\/es\/"},{"@type":"ListItem","position":2,"name":"Pabllo Vittar realiza un espect\u00e1culo filantr\u00f3pico precarnaval en Bauru (SP)"}]},{"@type":"WebSite","@id":"https:\/\/gay.blog.br\/es\/#website","url":"https:\/\/gay.blog.br\/es\/","name":"GAY BLOG BR @gayblogbr","description":"Not\u00edcias que empoderam e\/ou entret\u00eam s\u00e3o especialidades da casa","publisher":{"@id":"https:\/\/gay.blog.br\/es\/#organization"},"potentialAction":[{"@type":"SearchAction","target":{"@type":"EntryPoint","urlTemplate":"https:\/\/gay.blog.br\/es\/?s={search_term_string}"},"query-input":{"@type":"PropertyValueSpecification","valueRequired":true,"valueName":"search_term_string"}}],"inLanguage":"es"},{"@type":"Organization","@id":"https:\/\/gay.blog.br\/es\/#organization","name":"GAY BLOG BR","url":"https:\/\/gay.blog.br\/es\/","logo":{"@type":"ImageObject","inLanguage":"es","@id":"https:\/\/gay.blog.br\/es\/#\/schema\/logo\/image\/","url":"https:\/\/i0.wp.com\/gay.blog.br\/wp-content\/uploads\/2023\/08\/gay180px.png?fit=272%2C90&ssl=1","contentUrl":"https:\/\/i0.wp.com\/gay.blog.br\/wp-content\/uploads\/2023\/08\/gay180px.png?fit=272%2C90&ssl=1","width":272,"height":90,"caption":"GAY BLOG BR"},"image":{"@id":"https:\/\/gay.blog.br\/es\/#\/schema\/logo\/image\/"},"sameAs":["https:\/\/facebook.com\/gayblogbr","https:\/\/x.com\/gayblogbr","https:\/\/instagram.com\/gayblogbr","https:\/\/www.linkedin.com\/company\/gayblogbr\/","https:\/\/br.pinterest.com\/gayblogbr\/","https:\/\/www.youtube.com\/channel\/UCdEu3JXLOB-wvWAVUF4AIiA","https:\/\/pt.wikipedia.org\/wiki\/Gay_Blog_Br","https:\/\/www.threads.net\/@gayblogbr"]},{"@type":"Person","@id":"https:\/\/gay.blog.br\/es\/#\/schema\/person\/ab4bce68ee54b8f4af5c174efe7472e5","name":"www.gay.blog.br","image":{"@type":"ImageObject","inLanguage":"es","@id":"https:\/\/secure.gravatar.com\/avatar\/a6fb6bf5c84cdaa375389c43448e2bb88db4600d8fc5be6c42a410789075740f?s=96&d=mm&r=g","url":"https:\/\/secure.gravatar.com\/avatar\/a6fb6bf5c84cdaa375389c43448e2bb88db4600d8fc5be6c42a410789075740f?s=96&d=mm&r=g","contentUrl":"https:\/\/secure.gravatar.com\/avatar\/a6fb6bf5c84cdaa375389c43448e2bb88db4600d8fc5be6c42a410789075740f?s=96&d=mm&r=g","caption":"www.gay.blog.br"},"description":"Receba as not\u00edcias pelo Telegram!","sameAs":["https:\/\/facebook.com\/gayblogbr","https:\/\/instagram.com\/gayblogbr","https:\/\/www.linkedin.com\/company\/gayblogbr\/","https:\/\/pinterest.com\/gayblogbr\/","https:\/\/x.com\/https:\/\/bsky.app\/profile\/gayblogbr.bsky.social","https:\/\/www.youtube.com\/@GAYBLOGBR","https:\/\/pt.wikipedia.org\/wiki\/Gay_Blog_Br"],"url":"https:\/\/gay.blog.br\/es\/author\/oaudaznavegante\/"}]}},"jetpack_publicize_connections":[],"jetpack_featured_media_url":"https:\/\/i0.wp.com\/gay.blog.br\/wp-content\/uploads\/2020\/02\/Pabllo-Vittar.jpg?fit=813%2C499&ssl=1","jetpack_sharing_enabled":true,"jetpack_shortlink":"https:\/\/wp.me\/p6klkK-s4f","jetpack_likes_enabled":false,"amp_enabled":true,"_links":{"self":[{"href":"https:\/\/gay.blog.br\/es\/wp-json\/wp\/v2\/posts\/107895","targetHints":{"allow":["GET"]}}],"collection":[{"href":"https:\/\/gay.blog.br\/es\/wp-json\/wp\/v2\/posts"}],"about":[{"href":"https:\/\/gay.blog.br\/es\/wp-json\/wp\/v2\/types\/post"}],"author":[{"embeddable":true,"href":"https:\/\/gay.blog.br\/es\/wp-json\/wp\/v2\/users\/2"}],"replies":[{"embeddable":true,"href":"https:\/\/gay.blog.br\/es\/wp-json\/wp\/v2\/comments?post=107895"}],"version-history":[{"count":0,"href":"https:\/\/gay.blog.br\/es\/wp-json\/wp\/v2\/posts\/107895\/revisions"}],"wp:featuredmedia":[{"embeddable":true,"href":"https:\/\/gay.blog.br\/es\/wp-json\/wp\/v2\/media\/78341"}],"wp:attachment":[{"href":"https:\/\/gay.blog.br\/es\/wp-json\/wp\/v2\/media?parent=107895"}],"wp:term":[{"taxonomy":"category","embeddable":true,"href":"https:\/\/gay.blog.br\/es\/wp-json\/wp\/v2\/categories?post=107895"},{"taxonomy":"post_tag","embeddable":true,"href":"https:\/\/gay.blog.br\/es\/wp-json\/wp\/v2\/tags?post=107895"}],"curies":[{"name":"wp","href":"https:\/\/api.w.org\/{rel}","templated":true}]}}