{"id":107916,"date":"2020-02-17T17:02:16","date_gmt":"2020-02-17T20:02:16","guid":{"rendered":"https:\/\/gay.blog.br\/?p=107916"},"modified":"2021-03-17T23:29:21","modified_gmt":"2021-03-18T02:29:21","slug":"jesuita-barbosa-es-elegido-poc-del-ano-por-votacion-popular-en-los-poc-awards-2019","status":"publish","type":"post","link":"https:\/\/gay.blog.br\/es\/poc-awards-es\/jesuita-barbosa-es-elegido-poc-del-ano-por-votacion-popular-en-los-poc-awards-2019\/","title":{"rendered":"Jesu\u00edta Barbosa es elegido \u00abPoc del A\u00f1o\u00bb por votaci\u00f3n popular en los Poc Awards 2019"},"content":{"rendered":"<p style=\"text-align: justify;\">Con el 43% de los votos, el actor <strong>Jesu\u00edta Barbosa<\/strong> fue elegido por el p\u00fablico como \u00ab<strong>Poc del Ano<\/strong>\u00bb en los <a href=\"http:\/\/bit.ly\/examepoc\"><strong>Poc Awards.<\/strong><\/a> Los nominados en esta categor\u00eda hicieron el <em>la salida del armario<\/em> o tuvieron una representaci\u00f3n LGBT+ significativa en el 2019: <strong>Jesu\u00edta Barbosa<\/strong>, en <a href=\"https:\/\/gay.blog.br\/gay\/jesuita-barbosa-se-for-em-funcao-da-comunidade-pode-escrever-ai-por-favor-sou-viado\/\">entrevista para Vogue<\/a>, dijo \u00ab<em>Si es por la comunidad, puedes escribir all\u00ed, por favor: soy maric\u00f3n<\/em>\u00ab; <a href=\"https:\/\/gay.blog.br\/cultura\/filmes-tv-e-series\/protagonista-malhacao-pedro-alves-bissexual\/\" target=\"_blank\" rel=\"nofollow noopener noreferrer\"><strong>Pedro Alves<\/strong><\/a>, en el apogeo de su carrera, no se dej\u00f3 intimidar por revelar su orientaci\u00f3n sexual; <a href=\"https:\/\/gay.blog.br\/sexualidade\/reynaldo-gianecchini-ja-tive-sim-romances-com-homens-e-acho-que-e-esse-o-momento-de-dizer-isso\/\" target=\"_blank\" rel=\"nofollow noopener noreferrer\"><strong>Reynaldo Gianecchini<\/strong><\/a><strong>,<\/strong>en su momento m\u00e1s seguro, habl\u00f3 abiertamente sobre su sexualidad y la periodista <a href=\"https:\/\/gay.blog.br\/gay\/jornalista-tarcis-duarte-rebate-comentario-homofobico-ao-vivaco\/\" target=\"_blank\" rel=\"nofollow noopener noreferrer\"><strong>Tarcis Duarte<\/strong><\/a> respondi\u00f3 un comentario homof\u00f3bico en vivo.<\/p>\n<figure id=\"attachment_35248\" aria-describedby=\"caption-attachment-35248\" style=\"width: 4028px\" class=\"wp-caption aligncenter\"><img data-recalc-dims=\"1\" loading=\"lazy\" decoding=\"async\" class=\"size-full wp-image-35248\" src=\"https:\/\/i0.wp.com\/gay.blog.br\/wp-content\/uploads\/2020\/02\/unnamed-3-1.jpg?resize=696%2C396&#038;ssl=1\" alt=\"poc awards\" width=\"696\" height=\"396\" srcset=\"https:\/\/i0.wp.com\/gay.blog.br\/wp-content\/uploads\/2020\/02\/unnamed-3-1.jpg?w=2560&amp;ssl=1 2560w, https:\/\/i0.wp.com\/gay.blog.br\/wp-content\/uploads\/2020\/02\/unnamed-3-1.jpg?resize=300%2C171&amp;ssl=1 300w, https:\/\/i0.wp.com\/gay.blog.br\/wp-content\/uploads\/2020\/02\/unnamed-3-1.jpg?resize=1024%2C583&amp;ssl=1 1024w, https:\/\/i0.wp.com\/gay.blog.br\/wp-content\/uploads\/2020\/02\/unnamed-3-1.jpg?resize=150%2C85&amp;ssl=1 150w, https:\/\/i0.wp.com\/gay.blog.br\/wp-content\/uploads\/2020\/02\/unnamed-3-1.jpg?resize=768%2C437&amp;ssl=1 768w, https:\/\/i0.wp.com\/gay.blog.br\/wp-content\/uploads\/2020\/02\/unnamed-3-1.jpg?resize=1536%2C874&amp;ssl=1 1536w, https:\/\/i0.wp.com\/gay.blog.br\/wp-content\/uploads\/2020\/02\/unnamed-3-1.jpg?resize=2048%2C1165&amp;ssl=1 2048w, https:\/\/i0.wp.com\/gay.blog.br\/wp-content\/uploads\/2020\/02\/unnamed-3-1.jpg?resize=696%2C396&amp;ssl=1 696w, https:\/\/i0.wp.com\/gay.blog.br\/wp-content\/uploads\/2020\/02\/unnamed-3-1.jpg?resize=1392%2C792&amp;ssl=1 1392w, https:\/\/i0.wp.com\/gay.blog.br\/wp-content\/uploads\/2020\/02\/unnamed-3-1.jpg?resize=1068%2C608&amp;ssl=1 1068w, https:\/\/i0.wp.com\/gay.blog.br\/wp-content\/uploads\/2020\/02\/unnamed-3-1.jpg?resize=1920%2C1093&amp;ssl=1 1920w, https:\/\/i0.wp.com\/gay.blog.br\/wp-content\/uploads\/2020\/02\/unnamed-3-1.jpg?resize=738%2C420&amp;ssl=1 738w, https:\/\/i0.wp.com\/gay.blog.br\/wp-content\/uploads\/2020\/02\/unnamed-3-1.jpg?resize=1476%2C840&amp;ssl=1 1476w\" sizes=\"auto, (max-width: 696px) 100vw, 696px\" \/><figcaption id=\"caption-attachment-35248\" class=\"wp-caption-text\">El Trofeo Poc del A\u00f1o 2019 fue para Jesu\u00edta Barbosa. Foto: Gay Blog Br<\/figcaption><\/figure>\n<p style=\"text-align: justify;\">En la <a href=\"https:\/\/gay.blog.br\/gay\/jesuita-barbosa-se-for-em-funcao-da-comunidade-pode-escrever-ai-por-favor-sou-viado\/\">entrevista<\/a>, realizada en agosto de 2019, Jesu\u00edta dijo que definir su orientaci\u00f3n sexual en una etiqueta es algo \u00ablimitante\u00bb:<\/p>\n<p style=\"text-align: justify;\"><em>\u00abNunca hablar\u00eda de sexualidad abiertamente si no fuera por provocaci\u00f3n o para abrir posibilidades. Nuestro intento de discutir estos temas todav\u00eda est\u00e1 en un lugar muy atrasado. Creo, por ejemplo, la idea de ponerme como un limitador o un limitador directo, son como dos cajas predefinidas<\/em> \u00ab- dijo.<\/p>\n<figure id=\"attachment_34643\" aria-describedby=\"caption-attachment-34643\" style=\"width: 920px\" class=\"wp-caption alignnone\"><img data-recalc-dims=\"1\" loading=\"lazy\" decoding=\"async\" class=\"size-full wp-image-34643\" src=\"https:\/\/i0.wp.com\/gay.blog.br\/wp-content\/uploads\/2020\/02\/Jesuita-Barbosa.jpg?resize=696%2C439&#038;ssl=1\" alt=\"Jesu\u00edta Barbosa no le gusta etiquetar su sexualidad (Foto: Reproducci\u00f3n)\" width=\"696\" height=\"439\" srcset=\"https:\/\/i0.wp.com\/gay.blog.br\/wp-content\/uploads\/2020\/02\/Jesuita-Barbosa.jpg?w=920&amp;ssl=1 920w, https:\/\/i0.wp.com\/gay.blog.br\/wp-content\/uploads\/2020\/02\/Jesuita-Barbosa.jpg?resize=300%2C189&amp;ssl=1 300w, https:\/\/i0.wp.com\/gay.blog.br\/wp-content\/uploads\/2020\/02\/Jesuita-Barbosa.jpg?resize=150%2C95&amp;ssl=1 150w, https:\/\/i0.wp.com\/gay.blog.br\/wp-content\/uploads\/2020\/02\/Jesuita-Barbosa.jpg?resize=768%2C484&amp;ssl=1 768w, https:\/\/i0.wp.com\/gay.blog.br\/wp-content\/uploads\/2020\/02\/Jesuita-Barbosa.jpg?resize=696%2C439&amp;ssl=1 696w, https:\/\/i0.wp.com\/gay.blog.br\/wp-content\/uploads\/2020\/02\/Jesuita-Barbosa.jpg?resize=666%2C420&amp;ssl=1 666w\" sizes=\"auto, (max-width: 696px) 100vw, 696px\" \/><figcaption id=\"caption-attachment-34643\" class=\"wp-caption-text\">Jesu\u00edta Barbosa no le gusta etiquetar su sexualidad (Foto: Reproducci\u00f3n)<\/figcaption><\/figure>\n<h3 style=\"text-align: justify;\"><strong>RELACIONES<\/strong><\/h3>\n<p style=\"text-align: justify;\">Bastante discreto sobre su vida privada, <strong>Jesu\u00edta Barbosa<\/strong> no es de exhibir sus romances. En una entrevista previa para la revista Veja, comenta sobre el tema.<\/p>\n<p style=\"text-align: justify;\"><em>\u201cHay gente que pone su vida personal en funci\u00f3n de algo y yo creo que eso es muy bonito, pero hablando de mi familia o con quien estoy, no. Soy libre y me quedo con quien quiera, sean hombres o mujeres. Prefiero no bloquearme \u00ab<\/em>, dijo.<\/p>\n<h3 style=\"text-align: justify;\"><strong>TRAYECTORIA<\/strong><\/h3>\n<figure id=\"attachment_34644\" aria-describedby=\"caption-attachment-34644\" style=\"width: 930px\" class=\"wp-caption alignnone\"><img data-recalc-dims=\"1\" loading=\"lazy\" decoding=\"async\" class=\"wp-image-34644 size-full\" src=\"https:\/\/i0.wp.com\/gay.blog.br\/wp-content\/uploads\/2020\/02\/shakira.jpg?resize=696%2C461&#038;ssl=1\" alt=\"\" width=\"696\" height=\"461\" srcset=\"https:\/\/i0.wp.com\/gay.blog.br\/wp-content\/uploads\/2020\/02\/shakira.jpg?w=930&amp;ssl=1 930w, https:\/\/i0.wp.com\/gay.blog.br\/wp-content\/uploads\/2020\/02\/shakira.jpg?resize=300%2C199&amp;ssl=1 300w, https:\/\/i0.wp.com\/gay.blog.br\/wp-content\/uploads\/2020\/02\/shakira.jpg?resize=150%2C99&amp;ssl=1 150w, https:\/\/i0.wp.com\/gay.blog.br\/wp-content\/uploads\/2020\/02\/shakira.jpg?resize=768%2C509&amp;ssl=1 768w, https:\/\/i0.wp.com\/gay.blog.br\/wp-content\/uploads\/2020\/02\/shakira.jpg?resize=696%2C461&amp;ssl=1 696w, https:\/\/i0.wp.com\/gay.blog.br\/wp-content\/uploads\/2020\/02\/shakira.jpg?resize=634%2C420&amp;ssl=1 634w\" sizes=\"auto, (max-width: 696px) 100vw, 696px\" \/><figcaption id=\"caption-attachment-34644\" class=\"wp-caption-text\">Uno de sus papeles destacados fue interpretar a la drag queen \u00abShakira\u00bb en la telenovela Onde Nascem os Fortes (Foto: Reproducci\u00f3n)<\/figcaption><\/figure>\n<p style=\"text-align: justify;\"><strong>Jesu\u00edta Barbosa<\/strong> naci\u00f3 en Salgueiro, en el Sert\u00e3o de Pernambuco, pero pas\u00f3 su infancia en Parnamirim, tambi\u00e9n en el interior de Pernambuco. A los 17 a\u00f1os se presenta a la prueba de acceso a la universidad de publicidad, pedagog\u00eda y licenciatura en teatro, siendo esta \u00faltima su elecci\u00f3n por vocaci\u00f3n.<\/p>\n<p style=\"text-align: justify;\">Sus primeros pasos como actor fueron en el ya mencionado colectivo \u00abAs Travestidas\u00bb en 2008, viajando con el grupo a varias ciudades del nordeste. En 2009 se incorpor\u00f3 a la compa\u00f1\u00eda Teatro do Improviso, debutando Rimprovisando, el primer espect\u00e1culo de improvisaci\u00f3n del nordeste.<\/p>\n<p style=\"text-align: justify;\">En 2012 debut\u00f3 en el cine con el cortometraje Dias em Cuba. Sin embargo, gan\u00f3 protagonismo cuando vivi\u00f3 el ej\u00e9rcito gay en Tattoo, de Hilton Lacerda, ganando el Trofeo Redentor al Mejor Actor en el Festival de R\u00edo 2013.<\/p>\n<p style=\"text-align: justify;\">En televisi\u00f3n trabaj\u00f3 en la telenovela O Rebu, Justi\u00e7a, y m\u00e1s recientemente en el verano de los 90, donde interpret\u00f3 al villano Jer\u00f4nimo Guerreiro. Tambi\u00e9n vivi\u00f3 la drag queen \u00abShakira\u00bb de Onde Nascem os Fortes, adem\u00e1s de haber participado en el video \u00abFlutua\u00bb, del cantante Johnny Hooker donde interpret\u00f3 un romance gay de la actualidad.<\/p>\n<p><span class=\"embed-youtube\" style=\"text-align:center; display: block;\"><iframe loading=\"lazy\" class=\"youtube-player\" width=\"696\" height=\"392\" src=\"https:\/\/www.youtube.com\/embed\/mYQd7HsvVtI?version=3&#038;rel=1&#038;showsearch=0&#038;showinfo=1&#038;iv_load_policy=1&#038;fs=1&#038;hl=es-ES&#038;autohide=2&#038;wmode=transparent\" allowfullscreen=\"true\" style=\"border:0;\" sandbox=\"allow-scripts allow-same-origin allow-popups allow-presentation allow-popups-to-escape-sandbox\"><\/iframe><\/span><\/p>\n","protected":false},"excerpt":{"rendered":"<p>Los nominados de la categor\u00eda \u00abPoc del a\u00f1o\u00bb hicieron la salida o tuvieron una expresiva representaci\u00f3n LGBT+ en los medios<\/p>\n","protected":false},"author":3515,"featured_media":78301,"comment_status":"open","ping_status":"open","sticky":false,"template":"","format":"standard","meta":{"googlesitekit_rrm_CAoiEBg-BXrJeACjO8p49SE4kTY:productID":"","tdm_status":"","tdm_grid_status":"","_jetpack_newsletter_access":"","_jetpack_dont_email_post_to_subs":false,"_jetpack_newsletter_tier_id":0,"_jetpack_memberships_contains_paywalled_content":false,"_jetpack_memberships_contains_paid_content":false,"footnotes":"","jetpack_publicize_message":"Jesu\u00edta Barbosa es elegido \"Poc del A\u00f1o\" por votaci\u00f3n popular en los Poc Awards 2019","jetpack_publicize_feature_enabled":true,"jetpack_social_post_already_shared":true,"jetpack_social_options":{"image_generator_settings":{"template":"highway","default_image_id":0,"font":"","enabled":false},"version":2},"_wpas_customize_per_network":false,"jetpack_post_was_ever_published":false},"categories":[589932144,589932271],"tags":[589935181,589936656,589936658,589936654,589933803,589935169,589936655,589936657],"class_list":{"0":"post-107916","1":"post","2":"type-post","3":"status-publish","4":"format-standard","5":"has-post-thumbnail","7":"category-gay-es","8":"category-poc-awards-es","9":"tag-bisexual","10":"tag-donde-nacen-los-fuertes","11":"tag-drag-shakira-es","12":"tag-jesuita-barbosa-es","13":"tag-no-binario","14":"tag-poc-awards-es","15":"tag-poc-del-ano","16":"tag-verano-90"},"yoast_head":"<!-- This site is optimized with the Yoast SEO plugin v27.4 - https:\/\/yoast.com\/product\/yoast-seo-wordpress\/ -->\n<title>Jesu\u00edta Barbosa es elegido &quot;Poc del A\u00f1o&quot; por votaci\u00f3n popular en los Poc Awards 2019<\/title>\n<meta name=\"description\" content=\"Los nominados de la categor\u00eda &quot;Poc del a\u00f1o&quot; que salieron del armario o tuvieron una expresiva representaci\u00f3n LGBT+ en los medios. Jesuita Barbosa fue elegido por el p\u00fablico\" \/>\n<meta name=\"robots\" content=\"index, follow, max-snippet:-1, max-image-preview:large, max-video-preview:-1\" \/>\n<link rel=\"canonical\" href=\"https:\/\/gay.blog.br\/es\/poc-awards-es\/jesuita-barbosa-es-elegido-poc-del-ano-por-votacion-popular-en-los-poc-awards-2019\/\" \/>\n<meta property=\"og:locale\" content=\"es_ES\" \/>\n<meta property=\"og:type\" content=\"article\" \/>\n<meta property=\"og:title\" content=\"Jesu\u00edta Barbosa es elegido &quot;Poc del A\u00f1o&quot; por votaci\u00f3n popular en los Poc Awards 2019\" \/>\n<meta property=\"og:description\" content=\"Los nominados de la categor\u00eda &quot;Poc del a\u00f1o&quot; que salieron del armario o tuvieron una expresiva representaci\u00f3n LGBT+ en los medios. Jesuita Barbosa fue elegido por el p\u00fablico\" \/>\n<meta property=\"og:url\" content=\"https:\/\/gay.blog.br\/es\/poc-awards-es\/jesuita-barbosa-es-elegido-poc-del-ano-por-votacion-popular-en-los-poc-awards-2019\/\" \/>\n<meta property=\"og:site_name\" content=\"GAY BLOG BR @gayblogbr\" \/>\n<meta property=\"article:publisher\" content=\"https:\/\/facebook.com\/gayblogbr\" \/>\n<meta property=\"article:author\" content=\"https:\/\/www.facebook.com\/victormillerreal\" \/>\n<meta property=\"article:published_time\" content=\"2020-02-17T20:02:16+00:00\" \/>\n<meta property=\"article:modified_time\" content=\"2021-03-18T02:29:21+00:00\" \/>\n<meta property=\"og:image\" content=\"https:\/\/i0.wp.com\/gay.blog.br\/wp-content\/uploads\/2020\/02\/Jesuita-Barbosa.jpg?fit=920%2C580&ssl=1\" \/>\n\t<meta property=\"og:image:width\" content=\"920\" \/>\n\t<meta property=\"og:image:height\" content=\"580\" \/>\n\t<meta property=\"og:image:type\" content=\"image\/jpeg\" \/>\n<meta name=\"author\" content=\"Victor Miller\" \/>\n<meta name=\"twitter:card\" content=\"summary_large_image\" \/>\n<meta name=\"twitter:creator\" content=\"@https:\/\/twitter.com\/victor_miller\" \/>\n<meta name=\"twitter:site\" content=\"@gayblogbr\" \/>\n<meta name=\"twitter:label1\" content=\"Escrito por\" \/>\n\t<meta name=\"twitter:data1\" content=\"Victor Miller\" \/>\n\t<meta name=\"twitter:label2\" content=\"Tiempo de lectura\" \/>\n\t<meta name=\"twitter:data2\" content=\"3 minutos\" \/>\n<script type=\"application\/ld+json\" class=\"yoast-schema-graph\">{\"@context\":\"https:\\\/\\\/schema.org\",\"@graph\":[{\"@type\":\"Article\",\"@id\":\"https:\\\/\\\/gay.blog.br\\\/es\\\/poc-awards-es\\\/jesuita-barbosa-es-elegido-poc-del-ano-por-votacion-popular-en-los-poc-awards-2019\\\/#article\",\"isPartOf\":{\"@id\":\"https:\\\/\\\/gay.blog.br\\\/es\\\/poc-awards-es\\\/jesuita-barbosa-es-elegido-poc-del-ano-por-votacion-popular-en-los-poc-awards-2019\\\/\"},\"author\":{\"name\":\"Victor Miller\",\"@id\":\"https:\\\/\\\/gay.blog.br\\\/es\\\/#\\\/schema\\\/person\\\/5e0cf06e5d5e166b6afeaefc7fc56d9d\"},\"headline\":\"Jesu\u00edta Barbosa es elegido \u00abPoc del A\u00f1o\u00bb por votaci\u00f3n popular en los Poc Awards 2019\",\"datePublished\":\"2020-02-17T20:02:16+00:00\",\"dateModified\":\"2021-03-18T02:29:21+00:00\",\"mainEntityOfPage\":{\"@id\":\"https:\\\/\\\/gay.blog.br\\\/es\\\/poc-awards-es\\\/jesuita-barbosa-es-elegido-poc-del-ano-por-votacion-popular-en-los-poc-awards-2019\\\/\"},\"wordCount\":551,\"commentCount\":0,\"publisher\":{\"@id\":\"https:\\\/\\\/gay.blog.br\\\/es\\\/#organization\"},\"image\":{\"@id\":\"https:\\\/\\\/gay.blog.br\\\/es\\\/poc-awards-es\\\/jesuita-barbosa-es-elegido-poc-del-ano-por-votacion-popular-en-los-poc-awards-2019\\\/#primaryimage\"},\"thumbnailUrl\":\"https:\\\/\\\/i0.wp.com\\\/gay.blog.br\\\/wp-content\\\/uploads\\\/2020\\\/02\\\/Jesuita-Barbosa.jpg?fit=920%2C580&ssl=1\",\"keywords\":[\"bisexual\",\"donde nacen los fuertes\",\"drag shakira\",\"jesu\u00edta barbosa\",\"no binario\",\"poc awards\",\"poc del a\u00f1o\",\"verano 90\"],\"articleSection\":[\"GAY\",\"POC AWARDS\"],\"inLanguage\":\"es\",\"potentialAction\":[{\"@type\":\"CommentAction\",\"name\":\"Comment\",\"target\":[\"https:\\\/\\\/gay.blog.br\\\/es\\\/poc-awards-es\\\/jesuita-barbosa-es-elegido-poc-del-ano-por-votacion-popular-en-los-poc-awards-2019\\\/#respond\"]}]},{\"@type\":\"WebPage\",\"@id\":\"https:\\\/\\\/gay.blog.br\\\/es\\\/poc-awards-es\\\/jesuita-barbosa-es-elegido-poc-del-ano-por-votacion-popular-en-los-poc-awards-2019\\\/\",\"url\":\"https:\\\/\\\/gay.blog.br\\\/es\\\/poc-awards-es\\\/jesuita-barbosa-es-elegido-poc-del-ano-por-votacion-popular-en-los-poc-awards-2019\\\/\",\"name\":\"Jesu\u00edta Barbosa es elegido \\\"Poc del A\u00f1o\\\" por votaci\u00f3n popular en los Poc Awards 2019\",\"isPartOf\":{\"@id\":\"https:\\\/\\\/gay.blog.br\\\/es\\\/#website\"},\"primaryImageOfPage\":{\"@id\":\"https:\\\/\\\/gay.blog.br\\\/es\\\/poc-awards-es\\\/jesuita-barbosa-es-elegido-poc-del-ano-por-votacion-popular-en-los-poc-awards-2019\\\/#primaryimage\"},\"image\":{\"@id\":\"https:\\\/\\\/gay.blog.br\\\/es\\\/poc-awards-es\\\/jesuita-barbosa-es-elegido-poc-del-ano-por-votacion-popular-en-los-poc-awards-2019\\\/#primaryimage\"},\"thumbnailUrl\":\"https:\\\/\\\/i0.wp.com\\\/gay.blog.br\\\/wp-content\\\/uploads\\\/2020\\\/02\\\/Jesuita-Barbosa.jpg?fit=920%2C580&ssl=1\",\"datePublished\":\"2020-02-17T20:02:16+00:00\",\"dateModified\":\"2021-03-18T02:29:21+00:00\",\"description\":\"Los nominados de la categor\u00eda \\\"Poc del a\u00f1o\\\" que salieron del armario o tuvieron una expresiva representaci\u00f3n LGBT+ en los medios. Jesuita Barbosa fue elegido por el p\u00fablico\",\"breadcrumb\":{\"@id\":\"https:\\\/\\\/gay.blog.br\\\/es\\\/poc-awards-es\\\/jesuita-barbosa-es-elegido-poc-del-ano-por-votacion-popular-en-los-poc-awards-2019\\\/#breadcrumb\"},\"inLanguage\":\"es\",\"potentialAction\":[{\"@type\":\"ReadAction\",\"target\":[\"https:\\\/\\\/gay.blog.br\\\/es\\\/poc-awards-es\\\/jesuita-barbosa-es-elegido-poc-del-ano-por-votacion-popular-en-los-poc-awards-2019\\\/\"]}]},{\"@type\":\"ImageObject\",\"inLanguage\":\"es\",\"@id\":\"https:\\\/\\\/gay.blog.br\\\/es\\\/poc-awards-es\\\/jesuita-barbosa-es-elegido-poc-del-ano-por-votacion-popular-en-los-poc-awards-2019\\\/#primaryimage\",\"url\":\"https:\\\/\\\/i0.wp.com\\\/gay.blog.br\\\/wp-content\\\/uploads\\\/2020\\\/02\\\/Jesuita-Barbosa.jpg?fit=920%2C580&ssl=1\",\"contentUrl\":\"https:\\\/\\\/i0.wp.com\\\/gay.blog.br\\\/wp-content\\\/uploads\\\/2020\\\/02\\\/Jesuita-Barbosa.jpg?fit=920%2C580&ssl=1\",\"width\":920,\"height\":580,\"caption\":\"Jesu\u00edta Barbosa n\u00e3o gosta de rotular sua sexualidade (Foto: Reprodu\u00e7\u00e3o)\"},{\"@type\":\"BreadcrumbList\",\"@id\":\"https:\\\/\\\/gay.blog.br\\\/es\\\/poc-awards-es\\\/jesuita-barbosa-es-elegido-poc-del-ano-por-votacion-popular-en-los-poc-awards-2019\\\/#breadcrumb\",\"itemListElement\":[{\"@type\":\"ListItem\",\"position\":1,\"name\":\"In\u00edcio\",\"item\":\"https:\\\/\\\/gay.blog.br\\\/es\\\/\"},{\"@type\":\"ListItem\",\"position\":2,\"name\":\"Jesu\u00edta Barbosa es elegido \u00abPoc del A\u00f1o\u00bb por votaci\u00f3n popular en los Poc Awards 2019\"}]},{\"@type\":\"WebSite\",\"@id\":\"https:\\\/\\\/gay.blog.br\\\/es\\\/#website\",\"url\":\"https:\\\/\\\/gay.blog.br\\\/es\\\/\",\"name\":\"GAY BLOG BR @gayblogbr\",\"description\":\"Not\u00edcias que empoderam e\\\/ou entret\u00eam s\u00e3o especialidades da casa\",\"publisher\":{\"@id\":\"https:\\\/\\\/gay.blog.br\\\/es\\\/#organization\"},\"potentialAction\":[{\"@type\":\"SearchAction\",\"target\":{\"@type\":\"EntryPoint\",\"urlTemplate\":\"https:\\\/\\\/gay.blog.br\\\/es\\\/?s={search_term_string}\"},\"query-input\":{\"@type\":\"PropertyValueSpecification\",\"valueRequired\":true,\"valueName\":\"search_term_string\"}}],\"inLanguage\":\"es\"},{\"@type\":\"Organization\",\"@id\":\"https:\\\/\\\/gay.blog.br\\\/es\\\/#organization\",\"name\":\"GAY BLOG BR\",\"url\":\"https:\\\/\\\/gay.blog.br\\\/es\\\/\",\"logo\":{\"@type\":\"ImageObject\",\"inLanguage\":\"es\",\"@id\":\"https:\\\/\\\/gay.blog.br\\\/es\\\/#\\\/schema\\\/logo\\\/image\\\/\",\"url\":\"https:\\\/\\\/i0.wp.com\\\/gay.blog.br\\\/wp-content\\\/uploads\\\/2023\\\/08\\\/gay180px.png?fit=272%2C90&ssl=1\",\"contentUrl\":\"https:\\\/\\\/i0.wp.com\\\/gay.blog.br\\\/wp-content\\\/uploads\\\/2023\\\/08\\\/gay180px.png?fit=272%2C90&ssl=1\",\"width\":272,\"height\":90,\"caption\":\"GAY BLOG BR\"},\"image\":{\"@id\":\"https:\\\/\\\/gay.blog.br\\\/es\\\/#\\\/schema\\\/logo\\\/image\\\/\"},\"sameAs\":[\"https:\\\/\\\/facebook.com\\\/gayblogbr\",\"https:\\\/\\\/x.com\\\/gayblogbr\",\"https:\\\/\\\/instagram.com\\\/gayblogbr\",\"https:\\\/\\\/www.linkedin.com\\\/company\\\/gayblogbr\\\/\",\"https:\\\/\\\/br.pinterest.com\\\/gayblogbr\\\/\",\"https:\\\/\\\/www.youtube.com\\\/channel\\\/UCdEu3JXLOB-wvWAVUF4AIiA\",\"https:\\\/\\\/pt.wikipedia.org\\\/wiki\\\/Gay_Blog_Br\",\"https:\\\/\\\/www.threads.net\\\/@gayblogbr\"]},{\"@type\":\"Person\",\"@id\":\"https:\\\/\\\/gay.blog.br\\\/es\\\/#\\\/schema\\\/person\\\/5e0cf06e5d5e166b6afeaefc7fc56d9d\",\"name\":\"Victor Miller\",\"image\":{\"@type\":\"ImageObject\",\"inLanguage\":\"es\",\"@id\":\"https:\\\/\\\/secure.gravatar.com\\\/avatar\\\/7c1fad0dcba879f76a2e6b9189cea981c8fcb9c7e6f40d5903cf16ba29cb80b5?s=96&d=mm&r=g\",\"url\":\"https:\\\/\\\/secure.gravatar.com\\\/avatar\\\/7c1fad0dcba879f76a2e6b9189cea981c8fcb9c7e6f40d5903cf16ba29cb80b5?s=96&d=mm&r=g\",\"contentUrl\":\"https:\\\/\\\/secure.gravatar.com\\\/avatar\\\/7c1fad0dcba879f76a2e6b9189cea981c8fcb9c7e6f40d5903cf16ba29cb80b5?s=96&d=mm&r=g\",\"caption\":\"Victor Miller\"},\"description\":\"Jornalista formado pela PUC do Rio de Janeiro, dedicou sua vida a falar sobre cultura nerd\\\/geek. Gay desde que se entende por gente, sempre teve desejo de trabalhar com o p\u00fablico LGBT+ e cr\u00ea que a informa\u00e7\u00e3o \u00e9 a a melhor arma contra qualquer tipo de \\\"fobia\\\"\",\"sameAs\":[\"https:\\\/\\\/gay.blog.br\\\/author\\\/victormiller\\\/\",\"https:\\\/\\\/www.facebook.com\\\/victormillerreal\",\"https:\\\/\\\/instagram.com\\\/victormillermiranda\",\"https:\\\/\\\/www.linkedin.com\\\/in\\\/victor-miller-266b54a7\\\/\",\"https:\\\/\\\/x.com\\\/https:\\\/\\\/twitter.com\\\/victor_miller\",\"https:\\\/\\\/www.youtube.com\\\/user\\\/planetasonic\"],\"url\":\"https:\\\/\\\/gay.blog.br\\\/es\\\/author\\\/victormiller\\\/\"}]}<\/script>\n<!-- \/ Yoast SEO plugin. -->","yoast_head_json":{"title":"Jesu\u00edta Barbosa es elegido \"Poc del A\u00f1o\" por votaci\u00f3n popular en los Poc Awards 2019","description":"Los nominados de la categor\u00eda \"Poc del a\u00f1o\" que salieron del armario o tuvieron una expresiva representaci\u00f3n LGBT+ en los medios. Jesuita Barbosa fue elegido por el p\u00fablico","robots":{"index":"index","follow":"follow","max-snippet":"max-snippet:-1","max-image-preview":"max-image-preview:large","max-video-preview":"max-video-preview:-1"},"canonical":"https:\/\/gay.blog.br\/es\/poc-awards-es\/jesuita-barbosa-es-elegido-poc-del-ano-por-votacion-popular-en-los-poc-awards-2019\/","og_locale":"es_ES","og_type":"article","og_title":"Jesu\u00edta Barbosa es elegido \"Poc del A\u00f1o\" por votaci\u00f3n popular en los Poc Awards 2019","og_description":"Los nominados de la categor\u00eda \"Poc del a\u00f1o\" que salieron del armario o tuvieron una expresiva representaci\u00f3n LGBT+ en los medios. Jesuita Barbosa fue elegido por el p\u00fablico","og_url":"https:\/\/gay.blog.br\/es\/poc-awards-es\/jesuita-barbosa-es-elegido-poc-del-ano-por-votacion-popular-en-los-poc-awards-2019\/","og_site_name":"GAY BLOG BR @gayblogbr","article_publisher":"https:\/\/facebook.com\/gayblogbr","article_author":"https:\/\/www.facebook.com\/victormillerreal","article_published_time":"2020-02-17T20:02:16+00:00","article_modified_time":"2021-03-18T02:29:21+00:00","og_image":[{"width":920,"height":580,"url":"https:\/\/i0.wp.com\/gay.blog.br\/wp-content\/uploads\/2020\/02\/Jesuita-Barbosa.jpg?fit=920%2C580&ssl=1","type":"image\/jpeg"}],"author":"Victor Miller","twitter_card":"summary_large_image","twitter_creator":"@https:\/\/twitter.com\/victor_miller","twitter_site":"@gayblogbr","twitter_misc":{"Escrito por":"Victor Miller","Tiempo de lectura":"3 minutos"},"schema":{"@context":"https:\/\/schema.org","@graph":[{"@type":"Article","@id":"https:\/\/gay.blog.br\/es\/poc-awards-es\/jesuita-barbosa-es-elegido-poc-del-ano-por-votacion-popular-en-los-poc-awards-2019\/#article","isPartOf":{"@id":"https:\/\/gay.blog.br\/es\/poc-awards-es\/jesuita-barbosa-es-elegido-poc-del-ano-por-votacion-popular-en-los-poc-awards-2019\/"},"author":{"name":"Victor Miller","@id":"https:\/\/gay.blog.br\/es\/#\/schema\/person\/5e0cf06e5d5e166b6afeaefc7fc56d9d"},"headline":"Jesu\u00edta Barbosa es elegido \u00abPoc del A\u00f1o\u00bb por votaci\u00f3n popular en los Poc Awards 2019","datePublished":"2020-02-17T20:02:16+00:00","dateModified":"2021-03-18T02:29:21+00:00","mainEntityOfPage":{"@id":"https:\/\/gay.blog.br\/es\/poc-awards-es\/jesuita-barbosa-es-elegido-poc-del-ano-por-votacion-popular-en-los-poc-awards-2019\/"},"wordCount":551,"commentCount":0,"publisher":{"@id":"https:\/\/gay.blog.br\/es\/#organization"},"image":{"@id":"https:\/\/gay.blog.br\/es\/poc-awards-es\/jesuita-barbosa-es-elegido-poc-del-ano-por-votacion-popular-en-los-poc-awards-2019\/#primaryimage"},"thumbnailUrl":"https:\/\/i0.wp.com\/gay.blog.br\/wp-content\/uploads\/2020\/02\/Jesuita-Barbosa.jpg?fit=920%2C580&ssl=1","keywords":["bisexual","donde nacen los fuertes","drag shakira","jesu\u00edta barbosa","no binario","poc awards","poc del a\u00f1o","verano 90"],"articleSection":["GAY","POC AWARDS"],"inLanguage":"es","potentialAction":[{"@type":"CommentAction","name":"Comment","target":["https:\/\/gay.blog.br\/es\/poc-awards-es\/jesuita-barbosa-es-elegido-poc-del-ano-por-votacion-popular-en-los-poc-awards-2019\/#respond"]}]},{"@type":"WebPage","@id":"https:\/\/gay.blog.br\/es\/poc-awards-es\/jesuita-barbosa-es-elegido-poc-del-ano-por-votacion-popular-en-los-poc-awards-2019\/","url":"https:\/\/gay.blog.br\/es\/poc-awards-es\/jesuita-barbosa-es-elegido-poc-del-ano-por-votacion-popular-en-los-poc-awards-2019\/","name":"Jesu\u00edta Barbosa es elegido \"Poc del A\u00f1o\" por votaci\u00f3n popular en los Poc Awards 2019","isPartOf":{"@id":"https:\/\/gay.blog.br\/es\/#website"},"primaryImageOfPage":{"@id":"https:\/\/gay.blog.br\/es\/poc-awards-es\/jesuita-barbosa-es-elegido-poc-del-ano-por-votacion-popular-en-los-poc-awards-2019\/#primaryimage"},"image":{"@id":"https:\/\/gay.blog.br\/es\/poc-awards-es\/jesuita-barbosa-es-elegido-poc-del-ano-por-votacion-popular-en-los-poc-awards-2019\/#primaryimage"},"thumbnailUrl":"https:\/\/i0.wp.com\/gay.blog.br\/wp-content\/uploads\/2020\/02\/Jesuita-Barbosa.jpg?fit=920%2C580&ssl=1","datePublished":"2020-02-17T20:02:16+00:00","dateModified":"2021-03-18T02:29:21+00:00","description":"Los nominados de la categor\u00eda \"Poc del a\u00f1o\" que salieron del armario o tuvieron una expresiva representaci\u00f3n LGBT+ en los medios. Jesuita Barbosa fue elegido por el p\u00fablico","breadcrumb":{"@id":"https:\/\/gay.blog.br\/es\/poc-awards-es\/jesuita-barbosa-es-elegido-poc-del-ano-por-votacion-popular-en-los-poc-awards-2019\/#breadcrumb"},"inLanguage":"es","potentialAction":[{"@type":"ReadAction","target":["https:\/\/gay.blog.br\/es\/poc-awards-es\/jesuita-barbosa-es-elegido-poc-del-ano-por-votacion-popular-en-los-poc-awards-2019\/"]}]},{"@type":"ImageObject","inLanguage":"es","@id":"https:\/\/gay.blog.br\/es\/poc-awards-es\/jesuita-barbosa-es-elegido-poc-del-ano-por-votacion-popular-en-los-poc-awards-2019\/#primaryimage","url":"https:\/\/i0.wp.com\/gay.blog.br\/wp-content\/uploads\/2020\/02\/Jesuita-Barbosa.jpg?fit=920%2C580&ssl=1","contentUrl":"https:\/\/i0.wp.com\/gay.blog.br\/wp-content\/uploads\/2020\/02\/Jesuita-Barbosa.jpg?fit=920%2C580&ssl=1","width":920,"height":580,"caption":"Jesu\u00edta Barbosa n\u00e3o gosta de rotular sua sexualidade (Foto: Reprodu\u00e7\u00e3o)"},{"@type":"BreadcrumbList","@id":"https:\/\/gay.blog.br\/es\/poc-awards-es\/jesuita-barbosa-es-elegido-poc-del-ano-por-votacion-popular-en-los-poc-awards-2019\/#breadcrumb","itemListElement":[{"@type":"ListItem","position":1,"name":"In\u00edcio","item":"https:\/\/gay.blog.br\/es\/"},{"@type":"ListItem","position":2,"name":"Jesu\u00edta Barbosa es elegido \u00abPoc del A\u00f1o\u00bb por votaci\u00f3n popular en los Poc Awards 2019"}]},{"@type":"WebSite","@id":"https:\/\/gay.blog.br\/es\/#website","url":"https:\/\/gay.blog.br\/es\/","name":"GAY BLOG BR @gayblogbr","description":"Not\u00edcias que empoderam e\/ou entret\u00eam s\u00e3o especialidades da casa","publisher":{"@id":"https:\/\/gay.blog.br\/es\/#organization"},"potentialAction":[{"@type":"SearchAction","target":{"@type":"EntryPoint","urlTemplate":"https:\/\/gay.blog.br\/es\/?s={search_term_string}"},"query-input":{"@type":"PropertyValueSpecification","valueRequired":true,"valueName":"search_term_string"}}],"inLanguage":"es"},{"@type":"Organization","@id":"https:\/\/gay.blog.br\/es\/#organization","name":"GAY BLOG BR","url":"https:\/\/gay.blog.br\/es\/","logo":{"@type":"ImageObject","inLanguage":"es","@id":"https:\/\/gay.blog.br\/es\/#\/schema\/logo\/image\/","url":"https:\/\/i0.wp.com\/gay.blog.br\/wp-content\/uploads\/2023\/08\/gay180px.png?fit=272%2C90&ssl=1","contentUrl":"https:\/\/i0.wp.com\/gay.blog.br\/wp-content\/uploads\/2023\/08\/gay180px.png?fit=272%2C90&ssl=1","width":272,"height":90,"caption":"GAY BLOG BR"},"image":{"@id":"https:\/\/gay.blog.br\/es\/#\/schema\/logo\/image\/"},"sameAs":["https:\/\/facebook.com\/gayblogbr","https:\/\/x.com\/gayblogbr","https:\/\/instagram.com\/gayblogbr","https:\/\/www.linkedin.com\/company\/gayblogbr\/","https:\/\/br.pinterest.com\/gayblogbr\/","https:\/\/www.youtube.com\/channel\/UCdEu3JXLOB-wvWAVUF4AIiA","https:\/\/pt.wikipedia.org\/wiki\/Gay_Blog_Br","https:\/\/www.threads.net\/@gayblogbr"]},{"@type":"Person","@id":"https:\/\/gay.blog.br\/es\/#\/schema\/person\/5e0cf06e5d5e166b6afeaefc7fc56d9d","name":"Victor Miller","image":{"@type":"ImageObject","inLanguage":"es","@id":"https:\/\/secure.gravatar.com\/avatar\/7c1fad0dcba879f76a2e6b9189cea981c8fcb9c7e6f40d5903cf16ba29cb80b5?s=96&d=mm&r=g","url":"https:\/\/secure.gravatar.com\/avatar\/7c1fad0dcba879f76a2e6b9189cea981c8fcb9c7e6f40d5903cf16ba29cb80b5?s=96&d=mm&r=g","contentUrl":"https:\/\/secure.gravatar.com\/avatar\/7c1fad0dcba879f76a2e6b9189cea981c8fcb9c7e6f40d5903cf16ba29cb80b5?s=96&d=mm&r=g","caption":"Victor Miller"},"description":"Jornalista formado pela PUC do Rio de Janeiro, dedicou sua vida a falar sobre cultura nerd\/geek. Gay desde que se entende por gente, sempre teve desejo de trabalhar com o p\u00fablico LGBT+ e cr\u00ea que a informa\u00e7\u00e3o \u00e9 a a melhor arma contra qualquer tipo de \"fobia\"","sameAs":["https:\/\/gay.blog.br\/author\/victormiller\/","https:\/\/www.facebook.com\/victormillerreal","https:\/\/instagram.com\/victormillermiranda","https:\/\/www.linkedin.com\/in\/victor-miller-266b54a7\/","https:\/\/x.com\/https:\/\/twitter.com\/victor_miller","https:\/\/www.youtube.com\/user\/planetasonic"],"url":"https:\/\/gay.blog.br\/es\/author\/victormiller\/"}]}},"jetpack_publicize_connections":[],"jetpack_featured_media_url":"https:\/\/i0.wp.com\/gay.blog.br\/wp-content\/uploads\/2020\/02\/Jesuita-Barbosa.jpg?fit=920%2C580&ssl=1","jetpack_sharing_enabled":true,"jetpack_shortlink":"https:\/\/wp.me\/p6klkK-s4A","jetpack_likes_enabled":false,"amp_enabled":true,"_links":{"self":[{"href":"https:\/\/gay.blog.br\/es\/wp-json\/wp\/v2\/posts\/107916","targetHints":{"allow":["GET"]}}],"collection":[{"href":"https:\/\/gay.blog.br\/es\/wp-json\/wp\/v2\/posts"}],"about":[{"href":"https:\/\/gay.blog.br\/es\/wp-json\/wp\/v2\/types\/post"}],"author":[{"embeddable":true,"href":"https:\/\/gay.blog.br\/es\/wp-json\/wp\/v2\/users\/3515"}],"replies":[{"embeddable":true,"href":"https:\/\/gay.blog.br\/es\/wp-json\/wp\/v2\/comments?post=107916"}],"version-history":[{"count":0,"href":"https:\/\/gay.blog.br\/es\/wp-json\/wp\/v2\/posts\/107916\/revisions"}],"wp:featuredmedia":[{"embeddable":true,"href":"https:\/\/gay.blog.br\/es\/wp-json\/wp\/v2\/media\/78301"}],"wp:attachment":[{"href":"https:\/\/gay.blog.br\/es\/wp-json\/wp\/v2\/media?parent=107916"}],"wp:term":[{"taxonomy":"category","embeddable":true,"href":"https:\/\/gay.blog.br\/es\/wp-json\/wp\/v2\/categories?post=107916"},{"taxonomy":"post_tag","embeddable":true,"href":"https:\/\/gay.blog.br\/es\/wp-json\/wp\/v2\/tags?post=107916"}],"curies":[{"name":"wp","href":"https:\/\/api.w.org\/{rel}","templated":true}]}}