{"id":109568,"date":"2020-01-31T21:26:09","date_gmt":"2020-02-01T00:26:09","guid":{"rendered":"https:\/\/gay.blog.br\/?p=109568"},"modified":"2021-02-01T14:05:03","modified_gmt":"2021-02-01T17:05:03","slug":"festival-de-belo-horizonte-brazil-anuncia-alineacion-con-pabllo-vittar-johnny-hooker-y-liniker-y-los-caramelows","status":"publish","type":"post","link":"https:\/\/gay.blog.br\/es\/recreacion\/noche\/festival-de-belo-horizonte-brazil-anuncia-alineacion-con-pabllo-vittar-johnny-hooker-y-liniker-y-los-caramelows\/","title":{"rendered":"Festival de Belo Horizonte (Brazil) anuncia alineaci\u00f3n con Pabllo Vittar, Johnny Hooker y Liniker y los Caramelows"},"content":{"rendered":"<p style=\"text-align: justify;\"><strong>S.E.N.S.A.C.I.O.N.A.L!<\/strong>, festival que se realiza en <strong>Belo Horizonte, MG<\/strong>, ha escalado m\u00e1s de 30 atracciones para la edici\u00f3n 2020. La edici\u00f3n contar\u00e1 con 12 horas de m\u00fasica, incluyendo conciertos de artistas como <strong>Duda Beat<\/strong> con <strong>Gaby Amarantos<\/strong>, <strong>Emicida<\/strong>, <strong>Liniker y los Caramelows <\/strong>con <strong>Johnny Hooker<\/strong>, <strong>Na\u00e7\u00e3o Zumbi<\/strong>, <strong>Elba Ramalho <\/strong>con <strong>Chico C\u00e9sar<\/strong>, <strong>Hot e Oreia<\/strong> y <strong>Rosa Neon<\/strong>.<\/p>\n<p style=\"text-align: justify;\"><a href=\"https:\/\/www.facebook.com\/events\/1179266359130561\/\"><img data-recalc-dims=\"1\" loading=\"lazy\" decoding=\"async\" class=\"aligncenter wp-image-34350 size-full\" src=\"https:\/\/i0.wp.com\/gay.blog.br\/wp-content\/uploads\/2020\/01\/83940189_2855267921201129_1045047323589083136_o.jpg?resize=696%2C392&#038;ssl=1\" alt=\"\" width=\"696\" height=\"392\" srcset=\"https:\/\/i0.wp.com\/gay.blog.br\/wp-content\/uploads\/2020\/01\/83940189_2855267921201129_1045047323589083136_o.jpg?w=1920&amp;ssl=1 1920w, https:\/\/i0.wp.com\/gay.blog.br\/wp-content\/uploads\/2020\/01\/83940189_2855267921201129_1045047323589083136_o.jpg?resize=300%2C169&amp;ssl=1 300w, https:\/\/i0.wp.com\/gay.blog.br\/wp-content\/uploads\/2020\/01\/83940189_2855267921201129_1045047323589083136_o.jpg?resize=1024%2C576&amp;ssl=1 1024w, https:\/\/i0.wp.com\/gay.blog.br\/wp-content\/uploads\/2020\/01\/83940189_2855267921201129_1045047323589083136_o.jpg?resize=150%2C84&amp;ssl=1 150w, https:\/\/i0.wp.com\/gay.blog.br\/wp-content\/uploads\/2020\/01\/83940189_2855267921201129_1045047323589083136_o.jpg?resize=768%2C432&amp;ssl=1 768w, https:\/\/i0.wp.com\/gay.blog.br\/wp-content\/uploads\/2020\/01\/83940189_2855267921201129_1045047323589083136_o.jpg?resize=1536%2C864&amp;ssl=1 1536w, https:\/\/i0.wp.com\/gay.blog.br\/wp-content\/uploads\/2020\/01\/83940189_2855267921201129_1045047323589083136_o.jpg?resize=696%2C392&amp;ssl=1 696w, https:\/\/i0.wp.com\/gay.blog.br\/wp-content\/uploads\/2020\/01\/83940189_2855267921201129_1045047323589083136_o.jpg?resize=1392%2C783&amp;ssl=1 1392w, https:\/\/i0.wp.com\/gay.blog.br\/wp-content\/uploads\/2020\/01\/83940189_2855267921201129_1045047323589083136_o.jpg?resize=1068%2C601&amp;ssl=1 1068w, https:\/\/i0.wp.com\/gay.blog.br\/wp-content\/uploads\/2020\/01\/83940189_2855267921201129_1045047323589083136_o.jpg?resize=747%2C420&amp;ssl=1 747w, https:\/\/i0.wp.com\/gay.blog.br\/wp-content\/uploads\/2020\/01\/83940189_2855267921201129_1045047323589083136_o.jpg?resize=1493%2C840&amp;ssl=1 1493w\" sizes=\"auto, (max-width: 696px) 100vw, 696px\" \/><\/a><\/p>\n<p style=\"text-align: justify;\">La octava edici\u00f3n del festival se llevar\u00e1 a cabo en la <strong>Esplanada do Mineir\u00e3o<\/strong>, el <strong>8 de febrero<\/strong>, marcando el inicio del per\u00edodo de carnaval 2020. Los boletos comienzan en R$ 25 reales y se pueden comprar en <a href=\"http:\/\/sympla.com.br\/festivalsensacional\" target=\"_blank\" rel=\"noopener noreferrer\" data-saferedirecturl=\"https:\/\/www.google.com\/url?q=http:\/\/sympla.com.br\/festivalsensacional&amp;source=gmail&amp;ust=1580594384226000&amp;usg=AFQjCNGEWrulSYvl5RmvbLU0KKf24WOFTw\">sympla.com.br\/<wbr \/> festivalsensacional.<\/a><\/p>\n<p style=\"text-align: justify;\">Adem\u00e1s de las dos etapas principales, <strong>S.E.N.S.A.C.I.O.N.A.L!<\/strong> contar\u00e1 con el <strong>Palco Chacoalha<\/strong>, que presenta artistas menos conocidos por el gran p\u00fablico, pero con gran potencial de crecimiento. La intenci\u00f3n es tambi\u00e9n ser un espacio de difusi\u00f3n de artistas locales. Entre las atracciones, se confirman hasta el momento: Pequena Morte, Fenda, Nath Rodrigues y Biltre (RJ).<\/p>\n<p style=\"text-align: justify;\">Repartidos a lo largo de la Explanada para entretener al p\u00fablico en el camino entre etapas, habr\u00e1 la fanfarria Babadan Banda de Rua, Sagrada Profana, Magn\u00f3lia, Unidos do Samba Queixinho y G.R.E.S. Ciudad Jard\u00edn. Los fan\u00e1ticos de la m\u00fasica jamaicana y electr\u00f3nica tambi\u00e9n tendr\u00e1n su espacio, en las carpas con el sistema de sonido Deska y con el colectivo de DJ Masterplano. Y no termina ah\u00ed: se anunciar\u00e1n m\u00e1s artistas en las pr\u00f3ximas semanas.<\/p>\n<p><span class=\"embed-youtube\" style=\"text-align:center; display: block;\"><iframe loading=\"lazy\" class=\"youtube-player\" width=\"696\" height=\"392\" src=\"https:\/\/www.youtube.com\/embed\/exam_JoqlW8?version=3&#038;rel=1&#038;showsearch=0&#038;showinfo=1&#038;iv_load_policy=1&#038;fs=1&#038;hl=es-ES&#038;autohide=2&#038;wmode=transparent\" allowfullscreen=\"true\" style=\"border:0;\" sandbox=\"allow-scripts allow-same-origin allow-popups allow-presentation allow-popups-to-escape-sandbox\"><\/iframe><\/span><\/p>\n<p style=\"text-align: justify;\"><strong>10 a\u00f1os<\/strong><\/p>\n<p style=\"text-align: justify;\">En 2020, S.E.N.S.A.C.I.O.N.A.L! se sumerge en el fant\u00e1stico mundo de la realidad y comparte una reflexi\u00f3n con el p\u00fablico: \u00bfsigue siendo necesario decir lo obvio? Aprovechando el buen humor del carnaval, la fiesta toma el desenfreno y eleva el estandarte para decir: \u00a1s\u00ed, la tierra es redonda! Es en este clima que <strong>S.E.N.S.A.C.I.O.N.A.L!<\/strong> completa 10 a\u00f1os de historia y celebra su 8\u00aa edici\u00f3n.<\/p>\n<p style=\"text-align: justify;\">Creado en 2010, el festival sigui\u00f3 de cerca el surgimiento de bloques y movimientos culturales como Praia da Esta\u00e7\u00e3o. Entre 2011 y 2013, se llev\u00f3 a cabo el s\u00e1bado previo al carnaval y se celebr\u00f3 junto a los juerguistas del bloque Mam\u00e1 na Vaca. En 2014, la fiesta fue durante el carnaval: en dos d\u00edas, 7 bandas fueron vistas por m\u00e1s de 60 mil personas en la plaza de Savassi. El festival tambi\u00e9n cont\u00f3 con un amplio programa nocturno durante los cinco d\u00edas de vacaciones. La gran idea fue la siguiente: aprovechar al p\u00fablico en busca de juerga para presentar bandas de calidad con derechos de autor.<\/p>\n<p style=\"text-align: justify;\">Despu\u00e9s de unos a\u00f1os alejado de sus or\u00edgenes momescas, S.E.N.S.A.C.I.O.N.A.L! marca el inicio del per\u00edodo de carnaval en Belo Horizonte, el 8 de febrero de 2020. Con una programaci\u00f3n que mezcla artistas locales, grandes nombres del panorama nacional, fanfarrias y bandas callejeras, el festival se inspira en esta fiesta pol\u00edtica, diversa y de buen humor, para crear una experiencia musical llamativa y atrevida.<\/p>\n<p style=\"text-align: justify;\">\u201c\u00a1Al llamarse a s\u00ed mismo &#8216;redondista de la tierra&#8217;, S.E.N.S.A.C.I.O.N.A.L! di\u00e1loga con temas de actualidad, como la negaci\u00f3n de la ciencia y las fake news, de forma sat\u00edrica. Una forma de posicionamiento dentro del esp\u00edritu festivo y colorido del carnaval. Este sesgo &#8216;pol\u00edtico-fanfarr\u00f3n&#8217; siempre ha caracterizado nuestra fiesta, precisamente porque florecimos junto con la reanudaci\u00f3n del carnaval (y la lucha) callejera de la ciudad, hace 10 a\u00f1os \u201d, contextualiza V\u00edctor Diniz, socio de Hibrido Comunica\u00e7\u00e3o e Cultura, que produce a el S.E.N.S.A.C.I.O.N.A.L!, junto a d\u2019A Macaco.<\/p>\n<figure id=\"attachment_34349\" aria-describedby=\"caption-attachment-34349\" style=\"width: 960px\" class=\"wp-caption aligncenter\"><img data-recalc-dims=\"1\" loading=\"lazy\" decoding=\"async\" class=\"size-full wp-image-34349\" src=\"https:\/\/i0.wp.com\/gay.blog.br\/wp-content\/uploads\/2020\/01\/82590247_2830977276963527_1142012996344610816_o.jpg?resize=696%2C434&#038;ssl=1\" alt=\"BH Festival anuncia alineaci\u00f3n con Pabllo Vittar, Johnny Hooker y Liniker y los Caramelows\" width=\"696\" height=\"434\" srcset=\"https:\/\/i0.wp.com\/gay.blog.br\/wp-content\/uploads\/2020\/01\/82590247_2830977276963527_1142012996344610816_o.jpg?w=960&amp;ssl=1 960w, https:\/\/i0.wp.com\/gay.blog.br\/wp-content\/uploads\/2020\/01\/82590247_2830977276963527_1142012996344610816_o.jpg?resize=300%2C187&amp;ssl=1 300w, https:\/\/i0.wp.com\/gay.blog.br\/wp-content\/uploads\/2020\/01\/82590247_2830977276963527_1142012996344610816_o.jpg?resize=150%2C93&amp;ssl=1 150w, https:\/\/i0.wp.com\/gay.blog.br\/wp-content\/uploads\/2020\/01\/82590247_2830977276963527_1142012996344610816_o.jpg?resize=768%2C478&amp;ssl=1 768w, https:\/\/i0.wp.com\/gay.blog.br\/wp-content\/uploads\/2020\/01\/82590247_2830977276963527_1142012996344610816_o.jpg?resize=696%2C434&amp;ssl=1 696w, https:\/\/i0.wp.com\/gay.blog.br\/wp-content\/uploads\/2020\/01\/82590247_2830977276963527_1142012996344610816_o.jpg?resize=674%2C420&amp;ssl=1 674w\" sizes=\"auto, (max-width: 696px) 100vw, 696px\" \/><figcaption id=\"caption-attachment-34349\" class=\"wp-caption-text\">Foto: reproducci\u00f3n<\/figcaption><\/figure>\n<p style=\"text-align: justify;\"><strong>Servicio:<\/strong><br \/>\n<strong>Festival S.E.N.S.A.C.I.O.N.A.<wbr \/>L!<\/strong><br \/>\n<strong>Programaci\u00f3n: <\/strong>BaianaSystem, Liniker e os Caramelows convida Johnny Hooker, Duda Beat convida Gaby Amarantos, Emicida, Elba Ramalho convida Chico C\u00e9sar, Na\u00e7\u00e3o Zumbi, Hot e Oreia, Rosa Neon, Pequena Morte, Fenda, Nath Rodrigues, Biltre, Babadan Banda de Rua, Sagrada Profana, Magn\u00f3lia, Unidos do Samba Queixinho, G.R.E.S. Cidade Jardim, Deska Sound System y Masterplano.<br \/>\n<strong>Fecha:<\/strong> 8 de febrero de 2020<br \/>\n<strong>Hor\u00e1rio:<\/strong> 12h<br \/>\n<strong>Ubicaci\u00f3n:<\/strong> Esplanada do Mineir\u00e3o<br \/>\n<strong>Entradas<\/strong>: R$ 50 (precio completo), R$ 25 (mitad de precio), R$ 25 (mitad de precio)<br \/>\n<strong>Venta online:<\/strong> <a href=\"https:\/\/www.sympla.com.br\/\">www.sympla.com.br<\/a><br \/>\n<strong>Otra informaci\u00f3n<\/strong>: <a href=\"http:\/\/www.festivalsensacional.com\/\">www. <wbr \/> festivalsensacional.com<\/a><br \/>\n<a href=\"https:\/\/www.facebook.com\/events\/1179266359130561\/\">Evento de Facebook.<\/a><\/p>\n<p style=\"text-align: justify;\"><strong>Productores socios<\/strong><\/p>\n<p style=\"text-align: justify;\">En 2018, S.E.N.S.A.C.I.O.N.A.L! Se uni\u00f3 al Festival Sarar\u00e1 para realizar un gran evento con tres escenarios, carpas y m\u00e1s de 20 atracciones. Emicida, Criolo, Tom Z\u00e9, Johnny Hooker, Gloria Groove, Ma\u00edra Baldaia, Lagum y Pequena Morte fueron algunos de los artistas presentes. El encuentro fue hist\u00f3rico y reuni\u00f3 a 25 mil personas en la Esplanada do Mineir\u00e3o. Desde entonces, los dos productores, <strong>Hibrido<\/strong> y <strong>A Macaco<\/strong>, han sido socios en la producci\u00f3n de los dos festivales: en 2019 celebraron juntos la sexta edici\u00f3n de Sarar\u00e1 y ahora presentan la octava edici\u00f3n de S.E.N.S.A.C.I.O.N.A.L !.<\/p>\n","protected":false},"excerpt":{"rendered":"<p>Volviendo al per\u00edodo del carnaval, el Festival S.E.N.S.A.C.I.O.N.A.L re\u00fane nombres como Emicida, BaianaSystem, Duda Beat y Liniker y los Caramelows en Esplanada do Mineir\u00e3o<\/p>\n","protected":false},"author":2,"featured_media":78143,"comment_status":"open","ping_status":"open","sticky":false,"template":"","format":"standard","meta":{"googlesitekit_rrm_CAoiEBg-BXrJeACjO8p49SE4kTY:productID":"","tdm_status":"","tdm_grid_status":"","_jetpack_newsletter_access":"","_jetpack_dont_email_post_to_subs":false,"_jetpack_newsletter_tier_id":0,"_jetpack_memberships_contains_paywalled_content":false,"_jetpack_memberships_contains_paid_content":false,"footnotes":"","jetpack_publicize_message":"Festival de Belo Horizonte (Brazil) anuncia alineaci\u00f3n con Pabllo Vittar, Johnny Hooker y Liniker y los Caramelows","jetpack_publicize_feature_enabled":true,"jetpack_social_post_already_shared":true,"jetpack_social_options":{"image_generator_settings":{"template":"highway","default_image_id":0,"font":"","enabled":false},"version":2},"_wpas_customize_per_network":false,"jetpack_post_was_ever_published":false},"categories":[589932402],"tags":[589936961,589936965,589936964,589936970,589936968,589933418,589934366,589934253,589936966,589936967,589936962,589936963,589932815,589936969],"class_list":{"0":"post-109568","1":"post","2":"type-post","3":"status-publish","4":"format-standard","5":"has-post-thumbnail","7":"category-noche","8":"tag-agenda-es","9":"tag-belo-horizonte-es","10":"tag-bh-es","11":"tag-biltre-es","12":"tag-duda-beat-es","13":"tag-festival-es","14":"tag-fiesta-es","15":"tag-johnny-hooker-es","16":"tag-liniker-es","17":"tag-liniker-e-os-caramelows-es","18":"tag-minas-gerais-es","19":"tag-mineirao-es","20":"tag-pabllo-vittar-es","21":"tag-sensacional-es"},"yoast_head":"<!-- This site is optimized with the Yoast SEO plugin v27.4 - https:\/\/yoast.com\/product\/yoast-seo-wordpress\/ -->\n<title>Festival de Belo Horizonte (Brazil) anuncia alineaci\u00f3n con Pabllo Vittar, Johnny Hooker y Liniker y los Caramelows<\/title>\n<meta name=\"description\" content=\"Volviendo al per\u00edodo del carnaval, BH Festival llamado S.E.N.S.A.C.I.O.N.A.L re\u00fane nombres como Emicida, BaianaSystem, Duda Beat y Liniker y los Caramelows\" \/>\n<meta name=\"robots\" content=\"index, follow, max-snippet:-1, max-image-preview:large, max-video-preview:-1\" \/>\n<link rel=\"canonical\" href=\"https:\/\/gay.blog.br\/es\/recreacion\/noche\/festival-de-belo-horizonte-brazil-anuncia-alineacion-con-pabllo-vittar-johnny-hooker-y-liniker-y-los-caramelows\/\" \/>\n<meta property=\"og:locale\" content=\"es_ES\" \/>\n<meta property=\"og:type\" content=\"article\" \/>\n<meta property=\"og:title\" content=\"Festival de Belo Horizonte (Brazil) anuncia alineaci\u00f3n con Pabllo Vittar, Johnny Hooker y Liniker y los Caramelows\" \/>\n<meta property=\"og:description\" content=\"Volviendo al per\u00edodo del carnaval, BH Festival llamado S.E.N.S.A.C.I.O.N.A.L re\u00fane nombres como Emicida, BaianaSystem, Duda Beat y Liniker y los Caramelows\" \/>\n<meta property=\"og:url\" content=\"https:\/\/gay.blog.br\/es\/recreacion\/noche\/festival-de-belo-horizonte-brazil-anuncia-alineacion-con-pabllo-vittar-johnny-hooker-y-liniker-y-los-caramelows\/\" \/>\n<meta property=\"og:site_name\" content=\"GAY BLOG BR @gayblogbr\" \/>\n<meta property=\"article:publisher\" content=\"https:\/\/facebook.com\/gayblogbr\" \/>\n<meta property=\"article:author\" content=\"https:\/\/facebook.com\/gayblogbr\" \/>\n<meta property=\"article:published_time\" content=\"2020-02-01T00:26:09+00:00\" \/>\n<meta property=\"article:modified_time\" content=\"2021-02-01T17:05:03+00:00\" \/>\n<meta property=\"og:image\" content=\"https:\/\/i1.wp.com\/gay.blog.br\/wp-content\/uploads\/2020\/01\/82590247_2830977276963527_1142012996344610816_o.jpg?fit=960%2C598&ssl=1\" \/>\n\t<meta property=\"og:image:width\" content=\"960\" \/>\n\t<meta property=\"og:image:height\" content=\"598\" \/>\n\t<meta property=\"og:image:type\" content=\"image\/jpeg\" \/>\n<meta name=\"author\" content=\"www.gay.blog.br\" \/>\n<meta name=\"twitter:card\" content=\"summary_large_image\" \/>\n<meta name=\"twitter:creator\" content=\"@https:\/\/bsky.app\/profile\/gayblogbr.bsky.social\" \/>\n<meta name=\"twitter:site\" content=\"@gayblogbr\" \/>\n<meta name=\"twitter:label1\" content=\"Escrito por\" \/>\n\t<meta name=\"twitter:data1\" content=\"www.gay.blog.br\" \/>\n\t<meta name=\"twitter:label2\" content=\"Tiempo de lectura\" \/>\n\t<meta name=\"twitter:data2\" content=\"4 minutos\" \/>\n<script type=\"application\/ld+json\" class=\"yoast-schema-graph\">{\"@context\":\"https:\\\/\\\/schema.org\",\"@graph\":[{\"@type\":\"Article\",\"@id\":\"https:\\\/\\\/gay.blog.br\\\/es\\\/recreacion\\\/noche\\\/festival-de-belo-horizonte-brazil-anuncia-alineacion-con-pabllo-vittar-johnny-hooker-y-liniker-y-los-caramelows\\\/#article\",\"isPartOf\":{\"@id\":\"https:\\\/\\\/gay.blog.br\\\/es\\\/recreacion\\\/noche\\\/festival-de-belo-horizonte-brazil-anuncia-alineacion-con-pabllo-vittar-johnny-hooker-y-liniker-y-los-caramelows\\\/\"},\"author\":{\"name\":\"www.gay.blog.br\",\"@id\":\"https:\\\/\\\/gay.blog.br\\\/es\\\/#\\\/schema\\\/person\\\/ab4bce68ee54b8f4af5c174efe7472e5\"},\"headline\":\"Festival de Belo Horizonte (Brazil) anuncia alineaci\u00f3n con Pabllo Vittar, Johnny Hooker y Liniker y los Caramelows\",\"datePublished\":\"2020-02-01T00:26:09+00:00\",\"dateModified\":\"2021-02-01T17:05:03+00:00\",\"mainEntityOfPage\":{\"@id\":\"https:\\\/\\\/gay.blog.br\\\/es\\\/recreacion\\\/noche\\\/festival-de-belo-horizonte-brazil-anuncia-alineacion-con-pabllo-vittar-johnny-hooker-y-liniker-y-los-caramelows\\\/\"},\"wordCount\":924,\"commentCount\":0,\"publisher\":{\"@id\":\"https:\\\/\\\/gay.blog.br\\\/es\\\/#organization\"},\"image\":{\"@id\":\"https:\\\/\\\/gay.blog.br\\\/es\\\/recreacion\\\/noche\\\/festival-de-belo-horizonte-brazil-anuncia-alineacion-con-pabllo-vittar-johnny-hooker-y-liniker-y-los-caramelows\\\/#primaryimage\"},\"thumbnailUrl\":\"https:\\\/\\\/i0.wp.com\\\/gay.blog.br\\\/wp-content\\\/uploads\\\/2020\\\/01\\\/82590247_2830977276963527_1142012996344610816_o.jpg?fit=960%2C598&ssl=1\",\"keywords\":[\"agenda\",\"belo horizonte\",\"bh\",\"Biltre\",\"Duda Beat\",\"festival\",\"fiesta\",\"johnny hooker\",\"liniker\",\"Liniker e os Caramelows\",\"minas gerais\",\"mineir\u00e3o\",\"pabllo vittar\",\"sensacional\"],\"articleSection\":[\"NOCHE\"],\"inLanguage\":\"es\",\"potentialAction\":[{\"@type\":\"CommentAction\",\"name\":\"Comment\",\"target\":[\"https:\\\/\\\/gay.blog.br\\\/es\\\/recreacion\\\/noche\\\/festival-de-belo-horizonte-brazil-anuncia-alineacion-con-pabllo-vittar-johnny-hooker-y-liniker-y-los-caramelows\\\/#respond\"]}]},{\"@type\":\"WebPage\",\"@id\":\"https:\\\/\\\/gay.blog.br\\\/es\\\/recreacion\\\/noche\\\/festival-de-belo-horizonte-brazil-anuncia-alineacion-con-pabllo-vittar-johnny-hooker-y-liniker-y-los-caramelows\\\/\",\"url\":\"https:\\\/\\\/gay.blog.br\\\/es\\\/recreacion\\\/noche\\\/festival-de-belo-horizonte-brazil-anuncia-alineacion-con-pabllo-vittar-johnny-hooker-y-liniker-y-los-caramelows\\\/\",\"name\":\"Festival de Belo Horizonte (Brazil) anuncia alineaci\u00f3n con Pabllo Vittar, Johnny Hooker y Liniker y los Caramelows\",\"isPartOf\":{\"@id\":\"https:\\\/\\\/gay.blog.br\\\/es\\\/#website\"},\"primaryImageOfPage\":{\"@id\":\"https:\\\/\\\/gay.blog.br\\\/es\\\/recreacion\\\/noche\\\/festival-de-belo-horizonte-brazil-anuncia-alineacion-con-pabllo-vittar-johnny-hooker-y-liniker-y-los-caramelows\\\/#primaryimage\"},\"image\":{\"@id\":\"https:\\\/\\\/gay.blog.br\\\/es\\\/recreacion\\\/noche\\\/festival-de-belo-horizonte-brazil-anuncia-alineacion-con-pabllo-vittar-johnny-hooker-y-liniker-y-los-caramelows\\\/#primaryimage\"},\"thumbnailUrl\":\"https:\\\/\\\/i0.wp.com\\\/gay.blog.br\\\/wp-content\\\/uploads\\\/2020\\\/01\\\/82590247_2830977276963527_1142012996344610816_o.jpg?fit=960%2C598&ssl=1\",\"datePublished\":\"2020-02-01T00:26:09+00:00\",\"dateModified\":\"2021-02-01T17:05:03+00:00\",\"description\":\"Volviendo al per\u00edodo del carnaval, BH Festival llamado S.E.N.S.A.C.I.O.N.A.L re\u00fane nombres como Emicida, BaianaSystem, Duda Beat y Liniker y los Caramelows\",\"breadcrumb\":{\"@id\":\"https:\\\/\\\/gay.blog.br\\\/es\\\/recreacion\\\/noche\\\/festival-de-belo-horizonte-brazil-anuncia-alineacion-con-pabllo-vittar-johnny-hooker-y-liniker-y-los-caramelows\\\/#breadcrumb\"},\"inLanguage\":\"es\",\"potentialAction\":[{\"@type\":\"ReadAction\",\"target\":[\"https:\\\/\\\/gay.blog.br\\\/es\\\/recreacion\\\/noche\\\/festival-de-belo-horizonte-brazil-anuncia-alineacion-con-pabllo-vittar-johnny-hooker-y-liniker-y-los-caramelows\\\/\"]}]},{\"@type\":\"ImageObject\",\"inLanguage\":\"es\",\"@id\":\"https:\\\/\\\/gay.blog.br\\\/es\\\/recreacion\\\/noche\\\/festival-de-belo-horizonte-brazil-anuncia-alineacion-con-pabllo-vittar-johnny-hooker-y-liniker-y-los-caramelows\\\/#primaryimage\",\"url\":\"https:\\\/\\\/i0.wp.com\\\/gay.blog.br\\\/wp-content\\\/uploads\\\/2020\\\/01\\\/82590247_2830977276963527_1142012996344610816_o.jpg?fit=960%2C598&ssl=1\",\"contentUrl\":\"https:\\\/\\\/i0.wp.com\\\/gay.blog.br\\\/wp-content\\\/uploads\\\/2020\\\/01\\\/82590247_2830977276963527_1142012996344610816_o.jpg?fit=960%2C598&ssl=1\",\"width\":960,\"height\":598,\"caption\":\"Foto: reprodu\u00e7\u00e3o\"},{\"@type\":\"BreadcrumbList\",\"@id\":\"https:\\\/\\\/gay.blog.br\\\/es\\\/recreacion\\\/noche\\\/festival-de-belo-horizonte-brazil-anuncia-alineacion-con-pabllo-vittar-johnny-hooker-y-liniker-y-los-caramelows\\\/#breadcrumb\",\"itemListElement\":[{\"@type\":\"ListItem\",\"position\":1,\"name\":\"In\u00edcio\",\"item\":\"https:\\\/\\\/gay.blog.br\\\/es\\\/\"},{\"@type\":\"ListItem\",\"position\":2,\"name\":\"Festival de Belo Horizonte (Brazil) anuncia alineaci\u00f3n con Pabllo Vittar, Johnny Hooker y Liniker y los Caramelows\"}]},{\"@type\":\"WebSite\",\"@id\":\"https:\\\/\\\/gay.blog.br\\\/es\\\/#website\",\"url\":\"https:\\\/\\\/gay.blog.br\\\/es\\\/\",\"name\":\"GAY BLOG BR @gayblogbr\",\"description\":\"Not\u00edcias que empoderam e\\\/ou entret\u00eam s\u00e3o especialidades da casa\",\"publisher\":{\"@id\":\"https:\\\/\\\/gay.blog.br\\\/es\\\/#organization\"},\"potentialAction\":[{\"@type\":\"SearchAction\",\"target\":{\"@type\":\"EntryPoint\",\"urlTemplate\":\"https:\\\/\\\/gay.blog.br\\\/es\\\/?s={search_term_string}\"},\"query-input\":{\"@type\":\"PropertyValueSpecification\",\"valueRequired\":true,\"valueName\":\"search_term_string\"}}],\"inLanguage\":\"es\"},{\"@type\":\"Organization\",\"@id\":\"https:\\\/\\\/gay.blog.br\\\/es\\\/#organization\",\"name\":\"GAY BLOG BR\",\"url\":\"https:\\\/\\\/gay.blog.br\\\/es\\\/\",\"logo\":{\"@type\":\"ImageObject\",\"inLanguage\":\"es\",\"@id\":\"https:\\\/\\\/gay.blog.br\\\/es\\\/#\\\/schema\\\/logo\\\/image\\\/\",\"url\":\"https:\\\/\\\/i0.wp.com\\\/gay.blog.br\\\/wp-content\\\/uploads\\\/2023\\\/08\\\/gay180px.png?fit=272%2C90&ssl=1\",\"contentUrl\":\"https:\\\/\\\/i0.wp.com\\\/gay.blog.br\\\/wp-content\\\/uploads\\\/2023\\\/08\\\/gay180px.png?fit=272%2C90&ssl=1\",\"width\":272,\"height\":90,\"caption\":\"GAY BLOG BR\"},\"image\":{\"@id\":\"https:\\\/\\\/gay.blog.br\\\/es\\\/#\\\/schema\\\/logo\\\/image\\\/\"},\"sameAs\":[\"https:\\\/\\\/facebook.com\\\/gayblogbr\",\"https:\\\/\\\/x.com\\\/gayblogbr\",\"https:\\\/\\\/instagram.com\\\/gayblogbr\",\"https:\\\/\\\/www.linkedin.com\\\/company\\\/gayblogbr\\\/\",\"https:\\\/\\\/br.pinterest.com\\\/gayblogbr\\\/\",\"https:\\\/\\\/www.youtube.com\\\/channel\\\/UCdEu3JXLOB-wvWAVUF4AIiA\",\"https:\\\/\\\/pt.wikipedia.org\\\/wiki\\\/Gay_Blog_Br\",\"https:\\\/\\\/www.threads.net\\\/@gayblogbr\"]},{\"@type\":\"Person\",\"@id\":\"https:\\\/\\\/gay.blog.br\\\/es\\\/#\\\/schema\\\/person\\\/ab4bce68ee54b8f4af5c174efe7472e5\",\"name\":\"www.gay.blog.br\",\"image\":{\"@type\":\"ImageObject\",\"inLanguage\":\"es\",\"@id\":\"https:\\\/\\\/secure.gravatar.com\\\/avatar\\\/a6fb6bf5c84cdaa375389c43448e2bb88db4600d8fc5be6c42a410789075740f?s=96&d=mm&r=g\",\"url\":\"https:\\\/\\\/secure.gravatar.com\\\/avatar\\\/a6fb6bf5c84cdaa375389c43448e2bb88db4600d8fc5be6c42a410789075740f?s=96&d=mm&r=g\",\"contentUrl\":\"https:\\\/\\\/secure.gravatar.com\\\/avatar\\\/a6fb6bf5c84cdaa375389c43448e2bb88db4600d8fc5be6c42a410789075740f?s=96&d=mm&r=g\",\"caption\":\"www.gay.blog.br\"},\"description\":\"Receba as not\u00edcias pelo Telegram!\",\"sameAs\":[\"https:\\\/\\\/facebook.com\\\/gayblogbr\",\"https:\\\/\\\/instagram.com\\\/gayblogbr\",\"https:\\\/\\\/www.linkedin.com\\\/company\\\/gayblogbr\\\/\",\"https:\\\/\\\/pinterest.com\\\/gayblogbr\\\/\",\"https:\\\/\\\/x.com\\\/https:\\\/\\\/bsky.app\\\/profile\\\/gayblogbr.bsky.social\",\"https:\\\/\\\/www.youtube.com\\\/@GAYBLOGBR\",\"https:\\\/\\\/pt.wikipedia.org\\\/wiki\\\/Gay_Blog_Br\"],\"url\":\"https:\\\/\\\/gay.blog.br\\\/es\\\/author\\\/oaudaznavegante\\\/\"}]}<\/script>\n<!-- \/ Yoast SEO plugin. -->","yoast_head_json":{"title":"Festival de Belo Horizonte (Brazil) anuncia alineaci\u00f3n con Pabllo Vittar, Johnny Hooker y Liniker y los Caramelows","description":"Volviendo al per\u00edodo del carnaval, BH Festival llamado S.E.N.S.A.C.I.O.N.A.L re\u00fane nombres como Emicida, BaianaSystem, Duda Beat y Liniker y los Caramelows","robots":{"index":"index","follow":"follow","max-snippet":"max-snippet:-1","max-image-preview":"max-image-preview:large","max-video-preview":"max-video-preview:-1"},"canonical":"https:\/\/gay.blog.br\/es\/recreacion\/noche\/festival-de-belo-horizonte-brazil-anuncia-alineacion-con-pabllo-vittar-johnny-hooker-y-liniker-y-los-caramelows\/","og_locale":"es_ES","og_type":"article","og_title":"Festival de Belo Horizonte (Brazil) anuncia alineaci\u00f3n con Pabllo Vittar, Johnny Hooker y Liniker y los Caramelows","og_description":"Volviendo al per\u00edodo del carnaval, BH Festival llamado S.E.N.S.A.C.I.O.N.A.L re\u00fane nombres como Emicida, BaianaSystem, Duda Beat y Liniker y los Caramelows","og_url":"https:\/\/gay.blog.br\/es\/recreacion\/noche\/festival-de-belo-horizonte-brazil-anuncia-alineacion-con-pabllo-vittar-johnny-hooker-y-liniker-y-los-caramelows\/","og_site_name":"GAY BLOG BR @gayblogbr","article_publisher":"https:\/\/facebook.com\/gayblogbr","article_author":"https:\/\/facebook.com\/gayblogbr","article_published_time":"2020-02-01T00:26:09+00:00","article_modified_time":"2021-02-01T17:05:03+00:00","og_image":[{"width":960,"height":598,"url":"https:\/\/i1.wp.com\/gay.blog.br\/wp-content\/uploads\/2020\/01\/82590247_2830977276963527_1142012996344610816_o.jpg?fit=960%2C598&ssl=1","type":"image\/jpeg"}],"author":"www.gay.blog.br","twitter_card":"summary_large_image","twitter_creator":"@https:\/\/bsky.app\/profile\/gayblogbr.bsky.social","twitter_site":"@gayblogbr","twitter_misc":{"Escrito por":"www.gay.blog.br","Tiempo de lectura":"4 minutos"},"schema":{"@context":"https:\/\/schema.org","@graph":[{"@type":"Article","@id":"https:\/\/gay.blog.br\/es\/recreacion\/noche\/festival-de-belo-horizonte-brazil-anuncia-alineacion-con-pabllo-vittar-johnny-hooker-y-liniker-y-los-caramelows\/#article","isPartOf":{"@id":"https:\/\/gay.blog.br\/es\/recreacion\/noche\/festival-de-belo-horizonte-brazil-anuncia-alineacion-con-pabllo-vittar-johnny-hooker-y-liniker-y-los-caramelows\/"},"author":{"name":"www.gay.blog.br","@id":"https:\/\/gay.blog.br\/es\/#\/schema\/person\/ab4bce68ee54b8f4af5c174efe7472e5"},"headline":"Festival de Belo Horizonte (Brazil) anuncia alineaci\u00f3n con Pabllo Vittar, Johnny Hooker y Liniker y los Caramelows","datePublished":"2020-02-01T00:26:09+00:00","dateModified":"2021-02-01T17:05:03+00:00","mainEntityOfPage":{"@id":"https:\/\/gay.blog.br\/es\/recreacion\/noche\/festival-de-belo-horizonte-brazil-anuncia-alineacion-con-pabllo-vittar-johnny-hooker-y-liniker-y-los-caramelows\/"},"wordCount":924,"commentCount":0,"publisher":{"@id":"https:\/\/gay.blog.br\/es\/#organization"},"image":{"@id":"https:\/\/gay.blog.br\/es\/recreacion\/noche\/festival-de-belo-horizonte-brazil-anuncia-alineacion-con-pabllo-vittar-johnny-hooker-y-liniker-y-los-caramelows\/#primaryimage"},"thumbnailUrl":"https:\/\/i0.wp.com\/gay.blog.br\/wp-content\/uploads\/2020\/01\/82590247_2830977276963527_1142012996344610816_o.jpg?fit=960%2C598&ssl=1","keywords":["agenda","belo horizonte","bh","Biltre","Duda Beat","festival","fiesta","johnny hooker","liniker","Liniker e os Caramelows","minas gerais","mineir\u00e3o","pabllo vittar","sensacional"],"articleSection":["NOCHE"],"inLanguage":"es","potentialAction":[{"@type":"CommentAction","name":"Comment","target":["https:\/\/gay.blog.br\/es\/recreacion\/noche\/festival-de-belo-horizonte-brazil-anuncia-alineacion-con-pabllo-vittar-johnny-hooker-y-liniker-y-los-caramelows\/#respond"]}]},{"@type":"WebPage","@id":"https:\/\/gay.blog.br\/es\/recreacion\/noche\/festival-de-belo-horizonte-brazil-anuncia-alineacion-con-pabllo-vittar-johnny-hooker-y-liniker-y-los-caramelows\/","url":"https:\/\/gay.blog.br\/es\/recreacion\/noche\/festival-de-belo-horizonte-brazil-anuncia-alineacion-con-pabllo-vittar-johnny-hooker-y-liniker-y-los-caramelows\/","name":"Festival de Belo Horizonte (Brazil) anuncia alineaci\u00f3n con Pabllo Vittar, Johnny Hooker y Liniker y los Caramelows","isPartOf":{"@id":"https:\/\/gay.blog.br\/es\/#website"},"primaryImageOfPage":{"@id":"https:\/\/gay.blog.br\/es\/recreacion\/noche\/festival-de-belo-horizonte-brazil-anuncia-alineacion-con-pabllo-vittar-johnny-hooker-y-liniker-y-los-caramelows\/#primaryimage"},"image":{"@id":"https:\/\/gay.blog.br\/es\/recreacion\/noche\/festival-de-belo-horizonte-brazil-anuncia-alineacion-con-pabllo-vittar-johnny-hooker-y-liniker-y-los-caramelows\/#primaryimage"},"thumbnailUrl":"https:\/\/i0.wp.com\/gay.blog.br\/wp-content\/uploads\/2020\/01\/82590247_2830977276963527_1142012996344610816_o.jpg?fit=960%2C598&ssl=1","datePublished":"2020-02-01T00:26:09+00:00","dateModified":"2021-02-01T17:05:03+00:00","description":"Volviendo al per\u00edodo del carnaval, BH Festival llamado S.E.N.S.A.C.I.O.N.A.L re\u00fane nombres como Emicida, BaianaSystem, Duda Beat y Liniker y los Caramelows","breadcrumb":{"@id":"https:\/\/gay.blog.br\/es\/recreacion\/noche\/festival-de-belo-horizonte-brazil-anuncia-alineacion-con-pabllo-vittar-johnny-hooker-y-liniker-y-los-caramelows\/#breadcrumb"},"inLanguage":"es","potentialAction":[{"@type":"ReadAction","target":["https:\/\/gay.blog.br\/es\/recreacion\/noche\/festival-de-belo-horizonte-brazil-anuncia-alineacion-con-pabllo-vittar-johnny-hooker-y-liniker-y-los-caramelows\/"]}]},{"@type":"ImageObject","inLanguage":"es","@id":"https:\/\/gay.blog.br\/es\/recreacion\/noche\/festival-de-belo-horizonte-brazil-anuncia-alineacion-con-pabllo-vittar-johnny-hooker-y-liniker-y-los-caramelows\/#primaryimage","url":"https:\/\/i0.wp.com\/gay.blog.br\/wp-content\/uploads\/2020\/01\/82590247_2830977276963527_1142012996344610816_o.jpg?fit=960%2C598&ssl=1","contentUrl":"https:\/\/i0.wp.com\/gay.blog.br\/wp-content\/uploads\/2020\/01\/82590247_2830977276963527_1142012996344610816_o.jpg?fit=960%2C598&ssl=1","width":960,"height":598,"caption":"Foto: reprodu\u00e7\u00e3o"},{"@type":"BreadcrumbList","@id":"https:\/\/gay.blog.br\/es\/recreacion\/noche\/festival-de-belo-horizonte-brazil-anuncia-alineacion-con-pabllo-vittar-johnny-hooker-y-liniker-y-los-caramelows\/#breadcrumb","itemListElement":[{"@type":"ListItem","position":1,"name":"In\u00edcio","item":"https:\/\/gay.blog.br\/es\/"},{"@type":"ListItem","position":2,"name":"Festival de Belo Horizonte (Brazil) anuncia alineaci\u00f3n con Pabllo Vittar, Johnny Hooker y Liniker y los Caramelows"}]},{"@type":"WebSite","@id":"https:\/\/gay.blog.br\/es\/#website","url":"https:\/\/gay.blog.br\/es\/","name":"GAY BLOG BR @gayblogbr","description":"Not\u00edcias que empoderam e\/ou entret\u00eam s\u00e3o especialidades da casa","publisher":{"@id":"https:\/\/gay.blog.br\/es\/#organization"},"potentialAction":[{"@type":"SearchAction","target":{"@type":"EntryPoint","urlTemplate":"https:\/\/gay.blog.br\/es\/?s={search_term_string}"},"query-input":{"@type":"PropertyValueSpecification","valueRequired":true,"valueName":"search_term_string"}}],"inLanguage":"es"},{"@type":"Organization","@id":"https:\/\/gay.blog.br\/es\/#organization","name":"GAY BLOG BR","url":"https:\/\/gay.blog.br\/es\/","logo":{"@type":"ImageObject","inLanguage":"es","@id":"https:\/\/gay.blog.br\/es\/#\/schema\/logo\/image\/","url":"https:\/\/i0.wp.com\/gay.blog.br\/wp-content\/uploads\/2023\/08\/gay180px.png?fit=272%2C90&ssl=1","contentUrl":"https:\/\/i0.wp.com\/gay.blog.br\/wp-content\/uploads\/2023\/08\/gay180px.png?fit=272%2C90&ssl=1","width":272,"height":90,"caption":"GAY BLOG BR"},"image":{"@id":"https:\/\/gay.blog.br\/es\/#\/schema\/logo\/image\/"},"sameAs":["https:\/\/facebook.com\/gayblogbr","https:\/\/x.com\/gayblogbr","https:\/\/instagram.com\/gayblogbr","https:\/\/www.linkedin.com\/company\/gayblogbr\/","https:\/\/br.pinterest.com\/gayblogbr\/","https:\/\/www.youtube.com\/channel\/UCdEu3JXLOB-wvWAVUF4AIiA","https:\/\/pt.wikipedia.org\/wiki\/Gay_Blog_Br","https:\/\/www.threads.net\/@gayblogbr"]},{"@type":"Person","@id":"https:\/\/gay.blog.br\/es\/#\/schema\/person\/ab4bce68ee54b8f4af5c174efe7472e5","name":"www.gay.blog.br","image":{"@type":"ImageObject","inLanguage":"es","@id":"https:\/\/secure.gravatar.com\/avatar\/a6fb6bf5c84cdaa375389c43448e2bb88db4600d8fc5be6c42a410789075740f?s=96&d=mm&r=g","url":"https:\/\/secure.gravatar.com\/avatar\/a6fb6bf5c84cdaa375389c43448e2bb88db4600d8fc5be6c42a410789075740f?s=96&d=mm&r=g","contentUrl":"https:\/\/secure.gravatar.com\/avatar\/a6fb6bf5c84cdaa375389c43448e2bb88db4600d8fc5be6c42a410789075740f?s=96&d=mm&r=g","caption":"www.gay.blog.br"},"description":"Receba as not\u00edcias pelo Telegram!","sameAs":["https:\/\/facebook.com\/gayblogbr","https:\/\/instagram.com\/gayblogbr","https:\/\/www.linkedin.com\/company\/gayblogbr\/","https:\/\/pinterest.com\/gayblogbr\/","https:\/\/x.com\/https:\/\/bsky.app\/profile\/gayblogbr.bsky.social","https:\/\/www.youtube.com\/@GAYBLOGBR","https:\/\/pt.wikipedia.org\/wiki\/Gay_Blog_Br"],"url":"https:\/\/gay.blog.br\/es\/author\/oaudaznavegante\/"}]}},"jetpack_publicize_connections":[],"jetpack_featured_media_url":"https:\/\/i0.wp.com\/gay.blog.br\/wp-content\/uploads\/2020\/01\/82590247_2830977276963527_1142012996344610816_o.jpg?fit=960%2C598&ssl=1","jetpack_sharing_enabled":true,"jetpack_shortlink":"https:\/\/wp.me\/p6klkK-sve","jetpack_likes_enabled":false,"amp_enabled":true,"_links":{"self":[{"href":"https:\/\/gay.blog.br\/es\/wp-json\/wp\/v2\/posts\/109568","targetHints":{"allow":["GET"]}}],"collection":[{"href":"https:\/\/gay.blog.br\/es\/wp-json\/wp\/v2\/posts"}],"about":[{"href":"https:\/\/gay.blog.br\/es\/wp-json\/wp\/v2\/types\/post"}],"author":[{"embeddable":true,"href":"https:\/\/gay.blog.br\/es\/wp-json\/wp\/v2\/users\/2"}],"replies":[{"embeddable":true,"href":"https:\/\/gay.blog.br\/es\/wp-json\/wp\/v2\/comments?post=109568"}],"version-history":[{"count":0,"href":"https:\/\/gay.blog.br\/es\/wp-json\/wp\/v2\/posts\/109568\/revisions"}],"wp:featuredmedia":[{"embeddable":true,"href":"https:\/\/gay.blog.br\/es\/wp-json\/wp\/v2\/media\/78143"}],"wp:attachment":[{"href":"https:\/\/gay.blog.br\/es\/wp-json\/wp\/v2\/media?parent=109568"}],"wp:term":[{"taxonomy":"category","embeddable":true,"href":"https:\/\/gay.blog.br\/es\/wp-json\/wp\/v2\/categories?post=109568"},{"taxonomy":"post_tag","embeddable":true,"href":"https:\/\/gay.blog.br\/es\/wp-json\/wp\/v2\/tags?post=109568"}],"curies":[{"name":"wp","href":"https:\/\/api.w.org\/{rel}","templated":true}]}}