{"id":109660,"date":"2020-02-01T20:46:35","date_gmt":"2020-02-01T23:46:35","guid":{"rendered":"https:\/\/gay.blog.br\/?p=109660"},"modified":"2021-02-01T14:06:01","modified_gmt":"2021-02-01T17:06:01","slug":"jugador-de-futbol-se-tine-el-pelo-en-apoyo-a-la-causa-lgbtq","status":"publish","type":"post","link":"https:\/\/gay.blog.br\/es\/gay-es\/jugador-de-futbol-se-tine-el-pelo-en-apoyo-a-la-causa-lgbtq\/","title":{"rendered":"Jugador de f\u00fatbol se ti\u00f1e el pelo en apoyo a la causa LGBTQ+"},"content":{"rendered":"<p style=\"text-align: justify;\">El <a href=\"https:\/\/gay.blog.br\/?s=futebol\">futbolista<\/a> mexicano <strong>Nahuel &#8216;El Pat\u00f3n&#8217; Guzm\u00e1n<\/strong> hizo un cambio radical en su cabello en apoyo a la causa LGBTQ+ y mostr\u00f3 con orgullo la noticia a sus 300.000 seguidores <a href=\"https:\/\/www.instagram.com\/nahuelguzman111\/\">en la red social Instagram<\/a>.<\/p>\n<figure id=\"attachment_34391\" aria-describedby=\"caption-attachment-34391\" style=\"width: 923px\" class=\"wp-caption aligncenter\"><img data-recalc-dims=\"1\" loading=\"lazy\" decoding=\"async\" class=\"size-full wp-image-34391\" src=\"https:\/\/i0.wp.com\/gay.blog.br\/wp-content\/uploads\/2020\/02\/Screenshot_3.png?resize=696%2C461&#038;ssl=1\" alt=\"f\u00fatbol\" width=\"696\" height=\"461\" srcset=\"https:\/\/i0.wp.com\/gay.blog.br\/wp-content\/uploads\/2020\/02\/Screenshot_3.png?w=923&amp;ssl=1 923w, https:\/\/i0.wp.com\/gay.blog.br\/wp-content\/uploads\/2020\/02\/Screenshot_3.png?resize=300%2C199&amp;ssl=1 300w, https:\/\/i0.wp.com\/gay.blog.br\/wp-content\/uploads\/2020\/02\/Screenshot_3.png?resize=150%2C99&amp;ssl=1 150w, https:\/\/i0.wp.com\/gay.blog.br\/wp-content\/uploads\/2020\/02\/Screenshot_3.png?resize=768%2C508&amp;ssl=1 768w, https:\/\/i0.wp.com\/gay.blog.br\/wp-content\/uploads\/2020\/02\/Screenshot_3.png?resize=696%2C461&amp;ssl=1 696w, https:\/\/i0.wp.com\/gay.blog.br\/wp-content\/uploads\/2020\/02\/Screenshot_3.png?resize=634%2C420&amp;ssl=1 634w\" sizes=\"auto, (max-width: 696px) 100vw, 696px\" \/><figcaption id=\"caption-attachment-34391\" class=\"wp-caption-text\">Foto: reproducci\u00f3n @ <a tabindex=\"-1\" href=\"https:\/\/www.instagram.com\/nahuelguzman111\/\" target=\"_blank\" rel=\"noopener noreferrer\">nahuelguzman111<\/a><\/figcaption><\/figure>\n<figure id=\"attachment_34393\" aria-describedby=\"caption-attachment-34393\" style=\"width: 720px\" class=\"wp-caption aligncenter\"><img data-recalc-dims=\"1\" loading=\"lazy\" decoding=\"async\" class=\"size-full wp-image-34393\" src=\"https:\/\/i0.wp.com\/gay.blog.br\/wp-content\/uploads\/2020\/02\/las-historias-del-paton-guzman___nzc0QKuz_720x0__1.jpg?resize=696%2C1245&#038;ssl=1\" alt=\"\" width=\"696\" height=\"1245\" srcset=\"https:\/\/i0.wp.com\/gay.blog.br\/wp-content\/uploads\/2020\/02\/las-historias-del-paton-guzman___nzc0QKuz_720x0__1.jpg?w=720&amp;ssl=1 720w, https:\/\/i0.wp.com\/gay.blog.br\/wp-content\/uploads\/2020\/02\/las-historias-del-paton-guzman___nzc0QKuz_720x0__1.jpg?resize=168%2C300&amp;ssl=1 168w, https:\/\/i0.wp.com\/gay.blog.br\/wp-content\/uploads\/2020\/02\/las-historias-del-paton-guzman___nzc0QKuz_720x0__1.jpg?resize=572%2C1024&amp;ssl=1 572w, https:\/\/i0.wp.com\/gay.blog.br\/wp-content\/uploads\/2020\/02\/las-historias-del-paton-guzman___nzc0QKuz_720x0__1.jpg?resize=84%2C150&amp;ssl=1 84w, https:\/\/i0.wp.com\/gay.blog.br\/wp-content\/uploads\/2020\/02\/las-historias-del-paton-guzman___nzc0QKuz_720x0__1.jpg?resize=696%2C1245&amp;ssl=1 696w, https:\/\/i0.wp.com\/gay.blog.br\/wp-content\/uploads\/2020\/02\/las-historias-del-paton-guzman___nzc0QKuz_720x0__1.jpg?resize=235%2C420&amp;ssl=1 235w, https:\/\/i0.wp.com\/gay.blog.br\/wp-content\/uploads\/2020\/02\/las-historias-del-paton-guzman___nzc0QKuz_720x0__1.jpg?resize=470%2C840&amp;ssl=1 470w\" sizes=\"auto, (max-width: 696px) 100vw, 696px\" \/><figcaption id=\"caption-attachment-34393\" class=\"wp-caption-text\">Foto: reproducci\u00f3n @ nahuelguzman111<\/figcaption><\/figure>\n<p style=\"text-align: justify;\">Con su cabello te\u00f1ido con los colores del arco\u00edris, <strong>El Pat\u00f3n<\/strong> tambi\u00e9n explic\u00f3 en <em>la Historia<\/em> el origen de la bandera LGBTQIA+ dise\u00f1ada por Gilbert Baker y el significado de los respectivos colores.<\/p>\n<figure id=\"attachment_34395\" aria-describedby=\"caption-attachment-34395\" style=\"width: 1256px\" class=\"wp-caption aligncenter\"><img data-recalc-dims=\"1\" loading=\"lazy\" decoding=\"async\" class=\"size-full wp-image-34395\" src=\"https:\/\/i0.wp.com\/gay.blog.br\/wp-content\/uploads\/2020\/02\/el-look-del-paton-guzman___WQTtzrVA_1256x620__1.jpg?resize=696%2C344&#038;ssl=1\" alt=\"\" width=\"696\" height=\"344\" srcset=\"https:\/\/i0.wp.com\/gay.blog.br\/wp-content\/uploads\/2020\/02\/el-look-del-paton-guzman___WQTtzrVA_1256x620__1.jpg?w=1256&amp;ssl=1 1256w, https:\/\/i0.wp.com\/gay.blog.br\/wp-content\/uploads\/2020\/02\/el-look-del-paton-guzman___WQTtzrVA_1256x620__1.jpg?resize=300%2C148&amp;ssl=1 300w, https:\/\/i0.wp.com\/gay.blog.br\/wp-content\/uploads\/2020\/02\/el-look-del-paton-guzman___WQTtzrVA_1256x620__1.jpg?resize=1024%2C505&amp;ssl=1 1024w, https:\/\/i0.wp.com\/gay.blog.br\/wp-content\/uploads\/2020\/02\/el-look-del-paton-guzman___WQTtzrVA_1256x620__1.jpg?resize=150%2C74&amp;ssl=1 150w, https:\/\/i0.wp.com\/gay.blog.br\/wp-content\/uploads\/2020\/02\/el-look-del-paton-guzman___WQTtzrVA_1256x620__1.jpg?resize=768%2C379&amp;ssl=1 768w, https:\/\/i0.wp.com\/gay.blog.br\/wp-content\/uploads\/2020\/02\/el-look-del-paton-guzman___WQTtzrVA_1256x620__1.jpg?resize=696%2C344&amp;ssl=1 696w, https:\/\/i0.wp.com\/gay.blog.br\/wp-content\/uploads\/2020\/02\/el-look-del-paton-guzman___WQTtzrVA_1256x620__1.jpg?resize=1068%2C527&amp;ssl=1 1068w, https:\/\/i0.wp.com\/gay.blog.br\/wp-content\/uploads\/2020\/02\/el-look-del-paton-guzman___WQTtzrVA_1256x620__1.jpg?resize=851%2C420&amp;ssl=1 851w, https:\/\/i0.wp.com\/gay.blog.br\/wp-content\/uploads\/2020\/02\/el-look-del-paton-guzman___WQTtzrVA_1256x620__1.jpg?resize=324%2C160&amp;ssl=1 324w, https:\/\/i0.wp.com\/gay.blog.br\/wp-content\/uploads\/2020\/02\/el-look-del-paton-guzman___WQTtzrVA_1256x620__1.jpg?resize=648%2C320&amp;ssl=1 648w\" sizes=\"auto, (max-width: 696px) 100vw, 696px\" \/><figcaption id=\"caption-attachment-34395\" class=\"wp-caption-text\">Foto: reproducci\u00f3n @ nahuelguzman111<\/figcaption><\/figure>\n<figure id=\"attachment_34396\" aria-describedby=\"caption-attachment-34396\" style=\"width: 789px\" class=\"wp-caption aligncenter\"><img data-recalc-dims=\"1\" loading=\"lazy\" decoding=\"async\" class=\"size-full wp-image-34396\" src=\"https:\/\/i0.wp.com\/gay.blog.br\/wp-content\/uploads\/2020\/02\/Screenshot_4.png?resize=696%2C721&#038;ssl=1\" alt=\"\" width=\"696\" height=\"721\" srcset=\"https:\/\/i0.wp.com\/gay.blog.br\/wp-content\/uploads\/2020\/02\/Screenshot_4.png?w=789&amp;ssl=1 789w, https:\/\/i0.wp.com\/gay.blog.br\/wp-content\/uploads\/2020\/02\/Screenshot_4.png?resize=290%2C300&amp;ssl=1 290w, https:\/\/i0.wp.com\/gay.blog.br\/wp-content\/uploads\/2020\/02\/Screenshot_4.png?resize=145%2C150&amp;ssl=1 145w, https:\/\/i0.wp.com\/gay.blog.br\/wp-content\/uploads\/2020\/02\/Screenshot_4.png?resize=768%2C795&amp;ssl=1 768w, https:\/\/i0.wp.com\/gay.blog.br\/wp-content\/uploads\/2020\/02\/Screenshot_4.png?resize=696%2C721&amp;ssl=1 696w, https:\/\/i0.wp.com\/gay.blog.br\/wp-content\/uploads\/2020\/02\/Screenshot_4.png?resize=406%2C420&amp;ssl=1 406w\" sizes=\"auto, (max-width: 696px) 100vw, 696px\" \/><figcaption id=\"caption-attachment-34396\" class=\"wp-caption-text\">Foto: reproducci\u00f3n @ nahuelguzman111<\/figcaption><\/figure>\n<figure id=\"attachment_34397\" aria-describedby=\"caption-attachment-34397\" style=\"width: 659px\" class=\"wp-caption aligncenter\"><img data-recalc-dims=\"1\" loading=\"lazy\" decoding=\"async\" class=\"size-full wp-image-34397\" src=\"https:\/\/i0.wp.com\/gay.blog.br\/wp-content\/uploads\/2020\/02\/Screenshot_6.png?resize=659%2C828&#038;ssl=1\" alt=\"\" width=\"659\" height=\"828\" srcset=\"https:\/\/i0.wp.com\/gay.blog.br\/wp-content\/uploads\/2020\/02\/Screenshot_6.png?w=659&amp;ssl=1 659w, https:\/\/i0.wp.com\/gay.blog.br\/wp-content\/uploads\/2020\/02\/Screenshot_6.png?resize=239%2C300&amp;ssl=1 239w, https:\/\/i0.wp.com\/gay.blog.br\/wp-content\/uploads\/2020\/02\/Screenshot_6.png?resize=119%2C150&amp;ssl=1 119w, https:\/\/i0.wp.com\/gay.blog.br\/wp-content\/uploads\/2020\/02\/Screenshot_6.png?resize=334%2C420&amp;ssl=1 334w\" sizes=\"auto, (max-width: 659px) 100vw, 659px\" \/><figcaption id=\"caption-attachment-34397\" class=\"wp-caption-text\">Foto: reproducci\u00f3n @ nahuelguzman111<\/figcaption><\/figure>\n<figure id=\"attachment_34398\" aria-describedby=\"caption-attachment-34398\" style=\"width: 625px\" class=\"wp-caption aligncenter\"><img data-recalc-dims=\"1\" loading=\"lazy\" decoding=\"async\" class=\"size-full wp-image-34398\" src=\"https:\/\/i0.wp.com\/gay.blog.br\/wp-content\/uploads\/2020\/02\/Screenshot_7.png?resize=625%2C834&#038;ssl=1\" alt=\"\" width=\"625\" height=\"834\" srcset=\"https:\/\/i0.wp.com\/gay.blog.br\/wp-content\/uploads\/2020\/02\/Screenshot_7.png?w=625&amp;ssl=1 625w, https:\/\/i0.wp.com\/gay.blog.br\/wp-content\/uploads\/2020\/02\/Screenshot_7.png?resize=225%2C300&amp;ssl=1 225w, https:\/\/i0.wp.com\/gay.blog.br\/wp-content\/uploads\/2020\/02\/Screenshot_7.png?resize=112%2C150&amp;ssl=1 112w, https:\/\/i0.wp.com\/gay.blog.br\/wp-content\/uploads\/2020\/02\/Screenshot_7.png?resize=315%2C420&amp;ssl=1 315w\" sizes=\"auto, (max-width: 625px) 100vw, 625px\" \/><figcaption id=\"caption-attachment-34398\" class=\"wp-caption-text\">Foto: reproducci\u00f3n @ nahuelguzman111<\/figcaption><\/figure>\n<p style=\"text-align: justify;\"><strong>TODXS<\/strong><\/p>\n<p style=\"text-align: justify;\">Luego del primer juego con el nuevo look, el jugador mexicano volvi\u00f3 a celebrar la diversidad con una publicaci\u00f3n <a href=\"https:\/\/twitter.com\/PatonGuzman\">en Twitter<\/a> e <a href=\"https:\/\/www.instagram.com\/nahuelguzman111\/\">Instagram<\/a>. Guzm\u00e1n incluso se propuso construir un lenguaje m\u00e1s inclusivo, utilizando el pronombre indefinido sin g\u00e9nero \u00abtodxs\u00bb, que a menudo se usa tambi\u00e9n en portugu\u00e9s para respetar a las personas no binarias. En la leyenda, el siguiente texto:<\/p>\n<p style=\"text-align: justify;\"><em>\u00abA\u00f1o 2020 en el planeta Tierra. Los casos de discriminaci\u00f3n homof\u00f3bica siguen presentes en nuestra sociedad, en el f\u00fatbol no es una excepci\u00f3n. Comprender nuestra enorme diversidad social y derechos e inclusi\u00f3n avanzados es un compromiso de todxs #igualdad\u00bb<\/em> &#8211; en traducci\u00f3n libre.<\/p>\n<blockquote class=\"twitter-tweet\" data-width=\"550\" data-dnt=\"true\">\n<p lang=\"es\" dir=\"ltr\">A\u00f1o 2020 en el Planeta Tierra.<br \/>Los casos de discriminaci\u00f3n homof\u00f3bica siguen presentes en nuestra sociedad y el f\u00fatbol no es la excepci\u00f3n.<br \/>Entender nuestra enorme diversidad social y avanzar en los derechos x la inclusi\u00f3n es compromiso de todxs.<a href=\"https:\/\/twitter.com\/hashtag\/Igualdad?src=hash&amp;ref_src=twsrc%5Etfw\">#Igualdad<\/a> <a href=\"https:\/\/t.co\/r2MqnwWNme\">pic.twitter.com\/r2MqnwWNme<\/a><\/p>\n<p>&mdash; Nahuel.I.Guzman (@PatonGuzman) <a href=\"https:\/\/twitter.com\/PatonGuzman\/status\/1216437634068877312?ref_src=twsrc%5Etfw\">January 12, 2020<\/a><\/p><\/blockquote>\n<p><script async src=\"https:\/\/platform.twitter.com\/widgets.js\" charset=\"utf-8\"><\/script><\/p>\n<p style=\"text-align: justify;\"><strong>NUEVAS REGLAS DE LA FIFA<\/strong><\/p>\n<p style=\"text-align: justify;\">Bajo las <a href=\"https:\/\/img.fifa.com\/image\/upload\/eukqwuptuclcddzqjdlu.pdf\">nuevas reglas de la FIFA vigentes desde 2019<\/a>, se determina que los \u00e1rbitros deben dar por finalizados los partidos si no se detienen los coros cargados de mensajes homof\u00f3bicos, que comenzaron en el f\u00fatbol mexicano y se extendieron por Am\u00e9rica. Sin embargo, estas reglas a menudo se ignoran en la pr\u00e1ctica.<\/p>\n<p style=\"text-align: justify;\">Varios gestos para abordar esta cultura de la homofobia en los estadios ya fueron realizados por la selecci\u00f3n mexicana de f\u00fatbol durante la semana #FootballPeople 2019. La muestra de apoyo de Guzm\u00e1n env\u00eda un mensaje muy importante, siendo uno de los jugadores de la Serie A.<\/p>\n<blockquote class=\"twitter-tweet\" data-width=\"550\" data-dnt=\"true\">\n<p lang=\"es\" dir=\"ltr\">Nahuel Guzm\u00e1n recibi\u00f3 una bandera de parte de una reportera de LGBT News Monterrey. <\/p>\n<p>El Pat\u00f3n sali\u00f3 en la jornada 1 con el pelo pintado de esos colores para manifestar su apoyo a la comunidad. <a href=\"https:\/\/t.co\/AXagbF2V2W\">pic.twitter.com\/AXagbF2V2W<\/a><\/p>\n<p>&mdash; Luis David Rodr\u00edguez (@Luis17Rdz) <a href=\"https:\/\/twitter.com\/Luis17Rdz\/status\/1220436467593424896?ref_src=twsrc%5Etfw\">January 23, 2020<\/a><\/p><\/blockquote>\n<p><script async src=\"https:\/\/platform.twitter.com\/widgets.js\" charset=\"utf-8\"><\/script><\/p>\n<p style=\"text-align: justify;\"><strong>HOMOFOBIA CON HINCHAS DEL FLAMENGO<\/strong><\/p>\n<p style=\"text-align: justify;\">La <strong>Procurador\u00eda Federal de los Derechos de los Ciudadanos (PFDC)<\/strong>, un \u00f3rgano de la <strong>La Fiscal\u00eda Federal<\/strong>quiere que la <strong>Confederaci\u00f3n Brasile\u00f1a de F\u00fatbol (CBF)<\/strong> y el <strong>Consejo Nacional de Deportes (CNE)<\/strong> adopta medidas para enfrentar y prevenir la homofobia y transfobia en campeonatos de f\u00fatbol y otras competiciones deportivas nacionales.<\/p>\n<p style=\"text-align: justify;\">La solicitud de medidas para combatir la homotransfobia en las competiciones deportivas se basa en una denuncia enviada a la PFDC por el Ministerio P\u00fablico del Distrito Federal y Territorios en la que un simpatizante informa que fue blanco de agresiones homof\u00f3bicas luego de ser filmado con su novio en un partido entre <strong>Flamengo<\/strong> y <strong>Vasco<\/strong> en el Estadio Man\u00e9 Garricha, en Brasilia\/DF. La filmaci\u00f3n fue publicada en la red mundial y ampliamente compartido por los hinchas, con numerosos comentarios homof\u00f3bicos.<\/p>\n<blockquote class=\"wp-embedded-content\" data-secret=\"v9w86FHoJY\"><p><a href=\"https:\/\/gay.blog.br\/direitos\/apos-caso-de-homofobia-ministerio-publico-cobra-providencias-da-cbf\/\">Ap\u00f3s caso de homofobia, Minist\u00e9rio P\u00fablico cobra provid\u00eancias da CBF<\/a><\/p><\/blockquote>\n<p><iframe loading=\"lazy\" class=\"wp-embedded-content\" sandbox=\"allow-scripts\" security=\"restricted\" style=\"position: absolute; clip: rect(1px, 1px, 1px, 1px);\" title=\"&#8220;Ap\u00f3s caso de homofobia, Minist\u00e9rio P\u00fablico cobra provid\u00eancias da CBF&#8221; &#8212; GAY BLOG BR @gayblogbr\" src=\"https:\/\/gay.blog.br\/direitos\/apos-caso-de-homofobia-ministerio-publico-cobra-providencias-da-cbf\/embed\/#?secret=v9w86FHoJY\" data-secret=\"v9w86FHoJY\" width=\"600\" height=\"338\" frameborder=\"0\" marginwidth=\"0\" marginheight=\"0\" scrolling=\"no\"><\/iframe><\/p>\n","protected":false},"excerpt":{"rendered":"<p>El futbolista mexicano Nahuel &#8216;El Pat\u00f3n&#8217; Guzm\u00e1n cambia radicalmente de look y respalda el apoyo a la comunidad LGBTQ+ en sus redes sociales.<\/p>\n","protected":false},"author":2840,"featured_media":78159,"comment_status":"open","ping_status":"open","sticky":false,"template":"","format":"standard","meta":{"googlesitekit_rrm_CAoiEBg-BXrJeACjO8p49SE4kTY:productID":"","tdm_status":"","tdm_grid_status":"","_jetpack_newsletter_access":"","_jetpack_dont_email_post_to_subs":false,"_jetpack_newsletter_tier_id":0,"_jetpack_memberships_contains_paywalled_content":false,"_jetpack_memberships_contains_paid_content":false,"footnotes":"","jetpack_publicize_message":"Jugador de f\u00fatbol se ti\u00f1e el pelo en apoyo a la causa LGBTQ+","jetpack_publicize_feature_enabled":true,"jetpack_social_post_already_shared":true,"jetpack_social_options":{"image_generator_settings":{"template":"highway","default_image_id":0,"font":"","enabled":false},"version":2},"_wpas_customize_per_network":false,"jetpack_post_was_ever_published":false},"categories":[589932189,589932144],"tags":[589937007,589933048,589937008,589933790,589933160,589937009],"class_list":{"0":"post-109660","1":"post","2":"type-post","3":"status-publish","4":"format-standard","5":"has-post-thumbnail","7":"category-deportes","8":"category-gay-es","9":"tag-cabello","10":"tag-futbol","11":"tag-gilbert-baker-es","12":"tag-jugador","13":"tag-mexico-es","14":"tag-nahuel-el-paton-guzman-es"},"yoast_head":"<!-- This site is optimized with the Yoast SEO plugin v27.4 - https:\/\/yoast.com\/product\/yoast-seo-wordpress\/ -->\n<title>Jugador de f\u00fatbol se ti\u00f1e el pelo en apoyo a la causa LGBTQ+<\/title>\n<meta name=\"description\" content=\"El futbolista mexicano Nahuel &#039;El Pat\u00f3n&#039; Guzm\u00e1n cambia radicalmente de look y respalda el apoyo a la comunidad LGBTQ+ en sus redes sociales.\" \/>\n<meta name=\"robots\" content=\"index, follow, max-snippet:-1, max-image-preview:large, max-video-preview:-1\" \/>\n<link rel=\"canonical\" href=\"https:\/\/gay.blog.br\/es\/gay-es\/jugador-de-futbol-se-tine-el-pelo-en-apoyo-a-la-causa-lgbtq\/\" \/>\n<meta property=\"og:locale\" content=\"es_ES\" \/>\n<meta property=\"og:type\" content=\"article\" \/>\n<meta property=\"og:title\" content=\"Jugador de f\u00fatbol se ti\u00f1e el pelo en apoyo a la causa LGBTQ+\" \/>\n<meta property=\"og:description\" content=\"El futbolista mexicano Nahuel &#039;El Pat\u00f3n&#039; Guzm\u00e1n cambia radicalmente de look y respalda el apoyo a la comunidad LGBTQ+ en sus redes sociales.\" \/>\n<meta property=\"og:url\" content=\"https:\/\/gay.blog.br\/es\/gay-es\/jugador-de-futbol-se-tine-el-pelo-en-apoyo-a-la-causa-lgbtq\/\" \/>\n<meta property=\"og:site_name\" content=\"GAY BLOG BR @gayblogbr\" \/>\n<meta property=\"article:publisher\" content=\"https:\/\/facebook.com\/gayblogbr\" \/>\n<meta property=\"article:author\" content=\"https:\/\/www.facebook.com\/braianavilla\/\" \/>\n<meta property=\"article:published_time\" content=\"2020-02-01T23:46:35+00:00\" \/>\n<meta property=\"article:modified_time\" content=\"2021-02-01T17:06:01+00:00\" \/>\n<meta property=\"og:image\" content=\"https:\/\/i0.wp.com\/gay.blog.br\/wp-content\/uploads\/2020\/02\/el-look-del-paton-guzman___WQTtzrVA_1256x620__1.jpg?fit=1256%2C620&ssl=1\" \/>\n\t<meta property=\"og:image:width\" content=\"1256\" \/>\n\t<meta property=\"og:image:height\" content=\"620\" \/>\n\t<meta property=\"og:image:type\" content=\"image\/jpeg\" \/>\n<meta name=\"author\" content=\"Braian Avilla\" \/>\n<meta name=\"twitter:card\" content=\"summary_large_image\" \/>\n<meta name=\"twitter:creator\" content=\"@https:\/\/twitter.com\/braianavilla\" \/>\n<meta name=\"twitter:site\" content=\"@gayblogbr\" \/>\n<meta name=\"twitter:label1\" content=\"Escrito por\" \/>\n\t<meta name=\"twitter:data1\" content=\"Braian Avilla\" \/>\n\t<meta name=\"twitter:label2\" content=\"Tiempo de lectura\" \/>\n\t<meta name=\"twitter:data2\" content=\"3 minutos\" \/>\n<script type=\"application\/ld+json\" class=\"yoast-schema-graph\">{\"@context\":\"https:\\\/\\\/schema.org\",\"@graph\":[{\"@type\":\"Article\",\"@id\":\"https:\\\/\\\/gay.blog.br\\\/es\\\/gay-es\\\/jugador-de-futbol-se-tine-el-pelo-en-apoyo-a-la-causa-lgbtq\\\/#article\",\"isPartOf\":{\"@id\":\"https:\\\/\\\/gay.blog.br\\\/es\\\/gay-es\\\/jugador-de-futbol-se-tine-el-pelo-en-apoyo-a-la-causa-lgbtq\\\/\"},\"author\":{\"name\":\"Braian Avilla\",\"@id\":\"https:\\\/\\\/gay.blog.br\\\/es\\\/#\\\/schema\\\/person\\\/6c30c671c60b5594c884ac9dc658face\"},\"headline\":\"Jugador de f\u00fatbol se ti\u00f1e el pelo en apoyo a la causa LGBTQ+\",\"datePublished\":\"2020-02-01T23:46:35+00:00\",\"dateModified\":\"2021-02-01T17:06:01+00:00\",\"mainEntityOfPage\":{\"@id\":\"https:\\\/\\\/gay.blog.br\\\/es\\\/gay-es\\\/jugador-de-futbol-se-tine-el-pelo-en-apoyo-a-la-causa-lgbtq\\\/\"},\"wordCount\":547,\"commentCount\":0,\"publisher\":{\"@id\":\"https:\\\/\\\/gay.blog.br\\\/es\\\/#organization\"},\"image\":{\"@id\":\"https:\\\/\\\/gay.blog.br\\\/es\\\/gay-es\\\/jugador-de-futbol-se-tine-el-pelo-en-apoyo-a-la-causa-lgbtq\\\/#primaryimage\"},\"thumbnailUrl\":\"https:\\\/\\\/i0.wp.com\\\/gay.blog.br\\\/wp-content\\\/uploads\\\/2020\\\/02\\\/el-look-del-paton-guzman___WQTtzrVA_1256x620__1.jpg?fit=1256%2C620&ssl=1\",\"keywords\":[\"cabello\",\"f\u00fatbol\",\"gilbert baker\",\"jugador\",\"m\u00e9xico\",\"Nahuel \u2018El Pat\u00f3n\u2019 Guzm\u00e1n\"],\"articleSection\":[\"DEPORTES\",\"GAY\"],\"inLanguage\":\"es\",\"potentialAction\":[{\"@type\":\"CommentAction\",\"name\":\"Comment\",\"target\":[\"https:\\\/\\\/gay.blog.br\\\/es\\\/gay-es\\\/jugador-de-futbol-se-tine-el-pelo-en-apoyo-a-la-causa-lgbtq\\\/#respond\"]}]},{\"@type\":\"WebPage\",\"@id\":\"https:\\\/\\\/gay.blog.br\\\/es\\\/gay-es\\\/jugador-de-futbol-se-tine-el-pelo-en-apoyo-a-la-causa-lgbtq\\\/\",\"url\":\"https:\\\/\\\/gay.blog.br\\\/es\\\/gay-es\\\/jugador-de-futbol-se-tine-el-pelo-en-apoyo-a-la-causa-lgbtq\\\/\",\"name\":\"Jugador de f\u00fatbol se ti\u00f1e el pelo en apoyo a la causa LGBTQ+\",\"isPartOf\":{\"@id\":\"https:\\\/\\\/gay.blog.br\\\/es\\\/#website\"},\"primaryImageOfPage\":{\"@id\":\"https:\\\/\\\/gay.blog.br\\\/es\\\/gay-es\\\/jugador-de-futbol-se-tine-el-pelo-en-apoyo-a-la-causa-lgbtq\\\/#primaryimage\"},\"image\":{\"@id\":\"https:\\\/\\\/gay.blog.br\\\/es\\\/gay-es\\\/jugador-de-futbol-se-tine-el-pelo-en-apoyo-a-la-causa-lgbtq\\\/#primaryimage\"},\"thumbnailUrl\":\"https:\\\/\\\/i0.wp.com\\\/gay.blog.br\\\/wp-content\\\/uploads\\\/2020\\\/02\\\/el-look-del-paton-guzman___WQTtzrVA_1256x620__1.jpg?fit=1256%2C620&ssl=1\",\"datePublished\":\"2020-02-01T23:46:35+00:00\",\"dateModified\":\"2021-02-01T17:06:01+00:00\",\"description\":\"El futbolista mexicano Nahuel 'El Pat\u00f3n' Guzm\u00e1n cambia radicalmente de look y respalda el apoyo a la comunidad LGBTQ+ en sus redes sociales.\",\"breadcrumb\":{\"@id\":\"https:\\\/\\\/gay.blog.br\\\/es\\\/gay-es\\\/jugador-de-futbol-se-tine-el-pelo-en-apoyo-a-la-causa-lgbtq\\\/#breadcrumb\"},\"inLanguage\":\"es\",\"potentialAction\":[{\"@type\":\"ReadAction\",\"target\":[\"https:\\\/\\\/gay.blog.br\\\/es\\\/gay-es\\\/jugador-de-futbol-se-tine-el-pelo-en-apoyo-a-la-causa-lgbtq\\\/\"]}]},{\"@type\":\"ImageObject\",\"inLanguage\":\"es\",\"@id\":\"https:\\\/\\\/gay.blog.br\\\/es\\\/gay-es\\\/jugador-de-futbol-se-tine-el-pelo-en-apoyo-a-la-causa-lgbtq\\\/#primaryimage\",\"url\":\"https:\\\/\\\/i0.wp.com\\\/gay.blog.br\\\/wp-content\\\/uploads\\\/2020\\\/02\\\/el-look-del-paton-guzman___WQTtzrVA_1256x620__1.jpg?fit=1256%2C620&ssl=1\",\"contentUrl\":\"https:\\\/\\\/i0.wp.com\\\/gay.blog.br\\\/wp-content\\\/uploads\\\/2020\\\/02\\\/el-look-del-paton-guzman___WQTtzrVA_1256x620__1.jpg?fit=1256%2C620&ssl=1\",\"width\":1256,\"height\":620,\"caption\":\"Foto: reprodu\u00e7\u00e3o @nahuelguzman111\"},{\"@type\":\"BreadcrumbList\",\"@id\":\"https:\\\/\\\/gay.blog.br\\\/es\\\/gay-es\\\/jugador-de-futbol-se-tine-el-pelo-en-apoyo-a-la-causa-lgbtq\\\/#breadcrumb\",\"itemListElement\":[{\"@type\":\"ListItem\",\"position\":1,\"name\":\"In\u00edcio\",\"item\":\"https:\\\/\\\/gay.blog.br\\\/es\\\/\"},{\"@type\":\"ListItem\",\"position\":2,\"name\":\"Jugador de f\u00fatbol se ti\u00f1e el pelo en apoyo a la causa LGBTQ+\"}]},{\"@type\":\"WebSite\",\"@id\":\"https:\\\/\\\/gay.blog.br\\\/es\\\/#website\",\"url\":\"https:\\\/\\\/gay.blog.br\\\/es\\\/\",\"name\":\"GAY BLOG BR @gayblogbr\",\"description\":\"Not\u00edcias que empoderam e\\\/ou entret\u00eam s\u00e3o especialidades da casa\",\"publisher\":{\"@id\":\"https:\\\/\\\/gay.blog.br\\\/es\\\/#organization\"},\"potentialAction\":[{\"@type\":\"SearchAction\",\"target\":{\"@type\":\"EntryPoint\",\"urlTemplate\":\"https:\\\/\\\/gay.blog.br\\\/es\\\/?s={search_term_string}\"},\"query-input\":{\"@type\":\"PropertyValueSpecification\",\"valueRequired\":true,\"valueName\":\"search_term_string\"}}],\"inLanguage\":\"es\"},{\"@type\":\"Organization\",\"@id\":\"https:\\\/\\\/gay.blog.br\\\/es\\\/#organization\",\"name\":\"GAY BLOG BR\",\"url\":\"https:\\\/\\\/gay.blog.br\\\/es\\\/\",\"logo\":{\"@type\":\"ImageObject\",\"inLanguage\":\"es\",\"@id\":\"https:\\\/\\\/gay.blog.br\\\/es\\\/#\\\/schema\\\/logo\\\/image\\\/\",\"url\":\"https:\\\/\\\/i0.wp.com\\\/gay.blog.br\\\/wp-content\\\/uploads\\\/2023\\\/08\\\/gay180px.png?fit=272%2C90&ssl=1\",\"contentUrl\":\"https:\\\/\\\/i0.wp.com\\\/gay.blog.br\\\/wp-content\\\/uploads\\\/2023\\\/08\\\/gay180px.png?fit=272%2C90&ssl=1\",\"width\":272,\"height\":90,\"caption\":\"GAY BLOG BR\"},\"image\":{\"@id\":\"https:\\\/\\\/gay.blog.br\\\/es\\\/#\\\/schema\\\/logo\\\/image\\\/\"},\"sameAs\":[\"https:\\\/\\\/facebook.com\\\/gayblogbr\",\"https:\\\/\\\/x.com\\\/gayblogbr\",\"https:\\\/\\\/instagram.com\\\/gayblogbr\",\"https:\\\/\\\/www.linkedin.com\\\/company\\\/gayblogbr\\\/\",\"https:\\\/\\\/br.pinterest.com\\\/gayblogbr\\\/\",\"https:\\\/\\\/www.youtube.com\\\/channel\\\/UCdEu3JXLOB-wvWAVUF4AIiA\",\"https:\\\/\\\/pt.wikipedia.org\\\/wiki\\\/Gay_Blog_Br\",\"https:\\\/\\\/www.threads.net\\\/@gayblogbr\"]},{\"@type\":\"Person\",\"@id\":\"https:\\\/\\\/gay.blog.br\\\/es\\\/#\\\/schema\\\/person\\\/6c30c671c60b5594c884ac9dc658face\",\"name\":\"Braian Avilla\",\"image\":{\"@type\":\"ImageObject\",\"inLanguage\":\"es\",\"@id\":\"https:\\\/\\\/secure.gravatar.com\\\/avatar\\\/5113fab0b2f2eb859775d9e44b4266b88f3db191de3613502ab3efe63b507d19?s=96&d=mm&r=g\",\"url\":\"https:\\\/\\\/secure.gravatar.com\\\/avatar\\\/5113fab0b2f2eb859775d9e44b4266b88f3db191de3613502ab3efe63b507d19?s=96&d=mm&r=g\",\"contentUrl\":\"https:\\\/\\\/secure.gravatar.com\\\/avatar\\\/5113fab0b2f2eb859775d9e44b4266b88f3db191de3613502ab3efe63b507d19?s=96&d=mm&r=g\",\"caption\":\"Braian Avilla\"},\"description\":\"Just a brazilian writer.\",\"sameAs\":[\"http:\\\/\\\/monologay.gay.blog.br\\\/\",\"https:\\\/\\\/www.facebook.com\\\/braianavilla\\\/\",\"https:\\\/\\\/www.instagram.com\\\/braianavilla\\\/\",\"https:\\\/\\\/x.com\\\/https:\\\/\\\/twitter.com\\\/braianavilla\"],\"url\":\"https:\\\/\\\/gay.blog.br\\\/es\\\/author\\\/easyfashionboy\\\/\"}]}<\/script>\n<!-- \/ Yoast SEO plugin. -->","yoast_head_json":{"title":"Jugador de f\u00fatbol se ti\u00f1e el pelo en apoyo a la causa LGBTQ+","description":"El futbolista mexicano Nahuel 'El Pat\u00f3n' Guzm\u00e1n cambia radicalmente de look y respalda el apoyo a la comunidad LGBTQ+ en sus redes sociales.","robots":{"index":"index","follow":"follow","max-snippet":"max-snippet:-1","max-image-preview":"max-image-preview:large","max-video-preview":"max-video-preview:-1"},"canonical":"https:\/\/gay.blog.br\/es\/gay-es\/jugador-de-futbol-se-tine-el-pelo-en-apoyo-a-la-causa-lgbtq\/","og_locale":"es_ES","og_type":"article","og_title":"Jugador de f\u00fatbol se ti\u00f1e el pelo en apoyo a la causa LGBTQ+","og_description":"El futbolista mexicano Nahuel 'El Pat\u00f3n' Guzm\u00e1n cambia radicalmente de look y respalda el apoyo a la comunidad LGBTQ+ en sus redes sociales.","og_url":"https:\/\/gay.blog.br\/es\/gay-es\/jugador-de-futbol-se-tine-el-pelo-en-apoyo-a-la-causa-lgbtq\/","og_site_name":"GAY BLOG BR @gayblogbr","article_publisher":"https:\/\/facebook.com\/gayblogbr","article_author":"https:\/\/www.facebook.com\/braianavilla\/","article_published_time":"2020-02-01T23:46:35+00:00","article_modified_time":"2021-02-01T17:06:01+00:00","og_image":[{"width":1256,"height":620,"url":"https:\/\/i0.wp.com\/gay.blog.br\/wp-content\/uploads\/2020\/02\/el-look-del-paton-guzman___WQTtzrVA_1256x620__1.jpg?fit=1256%2C620&ssl=1","type":"image\/jpeg"}],"author":"Braian Avilla","twitter_card":"summary_large_image","twitter_creator":"@https:\/\/twitter.com\/braianavilla","twitter_site":"@gayblogbr","twitter_misc":{"Escrito por":"Braian Avilla","Tiempo de lectura":"3 minutos"},"schema":{"@context":"https:\/\/schema.org","@graph":[{"@type":"Article","@id":"https:\/\/gay.blog.br\/es\/gay-es\/jugador-de-futbol-se-tine-el-pelo-en-apoyo-a-la-causa-lgbtq\/#article","isPartOf":{"@id":"https:\/\/gay.blog.br\/es\/gay-es\/jugador-de-futbol-se-tine-el-pelo-en-apoyo-a-la-causa-lgbtq\/"},"author":{"name":"Braian Avilla","@id":"https:\/\/gay.blog.br\/es\/#\/schema\/person\/6c30c671c60b5594c884ac9dc658face"},"headline":"Jugador de f\u00fatbol se ti\u00f1e el pelo en apoyo a la causa LGBTQ+","datePublished":"2020-02-01T23:46:35+00:00","dateModified":"2021-02-01T17:06:01+00:00","mainEntityOfPage":{"@id":"https:\/\/gay.blog.br\/es\/gay-es\/jugador-de-futbol-se-tine-el-pelo-en-apoyo-a-la-causa-lgbtq\/"},"wordCount":547,"commentCount":0,"publisher":{"@id":"https:\/\/gay.blog.br\/es\/#organization"},"image":{"@id":"https:\/\/gay.blog.br\/es\/gay-es\/jugador-de-futbol-se-tine-el-pelo-en-apoyo-a-la-causa-lgbtq\/#primaryimage"},"thumbnailUrl":"https:\/\/i0.wp.com\/gay.blog.br\/wp-content\/uploads\/2020\/02\/el-look-del-paton-guzman___WQTtzrVA_1256x620__1.jpg?fit=1256%2C620&ssl=1","keywords":["cabello","f\u00fatbol","gilbert baker","jugador","m\u00e9xico","Nahuel \u2018El Pat\u00f3n\u2019 Guzm\u00e1n"],"articleSection":["DEPORTES","GAY"],"inLanguage":"es","potentialAction":[{"@type":"CommentAction","name":"Comment","target":["https:\/\/gay.blog.br\/es\/gay-es\/jugador-de-futbol-se-tine-el-pelo-en-apoyo-a-la-causa-lgbtq\/#respond"]}]},{"@type":"WebPage","@id":"https:\/\/gay.blog.br\/es\/gay-es\/jugador-de-futbol-se-tine-el-pelo-en-apoyo-a-la-causa-lgbtq\/","url":"https:\/\/gay.blog.br\/es\/gay-es\/jugador-de-futbol-se-tine-el-pelo-en-apoyo-a-la-causa-lgbtq\/","name":"Jugador de f\u00fatbol se ti\u00f1e el pelo en apoyo a la causa LGBTQ+","isPartOf":{"@id":"https:\/\/gay.blog.br\/es\/#website"},"primaryImageOfPage":{"@id":"https:\/\/gay.blog.br\/es\/gay-es\/jugador-de-futbol-se-tine-el-pelo-en-apoyo-a-la-causa-lgbtq\/#primaryimage"},"image":{"@id":"https:\/\/gay.blog.br\/es\/gay-es\/jugador-de-futbol-se-tine-el-pelo-en-apoyo-a-la-causa-lgbtq\/#primaryimage"},"thumbnailUrl":"https:\/\/i0.wp.com\/gay.blog.br\/wp-content\/uploads\/2020\/02\/el-look-del-paton-guzman___WQTtzrVA_1256x620__1.jpg?fit=1256%2C620&ssl=1","datePublished":"2020-02-01T23:46:35+00:00","dateModified":"2021-02-01T17:06:01+00:00","description":"El futbolista mexicano Nahuel 'El Pat\u00f3n' Guzm\u00e1n cambia radicalmente de look y respalda el apoyo a la comunidad LGBTQ+ en sus redes sociales.","breadcrumb":{"@id":"https:\/\/gay.blog.br\/es\/gay-es\/jugador-de-futbol-se-tine-el-pelo-en-apoyo-a-la-causa-lgbtq\/#breadcrumb"},"inLanguage":"es","potentialAction":[{"@type":"ReadAction","target":["https:\/\/gay.blog.br\/es\/gay-es\/jugador-de-futbol-se-tine-el-pelo-en-apoyo-a-la-causa-lgbtq\/"]}]},{"@type":"ImageObject","inLanguage":"es","@id":"https:\/\/gay.blog.br\/es\/gay-es\/jugador-de-futbol-se-tine-el-pelo-en-apoyo-a-la-causa-lgbtq\/#primaryimage","url":"https:\/\/i0.wp.com\/gay.blog.br\/wp-content\/uploads\/2020\/02\/el-look-del-paton-guzman___WQTtzrVA_1256x620__1.jpg?fit=1256%2C620&ssl=1","contentUrl":"https:\/\/i0.wp.com\/gay.blog.br\/wp-content\/uploads\/2020\/02\/el-look-del-paton-guzman___WQTtzrVA_1256x620__1.jpg?fit=1256%2C620&ssl=1","width":1256,"height":620,"caption":"Foto: reprodu\u00e7\u00e3o @nahuelguzman111"},{"@type":"BreadcrumbList","@id":"https:\/\/gay.blog.br\/es\/gay-es\/jugador-de-futbol-se-tine-el-pelo-en-apoyo-a-la-causa-lgbtq\/#breadcrumb","itemListElement":[{"@type":"ListItem","position":1,"name":"In\u00edcio","item":"https:\/\/gay.blog.br\/es\/"},{"@type":"ListItem","position":2,"name":"Jugador de f\u00fatbol se ti\u00f1e el pelo en apoyo a la causa LGBTQ+"}]},{"@type":"WebSite","@id":"https:\/\/gay.blog.br\/es\/#website","url":"https:\/\/gay.blog.br\/es\/","name":"GAY BLOG BR @gayblogbr","description":"Not\u00edcias que empoderam e\/ou entret\u00eam s\u00e3o especialidades da casa","publisher":{"@id":"https:\/\/gay.blog.br\/es\/#organization"},"potentialAction":[{"@type":"SearchAction","target":{"@type":"EntryPoint","urlTemplate":"https:\/\/gay.blog.br\/es\/?s={search_term_string}"},"query-input":{"@type":"PropertyValueSpecification","valueRequired":true,"valueName":"search_term_string"}}],"inLanguage":"es"},{"@type":"Organization","@id":"https:\/\/gay.blog.br\/es\/#organization","name":"GAY BLOG BR","url":"https:\/\/gay.blog.br\/es\/","logo":{"@type":"ImageObject","inLanguage":"es","@id":"https:\/\/gay.blog.br\/es\/#\/schema\/logo\/image\/","url":"https:\/\/i0.wp.com\/gay.blog.br\/wp-content\/uploads\/2023\/08\/gay180px.png?fit=272%2C90&ssl=1","contentUrl":"https:\/\/i0.wp.com\/gay.blog.br\/wp-content\/uploads\/2023\/08\/gay180px.png?fit=272%2C90&ssl=1","width":272,"height":90,"caption":"GAY BLOG BR"},"image":{"@id":"https:\/\/gay.blog.br\/es\/#\/schema\/logo\/image\/"},"sameAs":["https:\/\/facebook.com\/gayblogbr","https:\/\/x.com\/gayblogbr","https:\/\/instagram.com\/gayblogbr","https:\/\/www.linkedin.com\/company\/gayblogbr\/","https:\/\/br.pinterest.com\/gayblogbr\/","https:\/\/www.youtube.com\/channel\/UCdEu3JXLOB-wvWAVUF4AIiA","https:\/\/pt.wikipedia.org\/wiki\/Gay_Blog_Br","https:\/\/www.threads.net\/@gayblogbr"]},{"@type":"Person","@id":"https:\/\/gay.blog.br\/es\/#\/schema\/person\/6c30c671c60b5594c884ac9dc658face","name":"Braian Avilla","image":{"@type":"ImageObject","inLanguage":"es","@id":"https:\/\/secure.gravatar.com\/avatar\/5113fab0b2f2eb859775d9e44b4266b88f3db191de3613502ab3efe63b507d19?s=96&d=mm&r=g","url":"https:\/\/secure.gravatar.com\/avatar\/5113fab0b2f2eb859775d9e44b4266b88f3db191de3613502ab3efe63b507d19?s=96&d=mm&r=g","contentUrl":"https:\/\/secure.gravatar.com\/avatar\/5113fab0b2f2eb859775d9e44b4266b88f3db191de3613502ab3efe63b507d19?s=96&d=mm&r=g","caption":"Braian Avilla"},"description":"Just a brazilian writer.","sameAs":["http:\/\/monologay.gay.blog.br\/","https:\/\/www.facebook.com\/braianavilla\/","https:\/\/www.instagram.com\/braianavilla\/","https:\/\/x.com\/https:\/\/twitter.com\/braianavilla"],"url":"https:\/\/gay.blog.br\/es\/author\/easyfashionboy\/"}]}},"jetpack_publicize_connections":[],"jetpack_featured_media_url":"https:\/\/i0.wp.com\/gay.blog.br\/wp-content\/uploads\/2020\/02\/el-look-del-paton-guzman___WQTtzrVA_1256x620__1.jpg?fit=1256%2C620&ssl=1","jetpack_sharing_enabled":true,"jetpack_shortlink":"https:\/\/wp.me\/p6klkK-swI","jetpack_likes_enabled":false,"amp_enabled":true,"_links":{"self":[{"href":"https:\/\/gay.blog.br\/es\/wp-json\/wp\/v2\/posts\/109660","targetHints":{"allow":["GET"]}}],"collection":[{"href":"https:\/\/gay.blog.br\/es\/wp-json\/wp\/v2\/posts"}],"about":[{"href":"https:\/\/gay.blog.br\/es\/wp-json\/wp\/v2\/types\/post"}],"author":[{"embeddable":true,"href":"https:\/\/gay.blog.br\/es\/wp-json\/wp\/v2\/users\/2840"}],"replies":[{"embeddable":true,"href":"https:\/\/gay.blog.br\/es\/wp-json\/wp\/v2\/comments?post=109660"}],"version-history":[{"count":0,"href":"https:\/\/gay.blog.br\/es\/wp-json\/wp\/v2\/posts\/109660\/revisions"}],"wp:featuredmedia":[{"embeddable":true,"href":"https:\/\/gay.blog.br\/es\/wp-json\/wp\/v2\/media\/78159"}],"wp:attachment":[{"href":"https:\/\/gay.blog.br\/es\/wp-json\/wp\/v2\/media?parent=109660"}],"wp:term":[{"taxonomy":"category","embeddable":true,"href":"https:\/\/gay.blog.br\/es\/wp-json\/wp\/v2\/categories?post=109660"},{"taxonomy":"post_tag","embeddable":true,"href":"https:\/\/gay.blog.br\/es\/wp-json\/wp\/v2\/tags?post=109660"}],"curies":[{"name":"wp","href":"https:\/\/api.w.org\/{rel}","templated":true}]}}