{"id":110304,"date":"2021-02-02T14:24:08","date_gmt":"2021-02-02T17:24:08","guid":{"rendered":"https:\/\/gay.blog.br\/?p=110304"},"modified":"2021-02-04T21:37:27","modified_gmt":"2021-02-05T00:37:27","slug":"con-protagonista-trans-inabitavel-es-el-unico-cortometraje-brasileno-seleccionado-para-el-festival-de-sundance","status":"publish","type":"post","link":"https:\/\/gay.blog.br\/es\/cultura-es\/peliculas-tv-y-series\/con-protagonista-trans-inabitavel-es-el-unico-cortometraje-brasileno-seleccionado-para-el-festival-de-sundance\/","title":{"rendered":"Con protagonista trans, \u00abInabit\u00e1vel\u00bb es el \u00fanico cortometraje brasile\u00f1o seleccionado para el Festival de Sundance"},"content":{"rendered":"<p style=\"text-align: justify;\">\u00ab<em>En Brasil, donde una persona trans es asesinada cada tres d\u00edas, Marilene busca a su hija, Roberta, una mujer trans desaparecida. Sin tiempo, descubre la esperanza para el futuro\u00bb<\/em>. Esta es la descripci\u00f3n realizada por el sitio web oficial de <a href=\"https:\/\/fpg.festival.sundance.org\/film-info\/5fd1746304818bcfd06493f2\"><strong>Sundance Film Festival<\/strong><\/a> para <strong>\u00abInabit\u00e1vel\u00bb (<em>Unliveable<\/em>)<\/strong>, producci\u00f3n de <a href=\"https:\/\/www.gatopardofilmes.com\/\">Gatopardo Filmes<\/a>, el \u00fanico cortometraje brasile\u00f1o seleccionado en esta edici\u00f3n 2021. La pel\u00edcula estar\u00e1 disponible en la plataforma del festival hasta el pr\u00f3ximo mi\u00e9rcoles (03).<\/p>\n<p>Mira el teaser:<\/p>\n<p><span class=\"embed-youtube\" style=\"text-align:center; display: block;\"><iframe loading=\"lazy\" class=\"youtube-player\" width=\"696\" height=\"392\" src=\"https:\/\/www.youtube.com\/embed\/4jQr-4k9Hx0?version=3&#038;rel=1&#038;showsearch=0&#038;showinfo=1&#038;iv_load_policy=1&#038;fs=1&#038;hl=es-ES&#038;autohide=2&#038;wmode=transparent\" allowfullscreen=\"true\" style=\"border:0;\" sandbox=\"allow-scripts allow-same-origin allow-popups allow-presentation allow-popups-to-escape-sandbox\"><\/iframe><\/span><\/p>\n<p style=\"text-align: justify;\">La pel\u00edcula presenta a Luciana Souza, una actriz que particip\u00f3 en el reciente \u00e9xito nacional \u00abBacurau\u00bb. \u201cInabit\u00e1vel\u201d ha logrado gran impacto en los 18 festivales en los que se mostr\u00f3, desde su debut en agosto de 2020. La pel\u00edcula ha ganado m\u00e1s de 12 premios, entre ellos el de mejor actriz para Luciana en Gramado y en el <a href=\"https:\/\/gay.blog.br\/noticias\/festival-mixbrasil-anuncia-filmes-premiados-da-28a-edicao-2020\/\"><strong>Festival Mix Brasil<\/strong><\/a>. La actriz habla sobre la pel\u00edcula, los premios y el alcance de las obras dentro del contexto cultural nacional.<\/p>\n<p style=\"text-align: justify;\"><em>\u201cFue una sorpresa ganar estos premios, sobre todo en un momento tan delicado como el que estamos viviendo. Este es un trabajo de denuncia y que dialoga mucho con temas de actualidad. Creo que las repercusiones que ha ido alcanzando tienen que ver con el momento actual de exponer las heridas sociales. Este sentimiento de no ser parte de un lugar es algo que veo en muchas personas. Esto nos da miedo incluso de clamar por nuestros derechos, es un sentimiento como si no tuvi\u00e9ramos ning\u00fan derecho. Me he visto as\u00ed. Son muchas las mujeres que sufren la desaparici\u00f3n de sus seres queridos. Esto est\u00e1 relacionado con una serie de cuestiones de g\u00e9nero, raza y clase social. Entonces, trat\u00e9 de observar los grupos que discuten y hacen que la sociedad mire el problema.\u201d<\/em>, dice la actriz.<\/p>\n<p style=\"text-align: justify;\">Seg\u00fan una nota en el sitio web oficial de Sundance, la pel\u00edcula estar\u00e1 disponible durante todo el Festival con la compra de un pase: <em>\u00abEl d\u00eda y la hora listados indican cu\u00e1ndo comienza la ventana de visualizaci\u00f3n. Nota: Todas las vistas solo se pueden ver una vez. Despu\u00e9s de ponerlos en pantalla, tendr\u00e1 cuatro horas para terminarlo. Para los cortometrajes, al hacer clic en el bot\u00f3n \u201cVer el programa corto\u201d se inicia su exhibici\u00f3n \u00fanica y la ventana de cuatro horas para todos los cortometrajes dentro del programa. Puede pausar la pel\u00edcula y rebobinar o avanzar r\u00e1pidamente a otros cortos, pero debe reanudar la visualizaci\u00f3n antes de que se cierre la ventana de cuatro horas.\u00bb<\/em>.<\/p>\n<h3><strong>SERVICIO<\/strong><\/h3>\n<p><strong>\u00abInabit\u00e1vel\u00bb (<em>Unliveable<\/em>) &#8211; 2020<br \/>\nHasta el 03\/02\/2021<br \/>\nEn el \u00abProgram 2\u00bb de cortos del <a href=\"https:\/\/fpg.festival.sundance.org\/film-info\/5fd1746304818bcfd06493f2\">SUNDANCE FILM FESTIVAL 2021<\/a><br \/>\nValores: US$ 15 (sesi\u00f3n \u00fanica) y US$ 35 (free pass)<br \/>\nM\u00e1s info: <a href=\"http:\/\/tickets.festival.sundance.org\">tickets.festival.sundance.org<\/a><\/strong><\/p>\n<p>Clasificaci\u00f3n: 12 a\u00f1os<br \/>\nDIRECCI\u00d3N: Matheus Farias, Enock Carvalho<br \/>\nPA\u00cdS: Brasil (Recife-PE)<br \/>\nA\u00d1O: 2020<br \/>\nDURACI\u00d3N: 20\u2032<\/p>\n<p>Elenco: Luciana Souza, Sophia William, Erlene Melo, Eduarda Lemos<br \/>\nGui\u00f3n: Matheus Farias, Enock Carvalho<br \/>\nFotograf\u00eda: Gustavo Pessoa<br \/>\nMontaje: Matheus Farias<br \/>\nSonido: Lucas Caminha, Nicolau Domingues<br \/>\nProducci\u00f3n: Matheus Farias, Enock Carvalho<\/p>\n","protected":false},"excerpt":{"rendered":"<p>En la 28\u00aa edici\u00f3n del Festival MixBrasil, \u201cInabit\u00e1vel\u201d gan\u00f3, por parte del jurado, en las categor\u00edas \u00abMejor Gui\u00f3n\u00bb y \u00abMejor Interpretaci\u00f3n\u00bb (Luciana Souza)<\/p>\n","protected":false},"author":3379,"featured_media":109925,"comment_status":"open","ping_status":"open","sticky":false,"template":"","format":"standard","meta":{"googlesitekit_rrm_CAoiEBg-BXrJeACjO8p49SE4kTY:productID":"","tdm_status":"","tdm_grid_status":"","_jetpack_newsletter_access":"","_jetpack_dont_email_post_to_subs":false,"_jetpack_newsletter_tier_id":0,"_jetpack_memberships_contains_paywalled_content":false,"_jetpack_memberships_contains_paid_content":false,"footnotes":"","jetpack_publicize_message":"Con protagonista trans, \"Inabit\u00e1vel\" es el \u00fanico cortometraje brasile\u00f1o seleccionado para el Festival de Sundance","jetpack_publicize_feature_enabled":true,"jetpack_social_post_already_shared":true,"jetpack_social_options":{"image_generator_settings":{"template":"highway","default_image_id":0,"font":"","enabled":false},"version":2},"_wpas_customize_per_network":false,"jetpack_post_was_ever_published":false},"categories":[589932231,589932230,589932279],"tags":[589937093,589934522,589933418,589937094,589933780,589937092,589932541],"class_list":{"0":"post-110304","1":"post","2":"type-post","3":"status-publish","4":"format-standard","5":"has-post-thumbnail","7":"category-noticias-es","8":"category-peliculas-tv-y-series","9":"category-trans-es","10":"tag-bacurau-es","11":"tag-cine","12":"tag-festival-es","13":"tag-inabitavel-es","14":"tag-pelicula","15":"tag-sundance-es","16":"tag-trans-es"},"yoast_head":"<!-- This site is optimized with the Yoast SEO plugin v27.4 - https:\/\/yoast.com\/product\/yoast-seo-wordpress\/ -->\n<title>Con protagonista trans, &quot;Inabit\u00e1vel&quot; es el \u00fanico cortometraje brasile\u00f1o seleccionado para el Festival de Sundance<\/title>\n<meta name=\"description\" content=\"En la 28\u00aa edici\u00f3n del Festival MixBrasil, \u201cInabit\u00e1vel\u201d gan\u00f3, por parte del jurado, en las categor\u00edas &quot;Mejor Gui\u00f3n&quot; y &quot;Mejor Interpretaci\u00f3n&quot; (Luciana Souza)\" \/>\n<meta name=\"robots\" content=\"index, follow, max-snippet:-1, max-image-preview:large, max-video-preview:-1\" \/>\n<link rel=\"canonical\" href=\"https:\/\/gay.blog.br\/es\/cultura-es\/peliculas-tv-y-series\/con-protagonista-trans-inabitavel-es-el-unico-cortometraje-brasileno-seleccionado-para-el-festival-de-sundance\/\" \/>\n<meta property=\"og:locale\" content=\"es_ES\" \/>\n<meta property=\"og:type\" content=\"article\" \/>\n<meta property=\"og:title\" content=\"Con protagonista trans, &quot;Inabit\u00e1vel&quot; es el \u00fanico cortometraje brasile\u00f1o seleccionado para el Festival de Sundance\" \/>\n<meta property=\"og:description\" content=\"En la 28\u00aa edici\u00f3n del Festival MixBrasil, \u201cInabit\u00e1vel\u201d gan\u00f3, por parte del jurado, en las categor\u00edas &quot;Mejor Gui\u00f3n&quot; y &quot;Mejor Interpretaci\u00f3n&quot; (Luciana Souza)\" \/>\n<meta property=\"og:url\" content=\"https:\/\/gay.blog.br\/es\/cultura-es\/peliculas-tv-y-series\/con-protagonista-trans-inabitavel-es-el-unico-cortometraje-brasileno-seleccionado-para-el-festival-de-sundance\/\" \/>\n<meta property=\"og:site_name\" content=\"GAY BLOG BR @gayblogbr\" \/>\n<meta property=\"article:publisher\" content=\"https:\/\/facebook.com\/gayblogbr\" \/>\n<meta property=\"article:published_time\" content=\"2021-02-02T17:24:08+00:00\" \/>\n<meta property=\"article:modified_time\" content=\"2021-02-05T00:37:27+00:00\" \/>\n<meta property=\"og:image\" content=\"https:\/\/i1.wp.com\/gay.blog.br\/wp-content\/uploads\/2021\/02\/inabitavel06-creditos-gustavo-pessoa-Copia.jpg?fit=1200%2C734&ssl=1\" \/>\n\t<meta property=\"og:image:width\" content=\"1200\" \/>\n\t<meta property=\"og:image:height\" content=\"734\" \/>\n\t<meta property=\"og:image:type\" content=\"image\/jpeg\" \/>\n<meta name=\"author\" content=\"Daniel Luiz\" \/>\n<meta name=\"twitter:card\" content=\"summary_large_image\" \/>\n<meta name=\"twitter:creator\" content=\"@https:\/\/twitter.com\/latinoameryca\" \/>\n<meta name=\"twitter:site\" content=\"@gayblogbr\" \/>\n<meta name=\"twitter:label1\" content=\"Escrito por\" \/>\n\t<meta name=\"twitter:data1\" content=\"Daniel Luiz\" \/>\n\t<meta name=\"twitter:label2\" content=\"Tiempo de lectura\" \/>\n\t<meta name=\"twitter:data2\" content=\"3 minutos\" \/>\n<script type=\"application\/ld+json\" class=\"yoast-schema-graph\">{\"@context\":\"https:\\\/\\\/schema.org\",\"@graph\":[{\"@type\":\"Article\",\"@id\":\"https:\\\/\\\/gay.blog.br\\\/es\\\/cultura-es\\\/peliculas-tv-y-series\\\/con-protagonista-trans-inabitavel-es-el-unico-cortometraje-brasileno-seleccionado-para-el-festival-de-sundance\\\/#article\",\"isPartOf\":{\"@id\":\"https:\\\/\\\/gay.blog.br\\\/es\\\/cultura-es\\\/peliculas-tv-y-series\\\/con-protagonista-trans-inabitavel-es-el-unico-cortometraje-brasileno-seleccionado-para-el-festival-de-sundance\\\/\"},\"author\":{\"name\":\"Daniel Luiz\",\"@id\":\"https:\\\/\\\/gay.blog.br\\\/es\\\/#\\\/schema\\\/person\\\/e537056e1dbd099285b96c079eb672ce\"},\"headline\":\"Con protagonista trans, \u00abInabit\u00e1vel\u00bb es el \u00fanico cortometraje brasile\u00f1o seleccionado para el Festival de Sundance\",\"datePublished\":\"2021-02-02T17:24:08+00:00\",\"dateModified\":\"2021-02-05T00:37:27+00:00\",\"mainEntityOfPage\":{\"@id\":\"https:\\\/\\\/gay.blog.br\\\/es\\\/cultura-es\\\/peliculas-tv-y-series\\\/con-protagonista-trans-inabitavel-es-el-unico-cortometraje-brasileno-seleccionado-para-el-festival-de-sundance\\\/\"},\"wordCount\":540,\"commentCount\":0,\"publisher\":{\"@id\":\"https:\\\/\\\/gay.blog.br\\\/es\\\/#organization\"},\"image\":{\"@id\":\"https:\\\/\\\/gay.blog.br\\\/es\\\/cultura-es\\\/peliculas-tv-y-series\\\/con-protagonista-trans-inabitavel-es-el-unico-cortometraje-brasileno-seleccionado-para-el-festival-de-sundance\\\/#primaryimage\"},\"thumbnailUrl\":\"https:\\\/\\\/i0.wp.com\\\/gay.blog.br\\\/wp-content\\\/uploads\\\/2021\\\/02\\\/inabitavel06-creditos-gustavo-pessoa-Copia.jpg?fit=1200%2C734&ssl=1\",\"keywords\":[\"Bacurau\",\"cine\",\"festival\",\"Inabit\u00e1vel\",\"pel\u00edcula\",\"sundance\",\"trans\"],\"articleSection\":[\"NOT\u00cdCIAS\",\"PEL\u00cdCULAS, TV y SERIES\",\"TRANS\"],\"inLanguage\":\"es\",\"potentialAction\":[{\"@type\":\"CommentAction\",\"name\":\"Comment\",\"target\":[\"https:\\\/\\\/gay.blog.br\\\/es\\\/cultura-es\\\/peliculas-tv-y-series\\\/con-protagonista-trans-inabitavel-es-el-unico-cortometraje-brasileno-seleccionado-para-el-festival-de-sundance\\\/#respond\"]}]},{\"@type\":\"WebPage\",\"@id\":\"https:\\\/\\\/gay.blog.br\\\/es\\\/cultura-es\\\/peliculas-tv-y-series\\\/con-protagonista-trans-inabitavel-es-el-unico-cortometraje-brasileno-seleccionado-para-el-festival-de-sundance\\\/\",\"url\":\"https:\\\/\\\/gay.blog.br\\\/es\\\/cultura-es\\\/peliculas-tv-y-series\\\/con-protagonista-trans-inabitavel-es-el-unico-cortometraje-brasileno-seleccionado-para-el-festival-de-sundance\\\/\",\"name\":\"Con protagonista trans, \\\"Inabit\u00e1vel\\\" es el \u00fanico cortometraje brasile\u00f1o seleccionado para el Festival de Sundance\",\"isPartOf\":{\"@id\":\"https:\\\/\\\/gay.blog.br\\\/es\\\/#website\"},\"primaryImageOfPage\":{\"@id\":\"https:\\\/\\\/gay.blog.br\\\/es\\\/cultura-es\\\/peliculas-tv-y-series\\\/con-protagonista-trans-inabitavel-es-el-unico-cortometraje-brasileno-seleccionado-para-el-festival-de-sundance\\\/#primaryimage\"},\"image\":{\"@id\":\"https:\\\/\\\/gay.blog.br\\\/es\\\/cultura-es\\\/peliculas-tv-y-series\\\/con-protagonista-trans-inabitavel-es-el-unico-cortometraje-brasileno-seleccionado-para-el-festival-de-sundance\\\/#primaryimage\"},\"thumbnailUrl\":\"https:\\\/\\\/i0.wp.com\\\/gay.blog.br\\\/wp-content\\\/uploads\\\/2021\\\/02\\\/inabitavel06-creditos-gustavo-pessoa-Copia.jpg?fit=1200%2C734&ssl=1\",\"datePublished\":\"2021-02-02T17:24:08+00:00\",\"dateModified\":\"2021-02-05T00:37:27+00:00\",\"description\":\"En la 28\u00aa edici\u00f3n del Festival MixBrasil, \u201cInabit\u00e1vel\u201d gan\u00f3, por parte del jurado, en las categor\u00edas \\\"Mejor Gui\u00f3n\\\" y \\\"Mejor Interpretaci\u00f3n\\\" (Luciana Souza)\",\"breadcrumb\":{\"@id\":\"https:\\\/\\\/gay.blog.br\\\/es\\\/cultura-es\\\/peliculas-tv-y-series\\\/con-protagonista-trans-inabitavel-es-el-unico-cortometraje-brasileno-seleccionado-para-el-festival-de-sundance\\\/#breadcrumb\"},\"inLanguage\":\"es\",\"potentialAction\":[{\"@type\":\"ReadAction\",\"target\":[\"https:\\\/\\\/gay.blog.br\\\/es\\\/cultura-es\\\/peliculas-tv-y-series\\\/con-protagonista-trans-inabitavel-es-el-unico-cortometraje-brasileno-seleccionado-para-el-festival-de-sundance\\\/\"]}]},{\"@type\":\"ImageObject\",\"inLanguage\":\"es\",\"@id\":\"https:\\\/\\\/gay.blog.br\\\/es\\\/cultura-es\\\/peliculas-tv-y-series\\\/con-protagonista-trans-inabitavel-es-el-unico-cortometraje-brasileno-seleccionado-para-el-festival-de-sundance\\\/#primaryimage\",\"url\":\"https:\\\/\\\/i0.wp.com\\\/gay.blog.br\\\/wp-content\\\/uploads\\\/2021\\\/02\\\/inabitavel06-creditos-gustavo-pessoa-Copia.jpg?fit=1200%2C734&ssl=1\",\"contentUrl\":\"https:\\\/\\\/i0.wp.com\\\/gay.blog.br\\\/wp-content\\\/uploads\\\/2021\\\/02\\\/inabitavel06-creditos-gustavo-pessoa-Copia.jpg?fit=1200%2C734&ssl=1\",\"width\":1200,\"height\":734,\"caption\":\"Festival Sundance de Cinema exibe filme nacional com personagem central trans\"},{\"@type\":\"BreadcrumbList\",\"@id\":\"https:\\\/\\\/gay.blog.br\\\/es\\\/cultura-es\\\/peliculas-tv-y-series\\\/con-protagonista-trans-inabitavel-es-el-unico-cortometraje-brasileno-seleccionado-para-el-festival-de-sundance\\\/#breadcrumb\",\"itemListElement\":[{\"@type\":\"ListItem\",\"position\":1,\"name\":\"In\u00edcio\",\"item\":\"https:\\\/\\\/gay.blog.br\\\/es\\\/\"},{\"@type\":\"ListItem\",\"position\":2,\"name\":\"Con protagonista trans, \u00abInabit\u00e1vel\u00bb es el \u00fanico cortometraje brasile\u00f1o seleccionado para el Festival de Sundance\"}]},{\"@type\":\"WebSite\",\"@id\":\"https:\\\/\\\/gay.blog.br\\\/es\\\/#website\",\"url\":\"https:\\\/\\\/gay.blog.br\\\/es\\\/\",\"name\":\"GAY BLOG BR @gayblogbr\",\"description\":\"Not\u00edcias que empoderam e\\\/ou entret\u00eam s\u00e3o especialidades da casa\",\"publisher\":{\"@id\":\"https:\\\/\\\/gay.blog.br\\\/es\\\/#organization\"},\"potentialAction\":[{\"@type\":\"SearchAction\",\"target\":{\"@type\":\"EntryPoint\",\"urlTemplate\":\"https:\\\/\\\/gay.blog.br\\\/es\\\/?s={search_term_string}\"},\"query-input\":{\"@type\":\"PropertyValueSpecification\",\"valueRequired\":true,\"valueName\":\"search_term_string\"}}],\"inLanguage\":\"es\"},{\"@type\":\"Organization\",\"@id\":\"https:\\\/\\\/gay.blog.br\\\/es\\\/#organization\",\"name\":\"GAY BLOG BR\",\"url\":\"https:\\\/\\\/gay.blog.br\\\/es\\\/\",\"logo\":{\"@type\":\"ImageObject\",\"inLanguage\":\"es\",\"@id\":\"https:\\\/\\\/gay.blog.br\\\/es\\\/#\\\/schema\\\/logo\\\/image\\\/\",\"url\":\"https:\\\/\\\/i0.wp.com\\\/gay.blog.br\\\/wp-content\\\/uploads\\\/2023\\\/08\\\/gay180px.png?fit=272%2C90&ssl=1\",\"contentUrl\":\"https:\\\/\\\/i0.wp.com\\\/gay.blog.br\\\/wp-content\\\/uploads\\\/2023\\\/08\\\/gay180px.png?fit=272%2C90&ssl=1\",\"width\":272,\"height\":90,\"caption\":\"GAY BLOG BR\"},\"image\":{\"@id\":\"https:\\\/\\\/gay.blog.br\\\/es\\\/#\\\/schema\\\/logo\\\/image\\\/\"},\"sameAs\":[\"https:\\\/\\\/facebook.com\\\/gayblogbr\",\"https:\\\/\\\/x.com\\\/gayblogbr\",\"https:\\\/\\\/instagram.com\\\/gayblogbr\",\"https:\\\/\\\/www.linkedin.com\\\/company\\\/gayblogbr\\\/\",\"https:\\\/\\\/br.pinterest.com\\\/gayblogbr\\\/\",\"https:\\\/\\\/www.youtube.com\\\/channel\\\/UCdEu3JXLOB-wvWAVUF4AIiA\",\"https:\\\/\\\/pt.wikipedia.org\\\/wiki\\\/Gay_Blog_Br\",\"https:\\\/\\\/www.threads.net\\\/@gayblogbr\"]},{\"@type\":\"Person\",\"@id\":\"https:\\\/\\\/gay.blog.br\\\/es\\\/#\\\/schema\\\/person\\\/e537056e1dbd099285b96c079eb672ce\",\"name\":\"Daniel Luiz\",\"image\":{\"@type\":\"ImageObject\",\"inLanguage\":\"es\",\"@id\":\"https:\\\/\\\/secure.gravatar.com\\\/avatar\\\/cdbe9194b06e44a0c7ce5c22f06069a50cface7a3c1ef619bb4da2aba1e62066?s=96&d=mm&r=g\",\"url\":\"https:\\\/\\\/secure.gravatar.com\\\/avatar\\\/cdbe9194b06e44a0c7ce5c22f06069a50cface7a3c1ef619bb4da2aba1e62066?s=96&d=mm&r=g\",\"contentUrl\":\"https:\\\/\\\/secure.gravatar.com\\\/avatar\\\/cdbe9194b06e44a0c7ce5c22f06069a50cface7a3c1ef619bb4da2aba1e62066?s=96&d=mm&r=g\",\"caption\":\"Daniel Luiz\"},\"description\":\"Catarinense, 25 anos e professor de Literatura e L\u00edngua Inglesa. Homem gay, apaixonado por m\u00fasica e que respira futebol e cultura latino-americana.\",\"sameAs\":[\"https:\\\/\\\/x.com\\\/https:\\\/\\\/twitter.com\\\/latinoameryca\"],\"url\":\"https:\\\/\\\/gay.blog.br\\\/es\\\/author\\\/dluizmiranda\\\/\"}]}<\/script>\n<!-- \/ Yoast SEO plugin. -->","yoast_head_json":{"title":"Con protagonista trans, \"Inabit\u00e1vel\" es el \u00fanico cortometraje brasile\u00f1o seleccionado para el Festival de Sundance","description":"En la 28\u00aa edici\u00f3n del Festival MixBrasil, \u201cInabit\u00e1vel\u201d gan\u00f3, por parte del jurado, en las categor\u00edas \"Mejor Gui\u00f3n\" y \"Mejor Interpretaci\u00f3n\" (Luciana Souza)","robots":{"index":"index","follow":"follow","max-snippet":"max-snippet:-1","max-image-preview":"max-image-preview:large","max-video-preview":"max-video-preview:-1"},"canonical":"https:\/\/gay.blog.br\/es\/cultura-es\/peliculas-tv-y-series\/con-protagonista-trans-inabitavel-es-el-unico-cortometraje-brasileno-seleccionado-para-el-festival-de-sundance\/","og_locale":"es_ES","og_type":"article","og_title":"Con protagonista trans, \"Inabit\u00e1vel\" es el \u00fanico cortometraje brasile\u00f1o seleccionado para el Festival de Sundance","og_description":"En la 28\u00aa edici\u00f3n del Festival MixBrasil, \u201cInabit\u00e1vel\u201d gan\u00f3, por parte del jurado, en las categor\u00edas \"Mejor Gui\u00f3n\" y \"Mejor Interpretaci\u00f3n\" (Luciana Souza)","og_url":"https:\/\/gay.blog.br\/es\/cultura-es\/peliculas-tv-y-series\/con-protagonista-trans-inabitavel-es-el-unico-cortometraje-brasileno-seleccionado-para-el-festival-de-sundance\/","og_site_name":"GAY BLOG BR @gayblogbr","article_publisher":"https:\/\/facebook.com\/gayblogbr","article_published_time":"2021-02-02T17:24:08+00:00","article_modified_time":"2021-02-05T00:37:27+00:00","og_image":[{"width":1200,"height":734,"url":"https:\/\/i1.wp.com\/gay.blog.br\/wp-content\/uploads\/2021\/02\/inabitavel06-creditos-gustavo-pessoa-Copia.jpg?fit=1200%2C734&ssl=1","type":"image\/jpeg"}],"author":"Daniel Luiz","twitter_card":"summary_large_image","twitter_creator":"@https:\/\/twitter.com\/latinoameryca","twitter_site":"@gayblogbr","twitter_misc":{"Escrito por":"Daniel Luiz","Tiempo de lectura":"3 minutos"},"schema":{"@context":"https:\/\/schema.org","@graph":[{"@type":"Article","@id":"https:\/\/gay.blog.br\/es\/cultura-es\/peliculas-tv-y-series\/con-protagonista-trans-inabitavel-es-el-unico-cortometraje-brasileno-seleccionado-para-el-festival-de-sundance\/#article","isPartOf":{"@id":"https:\/\/gay.blog.br\/es\/cultura-es\/peliculas-tv-y-series\/con-protagonista-trans-inabitavel-es-el-unico-cortometraje-brasileno-seleccionado-para-el-festival-de-sundance\/"},"author":{"name":"Daniel Luiz","@id":"https:\/\/gay.blog.br\/es\/#\/schema\/person\/e537056e1dbd099285b96c079eb672ce"},"headline":"Con protagonista trans, \u00abInabit\u00e1vel\u00bb es el \u00fanico cortometraje brasile\u00f1o seleccionado para el Festival de Sundance","datePublished":"2021-02-02T17:24:08+00:00","dateModified":"2021-02-05T00:37:27+00:00","mainEntityOfPage":{"@id":"https:\/\/gay.blog.br\/es\/cultura-es\/peliculas-tv-y-series\/con-protagonista-trans-inabitavel-es-el-unico-cortometraje-brasileno-seleccionado-para-el-festival-de-sundance\/"},"wordCount":540,"commentCount":0,"publisher":{"@id":"https:\/\/gay.blog.br\/es\/#organization"},"image":{"@id":"https:\/\/gay.blog.br\/es\/cultura-es\/peliculas-tv-y-series\/con-protagonista-trans-inabitavel-es-el-unico-cortometraje-brasileno-seleccionado-para-el-festival-de-sundance\/#primaryimage"},"thumbnailUrl":"https:\/\/i0.wp.com\/gay.blog.br\/wp-content\/uploads\/2021\/02\/inabitavel06-creditos-gustavo-pessoa-Copia.jpg?fit=1200%2C734&ssl=1","keywords":["Bacurau","cine","festival","Inabit\u00e1vel","pel\u00edcula","sundance","trans"],"articleSection":["NOT\u00cdCIAS","PEL\u00cdCULAS, TV y SERIES","TRANS"],"inLanguage":"es","potentialAction":[{"@type":"CommentAction","name":"Comment","target":["https:\/\/gay.blog.br\/es\/cultura-es\/peliculas-tv-y-series\/con-protagonista-trans-inabitavel-es-el-unico-cortometraje-brasileno-seleccionado-para-el-festival-de-sundance\/#respond"]}]},{"@type":"WebPage","@id":"https:\/\/gay.blog.br\/es\/cultura-es\/peliculas-tv-y-series\/con-protagonista-trans-inabitavel-es-el-unico-cortometraje-brasileno-seleccionado-para-el-festival-de-sundance\/","url":"https:\/\/gay.blog.br\/es\/cultura-es\/peliculas-tv-y-series\/con-protagonista-trans-inabitavel-es-el-unico-cortometraje-brasileno-seleccionado-para-el-festival-de-sundance\/","name":"Con protagonista trans, \"Inabit\u00e1vel\" es el \u00fanico cortometraje brasile\u00f1o seleccionado para el Festival de Sundance","isPartOf":{"@id":"https:\/\/gay.blog.br\/es\/#website"},"primaryImageOfPage":{"@id":"https:\/\/gay.blog.br\/es\/cultura-es\/peliculas-tv-y-series\/con-protagonista-trans-inabitavel-es-el-unico-cortometraje-brasileno-seleccionado-para-el-festival-de-sundance\/#primaryimage"},"image":{"@id":"https:\/\/gay.blog.br\/es\/cultura-es\/peliculas-tv-y-series\/con-protagonista-trans-inabitavel-es-el-unico-cortometraje-brasileno-seleccionado-para-el-festival-de-sundance\/#primaryimage"},"thumbnailUrl":"https:\/\/i0.wp.com\/gay.blog.br\/wp-content\/uploads\/2021\/02\/inabitavel06-creditos-gustavo-pessoa-Copia.jpg?fit=1200%2C734&ssl=1","datePublished":"2021-02-02T17:24:08+00:00","dateModified":"2021-02-05T00:37:27+00:00","description":"En la 28\u00aa edici\u00f3n del Festival MixBrasil, \u201cInabit\u00e1vel\u201d gan\u00f3, por parte del jurado, en las categor\u00edas \"Mejor Gui\u00f3n\" y \"Mejor Interpretaci\u00f3n\" (Luciana Souza)","breadcrumb":{"@id":"https:\/\/gay.blog.br\/es\/cultura-es\/peliculas-tv-y-series\/con-protagonista-trans-inabitavel-es-el-unico-cortometraje-brasileno-seleccionado-para-el-festival-de-sundance\/#breadcrumb"},"inLanguage":"es","potentialAction":[{"@type":"ReadAction","target":["https:\/\/gay.blog.br\/es\/cultura-es\/peliculas-tv-y-series\/con-protagonista-trans-inabitavel-es-el-unico-cortometraje-brasileno-seleccionado-para-el-festival-de-sundance\/"]}]},{"@type":"ImageObject","inLanguage":"es","@id":"https:\/\/gay.blog.br\/es\/cultura-es\/peliculas-tv-y-series\/con-protagonista-trans-inabitavel-es-el-unico-cortometraje-brasileno-seleccionado-para-el-festival-de-sundance\/#primaryimage","url":"https:\/\/i0.wp.com\/gay.blog.br\/wp-content\/uploads\/2021\/02\/inabitavel06-creditos-gustavo-pessoa-Copia.jpg?fit=1200%2C734&ssl=1","contentUrl":"https:\/\/i0.wp.com\/gay.blog.br\/wp-content\/uploads\/2021\/02\/inabitavel06-creditos-gustavo-pessoa-Copia.jpg?fit=1200%2C734&ssl=1","width":1200,"height":734,"caption":"Festival Sundance de Cinema exibe filme nacional com personagem central trans"},{"@type":"BreadcrumbList","@id":"https:\/\/gay.blog.br\/es\/cultura-es\/peliculas-tv-y-series\/con-protagonista-trans-inabitavel-es-el-unico-cortometraje-brasileno-seleccionado-para-el-festival-de-sundance\/#breadcrumb","itemListElement":[{"@type":"ListItem","position":1,"name":"In\u00edcio","item":"https:\/\/gay.blog.br\/es\/"},{"@type":"ListItem","position":2,"name":"Con protagonista trans, \u00abInabit\u00e1vel\u00bb es el \u00fanico cortometraje brasile\u00f1o seleccionado para el Festival de Sundance"}]},{"@type":"WebSite","@id":"https:\/\/gay.blog.br\/es\/#website","url":"https:\/\/gay.blog.br\/es\/","name":"GAY BLOG BR @gayblogbr","description":"Not\u00edcias que empoderam e\/ou entret\u00eam s\u00e3o especialidades da casa","publisher":{"@id":"https:\/\/gay.blog.br\/es\/#organization"},"potentialAction":[{"@type":"SearchAction","target":{"@type":"EntryPoint","urlTemplate":"https:\/\/gay.blog.br\/es\/?s={search_term_string}"},"query-input":{"@type":"PropertyValueSpecification","valueRequired":true,"valueName":"search_term_string"}}],"inLanguage":"es"},{"@type":"Organization","@id":"https:\/\/gay.blog.br\/es\/#organization","name":"GAY BLOG BR","url":"https:\/\/gay.blog.br\/es\/","logo":{"@type":"ImageObject","inLanguage":"es","@id":"https:\/\/gay.blog.br\/es\/#\/schema\/logo\/image\/","url":"https:\/\/i0.wp.com\/gay.blog.br\/wp-content\/uploads\/2023\/08\/gay180px.png?fit=272%2C90&ssl=1","contentUrl":"https:\/\/i0.wp.com\/gay.blog.br\/wp-content\/uploads\/2023\/08\/gay180px.png?fit=272%2C90&ssl=1","width":272,"height":90,"caption":"GAY BLOG BR"},"image":{"@id":"https:\/\/gay.blog.br\/es\/#\/schema\/logo\/image\/"},"sameAs":["https:\/\/facebook.com\/gayblogbr","https:\/\/x.com\/gayblogbr","https:\/\/instagram.com\/gayblogbr","https:\/\/www.linkedin.com\/company\/gayblogbr\/","https:\/\/br.pinterest.com\/gayblogbr\/","https:\/\/www.youtube.com\/channel\/UCdEu3JXLOB-wvWAVUF4AIiA","https:\/\/pt.wikipedia.org\/wiki\/Gay_Blog_Br","https:\/\/www.threads.net\/@gayblogbr"]},{"@type":"Person","@id":"https:\/\/gay.blog.br\/es\/#\/schema\/person\/e537056e1dbd099285b96c079eb672ce","name":"Daniel Luiz","image":{"@type":"ImageObject","inLanguage":"es","@id":"https:\/\/secure.gravatar.com\/avatar\/cdbe9194b06e44a0c7ce5c22f06069a50cface7a3c1ef619bb4da2aba1e62066?s=96&d=mm&r=g","url":"https:\/\/secure.gravatar.com\/avatar\/cdbe9194b06e44a0c7ce5c22f06069a50cface7a3c1ef619bb4da2aba1e62066?s=96&d=mm&r=g","contentUrl":"https:\/\/secure.gravatar.com\/avatar\/cdbe9194b06e44a0c7ce5c22f06069a50cface7a3c1ef619bb4da2aba1e62066?s=96&d=mm&r=g","caption":"Daniel Luiz"},"description":"Catarinense, 25 anos e professor de Literatura e L\u00edngua Inglesa. Homem gay, apaixonado por m\u00fasica e que respira futebol e cultura latino-americana.","sameAs":["https:\/\/x.com\/https:\/\/twitter.com\/latinoameryca"],"url":"https:\/\/gay.blog.br\/es\/author\/dluizmiranda\/"}]}},"jetpack_publicize_connections":[],"jetpack_featured_media_url":"https:\/\/i0.wp.com\/gay.blog.br\/wp-content\/uploads\/2021\/02\/inabitavel06-creditos-gustavo-pessoa-Copia.jpg?fit=1200%2C734&ssl=1","jetpack_sharing_enabled":true,"jetpack_shortlink":"https:\/\/wp.me\/p6klkK-sH6","jetpack_likes_enabled":false,"amp_enabled":true,"_links":{"self":[{"href":"https:\/\/gay.blog.br\/es\/wp-json\/wp\/v2\/posts\/110304","targetHints":{"allow":["GET"]}}],"collection":[{"href":"https:\/\/gay.blog.br\/es\/wp-json\/wp\/v2\/posts"}],"about":[{"href":"https:\/\/gay.blog.br\/es\/wp-json\/wp\/v2\/types\/post"}],"author":[{"embeddable":true,"href":"https:\/\/gay.blog.br\/es\/wp-json\/wp\/v2\/users\/3379"}],"replies":[{"embeddable":true,"href":"https:\/\/gay.blog.br\/es\/wp-json\/wp\/v2\/comments?post=110304"}],"version-history":[{"count":0,"href":"https:\/\/gay.blog.br\/es\/wp-json\/wp\/v2\/posts\/110304\/revisions"}],"wp:featuredmedia":[{"embeddable":true,"href":"https:\/\/gay.blog.br\/es\/wp-json\/wp\/v2\/media\/109925"}],"wp:attachment":[{"href":"https:\/\/gay.blog.br\/es\/wp-json\/wp\/v2\/media?parent=110304"}],"wp:term":[{"taxonomy":"category","embeddable":true,"href":"https:\/\/gay.blog.br\/es\/wp-json\/wp\/v2\/categories?post=110304"},{"taxonomy":"post_tag","embeddable":true,"href":"https:\/\/gay.blog.br\/es\/wp-json\/wp\/v2\/tags?post=110304"}],"curies":[{"name":"wp","href":"https:\/\/api.w.org\/{rel}","templated":true}]}}