{"id":111915,"date":"2021-02-13T18:28:06","date_gmt":"2021-02-13T21:28:06","guid":{"rendered":"https:\/\/gay.blog.br\/?p=111915"},"modified":"2021-02-15T23:10:48","modified_gmt":"2021-02-16T02:10:48","slug":"bruno-branquinho-las-politicas-publicas-de-salud-mental-en-brasil-son-insuficientes","status":"publish","type":"post","link":"https:\/\/gay.blog.br\/es\/entrevistas-es\/bruno-branquinho-las-politicas-publicas-de-salud-mental-en-brasil-son-insuficientes\/","title":{"rendered":"Bruno Branquinho: \u00abLas pol\u00edticas p\u00fablicas de salud mental en Brasil son insuficientes\u00bb"},"content":{"rendered":"<p style=\"text-align: justify;\">BPsiquiatra capacitado por el <em>Hospital das Cl\u00ednicas, Facultad de Medicina de la USP<\/em> y psicoanalista de orientaci\u00f3n lacaniana, <strong>Bruno Branquinho (33)<\/strong> maneja su tiempo para servir como voluntario en la <a href=\"http:\/\/gay.blog.br\/?s=casa+1\">Casa 1<\/a> (entidad que acoge a LGBT+ en situaci\u00f3n de vulnerabilidad), escriba al <a href=\"https:\/\/www.cartacapital.com.br\/author\/brunobranquinho\/\">Carta Capital<\/a> y usa sus redes sociales para popularizar el conocimiento de tus seguidores (los \u00abwhiters\u00bb) sobre salud mental.<\/p>\n<p style=\"text-align: justify;\">Nominado a los <a href=\"https:\/\/gay.blog.br\/poc-awards\/votacao-aberta-para-o-poc-awards-2020\/\"><strong>Poc Awards 2020<\/strong><\/a> en la categor\u00eda \u00ab<strong>Gay&#8217;s Anatomy<\/strong>\u00ab, Branquinho recibi\u00f3 el 33% de los votos del p\u00fablico y se llev\u00f3 el trofeo que disput\u00f3 con cinco profesionales m\u00e1s.<\/p>\n<figure id=\"attachment_111776\" aria-describedby=\"caption-attachment-111776\" style=\"width: 1080px\" class=\"wp-caption aligncenter\"><img data-recalc-dims=\"1\" loading=\"lazy\" decoding=\"async\" class=\"size-full wp-image-111776\" src=\"https:\/\/i0.wp.com\/gay.blog.br\/wp-content\/uploads\/2021\/02\/mr.littlewhite_145095566_524238661894720_8193442618268780840_n.jpg?resize=696%2C716&#038;ssl=1\" alt=\"Bruno Branquinho - Reproducci\u00f3n\/Instagram\" width=\"696\" height=\"716\" srcset=\"https:\/\/i0.wp.com\/gay.blog.br\/wp-content\/uploads\/2021\/02\/mr.littlewhite_145095566_524238661894720_8193442618268780840_n.jpg?w=1080&amp;ssl=1 1080w, https:\/\/i0.wp.com\/gay.blog.br\/wp-content\/uploads\/2021\/02\/mr.littlewhite_145095566_524238661894720_8193442618268780840_n.jpg?resize=292%2C300&amp;ssl=1 292w, https:\/\/i0.wp.com\/gay.blog.br\/wp-content\/uploads\/2021\/02\/mr.littlewhite_145095566_524238661894720_8193442618268780840_n.jpg?resize=995%2C1024&amp;ssl=1 995w, https:\/\/i0.wp.com\/gay.blog.br\/wp-content\/uploads\/2021\/02\/mr.littlewhite_145095566_524238661894720_8193442618268780840_n.jpg?resize=146%2C150&amp;ssl=1 146w, https:\/\/i0.wp.com\/gay.blog.br\/wp-content\/uploads\/2021\/02\/mr.littlewhite_145095566_524238661894720_8193442618268780840_n.jpg?resize=768%2C790&amp;ssl=1 768w, https:\/\/i0.wp.com\/gay.blog.br\/wp-content\/uploads\/2021\/02\/mr.littlewhite_145095566_524238661894720_8193442618268780840_n.jpg?resize=696%2C716&amp;ssl=1 696w, https:\/\/i0.wp.com\/gay.blog.br\/wp-content\/uploads\/2021\/02\/mr.littlewhite_145095566_524238661894720_8193442618268780840_n.jpg?resize=1068%2C1099&amp;ssl=1 1068w, https:\/\/i0.wp.com\/gay.blog.br\/wp-content\/uploads\/2021\/02\/mr.littlewhite_145095566_524238661894720_8193442618268780840_n.jpg?resize=408%2C420&amp;ssl=1 408w, https:\/\/i0.wp.com\/gay.blog.br\/wp-content\/uploads\/2021\/02\/mr.littlewhite_145095566_524238661894720_8193442618268780840_n.jpg?resize=817%2C840&amp;ssl=1 817w\" sizes=\"auto, (max-width: 696px) 100vw, 696px\" \/><figcaption id=\"caption-attachment-111776\" class=\"wp-caption-text\">Bruno Branquinho &#8211; Reproducci\u00f3n\/Instagram<\/figcaption><\/figure>\n<p style=\"text-align: justify;\"><b>Has conseguido un elevado n\u00famero de votos en tu categor\u00eda en los Poc Awards 2020, un tercio de los votos. \u00bfFue una sorpresa? <\/b><\/p>\n<p style=\"text-align: justify;\"><em>\u00a1Vaya, me sorprendi\u00f3 mucho! Tanto porque estaba compitiendo con gente a la que admiro mucho, como porque hab\u00eda gente mucho m\u00e1s famosa que yo. Realmente no lo esperaba, pero qued\u00e9 muy feliz y satisfecho con el reconocimiento.<\/em><\/p>\n<p style=\"text-align: justify;\"><b>\u00bfY qu\u00e9 hay de ser un influencer de salud LGBTQIA+, ya viste la posibilidad de expandir tu alcance en las redes o fue algo no planeado? <\/b><\/p>\n<p style=\"text-align: justify;\"><em>De hecho, mis redes siempre han sido solo para uso personal. Hasta hace unos dos a\u00f1os, mi <a href=\"https:\/\/www.instagram.com\/mr.littlewhite\/\">Instagram<\/a>, por ejemplo, estaba cerrado. Pero termin\u00e9 d\u00e1ndome cuenta de que, incluso dentro de mi c\u00edrculo social, muchas personas no sab\u00edan cu\u00e1l era mi profesi\u00f3n. Adem\u00e1s, tambi\u00e9n comenc\u00e9 a sentir falta de hacer algo m\u00e1s activo por parte de la comunidad LGBTQIA+. Entonces, cuando me di cuenta de que pod\u00eda combinar mi trabajo con la causa LGBTQIA+, comenc\u00e9 a usar mis redes tambi\u00e9n para dar a conocer mi trabajo, con informaci\u00f3n sobre salud mental para esta poblaci\u00f3n.<\/em><\/p>\n<p style=\"text-align: justify;\"><b>Eres psiquiatra y psicoanalista &#8211; dos profesiones que trabajan con la mente, aunque con enfoques diferentes. Como activista LGBTQIA+, \u00bfc\u00f3mo ve la salud mental de la comunidad en Brasil de Bolsonaro?<\/b><\/p>\n<p style=\"text-align: justify;\"><em> La comunidad LGBTQIA+, por los prejuicios y la violencia que sufre por ser una minor\u00eda sexual, acaba teniendo muchos impactos negativos en la salud mental. Jair Bolsonaro, desde mucho antes de ocupar el cargo de presidente, ha pronunciado discursos prejuiciosos que fomentan esta violencia. En su gobierno, esto continu\u00f3 y no se tomaron medidas de protecci\u00f3n para nuestra comunidad, aparte del desmantelamiento de algunos servicios esenciales y decisiones desastrosas en varios otros \u00e1mbitos, como econom\u00eda, control de pandemias, medio ambiente, cultura, etc. Todo ello contribuye a un empeoramiento de la salud mental de la poblaci\u00f3n en general, pero con un especial efecto negativo en la comunidad LGBTQIA+, que ya tiene un mayor riesgo y menor acceso a los servicios de salud.<\/em><\/p>\n<p style=\"text-align: justify;\"><b>Adem\u00e1s de m\u00e9dico, tambi\u00e9n eres columnista de <a href=\"https:\/\/www.cartacapital.com.br\/author\/brunobranquinho\/\">Carta Capital<\/a>, que es un veh\u00edculo con mucha circulaci\u00f3n, sobre todo dentro del campo de la izquierda. Sus textos tocan temas delicados y poco discutidos, en algunos casos, dentro de la comunidad. \u00bfC\u00f3mo es la repercusi\u00f3n de tu trabajo como productor intelectual?<\/b><\/p>\n<p style=\"text-align: justify;\"><em>Dada la falta de profesionales calificados y emp\u00e1ticos para atender a la poblaci\u00f3n LGBTQIA+ y la escasez de producci\u00f3n de contenidos de salud dirigidos a esta poblaci\u00f3n, me siento muy realizado y satisfecho de poder producir contenido dirigido a la comunidad y poder entregar informaci\u00f3n de calidad y sin perjuicio de estas personas. Las repercusiones son incre\u00edbles, recibo muchas reacciones positivas de personas que nunca han sido representadas en otros textos. Tambi\u00e9n mucha gente agradeci\u00e9ndome por hablar sobre temas considerados tab\u00fa que son frecuentes dentro de la comunidad, pero que no se hablan en otros espacios medi\u00e1ticos (como, por ejemplo, <a href=\"https:\/\/gay.blog.br\/saude\/chemsex-a-pratica-de-fazer-sexo-sob-efeito-de-drogas\/\">sexo qu\u00edmico &#8211; chemsex<\/a>).<\/em><\/p>\n<p style=\"text-align: justify;\"><b>En las \u00faltimas semanas, una de las controversias m\u00e1s discutidas en Internet ha sido la relaci\u00f3n entre los participantes de BBB dentro de la casa. El actor <a href=\"https:\/\/gay.blog.br\/noticias\/lucas-beija-gilberto-se-declara-bissexual-e-acusado-de-se-apropriar-da-causa-lgbt-e-desiste-do-bbb-21\/\">Lucas Koka Penteado se retir\u00f3 del programa<\/a> luego de varios episodios de violencia psicol\u00f3gica. Despu\u00e9s de salir del armario como bisexual en la televisi\u00f3n nacional, la presi\u00f3n fue tan grande que pidi\u00f3 dejar el programa. \u00bfC\u00f3mo analiza el alcance psicol\u00f3gico de una realidad de encierro?<\/b><\/p>\n<p style=\"text-align: justify;\"><em>Este BBB ha dado algo que decir jaja. Creo que en un reality de encierro, en la que las personas son vistas y filmadas las 24 horas del d\u00eda, es un plato lleno para ver, en detalle, todas las facetas del ser humano, lo bueno y lo malo, que muchas veces en la vida cotidiana son menos reveladas. Adem\u00e1s, est\u00e1 claro que la producci\u00f3n del programa, en busca de audiencia, tambi\u00e9n selecciona a los participantes y manipula situaciones para crear situaciones potencialmente pol\u00e9micas, pues sabe que esto genera m\u00e1s audiencia. En el caso de Lucas, fue algo que me llam\u00f3 la atenci\u00f3n y me puso muy triste. Luego de d\u00edas y d\u00edas de violencia psicol\u00f3gica por parte de la gran mayor\u00eda de la casa, besa al participante Gilberto y asume su bisexualidad, recibiendo preguntas y cr\u00edticas de otros participantes, muchos de ellos tambi\u00e9n LGBTQIA+, culminando con su salida horas despu\u00e9s. Es de destacar que siempre se cuestiona la bisexualidad como orientaci\u00f3n sexual y c\u00f3mo las personas bisexuales sufren la invisibilidad de su orientaci\u00f3n sexual tanto dentro como fuera de la comunidad LGBTQIA+. Hice un IGTV al respecto, \u00a1<a href=\"https:\/\/www.instagram.com\/tv\/CLFf_GMhBZx\/\">m\u00edralo<\/a>!<\/em><\/p>\n<blockquote class=\"instagram-media\" data-instgrm-captioned data-instgrm-permalink=\"https:\/\/www.instagram.com\/tv\/CLFf_GMhBZx\/?utm_source=ig_embed&amp;utm_campaign=loading\" data-instgrm-version=\"13\" style=\" background:#FFF; border:0; border-radius:3px; box-shadow:0 0 1px 0 rgba(0,0,0,0.5),0 1px 10px 0 rgba(0,0,0,0.15); margin: 1px; max-width:658px; min-width:326px; padding:0; width:99.375%; width:-webkit-calc(100% - 2px); width:calc(100% - 2px);\">\n<div style=\"padding:16px;\"> <a href=\"https:\/\/www.instagram.com\/tv\/CLFf_GMhBZx\/?utm_source=ig_embed&amp;utm_campaign=loading\" style=\" background:#FFFFFF; line-height:0; padding:0 0; text-align:center; text-decoration:none; width:100%;\" target=\"_blank\"> <\/p>\n<div style=\" display: flex; flex-direction: row; align-items: center;\">\n<div style=\"background-color: #F4F4F4; border-radius: 50%; flex-grow: 0; height: 40px; margin-right: 14px; width: 40px;\"><\/div>\n<div style=\"display: flex; flex-direction: column; flex-grow: 1; justify-content: center;\">\n<div style=\" background-color: #F4F4F4; border-radius: 4px; flex-grow: 0; height: 14px; margin-bottom: 6px; width: 100px;\"><\/div>\n<div style=\" background-color: #F4F4F4; border-radius: 4px; flex-grow: 0; height: 14px; width: 60px;\"><\/div>\n<\/div>\n<\/div>\n<div style=\"padding: 19% 0;\"><\/div>\n<div style=\"display:block; height:50px; margin:0 auto 12px; width:50px;\"><svg width=\"50px\" height=\"50px\" viewBox=\"0 0 60 60\" version=\"1.1\" xmlns=\"https:\/\/www.w3.org\/2000\/svg\" xmlns:xlink=\"https:\/\/www.w3.org\/1999\/xlink\"><g stroke=\"none\" stroke-width=\"1\" fill=\"none\" fill-rule=\"evenodd\"><g transform=\"translate(-511.000000, -20.000000)\" fill=\"#000000\"><g><path d=\"M556.869,30.41 C554.814,30.41 553.148,32.076 553.148,34.131 C553.148,36.186 554.814,37.852 556.869,37.852 C558.924,37.852 560.59,36.186 560.59,34.131 C560.59,32.076 558.924,30.41 556.869,30.41 M541,60.657 C535.114,60.657 530.342,55.887 530.342,50 C530.342,44.114 535.114,39.342 541,39.342 C546.887,39.342 551.658,44.114 551.658,50 C551.658,55.887 546.887,60.657 541,60.657 M541,33.886 C532.1,33.886 524.886,41.1 524.886,50 C524.886,58.899 532.1,66.113 541,66.113 C549.9,66.113 557.115,58.899 557.115,50 C557.115,41.1 549.9,33.886 541,33.886 M565.378,62.101 C565.244,65.022 564.756,66.606 564.346,67.663 C563.803,69.06 563.154,70.057 562.106,71.106 C561.058,72.155 560.06,72.803 558.662,73.347 C557.607,73.757 556.021,74.244 553.102,74.378 C549.944,74.521 548.997,74.552 541,74.552 C533.003,74.552 532.056,74.521 528.898,74.378 C525.979,74.244 524.393,73.757 523.338,73.347 C521.94,72.803 520.942,72.155 519.894,71.106 C518.846,70.057 518.197,69.06 517.654,67.663 C517.244,66.606 516.755,65.022 516.623,62.101 C516.479,58.943 516.448,57.996 516.448,50 C516.448,42.003 516.479,41.056 516.623,37.899 C516.755,34.978 517.244,33.391 517.654,32.338 C518.197,30.938 518.846,29.942 519.894,28.894 C520.942,27.846 521.94,27.196 523.338,26.654 C524.393,26.244 525.979,25.756 528.898,25.623 C532.057,25.479 533.004,25.448 541,25.448 C548.997,25.448 549.943,25.479 553.102,25.623 C556.021,25.756 557.607,26.244 558.662,26.654 C560.06,27.196 561.058,27.846 562.106,28.894 C563.154,29.942 563.803,30.938 564.346,32.338 C564.756,33.391 565.244,34.978 565.378,37.899 C565.522,41.056 565.552,42.003 565.552,50 C565.552,57.996 565.522,58.943 565.378,62.101 M570.82,37.631 C570.674,34.438 570.167,32.258 569.425,30.349 C568.659,28.377 567.633,26.702 565.965,25.035 C564.297,23.368 562.623,22.342 560.652,21.575 C558.743,20.834 556.562,20.326 553.369,20.18 C550.169,20.033 549.148,20 541,20 C532.853,20 531.831,20.033 528.631,20.18 C525.438,20.326 523.257,20.834 521.349,21.575 C519.376,22.342 517.703,23.368 516.035,25.035 C514.368,26.702 513.342,28.377 512.574,30.349 C511.834,32.258 511.326,34.438 511.181,37.631 C511.035,40.831 511,41.851 511,50 C511,58.147 511.035,59.17 511.181,62.369 C511.326,65.562 511.834,67.743 512.574,69.651 C513.342,71.625 514.368,73.296 516.035,74.965 C517.703,76.634 519.376,77.658 521.349,78.425 C523.257,79.167 525.438,79.673 528.631,79.82 C531.831,79.965 532.853,80.001 541,80.001 C549.148,80.001 550.169,79.965 553.369,79.82 C556.562,79.673 558.743,79.167 560.652,78.425 C562.623,77.658 564.297,76.634 565.965,74.965 C567.633,73.296 568.659,71.625 569.425,69.651 C570.167,67.743 570.674,65.562 570.82,62.369 C570.966,59.17 571,58.147 571,50 C571,41.851 570.966,40.831 570.82,37.631\"><\/path><\/g><\/g><\/g><\/svg><\/div>\n<div style=\"padding-top: 8px;\">\n<div style=\" color:#3897f0; font-family:Arial,sans-serif; font-size:14px; font-style:normal; font-weight:550; line-height:18px;\"> View this post on Instagram<\/div>\n<\/div>\n<div style=\"padding: 12.5% 0;\"><\/div>\n<div style=\"display: flex; flex-direction: row; margin-bottom: 14px; align-items: center;\">\n<div>\n<div style=\"background-color: #F4F4F4; border-radius: 50%; height: 12.5px; width: 12.5px; transform: translateX(0px) translateY(7px);\"><\/div>\n<div style=\"background-color: #F4F4F4; height: 12.5px; transform: rotate(-45deg) translateX(3px) translateY(1px); width: 12.5px; flex-grow: 0; margin-right: 14px; margin-left: 2px;\"><\/div>\n<div style=\"background-color: #F4F4F4; border-radius: 50%; height: 12.5px; width: 12.5px; transform: translateX(9px) translateY(-18px);\"><\/div>\n<\/div>\n<div style=\"margin-left: 8px;\">\n<div style=\" background-color: #F4F4F4; border-radius: 50%; flex-grow: 0; height: 20px; width: 20px;\"><\/div>\n<div style=\" width: 0; height: 0; border-top: 2px solid transparent; border-left: 6px solid #f4f4f4; border-bottom: 2px solid transparent; transform: translateX(16px) translateY(-4px) rotate(30deg)\"><\/div>\n<\/div>\n<div style=\"margin-left: auto;\">\n<div style=\" width: 0px; border-top: 8px solid #F4F4F4; border-right: 8px solid transparent; transform: translateY(16px);\"><\/div>\n<div style=\" background-color: #F4F4F4; flex-grow: 0; height: 12px; width: 16px; transform: translateY(-4px);\"><\/div>\n<div style=\" width: 0; height: 0; border-top: 8px solid #F4F4F4; border-left: 8px solid transparent; transform: translateY(-4px) translateX(8px);\"><\/div>\n<\/div>\n<\/div>\n<div style=\"display: flex; flex-direction: column; flex-grow: 1; justify-content: center; margin-bottom: 24px;\">\n<div style=\" background-color: #F4F4F4; border-radius: 4px; flex-grow: 0; height: 14px; margin-bottom: 6px; width: 224px;\"><\/div>\n<div style=\" background-color: #F4F4F4; border-radius: 4px; flex-grow: 0; height: 14px; width: 144px;\"><\/div>\n<\/div>\n<p><\/a><\/p>\n<p style=\" color:#c9c8cd; font-family:Arial,sans-serif; font-size:14px; line-height:17px; margin-bottom:0; margin-top:8px; overflow:hidden; padding:8px 0 7px; text-align:center; text-overflow:ellipsis; white-space:nowrap;\"><a href=\"https:\/\/www.instagram.com\/tv\/CLFf_GMhBZx\/?utm_source=ig_embed&amp;utm_campaign=loading\" style=\" color:#c9c8cd; font-family:Arial,sans-serif; font-size:14px; font-style:normal; font-weight:normal; line-height:17px; text-decoration:none;\" target=\"_blank\">A post shared by Bruno Branquinho (@mr.littlewhite)<\/a><\/p>\n<\/div>\n<\/blockquote>\n<p><script async src=\"\/\/platform.instagram.com\/en_US\/embeds.js\"><\/script><\/p>\n<p style=\"text-align: justify;\"><b>Tiene una participaci\u00f3n efectiva en ONG que se esfuerzan por servir a la comunidad LGBTQIA+ en varios aspectos de la vida comunitaria. \u00bfC\u00f3mo describir\u00eda las pol\u00edticas p\u00fablicas nacionales en Brasil en este siglo con respecto a la salud mental nuestra?<\/b><\/p>\n<p style=\"text-align: justify;\"><em>Lo describir\u00eda como insuficiente y escaso. Creo que, en general, las pol\u00edticas p\u00fablicas de salud mental en Brasil son insuficientes y, cuando pensamos en la comunidad LGBTQIA+, esto se vuelve a\u00fan m\u00e1s llamativo, lo que significa que se necesitan iniciativas independientes para tratar de suplir un poco esa demanda.<\/em><\/p>\n<p style=\"text-align: justify;\"><b>Ser consciente de la situaci\u00f3n y ver c\u00f3mo funciona la estructura debe provocar una urgencia para actuar e intentar cambiar la realidad. \u00bfHa pensado alguna vez en postularse para un cargo pol\u00edtico para disputar este espacio dentro del sistema?<\/b><\/p>\n<p style=\"text-align: justify;\"><em>Nunca lo pens\u00e9 y, sinceramente, no creo que tenga las habilidades para ello jajaja. Creo que hay una urgencia por intentar cambiar la realidad, pero trato de hacerlo a trav\u00e9s de las posibilidades dentro de mi propio \u00e1mbito. Podemos cambiar el mundo de diversas formas, no solo a trav\u00e9s de cargos pol\u00edticos.<\/em><\/p>\n<p style=\"text-align: justify;\"><b>Cambiando a las comodidades, tienes una relaci\u00f3n seria. \u00bfC\u00f3mo funciona el acoso en la red? \u00bfLos chicos \u00abtiran confeti\u00bb a ustedes dos?<\/b><\/p>\n<p style=\"text-align: justify;\"><em>S\u00ed, tengo una relaci\u00f3n mon\u00f3gama con Gabriel. Me siento halagado cuando recibo cumplidos, creo que a todo el mundo le gusta sentirse guapo, \u00bfno? jaja Pero podemos manejarlo sin ning\u00fan problema.<\/em><\/p>\n<p style=\"text-align: justify;\"><b>Y en relaci\u00f3n con el puesto profesional y medi\u00e1tico que ocupa hoy, \u00bfqu\u00e9 pueden esperar los \u201cwhiters\u201d del futuro? \u00bfCu\u00e1les son sus proyectos para los pr\u00f3ximos meses?<\/b><\/p>\n<p style=\"text-align: justify;\"><em>No puedo comentar sobre los detalles&#8230; jajaja mentira. Tengo mucho que hacer en este momento, entre la oficina, Casa 1 y los cursos\/conferencias en los que ya participo. Pero, a pesar de ser un poco vago jajaja, siempre estoy evaluando nuevos proyectos que me hacen brillar los ojos. As\u00ed que puede que haya algo ah\u00ed fuera, pero todav\u00eda no lo s\u00e9.<\/em><\/p>\n<p style=\"text-align: justify;\"><b>Finalmente, cu\u00e1l es tu mayor afici\u00f3n para mantener la salud mental (adem\u00e1s del crossfit, claro)<\/b><strong>? <\/strong><\/p>\n<p style=\"text-align: justify;\"><em>Lo que m\u00e1s amo en la vida es sentarme con mis amigos y mi novio a conversar y tomar una cerveza, y eso es lo que m\u00e1s extra\u00f1o durante la pandemia.<\/em><\/p>\n<blockquote class=\"instagram-media\" data-instgrm-captioned data-instgrm-permalink=\"https:\/\/www.instagram.com\/p\/CDmE0b8BtLm\/?utm_source=ig_embed&amp;utm_campaign=loading\" data-instgrm-version=\"13\" style=\" background:#FFF; border:0; border-radius:3px; box-shadow:0 0 1px 0 rgba(0,0,0,0.5),0 1px 10px 0 rgba(0,0,0,0.15); margin: 1px; max-width:658px; min-width:326px; padding:0; width:99.375%; width:-webkit-calc(100% - 2px); width:calc(100% - 2px);\">\n<div style=\"padding:16px;\"> <a href=\"https:\/\/www.instagram.com\/p\/CDmE0b8BtLm\/?utm_source=ig_embed&amp;utm_campaign=loading\" style=\" background:#FFFFFF; line-height:0; padding:0 0; text-align:center; text-decoration:none; width:100%;\" target=\"_blank\"> <\/p>\n<div style=\" display: flex; flex-direction: row; align-items: center;\">\n<div style=\"background-color: #F4F4F4; border-radius: 50%; flex-grow: 0; height: 40px; margin-right: 14px; width: 40px;\"><\/div>\n<div style=\"display: flex; flex-direction: column; flex-grow: 1; justify-content: center;\">\n<div style=\" background-color: #F4F4F4; border-radius: 4px; flex-grow: 0; height: 14px; margin-bottom: 6px; width: 100px;\"><\/div>\n<div style=\" background-color: #F4F4F4; border-radius: 4px; flex-grow: 0; height: 14px; width: 60px;\"><\/div>\n<\/div>\n<\/div>\n<div style=\"padding: 19% 0;\"><\/div>\n<div style=\"display:block; height:50px; margin:0 auto 12px; width:50px;\"><svg width=\"50px\" height=\"50px\" viewBox=\"0 0 60 60\" version=\"1.1\" xmlns=\"https:\/\/www.w3.org\/2000\/svg\" xmlns:xlink=\"https:\/\/www.w3.org\/1999\/xlink\"><g stroke=\"none\" stroke-width=\"1\" fill=\"none\" fill-rule=\"evenodd\"><g transform=\"translate(-511.000000, -20.000000)\" fill=\"#000000\"><g><path d=\"M556.869,30.41 C554.814,30.41 553.148,32.076 553.148,34.131 C553.148,36.186 554.814,37.852 556.869,37.852 C558.924,37.852 560.59,36.186 560.59,34.131 C560.59,32.076 558.924,30.41 556.869,30.41 M541,60.657 C535.114,60.657 530.342,55.887 530.342,50 C530.342,44.114 535.114,39.342 541,39.342 C546.887,39.342 551.658,44.114 551.658,50 C551.658,55.887 546.887,60.657 541,60.657 M541,33.886 C532.1,33.886 524.886,41.1 524.886,50 C524.886,58.899 532.1,66.113 541,66.113 C549.9,66.113 557.115,58.899 557.115,50 C557.115,41.1 549.9,33.886 541,33.886 M565.378,62.101 C565.244,65.022 564.756,66.606 564.346,67.663 C563.803,69.06 563.154,70.057 562.106,71.106 C561.058,72.155 560.06,72.803 558.662,73.347 C557.607,73.757 556.021,74.244 553.102,74.378 C549.944,74.521 548.997,74.552 541,74.552 C533.003,74.552 532.056,74.521 528.898,74.378 C525.979,74.244 524.393,73.757 523.338,73.347 C521.94,72.803 520.942,72.155 519.894,71.106 C518.846,70.057 518.197,69.06 517.654,67.663 C517.244,66.606 516.755,65.022 516.623,62.101 C516.479,58.943 516.448,57.996 516.448,50 C516.448,42.003 516.479,41.056 516.623,37.899 C516.755,34.978 517.244,33.391 517.654,32.338 C518.197,30.938 518.846,29.942 519.894,28.894 C520.942,27.846 521.94,27.196 523.338,26.654 C524.393,26.244 525.979,25.756 528.898,25.623 C532.057,25.479 533.004,25.448 541,25.448 C548.997,25.448 549.943,25.479 553.102,25.623 C556.021,25.756 557.607,26.244 558.662,26.654 C560.06,27.196 561.058,27.846 562.106,28.894 C563.154,29.942 563.803,30.938 564.346,32.338 C564.756,33.391 565.244,34.978 565.378,37.899 C565.522,41.056 565.552,42.003 565.552,50 C565.552,57.996 565.522,58.943 565.378,62.101 M570.82,37.631 C570.674,34.438 570.167,32.258 569.425,30.349 C568.659,28.377 567.633,26.702 565.965,25.035 C564.297,23.368 562.623,22.342 560.652,21.575 C558.743,20.834 556.562,20.326 553.369,20.18 C550.169,20.033 549.148,20 541,20 C532.853,20 531.831,20.033 528.631,20.18 C525.438,20.326 523.257,20.834 521.349,21.575 C519.376,22.342 517.703,23.368 516.035,25.035 C514.368,26.702 513.342,28.377 512.574,30.349 C511.834,32.258 511.326,34.438 511.181,37.631 C511.035,40.831 511,41.851 511,50 C511,58.147 511.035,59.17 511.181,62.369 C511.326,65.562 511.834,67.743 512.574,69.651 C513.342,71.625 514.368,73.296 516.035,74.965 C517.703,76.634 519.376,77.658 521.349,78.425 C523.257,79.167 525.438,79.673 528.631,79.82 C531.831,79.965 532.853,80.001 541,80.001 C549.148,80.001 550.169,79.965 553.369,79.82 C556.562,79.673 558.743,79.167 560.652,78.425 C562.623,77.658 564.297,76.634 565.965,74.965 C567.633,73.296 568.659,71.625 569.425,69.651 C570.167,67.743 570.674,65.562 570.82,62.369 C570.966,59.17 571,58.147 571,50 C571,41.851 570.966,40.831 570.82,37.631\"><\/path><\/g><\/g><\/g><\/svg><\/div>\n<div style=\"padding-top: 8px;\">\n<div style=\" color:#3897f0; font-family:Arial,sans-serif; font-size:14px; font-style:normal; font-weight:550; line-height:18px;\"> View this post on Instagram<\/div>\n<\/div>\n<div style=\"padding: 12.5% 0;\"><\/div>\n<div style=\"display: flex; flex-direction: row; margin-bottom: 14px; align-items: center;\">\n<div>\n<div style=\"background-color: #F4F4F4; border-radius: 50%; height: 12.5px; width: 12.5px; transform: translateX(0px) translateY(7px);\"><\/div>\n<div style=\"background-color: #F4F4F4; height: 12.5px; transform: rotate(-45deg) translateX(3px) translateY(1px); width: 12.5px; flex-grow: 0; margin-right: 14px; margin-left: 2px;\"><\/div>\n<div style=\"background-color: #F4F4F4; border-radius: 50%; height: 12.5px; width: 12.5px; transform: translateX(9px) translateY(-18px);\"><\/div>\n<\/div>\n<div style=\"margin-left: 8px;\">\n<div style=\" background-color: #F4F4F4; border-radius: 50%; flex-grow: 0; height: 20px; width: 20px;\"><\/div>\n<div style=\" width: 0; height: 0; border-top: 2px solid transparent; border-left: 6px solid #f4f4f4; border-bottom: 2px solid transparent; transform: translateX(16px) translateY(-4px) rotate(30deg)\"><\/div>\n<\/div>\n<div style=\"margin-left: auto;\">\n<div style=\" width: 0px; border-top: 8px solid #F4F4F4; border-right: 8px solid transparent; transform: translateY(16px);\"><\/div>\n<div style=\" background-color: #F4F4F4; flex-grow: 0; height: 12px; width: 16px; transform: translateY(-4px);\"><\/div>\n<div style=\" width: 0; height: 0; border-top: 8px solid #F4F4F4; border-left: 8px solid transparent; transform: translateY(-4px) translateX(8px);\"><\/div>\n<\/div>\n<\/div>\n<div style=\"display: flex; flex-direction: column; flex-grow: 1; justify-content: center; margin-bottom: 24px;\">\n<div style=\" background-color: #F4F4F4; border-radius: 4px; flex-grow: 0; height: 14px; margin-bottom: 6px; width: 224px;\"><\/div>\n<div style=\" background-color: #F4F4F4; border-radius: 4px; flex-grow: 0; height: 14px; width: 144px;\"><\/div>\n<\/div>\n<p><\/a><\/p>\n<p style=\" color:#c9c8cd; font-family:Arial,sans-serif; font-size:14px; line-height:17px; margin-bottom:0; margin-top:8px; overflow:hidden; padding:8px 0 7px; text-align:center; text-overflow:ellipsis; white-space:nowrap;\"><a href=\"https:\/\/www.instagram.com\/p\/CDmE0b8BtLm\/?utm_source=ig_embed&amp;utm_campaign=loading\" style=\" color:#c9c8cd; font-family:Arial,sans-serif; font-size:14px; font-style:normal; font-weight:normal; line-height:17px; text-decoration:none;\" target=\"_blank\">A post shared by Bruno Branquinho (@mr.littlewhite)<\/a><\/p>\n<\/div>\n<\/blockquote>\n<p><script async src=\"\/\/platform.instagram.com\/en_US\/embeds.js\"><\/script><\/p>\n","protected":false},"excerpt":{"rendered":"<p>Nominado a los Poc Awards 2020 en la categor\u00eda \u00abGay&#8217;s Anatomy\u00bb, Branquinho recibi\u00f3 el 33% de los votos del p\u00fablico y se llev\u00f3 el trofeo que disput\u00f3 con cinco profesionales m\u00e1s.<\/p>\n","protected":false},"author":3379,"featured_media":111785,"comment_status":"open","ping_status":"open","sticky":false,"template":"","format":"standard","meta":{"googlesitekit_rrm_CAoiEBg-BXrJeACjO8p49SE4kTY:productID":"","tdm_status":"","tdm_grid_status":"","_jetpack_newsletter_access":"","_jetpack_dont_email_post_to_subs":false,"_jetpack_newsletter_tier_id":0,"_jetpack_memberships_contains_paywalled_content":false,"_jetpack_memberships_contains_paid_content":false,"footnotes":"","jetpack_publicize_message":"Bruno Branquinho: \"Las pol\u00edticas p\u00fablicas de salud mental en Brasil son insuficientes\"","jetpack_publicize_feature_enabled":true,"jetpack_social_post_already_shared":true,"jetpack_social_options":{"image_generator_settings":{"template":"highway","default_image_id":0,"font":"","enabled":false},"version":2},"_wpas_customize_per_network":false,"jetpack_post_was_ever_published":false},"categories":[589932375,589932271],"tags":[589937288,589937287,589935169],"class_list":{"0":"post-111915","1":"post","2":"type-post","3":"status-publish","4":"format-standard","5":"has-post-thumbnail","7":"category-entrevistas-es","8":"category-poc-awards-es","9":"tag-bruno-branquinho-es","10":"tag-carta-capital-es","11":"tag-poc-awards-es"},"yoast_head":"<!-- This site is optimized with the Yoast SEO plugin v27.4 - https:\/\/yoast.com\/product\/yoast-seo-wordpress\/ -->\n<title>Bruno Branquinho: &quot;Las pol\u00edticas p\u00fablicas de salud mental en Brasil son insuficientes&quot;<\/title>\n<meta name=\"description\" content=\"Nominado a los Poc Awards 2020 en la categor\u00eda &quot;Gay&#039;s Anatomy&quot;, Branquinho recibi\u00f3 el 33% de los votos del p\u00fablico y se llev\u00f3 el trofeo que disput\u00f3 con cinco profesionales m\u00e1s.\" \/>\n<meta name=\"robots\" content=\"index, follow, max-snippet:-1, max-image-preview:large, max-video-preview:-1\" \/>\n<link rel=\"canonical\" href=\"https:\/\/gay.blog.br\/es\/entrevistas-es\/bruno-branquinho-las-politicas-publicas-de-salud-mental-en-brasil-son-insuficientes\/\" \/>\n<meta property=\"og:locale\" content=\"es_ES\" \/>\n<meta property=\"og:type\" content=\"article\" \/>\n<meta property=\"og:title\" content=\"Bruno Branquinho: &quot;Las pol\u00edticas p\u00fablicas de salud mental en Brasil son insuficientes&quot;\" \/>\n<meta property=\"og:description\" content=\"Nominado a los Poc Awards 2020 en la categor\u00eda &quot;Gay&#039;s Anatomy&quot;, Branquinho recibi\u00f3 el 33% de los votos del p\u00fablico y se llev\u00f3 el trofeo que disput\u00f3 con cinco profesionales m\u00e1s.\" \/>\n<meta property=\"og:url\" content=\"https:\/\/gay.blog.br\/es\/entrevistas-es\/bruno-branquinho-las-politicas-publicas-de-salud-mental-en-brasil-son-insuficientes\/\" \/>\n<meta property=\"og:site_name\" content=\"GAY BLOG BR @gayblogbr\" \/>\n<meta property=\"article:publisher\" content=\"https:\/\/facebook.com\/gayblogbr\" \/>\n<meta property=\"article:published_time\" content=\"2021-02-13T21:28:06+00:00\" \/>\n<meta property=\"article:modified_time\" content=\"2021-02-16T02:10:48+00:00\" \/>\n<meta property=\"og:image\" content=\"https:\/\/i2.wp.com\/gay.blog.br\/wp-content\/uploads\/2021\/02\/mr.littlewhite_123185604_3336169013145544_3238723558736877579_n.jpg?fit=809%2C439&ssl=1\" \/>\n\t<meta property=\"og:image:width\" content=\"809\" \/>\n\t<meta property=\"og:image:height\" content=\"439\" \/>\n\t<meta property=\"og:image:type\" content=\"image\/jpeg\" \/>\n<meta name=\"author\" content=\"Daniel Luiz\" \/>\n<meta name=\"twitter:card\" content=\"summary_large_image\" \/>\n<meta name=\"twitter:creator\" content=\"@https:\/\/twitter.com\/latinoameryca\" \/>\n<meta name=\"twitter:site\" content=\"@gayblogbr\" \/>\n<meta name=\"twitter:label1\" content=\"Escrito por\" \/>\n\t<meta name=\"twitter:data1\" content=\"Daniel Luiz\" \/>\n\t<meta name=\"twitter:label2\" content=\"Tiempo de lectura\" \/>\n\t<meta name=\"twitter:data2\" content=\"6 minutos\" \/>\n<script type=\"application\/ld+json\" class=\"yoast-schema-graph\">{\"@context\":\"https:\\\/\\\/schema.org\",\"@graph\":[{\"@type\":\"Article\",\"@id\":\"https:\\\/\\\/gay.blog.br\\\/es\\\/entrevistas-es\\\/bruno-branquinho-las-politicas-publicas-de-salud-mental-en-brasil-son-insuficientes\\\/#article\",\"isPartOf\":{\"@id\":\"https:\\\/\\\/gay.blog.br\\\/es\\\/entrevistas-es\\\/bruno-branquinho-las-politicas-publicas-de-salud-mental-en-brasil-son-insuficientes\\\/\"},\"author\":{\"name\":\"Daniel Luiz\",\"@id\":\"https:\\\/\\\/gay.blog.br\\\/es\\\/#\\\/schema\\\/person\\\/e537056e1dbd099285b96c079eb672ce\"},\"headline\":\"Bruno Branquinho: \u00abLas pol\u00edticas p\u00fablicas de salud mental en Brasil son insuficientes\u00bb\",\"datePublished\":\"2021-02-13T21:28:06+00:00\",\"dateModified\":\"2021-02-16T02:10:48+00:00\",\"mainEntityOfPage\":{\"@id\":\"https:\\\/\\\/gay.blog.br\\\/es\\\/entrevistas-es\\\/bruno-branquinho-las-politicas-publicas-de-salud-mental-en-brasil-son-insuficientes\\\/\"},\"wordCount\":1345,\"commentCount\":0,\"publisher\":{\"@id\":\"https:\\\/\\\/gay.blog.br\\\/es\\\/#organization\"},\"image\":{\"@id\":\"https:\\\/\\\/gay.blog.br\\\/es\\\/entrevistas-es\\\/bruno-branquinho-las-politicas-publicas-de-salud-mental-en-brasil-son-insuficientes\\\/#primaryimage\"},\"thumbnailUrl\":\"https:\\\/\\\/i0.wp.com\\\/gay.blog.br\\\/wp-content\\\/uploads\\\/2021\\\/02\\\/mr.littlewhite_123185604_3336169013145544_3238723558736877579_n.jpg?fit=809%2C439&ssl=1\",\"keywords\":[\"bruno branquinho\",\"carta capital\",\"poc awards\"],\"articleSection\":[\"ENTREVISTAS\",\"POC AWARDS\"],\"inLanguage\":\"es\",\"potentialAction\":[{\"@type\":\"CommentAction\",\"name\":\"Comment\",\"target\":[\"https:\\\/\\\/gay.blog.br\\\/es\\\/entrevistas-es\\\/bruno-branquinho-las-politicas-publicas-de-salud-mental-en-brasil-son-insuficientes\\\/#respond\"]}]},{\"@type\":\"WebPage\",\"@id\":\"https:\\\/\\\/gay.blog.br\\\/es\\\/entrevistas-es\\\/bruno-branquinho-las-politicas-publicas-de-salud-mental-en-brasil-son-insuficientes\\\/\",\"url\":\"https:\\\/\\\/gay.blog.br\\\/es\\\/entrevistas-es\\\/bruno-branquinho-las-politicas-publicas-de-salud-mental-en-brasil-son-insuficientes\\\/\",\"name\":\"Bruno Branquinho: \\\"Las pol\u00edticas p\u00fablicas de salud mental en Brasil son insuficientes\\\"\",\"isPartOf\":{\"@id\":\"https:\\\/\\\/gay.blog.br\\\/es\\\/#website\"},\"primaryImageOfPage\":{\"@id\":\"https:\\\/\\\/gay.blog.br\\\/es\\\/entrevistas-es\\\/bruno-branquinho-las-politicas-publicas-de-salud-mental-en-brasil-son-insuficientes\\\/#primaryimage\"},\"image\":{\"@id\":\"https:\\\/\\\/gay.blog.br\\\/es\\\/entrevistas-es\\\/bruno-branquinho-las-politicas-publicas-de-salud-mental-en-brasil-son-insuficientes\\\/#primaryimage\"},\"thumbnailUrl\":\"https:\\\/\\\/i0.wp.com\\\/gay.blog.br\\\/wp-content\\\/uploads\\\/2021\\\/02\\\/mr.littlewhite_123185604_3336169013145544_3238723558736877579_n.jpg?fit=809%2C439&ssl=1\",\"datePublished\":\"2021-02-13T21:28:06+00:00\",\"dateModified\":\"2021-02-16T02:10:48+00:00\",\"description\":\"Nominado a los Poc Awards 2020 en la categor\u00eda \\\"Gay's Anatomy\\\", Branquinho recibi\u00f3 el 33% de los votos del p\u00fablico y se llev\u00f3 el trofeo que disput\u00f3 con cinco profesionales m\u00e1s.\",\"breadcrumb\":{\"@id\":\"https:\\\/\\\/gay.blog.br\\\/es\\\/entrevistas-es\\\/bruno-branquinho-las-politicas-publicas-de-salud-mental-en-brasil-son-insuficientes\\\/#breadcrumb\"},\"inLanguage\":\"es\",\"potentialAction\":[{\"@type\":\"ReadAction\",\"target\":[\"https:\\\/\\\/gay.blog.br\\\/es\\\/entrevistas-es\\\/bruno-branquinho-las-politicas-publicas-de-salud-mental-en-brasil-son-insuficientes\\\/\"]}]},{\"@type\":\"ImageObject\",\"inLanguage\":\"es\",\"@id\":\"https:\\\/\\\/gay.blog.br\\\/es\\\/entrevistas-es\\\/bruno-branquinho-las-politicas-publicas-de-salud-mental-en-brasil-son-insuficientes\\\/#primaryimage\",\"url\":\"https:\\\/\\\/i0.wp.com\\\/gay.blog.br\\\/wp-content\\\/uploads\\\/2021\\\/02\\\/mr.littlewhite_123185604_3336169013145544_3238723558736877579_n.jpg?fit=809%2C439&ssl=1\",\"contentUrl\":\"https:\\\/\\\/i0.wp.com\\\/gay.blog.br\\\/wp-content\\\/uploads\\\/2021\\\/02\\\/mr.littlewhite_123185604_3336169013145544_3238723558736877579_n.jpg?fit=809%2C439&ssl=1\",\"width\":809,\"height\":439,\"caption\":\"bruno branquinho\"},{\"@type\":\"BreadcrumbList\",\"@id\":\"https:\\\/\\\/gay.blog.br\\\/es\\\/entrevistas-es\\\/bruno-branquinho-las-politicas-publicas-de-salud-mental-en-brasil-son-insuficientes\\\/#breadcrumb\",\"itemListElement\":[{\"@type\":\"ListItem\",\"position\":1,\"name\":\"In\u00edcio\",\"item\":\"https:\\\/\\\/gay.blog.br\\\/es\\\/\"},{\"@type\":\"ListItem\",\"position\":2,\"name\":\"Bruno Branquinho: \u00abLas pol\u00edticas p\u00fablicas de salud mental en Brasil son insuficientes\u00bb\"}]},{\"@type\":\"WebSite\",\"@id\":\"https:\\\/\\\/gay.blog.br\\\/es\\\/#website\",\"url\":\"https:\\\/\\\/gay.blog.br\\\/es\\\/\",\"name\":\"GAY BLOG BR @gayblogbr\",\"description\":\"Not\u00edcias que empoderam e\\\/ou entret\u00eam s\u00e3o especialidades da casa\",\"publisher\":{\"@id\":\"https:\\\/\\\/gay.blog.br\\\/es\\\/#organization\"},\"potentialAction\":[{\"@type\":\"SearchAction\",\"target\":{\"@type\":\"EntryPoint\",\"urlTemplate\":\"https:\\\/\\\/gay.blog.br\\\/es\\\/?s={search_term_string}\"},\"query-input\":{\"@type\":\"PropertyValueSpecification\",\"valueRequired\":true,\"valueName\":\"search_term_string\"}}],\"inLanguage\":\"es\"},{\"@type\":\"Organization\",\"@id\":\"https:\\\/\\\/gay.blog.br\\\/es\\\/#organization\",\"name\":\"GAY BLOG BR\",\"url\":\"https:\\\/\\\/gay.blog.br\\\/es\\\/\",\"logo\":{\"@type\":\"ImageObject\",\"inLanguage\":\"es\",\"@id\":\"https:\\\/\\\/gay.blog.br\\\/es\\\/#\\\/schema\\\/logo\\\/image\\\/\",\"url\":\"https:\\\/\\\/i0.wp.com\\\/gay.blog.br\\\/wp-content\\\/uploads\\\/2023\\\/08\\\/gay180px.png?fit=272%2C90&ssl=1\",\"contentUrl\":\"https:\\\/\\\/i0.wp.com\\\/gay.blog.br\\\/wp-content\\\/uploads\\\/2023\\\/08\\\/gay180px.png?fit=272%2C90&ssl=1\",\"width\":272,\"height\":90,\"caption\":\"GAY BLOG BR\"},\"image\":{\"@id\":\"https:\\\/\\\/gay.blog.br\\\/es\\\/#\\\/schema\\\/logo\\\/image\\\/\"},\"sameAs\":[\"https:\\\/\\\/facebook.com\\\/gayblogbr\",\"https:\\\/\\\/x.com\\\/gayblogbr\",\"https:\\\/\\\/instagram.com\\\/gayblogbr\",\"https:\\\/\\\/www.linkedin.com\\\/company\\\/gayblogbr\\\/\",\"https:\\\/\\\/br.pinterest.com\\\/gayblogbr\\\/\",\"https:\\\/\\\/www.youtube.com\\\/channel\\\/UCdEu3JXLOB-wvWAVUF4AIiA\",\"https:\\\/\\\/pt.wikipedia.org\\\/wiki\\\/Gay_Blog_Br\",\"https:\\\/\\\/www.threads.net\\\/@gayblogbr\"]},{\"@type\":\"Person\",\"@id\":\"https:\\\/\\\/gay.blog.br\\\/es\\\/#\\\/schema\\\/person\\\/e537056e1dbd099285b96c079eb672ce\",\"name\":\"Daniel Luiz\",\"image\":{\"@type\":\"ImageObject\",\"inLanguage\":\"es\",\"@id\":\"https:\\\/\\\/secure.gravatar.com\\\/avatar\\\/cdbe9194b06e44a0c7ce5c22f06069a50cface7a3c1ef619bb4da2aba1e62066?s=96&d=mm&r=g\",\"url\":\"https:\\\/\\\/secure.gravatar.com\\\/avatar\\\/cdbe9194b06e44a0c7ce5c22f06069a50cface7a3c1ef619bb4da2aba1e62066?s=96&d=mm&r=g\",\"contentUrl\":\"https:\\\/\\\/secure.gravatar.com\\\/avatar\\\/cdbe9194b06e44a0c7ce5c22f06069a50cface7a3c1ef619bb4da2aba1e62066?s=96&d=mm&r=g\",\"caption\":\"Daniel Luiz\"},\"description\":\"Catarinense, 25 anos e professor de Literatura e L\u00edngua Inglesa. Homem gay, apaixonado por m\u00fasica e que respira futebol e cultura latino-americana.\",\"sameAs\":[\"https:\\\/\\\/x.com\\\/https:\\\/\\\/twitter.com\\\/latinoameryca\"],\"url\":\"https:\\\/\\\/gay.blog.br\\\/es\\\/author\\\/dluizmiranda\\\/\"}]}<\/script>\n<!-- \/ Yoast SEO plugin. -->","yoast_head_json":{"title":"Bruno Branquinho: \"Las pol\u00edticas p\u00fablicas de salud mental en Brasil son insuficientes\"","description":"Nominado a los Poc Awards 2020 en la categor\u00eda \"Gay's Anatomy\", Branquinho recibi\u00f3 el 33% de los votos del p\u00fablico y se llev\u00f3 el trofeo que disput\u00f3 con cinco profesionales m\u00e1s.","robots":{"index":"index","follow":"follow","max-snippet":"max-snippet:-1","max-image-preview":"max-image-preview:large","max-video-preview":"max-video-preview:-1"},"canonical":"https:\/\/gay.blog.br\/es\/entrevistas-es\/bruno-branquinho-las-politicas-publicas-de-salud-mental-en-brasil-son-insuficientes\/","og_locale":"es_ES","og_type":"article","og_title":"Bruno Branquinho: \"Las pol\u00edticas p\u00fablicas de salud mental en Brasil son insuficientes\"","og_description":"Nominado a los Poc Awards 2020 en la categor\u00eda \"Gay's Anatomy\", Branquinho recibi\u00f3 el 33% de los votos del p\u00fablico y se llev\u00f3 el trofeo que disput\u00f3 con cinco profesionales m\u00e1s.","og_url":"https:\/\/gay.blog.br\/es\/entrevistas-es\/bruno-branquinho-las-politicas-publicas-de-salud-mental-en-brasil-son-insuficientes\/","og_site_name":"GAY BLOG BR @gayblogbr","article_publisher":"https:\/\/facebook.com\/gayblogbr","article_published_time":"2021-02-13T21:28:06+00:00","article_modified_time":"2021-02-16T02:10:48+00:00","og_image":[{"width":809,"height":439,"url":"https:\/\/i2.wp.com\/gay.blog.br\/wp-content\/uploads\/2021\/02\/mr.littlewhite_123185604_3336169013145544_3238723558736877579_n.jpg?fit=809%2C439&ssl=1","type":"image\/jpeg"}],"author":"Daniel Luiz","twitter_card":"summary_large_image","twitter_creator":"@https:\/\/twitter.com\/latinoameryca","twitter_site":"@gayblogbr","twitter_misc":{"Escrito por":"Daniel Luiz","Tiempo de lectura":"6 minutos"},"schema":{"@context":"https:\/\/schema.org","@graph":[{"@type":"Article","@id":"https:\/\/gay.blog.br\/es\/entrevistas-es\/bruno-branquinho-las-politicas-publicas-de-salud-mental-en-brasil-son-insuficientes\/#article","isPartOf":{"@id":"https:\/\/gay.blog.br\/es\/entrevistas-es\/bruno-branquinho-las-politicas-publicas-de-salud-mental-en-brasil-son-insuficientes\/"},"author":{"name":"Daniel Luiz","@id":"https:\/\/gay.blog.br\/es\/#\/schema\/person\/e537056e1dbd099285b96c079eb672ce"},"headline":"Bruno Branquinho: \u00abLas pol\u00edticas p\u00fablicas de salud mental en Brasil son insuficientes\u00bb","datePublished":"2021-02-13T21:28:06+00:00","dateModified":"2021-02-16T02:10:48+00:00","mainEntityOfPage":{"@id":"https:\/\/gay.blog.br\/es\/entrevistas-es\/bruno-branquinho-las-politicas-publicas-de-salud-mental-en-brasil-son-insuficientes\/"},"wordCount":1345,"commentCount":0,"publisher":{"@id":"https:\/\/gay.blog.br\/es\/#organization"},"image":{"@id":"https:\/\/gay.blog.br\/es\/entrevistas-es\/bruno-branquinho-las-politicas-publicas-de-salud-mental-en-brasil-son-insuficientes\/#primaryimage"},"thumbnailUrl":"https:\/\/i0.wp.com\/gay.blog.br\/wp-content\/uploads\/2021\/02\/mr.littlewhite_123185604_3336169013145544_3238723558736877579_n.jpg?fit=809%2C439&ssl=1","keywords":["bruno branquinho","carta capital","poc awards"],"articleSection":["ENTREVISTAS","POC AWARDS"],"inLanguage":"es","potentialAction":[{"@type":"CommentAction","name":"Comment","target":["https:\/\/gay.blog.br\/es\/entrevistas-es\/bruno-branquinho-las-politicas-publicas-de-salud-mental-en-brasil-son-insuficientes\/#respond"]}]},{"@type":"WebPage","@id":"https:\/\/gay.blog.br\/es\/entrevistas-es\/bruno-branquinho-las-politicas-publicas-de-salud-mental-en-brasil-son-insuficientes\/","url":"https:\/\/gay.blog.br\/es\/entrevistas-es\/bruno-branquinho-las-politicas-publicas-de-salud-mental-en-brasil-son-insuficientes\/","name":"Bruno Branquinho: \"Las pol\u00edticas p\u00fablicas de salud mental en Brasil son insuficientes\"","isPartOf":{"@id":"https:\/\/gay.blog.br\/es\/#website"},"primaryImageOfPage":{"@id":"https:\/\/gay.blog.br\/es\/entrevistas-es\/bruno-branquinho-las-politicas-publicas-de-salud-mental-en-brasil-son-insuficientes\/#primaryimage"},"image":{"@id":"https:\/\/gay.blog.br\/es\/entrevistas-es\/bruno-branquinho-las-politicas-publicas-de-salud-mental-en-brasil-son-insuficientes\/#primaryimage"},"thumbnailUrl":"https:\/\/i0.wp.com\/gay.blog.br\/wp-content\/uploads\/2021\/02\/mr.littlewhite_123185604_3336169013145544_3238723558736877579_n.jpg?fit=809%2C439&ssl=1","datePublished":"2021-02-13T21:28:06+00:00","dateModified":"2021-02-16T02:10:48+00:00","description":"Nominado a los Poc Awards 2020 en la categor\u00eda \"Gay's Anatomy\", Branquinho recibi\u00f3 el 33% de los votos del p\u00fablico y se llev\u00f3 el trofeo que disput\u00f3 con cinco profesionales m\u00e1s.","breadcrumb":{"@id":"https:\/\/gay.blog.br\/es\/entrevistas-es\/bruno-branquinho-las-politicas-publicas-de-salud-mental-en-brasil-son-insuficientes\/#breadcrumb"},"inLanguage":"es","potentialAction":[{"@type":"ReadAction","target":["https:\/\/gay.blog.br\/es\/entrevistas-es\/bruno-branquinho-las-politicas-publicas-de-salud-mental-en-brasil-son-insuficientes\/"]}]},{"@type":"ImageObject","inLanguage":"es","@id":"https:\/\/gay.blog.br\/es\/entrevistas-es\/bruno-branquinho-las-politicas-publicas-de-salud-mental-en-brasil-son-insuficientes\/#primaryimage","url":"https:\/\/i0.wp.com\/gay.blog.br\/wp-content\/uploads\/2021\/02\/mr.littlewhite_123185604_3336169013145544_3238723558736877579_n.jpg?fit=809%2C439&ssl=1","contentUrl":"https:\/\/i0.wp.com\/gay.blog.br\/wp-content\/uploads\/2021\/02\/mr.littlewhite_123185604_3336169013145544_3238723558736877579_n.jpg?fit=809%2C439&ssl=1","width":809,"height":439,"caption":"bruno branquinho"},{"@type":"BreadcrumbList","@id":"https:\/\/gay.blog.br\/es\/entrevistas-es\/bruno-branquinho-las-politicas-publicas-de-salud-mental-en-brasil-son-insuficientes\/#breadcrumb","itemListElement":[{"@type":"ListItem","position":1,"name":"In\u00edcio","item":"https:\/\/gay.blog.br\/es\/"},{"@type":"ListItem","position":2,"name":"Bruno Branquinho: \u00abLas pol\u00edticas p\u00fablicas de salud mental en Brasil son insuficientes\u00bb"}]},{"@type":"WebSite","@id":"https:\/\/gay.blog.br\/es\/#website","url":"https:\/\/gay.blog.br\/es\/","name":"GAY BLOG BR @gayblogbr","description":"Not\u00edcias que empoderam e\/ou entret\u00eam s\u00e3o especialidades da casa","publisher":{"@id":"https:\/\/gay.blog.br\/es\/#organization"},"potentialAction":[{"@type":"SearchAction","target":{"@type":"EntryPoint","urlTemplate":"https:\/\/gay.blog.br\/es\/?s={search_term_string}"},"query-input":{"@type":"PropertyValueSpecification","valueRequired":true,"valueName":"search_term_string"}}],"inLanguage":"es"},{"@type":"Organization","@id":"https:\/\/gay.blog.br\/es\/#organization","name":"GAY BLOG BR","url":"https:\/\/gay.blog.br\/es\/","logo":{"@type":"ImageObject","inLanguage":"es","@id":"https:\/\/gay.blog.br\/es\/#\/schema\/logo\/image\/","url":"https:\/\/i0.wp.com\/gay.blog.br\/wp-content\/uploads\/2023\/08\/gay180px.png?fit=272%2C90&ssl=1","contentUrl":"https:\/\/i0.wp.com\/gay.blog.br\/wp-content\/uploads\/2023\/08\/gay180px.png?fit=272%2C90&ssl=1","width":272,"height":90,"caption":"GAY BLOG BR"},"image":{"@id":"https:\/\/gay.blog.br\/es\/#\/schema\/logo\/image\/"},"sameAs":["https:\/\/facebook.com\/gayblogbr","https:\/\/x.com\/gayblogbr","https:\/\/instagram.com\/gayblogbr","https:\/\/www.linkedin.com\/company\/gayblogbr\/","https:\/\/br.pinterest.com\/gayblogbr\/","https:\/\/www.youtube.com\/channel\/UCdEu3JXLOB-wvWAVUF4AIiA","https:\/\/pt.wikipedia.org\/wiki\/Gay_Blog_Br","https:\/\/www.threads.net\/@gayblogbr"]},{"@type":"Person","@id":"https:\/\/gay.blog.br\/es\/#\/schema\/person\/e537056e1dbd099285b96c079eb672ce","name":"Daniel Luiz","image":{"@type":"ImageObject","inLanguage":"es","@id":"https:\/\/secure.gravatar.com\/avatar\/cdbe9194b06e44a0c7ce5c22f06069a50cface7a3c1ef619bb4da2aba1e62066?s=96&d=mm&r=g","url":"https:\/\/secure.gravatar.com\/avatar\/cdbe9194b06e44a0c7ce5c22f06069a50cface7a3c1ef619bb4da2aba1e62066?s=96&d=mm&r=g","contentUrl":"https:\/\/secure.gravatar.com\/avatar\/cdbe9194b06e44a0c7ce5c22f06069a50cface7a3c1ef619bb4da2aba1e62066?s=96&d=mm&r=g","caption":"Daniel Luiz"},"description":"Catarinense, 25 anos e professor de Literatura e L\u00edngua Inglesa. Homem gay, apaixonado por m\u00fasica e que respira futebol e cultura latino-americana.","sameAs":["https:\/\/x.com\/https:\/\/twitter.com\/latinoameryca"],"url":"https:\/\/gay.blog.br\/es\/author\/dluizmiranda\/"}]}},"jetpack_publicize_connections":[],"jetpack_featured_media_url":"https:\/\/i0.wp.com\/gay.blog.br\/wp-content\/uploads\/2021\/02\/mr.littlewhite_123185604_3336169013145544_3238723558736877579_n.jpg?fit=809%2C439&ssl=1","jetpack_sharing_enabled":true,"jetpack_shortlink":"https:\/\/wp.me\/p6klkK-t75","jetpack_likes_enabled":false,"amp_enabled":true,"_links":{"self":[{"href":"https:\/\/gay.blog.br\/es\/wp-json\/wp\/v2\/posts\/111915","targetHints":{"allow":["GET"]}}],"collection":[{"href":"https:\/\/gay.blog.br\/es\/wp-json\/wp\/v2\/posts"}],"about":[{"href":"https:\/\/gay.blog.br\/es\/wp-json\/wp\/v2\/types\/post"}],"author":[{"embeddable":true,"href":"https:\/\/gay.blog.br\/es\/wp-json\/wp\/v2\/users\/3379"}],"replies":[{"embeddable":true,"href":"https:\/\/gay.blog.br\/es\/wp-json\/wp\/v2\/comments?post=111915"}],"version-history":[{"count":0,"href":"https:\/\/gay.blog.br\/es\/wp-json\/wp\/v2\/posts\/111915\/revisions"}],"wp:featuredmedia":[{"embeddable":true,"href":"https:\/\/gay.blog.br\/es\/wp-json\/wp\/v2\/media\/111785"}],"wp:attachment":[{"href":"https:\/\/gay.blog.br\/es\/wp-json\/wp\/v2\/media?parent=111915"}],"wp:term":[{"taxonomy":"category","embeddable":true,"href":"https:\/\/gay.blog.br\/es\/wp-json\/wp\/v2\/categories?post=111915"},{"taxonomy":"post_tag","embeddable":true,"href":"https:\/\/gay.blog.br\/es\/wp-json\/wp\/v2\/tags?post=111915"}],"curies":[{"name":"wp","href":"https:\/\/api.w.org\/{rel}","templated":true}]}}