{"id":112083,"date":"2019-11-28T11:22:02","date_gmt":"2019-11-28T14:22:02","guid":{"rendered":"https:\/\/gay.blog.br\/?p=112083"},"modified":"2021-02-16T22:37:57","modified_gmt":"2021-02-17T01:37:57","slug":"ahf-brasil-une-arte-y-jovenes-en-seis-ciudades-del-pais-en-el-dia-mundial-contra-el-sida","status":"publish","type":"post","link":"https:\/\/gay.blog.br\/es\/noticias-es\/ahf-brasil-une-arte-y-jovenes-en-seis-ciudades-del-pais-en-el-dia-mundial-contra-el-sida\/","title":{"rendered":"AHF Brasil une arte y j\u00f3venes en seis ciudades del pa\u00eds en el D\u00eda Mundial Contra el SIDA"},"content":{"rendered":"<p dir=\"ltr\" style=\"text-align: justify;\">Con motivo del <strong>D\u00eda Mundial de Lucha Contra el Sida<\/strong> 2019, <strong>AHF Brasil<\/strong> promover\u00e1, por primera vez, una acci\u00f3n simult\u00e1nea en las seis ciudades en las que opera, en alianza con ONG y gobiernos locales.<\/p>\n<figure id=\"attachment_32077\" aria-describedby=\"caption-attachment-32077\" style=\"width: 1200px\" class=\"wp-caption aligncenter\"><img data-recalc-dims=\"1\" loading=\"lazy\" decoding=\"async\" class=\"size-full wp-image-32077\" src=\"https:\/\/i0.wp.com\/gay.blog.br\/wp-content\/uploads\/2019\/12\/ahf-spices-up-prevention-at-brazil-mexico-prides-1200x671-1.jpg?resize=696%2C389&#038;ssl=1\" alt=\"AHF Brasil une arte y j\u00f3venes en seis ciudades del pa\u00eds en el D\u00eda Mundial del SIDA\" width=\"696\" height=\"389\" srcset=\"https:\/\/i0.wp.com\/gay.blog.br\/wp-content\/uploads\/2019\/12\/ahf-spices-up-prevention-at-brazil-mexico-prides-1200x671-1.jpg?w=1200&amp;ssl=1 1200w, https:\/\/i0.wp.com\/gay.blog.br\/wp-content\/uploads\/2019\/12\/ahf-spices-up-prevention-at-brazil-mexico-prides-1200x671-1.jpg?resize=300%2C168&amp;ssl=1 300w, https:\/\/i0.wp.com\/gay.blog.br\/wp-content\/uploads\/2019\/12\/ahf-spices-up-prevention-at-brazil-mexico-prides-1200x671-1.jpg?resize=1024%2C573&amp;ssl=1 1024w, https:\/\/i0.wp.com\/gay.blog.br\/wp-content\/uploads\/2019\/12\/ahf-spices-up-prevention-at-brazil-mexico-prides-1200x671-1.jpg?resize=150%2C84&amp;ssl=1 150w, https:\/\/i0.wp.com\/gay.blog.br\/wp-content\/uploads\/2019\/12\/ahf-spices-up-prevention-at-brazil-mexico-prides-1200x671-1.jpg?resize=768%2C429&amp;ssl=1 768w, https:\/\/i0.wp.com\/gay.blog.br\/wp-content\/uploads\/2019\/12\/ahf-spices-up-prevention-at-brazil-mexico-prides-1200x671-1.jpg?resize=696%2C389&amp;ssl=1 696w, https:\/\/i0.wp.com\/gay.blog.br\/wp-content\/uploads\/2019\/12\/ahf-spices-up-prevention-at-brazil-mexico-prides-1200x671-1.jpg?resize=1068%2C597&amp;ssl=1 1068w, https:\/\/i0.wp.com\/gay.blog.br\/wp-content\/uploads\/2019\/12\/ahf-spices-up-prevention-at-brazil-mexico-prides-1200x671-1.jpg?resize=751%2C420&amp;ssl=1 751w\" sizes=\"auto, (max-width: 696px) 100vw, 696px\" \/><figcaption id=\"caption-attachment-32077\" class=\"wp-caption-text\">Foto: reprodu\u00e7\u00e3o28<\/figcaption><\/figure>\n<p dir=\"ltr\" style=\"text-align: justify;\">A trav\u00e9s del arte callejero, con grafitis en tiempo real, la acci\u00f3n tiene como objetivo conectar el significado de la fecha con las realidades locales y concienciar a los j\u00f3venes, la poblaci\u00f3n m\u00e1s afectada por el VIH en el pa\u00eds en los \u00faltimos a\u00f1os.<\/p>\n<p dir=\"ltr\" style=\"text-align: justify;\">Las acciones se desarrollar\u00e1n en <a href=\"http:\/\/bomdiaipanema.com.br\">R\u00edo de Janeiro<\/a>, Recife, Manaus y Tabatinga (AM), el domingo 1 de diciembre; en <a href=\"http:\/\/gay.blog.br\/?s=s%C3%A3o+paulo\">San Pablo<\/a>, el lunes 2; y en Parintins (AM), el martes 3.<\/p>\n<p dir=\"ltr\" style=\"text-align: justify;\">En las seis ciudades, las acciones se desarrollar\u00e1n en alianza con la sociedad civil, representada por 15 ONG locales, y con los Programas Municipales y Estatales de ETS \/ SIDA.<\/p>\n<p dir=\"ltr\" style=\"text-align: justify;\">Adem\u00e1s, AHF Brasil tambi\u00e9n apoyar\u00e1 eventos relacionados con el D\u00eda Mundial del SIDA en Porto Alegre, donde comenzar\u00e1 a operar en 2020.<\/p>\n<p dir=\"ltr\" style=\"text-align: justify;\">\u201cEstamos en un momento crucial en la lucha contra la epidemia del sida, que consiste en sensibilizar a los j\u00f3venes para, por un lado, prevenir la infecci\u00f3n por el virus y, por otro, acoger y orientar r\u00e1pidamente a las personas que tienen un diagn\u00f3stico positivo. Esto no se hace solo, se hace con participaci\u00f3n colectiva. Y nuestra acci\u00f3n para el D\u00eda Mundial 2019, en seis ciudades, en un pa\u00eds del tama\u00f1o de Brasil, muestra que la uni\u00f3n de esfuerzos es el camino\u201d, dice Beto de Jesus, director de AHF Brasil.<\/p>\n<p dir=\"ltr\" style=\"text-align: justify;\">Seg\u00fan el Departamento de Enfermedades Cr\u00f3nicas e Infecciones de Transmisi\u00f3n Sexual del Ministerio de Salud, casi la mitad de los nuevos casos de VIH en Brasil ocurren en personas menores de 30 a\u00f1os.<\/p>\n<p dir=\"ltr\" style=\"text-align: justify;\">Seg\u00fan el Programa Conjunto de las Naciones Unidas sobre el VIH\/SIDA (Unaids), las infecciones por el virus en Brasil han crecido un 21% desde 2010, contrariamente a la tendencia mundial de estabilizaci\u00f3n o disminuci\u00f3n, seg\u00fan la regi\u00f3n. En Am\u00e9rica Latina, solo Chile y Bolivia obtuvieron peores resultados en el per\u00edodo.<\/p>\n<p dir=\"ltr\" style=\"text-align: justify;\"><strong>SERVICIO:<\/strong><\/p>\n<p dir=\"ltr\" style=\"text-align: justify;\">Acciones de AHF Brasil para el D\u00eda Mundial del SIDA 2019<\/p>\n<p><strong>Domingo 1 de diciembre<\/strong><\/p>\n<p dir=\"ltr\" style=\"text-align: justify;\"><strong>RIO DE JANEIRO<\/strong><\/p>\n<p dir=\"ltr\" style=\"text-align: justify;\">Ubicaci\u00f3n: Arcos da Lapa | 30 a\u00f1os de Grupo Pela Vidda \/ RJ<br \/>\nDirecci\u00f3n: Av. Mem de S\u00e1 &#8211; Lapa<br \/>\nHorario de actividad: de 10 a 14 hs<br \/>\nSocio: Grupo Pela Vidda \/ RJ<br \/>\nArtista\/grafite: Igor Skider | Instagram: @skid.er<\/p>\n<p dir=\"ltr\" style=\"text-align: justify;\"><strong>RECIFE<\/strong><br \/>\nUbicaci\u00f3n: Parque Macaxeira<br \/>\nDirecci\u00f3n: Av. Norte\/Miguel Arraes de Alencar, s\/n &#8211; Macaxeira<br \/>\nHorarios: 13 a 17hs<br \/>\nSocios: Gestos, Movimiento Nacional de Ciudadanos Positivos \/ Centro Pernambuco, Instituto Papai, Bigu Comunicativismo, Grupo Adolescer, Ser Colectivo, Red Nacional de Personas que Viven con VIH \/ SIDA \/ Centro Pernambuco, Colectivo Mangueira, Casa Menina Mulher, Articulaci\u00f3n del SIDA \/ Centro Pernambuco<br \/>\nArtista\/grafite: Caju | Instagram: @cajuartsffiti<\/p>\n<p dir=\"ltr\" style=\"text-align: justify;\"><strong>MANAUS<br \/>\n<\/strong>Ubicaci\u00f3n: Sindicato dos Estivadores de Manaus<br \/>\nDirecci\u00f3n: Rua Visconde de Mau\u00e1, esquina con Rua Gov. Vittorio<br \/>\nHorario de actividad: de 8 a 17 hs.<br \/>\nSocio: Rede Amizade<br \/>\nArtista\/grafite: Alessandro Hipz | Instagram: @alessandro_hipz<\/p>\n<p dir=\"ltr\" style=\"text-align: justify;\"><strong>TABATINGA<br \/>\n<\/strong>Local: Pra\u00e7a da Juventude<br \/>\nDirecci\u00f3n: Calle 1\u00ba de Fevereiro sin n\u00famero<br \/>\nHorario: de 9 a.m. a 5 p.m.<br \/>\nSocios: Programa Municipal de ITS, VIH y Hepatitis Virales, Proyecto Viva Melhor Sabendo y Asociaci\u00f3n de Gays, Lesbianas y Travestis en la Triple Frontera \/ AGLTTF<br \/>\nArtista\/grafite: Thaizis Benlolo | Instagram: @thaizis<\/p>\n<hr \/>\n<p dir=\"ltr\" style=\"text-align: justify;\"><strong>Lunes 2 de diciembre<\/strong><\/p>\n<p dir=\"ltr\" style=\"text-align: justify;\"><strong>SAO PABLO<\/strong><\/p>\n<p dir=\"ltr\" style=\"text-align: justify;\">Acci\u00f3n de la prueba del VIH<br \/>\nLugar: Alcance del Museo de Arte de San Pablo \/ MASP<br \/>\nDirecci\u00f3n: Av. Paulista, 1.578 &#8211; Bela Vista<br \/>\nHorario de actividad: de 10 a 21hs<br \/>\nSocios: Instituto Cultural Barong, Programa Municipal de ETS \/ SIDA<br \/>\nArtista\/grafite: Mariana Mats | Instagram: @mari_mats<\/p>\n<hr \/>\n<p dir=\"ltr\" style=\"text-align: justify;\"><strong>Martes 3 de diciembre<\/strong><\/p>\n<p dir=\"ltr\" style=\"text-align: justify;\"><strong>PARINTINS<\/strong><br \/>\nD\u00eda D contra el VIH \/ SIDA<br \/>\nUbicaci\u00f3n: Hospital Regional Doutor Jofre Cohen<br \/>\nDirecci\u00f3n: R. Herbert Azevedo, 985<br \/>\nHorario de actividad: a partir de las 8hs<br \/>\nSocios: Asociaci\u00f3n de Gays, Lesbianas y Travestis de Parintins \/ AGLTPIN y Programa Municipal de ETS \/ SIDA<br \/>\nArtista: Bruno do Carmo<\/p>\n","protected":false},"excerpt":{"rendered":"<p>La acci\u00f3n simult\u00e1nea tendr\u00e1 lugar el 1, 2 y 3 de diciembre, en San Pablo, R\u00edo de Janeiro, Recife, Manaus, Tabatinga y Parintins<\/p>\n","protected":false},"author":2,"featured_media":77252,"comment_status":"open","ping_status":"open","sticky":false,"template":"","format":"standard","meta":{"googlesitekit_rrm_CAoiEBg-BXrJeACjO8p49SE4kTY:productID":"","tdm_status":"","tdm_grid_status":"","_jetpack_newsletter_access":"","_jetpack_dont_email_post_to_subs":false,"_jetpack_newsletter_tier_id":0,"_jetpack_memberships_contains_paywalled_content":false,"_jetpack_memberships_contains_paid_content":false,"footnotes":"","jetpack_publicize_message":"AHF Brasil une arte y j\u00f3venes en seis ciudades del pa\u00eds en el D\u00eda Mundial Contra el SIDA","jetpack_publicize_feature_enabled":true,"jetpack_social_post_already_shared":true,"jetpack_social_options":{"image_generator_settings":{"template":"highway","default_image_id":0,"font":"","enabled":false},"version":2},"_wpas_customize_per_network":false,"jetpack_post_was_ever_published":false},"categories":[589932231,589932380],"tags":[589937306,589932552,589932551],"class_list":{"0":"post-112083","1":"post","2":"type-post","3":"status-publish","4":"format-standard","5":"has-post-thumbnail","7":"category-noticias-es","8":"category-salud","9":"tag-ahf-brasil-es","10":"tag-sida","11":"tag-vih"},"yoast_head":"<!-- This site is optimized with the Yoast SEO plugin v27.4 - https:\/\/yoast.com\/product\/yoast-seo-wordpress\/ -->\n<title>AHF Brasil une arte y j\u00f3venes en seis ciudades del pa\u00eds en el D\u00eda Mundial Contra el SIDA<\/title>\n<meta name=\"description\" content=\"La acci\u00f3n simult\u00e1nea tendr\u00e1 lugar el 1, 2 y 3 de diciembre, en San Pablo, R\u00edo de Janeiro, Recife, Manaus, Tabatinga y Parintins\" \/>\n<meta name=\"robots\" content=\"index, follow, max-snippet:-1, max-image-preview:large, max-video-preview:-1\" \/>\n<link rel=\"canonical\" href=\"https:\/\/gay.blog.br\/es\/noticias-es\/ahf-brasil-une-arte-y-jovenes-en-seis-ciudades-del-pais-en-el-dia-mundial-contra-el-sida\/\" \/>\n<meta property=\"og:locale\" content=\"es_ES\" \/>\n<meta property=\"og:type\" content=\"article\" \/>\n<meta property=\"og:title\" content=\"AHF Brasil une arte y j\u00f3venes en seis ciudades del pa\u00eds en el D\u00eda Mundial Contra el SIDA\" \/>\n<meta property=\"og:description\" content=\"La acci\u00f3n simult\u00e1nea tendr\u00e1 lugar el 1, 2 y 3 de diciembre, en San Pablo, R\u00edo de Janeiro, Recife, Manaus, Tabatinga y Parintins\" \/>\n<meta property=\"og:url\" content=\"https:\/\/gay.blog.br\/es\/noticias-es\/ahf-brasil-une-arte-y-jovenes-en-seis-ciudades-del-pais-en-el-dia-mundial-contra-el-sida\/\" \/>\n<meta property=\"og:site_name\" content=\"GAY BLOG BR @gayblogbr\" \/>\n<meta property=\"article:publisher\" content=\"https:\/\/facebook.com\/gayblogbr\" \/>\n<meta property=\"article:author\" content=\"https:\/\/facebook.com\/gayblogbr\" \/>\n<meta property=\"article:published_time\" content=\"2019-11-28T14:22:02+00:00\" \/>\n<meta property=\"article:modified_time\" content=\"2021-02-17T01:37:57+00:00\" \/>\n<meta property=\"og:image\" content=\"https:\/\/i2.wp.com\/gay.blog.br\/wp-content\/uploads\/2019\/12\/ahf-spices-up-prevention-at-brazil-mexico-prides-1200x671-1.jpg?fit=1200%2C671&ssl=1\" \/>\n\t<meta property=\"og:image:width\" content=\"1200\" \/>\n\t<meta property=\"og:image:height\" content=\"671\" \/>\n\t<meta property=\"og:image:type\" content=\"image\/jpeg\" \/>\n<meta name=\"author\" content=\"www.gay.blog.br\" \/>\n<meta name=\"twitter:card\" content=\"summary_large_image\" \/>\n<meta name=\"twitter:creator\" content=\"@https:\/\/bsky.app\/profile\/gayblogbr.bsky.social\" \/>\n<meta name=\"twitter:site\" content=\"@gayblogbr\" \/>\n<meta name=\"twitter:label1\" content=\"Escrito por\" \/>\n\t<meta name=\"twitter:data1\" content=\"www.gay.blog.br\" \/>\n\t<meta name=\"twitter:label2\" content=\"Tiempo de lectura\" \/>\n\t<meta name=\"twitter:data2\" content=\"3 minutos\" \/>\n<script type=\"application\/ld+json\" class=\"yoast-schema-graph\">{\"@context\":\"https:\\\/\\\/schema.org\",\"@graph\":[{\"@type\":\"Article\",\"@id\":\"https:\\\/\\\/gay.blog.br\\\/es\\\/noticias-es\\\/ahf-brasil-une-arte-y-jovenes-en-seis-ciudades-del-pais-en-el-dia-mundial-contra-el-sida\\\/#article\",\"isPartOf\":{\"@id\":\"https:\\\/\\\/gay.blog.br\\\/es\\\/noticias-es\\\/ahf-brasil-une-arte-y-jovenes-en-seis-ciudades-del-pais-en-el-dia-mundial-contra-el-sida\\\/\"},\"author\":{\"name\":\"www.gay.blog.br\",\"@id\":\"https:\\\/\\\/gay.blog.br\\\/es\\\/#\\\/schema\\\/person\\\/ab4bce68ee54b8f4af5c174efe7472e5\"},\"headline\":\"AHF Brasil une arte y j\u00f3venes en seis ciudades del pa\u00eds en el D\u00eda Mundial Contra el SIDA\",\"datePublished\":\"2019-11-28T14:22:02+00:00\",\"dateModified\":\"2021-02-17T01:37:57+00:00\",\"mainEntityOfPage\":{\"@id\":\"https:\\\/\\\/gay.blog.br\\\/es\\\/noticias-es\\\/ahf-brasil-une-arte-y-jovenes-en-seis-ciudades-del-pais-en-el-dia-mundial-contra-el-sida\\\/\"},\"wordCount\":704,\"commentCount\":0,\"publisher\":{\"@id\":\"https:\\\/\\\/gay.blog.br\\\/es\\\/#organization\"},\"image\":{\"@id\":\"https:\\\/\\\/gay.blog.br\\\/es\\\/noticias-es\\\/ahf-brasil-une-arte-y-jovenes-en-seis-ciudades-del-pais-en-el-dia-mundial-contra-el-sida\\\/#primaryimage\"},\"thumbnailUrl\":\"https:\\\/\\\/i0.wp.com\\\/gay.blog.br\\\/wp-content\\\/uploads\\\/2019\\\/12\\\/ahf-spices-up-prevention-at-brazil-mexico-prides-1200x671-1.jpg?fit=1200%2C671&ssl=1\",\"keywords\":[\"AHF Brasil\",\"sida\",\"VIH\"],\"articleSection\":[\"NOT\u00cdCIAS\",\"SALUD\"],\"inLanguage\":\"es\",\"potentialAction\":[{\"@type\":\"CommentAction\",\"name\":\"Comment\",\"target\":[\"https:\\\/\\\/gay.blog.br\\\/es\\\/noticias-es\\\/ahf-brasil-une-arte-y-jovenes-en-seis-ciudades-del-pais-en-el-dia-mundial-contra-el-sida\\\/#respond\"]}]},{\"@type\":\"WebPage\",\"@id\":\"https:\\\/\\\/gay.blog.br\\\/es\\\/noticias-es\\\/ahf-brasil-une-arte-y-jovenes-en-seis-ciudades-del-pais-en-el-dia-mundial-contra-el-sida\\\/\",\"url\":\"https:\\\/\\\/gay.blog.br\\\/es\\\/noticias-es\\\/ahf-brasil-une-arte-y-jovenes-en-seis-ciudades-del-pais-en-el-dia-mundial-contra-el-sida\\\/\",\"name\":\"AHF Brasil une arte y j\u00f3venes en seis ciudades del pa\u00eds en el D\u00eda Mundial Contra el SIDA\",\"isPartOf\":{\"@id\":\"https:\\\/\\\/gay.blog.br\\\/es\\\/#website\"},\"primaryImageOfPage\":{\"@id\":\"https:\\\/\\\/gay.blog.br\\\/es\\\/noticias-es\\\/ahf-brasil-une-arte-y-jovenes-en-seis-ciudades-del-pais-en-el-dia-mundial-contra-el-sida\\\/#primaryimage\"},\"image\":{\"@id\":\"https:\\\/\\\/gay.blog.br\\\/es\\\/noticias-es\\\/ahf-brasil-une-arte-y-jovenes-en-seis-ciudades-del-pais-en-el-dia-mundial-contra-el-sida\\\/#primaryimage\"},\"thumbnailUrl\":\"https:\\\/\\\/i0.wp.com\\\/gay.blog.br\\\/wp-content\\\/uploads\\\/2019\\\/12\\\/ahf-spices-up-prevention-at-brazil-mexico-prides-1200x671-1.jpg?fit=1200%2C671&ssl=1\",\"datePublished\":\"2019-11-28T14:22:02+00:00\",\"dateModified\":\"2021-02-17T01:37:57+00:00\",\"description\":\"La acci\u00f3n simult\u00e1nea tendr\u00e1 lugar el 1, 2 y 3 de diciembre, en San Pablo, R\u00edo de Janeiro, Recife, Manaus, Tabatinga y Parintins\",\"breadcrumb\":{\"@id\":\"https:\\\/\\\/gay.blog.br\\\/es\\\/noticias-es\\\/ahf-brasil-une-arte-y-jovenes-en-seis-ciudades-del-pais-en-el-dia-mundial-contra-el-sida\\\/#breadcrumb\"},\"inLanguage\":\"es\",\"potentialAction\":[{\"@type\":\"ReadAction\",\"target\":[\"https:\\\/\\\/gay.blog.br\\\/es\\\/noticias-es\\\/ahf-brasil-une-arte-y-jovenes-en-seis-ciudades-del-pais-en-el-dia-mundial-contra-el-sida\\\/\"]}]},{\"@type\":\"ImageObject\",\"inLanguage\":\"es\",\"@id\":\"https:\\\/\\\/gay.blog.br\\\/es\\\/noticias-es\\\/ahf-brasil-une-arte-y-jovenes-en-seis-ciudades-del-pais-en-el-dia-mundial-contra-el-sida\\\/#primaryimage\",\"url\":\"https:\\\/\\\/i0.wp.com\\\/gay.blog.br\\\/wp-content\\\/uploads\\\/2019\\\/12\\\/ahf-spices-up-prevention-at-brazil-mexico-prides-1200x671-1.jpg?fit=1200%2C671&ssl=1\",\"contentUrl\":\"https:\\\/\\\/i0.wp.com\\\/gay.blog.br\\\/wp-content\\\/uploads\\\/2019\\\/12\\\/ahf-spices-up-prevention-at-brazil-mexico-prides-1200x671-1.jpg?fit=1200%2C671&ssl=1\",\"width\":1200,\"height\":671,\"caption\":\"Foto: reprodu\u00e7\u00e3o\"},{\"@type\":\"BreadcrumbList\",\"@id\":\"https:\\\/\\\/gay.blog.br\\\/es\\\/noticias-es\\\/ahf-brasil-une-arte-y-jovenes-en-seis-ciudades-del-pais-en-el-dia-mundial-contra-el-sida\\\/#breadcrumb\",\"itemListElement\":[{\"@type\":\"ListItem\",\"position\":1,\"name\":\"In\u00edcio\",\"item\":\"https:\\\/\\\/gay.blog.br\\\/es\\\/\"},{\"@type\":\"ListItem\",\"position\":2,\"name\":\"AHF Brasil une arte y j\u00f3venes en seis ciudades del pa\u00eds en el D\u00eda Mundial Contra el SIDA\"}]},{\"@type\":\"WebSite\",\"@id\":\"https:\\\/\\\/gay.blog.br\\\/es\\\/#website\",\"url\":\"https:\\\/\\\/gay.blog.br\\\/es\\\/\",\"name\":\"GAY BLOG BR @gayblogbr\",\"description\":\"Not\u00edcias que empoderam e\\\/ou entret\u00eam s\u00e3o especialidades da casa\",\"publisher\":{\"@id\":\"https:\\\/\\\/gay.blog.br\\\/es\\\/#organization\"},\"potentialAction\":[{\"@type\":\"SearchAction\",\"target\":{\"@type\":\"EntryPoint\",\"urlTemplate\":\"https:\\\/\\\/gay.blog.br\\\/es\\\/?s={search_term_string}\"},\"query-input\":{\"@type\":\"PropertyValueSpecification\",\"valueRequired\":true,\"valueName\":\"search_term_string\"}}],\"inLanguage\":\"es\"},{\"@type\":\"Organization\",\"@id\":\"https:\\\/\\\/gay.blog.br\\\/es\\\/#organization\",\"name\":\"GAY BLOG BR\",\"url\":\"https:\\\/\\\/gay.blog.br\\\/es\\\/\",\"logo\":{\"@type\":\"ImageObject\",\"inLanguage\":\"es\",\"@id\":\"https:\\\/\\\/gay.blog.br\\\/es\\\/#\\\/schema\\\/logo\\\/image\\\/\",\"url\":\"https:\\\/\\\/i0.wp.com\\\/gay.blog.br\\\/wp-content\\\/uploads\\\/2023\\\/08\\\/gay180px.png?fit=272%2C90&ssl=1\",\"contentUrl\":\"https:\\\/\\\/i0.wp.com\\\/gay.blog.br\\\/wp-content\\\/uploads\\\/2023\\\/08\\\/gay180px.png?fit=272%2C90&ssl=1\",\"width\":272,\"height\":90,\"caption\":\"GAY BLOG BR\"},\"image\":{\"@id\":\"https:\\\/\\\/gay.blog.br\\\/es\\\/#\\\/schema\\\/logo\\\/image\\\/\"},\"sameAs\":[\"https:\\\/\\\/facebook.com\\\/gayblogbr\",\"https:\\\/\\\/x.com\\\/gayblogbr\",\"https:\\\/\\\/instagram.com\\\/gayblogbr\",\"https:\\\/\\\/www.linkedin.com\\\/company\\\/gayblogbr\\\/\",\"https:\\\/\\\/br.pinterest.com\\\/gayblogbr\\\/\",\"https:\\\/\\\/www.youtube.com\\\/channel\\\/UCdEu3JXLOB-wvWAVUF4AIiA\",\"https:\\\/\\\/pt.wikipedia.org\\\/wiki\\\/Gay_Blog_Br\",\"https:\\\/\\\/www.threads.net\\\/@gayblogbr\"]},{\"@type\":\"Person\",\"@id\":\"https:\\\/\\\/gay.blog.br\\\/es\\\/#\\\/schema\\\/person\\\/ab4bce68ee54b8f4af5c174efe7472e5\",\"name\":\"www.gay.blog.br\",\"image\":{\"@type\":\"ImageObject\",\"inLanguage\":\"es\",\"@id\":\"https:\\\/\\\/secure.gravatar.com\\\/avatar\\\/a6fb6bf5c84cdaa375389c43448e2bb88db4600d8fc5be6c42a410789075740f?s=96&d=mm&r=g\",\"url\":\"https:\\\/\\\/secure.gravatar.com\\\/avatar\\\/a6fb6bf5c84cdaa375389c43448e2bb88db4600d8fc5be6c42a410789075740f?s=96&d=mm&r=g\",\"contentUrl\":\"https:\\\/\\\/secure.gravatar.com\\\/avatar\\\/a6fb6bf5c84cdaa375389c43448e2bb88db4600d8fc5be6c42a410789075740f?s=96&d=mm&r=g\",\"caption\":\"www.gay.blog.br\"},\"description\":\"Receba as not\u00edcias pelo Telegram!\",\"sameAs\":[\"https:\\\/\\\/facebook.com\\\/gayblogbr\",\"https:\\\/\\\/instagram.com\\\/gayblogbr\",\"https:\\\/\\\/www.linkedin.com\\\/company\\\/gayblogbr\\\/\",\"https:\\\/\\\/pinterest.com\\\/gayblogbr\\\/\",\"https:\\\/\\\/x.com\\\/https:\\\/\\\/bsky.app\\\/profile\\\/gayblogbr.bsky.social\",\"https:\\\/\\\/www.youtube.com\\\/@GAYBLOGBR\",\"https:\\\/\\\/pt.wikipedia.org\\\/wiki\\\/Gay_Blog_Br\"],\"url\":\"https:\\\/\\\/gay.blog.br\\\/es\\\/author\\\/oaudaznavegante\\\/\"}]}<\/script>\n<!-- \/ Yoast SEO plugin. -->","yoast_head_json":{"title":"AHF Brasil une arte y j\u00f3venes en seis ciudades del pa\u00eds en el D\u00eda Mundial Contra el SIDA","description":"La acci\u00f3n simult\u00e1nea tendr\u00e1 lugar el 1, 2 y 3 de diciembre, en San Pablo, R\u00edo de Janeiro, Recife, Manaus, Tabatinga y Parintins","robots":{"index":"index","follow":"follow","max-snippet":"max-snippet:-1","max-image-preview":"max-image-preview:large","max-video-preview":"max-video-preview:-1"},"canonical":"https:\/\/gay.blog.br\/es\/noticias-es\/ahf-brasil-une-arte-y-jovenes-en-seis-ciudades-del-pais-en-el-dia-mundial-contra-el-sida\/","og_locale":"es_ES","og_type":"article","og_title":"AHF Brasil une arte y j\u00f3venes en seis ciudades del pa\u00eds en el D\u00eda Mundial Contra el SIDA","og_description":"La acci\u00f3n simult\u00e1nea tendr\u00e1 lugar el 1, 2 y 3 de diciembre, en San Pablo, R\u00edo de Janeiro, Recife, Manaus, Tabatinga y Parintins","og_url":"https:\/\/gay.blog.br\/es\/noticias-es\/ahf-brasil-une-arte-y-jovenes-en-seis-ciudades-del-pais-en-el-dia-mundial-contra-el-sida\/","og_site_name":"GAY BLOG BR @gayblogbr","article_publisher":"https:\/\/facebook.com\/gayblogbr","article_author":"https:\/\/facebook.com\/gayblogbr","article_published_time":"2019-11-28T14:22:02+00:00","article_modified_time":"2021-02-17T01:37:57+00:00","og_image":[{"width":1200,"height":671,"url":"https:\/\/i2.wp.com\/gay.blog.br\/wp-content\/uploads\/2019\/12\/ahf-spices-up-prevention-at-brazil-mexico-prides-1200x671-1.jpg?fit=1200%2C671&ssl=1","type":"image\/jpeg"}],"author":"www.gay.blog.br","twitter_card":"summary_large_image","twitter_creator":"@https:\/\/bsky.app\/profile\/gayblogbr.bsky.social","twitter_site":"@gayblogbr","twitter_misc":{"Escrito por":"www.gay.blog.br","Tiempo de lectura":"3 minutos"},"schema":{"@context":"https:\/\/schema.org","@graph":[{"@type":"Article","@id":"https:\/\/gay.blog.br\/es\/noticias-es\/ahf-brasil-une-arte-y-jovenes-en-seis-ciudades-del-pais-en-el-dia-mundial-contra-el-sida\/#article","isPartOf":{"@id":"https:\/\/gay.blog.br\/es\/noticias-es\/ahf-brasil-une-arte-y-jovenes-en-seis-ciudades-del-pais-en-el-dia-mundial-contra-el-sida\/"},"author":{"name":"www.gay.blog.br","@id":"https:\/\/gay.blog.br\/es\/#\/schema\/person\/ab4bce68ee54b8f4af5c174efe7472e5"},"headline":"AHF Brasil une arte y j\u00f3venes en seis ciudades del pa\u00eds en el D\u00eda Mundial Contra el SIDA","datePublished":"2019-11-28T14:22:02+00:00","dateModified":"2021-02-17T01:37:57+00:00","mainEntityOfPage":{"@id":"https:\/\/gay.blog.br\/es\/noticias-es\/ahf-brasil-une-arte-y-jovenes-en-seis-ciudades-del-pais-en-el-dia-mundial-contra-el-sida\/"},"wordCount":704,"commentCount":0,"publisher":{"@id":"https:\/\/gay.blog.br\/es\/#organization"},"image":{"@id":"https:\/\/gay.blog.br\/es\/noticias-es\/ahf-brasil-une-arte-y-jovenes-en-seis-ciudades-del-pais-en-el-dia-mundial-contra-el-sida\/#primaryimage"},"thumbnailUrl":"https:\/\/i0.wp.com\/gay.blog.br\/wp-content\/uploads\/2019\/12\/ahf-spices-up-prevention-at-brazil-mexico-prides-1200x671-1.jpg?fit=1200%2C671&ssl=1","keywords":["AHF Brasil","sida","VIH"],"articleSection":["NOT\u00cdCIAS","SALUD"],"inLanguage":"es","potentialAction":[{"@type":"CommentAction","name":"Comment","target":["https:\/\/gay.blog.br\/es\/noticias-es\/ahf-brasil-une-arte-y-jovenes-en-seis-ciudades-del-pais-en-el-dia-mundial-contra-el-sida\/#respond"]}]},{"@type":"WebPage","@id":"https:\/\/gay.blog.br\/es\/noticias-es\/ahf-brasil-une-arte-y-jovenes-en-seis-ciudades-del-pais-en-el-dia-mundial-contra-el-sida\/","url":"https:\/\/gay.blog.br\/es\/noticias-es\/ahf-brasil-une-arte-y-jovenes-en-seis-ciudades-del-pais-en-el-dia-mundial-contra-el-sida\/","name":"AHF Brasil une arte y j\u00f3venes en seis ciudades del pa\u00eds en el D\u00eda Mundial Contra el SIDA","isPartOf":{"@id":"https:\/\/gay.blog.br\/es\/#website"},"primaryImageOfPage":{"@id":"https:\/\/gay.blog.br\/es\/noticias-es\/ahf-brasil-une-arte-y-jovenes-en-seis-ciudades-del-pais-en-el-dia-mundial-contra-el-sida\/#primaryimage"},"image":{"@id":"https:\/\/gay.blog.br\/es\/noticias-es\/ahf-brasil-une-arte-y-jovenes-en-seis-ciudades-del-pais-en-el-dia-mundial-contra-el-sida\/#primaryimage"},"thumbnailUrl":"https:\/\/i0.wp.com\/gay.blog.br\/wp-content\/uploads\/2019\/12\/ahf-spices-up-prevention-at-brazil-mexico-prides-1200x671-1.jpg?fit=1200%2C671&ssl=1","datePublished":"2019-11-28T14:22:02+00:00","dateModified":"2021-02-17T01:37:57+00:00","description":"La acci\u00f3n simult\u00e1nea tendr\u00e1 lugar el 1, 2 y 3 de diciembre, en San Pablo, R\u00edo de Janeiro, Recife, Manaus, Tabatinga y Parintins","breadcrumb":{"@id":"https:\/\/gay.blog.br\/es\/noticias-es\/ahf-brasil-une-arte-y-jovenes-en-seis-ciudades-del-pais-en-el-dia-mundial-contra-el-sida\/#breadcrumb"},"inLanguage":"es","potentialAction":[{"@type":"ReadAction","target":["https:\/\/gay.blog.br\/es\/noticias-es\/ahf-brasil-une-arte-y-jovenes-en-seis-ciudades-del-pais-en-el-dia-mundial-contra-el-sida\/"]}]},{"@type":"ImageObject","inLanguage":"es","@id":"https:\/\/gay.blog.br\/es\/noticias-es\/ahf-brasil-une-arte-y-jovenes-en-seis-ciudades-del-pais-en-el-dia-mundial-contra-el-sida\/#primaryimage","url":"https:\/\/i0.wp.com\/gay.blog.br\/wp-content\/uploads\/2019\/12\/ahf-spices-up-prevention-at-brazil-mexico-prides-1200x671-1.jpg?fit=1200%2C671&ssl=1","contentUrl":"https:\/\/i0.wp.com\/gay.blog.br\/wp-content\/uploads\/2019\/12\/ahf-spices-up-prevention-at-brazil-mexico-prides-1200x671-1.jpg?fit=1200%2C671&ssl=1","width":1200,"height":671,"caption":"Foto: reprodu\u00e7\u00e3o"},{"@type":"BreadcrumbList","@id":"https:\/\/gay.blog.br\/es\/noticias-es\/ahf-brasil-une-arte-y-jovenes-en-seis-ciudades-del-pais-en-el-dia-mundial-contra-el-sida\/#breadcrumb","itemListElement":[{"@type":"ListItem","position":1,"name":"In\u00edcio","item":"https:\/\/gay.blog.br\/es\/"},{"@type":"ListItem","position":2,"name":"AHF Brasil une arte y j\u00f3venes en seis ciudades del pa\u00eds en el D\u00eda Mundial Contra el SIDA"}]},{"@type":"WebSite","@id":"https:\/\/gay.blog.br\/es\/#website","url":"https:\/\/gay.blog.br\/es\/","name":"GAY BLOG BR @gayblogbr","description":"Not\u00edcias que empoderam e\/ou entret\u00eam s\u00e3o especialidades da casa","publisher":{"@id":"https:\/\/gay.blog.br\/es\/#organization"},"potentialAction":[{"@type":"SearchAction","target":{"@type":"EntryPoint","urlTemplate":"https:\/\/gay.blog.br\/es\/?s={search_term_string}"},"query-input":{"@type":"PropertyValueSpecification","valueRequired":true,"valueName":"search_term_string"}}],"inLanguage":"es"},{"@type":"Organization","@id":"https:\/\/gay.blog.br\/es\/#organization","name":"GAY BLOG BR","url":"https:\/\/gay.blog.br\/es\/","logo":{"@type":"ImageObject","inLanguage":"es","@id":"https:\/\/gay.blog.br\/es\/#\/schema\/logo\/image\/","url":"https:\/\/i0.wp.com\/gay.blog.br\/wp-content\/uploads\/2023\/08\/gay180px.png?fit=272%2C90&ssl=1","contentUrl":"https:\/\/i0.wp.com\/gay.blog.br\/wp-content\/uploads\/2023\/08\/gay180px.png?fit=272%2C90&ssl=1","width":272,"height":90,"caption":"GAY BLOG BR"},"image":{"@id":"https:\/\/gay.blog.br\/es\/#\/schema\/logo\/image\/"},"sameAs":["https:\/\/facebook.com\/gayblogbr","https:\/\/x.com\/gayblogbr","https:\/\/instagram.com\/gayblogbr","https:\/\/www.linkedin.com\/company\/gayblogbr\/","https:\/\/br.pinterest.com\/gayblogbr\/","https:\/\/www.youtube.com\/channel\/UCdEu3JXLOB-wvWAVUF4AIiA","https:\/\/pt.wikipedia.org\/wiki\/Gay_Blog_Br","https:\/\/www.threads.net\/@gayblogbr"]},{"@type":"Person","@id":"https:\/\/gay.blog.br\/es\/#\/schema\/person\/ab4bce68ee54b8f4af5c174efe7472e5","name":"www.gay.blog.br","image":{"@type":"ImageObject","inLanguage":"es","@id":"https:\/\/secure.gravatar.com\/avatar\/a6fb6bf5c84cdaa375389c43448e2bb88db4600d8fc5be6c42a410789075740f?s=96&d=mm&r=g","url":"https:\/\/secure.gravatar.com\/avatar\/a6fb6bf5c84cdaa375389c43448e2bb88db4600d8fc5be6c42a410789075740f?s=96&d=mm&r=g","contentUrl":"https:\/\/secure.gravatar.com\/avatar\/a6fb6bf5c84cdaa375389c43448e2bb88db4600d8fc5be6c42a410789075740f?s=96&d=mm&r=g","caption":"www.gay.blog.br"},"description":"Receba as not\u00edcias pelo Telegram!","sameAs":["https:\/\/facebook.com\/gayblogbr","https:\/\/instagram.com\/gayblogbr","https:\/\/www.linkedin.com\/company\/gayblogbr\/","https:\/\/pinterest.com\/gayblogbr\/","https:\/\/x.com\/https:\/\/bsky.app\/profile\/gayblogbr.bsky.social","https:\/\/www.youtube.com\/@GAYBLOGBR","https:\/\/pt.wikipedia.org\/wiki\/Gay_Blog_Br"],"url":"https:\/\/gay.blog.br\/es\/author\/oaudaznavegante\/"}]}},"jetpack_publicize_connections":[],"jetpack_featured_media_url":"https:\/\/i0.wp.com\/gay.blog.br\/wp-content\/uploads\/2019\/12\/ahf-spices-up-prevention-at-brazil-mexico-prides-1200x671-1.jpg?fit=1200%2C671&ssl=1","jetpack_sharing_enabled":true,"jetpack_shortlink":"https:\/\/wp.me\/p6klkK-t9N","jetpack_likes_enabled":false,"amp_enabled":true,"_links":{"self":[{"href":"https:\/\/gay.blog.br\/es\/wp-json\/wp\/v2\/posts\/112083","targetHints":{"allow":["GET"]}}],"collection":[{"href":"https:\/\/gay.blog.br\/es\/wp-json\/wp\/v2\/posts"}],"about":[{"href":"https:\/\/gay.blog.br\/es\/wp-json\/wp\/v2\/types\/post"}],"author":[{"embeddable":true,"href":"https:\/\/gay.blog.br\/es\/wp-json\/wp\/v2\/users\/2"}],"replies":[{"embeddable":true,"href":"https:\/\/gay.blog.br\/es\/wp-json\/wp\/v2\/comments?post=112083"}],"version-history":[{"count":0,"href":"https:\/\/gay.blog.br\/es\/wp-json\/wp\/v2\/posts\/112083\/revisions"}],"wp:featuredmedia":[{"embeddable":true,"href":"https:\/\/gay.blog.br\/es\/wp-json\/wp\/v2\/media\/77252"}],"wp:attachment":[{"href":"https:\/\/gay.blog.br\/es\/wp-json\/wp\/v2\/media?parent=112083"}],"wp:term":[{"taxonomy":"category","embeddable":true,"href":"https:\/\/gay.blog.br\/es\/wp-json\/wp\/v2\/categories?post=112083"},{"taxonomy":"post_tag","embeddable":true,"href":"https:\/\/gay.blog.br\/es\/wp-json\/wp\/v2\/tags?post=112083"}],"curies":[{"name":"wp","href":"https:\/\/api.w.org\/{rel}","templated":true}]}}