{"id":112321,"date":"2021-02-16T16:52:42","date_gmt":"2021-02-16T19:52:42","guid":{"rendered":"https:\/\/gay.blog.br\/?p=112321"},"modified":"2021-02-19T23:35:36","modified_gmt":"2021-02-20T02:35:36","slug":"documental-sobre-el-vih-carta-para-alem-dos-muros-se-pone-a-disposicion-en-las-escuelas","status":"publish","type":"post","link":"https:\/\/gay.blog.br\/es\/noticias-es\/documental-sobre-el-vih-carta-para-alem-dos-muros-se-pone-a-disposicion-en-las-escuelas\/","title":{"rendered":"Documental sobre el VIH \u00abCarta Para Al\u00e9m dos Muros\u00bb se pone a disposici\u00f3n en las escuelas."},"content":{"rendered":"<p style=\"text-align: justify;\">El documental \u00ab<strong>Carta Para Al\u00e9m dos Muros<\/strong>\u00bb gana una versi\u00f3n compacta hecha para estar disponible en la sala de aula. El documental estar\u00e1 disponible en la plataforma de streaming <a href=\"https:\/\/www.videocamp.com\/pt\">VideoCamp<\/a> a partir del 25 de febrero, a trav\u00e9s del apoyo institucional de UNESCO y de ONUSIDA BRASIL, patrocinado por Gilead Sciences Brasil e \u00cdtaca.<\/p>\n<figure id=\"attachment_112166\" aria-describedby=\"caption-attachment-112166\" style=\"width: 1234px\" class=\"wp-caption aligncenter\"><a href=\"http:\/\/instagram.com\/gayblogbr\"><img data-recalc-dims=\"1\" loading=\"lazy\" decoding=\"async\" class=\"size-full wp-image-112166\" src=\"https:\/\/i0.wp.com\/gay.blog.br\/wp-content\/uploads\/2021\/02\/hiv-31.jpg?resize=696%2C424&#038;ssl=1\" alt=\"Documental sobre el VIH \" width=\"696\" height=\"424\" srcset=\"https:\/\/i0.wp.com\/gay.blog.br\/wp-content\/uploads\/2021\/02\/hiv-31.jpg?w=1234&amp;ssl=1 1234w, https:\/\/i0.wp.com\/gay.blog.br\/wp-content\/uploads\/2021\/02\/hiv-31.jpg?resize=300%2C183&amp;ssl=1 300w, https:\/\/i0.wp.com\/gay.blog.br\/wp-content\/uploads\/2021\/02\/hiv-31.jpg?resize=1024%2C623&amp;ssl=1 1024w, https:\/\/i0.wp.com\/gay.blog.br\/wp-content\/uploads\/2021\/02\/hiv-31.jpg?resize=150%2C91&amp;ssl=1 150w, https:\/\/i0.wp.com\/gay.blog.br\/wp-content\/uploads\/2021\/02\/hiv-31.jpg?resize=768%2C467&amp;ssl=1 768w, https:\/\/i0.wp.com\/gay.blog.br\/wp-content\/uploads\/2021\/02\/hiv-31.jpg?resize=696%2C424&amp;ssl=1 696w, https:\/\/i0.wp.com\/gay.blog.br\/wp-content\/uploads\/2021\/02\/hiv-31.jpg?resize=1068%2C650&amp;ssl=1 1068w, https:\/\/i0.wp.com\/gay.blog.br\/wp-content\/uploads\/2021\/02\/hiv-31.jpg?resize=690%2C420&amp;ssl=1 690w\" sizes=\"auto, (max-width: 696px) 100vw, 696px\" \/><\/a><figcaption id=\"caption-attachment-112166\" class=\"wp-caption-text\">Dr. Rico Vasconcelos &#8211; Frame\/Divulgaci\u00f3n<\/figcaption><\/figure>\n<p style=\"text-align: justify;\">La nueva versi\u00f3n tiene como objetivo ampliar el acceso al documental, que narra la trayectoria de la epidemia que abri\u00f3 el desconocimiento y los prejuicios sobre el VIH y el SIDA en Brasil. Dirigido por <strong>Andr\u00e9 Canto<\/strong>, la pel\u00edcula investiga el estigma, los prejuicios y la discriminaci\u00f3n como productos de una sociedad que insiste en mantener marginadas a las personas que viven con el VIH &#8211; hasta hoy, casi 40 a\u00f1os despu\u00e9s del primer caso diagnosticado, las situaciones de miedo, inseguridad y exclusi\u00f3n son recurrentes en las personas que viven con el VIH.<\/p>\n<p style=\"text-align: justify;\">Hoy sabemos que la epidemia, a pesar de los importantes avances cient\u00edficos en el tratamiento y la prevenci\u00f3n, ha crecido entre los adolescentes y j\u00f3venes (de 15 a 24 a\u00f1os), como lo se\u00f1ala el Bolet\u00edn Epidemiol\u00f3gico 2020 del VIH\/SIDA del Ministerio de Salud. Cada semana <strong>6.000 j\u00f3venes<\/strong> se infectan con el VIH en todo el mundo, esta vulnerabilidad entre los adolescentes es una tendencia global, este grupo es el \u00fanico donde la epidemia sigue avanzando con un riesgo relativo 50% mayor en comparaci\u00f3n con otros grupos de edad.<\/p>\n<p><span class=\"embed-youtube\" style=\"text-align:center; display: block;\"><iframe loading=\"lazy\" class=\"youtube-player\" width=\"696\" height=\"392\" src=\"https:\/\/www.youtube.com\/embed\/FhsfHXgDeQg?version=3&#038;rel=1&#038;showsearch=0&#038;showinfo=1&#038;iv_load_policy=1&#038;fs=1&#038;hl=es-ES&#038;autohide=2&#038;wmode=transparent\" allowfullscreen=\"true\" style=\"border:0;\" sandbox=\"allow-scripts allow-same-origin allow-popups allow-presentation allow-popups-to-escape-sandbox\"><\/iframe><\/span><\/p>\n<p style=\"text-align: justify;\">El documental, el primero en su tipo en rehacer la <strong>cronolog\u00eda del VIH y el SIDA<\/strong> en el pa\u00eds, lidera el proyecto <em>#PrecisamosFalarSobreIsso<\/em>, que tambi\u00e9n cuenta con una serie documental para TV y un libro-reportaje que dar\u00e1 cuenta de todo el proceso de su investigaci\u00f3n y realizaci\u00f3n. .<\/p>\n<p style=\"text-align: justify;\">En la pel\u00edcula, el joven Caio cuenta c\u00f3mo descubri\u00f3 que vive con el VIH, un momento a partir del cual tuvo que enfrentarse a sus propios fantasmas, adem\u00e1s del prejuicio de la familia y la sociedad. Utilizando el testimonio de Caio como hilo conductor, la pel\u00edcula comienza a interludir im\u00e1genes de archivo y entrevistas con m\u00e9dicos, personas que viven con el VIH, activistas y figuras p\u00fablicas, no solo para contar la historia del VIH y el sida en Brasil, sino tambi\u00e9n para investigar el proceso de construyendo prejuicios y estigmas que a\u00fan caen sobre Caio y todas las personas que viven con el virus hoy en d\u00eda, desde el nombre de la enfermedad como <strong>\u00abpeste gay<\/strong>\u00bb en el momento de su aparici\u00f3n, a trav\u00e9s de la estigmatizante clasificaci\u00f3n de \u00abgrupos de riesgo\u00bb, al sensacionalismo de parte de la prensa, adem\u00e1s de los juicios morales y religiosos en el transcurso de la epidemia.<\/p>\n<p style=\"text-align: justify;\">El <strong>Dr. Dr\u00e1uzio Varella<\/strong> encabeza la lista de personas que dan testimonio en la pel\u00edcula. Adem\u00e1s de \u00e9l, el exministro de Salud Jos\u00e9 Serra, cineasta y exVJ Marina Person, madre de <a href=\"http:\/\/gay.blog.br\/?s=cazuza\">Cazuza<\/a>, Lucinha Ara\u00fajo, y los doctores Ricardo Tapaj\u00f3s, M\u00e1rcia Rachid y Ricardo Vasconcelos, explican las razones por las que la impresionante evoluci\u00f3n en la respuesta m\u00e9dica y cient\u00edfica al VIH no ha ido acompa\u00f1ada de un cambio de mentalidad y prejuicios sobre la infecci\u00f3n.<\/p>\n<h3><strong>SERVICIO<\/strong><\/h3>\n<ul>\n<li><strong>Pel\u00edcula<\/strong>: <em>#PrecisamosFalarSobreIsso &#8211; Carta para Al\u00e9m dos Muros<\/em><\/li>\n<li><strong>Lanzamiento<\/strong>: 25 de febrero<\/li>\n<li><strong>Plataforma:<\/strong> <a href=\"https:\/\/www.videocamp.com\/pt\">Videocamp<\/a><\/li>\n<\/ul>\n<h4 dir=\"ltr\"><strong>FICHA T\u00c9CNICA<\/strong><\/h4>\n<ul>\n<li dir=\"ltr\">Brasil, 2020, 54 min, calificaci\u00f3n indicativa 12 A\u00d1OS<\/li>\n<li dir=\"ltr\">direcci\u00f3n: Andr\u00e9 Canto<\/li>\n<li dir=\"ltr\">montaje: Ricardo Farias<\/li>\n<li dir=\"ltr\">gui\u00f3n: Andr\u00e9 Canto, Gabriel Estrela, Gustavo Menezes y Ricardo Farias<\/li>\n<li dir=\"ltr\">direcci\u00f3n de fotograf\u00eda: Carlos Bali\u00fa<\/li>\n<li dir=\"ltr\">banda sonora original: Roberto Prado<\/li>\n<li dir=\"ltr\">edici\u00f3n de sonido: Camila Mariga y Cau\u00ea Cust\u00f3dio<\/li>\n<li dir=\"ltr\">mezcla 5.1: Rodrigo Ferrante<\/li>\n<li dir=\"ltr\">sonido directo: Rafael Alves Ribeiro<\/li>\n<li dir=\"ltr\">dise\u00f1o de movimiento: Rafael Terpins<\/li>\n<li dir=\"ltr\">supervisi\u00f3n de postproducci\u00f3n: Jos\u00e9 Francisco Neto, ABC<\/li>\n<li dir=\"ltr\">clasificaci\u00f3n de color: Ely Silva, ABC<\/li>\n<li dir=\"ltr\">consultor\u00eda t\u00e9cnica: Ricardo Vasconcelos<\/li>\n<li dir=\"ltr\">direcci\u00f3n de producci\u00f3n: Larissa Barbosa<\/li>\n<li dir=\"ltr\">producci\u00f3n ejecutiva: Andr\u00e9 Canto y Gustavo Menezes<\/li>\n<li dir=\"ltr\">coproductores: Gabriel Miziara y Gustavo Menezes<\/li>\n<li dir=\"ltr\">productor asociado: Marcos Arzua Barbosa<\/li>\n<li dir=\"ltr\">producido por: Andr\u00e9 Canto<\/li>\n<\/ul>\n","protected":false},"excerpt":{"rendered":"<p>El documental estar\u00e1 disponible en la plataforma de streaming VideoCamp a partir del d\u00eda 25 de febrero<\/p>\n","protected":false},"author":3515,"featured_media":112168,"comment_status":"open","ping_status":"open","sticky":false,"template":"","format":"standard","meta":{"googlesitekit_rrm_CAoiEBg-BXrJeACjO8p49SE4kTY:productID":"","tdm_status":"","tdm_grid_status":"","_jetpack_newsletter_access":"","_jetpack_dont_email_post_to_subs":false,"_jetpack_newsletter_tier_id":0,"_jetpack_memberships_contains_paywalled_content":false,"_jetpack_memberships_contains_paid_content":false,"footnotes":"","jetpack_publicize_message":"Documental sobre el VIH \"Carta Para Al\u00e9m dos Muros\" se pone a disposici\u00f3n en las escuelas.","jetpack_publicize_feature_enabled":true,"jetpack_social_post_already_shared":true,"jetpack_social_options":{"image_generator_settings":{"template":"highway","default_image_id":0,"font":"","enabled":false},"version":2},"_wpas_customize_per_network":false,"jetpack_post_was_ever_published":false},"categories":[589932231,589932380],"tags":[589937344,589934201,589937343,589937346,589933780,589937345,589932552,589932551],"class_list":{"0":"post-112321","1":"post","2":"type-post","3":"status-publish","4":"format-standard","5":"has-post-thumbnail","7":"category-noticias-es","8":"category-salud","9":"tag-carta-para-alem-dos-muros-es","10":"tag-documental","11":"tag-escuela","12":"tag-marcia-rachid-es","13":"tag-pelicula","14":"tag-ricardo-tapajos-es","15":"tag-sida","16":"tag-vih"},"yoast_head":"<!-- This site is optimized with the Yoast SEO plugin v27.4 - https:\/\/yoast.com\/product\/yoast-seo-wordpress\/ -->\n<title>Documental sobre el VIH &quot;Carta Para Al\u00e9m dos Muros&quot; se pone a disposici\u00f3n en las escuelas.<\/title>\n<meta name=\"description\" content=\"El documental estar\u00e1 disponible en la plataforma de streaming VideoCamp a partir del d\u00eda 25 de febrero\" \/>\n<meta name=\"robots\" content=\"index, follow, max-snippet:-1, max-image-preview:large, max-video-preview:-1\" \/>\n<link rel=\"canonical\" href=\"https:\/\/gay.blog.br\/es\/noticias-es\/documental-sobre-el-vih-carta-para-alem-dos-muros-se-pone-a-disposicion-en-las-escuelas\/\" \/>\n<meta property=\"og:locale\" content=\"es_ES\" \/>\n<meta property=\"og:type\" content=\"article\" \/>\n<meta property=\"og:title\" content=\"Documental sobre el VIH &quot;Carta Para Al\u00e9m dos Muros&quot; se pone a disposici\u00f3n en las escuelas.\" \/>\n<meta property=\"og:description\" content=\"El documental estar\u00e1 disponible en la plataforma de streaming VideoCamp a partir del d\u00eda 25 de febrero\" \/>\n<meta property=\"og:url\" content=\"https:\/\/gay.blog.br\/es\/noticias-es\/documental-sobre-el-vih-carta-para-alem-dos-muros-se-pone-a-disposicion-en-las-escuelas\/\" \/>\n<meta property=\"og:site_name\" content=\"GAY BLOG BR @gayblogbr\" \/>\n<meta property=\"article:publisher\" content=\"https:\/\/facebook.com\/gayblogbr\" \/>\n<meta property=\"article:author\" content=\"https:\/\/www.facebook.com\/victormillerreal\" \/>\n<meta property=\"article:published_time\" content=\"2021-02-16T19:52:42+00:00\" \/>\n<meta property=\"article:modified_time\" content=\"2021-02-20T02:35:36+00:00\" \/>\n<meta property=\"og:image\" content=\"https:\/\/i1.wp.com\/gay.blog.br\/wp-content\/uploads\/2021\/02\/hiv-31.jpg?fit=1234%2C751&ssl=1\" \/>\n\t<meta property=\"og:image:width\" content=\"1234\" \/>\n\t<meta property=\"og:image:height\" content=\"751\" \/>\n\t<meta property=\"og:image:type\" content=\"image\/jpeg\" \/>\n<meta name=\"author\" content=\"Victor Miller\" \/>\n<meta name=\"twitter:card\" content=\"summary_large_image\" \/>\n<meta name=\"twitter:creator\" content=\"@https:\/\/twitter.com\/victor_miller\" \/>\n<meta name=\"twitter:site\" content=\"@gayblogbr\" \/>\n<meta name=\"twitter:label1\" content=\"Escrito por\" \/>\n\t<meta name=\"twitter:data1\" content=\"Victor Miller\" \/>\n\t<meta name=\"twitter:label2\" content=\"Tiempo de lectura\" \/>\n\t<meta name=\"twitter:data2\" content=\"4 minutos\" \/>\n<script type=\"application\/ld+json\" class=\"yoast-schema-graph\">{\"@context\":\"https:\\\/\\\/schema.org\",\"@graph\":[{\"@type\":\"Article\",\"@id\":\"https:\\\/\\\/gay.blog.br\\\/es\\\/noticias-es\\\/documental-sobre-el-vih-carta-para-alem-dos-muros-se-pone-a-disposicion-en-las-escuelas\\\/#article\",\"isPartOf\":{\"@id\":\"https:\\\/\\\/gay.blog.br\\\/es\\\/noticias-es\\\/documental-sobre-el-vih-carta-para-alem-dos-muros-se-pone-a-disposicion-en-las-escuelas\\\/\"},\"author\":{\"name\":\"Victor Miller\",\"@id\":\"https:\\\/\\\/gay.blog.br\\\/es\\\/#\\\/schema\\\/person\\\/5e0cf06e5d5e166b6afeaefc7fc56d9d\"},\"headline\":\"Documental sobre el VIH \u00abCarta Para Al\u00e9m dos Muros\u00bb se pone a disposici\u00f3n en las escuelas.\",\"datePublished\":\"2021-02-16T19:52:42+00:00\",\"dateModified\":\"2021-02-20T02:35:36+00:00\",\"mainEntityOfPage\":{\"@id\":\"https:\\\/\\\/gay.blog.br\\\/es\\\/noticias-es\\\/documental-sobre-el-vih-carta-para-alem-dos-muros-se-pone-a-disposicion-en-las-escuelas\\\/\"},\"wordCount\":719,\"commentCount\":0,\"publisher\":{\"@id\":\"https:\\\/\\\/gay.blog.br\\\/es\\\/#organization\"},\"image\":{\"@id\":\"https:\\\/\\\/gay.blog.br\\\/es\\\/noticias-es\\\/documental-sobre-el-vih-carta-para-alem-dos-muros-se-pone-a-disposicion-en-las-escuelas\\\/#primaryimage\"},\"thumbnailUrl\":\"https:\\\/\\\/i0.wp.com\\\/gay.blog.br\\\/wp-content\\\/uploads\\\/2021\\\/02\\\/hiv-31.jpg?fit=1234%2C751&ssl=1\",\"keywords\":[\"carta para al\u00e9m dos muros\",\"documental\",\"escuela\",\"M\u00e1rcia Rachid\",\"pel\u00edcula\",\"Ricardo Tapaj\u00f3s\",\"sida\",\"VIH\"],\"articleSection\":[\"NOT\u00cdCIAS\",\"SALUD\"],\"inLanguage\":\"es\",\"potentialAction\":[{\"@type\":\"CommentAction\",\"name\":\"Comment\",\"target\":[\"https:\\\/\\\/gay.blog.br\\\/es\\\/noticias-es\\\/documental-sobre-el-vih-carta-para-alem-dos-muros-se-pone-a-disposicion-en-las-escuelas\\\/#respond\"]}]},{\"@type\":\"WebPage\",\"@id\":\"https:\\\/\\\/gay.blog.br\\\/es\\\/noticias-es\\\/documental-sobre-el-vih-carta-para-alem-dos-muros-se-pone-a-disposicion-en-las-escuelas\\\/\",\"url\":\"https:\\\/\\\/gay.blog.br\\\/es\\\/noticias-es\\\/documental-sobre-el-vih-carta-para-alem-dos-muros-se-pone-a-disposicion-en-las-escuelas\\\/\",\"name\":\"Documental sobre el VIH \\\"Carta Para Al\u00e9m dos Muros\\\" se pone a disposici\u00f3n en las escuelas.\",\"isPartOf\":{\"@id\":\"https:\\\/\\\/gay.blog.br\\\/es\\\/#website\"},\"primaryImageOfPage\":{\"@id\":\"https:\\\/\\\/gay.blog.br\\\/es\\\/noticias-es\\\/documental-sobre-el-vih-carta-para-alem-dos-muros-se-pone-a-disposicion-en-las-escuelas\\\/#primaryimage\"},\"image\":{\"@id\":\"https:\\\/\\\/gay.blog.br\\\/es\\\/noticias-es\\\/documental-sobre-el-vih-carta-para-alem-dos-muros-se-pone-a-disposicion-en-las-escuelas\\\/#primaryimage\"},\"thumbnailUrl\":\"https:\\\/\\\/i0.wp.com\\\/gay.blog.br\\\/wp-content\\\/uploads\\\/2021\\\/02\\\/hiv-31.jpg?fit=1234%2C751&ssl=1\",\"datePublished\":\"2021-02-16T19:52:42+00:00\",\"dateModified\":\"2021-02-20T02:35:36+00:00\",\"description\":\"El documental estar\u00e1 disponible en la plataforma de streaming VideoCamp a partir del d\u00eda 25 de febrero\",\"breadcrumb\":{\"@id\":\"https:\\\/\\\/gay.blog.br\\\/es\\\/noticias-es\\\/documental-sobre-el-vih-carta-para-alem-dos-muros-se-pone-a-disposicion-en-las-escuelas\\\/#breadcrumb\"},\"inLanguage\":\"es\",\"potentialAction\":[{\"@type\":\"ReadAction\",\"target\":[\"https:\\\/\\\/gay.blog.br\\\/es\\\/noticias-es\\\/documental-sobre-el-vih-carta-para-alem-dos-muros-se-pone-a-disposicion-en-las-escuelas\\\/\"]}]},{\"@type\":\"ImageObject\",\"inLanguage\":\"es\",\"@id\":\"https:\\\/\\\/gay.blog.br\\\/es\\\/noticias-es\\\/documental-sobre-el-vih-carta-para-alem-dos-muros-se-pone-a-disposicion-en-las-escuelas\\\/#primaryimage\",\"url\":\"https:\\\/\\\/i0.wp.com\\\/gay.blog.br\\\/wp-content\\\/uploads\\\/2021\\\/02\\\/hiv-31.jpg?fit=1234%2C751&ssl=1\",\"contentUrl\":\"https:\\\/\\\/i0.wp.com\\\/gay.blog.br\\\/wp-content\\\/uploads\\\/2021\\\/02\\\/hiv-31.jpg?fit=1234%2C751&ssl=1\",\"width\":1234,\"height\":751,\"caption\":\"Foto: Dr. Rico Vasconcelos\"},{\"@type\":\"BreadcrumbList\",\"@id\":\"https:\\\/\\\/gay.blog.br\\\/es\\\/noticias-es\\\/documental-sobre-el-vih-carta-para-alem-dos-muros-se-pone-a-disposicion-en-las-escuelas\\\/#breadcrumb\",\"itemListElement\":[{\"@type\":\"ListItem\",\"position\":1,\"name\":\"In\u00edcio\",\"item\":\"https:\\\/\\\/gay.blog.br\\\/es\\\/\"},{\"@type\":\"ListItem\",\"position\":2,\"name\":\"Documental sobre el VIH \u00abCarta Para Al\u00e9m dos Muros\u00bb se pone a disposici\u00f3n en las escuelas.\"}]},{\"@type\":\"WebSite\",\"@id\":\"https:\\\/\\\/gay.blog.br\\\/es\\\/#website\",\"url\":\"https:\\\/\\\/gay.blog.br\\\/es\\\/\",\"name\":\"GAY BLOG BR @gayblogbr\",\"description\":\"Not\u00edcias que empoderam e\\\/ou entret\u00eam s\u00e3o especialidades da casa\",\"publisher\":{\"@id\":\"https:\\\/\\\/gay.blog.br\\\/es\\\/#organization\"},\"potentialAction\":[{\"@type\":\"SearchAction\",\"target\":{\"@type\":\"EntryPoint\",\"urlTemplate\":\"https:\\\/\\\/gay.blog.br\\\/es\\\/?s={search_term_string}\"},\"query-input\":{\"@type\":\"PropertyValueSpecification\",\"valueRequired\":true,\"valueName\":\"search_term_string\"}}],\"inLanguage\":\"es\"},{\"@type\":\"Organization\",\"@id\":\"https:\\\/\\\/gay.blog.br\\\/es\\\/#organization\",\"name\":\"GAY BLOG BR\",\"url\":\"https:\\\/\\\/gay.blog.br\\\/es\\\/\",\"logo\":{\"@type\":\"ImageObject\",\"inLanguage\":\"es\",\"@id\":\"https:\\\/\\\/gay.blog.br\\\/es\\\/#\\\/schema\\\/logo\\\/image\\\/\",\"url\":\"https:\\\/\\\/i0.wp.com\\\/gay.blog.br\\\/wp-content\\\/uploads\\\/2023\\\/08\\\/gay180px.png?fit=272%2C90&ssl=1\",\"contentUrl\":\"https:\\\/\\\/i0.wp.com\\\/gay.blog.br\\\/wp-content\\\/uploads\\\/2023\\\/08\\\/gay180px.png?fit=272%2C90&ssl=1\",\"width\":272,\"height\":90,\"caption\":\"GAY BLOG BR\"},\"image\":{\"@id\":\"https:\\\/\\\/gay.blog.br\\\/es\\\/#\\\/schema\\\/logo\\\/image\\\/\"},\"sameAs\":[\"https:\\\/\\\/facebook.com\\\/gayblogbr\",\"https:\\\/\\\/x.com\\\/gayblogbr\",\"https:\\\/\\\/instagram.com\\\/gayblogbr\",\"https:\\\/\\\/www.linkedin.com\\\/company\\\/gayblogbr\\\/\",\"https:\\\/\\\/br.pinterest.com\\\/gayblogbr\\\/\",\"https:\\\/\\\/www.youtube.com\\\/channel\\\/UCdEu3JXLOB-wvWAVUF4AIiA\",\"https:\\\/\\\/pt.wikipedia.org\\\/wiki\\\/Gay_Blog_Br\",\"https:\\\/\\\/www.threads.net\\\/@gayblogbr\"]},{\"@type\":\"Person\",\"@id\":\"https:\\\/\\\/gay.blog.br\\\/es\\\/#\\\/schema\\\/person\\\/5e0cf06e5d5e166b6afeaefc7fc56d9d\",\"name\":\"Victor Miller\",\"image\":{\"@type\":\"ImageObject\",\"inLanguage\":\"es\",\"@id\":\"https:\\\/\\\/secure.gravatar.com\\\/avatar\\\/7c1fad0dcba879f76a2e6b9189cea981c8fcb9c7e6f40d5903cf16ba29cb80b5?s=96&d=mm&r=g\",\"url\":\"https:\\\/\\\/secure.gravatar.com\\\/avatar\\\/7c1fad0dcba879f76a2e6b9189cea981c8fcb9c7e6f40d5903cf16ba29cb80b5?s=96&d=mm&r=g\",\"contentUrl\":\"https:\\\/\\\/secure.gravatar.com\\\/avatar\\\/7c1fad0dcba879f76a2e6b9189cea981c8fcb9c7e6f40d5903cf16ba29cb80b5?s=96&d=mm&r=g\",\"caption\":\"Victor Miller\"},\"description\":\"Jornalista formado pela PUC do Rio de Janeiro, dedicou sua vida a falar sobre cultura nerd\\\/geek. Gay desde que se entende por gente, sempre teve desejo de trabalhar com o p\u00fablico LGBT+ e cr\u00ea que a informa\u00e7\u00e3o \u00e9 a a melhor arma contra qualquer tipo de \\\"fobia\\\"\",\"sameAs\":[\"https:\\\/\\\/gay.blog.br\\\/author\\\/victormiller\\\/\",\"https:\\\/\\\/www.facebook.com\\\/victormillerreal\",\"https:\\\/\\\/instagram.com\\\/victormillermiranda\",\"https:\\\/\\\/www.linkedin.com\\\/in\\\/victor-miller-266b54a7\\\/\",\"https:\\\/\\\/x.com\\\/https:\\\/\\\/twitter.com\\\/victor_miller\",\"https:\\\/\\\/www.youtube.com\\\/user\\\/planetasonic\"],\"url\":\"https:\\\/\\\/gay.blog.br\\\/es\\\/author\\\/victormiller\\\/\"}]}<\/script>\n<!-- \/ Yoast SEO plugin. -->","yoast_head_json":{"title":"Documental sobre el VIH \"Carta Para Al\u00e9m dos Muros\" se pone a disposici\u00f3n en las escuelas.","description":"El documental estar\u00e1 disponible en la plataforma de streaming VideoCamp a partir del d\u00eda 25 de febrero","robots":{"index":"index","follow":"follow","max-snippet":"max-snippet:-1","max-image-preview":"max-image-preview:large","max-video-preview":"max-video-preview:-1"},"canonical":"https:\/\/gay.blog.br\/es\/noticias-es\/documental-sobre-el-vih-carta-para-alem-dos-muros-se-pone-a-disposicion-en-las-escuelas\/","og_locale":"es_ES","og_type":"article","og_title":"Documental sobre el VIH \"Carta Para Al\u00e9m dos Muros\" se pone a disposici\u00f3n en las escuelas.","og_description":"El documental estar\u00e1 disponible en la plataforma de streaming VideoCamp a partir del d\u00eda 25 de febrero","og_url":"https:\/\/gay.blog.br\/es\/noticias-es\/documental-sobre-el-vih-carta-para-alem-dos-muros-se-pone-a-disposicion-en-las-escuelas\/","og_site_name":"GAY BLOG BR @gayblogbr","article_publisher":"https:\/\/facebook.com\/gayblogbr","article_author":"https:\/\/www.facebook.com\/victormillerreal","article_published_time":"2021-02-16T19:52:42+00:00","article_modified_time":"2021-02-20T02:35:36+00:00","og_image":[{"width":1234,"height":751,"url":"https:\/\/i1.wp.com\/gay.blog.br\/wp-content\/uploads\/2021\/02\/hiv-31.jpg?fit=1234%2C751&ssl=1","type":"image\/jpeg"}],"author":"Victor Miller","twitter_card":"summary_large_image","twitter_creator":"@https:\/\/twitter.com\/victor_miller","twitter_site":"@gayblogbr","twitter_misc":{"Escrito por":"Victor Miller","Tiempo de lectura":"4 minutos"},"schema":{"@context":"https:\/\/schema.org","@graph":[{"@type":"Article","@id":"https:\/\/gay.blog.br\/es\/noticias-es\/documental-sobre-el-vih-carta-para-alem-dos-muros-se-pone-a-disposicion-en-las-escuelas\/#article","isPartOf":{"@id":"https:\/\/gay.blog.br\/es\/noticias-es\/documental-sobre-el-vih-carta-para-alem-dos-muros-se-pone-a-disposicion-en-las-escuelas\/"},"author":{"name":"Victor Miller","@id":"https:\/\/gay.blog.br\/es\/#\/schema\/person\/5e0cf06e5d5e166b6afeaefc7fc56d9d"},"headline":"Documental sobre el VIH \u00abCarta Para Al\u00e9m dos Muros\u00bb se pone a disposici\u00f3n en las escuelas.","datePublished":"2021-02-16T19:52:42+00:00","dateModified":"2021-02-20T02:35:36+00:00","mainEntityOfPage":{"@id":"https:\/\/gay.blog.br\/es\/noticias-es\/documental-sobre-el-vih-carta-para-alem-dos-muros-se-pone-a-disposicion-en-las-escuelas\/"},"wordCount":719,"commentCount":0,"publisher":{"@id":"https:\/\/gay.blog.br\/es\/#organization"},"image":{"@id":"https:\/\/gay.blog.br\/es\/noticias-es\/documental-sobre-el-vih-carta-para-alem-dos-muros-se-pone-a-disposicion-en-las-escuelas\/#primaryimage"},"thumbnailUrl":"https:\/\/i0.wp.com\/gay.blog.br\/wp-content\/uploads\/2021\/02\/hiv-31.jpg?fit=1234%2C751&ssl=1","keywords":["carta para al\u00e9m dos muros","documental","escuela","M\u00e1rcia Rachid","pel\u00edcula","Ricardo Tapaj\u00f3s","sida","VIH"],"articleSection":["NOT\u00cdCIAS","SALUD"],"inLanguage":"es","potentialAction":[{"@type":"CommentAction","name":"Comment","target":["https:\/\/gay.blog.br\/es\/noticias-es\/documental-sobre-el-vih-carta-para-alem-dos-muros-se-pone-a-disposicion-en-las-escuelas\/#respond"]}]},{"@type":"WebPage","@id":"https:\/\/gay.blog.br\/es\/noticias-es\/documental-sobre-el-vih-carta-para-alem-dos-muros-se-pone-a-disposicion-en-las-escuelas\/","url":"https:\/\/gay.blog.br\/es\/noticias-es\/documental-sobre-el-vih-carta-para-alem-dos-muros-se-pone-a-disposicion-en-las-escuelas\/","name":"Documental sobre el VIH \"Carta Para Al\u00e9m dos Muros\" se pone a disposici\u00f3n en las escuelas.","isPartOf":{"@id":"https:\/\/gay.blog.br\/es\/#website"},"primaryImageOfPage":{"@id":"https:\/\/gay.blog.br\/es\/noticias-es\/documental-sobre-el-vih-carta-para-alem-dos-muros-se-pone-a-disposicion-en-las-escuelas\/#primaryimage"},"image":{"@id":"https:\/\/gay.blog.br\/es\/noticias-es\/documental-sobre-el-vih-carta-para-alem-dos-muros-se-pone-a-disposicion-en-las-escuelas\/#primaryimage"},"thumbnailUrl":"https:\/\/i0.wp.com\/gay.blog.br\/wp-content\/uploads\/2021\/02\/hiv-31.jpg?fit=1234%2C751&ssl=1","datePublished":"2021-02-16T19:52:42+00:00","dateModified":"2021-02-20T02:35:36+00:00","description":"El documental estar\u00e1 disponible en la plataforma de streaming VideoCamp a partir del d\u00eda 25 de febrero","breadcrumb":{"@id":"https:\/\/gay.blog.br\/es\/noticias-es\/documental-sobre-el-vih-carta-para-alem-dos-muros-se-pone-a-disposicion-en-las-escuelas\/#breadcrumb"},"inLanguage":"es","potentialAction":[{"@type":"ReadAction","target":["https:\/\/gay.blog.br\/es\/noticias-es\/documental-sobre-el-vih-carta-para-alem-dos-muros-se-pone-a-disposicion-en-las-escuelas\/"]}]},{"@type":"ImageObject","inLanguage":"es","@id":"https:\/\/gay.blog.br\/es\/noticias-es\/documental-sobre-el-vih-carta-para-alem-dos-muros-se-pone-a-disposicion-en-las-escuelas\/#primaryimage","url":"https:\/\/i0.wp.com\/gay.blog.br\/wp-content\/uploads\/2021\/02\/hiv-31.jpg?fit=1234%2C751&ssl=1","contentUrl":"https:\/\/i0.wp.com\/gay.blog.br\/wp-content\/uploads\/2021\/02\/hiv-31.jpg?fit=1234%2C751&ssl=1","width":1234,"height":751,"caption":"Foto: Dr. Rico Vasconcelos"},{"@type":"BreadcrumbList","@id":"https:\/\/gay.blog.br\/es\/noticias-es\/documental-sobre-el-vih-carta-para-alem-dos-muros-se-pone-a-disposicion-en-las-escuelas\/#breadcrumb","itemListElement":[{"@type":"ListItem","position":1,"name":"In\u00edcio","item":"https:\/\/gay.blog.br\/es\/"},{"@type":"ListItem","position":2,"name":"Documental sobre el VIH \u00abCarta Para Al\u00e9m dos Muros\u00bb se pone a disposici\u00f3n en las escuelas."}]},{"@type":"WebSite","@id":"https:\/\/gay.blog.br\/es\/#website","url":"https:\/\/gay.blog.br\/es\/","name":"GAY BLOG BR @gayblogbr","description":"Not\u00edcias que empoderam e\/ou entret\u00eam s\u00e3o especialidades da casa","publisher":{"@id":"https:\/\/gay.blog.br\/es\/#organization"},"potentialAction":[{"@type":"SearchAction","target":{"@type":"EntryPoint","urlTemplate":"https:\/\/gay.blog.br\/es\/?s={search_term_string}"},"query-input":{"@type":"PropertyValueSpecification","valueRequired":true,"valueName":"search_term_string"}}],"inLanguage":"es"},{"@type":"Organization","@id":"https:\/\/gay.blog.br\/es\/#organization","name":"GAY BLOG BR","url":"https:\/\/gay.blog.br\/es\/","logo":{"@type":"ImageObject","inLanguage":"es","@id":"https:\/\/gay.blog.br\/es\/#\/schema\/logo\/image\/","url":"https:\/\/i0.wp.com\/gay.blog.br\/wp-content\/uploads\/2023\/08\/gay180px.png?fit=272%2C90&ssl=1","contentUrl":"https:\/\/i0.wp.com\/gay.blog.br\/wp-content\/uploads\/2023\/08\/gay180px.png?fit=272%2C90&ssl=1","width":272,"height":90,"caption":"GAY BLOG BR"},"image":{"@id":"https:\/\/gay.blog.br\/es\/#\/schema\/logo\/image\/"},"sameAs":["https:\/\/facebook.com\/gayblogbr","https:\/\/x.com\/gayblogbr","https:\/\/instagram.com\/gayblogbr","https:\/\/www.linkedin.com\/company\/gayblogbr\/","https:\/\/br.pinterest.com\/gayblogbr\/","https:\/\/www.youtube.com\/channel\/UCdEu3JXLOB-wvWAVUF4AIiA","https:\/\/pt.wikipedia.org\/wiki\/Gay_Blog_Br","https:\/\/www.threads.net\/@gayblogbr"]},{"@type":"Person","@id":"https:\/\/gay.blog.br\/es\/#\/schema\/person\/5e0cf06e5d5e166b6afeaefc7fc56d9d","name":"Victor Miller","image":{"@type":"ImageObject","inLanguage":"es","@id":"https:\/\/secure.gravatar.com\/avatar\/7c1fad0dcba879f76a2e6b9189cea981c8fcb9c7e6f40d5903cf16ba29cb80b5?s=96&d=mm&r=g","url":"https:\/\/secure.gravatar.com\/avatar\/7c1fad0dcba879f76a2e6b9189cea981c8fcb9c7e6f40d5903cf16ba29cb80b5?s=96&d=mm&r=g","contentUrl":"https:\/\/secure.gravatar.com\/avatar\/7c1fad0dcba879f76a2e6b9189cea981c8fcb9c7e6f40d5903cf16ba29cb80b5?s=96&d=mm&r=g","caption":"Victor Miller"},"description":"Jornalista formado pela PUC do Rio de Janeiro, dedicou sua vida a falar sobre cultura nerd\/geek. Gay desde que se entende por gente, sempre teve desejo de trabalhar com o p\u00fablico LGBT+ e cr\u00ea que a informa\u00e7\u00e3o \u00e9 a a melhor arma contra qualquer tipo de \"fobia\"","sameAs":["https:\/\/gay.blog.br\/author\/victormiller\/","https:\/\/www.facebook.com\/victormillerreal","https:\/\/instagram.com\/victormillermiranda","https:\/\/www.linkedin.com\/in\/victor-miller-266b54a7\/","https:\/\/x.com\/https:\/\/twitter.com\/victor_miller","https:\/\/www.youtube.com\/user\/planetasonic"],"url":"https:\/\/gay.blog.br\/es\/author\/victormiller\/"}]}},"jetpack_publicize_connections":[],"jetpack_featured_media_url":"https:\/\/i0.wp.com\/gay.blog.br\/wp-content\/uploads\/2021\/02\/hiv-31.jpg?fit=1234%2C751&ssl=1","jetpack_sharing_enabled":true,"jetpack_shortlink":"https:\/\/wp.me\/p6klkK-tdD","jetpack_likes_enabled":false,"amp_enabled":true,"_links":{"self":[{"href":"https:\/\/gay.blog.br\/es\/wp-json\/wp\/v2\/posts\/112321","targetHints":{"allow":["GET"]}}],"collection":[{"href":"https:\/\/gay.blog.br\/es\/wp-json\/wp\/v2\/posts"}],"about":[{"href":"https:\/\/gay.blog.br\/es\/wp-json\/wp\/v2\/types\/post"}],"author":[{"embeddable":true,"href":"https:\/\/gay.blog.br\/es\/wp-json\/wp\/v2\/users\/3515"}],"replies":[{"embeddable":true,"href":"https:\/\/gay.blog.br\/es\/wp-json\/wp\/v2\/comments?post=112321"}],"version-history":[{"count":0,"href":"https:\/\/gay.blog.br\/es\/wp-json\/wp\/v2\/posts\/112321\/revisions"}],"wp:featuredmedia":[{"embeddable":true,"href":"https:\/\/gay.blog.br\/es\/wp-json\/wp\/v2\/media\/112168"}],"wp:attachment":[{"href":"https:\/\/gay.blog.br\/es\/wp-json\/wp\/v2\/media?parent=112321"}],"wp:term":[{"taxonomy":"category","embeddable":true,"href":"https:\/\/gay.blog.br\/es\/wp-json\/wp\/v2\/categories?post=112321"},{"taxonomy":"post_tag","embeddable":true,"href":"https:\/\/gay.blog.br\/es\/wp-json\/wp\/v2\/tags?post=112321"}],"curies":[{"name":"wp","href":"https:\/\/api.w.org\/{rel}","templated":true}]}}