{"id":114070,"date":"2019-12-12T18:55:01","date_gmt":"2019-12-12T21:55:01","guid":{"rendered":"https:\/\/gay.blog.br\/?p=114070"},"modified":"2021-03-06T18:01:45","modified_gmt":"2021-03-06T21:01:45","slug":"pabllo-vittar-y-ludmilla-son-headliners-en-la-fiesta-de-10-anos-de-cha-de-alice-te-de-alice","status":"publish","type":"post","link":"https:\/\/gay.blog.br\/es\/recreacion\/noche\/pabllo-vittar-y-ludmilla-son-headliners-en-la-fiesta-de-10-anos-de-cha-de-alice-te-de-alice\/","title":{"rendered":"Pabllo Vittar y Ludmilla son headliners en la fiesta de 10 a\u00f1os de Ch\u00e1 de Alice (Te de Alice)"},"content":{"rendered":"<p style=\"text-align: justify;\"><strong>Ludmilla<\/strong> y <strong>Pabllo Vittar<\/strong> har\u00e1n los shows completos en el d\u00e9cimo aniversario de la fiesta <strong>Ch\u00e1 da Alice.<\/strong> El lugar elegido para la celebraci\u00f3n es <strong>Fundi\u00e7\u00e3o Progresso, en R\u00edo de Janeiro.<\/strong><\/p>\n<p style=\"text-align: justify;\"><img data-recalc-dims=\"1\" loading=\"lazy\" decoding=\"async\" class=\"aligncenter size-full wp-image-31900\" src=\"https:\/\/i0.wp.com\/gay.blog.br\/wp-content\/uploads\/2019\/12\/74468852_2775937062439070_7480494726412500992_o.jpg?resize=696%2C363&#038;ssl=1\" alt=\"\" width=\"696\" height=\"363\" srcset=\"https:\/\/i0.wp.com\/gay.blog.br\/wp-content\/uploads\/2019\/12\/74468852_2775937062439070_7480494726412500992_o.jpg?w=960&amp;ssl=1 960w, https:\/\/i0.wp.com\/gay.blog.br\/wp-content\/uploads\/2019\/12\/74468852_2775937062439070_7480494726412500992_o.jpg?resize=300%2C157&amp;ssl=1 300w, https:\/\/i0.wp.com\/gay.blog.br\/wp-content\/uploads\/2019\/12\/74468852_2775937062439070_7480494726412500992_o.jpg?resize=150%2C78&amp;ssl=1 150w, https:\/\/i0.wp.com\/gay.blog.br\/wp-content\/uploads\/2019\/12\/74468852_2775937062439070_7480494726412500992_o.jpg?resize=768%2C401&amp;ssl=1 768w, https:\/\/i0.wp.com\/gay.blog.br\/wp-content\/uploads\/2019\/12\/74468852_2775937062439070_7480494726412500992_o.jpg?resize=696%2C363&amp;ssl=1 696w, https:\/\/i0.wp.com\/gay.blog.br\/wp-content\/uploads\/2019\/12\/74468852_2775937062439070_7480494726412500992_o.jpg?resize=805%2C420&amp;ssl=1 805w\" sizes=\"auto, (max-width: 696px) 100vw, 696px\" \/><\/p>\n<p style=\"font-weight: 400; text-align: justify;\"><strong>Palco Alice (Pop)<\/strong><strong><br \/>\n<\/strong><br \/>\nPabllo Vittar \/ Ludmilla<br \/>\nDj Giordanna Forte<br \/>\nDj Bruna Strait<br \/>\nDj Gui Serrano<\/p>\n<p style=\"text-align: justify;\"><strong>Palco Chapeleiro Maluco (Electr\u00f3nica)<\/strong><strong><br \/>\n<\/strong><br \/>\nDj Bruno Moutinho<br \/>\nDj Pedro Mendes<br \/>\nDj Lagreca<\/p>\n<p><strong>SERVICIO<\/strong><\/p>\n<p><strong>Fecha: 27\/12\/2019<\/strong><br \/>\n<strong>Ubicaci\u00f3n: Fundi\u00e7\u00e3o Progresso<\/strong><br \/>\nDirecci\u00f3n: Calle dos Arcos, 24 &#8211; Lapa &#8211; <a href=\"http:\/\/bomdiaiapanema.com.br\">Rio de Janeiro \/ RJ<\/a><br \/>\nHora: Inicio del evento &#8211; 10 pm<br \/>\nApertura de la casa &#8211; 22hs<br \/>\nClasificaci\u00f3n de edad: 18 a\u00f1os.<\/p>\n<p style=\"font-weight: 400; text-align: justify;\"><strong>Horarios de apertura [<br \/>\n]<\/strong> Apertura de la casa: 22hs<br \/>\n1:30 hs &#8211; <a href=\"https:\/\/gay.blog.br\/cultura\/musica\/pabllo-vittar-comenta-seu-novo-clipe-amor-de-que-no-proximo-mtv-hits\/\">Pabllo Vittar<\/a><br \/>\n3:00 hs &#8211; Ludmilla<\/p>\n<p style=\"font-weight: 400; text-align: justify;\"><strong>PRECIOS<\/strong><br \/>\nR$ 50,00<br \/>\nR$ 60,00<br \/>\nR$ 80,00<br \/>\nR$ 100,00<\/p>\n<p style=\"font-weight: 400; text-align: justify;\">PISTA PREMIUM<br \/>\nR$ 100,00<br \/>\nR$ 120,00<br \/>\nR$ 150,00<\/p>\n<p style=\"font-weight: 400; text-align: justify;\">FRISA<br \/>\nR$ 150,00<br \/>\nR$ 200,00<\/p>\n<p style=\"font-weight: 400; text-align: justify;\"><strong>BOLETO OFICIAL &#8211; SIN CARGO POR TARIFA DE SERVICIO<\/strong><\/p>\n<p style=\"font-weight: 400; text-align: justify;\">Fundi\u00e7\u00e3o Progresso<br \/>\nCalle dos Arcos, 24 \u2013 Lapa \u2013 Rio de Janeiro\/RJ<br \/>\nLunes a Viernes de 11 a 20 hs<br \/>\nS\u00e1bados y festivos, solo si hay eventos en la casa, de 12 a 2 hs<br \/>\nSolo venta de entradas para eventos de Fundi\u00e7\u00e3o Progresso. No realiza retirada.<br \/>\n<strong>Solo ventas al contado.<\/strong><\/p>\n<p style=\"text-align: justify;\"><strong>MEDIA ENTRADA Y ENTRADAS PROMOCIONALES<\/strong><br \/>\nConsulte <a href=\"https:\/\/mail.google.com\/mail\/u\/0\/#m_-7398041105122581317_inbox\/_blank\"><u>https:\/\/www.eventim.com.br\/meiaentrada<\/u><\/a> para conocer las leyes de media entrada, identificando qui\u00e9n tiene derecho al beneficio y los documentos de respaldo.<\/p>\n<p style=\"text-align: justify;\"><strong>Promoci\u00f3n Tarjeta Giro Metr\u00f4Rio<\/strong>: 50% de descuento sobre el valor total. Para validar el beneficio, ingrese los 8 d\u00edgitos de su tarjeta Giro en el campo Promoci\u00f3n Especial. Ignore los ceros al principio de la tarjeta.<\/p>\n<p style=\"text-align: justify;\"><strong>Ticket Solidario<\/strong>: 50% de descuento sobre el precio total en todos los sectores para los clientes que traigan 1kg de comida (excepto sal y az\u00facar) al acceder al evento.<\/p>\n<p style=\"text-align: justify;\"><strong>Promoci\u00f3n Fan Member<\/strong>: Descuento especial para socios de Flamengo. Para validar el beneficio, ingrese el c\u00f3digo en el campo Promoci\u00f3n Especial.<\/p>\n<p style=\"text-align: justify;\"><strong>PROMO TIM<\/strong>: 50% de descuento en entradas COMPLETAS. Para validar el beneficio, ingrese el c\u00f3digo en el campo Promoci\u00f3n Especial. Cerrar informaci\u00f3n<\/p>\n","protected":false},"excerpt":{"rendered":"<p>Ludmilla y Pabllo Vittar con dos shows completos, llenos de efectos especiales y un equipo de DJs est\u00e1 programado para celebrar Ch\u00e1 da Alice (Te de Alicia)<\/p>\n","protected":false},"author":2,"featured_media":77186,"comment_status":"open","ping_status":"open","sticky":false,"template":"","format":"standard","meta":{"googlesitekit_rrm_CAoiEBg-BXrJeACjO8p49SE4kTY:productID":"","tdm_status":"","tdm_grid_status":"","_jetpack_newsletter_access":"","_jetpack_dont_email_post_to_subs":false,"_jetpack_newsletter_tier_id":0,"_jetpack_memberships_contains_paywalled_content":false,"_jetpack_memberships_contains_paid_content":false,"footnotes":"","jetpack_publicize_message":"Pabllo Vittar y Ludmilla son headliners en la fiesta de 10 a\u00f1os de Ch\u00e1 de Alice (Te de Alice)","jetpack_publicize_feature_enabled":true,"jetpack_social_post_already_shared":true,"jetpack_social_options":{"image_generator_settings":{"template":"highway","default_image_id":0,"font":"","enabled":false},"version":2},"_wpas_customize_per_network":false,"jetpack_post_was_ever_published":false},"categories":[589932402],"tags":[589934366,589937617,589937615,589932815,589933029,589937616],"class_list":{"0":"post-114070","1":"post","2":"type-post","3":"status-publish","4":"format-standard","5":"has-post-thumbnail","7":"category-noche","8":"tag-fiesta-es","9":"tag-fundicao-progresso-es","10":"tag-ludmilla-es","11":"tag-pabllo-vittar-es","12":"tag-rio-de-janeiro-es","13":"tag-te-de-alice"},"yoast_head":"<!-- This site is optimized with the Yoast SEO plugin v27.5 - https:\/\/yoast.com\/product\/yoast-seo-wordpress\/ -->\n<title>Pabllo Vittar y Ludmilla son headliners en la fiesta de 10 a\u00f1os de Ch\u00e1 de Alice (Te de Alice)<\/title>\n<meta name=\"description\" content=\"Ludmilla y Pabllo Vittar con dos shows completos, llenos de efectos especiales y un equipo de DJs est\u00e1 programado para celebrar Ch\u00e1 da Alice (Te de Alicia)\" \/>\n<meta name=\"robots\" content=\"index, follow, max-snippet:-1, max-image-preview:large, max-video-preview:-1\" \/>\n<link rel=\"canonical\" href=\"https:\/\/gay.blog.br\/es\/recreacion\/noche\/pabllo-vittar-y-ludmilla-son-headliners-en-la-fiesta-de-10-anos-de-cha-de-alice-te-de-alice\/\" \/>\n<meta property=\"og:locale\" content=\"es_ES\" \/>\n<meta property=\"og:type\" content=\"article\" \/>\n<meta property=\"og:title\" content=\"Pabllo Vittar y Ludmilla son headliners en la fiesta de 10 a\u00f1os de Ch\u00e1 de Alice (Te de Alice)\" \/>\n<meta property=\"og:description\" content=\"Ludmilla y Pabllo Vittar con dos shows completos, llenos de efectos especiales y un equipo de DJs est\u00e1 programado para celebrar Ch\u00e1 da Alice (Te de Alicia)\" \/>\n<meta property=\"og:url\" content=\"https:\/\/gay.blog.br\/es\/recreacion\/noche\/pabllo-vittar-y-ludmilla-son-headliners-en-la-fiesta-de-10-anos-de-cha-de-alice-te-de-alice\/\" \/>\n<meta property=\"og:site_name\" content=\"GAY BLOG BR @gayblogbr\" \/>\n<meta property=\"article:publisher\" content=\"https:\/\/facebook.com\/gayblogbr\" \/>\n<meta property=\"article:author\" content=\"https:\/\/facebook.com\/gayblogbr\" \/>\n<meta property=\"article:published_time\" content=\"2019-12-12T21:55:01+00:00\" \/>\n<meta property=\"article:modified_time\" content=\"2021-03-06T21:01:45+00:00\" \/>\n<meta property=\"og:image\" content=\"https:\/\/i2.wp.com\/gay.blog.br\/wp-content\/uploads\/2019\/12\/pabllo-ludmilla.jpg?fit=685%2C426&ssl=1\" \/>\n\t<meta property=\"og:image:width\" content=\"685\" \/>\n\t<meta property=\"og:image:height\" content=\"426\" \/>\n\t<meta property=\"og:image:type\" content=\"image\/jpeg\" \/>\n<meta name=\"author\" content=\"www.gay.blog.br\" \/>\n<meta name=\"twitter:card\" content=\"summary_large_image\" \/>\n<meta name=\"twitter:creator\" content=\"@https:\/\/bsky.app\/profile\/gayblogbr.bsky.social\" \/>\n<meta name=\"twitter:site\" content=\"@gayblogbr\" \/>\n<meta name=\"twitter:label1\" content=\"Escrito por\" \/>\n\t<meta name=\"twitter:data1\" content=\"www.gay.blog.br\" \/>\n\t<meta name=\"twitter:label2\" content=\"Tiempo de lectura\" \/>\n\t<meta name=\"twitter:data2\" content=\"2 minutos\" \/>\n<script type=\"application\/ld+json\" class=\"yoast-schema-graph\">{\"@context\":\"https:\\\/\\\/schema.org\",\"@graph\":[{\"@type\":\"Article\",\"@id\":\"https:\\\/\\\/gay.blog.br\\\/es\\\/recreacion\\\/noche\\\/pabllo-vittar-y-ludmilla-son-headliners-en-la-fiesta-de-10-anos-de-cha-de-alice-te-de-alice\\\/#article\",\"isPartOf\":{\"@id\":\"https:\\\/\\\/gay.blog.br\\\/es\\\/recreacion\\\/noche\\\/pabllo-vittar-y-ludmilla-son-headliners-en-la-fiesta-de-10-anos-de-cha-de-alice-te-de-alice\\\/\"},\"author\":{\"name\":\"www.gay.blog.br\",\"@id\":\"https:\\\/\\\/gay.blog.br\\\/es\\\/#\\\/schema\\\/person\\\/ab4bce68ee54b8f4af5c174efe7472e5\"},\"headline\":\"Pabllo Vittar y Ludmilla son headliners en la fiesta de 10 a\u00f1os de Ch\u00e1 de Alice (Te de Alice)\",\"datePublished\":\"2019-12-12T21:55:01+00:00\",\"dateModified\":\"2021-03-06T21:01:45+00:00\",\"mainEntityOfPage\":{\"@id\":\"https:\\\/\\\/gay.blog.br\\\/es\\\/recreacion\\\/noche\\\/pabllo-vittar-y-ludmilla-son-headliners-en-la-fiesta-de-10-anos-de-cha-de-alice-te-de-alice\\\/\"},\"wordCount\":351,\"commentCount\":0,\"publisher\":{\"@id\":\"https:\\\/\\\/gay.blog.br\\\/es\\\/#organization\"},\"image\":{\"@id\":\"https:\\\/\\\/gay.blog.br\\\/es\\\/recreacion\\\/noche\\\/pabllo-vittar-y-ludmilla-son-headliners-en-la-fiesta-de-10-anos-de-cha-de-alice-te-de-alice\\\/#primaryimage\"},\"thumbnailUrl\":\"https:\\\/\\\/i0.wp.com\\\/gay.blog.br\\\/wp-content\\\/uploads\\\/2019\\\/12\\\/pabllo-ludmilla.jpg?fit=685%2C426&ssl=1\",\"keywords\":[\"fiesta\",\"Fundi\u00e7\u00e3o Progresso\",\"ludmilla\",\"pabllo vittar\",\"rio de janeiro\",\"Te de Alice\"],\"articleSection\":[\"NOCHE\"],\"inLanguage\":\"es\",\"potentialAction\":[{\"@type\":\"CommentAction\",\"name\":\"Comment\",\"target\":[\"https:\\\/\\\/gay.blog.br\\\/es\\\/recreacion\\\/noche\\\/pabllo-vittar-y-ludmilla-son-headliners-en-la-fiesta-de-10-anos-de-cha-de-alice-te-de-alice\\\/#respond\"]}]},{\"@type\":\"WebPage\",\"@id\":\"https:\\\/\\\/gay.blog.br\\\/es\\\/recreacion\\\/noche\\\/pabllo-vittar-y-ludmilla-son-headliners-en-la-fiesta-de-10-anos-de-cha-de-alice-te-de-alice\\\/\",\"url\":\"https:\\\/\\\/gay.blog.br\\\/es\\\/recreacion\\\/noche\\\/pabllo-vittar-y-ludmilla-son-headliners-en-la-fiesta-de-10-anos-de-cha-de-alice-te-de-alice\\\/\",\"name\":\"Pabllo Vittar y Ludmilla son headliners en la fiesta de 10 a\u00f1os de Ch\u00e1 de Alice (Te de Alice)\",\"isPartOf\":{\"@id\":\"https:\\\/\\\/gay.blog.br\\\/es\\\/#website\"},\"primaryImageOfPage\":{\"@id\":\"https:\\\/\\\/gay.blog.br\\\/es\\\/recreacion\\\/noche\\\/pabllo-vittar-y-ludmilla-son-headliners-en-la-fiesta-de-10-anos-de-cha-de-alice-te-de-alice\\\/#primaryimage\"},\"image\":{\"@id\":\"https:\\\/\\\/gay.blog.br\\\/es\\\/recreacion\\\/noche\\\/pabllo-vittar-y-ludmilla-son-headliners-en-la-fiesta-de-10-anos-de-cha-de-alice-te-de-alice\\\/#primaryimage\"},\"thumbnailUrl\":\"https:\\\/\\\/i0.wp.com\\\/gay.blog.br\\\/wp-content\\\/uploads\\\/2019\\\/12\\\/pabllo-ludmilla.jpg?fit=685%2C426&ssl=1\",\"datePublished\":\"2019-12-12T21:55:01+00:00\",\"dateModified\":\"2021-03-06T21:01:45+00:00\",\"description\":\"Ludmilla y Pabllo Vittar con dos shows completos, llenos de efectos especiales y un equipo de DJs est\u00e1 programado para celebrar Ch\u00e1 da Alice (Te de Alicia)\",\"breadcrumb\":{\"@id\":\"https:\\\/\\\/gay.blog.br\\\/es\\\/recreacion\\\/noche\\\/pabllo-vittar-y-ludmilla-son-headliners-en-la-fiesta-de-10-anos-de-cha-de-alice-te-de-alice\\\/#breadcrumb\"},\"inLanguage\":\"es\",\"potentialAction\":[{\"@type\":\"ReadAction\",\"target\":[\"https:\\\/\\\/gay.blog.br\\\/es\\\/recreacion\\\/noche\\\/pabllo-vittar-y-ludmilla-son-headliners-en-la-fiesta-de-10-anos-de-cha-de-alice-te-de-alice\\\/\"]}]},{\"@type\":\"ImageObject\",\"inLanguage\":\"es\",\"@id\":\"https:\\\/\\\/gay.blog.br\\\/es\\\/recreacion\\\/noche\\\/pabllo-vittar-y-ludmilla-son-headliners-en-la-fiesta-de-10-anos-de-cha-de-alice-te-de-alice\\\/#primaryimage\",\"url\":\"https:\\\/\\\/i0.wp.com\\\/gay.blog.br\\\/wp-content\\\/uploads\\\/2019\\\/12\\\/pabllo-ludmilla.jpg?fit=685%2C426&ssl=1\",\"contentUrl\":\"https:\\\/\\\/i0.wp.com\\\/gay.blog.br\\\/wp-content\\\/uploads\\\/2019\\\/12\\\/pabllo-ludmilla.jpg?fit=685%2C426&ssl=1\",\"width\":685,\"height\":426},{\"@type\":\"BreadcrumbList\",\"@id\":\"https:\\\/\\\/gay.blog.br\\\/es\\\/recreacion\\\/noche\\\/pabllo-vittar-y-ludmilla-son-headliners-en-la-fiesta-de-10-anos-de-cha-de-alice-te-de-alice\\\/#breadcrumb\",\"itemListElement\":[{\"@type\":\"ListItem\",\"position\":1,\"name\":\"In\u00edcio\",\"item\":\"https:\\\/\\\/gay.blog.br\\\/es\\\/\"},{\"@type\":\"ListItem\",\"position\":2,\"name\":\"Pabllo Vittar y Ludmilla son headliners en la fiesta de 10 a\u00f1os de Ch\u00e1 de Alice (Te de Alice)\"}]},{\"@type\":\"WebSite\",\"@id\":\"https:\\\/\\\/gay.blog.br\\\/es\\\/#website\",\"url\":\"https:\\\/\\\/gay.blog.br\\\/es\\\/\",\"name\":\"GAY BLOG BR @gayblogbr\",\"description\":\"Not\u00edcias que empoderam e\\\/ou entret\u00eam s\u00e3o especialidades da casa\",\"publisher\":{\"@id\":\"https:\\\/\\\/gay.blog.br\\\/es\\\/#organization\"},\"potentialAction\":[{\"@type\":\"SearchAction\",\"target\":{\"@type\":\"EntryPoint\",\"urlTemplate\":\"https:\\\/\\\/gay.blog.br\\\/es\\\/?s={search_term_string}\"},\"query-input\":{\"@type\":\"PropertyValueSpecification\",\"valueRequired\":true,\"valueName\":\"search_term_string\"}}],\"inLanguage\":\"es\"},{\"@type\":\"Organization\",\"@id\":\"https:\\\/\\\/gay.blog.br\\\/es\\\/#organization\",\"name\":\"GAY BLOG BR\",\"url\":\"https:\\\/\\\/gay.blog.br\\\/es\\\/\",\"logo\":{\"@type\":\"ImageObject\",\"inLanguage\":\"es\",\"@id\":\"https:\\\/\\\/gay.blog.br\\\/es\\\/#\\\/schema\\\/logo\\\/image\\\/\",\"url\":\"https:\\\/\\\/i0.wp.com\\\/gay.blog.br\\\/wp-content\\\/uploads\\\/2023\\\/08\\\/gay180px.png?fit=272%2C90&ssl=1\",\"contentUrl\":\"https:\\\/\\\/i0.wp.com\\\/gay.blog.br\\\/wp-content\\\/uploads\\\/2023\\\/08\\\/gay180px.png?fit=272%2C90&ssl=1\",\"width\":272,\"height\":90,\"caption\":\"GAY BLOG BR\"},\"image\":{\"@id\":\"https:\\\/\\\/gay.blog.br\\\/es\\\/#\\\/schema\\\/logo\\\/image\\\/\"},\"sameAs\":[\"https:\\\/\\\/facebook.com\\\/gayblogbr\",\"https:\\\/\\\/x.com\\\/gayblogbr\",\"https:\\\/\\\/instagram.com\\\/gayblogbr\",\"https:\\\/\\\/www.linkedin.com\\\/company\\\/gayblogbr\\\/\",\"https:\\\/\\\/br.pinterest.com\\\/gayblogbr\\\/\",\"https:\\\/\\\/www.youtube.com\\\/channel\\\/UCdEu3JXLOB-wvWAVUF4AIiA\",\"https:\\\/\\\/pt.wikipedia.org\\\/wiki\\\/Gay_Blog_Br\",\"https:\\\/\\\/www.threads.net\\\/@gayblogbr\"]},{\"@type\":\"Person\",\"@id\":\"https:\\\/\\\/gay.blog.br\\\/es\\\/#\\\/schema\\\/person\\\/ab4bce68ee54b8f4af5c174efe7472e5\",\"name\":\"www.gay.blog.br\",\"image\":{\"@type\":\"ImageObject\",\"inLanguage\":\"es\",\"@id\":\"https:\\\/\\\/secure.gravatar.com\\\/avatar\\\/a6fb6bf5c84cdaa375389c43448e2bb88db4600d8fc5be6c42a410789075740f?s=96&d=mm&r=g\",\"url\":\"https:\\\/\\\/secure.gravatar.com\\\/avatar\\\/a6fb6bf5c84cdaa375389c43448e2bb88db4600d8fc5be6c42a410789075740f?s=96&d=mm&r=g\",\"contentUrl\":\"https:\\\/\\\/secure.gravatar.com\\\/avatar\\\/a6fb6bf5c84cdaa375389c43448e2bb88db4600d8fc5be6c42a410789075740f?s=96&d=mm&r=g\",\"caption\":\"www.gay.blog.br\"},\"description\":\"Receba as not\u00edcias pelo Telegram!\",\"sameAs\":[\"https:\\\/\\\/facebook.com\\\/gayblogbr\",\"https:\\\/\\\/instagram.com\\\/gayblogbr\",\"https:\\\/\\\/www.linkedin.com\\\/company\\\/gayblogbr\\\/\",\"https:\\\/\\\/pinterest.com\\\/gayblogbr\\\/\",\"https:\\\/\\\/x.com\\\/https:\\\/\\\/bsky.app\\\/profile\\\/gayblogbr.bsky.social\",\"https:\\\/\\\/www.youtube.com\\\/@GAYBLOGBR\",\"https:\\\/\\\/pt.wikipedia.org\\\/wiki\\\/Gay_Blog_Br\"],\"url\":\"https:\\\/\\\/gay.blog.br\\\/es\\\/author\\\/oaudaznavegante\\\/\"}]}<\/script>\n<!-- \/ Yoast SEO plugin. -->","yoast_head_json":{"title":"Pabllo Vittar y Ludmilla son headliners en la fiesta de 10 a\u00f1os de Ch\u00e1 de Alice (Te de Alice)","description":"Ludmilla y Pabllo Vittar con dos shows completos, llenos de efectos especiales y un equipo de DJs est\u00e1 programado para celebrar Ch\u00e1 da Alice (Te de Alicia)","robots":{"index":"index","follow":"follow","max-snippet":"max-snippet:-1","max-image-preview":"max-image-preview:large","max-video-preview":"max-video-preview:-1"},"canonical":"https:\/\/gay.blog.br\/es\/recreacion\/noche\/pabllo-vittar-y-ludmilla-son-headliners-en-la-fiesta-de-10-anos-de-cha-de-alice-te-de-alice\/","og_locale":"es_ES","og_type":"article","og_title":"Pabllo Vittar y Ludmilla son headliners en la fiesta de 10 a\u00f1os de Ch\u00e1 de Alice (Te de Alice)","og_description":"Ludmilla y Pabllo Vittar con dos shows completos, llenos de efectos especiales y un equipo de DJs est\u00e1 programado para celebrar Ch\u00e1 da Alice (Te de Alicia)","og_url":"https:\/\/gay.blog.br\/es\/recreacion\/noche\/pabllo-vittar-y-ludmilla-son-headliners-en-la-fiesta-de-10-anos-de-cha-de-alice-te-de-alice\/","og_site_name":"GAY BLOG BR @gayblogbr","article_publisher":"https:\/\/facebook.com\/gayblogbr","article_author":"https:\/\/facebook.com\/gayblogbr","article_published_time":"2019-12-12T21:55:01+00:00","article_modified_time":"2021-03-06T21:01:45+00:00","og_image":[{"width":685,"height":426,"url":"https:\/\/i2.wp.com\/gay.blog.br\/wp-content\/uploads\/2019\/12\/pabllo-ludmilla.jpg?fit=685%2C426&ssl=1","type":"image\/jpeg"}],"author":"www.gay.blog.br","twitter_card":"summary_large_image","twitter_creator":"@https:\/\/bsky.app\/profile\/gayblogbr.bsky.social","twitter_site":"@gayblogbr","twitter_misc":{"Escrito por":"www.gay.blog.br","Tiempo de lectura":"2 minutos"},"schema":{"@context":"https:\/\/schema.org","@graph":[{"@type":"Article","@id":"https:\/\/gay.blog.br\/es\/recreacion\/noche\/pabllo-vittar-y-ludmilla-son-headliners-en-la-fiesta-de-10-anos-de-cha-de-alice-te-de-alice\/#article","isPartOf":{"@id":"https:\/\/gay.blog.br\/es\/recreacion\/noche\/pabllo-vittar-y-ludmilla-son-headliners-en-la-fiesta-de-10-anos-de-cha-de-alice-te-de-alice\/"},"author":{"name":"www.gay.blog.br","@id":"https:\/\/gay.blog.br\/es\/#\/schema\/person\/ab4bce68ee54b8f4af5c174efe7472e5"},"headline":"Pabllo Vittar y Ludmilla son headliners en la fiesta de 10 a\u00f1os de Ch\u00e1 de Alice (Te de Alice)","datePublished":"2019-12-12T21:55:01+00:00","dateModified":"2021-03-06T21:01:45+00:00","mainEntityOfPage":{"@id":"https:\/\/gay.blog.br\/es\/recreacion\/noche\/pabllo-vittar-y-ludmilla-son-headliners-en-la-fiesta-de-10-anos-de-cha-de-alice-te-de-alice\/"},"wordCount":351,"commentCount":0,"publisher":{"@id":"https:\/\/gay.blog.br\/es\/#organization"},"image":{"@id":"https:\/\/gay.blog.br\/es\/recreacion\/noche\/pabllo-vittar-y-ludmilla-son-headliners-en-la-fiesta-de-10-anos-de-cha-de-alice-te-de-alice\/#primaryimage"},"thumbnailUrl":"https:\/\/i0.wp.com\/gay.blog.br\/wp-content\/uploads\/2019\/12\/pabllo-ludmilla.jpg?fit=685%2C426&ssl=1","keywords":["fiesta","Fundi\u00e7\u00e3o Progresso","ludmilla","pabllo vittar","rio de janeiro","Te de Alice"],"articleSection":["NOCHE"],"inLanguage":"es","potentialAction":[{"@type":"CommentAction","name":"Comment","target":["https:\/\/gay.blog.br\/es\/recreacion\/noche\/pabllo-vittar-y-ludmilla-son-headliners-en-la-fiesta-de-10-anos-de-cha-de-alice-te-de-alice\/#respond"]}]},{"@type":"WebPage","@id":"https:\/\/gay.blog.br\/es\/recreacion\/noche\/pabllo-vittar-y-ludmilla-son-headliners-en-la-fiesta-de-10-anos-de-cha-de-alice-te-de-alice\/","url":"https:\/\/gay.blog.br\/es\/recreacion\/noche\/pabllo-vittar-y-ludmilla-son-headliners-en-la-fiesta-de-10-anos-de-cha-de-alice-te-de-alice\/","name":"Pabllo Vittar y Ludmilla son headliners en la fiesta de 10 a\u00f1os de Ch\u00e1 de Alice (Te de Alice)","isPartOf":{"@id":"https:\/\/gay.blog.br\/es\/#website"},"primaryImageOfPage":{"@id":"https:\/\/gay.blog.br\/es\/recreacion\/noche\/pabllo-vittar-y-ludmilla-son-headliners-en-la-fiesta-de-10-anos-de-cha-de-alice-te-de-alice\/#primaryimage"},"image":{"@id":"https:\/\/gay.blog.br\/es\/recreacion\/noche\/pabllo-vittar-y-ludmilla-son-headliners-en-la-fiesta-de-10-anos-de-cha-de-alice-te-de-alice\/#primaryimage"},"thumbnailUrl":"https:\/\/i0.wp.com\/gay.blog.br\/wp-content\/uploads\/2019\/12\/pabllo-ludmilla.jpg?fit=685%2C426&ssl=1","datePublished":"2019-12-12T21:55:01+00:00","dateModified":"2021-03-06T21:01:45+00:00","description":"Ludmilla y Pabllo Vittar con dos shows completos, llenos de efectos especiales y un equipo de DJs est\u00e1 programado para celebrar Ch\u00e1 da Alice (Te de Alicia)","breadcrumb":{"@id":"https:\/\/gay.blog.br\/es\/recreacion\/noche\/pabllo-vittar-y-ludmilla-son-headliners-en-la-fiesta-de-10-anos-de-cha-de-alice-te-de-alice\/#breadcrumb"},"inLanguage":"es","potentialAction":[{"@type":"ReadAction","target":["https:\/\/gay.blog.br\/es\/recreacion\/noche\/pabllo-vittar-y-ludmilla-son-headliners-en-la-fiesta-de-10-anos-de-cha-de-alice-te-de-alice\/"]}]},{"@type":"ImageObject","inLanguage":"es","@id":"https:\/\/gay.blog.br\/es\/recreacion\/noche\/pabllo-vittar-y-ludmilla-son-headliners-en-la-fiesta-de-10-anos-de-cha-de-alice-te-de-alice\/#primaryimage","url":"https:\/\/i0.wp.com\/gay.blog.br\/wp-content\/uploads\/2019\/12\/pabllo-ludmilla.jpg?fit=685%2C426&ssl=1","contentUrl":"https:\/\/i0.wp.com\/gay.blog.br\/wp-content\/uploads\/2019\/12\/pabllo-ludmilla.jpg?fit=685%2C426&ssl=1","width":685,"height":426},{"@type":"BreadcrumbList","@id":"https:\/\/gay.blog.br\/es\/recreacion\/noche\/pabllo-vittar-y-ludmilla-son-headliners-en-la-fiesta-de-10-anos-de-cha-de-alice-te-de-alice\/#breadcrumb","itemListElement":[{"@type":"ListItem","position":1,"name":"In\u00edcio","item":"https:\/\/gay.blog.br\/es\/"},{"@type":"ListItem","position":2,"name":"Pabllo Vittar y Ludmilla son headliners en la fiesta de 10 a\u00f1os de Ch\u00e1 de Alice (Te de Alice)"}]},{"@type":"WebSite","@id":"https:\/\/gay.blog.br\/es\/#website","url":"https:\/\/gay.blog.br\/es\/","name":"GAY BLOG BR @gayblogbr","description":"Not\u00edcias que empoderam e\/ou entret\u00eam s\u00e3o especialidades da casa","publisher":{"@id":"https:\/\/gay.blog.br\/es\/#organization"},"potentialAction":[{"@type":"SearchAction","target":{"@type":"EntryPoint","urlTemplate":"https:\/\/gay.blog.br\/es\/?s={search_term_string}"},"query-input":{"@type":"PropertyValueSpecification","valueRequired":true,"valueName":"search_term_string"}}],"inLanguage":"es"},{"@type":"Organization","@id":"https:\/\/gay.blog.br\/es\/#organization","name":"GAY BLOG BR","url":"https:\/\/gay.blog.br\/es\/","logo":{"@type":"ImageObject","inLanguage":"es","@id":"https:\/\/gay.blog.br\/es\/#\/schema\/logo\/image\/","url":"https:\/\/i0.wp.com\/gay.blog.br\/wp-content\/uploads\/2023\/08\/gay180px.png?fit=272%2C90&ssl=1","contentUrl":"https:\/\/i0.wp.com\/gay.blog.br\/wp-content\/uploads\/2023\/08\/gay180px.png?fit=272%2C90&ssl=1","width":272,"height":90,"caption":"GAY BLOG BR"},"image":{"@id":"https:\/\/gay.blog.br\/es\/#\/schema\/logo\/image\/"},"sameAs":["https:\/\/facebook.com\/gayblogbr","https:\/\/x.com\/gayblogbr","https:\/\/instagram.com\/gayblogbr","https:\/\/www.linkedin.com\/company\/gayblogbr\/","https:\/\/br.pinterest.com\/gayblogbr\/","https:\/\/www.youtube.com\/channel\/UCdEu3JXLOB-wvWAVUF4AIiA","https:\/\/pt.wikipedia.org\/wiki\/Gay_Blog_Br","https:\/\/www.threads.net\/@gayblogbr"]},{"@type":"Person","@id":"https:\/\/gay.blog.br\/es\/#\/schema\/person\/ab4bce68ee54b8f4af5c174efe7472e5","name":"www.gay.blog.br","image":{"@type":"ImageObject","inLanguage":"es","@id":"https:\/\/secure.gravatar.com\/avatar\/a6fb6bf5c84cdaa375389c43448e2bb88db4600d8fc5be6c42a410789075740f?s=96&d=mm&r=g","url":"https:\/\/secure.gravatar.com\/avatar\/a6fb6bf5c84cdaa375389c43448e2bb88db4600d8fc5be6c42a410789075740f?s=96&d=mm&r=g","contentUrl":"https:\/\/secure.gravatar.com\/avatar\/a6fb6bf5c84cdaa375389c43448e2bb88db4600d8fc5be6c42a410789075740f?s=96&d=mm&r=g","caption":"www.gay.blog.br"},"description":"Receba as not\u00edcias pelo Telegram!","sameAs":["https:\/\/facebook.com\/gayblogbr","https:\/\/instagram.com\/gayblogbr","https:\/\/www.linkedin.com\/company\/gayblogbr\/","https:\/\/pinterest.com\/gayblogbr\/","https:\/\/x.com\/https:\/\/bsky.app\/profile\/gayblogbr.bsky.social","https:\/\/www.youtube.com\/@GAYBLOGBR","https:\/\/pt.wikipedia.org\/wiki\/Gay_Blog_Br"],"url":"https:\/\/gay.blog.br\/es\/author\/oaudaznavegante\/"}]}},"jetpack_publicize_connections":[],"jetpack_featured_media_url":"https:\/\/i0.wp.com\/gay.blog.br\/wp-content\/uploads\/2019\/12\/pabllo-ludmilla.jpg?fit=685%2C426&ssl=1","jetpack_sharing_enabled":true,"jetpack_shortlink":"https:\/\/wp.me\/p6klkK-tFQ","jetpack_likes_enabled":false,"amp_enabled":true,"_links":{"self":[{"href":"https:\/\/gay.blog.br\/es\/wp-json\/wp\/v2\/posts\/114070","targetHints":{"allow":["GET"]}}],"collection":[{"href":"https:\/\/gay.blog.br\/es\/wp-json\/wp\/v2\/posts"}],"about":[{"href":"https:\/\/gay.blog.br\/es\/wp-json\/wp\/v2\/types\/post"}],"author":[{"embeddable":true,"href":"https:\/\/gay.blog.br\/es\/wp-json\/wp\/v2\/users\/2"}],"replies":[{"embeddable":true,"href":"https:\/\/gay.blog.br\/es\/wp-json\/wp\/v2\/comments?post=114070"}],"version-history":[{"count":0,"href":"https:\/\/gay.blog.br\/es\/wp-json\/wp\/v2\/posts\/114070\/revisions"}],"wp:featuredmedia":[{"embeddable":true,"href":"https:\/\/gay.blog.br\/es\/wp-json\/wp\/v2\/media\/77186"}],"wp:attachment":[{"href":"https:\/\/gay.blog.br\/es\/wp-json\/wp\/v2\/media?parent=114070"}],"wp:term":[{"taxonomy":"category","embeddable":true,"href":"https:\/\/gay.blog.br\/es\/wp-json\/wp\/v2\/categories?post=114070"},{"taxonomy":"post_tag","embeddable":true,"href":"https:\/\/gay.blog.br\/es\/wp-json\/wp\/v2\/tags?post=114070"}],"curies":[{"name":"wp","href":"https:\/\/api.w.org\/{rel}","templated":true}]}}