{"id":114361,"date":"2019-12-04T13:26:34","date_gmt":"2019-12-04T16:26:34","guid":{"rendered":"https:\/\/gay.blog.br\/?p=114361"},"modified":"2021-03-06T17:56:06","modified_gmt":"2021-03-06T20:56:06","slug":"pabllo-vittar-comenta-sobre-su-nuevo-video-amor-de-que-en-el-proximo-mtv-hits","status":"publish","type":"post","link":"https:\/\/gay.blog.br\/es\/cultura\/musica\/pabllo-vittar-comenta-sobre-su-nuevo-video-amor-de-que-en-el-proximo-mtv-hits\/","title":{"rendered":"Pabllo Vittar comenta sobre su nuevo video \u00abAmor de Que\u00bb en el pr\u00f3ximo MTV Hits"},"content":{"rendered":"<p style=\"text-align: justify;\"><strong>Pabllo Vittar<\/strong> invadir\u00e1 el pr\u00f3ximo <strong>MTV Hits<\/strong> y pondr\u00e1 a todos a trabajar juntos e interactuar a trav\u00e9s de <strong>#MTVHITSDASQUENGAS.<\/strong> El programa va a estar en el aire este <strong>viernes 6 de diciembre a partir de las 17:30 horas.<\/strong><\/p>\n<p style=\"text-align: justify;\">En <strong>Emojihits<\/strong>, Pabllo demostrar\u00e1 que entiende bien de m\u00fasica. Mostrar\u00e1 casi todos los s\u00edmbolos que el Pasante ha preparado. Adem\u00e1s, TOP 3 Bate Cabelo contar\u00e1 solo con divas como <a href=\"https:\/\/camisetas.gay.blog.br\/products\/camiseta-liberte-egalite-beyonce\">Beyonc\u00e9<\/a>, <a href=\"http:\/\/gay.blog.br\/?s=madonna\">Madonna<\/a> y Britney Spears. \u00abEsas canciones que cuando las escuchas ya te apetece quitarte la ropa, bailar, hervir con tus amigas y mover el trasero\u00bb, anima Pabllo.<\/p>\n<p style=\"text-align: justify;\">Vittar tambi\u00e9n habla en exclusiva sobre la realizaci\u00f3n del clip <strong>Amor de Que:<\/strong> \u00abEl clip quer\u00eda traer un ambiente muy brasile\u00f1o, una vibra muy nororiental. Es una canci\u00f3n que tiene todo que ver con nosotros\u00bb.<\/p>\n<p><span class=\"embed-youtube\" style=\"text-align:center; display: block;\"><iframe loading=\"lazy\" class=\"youtube-player\" width=\"696\" height=\"392\" src=\"https:\/\/www.youtube.com\/embed\/4zJ4i6Az2Ck?version=3&#038;rel=1&#038;showsearch=0&#038;showinfo=1&#038;iv_load_policy=1&#038;fs=1&#038;hl=es-ES&#038;autohide=2&#038;wmode=transparent\" allowfullscreen=\"true\" style=\"border:0;\" sandbox=\"allow-scripts allow-same-origin allow-popups allow-presentation allow-popups-to-escape-sandbox\"><\/iframe><\/span><\/p>\n<p style=\"text-align: justify;\">Finalmente, habr\u00e1 un <em>react<\/em> de la participaci\u00f3n musical de Pabllo en MTV EMA 2019. Ella ver\u00e1 toda la actuaci\u00f3n y contar\u00e1 el backstage de este gran evento.<\/p>\n<p style=\"text-align: justify;\"><strong>SERVICIO &#8211; MTV HITS CON PABLLO VITTAR<\/strong><br \/>\n<strong>Proyecci\u00f3n: viernes 6 de diciembre, a las 17:30 horas.<\/strong><\/p>\n<figure id=\"attachment_31615\" aria-describedby=\"caption-attachment-31615\" style=\"width: 959px\" class=\"wp-caption aligncenter\"><img data-recalc-dims=\"1\" loading=\"lazy\" decoding=\"async\" class=\"wp-image-31615 size-full\" src=\"https:\/\/i0.wp.com\/gay.blog.br\/wp-content\/uploads\/2019\/12\/MTV-Hits_Pabllo-Vittar5.png?resize=696%2C388&#038;ssl=1\" alt=\"Pabllo Vittar comenta sobre su nuevo video \" width=\"696\" height=\"388\" srcset=\"https:\/\/i0.wp.com\/gay.blog.br\/wp-content\/uploads\/2019\/12\/MTV-Hits_Pabllo-Vittar5.png?w=959&amp;ssl=1 959w, https:\/\/i0.wp.com\/gay.blog.br\/wp-content\/uploads\/2019\/12\/MTV-Hits_Pabllo-Vittar5.png?resize=300%2C167&amp;ssl=1 300w, https:\/\/i0.wp.com\/gay.blog.br\/wp-content\/uploads\/2019\/12\/MTV-Hits_Pabllo-Vittar5.png?resize=150%2C84&amp;ssl=1 150w, https:\/\/i0.wp.com\/gay.blog.br\/wp-content\/uploads\/2019\/12\/MTV-Hits_Pabllo-Vittar5.png?resize=768%2C428&amp;ssl=1 768w, https:\/\/i0.wp.com\/gay.blog.br\/wp-content\/uploads\/2019\/12\/MTV-Hits_Pabllo-Vittar5.png?resize=696%2C388&amp;ssl=1 696w, https:\/\/i0.wp.com\/gay.blog.br\/wp-content\/uploads\/2019\/12\/MTV-Hits_Pabllo-Vittar5.png?resize=753%2C420&amp;ssl=1 753w\" sizes=\"auto, (max-width: 696px) 100vw, 696px\" \/><figcaption id=\"caption-attachment-31615\" class=\"wp-caption-text\">Vittar acaba de lanzar el clip \u00abAmor de Que\u00bb &#8211; Foto: divulgaci\u00f3n<\/figcaption><\/figure>\n<p style=\"text-align: justify;\"><strong>ACERCA DE MTV<\/strong><\/p>\n<p style=\"text-align: justify;\">El p\u00fablico objetivo de MTV Brasil son los j\u00f3venes, principalmente en el grupo de edad de 15 y 30 a\u00f1os &#8211; casi la mitad de la audiencia del canal est\u00e1 compuesta por personas de 18 a 34 a\u00f1os. MTV es top of mind de los j\u00f3venes brasile\u00f1os: re\u00fane programaci\u00f3n variada y multiconectada, as\u00ed como el perfil de sus espectadores. Solo en Brasil, hay m\u00e1s de 15 millones de hogares suscritos, con un impacto potencial de aproximadamente 47 millones de personas. La marca MTV est\u00e1 presente en varias plataformas digitales: en la aplicaci\u00f3n MTV Play, Facebook, Instagram, Twitter, Google Plus, Spotify, Snapchat y Rede Music. Producciones locales como &#8216;De F\u00e9rias com o Ex Brasil&#8217;, &#8216;Are You The One? Brasil&#8217;, &#8216;Catfish Brasil&#8217; y el \u00e9xito internacional &#8216;Adoptada&#8217; &#8211; producci\u00f3n brasile\u00f1a original nominada al Emmy International\u00ae 2016 en la categor\u00eda &#8216;Programa de Entretenimiento sin gui\u00f3n&#8217;, adem\u00e1s de reality shows, series y animaciones internacionales. MTV tambi\u00e9n presenta \u00e9xitos de la cartera de Viacom International, como \u00abSuper Shore\u00bb y \u00abJovens e M\u00e3es\u00bb (J\u00f3venes y Madres), adem\u00e1s de lo mejor del contenido global del canal, doblado en portugu\u00e9s y con opciones de subt\u00edtulos. Brindar experiencias relevantes a los j\u00f3venes, traer a Brasil los grandes eventos que hace la marca en otros pa\u00edses, es uno de los objetivos de MTV. Desde agosto de 2018 se estren\u00f3 en el pa\u00eds el canal MTV Live HD, exclusivamente en el operador de TV, NET, complementando el portafolio de Viacom en la regi\u00f3n.<\/p>\n","protected":false},"excerpt":{"rendered":"<p>El programa se transmitir\u00e1 el viernes 6 de diciembre a partir de las 17:30 horas.<\/p>\n","protected":false},"author":2,"featured_media":76896,"comment_status":"open","ping_status":"open","sticky":false,"template":"","format":"standard","meta":{"googlesitekit_rrm_CAoiEBg-BXrJeACjO8p49SE4kTY:productID":"","tdm_status":"","tdm_grid_status":"","_jetpack_newsletter_access":"","_jetpack_dont_email_post_to_subs":false,"_jetpack_newsletter_tier_id":0,"_jetpack_memberships_contains_paywalled_content":false,"_jetpack_memberships_contains_paid_content":false,"footnotes":"","jetpack_publicize_message":"Pabllo Vittar comenta sobre su nuevo video \"Amor de Que\" en el pr\u00f3ximo MTV Hits","jetpack_publicize_feature_enabled":true,"jetpack_social_post_already_shared":true,"jetpack_social_options":{"image_generator_settings":{"template":"highway","default_image_id":0,"font":"","enabled":false},"version":2},"_wpas_customize_per_network":false,"jetpack_post_was_ever_published":false},"categories":[774],"tags":[9508,406562000],"class_list":{"0":"post-114361","1":"post","2":"type-post","3":"status-publish","4":"format-standard","5":"has-post-thumbnail","7":"category-musica","8":"tag-mtv","9":"tag-pabllo-vittar"},"yoast_head":"<!-- This site is optimized with the Yoast SEO plugin v27.5 - https:\/\/yoast.com\/product\/yoast-seo-wordpress\/ -->\n<title>Pabllo Vittar comenta sobre su nuevo video &quot;Amor de Que&quot; en el pr\u00f3ximo MTV Hits<\/title>\n<meta name=\"description\" content=\"El programa se transmitir\u00e1 el viernes 6 de diciembre a partir de las 17:30 horas; Vittar habla en exclusiva sobre el video recientemente publicado de &quot;Amor de que&quot;\" \/>\n<meta name=\"robots\" content=\"index, follow, max-snippet:-1, max-image-preview:large, max-video-preview:-1\" \/>\n<link rel=\"canonical\" href=\"https:\/\/gay.blog.br\/es\/cultura\/musica\/pabllo-vittar-comenta-sobre-su-nuevo-video-amor-de-que-en-el-proximo-mtv-hits\/\" \/>\n<meta property=\"og:locale\" content=\"es_ES\" \/>\n<meta property=\"og:type\" content=\"article\" \/>\n<meta property=\"og:title\" content=\"Pabllo Vittar comenta sobre su nuevo video &quot;Amor de Que&quot; en el pr\u00f3ximo MTV Hits\" \/>\n<meta property=\"og:description\" content=\"El programa se transmitir\u00e1 el viernes 6 de diciembre a partir de las 17:30 horas; Vittar habla en exclusiva sobre el video recientemente publicado de &quot;Amor de que&quot;\" \/>\n<meta property=\"og:url\" content=\"https:\/\/gay.blog.br\/es\/cultura\/musica\/pabllo-vittar-comenta-sobre-su-nuevo-video-amor-de-que-en-el-proximo-mtv-hits\/\" \/>\n<meta property=\"og:site_name\" content=\"GAY BLOG BR @gayblogbr\" \/>\n<meta property=\"article:publisher\" content=\"https:\/\/facebook.com\/gayblogbr\" \/>\n<meta property=\"article:author\" content=\"https:\/\/facebook.com\/gayblogbr\" \/>\n<meta property=\"article:published_time\" content=\"2019-12-04T16:26:34+00:00\" \/>\n<meta property=\"article:modified_time\" content=\"2021-03-06T20:56:06+00:00\" \/>\n<meta property=\"og:image\" content=\"https:\/\/i2.wp.com\/gay.blog.br\/wp-content\/uploads\/2019\/12\/MTV-Hits_Pabllo-Vittar5.png?fit=959%2C535&ssl=1\" \/>\n\t<meta property=\"og:image:width\" content=\"959\" \/>\n\t<meta property=\"og:image:height\" content=\"535\" \/>\n\t<meta property=\"og:image:type\" content=\"image\/png\" \/>\n<meta name=\"author\" content=\"www.gay.blog.br\" \/>\n<meta name=\"twitter:card\" content=\"summary_large_image\" \/>\n<meta name=\"twitter:creator\" content=\"@https:\/\/bsky.app\/profile\/gayblogbr.bsky.social\" \/>\n<meta name=\"twitter:site\" content=\"@gayblogbr\" \/>\n<meta name=\"twitter:label1\" content=\"Escrito por\" \/>\n\t<meta name=\"twitter:data1\" content=\"www.gay.blog.br\" \/>\n\t<meta name=\"twitter:label2\" content=\"Tiempo de lectura\" \/>\n\t<meta name=\"twitter:data2\" content=\"2 minutos\" \/>\n<script type=\"application\/ld+json\" class=\"yoast-schema-graph\">{\"@context\":\"https:\\\/\\\/schema.org\",\"@graph\":[{\"@type\":\"Article\",\"@id\":\"https:\\\/\\\/gay.blog.br\\\/es\\\/cultura\\\/musica\\\/pabllo-vittar-comenta-sobre-su-nuevo-video-amor-de-que-en-el-proximo-mtv-hits\\\/#article\",\"isPartOf\":{\"@id\":\"https:\\\/\\\/gay.blog.br\\\/es\\\/cultura\\\/musica\\\/pabllo-vittar-comenta-sobre-su-nuevo-video-amor-de-que-en-el-proximo-mtv-hits\\\/\"},\"author\":{\"name\":\"www.gay.blog.br\",\"@id\":\"https:\\\/\\\/gay.blog.br\\\/es\\\/#\\\/schema\\\/person\\\/ab4bce68ee54b8f4af5c174efe7472e5\"},\"headline\":\"Pabllo Vittar comenta sobre su nuevo video \u00abAmor de Que\u00bb en el pr\u00f3ximo MTV Hits\",\"datePublished\":\"2019-12-04T16:26:34+00:00\",\"dateModified\":\"2021-03-06T20:56:06+00:00\",\"mainEntityOfPage\":{\"@id\":\"https:\\\/\\\/gay.blog.br\\\/es\\\/cultura\\\/musica\\\/pabllo-vittar-comenta-sobre-su-nuevo-video-amor-de-que-en-el-proximo-mtv-hits\\\/\"},\"wordCount\":490,\"commentCount\":0,\"publisher\":{\"@id\":\"https:\\\/\\\/gay.blog.br\\\/es\\\/#organization\"},\"image\":{\"@id\":\"https:\\\/\\\/gay.blog.br\\\/es\\\/cultura\\\/musica\\\/pabllo-vittar-comenta-sobre-su-nuevo-video-amor-de-que-en-el-proximo-mtv-hits\\\/#primaryimage\"},\"thumbnailUrl\":\"https:\\\/\\\/i0.wp.com\\\/gay.blog.br\\\/wp-content\\\/uploads\\\/2019\\\/12\\\/MTV-Hits_Pabllo-Vittar5.png?fit=959%2C535&ssl=1\",\"keywords\":[\"mtv\",\"pabllo vittar\"],\"articleSection\":[\"M\u00daSICA\"],\"inLanguage\":\"es\",\"potentialAction\":[{\"@type\":\"CommentAction\",\"name\":\"Comment\",\"target\":[\"https:\\\/\\\/gay.blog.br\\\/es\\\/cultura\\\/musica\\\/pabllo-vittar-comenta-sobre-su-nuevo-video-amor-de-que-en-el-proximo-mtv-hits\\\/#respond\"]}]},{\"@type\":\"WebPage\",\"@id\":\"https:\\\/\\\/gay.blog.br\\\/es\\\/cultura\\\/musica\\\/pabllo-vittar-comenta-sobre-su-nuevo-video-amor-de-que-en-el-proximo-mtv-hits\\\/\",\"url\":\"https:\\\/\\\/gay.blog.br\\\/es\\\/cultura\\\/musica\\\/pabllo-vittar-comenta-sobre-su-nuevo-video-amor-de-que-en-el-proximo-mtv-hits\\\/\",\"name\":\"Pabllo Vittar comenta sobre su nuevo video \\\"Amor de Que\\\" en el pr\u00f3ximo MTV Hits\",\"isPartOf\":{\"@id\":\"https:\\\/\\\/gay.blog.br\\\/es\\\/#website\"},\"primaryImageOfPage\":{\"@id\":\"https:\\\/\\\/gay.blog.br\\\/es\\\/cultura\\\/musica\\\/pabllo-vittar-comenta-sobre-su-nuevo-video-amor-de-que-en-el-proximo-mtv-hits\\\/#primaryimage\"},\"image\":{\"@id\":\"https:\\\/\\\/gay.blog.br\\\/es\\\/cultura\\\/musica\\\/pabllo-vittar-comenta-sobre-su-nuevo-video-amor-de-que-en-el-proximo-mtv-hits\\\/#primaryimage\"},\"thumbnailUrl\":\"https:\\\/\\\/i0.wp.com\\\/gay.blog.br\\\/wp-content\\\/uploads\\\/2019\\\/12\\\/MTV-Hits_Pabllo-Vittar5.png?fit=959%2C535&ssl=1\",\"datePublished\":\"2019-12-04T16:26:34+00:00\",\"dateModified\":\"2021-03-06T20:56:06+00:00\",\"description\":\"El programa se transmitir\u00e1 el viernes 6 de diciembre a partir de las 17:30 horas; Vittar habla en exclusiva sobre el video recientemente publicado de \\\"Amor de que\\\"\",\"breadcrumb\":{\"@id\":\"https:\\\/\\\/gay.blog.br\\\/es\\\/cultura\\\/musica\\\/pabllo-vittar-comenta-sobre-su-nuevo-video-amor-de-que-en-el-proximo-mtv-hits\\\/#breadcrumb\"},\"inLanguage\":\"es\",\"potentialAction\":[{\"@type\":\"ReadAction\",\"target\":[\"https:\\\/\\\/gay.blog.br\\\/es\\\/cultura\\\/musica\\\/pabllo-vittar-comenta-sobre-su-nuevo-video-amor-de-que-en-el-proximo-mtv-hits\\\/\"]}]},{\"@type\":\"ImageObject\",\"inLanguage\":\"es\",\"@id\":\"https:\\\/\\\/gay.blog.br\\\/es\\\/cultura\\\/musica\\\/pabllo-vittar-comenta-sobre-su-nuevo-video-amor-de-que-en-el-proximo-mtv-hits\\\/#primaryimage\",\"url\":\"https:\\\/\\\/i0.wp.com\\\/gay.blog.br\\\/wp-content\\\/uploads\\\/2019\\\/12\\\/MTV-Hits_Pabllo-Vittar5.png?fit=959%2C535&ssl=1\",\"contentUrl\":\"https:\\\/\\\/i0.wp.com\\\/gay.blog.br\\\/wp-content\\\/uploads\\\/2019\\\/12\\\/MTV-Hits_Pabllo-Vittar5.png?fit=959%2C535&ssl=1\",\"width\":959,\"height\":535,\"caption\":\"Foto: divulga\u00e7\u00e3o\"},{\"@type\":\"BreadcrumbList\",\"@id\":\"https:\\\/\\\/gay.blog.br\\\/es\\\/cultura\\\/musica\\\/pabllo-vittar-comenta-sobre-su-nuevo-video-amor-de-que-en-el-proximo-mtv-hits\\\/#breadcrumb\",\"itemListElement\":[{\"@type\":\"ListItem\",\"position\":1,\"name\":\"In\u00edcio\",\"item\":\"https:\\\/\\\/gay.blog.br\\\/es\\\/\"},{\"@type\":\"ListItem\",\"position\":2,\"name\":\"Pabllo Vittar comenta sobre su nuevo video \u00abAmor de Que\u00bb en el pr\u00f3ximo MTV Hits\"}]},{\"@type\":\"WebSite\",\"@id\":\"https:\\\/\\\/gay.blog.br\\\/es\\\/#website\",\"url\":\"https:\\\/\\\/gay.blog.br\\\/es\\\/\",\"name\":\"GAY BLOG BR @gayblogbr\",\"description\":\"Not\u00edcias que empoderam e\\\/ou entret\u00eam s\u00e3o especialidades da casa\",\"publisher\":{\"@id\":\"https:\\\/\\\/gay.blog.br\\\/es\\\/#organization\"},\"potentialAction\":[{\"@type\":\"SearchAction\",\"target\":{\"@type\":\"EntryPoint\",\"urlTemplate\":\"https:\\\/\\\/gay.blog.br\\\/es\\\/?s={search_term_string}\"},\"query-input\":{\"@type\":\"PropertyValueSpecification\",\"valueRequired\":true,\"valueName\":\"search_term_string\"}}],\"inLanguage\":\"es\"},{\"@type\":\"Organization\",\"@id\":\"https:\\\/\\\/gay.blog.br\\\/es\\\/#organization\",\"name\":\"GAY BLOG BR\",\"url\":\"https:\\\/\\\/gay.blog.br\\\/es\\\/\",\"logo\":{\"@type\":\"ImageObject\",\"inLanguage\":\"es\",\"@id\":\"https:\\\/\\\/gay.blog.br\\\/es\\\/#\\\/schema\\\/logo\\\/image\\\/\",\"url\":\"https:\\\/\\\/i0.wp.com\\\/gay.blog.br\\\/wp-content\\\/uploads\\\/2023\\\/08\\\/gay180px.png?fit=272%2C90&ssl=1\",\"contentUrl\":\"https:\\\/\\\/i0.wp.com\\\/gay.blog.br\\\/wp-content\\\/uploads\\\/2023\\\/08\\\/gay180px.png?fit=272%2C90&ssl=1\",\"width\":272,\"height\":90,\"caption\":\"GAY BLOG BR\"},\"image\":{\"@id\":\"https:\\\/\\\/gay.blog.br\\\/es\\\/#\\\/schema\\\/logo\\\/image\\\/\"},\"sameAs\":[\"https:\\\/\\\/facebook.com\\\/gayblogbr\",\"https:\\\/\\\/x.com\\\/gayblogbr\",\"https:\\\/\\\/instagram.com\\\/gayblogbr\",\"https:\\\/\\\/www.linkedin.com\\\/company\\\/gayblogbr\\\/\",\"https:\\\/\\\/br.pinterest.com\\\/gayblogbr\\\/\",\"https:\\\/\\\/www.youtube.com\\\/channel\\\/UCdEu3JXLOB-wvWAVUF4AIiA\",\"https:\\\/\\\/pt.wikipedia.org\\\/wiki\\\/Gay_Blog_Br\",\"https:\\\/\\\/www.threads.net\\\/@gayblogbr\"]},{\"@type\":\"Person\",\"@id\":\"https:\\\/\\\/gay.blog.br\\\/es\\\/#\\\/schema\\\/person\\\/ab4bce68ee54b8f4af5c174efe7472e5\",\"name\":\"www.gay.blog.br\",\"image\":{\"@type\":\"ImageObject\",\"inLanguage\":\"es\",\"@id\":\"https:\\\/\\\/secure.gravatar.com\\\/avatar\\\/a6fb6bf5c84cdaa375389c43448e2bb88db4600d8fc5be6c42a410789075740f?s=96&d=mm&r=g\",\"url\":\"https:\\\/\\\/secure.gravatar.com\\\/avatar\\\/a6fb6bf5c84cdaa375389c43448e2bb88db4600d8fc5be6c42a410789075740f?s=96&d=mm&r=g\",\"contentUrl\":\"https:\\\/\\\/secure.gravatar.com\\\/avatar\\\/a6fb6bf5c84cdaa375389c43448e2bb88db4600d8fc5be6c42a410789075740f?s=96&d=mm&r=g\",\"caption\":\"www.gay.blog.br\"},\"description\":\"Receba as not\u00edcias pelo Telegram!\",\"sameAs\":[\"https:\\\/\\\/facebook.com\\\/gayblogbr\",\"https:\\\/\\\/instagram.com\\\/gayblogbr\",\"https:\\\/\\\/www.linkedin.com\\\/company\\\/gayblogbr\\\/\",\"https:\\\/\\\/pinterest.com\\\/gayblogbr\\\/\",\"https:\\\/\\\/x.com\\\/https:\\\/\\\/bsky.app\\\/profile\\\/gayblogbr.bsky.social\",\"https:\\\/\\\/www.youtube.com\\\/@GAYBLOGBR\",\"https:\\\/\\\/pt.wikipedia.org\\\/wiki\\\/Gay_Blog_Br\"],\"url\":\"https:\\\/\\\/gay.blog.br\\\/es\\\/author\\\/oaudaznavegante\\\/\"}]}<\/script>\n<!-- \/ Yoast SEO plugin. -->","yoast_head_json":{"title":"Pabllo Vittar comenta sobre su nuevo video \"Amor de Que\" en el pr\u00f3ximo MTV Hits","description":"El programa se transmitir\u00e1 el viernes 6 de diciembre a partir de las 17:30 horas; Vittar habla en exclusiva sobre el video recientemente publicado de \"Amor de que\"","robots":{"index":"index","follow":"follow","max-snippet":"max-snippet:-1","max-image-preview":"max-image-preview:large","max-video-preview":"max-video-preview:-1"},"canonical":"https:\/\/gay.blog.br\/es\/cultura\/musica\/pabllo-vittar-comenta-sobre-su-nuevo-video-amor-de-que-en-el-proximo-mtv-hits\/","og_locale":"es_ES","og_type":"article","og_title":"Pabllo Vittar comenta sobre su nuevo video \"Amor de Que\" en el pr\u00f3ximo MTV Hits","og_description":"El programa se transmitir\u00e1 el viernes 6 de diciembre a partir de las 17:30 horas; Vittar habla en exclusiva sobre el video recientemente publicado de \"Amor de que\"","og_url":"https:\/\/gay.blog.br\/es\/cultura\/musica\/pabllo-vittar-comenta-sobre-su-nuevo-video-amor-de-que-en-el-proximo-mtv-hits\/","og_site_name":"GAY BLOG BR @gayblogbr","article_publisher":"https:\/\/facebook.com\/gayblogbr","article_author":"https:\/\/facebook.com\/gayblogbr","article_published_time":"2019-12-04T16:26:34+00:00","article_modified_time":"2021-03-06T20:56:06+00:00","og_image":[{"width":959,"height":535,"url":"https:\/\/i2.wp.com\/gay.blog.br\/wp-content\/uploads\/2019\/12\/MTV-Hits_Pabllo-Vittar5.png?fit=959%2C535&ssl=1","type":"image\/png"}],"author":"www.gay.blog.br","twitter_card":"summary_large_image","twitter_creator":"@https:\/\/bsky.app\/profile\/gayblogbr.bsky.social","twitter_site":"@gayblogbr","twitter_misc":{"Escrito por":"www.gay.blog.br","Tiempo de lectura":"2 minutos"},"schema":{"@context":"https:\/\/schema.org","@graph":[{"@type":"Article","@id":"https:\/\/gay.blog.br\/es\/cultura\/musica\/pabllo-vittar-comenta-sobre-su-nuevo-video-amor-de-que-en-el-proximo-mtv-hits\/#article","isPartOf":{"@id":"https:\/\/gay.blog.br\/es\/cultura\/musica\/pabllo-vittar-comenta-sobre-su-nuevo-video-amor-de-que-en-el-proximo-mtv-hits\/"},"author":{"name":"www.gay.blog.br","@id":"https:\/\/gay.blog.br\/es\/#\/schema\/person\/ab4bce68ee54b8f4af5c174efe7472e5"},"headline":"Pabllo Vittar comenta sobre su nuevo video \u00abAmor de Que\u00bb en el pr\u00f3ximo MTV Hits","datePublished":"2019-12-04T16:26:34+00:00","dateModified":"2021-03-06T20:56:06+00:00","mainEntityOfPage":{"@id":"https:\/\/gay.blog.br\/es\/cultura\/musica\/pabllo-vittar-comenta-sobre-su-nuevo-video-amor-de-que-en-el-proximo-mtv-hits\/"},"wordCount":490,"commentCount":0,"publisher":{"@id":"https:\/\/gay.blog.br\/es\/#organization"},"image":{"@id":"https:\/\/gay.blog.br\/es\/cultura\/musica\/pabllo-vittar-comenta-sobre-su-nuevo-video-amor-de-que-en-el-proximo-mtv-hits\/#primaryimage"},"thumbnailUrl":"https:\/\/i0.wp.com\/gay.blog.br\/wp-content\/uploads\/2019\/12\/MTV-Hits_Pabllo-Vittar5.png?fit=959%2C535&ssl=1","keywords":["mtv","pabllo vittar"],"articleSection":["M\u00daSICA"],"inLanguage":"es","potentialAction":[{"@type":"CommentAction","name":"Comment","target":["https:\/\/gay.blog.br\/es\/cultura\/musica\/pabllo-vittar-comenta-sobre-su-nuevo-video-amor-de-que-en-el-proximo-mtv-hits\/#respond"]}]},{"@type":"WebPage","@id":"https:\/\/gay.blog.br\/es\/cultura\/musica\/pabllo-vittar-comenta-sobre-su-nuevo-video-amor-de-que-en-el-proximo-mtv-hits\/","url":"https:\/\/gay.blog.br\/es\/cultura\/musica\/pabllo-vittar-comenta-sobre-su-nuevo-video-amor-de-que-en-el-proximo-mtv-hits\/","name":"Pabllo Vittar comenta sobre su nuevo video \"Amor de Que\" en el pr\u00f3ximo MTV Hits","isPartOf":{"@id":"https:\/\/gay.blog.br\/es\/#website"},"primaryImageOfPage":{"@id":"https:\/\/gay.blog.br\/es\/cultura\/musica\/pabllo-vittar-comenta-sobre-su-nuevo-video-amor-de-que-en-el-proximo-mtv-hits\/#primaryimage"},"image":{"@id":"https:\/\/gay.blog.br\/es\/cultura\/musica\/pabllo-vittar-comenta-sobre-su-nuevo-video-amor-de-que-en-el-proximo-mtv-hits\/#primaryimage"},"thumbnailUrl":"https:\/\/i0.wp.com\/gay.blog.br\/wp-content\/uploads\/2019\/12\/MTV-Hits_Pabllo-Vittar5.png?fit=959%2C535&ssl=1","datePublished":"2019-12-04T16:26:34+00:00","dateModified":"2021-03-06T20:56:06+00:00","description":"El programa se transmitir\u00e1 el viernes 6 de diciembre a partir de las 17:30 horas; Vittar habla en exclusiva sobre el video recientemente publicado de \"Amor de que\"","breadcrumb":{"@id":"https:\/\/gay.blog.br\/es\/cultura\/musica\/pabllo-vittar-comenta-sobre-su-nuevo-video-amor-de-que-en-el-proximo-mtv-hits\/#breadcrumb"},"inLanguage":"es","potentialAction":[{"@type":"ReadAction","target":["https:\/\/gay.blog.br\/es\/cultura\/musica\/pabllo-vittar-comenta-sobre-su-nuevo-video-amor-de-que-en-el-proximo-mtv-hits\/"]}]},{"@type":"ImageObject","inLanguage":"es","@id":"https:\/\/gay.blog.br\/es\/cultura\/musica\/pabllo-vittar-comenta-sobre-su-nuevo-video-amor-de-que-en-el-proximo-mtv-hits\/#primaryimage","url":"https:\/\/i0.wp.com\/gay.blog.br\/wp-content\/uploads\/2019\/12\/MTV-Hits_Pabllo-Vittar5.png?fit=959%2C535&ssl=1","contentUrl":"https:\/\/i0.wp.com\/gay.blog.br\/wp-content\/uploads\/2019\/12\/MTV-Hits_Pabllo-Vittar5.png?fit=959%2C535&ssl=1","width":959,"height":535,"caption":"Foto: divulga\u00e7\u00e3o"},{"@type":"BreadcrumbList","@id":"https:\/\/gay.blog.br\/es\/cultura\/musica\/pabllo-vittar-comenta-sobre-su-nuevo-video-amor-de-que-en-el-proximo-mtv-hits\/#breadcrumb","itemListElement":[{"@type":"ListItem","position":1,"name":"In\u00edcio","item":"https:\/\/gay.blog.br\/es\/"},{"@type":"ListItem","position":2,"name":"Pabllo Vittar comenta sobre su nuevo video \u00abAmor de Que\u00bb en el pr\u00f3ximo MTV Hits"}]},{"@type":"WebSite","@id":"https:\/\/gay.blog.br\/es\/#website","url":"https:\/\/gay.blog.br\/es\/","name":"GAY BLOG BR @gayblogbr","description":"Not\u00edcias que empoderam e\/ou entret\u00eam s\u00e3o especialidades da casa","publisher":{"@id":"https:\/\/gay.blog.br\/es\/#organization"},"potentialAction":[{"@type":"SearchAction","target":{"@type":"EntryPoint","urlTemplate":"https:\/\/gay.blog.br\/es\/?s={search_term_string}"},"query-input":{"@type":"PropertyValueSpecification","valueRequired":true,"valueName":"search_term_string"}}],"inLanguage":"es"},{"@type":"Organization","@id":"https:\/\/gay.blog.br\/es\/#organization","name":"GAY BLOG BR","url":"https:\/\/gay.blog.br\/es\/","logo":{"@type":"ImageObject","inLanguage":"es","@id":"https:\/\/gay.blog.br\/es\/#\/schema\/logo\/image\/","url":"https:\/\/i0.wp.com\/gay.blog.br\/wp-content\/uploads\/2023\/08\/gay180px.png?fit=272%2C90&ssl=1","contentUrl":"https:\/\/i0.wp.com\/gay.blog.br\/wp-content\/uploads\/2023\/08\/gay180px.png?fit=272%2C90&ssl=1","width":272,"height":90,"caption":"GAY BLOG BR"},"image":{"@id":"https:\/\/gay.blog.br\/es\/#\/schema\/logo\/image\/"},"sameAs":["https:\/\/facebook.com\/gayblogbr","https:\/\/x.com\/gayblogbr","https:\/\/instagram.com\/gayblogbr","https:\/\/www.linkedin.com\/company\/gayblogbr\/","https:\/\/br.pinterest.com\/gayblogbr\/","https:\/\/www.youtube.com\/channel\/UCdEu3JXLOB-wvWAVUF4AIiA","https:\/\/pt.wikipedia.org\/wiki\/Gay_Blog_Br","https:\/\/www.threads.net\/@gayblogbr"]},{"@type":"Person","@id":"https:\/\/gay.blog.br\/es\/#\/schema\/person\/ab4bce68ee54b8f4af5c174efe7472e5","name":"www.gay.blog.br","image":{"@type":"ImageObject","inLanguage":"es","@id":"https:\/\/secure.gravatar.com\/avatar\/a6fb6bf5c84cdaa375389c43448e2bb88db4600d8fc5be6c42a410789075740f?s=96&d=mm&r=g","url":"https:\/\/secure.gravatar.com\/avatar\/a6fb6bf5c84cdaa375389c43448e2bb88db4600d8fc5be6c42a410789075740f?s=96&d=mm&r=g","contentUrl":"https:\/\/secure.gravatar.com\/avatar\/a6fb6bf5c84cdaa375389c43448e2bb88db4600d8fc5be6c42a410789075740f?s=96&d=mm&r=g","caption":"www.gay.blog.br"},"description":"Receba as not\u00edcias pelo Telegram!","sameAs":["https:\/\/facebook.com\/gayblogbr","https:\/\/instagram.com\/gayblogbr","https:\/\/www.linkedin.com\/company\/gayblogbr\/","https:\/\/pinterest.com\/gayblogbr\/","https:\/\/x.com\/https:\/\/bsky.app\/profile\/gayblogbr.bsky.social","https:\/\/www.youtube.com\/@GAYBLOGBR","https:\/\/pt.wikipedia.org\/wiki\/Gay_Blog_Br"],"url":"https:\/\/gay.blog.br\/es\/author\/oaudaznavegante\/"}]}},"jetpack_publicize_connections":[],"jetpack_featured_media_url":"https:\/\/i0.wp.com\/gay.blog.br\/wp-content\/uploads\/2019\/12\/MTV-Hits_Pabllo-Vittar5.png?fit=959%2C535&ssl=1","jetpack_sharing_enabled":true,"jetpack_shortlink":"https:\/\/wp.me\/p6klkK-tKx","jetpack_likes_enabled":false,"amp_enabled":true,"_links":{"self":[{"href":"https:\/\/gay.blog.br\/es\/wp-json\/wp\/v2\/posts\/114361","targetHints":{"allow":["GET"]}}],"collection":[{"href":"https:\/\/gay.blog.br\/es\/wp-json\/wp\/v2\/posts"}],"about":[{"href":"https:\/\/gay.blog.br\/es\/wp-json\/wp\/v2\/types\/post"}],"author":[{"embeddable":true,"href":"https:\/\/gay.blog.br\/es\/wp-json\/wp\/v2\/users\/2"}],"replies":[{"embeddable":true,"href":"https:\/\/gay.blog.br\/es\/wp-json\/wp\/v2\/comments?post=114361"}],"version-history":[{"count":0,"href":"https:\/\/gay.blog.br\/es\/wp-json\/wp\/v2\/posts\/114361\/revisions"}],"wp:featuredmedia":[{"embeddable":true,"href":"https:\/\/gay.blog.br\/es\/wp-json\/wp\/v2\/media\/76896"}],"wp:attachment":[{"href":"https:\/\/gay.blog.br\/es\/wp-json\/wp\/v2\/media?parent=114361"}],"wp:term":[{"taxonomy":"category","embeddable":true,"href":"https:\/\/gay.blog.br\/es\/wp-json\/wp\/v2\/categories?post=114361"},{"taxonomy":"post_tag","embeddable":true,"href":"https:\/\/gay.blog.br\/es\/wp-json\/wp\/v2\/tags?post=114361"}],"curies":[{"name":"wp","href":"https:\/\/api.w.org\/{rel}","templated":true}]}}