{"id":114589,"date":"2021-03-06T14:14:40","date_gmt":"2021-03-06T17:14:40","guid":{"rendered":"https:\/\/gay.blog.br\/?p=114589"},"modified":"2021-03-08T22:39:28","modified_gmt":"2021-03-09T01:39:28","slug":"la-pareja-romantica-de-harry-styles-en-pelicula-gay-ya-ha-sido-elegida","status":"publish","type":"post","link":"https:\/\/gay.blog.br\/es\/cultura-es\/peliculas-tv-y-series\/la-pareja-romantica-de-harry-styles-en-pelicula-gay-ya-ha-sido-elegida\/","title":{"rendered":"La pareja rom\u00e1ntica de Harry Styles en pel\u00edcula gay ya ha sido elegida"},"content":{"rendered":"<p style=\"text-align: justify;\">La producci\u00f3n con trama gay <a href=\"https:\/\/gay.blog.br\/noticias\/harry-styles-fara-papel-de-policial-gay-em-longa-metragem-da-amazon\/\"><strong>\u00abMy Policeman\u00bb<\/strong><\/a>, que estar\u00e1 protagonizada por Harry Styles (27) en el papel de Tom, ya cuenta con el actor que har\u00e1 la pareja rom\u00e1ntica con \u00e9l: <strong>David Dawson (38)<\/strong>, como Patrick.<\/p>\n<figure id=\"attachment_114474\" aria-describedby=\"caption-attachment-114474\" style=\"width: 1280px\" class=\"wp-caption aligncenter\"><a href=\"http:\/\/instagram.com\/gayblogbr\"><img data-recalc-dims=\"1\" loading=\"lazy\" decoding=\"async\" class=\"size-full wp-image-114474\" src=\"https:\/\/i0.wp.com\/gay.blog.br\/wp-content\/uploads\/2021\/03\/David-Dawson-QN.jpg?resize=696%2C392&#038;ssl=1\" alt=\"David Dawson viver\u00e1 Patrick\" width=\"696\" height=\"392\" srcset=\"https:\/\/i0.wp.com\/gay.blog.br\/wp-content\/uploads\/2021\/03\/David-Dawson-QN.jpg?w=1280&amp;ssl=1 1280w, https:\/\/i0.wp.com\/gay.blog.br\/wp-content\/uploads\/2021\/03\/David-Dawson-QN.jpg?resize=300%2C169&amp;ssl=1 300w, https:\/\/i0.wp.com\/gay.blog.br\/wp-content\/uploads\/2021\/03\/David-Dawson-QN.jpg?resize=1024%2C576&amp;ssl=1 1024w, https:\/\/i0.wp.com\/gay.blog.br\/wp-content\/uploads\/2021\/03\/David-Dawson-QN.jpg?resize=150%2C84&amp;ssl=1 150w, https:\/\/i0.wp.com\/gay.blog.br\/wp-content\/uploads\/2021\/03\/David-Dawson-QN.jpg?resize=768%2C432&amp;ssl=1 768w, https:\/\/i0.wp.com\/gay.blog.br\/wp-content\/uploads\/2021\/03\/David-Dawson-QN.jpg?resize=696%2C392&amp;ssl=1 696w, https:\/\/i0.wp.com\/gay.blog.br\/wp-content\/uploads\/2021\/03\/David-Dawson-QN.jpg?resize=1068%2C601&amp;ssl=1 1068w, https:\/\/i0.wp.com\/gay.blog.br\/wp-content\/uploads\/2021\/03\/David-Dawson-QN.jpg?resize=747%2C420&amp;ssl=1 747w\" sizes=\"auto, (max-width: 696px) 100vw, 696px\" \/><\/a><figcaption id=\"caption-attachment-114474\" class=\"wp-caption-text\">David Dawson interpretar\u00e1 a Patrick &#8211; Reproducci\u00f3n<\/figcaption><\/figure>\n<p style=\"text-align: justify;\">La historia est\u00e1 basada en el libro hom\u00f3nimo publicado en 2012 y escrito por <strong>Bethan Roberts.<\/strong> Teniendo lugar en la d\u00e9cada de 1950, la trama gira en torno a Tom, quien est\u00e1 casado con una mujer, Marion, pero su verdadera pasi\u00f3n es Patrick. Los tres viven en un tri\u00e1ngulo amoroso.<\/p>\n<p style=\"text-align: justify;\">Quien vivir\u00e1 Marion, la esposa del personaje de <a href=\"https:\/\/gay.blog.br\/cultura\/filmes-tv-e-series\/harry-styles-fara-papel-de-policial-gay-em-longa-metragem-da-amazon\/\">Harry Styles<\/a>, ser\u00e1 la actriz <strong>Emma Corrin<\/strong>, quien gan\u00f3 notoriedad recientemente por interpretar a la princesa Diana en la serie \u00abThe Crown\u00bb.<\/p>\n<p style=\"text-align: justify;\"><em>Amazon Studios<\/em> compr\u00f3 los derechos de la pel\u00edcula, lo que presupone que la obra debe pasar directamente a la transmisi\u00f3n sin pasar por los cines. A\u00fan no se ha anunciado un cierre de lanzamiento.<\/p>\n<h3 style=\"text-align: justify;\"><strong>MY POLICEMAN \u2013 EL LIBRO<\/strong><\/h3>\n<p style=\"text-align: justify;\">Lanzado en 2012, \u00abMy Policeman\u00bb tiene lugar en Brighton, Inglaterra, y cuenta la historia de Tom Burgess, un polic\u00eda gay. Marion, una maestra, que ignora la orientaci\u00f3n sexual de Burgess, se enamora de \u00e9l, al igual que Patrick, que trabaja en un museo.<\/p>\n<p style=\"text-align: justify;\">Debido a la presi\u00f3n social de la \u00e9poca, Tom y Marion terminan cas\u00e1ndose, aunque su verdadero amor es Patrick. En determinado momento, Marion comienza a desconfiar de los verdaderos sentimientos de su esposo.<\/p>\n<p style=\"text-align: justify;\">El libro recibi\u00f3 buenas notas de prensa, consider\u00e1ndose una historia \u201cfluida\u201d en la que empezamos y ya no queremos dejar de leer. Adem\u00e1s, si bien es una ficci\u00f3n, retrata un per\u00edodo hist\u00f3rico y tiene una \u201cestructura s\u00f3lida\u201d, dando la impresi\u00f3n de que esa narrativa podr\u00eda suceder.<\/p>\n<p style=\"text-align: justify;\">En Inglaterra, las relaciones homosexuales se consideraron delitos hasta 1967. En 2016, el secretario de Justicia brit\u00e1nico Sam Gyimah argument\u00f3 que es muy importante dar \u00abperd\u00f3n\u00bb a las personas que han sido condenadas por \u00abdelitos sexuales\u00bb, desde hoy<\/p>\n","protected":false},"excerpt":{"rendered":"<p>David Dawson viver\u00e1 Patrick<\/p>\n","protected":false},"author":3515,"featured_media":114468,"comment_status":"open","ping_status":"open","sticky":false,"template":"","format":"standard","meta":{"googlesitekit_rrm_CAoiEBg-BXrJeACjO8p49SE4kTY:productID":"","tdm_status":"","tdm_grid_status":"","_jetpack_newsletter_access":"","_jetpack_dont_email_post_to_subs":false,"_jetpack_newsletter_tier_id":0,"_jetpack_memberships_contains_paywalled_content":false,"_jetpack_memberships_contains_paid_content":false,"footnotes":"","jetpack_publicize_message":"La pareja rom\u00e1ntica de Harry Styles en pel\u00edcula gay ya ha sido elegida","jetpack_publicize_feature_enabled":true,"jetpack_social_post_already_shared":true,"jetpack_social_options":{"image_generator_settings":{"template":"highway","default_image_id":0,"font":"","enabled":false},"version":2},"_wpas_customize_per_network":false,"jetpack_post_was_ever_published":false},"categories":[589932231,589932230],"tags":[589937757,589934207,589937758],"class_list":{"0":"post-114589","1":"post","2":"type-post","3":"status-publish","4":"format-standard","5":"has-post-thumbnail","7":"category-noticias-es","8":"category-peliculas-tv-y-series","9":"tag-david-dawson-es","10":"tag-harry-styles-es","11":"tag-my-policemna-es"},"yoast_head":"<!-- This site is optimized with the Yoast SEO plugin v27.4 - https:\/\/yoast.com\/product\/yoast-seo-wordpress\/ -->\n<title>La pareja rom\u00e1ntica de Harry Styles en pel\u00edcula gay ya ha sido elegida<\/title>\n<meta name=\"description\" content=\"La pel\u00edcula &quot;My Policeman&quot;, que estar\u00e1 protagonizada por Harry Styles (27) en el papel de Tom, ya cuenta con el actor que har\u00e1 la pareja rom\u00e1ntica con \u00e9l.\" \/>\n<meta name=\"robots\" content=\"index, follow, max-snippet:-1, max-image-preview:large, max-video-preview:-1\" \/>\n<link rel=\"canonical\" href=\"https:\/\/gay.blog.br\/es\/cultura-es\/peliculas-tv-y-series\/la-pareja-romantica-de-harry-styles-en-pelicula-gay-ya-ha-sido-elegida\/\" \/>\n<meta property=\"og:locale\" content=\"es_ES\" \/>\n<meta property=\"og:type\" content=\"article\" \/>\n<meta property=\"og:title\" content=\"La pareja rom\u00e1ntica de Harry Styles en pel\u00edcula gay ya ha sido elegida\" \/>\n<meta property=\"og:description\" content=\"La pel\u00edcula &quot;My Policeman&quot;, que estar\u00e1 protagonizada por Harry Styles (27) en el papel de Tom, ya cuenta con el actor que har\u00e1 la pareja rom\u00e1ntica con \u00e9l.\" \/>\n<meta property=\"og:url\" content=\"https:\/\/gay.blog.br\/es\/cultura-es\/peliculas-tv-y-series\/la-pareja-romantica-de-harry-styles-en-pelicula-gay-ya-ha-sido-elegida\/\" \/>\n<meta property=\"og:site_name\" content=\"GAY BLOG BR @gayblogbr\" \/>\n<meta property=\"article:publisher\" content=\"https:\/\/facebook.com\/gayblogbr\" \/>\n<meta property=\"article:author\" content=\"https:\/\/www.facebook.com\/victormillerreal\" \/>\n<meta property=\"article:published_time\" content=\"2021-03-06T17:14:40+00:00\" \/>\n<meta property=\"article:modified_time\" content=\"2021-03-09T01:39:28+00:00\" \/>\n<meta property=\"og:image\" content=\"https:\/\/i2.wp.com\/gay.blog.br\/wp-content\/uploads\/2021\/03\/capa_harry_styles.jpg?fit=1800%2C1200&ssl=1\" \/>\n\t<meta property=\"og:image:width\" content=\"1800\" \/>\n\t<meta property=\"og:image:height\" content=\"1200\" \/>\n\t<meta property=\"og:image:type\" content=\"image\/jpeg\" \/>\n<meta name=\"author\" content=\"Victor Miller\" \/>\n<meta name=\"twitter:card\" content=\"summary_large_image\" \/>\n<meta name=\"twitter:creator\" content=\"@https:\/\/twitter.com\/victor_miller\" \/>\n<meta name=\"twitter:site\" content=\"@gayblogbr\" \/>\n<meta name=\"twitter:label1\" content=\"Escrito por\" \/>\n\t<meta name=\"twitter:data1\" content=\"Victor Miller\" \/>\n\t<meta name=\"twitter:label2\" content=\"Tiempo de lectura\" \/>\n\t<meta name=\"twitter:data2\" content=\"2 minutos\" \/>\n<script type=\"application\/ld+json\" class=\"yoast-schema-graph\">{\"@context\":\"https:\\\/\\\/schema.org\",\"@graph\":[{\"@type\":\"Article\",\"@id\":\"https:\\\/\\\/gay.blog.br\\\/es\\\/cultura-es\\\/peliculas-tv-y-series\\\/la-pareja-romantica-de-harry-styles-en-pelicula-gay-ya-ha-sido-elegida\\\/#article\",\"isPartOf\":{\"@id\":\"https:\\\/\\\/gay.blog.br\\\/es\\\/cultura-es\\\/peliculas-tv-y-series\\\/la-pareja-romantica-de-harry-styles-en-pelicula-gay-ya-ha-sido-elegida\\\/\"},\"author\":{\"name\":\"Victor Miller\",\"@id\":\"https:\\\/\\\/gay.blog.br\\\/es\\\/#\\\/schema\\\/person\\\/5e0cf06e5d5e166b6afeaefc7fc56d9d\"},\"headline\":\"La pareja rom\u00e1ntica de Harry Styles en pel\u00edcula gay ya ha sido elegida\",\"datePublished\":\"2021-03-06T17:14:40+00:00\",\"dateModified\":\"2021-03-09T01:39:28+00:00\",\"mainEntityOfPage\":{\"@id\":\"https:\\\/\\\/gay.blog.br\\\/es\\\/cultura-es\\\/peliculas-tv-y-series\\\/la-pareja-romantica-de-harry-styles-en-pelicula-gay-ya-ha-sido-elegida\\\/\"},\"wordCount\":360,\"commentCount\":0,\"publisher\":{\"@id\":\"https:\\\/\\\/gay.blog.br\\\/es\\\/#organization\"},\"image\":{\"@id\":\"https:\\\/\\\/gay.blog.br\\\/es\\\/cultura-es\\\/peliculas-tv-y-series\\\/la-pareja-romantica-de-harry-styles-en-pelicula-gay-ya-ha-sido-elegida\\\/#primaryimage\"},\"thumbnailUrl\":\"https:\\\/\\\/i0.wp.com\\\/gay.blog.br\\\/wp-content\\\/uploads\\\/2021\\\/03\\\/capa_harry_styles.jpg?fit=1800%2C1200&ssl=1\",\"keywords\":[\"David Dawson\",\"harry styles\",\"My Policemna\"],\"articleSection\":[\"NOT\u00cdCIAS\",\"PEL\u00cdCULAS, TV y SERIES\"],\"inLanguage\":\"es\",\"potentialAction\":[{\"@type\":\"CommentAction\",\"name\":\"Comment\",\"target\":[\"https:\\\/\\\/gay.blog.br\\\/es\\\/cultura-es\\\/peliculas-tv-y-series\\\/la-pareja-romantica-de-harry-styles-en-pelicula-gay-ya-ha-sido-elegida\\\/#respond\"]}]},{\"@type\":\"WebPage\",\"@id\":\"https:\\\/\\\/gay.blog.br\\\/es\\\/cultura-es\\\/peliculas-tv-y-series\\\/la-pareja-romantica-de-harry-styles-en-pelicula-gay-ya-ha-sido-elegida\\\/\",\"url\":\"https:\\\/\\\/gay.blog.br\\\/es\\\/cultura-es\\\/peliculas-tv-y-series\\\/la-pareja-romantica-de-harry-styles-en-pelicula-gay-ya-ha-sido-elegida\\\/\",\"name\":\"La pareja rom\u00e1ntica de Harry Styles en pel\u00edcula gay ya ha sido elegida\",\"isPartOf\":{\"@id\":\"https:\\\/\\\/gay.blog.br\\\/es\\\/#website\"},\"primaryImageOfPage\":{\"@id\":\"https:\\\/\\\/gay.blog.br\\\/es\\\/cultura-es\\\/peliculas-tv-y-series\\\/la-pareja-romantica-de-harry-styles-en-pelicula-gay-ya-ha-sido-elegida\\\/#primaryimage\"},\"image\":{\"@id\":\"https:\\\/\\\/gay.blog.br\\\/es\\\/cultura-es\\\/peliculas-tv-y-series\\\/la-pareja-romantica-de-harry-styles-en-pelicula-gay-ya-ha-sido-elegida\\\/#primaryimage\"},\"thumbnailUrl\":\"https:\\\/\\\/i0.wp.com\\\/gay.blog.br\\\/wp-content\\\/uploads\\\/2021\\\/03\\\/capa_harry_styles.jpg?fit=1800%2C1200&ssl=1\",\"datePublished\":\"2021-03-06T17:14:40+00:00\",\"dateModified\":\"2021-03-09T01:39:28+00:00\",\"description\":\"La pel\u00edcula \\\"My Policeman\\\", que estar\u00e1 protagonizada por Harry Styles (27) en el papel de Tom, ya cuenta con el actor que har\u00e1 la pareja rom\u00e1ntica con \u00e9l.\",\"breadcrumb\":{\"@id\":\"https:\\\/\\\/gay.blog.br\\\/es\\\/cultura-es\\\/peliculas-tv-y-series\\\/la-pareja-romantica-de-harry-styles-en-pelicula-gay-ya-ha-sido-elegida\\\/#breadcrumb\"},\"inLanguage\":\"es\",\"potentialAction\":[{\"@type\":\"ReadAction\",\"target\":[\"https:\\\/\\\/gay.blog.br\\\/es\\\/cultura-es\\\/peliculas-tv-y-series\\\/la-pareja-romantica-de-harry-styles-en-pelicula-gay-ya-ha-sido-elegida\\\/\"]}]},{\"@type\":\"ImageObject\",\"inLanguage\":\"es\",\"@id\":\"https:\\\/\\\/gay.blog.br\\\/es\\\/cultura-es\\\/peliculas-tv-y-series\\\/la-pareja-romantica-de-harry-styles-en-pelicula-gay-ya-ha-sido-elegida\\\/#primaryimage\",\"url\":\"https:\\\/\\\/i0.wp.com\\\/gay.blog.br\\\/wp-content\\\/uploads\\\/2021\\\/03\\\/capa_harry_styles.jpg?fit=1800%2C1200&ssl=1\",\"contentUrl\":\"https:\\\/\\\/i0.wp.com\\\/gay.blog.br\\\/wp-content\\\/uploads\\\/2021\\\/03\\\/capa_harry_styles.jpg?fit=1800%2C1200&ssl=1\",\"width\":1800,\"height\":1200,\"caption\":\"Reprodu\u00e7\u00e3o\"},{\"@type\":\"BreadcrumbList\",\"@id\":\"https:\\\/\\\/gay.blog.br\\\/es\\\/cultura-es\\\/peliculas-tv-y-series\\\/la-pareja-romantica-de-harry-styles-en-pelicula-gay-ya-ha-sido-elegida\\\/#breadcrumb\",\"itemListElement\":[{\"@type\":\"ListItem\",\"position\":1,\"name\":\"In\u00edcio\",\"item\":\"https:\\\/\\\/gay.blog.br\\\/es\\\/\"},{\"@type\":\"ListItem\",\"position\":2,\"name\":\"La pareja rom\u00e1ntica de Harry Styles en pel\u00edcula gay ya ha sido elegida\"}]},{\"@type\":\"WebSite\",\"@id\":\"https:\\\/\\\/gay.blog.br\\\/es\\\/#website\",\"url\":\"https:\\\/\\\/gay.blog.br\\\/es\\\/\",\"name\":\"GAY BLOG BR @gayblogbr\",\"description\":\"Not\u00edcias que empoderam e\\\/ou entret\u00eam s\u00e3o especialidades da casa\",\"publisher\":{\"@id\":\"https:\\\/\\\/gay.blog.br\\\/es\\\/#organization\"},\"potentialAction\":[{\"@type\":\"SearchAction\",\"target\":{\"@type\":\"EntryPoint\",\"urlTemplate\":\"https:\\\/\\\/gay.blog.br\\\/es\\\/?s={search_term_string}\"},\"query-input\":{\"@type\":\"PropertyValueSpecification\",\"valueRequired\":true,\"valueName\":\"search_term_string\"}}],\"inLanguage\":\"es\"},{\"@type\":\"Organization\",\"@id\":\"https:\\\/\\\/gay.blog.br\\\/es\\\/#organization\",\"name\":\"GAY BLOG BR\",\"url\":\"https:\\\/\\\/gay.blog.br\\\/es\\\/\",\"logo\":{\"@type\":\"ImageObject\",\"inLanguage\":\"es\",\"@id\":\"https:\\\/\\\/gay.blog.br\\\/es\\\/#\\\/schema\\\/logo\\\/image\\\/\",\"url\":\"https:\\\/\\\/i0.wp.com\\\/gay.blog.br\\\/wp-content\\\/uploads\\\/2023\\\/08\\\/gay180px.png?fit=272%2C90&ssl=1\",\"contentUrl\":\"https:\\\/\\\/i0.wp.com\\\/gay.blog.br\\\/wp-content\\\/uploads\\\/2023\\\/08\\\/gay180px.png?fit=272%2C90&ssl=1\",\"width\":272,\"height\":90,\"caption\":\"GAY BLOG BR\"},\"image\":{\"@id\":\"https:\\\/\\\/gay.blog.br\\\/es\\\/#\\\/schema\\\/logo\\\/image\\\/\"},\"sameAs\":[\"https:\\\/\\\/facebook.com\\\/gayblogbr\",\"https:\\\/\\\/x.com\\\/gayblogbr\",\"https:\\\/\\\/instagram.com\\\/gayblogbr\",\"https:\\\/\\\/www.linkedin.com\\\/company\\\/gayblogbr\\\/\",\"https:\\\/\\\/br.pinterest.com\\\/gayblogbr\\\/\",\"https:\\\/\\\/www.youtube.com\\\/channel\\\/UCdEu3JXLOB-wvWAVUF4AIiA\",\"https:\\\/\\\/pt.wikipedia.org\\\/wiki\\\/Gay_Blog_Br\",\"https:\\\/\\\/www.threads.net\\\/@gayblogbr\"]},{\"@type\":\"Person\",\"@id\":\"https:\\\/\\\/gay.blog.br\\\/es\\\/#\\\/schema\\\/person\\\/5e0cf06e5d5e166b6afeaefc7fc56d9d\",\"name\":\"Victor Miller\",\"image\":{\"@type\":\"ImageObject\",\"inLanguage\":\"es\",\"@id\":\"https:\\\/\\\/secure.gravatar.com\\\/avatar\\\/7c1fad0dcba879f76a2e6b9189cea981c8fcb9c7e6f40d5903cf16ba29cb80b5?s=96&d=mm&r=g\",\"url\":\"https:\\\/\\\/secure.gravatar.com\\\/avatar\\\/7c1fad0dcba879f76a2e6b9189cea981c8fcb9c7e6f40d5903cf16ba29cb80b5?s=96&d=mm&r=g\",\"contentUrl\":\"https:\\\/\\\/secure.gravatar.com\\\/avatar\\\/7c1fad0dcba879f76a2e6b9189cea981c8fcb9c7e6f40d5903cf16ba29cb80b5?s=96&d=mm&r=g\",\"caption\":\"Victor Miller\"},\"description\":\"Jornalista formado pela PUC do Rio de Janeiro, dedicou sua vida a falar sobre cultura nerd\\\/geek. Gay desde que se entende por gente, sempre teve desejo de trabalhar com o p\u00fablico LGBT+ e cr\u00ea que a informa\u00e7\u00e3o \u00e9 a a melhor arma contra qualquer tipo de \\\"fobia\\\"\",\"sameAs\":[\"https:\\\/\\\/gay.blog.br\\\/author\\\/victormiller\\\/\",\"https:\\\/\\\/www.facebook.com\\\/victormillerreal\",\"https:\\\/\\\/instagram.com\\\/victormillermiranda\",\"https:\\\/\\\/www.linkedin.com\\\/in\\\/victor-miller-266b54a7\\\/\",\"https:\\\/\\\/x.com\\\/https:\\\/\\\/twitter.com\\\/victor_miller\",\"https:\\\/\\\/www.youtube.com\\\/user\\\/planetasonic\"],\"url\":\"https:\\\/\\\/gay.blog.br\\\/es\\\/author\\\/victormiller\\\/\"}]}<\/script>\n<!-- \/ Yoast SEO plugin. -->","yoast_head_json":{"title":"La pareja rom\u00e1ntica de Harry Styles en pel\u00edcula gay ya ha sido elegida","description":"La pel\u00edcula \"My Policeman\", que estar\u00e1 protagonizada por Harry Styles (27) en el papel de Tom, ya cuenta con el actor que har\u00e1 la pareja rom\u00e1ntica con \u00e9l.","robots":{"index":"index","follow":"follow","max-snippet":"max-snippet:-1","max-image-preview":"max-image-preview:large","max-video-preview":"max-video-preview:-1"},"canonical":"https:\/\/gay.blog.br\/es\/cultura-es\/peliculas-tv-y-series\/la-pareja-romantica-de-harry-styles-en-pelicula-gay-ya-ha-sido-elegida\/","og_locale":"es_ES","og_type":"article","og_title":"La pareja rom\u00e1ntica de Harry Styles en pel\u00edcula gay ya ha sido elegida","og_description":"La pel\u00edcula \"My Policeman\", que estar\u00e1 protagonizada por Harry Styles (27) en el papel de Tom, ya cuenta con el actor que har\u00e1 la pareja rom\u00e1ntica con \u00e9l.","og_url":"https:\/\/gay.blog.br\/es\/cultura-es\/peliculas-tv-y-series\/la-pareja-romantica-de-harry-styles-en-pelicula-gay-ya-ha-sido-elegida\/","og_site_name":"GAY BLOG BR @gayblogbr","article_publisher":"https:\/\/facebook.com\/gayblogbr","article_author":"https:\/\/www.facebook.com\/victormillerreal","article_published_time":"2021-03-06T17:14:40+00:00","article_modified_time":"2021-03-09T01:39:28+00:00","og_image":[{"width":1800,"height":1200,"url":"https:\/\/i2.wp.com\/gay.blog.br\/wp-content\/uploads\/2021\/03\/capa_harry_styles.jpg?fit=1800%2C1200&ssl=1","type":"image\/jpeg"}],"author":"Victor Miller","twitter_card":"summary_large_image","twitter_creator":"@https:\/\/twitter.com\/victor_miller","twitter_site":"@gayblogbr","twitter_misc":{"Escrito por":"Victor Miller","Tiempo de lectura":"2 minutos"},"schema":{"@context":"https:\/\/schema.org","@graph":[{"@type":"Article","@id":"https:\/\/gay.blog.br\/es\/cultura-es\/peliculas-tv-y-series\/la-pareja-romantica-de-harry-styles-en-pelicula-gay-ya-ha-sido-elegida\/#article","isPartOf":{"@id":"https:\/\/gay.blog.br\/es\/cultura-es\/peliculas-tv-y-series\/la-pareja-romantica-de-harry-styles-en-pelicula-gay-ya-ha-sido-elegida\/"},"author":{"name":"Victor Miller","@id":"https:\/\/gay.blog.br\/es\/#\/schema\/person\/5e0cf06e5d5e166b6afeaefc7fc56d9d"},"headline":"La pareja rom\u00e1ntica de Harry Styles en pel\u00edcula gay ya ha sido elegida","datePublished":"2021-03-06T17:14:40+00:00","dateModified":"2021-03-09T01:39:28+00:00","mainEntityOfPage":{"@id":"https:\/\/gay.blog.br\/es\/cultura-es\/peliculas-tv-y-series\/la-pareja-romantica-de-harry-styles-en-pelicula-gay-ya-ha-sido-elegida\/"},"wordCount":360,"commentCount":0,"publisher":{"@id":"https:\/\/gay.blog.br\/es\/#organization"},"image":{"@id":"https:\/\/gay.blog.br\/es\/cultura-es\/peliculas-tv-y-series\/la-pareja-romantica-de-harry-styles-en-pelicula-gay-ya-ha-sido-elegida\/#primaryimage"},"thumbnailUrl":"https:\/\/i0.wp.com\/gay.blog.br\/wp-content\/uploads\/2021\/03\/capa_harry_styles.jpg?fit=1800%2C1200&ssl=1","keywords":["David Dawson","harry styles","My Policemna"],"articleSection":["NOT\u00cdCIAS","PEL\u00cdCULAS, TV y SERIES"],"inLanguage":"es","potentialAction":[{"@type":"CommentAction","name":"Comment","target":["https:\/\/gay.blog.br\/es\/cultura-es\/peliculas-tv-y-series\/la-pareja-romantica-de-harry-styles-en-pelicula-gay-ya-ha-sido-elegida\/#respond"]}]},{"@type":"WebPage","@id":"https:\/\/gay.blog.br\/es\/cultura-es\/peliculas-tv-y-series\/la-pareja-romantica-de-harry-styles-en-pelicula-gay-ya-ha-sido-elegida\/","url":"https:\/\/gay.blog.br\/es\/cultura-es\/peliculas-tv-y-series\/la-pareja-romantica-de-harry-styles-en-pelicula-gay-ya-ha-sido-elegida\/","name":"La pareja rom\u00e1ntica de Harry Styles en pel\u00edcula gay ya ha sido elegida","isPartOf":{"@id":"https:\/\/gay.blog.br\/es\/#website"},"primaryImageOfPage":{"@id":"https:\/\/gay.blog.br\/es\/cultura-es\/peliculas-tv-y-series\/la-pareja-romantica-de-harry-styles-en-pelicula-gay-ya-ha-sido-elegida\/#primaryimage"},"image":{"@id":"https:\/\/gay.blog.br\/es\/cultura-es\/peliculas-tv-y-series\/la-pareja-romantica-de-harry-styles-en-pelicula-gay-ya-ha-sido-elegida\/#primaryimage"},"thumbnailUrl":"https:\/\/i0.wp.com\/gay.blog.br\/wp-content\/uploads\/2021\/03\/capa_harry_styles.jpg?fit=1800%2C1200&ssl=1","datePublished":"2021-03-06T17:14:40+00:00","dateModified":"2021-03-09T01:39:28+00:00","description":"La pel\u00edcula \"My Policeman\", que estar\u00e1 protagonizada por Harry Styles (27) en el papel de Tom, ya cuenta con el actor que har\u00e1 la pareja rom\u00e1ntica con \u00e9l.","breadcrumb":{"@id":"https:\/\/gay.blog.br\/es\/cultura-es\/peliculas-tv-y-series\/la-pareja-romantica-de-harry-styles-en-pelicula-gay-ya-ha-sido-elegida\/#breadcrumb"},"inLanguage":"es","potentialAction":[{"@type":"ReadAction","target":["https:\/\/gay.blog.br\/es\/cultura-es\/peliculas-tv-y-series\/la-pareja-romantica-de-harry-styles-en-pelicula-gay-ya-ha-sido-elegida\/"]}]},{"@type":"ImageObject","inLanguage":"es","@id":"https:\/\/gay.blog.br\/es\/cultura-es\/peliculas-tv-y-series\/la-pareja-romantica-de-harry-styles-en-pelicula-gay-ya-ha-sido-elegida\/#primaryimage","url":"https:\/\/i0.wp.com\/gay.blog.br\/wp-content\/uploads\/2021\/03\/capa_harry_styles.jpg?fit=1800%2C1200&ssl=1","contentUrl":"https:\/\/i0.wp.com\/gay.blog.br\/wp-content\/uploads\/2021\/03\/capa_harry_styles.jpg?fit=1800%2C1200&ssl=1","width":1800,"height":1200,"caption":"Reprodu\u00e7\u00e3o"},{"@type":"BreadcrumbList","@id":"https:\/\/gay.blog.br\/es\/cultura-es\/peliculas-tv-y-series\/la-pareja-romantica-de-harry-styles-en-pelicula-gay-ya-ha-sido-elegida\/#breadcrumb","itemListElement":[{"@type":"ListItem","position":1,"name":"In\u00edcio","item":"https:\/\/gay.blog.br\/es\/"},{"@type":"ListItem","position":2,"name":"La pareja rom\u00e1ntica de Harry Styles en pel\u00edcula gay ya ha sido elegida"}]},{"@type":"WebSite","@id":"https:\/\/gay.blog.br\/es\/#website","url":"https:\/\/gay.blog.br\/es\/","name":"GAY BLOG BR @gayblogbr","description":"Not\u00edcias que empoderam e\/ou entret\u00eam s\u00e3o especialidades da casa","publisher":{"@id":"https:\/\/gay.blog.br\/es\/#organization"},"potentialAction":[{"@type":"SearchAction","target":{"@type":"EntryPoint","urlTemplate":"https:\/\/gay.blog.br\/es\/?s={search_term_string}"},"query-input":{"@type":"PropertyValueSpecification","valueRequired":true,"valueName":"search_term_string"}}],"inLanguage":"es"},{"@type":"Organization","@id":"https:\/\/gay.blog.br\/es\/#organization","name":"GAY BLOG BR","url":"https:\/\/gay.blog.br\/es\/","logo":{"@type":"ImageObject","inLanguage":"es","@id":"https:\/\/gay.blog.br\/es\/#\/schema\/logo\/image\/","url":"https:\/\/i0.wp.com\/gay.blog.br\/wp-content\/uploads\/2023\/08\/gay180px.png?fit=272%2C90&ssl=1","contentUrl":"https:\/\/i0.wp.com\/gay.blog.br\/wp-content\/uploads\/2023\/08\/gay180px.png?fit=272%2C90&ssl=1","width":272,"height":90,"caption":"GAY BLOG BR"},"image":{"@id":"https:\/\/gay.blog.br\/es\/#\/schema\/logo\/image\/"},"sameAs":["https:\/\/facebook.com\/gayblogbr","https:\/\/x.com\/gayblogbr","https:\/\/instagram.com\/gayblogbr","https:\/\/www.linkedin.com\/company\/gayblogbr\/","https:\/\/br.pinterest.com\/gayblogbr\/","https:\/\/www.youtube.com\/channel\/UCdEu3JXLOB-wvWAVUF4AIiA","https:\/\/pt.wikipedia.org\/wiki\/Gay_Blog_Br","https:\/\/www.threads.net\/@gayblogbr"]},{"@type":"Person","@id":"https:\/\/gay.blog.br\/es\/#\/schema\/person\/5e0cf06e5d5e166b6afeaefc7fc56d9d","name":"Victor Miller","image":{"@type":"ImageObject","inLanguage":"es","@id":"https:\/\/secure.gravatar.com\/avatar\/7c1fad0dcba879f76a2e6b9189cea981c8fcb9c7e6f40d5903cf16ba29cb80b5?s=96&d=mm&r=g","url":"https:\/\/secure.gravatar.com\/avatar\/7c1fad0dcba879f76a2e6b9189cea981c8fcb9c7e6f40d5903cf16ba29cb80b5?s=96&d=mm&r=g","contentUrl":"https:\/\/secure.gravatar.com\/avatar\/7c1fad0dcba879f76a2e6b9189cea981c8fcb9c7e6f40d5903cf16ba29cb80b5?s=96&d=mm&r=g","caption":"Victor Miller"},"description":"Jornalista formado pela PUC do Rio de Janeiro, dedicou sua vida a falar sobre cultura nerd\/geek. Gay desde que se entende por gente, sempre teve desejo de trabalhar com o p\u00fablico LGBT+ e cr\u00ea que a informa\u00e7\u00e3o \u00e9 a a melhor arma contra qualquer tipo de \"fobia\"","sameAs":["https:\/\/gay.blog.br\/author\/victormiller\/","https:\/\/www.facebook.com\/victormillerreal","https:\/\/instagram.com\/victormillermiranda","https:\/\/www.linkedin.com\/in\/victor-miller-266b54a7\/","https:\/\/x.com\/https:\/\/twitter.com\/victor_miller","https:\/\/www.youtube.com\/user\/planetasonic"],"url":"https:\/\/gay.blog.br\/es\/author\/victormiller\/"}]}},"jetpack_publicize_connections":[],"jetpack_featured_media_url":"https:\/\/i0.wp.com\/gay.blog.br\/wp-content\/uploads\/2021\/03\/capa_harry_styles.jpg?fit=1800%2C1200&ssl=1","jetpack_sharing_enabled":true,"jetpack_shortlink":"https:\/\/wp.me\/p6klkK-tOd","jetpack_likes_enabled":false,"amp_enabled":true,"_links":{"self":[{"href":"https:\/\/gay.blog.br\/es\/wp-json\/wp\/v2\/posts\/114589","targetHints":{"allow":["GET"]}}],"collection":[{"href":"https:\/\/gay.blog.br\/es\/wp-json\/wp\/v2\/posts"}],"about":[{"href":"https:\/\/gay.blog.br\/es\/wp-json\/wp\/v2\/types\/post"}],"author":[{"embeddable":true,"href":"https:\/\/gay.blog.br\/es\/wp-json\/wp\/v2\/users\/3515"}],"replies":[{"embeddable":true,"href":"https:\/\/gay.blog.br\/es\/wp-json\/wp\/v2\/comments?post=114589"}],"version-history":[{"count":0,"href":"https:\/\/gay.blog.br\/es\/wp-json\/wp\/v2\/posts\/114589\/revisions"}],"wp:featuredmedia":[{"embeddable":true,"href":"https:\/\/gay.blog.br\/es\/wp-json\/wp\/v2\/media\/114468"}],"wp:attachment":[{"href":"https:\/\/gay.blog.br\/es\/wp-json\/wp\/v2\/media?parent=114589"}],"wp:term":[{"taxonomy":"category","embeddable":true,"href":"https:\/\/gay.blog.br\/es\/wp-json\/wp\/v2\/categories?post=114589"},{"taxonomy":"post_tag","embeddable":true,"href":"https:\/\/gay.blog.br\/es\/wp-json\/wp\/v2\/tags?post=114589"}],"curies":[{"name":"wp","href":"https:\/\/api.w.org\/{rel}","templated":true}]}}