{"id":115339,"date":"2021-03-11T11:49:06","date_gmt":"2021-03-11T14:49:06","guid":{"rendered":"https:\/\/gay.blog.br\/?p=115339"},"modified":"2021-03-15T23:52:57","modified_gmt":"2021-03-16T02:52:57","slug":"se-presenta-proyecto-de-ley-para-el-matrimonio-homosexual-en-serbia","status":"publish","type":"post","link":"https:\/\/gay.blog.br\/es\/noticias-es\/se-presenta-proyecto-de-ley-para-el-matrimonio-homosexual-en-serbia\/","title":{"rendered":"Se presenta proyecto de ley para el matrimonio homosexual en Serbia"},"content":{"rendered":"\r\n<p style=\"text-align: justify;\">Se ha hecho oficial un proyecto de ley que reconoce la<strong>uni\u00f3n civil entre personas del mismo sexo<\/strong> en Serbia, lo que se considera un peque\u00f1o paso para la comunidad LGBTQIA+ en el pa\u00eds europeo. La informaci\u00f3n es de <a href=\"https:\/\/noticias.uol.com.br\/ultimas-noticias\/afp\/2021\/03\/11\/servia-da-passo-adiante-para-legalizar-casamento-gay.htm\">UOL Not\u00edcias<\/a>.<\/p>\r\n\r\n\r\n\r\n<p style=\"text-align: justify;\">La primera ministra <strong>Ana Brnabic<\/strong> dijo en p\u00fablico que es lesbiana en 2016, pero como ocurre con muchas sociedades patriarcales en los Balcanes, la comunidad a\u00fan no puede ser libre de expresar su afecto y la sociedad se considera homotransf\u00f3bica.<\/p>\r\n\r\n\r\n\r\n<p style=\"text-align: justify;\">Seg\u00fan una encuesta publicada en 2020 por las ONG de derechos humanos IDEAS y GLIC, casi el 60% de las personas LGBTQIA+ afirman haber <strong>sufrido violencia<\/strong> f\u00edsica o emocional durante un per\u00edodo de 12 meses. Adem\u00e1s, solo el 24% de los estudiantes de secundaria consultados para una encuesta del comit\u00e9 de Helsinki dicen que apoyan los derechos LGBT, como la adopci\u00f3n.<\/p>\r\n\r\n\r\n\r\n<p style=\"text-align: justify;\"><em>El texto no caus\u00f3 mucha pol\u00e9mica, pero hasta hace poco, el m\u00ednimo avance de la comunidad gay gener\u00f3 olas de violencia, como los atentados contra la Marcha del Orgullo Gay en 2010, o los tensos enfrentamientos con la polic\u00eda en 2012 con motivo una exposici\u00f3n fotogr\u00e1fica. En ella, Jes\u00fas fue representado como una persona transg\u00e9nero\u00bb.<\/em> &#8211; dice la historia.<\/p>\r\n\r\n\r\n\r\n<p style=\"text-align: justify;\">En Serbia, la <strong>Iglesia Ortodoxa Serbia<\/strong> tiene una gran influencia en la sociedad y est\u00e1 en contra de las cuestiones LGBT, llegando incluso a clasificar el Orgullo de Belgrado como de \u00abmarcha de la verg\u00fcenza\u00bb. Sin embargo, su nuevo jefe, el Patriarca Porfirije, declar\u00f3 su empat\u00eda por LGBTQIA+, y tambi\u00e9n se considera otro peque\u00f1o paso hacia un cambio en la sociedad.<\/p>\r\n\r\n\r\n\r\n<p style=\"text-align: justify;\"><em>\u00abPuedo entender a las personas con este tipo de orientaci\u00f3n sexual, sus innumerables problemas administrativos, los desaf\u00edos y presiones, y su necesidad de regularizar su situaci\u00f3n\u00bb<\/em> &#8211; explic\u00f3 recientemente.<\/p>\r\n<figure id=\"attachment_115138\" aria-describedby=\"caption-attachment-115138\" style=\"width: 960px\" class=\"wp-caption aligncenter\"><img data-recalc-dims=\"1\" loading=\"lazy\" decoding=\"async\" class=\"size-full wp-image-115138\" src=\"https:\/\/i0.wp.com\/gay.blog.br\/wp-content\/uploads\/2021\/03\/Lesbica-Ana-Brnabic-pode-ser-primeira-ministra-na-Servia.jpg?resize=696%2C348&#038;ssl=1\" alt=\"Projeto de lei para casamento gay na S\u00e9rvia \u00e9 apresentado\" width=\"696\" height=\"348\" srcset=\"https:\/\/i0.wp.com\/gay.blog.br\/wp-content\/uploads\/2021\/03\/Lesbica-Ana-Brnabic-pode-ser-primeira-ministra-na-Servia.jpg?w=960&amp;ssl=1 960w, https:\/\/i0.wp.com\/gay.blog.br\/wp-content\/uploads\/2021\/03\/Lesbica-Ana-Brnabic-pode-ser-primeira-ministra-na-Servia.jpg?resize=300%2C150&amp;ssl=1 300w, https:\/\/i0.wp.com\/gay.blog.br\/wp-content\/uploads\/2021\/03\/Lesbica-Ana-Brnabic-pode-ser-primeira-ministra-na-Servia.jpg?resize=150%2C75&amp;ssl=1 150w, https:\/\/i0.wp.com\/gay.blog.br\/wp-content\/uploads\/2021\/03\/Lesbica-Ana-Brnabic-pode-ser-primeira-ministra-na-Servia.jpg?resize=768%2C384&amp;ssl=1 768w, https:\/\/i0.wp.com\/gay.blog.br\/wp-content\/uploads\/2021\/03\/Lesbica-Ana-Brnabic-pode-ser-primeira-ministra-na-Servia.jpg?resize=696%2C348&amp;ssl=1 696w, https:\/\/i0.wp.com\/gay.blog.br\/wp-content\/uploads\/2021\/03\/Lesbica-Ana-Brnabic-pode-ser-primeira-ministra-na-Servia.jpg?resize=840%2C420&amp;ssl=1 840w\" sizes=\"auto, (max-width: 696px) 100vw, 696px\" \/><figcaption id=\"caption-attachment-115138\" class=\"wp-caption-text\">A primeira ministra da S\u00e9rvia exp\u00f4s sua homossexualidade em 2016 (Reprodu\u00e7\u00e3o)<\/figcaption><\/figure>\r\n\r\n\r\n\r\n<h3 style=\"text-align: justify;\"><strong>COMO \u00c9 SER LGBTQIA+ NA S\u00c9RVIA?<\/strong><\/h3>\r\n\r\n\r\n\r\n<p style=\"text-align: justify;\">All\u00ed, existen leyes que protegen la discriminaci\u00f3n contra las personas LGBTI desde los a\u00f1os 2000, como una en 2002 que impidi\u00f3 que los medios promovieran la discriminaci\u00f3n, el odio o la violencia contra la orientaci\u00f3n sexual; otro de 2005 que prohib\u00eda la discriminaci\u00f3n en el lugar de trabajo; as\u00ed como leyes que garantizan operaciones de cambio de sexo por parte del sector p\u00fablico.<\/p>\r\n\r\n\r\n\r\n<p style=\"text-align: justify;\">A pesar de estos avances, las condiciones sociales de Serbia no son muy favorables para los LGBTQIA+, que enfrentan mucha marginaci\u00f3n y acoso. Durante a\u00f1os, el desfile del orgullo LGBT de Belgrado se ha cancelado ante amenazas de violencia.<\/p>\r\n","protected":false},"excerpt":{"rendered":"<p>All\u00ed, casi el 60% de LGBTQIA+ informa haber sufrido violencia f\u00edsica o mental<\/p>\n","protected":false},"author":3515,"featured_media":115140,"comment_status":"open","ping_status":"open","sticky":false,"template":"","format":"standard","meta":{"googlesitekit_rrm_CAoiEBg-BXrJeACjO8p49SE4kTY:productID":"","tdm_status":"","tdm_grid_status":"","_jetpack_newsletter_access":"","_jetpack_dont_email_post_to_subs":false,"_jetpack_newsletter_tier_id":0,"_jetpack_memberships_contains_paywalled_content":false,"_jetpack_memberships_contains_paid_content":false,"footnotes":"","jetpack_publicize_message":"Se presenta proyecto de ley para el matrimonio homosexual en Serbia","jetpack_publicize_feature_enabled":true,"jetpack_social_post_already_shared":true,"jetpack_social_options":{"image_generator_settings":{"template":"highway","default_image_id":0,"font":"","enabled":false},"version":2},"_wpas_customize_per_network":false,"jetpack_post_was_ever_published":false},"categories":[589932231],"tags":[589935528,589937917],"class_list":{"0":"post-115339","1":"post","2":"type-post","3":"status-publish","4":"format-standard","5":"has-post-thumbnail","7":"category-noticias-es","8":"tag-derechos-lgbt","9":"tag-serbia-es"},"yoast_head":"<!-- This site is optimized with the Yoast SEO plugin v27.4 - https:\/\/yoast.com\/product\/yoast-seo-wordpress\/ -->\n<title>Se presenta proyecto de ley para el matrimonio homosexual en Serbia<\/title>\n<meta name=\"description\" content=\"Se ha oficializado un pL que reconoce la uni\u00f3n civil entre personas del mismo sexo en Serbia, lo que se considera un paso para LGBTS en el pa\u00eds.\" \/>\n<meta name=\"robots\" content=\"index, follow, max-snippet:-1, max-image-preview:large, max-video-preview:-1\" \/>\n<link rel=\"canonical\" href=\"https:\/\/gay.blog.br\/es\/noticias-es\/se-presenta-proyecto-de-ley-para-el-matrimonio-homosexual-en-serbia\/\" \/>\n<meta property=\"og:locale\" content=\"es_ES\" \/>\n<meta property=\"og:type\" content=\"article\" \/>\n<meta property=\"og:title\" content=\"Se presenta proyecto de ley para el matrimonio homosexual en Serbia\" \/>\n<meta property=\"og:description\" content=\"Se ha oficializado un pL que reconoce la uni\u00f3n civil entre personas del mismo sexo en Serbia, lo que se considera un paso para LGBTS en el pa\u00eds.\" \/>\n<meta property=\"og:url\" content=\"https:\/\/gay.blog.br\/es\/noticias-es\/se-presenta-proyecto-de-ley-para-el-matrimonio-homosexual-en-serbia\/\" \/>\n<meta property=\"og:site_name\" content=\"GAY BLOG BR @gayblogbr\" \/>\n<meta property=\"article:publisher\" content=\"https:\/\/facebook.com\/gayblogbr\" \/>\n<meta property=\"article:author\" content=\"https:\/\/www.facebook.com\/victormillerreal\" \/>\n<meta property=\"article:published_time\" content=\"2021-03-11T14:49:06+00:00\" \/>\n<meta property=\"article:modified_time\" content=\"2021-03-16T02:52:57+00:00\" \/>\n<meta property=\"og:image\" content=\"https:\/\/i0.wp.com\/gay.blog.br\/wp-content\/uploads\/2021\/03\/Lesbica-Ana-Brnabic-pode-ser-primeira-ministra-na-Servia.jpg?fit=960%2C480&ssl=1\" \/>\n\t<meta property=\"og:image:width\" content=\"960\" \/>\n\t<meta property=\"og:image:height\" content=\"480\" \/>\n\t<meta property=\"og:image:type\" content=\"image\/jpeg\" \/>\n<meta name=\"author\" content=\"Victor Miller\" \/>\n<meta name=\"twitter:card\" content=\"summary_large_image\" \/>\n<meta name=\"twitter:creator\" content=\"@https:\/\/twitter.com\/victor_miller\" \/>\n<meta name=\"twitter:site\" content=\"@gayblogbr\" \/>\n<meta name=\"twitter:label1\" content=\"Escrito por\" \/>\n\t<meta name=\"twitter:data1\" content=\"Victor Miller\" \/>\n\t<meta name=\"twitter:label2\" content=\"Tiempo de lectura\" \/>\n\t<meta name=\"twitter:data2\" content=\"2 minutos\" \/>\n<script type=\"application\/ld+json\" class=\"yoast-schema-graph\">{\"@context\":\"https:\\\/\\\/schema.org\",\"@graph\":[{\"@type\":\"Article\",\"@id\":\"https:\\\/\\\/gay.blog.br\\\/es\\\/noticias-es\\\/se-presenta-proyecto-de-ley-para-el-matrimonio-homosexual-en-serbia\\\/#article\",\"isPartOf\":{\"@id\":\"https:\\\/\\\/gay.blog.br\\\/es\\\/noticias-es\\\/se-presenta-proyecto-de-ley-para-el-matrimonio-homosexual-en-serbia\\\/\"},\"author\":{\"name\":\"Victor Miller\",\"@id\":\"https:\\\/\\\/gay.blog.br\\\/es\\\/#\\\/schema\\\/person\\\/5e0cf06e5d5e166b6afeaefc7fc56d9d\"},\"headline\":\"Se presenta proyecto de ley para el matrimonio homosexual en Serbia\",\"datePublished\":\"2021-03-11T14:49:06+00:00\",\"dateModified\":\"2021-03-16T02:52:57+00:00\",\"mainEntityOfPage\":{\"@id\":\"https:\\\/\\\/gay.blog.br\\\/es\\\/noticias-es\\\/se-presenta-proyecto-de-ley-para-el-matrimonio-homosexual-en-serbia\\\/\"},\"wordCount\":455,\"commentCount\":0,\"publisher\":{\"@id\":\"https:\\\/\\\/gay.blog.br\\\/es\\\/#organization\"},\"image\":{\"@id\":\"https:\\\/\\\/gay.blog.br\\\/es\\\/noticias-es\\\/se-presenta-proyecto-de-ley-para-el-matrimonio-homosexual-en-serbia\\\/#primaryimage\"},\"thumbnailUrl\":\"https:\\\/\\\/i0.wp.com\\\/gay.blog.br\\\/wp-content\\\/uploads\\\/2021\\\/03\\\/Lesbica-Ana-Brnabic-pode-ser-primeira-ministra-na-Servia.jpg?fit=960%2C480&ssl=1\",\"keywords\":[\"derechos lgbt\",\"Serbia\"],\"articleSection\":[\"NOT\u00cdCIAS\"],\"inLanguage\":\"es\",\"potentialAction\":[{\"@type\":\"CommentAction\",\"name\":\"Comment\",\"target\":[\"https:\\\/\\\/gay.blog.br\\\/es\\\/noticias-es\\\/se-presenta-proyecto-de-ley-para-el-matrimonio-homosexual-en-serbia\\\/#respond\"]}]},{\"@type\":\"WebPage\",\"@id\":\"https:\\\/\\\/gay.blog.br\\\/es\\\/noticias-es\\\/se-presenta-proyecto-de-ley-para-el-matrimonio-homosexual-en-serbia\\\/\",\"url\":\"https:\\\/\\\/gay.blog.br\\\/es\\\/noticias-es\\\/se-presenta-proyecto-de-ley-para-el-matrimonio-homosexual-en-serbia\\\/\",\"name\":\"Se presenta proyecto de ley para el matrimonio homosexual en Serbia\",\"isPartOf\":{\"@id\":\"https:\\\/\\\/gay.blog.br\\\/es\\\/#website\"},\"primaryImageOfPage\":{\"@id\":\"https:\\\/\\\/gay.blog.br\\\/es\\\/noticias-es\\\/se-presenta-proyecto-de-ley-para-el-matrimonio-homosexual-en-serbia\\\/#primaryimage\"},\"image\":{\"@id\":\"https:\\\/\\\/gay.blog.br\\\/es\\\/noticias-es\\\/se-presenta-proyecto-de-ley-para-el-matrimonio-homosexual-en-serbia\\\/#primaryimage\"},\"thumbnailUrl\":\"https:\\\/\\\/i0.wp.com\\\/gay.blog.br\\\/wp-content\\\/uploads\\\/2021\\\/03\\\/Lesbica-Ana-Brnabic-pode-ser-primeira-ministra-na-Servia.jpg?fit=960%2C480&ssl=1\",\"datePublished\":\"2021-03-11T14:49:06+00:00\",\"dateModified\":\"2021-03-16T02:52:57+00:00\",\"description\":\"Se ha oficializado un pL que reconoce la uni\u00f3n civil entre personas del mismo sexo en Serbia, lo que se considera un paso para LGBTS en el pa\u00eds.\",\"breadcrumb\":{\"@id\":\"https:\\\/\\\/gay.blog.br\\\/es\\\/noticias-es\\\/se-presenta-proyecto-de-ley-para-el-matrimonio-homosexual-en-serbia\\\/#breadcrumb\"},\"inLanguage\":\"es\",\"potentialAction\":[{\"@type\":\"ReadAction\",\"target\":[\"https:\\\/\\\/gay.blog.br\\\/es\\\/noticias-es\\\/se-presenta-proyecto-de-ley-para-el-matrimonio-homosexual-en-serbia\\\/\"]}]},{\"@type\":\"ImageObject\",\"inLanguage\":\"es\",\"@id\":\"https:\\\/\\\/gay.blog.br\\\/es\\\/noticias-es\\\/se-presenta-proyecto-de-ley-para-el-matrimonio-homosexual-en-serbia\\\/#primaryimage\",\"url\":\"https:\\\/\\\/i0.wp.com\\\/gay.blog.br\\\/wp-content\\\/uploads\\\/2021\\\/03\\\/Lesbica-Ana-Brnabic-pode-ser-primeira-ministra-na-Servia.jpg?fit=960%2C480&ssl=1\",\"contentUrl\":\"https:\\\/\\\/i0.wp.com\\\/gay.blog.br\\\/wp-content\\\/uploads\\\/2021\\\/03\\\/Lesbica-Ana-Brnabic-pode-ser-primeira-ministra-na-Servia.jpg?fit=960%2C480&ssl=1\",\"width\":960,\"height\":480,\"caption\":\"A primeira ministra da S\u00e9rvia exp\u00f4s sua homosssexualidade em 2016 (Reprodu\u00e7\u00e3o)\"},{\"@type\":\"BreadcrumbList\",\"@id\":\"https:\\\/\\\/gay.blog.br\\\/es\\\/noticias-es\\\/se-presenta-proyecto-de-ley-para-el-matrimonio-homosexual-en-serbia\\\/#breadcrumb\",\"itemListElement\":[{\"@type\":\"ListItem\",\"position\":1,\"name\":\"In\u00edcio\",\"item\":\"https:\\\/\\\/gay.blog.br\\\/es\\\/\"},{\"@type\":\"ListItem\",\"position\":2,\"name\":\"Se presenta proyecto de ley para el matrimonio homosexual en Serbia\"}]},{\"@type\":\"WebSite\",\"@id\":\"https:\\\/\\\/gay.blog.br\\\/es\\\/#website\",\"url\":\"https:\\\/\\\/gay.blog.br\\\/es\\\/\",\"name\":\"GAY BLOG BR @gayblogbr\",\"description\":\"Not\u00edcias que empoderam e\\\/ou entret\u00eam s\u00e3o especialidades da casa\",\"publisher\":{\"@id\":\"https:\\\/\\\/gay.blog.br\\\/es\\\/#organization\"},\"potentialAction\":[{\"@type\":\"SearchAction\",\"target\":{\"@type\":\"EntryPoint\",\"urlTemplate\":\"https:\\\/\\\/gay.blog.br\\\/es\\\/?s={search_term_string}\"},\"query-input\":{\"@type\":\"PropertyValueSpecification\",\"valueRequired\":true,\"valueName\":\"search_term_string\"}}],\"inLanguage\":\"es\"},{\"@type\":\"Organization\",\"@id\":\"https:\\\/\\\/gay.blog.br\\\/es\\\/#organization\",\"name\":\"GAY BLOG BR\",\"url\":\"https:\\\/\\\/gay.blog.br\\\/es\\\/\",\"logo\":{\"@type\":\"ImageObject\",\"inLanguage\":\"es\",\"@id\":\"https:\\\/\\\/gay.blog.br\\\/es\\\/#\\\/schema\\\/logo\\\/image\\\/\",\"url\":\"https:\\\/\\\/i0.wp.com\\\/gay.blog.br\\\/wp-content\\\/uploads\\\/2023\\\/08\\\/gay180px.png?fit=272%2C90&ssl=1\",\"contentUrl\":\"https:\\\/\\\/i0.wp.com\\\/gay.blog.br\\\/wp-content\\\/uploads\\\/2023\\\/08\\\/gay180px.png?fit=272%2C90&ssl=1\",\"width\":272,\"height\":90,\"caption\":\"GAY BLOG BR\"},\"image\":{\"@id\":\"https:\\\/\\\/gay.blog.br\\\/es\\\/#\\\/schema\\\/logo\\\/image\\\/\"},\"sameAs\":[\"https:\\\/\\\/facebook.com\\\/gayblogbr\",\"https:\\\/\\\/x.com\\\/gayblogbr\",\"https:\\\/\\\/instagram.com\\\/gayblogbr\",\"https:\\\/\\\/www.linkedin.com\\\/company\\\/gayblogbr\\\/\",\"https:\\\/\\\/br.pinterest.com\\\/gayblogbr\\\/\",\"https:\\\/\\\/www.youtube.com\\\/channel\\\/UCdEu3JXLOB-wvWAVUF4AIiA\",\"https:\\\/\\\/pt.wikipedia.org\\\/wiki\\\/Gay_Blog_Br\",\"https:\\\/\\\/www.threads.net\\\/@gayblogbr\"]},{\"@type\":\"Person\",\"@id\":\"https:\\\/\\\/gay.blog.br\\\/es\\\/#\\\/schema\\\/person\\\/5e0cf06e5d5e166b6afeaefc7fc56d9d\",\"name\":\"Victor Miller\",\"image\":{\"@type\":\"ImageObject\",\"inLanguage\":\"es\",\"@id\":\"https:\\\/\\\/secure.gravatar.com\\\/avatar\\\/7c1fad0dcba879f76a2e6b9189cea981c8fcb9c7e6f40d5903cf16ba29cb80b5?s=96&d=mm&r=g\",\"url\":\"https:\\\/\\\/secure.gravatar.com\\\/avatar\\\/7c1fad0dcba879f76a2e6b9189cea981c8fcb9c7e6f40d5903cf16ba29cb80b5?s=96&d=mm&r=g\",\"contentUrl\":\"https:\\\/\\\/secure.gravatar.com\\\/avatar\\\/7c1fad0dcba879f76a2e6b9189cea981c8fcb9c7e6f40d5903cf16ba29cb80b5?s=96&d=mm&r=g\",\"caption\":\"Victor Miller\"},\"description\":\"Jornalista formado pela PUC do Rio de Janeiro, dedicou sua vida a falar sobre cultura nerd\\\/geek. Gay desde que se entende por gente, sempre teve desejo de trabalhar com o p\u00fablico LGBT+ e cr\u00ea que a informa\u00e7\u00e3o \u00e9 a a melhor arma contra qualquer tipo de \\\"fobia\\\"\",\"sameAs\":[\"https:\\\/\\\/gay.blog.br\\\/author\\\/victormiller\\\/\",\"https:\\\/\\\/www.facebook.com\\\/victormillerreal\",\"https:\\\/\\\/instagram.com\\\/victormillermiranda\",\"https:\\\/\\\/www.linkedin.com\\\/in\\\/victor-miller-266b54a7\\\/\",\"https:\\\/\\\/x.com\\\/https:\\\/\\\/twitter.com\\\/victor_miller\",\"https:\\\/\\\/www.youtube.com\\\/user\\\/planetasonic\"],\"url\":\"https:\\\/\\\/gay.blog.br\\\/es\\\/author\\\/victormiller\\\/\"}]}<\/script>\n<!-- \/ Yoast SEO plugin. -->","yoast_head_json":{"title":"Se presenta proyecto de ley para el matrimonio homosexual en Serbia","description":"Se ha oficializado un pL que reconoce la uni\u00f3n civil entre personas del mismo sexo en Serbia, lo que se considera un paso para LGBTS en el pa\u00eds.","robots":{"index":"index","follow":"follow","max-snippet":"max-snippet:-1","max-image-preview":"max-image-preview:large","max-video-preview":"max-video-preview:-1"},"canonical":"https:\/\/gay.blog.br\/es\/noticias-es\/se-presenta-proyecto-de-ley-para-el-matrimonio-homosexual-en-serbia\/","og_locale":"es_ES","og_type":"article","og_title":"Se presenta proyecto de ley para el matrimonio homosexual en Serbia","og_description":"Se ha oficializado un pL que reconoce la uni\u00f3n civil entre personas del mismo sexo en Serbia, lo que se considera un paso para LGBTS en el pa\u00eds.","og_url":"https:\/\/gay.blog.br\/es\/noticias-es\/se-presenta-proyecto-de-ley-para-el-matrimonio-homosexual-en-serbia\/","og_site_name":"GAY BLOG BR @gayblogbr","article_publisher":"https:\/\/facebook.com\/gayblogbr","article_author":"https:\/\/www.facebook.com\/victormillerreal","article_published_time":"2021-03-11T14:49:06+00:00","article_modified_time":"2021-03-16T02:52:57+00:00","og_image":[{"width":960,"height":480,"url":"https:\/\/i0.wp.com\/gay.blog.br\/wp-content\/uploads\/2021\/03\/Lesbica-Ana-Brnabic-pode-ser-primeira-ministra-na-Servia.jpg?fit=960%2C480&ssl=1","type":"image\/jpeg"}],"author":"Victor Miller","twitter_card":"summary_large_image","twitter_creator":"@https:\/\/twitter.com\/victor_miller","twitter_site":"@gayblogbr","twitter_misc":{"Escrito por":"Victor Miller","Tiempo de lectura":"2 minutos"},"schema":{"@context":"https:\/\/schema.org","@graph":[{"@type":"Article","@id":"https:\/\/gay.blog.br\/es\/noticias-es\/se-presenta-proyecto-de-ley-para-el-matrimonio-homosexual-en-serbia\/#article","isPartOf":{"@id":"https:\/\/gay.blog.br\/es\/noticias-es\/se-presenta-proyecto-de-ley-para-el-matrimonio-homosexual-en-serbia\/"},"author":{"name":"Victor Miller","@id":"https:\/\/gay.blog.br\/es\/#\/schema\/person\/5e0cf06e5d5e166b6afeaefc7fc56d9d"},"headline":"Se presenta proyecto de ley para el matrimonio homosexual en Serbia","datePublished":"2021-03-11T14:49:06+00:00","dateModified":"2021-03-16T02:52:57+00:00","mainEntityOfPage":{"@id":"https:\/\/gay.blog.br\/es\/noticias-es\/se-presenta-proyecto-de-ley-para-el-matrimonio-homosexual-en-serbia\/"},"wordCount":455,"commentCount":0,"publisher":{"@id":"https:\/\/gay.blog.br\/es\/#organization"},"image":{"@id":"https:\/\/gay.blog.br\/es\/noticias-es\/se-presenta-proyecto-de-ley-para-el-matrimonio-homosexual-en-serbia\/#primaryimage"},"thumbnailUrl":"https:\/\/i0.wp.com\/gay.blog.br\/wp-content\/uploads\/2021\/03\/Lesbica-Ana-Brnabic-pode-ser-primeira-ministra-na-Servia.jpg?fit=960%2C480&ssl=1","keywords":["derechos lgbt","Serbia"],"articleSection":["NOT\u00cdCIAS"],"inLanguage":"es","potentialAction":[{"@type":"CommentAction","name":"Comment","target":["https:\/\/gay.blog.br\/es\/noticias-es\/se-presenta-proyecto-de-ley-para-el-matrimonio-homosexual-en-serbia\/#respond"]}]},{"@type":"WebPage","@id":"https:\/\/gay.blog.br\/es\/noticias-es\/se-presenta-proyecto-de-ley-para-el-matrimonio-homosexual-en-serbia\/","url":"https:\/\/gay.blog.br\/es\/noticias-es\/se-presenta-proyecto-de-ley-para-el-matrimonio-homosexual-en-serbia\/","name":"Se presenta proyecto de ley para el matrimonio homosexual en Serbia","isPartOf":{"@id":"https:\/\/gay.blog.br\/es\/#website"},"primaryImageOfPage":{"@id":"https:\/\/gay.blog.br\/es\/noticias-es\/se-presenta-proyecto-de-ley-para-el-matrimonio-homosexual-en-serbia\/#primaryimage"},"image":{"@id":"https:\/\/gay.blog.br\/es\/noticias-es\/se-presenta-proyecto-de-ley-para-el-matrimonio-homosexual-en-serbia\/#primaryimage"},"thumbnailUrl":"https:\/\/i0.wp.com\/gay.blog.br\/wp-content\/uploads\/2021\/03\/Lesbica-Ana-Brnabic-pode-ser-primeira-ministra-na-Servia.jpg?fit=960%2C480&ssl=1","datePublished":"2021-03-11T14:49:06+00:00","dateModified":"2021-03-16T02:52:57+00:00","description":"Se ha oficializado un pL que reconoce la uni\u00f3n civil entre personas del mismo sexo en Serbia, lo que se considera un paso para LGBTS en el pa\u00eds.","breadcrumb":{"@id":"https:\/\/gay.blog.br\/es\/noticias-es\/se-presenta-proyecto-de-ley-para-el-matrimonio-homosexual-en-serbia\/#breadcrumb"},"inLanguage":"es","potentialAction":[{"@type":"ReadAction","target":["https:\/\/gay.blog.br\/es\/noticias-es\/se-presenta-proyecto-de-ley-para-el-matrimonio-homosexual-en-serbia\/"]}]},{"@type":"ImageObject","inLanguage":"es","@id":"https:\/\/gay.blog.br\/es\/noticias-es\/se-presenta-proyecto-de-ley-para-el-matrimonio-homosexual-en-serbia\/#primaryimage","url":"https:\/\/i0.wp.com\/gay.blog.br\/wp-content\/uploads\/2021\/03\/Lesbica-Ana-Brnabic-pode-ser-primeira-ministra-na-Servia.jpg?fit=960%2C480&ssl=1","contentUrl":"https:\/\/i0.wp.com\/gay.blog.br\/wp-content\/uploads\/2021\/03\/Lesbica-Ana-Brnabic-pode-ser-primeira-ministra-na-Servia.jpg?fit=960%2C480&ssl=1","width":960,"height":480,"caption":"A primeira ministra da S\u00e9rvia exp\u00f4s sua homosssexualidade em 2016 (Reprodu\u00e7\u00e3o)"},{"@type":"BreadcrumbList","@id":"https:\/\/gay.blog.br\/es\/noticias-es\/se-presenta-proyecto-de-ley-para-el-matrimonio-homosexual-en-serbia\/#breadcrumb","itemListElement":[{"@type":"ListItem","position":1,"name":"In\u00edcio","item":"https:\/\/gay.blog.br\/es\/"},{"@type":"ListItem","position":2,"name":"Se presenta proyecto de ley para el matrimonio homosexual en Serbia"}]},{"@type":"WebSite","@id":"https:\/\/gay.blog.br\/es\/#website","url":"https:\/\/gay.blog.br\/es\/","name":"GAY BLOG BR @gayblogbr","description":"Not\u00edcias que empoderam e\/ou entret\u00eam s\u00e3o especialidades da casa","publisher":{"@id":"https:\/\/gay.blog.br\/es\/#organization"},"potentialAction":[{"@type":"SearchAction","target":{"@type":"EntryPoint","urlTemplate":"https:\/\/gay.blog.br\/es\/?s={search_term_string}"},"query-input":{"@type":"PropertyValueSpecification","valueRequired":true,"valueName":"search_term_string"}}],"inLanguage":"es"},{"@type":"Organization","@id":"https:\/\/gay.blog.br\/es\/#organization","name":"GAY BLOG BR","url":"https:\/\/gay.blog.br\/es\/","logo":{"@type":"ImageObject","inLanguage":"es","@id":"https:\/\/gay.blog.br\/es\/#\/schema\/logo\/image\/","url":"https:\/\/i0.wp.com\/gay.blog.br\/wp-content\/uploads\/2023\/08\/gay180px.png?fit=272%2C90&ssl=1","contentUrl":"https:\/\/i0.wp.com\/gay.blog.br\/wp-content\/uploads\/2023\/08\/gay180px.png?fit=272%2C90&ssl=1","width":272,"height":90,"caption":"GAY BLOG BR"},"image":{"@id":"https:\/\/gay.blog.br\/es\/#\/schema\/logo\/image\/"},"sameAs":["https:\/\/facebook.com\/gayblogbr","https:\/\/x.com\/gayblogbr","https:\/\/instagram.com\/gayblogbr","https:\/\/www.linkedin.com\/company\/gayblogbr\/","https:\/\/br.pinterest.com\/gayblogbr\/","https:\/\/www.youtube.com\/channel\/UCdEu3JXLOB-wvWAVUF4AIiA","https:\/\/pt.wikipedia.org\/wiki\/Gay_Blog_Br","https:\/\/www.threads.net\/@gayblogbr"]},{"@type":"Person","@id":"https:\/\/gay.blog.br\/es\/#\/schema\/person\/5e0cf06e5d5e166b6afeaefc7fc56d9d","name":"Victor Miller","image":{"@type":"ImageObject","inLanguage":"es","@id":"https:\/\/secure.gravatar.com\/avatar\/7c1fad0dcba879f76a2e6b9189cea981c8fcb9c7e6f40d5903cf16ba29cb80b5?s=96&d=mm&r=g","url":"https:\/\/secure.gravatar.com\/avatar\/7c1fad0dcba879f76a2e6b9189cea981c8fcb9c7e6f40d5903cf16ba29cb80b5?s=96&d=mm&r=g","contentUrl":"https:\/\/secure.gravatar.com\/avatar\/7c1fad0dcba879f76a2e6b9189cea981c8fcb9c7e6f40d5903cf16ba29cb80b5?s=96&d=mm&r=g","caption":"Victor Miller"},"description":"Jornalista formado pela PUC do Rio de Janeiro, dedicou sua vida a falar sobre cultura nerd\/geek. Gay desde que se entende por gente, sempre teve desejo de trabalhar com o p\u00fablico LGBT+ e cr\u00ea que a informa\u00e7\u00e3o \u00e9 a a melhor arma contra qualquer tipo de \"fobia\"","sameAs":["https:\/\/gay.blog.br\/author\/victormiller\/","https:\/\/www.facebook.com\/victormillerreal","https:\/\/instagram.com\/victormillermiranda","https:\/\/www.linkedin.com\/in\/victor-miller-266b54a7\/","https:\/\/x.com\/https:\/\/twitter.com\/victor_miller","https:\/\/www.youtube.com\/user\/planetasonic"],"url":"https:\/\/gay.blog.br\/es\/author\/victormiller\/"}]}},"jetpack_publicize_connections":[],"jetpack_featured_media_url":"https:\/\/i0.wp.com\/gay.blog.br\/wp-content\/uploads\/2021\/03\/Lesbica-Ana-Brnabic-pode-ser-primeira-ministra-na-Servia.jpg?fit=960%2C480&ssl=1","jetpack_sharing_enabled":true,"jetpack_shortlink":"https:\/\/wp.me\/p6klkK-u0j","jetpack_likes_enabled":false,"amp_enabled":true,"_links":{"self":[{"href":"https:\/\/gay.blog.br\/es\/wp-json\/wp\/v2\/posts\/115339","targetHints":{"allow":["GET"]}}],"collection":[{"href":"https:\/\/gay.blog.br\/es\/wp-json\/wp\/v2\/posts"}],"about":[{"href":"https:\/\/gay.blog.br\/es\/wp-json\/wp\/v2\/types\/post"}],"author":[{"embeddable":true,"href":"https:\/\/gay.blog.br\/es\/wp-json\/wp\/v2\/users\/3515"}],"replies":[{"embeddable":true,"href":"https:\/\/gay.blog.br\/es\/wp-json\/wp\/v2\/comments?post=115339"}],"version-history":[{"count":0,"href":"https:\/\/gay.blog.br\/es\/wp-json\/wp\/v2\/posts\/115339\/revisions"}],"wp:featuredmedia":[{"embeddable":true,"href":"https:\/\/gay.blog.br\/es\/wp-json\/wp\/v2\/media\/115140"}],"wp:attachment":[{"href":"https:\/\/gay.blog.br\/es\/wp-json\/wp\/v2\/media?parent=115339"}],"wp:term":[{"taxonomy":"category","embeddable":true,"href":"https:\/\/gay.blog.br\/es\/wp-json\/wp\/v2\/categories?post=115339"},{"taxonomy":"post_tag","embeddable":true,"href":"https:\/\/gay.blog.br\/es\/wp-json\/wp\/v2\/tags?post=115339"}],"curies":[{"name":"wp","href":"https:\/\/api.w.org\/{rel}","templated":true}]}}