{"id":115653,"date":"2019-09-07T23:47:56","date_gmt":"2019-09-08T02:47:56","guid":{"rendered":"https:\/\/gay.blog.br\/?p=115653"},"modified":"2021-03-16T22:04:19","modified_gmt":"2021-03-17T01:04:19","slug":"como-crivella-se-convirtio-en-el-mayor-difusor-de-literatura-lgbt-en-brasil","status":"publish","type":"post","link":"https:\/\/gay.blog.br\/es\/noticias-es\/como-crivella-se-convirtio-en-el-mayor-difusor-de-literatura-lgbt-en-brasil\/","title":{"rendered":"C\u00f3mo Crivella se convirti\u00f3 en el mayor difusor de literatura LGBT en Brasil"},"content":{"rendered":"<p style=\"text-align: justify;\">Dirigido por CPI y el Tribunal de Cuentas del Municipio por contratar sin licitaci\u00f3n, <strong>Marcelo Crivella<\/strong>, alcalde de <strong>R\u00edo de Janeiro<\/strong>, <a href=\"https:\/\/twitter.com\/MCrivella\/status\/1169752491178831873\">public\u00f3 un video en Twitter el jueves 05<\/a>, pidiendo a los organizadores de la <strong>Bienal do Livro<\/strong> que recolectaran el c\u00f3mic <strong>\u00abVengadores &#8211; La Cruzada de los Ni\u00f1os \u00ab.<\/strong><\/p>\n<p style=\"text-align: justify;\">El libro en cuesti\u00f3n fue lanzado por <strong>Marvel<\/strong> en <strong>2012<\/strong> en los Estados Unidos y publicado en Brasil en <strong>2016<\/strong> por la editorial Salvat y presenta a los personajes <a href=\"http:\/\/bit.ly\/crivellacorreaqui\"><strong>Wiccano<\/strong> y <strong>Hulkling<\/strong> bes\u00e1ndose.<\/a><\/p>\n<figure id=\"attachment_27653\" aria-describedby=\"caption-attachment-27653\" style=\"width: 806px\" class=\"wp-caption aligncenter\"><a href=\"http:\/\/bit.ly\/crivellacorreaqui\"><img data-recalc-dims=\"1\" loading=\"lazy\" decoding=\"async\" class=\"size-full wp-image-27653\" src=\"https:\/\/i0.wp.com\/gay.blog.br\/wp-content\/uploads\/2019\/09\/Screenshot_1.png?resize=696%2C573&#038;ssl=1\" alt=\"literatura homof\u00f3bica lgbt Foto: reproducci\u00f3n \/ G1\" width=\"696\" height=\"573\" srcset=\"https:\/\/i0.wp.com\/gay.blog.br\/wp-content\/uploads\/2019\/09\/Screenshot_1.png?w=806&amp;ssl=1 806w, https:\/\/i0.wp.com\/gay.blog.br\/wp-content\/uploads\/2019\/09\/Screenshot_1.png?resize=150%2C123&amp;ssl=1 150w, https:\/\/i0.wp.com\/gay.blog.br\/wp-content\/uploads\/2019\/09\/Screenshot_1.png?resize=300%2C247&amp;ssl=1 300w, https:\/\/i0.wp.com\/gay.blog.br\/wp-content\/uploads\/2019\/09\/Screenshot_1.png?resize=768%2C632&amp;ssl=1 768w, https:\/\/i0.wp.com\/gay.blog.br\/wp-content\/uploads\/2019\/09\/Screenshot_1.png?resize=696%2C573&amp;ssl=1 696w, https:\/\/i0.wp.com\/gay.blog.br\/wp-content\/uploads\/2019\/09\/Screenshot_1.png?resize=511%2C420&amp;ssl=1 511w\" sizes=\"auto, (max-width: 696px) 100vw, 696px\" \/><\/a><figcaption id=\"caption-attachment-27653\" class=\"wp-caption-text\">Foto: reproducci\u00f3n\/G1<\/figcaption><\/figure>\n<p style=\"text-align: justify;\">En una nota, la organizaci\u00f3n de la <strong>Bienal del Libro<\/strong> manifest\u00f3 que no recolectar\u00eda ni empacar\u00eda ning\u00fan libro, ya que el contenido no es inapropiado ni pornogr\u00e1fico. Y agreg\u00f3 que \u201cda voz a todos los p\u00fablicos, sin distinciones, como debe ser una democracia. Este es un festival plural, donde todos son bienvenidos y representados. Incluso el pr\u00f3ximo fin de semana, la Bienal del Libro contar\u00e1 con dos paneles para debatir sobre literatura Trans y LGBTQA+\u201d.<\/p>\n<p style=\"text-align: justify;\"><strong>SEXTOU<\/strong><\/p>\n<p style=\"text-align: justify;\">El viernes 06, las copias de \u00abVengadores, la cruzada de los ni\u00f1os\u00bb se agotaron en la <strong>Bienal de R\u00edo<\/strong> en poco m\u00e1s de media hora despu\u00e9s de la inauguraci\u00f3n del evento. El t\u00edtulo termin\u00f3 por agotarse tambi\u00e9n en la tienda online de Amazon.<\/p>\n<p style=\"text-align: justify;\">Posteriormente, Crivella inform\u00f3 que se apoyaba en el Estatuto de la Ni\u00f1ez y la Adolescencia para censurar los libros y amenaz\u00f3 con revocar la licencia de la Bienal. Poco despu\u00e9s, un equipo del gobierno de la ciudad inspeccion\u00f3 la Bienal para ver si las obras con \u00abcontenido inapropiado\u00bb se vend\u00edan \u00abde manera inapropiada\u00bb. Tras la visita, <a href=\"https:\/\/www1.folha.uol.com.br\/ilustrada\/2019\/09\/chefe-de-fiscalizacao-na-bienal-do-rio-diz-que-so-encontrou-muitos-livros.shtml?fbclid=IwAR1yqca55Sgh70H89y7B6Qc9-0fRnRaRt2iaxx0MqsVPfTgxeTDALbtQkSA\">el inspector dijo que solo encontr\u00f3 \u00abmuchos libros\u00bb en la <strong>Bienal del Libro<\/strong>.<\/a><\/p>\n<p style=\"text-align: justify;\"><a href=\"https:\/\/www.facebook.com\/gayblogbr\/posts\/2728973467113963\"><img data-recalc-dims=\"1\" loading=\"lazy\" decoding=\"async\" class=\"aligncenter size-full wp-image-27680\" src=\"https:\/\/i0.wp.com\/gay.blog.br\/wp-content\/uploads\/2019\/09\/muitos-livros.png?resize=621%2C421&#038;ssl=1\" alt=\"\" width=\"621\" height=\"421\" srcset=\"https:\/\/i0.wp.com\/gay.blog.br\/wp-content\/uploads\/2019\/09\/muitos-livros.png?w=621&amp;ssl=1 621w, https:\/\/i0.wp.com\/gay.blog.br\/wp-content\/uploads\/2019\/09\/muitos-livros.png?resize=150%2C102&amp;ssl=1 150w, https:\/\/i0.wp.com\/gay.blog.br\/wp-content\/uploads\/2019\/09\/muitos-livros.png?resize=300%2C203&amp;ssl=1 300w, https:\/\/i0.wp.com\/gay.blog.br\/wp-content\/uploads\/2019\/09\/muitos-livros.png?resize=620%2C420&amp;ssl=1 620w\" sizes=\"auto, (max-width: 621px) 100vw, 621px\" \/><\/a><\/p>\n<p style=\"text-align: justify;\">En repudio a Crivella, el youtuber <strong>Felipe Neto<\/strong> anunci\u00f3, al final de la tarde del viernes, que comprar\u00eda 10.000 obras de tem\u00e1tica LGBT+ para distribuir gratis este s\u00e1bado en el propio evento. Luego, Felipe compr\u00f3 otros 4.000 ejemplares para \u201cagotar el stock de libros de tem\u00e1tica LGBT en la Bienal\u201d para un total de 14.000 ejemplares.<\/p>\n<p style=\"text-align: justify;\"><a href=\"https:\/\/twitter.com\/felipeneto\/status\/1170112258560671745\"><img loading=\"lazy\" decoding=\"async\" class=\"size-full wp-image-27609 aligncenter\" title=\"\" src=\"https:\/\/i0.wp.com\/gay.blog.br\/wp-content\/uploads\/2019\/09\/Screenshot_3.png?resize=592%2C779&amp;quality=90&amp;strip=all&amp;ssl=1\" sizes=\"auto, (max-width: 592px) 100vw, 592px\" srcset=\"https:\/\/i0.wp.com\/gay.blog.br\/wp-content\/uploads\/2019\/09\/Screenshot_3.png?w=592&amp;quality=90&amp;strip=all&amp;ssl=1 592w, https:\/\/i0.wp.com\/gay.blog.br\/wp-content\/uploads\/2019\/09\/Screenshot_3.png?resize=114%2C150&amp;quality=90&amp;strip=all&amp;ssl=1 114w, https:\/\/i0.wp.com\/gay.blog.br\/wp-content\/uploads\/2019\/09\/Screenshot_3.png?resize=228%2C300&amp;quality=90&amp;strip=all&amp;ssl=1 228w, https:\/\/i0.wp.com\/gay.blog.br\/wp-content\/uploads\/2019\/09\/Screenshot_3.png?resize=319%2C420&amp;quality=90&amp;strip=all&amp;ssl=1 319w\" alt=\"Tweet de Felipe Neto\" width=\"592\" height=\"779\" data-attachment-id=\"27609\" data-permalink=\"https:\/\/gay.blog.br\/cultura\/em-repudio-a-crivella-felipe-neto-compra-todos-os-livros-lgbt-da-bienal-e-distribui-de-graca\/attachment\/screenshot_3\/\" data-orig-file=\"https:\/\/i0.wp.com\/gay.blog.br\/wp-content\/uploads\/2019\/09\/Screenshot_3.png?fit=592%2C779&amp;quality=90&amp;strip=all&amp;ssl=1\" data-orig-size=\"592,779\" data-comments-opened=\"1\" data-image-meta=\"{\" data-image-title=\"Screenshot_3\" data-image-description=\"\" data-medium-file=\"https:\/\/i0.wp.com\/gay.blog.br\/wp-content\/uploads\/2019\/09\/Screenshot_3.png?fit=228%2C300&amp;quality=90&amp;strip=all&amp;ssl=1\" data-large-file=\"https:\/\/i0.wp.com\/gay.blog.br\/wp-content\/uploads\/2019\/09\/Screenshot_3.png?fit=592%2C779&amp;quality=90&amp;strip=all&amp;ssl=1\" \/><\/a><\/p>\n<p style=\"text-align: justify;\">La editorial <strong>Companhia das Letras<\/strong> mostr\u00f3 su secci\u00f3n LGBT vac\u00eda con un cartel de agradecimiento a Felipe Neto:<\/p>\n<figure id=\"attachment_27611\" class=\"wp-caption aligncenter\" style=\"text-align: justify;\" aria-describedby=\"caption-attachment-27611\"><a href=\"https:\/\/twitter.com\/cialetras\/status\/1170117625843789825\"><img loading=\"lazy\" decoding=\"async\" class=\"size-full wp-image-27611\" title=\"\" src=\"https:\/\/i1.wp.com\/gay.blog.br\/wp-content\/uploads\/2019\/09\/compania.png?resize=596%2C777&amp;quality=90&amp;strip=all&amp;ssl=1\" sizes=\"auto, (max-width: 596px) 100vw, 596px\" srcset=\"https:\/\/i1.wp.com\/gay.blog.br\/wp-content\/uploads\/2019\/09\/compania.png?w=596&amp;quality=90&amp;strip=all&amp;ssl=1 596w, https:\/\/i1.wp.com\/gay.blog.br\/wp-content\/uploads\/2019\/09\/compania.png?resize=115%2C150&amp;quality=90&amp;strip=all&amp;ssl=1 115w, https:\/\/i1.wp.com\/gay.blog.br\/wp-content\/uploads\/2019\/09\/compania.png?resize=230%2C300&amp;quality=90&amp;strip=all&amp;ssl=1 230w, https:\/\/i1.wp.com\/gay.blog.br\/wp-content\/uploads\/2019\/09\/compania.png?resize=322%2C420&amp;quality=90&amp;strip=all&amp;ssl=1 322w\" alt=\"Tweet de Companhia das Letras\" width=\"596\" height=\"777\" data-attachment-id=\"27611\" data-permalink=\"https:\/\/gay.blog.br\/cultura\/em-repudio-a-crivella-felipe-neto-compra-todos-os-livros-lgbt-da-bienal-e-distribui-de-graca\/attachment\/compania\/\" data-orig-file=\"https:\/\/i1.wp.com\/gay.blog.br\/wp-content\/uploads\/2019\/09\/compania.png?fit=596%2C777&amp;quality=90&amp;strip=all&amp;ssl=1\" data-orig-size=\"596,777\" data-comments-opened=\"1\" data-image-meta=\"{\" data-image-title=\"Tweet da Companhia das Letras\" data-image-description=\"\" data-medium-file=\"https:\/\/i1.wp.com\/gay.blog.br\/wp-content\/uploads\/2019\/09\/compania.png?fit=230%2C300&amp;quality=90&amp;strip=all&amp;ssl=1\" data-large-file=\"https:\/\/i1.wp.com\/gay.blog.br\/wp-content\/uploads\/2019\/09\/compania.png?fit=596%2C777&amp;quality=90&amp;strip=all&amp;ssl=1\" \/><\/a><figcaption id=\"caption-attachment-27611\" class=\"wp-caption-text\">Tweet de Companhia das Letras<\/figcaption><\/figure>\n<p style=\"text-align: justify;\">A\u00fan el viernes, la <strong>Corte de Justicia de R\u00edo<\/strong> de Janeiro otorg\u00f3 una <a href=\"https:\/\/www1.folha.uol.com.br\/ilustrada\/2019\/09\/tribunal-de-justica-do-rio-concede-liminar-que-impede-apreensao-de-livros-na-bienal.shtml\"><strong>orden judicial<\/strong><\/a> para evitar una posible incautaci\u00f3n de libros en la Bienal, afirmando que la acci\u00f3n de la ciudad \u00abrefleja un delito contra la libertad de expresi\u00f3n garantizada constitucionalmente\u00bb.<\/p>\n<p style=\"text-align: justify;\"><strong>D\u00cdA DE LA INDEPENDENCIA<\/strong><\/p>\n<p style=\"text-align: justify;\">Los principales medios de comunicaci\u00f3n dieron a conocer la imagen del libro \u00abVengadores\u00bb que Marcelo Crivella consider\u00f3 ofensiva y expuso problemas sociales que deben ser resueltos por el alcalde.<\/p>\n<figure id=\"attachment_27683\" aria-describedby=\"caption-attachment-27683\" style=\"width: 558px\" class=\"wp-caption aligncenter\"><a href=\"http:\/\/bit.ly\/crivellacorreaqui\"><img data-recalc-dims=\"1\" loading=\"lazy\" decoding=\"async\" class=\"size-full wp-image-27683\" src=\"https:\/\/i0.wp.com\/gay.blog.br\/wp-content\/uploads\/2019\/09\/69975447_2363614800353432_6181480884189790208_n.jpg?resize=558%2C960&#038;ssl=1\" alt=\"crivella\" width=\"558\" height=\"960\" srcset=\"https:\/\/i0.wp.com\/gay.blog.br\/wp-content\/uploads\/2019\/09\/69975447_2363614800353432_6181480884189790208_n.jpg?w=558&amp;ssl=1 558w, https:\/\/i0.wp.com\/gay.blog.br\/wp-content\/uploads\/2019\/09\/69975447_2363614800353432_6181480884189790208_n.jpg?resize=87%2C150&amp;ssl=1 87w, https:\/\/i0.wp.com\/gay.blog.br\/wp-content\/uploads\/2019\/09\/69975447_2363614800353432_6181480884189790208_n.jpg?resize=174%2C300&amp;ssl=1 174w, https:\/\/i0.wp.com\/gay.blog.br\/wp-content\/uploads\/2019\/09\/69975447_2363614800353432_6181480884189790208_n.jpg?resize=244%2C420&amp;ssl=1 244w, https:\/\/i0.wp.com\/gay.blog.br\/wp-content\/uploads\/2019\/09\/69975447_2363614800353432_6181480884189790208_n.jpg?resize=488%2C840&amp;ssl=1 488w\" sizes=\"auto, (max-width: 558px) 100vw, 558px\" \/><\/a><figcaption id=\"caption-attachment-27683\" class=\"wp-caption-text\">Folha de SP<\/figcaption><\/figure>\n<figure id=\"attachment_27684\" aria-describedby=\"caption-attachment-27684\" style=\"width: 540px\" class=\"wp-caption aligncenter\"><a href=\"http:\/\/bit.ly\/crivellacorreaqui\"><img data-recalc-dims=\"1\" loading=\"lazy\" decoding=\"async\" class=\"size-full wp-image-27684\" src=\"https:\/\/i0.wp.com\/gay.blog.br\/wp-content\/uploads\/2019\/09\/69977841_1395217947284097_793157795305226240_n.jpg?resize=540%2C906&#038;ssl=1\" alt=\"\" width=\"540\" height=\"906\" srcset=\"https:\/\/i0.wp.com\/gay.blog.br\/wp-content\/uploads\/2019\/09\/69977841_1395217947284097_793157795305226240_n.jpg?w=540&amp;ssl=1 540w, https:\/\/i0.wp.com\/gay.blog.br\/wp-content\/uploads\/2019\/09\/69977841_1395217947284097_793157795305226240_n.jpg?resize=89%2C150&amp;ssl=1 89w, https:\/\/i0.wp.com\/gay.blog.br\/wp-content\/uploads\/2019\/09\/69977841_1395217947284097_793157795305226240_n.jpg?resize=179%2C300&amp;ssl=1 179w, https:\/\/i0.wp.com\/gay.blog.br\/wp-content\/uploads\/2019\/09\/69977841_1395217947284097_793157795305226240_n.jpg?resize=250%2C420&amp;ssl=1 250w, https:\/\/i0.wp.com\/gay.blog.br\/wp-content\/uploads\/2019\/09\/69977841_1395217947284097_793157795305226240_n.jpg?resize=501%2C840&amp;ssl=1 501w\" sizes=\"auto, (max-width: 540px) 100vw, 540px\" \/><\/a><figcaption id=\"caption-attachment-27684\" class=\"wp-caption-text\">Jornal Extra<\/figcaption><\/figure>\n<blockquote class=\"twitter-tweet\" data-width=\"550\" data-dnt=\"true\">\n<p lang=\"pt\" dir=\"ltr\">Apresentadores do <a href=\"https:\/\/twitter.com\/hashtag\/RJ1?src=hash&amp;ref_src=twsrc%5Etfw\">#RJ1<\/a> Mariana Gross e Edimilson \u00c1vila chama a aten\u00e7\u00e3o do Crivella para o caos no Rio de Janeiro.<a href=\"https:\/\/twitter.com\/hashtag\/rjtv?src=hash&amp;ref_src=twsrc%5Etfw\">#rjtv<\/a> <a href=\"https:\/\/twitter.com\/hashtag\/riodejaneiro?src=hash&amp;ref_src=twsrc%5Etfw\">#riodejaneiro<\/a> <a href=\"https:\/\/twitter.com\/hashtag\/politica?src=hash&amp;ref_src=twsrc%5Etfw\">#politica<\/a> <a href=\"https:\/\/twitter.com\/hashtag\/leis?src=hash&amp;ref_src=twsrc%5Etfw\">#leis<\/a> <a href=\"https:\/\/twitter.com\/hashtag\/prefeito?src=hash&amp;ref_src=twsrc%5Etfw\">#prefeito<\/a> <a href=\"https:\/\/twitter.com\/hashtag\/DomingoDetremuraSDV?src=hash&amp;ref_src=twsrc%5Etfw\">#DomingoDetremuraSDV<\/a> <a href=\"https:\/\/t.co\/ypw9rIIDz7\">pic.twitter.com\/ypw9rIIDz7<\/a><\/p>\n<p>&mdash; ASL NEWS #SDV (@aslbrasil) <a href=\"https:\/\/twitter.com\/aslbrasil\/status\/1170675722706464769?ref_src=twsrc%5Etfw\">September 8, 2019<\/a><\/p><\/blockquote>\n<p><script async src=\"https:\/\/platform.twitter.com\/widgets.js\" charset=\"utf-8\"><\/script><\/p>\n<p style=\"text-align: justify;\">El s\u00e1bado 07, a las 11 de la ma\u00f1ana, tres mil personas ya hab\u00edan ingresado a la <strong>Bienal do Livro do Rio<\/strong>, <a href=\"https:\/\/entretenimento.uol.com.br\/noticias\/redacao\/2019\/09\/07\/felipe-neto-atrai-multidao-de-adolescentes-em-acao-lgbtq-na-bienal.htm\">batiendo el r\u00e9cord de todos los d\u00edas anteriores<\/a>. Entre los t\u00edtulos adquiridos y distribuidos por <strong>Felipe Neto<\/strong> se encuentran <a href=\"http:\/\/gay.blog.br\/?s=call+me+by+your+name\">\u00abMe Chame Pelo Seu Nome\u00bb<\/a>, <a href=\"http:\/\/gay.blog.br\/?s=simon\">\u00abCom Amor, Sim\u00f3n<\/a>\u00ab, \u00ab<a href=\"http:\/\/gay.blog.br\/?s=boy+erased\">Boy Erased<\/a>\u00bb y \u00abO Garoto Almost Tramped\u00bb, de <a href=\"https:\/\/gay.blog.br\/cultura\/livro-gay-feitos-de-sol-vinicius-grossos\/\">Vin\u00edcius Grossos.<\/a><\/p>\n<figure id=\"attachment_27674\" aria-describedby=\"caption-attachment-27674\" style=\"width: 900px\" class=\"wp-caption aligncenter\"><a href=\"http:\/\/bit.ly\/crivellacorreaqui\"><img data-recalc-dims=\"1\" loading=\"lazy\" decoding=\"async\" class=\"size-full wp-image-27674\" src=\"https:\/\/i0.wp.com\/gay.blog.br\/wp-content\/uploads\/2019\/09\/publico-lgbtq-na-bienal-do-rio-1567869520684_v2_900x506.jpg?resize=696%2C391&#038;ssl=1\" alt=\"crivella bienal\" width=\"696\" height=\"391\" srcset=\"https:\/\/i0.wp.com\/gay.blog.br\/wp-content\/uploads\/2019\/09\/publico-lgbtq-na-bienal-do-rio-1567869520684_v2_900x506.jpg?w=900&amp;ssl=1 900w, https:\/\/i0.wp.com\/gay.blog.br\/wp-content\/uploads\/2019\/09\/publico-lgbtq-na-bienal-do-rio-1567869520684_v2_900x506.jpg?resize=150%2C84&amp;ssl=1 150w, https:\/\/i0.wp.com\/gay.blog.br\/wp-content\/uploads\/2019\/09\/publico-lgbtq-na-bienal-do-rio-1567869520684_v2_900x506.jpg?resize=300%2C169&amp;ssl=1 300w, https:\/\/i0.wp.com\/gay.blog.br\/wp-content\/uploads\/2019\/09\/publico-lgbtq-na-bienal-do-rio-1567869520684_v2_900x506.jpg?resize=768%2C432&amp;ssl=1 768w, https:\/\/i0.wp.com\/gay.blog.br\/wp-content\/uploads\/2019\/09\/publico-lgbtq-na-bienal-do-rio-1567869520684_v2_900x506.jpg?resize=696%2C391&amp;ssl=1 696w, https:\/\/i0.wp.com\/gay.blog.br\/wp-content\/uploads\/2019\/09\/publico-lgbtq-na-bienal-do-rio-1567869520684_v2_900x506.jpg?resize=747%2C420&amp;ssl=1 747w\" sizes=\"auto, (max-width: 696px) 100vw, 696px\" \/><\/a><figcaption id=\"caption-attachment-27674\" class=\"wp-caption-text\">Foto: reproducci\u00f3n \/ Folha de SP<\/figcaption><\/figure>\n<p style=\"text-align: justify;\">A media tarde, el juez Claudio de Mello Tavares anul\u00f3 la medida cautelar otorgada el d\u00eda anterior y autoriz\u00f3 la <strong>censura<\/strong> de obras que presentan la diversidad sexual como tema. El juez es reincidente en <a href=\"https:\/\/www1.folha.uol.com.br\/ilustrada\/2019\/09\/juiz-que-autorizou-censura-na-bienal-ja-comparou-ser-gay-a-ter-uma-doenca.shtml\">declaraciones contrarias a la comunidad LGBTI.<\/a><\/p>\n<p style=\"text-align: justify;\">A las 18:15 horas, un equipo de inspectores de la Secretar\u00eda de Orden P\u00fablico de la ciudad de R\u00edo de Janeiro lleg\u00f3 a la Bienal en un nuevo intento de incautar libros. No se han registrado incidentes.<\/p>\n<p style=\"text-align: justify;\">En nota, la organizaci\u00f3n de la <strong>Bienal do Livro<\/strong> indic\u00f3 que apelar\u00e1 la decisi\u00f3n de Claudio de Mello Tavares ante el Tribunal Supremo Federal (STF).<\/p>\n<p style=\"text-align: justify;\"><strong><em>ACTUALIZACI\u00d3N<\/em>&#8211; DOMINGO<\/strong><\/p>\n<p style=\"text-align: justify;\">El presidente del Tribunal Supremo Federal (STF), <a href=\"https:\/\/veja.abril.com.br\/brasil\/toffoli-suspende-apreensao-de-livros-lgbt-na-bienal-do-rio\/\"><strong>Dias Toffoli<\/strong>, revoc\u00f3 la orden judicial de la Corte de Justicia de R\u00edo de Janeiro que permiti\u00f3 la incautaci\u00f3n de libros en la Bienal de R\u00edo de Janeiro.<\/a> La procuradora general de la Rep\u00fablica, <strong>Raquel Dodge<\/strong>, hab\u00eda hecho la <a href=\"https:\/\/veja.abril.com.br\/brasil\/dodge-pede-que-stf-suspenda-apreensao-de-livros-lgbt-na-bienal\/\">solicitud<\/a> en la ma\u00f1ana reiterando que la alcald\u00eda de R\u00edo discrimina directamente a las personas por su orientaci\u00f3n sexual e identidad de g\u00e9nero y viola el principio de igualdad.<\/p>\n<blockquote class=\"twitter-tweet\" data-width=\"550\" data-dnt=\"true\">\n<p lang=\"pt\" dir=\"ltr\">Hist\u00f3rico! <a href=\"https:\/\/t.co\/ojLv5Y9W9u\">pic.twitter.com\/ojLv5Y9W9u<\/a><\/p>\n<p>&mdash; Felipe Neto (@felipeneto) <a href=\"https:\/\/twitter.com\/felipeneto\/status\/1170485917125095424?ref_src=twsrc%5Etfw\">September 7, 2019<\/a><\/p><\/blockquote>\n<p><script async src=\"https:\/\/platform.twitter.com\/widgets.js\" charset=\"utf-8\"><\/script><\/p>\n<p>Por la noche, el programa <strong>Fant\u00e1stico<\/strong> realiz\u00f3 un reportaje sobre el tema y utiliz\u00f3 la imagen del beso como fondo en la escenograf\u00eda.<\/p>\n<figure id=\"attachment_29086\" aria-describedby=\"caption-attachment-29086\" style=\"width: 1200px\" class=\"wp-caption aligncenter\"><a href=\"http:\/\/bit.ly\/crivellacorreaqui\"><img data-recalc-dims=\"1\" loading=\"lazy\" decoding=\"async\" class=\"size-full wp-image-29086\" src=\"https:\/\/i0.wp.com\/gay.blog.br\/wp-content\/uploads\/2019\/09\/Polemica-bienal-do-livro-globo.jpg?resize=696%2C392&#038;ssl=1\" alt=\"\" width=\"696\" height=\"392\" srcset=\"https:\/\/i0.wp.com\/gay.blog.br\/wp-content\/uploads\/2019\/09\/Polemica-bienal-do-livro-globo.jpg?w=1200&amp;ssl=1 1200w, https:\/\/i0.wp.com\/gay.blog.br\/wp-content\/uploads\/2019\/09\/Polemica-bienal-do-livro-globo.jpg?resize=150%2C84&amp;ssl=1 150w, https:\/\/i0.wp.com\/gay.blog.br\/wp-content\/uploads\/2019\/09\/Polemica-bienal-do-livro-globo.jpg?resize=300%2C169&amp;ssl=1 300w, https:\/\/i0.wp.com\/gay.blog.br\/wp-content\/uploads\/2019\/09\/Polemica-bienal-do-livro-globo.jpg?resize=768%2C432&amp;ssl=1 768w, https:\/\/i0.wp.com\/gay.blog.br\/wp-content\/uploads\/2019\/09\/Polemica-bienal-do-livro-globo.jpg?resize=1024%2C576&amp;ssl=1 1024w, https:\/\/i0.wp.com\/gay.blog.br\/wp-content\/uploads\/2019\/09\/Polemica-bienal-do-livro-globo.jpg?resize=696%2C392&amp;ssl=1 696w, https:\/\/i0.wp.com\/gay.blog.br\/wp-content\/uploads\/2019\/09\/Polemica-bienal-do-livro-globo.jpg?resize=1068%2C601&amp;ssl=1 1068w, https:\/\/i0.wp.com\/gay.blog.br\/wp-content\/uploads\/2019\/09\/Polemica-bienal-do-livro-globo.jpg?resize=747%2C420&amp;ssl=1 747w\" sizes=\"auto, (max-width: 696px) 100vw, 696px\" \/><\/a><figcaption id=\"caption-attachment-29086\" class=\"wp-caption-text\">Foto: reproducci\u00f3n<\/figcaption><\/figure>\n<figure id=\"attachment_29087\" aria-describedby=\"caption-attachment-29087\" style=\"width: 681px\" class=\"wp-caption aligncenter\"><a href=\"http:\/\/bit.ly\/crivellacorreaqui\"><img data-recalc-dims=\"1\" loading=\"lazy\" decoding=\"async\" class=\"size-full wp-image-29087\" src=\"https:\/\/i0.wp.com\/gay.blog.br\/wp-content\/uploads\/2019\/09\/fantastico.png?resize=681%2C439&#038;ssl=1\" alt=\"\" width=\"681\" height=\"439\" srcset=\"https:\/\/i0.wp.com\/gay.blog.br\/wp-content\/uploads\/2019\/09\/fantastico.png?w=681&amp;ssl=1 681w, https:\/\/i0.wp.com\/gay.blog.br\/wp-content\/uploads\/2019\/09\/fantastico.png?resize=150%2C97&amp;ssl=1 150w, https:\/\/i0.wp.com\/gay.blog.br\/wp-content\/uploads\/2019\/09\/fantastico.png?resize=300%2C193&amp;ssl=1 300w, https:\/\/i0.wp.com\/gay.blog.br\/wp-content\/uploads\/2019\/09\/fantastico.png?resize=652%2C420&amp;ssl=1 652w\" sizes=\"auto, (max-width: 681px) 100vw, 681px\" \/><\/a><figcaption id=\"caption-attachment-29087\" class=\"wp-caption-text\">Foto: reproducci\u00f3n<\/figcaption><\/figure>\n<figure id=\"attachment_29088\" aria-describedby=\"caption-attachment-29088\" style=\"width: 1280px\" class=\"wp-caption aligncenter\"><a href=\"http:\/\/bit.ly\/crivellacorreaqui\"><img data-recalc-dims=\"1\" loading=\"lazy\" decoding=\"async\" class=\"size-full wp-image-29088\" src=\"https:\/\/i0.wp.com\/gay.blog.br\/wp-content\/uploads\/2019\/09\/maxresdefault.jpg?resize=696%2C392&#038;ssl=1\" alt=\"\" width=\"696\" height=\"392\" srcset=\"https:\/\/i0.wp.com\/gay.blog.br\/wp-content\/uploads\/2019\/09\/maxresdefault.jpg?w=1280&amp;ssl=1 1280w, https:\/\/i0.wp.com\/gay.blog.br\/wp-content\/uploads\/2019\/09\/maxresdefault.jpg?resize=150%2C84&amp;ssl=1 150w, https:\/\/i0.wp.com\/gay.blog.br\/wp-content\/uploads\/2019\/09\/maxresdefault.jpg?resize=300%2C169&amp;ssl=1 300w, https:\/\/i0.wp.com\/gay.blog.br\/wp-content\/uploads\/2019\/09\/maxresdefault.jpg?resize=768%2C432&amp;ssl=1 768w, https:\/\/i0.wp.com\/gay.blog.br\/wp-content\/uploads\/2019\/09\/maxresdefault.jpg?resize=1024%2C576&amp;ssl=1 1024w, https:\/\/i0.wp.com\/gay.blog.br\/wp-content\/uploads\/2019\/09\/maxresdefault.jpg?resize=696%2C392&amp;ssl=1 696w, https:\/\/i0.wp.com\/gay.blog.br\/wp-content\/uploads\/2019\/09\/maxresdefault.jpg?resize=1068%2C601&amp;ssl=1 1068w, https:\/\/i0.wp.com\/gay.blog.br\/wp-content\/uploads\/2019\/09\/maxresdefault.jpg?resize=747%2C420&amp;ssl=1 747w\" sizes=\"auto, (max-width: 696px) 100vw, 696px\" \/><\/a><figcaption id=\"caption-attachment-29088\" class=\"wp-caption-text\">Foto: reproducci\u00f3n<\/figcaption><\/figure>\n<p style=\"text-align: justify;\"><strong>Decisi\u00f3n que permiti\u00f3 coleccionar libros en la Bienal es censura, dicen abogados<\/strong><\/p>\n<p style=\"text-align: justify;\">Thiago Amparo, abogado y columnista de <a href=\"https:\/\/www1.folha.uol.com.br\/ilustrada\/2019\/09\/decisao-que-permitiu-recolher-livros-na-bienal-e-censura-dizem-especialistas.shtml\">Folha de SP<\/a>, no est\u00e1 de acuerdo con la interpretaci\u00f3n del presidente de la corte de R\u00edo de Janeiro. \u00c9l, que es profesor de pol\u00edticas de diversidad en la Fundaci\u00f3n Get\u00falio Vargas, dice que no hay respaldo en la ley actual, adem\u00e1s de ir en contra de una decisi\u00f3n de 2011 del Tribunal Supremo Federal, el STF, que reconoce la uni\u00f3n estable entre los mismos.<\/p>\n<p style=\"text-align: justify;\">\u00abEmite un juicio sobre obsceno un simple beso entre dos personajes de dibujos animados y as\u00ed practica la censura de contenido sin respaldo legal\u00bb, dice, refiri\u00e9ndose a la ilustraci\u00f3n que inici\u00f3 el embrollo.<\/p>\n<p style=\"text-align: justify;\">Publicado en las \u00faltimas p\u00e1ginas del c\u00f3mic \u00abVingadores &#8211; A Cruzada das Crian\u00e7as\u00bb, mostraba a dos hombres completamente vestidos bes\u00e1ndose. En el jueves (7) a la noche, el alcalde de R\u00edo, Marcelo Crivella, ya llam\u00f3 la atenci\u00f3n sobre el t\u00edtulo en un video que no est\u00e1 en Twitter, afirmando que orden\u00f3 a la organizaci\u00f3n de la Bienal que lo recoja.<\/p>\n<p style=\"text-align: justify;\">Tambi\u00e9n profesor, en el caso de la Universidad de San Pablo, USP, coincide con Amparo el doctor en derecho Conrado H\u00fcbner Mendes. Y agrega que, en este caso, la censura se origina en un acto discriminatorio. \u00abEl juez considera el beso homosexual pornogr\u00e1fico y obsceno, el beso heterosexual no lo es\u00bb, compara.<\/p>\n<p style=\"text-align: justify;\">Cabe se\u00f1alar que el <a href=\"https:\/\/www1.folha.uol.com.br\/ilustrada\/2019\/09\/recolhimento-de-hq-viola-o-estado-de-direito.shtml\" target=\"_blank\" rel=\"noopener noreferrer\">apartado de la ECA<\/a> citado por Mello Tavares en la decisi\u00f3n no habla de homosexualidad. Seg\u00fan el estatuto, \u00ablas revistas y publicaciones dirigidas a ni\u00f1os y adolescentes no podr\u00e1n contener ilustraciones, fotograf\u00edas, leyendas, cr\u00f3nicas o anuncios de bebidas alcoh\u00f3licas, tabaco, armas y municiones, y deber\u00e1n respetar los valores \u00e9ticos y sociales de la persona y la familia\u00bb.<\/p>\n<p class=\"story-body__crosshead\" style=\"text-align: justify;\"><strong>La decisi\u00f3n no depende del ayuntamiento<\/strong><\/p>\n<p style=\"text-align: justify;\">Seg\u00fan los expertos escuchados por <a href=\"https:\/\/www.bbc.com\/portuguese\/brasil-49614002\">BBC News Brasil<\/a>, la ciudad de R\u00edo de Janeiro no tiene poder legal para intentar sacar la sede de Marvel de los puestos de venta, incluso si el trabajo ten\u00eda alg\u00fan material considerado inapropiado.<\/p>\n<p style=\"text-align: justify;\">Para ellos, la alcald\u00eda pod\u00eda notificar a la Justicia o al Ministerio P\u00fablico si consideraba que exist\u00eda una infracci\u00f3n a la ley. Sin embargo, la decisi\u00f3n de retirar o no la obra de circulaci\u00f3n vendr\u00eda de la Justicia y no del alcalde.<\/p>\n<p style=\"text-align: justify;\">\u201cEl gobierno de la ciudad no tiene la potestad de aprehender un libro en este contexto sin pasar por un proceso judicial\u201d, explica Thiago Amparo, de FGV-Direito.<\/p>\n<p style=\"text-align: justify;\">\u201cNo es parte de la conveniencia y discreci\u00f3n de la administraci\u00f3n p\u00fablica (opinar sobre el contenido de un libro). De lo contrario, corresponder\u00e1 a cada autoridad decir qu\u00e9 es apropiado o no. Y eso cambiar\u00e1 si es conservador o liberal., de izquierda o derecha, de una ideolog\u00eda u otra \u201d, explica Alves.<\/p>\n<p style=\"text-align: justify;\">Para el abogado Pedro Hartung, coordinador del programa Prioridad Absoluta del Instituto Alana, el sistema de protecci\u00f3n de ni\u00f1os y adolescentes de la ECA est\u00e1 siendo utilizado para apoyar decisiones de autoridad basadas en conceptos personales.<\/p>\n<p style=\"text-align: justify;\">\u00abSe est\u00e1 capturando la l\u00f3gica protectora para sustentar visiones subjetivas y personales sobre la realidad. En cuanto a la producci\u00f3n de contenidos, la ECA tambi\u00e9n debe leerse dentro de otros par\u00e1metros, como la libertad de expresi\u00f3n y el derecho de los ni\u00f1os y adolescentes a vivir en un entorno plural, con acceso a la cultura, la informaci\u00f3n y las libertades\u201d, explica.<\/p>\n<p style=\"text-align: justify;\">Seg\u00fan Amparo, el Ayuntamiento de R\u00edo de Janeiro puede incluso responder por el delito de homofobia con la acci\u00f3n que pretend\u00eda sacar los libros de Marvel de la Bienal.<\/p>\n<p style=\"text-align: justify;\">\u00abExiste una ley estatal y tambi\u00e9n una decisi\u00f3n de la Corte Suprema Federal sobre la criminalizaci\u00f3n de la homofobia. La ciudad incluso podr\u00eda responder por incitar a la discriminaci\u00f3n contra la poblaci\u00f3n LGBT\u00bb, dice.<\/p>\n<p style=\"text-align: justify;\">El gobierno de la ciudad niega haber actuado con homofobia y dice que imputa el \u00abejercicio del deber de informaci\u00f3n sobre lo que se consider\u00f3 material inadecuado o inapropiado para ni\u00f1os, ni\u00f1as y adolescentes, por lo que se requiere el sello y la advertencia\u00bb.<\/p>\n<figure id=\"attachment_27628\" aria-describedby=\"caption-attachment-27628\" style=\"width: 648px\" class=\"wp-caption aligncenter\"><a href=\"http:\/\/bit.ly\/crivellacorreaqui\"><img data-recalc-dims=\"1\" loading=\"lazy\" decoding=\"async\" class=\"size-full wp-image-27628\" src=\"https:\/\/i0.wp.com\/gay.blog.br\/wp-content\/uploads\/2019\/09\/t-shirt-mockup-of-a-man-holding-a-book-at-a-building-s-hallway-28503.png?resize=648%2C972&#038;ssl=1\" alt=\"crivella\" width=\"648\" height=\"972\" srcset=\"https:\/\/i0.wp.com\/gay.blog.br\/wp-content\/uploads\/2019\/09\/t-shirt-mockup-of-a-man-holding-a-book-at-a-building-s-hallway-28503.png?w=648&amp;ssl=1 648w, https:\/\/i0.wp.com\/gay.blog.br\/wp-content\/uploads\/2019\/09\/t-shirt-mockup-of-a-man-holding-a-book-at-a-building-s-hallway-28503.png?resize=100%2C150&amp;ssl=1 100w, https:\/\/i0.wp.com\/gay.blog.br\/wp-content\/uploads\/2019\/09\/t-shirt-mockup-of-a-man-holding-a-book-at-a-building-s-hallway-28503.png?resize=200%2C300&amp;ssl=1 200w, https:\/\/i0.wp.com\/gay.blog.br\/wp-content\/uploads\/2019\/09\/t-shirt-mockup-of-a-man-holding-a-book-at-a-building-s-hallway-28503.png?resize=280%2C420&amp;ssl=1 280w, https:\/\/i0.wp.com\/gay.blog.br\/wp-content\/uploads\/2019\/09\/t-shirt-mockup-of-a-man-holding-a-book-at-a-building-s-hallway-28503.png?resize=560%2C840&amp;ssl=1 560w\" sizes=\"auto, (max-width: 648px) 100vw, 648px\" \/><\/a><figcaption id=\"caption-attachment-27628\" class=\"wp-caption-text\">Foto: Loja das Pocs<\/figcaption><\/figure>\n<p style=\"text-align: justify;\"><strong>Declaraciones sobre homosexuales, religiones africanas y cat\u00f3licos<\/strong><\/p>\n<p style=\"text-align: justify;\">En su libro \u00abEvangelizando \u00c1frica\u00bb, donde relata los diez a\u00f1os que vivi\u00f3 en el continente, Crivella critica pr\u00e1cticamente todas las religiones, las presenta como \u00abdiab\u00f3licas\u00bb y clasifica la homosexualidad como \u00abmala conducta\u00bb, \u00abterrible mal\u00bb y \u00abcondici\u00f3n lamentable\u00bb. En la publicaci\u00f3n, afirma que la Iglesia Cat\u00f3lica y otras religiones que se llaman a s\u00ed mismas cristianas \u00abpredican doctrinas demon\u00edacas\u00bb. Seg\u00fan \u00e9l, la Iglesia Cat\u00f3lica \u00abha predicado a sus seguidores inocentes el culto a los \u00eddolos y la veneraci\u00f3n de Mar\u00eda como diosa protectora\u00bb. Crivella tambi\u00e9n dispara contra el espiritismo, el hinduismo, del que dice que \u00abel \u00e9nfasis est\u00e1 siempre en el derramamiento de sangre seguido de la ingesti\u00f3n de la sangre caliente de un ni\u00f1o inocente\u00bb, y las religiones africanas, que, seg\u00fan el libro, albergan \u00abimpurezas\u00bb. esp\u00edritus \u00aby\u00bb permiten todo tipo de comportamiento inmoral, incluso con los beb\u00e9s \u00ab. El libro fue publicado en ingl\u00e9s en 1999 bajo el t\u00edtulo Mutis, Sangomas and Nyangas: Tradition or Witchcraft? (Mutis, sangomas y nyangas: \u00bftradici\u00f3n o brujer\u00eda?). La edici\u00f3n brasile\u00f1a fue lanzada por Editora Gr\u00e1fica Universal, que pertenece a la Iglesia Universal, en 2002. El libro \u00abEvangelizando \u00c1frica\u00bb \u200b\u200bculpa a las pr\u00e1cticas religiosas de las dificultades del continente al decir que \u00aben la miseria y la pobreza, vemos el odio del diablo y sus demonios que obran desvergonzadamente a trav\u00e9s de tantas sectas y religiones\u00bb. Cuando se trata de las religiones orientales, Crivella afirma: \u00abEn el mundo amarillo, los esp\u00edritus inmundos se disfrazan de fuerzas y energ\u00edas de la naturaleza\u00bb. Una situaci\u00f3n similar, dice, a la que se vive en el \u00abmundo rojo\u00bb, donde viven los indios, \u00abesclavos de una religi\u00f3n falsa\u00bb.<\/p>\n<p style=\"text-align: justify;\">En una nota enviada al diario O Globo sobre el libro, Crivella dijo que amaba a \u00abcat\u00f3licos, espiritistas, evang\u00e9licos y todos\u00bb y pidi\u00f3 perd\u00f3n si los hab\u00eda ofendido \u00abalguna vez\u00bb. Crivella dijo que la solicitud tambi\u00e9n es v\u00e1lida \u00aben relaci\u00f3n con la homosexualidad\u00bb. En el texto, el senador dice que el libro fue escrito \u00abhace d\u00e9cadas\u00bb cuando viv\u00eda en \u00c1frica, \u00aben un ambiente de guerras, superstici\u00f3n y hechicer\u00eda\u00bb. Durante la campa\u00f1a por las elecciones municipales de 2016, Crivella intent\u00f3 deshacer la imagen de intolerancia hacia los homosexuales y las religiones de origen africano. Adem\u00e1s de reunirse con representantes de religiones y movimientos LGBT, firm\u00f3 la \u00abCarta de compromiso con los derechos humanos contra la violencia, el racismo y la intolerancia religiosa\u00bb, redactada por la Comisi\u00f3n de Lucha contra la Intolerancia Religiosa. Crivella se dej\u00f3 fotografiar con umbandistas y se declar\u00f3 a favor de la uni\u00f3n civil homosexual. Sin embargo, destac\u00f3 que, en el matrimonio religioso, \u00abla familia debe mantenerse como est\u00e1\u00bb. Tambi\u00e9n clasific\u00f3 las referencias al catolicismo como \u00aberr\u00f3neas y extremistas por parte de un joven misionero, cuyo celo inmaduro por la fe, lo llev\u00f3 a cometer este lamentable error\u00bb. El senador tambi\u00e9n dijo que era \u00abun ni\u00f1o intolerante\u00bb cuando escribi\u00f3 el libro, y que no volvi\u00f3 a cometer los mismos errores. \u00abAprendemos con el tiempo\u00bb, dijo Crivella.<\/p>\n<p style=\"text-align: justify;\">En una publicaci\u00f3n de YouTube ubicada por el peri\u00f3dico O Estado de S. Paulo en junio de 2014 que registra a Crivella durante el Cen\u00e1culo da F\u00e9, en el templo de Recreio dos Bandeirantes, en el oeste de R\u00edo de Janeiro, en octubre de 2012, el obispo licenciado dice: \u00ab\u00bfHas notado c\u00f3mo los homosexuales son devotos de sus madres? \u00bfHas notado c\u00f3mo los hombres que se relacionan con otros hombres tienen una verdadera idolatr\u00eda por la imagen de su querida madre? &#8216;Mami, mami, mami, mi mami, mi mami&#8217;. Ves como un ni\u00f1o puede sufrir en el seno materno. [&#8230;] De tal manera es la vida, que muchas veces acusamos a la gente, a veces acusamos y tratamos tan mal a un homosexual sin conocer los dramas que vive, la angustia que sufre, A veces se dice: &#8216;fulano de tal es un palo que nace torcido, y no hay manera&#8217;. La misma l\u00f3gica se aplica, seg\u00fan Crivella, a \u00abmucha gente de la favela, muchachos metidos en el narcotr\u00e1fico, en las drogas\u00bb, que nacer\u00edan \u00abya desesperados\u00bb. \u00abImagina que est\u00e1s en el vientre de tu madre y tu madre, por un serie de problemas, intentar matarte, y falla. \u00bfC\u00f3mo te enfrentar\u00e1s al mundo despu\u00e9s? Es dif\u00edcil \u00ab. En el video, Crivella tambi\u00e9n molesta indirectamente a los cat\u00f3licos por la forma en que rezan el rosario, cuando hablan de la belleza de la oraci\u00f3n del Padre Nuestro\u00bb. El chico va y se confiesa. &#8216;\u00bfCu\u00e1l es tu pecado?&#8217; &#8216;Le rob\u00e9 el pollo a mi vecino&#8217; (&#8230;). &#8216;Reza diez Padres Nuestros&#8217; (gestos como si fuera el rosario) &#8216;Padre Nuestro, Padre Nuestro, Padre Nuestro &#8230;&#8217; Aqu\u00ed viene otro enfermo que dice: &#8216;Le rob\u00e9 al marido de mi vecino&#8217;. &#8216;Entonces, van a rezar 500 padres nuestros,&#8217;. &#8216;Padre Nuestro, Padre Nuestro, Padre Nuestro. Dios m\u00edo, perd\u00ed la cuenta. Empezar\u00e9 de nuevo. &#8216;, Finaliz\u00f3 Crivella, provocando m\u00e1s risas en el p\u00fablico. En respuesta al video, Crivella dijo en una nota que la sentencia sobre homosexuales fue captada en un \u00abmomento electoral\u00bb y \u00abuna vez m\u00e1s intenta estampar en el candidato una visi\u00f3n de intolerancia que no corresponde a su vida p\u00fablica\u00bb. Tambi\u00e9n dijo que las declaraciones \u00abtampoco representan el significado de la larga explicaci\u00f3n de d\u00f3nde se tomaron las palabras con fines pol\u00edticos\u00bb.<\/p>\n","protected":false},"excerpt":{"rendered":"<p>Marcelo Crivella (PSC) quiso lanzar una campa\u00f1a contra un c\u00f3mic de Marvel, pero termin\u00f3 moviendo el mercado de libros de tem\u00e1tica LGBT<\/p>\n","protected":false},"author":2,"featured_media":74429,"comment_status":"open","ping_status":"open","sticky":false,"template":"","format":"standard","meta":{"googlesitekit_rrm_CAoiEBg-BXrJeACjO8p49SE4kTY:productID":"","tdm_status":"","tdm_grid_status":"","_jetpack_newsletter_access":"","_jetpack_dont_email_post_to_subs":false,"_jetpack_newsletter_tier_id":0,"_jetpack_memberships_contains_paywalled_content":false,"_jetpack_memberships_contains_paid_content":false,"footnotes":"","jetpack_publicize_message":"C\u00f3mo Crivella se convirti\u00f3 en el mayor difusor de literatura LGBT en Brasil","jetpack_publicize_feature_enabled":true,"jetpack_social_post_already_shared":true,"jetpack_social_options":{"image_generator_settings":{"template":"highway","default_image_id":0,"font":"","enabled":false},"version":2},"_wpas_customize_per_network":false,"jetpack_post_was_ever_published":false},"categories":[589932372,589932231],"tags":[589932544,589932841,589936595,589932922,589933907,589934398,589935200,589932702,589938108,589938110,589938103,589936630,589938106,589938105,589938061,589938104,589938111,589938109,589935182],"class_list":{"0":"post-115653","1":"post","2":"type-post","3":"status-publish","4":"format-standard","5":"has-post-thumbnail","7":"category-literatura-es","8":"category-noticias-es","9":"tag-alcalde","10":"tag-beso-gay","11":"tag-bienal-es","12":"tag-comic","13":"tag-censura-es-2","14":"tag-crivella-es","15":"tag-felipe-neto-es","16":"tag-homofobia-es","17":"tag-hq-gay-es","18":"tag-leer-con-orgullo","19":"tag-libro","20":"tag-libro-bienal","21":"tag-literatura-es","22":"tag-llamame-por-tu-nombre","23":"tag-marcelo-crivella-es","24":"tag-marvel-es","25":"tag-psc-es","26":"tag-salvat-es","27":"tag-vengadores"},"yoast_head":"<!-- This site is optimized with the Yoast SEO plugin v27.5 - https:\/\/yoast.com\/product\/yoast-seo-wordpress\/ -->\n<title>C\u00f3mo Crivella se convirti\u00f3 en el mayor difusor de literatura LGBT en Brasil<\/title>\n<meta name=\"description\" content=\"Marcelo Crivella (PSC) quiso lanzar una campa\u00f1a contra un c\u00f3mic de Marvel, pero termin\u00f3 moviendo el mercado de libros de tem\u00e1tica LGBT\" \/>\n<meta name=\"robots\" content=\"index, follow, max-snippet:-1, max-image-preview:large, max-video-preview:-1\" \/>\n<link rel=\"canonical\" href=\"https:\/\/gay.blog.br\/es\/noticias-es\/como-crivella-se-convirtio-en-el-mayor-difusor-de-literatura-lgbt-en-brasil\/\" \/>\n<meta property=\"og:locale\" content=\"es_ES\" \/>\n<meta property=\"og:type\" content=\"article\" \/>\n<meta property=\"og:title\" content=\"C\u00f3mo Crivella se convirti\u00f3 en el mayor difusor de literatura LGBT en Brasil\" \/>\n<meta property=\"og:description\" content=\"Marcelo Crivella (PSC) quiso lanzar una campa\u00f1a contra un c\u00f3mic de Marvel, pero termin\u00f3 moviendo el mercado de libros de tem\u00e1tica LGBT\" \/>\n<meta property=\"og:url\" content=\"https:\/\/gay.blog.br\/es\/noticias-es\/como-crivella-se-convirtio-en-el-mayor-difusor-de-literatura-lgbt-en-brasil\/\" \/>\n<meta property=\"og:site_name\" content=\"GAY BLOG BR @gayblogbr\" \/>\n<meta property=\"article:publisher\" content=\"https:\/\/facebook.com\/gayblogbr\" \/>\n<meta property=\"article:author\" content=\"https:\/\/facebook.com\/gayblogbr\" \/>\n<meta property=\"article:published_time\" content=\"2019-09-08T02:47:56+00:00\" \/>\n<meta property=\"article:modified_time\" content=\"2021-03-17T01:04:19+00:00\" \/>\n<meta property=\"og:image\" content=\"https:\/\/i2.wp.com\/gay.blog.br\/wp-content\/uploads\/2019\/09\/unnamed.jpg?fit=1242%2C922&ssl=1\" \/>\n\t<meta property=\"og:image:width\" content=\"1242\" \/>\n\t<meta property=\"og:image:height\" content=\"922\" \/>\n\t<meta property=\"og:image:type\" content=\"image\/jpeg\" \/>\n<meta name=\"author\" content=\"www.gay.blog.br\" \/>\n<meta name=\"twitter:card\" content=\"summary_large_image\" \/>\n<meta name=\"twitter:creator\" content=\"@https:\/\/bsky.app\/profile\/gayblogbr.bsky.social\" \/>\n<meta name=\"twitter:site\" content=\"@gayblogbr\" \/>\n<meta name=\"twitter:label1\" content=\"Escrito por\" \/>\n\t<meta name=\"twitter:data1\" content=\"www.gay.blog.br\" \/>\n\t<meta name=\"twitter:label2\" content=\"Tiempo de lectura\" \/>\n\t<meta name=\"twitter:data2\" content=\"12 minutos\" \/>\n<script type=\"application\/ld+json\" class=\"yoast-schema-graph\">{\"@context\":\"https:\\\/\\\/schema.org\",\"@graph\":[{\"@type\":\"Article\",\"@id\":\"https:\\\/\\\/gay.blog.br\\\/es\\\/noticias-es\\\/como-crivella-se-convirtio-en-el-mayor-difusor-de-literatura-lgbt-en-brasil\\\/#article\",\"isPartOf\":{\"@id\":\"https:\\\/\\\/gay.blog.br\\\/es\\\/noticias-es\\\/como-crivella-se-convirtio-en-el-mayor-difusor-de-literatura-lgbt-en-brasil\\\/\"},\"author\":{\"name\":\"www.gay.blog.br\",\"@id\":\"https:\\\/\\\/gay.blog.br\\\/es\\\/#\\\/schema\\\/person\\\/ab4bce68ee54b8f4af5c174efe7472e5\"},\"headline\":\"C\u00f3mo Crivella se convirti\u00f3 en el mayor difusor de literatura LGBT en Brasil\",\"datePublished\":\"2019-09-08T02:47:56+00:00\",\"dateModified\":\"2021-03-17T01:04:19+00:00\",\"mainEntityOfPage\":{\"@id\":\"https:\\\/\\\/gay.blog.br\\\/es\\\/noticias-es\\\/como-crivella-se-convirtio-en-el-mayor-difusor-de-literatura-lgbt-en-brasil\\\/\"},\"wordCount\":2508,\"commentCount\":0,\"publisher\":{\"@id\":\"https:\\\/\\\/gay.blog.br\\\/es\\\/#organization\"},\"image\":{\"@id\":\"https:\\\/\\\/gay.blog.br\\\/es\\\/noticias-es\\\/como-crivella-se-convirtio-en-el-mayor-difusor-de-literatura-lgbt-en-brasil\\\/#primaryimage\"},\"thumbnailUrl\":\"https:\\\/\\\/i0.wp.com\\\/gay.blog.br\\\/wp-content\\\/uploads\\\/2019\\\/09\\\/unnamed.jpg?fit=1242%2C922&ssl=1\",\"keywords\":[\"alcalde\",\"beso gay\",\"bienal\",\"c\u00f3mic\",\"censura\",\"crivella\",\"felipe neto\",\"homofobia\",\"hq gay\",\"leer con orgullo\",\"libro\",\"libro bienal\",\"literatura\",\"Ll\u00e1mame por tu nombre\",\"marcelo crivella\",\"marvel\",\"psc\",\"Salvat\",\"Vengadores\"],\"articleSection\":[\"LITERATURA\",\"NOT\u00cdCIAS\"],\"inLanguage\":\"es\",\"potentialAction\":[{\"@type\":\"CommentAction\",\"name\":\"Comment\",\"target\":[\"https:\\\/\\\/gay.blog.br\\\/es\\\/noticias-es\\\/como-crivella-se-convirtio-en-el-mayor-difusor-de-literatura-lgbt-en-brasil\\\/#respond\"]}]},{\"@type\":\"WebPage\",\"@id\":\"https:\\\/\\\/gay.blog.br\\\/es\\\/noticias-es\\\/como-crivella-se-convirtio-en-el-mayor-difusor-de-literatura-lgbt-en-brasil\\\/\",\"url\":\"https:\\\/\\\/gay.blog.br\\\/es\\\/noticias-es\\\/como-crivella-se-convirtio-en-el-mayor-difusor-de-literatura-lgbt-en-brasil\\\/\",\"name\":\"C\u00f3mo Crivella se convirti\u00f3 en el mayor difusor de literatura LGBT en Brasil\",\"isPartOf\":{\"@id\":\"https:\\\/\\\/gay.blog.br\\\/es\\\/#website\"},\"primaryImageOfPage\":{\"@id\":\"https:\\\/\\\/gay.blog.br\\\/es\\\/noticias-es\\\/como-crivella-se-convirtio-en-el-mayor-difusor-de-literatura-lgbt-en-brasil\\\/#primaryimage\"},\"image\":{\"@id\":\"https:\\\/\\\/gay.blog.br\\\/es\\\/noticias-es\\\/como-crivella-se-convirtio-en-el-mayor-difusor-de-literatura-lgbt-en-brasil\\\/#primaryimage\"},\"thumbnailUrl\":\"https:\\\/\\\/i0.wp.com\\\/gay.blog.br\\\/wp-content\\\/uploads\\\/2019\\\/09\\\/unnamed.jpg?fit=1242%2C922&ssl=1\",\"datePublished\":\"2019-09-08T02:47:56+00:00\",\"dateModified\":\"2021-03-17T01:04:19+00:00\",\"description\":\"Marcelo Crivella (PSC) quiso lanzar una campa\u00f1a contra un c\u00f3mic de Marvel, pero termin\u00f3 moviendo el mercado de libros de tem\u00e1tica LGBT\",\"breadcrumb\":{\"@id\":\"https:\\\/\\\/gay.blog.br\\\/es\\\/noticias-es\\\/como-crivella-se-convirtio-en-el-mayor-difusor-de-literatura-lgbt-en-brasil\\\/#breadcrumb\"},\"inLanguage\":\"es\",\"potentialAction\":[{\"@type\":\"ReadAction\",\"target\":[\"https:\\\/\\\/gay.blog.br\\\/es\\\/noticias-es\\\/como-crivella-se-convirtio-en-el-mayor-difusor-de-literatura-lgbt-en-brasil\\\/\"]}]},{\"@type\":\"ImageObject\",\"inLanguage\":\"es\",\"@id\":\"https:\\\/\\\/gay.blog.br\\\/es\\\/noticias-es\\\/como-crivella-se-convirtio-en-el-mayor-difusor-de-literatura-lgbt-en-brasil\\\/#primaryimage\",\"url\":\"https:\\\/\\\/i0.wp.com\\\/gay.blog.br\\\/wp-content\\\/uploads\\\/2019\\\/09\\\/unnamed.jpg?fit=1242%2C922&ssl=1\",\"contentUrl\":\"https:\\\/\\\/i0.wp.com\\\/gay.blog.br\\\/wp-content\\\/uploads\\\/2019\\\/09\\\/unnamed.jpg?fit=1242%2C922&ssl=1\",\"width\":1242,\"height\":922},{\"@type\":\"BreadcrumbList\",\"@id\":\"https:\\\/\\\/gay.blog.br\\\/es\\\/noticias-es\\\/como-crivella-se-convirtio-en-el-mayor-difusor-de-literatura-lgbt-en-brasil\\\/#breadcrumb\",\"itemListElement\":[{\"@type\":\"ListItem\",\"position\":1,\"name\":\"In\u00edcio\",\"item\":\"https:\\\/\\\/gay.blog.br\\\/es\\\/\"},{\"@type\":\"ListItem\",\"position\":2,\"name\":\"C\u00f3mo Crivella se convirti\u00f3 en el mayor difusor de literatura LGBT en Brasil\"}]},{\"@type\":\"WebSite\",\"@id\":\"https:\\\/\\\/gay.blog.br\\\/es\\\/#website\",\"url\":\"https:\\\/\\\/gay.blog.br\\\/es\\\/\",\"name\":\"GAY BLOG BR @gayblogbr\",\"description\":\"Not\u00edcias que empoderam e\\\/ou entret\u00eam s\u00e3o especialidades da casa\",\"publisher\":{\"@id\":\"https:\\\/\\\/gay.blog.br\\\/es\\\/#organization\"},\"potentialAction\":[{\"@type\":\"SearchAction\",\"target\":{\"@type\":\"EntryPoint\",\"urlTemplate\":\"https:\\\/\\\/gay.blog.br\\\/es\\\/?s={search_term_string}\"},\"query-input\":{\"@type\":\"PropertyValueSpecification\",\"valueRequired\":true,\"valueName\":\"search_term_string\"}}],\"inLanguage\":\"es\"},{\"@type\":\"Organization\",\"@id\":\"https:\\\/\\\/gay.blog.br\\\/es\\\/#organization\",\"name\":\"GAY BLOG BR\",\"url\":\"https:\\\/\\\/gay.blog.br\\\/es\\\/\",\"logo\":{\"@type\":\"ImageObject\",\"inLanguage\":\"es\",\"@id\":\"https:\\\/\\\/gay.blog.br\\\/es\\\/#\\\/schema\\\/logo\\\/image\\\/\",\"url\":\"https:\\\/\\\/i0.wp.com\\\/gay.blog.br\\\/wp-content\\\/uploads\\\/2023\\\/08\\\/gay180px.png?fit=272%2C90&ssl=1\",\"contentUrl\":\"https:\\\/\\\/i0.wp.com\\\/gay.blog.br\\\/wp-content\\\/uploads\\\/2023\\\/08\\\/gay180px.png?fit=272%2C90&ssl=1\",\"width\":272,\"height\":90,\"caption\":\"GAY BLOG BR\"},\"image\":{\"@id\":\"https:\\\/\\\/gay.blog.br\\\/es\\\/#\\\/schema\\\/logo\\\/image\\\/\"},\"sameAs\":[\"https:\\\/\\\/facebook.com\\\/gayblogbr\",\"https:\\\/\\\/x.com\\\/gayblogbr\",\"https:\\\/\\\/instagram.com\\\/gayblogbr\",\"https:\\\/\\\/www.linkedin.com\\\/company\\\/gayblogbr\\\/\",\"https:\\\/\\\/br.pinterest.com\\\/gayblogbr\\\/\",\"https:\\\/\\\/www.youtube.com\\\/channel\\\/UCdEu3JXLOB-wvWAVUF4AIiA\",\"https:\\\/\\\/pt.wikipedia.org\\\/wiki\\\/Gay_Blog_Br\",\"https:\\\/\\\/www.threads.net\\\/@gayblogbr\"]},{\"@type\":\"Person\",\"@id\":\"https:\\\/\\\/gay.blog.br\\\/es\\\/#\\\/schema\\\/person\\\/ab4bce68ee54b8f4af5c174efe7472e5\",\"name\":\"www.gay.blog.br\",\"image\":{\"@type\":\"ImageObject\",\"inLanguage\":\"es\",\"@id\":\"https:\\\/\\\/secure.gravatar.com\\\/avatar\\\/a6fb6bf5c84cdaa375389c43448e2bb88db4600d8fc5be6c42a410789075740f?s=96&d=mm&r=g\",\"url\":\"https:\\\/\\\/secure.gravatar.com\\\/avatar\\\/a6fb6bf5c84cdaa375389c43448e2bb88db4600d8fc5be6c42a410789075740f?s=96&d=mm&r=g\",\"contentUrl\":\"https:\\\/\\\/secure.gravatar.com\\\/avatar\\\/a6fb6bf5c84cdaa375389c43448e2bb88db4600d8fc5be6c42a410789075740f?s=96&d=mm&r=g\",\"caption\":\"www.gay.blog.br\"},\"description\":\"Receba as not\u00edcias pelo Telegram!\",\"sameAs\":[\"https:\\\/\\\/facebook.com\\\/gayblogbr\",\"https:\\\/\\\/instagram.com\\\/gayblogbr\",\"https:\\\/\\\/www.linkedin.com\\\/company\\\/gayblogbr\\\/\",\"https:\\\/\\\/pinterest.com\\\/gayblogbr\\\/\",\"https:\\\/\\\/x.com\\\/https:\\\/\\\/bsky.app\\\/profile\\\/gayblogbr.bsky.social\",\"https:\\\/\\\/www.youtube.com\\\/@GAYBLOGBR\",\"https:\\\/\\\/pt.wikipedia.org\\\/wiki\\\/Gay_Blog_Br\"],\"url\":\"https:\\\/\\\/gay.blog.br\\\/es\\\/author\\\/oaudaznavegante\\\/\"}]}<\/script>\n<!-- \/ Yoast SEO plugin. -->","yoast_head_json":{"title":"C\u00f3mo Crivella se convirti\u00f3 en el mayor difusor de literatura LGBT en Brasil","description":"Marcelo Crivella (PSC) quiso lanzar una campa\u00f1a contra un c\u00f3mic de Marvel, pero termin\u00f3 moviendo el mercado de libros de tem\u00e1tica LGBT","robots":{"index":"index","follow":"follow","max-snippet":"max-snippet:-1","max-image-preview":"max-image-preview:large","max-video-preview":"max-video-preview:-1"},"canonical":"https:\/\/gay.blog.br\/es\/noticias-es\/como-crivella-se-convirtio-en-el-mayor-difusor-de-literatura-lgbt-en-brasil\/","og_locale":"es_ES","og_type":"article","og_title":"C\u00f3mo Crivella se convirti\u00f3 en el mayor difusor de literatura LGBT en Brasil","og_description":"Marcelo Crivella (PSC) quiso lanzar una campa\u00f1a contra un c\u00f3mic de Marvel, pero termin\u00f3 moviendo el mercado de libros de tem\u00e1tica LGBT","og_url":"https:\/\/gay.blog.br\/es\/noticias-es\/como-crivella-se-convirtio-en-el-mayor-difusor-de-literatura-lgbt-en-brasil\/","og_site_name":"GAY BLOG BR @gayblogbr","article_publisher":"https:\/\/facebook.com\/gayblogbr","article_author":"https:\/\/facebook.com\/gayblogbr","article_published_time":"2019-09-08T02:47:56+00:00","article_modified_time":"2021-03-17T01:04:19+00:00","og_image":[{"width":1242,"height":922,"url":"https:\/\/i2.wp.com\/gay.blog.br\/wp-content\/uploads\/2019\/09\/unnamed.jpg?fit=1242%2C922&ssl=1","type":"image\/jpeg"}],"author":"www.gay.blog.br","twitter_card":"summary_large_image","twitter_creator":"@https:\/\/bsky.app\/profile\/gayblogbr.bsky.social","twitter_site":"@gayblogbr","twitter_misc":{"Escrito por":"www.gay.blog.br","Tiempo de lectura":"12 minutos"},"schema":{"@context":"https:\/\/schema.org","@graph":[{"@type":"Article","@id":"https:\/\/gay.blog.br\/es\/noticias-es\/como-crivella-se-convirtio-en-el-mayor-difusor-de-literatura-lgbt-en-brasil\/#article","isPartOf":{"@id":"https:\/\/gay.blog.br\/es\/noticias-es\/como-crivella-se-convirtio-en-el-mayor-difusor-de-literatura-lgbt-en-brasil\/"},"author":{"name":"www.gay.blog.br","@id":"https:\/\/gay.blog.br\/es\/#\/schema\/person\/ab4bce68ee54b8f4af5c174efe7472e5"},"headline":"C\u00f3mo Crivella se convirti\u00f3 en el mayor difusor de literatura LGBT en Brasil","datePublished":"2019-09-08T02:47:56+00:00","dateModified":"2021-03-17T01:04:19+00:00","mainEntityOfPage":{"@id":"https:\/\/gay.blog.br\/es\/noticias-es\/como-crivella-se-convirtio-en-el-mayor-difusor-de-literatura-lgbt-en-brasil\/"},"wordCount":2508,"commentCount":0,"publisher":{"@id":"https:\/\/gay.blog.br\/es\/#organization"},"image":{"@id":"https:\/\/gay.blog.br\/es\/noticias-es\/como-crivella-se-convirtio-en-el-mayor-difusor-de-literatura-lgbt-en-brasil\/#primaryimage"},"thumbnailUrl":"https:\/\/i0.wp.com\/gay.blog.br\/wp-content\/uploads\/2019\/09\/unnamed.jpg?fit=1242%2C922&ssl=1","keywords":["alcalde","beso gay","bienal","c\u00f3mic","censura","crivella","felipe neto","homofobia","hq gay","leer con orgullo","libro","libro bienal","literatura","Ll\u00e1mame por tu nombre","marcelo crivella","marvel","psc","Salvat","Vengadores"],"articleSection":["LITERATURA","NOT\u00cdCIAS"],"inLanguage":"es","potentialAction":[{"@type":"CommentAction","name":"Comment","target":["https:\/\/gay.blog.br\/es\/noticias-es\/como-crivella-se-convirtio-en-el-mayor-difusor-de-literatura-lgbt-en-brasil\/#respond"]}]},{"@type":"WebPage","@id":"https:\/\/gay.blog.br\/es\/noticias-es\/como-crivella-se-convirtio-en-el-mayor-difusor-de-literatura-lgbt-en-brasil\/","url":"https:\/\/gay.blog.br\/es\/noticias-es\/como-crivella-se-convirtio-en-el-mayor-difusor-de-literatura-lgbt-en-brasil\/","name":"C\u00f3mo Crivella se convirti\u00f3 en el mayor difusor de literatura LGBT en Brasil","isPartOf":{"@id":"https:\/\/gay.blog.br\/es\/#website"},"primaryImageOfPage":{"@id":"https:\/\/gay.blog.br\/es\/noticias-es\/como-crivella-se-convirtio-en-el-mayor-difusor-de-literatura-lgbt-en-brasil\/#primaryimage"},"image":{"@id":"https:\/\/gay.blog.br\/es\/noticias-es\/como-crivella-se-convirtio-en-el-mayor-difusor-de-literatura-lgbt-en-brasil\/#primaryimage"},"thumbnailUrl":"https:\/\/i0.wp.com\/gay.blog.br\/wp-content\/uploads\/2019\/09\/unnamed.jpg?fit=1242%2C922&ssl=1","datePublished":"2019-09-08T02:47:56+00:00","dateModified":"2021-03-17T01:04:19+00:00","description":"Marcelo Crivella (PSC) quiso lanzar una campa\u00f1a contra un c\u00f3mic de Marvel, pero termin\u00f3 moviendo el mercado de libros de tem\u00e1tica LGBT","breadcrumb":{"@id":"https:\/\/gay.blog.br\/es\/noticias-es\/como-crivella-se-convirtio-en-el-mayor-difusor-de-literatura-lgbt-en-brasil\/#breadcrumb"},"inLanguage":"es","potentialAction":[{"@type":"ReadAction","target":["https:\/\/gay.blog.br\/es\/noticias-es\/como-crivella-se-convirtio-en-el-mayor-difusor-de-literatura-lgbt-en-brasil\/"]}]},{"@type":"ImageObject","inLanguage":"es","@id":"https:\/\/gay.blog.br\/es\/noticias-es\/como-crivella-se-convirtio-en-el-mayor-difusor-de-literatura-lgbt-en-brasil\/#primaryimage","url":"https:\/\/i0.wp.com\/gay.blog.br\/wp-content\/uploads\/2019\/09\/unnamed.jpg?fit=1242%2C922&ssl=1","contentUrl":"https:\/\/i0.wp.com\/gay.blog.br\/wp-content\/uploads\/2019\/09\/unnamed.jpg?fit=1242%2C922&ssl=1","width":1242,"height":922},{"@type":"BreadcrumbList","@id":"https:\/\/gay.blog.br\/es\/noticias-es\/como-crivella-se-convirtio-en-el-mayor-difusor-de-literatura-lgbt-en-brasil\/#breadcrumb","itemListElement":[{"@type":"ListItem","position":1,"name":"In\u00edcio","item":"https:\/\/gay.blog.br\/es\/"},{"@type":"ListItem","position":2,"name":"C\u00f3mo Crivella se convirti\u00f3 en el mayor difusor de literatura LGBT en Brasil"}]},{"@type":"WebSite","@id":"https:\/\/gay.blog.br\/es\/#website","url":"https:\/\/gay.blog.br\/es\/","name":"GAY BLOG BR @gayblogbr","description":"Not\u00edcias que empoderam e\/ou entret\u00eam s\u00e3o especialidades da casa","publisher":{"@id":"https:\/\/gay.blog.br\/es\/#organization"},"potentialAction":[{"@type":"SearchAction","target":{"@type":"EntryPoint","urlTemplate":"https:\/\/gay.blog.br\/es\/?s={search_term_string}"},"query-input":{"@type":"PropertyValueSpecification","valueRequired":true,"valueName":"search_term_string"}}],"inLanguage":"es"},{"@type":"Organization","@id":"https:\/\/gay.blog.br\/es\/#organization","name":"GAY BLOG BR","url":"https:\/\/gay.blog.br\/es\/","logo":{"@type":"ImageObject","inLanguage":"es","@id":"https:\/\/gay.blog.br\/es\/#\/schema\/logo\/image\/","url":"https:\/\/i0.wp.com\/gay.blog.br\/wp-content\/uploads\/2023\/08\/gay180px.png?fit=272%2C90&ssl=1","contentUrl":"https:\/\/i0.wp.com\/gay.blog.br\/wp-content\/uploads\/2023\/08\/gay180px.png?fit=272%2C90&ssl=1","width":272,"height":90,"caption":"GAY BLOG BR"},"image":{"@id":"https:\/\/gay.blog.br\/es\/#\/schema\/logo\/image\/"},"sameAs":["https:\/\/facebook.com\/gayblogbr","https:\/\/x.com\/gayblogbr","https:\/\/instagram.com\/gayblogbr","https:\/\/www.linkedin.com\/company\/gayblogbr\/","https:\/\/br.pinterest.com\/gayblogbr\/","https:\/\/www.youtube.com\/channel\/UCdEu3JXLOB-wvWAVUF4AIiA","https:\/\/pt.wikipedia.org\/wiki\/Gay_Blog_Br","https:\/\/www.threads.net\/@gayblogbr"]},{"@type":"Person","@id":"https:\/\/gay.blog.br\/es\/#\/schema\/person\/ab4bce68ee54b8f4af5c174efe7472e5","name":"www.gay.blog.br","image":{"@type":"ImageObject","inLanguage":"es","@id":"https:\/\/secure.gravatar.com\/avatar\/a6fb6bf5c84cdaa375389c43448e2bb88db4600d8fc5be6c42a410789075740f?s=96&d=mm&r=g","url":"https:\/\/secure.gravatar.com\/avatar\/a6fb6bf5c84cdaa375389c43448e2bb88db4600d8fc5be6c42a410789075740f?s=96&d=mm&r=g","contentUrl":"https:\/\/secure.gravatar.com\/avatar\/a6fb6bf5c84cdaa375389c43448e2bb88db4600d8fc5be6c42a410789075740f?s=96&d=mm&r=g","caption":"www.gay.blog.br"},"description":"Receba as not\u00edcias pelo Telegram!","sameAs":["https:\/\/facebook.com\/gayblogbr","https:\/\/instagram.com\/gayblogbr","https:\/\/www.linkedin.com\/company\/gayblogbr\/","https:\/\/pinterest.com\/gayblogbr\/","https:\/\/x.com\/https:\/\/bsky.app\/profile\/gayblogbr.bsky.social","https:\/\/www.youtube.com\/@GAYBLOGBR","https:\/\/pt.wikipedia.org\/wiki\/Gay_Blog_Br"],"url":"https:\/\/gay.blog.br\/es\/author\/oaudaznavegante\/"}]}},"jetpack_publicize_connections":[],"jetpack_featured_media_url":"https:\/\/i0.wp.com\/gay.blog.br\/wp-content\/uploads\/2019\/09\/unnamed.jpg?fit=1242%2C922&ssl=1","jetpack_sharing_enabled":true,"jetpack_shortlink":"https:\/\/wp.me\/p6klkK-u5n","jetpack_likes_enabled":false,"amp_enabled":true,"_links":{"self":[{"href":"https:\/\/gay.blog.br\/es\/wp-json\/wp\/v2\/posts\/115653","targetHints":{"allow":["GET"]}}],"collection":[{"href":"https:\/\/gay.blog.br\/es\/wp-json\/wp\/v2\/posts"}],"about":[{"href":"https:\/\/gay.blog.br\/es\/wp-json\/wp\/v2\/types\/post"}],"author":[{"embeddable":true,"href":"https:\/\/gay.blog.br\/es\/wp-json\/wp\/v2\/users\/2"}],"replies":[{"embeddable":true,"href":"https:\/\/gay.blog.br\/es\/wp-json\/wp\/v2\/comments?post=115653"}],"version-history":[{"count":0,"href":"https:\/\/gay.blog.br\/es\/wp-json\/wp\/v2\/posts\/115653\/revisions"}],"wp:featuredmedia":[{"embeddable":true,"href":"https:\/\/gay.blog.br\/es\/wp-json\/wp\/v2\/media\/74429"}],"wp:attachment":[{"href":"https:\/\/gay.blog.br\/es\/wp-json\/wp\/v2\/media?parent=115653"}],"wp:term":[{"taxonomy":"category","embeddable":true,"href":"https:\/\/gay.blog.br\/es\/wp-json\/wp\/v2\/categories?post=115653"},{"taxonomy":"post_tag","embeddable":true,"href":"https:\/\/gay.blog.br\/es\/wp-json\/wp\/v2\/tags?post=115653"}],"curies":[{"name":"wp","href":"https:\/\/api.w.org\/{rel}","templated":true}]}}