{"id":115656,"date":"2019-08-30T20:05:54","date_gmt":"2019-08-30T23:05:54","guid":{"rendered":"https:\/\/gay.blog.br\/?p=115656"},"modified":"2021-03-16T00:16:37","modified_gmt":"2021-03-16T03:16:37","slug":"pabllo-vittar-participara-en-el-boost-run-sp-y-hara-un-show-exclusivo","status":"publish","type":"post","link":"https:\/\/gay.blog.br\/es\/noticias-es\/pabllo-vittar-participara-en-el-boost-run-sp-y-hara-un-show-exclusivo\/","title":{"rendered":"Pabllo Vittar participar\u00e1 en el BOOST RUN SP y har\u00e1 un show exclusivo"},"content":{"rendered":"<p style=\"text-align: justify;\"><strong>Pabllo Vittar<\/strong> recibi\u00f3 la invitaci\u00f3n de Adidas para cerrar la primera edici\u00f3n de la carrera <strong>BOOST RUN SP<\/strong>, en Campo de Marte, el <strong>6 de octubre.<\/strong> Adem\u00e1s del show exclusivo para los participantes del evento, la cantante tambi\u00e9n se unir\u00e1 a los corredores en la categor\u00eda \u00aben parejas\u00bb, uni\u00e9ndose a la conductora del canal de YouTube Desimpedidos @Fred. \u00abEstoy muy emocionada por BOOST RUN SP. Corro como actividad f\u00edsica y me encanta mucho, pero esta es la primera vez que participo en una carrera real. \u00a1Estoy s\u00faper ansiosa!\u00bb, Cuenta Pabllo.<\/p>\n<div class=\"tiled-gallery type-rectangular tiled-gallery-unresized\" data-original-width=\"696\" data-carousel-extra='{&quot;blog_id&quot;:1,&quot;permalink&quot;:&quot;https:\\\/\\\/gay.blog.br\\\/es\\\/noticias-es\\\/pabllo-vittar-participara-en-el-boost-run-sp-y-hara-un-show-exclusivo\\\/&quot;,&quot;likes_blog_id&quot;:93506586}' itemscope itemtype=\"http:\/\/schema.org\/ImageGallery\" > <div class=\"gallery-row\" style=\"width: 696px; height: 334px;\" data-original-width=\"696\" data-original-height=\"334\" > <div class=\"gallery-group images-1\" style=\"width: 225px; height: 334px;\" data-original-width=\"225\" data-original-height=\"334\" > <div class=\"tiled-gallery-item tiled-gallery-item-small\" itemprop=\"associatedMedia\" itemscope itemtype=\"http:\/\/schema.org\/ImageObject\"> <a href=\"https:\/\/gay.blog.br\/es\/noticias-es\/pabllo-vittar-participara-en-el-boost-run-sp-y-hara-un-show-exclusivo\/attachment\/01-4-2\/\" border=\"0\" itemprop=\"url\"> <meta itemprop=\"width\" content=\"221\"> <meta itemprop=\"height\" content=\"330\"> <img decoding=\"async\" class=\"\" data-attachment-id=\"74329\" data-orig-file=\"https:\/\/gay.blog.br\/wp-content\/uploads\/2019\/09\/01.jpg\" data-orig-size=\"803,1203\" data-comments-opened=\"1\" data-image-meta=\"{&quot;aperture&quot;:&quot;2&quot;,&quot;credit&quot;:&quot;&quot;,&quot;camera&quot;:&quot;NIKON D750&quot;,&quot;caption&quot;:&quot;&quot;,&quot;created_timestamp&quot;:&quot;1567164715&quot;,&quot;copyright&quot;:&quot;&quot;,&quot;focal_length&quot;:&quot;35&quot;,&quot;iso&quot;:&quot;640&quot;,&quot;shutter_speed&quot;:&quot;0.003125&quot;,&quot;title&quot;:&quot;&quot;,&quot;orientation&quot;:&quot;1&quot;}\" data-image-title=\"BOOST RUN SP acontecer\u00e1 no dia 6 de outubro, no Campo de Marte\" data-image-description=\"\" data-medium-file=\"https:\/\/i0.wp.com\/gay.blog.br\/wp-content\/uploads\/2019\/09\/01.jpg?fit=200%2C300&#038;ssl=1\" data-large-file=\"https:\/\/i0.wp.com\/gay.blog.br\/wp-content\/uploads\/2019\/09\/01.jpg?fit=684%2C1024&#038;ssl=1\" src=\"https:\/\/i0.wp.com\/gay.blog.br\/wp-content\/uploads\/2019\/09\/01.jpg?w=221&#038;h=330&#038;ssl=1\" srcset=\"https:\/\/i0.wp.com\/gay.blog.br\/wp-content\/uploads\/2019\/09\/01.jpg?w=803&amp;ssl=1 803w, https:\/\/i0.wp.com\/gay.blog.br\/wp-content\/uploads\/2019\/09\/01.jpg?resize=100%2C150&amp;ssl=1 100w, https:\/\/i0.wp.com\/gay.blog.br\/wp-content\/uploads\/2019\/09\/01.jpg?resize=200%2C300&amp;ssl=1 200w, https:\/\/i0.wp.com\/gay.blog.br\/wp-content\/uploads\/2019\/09\/01.jpg?resize=768%2C1151&amp;ssl=1 768w, https:\/\/i0.wp.com\/gay.blog.br\/wp-content\/uploads\/2019\/09\/01.jpg?resize=684%2C1024&amp;ssl=1 684w, https:\/\/i0.wp.com\/gay.blog.br\/wp-content\/uploads\/2019\/09\/01.jpg?resize=696%2C1043&amp;ssl=1 696w, https:\/\/i0.wp.com\/gay.blog.br\/wp-content\/uploads\/2019\/09\/01.jpg?resize=561%2C840&amp;ssl=1 561w\" width=\"221\" height=\"330\" loading=\"lazy\" data-original-width=\"221\" data-original-height=\"330\" itemprop=\"http:\/\/schema.org\/image\" title=\"BOOST RUN SP acontecer\u00e1 no dia 6 de outubro, no Campo de Marte\" alt=\"BOOST RUN SP acontecer\u00e1 no dia 6 de outubro, no Campo de Marte\" style=\"width: 221px; height: 330px;\" \/> <\/a> <div class=\"tiled-gallery-caption\" itemprop=\"caption description\"> BOOST RUN SP acontecer\u00e1 no dia 6 de outubro, no Campo de Marte <\/div> <\/div> <\/div> <!-- close group --> <div class=\"gallery-group images-1\" style=\"width: 247px; height: 334px;\" data-original-width=\"247\" data-original-height=\"334\" > <div class=\"tiled-gallery-item tiled-gallery-item-small\" itemprop=\"associatedMedia\" itemscope itemtype=\"http:\/\/schema.org\/ImageObject\"> <a href=\"https:\/\/gay.blog.br\/es\/noticias-es\/pabllo-vittar-participara-en-el-boost-run-sp-y-hara-un-show-exclusivo\/attachment\/05-2-2\/\" border=\"0\" itemprop=\"url\"> <meta itemprop=\"width\" content=\"243\"> <meta itemprop=\"height\" content=\"330\"> <img decoding=\"async\" class=\"\" data-attachment-id=\"74337\" data-orig-file=\"https:\/\/gay.blog.br\/wp-content\/uploads\/2019\/09\/05.jpg\" data-orig-size=\"648,880\" data-comments-opened=\"1\" data-image-meta=\"{&quot;aperture&quot;:&quot;2.8&quot;,&quot;credit&quot;:&quot;&quot;,&quot;camera&quot;:&quot;NIKON D750&quot;,&quot;caption&quot;:&quot;&quot;,&quot;created_timestamp&quot;:&quot;1567164428&quot;,&quot;copyright&quot;:&quot;&quot;,&quot;focal_length&quot;:&quot;86&quot;,&quot;iso&quot;:&quot;640&quot;,&quot;shutter_speed&quot;:&quot;0.002&quot;,&quot;title&quot;:&quot;&quot;,&quot;orientation&quot;:&quot;1&quot;}\" data-image-title=\"05\" data-image-description=\"\" data-medium-file=\"https:\/\/i0.wp.com\/gay.blog.br\/wp-content\/uploads\/2019\/09\/05.jpg?fit=221%2C300&#038;ssl=1\" data-large-file=\"https:\/\/i0.wp.com\/gay.blog.br\/wp-content\/uploads\/2019\/09\/05.jpg?fit=648%2C880&#038;ssl=1\" src=\"https:\/\/i0.wp.com\/gay.blog.br\/wp-content\/uploads\/2019\/09\/05.jpg?w=243&#038;h=330&#038;ssl=1\" srcset=\"https:\/\/i0.wp.com\/gay.blog.br\/wp-content\/uploads\/2019\/09\/05.jpg?w=648&amp;ssl=1 648w, https:\/\/i0.wp.com\/gay.blog.br\/wp-content\/uploads\/2019\/09\/05.jpg?resize=110%2C150&amp;ssl=1 110w, https:\/\/i0.wp.com\/gay.blog.br\/wp-content\/uploads\/2019\/09\/05.jpg?resize=221%2C300&amp;ssl=1 221w, https:\/\/i0.wp.com\/gay.blog.br\/wp-content\/uploads\/2019\/09\/05.jpg?resize=309%2C420&amp;ssl=1 309w, https:\/\/i0.wp.com\/gay.blog.br\/wp-content\/uploads\/2019\/09\/05.jpg?resize=619%2C840&amp;ssl=1 619w\" width=\"243\" height=\"330\" loading=\"lazy\" data-original-width=\"243\" data-original-height=\"330\" itemprop=\"http:\/\/schema.org\/image\" title=\"05\" alt=\"BOOST RUN SP acontecer\u00e1 no dia 6 de outubro, no Campo de Marte\" style=\"width: 243px; height: 330px;\" \/> <\/a> <div class=\"tiled-gallery-caption\" itemprop=\"caption description\"> BOOST RUN SP acontecer\u00e1 no dia 6 de outubro, no Campo de Marte <\/div> <\/div> <\/div> <!-- close group --> <div class=\"gallery-group images-1\" style=\"width: 224px; height: 334px;\" data-original-width=\"224\" data-original-height=\"334\" > <div class=\"tiled-gallery-item tiled-gallery-item-small\" itemprop=\"associatedMedia\" itemscope itemtype=\"http:\/\/schema.org\/ImageObject\"> <a href=\"https:\/\/gay.blog.br\/es\/noticias-es\/pabllo-vittar-participara-en-el-boost-run-sp-y-hara-un-show-exclusivo\/attachment\/04-2-2\/\" border=\"0\" itemprop=\"url\"> <meta itemprop=\"width\" content=\"220\"> <meta itemprop=\"height\" content=\"330\"> <img decoding=\"async\" class=\"\" data-attachment-id=\"74335\" data-orig-file=\"https:\/\/gay.blog.br\/wp-content\/uploads\/2019\/09\/04.jpg\" data-orig-size=\"803,1203\" data-comments-opened=\"1\" data-image-meta=\"{&quot;aperture&quot;:&quot;2&quot;,&quot;credit&quot;:&quot;&quot;,&quot;camera&quot;:&quot;NIKON D750&quot;,&quot;caption&quot;:&quot;&quot;,&quot;created_timestamp&quot;:&quot;1567164662&quot;,&quot;copyright&quot;:&quot;&quot;,&quot;focal_length&quot;:&quot;35&quot;,&quot;iso&quot;:&quot;640&quot;,&quot;shutter_speed&quot;:&quot;0.003125&quot;,&quot;title&quot;:&quot;&quot;,&quot;orientation&quot;:&quot;1&quot;}\" data-image-title=\"BOOST RUN SP acontecer\u00e1 no dia 6 de outubro, no Campo de Marte\" data-image-description=\"\" data-medium-file=\"https:\/\/i0.wp.com\/gay.blog.br\/wp-content\/uploads\/2019\/09\/04.jpg?fit=200%2C300&#038;ssl=1\" data-large-file=\"https:\/\/i0.wp.com\/gay.blog.br\/wp-content\/uploads\/2019\/09\/04.jpg?fit=684%2C1024&#038;ssl=1\" src=\"https:\/\/i0.wp.com\/gay.blog.br\/wp-content\/uploads\/2019\/09\/04.jpg?w=220&#038;h=330&#038;ssl=1\" srcset=\"https:\/\/i0.wp.com\/gay.blog.br\/wp-content\/uploads\/2019\/09\/04.jpg?w=803&amp;ssl=1 803w, https:\/\/i0.wp.com\/gay.blog.br\/wp-content\/uploads\/2019\/09\/04.jpg?resize=100%2C150&amp;ssl=1 100w, https:\/\/i0.wp.com\/gay.blog.br\/wp-content\/uploads\/2019\/09\/04.jpg?resize=200%2C300&amp;ssl=1 200w, https:\/\/i0.wp.com\/gay.blog.br\/wp-content\/uploads\/2019\/09\/04.jpg?resize=768%2C1151&amp;ssl=1 768w, https:\/\/i0.wp.com\/gay.blog.br\/wp-content\/uploads\/2019\/09\/04.jpg?resize=684%2C1024&amp;ssl=1 684w, https:\/\/i0.wp.com\/gay.blog.br\/wp-content\/uploads\/2019\/09\/04.jpg?resize=696%2C1043&amp;ssl=1 696w, https:\/\/i0.wp.com\/gay.blog.br\/wp-content\/uploads\/2019\/09\/04.jpg?resize=280%2C420&amp;ssl=1 280w, https:\/\/i0.wp.com\/gay.blog.br\/wp-content\/uploads\/2019\/09\/04.jpg?resize=561%2C840&amp;ssl=1 561w\" width=\"220\" height=\"330\" loading=\"lazy\" data-original-width=\"220\" data-original-height=\"330\" itemprop=\"http:\/\/schema.org\/image\" title=\"BOOST RUN SP acontecer\u00e1 no dia 6 de outubro, no Campo de Marte\" alt=\"BOOST RUN SP acontecer\u00e1 no dia 6 de outubro, no Campo de Marte\" style=\"width: 220px; height: 330px;\" \/> <\/a> <div class=\"tiled-gallery-caption\" itemprop=\"caption description\"> BOOST RUN SP acontecer\u00e1 no dia 6 de outubro, no Campo de Marte <\/div> <\/div> <\/div> <!-- close group --> <\/div> <!-- close row --> <div class=\"gallery-row\" style=\"width: 696px; height: 483px;\" data-original-width=\"696\" data-original-height=\"483\" > <div class=\"gallery-group images-1\" style=\"width: 324px; height: 483px;\" data-original-width=\"324\" data-original-height=\"483\" > <div class=\"tiled-gallery-item tiled-gallery-item-large\" itemprop=\"associatedMedia\" itemscope itemtype=\"http:\/\/schema.org\/ImageObject\"> <a href=\"https:\/\/gay.blog.br\/es\/noticias-es\/pabllo-vittar-participara-en-el-boost-run-sp-y-hara-un-show-exclusivo\/attachment\/03-2-2\/\" border=\"0\" itemprop=\"url\"> <meta itemprop=\"width\" content=\"320\"> <meta itemprop=\"height\" content=\"479\"> <img decoding=\"async\" class=\"\" data-attachment-id=\"74333\" data-orig-file=\"https:\/\/gay.blog.br\/wp-content\/uploads\/2019\/09\/03.jpg\" data-orig-size=\"803,1203\" data-comments-opened=\"1\" data-image-meta=\"{&quot;aperture&quot;:&quot;2.8&quot;,&quot;credit&quot;:&quot;&quot;,&quot;camera&quot;:&quot;NIKON D750&quot;,&quot;caption&quot;:&quot;&quot;,&quot;created_timestamp&quot;:&quot;1567164453&quot;,&quot;copyright&quot;:&quot;&quot;,&quot;focal_length&quot;:&quot;112&quot;,&quot;iso&quot;:&quot;640&quot;,&quot;shutter_speed&quot;:&quot;0.002&quot;,&quot;title&quot;:&quot;&quot;,&quot;orientation&quot;:&quot;1&quot;}\" data-image-title=\"BOOST RUN SP acontecer\u00e1 no dia 6 de outubro, no Campo de Marte\" data-image-description=\"\" data-medium-file=\"https:\/\/i0.wp.com\/gay.blog.br\/wp-content\/uploads\/2019\/09\/03.jpg?fit=200%2C300&#038;ssl=1\" data-large-file=\"https:\/\/i0.wp.com\/gay.blog.br\/wp-content\/uploads\/2019\/09\/03.jpg?fit=684%2C1024&#038;ssl=1\" src=\"https:\/\/i0.wp.com\/gay.blog.br\/wp-content\/uploads\/2019\/09\/03.jpg?w=320&#038;h=479&#038;ssl=1\" srcset=\"https:\/\/i0.wp.com\/gay.blog.br\/wp-content\/uploads\/2019\/09\/03.jpg?w=803&amp;ssl=1 803w, https:\/\/i0.wp.com\/gay.blog.br\/wp-content\/uploads\/2019\/09\/03.jpg?resize=100%2C150&amp;ssl=1 100w, https:\/\/i0.wp.com\/gay.blog.br\/wp-content\/uploads\/2019\/09\/03.jpg?resize=200%2C300&amp;ssl=1 200w, https:\/\/i0.wp.com\/gay.blog.br\/wp-content\/uploads\/2019\/09\/03.jpg?resize=768%2C1151&amp;ssl=1 768w, https:\/\/i0.wp.com\/gay.blog.br\/wp-content\/uploads\/2019\/09\/03.jpg?resize=684%2C1024&amp;ssl=1 684w, https:\/\/i0.wp.com\/gay.blog.br\/wp-content\/uploads\/2019\/09\/03.jpg?resize=696%2C1043&amp;ssl=1 696w, https:\/\/i0.wp.com\/gay.blog.br\/wp-content\/uploads\/2019\/09\/03.jpg?resize=280%2C420&amp;ssl=1 280w, https:\/\/i0.wp.com\/gay.blog.br\/wp-content\/uploads\/2019\/09\/03.jpg?resize=561%2C840&amp;ssl=1 561w\" width=\"320\" height=\"479\" loading=\"lazy\" data-original-width=\"320\" data-original-height=\"479\" itemprop=\"http:\/\/schema.org\/image\" title=\"BOOST RUN SP acontecer\u00e1 no dia 6 de outubro, no Campo de Marte\" alt=\"BOOST RUN SP acontecer\u00e1 no dia 6 de outubro, no Campo de Marte\" style=\"width: 320px; height: 479px;\" \/> <\/a> <div class=\"tiled-gallery-caption\" itemprop=\"caption description\"> BOOST RUN SP acontecer\u00e1 no dia 6 de outubro, no Campo de Marte <\/div> <\/div> <\/div> <!-- close group --> <div class=\"gallery-group images-1\" style=\"width: 372px; height: 483px;\" data-original-width=\"372\" data-original-height=\"483\" > <div class=\"tiled-gallery-item tiled-gallery-item-large\" itemprop=\"associatedMedia\" itemscope itemtype=\"http:\/\/schema.org\/ImageObject\"> <a href=\"https:\/\/gay.blog.br\/es\/noticias-es\/pabllo-vittar-participara-en-el-boost-run-sp-y-hara-un-show-exclusivo\/attachment\/02-2-2\/\" border=\"0\" itemprop=\"url\"> <meta itemprop=\"width\" content=\"368\"> <meta itemprop=\"height\" content=\"479\"> <img decoding=\"async\" class=\"\" data-attachment-id=\"74331\" data-orig-file=\"https:\/\/gay.blog.br\/wp-content\/uploads\/2019\/09\/02.jpg\" data-orig-size=\"744,969\" data-comments-opened=\"1\" data-image-meta=\"{&quot;aperture&quot;:&quot;2.8&quot;,&quot;credit&quot;:&quot;&quot;,&quot;camera&quot;:&quot;NIKON D750&quot;,&quot;caption&quot;:&quot;&quot;,&quot;created_timestamp&quot;:&quot;1567164432&quot;,&quot;copyright&quot;:&quot;&quot;,&quot;focal_length&quot;:&quot;130&quot;,&quot;iso&quot;:&quot;640&quot;,&quot;shutter_speed&quot;:&quot;0.002&quot;,&quot;title&quot;:&quot;&quot;,&quot;orientation&quot;:&quot;1&quot;}\" data-image-title=\"BOOST RUN SP acontecer\u00e1 no dia 6 de outubro, no Campo de Marte\" data-image-description=\"\" data-medium-file=\"https:\/\/i0.wp.com\/gay.blog.br\/wp-content\/uploads\/2019\/09\/02.jpg?fit=230%2C300&#038;ssl=1\" data-large-file=\"https:\/\/i0.wp.com\/gay.blog.br\/wp-content\/uploads\/2019\/09\/02.jpg?fit=696%2C906&#038;ssl=1\" src=\"https:\/\/i0.wp.com\/gay.blog.br\/wp-content\/uploads\/2019\/09\/02.jpg?w=368&#038;h=479&#038;ssl=1\" srcset=\"https:\/\/i0.wp.com\/gay.blog.br\/wp-content\/uploads\/2019\/09\/02.jpg?w=744&amp;ssl=1 744w, https:\/\/i0.wp.com\/gay.blog.br\/wp-content\/uploads\/2019\/09\/02.jpg?resize=115%2C150&amp;ssl=1 115w, https:\/\/i0.wp.com\/gay.blog.br\/wp-content\/uploads\/2019\/09\/02.jpg?resize=230%2C300&amp;ssl=1 230w, https:\/\/i0.wp.com\/gay.blog.br\/wp-content\/uploads\/2019\/09\/02.jpg?resize=696%2C906&amp;ssl=1 696w, https:\/\/i0.wp.com\/gay.blog.br\/wp-content\/uploads\/2019\/09\/02.jpg?resize=322%2C420&amp;ssl=1 322w, https:\/\/i0.wp.com\/gay.blog.br\/wp-content\/uploads\/2019\/09\/02.jpg?resize=645%2C840&amp;ssl=1 645w\" width=\"368\" height=\"479\" loading=\"lazy\" data-original-width=\"368\" data-original-height=\"479\" itemprop=\"http:\/\/schema.org\/image\" title=\"BOOST RUN SP acontecer\u00e1 no dia 6 de outubro, no Campo de Marte\" alt=\"BOOST RUN SP acontecer\u00e1 no dia 6 de outubro, no Campo de Marte\" style=\"width: 368px; height: 479px;\" \/> <\/a> <div class=\"tiled-gallery-caption\" itemprop=\"caption description\"> BOOST RUN SP acontecer\u00e1 no dia 6 de outubro, no Campo de Marte <\/div> <\/div> <\/div> <!-- close group --> <\/div> <!-- close row --> <\/div>\n<p style=\"text-align: justify;\">Con una din\u00e1mica especial y democr\u00e1tica, BOOST RUN SP reunir\u00e1 diferentes perfiles de corredores, desde principiantes hasta deportistas experimentados, ya que permite a los participantes elegir correr 5k + 10k solos (en total 15 km) o en parejas (uno de los miembros corre 5 km y el otro, 10 km). Los 100 mejores clasificados de cada categor\u00eda competir\u00e1n en un decisivo evento de tiro de 1km, v\u00e1lido para plazas para el Marat\u00f3n de Berl\u00edn (modalidad individual) y el Medio Marat\u00f3n de Buenos Aires (modalidad doble).<\/p>\n<p style=\"text-align: justify;\">El evento tambi\u00e9n ofrecer\u00e1 un parque de comidas, servicios de evaluaci\u00f3n f\u00edsica, calentamiento previo a la carrera y recuperaci\u00f3n posterior al recorrido. El cierre se debe al espect\u00e1culo de Pabllo Vittar, que traer\u00e1 al repertorio grandes \u00e9xitos de carrera, como \u00abK.O.\u00bb, \u00abCorpo Sensual\u00bb y su \u00faltimo lanzamiento, \u00abFlash Pose\u00bb. El sencillo, creado en asociaci\u00f3n con la cantante brit\u00e1nica Charli XCX, gan\u00f3 prominencia en las plataformas de transmisi\u00f3n y su videoclip ya tiene m\u00e1s de 10 millones de visitas en YouTube.<\/p>\n<p style=\"text-align: justify;\">Otro diferencial de BOOST RUN SP, es que los corredores inscritos tendr\u00e1n derecho a un acompa\u00f1ante para disfrutar del espect\u00e1culo Pabllo.<\/p>\n<p style=\"text-align: justify;\"><strong>SERVICIO<\/strong><br \/>\n<strong>BOOST RUN SP &#8211; CAMPO DE MARTE<\/strong><br \/>\n<strong>Fecha<\/strong>: 6 de octubre de 2019 &#8211; domingo<br \/>\n<strong>Distancia<\/strong>: 5K + 10K + 1K Challenge<br \/>\n<strong>Inscripciones<\/strong>: del 29 de julio al 29 de septiembre<br \/>\n<strong>Precio<\/strong>: R$ 129,99 (modo individual) o R$ 119,99 (persona \/ modalidad dupla). El valor se puede pagar en cuotas.<br \/>\n<strong>Ubicaci\u00f3n<\/strong>: Aeron\u00e1utica Campo de Marte &#8211; PAMA (Parque de Material Aeron\u00e1utico de San Pablo)<br \/>\n<strong>Direcci\u00f3n<\/strong>: Av. Braz Leme, 3258 &#8211; Santana &#8211; San Pablo &#8211; SP<br \/>\n<strong>Horarios:<\/strong><br \/>\n6 horas \u2013 Apertura<br \/>\n7 horas &#8211; inicio de 5 km<br \/>\n8 horas &#8211; inicio 10K<br \/>\n10:15 horas \u2013 Desafio 1K<br \/>\n11:00 horas &#8211; Premiaci\u00f3n y espect\u00e1culo de Pabllo Vittar<\/p>\n<p style=\"text-align: justify;\"><strong>Consigna de equipaje gratuita para los participantes del evento<\/strong><\/p>\n<p style=\"text-align: justify;\"><strong>INSCRIPCIONES<\/strong><br \/>\nLa inscripci\u00f3n para <strong>BOOST RUN SP<\/strong> se extiende hasta el 29 de septiembre y las tarifas son R$ 129,99 para individuales y R$ 119,99 por persona para duplas. El kit de prueba se entregar\u00e1 directamente en la casa del corredor * y tendr\u00e1 una camiseta oficial de prueba (femenina o masculina), chip, pajita reutilizable, vale de R $ 50,00 en producto en tiendas adidas seleccionadas, vales de experiencia y descuentos exclusivos de los socios de carrera &#8211; como Care Club y Onodera. Adem\u00e1s, el kit viene con un vale de descuento para cualquier persona que solicite Cabify a trav\u00e9s de la aplicaci\u00f3n.<\/p>\n<p style=\"text-align: justify;\">* Los kits se entregar\u00e1n \u00fanicamente en direcciones del Gran San Pablo. Los corredores que se inscriban entre el 20 y el 29 de septiembre deber\u00e1n retirar el kit personalmente.<\/p>\n<p style=\"text-align: justify;\">Consulta el reglamento y participa:<br \/>\n<a href=\"http:\/\/adidasboostrun.com.br\/adidas-boost-run\/regulamento.pdf\" target=\"_blank\" rel=\"noopener noreferrer\" data-saferedirecturl=\"https:\/\/www.google.com\/url?q=http:\/\/adidasboostrun.com.br\/adidas-boost-run\/regulamento.pdf&amp;source=gmail&amp;ust=1567543551379000&amp;usg=AFQjCNHa5ewsMs-zM8H3DmJ-YKVAY0ukEg\">http:\/\/adidasboostrun.com.br\/<wbr \/>adidas-boost-run\/regulamento.<wbr \/>pdf<\/a><\/p>\n<p style=\"text-align: justify;\">Reg\u00edstrese y mant\u00e9ngase al tanto de las noticias en:<br \/>\n<a href=\"http:\/\/www.adidas.com.br\/boostrunSP\" target=\"_blank\" rel=\"noopener noreferrer\" data-saferedirecturl=\"https:\/\/www.google.com\/url?q=http:\/\/www.adidas.com.br\/boostrunSP&amp;source=gmail&amp;ust=1567543551379000&amp;usg=AFQjCNHnsTRZoXA4MhJDN-3aZTwCpYsxOA\">ww.adidas.com.br\/boostrunSP<\/a>.<\/p>\n","protected":false},"excerpt":{"rendered":"<p>Adem\u00e1s de participar en el evento, corriendo por parejas, el artista realizar\u00e1 el espect\u00e1culo de clausura. BOOST RUN SP tendr\u00e1 lugar el 6 de octubre, en el Campo de Marte<\/p>\n","protected":false},"author":2,"featured_media":74327,"comment_status":"open","ping_status":"open","sticky":false,"template":"","format":"standard","meta":{"googlesitekit_rrm_CAoiEBg-BXrJeACjO8p49SE4kTY:productID":"","tdm_status":"","tdm_grid_status":"","_jetpack_newsletter_access":"","_jetpack_dont_email_post_to_subs":false,"_jetpack_newsletter_tier_id":0,"_jetpack_memberships_contains_paywalled_content":false,"_jetpack_memberships_contains_paid_content":false,"footnotes":"","jetpack_publicize_message":"Pabllo Vittar participar\u00e1 en el BOOST RUN SP y har\u00e1 un show exclusivo","jetpack_publicize_feature_enabled":true,"jetpack_social_post_already_shared":true,"jetpack_social_options":{"image_generator_settings":{"template":"highway","default_image_id":0,"font":"","enabled":false},"version":2},"_wpas_customize_per_network":false,"jetpack_post_was_ever_published":false},"categories":[589932400,589932231],"tags":[589937383,589938126,589938127,589938125,589932815,589932553],"class_list":{"0":"post-115656","1":"post","2":"type-post","3":"status-publish","4":"format-standard","5":"has-post-thumbnail","7":"category-conciertos","8":"category-noticias-es","9":"tag-adidas-es","10":"tag-boost-run-sp-es","11":"tag-campo-de-marte-es","12":"tag-carrera","13":"tag-pabllo-vittar-es","14":"tag-sao-paulo-es"},"yoast_head":"<!-- This site is optimized with the Yoast SEO plugin v27.4 - https:\/\/yoast.com\/product\/yoast-seo-wordpress\/ -->\n<title>Pabllo Vittar participar\u00e1 en el BOOST RUN SP y har\u00e1 un show exclusivo<\/title>\n<meta name=\"description\" content=\"Adem\u00e1s de participar en el evento, corriendo por parejas, el artista realizar\u00e1 el espect\u00e1culo de clausura. BOOST RUN SP tendr\u00e1 lugar el 6 de octubre, en el Campo de Marte\" \/>\n<meta name=\"robots\" content=\"index, follow, max-snippet:-1, max-image-preview:large, max-video-preview:-1\" \/>\n<link rel=\"canonical\" href=\"https:\/\/gay.blog.br\/es\/noticias-es\/pabllo-vittar-participara-en-el-boost-run-sp-y-hara-un-show-exclusivo\/\" \/>\n<meta property=\"og:locale\" content=\"es_ES\" \/>\n<meta property=\"og:type\" content=\"article\" \/>\n<meta property=\"og:title\" content=\"Pabllo Vittar participar\u00e1 en el BOOST RUN SP y har\u00e1 un show exclusivo\" \/>\n<meta property=\"og:description\" content=\"Adem\u00e1s de participar en el evento, corriendo por parejas, el artista realizar\u00e1 el espect\u00e1culo de clausura. BOOST RUN SP tendr\u00e1 lugar el 6 de octubre, en el Campo de Marte\" \/>\n<meta property=\"og:url\" content=\"https:\/\/gay.blog.br\/es\/noticias-es\/pabllo-vittar-participara-en-el-boost-run-sp-y-hara-un-show-exclusivo\/\" \/>\n<meta property=\"og:site_name\" content=\"GAY BLOG BR @gayblogbr\" \/>\n<meta property=\"article:publisher\" content=\"https:\/\/facebook.com\/gayblogbr\" \/>\n<meta property=\"article:author\" content=\"https:\/\/facebook.com\/gayblogbr\" \/>\n<meta property=\"article:published_time\" content=\"2019-08-30T23:05:54+00:00\" \/>\n<meta property=\"article:modified_time\" content=\"2021-03-16T03:16:37+00:00\" \/>\n<meta property=\"og:image\" content=\"https:\/\/i0.wp.com\/gay.blog.br\/wp-content\/uploads\/2019\/09\/05-Copia.jpg?fit=648%2C469&ssl=1\" \/>\n\t<meta property=\"og:image:width\" content=\"648\" \/>\n\t<meta property=\"og:image:height\" content=\"469\" \/>\n\t<meta property=\"og:image:type\" content=\"image\/jpeg\" \/>\n<meta name=\"author\" content=\"www.gay.blog.br\" \/>\n<meta name=\"twitter:card\" content=\"summary_large_image\" \/>\n<meta name=\"twitter:creator\" content=\"@https:\/\/bsky.app\/profile\/gayblogbr.bsky.social\" \/>\n<meta name=\"twitter:site\" content=\"@gayblogbr\" \/>\n<meta name=\"twitter:label1\" content=\"Escrito por\" \/>\n\t<meta name=\"twitter:data1\" content=\"www.gay.blog.br\" \/>\n\t<meta name=\"twitter:label2\" content=\"Tiempo de lectura\" \/>\n\t<meta name=\"twitter:data2\" content=\"3 minutos\" \/>\n<script type=\"application\/ld+json\" class=\"yoast-schema-graph\">{\"@context\":\"https:\\\/\\\/schema.org\",\"@graph\":[{\"@type\":\"Article\",\"@id\":\"https:\\\/\\\/gay.blog.br\\\/es\\\/noticias-es\\\/pabllo-vittar-participara-en-el-boost-run-sp-y-hara-un-show-exclusivo\\\/#article\",\"isPartOf\":{\"@id\":\"https:\\\/\\\/gay.blog.br\\\/es\\\/noticias-es\\\/pabllo-vittar-participara-en-el-boost-run-sp-y-hara-un-show-exclusivo\\\/\"},\"author\":{\"name\":\"www.gay.blog.br\",\"@id\":\"https:\\\/\\\/gay.blog.br\\\/es\\\/#\\\/schema\\\/person\\\/ab4bce68ee54b8f4af5c174efe7472e5\"},\"headline\":\"Pabllo Vittar participar\u00e1 en el BOOST RUN SP y har\u00e1 un show exclusivo\",\"datePublished\":\"2019-08-30T23:05:54+00:00\",\"dateModified\":\"2021-03-16T03:16:37+00:00\",\"mainEntityOfPage\":{\"@id\":\"https:\\\/\\\/gay.blog.br\\\/es\\\/noticias-es\\\/pabllo-vittar-participara-en-el-boost-run-sp-y-hara-un-show-exclusivo\\\/\"},\"wordCount\":578,\"commentCount\":0,\"publisher\":{\"@id\":\"https:\\\/\\\/gay.blog.br\\\/es\\\/#organization\"},\"image\":{\"@id\":\"https:\\\/\\\/gay.blog.br\\\/es\\\/noticias-es\\\/pabllo-vittar-participara-en-el-boost-run-sp-y-hara-un-show-exclusivo\\\/#primaryimage\"},\"thumbnailUrl\":\"https:\\\/\\\/i0.wp.com\\\/gay.blog.br\\\/wp-content\\\/uploads\\\/2019\\\/09\\\/05-Copia.jpg?fit=648%2C469&ssl=1\",\"keywords\":[\"adidas\",\"BOOST RUN SP\",\"campo de marte\",\"carrera\",\"pabllo vittar\",\"s\u00e3o paulo\"],\"articleSection\":[\"CONCIERTOS\",\"NOT\u00cdCIAS\"],\"inLanguage\":\"es\",\"potentialAction\":[{\"@type\":\"CommentAction\",\"name\":\"Comment\",\"target\":[\"https:\\\/\\\/gay.blog.br\\\/es\\\/noticias-es\\\/pabllo-vittar-participara-en-el-boost-run-sp-y-hara-un-show-exclusivo\\\/#respond\"]}]},{\"@type\":\"WebPage\",\"@id\":\"https:\\\/\\\/gay.blog.br\\\/es\\\/noticias-es\\\/pabllo-vittar-participara-en-el-boost-run-sp-y-hara-un-show-exclusivo\\\/\",\"url\":\"https:\\\/\\\/gay.blog.br\\\/es\\\/noticias-es\\\/pabllo-vittar-participara-en-el-boost-run-sp-y-hara-un-show-exclusivo\\\/\",\"name\":\"Pabllo Vittar participar\u00e1 en el BOOST RUN SP y har\u00e1 un show exclusivo\",\"isPartOf\":{\"@id\":\"https:\\\/\\\/gay.blog.br\\\/es\\\/#website\"},\"primaryImageOfPage\":{\"@id\":\"https:\\\/\\\/gay.blog.br\\\/es\\\/noticias-es\\\/pabllo-vittar-participara-en-el-boost-run-sp-y-hara-un-show-exclusivo\\\/#primaryimage\"},\"image\":{\"@id\":\"https:\\\/\\\/gay.blog.br\\\/es\\\/noticias-es\\\/pabllo-vittar-participara-en-el-boost-run-sp-y-hara-un-show-exclusivo\\\/#primaryimage\"},\"thumbnailUrl\":\"https:\\\/\\\/i0.wp.com\\\/gay.blog.br\\\/wp-content\\\/uploads\\\/2019\\\/09\\\/05-Copia.jpg?fit=648%2C469&ssl=1\",\"datePublished\":\"2019-08-30T23:05:54+00:00\",\"dateModified\":\"2021-03-16T03:16:37+00:00\",\"description\":\"Adem\u00e1s de participar en el evento, corriendo por parejas, el artista realizar\u00e1 el espect\u00e1culo de clausura. BOOST RUN SP tendr\u00e1 lugar el 6 de octubre, en el Campo de Marte\",\"breadcrumb\":{\"@id\":\"https:\\\/\\\/gay.blog.br\\\/es\\\/noticias-es\\\/pabllo-vittar-participara-en-el-boost-run-sp-y-hara-un-show-exclusivo\\\/#breadcrumb\"},\"inLanguage\":\"es\",\"potentialAction\":[{\"@type\":\"ReadAction\",\"target\":[\"https:\\\/\\\/gay.blog.br\\\/es\\\/noticias-es\\\/pabllo-vittar-participara-en-el-boost-run-sp-y-hara-un-show-exclusivo\\\/\"]}]},{\"@type\":\"ImageObject\",\"inLanguage\":\"es\",\"@id\":\"https:\\\/\\\/gay.blog.br\\\/es\\\/noticias-es\\\/pabllo-vittar-participara-en-el-boost-run-sp-y-hara-un-show-exclusivo\\\/#primaryimage\",\"url\":\"https:\\\/\\\/i0.wp.com\\\/gay.blog.br\\\/wp-content\\\/uploads\\\/2019\\\/09\\\/05-Copia.jpg?fit=648%2C469&ssl=1\",\"contentUrl\":\"https:\\\/\\\/i0.wp.com\\\/gay.blog.br\\\/wp-content\\\/uploads\\\/2019\\\/09\\\/05-Copia.jpg?fit=648%2C469&ssl=1\",\"width\":648,\"height\":469},{\"@type\":\"BreadcrumbList\",\"@id\":\"https:\\\/\\\/gay.blog.br\\\/es\\\/noticias-es\\\/pabllo-vittar-participara-en-el-boost-run-sp-y-hara-un-show-exclusivo\\\/#breadcrumb\",\"itemListElement\":[{\"@type\":\"ListItem\",\"position\":1,\"name\":\"In\u00edcio\",\"item\":\"https:\\\/\\\/gay.blog.br\\\/es\\\/\"},{\"@type\":\"ListItem\",\"position\":2,\"name\":\"Pabllo Vittar participar\u00e1 en el BOOST RUN SP y har\u00e1 un show exclusivo\"}]},{\"@type\":\"WebSite\",\"@id\":\"https:\\\/\\\/gay.blog.br\\\/es\\\/#website\",\"url\":\"https:\\\/\\\/gay.blog.br\\\/es\\\/\",\"name\":\"GAY BLOG BR @gayblogbr\",\"description\":\"Not\u00edcias que empoderam e\\\/ou entret\u00eam s\u00e3o especialidades da casa\",\"publisher\":{\"@id\":\"https:\\\/\\\/gay.blog.br\\\/es\\\/#organization\"},\"potentialAction\":[{\"@type\":\"SearchAction\",\"target\":{\"@type\":\"EntryPoint\",\"urlTemplate\":\"https:\\\/\\\/gay.blog.br\\\/es\\\/?s={search_term_string}\"},\"query-input\":{\"@type\":\"PropertyValueSpecification\",\"valueRequired\":true,\"valueName\":\"search_term_string\"}}],\"inLanguage\":\"es\"},{\"@type\":\"Organization\",\"@id\":\"https:\\\/\\\/gay.blog.br\\\/es\\\/#organization\",\"name\":\"GAY BLOG BR\",\"url\":\"https:\\\/\\\/gay.blog.br\\\/es\\\/\",\"logo\":{\"@type\":\"ImageObject\",\"inLanguage\":\"es\",\"@id\":\"https:\\\/\\\/gay.blog.br\\\/es\\\/#\\\/schema\\\/logo\\\/image\\\/\",\"url\":\"https:\\\/\\\/i0.wp.com\\\/gay.blog.br\\\/wp-content\\\/uploads\\\/2023\\\/08\\\/gay180px.png?fit=272%2C90&ssl=1\",\"contentUrl\":\"https:\\\/\\\/i0.wp.com\\\/gay.blog.br\\\/wp-content\\\/uploads\\\/2023\\\/08\\\/gay180px.png?fit=272%2C90&ssl=1\",\"width\":272,\"height\":90,\"caption\":\"GAY BLOG BR\"},\"image\":{\"@id\":\"https:\\\/\\\/gay.blog.br\\\/es\\\/#\\\/schema\\\/logo\\\/image\\\/\"},\"sameAs\":[\"https:\\\/\\\/facebook.com\\\/gayblogbr\",\"https:\\\/\\\/x.com\\\/gayblogbr\",\"https:\\\/\\\/instagram.com\\\/gayblogbr\",\"https:\\\/\\\/www.linkedin.com\\\/company\\\/gayblogbr\\\/\",\"https:\\\/\\\/br.pinterest.com\\\/gayblogbr\\\/\",\"https:\\\/\\\/www.youtube.com\\\/channel\\\/UCdEu3JXLOB-wvWAVUF4AIiA\",\"https:\\\/\\\/pt.wikipedia.org\\\/wiki\\\/Gay_Blog_Br\",\"https:\\\/\\\/www.threads.net\\\/@gayblogbr\"]},{\"@type\":\"Person\",\"@id\":\"https:\\\/\\\/gay.blog.br\\\/es\\\/#\\\/schema\\\/person\\\/ab4bce68ee54b8f4af5c174efe7472e5\",\"name\":\"www.gay.blog.br\",\"image\":{\"@type\":\"ImageObject\",\"inLanguage\":\"es\",\"@id\":\"https:\\\/\\\/secure.gravatar.com\\\/avatar\\\/a6fb6bf5c84cdaa375389c43448e2bb88db4600d8fc5be6c42a410789075740f?s=96&d=mm&r=g\",\"url\":\"https:\\\/\\\/secure.gravatar.com\\\/avatar\\\/a6fb6bf5c84cdaa375389c43448e2bb88db4600d8fc5be6c42a410789075740f?s=96&d=mm&r=g\",\"contentUrl\":\"https:\\\/\\\/secure.gravatar.com\\\/avatar\\\/a6fb6bf5c84cdaa375389c43448e2bb88db4600d8fc5be6c42a410789075740f?s=96&d=mm&r=g\",\"caption\":\"www.gay.blog.br\"},\"description\":\"Receba as not\u00edcias pelo Telegram!\",\"sameAs\":[\"https:\\\/\\\/facebook.com\\\/gayblogbr\",\"https:\\\/\\\/instagram.com\\\/gayblogbr\",\"https:\\\/\\\/www.linkedin.com\\\/company\\\/gayblogbr\\\/\",\"https:\\\/\\\/pinterest.com\\\/gayblogbr\\\/\",\"https:\\\/\\\/x.com\\\/https:\\\/\\\/bsky.app\\\/profile\\\/gayblogbr.bsky.social\",\"https:\\\/\\\/www.youtube.com\\\/@GAYBLOGBR\",\"https:\\\/\\\/pt.wikipedia.org\\\/wiki\\\/Gay_Blog_Br\"],\"url\":\"https:\\\/\\\/gay.blog.br\\\/es\\\/author\\\/oaudaznavegante\\\/\"}]}<\/script>\n<!-- \/ Yoast SEO plugin. -->","yoast_head_json":{"title":"Pabllo Vittar participar\u00e1 en el BOOST RUN SP y har\u00e1 un show exclusivo","description":"Adem\u00e1s de participar en el evento, corriendo por parejas, el artista realizar\u00e1 el espect\u00e1culo de clausura. BOOST RUN SP tendr\u00e1 lugar el 6 de octubre, en el Campo de Marte","robots":{"index":"index","follow":"follow","max-snippet":"max-snippet:-1","max-image-preview":"max-image-preview:large","max-video-preview":"max-video-preview:-1"},"canonical":"https:\/\/gay.blog.br\/es\/noticias-es\/pabllo-vittar-participara-en-el-boost-run-sp-y-hara-un-show-exclusivo\/","og_locale":"es_ES","og_type":"article","og_title":"Pabllo Vittar participar\u00e1 en el BOOST RUN SP y har\u00e1 un show exclusivo","og_description":"Adem\u00e1s de participar en el evento, corriendo por parejas, el artista realizar\u00e1 el espect\u00e1culo de clausura. BOOST RUN SP tendr\u00e1 lugar el 6 de octubre, en el Campo de Marte","og_url":"https:\/\/gay.blog.br\/es\/noticias-es\/pabllo-vittar-participara-en-el-boost-run-sp-y-hara-un-show-exclusivo\/","og_site_name":"GAY BLOG BR @gayblogbr","article_publisher":"https:\/\/facebook.com\/gayblogbr","article_author":"https:\/\/facebook.com\/gayblogbr","article_published_time":"2019-08-30T23:05:54+00:00","article_modified_time":"2021-03-16T03:16:37+00:00","og_image":[{"width":648,"height":469,"url":"https:\/\/i0.wp.com\/gay.blog.br\/wp-content\/uploads\/2019\/09\/05-Copia.jpg?fit=648%2C469&ssl=1","type":"image\/jpeg"}],"author":"www.gay.blog.br","twitter_card":"summary_large_image","twitter_creator":"@https:\/\/bsky.app\/profile\/gayblogbr.bsky.social","twitter_site":"@gayblogbr","twitter_misc":{"Escrito por":"www.gay.blog.br","Tiempo de lectura":"3 minutos"},"schema":{"@context":"https:\/\/schema.org","@graph":[{"@type":"Article","@id":"https:\/\/gay.blog.br\/es\/noticias-es\/pabllo-vittar-participara-en-el-boost-run-sp-y-hara-un-show-exclusivo\/#article","isPartOf":{"@id":"https:\/\/gay.blog.br\/es\/noticias-es\/pabllo-vittar-participara-en-el-boost-run-sp-y-hara-un-show-exclusivo\/"},"author":{"name":"www.gay.blog.br","@id":"https:\/\/gay.blog.br\/es\/#\/schema\/person\/ab4bce68ee54b8f4af5c174efe7472e5"},"headline":"Pabllo Vittar participar\u00e1 en el BOOST RUN SP y har\u00e1 un show exclusivo","datePublished":"2019-08-30T23:05:54+00:00","dateModified":"2021-03-16T03:16:37+00:00","mainEntityOfPage":{"@id":"https:\/\/gay.blog.br\/es\/noticias-es\/pabllo-vittar-participara-en-el-boost-run-sp-y-hara-un-show-exclusivo\/"},"wordCount":578,"commentCount":0,"publisher":{"@id":"https:\/\/gay.blog.br\/es\/#organization"},"image":{"@id":"https:\/\/gay.blog.br\/es\/noticias-es\/pabllo-vittar-participara-en-el-boost-run-sp-y-hara-un-show-exclusivo\/#primaryimage"},"thumbnailUrl":"https:\/\/i0.wp.com\/gay.blog.br\/wp-content\/uploads\/2019\/09\/05-Copia.jpg?fit=648%2C469&ssl=1","keywords":["adidas","BOOST RUN SP","campo de marte","carrera","pabllo vittar","s\u00e3o paulo"],"articleSection":["CONCIERTOS","NOT\u00cdCIAS"],"inLanguage":"es","potentialAction":[{"@type":"CommentAction","name":"Comment","target":["https:\/\/gay.blog.br\/es\/noticias-es\/pabllo-vittar-participara-en-el-boost-run-sp-y-hara-un-show-exclusivo\/#respond"]}]},{"@type":"WebPage","@id":"https:\/\/gay.blog.br\/es\/noticias-es\/pabllo-vittar-participara-en-el-boost-run-sp-y-hara-un-show-exclusivo\/","url":"https:\/\/gay.blog.br\/es\/noticias-es\/pabllo-vittar-participara-en-el-boost-run-sp-y-hara-un-show-exclusivo\/","name":"Pabllo Vittar participar\u00e1 en el BOOST RUN SP y har\u00e1 un show exclusivo","isPartOf":{"@id":"https:\/\/gay.blog.br\/es\/#website"},"primaryImageOfPage":{"@id":"https:\/\/gay.blog.br\/es\/noticias-es\/pabllo-vittar-participara-en-el-boost-run-sp-y-hara-un-show-exclusivo\/#primaryimage"},"image":{"@id":"https:\/\/gay.blog.br\/es\/noticias-es\/pabllo-vittar-participara-en-el-boost-run-sp-y-hara-un-show-exclusivo\/#primaryimage"},"thumbnailUrl":"https:\/\/i0.wp.com\/gay.blog.br\/wp-content\/uploads\/2019\/09\/05-Copia.jpg?fit=648%2C469&ssl=1","datePublished":"2019-08-30T23:05:54+00:00","dateModified":"2021-03-16T03:16:37+00:00","description":"Adem\u00e1s de participar en el evento, corriendo por parejas, el artista realizar\u00e1 el espect\u00e1culo de clausura. BOOST RUN SP tendr\u00e1 lugar el 6 de octubre, en el Campo de Marte","breadcrumb":{"@id":"https:\/\/gay.blog.br\/es\/noticias-es\/pabllo-vittar-participara-en-el-boost-run-sp-y-hara-un-show-exclusivo\/#breadcrumb"},"inLanguage":"es","potentialAction":[{"@type":"ReadAction","target":["https:\/\/gay.blog.br\/es\/noticias-es\/pabllo-vittar-participara-en-el-boost-run-sp-y-hara-un-show-exclusivo\/"]}]},{"@type":"ImageObject","inLanguage":"es","@id":"https:\/\/gay.blog.br\/es\/noticias-es\/pabllo-vittar-participara-en-el-boost-run-sp-y-hara-un-show-exclusivo\/#primaryimage","url":"https:\/\/i0.wp.com\/gay.blog.br\/wp-content\/uploads\/2019\/09\/05-Copia.jpg?fit=648%2C469&ssl=1","contentUrl":"https:\/\/i0.wp.com\/gay.blog.br\/wp-content\/uploads\/2019\/09\/05-Copia.jpg?fit=648%2C469&ssl=1","width":648,"height":469},{"@type":"BreadcrumbList","@id":"https:\/\/gay.blog.br\/es\/noticias-es\/pabllo-vittar-participara-en-el-boost-run-sp-y-hara-un-show-exclusivo\/#breadcrumb","itemListElement":[{"@type":"ListItem","position":1,"name":"In\u00edcio","item":"https:\/\/gay.blog.br\/es\/"},{"@type":"ListItem","position":2,"name":"Pabllo Vittar participar\u00e1 en el BOOST RUN SP y har\u00e1 un show exclusivo"}]},{"@type":"WebSite","@id":"https:\/\/gay.blog.br\/es\/#website","url":"https:\/\/gay.blog.br\/es\/","name":"GAY BLOG BR @gayblogbr","description":"Not\u00edcias que empoderam e\/ou entret\u00eam s\u00e3o especialidades da casa","publisher":{"@id":"https:\/\/gay.blog.br\/es\/#organization"},"potentialAction":[{"@type":"SearchAction","target":{"@type":"EntryPoint","urlTemplate":"https:\/\/gay.blog.br\/es\/?s={search_term_string}"},"query-input":{"@type":"PropertyValueSpecification","valueRequired":true,"valueName":"search_term_string"}}],"inLanguage":"es"},{"@type":"Organization","@id":"https:\/\/gay.blog.br\/es\/#organization","name":"GAY BLOG BR","url":"https:\/\/gay.blog.br\/es\/","logo":{"@type":"ImageObject","inLanguage":"es","@id":"https:\/\/gay.blog.br\/es\/#\/schema\/logo\/image\/","url":"https:\/\/i0.wp.com\/gay.blog.br\/wp-content\/uploads\/2023\/08\/gay180px.png?fit=272%2C90&ssl=1","contentUrl":"https:\/\/i0.wp.com\/gay.blog.br\/wp-content\/uploads\/2023\/08\/gay180px.png?fit=272%2C90&ssl=1","width":272,"height":90,"caption":"GAY BLOG BR"},"image":{"@id":"https:\/\/gay.blog.br\/es\/#\/schema\/logo\/image\/"},"sameAs":["https:\/\/facebook.com\/gayblogbr","https:\/\/x.com\/gayblogbr","https:\/\/instagram.com\/gayblogbr","https:\/\/www.linkedin.com\/company\/gayblogbr\/","https:\/\/br.pinterest.com\/gayblogbr\/","https:\/\/www.youtube.com\/channel\/UCdEu3JXLOB-wvWAVUF4AIiA","https:\/\/pt.wikipedia.org\/wiki\/Gay_Blog_Br","https:\/\/www.threads.net\/@gayblogbr"]},{"@type":"Person","@id":"https:\/\/gay.blog.br\/es\/#\/schema\/person\/ab4bce68ee54b8f4af5c174efe7472e5","name":"www.gay.blog.br","image":{"@type":"ImageObject","inLanguage":"es","@id":"https:\/\/secure.gravatar.com\/avatar\/a6fb6bf5c84cdaa375389c43448e2bb88db4600d8fc5be6c42a410789075740f?s=96&d=mm&r=g","url":"https:\/\/secure.gravatar.com\/avatar\/a6fb6bf5c84cdaa375389c43448e2bb88db4600d8fc5be6c42a410789075740f?s=96&d=mm&r=g","contentUrl":"https:\/\/secure.gravatar.com\/avatar\/a6fb6bf5c84cdaa375389c43448e2bb88db4600d8fc5be6c42a410789075740f?s=96&d=mm&r=g","caption":"www.gay.blog.br"},"description":"Receba as not\u00edcias pelo Telegram!","sameAs":["https:\/\/facebook.com\/gayblogbr","https:\/\/instagram.com\/gayblogbr","https:\/\/www.linkedin.com\/company\/gayblogbr\/","https:\/\/pinterest.com\/gayblogbr\/","https:\/\/x.com\/https:\/\/bsky.app\/profile\/gayblogbr.bsky.social","https:\/\/www.youtube.com\/@GAYBLOGBR","https:\/\/pt.wikipedia.org\/wiki\/Gay_Blog_Br"],"url":"https:\/\/gay.blog.br\/es\/author\/oaudaznavegante\/"}]}},"jetpack_publicize_connections":[],"jetpack_featured_media_url":"https:\/\/i0.wp.com\/gay.blog.br\/wp-content\/uploads\/2019\/09\/05-Copia.jpg?fit=648%2C469&ssl=1","jetpack_sharing_enabled":true,"jetpack_shortlink":"https:\/\/wp.me\/p6klkK-u5q","jetpack_likes_enabled":false,"amp_enabled":true,"_links":{"self":[{"href":"https:\/\/gay.blog.br\/es\/wp-json\/wp\/v2\/posts\/115656","targetHints":{"allow":["GET"]}}],"collection":[{"href":"https:\/\/gay.blog.br\/es\/wp-json\/wp\/v2\/posts"}],"about":[{"href":"https:\/\/gay.blog.br\/es\/wp-json\/wp\/v2\/types\/post"}],"author":[{"embeddable":true,"href":"https:\/\/gay.blog.br\/es\/wp-json\/wp\/v2\/users\/2"}],"replies":[{"embeddable":true,"href":"https:\/\/gay.blog.br\/es\/wp-json\/wp\/v2\/comments?post=115656"}],"version-history":[{"count":0,"href":"https:\/\/gay.blog.br\/es\/wp-json\/wp\/v2\/posts\/115656\/revisions"}],"wp:featuredmedia":[{"embeddable":true,"href":"https:\/\/gay.blog.br\/es\/wp-json\/wp\/v2\/media\/74327"}],"wp:attachment":[{"href":"https:\/\/gay.blog.br\/es\/wp-json\/wp\/v2\/media?parent=115656"}],"wp:term":[{"taxonomy":"category","embeddable":true,"href":"https:\/\/gay.blog.br\/es\/wp-json\/wp\/v2\/categories?post=115656"},{"taxonomy":"post_tag","embeddable":true,"href":"https:\/\/gay.blog.br\/es\/wp-json\/wp\/v2\/tags?post=115656"}],"curies":[{"name":"wp","href":"https:\/\/api.w.org\/{rel}","templated":true}]}}