{"id":116413,"date":"2021-03-18T22:13:41","date_gmt":"2021-03-19T01:13:41","guid":{"rendered":"https:\/\/gay.blog.br\/?p=116413"},"modified":"2021-03-23T22:57:27","modified_gmt":"2021-03-24T01:57:27","slug":"toninho-cerezo-dice-que-fue-despedido-por-ser-el-padre-de-la-modelo-trans-lea-t","status":"publish","type":"post","link":"https:\/\/gay.blog.br\/es\/noticias-es\/toninho-cerezo-dice-que-fue-despedido-por-ser-el-padre-de-la-modelo-trans-lea-t\/","title":{"rendered":"Toninho Cerezo dice que fue despedido por ser el padre de la modelo trans Lea T"},"content":{"rendered":"<p style=\"text-align: justify;\">El entrenador de f\u00fatbol <strong>Toninho Cerezo<\/strong> concedi\u00f3 una entrevista a <a href=\"https:\/\/www.uol.com.br\/esporte\/reportagens-especiais\/me-mandaram-embora-por-preconceito-contra-a-minha-filha-diz-cerezo\/#page3\">UOL Esporte<\/a> y dijo que ya fue despedido de su trabajo cuando descubrieron que ten\u00eda una hija trans, Lea T, en 2010.<\/p>\n<p style=\"text-align: justify;\">\u00ab<em>En ese momento, para el mundo del f\u00fatbol, \u200b\u200bten\u00edas que ver. Estaba entrenando a un equipo, creo que era Sport, y estoy bastante seguro de que me despidieron por eso. Creo que fue, espero que no, Espero estar equivocado<\/em> \u201d, dijo.<\/p>\n<p style=\"text-align: justify;\">El canal busc\u00f3 ese a\u00f1o al director deportivo <strong>Gustavo Dubeux<\/strong>, quien neg\u00f3 la relaci\u00f3n entre despido y prejuicio. \u00ab<em>No tuvo nada que ver con eso. Creo que hubo alg\u00fan error, porque no se dijo nada sobre la hija de Cerezo en Sport<\/em>\u00ab, dijo.<\/p>\n<figure id=\"attachment_116279\" aria-describedby=\"caption-attachment-116279\" style=\"width: 1280px\" class=\"wp-caption aligncenter\"><a href=\"http:\/\/www.instagram.com\/gayblogbr\"><img data-recalc-dims=\"1\" loading=\"lazy\" decoding=\"async\" class=\"size-full wp-image-116279\" src=\"https:\/\/i0.wp.com\/gay.blog.br\/wp-content\/uploads\/2021\/03\/toninho_cerezo.jpg?resize=696%2C392&#038;ssl=1\" alt=\"Toninho Cerezo dice que fue despedido por ser padre de una mujer trans\" width=\"696\" height=\"392\" srcset=\"https:\/\/i0.wp.com\/gay.blog.br\/wp-content\/uploads\/2021\/03\/toninho_cerezo.jpg?w=1280&amp;ssl=1 1280w, https:\/\/i0.wp.com\/gay.blog.br\/wp-content\/uploads\/2021\/03\/toninho_cerezo.jpg?resize=300%2C169&amp;ssl=1 300w, https:\/\/i0.wp.com\/gay.blog.br\/wp-content\/uploads\/2021\/03\/toninho_cerezo.jpg?resize=1024%2C576&amp;ssl=1 1024w, https:\/\/i0.wp.com\/gay.blog.br\/wp-content\/uploads\/2021\/03\/toninho_cerezo.jpg?resize=150%2C84&amp;ssl=1 150w, https:\/\/i0.wp.com\/gay.blog.br\/wp-content\/uploads\/2021\/03\/toninho_cerezo.jpg?resize=768%2C432&amp;ssl=1 768w, https:\/\/i0.wp.com\/gay.blog.br\/wp-content\/uploads\/2021\/03\/toninho_cerezo.jpg?resize=696%2C392&amp;ssl=1 696w, https:\/\/i0.wp.com\/gay.blog.br\/wp-content\/uploads\/2021\/03\/toninho_cerezo.jpg?resize=1068%2C601&amp;ssl=1 1068w, https:\/\/i0.wp.com\/gay.blog.br\/wp-content\/uploads\/2021\/03\/toninho_cerezo.jpg?resize=747%2C420&amp;ssl=1 747w\" sizes=\"auto, (max-width: 696px) 100vw, 696px\" \/><\/a><figcaption id=\"caption-attachment-116279\" class=\"wp-caption-text\">Reproducci\u00f3n<\/figcaption><\/figure>\n<p style=\"text-align: justify;\">El art\u00edculo tambi\u00e9n muestra el lado de <strong>Lea T<\/strong>, quien le dio al canal una entrevista en 2018 y dijo que tem\u00eda mucho que su transici\u00f3n da\u00f1ara la carrera de su padre.<\/p>\n<p style=\"text-align: justify;\"><em>\u00abTen\u00eda miedo por el f\u00fatbol. Mi nombre no era Leandra Cerezo inicialmente, porque Riccardo [refer\u00eancia ao estilista baiano Riccardo Tisci] me ayud\u00f3, pero tambi\u00e9n porque no quer\u00eda que dijeran que yo era Cerezo. Ten\u00eda miedo de que esto pudiera da\u00f1ar la carrera de mi padre\u00bb<\/em> &#8211; dijo.<\/p>\n<p style=\"text-align: justify;\">En ese momento, tambi\u00e9n coment\u00f3 sobre la <strong>renuncia<\/strong> de su padre: <em>\u00abNo me lo dice, pero descubr\u00ed que si [foi demitido por prejuicio contra Lea]. No ten\u00eda pruebas de las cosas, pero creo que de alguna manera tuvieron reacciones negativas. Nunca me lo dijo y no creo que me lo dir\u00eda. No querr\u00eda que esto fuera una carga. Una elecci\u00f3n tan fuerte en mi vida \u00ab<\/em><\/p>\n<div style=\"text-align: justify;\">Cabe mencionar que <strong>Lea T<\/strong> dice que la aceptaci\u00f3n de la familia fue un proceso, pero que hoy todos lo apoyan.<\/div>\n<div style=\"text-align: justify;\"><\/div>\n<div style=\"text-align: justify;\"><em>\u00abMi padre era tan maravilloso que cuando dijeron eso [dele ser prejudicado na carreira por causa da filha] me llam\u00f3: &#8216;Lea, puedo perder todo el trabajo del mundo, irme a la calle, pero estar\u00e9 orgulloso de ser tu padre y no quiero que pienses que tu felicidad tiene que depender de mi trabajo&#8217; . Para mi padre y mi madre, mi felicidad es de ellos\u00bb<\/em><\/div>\n","protected":false},"excerpt":{"rendered":"<p>Lea T dijo que tem\u00eda que su transici\u00f3n de g\u00e9nero interrumpiera la carrera de su padre.<\/p>\n","protected":false},"author":3515,"featured_media":116281,"comment_status":"open","ping_status":"open","sticky":false,"template":"","format":"standard","meta":{"googlesitekit_rrm_CAoiEBg-BXrJeACjO8p49SE4kTY:productID":"","tdm_status":"","tdm_grid_status":"","_jetpack_newsletter_access":"","_jetpack_dont_email_post_to_subs":false,"_jetpack_newsletter_tier_id":0,"_jetpack_memberships_contains_paywalled_content":false,"_jetpack_memberships_contains_paid_content":false,"footnotes":"","jetpack_publicize_message":"Toninho Cerezo dice que fue despedido por ser el padre de la modelo trans Lea T","jetpack_publicize_feature_enabled":true,"jetpack_social_post_already_shared":true,"jetpack_social_options":{"image_generator_settings":{"template":"highway","default_image_id":0,"font":"","enabled":false},"version":2},"_wpas_customize_per_network":false,"jetpack_post_was_ever_published":false},"categories":[589932189,589932231,589932279],"tags":[589934254,589938412,589933475],"class_list":{"0":"post-116413","1":"post","2":"type-post","3":"status-publish","4":"format-standard","5":"has-post-thumbnail","7":"category-deportes","8":"category-noticias-es","9":"category-trans-es","10":"tag-lea-t-es","11":"tag-toninho-cerezo-es","12":"tag-transfobia-es"},"yoast_head":"<!-- This site is optimized with the Yoast SEO plugin v27.5 - https:\/\/yoast.com\/product\/yoast-seo-wordpress\/ -->\n<title>Toninho Cerezo dice que fue despedido por ser el padre de la modelo trans Lea T<\/title>\n<meta name=\"description\" content=\"Toninho Cerezo dio una entrevista y dijo que ya fue despedido de su trabajo cuando se enteraron de que ten\u00eda una hija trans.\" \/>\n<meta name=\"robots\" content=\"index, follow, max-snippet:-1, max-image-preview:large, max-video-preview:-1\" \/>\n<link rel=\"canonical\" href=\"https:\/\/gay.blog.br\/es\/noticias-es\/toninho-cerezo-dice-que-fue-despedido-por-ser-el-padre-de-la-modelo-trans-lea-t\/\" \/>\n<meta property=\"og:locale\" content=\"es_ES\" \/>\n<meta property=\"og:type\" content=\"article\" \/>\n<meta property=\"og:title\" content=\"Toninho Cerezo dice que fue despedido por ser el padre de la modelo trans Lea T\" \/>\n<meta property=\"og:description\" content=\"Toninho Cerezo dio una entrevista y dijo que ya fue despedido de su trabajo cuando se enteraron de que ten\u00eda una hija trans.\" \/>\n<meta property=\"og:url\" content=\"https:\/\/gay.blog.br\/es\/noticias-es\/toninho-cerezo-dice-que-fue-despedido-por-ser-el-padre-de-la-modelo-trans-lea-t\/\" \/>\n<meta property=\"og:site_name\" content=\"GAY BLOG BR @gayblogbr\" \/>\n<meta property=\"article:publisher\" content=\"https:\/\/facebook.com\/gayblogbr\" \/>\n<meta property=\"article:author\" content=\"https:\/\/www.facebook.com\/victormillerreal\" \/>\n<meta property=\"article:published_time\" content=\"2021-03-19T01:13:41+00:00\" \/>\n<meta property=\"article:modified_time\" content=\"2021-03-24T01:57:27+00:00\" \/>\n<meta property=\"og:image\" content=\"https:\/\/i2.wp.com\/gay.blog.br\/wp-content\/uploads\/2021\/03\/toninho_cerezo.jpg?fit=1280%2C720&ssl=1\" \/>\n\t<meta property=\"og:image:width\" content=\"1280\" \/>\n\t<meta property=\"og:image:height\" content=\"720\" \/>\n\t<meta property=\"og:image:type\" content=\"image\/jpeg\" \/>\n<meta name=\"author\" content=\"Victor Miller\" \/>\n<meta name=\"twitter:card\" content=\"summary_large_image\" \/>\n<meta name=\"twitter:creator\" content=\"@https:\/\/twitter.com\/victor_miller\" \/>\n<meta name=\"twitter:site\" content=\"@gayblogbr\" \/>\n<meta name=\"twitter:label1\" content=\"Escrito por\" \/>\n\t<meta name=\"twitter:data1\" content=\"Victor Miller\" \/>\n\t<meta name=\"twitter:label2\" content=\"Tiempo de lectura\" \/>\n\t<meta name=\"twitter:data2\" content=\"2 minutos\" \/>\n<script type=\"application\/ld+json\" class=\"yoast-schema-graph\">{\"@context\":\"https:\\\/\\\/schema.org\",\"@graph\":[{\"@type\":\"Article\",\"@id\":\"https:\\\/\\\/gay.blog.br\\\/es\\\/noticias-es\\\/toninho-cerezo-dice-que-fue-despedido-por-ser-el-padre-de-la-modelo-trans-lea-t\\\/#article\",\"isPartOf\":{\"@id\":\"https:\\\/\\\/gay.blog.br\\\/es\\\/noticias-es\\\/toninho-cerezo-dice-que-fue-despedido-por-ser-el-padre-de-la-modelo-trans-lea-t\\\/\"},\"author\":{\"name\":\"Victor Miller\",\"@id\":\"https:\\\/\\\/gay.blog.br\\\/es\\\/#\\\/schema\\\/person\\\/5e0cf06e5d5e166b6afeaefc7fc56d9d\"},\"headline\":\"Toninho Cerezo dice que fue despedido por ser el padre de la modelo trans Lea T\",\"datePublished\":\"2021-03-19T01:13:41+00:00\",\"dateModified\":\"2021-03-24T01:57:27+00:00\",\"mainEntityOfPage\":{\"@id\":\"https:\\\/\\\/gay.blog.br\\\/es\\\/noticias-es\\\/toninho-cerezo-dice-que-fue-despedido-por-ser-el-padre-de-la-modelo-trans-lea-t\\\/\"},\"wordCount\":392,\"commentCount\":0,\"publisher\":{\"@id\":\"https:\\\/\\\/gay.blog.br\\\/es\\\/#organization\"},\"image\":{\"@id\":\"https:\\\/\\\/gay.blog.br\\\/es\\\/noticias-es\\\/toninho-cerezo-dice-que-fue-despedido-por-ser-el-padre-de-la-modelo-trans-lea-t\\\/#primaryimage\"},\"thumbnailUrl\":\"https:\\\/\\\/i0.wp.com\\\/gay.blog.br\\\/wp-content\\\/uploads\\\/2021\\\/03\\\/toninho_cerezo.jpg?fit=1280%2C720&ssl=1\",\"keywords\":[\"Lea T\",\"Toninho Cerezo\",\"transfobia\"],\"articleSection\":[\"DEPORTES\",\"NOT\u00cdCIAS\",\"TRANS\"],\"inLanguage\":\"es\",\"potentialAction\":[{\"@type\":\"CommentAction\",\"name\":\"Comment\",\"target\":[\"https:\\\/\\\/gay.blog.br\\\/es\\\/noticias-es\\\/toninho-cerezo-dice-que-fue-despedido-por-ser-el-padre-de-la-modelo-trans-lea-t\\\/#respond\"]}]},{\"@type\":\"WebPage\",\"@id\":\"https:\\\/\\\/gay.blog.br\\\/es\\\/noticias-es\\\/toninho-cerezo-dice-que-fue-despedido-por-ser-el-padre-de-la-modelo-trans-lea-t\\\/\",\"url\":\"https:\\\/\\\/gay.blog.br\\\/es\\\/noticias-es\\\/toninho-cerezo-dice-que-fue-despedido-por-ser-el-padre-de-la-modelo-trans-lea-t\\\/\",\"name\":\"Toninho Cerezo dice que fue despedido por ser el padre de la modelo trans Lea T\",\"isPartOf\":{\"@id\":\"https:\\\/\\\/gay.blog.br\\\/es\\\/#website\"},\"primaryImageOfPage\":{\"@id\":\"https:\\\/\\\/gay.blog.br\\\/es\\\/noticias-es\\\/toninho-cerezo-dice-que-fue-despedido-por-ser-el-padre-de-la-modelo-trans-lea-t\\\/#primaryimage\"},\"image\":{\"@id\":\"https:\\\/\\\/gay.blog.br\\\/es\\\/noticias-es\\\/toninho-cerezo-dice-que-fue-despedido-por-ser-el-padre-de-la-modelo-trans-lea-t\\\/#primaryimage\"},\"thumbnailUrl\":\"https:\\\/\\\/i0.wp.com\\\/gay.blog.br\\\/wp-content\\\/uploads\\\/2021\\\/03\\\/toninho_cerezo.jpg?fit=1280%2C720&ssl=1\",\"datePublished\":\"2021-03-19T01:13:41+00:00\",\"dateModified\":\"2021-03-24T01:57:27+00:00\",\"description\":\"Toninho Cerezo dio una entrevista y dijo que ya fue despedido de su trabajo cuando se enteraron de que ten\u00eda una hija trans.\",\"breadcrumb\":{\"@id\":\"https:\\\/\\\/gay.blog.br\\\/es\\\/noticias-es\\\/toninho-cerezo-dice-que-fue-despedido-por-ser-el-padre-de-la-modelo-trans-lea-t\\\/#breadcrumb\"},\"inLanguage\":\"es\",\"potentialAction\":[{\"@type\":\"ReadAction\",\"target\":[\"https:\\\/\\\/gay.blog.br\\\/es\\\/noticias-es\\\/toninho-cerezo-dice-que-fue-despedido-por-ser-el-padre-de-la-modelo-trans-lea-t\\\/\"]}]},{\"@type\":\"ImageObject\",\"inLanguage\":\"es\",\"@id\":\"https:\\\/\\\/gay.blog.br\\\/es\\\/noticias-es\\\/toninho-cerezo-dice-que-fue-despedido-por-ser-el-padre-de-la-modelo-trans-lea-t\\\/#primaryimage\",\"url\":\"https:\\\/\\\/i0.wp.com\\\/gay.blog.br\\\/wp-content\\\/uploads\\\/2021\\\/03\\\/toninho_cerezo.jpg?fit=1280%2C720&ssl=1\",\"contentUrl\":\"https:\\\/\\\/i0.wp.com\\\/gay.blog.br\\\/wp-content\\\/uploads\\\/2021\\\/03\\\/toninho_cerezo.jpg?fit=1280%2C720&ssl=1\",\"width\":1280,\"height\":720,\"caption\":\"Reprodu\u00e7\u00e3o\"},{\"@type\":\"BreadcrumbList\",\"@id\":\"https:\\\/\\\/gay.blog.br\\\/es\\\/noticias-es\\\/toninho-cerezo-dice-que-fue-despedido-por-ser-el-padre-de-la-modelo-trans-lea-t\\\/#breadcrumb\",\"itemListElement\":[{\"@type\":\"ListItem\",\"position\":1,\"name\":\"In\u00edcio\",\"item\":\"https:\\\/\\\/gay.blog.br\\\/es\\\/\"},{\"@type\":\"ListItem\",\"position\":2,\"name\":\"Toninho Cerezo dice que fue despedido por ser el padre de la modelo trans Lea T\"}]},{\"@type\":\"WebSite\",\"@id\":\"https:\\\/\\\/gay.blog.br\\\/es\\\/#website\",\"url\":\"https:\\\/\\\/gay.blog.br\\\/es\\\/\",\"name\":\"GAY BLOG BR @gayblogbr\",\"description\":\"Not\u00edcias que empoderam e\\\/ou entret\u00eam s\u00e3o especialidades da casa\",\"publisher\":{\"@id\":\"https:\\\/\\\/gay.blog.br\\\/es\\\/#organization\"},\"potentialAction\":[{\"@type\":\"SearchAction\",\"target\":{\"@type\":\"EntryPoint\",\"urlTemplate\":\"https:\\\/\\\/gay.blog.br\\\/es\\\/?s={search_term_string}\"},\"query-input\":{\"@type\":\"PropertyValueSpecification\",\"valueRequired\":true,\"valueName\":\"search_term_string\"}}],\"inLanguage\":\"es\"},{\"@type\":\"Organization\",\"@id\":\"https:\\\/\\\/gay.blog.br\\\/es\\\/#organization\",\"name\":\"GAY BLOG BR\",\"url\":\"https:\\\/\\\/gay.blog.br\\\/es\\\/\",\"logo\":{\"@type\":\"ImageObject\",\"inLanguage\":\"es\",\"@id\":\"https:\\\/\\\/gay.blog.br\\\/es\\\/#\\\/schema\\\/logo\\\/image\\\/\",\"url\":\"https:\\\/\\\/i0.wp.com\\\/gay.blog.br\\\/wp-content\\\/uploads\\\/2023\\\/08\\\/gay180px.png?fit=272%2C90&ssl=1\",\"contentUrl\":\"https:\\\/\\\/i0.wp.com\\\/gay.blog.br\\\/wp-content\\\/uploads\\\/2023\\\/08\\\/gay180px.png?fit=272%2C90&ssl=1\",\"width\":272,\"height\":90,\"caption\":\"GAY BLOG BR\"},\"image\":{\"@id\":\"https:\\\/\\\/gay.blog.br\\\/es\\\/#\\\/schema\\\/logo\\\/image\\\/\"},\"sameAs\":[\"https:\\\/\\\/facebook.com\\\/gayblogbr\",\"https:\\\/\\\/x.com\\\/gayblogbr\",\"https:\\\/\\\/instagram.com\\\/gayblogbr\",\"https:\\\/\\\/www.linkedin.com\\\/company\\\/gayblogbr\\\/\",\"https:\\\/\\\/br.pinterest.com\\\/gayblogbr\\\/\",\"https:\\\/\\\/www.youtube.com\\\/channel\\\/UCdEu3JXLOB-wvWAVUF4AIiA\",\"https:\\\/\\\/pt.wikipedia.org\\\/wiki\\\/Gay_Blog_Br\",\"https:\\\/\\\/www.threads.net\\\/@gayblogbr\"]},{\"@type\":\"Person\",\"@id\":\"https:\\\/\\\/gay.blog.br\\\/es\\\/#\\\/schema\\\/person\\\/5e0cf06e5d5e166b6afeaefc7fc56d9d\",\"name\":\"Victor Miller\",\"image\":{\"@type\":\"ImageObject\",\"inLanguage\":\"es\",\"@id\":\"https:\\\/\\\/secure.gravatar.com\\\/avatar\\\/7c1fad0dcba879f76a2e6b9189cea981c8fcb9c7e6f40d5903cf16ba29cb80b5?s=96&d=mm&r=g\",\"url\":\"https:\\\/\\\/secure.gravatar.com\\\/avatar\\\/7c1fad0dcba879f76a2e6b9189cea981c8fcb9c7e6f40d5903cf16ba29cb80b5?s=96&d=mm&r=g\",\"contentUrl\":\"https:\\\/\\\/secure.gravatar.com\\\/avatar\\\/7c1fad0dcba879f76a2e6b9189cea981c8fcb9c7e6f40d5903cf16ba29cb80b5?s=96&d=mm&r=g\",\"caption\":\"Victor Miller\"},\"description\":\"Jornalista formado pela PUC do Rio de Janeiro, dedicou sua vida a falar sobre cultura nerd\\\/geek. Gay desde que se entende por gente, sempre teve desejo de trabalhar com o p\u00fablico LGBT+ e cr\u00ea que a informa\u00e7\u00e3o \u00e9 a a melhor arma contra qualquer tipo de \\\"fobia\\\"\",\"sameAs\":[\"https:\\\/\\\/gay.blog.br\\\/author\\\/victormiller\\\/\",\"https:\\\/\\\/www.facebook.com\\\/victormillerreal\",\"https:\\\/\\\/instagram.com\\\/victormillermiranda\",\"https:\\\/\\\/www.linkedin.com\\\/in\\\/victor-miller-266b54a7\\\/\",\"https:\\\/\\\/x.com\\\/https:\\\/\\\/twitter.com\\\/victor_miller\",\"https:\\\/\\\/www.youtube.com\\\/user\\\/planetasonic\"],\"url\":\"https:\\\/\\\/gay.blog.br\\\/es\\\/author\\\/victormiller\\\/\"}]}<\/script>\n<!-- \/ Yoast SEO plugin. -->","yoast_head_json":{"title":"Toninho Cerezo dice que fue despedido por ser el padre de la modelo trans Lea T","description":"Toninho Cerezo dio una entrevista y dijo que ya fue despedido de su trabajo cuando se enteraron de que ten\u00eda una hija trans.","robots":{"index":"index","follow":"follow","max-snippet":"max-snippet:-1","max-image-preview":"max-image-preview:large","max-video-preview":"max-video-preview:-1"},"canonical":"https:\/\/gay.blog.br\/es\/noticias-es\/toninho-cerezo-dice-que-fue-despedido-por-ser-el-padre-de-la-modelo-trans-lea-t\/","og_locale":"es_ES","og_type":"article","og_title":"Toninho Cerezo dice que fue despedido por ser el padre de la modelo trans Lea T","og_description":"Toninho Cerezo dio una entrevista y dijo que ya fue despedido de su trabajo cuando se enteraron de que ten\u00eda una hija trans.","og_url":"https:\/\/gay.blog.br\/es\/noticias-es\/toninho-cerezo-dice-que-fue-despedido-por-ser-el-padre-de-la-modelo-trans-lea-t\/","og_site_name":"GAY BLOG BR @gayblogbr","article_publisher":"https:\/\/facebook.com\/gayblogbr","article_author":"https:\/\/www.facebook.com\/victormillerreal","article_published_time":"2021-03-19T01:13:41+00:00","article_modified_time":"2021-03-24T01:57:27+00:00","og_image":[{"width":1280,"height":720,"url":"https:\/\/i2.wp.com\/gay.blog.br\/wp-content\/uploads\/2021\/03\/toninho_cerezo.jpg?fit=1280%2C720&ssl=1","type":"image\/jpeg"}],"author":"Victor Miller","twitter_card":"summary_large_image","twitter_creator":"@https:\/\/twitter.com\/victor_miller","twitter_site":"@gayblogbr","twitter_misc":{"Escrito por":"Victor Miller","Tiempo de lectura":"2 minutos"},"schema":{"@context":"https:\/\/schema.org","@graph":[{"@type":"Article","@id":"https:\/\/gay.blog.br\/es\/noticias-es\/toninho-cerezo-dice-que-fue-despedido-por-ser-el-padre-de-la-modelo-trans-lea-t\/#article","isPartOf":{"@id":"https:\/\/gay.blog.br\/es\/noticias-es\/toninho-cerezo-dice-que-fue-despedido-por-ser-el-padre-de-la-modelo-trans-lea-t\/"},"author":{"name":"Victor Miller","@id":"https:\/\/gay.blog.br\/es\/#\/schema\/person\/5e0cf06e5d5e166b6afeaefc7fc56d9d"},"headline":"Toninho Cerezo dice que fue despedido por ser el padre de la modelo trans Lea T","datePublished":"2021-03-19T01:13:41+00:00","dateModified":"2021-03-24T01:57:27+00:00","mainEntityOfPage":{"@id":"https:\/\/gay.blog.br\/es\/noticias-es\/toninho-cerezo-dice-que-fue-despedido-por-ser-el-padre-de-la-modelo-trans-lea-t\/"},"wordCount":392,"commentCount":0,"publisher":{"@id":"https:\/\/gay.blog.br\/es\/#organization"},"image":{"@id":"https:\/\/gay.blog.br\/es\/noticias-es\/toninho-cerezo-dice-que-fue-despedido-por-ser-el-padre-de-la-modelo-trans-lea-t\/#primaryimage"},"thumbnailUrl":"https:\/\/i0.wp.com\/gay.blog.br\/wp-content\/uploads\/2021\/03\/toninho_cerezo.jpg?fit=1280%2C720&ssl=1","keywords":["Lea T","Toninho Cerezo","transfobia"],"articleSection":["DEPORTES","NOT\u00cdCIAS","TRANS"],"inLanguage":"es","potentialAction":[{"@type":"CommentAction","name":"Comment","target":["https:\/\/gay.blog.br\/es\/noticias-es\/toninho-cerezo-dice-que-fue-despedido-por-ser-el-padre-de-la-modelo-trans-lea-t\/#respond"]}]},{"@type":"WebPage","@id":"https:\/\/gay.blog.br\/es\/noticias-es\/toninho-cerezo-dice-que-fue-despedido-por-ser-el-padre-de-la-modelo-trans-lea-t\/","url":"https:\/\/gay.blog.br\/es\/noticias-es\/toninho-cerezo-dice-que-fue-despedido-por-ser-el-padre-de-la-modelo-trans-lea-t\/","name":"Toninho Cerezo dice que fue despedido por ser el padre de la modelo trans Lea T","isPartOf":{"@id":"https:\/\/gay.blog.br\/es\/#website"},"primaryImageOfPage":{"@id":"https:\/\/gay.blog.br\/es\/noticias-es\/toninho-cerezo-dice-que-fue-despedido-por-ser-el-padre-de-la-modelo-trans-lea-t\/#primaryimage"},"image":{"@id":"https:\/\/gay.blog.br\/es\/noticias-es\/toninho-cerezo-dice-que-fue-despedido-por-ser-el-padre-de-la-modelo-trans-lea-t\/#primaryimage"},"thumbnailUrl":"https:\/\/i0.wp.com\/gay.blog.br\/wp-content\/uploads\/2021\/03\/toninho_cerezo.jpg?fit=1280%2C720&ssl=1","datePublished":"2021-03-19T01:13:41+00:00","dateModified":"2021-03-24T01:57:27+00:00","description":"Toninho Cerezo dio una entrevista y dijo que ya fue despedido de su trabajo cuando se enteraron de que ten\u00eda una hija trans.","breadcrumb":{"@id":"https:\/\/gay.blog.br\/es\/noticias-es\/toninho-cerezo-dice-que-fue-despedido-por-ser-el-padre-de-la-modelo-trans-lea-t\/#breadcrumb"},"inLanguage":"es","potentialAction":[{"@type":"ReadAction","target":["https:\/\/gay.blog.br\/es\/noticias-es\/toninho-cerezo-dice-que-fue-despedido-por-ser-el-padre-de-la-modelo-trans-lea-t\/"]}]},{"@type":"ImageObject","inLanguage":"es","@id":"https:\/\/gay.blog.br\/es\/noticias-es\/toninho-cerezo-dice-que-fue-despedido-por-ser-el-padre-de-la-modelo-trans-lea-t\/#primaryimage","url":"https:\/\/i0.wp.com\/gay.blog.br\/wp-content\/uploads\/2021\/03\/toninho_cerezo.jpg?fit=1280%2C720&ssl=1","contentUrl":"https:\/\/i0.wp.com\/gay.blog.br\/wp-content\/uploads\/2021\/03\/toninho_cerezo.jpg?fit=1280%2C720&ssl=1","width":1280,"height":720,"caption":"Reprodu\u00e7\u00e3o"},{"@type":"BreadcrumbList","@id":"https:\/\/gay.blog.br\/es\/noticias-es\/toninho-cerezo-dice-que-fue-despedido-por-ser-el-padre-de-la-modelo-trans-lea-t\/#breadcrumb","itemListElement":[{"@type":"ListItem","position":1,"name":"In\u00edcio","item":"https:\/\/gay.blog.br\/es\/"},{"@type":"ListItem","position":2,"name":"Toninho Cerezo dice que fue despedido por ser el padre de la modelo trans Lea T"}]},{"@type":"WebSite","@id":"https:\/\/gay.blog.br\/es\/#website","url":"https:\/\/gay.blog.br\/es\/","name":"GAY BLOG BR @gayblogbr","description":"Not\u00edcias que empoderam e\/ou entret\u00eam s\u00e3o especialidades da casa","publisher":{"@id":"https:\/\/gay.blog.br\/es\/#organization"},"potentialAction":[{"@type":"SearchAction","target":{"@type":"EntryPoint","urlTemplate":"https:\/\/gay.blog.br\/es\/?s={search_term_string}"},"query-input":{"@type":"PropertyValueSpecification","valueRequired":true,"valueName":"search_term_string"}}],"inLanguage":"es"},{"@type":"Organization","@id":"https:\/\/gay.blog.br\/es\/#organization","name":"GAY BLOG BR","url":"https:\/\/gay.blog.br\/es\/","logo":{"@type":"ImageObject","inLanguage":"es","@id":"https:\/\/gay.blog.br\/es\/#\/schema\/logo\/image\/","url":"https:\/\/i0.wp.com\/gay.blog.br\/wp-content\/uploads\/2023\/08\/gay180px.png?fit=272%2C90&ssl=1","contentUrl":"https:\/\/i0.wp.com\/gay.blog.br\/wp-content\/uploads\/2023\/08\/gay180px.png?fit=272%2C90&ssl=1","width":272,"height":90,"caption":"GAY BLOG BR"},"image":{"@id":"https:\/\/gay.blog.br\/es\/#\/schema\/logo\/image\/"},"sameAs":["https:\/\/facebook.com\/gayblogbr","https:\/\/x.com\/gayblogbr","https:\/\/instagram.com\/gayblogbr","https:\/\/www.linkedin.com\/company\/gayblogbr\/","https:\/\/br.pinterest.com\/gayblogbr\/","https:\/\/www.youtube.com\/channel\/UCdEu3JXLOB-wvWAVUF4AIiA","https:\/\/pt.wikipedia.org\/wiki\/Gay_Blog_Br","https:\/\/www.threads.net\/@gayblogbr"]},{"@type":"Person","@id":"https:\/\/gay.blog.br\/es\/#\/schema\/person\/5e0cf06e5d5e166b6afeaefc7fc56d9d","name":"Victor Miller","image":{"@type":"ImageObject","inLanguage":"es","@id":"https:\/\/secure.gravatar.com\/avatar\/7c1fad0dcba879f76a2e6b9189cea981c8fcb9c7e6f40d5903cf16ba29cb80b5?s=96&d=mm&r=g","url":"https:\/\/secure.gravatar.com\/avatar\/7c1fad0dcba879f76a2e6b9189cea981c8fcb9c7e6f40d5903cf16ba29cb80b5?s=96&d=mm&r=g","contentUrl":"https:\/\/secure.gravatar.com\/avatar\/7c1fad0dcba879f76a2e6b9189cea981c8fcb9c7e6f40d5903cf16ba29cb80b5?s=96&d=mm&r=g","caption":"Victor Miller"},"description":"Jornalista formado pela PUC do Rio de Janeiro, dedicou sua vida a falar sobre cultura nerd\/geek. Gay desde que se entende por gente, sempre teve desejo de trabalhar com o p\u00fablico LGBT+ e cr\u00ea que a informa\u00e7\u00e3o \u00e9 a a melhor arma contra qualquer tipo de \"fobia\"","sameAs":["https:\/\/gay.blog.br\/author\/victormiller\/","https:\/\/www.facebook.com\/victormillerreal","https:\/\/instagram.com\/victormillermiranda","https:\/\/www.linkedin.com\/in\/victor-miller-266b54a7\/","https:\/\/x.com\/https:\/\/twitter.com\/victor_miller","https:\/\/www.youtube.com\/user\/planetasonic"],"url":"https:\/\/gay.blog.br\/es\/author\/victormiller\/"}]}},"jetpack_publicize_connections":[],"jetpack_featured_media_url":"https:\/\/i0.wp.com\/gay.blog.br\/wp-content\/uploads\/2021\/03\/toninho_cerezo.jpg?fit=1280%2C720&ssl=1","jetpack_sharing_enabled":true,"jetpack_shortlink":"https:\/\/wp.me\/p6klkK-uhD","jetpack_likes_enabled":false,"amp_enabled":true,"_links":{"self":[{"href":"https:\/\/gay.blog.br\/es\/wp-json\/wp\/v2\/posts\/116413","targetHints":{"allow":["GET"]}}],"collection":[{"href":"https:\/\/gay.blog.br\/es\/wp-json\/wp\/v2\/posts"}],"about":[{"href":"https:\/\/gay.blog.br\/es\/wp-json\/wp\/v2\/types\/post"}],"author":[{"embeddable":true,"href":"https:\/\/gay.blog.br\/es\/wp-json\/wp\/v2\/users\/3515"}],"replies":[{"embeddable":true,"href":"https:\/\/gay.blog.br\/es\/wp-json\/wp\/v2\/comments?post=116413"}],"version-history":[{"count":0,"href":"https:\/\/gay.blog.br\/es\/wp-json\/wp\/v2\/posts\/116413\/revisions"}],"wp:featuredmedia":[{"embeddable":true,"href":"https:\/\/gay.blog.br\/es\/wp-json\/wp\/v2\/media\/116281"}],"wp:attachment":[{"href":"https:\/\/gay.blog.br\/es\/wp-json\/wp\/v2\/media?parent=116413"}],"wp:term":[{"taxonomy":"category","embeddable":true,"href":"https:\/\/gay.blog.br\/es\/wp-json\/wp\/v2\/categories?post=116413"},{"taxonomy":"post_tag","embeddable":true,"href":"https:\/\/gay.blog.br\/es\/wp-json\/wp\/v2\/tags?post=116413"}],"curies":[{"name":"wp","href":"https:\/\/api.w.org\/{rel}","templated":true}]}}