{"id":119076,"date":"2021-04-07T13:07:21","date_gmt":"2021-04-07T16:07:21","guid":{"rendered":"https:\/\/gay.blog.br\/?p=119076"},"modified":"2021-04-12T23:09:09","modified_gmt":"2021-04-13T02:09:09","slug":"muestra-de-cine-scruff-llega-a-los-paises-hispanos-de-america-latina","status":"publish","type":"post","link":"https:\/\/gay.blog.br\/es\/scruff-es\/muestra-de-cine-scruff-llega-a-los-paises-hispanos-de-america-latina\/","title":{"rendered":"Muestra de cine SCRUFF llega a los pa\u00edses hispanos de Am\u00e9rica Latina"},"content":{"rendered":"<p style=\"text-align: justify;\">En marzo, como incentivo al aislamiento social, <a href=\"https:\/\/scruff.app.link\/Gayblog_br_Press\"><strong>SCRUFF<\/strong><\/a> realiz\u00f3 en Brasil el <a href=\"https:\/\/gay.blog.br\/scruff\/scruff-apresenta-mostra-gratuita-de-curtas-lgbt-brasileiros-curta-woofs\/\"><strong>Curta Woofs<\/strong><\/a>, su primer festival de cine gratuito dentro de la propia aplicaci\u00f3n. Con la curadur\u00eda de Andr\u00e9 Fischer, fundador del Festival Mix Brasil, se pusieron a disposici\u00f3n de todos los usuarios ocho cortometrajes nacionales y sumaron m\u00e1s de 50 mil visualizaciones.<\/p>\n<p style=\"text-align: justify;\"><em>\u201cMuchos de los festivales que brindan acceso gratuito a las pel\u00edculas funcionan con un l\u00edmite de 2.000 proyecciones por cada obra &#8211; y una gran parte no llega a ese n\u00famero. 50 mil espectadores para 8 cortometrajes, un promedio de 6.250 por cortometraje, es un \u00e9xito\u00bb<\/em>, celebr\u00f3 Fischer.<\/p>\n<figure id=\"attachment_118831\" aria-describedby=\"caption-attachment-118831\" style=\"width: 1500px\" class=\"wp-caption aligncenter\"><a href=\"https:\/\/scruff.app.link\/Gayblog_br_Press\"><img data-recalc-dims=\"1\" loading=\"lazy\" decoding=\"async\" class=\"size-full wp-image-118831\" src=\"https:\/\/i0.wp.com\/gay.blog.br\/wp-content\/uploads\/2021\/04\/LA_DISYUNTIVA.jpg?resize=696%2C348&#038;ssl=1\" alt=\"Fotograma de \" width=\"696\" height=\"348\" srcset=\"https:\/\/i0.wp.com\/gay.blog.br\/wp-content\/uploads\/2021\/04\/LA_DISYUNTIVA.jpg?w=1500&amp;ssl=1 1500w, https:\/\/i0.wp.com\/gay.blog.br\/wp-content\/uploads\/2021\/04\/LA_DISYUNTIVA.jpg?resize=300%2C150&amp;ssl=1 300w, https:\/\/i0.wp.com\/gay.blog.br\/wp-content\/uploads\/2021\/04\/LA_DISYUNTIVA.jpg?resize=1024%2C512&amp;ssl=1 1024w, https:\/\/i0.wp.com\/gay.blog.br\/wp-content\/uploads\/2021\/04\/LA_DISYUNTIVA.jpg?resize=150%2C75&amp;ssl=1 150w, https:\/\/i0.wp.com\/gay.blog.br\/wp-content\/uploads\/2021\/04\/LA_DISYUNTIVA.jpg?resize=768%2C384&amp;ssl=1 768w, https:\/\/i0.wp.com\/gay.blog.br\/wp-content\/uploads\/2021\/04\/LA_DISYUNTIVA.jpg?resize=696%2C348&amp;ssl=1 696w, https:\/\/i0.wp.com\/gay.blog.br\/wp-content\/uploads\/2021\/04\/LA_DISYUNTIVA.jpg?resize=1392%2C696&amp;ssl=1 1392w, https:\/\/i0.wp.com\/gay.blog.br\/wp-content\/uploads\/2021\/04\/LA_DISYUNTIVA.jpg?resize=1068%2C534&amp;ssl=1 1068w, https:\/\/i0.wp.com\/gay.blog.br\/wp-content\/uploads\/2021\/04\/LA_DISYUNTIVA.jpg?resize=840%2C420&amp;ssl=1 840w\" sizes=\"auto, (max-width: 696px) 100vw, 696px\" \/><\/a><figcaption id=\"caption-attachment-118831\" class=\"wp-caption-text\">Fotograma de \u00abLa Disyuntiva\u00bb, de Antonio Zucherino &#8211; Divulgaci\u00f3n<\/figcaption><\/figure>\n<p style=\"text-align: justify;\">El programa ahora tiene su versi\u00f3n en espa\u00f1ol a partir del pr\u00f3ximo <strong>jueves 15<\/strong>, para servir a los pa\u00edses de habla hispana de Am\u00e9rica Latina. Bajo el nombre de <strong>\u00abPeque\u00f1os Woofs\u00bb<\/strong>, se incluyen en el line-up ocho cortometrajes LGBT producidos por pa\u00edses vecinos: <strong>\u00abAlbina\u00bb, \u00abBater\u00eda\u00bb, \u00abEmilia\u00bb, \u00abEn Color\u00bb, \u00abLa Disyuntiva\u00bb, \u00abL\u00ednea 9\u00bb. , \u00abPrimavera\u00bb<\/strong> y \u00ab<strong>Thara<\/strong>\u00ab. La edici\u00f3n latina est\u00e1 comisariada por el Festival CU\u00d3RUM Morelia.<\/p>\n<figure id=\"attachment_118835\" aria-describedby=\"caption-attachment-118835\" style=\"width: 1500px\" class=\"wp-caption aligncenter\"><a href=\"https:\/\/scruff.app.link\/Gayblog_br_Press\"><img data-recalc-dims=\"1\" loading=\"lazy\" decoding=\"async\" class=\"size-full wp-image-118835\" src=\"https:\/\/i0.wp.com\/gay.blog.br\/wp-content\/uploads\/2021\/04\/EnCOLOR5.jpg?resize=696%2C348&#038;ssl=1\" alt=\"Fotograma de \" width=\"696\" height=\"348\" srcset=\"https:\/\/i0.wp.com\/gay.blog.br\/wp-content\/uploads\/2021\/04\/EnCOLOR5.jpg?w=1500&amp;ssl=1 1500w, https:\/\/i0.wp.com\/gay.blog.br\/wp-content\/uploads\/2021\/04\/EnCOLOR5.jpg?resize=300%2C150&amp;ssl=1 300w, https:\/\/i0.wp.com\/gay.blog.br\/wp-content\/uploads\/2021\/04\/EnCOLOR5.jpg?resize=1024%2C512&amp;ssl=1 1024w, https:\/\/i0.wp.com\/gay.blog.br\/wp-content\/uploads\/2021\/04\/EnCOLOR5.jpg?resize=150%2C75&amp;ssl=1 150w, https:\/\/i0.wp.com\/gay.blog.br\/wp-content\/uploads\/2021\/04\/EnCOLOR5.jpg?resize=768%2C384&amp;ssl=1 768w, https:\/\/i0.wp.com\/gay.blog.br\/wp-content\/uploads\/2021\/04\/EnCOLOR5.jpg?resize=696%2C348&amp;ssl=1 696w, https:\/\/i0.wp.com\/gay.blog.br\/wp-content\/uploads\/2021\/04\/EnCOLOR5.jpg?resize=1392%2C696&amp;ssl=1 1392w, https:\/\/i0.wp.com\/gay.blog.br\/wp-content\/uploads\/2021\/04\/EnCOLOR5.jpg?resize=1068%2C534&amp;ssl=1 1068w, https:\/\/i0.wp.com\/gay.blog.br\/wp-content\/uploads\/2021\/04\/EnCOLOR5.jpg?resize=840%2C420&amp;ssl=1 840w\" sizes=\"auto, (max-width: 696px) 100vw, 696px\" \/><\/a><figcaption id=\"caption-attachment-118835\" class=\"wp-caption-text\">Fotograma de \u00abEn Color\u00bb, de James Lucas &#8211; Reproducci\u00f3n<\/figcaption><\/figure>\n<p style=\"text-align: justify;\">Los cortometrajes seleccionados denotan la fascinaci\u00f3n por la preocupaci\u00f3n de los cineastas <em>queer<\/em> por reinventar la representaci\u00f3n y capturar la multiplicidad de experiencias comunitarias en sus pasiones fugaces, el amor no correspondido y su necesidad de libertad. Por un lado, una mirada curiosa a la intimidad gay reconocible en Am\u00e9rica Latina a trav\u00e9s del crucero: desde el metro de la Ciudad de M\u00e9xico (\u00abL\u00ednea 9\u00bb), hasta las ruinas de una fortaleza militar en La Habana, Cuba (\u00abBater\u00eda\u00bb) o en el en medio de la naturaleza de alg\u00fan lugar argentino (\u00abLa Disyuntiva\u00bb). Y, por otro lado, cortometrajes que nos transportan al melodrama que nos caracteriza y que nos hacen sentir la tensi\u00f3n sexual que surge cuando no somos correspondidos por nuestra pasi\u00f3n (\u00abIn Color\u00bb, \u00abPrimavera\u00bb). Historias que muestran a mujeres cis y trans en constante movimiento, a trav\u00e9s de quienes trabajan con el cuerpo (\u00abAlbina\u00bb), desvelan apariencias (\u00abEm\u00edlia\u00bb) y luchan por su identidad (\u00abThara\u00bb). Una selecci\u00f3n de cortometrajes que revela una comunidad intensamente diversa y en constante cambio.<\/p>\n<h2 style=\"text-align: justify;\"><strong>PEL\u00cdCULAS<\/strong><\/h2>\n<h3 style=\"text-align: justify;\"><strong>\u00abALBINA\u00bb (2017)<\/strong>, de Domingo Pablo Ort\u00edz &#8211; M\u00e9xico &#8211; 6&#8242;<\/h3>\n<p style=\"text-align: justify;\"><em>Un auto se mueve lentamente y busca a una persona de la noche con un vestido ajustado listo para llenar de placer el cuerpo del otro. \u00bfQui\u00e9n conduce este coche? \u00bfPor qu\u00e9 se detiene frente a ella?<\/em><\/p>\n<p><iframe loading=\"lazy\" title=\"Albina (2017) trailer\" src=\"https:\/\/player.vimeo.com\/video\/472740176?dnt=1&amp;app_id=122963\" width=\"696\" height=\"392\" frameborder=\"0\" allow=\"autoplay; fullscreen; picture-in-picture; clipboard-write\"><\/iframe><\/p>\n<h3 style=\"text-align: justify;\"><strong>\u00abBATER\u00cdA\u00bb (2016)<\/strong>, de Dami\u00e1n Sainz &#8211; Cuba &#8211; 15&#8242;<\/h3>\n<p style=\"text-align: justify;\"><em>Las ruinas de una antigua fortaleza militar en La Habana se han convertido en un lugar subterr\u00e1neo para el crucero gay, as\u00ed como en una cultura de resistencia y socializaci\u00f3n.<\/em><\/p>\n<p><iframe loading=\"lazy\" title=\"Bater\u00eda tr\u00e1iler\" src=\"https:\/\/player.vimeo.com\/video\/218082948?dnt=1&amp;app_id=122963\" width=\"696\" height=\"392\" frameborder=\"0\" allow=\"autoplay; fullscreen; picture-in-picture; clipboard-write\"><\/iframe><\/p>\n<h3 style=\"text-align: justify;\"><strong>\u00abEN COLOR\u00bb (2019)<\/strong>, de James Lucas &#8211; M\u00e9xico &#8211; 15&#8242;<\/h3>\n<p style=\"text-align: justify;\"><em>Se trata de un cortometraje musical que revela la complicidad del amor, el peso de los secretos, y tambi\u00e9n las diferentes etapas de la pasi\u00f3n, as\u00ed como el dif\u00edcil aprendizaje del desapego.<\/em><\/p>\n<p><span class=\"embed-youtube\" style=\"text-align:center; display: block;\"><iframe loading=\"lazy\" class=\"youtube-player\" width=\"696\" height=\"392\" src=\"https:\/\/www.youtube.com\/embed\/Jx4iXDye67g?version=3&#038;rel=1&#038;showsearch=0&#038;showinfo=1&#038;iv_load_policy=1&#038;fs=1&#038;hl=es-ES&#038;autohide=2&#038;wmode=transparent\" allowfullscreen=\"true\" style=\"border:0;\" sandbox=\"allow-scripts allow-same-origin allow-popups allow-presentation allow-popups-to-escape-sandbox\"><\/iframe><\/span><\/p>\n<h3 style=\"text-align: justify;\"><strong>\u00abEMILIA\u00bb (2019)<\/strong>, de Diego Lomel\u00edn &#8211; M\u00e9xico &#8211; 14&#8242;<\/h3>\n<p style=\"text-align: justify;\"><em>Emilia llega al cumplea\u00f1os de su amiga Ana y, mientras se siente inc\u00f3moda con los invitados. Su curiosidad le har\u00e1 descubrir un secreto que guarda esta familia \u00abperfecta\u00bb.<\/em><\/p>\n<p><span class=\"embed-youtube\" style=\"text-align:center; display: block;\"><iframe loading=\"lazy\" class=\"youtube-player\" width=\"696\" height=\"392\" src=\"https:\/\/www.youtube.com\/embed\/z-OSv6QhuzA?version=3&#038;rel=1&#038;showsearch=0&#038;showinfo=1&#038;iv_load_policy=1&#038;fs=1&#038;hl=es-ES&#038;autohide=2&#038;wmode=transparent\" allowfullscreen=\"true\" style=\"border:0;\" sandbox=\"allow-scripts allow-same-origin allow-popups allow-presentation allow-popups-to-escape-sandbox\"><\/iframe><\/span><\/p>\n<h3 style=\"text-align: justify;\"><strong>\u00abLA DISYUNTIVA\u00bb (2017)<\/strong>, de Antonio Zucherino &#8211; Argentina &#8211; 13&#8242;<\/h3>\n<p style=\"text-align: justify;\"><em>Dos hombres caminan por un camino de tierra, entre grandes \u00e1rboles y malezas. Uno sigue al otro: ambos inspeccionan el sitio. Despu\u00e9s de un tiempo, se detienen en medio del follaje.<\/em><\/p>\n<p><a href=\"https:\/\/vimeo.com\/291313299\" rel=\"nofollow\">https:\/\/vimeo.com\/291313299<\/a><\/p>\n<h3 style=\"text-align: justify;\"><strong>\u00abL\u00cdNEA 9\u00bb (2016)<\/strong>, de Tavo Ruiz &#8211; M\u00e9xico &#8211; 16&#8242;<\/h3>\n<p style=\"text-align: justify;\"><em>En una ciudad donde el movimiento es siempre continuo como los viajes del metro, los caminos de Andr\u00e9s y Miguel se cruzan. Todo parece indicar que este es el comienzo de una nueva novela, pero Andr\u00e9s no sabe qu\u00e9 camino tomar. <\/em><\/p>\n<p><span class=\"embed-youtube\" style=\"text-align:center; display: block;\"><iframe loading=\"lazy\" class=\"youtube-player\" width=\"696\" height=\"392\" src=\"https:\/\/www.youtube.com\/embed\/ZU_DM56h41o?version=3&#038;rel=1&#038;showsearch=0&#038;showinfo=1&#038;iv_load_policy=1&#038;fs=1&#038;hl=es-ES&#038;autohide=2&#038;wmode=transparent\" allowfullscreen=\"true\" style=\"border:0;\" sandbox=\"allow-scripts allow-same-origin allow-popups allow-presentation allow-popups-to-escape-sandbox\"><\/iframe><\/span><\/p>\n<h3 style=\"text-align: justify;\"><strong>\u00abPrimavera\u00bb (2018)<\/strong>, de Rafael Ru\u00edz Espejo &#8211; M\u00e9xico &#8211; 14&#8242;<\/h3>\n<p style=\"text-align: justify;\"><em>Fernando se siente atra\u00eddo por su mejor amigo. Juntos, escapan de la escuela para acampar en el bosque.<\/em><\/p>\n<p><iframe loading=\"lazy\" title=\"Primavera Trailer\" src=\"https:\/\/player.vimeo.com\/video\/283233939?dnt=1&amp;app_id=122963\" width=\"696\" height=\"367\" frameborder=\"0\" allow=\"autoplay; fullscreen; picture-in-picture; clipboard-write\"><\/iframe><\/p>\n<h3 style=\"text-align: justify;\"><strong>\u00abTHARA\u00bb (2018)<\/strong>, de Paco Ram\u00edrez &#8211; M\u00e9xico-Honduras &#8211; 14&#8242;<\/h3>\n<p style=\"text-align: justify;\"><em>Thara es una mujer trans y trabajadora sexual que vive en Honduras. A pesar de los prejuicios y la violencia, arriesga todo para ser ella misma, incluso ante los peligros que acechan en la noche. <\/em><\/p>\n<p><span class=\"embed-youtube\" style=\"text-align:center; display: block;\"><iframe loading=\"lazy\" class=\"youtube-player\" width=\"696\" height=\"392\" src=\"https:\/\/www.youtube.com\/embed\/oakg9oPh9Vk?version=3&#038;rel=1&#038;showsearch=0&#038;showinfo=1&#038;iv_load_policy=1&#038;fs=1&#038;hl=es-ES&#038;autohide=2&#038;wmode=transparent\" allowfullscreen=\"true\" style=\"border:0;\" sandbox=\"allow-scripts allow-same-origin allow-popups allow-presentation allow-popups-to-escape-sandbox\"><\/iframe><\/span><\/p>\n<p style=\"text-align: justify;\">Las pel\u00edculas, a las que se puede acceder de forma gratuita a trav\u00e9s de la pesta\u00f1a <strong>\u00abEventos\u00bb en la aplicaci\u00f3n <a href=\"https:\/\/scruff.app.link\/Gayblog_br_Press\">SCRUFF<\/a><\/strong>, est\u00e1n disponibles durante 30 d\u00edas en los pa\u00edses latinos de habla hispana. <strong>SCRUFF<\/strong> est\u00e1 disponible en <a href=\"https:\/\/scruff.app.link\/Gayblog_br_Press\">App Store<\/a> y <a href=\"https:\/\/scruff.app.link\/Gayblog_br_Press\">Google Play.<\/a><\/p>\n","protected":false},"excerpt":{"rendered":"<p>Bajo el t\u00edtulo \u00abPeque\u00f1os Woofs\u00bb, la exposici\u00f3n \u00abCurta Woofs\u00bb versi\u00f3n latina con otros ocho cortometrajes seleccionados por el Festival CU\u00d3RUM Morelia<\/p>\n","protected":false},"author":2,"featured_media":118837,"comment_status":"open","ping_status":"open","sticky":false,"template":"","format":"standard","meta":{"googlesitekit_rrm_CAoiEBg-BXrJeACjO8p49SE4kTY:productID":"","tdm_status":"","tdm_grid_status":"","_jetpack_newsletter_access":"","_jetpack_dont_email_post_to_subs":false,"_jetpack_newsletter_tier_id":0,"_jetpack_memberships_contains_paywalled_content":false,"_jetpack_memberships_contains_paid_content":false,"footnotes":"","jetpack_publicize_message":"Muestra de cine SCRUFF @scrufflatino llega a los pa\u00edses hispanos de Am\u00e9rica Latina","jetpack_publicize_feature_enabled":true,"jetpack_social_post_already_shared":true,"jetpack_social_options":{"image_generator_settings":{"template":"highway","default_image_id":0,"font":"","enabled":false},"version":2},"_wpas_customize_per_network":false,"jetpack_post_was_ever_published":false},"categories":[589933695],"tags":[589938736,589917395,934259,232047,589938737,597,589937715,589938738,589938739,589928429,25502,589938740,589938741,589938735,589919524,589938742],"class_list":{"0":"post-119076","1":"post","2":"type-post","3":"status-publish","4":"format-standard","5":"has-post-thumbnail","7":"category-scruff-es","8":"tag-albina","9":"tag-america-latina","10":"tag-aplicativo","11":"tag-app","12":"tag-bateria","13":"tag-cinema","14":"tag-curta-woofs","15":"tag-emilia","16":"tag-en-color","17":"tag-festival-de-cinema","18":"tag-gratis","19":"tag-la-disyuntiva","20":"tag-linea-9","21":"tag-pequenos-woofs","22":"tag-primavera","23":"tag-thara"},"yoast_head":"<!-- This site is optimized with the Yoast SEO plugin v27.5 - https:\/\/yoast.com\/product\/yoast-seo-wordpress\/ -->\n<title>Muestra de cine SCRUFF llega a los pa\u00edses hispanos de Am\u00e9rica Latina<\/title>\n<meta name=\"description\" content=\"Bajo el t\u00edtulo &quot;Peque\u00f1os Woofs&quot;, la muestra &quot;Curta Woofs&quot; versi\u00f3n latina con otros ocho cortometrajes seleccionados por el Festival CU\u00d3RUM Morelia\" \/>\n<meta name=\"robots\" content=\"index, follow, max-snippet:-1, max-image-preview:large, max-video-preview:-1\" \/>\n<link rel=\"canonical\" href=\"https:\/\/gay.blog.br\/es\/scruff-es\/muestra-de-cine-scruff-llega-a-los-paises-hispanos-de-america-latina\/\" \/>\n<meta property=\"og:locale\" content=\"es_ES\" \/>\n<meta property=\"og:type\" content=\"article\" \/>\n<meta property=\"og:title\" content=\"Muestra de cine SCRUFF llega a los pa\u00edses hispanos de Am\u00e9rica Latina\" \/>\n<meta property=\"og:description\" content=\"Bajo el t\u00edtulo &quot;Peque\u00f1os Woofs&quot;, la muestra &quot;Curta Woofs&quot; versi\u00f3n latina con otros ocho cortometrajes seleccionados por el Festival CU\u00d3RUM Morelia\" \/>\n<meta property=\"og:url\" content=\"https:\/\/gay.blog.br\/es\/scruff-es\/muestra-de-cine-scruff-llega-a-los-paises-hispanos-de-america-latina\/\" \/>\n<meta property=\"og:site_name\" content=\"GAY BLOG BR @gayblogbr\" \/>\n<meta property=\"article:publisher\" content=\"https:\/\/facebook.com\/gayblogbr\" \/>\n<meta property=\"article:author\" content=\"https:\/\/facebook.com\/gayblogbr\" \/>\n<meta property=\"article:published_time\" content=\"2021-04-07T16:07:21+00:00\" \/>\n<meta property=\"article:modified_time\" content=\"2021-04-13T02:09:09+00:00\" \/>\n<meta property=\"og:image\" content=\"https:\/\/i0.wp.com\/gay.blog.br\/wp-content\/uploads\/2021\/04\/EnCOLOR5.jpg?fit=1500%2C750&ssl=1\" \/>\n\t<meta property=\"og:image:width\" content=\"1500\" \/>\n\t<meta property=\"og:image:height\" content=\"750\" \/>\n\t<meta property=\"og:image:type\" content=\"image\/jpeg\" \/>\n<meta name=\"author\" content=\"www.gay.blog.br\" \/>\n<meta name=\"twitter:card\" content=\"summary_large_image\" \/>\n<meta name=\"twitter:creator\" content=\"@https:\/\/bsky.app\/profile\/gayblogbr.bsky.social\" \/>\n<meta name=\"twitter:site\" content=\"@gayblogbr\" \/>\n<meta name=\"twitter:label1\" content=\"Escrito por\" \/>\n\t<meta name=\"twitter:data1\" content=\"www.gay.blog.br\" \/>\n\t<meta name=\"twitter:label2\" content=\"Tiempo de lectura\" \/>\n\t<meta name=\"twitter:data2\" content=\"4 minutos\" \/>\n<script type=\"application\/ld+json\" class=\"yoast-schema-graph\">{\"@context\":\"https:\\\/\\\/schema.org\",\"@graph\":[{\"@type\":\"Article\",\"@id\":\"https:\\\/\\\/gay.blog.br\\\/es\\\/scruff-es\\\/muestra-de-cine-scruff-llega-a-los-paises-hispanos-de-america-latina\\\/#article\",\"isPartOf\":{\"@id\":\"https:\\\/\\\/gay.blog.br\\\/es\\\/scruff-es\\\/muestra-de-cine-scruff-llega-a-los-paises-hispanos-de-america-latina\\\/\"},\"author\":{\"name\":\"www.gay.blog.br\",\"@id\":\"https:\\\/\\\/gay.blog.br\\\/es\\\/#\\\/schema\\\/person\\\/ab4bce68ee54b8f4af5c174efe7472e5\"},\"headline\":\"Muestra de cine SCRUFF llega a los pa\u00edses hispanos de Am\u00e9rica Latina\",\"datePublished\":\"2021-04-07T16:07:21+00:00\",\"dateModified\":\"2021-04-13T02:09:09+00:00\",\"mainEntityOfPage\":{\"@id\":\"https:\\\/\\\/gay.blog.br\\\/es\\\/scruff-es\\\/muestra-de-cine-scruff-llega-a-los-paises-hispanos-de-america-latina\\\/\"},\"wordCount\":841,\"commentCount\":0,\"publisher\":{\"@id\":\"https:\\\/\\\/gay.blog.br\\\/es\\\/#organization\"},\"image\":{\"@id\":\"https:\\\/\\\/gay.blog.br\\\/es\\\/scruff-es\\\/muestra-de-cine-scruff-llega-a-los-paises-hispanos-de-america-latina\\\/#primaryimage\"},\"thumbnailUrl\":\"https:\\\/\\\/i0.wp.com\\\/gay.blog.br\\\/wp-content\\\/uploads\\\/2021\\\/04\\\/EnCOLOR5.jpg?fit=1500%2C750&ssl=1\",\"keywords\":[\"Albina\",\"am\u00e9rica latina\",\"aplicativo\",\"app\",\"Bater\u00eda\",\"cinema\",\"Curta Woofs\",\"Emilia\",\"En Color\",\"festival de cinema\",\"gr\u00e1tis\",\"La Disyuntiva\",\"L\u00ednea 9\",\"Peque\u00f1os Woofs\",\"primavera\",\"thara\"],\"articleSection\":[\"SCRUFF\"],\"inLanguage\":\"es\",\"potentialAction\":[{\"@type\":\"CommentAction\",\"name\":\"Comment\",\"target\":[\"https:\\\/\\\/gay.blog.br\\\/es\\\/scruff-es\\\/muestra-de-cine-scruff-llega-a-los-paises-hispanos-de-america-latina\\\/#respond\"]}]},{\"@type\":\"WebPage\",\"@id\":\"https:\\\/\\\/gay.blog.br\\\/es\\\/scruff-es\\\/muestra-de-cine-scruff-llega-a-los-paises-hispanos-de-america-latina\\\/\",\"url\":\"https:\\\/\\\/gay.blog.br\\\/es\\\/scruff-es\\\/muestra-de-cine-scruff-llega-a-los-paises-hispanos-de-america-latina\\\/\",\"name\":\"Muestra de cine SCRUFF llega a los pa\u00edses hispanos de Am\u00e9rica Latina\",\"isPartOf\":{\"@id\":\"https:\\\/\\\/gay.blog.br\\\/es\\\/#website\"},\"primaryImageOfPage\":{\"@id\":\"https:\\\/\\\/gay.blog.br\\\/es\\\/scruff-es\\\/muestra-de-cine-scruff-llega-a-los-paises-hispanos-de-america-latina\\\/#primaryimage\"},\"image\":{\"@id\":\"https:\\\/\\\/gay.blog.br\\\/es\\\/scruff-es\\\/muestra-de-cine-scruff-llega-a-los-paises-hispanos-de-america-latina\\\/#primaryimage\"},\"thumbnailUrl\":\"https:\\\/\\\/i0.wp.com\\\/gay.blog.br\\\/wp-content\\\/uploads\\\/2021\\\/04\\\/EnCOLOR5.jpg?fit=1500%2C750&ssl=1\",\"datePublished\":\"2021-04-07T16:07:21+00:00\",\"dateModified\":\"2021-04-13T02:09:09+00:00\",\"description\":\"Bajo el t\u00edtulo \\\"Peque\u00f1os Woofs\\\", la muestra \\\"Curta Woofs\\\" versi\u00f3n latina con otros ocho cortometrajes seleccionados por el Festival CU\u00d3RUM Morelia\",\"breadcrumb\":{\"@id\":\"https:\\\/\\\/gay.blog.br\\\/es\\\/scruff-es\\\/muestra-de-cine-scruff-llega-a-los-paises-hispanos-de-america-latina\\\/#breadcrumb\"},\"inLanguage\":\"es\",\"potentialAction\":[{\"@type\":\"ReadAction\",\"target\":[\"https:\\\/\\\/gay.blog.br\\\/es\\\/scruff-es\\\/muestra-de-cine-scruff-llega-a-los-paises-hispanos-de-america-latina\\\/\"]}]},{\"@type\":\"ImageObject\",\"inLanguage\":\"es\",\"@id\":\"https:\\\/\\\/gay.blog.br\\\/es\\\/scruff-es\\\/muestra-de-cine-scruff-llega-a-los-paises-hispanos-de-america-latina\\\/#primaryimage\",\"url\":\"https:\\\/\\\/i0.wp.com\\\/gay.blog.br\\\/wp-content\\\/uploads\\\/2021\\\/04\\\/EnCOLOR5.jpg?fit=1500%2C750&ssl=1\",\"contentUrl\":\"https:\\\/\\\/i0.wp.com\\\/gay.blog.br\\\/wp-content\\\/uploads\\\/2021\\\/04\\\/EnCOLOR5.jpg?fit=1500%2C750&ssl=1\",\"width\":1500,\"height\":750,\"caption\":\"Frame de \\\"En Color\\\", de James Lucas - Reprodu\u00e7\u00e3o\"},{\"@type\":\"BreadcrumbList\",\"@id\":\"https:\\\/\\\/gay.blog.br\\\/es\\\/scruff-es\\\/muestra-de-cine-scruff-llega-a-los-paises-hispanos-de-america-latina\\\/#breadcrumb\",\"itemListElement\":[{\"@type\":\"ListItem\",\"position\":1,\"name\":\"In\u00edcio\",\"item\":\"https:\\\/\\\/gay.blog.br\\\/es\\\/\"},{\"@type\":\"ListItem\",\"position\":2,\"name\":\"Muestra de cine SCRUFF llega a los pa\u00edses hispanos de Am\u00e9rica Latina\"}]},{\"@type\":\"WebSite\",\"@id\":\"https:\\\/\\\/gay.blog.br\\\/es\\\/#website\",\"url\":\"https:\\\/\\\/gay.blog.br\\\/es\\\/\",\"name\":\"GAY BLOG BR @gayblogbr\",\"description\":\"Not\u00edcias que empoderam e\\\/ou entret\u00eam s\u00e3o especialidades da casa\",\"publisher\":{\"@id\":\"https:\\\/\\\/gay.blog.br\\\/es\\\/#organization\"},\"potentialAction\":[{\"@type\":\"SearchAction\",\"target\":{\"@type\":\"EntryPoint\",\"urlTemplate\":\"https:\\\/\\\/gay.blog.br\\\/es\\\/?s={search_term_string}\"},\"query-input\":{\"@type\":\"PropertyValueSpecification\",\"valueRequired\":true,\"valueName\":\"search_term_string\"}}],\"inLanguage\":\"es\"},{\"@type\":\"Organization\",\"@id\":\"https:\\\/\\\/gay.blog.br\\\/es\\\/#organization\",\"name\":\"GAY BLOG BR\",\"url\":\"https:\\\/\\\/gay.blog.br\\\/es\\\/\",\"logo\":{\"@type\":\"ImageObject\",\"inLanguage\":\"es\",\"@id\":\"https:\\\/\\\/gay.blog.br\\\/es\\\/#\\\/schema\\\/logo\\\/image\\\/\",\"url\":\"https:\\\/\\\/i0.wp.com\\\/gay.blog.br\\\/wp-content\\\/uploads\\\/2023\\\/08\\\/gay180px.png?fit=272%2C90&ssl=1\",\"contentUrl\":\"https:\\\/\\\/i0.wp.com\\\/gay.blog.br\\\/wp-content\\\/uploads\\\/2023\\\/08\\\/gay180px.png?fit=272%2C90&ssl=1\",\"width\":272,\"height\":90,\"caption\":\"GAY BLOG BR\"},\"image\":{\"@id\":\"https:\\\/\\\/gay.blog.br\\\/es\\\/#\\\/schema\\\/logo\\\/image\\\/\"},\"sameAs\":[\"https:\\\/\\\/facebook.com\\\/gayblogbr\",\"https:\\\/\\\/x.com\\\/gayblogbr\",\"https:\\\/\\\/instagram.com\\\/gayblogbr\",\"https:\\\/\\\/www.linkedin.com\\\/company\\\/gayblogbr\\\/\",\"https:\\\/\\\/br.pinterest.com\\\/gayblogbr\\\/\",\"https:\\\/\\\/www.youtube.com\\\/channel\\\/UCdEu3JXLOB-wvWAVUF4AIiA\",\"https:\\\/\\\/pt.wikipedia.org\\\/wiki\\\/Gay_Blog_Br\",\"https:\\\/\\\/www.threads.net\\\/@gayblogbr\"]},{\"@type\":\"Person\",\"@id\":\"https:\\\/\\\/gay.blog.br\\\/es\\\/#\\\/schema\\\/person\\\/ab4bce68ee54b8f4af5c174efe7472e5\",\"name\":\"www.gay.blog.br\",\"image\":{\"@type\":\"ImageObject\",\"inLanguage\":\"es\",\"@id\":\"https:\\\/\\\/secure.gravatar.com\\\/avatar\\\/a6fb6bf5c84cdaa375389c43448e2bb88db4600d8fc5be6c42a410789075740f?s=96&d=mm&r=g\",\"url\":\"https:\\\/\\\/secure.gravatar.com\\\/avatar\\\/a6fb6bf5c84cdaa375389c43448e2bb88db4600d8fc5be6c42a410789075740f?s=96&d=mm&r=g\",\"contentUrl\":\"https:\\\/\\\/secure.gravatar.com\\\/avatar\\\/a6fb6bf5c84cdaa375389c43448e2bb88db4600d8fc5be6c42a410789075740f?s=96&d=mm&r=g\",\"caption\":\"www.gay.blog.br\"},\"description\":\"Receba as not\u00edcias pelo Telegram!\",\"sameAs\":[\"https:\\\/\\\/facebook.com\\\/gayblogbr\",\"https:\\\/\\\/instagram.com\\\/gayblogbr\",\"https:\\\/\\\/www.linkedin.com\\\/company\\\/gayblogbr\\\/\",\"https:\\\/\\\/pinterest.com\\\/gayblogbr\\\/\",\"https:\\\/\\\/x.com\\\/https:\\\/\\\/bsky.app\\\/profile\\\/gayblogbr.bsky.social\",\"https:\\\/\\\/www.youtube.com\\\/@GAYBLOGBR\",\"https:\\\/\\\/pt.wikipedia.org\\\/wiki\\\/Gay_Blog_Br\"],\"url\":\"https:\\\/\\\/gay.blog.br\\\/es\\\/author\\\/oaudaznavegante\\\/\"}]}<\/script>\n<!-- \/ Yoast SEO plugin. -->","yoast_head_json":{"title":"Muestra de cine SCRUFF llega a los pa\u00edses hispanos de Am\u00e9rica Latina","description":"Bajo el t\u00edtulo \"Peque\u00f1os Woofs\", la muestra \"Curta Woofs\" versi\u00f3n latina con otros ocho cortometrajes seleccionados por el Festival CU\u00d3RUM Morelia","robots":{"index":"index","follow":"follow","max-snippet":"max-snippet:-1","max-image-preview":"max-image-preview:large","max-video-preview":"max-video-preview:-1"},"canonical":"https:\/\/gay.blog.br\/es\/scruff-es\/muestra-de-cine-scruff-llega-a-los-paises-hispanos-de-america-latina\/","og_locale":"es_ES","og_type":"article","og_title":"Muestra de cine SCRUFF llega a los pa\u00edses hispanos de Am\u00e9rica Latina","og_description":"Bajo el t\u00edtulo \"Peque\u00f1os Woofs\", la muestra \"Curta Woofs\" versi\u00f3n latina con otros ocho cortometrajes seleccionados por el Festival CU\u00d3RUM Morelia","og_url":"https:\/\/gay.blog.br\/es\/scruff-es\/muestra-de-cine-scruff-llega-a-los-paises-hispanos-de-america-latina\/","og_site_name":"GAY BLOG BR @gayblogbr","article_publisher":"https:\/\/facebook.com\/gayblogbr","article_author":"https:\/\/facebook.com\/gayblogbr","article_published_time":"2021-04-07T16:07:21+00:00","article_modified_time":"2021-04-13T02:09:09+00:00","og_image":[{"width":1500,"height":750,"url":"https:\/\/i0.wp.com\/gay.blog.br\/wp-content\/uploads\/2021\/04\/EnCOLOR5.jpg?fit=1500%2C750&ssl=1","type":"image\/jpeg"}],"author":"www.gay.blog.br","twitter_card":"summary_large_image","twitter_creator":"@https:\/\/bsky.app\/profile\/gayblogbr.bsky.social","twitter_site":"@gayblogbr","twitter_misc":{"Escrito por":"www.gay.blog.br","Tiempo de lectura":"4 minutos"},"schema":{"@context":"https:\/\/schema.org","@graph":[{"@type":"Article","@id":"https:\/\/gay.blog.br\/es\/scruff-es\/muestra-de-cine-scruff-llega-a-los-paises-hispanos-de-america-latina\/#article","isPartOf":{"@id":"https:\/\/gay.blog.br\/es\/scruff-es\/muestra-de-cine-scruff-llega-a-los-paises-hispanos-de-america-latina\/"},"author":{"name":"www.gay.blog.br","@id":"https:\/\/gay.blog.br\/es\/#\/schema\/person\/ab4bce68ee54b8f4af5c174efe7472e5"},"headline":"Muestra de cine SCRUFF llega a los pa\u00edses hispanos de Am\u00e9rica Latina","datePublished":"2021-04-07T16:07:21+00:00","dateModified":"2021-04-13T02:09:09+00:00","mainEntityOfPage":{"@id":"https:\/\/gay.blog.br\/es\/scruff-es\/muestra-de-cine-scruff-llega-a-los-paises-hispanos-de-america-latina\/"},"wordCount":841,"commentCount":0,"publisher":{"@id":"https:\/\/gay.blog.br\/es\/#organization"},"image":{"@id":"https:\/\/gay.blog.br\/es\/scruff-es\/muestra-de-cine-scruff-llega-a-los-paises-hispanos-de-america-latina\/#primaryimage"},"thumbnailUrl":"https:\/\/i0.wp.com\/gay.blog.br\/wp-content\/uploads\/2021\/04\/EnCOLOR5.jpg?fit=1500%2C750&ssl=1","keywords":["Albina","am\u00e9rica latina","aplicativo","app","Bater\u00eda","cinema","Curta Woofs","Emilia","En Color","festival de cinema","gr\u00e1tis","La Disyuntiva","L\u00ednea 9","Peque\u00f1os Woofs","primavera","thara"],"articleSection":["SCRUFF"],"inLanguage":"es","potentialAction":[{"@type":"CommentAction","name":"Comment","target":["https:\/\/gay.blog.br\/es\/scruff-es\/muestra-de-cine-scruff-llega-a-los-paises-hispanos-de-america-latina\/#respond"]}]},{"@type":"WebPage","@id":"https:\/\/gay.blog.br\/es\/scruff-es\/muestra-de-cine-scruff-llega-a-los-paises-hispanos-de-america-latina\/","url":"https:\/\/gay.blog.br\/es\/scruff-es\/muestra-de-cine-scruff-llega-a-los-paises-hispanos-de-america-latina\/","name":"Muestra de cine SCRUFF llega a los pa\u00edses hispanos de Am\u00e9rica Latina","isPartOf":{"@id":"https:\/\/gay.blog.br\/es\/#website"},"primaryImageOfPage":{"@id":"https:\/\/gay.blog.br\/es\/scruff-es\/muestra-de-cine-scruff-llega-a-los-paises-hispanos-de-america-latina\/#primaryimage"},"image":{"@id":"https:\/\/gay.blog.br\/es\/scruff-es\/muestra-de-cine-scruff-llega-a-los-paises-hispanos-de-america-latina\/#primaryimage"},"thumbnailUrl":"https:\/\/i0.wp.com\/gay.blog.br\/wp-content\/uploads\/2021\/04\/EnCOLOR5.jpg?fit=1500%2C750&ssl=1","datePublished":"2021-04-07T16:07:21+00:00","dateModified":"2021-04-13T02:09:09+00:00","description":"Bajo el t\u00edtulo \"Peque\u00f1os Woofs\", la muestra \"Curta Woofs\" versi\u00f3n latina con otros ocho cortometrajes seleccionados por el Festival CU\u00d3RUM Morelia","breadcrumb":{"@id":"https:\/\/gay.blog.br\/es\/scruff-es\/muestra-de-cine-scruff-llega-a-los-paises-hispanos-de-america-latina\/#breadcrumb"},"inLanguage":"es","potentialAction":[{"@type":"ReadAction","target":["https:\/\/gay.blog.br\/es\/scruff-es\/muestra-de-cine-scruff-llega-a-los-paises-hispanos-de-america-latina\/"]}]},{"@type":"ImageObject","inLanguage":"es","@id":"https:\/\/gay.blog.br\/es\/scruff-es\/muestra-de-cine-scruff-llega-a-los-paises-hispanos-de-america-latina\/#primaryimage","url":"https:\/\/i0.wp.com\/gay.blog.br\/wp-content\/uploads\/2021\/04\/EnCOLOR5.jpg?fit=1500%2C750&ssl=1","contentUrl":"https:\/\/i0.wp.com\/gay.blog.br\/wp-content\/uploads\/2021\/04\/EnCOLOR5.jpg?fit=1500%2C750&ssl=1","width":1500,"height":750,"caption":"Frame de \"En Color\", de James Lucas - Reprodu\u00e7\u00e3o"},{"@type":"BreadcrumbList","@id":"https:\/\/gay.blog.br\/es\/scruff-es\/muestra-de-cine-scruff-llega-a-los-paises-hispanos-de-america-latina\/#breadcrumb","itemListElement":[{"@type":"ListItem","position":1,"name":"In\u00edcio","item":"https:\/\/gay.blog.br\/es\/"},{"@type":"ListItem","position":2,"name":"Muestra de cine SCRUFF llega a los pa\u00edses hispanos de Am\u00e9rica Latina"}]},{"@type":"WebSite","@id":"https:\/\/gay.blog.br\/es\/#website","url":"https:\/\/gay.blog.br\/es\/","name":"GAY BLOG BR @gayblogbr","description":"Not\u00edcias que empoderam e\/ou entret\u00eam s\u00e3o especialidades da casa","publisher":{"@id":"https:\/\/gay.blog.br\/es\/#organization"},"potentialAction":[{"@type":"SearchAction","target":{"@type":"EntryPoint","urlTemplate":"https:\/\/gay.blog.br\/es\/?s={search_term_string}"},"query-input":{"@type":"PropertyValueSpecification","valueRequired":true,"valueName":"search_term_string"}}],"inLanguage":"es"},{"@type":"Organization","@id":"https:\/\/gay.blog.br\/es\/#organization","name":"GAY BLOG BR","url":"https:\/\/gay.blog.br\/es\/","logo":{"@type":"ImageObject","inLanguage":"es","@id":"https:\/\/gay.blog.br\/es\/#\/schema\/logo\/image\/","url":"https:\/\/i0.wp.com\/gay.blog.br\/wp-content\/uploads\/2023\/08\/gay180px.png?fit=272%2C90&ssl=1","contentUrl":"https:\/\/i0.wp.com\/gay.blog.br\/wp-content\/uploads\/2023\/08\/gay180px.png?fit=272%2C90&ssl=1","width":272,"height":90,"caption":"GAY BLOG BR"},"image":{"@id":"https:\/\/gay.blog.br\/es\/#\/schema\/logo\/image\/"},"sameAs":["https:\/\/facebook.com\/gayblogbr","https:\/\/x.com\/gayblogbr","https:\/\/instagram.com\/gayblogbr","https:\/\/www.linkedin.com\/company\/gayblogbr\/","https:\/\/br.pinterest.com\/gayblogbr\/","https:\/\/www.youtube.com\/channel\/UCdEu3JXLOB-wvWAVUF4AIiA","https:\/\/pt.wikipedia.org\/wiki\/Gay_Blog_Br","https:\/\/www.threads.net\/@gayblogbr"]},{"@type":"Person","@id":"https:\/\/gay.blog.br\/es\/#\/schema\/person\/ab4bce68ee54b8f4af5c174efe7472e5","name":"www.gay.blog.br","image":{"@type":"ImageObject","inLanguage":"es","@id":"https:\/\/secure.gravatar.com\/avatar\/a6fb6bf5c84cdaa375389c43448e2bb88db4600d8fc5be6c42a410789075740f?s=96&d=mm&r=g","url":"https:\/\/secure.gravatar.com\/avatar\/a6fb6bf5c84cdaa375389c43448e2bb88db4600d8fc5be6c42a410789075740f?s=96&d=mm&r=g","contentUrl":"https:\/\/secure.gravatar.com\/avatar\/a6fb6bf5c84cdaa375389c43448e2bb88db4600d8fc5be6c42a410789075740f?s=96&d=mm&r=g","caption":"www.gay.blog.br"},"description":"Receba as not\u00edcias pelo Telegram!","sameAs":["https:\/\/facebook.com\/gayblogbr","https:\/\/instagram.com\/gayblogbr","https:\/\/www.linkedin.com\/company\/gayblogbr\/","https:\/\/pinterest.com\/gayblogbr\/","https:\/\/x.com\/https:\/\/bsky.app\/profile\/gayblogbr.bsky.social","https:\/\/www.youtube.com\/@GAYBLOGBR","https:\/\/pt.wikipedia.org\/wiki\/Gay_Blog_Br"],"url":"https:\/\/gay.blog.br\/es\/author\/oaudaznavegante\/"}]}},"jetpack_publicize_connections":[],"jetpack_featured_media_url":"https:\/\/i0.wp.com\/gay.blog.br\/wp-content\/uploads\/2021\/04\/EnCOLOR5.jpg?fit=1500%2C750&ssl=1","jetpack_sharing_enabled":true,"jetpack_shortlink":"https:\/\/wp.me\/p6klkK-uYA","jetpack_likes_enabled":false,"amp_enabled":true,"_links":{"self":[{"href":"https:\/\/gay.blog.br\/es\/wp-json\/wp\/v2\/posts\/119076","targetHints":{"allow":["GET"]}}],"collection":[{"href":"https:\/\/gay.blog.br\/es\/wp-json\/wp\/v2\/posts"}],"about":[{"href":"https:\/\/gay.blog.br\/es\/wp-json\/wp\/v2\/types\/post"}],"author":[{"embeddable":true,"href":"https:\/\/gay.blog.br\/es\/wp-json\/wp\/v2\/users\/2"}],"replies":[{"embeddable":true,"href":"https:\/\/gay.blog.br\/es\/wp-json\/wp\/v2\/comments?post=119076"}],"version-history":[{"count":0,"href":"https:\/\/gay.blog.br\/es\/wp-json\/wp\/v2\/posts\/119076\/revisions"}],"wp:featuredmedia":[{"embeddable":true,"href":"https:\/\/gay.blog.br\/es\/wp-json\/wp\/v2\/media\/118837"}],"wp:attachment":[{"href":"https:\/\/gay.blog.br\/es\/wp-json\/wp\/v2\/media?parent=119076"}],"wp:term":[{"taxonomy":"category","embeddable":true,"href":"https:\/\/gay.blog.br\/es\/wp-json\/wp\/v2\/categories?post=119076"},{"taxonomy":"post_tag","embeddable":true,"href":"https:\/\/gay.blog.br\/es\/wp-json\/wp\/v2\/tags?post=119076"}],"curies":[{"name":"wp","href":"https:\/\/api.w.org\/{rel}","templated":true}]}}